{"id":41985,"date":"2026-03-17T13:38:34","date_gmt":"2026-03-17T11:38:34","guid":{"rendered":"https:\/\/www.sindicaturabarcelona.cat\/?p=41985"},"modified":"2026-03-17T13:38:35","modified_gmt":"2026-03-17T11:38:35","slug":"sindicatura-greuges-barcelona-mediacio-vallcarca","status":"publish","type":"post","link":"https:\/\/www.sindicaturabarcelona.cat\/ca\/sindicatura-greuges-barcelona-mediacio-vallcarca\/","title":{"rendered":"La Sindicatura conclou la mediaci\u00f3 de Vallcarca amb una proposta de soluci\u00f3 habitacional per a les 28 persones en situaci\u00f3 de vulnerabilitat\u00a0"},"content":{"rendered":"\n<h2 class=\"wp-block-heading\"><strong>D\u2019aquestes, 14 persones ja han acceptat allotjaments a Ciutat Vella, Casa Orsola i Torre Bar\u00f3.\u00a0<\/strong>\u00a0<\/h2>\n\n\n\n<h2 class=\"wp-block-heading\"><strong>El s\u00edndic de Barcelona, David Bondia, valora molt positivament el proc\u00e9s de mediaci\u00f3, que dona per acabat: \u201cHem fet tot all\u00f2 que era possible, fins i tot impossible, per oferir solucions habitacionals a les persones en situaci\u00f3 de vulnerabilitat\u201d. <\/strong>\u00a0<\/h2>\n\n\n\n<p><strong>Barcelona, 17 de mar\u00e7 de 2026 \u2013<\/strong> La Sindicatura de Greuges de Barcelona ha concl\u00f2s el <a href=\"https:\/\/www.sindicaturabarcelona.cat\/ca\/la-sindicatura-de-greuges-de-barcelona-ja-ha-iniciat-el-proces-de-mediacio-per-garantir-una-solucio-dialogada-en-el-cas-de-les-finques-municipals-de-vallcarca\/\">proc\u00e9s de mediaci\u00f3 engegat a petici\u00f3 de l\u2019alcalde, Jaume Collboni,<\/a> per les finques municipals de Vallcarca, on una trentena de persones es trobaven en <strong>risc imminent de desnonament<\/strong>. El resultat de sis mesos de converses liderades pel s\u00edndic, <strong>David Bondia<\/strong>, i iniciades l\u2019octubre del 2025, ha estat una <strong>proposta de soluci\u00f3 habitacional per a les 28 persones<\/strong> que es troben en situaci\u00f3 de vulnerabilitat.<\/p>\n\n\n\n<p>Des que es va posar en marxa la mediaci\u00f3, el s\u00edndic ha mantingut <strong>reunions permanents<\/strong> amb les fam\u00edlies afectades, amb els Serveis Socials, amb el Secretariado Gitano, FAGIC, el Sindicat d\u2019Habitatge de Vallcarca i Som Barri, i ha acompanyat a totes les persones que ho han volgut a visitar les solucions habitacionals proposades, <strong>totes elles situades a la ciutat de Barcelona<\/strong>.<\/p>\n\n\n\n<p>De les 30 persones censades en les finques afectades &#8211;<strong>ubicades a l\u2019avinguda de Vallcarca, 83 \u2013 carrer de Bol\u00edvar, 48; a l\u2019avinguda de Vallcarca, 87 \u2013 carrer de Bol\u00edvar, 54; i, al carrer de Farigola, 3 \u2013 carrer de Cambrils, 1- <\/strong>un total de 28 complien amb els criteris de vulnerabilitat per accedir a aquests recursos. D\u2019aquestes, <strong>14 ja han acceptat l\u2019alternativa habitacional<\/strong> i seran reubicades a Torre Bar\u00f3 (5 persones), a Ciutat Vella (3 persones) i a la Casa Orsola de l\u2019Eixample (6). Aquesta \u00faltima reubicaci\u00f3 \u00e9s d\u2019especial transcend\u00e8ncia, ja que la mediaci\u00f3 de la Sindicatura <a href=\"https:\/\/www.sindicaturabarcelona.cat\/ca\/lajuntament-i-la-fundacio-habitat3-compren-la-casa-orsola\/\">va permetre l\u2019adquisici\u00f3 d\u2019aquest edifici<\/a> amb una inversi\u00f3 municipal m\u00e9s redu\u00efda, recuperant els habitatges per a \u00fas residencial i lloguers assequibles.<\/p>\n\n\n\n<p>Les altres 14 persones que avui dia no han acceptat els recursos continuaran comptant amb l\u2019acompanyament dels serveis socials, per\u00f2 un cop trobades les solucions habitacionals per a totes, la <strong>Sindicatura dona per acabada la mediaci\u00f3<\/strong>. \u201cHem fet tot all\u00f2 que era possible, fins i tot impossible, per oferir solucions habitacionals a les persones en situaci\u00f3 de vulnerabilitat. La mediaci\u00f3 acaba aqu\u00ed, per\u00f2 la Sindicatura continuar\u00e0 en disposici\u00f3 de les persones afectades. A m\u00e9s, s\u2019han bastit ponts perqu\u00e8 un cop acabada, es pugui continuar buscant alternatives habitacionals al marge d\u2019aquesta mediaci\u00f3\u201d, ha declarat Bondia en una atenci\u00f3 als mitjans.<\/p>\n\n\n\n<p>\u201cVeiem de forma molt positiva aquests sis mesos de mediaci\u00f3, perqu\u00e8 <strong>part\u00edem del no-res i hem trobat 28 propostes habitacionals a una ciutat com Barcelona<\/strong>\u201d, ha afegit el s\u00edndic. S\u2019han buscat f\u00f3rmules diferents, per\u00f2 sempre amb una l\u00ednia molt clara: que havien de ser a la ciutat de Barcelona. Tot i aix\u00f2, no s\u2019han pogut trobar alternatives habitacionals al mateix barri: \u201cEns hauria encantat trobar pisos a Vallcarca, per\u00f2 no n\u2019hi havia de disponibles per al perfil de les persones afectades\u201d, ha detallat el s\u00edndic.&nbsp;<\/p>\n\n\n\n<h2 class=\"wp-block-heading\"><strong>Un enc\u00e0rrec directe de l\u2019alcalde<\/strong><\/h2>\n\n\n\n<p>Despr\u00e9s de l\u2019\u00e8xit de la mediaci\u00f3 de la Sindicatura en la trama de la Casa Orsola, on va ser la defensoria qui es va oferir per iniciar el proc\u00e9s, va ser l\u2019alcalde de Barcelona qui va encarregar directament al s\u00edndic la seva intervenci\u00f3 en el cas de Vallcarca. <strong>Durant el temps que ha durat la mediaci\u00f3 iniciada per la defensoria, no s\u2019ha executat cap desnonament <\/strong>dels ve\u00efns i ve\u00efnes de les finques afectades.&nbsp;<\/p>\n\n\n\n<p>Aquesta actuaci\u00f3 s\u2019inscriu en el comprom\u00eds de la Sindicatura de vetllar per l\u2019inter\u00e8s general i els drets i deures de la ciutadania, fomentant una <strong>resoluci\u00f3 dialogada dels reptes i problemes que afecten la conviv\u00e8ncia i la cohesi\u00f3 social<\/strong> a la ciutat.<\/p>\n","protected":false},"excerpt":{"rendered":"<p>D\u2019aquestes, 14 persones ja han acceptat allotjaments a Ciutat Vella, Casa Orsola i Torre Bar\u00f3.\u00a0\u00a0 El s\u00edndic de Barcelona, David Bondia, valora molt positivament el proc\u00e9s de mediaci\u00f3, que dona [&hellip;]<\/p>\n","protected":false},"author":7,"featured_media":41986,"comment_status":"closed","ping_status":"closed","sticky":false,"template":"","format":"standard","meta":{"_acf_changed":false,"footnotes":""},"tags":[],"drets":[1428,1435,1449],"class_list":["post-41985","post","type-post","status-publish","format-standard","has-post-thumbnail","hentry","drets-ciutat-equitativa","drets-dret-a-lhabitatge","drets-dret-a-una-convivencia-pacifica"],"acf":[],"yoast_head":"<!-- This site is optimized with the Yoast SEO plugin v27.5 - https:\/\/yoast.com\/product\/yoast-seo-wordpress\/ -->\n<title>La Sindicatura conclou la mediaci\u00f3 de Vallcarca amb una proposta de soluci\u00f3 habitacional per a les 28 persones en situaci\u00f3 de vulnerabilitat\u00a0 - Sindicatura de Greuges de Barcelona<\/title>\n<meta name=\"description\" content=\"David Bondia, valora molt positivament el proc\u00e9s de mediaci\u00f3, que dona per acabat: \u201cHem fet tot all\u00f2 que era possible, fins i tot impossible, per oferir solucions habitacionals a les persones en situaci\u00f3 de vulnerabilitat\u201d\" \/>\n<meta name=\"robots\" content=\"index, follow, max-snippet:-1, max-image-preview:large, max-video-preview:-1\" \/>\n<link rel=\"canonical\" href=\"https:\/\/www.sindicaturabarcelona.cat\/ca\/sindicatura-greuges-barcelona-mediacio-vallcarca\/\" \/>\n<meta property=\"og:locale\" content=\"ca_ES\" \/>\n<meta property=\"og:type\" content=\"article\" \/>\n<meta property=\"og:title\" content=\"La Sindicatura conclou la mediaci\u00f3 de Vallcarca amb una proposta de soluci\u00f3 habitacional per a les 28 persones en situaci\u00f3 de vulnerabilitat\u00a0 - Sindicatura de Greuges de Barcelona\" \/>\n<meta property=\"og:description\" content=\"David Bondia, valora molt positivament el proc\u00e9s de mediaci\u00f3, que dona per acabat: \u201cHem fet tot all\u00f2 que era possible, fins i tot impossible, per oferir solucions habitacionals a les persones en situaci\u00f3 de vulnerabilitat\u201d\" \/>\n<meta property=\"og:url\" content=\"https:\/\/www.sindicaturabarcelona.cat\/ca\/sindicatura-greuges-barcelona-mediacio-vallcarca\/\" \/>\n<meta property=\"og:site_name\" content=\"Sindicatura de Greuges de Barcelona\" \/>\n<meta property=\"article:published_time\" content=\"2026-03-17T11:38:34+00:00\" \/>\n<meta property=\"article:modified_time\" content=\"2026-03-17T11:38:35+00:00\" \/>\n<meta property=\"og:image\" content=\"https:\/\/www.sindicaturabarcelona.cat\/wp-content\/uploads\/david_bondia-scaled.jpeg\" \/>\n\t<meta property=\"og:image:width\" content=\"2560\" \/>\n\t<meta property=\"og:image:height\" content=\"1910\" \/>\n\t<meta property=\"og:image:type\" content=\"image\/jpeg\" \/>\n<meta name=\"author\" content=\"Carme Rocamora\" \/>\n<meta name=\"twitter:card\" content=\"summary_large_image\" \/>\n<meta name=\"twitter:creator\" content=\"@sindicbarcelona\" \/>\n<meta name=\"twitter:site\" content=\"@sindicbarcelona\" \/>\n<meta name=\"twitter:label1\" content=\"Escrit per\" \/>\n\t<meta name=\"twitter:data1\" content=\"Carme Rocamora\" \/>\n\t<meta name=\"twitter:label2\" content=\"Temps estimat de lectura\" \/>\n\t<meta name=\"twitter:data2\" content=\"1 minut\" \/>\n<script type=\"application\/ld+json\" class=\"yoast-schema-graph\">{\"@context\":\"https:\\\/\\\/schema.org\",\"@graph\":[{\"@type\":\"Article\",\"@id\":\"https:\\\/\\\/www.sindicaturabarcelona.cat\\\/ca\\\/sindicatura-greuges-barcelona-mediacio-vallcarca\\\/#article\",\"isPartOf\":{\"@id\":\"https:\\\/\\\/www.sindicaturabarcelona.cat\\\/ca\\\/sindicatura-greuges-barcelona-mediacio-vallcarca\\\/\"},\"author\":{\"name\":\"Carme Rocamora\",\"@id\":\"https:\\\/\\\/www.sindicaturabarcelona.cat\\\/ca\\\/#\\\/schema\\\/person\\\/0690b05fdcbf9e43b34103e845240789\"},\"headline\":\"La Sindicatura conclou la mediaci\u00f3 de Vallcarca amb una proposta de soluci\u00f3 habitacional per a les 28 persones en situaci\u00f3 de vulnerabilitat\u00a0\",\"datePublished\":\"2026-03-17T11:38:34+00:00\",\"dateModified\":\"2026-03-17T11:38:35+00:00\",\"mainEntityOfPage\":{\"@id\":\"https:\\\/\\\/www.sindicaturabarcelona.cat\\\/ca\\\/sindicatura-greuges-barcelona-mediacio-vallcarca\\\/\"},\"wordCount\":668,\"publisher\":{\"@id\":\"https:\\\/\\\/www.sindicaturabarcelona.cat\\\/ca\\\/#organization\"},\"image\":{\"@id\":\"https:\\\/\\\/www.sindicaturabarcelona.cat\\\/ca\\\/sindicatura-greuges-barcelona-mediacio-vallcarca\\\/#primaryimage\"},\"thumbnailUrl\":\"https:\\\/\\\/www.sindicaturabarcelona.cat\\\/wp-content\\\/uploads\\\/david_bondia-scaled.jpeg\",\"inLanguage\":\"ca\"},{\"@type\":\"WebPage\",\"@id\":\"https:\\\/\\\/www.sindicaturabarcelona.cat\\\/ca\\\/sindicatura-greuges-barcelona-mediacio-vallcarca\\\/\",\"url\":\"https:\\\/\\\/www.sindicaturabarcelona.cat\\\/ca\\\/sindicatura-greuges-barcelona-mediacio-vallcarca\\\/\",\"name\":\"La Sindicatura conclou la mediaci\u00f3 de Vallcarca amb una proposta de soluci\u00f3 habitacional per a les 28 persones en situaci\u00f3 de vulnerabilitat\u00a0 - Sindicatura de Greuges de Barcelona\",\"isPartOf\":{\"@id\":\"https:\\\/\\\/www.sindicaturabarcelona.cat\\\/ca\\\/#website\"},\"primaryImageOfPage\":{\"@id\":\"https:\\\/\\\/www.sindicaturabarcelona.cat\\\/ca\\\/sindicatura-greuges-barcelona-mediacio-vallcarca\\\/#primaryimage\"},\"image\":{\"@id\":\"https:\\\/\\\/www.sindicaturabarcelona.cat\\\/ca\\\/sindicatura-greuges-barcelona-mediacio-vallcarca\\\/#primaryimage\"},\"thumbnailUrl\":\"https:\\\/\\\/www.sindicaturabarcelona.cat\\\/wp-content\\\/uploads\\\/david_bondia-scaled.jpeg\",\"datePublished\":\"2026-03-17T11:38:34+00:00\",\"dateModified\":\"2026-03-17T11:38:35+00:00\",\"description\":\"David Bondia, valora molt positivament el proc\u00e9s de mediaci\u00f3, que dona per acabat: \u201cHem fet tot all\u00f2 que era possible, fins i tot impossible, per oferir solucions habitacionals a les persones en situaci\u00f3 de vulnerabilitat\u201d\",\"breadcrumb\":{\"@id\":\"https:\\\/\\\/www.sindicaturabarcelona.cat\\\/ca\\\/sindicatura-greuges-barcelona-mediacio-vallcarca\\\/#breadcrumb\"},\"inLanguage\":\"ca\",\"potentialAction\":[{\"@type\":\"ReadAction\",\"target\":[\"https:\\\/\\\/www.sindicaturabarcelona.cat\\\/ca\\\/sindicatura-greuges-barcelona-mediacio-vallcarca\\\/\"]}]},{\"@type\":\"ImageObject\",\"inLanguage\":\"ca\",\"@id\":\"https:\\\/\\\/www.sindicaturabarcelona.cat\\\/ca\\\/sindicatura-greuges-barcelona-mediacio-vallcarca\\\/#primaryimage\",\"url\":\"https:\\\/\\\/www.sindicaturabarcelona.cat\\\/wp-content\\\/uploads\\\/david_bondia-scaled.jpeg\",\"contentUrl\":\"https:\\\/\\\/www.sindicaturabarcelona.cat\\\/wp-content\\\/uploads\\\/david_bondia-scaled.jpeg\",\"width\":2560,\"height\":1910},{\"@type\":\"BreadcrumbList\",\"@id\":\"https:\\\/\\\/www.sindicaturabarcelona.cat\\\/ca\\\/sindicatura-greuges-barcelona-mediacio-vallcarca\\\/#breadcrumb\",\"itemListElement\":[{\"@type\":\"ListItem\",\"position\":1,\"name\":\"Inici\",\"item\":\"https:\\\/\\\/www.sindicaturabarcelona.cat\\\/ca\\\/\"},{\"@type\":\"ListItem\",\"position\":2,\"name\":\"La Sindicatura conclou la mediaci\u00f3 de Vallcarca amb una proposta de soluci\u00f3 habitacional per a les 28 persones en situaci\u00f3 de vulnerabilitat\u00a0\"}]},{\"@type\":\"WebSite\",\"@id\":\"https:\\\/\\\/www.sindicaturabarcelona.cat\\\/ca\\\/#website\",\"url\":\"https:\\\/\\\/www.sindicaturabarcelona.cat\\\/ca\\\/\",\"name\":\"Sindicatura de Greuges de Barcelona\",\"description\":\"La defensoria dels teus drets\",\"publisher\":{\"@id\":\"https:\\\/\\\/www.sindicaturabarcelona.cat\\\/ca\\\/#organization\"},\"potentialAction\":[{\"@type\":\"SearchAction\",\"target\":{\"@type\":\"EntryPoint\",\"urlTemplate\":\"https:\\\/\\\/www.sindicaturabarcelona.cat\\\/ca\\\/?s={search_term_string}\"},\"query-input\":{\"@type\":\"PropertyValueSpecification\",\"valueRequired\":true,\"valueName\":\"search_term_string\"}}],\"inLanguage\":\"ca\"},{\"@type\":\"Organization\",\"@id\":\"https:\\\/\\\/www.sindicaturabarcelona.cat\\\/ca\\\/#organization\",\"name\":\"Sindicatura de Greuges de Barcelona\",\"url\":\"https:\\\/\\\/www.sindicaturabarcelona.cat\\\/ca\\\/\",\"logo\":{\"@type\":\"ImageObject\",\"inLanguage\":\"ca\",\"@id\":\"https:\\\/\\\/www.sindicaturabarcelona.cat\\\/ca\\\/#\\\/schema\\\/logo\\\/image\\\/\",\"url\":\"https:\\\/\\\/www.sindicaturabarcelona.cat\\\/wp-content\\\/uploads\\\/2023\\\/02\\\/logo_sindicatura.svg\",\"contentUrl\":\"https:\\\/\\\/www.sindicaturabarcelona.cat\\\/wp-content\\\/uploads\\\/2023\\\/02\\\/logo_sindicatura.svg\",\"caption\":\"Sindicatura de Greuges de Barcelona\"},\"image\":{\"@id\":\"https:\\\/\\\/www.sindicaturabarcelona.cat\\\/ca\\\/#\\\/schema\\\/logo\\\/image\\\/\"},\"sameAs\":[\"https:\\\/\\\/x.com\\\/sindicbarcelona\",\"https:\\\/\\\/www.instagram.com\\\/sindicbarcelona\\\/\",\"https:\\\/\\\/www.tiktok.com\\\/@sindicaturabcn\",\"https:\\\/\\\/t.me\\\/sindicaturabarcelona\"]},{\"@type\":\"Person\",\"@id\":\"https:\\\/\\\/www.sindicaturabarcelona.cat\\\/ca\\\/#\\\/schema\\\/person\\\/0690b05fdcbf9e43b34103e845240789\",\"name\":\"Carme Rocamora\",\"image\":{\"@type\":\"ImageObject\",\"inLanguage\":\"ca\",\"@id\":\"https:\\\/\\\/secure.gravatar.com\\\/avatar\\\/7d5e980ef632f555fa40f97d06e5c8ec4ec568974a95778749d6a6279aa1faef?s=96&d=mm&r=g\",\"url\":\"https:\\\/\\\/secure.gravatar.com\\\/avatar\\\/7d5e980ef632f555fa40f97d06e5c8ec4ec568974a95778749d6a6279aa1faef?s=96&d=mm&r=g\",\"contentUrl\":\"https:\\\/\\\/secure.gravatar.com\\\/avatar\\\/7d5e980ef632f555fa40f97d06e5c8ec4ec568974a95778749d6a6279aa1faef?s=96&d=mm&r=g\",\"caption\":\"Carme Rocamora\"},\"url\":\"https:\\\/\\\/www.sindicaturabarcelona.cat\\\/ca\\\/author\\\/crocamora\\\/\"}]}<\/script>\n<!-- \/ Yoast SEO plugin. -->","yoast_head_json":{"title":"La Sindicatura conclou la mediaci\u00f3 de Vallcarca amb una proposta de soluci\u00f3 habitacional per a les 28 persones en situaci\u00f3 de vulnerabilitat\u00a0 - Sindicatura de Greuges de Barcelona","description":"David Bondia, valora molt positivament el proc\u00e9s de mediaci\u00f3, que dona per acabat: \u201cHem fet tot all\u00f2 que era possible, fins i tot impossible, per oferir solucions habitacionals a les persones en situaci\u00f3 de vulnerabilitat\u201d","robots":{"index":"index","follow":"follow","max-snippet":"max-snippet:-1","max-image-preview":"max-image-preview:large","max-video-preview":"max-video-preview:-1"},"canonical":"https:\/\/www.sindicaturabarcelona.cat\/ca\/sindicatura-greuges-barcelona-mediacio-vallcarca\/","og_locale":"ca_ES","og_type":"article","og_title":"La Sindicatura conclou la mediaci\u00f3 de Vallcarca amb una proposta de soluci\u00f3 habitacional per a les 28 persones en situaci\u00f3 de vulnerabilitat\u00a0 - Sindicatura de Greuges de Barcelona","og_description":"David Bondia, valora molt positivament el proc\u00e9s de mediaci\u00f3, que dona per acabat: \u201cHem fet tot all\u00f2 que era possible, fins i tot impossible, per oferir solucions habitacionals a les persones en situaci\u00f3 de vulnerabilitat\u201d","og_url":"https:\/\/www.sindicaturabarcelona.cat\/ca\/sindicatura-greuges-barcelona-mediacio-vallcarca\/","og_site_name":"Sindicatura de Greuges de Barcelona","article_published_time":"2026-03-17T11:38:34+00:00","article_modified_time":"2026-03-17T11:38:35+00:00","og_image":[{"width":2560,"height":1910,"url":"https:\/\/www.sindicaturabarcelona.cat\/wp-content\/uploads\/david_bondia-scaled.jpeg","type":"image\/jpeg"}],"author":"Carme Rocamora","twitter_card":"summary_large_image","twitter_creator":"@sindicbarcelona","twitter_site":"@sindicbarcelona","twitter_misc":{"Escrit per":"Carme Rocamora","Temps estimat de lectura":"1 minut"},"schema":{"@context":"https:\/\/schema.org","@graph":[{"@type":"Article","@id":"https:\/\/www.sindicaturabarcelona.cat\/ca\/sindicatura-greuges-barcelona-mediacio-vallcarca\/#article","isPartOf":{"@id":"https:\/\/www.sindicaturabarcelona.cat\/ca\/sindicatura-greuges-barcelona-mediacio-vallcarca\/"},"author":{"name":"Carme Rocamora","@id":"https:\/\/www.sindicaturabarcelona.cat\/ca\/#\/schema\/person\/0690b05fdcbf9e43b34103e845240789"},"headline":"La Sindicatura conclou la mediaci\u00f3 de Vallcarca amb una proposta de soluci\u00f3 habitacional per a les 28 persones en situaci\u00f3 de vulnerabilitat\u00a0","datePublished":"2026-03-17T11:38:34+00:00","dateModified":"2026-03-17T11:38:35+00:00","mainEntityOfPage":{"@id":"https:\/\/www.sindicaturabarcelona.cat\/ca\/sindicatura-greuges-barcelona-mediacio-vallcarca\/"},"wordCount":668,"publisher":{"@id":"https:\/\/www.sindicaturabarcelona.cat\/ca\/#organization"},"image":{"@id":"https:\/\/www.sindicaturabarcelona.cat\/ca\/sindicatura-greuges-barcelona-mediacio-vallcarca\/#primaryimage"},"thumbnailUrl":"https:\/\/www.sindicaturabarcelona.cat\/wp-content\/uploads\/david_bondia-scaled.jpeg","inLanguage":"ca"},{"@type":"WebPage","@id":"https:\/\/www.sindicaturabarcelona.cat\/ca\/sindicatura-greuges-barcelona-mediacio-vallcarca\/","url":"https:\/\/www.sindicaturabarcelona.cat\/ca\/sindicatura-greuges-barcelona-mediacio-vallcarca\/","name":"La Sindicatura conclou la mediaci\u00f3 de Vallcarca amb una proposta de soluci\u00f3 habitacional per a les 28 persones en situaci\u00f3 de vulnerabilitat\u00a0 - Sindicatura de Greuges de Barcelona","isPartOf":{"@id":"https:\/\/www.sindicaturabarcelona.cat\/ca\/#website"},"primaryImageOfPage":{"@id":"https:\/\/www.sindicaturabarcelona.cat\/ca\/sindicatura-greuges-barcelona-mediacio-vallcarca\/#primaryimage"},"image":{"@id":"https:\/\/www.sindicaturabarcelona.cat\/ca\/sindicatura-greuges-barcelona-mediacio-vallcarca\/#primaryimage"},"thumbnailUrl":"https:\/\/www.sindicaturabarcelona.cat\/wp-content\/uploads\/david_bondia-scaled.jpeg","datePublished":"2026-03-17T11:38:34+00:00","dateModified":"2026-03-17T11:38:35+00:00","description":"David Bondia, valora molt positivament el proc\u00e9s de mediaci\u00f3, que dona per acabat: \u201cHem fet tot all\u00f2 que era possible, fins i tot impossible, per oferir solucions habitacionals a les persones en situaci\u00f3 de vulnerabilitat\u201d","breadcrumb":{"@id":"https:\/\/www.sindicaturabarcelona.cat\/ca\/sindicatura-greuges-barcelona-mediacio-vallcarca\/#breadcrumb"},"inLanguage":"ca","potentialAction":[{"@type":"ReadAction","target":["https:\/\/www.sindicaturabarcelona.cat\/ca\/sindicatura-greuges-barcelona-mediacio-vallcarca\/"]}]},{"@type":"ImageObject","inLanguage":"ca","@id":"https:\/\/www.sindicaturabarcelona.cat\/ca\/sindicatura-greuges-barcelona-mediacio-vallcarca\/#primaryimage","url":"https:\/\/www.sindicaturabarcelona.cat\/wp-content\/uploads\/david_bondia-scaled.jpeg","contentUrl":"https:\/\/www.sindicaturabarcelona.cat\/wp-content\/uploads\/david_bondia-scaled.jpeg","width":2560,"height":1910},{"@type":"BreadcrumbList","@id":"https:\/\/www.sindicaturabarcelona.cat\/ca\/sindicatura-greuges-barcelona-mediacio-vallcarca\/#breadcrumb","itemListElement":[{"@type":"ListItem","position":1,"name":"Inici","item":"https:\/\/www.sindicaturabarcelona.cat\/ca\/"},{"@type":"ListItem","position":2,"name":"La Sindicatura conclou la mediaci\u00f3 de Vallcarca amb una proposta de soluci\u00f3 habitacional per a les 28 persones en situaci\u00f3 de vulnerabilitat\u00a0"}]},{"@type":"WebSite","@id":"https:\/\/www.sindicaturabarcelona.cat\/ca\/#website","url":"https:\/\/www.sindicaturabarcelona.cat\/ca\/","name":"Sindicatura de Greuges de Barcelona","description":"La defensoria dels teus drets","publisher":{"@id":"https:\/\/www.sindicaturabarcelona.cat\/ca\/#organization"},"potentialAction":[{"@type":"SearchAction","target":{"@type":"EntryPoint","urlTemplate":"https:\/\/www.sindicaturabarcelona.cat\/ca\/?s={search_term_string}"},"query-input":{"@type":"PropertyValueSpecification","valueRequired":true,"valueName":"search_term_string"}}],"inLanguage":"ca"},{"@type":"Organization","@id":"https:\/\/www.sindicaturabarcelona.cat\/ca\/#organization","name":"Sindicatura de Greuges de Barcelona","url":"https:\/\/www.sindicaturabarcelona.cat\/ca\/","logo":{"@type":"ImageObject","inLanguage":"ca","@id":"https:\/\/www.sindicaturabarcelona.cat\/ca\/#\/schema\/logo\/image\/","url":"https:\/\/www.sindicaturabarcelona.cat\/wp-content\/uploads\/2023\/02\/logo_sindicatura.svg","contentUrl":"https:\/\/www.sindicaturabarcelona.cat\/wp-content\/uploads\/2023\/02\/logo_sindicatura.svg","caption":"Sindicatura de Greuges de Barcelona"},"image":{"@id":"https:\/\/www.sindicaturabarcelona.cat\/ca\/#\/schema\/logo\/image\/"},"sameAs":["https:\/\/x.com\/sindicbarcelona","https:\/\/www.instagram.com\/sindicbarcelona\/","https:\/\/www.tiktok.com\/@sindicaturabcn","https:\/\/t.me\/sindicaturabarcelona"]},{"@type":"Person","@id":"https:\/\/www.sindicaturabarcelona.cat\/ca\/#\/schema\/person\/0690b05fdcbf9e43b34103e845240789","name":"Carme Rocamora","image":{"@type":"ImageObject","inLanguage":"ca","@id":"https:\/\/secure.gravatar.com\/avatar\/7d5e980ef632f555fa40f97d06e5c8ec4ec568974a95778749d6a6279aa1faef?s=96&d=mm&r=g","url":"https:\/\/secure.gravatar.com\/avatar\/7d5e980ef632f555fa40f97d06e5c8ec4ec568974a95778749d6a6279aa1faef?s=96&d=mm&r=g","contentUrl":"https:\/\/secure.gravatar.com\/avatar\/7d5e980ef632f555fa40f97d06e5c8ec4ec568974a95778749d6a6279aa1faef?s=96&d=mm&r=g","caption":"Carme Rocamora"},"url":"https:\/\/www.sindicaturabarcelona.cat\/ca\/author\/crocamora\/"}]}},"_links":{"self":[{"href":"https:\/\/www.sindicaturabarcelona.cat\/ca\/wp-json\/wp\/v2\/posts\/41985","targetHints":{"allow":["GET"]}}],"collection":[{"href":"https:\/\/www.sindicaturabarcelona.cat\/ca\/wp-json\/wp\/v2\/posts"}],"about":[{"href":"https:\/\/www.sindicaturabarcelona.cat\/ca\/wp-json\/wp\/v2\/types\/post"}],"author":[{"embeddable":true,"href":"https:\/\/www.sindicaturabarcelona.cat\/ca\/wp-json\/wp\/v2\/users\/7"}],"replies":[{"embeddable":true,"href":"https:\/\/www.sindicaturabarcelona.cat\/ca\/wp-json\/wp\/v2\/comments?post=41985"}],"version-history":[{"count":1,"href":"https:\/\/www.sindicaturabarcelona.cat\/ca\/wp-json\/wp\/v2\/posts\/41985\/revisions"}],"predecessor-version":[{"id":41989,"href":"https:\/\/www.sindicaturabarcelona.cat\/ca\/wp-json\/wp\/v2\/posts\/41985\/revisions\/41989"}],"wp:featuredmedia":[{"embeddable":true,"href":"https:\/\/www.sindicaturabarcelona.cat\/ca\/wp-json\/wp\/v2\/media\/41986"}],"wp:attachment":[{"href":"https:\/\/www.sindicaturabarcelona.cat\/ca\/wp-json\/wp\/v2\/media?parent=41985"}],"wp:term":[{"taxonomy":"post_tag","embeddable":true,"href":"https:\/\/www.sindicaturabarcelona.cat\/ca\/wp-json\/wp\/v2\/tags?post=41985"},{"taxonomy":"drets","embeddable":true,"href":"https:\/\/www.sindicaturabarcelona.cat\/ca\/wp-json\/wp\/v2\/drets?post=41985"}],"curies":[{"name":"wp","href":"https:\/\/api.w.org\/{rel}","templated":true}]}}