{"id":41939,"date":"2026-03-09T14:33:20","date_gmt":"2026-03-09T12:33:20","guid":{"rendered":"https:\/\/www.sindicaturabarcelona.cat\/?p=41939"},"modified":"2026-03-09T14:33:21","modified_gmt":"2026-03-09T12:33:21","slug":"comenca-el-proces-deleccio-del-sindic-o-sindica-de-greuges-de-barcelona","status":"publish","type":"post","link":"https:\/\/www.sindicaturabarcelona.cat\/ca\/comenca-el-proces-deleccio-del-sindic-o-sindica-de-greuges-de-barcelona\/","title":{"rendered":"Comen\u00e7a el proc\u00e9s d\u2019elecci\u00f3 del s\u00edndic o s\u00edndica de greuges de Barcelona"},"content":{"rendered":"\n<h2 class=\"wp-block-heading\"><strong>El 16 de mar\u00e7 s\u2019obre un per\u00edode de dos mesos en qu\u00e8 les entitats barcelonines proposaran candidatures d\u2019aquelles persones que considerin adients per exercir el c\u00e0rrec de s\u00edndic\/a de greuges de Barcelona.<\/strong><\/h2>\n\n\n\n<p><strong>Barcelona, 9 de mar\u00e7 del 2026 &#8211;<\/strong> El proc\u00e9s d\u2019elecci\u00f3 de s\u00edndic\/a de greuges de Barcelona comen\u00e7a el 16 de mar\u00e7 de 2026, amb l\u2019obertura d\u2019una fase de consultes a les entitats inscrites al Registre d\u2019entitats ciutadanes, per tal que puguin proposar aquelles persones que considerin adients per exercir el c\u00e0rrec.<\/p>\n\n\n\n<p>Si b\u00e9 la normativa no preveu cap l\u00edmit de candidatures, \u00e9s habitual el treball conjunt i la col\u00b7laboraci\u00f3 entre les entitats, amb el prop\u00f2sit de buscar candidatures consensuades. Aix\u00ed, <strong>l\u2019any 2016 van sorgir d\u2019aquesta primera fase de consultes a les entitats cinc persones candidates, i l\u2019any 2021 en van ser vuit.<\/strong><\/p>\n\n\n\n<p>El <a href=\"https:\/\/www.sindicaturabarcelona.cat\/wp-content\/uploads\/Reglament-Sindicatura-de-Greuges-de-Barcelona.pdf\" target=\"_blank\" rel=\"noreferrer noopener\">reglament de la Sindicatura de Greuges de Barcelona<\/a> estableix que <strong>l\u2019alcalde ser\u00e0 qui consultar\u00e0 els grups municipals i proposar\u00e0 al Consell Municipal el nomenament del s\u00edndic\/a de greuges<\/strong> de la ciutat.<\/p>\n\n\n\n<h2 class=\"wp-block-heading\"><strong>Mandats de cinc anys i m\u00e0xim de dos mandats<\/strong><\/h2>\n\n\n\n<p><strong>El s\u00edndic\/a de greuges de Barcelona \u00e9s nomenat pel <a href=\"https:\/\/ajuntament.barcelona.cat\/ca\/accio-de-govern\/el-consell-municipal\" target=\"_blank\" rel=\"noreferrer noopener\">Consell Municipal<\/a> a proposta de l\u2019alcalde per un mandat de cinc anys, i pot ser nomenat per un altre mandat igual<\/strong>.<\/p>\n\n\n\n<p><strong>L\u2019acord del Consell Municipal ha de ser adoptat per una majoria de dues terceres parts <\/strong>dels membres presents, que representin, si m\u00e9s no, la majoria absoluta del nombre legal de membres de la Corporaci\u00f3.<\/p>\n\n\n\n<p>Fins ara, <strong>la Sindicatura de Greuges de Barcelona ha comptat amb tres persones al capdavant de la instituci\u00f3<\/strong>:<\/p>\n\n\n\n<ul class=\"wp-block-list\">\n<li>Pilar Malla (2004-2010, un mandat)<\/li>\n\n\n\n<li>Maria Assumpci\u00f3 Vil\u00e0 (2010-2021, dos mandats)<\/li>\n\n\n\n<li>David Bondia (2021-2026, un mandat)<\/li>\n<\/ul>\n","protected":false},"excerpt":{"rendered":"<p>El 16 de mar\u00e7 s\u2019obre un per\u00edode de dos mesos en qu\u00e8 les entitats barcelonines proposaran candidatures d\u2019aquelles persones que considerin adients per exercir el c\u00e0rrec de s\u00edndic\/a de greuges [&hellip;]<\/p>\n","protected":false},"author":2,"featured_media":41940,"comment_status":"closed","ping_status":"closed","sticky":false,"template":"","format":"standard","meta":{"_acf_changed":false,"footnotes":""},"tags":[],"drets":[],"class_list":["post-41939","post","type-post","status-publish","format-standard","has-post-thumbnail","hentry"],"acf":[],"yoast_head":"<!-- This site is optimized with the Yoast SEO plugin v27.5 - https:\/\/yoast.com\/product\/yoast-seo-wordpress\/ -->\n<title>Comen\u00e7a el proc\u00e9s d\u2019elecci\u00f3 del s\u00edndic o s\u00edndica de greuges de Barcelona - Sindicatura de Greuges de Barcelona<\/title>\n<meta name=\"description\" content=\"El 16 de mar\u00e7 s\u2019obre un per\u00edode de dos mesos en qu\u00e8 les entitats barcelonines proposaran candidatures...\" \/>\n<meta name=\"robots\" content=\"index, follow, max-snippet:-1, max-image-preview:large, max-video-preview:-1\" \/>\n<link rel=\"canonical\" href=\"https:\/\/www.sindicaturabarcelona.cat\/ca\/comenca-el-proces-deleccio-del-sindic-o-sindica-de-greuges-de-barcelona\/\" \/>\n<meta property=\"og:locale\" content=\"ca_ES\" \/>\n<meta property=\"og:type\" content=\"article\" \/>\n<meta property=\"og:title\" content=\"Comen\u00e7a el proc\u00e9s d\u2019elecci\u00f3 del s\u00edndic o s\u00edndica de greuges de Barcelona - Sindicatura de Greuges de Barcelona\" \/>\n<meta property=\"og:description\" content=\"El 16 de mar\u00e7 s\u2019obre un per\u00edode de dos mesos en qu\u00e8 les entitats barcelonines proposaran candidatures...\" \/>\n<meta property=\"og:url\" content=\"https:\/\/www.sindicaturabarcelona.cat\/ca\/comenca-el-proces-deleccio-del-sindic-o-sindica-de-greuges-de-barcelona\/\" \/>\n<meta property=\"og:site_name\" content=\"Sindicatura de Greuges de Barcelona\" \/>\n<meta property=\"article:published_time\" content=\"2026-03-09T12:33:20+00:00\" \/>\n<meta property=\"article:modified_time\" content=\"2026-03-09T12:33:21+00:00\" \/>\n<meta property=\"og:image\" content=\"https:\/\/www.sindicaturabarcelona.cat\/wp-content\/uploads\/IMG_5591.jpeg\" \/>\n\t<meta property=\"og:image:width\" content=\"2000\" \/>\n\t<meta property=\"og:image:height\" content=\"1500\" \/>\n\t<meta property=\"og:image:type\" content=\"image\/jpeg\" \/>\n<meta name=\"author\" content=\"Pablo\" \/>\n<meta name=\"twitter:card\" content=\"summary_large_image\" \/>\n<meta name=\"twitter:creator\" content=\"@sindicbarcelona\" \/>\n<meta name=\"twitter:site\" content=\"@sindicbarcelona\" \/>\n<meta name=\"twitter:label1\" content=\"Escrit per\" \/>\n\t<meta name=\"twitter:data1\" content=\"Pablo\" \/>\n\t<meta name=\"twitter:label2\" content=\"Temps estimat de lectura\" \/>\n\t<meta name=\"twitter:data2\" content=\"2 minuts\" \/>\n<script type=\"application\/ld+json\" class=\"yoast-schema-graph\">{\"@context\":\"https:\\\/\\\/schema.org\",\"@graph\":[{\"@type\":\"Article\",\"@id\":\"https:\\\/\\\/www.sindicaturabarcelona.cat\\\/ca\\\/comenca-el-proces-deleccio-del-sindic-o-sindica-de-greuges-de-barcelona\\\/#article\",\"isPartOf\":{\"@id\":\"https:\\\/\\\/www.sindicaturabarcelona.cat\\\/ca\\\/comenca-el-proces-deleccio-del-sindic-o-sindica-de-greuges-de-barcelona\\\/\"},\"author\":{\"name\":\"Pablo\",\"@id\":\"https:\\\/\\\/www.sindicaturabarcelona.cat\\\/ca\\\/#\\\/schema\\\/person\\\/0e5acffc350ffdbc97578159322c9452\"},\"headline\":\"Comen\u00e7a el proc\u00e9s d\u2019elecci\u00f3 del s\u00edndic o s\u00edndica de greuges de Barcelona\",\"datePublished\":\"2026-03-09T12:33:20+00:00\",\"dateModified\":\"2026-03-09T12:33:21+00:00\",\"mainEntityOfPage\":{\"@id\":\"https:\\\/\\\/www.sindicaturabarcelona.cat\\\/ca\\\/comenca-el-proces-deleccio-del-sindic-o-sindica-de-greuges-de-barcelona\\\/\"},\"wordCount\":313,\"publisher\":{\"@id\":\"https:\\\/\\\/www.sindicaturabarcelona.cat\\\/ca\\\/#organization\"},\"image\":{\"@id\":\"https:\\\/\\\/www.sindicaturabarcelona.cat\\\/ca\\\/comenca-el-proces-deleccio-del-sindic-o-sindica-de-greuges-de-barcelona\\\/#primaryimage\"},\"thumbnailUrl\":\"https:\\\/\\\/www.sindicaturabarcelona.cat\\\/wp-content\\\/uploads\\\/IMG_5591.jpeg\",\"inLanguage\":\"ca\"},{\"@type\":\"WebPage\",\"@id\":\"https:\\\/\\\/www.sindicaturabarcelona.cat\\\/ca\\\/comenca-el-proces-deleccio-del-sindic-o-sindica-de-greuges-de-barcelona\\\/\",\"url\":\"https:\\\/\\\/www.sindicaturabarcelona.cat\\\/ca\\\/comenca-el-proces-deleccio-del-sindic-o-sindica-de-greuges-de-barcelona\\\/\",\"name\":\"Comen\u00e7a el proc\u00e9s d\u2019elecci\u00f3 del s\u00edndic o s\u00edndica de greuges de Barcelona - Sindicatura de Greuges de Barcelona\",\"isPartOf\":{\"@id\":\"https:\\\/\\\/www.sindicaturabarcelona.cat\\\/ca\\\/#website\"},\"primaryImageOfPage\":{\"@id\":\"https:\\\/\\\/www.sindicaturabarcelona.cat\\\/ca\\\/comenca-el-proces-deleccio-del-sindic-o-sindica-de-greuges-de-barcelona\\\/#primaryimage\"},\"image\":{\"@id\":\"https:\\\/\\\/www.sindicaturabarcelona.cat\\\/ca\\\/comenca-el-proces-deleccio-del-sindic-o-sindica-de-greuges-de-barcelona\\\/#primaryimage\"},\"thumbnailUrl\":\"https:\\\/\\\/www.sindicaturabarcelona.cat\\\/wp-content\\\/uploads\\\/IMG_5591.jpeg\",\"datePublished\":\"2026-03-09T12:33:20+00:00\",\"dateModified\":\"2026-03-09T12:33:21+00:00\",\"description\":\"El 16 de mar\u00e7 s\u2019obre un per\u00edode de dos mesos en qu\u00e8 les entitats barcelonines proposaran candidatures...\",\"breadcrumb\":{\"@id\":\"https:\\\/\\\/www.sindicaturabarcelona.cat\\\/ca\\\/comenca-el-proces-deleccio-del-sindic-o-sindica-de-greuges-de-barcelona\\\/#breadcrumb\"},\"inLanguage\":\"ca\",\"potentialAction\":[{\"@type\":\"ReadAction\",\"target\":[\"https:\\\/\\\/www.sindicaturabarcelona.cat\\\/ca\\\/comenca-el-proces-deleccio-del-sindic-o-sindica-de-greuges-de-barcelona\\\/\"]}]},{\"@type\":\"ImageObject\",\"inLanguage\":\"ca\",\"@id\":\"https:\\\/\\\/www.sindicaturabarcelona.cat\\\/ca\\\/comenca-el-proces-deleccio-del-sindic-o-sindica-de-greuges-de-barcelona\\\/#primaryimage\",\"url\":\"https:\\\/\\\/www.sindicaturabarcelona.cat\\\/wp-content\\\/uploads\\\/IMG_5591.jpeg\",\"contentUrl\":\"https:\\\/\\\/www.sindicaturabarcelona.cat\\\/wp-content\\\/uploads\\\/IMG_5591.jpeg\",\"width\":2000,\"height\":1500,\"caption\":\"Oficina de la Sindicatura de Greuges de Barcelona\"},{\"@type\":\"BreadcrumbList\",\"@id\":\"https:\\\/\\\/www.sindicaturabarcelona.cat\\\/ca\\\/comenca-el-proces-deleccio-del-sindic-o-sindica-de-greuges-de-barcelona\\\/#breadcrumb\",\"itemListElement\":[{\"@type\":\"ListItem\",\"position\":1,\"name\":\"Inici\",\"item\":\"https:\\\/\\\/www.sindicaturabarcelona.cat\\\/ca\\\/\"},{\"@type\":\"ListItem\",\"position\":2,\"name\":\"Comen\u00e7a el proc\u00e9s d\u2019elecci\u00f3 del s\u00edndic o s\u00edndica de greuges de Barcelona\"}]},{\"@type\":\"WebSite\",\"@id\":\"https:\\\/\\\/www.sindicaturabarcelona.cat\\\/ca\\\/#website\",\"url\":\"https:\\\/\\\/www.sindicaturabarcelona.cat\\\/ca\\\/\",\"name\":\"Sindicatura de Greuges de Barcelona\",\"description\":\"La defensoria dels teus drets\",\"publisher\":{\"@id\":\"https:\\\/\\\/www.sindicaturabarcelona.cat\\\/ca\\\/#organization\"},\"potentialAction\":[{\"@type\":\"SearchAction\",\"target\":{\"@type\":\"EntryPoint\",\"urlTemplate\":\"https:\\\/\\\/www.sindicaturabarcelona.cat\\\/ca\\\/?s={search_term_string}\"},\"query-input\":{\"@type\":\"PropertyValueSpecification\",\"valueRequired\":true,\"valueName\":\"search_term_string\"}}],\"inLanguage\":\"ca\"},{\"@type\":\"Organization\",\"@id\":\"https:\\\/\\\/www.sindicaturabarcelona.cat\\\/ca\\\/#organization\",\"name\":\"Sindicatura de Greuges de Barcelona\",\"url\":\"https:\\\/\\\/www.sindicaturabarcelona.cat\\\/ca\\\/\",\"logo\":{\"@type\":\"ImageObject\",\"inLanguage\":\"ca\",\"@id\":\"https:\\\/\\\/www.sindicaturabarcelona.cat\\\/ca\\\/#\\\/schema\\\/logo\\\/image\\\/\",\"url\":\"https:\\\/\\\/www.sindicaturabarcelona.cat\\\/wp-content\\\/uploads\\\/2023\\\/02\\\/logo_sindicatura.svg\",\"contentUrl\":\"https:\\\/\\\/www.sindicaturabarcelona.cat\\\/wp-content\\\/uploads\\\/2023\\\/02\\\/logo_sindicatura.svg\",\"caption\":\"Sindicatura de Greuges de Barcelona\"},\"image\":{\"@id\":\"https:\\\/\\\/www.sindicaturabarcelona.cat\\\/ca\\\/#\\\/schema\\\/logo\\\/image\\\/\"},\"sameAs\":[\"https:\\\/\\\/x.com\\\/sindicbarcelona\",\"https:\\\/\\\/www.instagram.com\\\/sindicbarcelona\\\/\",\"https:\\\/\\\/www.tiktok.com\\\/@sindicaturabcn\",\"https:\\\/\\\/t.me\\\/sindicaturabarcelona\"]},{\"@type\":\"Person\",\"@id\":\"https:\\\/\\\/www.sindicaturabarcelona.cat\\\/ca\\\/#\\\/schema\\\/person\\\/0e5acffc350ffdbc97578159322c9452\",\"name\":\"Pablo\",\"image\":{\"@type\":\"ImageObject\",\"inLanguage\":\"ca\",\"@id\":\"https:\\\/\\\/secure.gravatar.com\\\/avatar\\\/c948169b402ef9492afde705c3dfd5e90e1a6a84ef6840a91124f805a25a480f?s=96&d=mm&r=g\",\"url\":\"https:\\\/\\\/secure.gravatar.com\\\/avatar\\\/c948169b402ef9492afde705c3dfd5e90e1a6a84ef6840a91124f805a25a480f?s=96&d=mm&r=g\",\"contentUrl\":\"https:\\\/\\\/secure.gravatar.com\\\/avatar\\\/c948169b402ef9492afde705c3dfd5e90e1a6a84ef6840a91124f805a25a480f?s=96&d=mm&r=g\",\"caption\":\"Pablo\"},\"url\":\"https:\\\/\\\/www.sindicaturabarcelona.cat\\\/ca\\\/author\\\/pablo\\\/\"}]}<\/script>\n<!-- \/ Yoast SEO plugin. -->","yoast_head_json":{"title":"Comen\u00e7a el proc\u00e9s d\u2019elecci\u00f3 del s\u00edndic o s\u00edndica de greuges de Barcelona - Sindicatura de Greuges de Barcelona","description":"El 16 de mar\u00e7 s\u2019obre un per\u00edode de dos mesos en qu\u00e8 les entitats barcelonines proposaran candidatures...","robots":{"index":"index","follow":"follow","max-snippet":"max-snippet:-1","max-image-preview":"max-image-preview:large","max-video-preview":"max-video-preview:-1"},"canonical":"https:\/\/www.sindicaturabarcelona.cat\/ca\/comenca-el-proces-deleccio-del-sindic-o-sindica-de-greuges-de-barcelona\/","og_locale":"ca_ES","og_type":"article","og_title":"Comen\u00e7a el proc\u00e9s d\u2019elecci\u00f3 del s\u00edndic o s\u00edndica de greuges de Barcelona - Sindicatura de Greuges de Barcelona","og_description":"El 16 de mar\u00e7 s\u2019obre un per\u00edode de dos mesos en qu\u00e8 les entitats barcelonines proposaran candidatures...","og_url":"https:\/\/www.sindicaturabarcelona.cat\/ca\/comenca-el-proces-deleccio-del-sindic-o-sindica-de-greuges-de-barcelona\/","og_site_name":"Sindicatura de Greuges de Barcelona","article_published_time":"2026-03-09T12:33:20+00:00","article_modified_time":"2026-03-09T12:33:21+00:00","og_image":[{"width":2000,"height":1500,"url":"https:\/\/www.sindicaturabarcelona.cat\/wp-content\/uploads\/IMG_5591.jpeg","type":"image\/jpeg"}],"author":"Pablo","twitter_card":"summary_large_image","twitter_creator":"@sindicbarcelona","twitter_site":"@sindicbarcelona","twitter_misc":{"Escrit per":"Pablo","Temps estimat de lectura":"2 minuts"},"schema":{"@context":"https:\/\/schema.org","@graph":[{"@type":"Article","@id":"https:\/\/www.sindicaturabarcelona.cat\/ca\/comenca-el-proces-deleccio-del-sindic-o-sindica-de-greuges-de-barcelona\/#article","isPartOf":{"@id":"https:\/\/www.sindicaturabarcelona.cat\/ca\/comenca-el-proces-deleccio-del-sindic-o-sindica-de-greuges-de-barcelona\/"},"author":{"name":"Pablo","@id":"https:\/\/www.sindicaturabarcelona.cat\/ca\/#\/schema\/person\/0e5acffc350ffdbc97578159322c9452"},"headline":"Comen\u00e7a el proc\u00e9s d\u2019elecci\u00f3 del s\u00edndic o s\u00edndica de greuges de Barcelona","datePublished":"2026-03-09T12:33:20+00:00","dateModified":"2026-03-09T12:33:21+00:00","mainEntityOfPage":{"@id":"https:\/\/www.sindicaturabarcelona.cat\/ca\/comenca-el-proces-deleccio-del-sindic-o-sindica-de-greuges-de-barcelona\/"},"wordCount":313,"publisher":{"@id":"https:\/\/www.sindicaturabarcelona.cat\/ca\/#organization"},"image":{"@id":"https:\/\/www.sindicaturabarcelona.cat\/ca\/comenca-el-proces-deleccio-del-sindic-o-sindica-de-greuges-de-barcelona\/#primaryimage"},"thumbnailUrl":"https:\/\/www.sindicaturabarcelona.cat\/wp-content\/uploads\/IMG_5591.jpeg","inLanguage":"ca"},{"@type":"WebPage","@id":"https:\/\/www.sindicaturabarcelona.cat\/ca\/comenca-el-proces-deleccio-del-sindic-o-sindica-de-greuges-de-barcelona\/","url":"https:\/\/www.sindicaturabarcelona.cat\/ca\/comenca-el-proces-deleccio-del-sindic-o-sindica-de-greuges-de-barcelona\/","name":"Comen\u00e7a el proc\u00e9s d\u2019elecci\u00f3 del s\u00edndic o s\u00edndica de greuges de Barcelona - Sindicatura de Greuges de Barcelona","isPartOf":{"@id":"https:\/\/www.sindicaturabarcelona.cat\/ca\/#website"},"primaryImageOfPage":{"@id":"https:\/\/www.sindicaturabarcelona.cat\/ca\/comenca-el-proces-deleccio-del-sindic-o-sindica-de-greuges-de-barcelona\/#primaryimage"},"image":{"@id":"https:\/\/www.sindicaturabarcelona.cat\/ca\/comenca-el-proces-deleccio-del-sindic-o-sindica-de-greuges-de-barcelona\/#primaryimage"},"thumbnailUrl":"https:\/\/www.sindicaturabarcelona.cat\/wp-content\/uploads\/IMG_5591.jpeg","datePublished":"2026-03-09T12:33:20+00:00","dateModified":"2026-03-09T12:33:21+00:00","description":"El 16 de mar\u00e7 s\u2019obre un per\u00edode de dos mesos en qu\u00e8 les entitats barcelonines proposaran candidatures...","breadcrumb":{"@id":"https:\/\/www.sindicaturabarcelona.cat\/ca\/comenca-el-proces-deleccio-del-sindic-o-sindica-de-greuges-de-barcelona\/#breadcrumb"},"inLanguage":"ca","potentialAction":[{"@type":"ReadAction","target":["https:\/\/www.sindicaturabarcelona.cat\/ca\/comenca-el-proces-deleccio-del-sindic-o-sindica-de-greuges-de-barcelona\/"]}]},{"@type":"ImageObject","inLanguage":"ca","@id":"https:\/\/www.sindicaturabarcelona.cat\/ca\/comenca-el-proces-deleccio-del-sindic-o-sindica-de-greuges-de-barcelona\/#primaryimage","url":"https:\/\/www.sindicaturabarcelona.cat\/wp-content\/uploads\/IMG_5591.jpeg","contentUrl":"https:\/\/www.sindicaturabarcelona.cat\/wp-content\/uploads\/IMG_5591.jpeg","width":2000,"height":1500,"caption":"Oficina de la Sindicatura de Greuges de Barcelona"},{"@type":"BreadcrumbList","@id":"https:\/\/www.sindicaturabarcelona.cat\/ca\/comenca-el-proces-deleccio-del-sindic-o-sindica-de-greuges-de-barcelona\/#breadcrumb","itemListElement":[{"@type":"ListItem","position":1,"name":"Inici","item":"https:\/\/www.sindicaturabarcelona.cat\/ca\/"},{"@type":"ListItem","position":2,"name":"Comen\u00e7a el proc\u00e9s d\u2019elecci\u00f3 del s\u00edndic o s\u00edndica de greuges de Barcelona"}]},{"@type":"WebSite","@id":"https:\/\/www.sindicaturabarcelona.cat\/ca\/#website","url":"https:\/\/www.sindicaturabarcelona.cat\/ca\/","name":"Sindicatura de Greuges de Barcelona","description":"La defensoria dels teus drets","publisher":{"@id":"https:\/\/www.sindicaturabarcelona.cat\/ca\/#organization"},"potentialAction":[{"@type":"SearchAction","target":{"@type":"EntryPoint","urlTemplate":"https:\/\/www.sindicaturabarcelona.cat\/ca\/?s={search_term_string}"},"query-input":{"@type":"PropertyValueSpecification","valueRequired":true,"valueName":"search_term_string"}}],"inLanguage":"ca"},{"@type":"Organization","@id":"https:\/\/www.sindicaturabarcelona.cat\/ca\/#organization","name":"Sindicatura de Greuges de Barcelona","url":"https:\/\/www.sindicaturabarcelona.cat\/ca\/","logo":{"@type":"ImageObject","inLanguage":"ca","@id":"https:\/\/www.sindicaturabarcelona.cat\/ca\/#\/schema\/logo\/image\/","url":"https:\/\/www.sindicaturabarcelona.cat\/wp-content\/uploads\/2023\/02\/logo_sindicatura.svg","contentUrl":"https:\/\/www.sindicaturabarcelona.cat\/wp-content\/uploads\/2023\/02\/logo_sindicatura.svg","caption":"Sindicatura de Greuges de Barcelona"},"image":{"@id":"https:\/\/www.sindicaturabarcelona.cat\/ca\/#\/schema\/logo\/image\/"},"sameAs":["https:\/\/x.com\/sindicbarcelona","https:\/\/www.instagram.com\/sindicbarcelona\/","https:\/\/www.tiktok.com\/@sindicaturabcn","https:\/\/t.me\/sindicaturabarcelona"]},{"@type":"Person","@id":"https:\/\/www.sindicaturabarcelona.cat\/ca\/#\/schema\/person\/0e5acffc350ffdbc97578159322c9452","name":"Pablo","image":{"@type":"ImageObject","inLanguage":"ca","@id":"https:\/\/secure.gravatar.com\/avatar\/c948169b402ef9492afde705c3dfd5e90e1a6a84ef6840a91124f805a25a480f?s=96&d=mm&r=g","url":"https:\/\/secure.gravatar.com\/avatar\/c948169b402ef9492afde705c3dfd5e90e1a6a84ef6840a91124f805a25a480f?s=96&d=mm&r=g","contentUrl":"https:\/\/secure.gravatar.com\/avatar\/c948169b402ef9492afde705c3dfd5e90e1a6a84ef6840a91124f805a25a480f?s=96&d=mm&r=g","caption":"Pablo"},"url":"https:\/\/www.sindicaturabarcelona.cat\/ca\/author\/pablo\/"}]}},"_links":{"self":[{"href":"https:\/\/www.sindicaturabarcelona.cat\/ca\/wp-json\/wp\/v2\/posts\/41939","targetHints":{"allow":["GET"]}}],"collection":[{"href":"https:\/\/www.sindicaturabarcelona.cat\/ca\/wp-json\/wp\/v2\/posts"}],"about":[{"href":"https:\/\/www.sindicaturabarcelona.cat\/ca\/wp-json\/wp\/v2\/types\/post"}],"author":[{"embeddable":true,"href":"https:\/\/www.sindicaturabarcelona.cat\/ca\/wp-json\/wp\/v2\/users\/2"}],"replies":[{"embeddable":true,"href":"https:\/\/www.sindicaturabarcelona.cat\/ca\/wp-json\/wp\/v2\/comments?post=41939"}],"version-history":[{"count":1,"href":"https:\/\/www.sindicaturabarcelona.cat\/ca\/wp-json\/wp\/v2\/posts\/41939\/revisions"}],"predecessor-version":[{"id":41943,"href":"https:\/\/www.sindicaturabarcelona.cat\/ca\/wp-json\/wp\/v2\/posts\/41939\/revisions\/41943"}],"wp:featuredmedia":[{"embeddable":true,"href":"https:\/\/www.sindicaturabarcelona.cat\/ca\/wp-json\/wp\/v2\/media\/41940"}],"wp:attachment":[{"href":"https:\/\/www.sindicaturabarcelona.cat\/ca\/wp-json\/wp\/v2\/media?parent=41939"}],"wp:term":[{"taxonomy":"post_tag","embeddable":true,"href":"https:\/\/www.sindicaturabarcelona.cat\/ca\/wp-json\/wp\/v2\/tags?post=41939"},{"taxonomy":"drets","embeddable":true,"href":"https:\/\/www.sindicaturabarcelona.cat\/ca\/wp-json\/wp\/v2\/drets?post=41939"}],"curies":[{"name":"wp","href":"https:\/\/api.w.org\/{rel}","templated":true}]}}