{"id":41905,"date":"2026-02-27T08:49:35","date_gmt":"2026-02-27T06:49:35","guid":{"rendered":"https:\/\/www.sindicaturabarcelona.cat\/?p=41905"},"modified":"2026-02-27T10:12:17","modified_gmt":"2026-02-27T08:12:17","slug":"la-sindicatura-presenta-la-seva-prova-pilot-conjunta-amb-linstitut-municipal-de-persones-amb-discapacitat-en-el-marc-de-la-trobada-anual-del-projecte-europeu-idem","status":"publish","type":"post","link":"https:\/\/www.sindicaturabarcelona.cat\/ca\/la-sindicatura-presenta-la-seva-prova-pilot-conjunta-amb-linstitut-municipal-de-persones-amb-discapacitat-en-el-marc-de-la-trobada-anual-del-projecte-europeu-idem\/","title":{"rendered":"La Sindicatura presenta la seva prova pilot conjunta amb l\u2019Institut Municipal de Persones amb Discapacitat en el marc de la trobada anual del projecte europeu iDEM"},"content":{"rendered":"\n<p><strong>Barcelona, 27 de febrer del 2026 \u2013<\/strong> La Sindicatura de Greuges de Barcelona ha participat, els dies 25 i 26 de febrer a la Universitat Pompeu Fabra, en la trobada anual de les institucions membres del projecte europeu<a href=\"https:\/\/idemproject.eu\/\"><\/a> <a href=\"https:\/\/idemproject.eu\/cat\" target=\"_blank\" rel=\"noreferrer noopener\">iDEM-Innovative and Inclusive Democratic Spaces for Deliberation and Participation<\/a>.<\/p>\n\n\n\n<p>Durant aquesta jornada de car\u00e0cter intern, <strong>la Sindicatura de Greuges de Barcelona i l\u2019Institut Municipal de Persones amb Discapacitat (IMPD) han presentat la seva prova pilot conjunta, que s\u2019executar\u00e0 durant la primavera d\u2019enguany al barri de La Marina.<\/strong><\/p>\n\n\n\n<p>L\u2019objectiu principal de la trobada ha estat la revisi\u00f3 de l\u2019estat general del projecte i la coordinaci\u00f3 de les accions previstes per a l\u2019any 2026. Tamb\u00e9 s\u2019han definit les estrat\u00e8gies de difusi\u00f3 i explotaci\u00f3 per als pr\u00f2xims mesos, incloent-hi la planificaci\u00f3 de publicacions, activitats de comunicaci\u00f3 i nous materials. Aix\u00ed mateix, s\u2019han presentat les actualitzacions t\u00e8cniques, les noves funcionalitats i els serveis actualment en desenvolupament.<\/p>\n\n\n\n<p>Finalment, en el decurs de la trobada tamb\u00e9 ha tingut lloc un espai de treball conjunt dedicat a l\u2019avaluaci\u00f3, l\u2019an\u00e0lisi de riscos i la planificaci\u00f3 fins a la finalitzaci\u00f3 del projecte, prevista per a desembre de 2026.<\/p>\n\n\n\n<h2 class=\"wp-block-heading\"><strong>Qu\u00e8 \u00e9s el projecte europeu iDEM<\/strong><\/h2>\n\n\n\n<p>L\u2019eina d\u2019intel\u00b7lig\u00e8ncia artificial <strong>iDEM simplificar\u00e0 i far\u00e0 m\u00e9s comprensibles les informacions que calen per prendre part en processos participatius. <\/strong>S\u2019adre\u00e7a a persones amb discapacitat intel\u00b7lectual o amb dificultats de comunicaci\u00f3, com persones migrants i gent gran.<\/p>\n\n\n\n<p>El projecte el lidera la Universitat Pompeu Fabra i <strong>compta tamb\u00e9 amb la participaci\u00f3 de l\u2019<\/strong><a href=\"https:\/\/ajuntament.barcelona.cat\/accessible\/ca\/qui-som\/institut-municipal-de-persones-amb-discapacitat\" target=\"_blank\" rel=\"noreferrer noopener\"><strong>Institut Municipal de Persones amb Discapacitat<\/strong><\/a>. Els <strong>membres que formen part del consorci provenen de diferents pa\u00efsos i institucions europeus<\/strong>, entre els quals hi ha Alemanya, \u00c0ustria, Espanya, Irlanda, It\u00e0lia, Malta i el Regne Unit.<\/p>\n\n\n\n<p><a href=\"https:\/\/www.sindicaturabarcelona.cat\/ca\/informacio-mes-accessible-per-a-una-democracia-mes-inclusiva-amb-lajuda-de-la-ia-lobjectiu-dun-nou-projecte-europeu-en-que-participa-la-sindicatura\/\" target=\"_blank\" rel=\"noreferrer noopener\">La Sindicatura \u00e9s membre de l\u2019iDEM des del gener de 2024<\/a>, quan es va iniciar el projecte, en tant que instituci\u00f3 que vetlla pels <a href=\"https:\/\/www.sindicaturabarcelona.cat\/ca\/drets\/drets-de-participacio\/\" target=\"_blank\" rel=\"noreferrer noopener\">drets de participaci\u00f3<\/a> i <a href=\"https:\/\/www.sindicaturabarcelona.cat\/ca\/drets\/dret-a-laccessibilitat-i-la-inclusivitat\/\" target=\"_blank\" rel=\"noreferrer noopener\">a l\u2019accessibilitat i la inclusivitat<\/a>. <strong>David Bondia, s\u00edndic de greuges de Barcelona<\/strong>, valora que \u201cpel que fa al nostre \u00e0mbit competencial a la ciutat, tenim molt clar que <strong>la participaci\u00f3 ciutadana en els debats democr\u00e0tics no pot ser nom\u00e9s ret\u00f2rica, sin\u00f3 que ha d\u2019anar acompanyada d\u2019una pr\u00e0ctica molt necess\u00e0ria, real, efectiva i inclusiva<\/strong>\u201d.<\/p>\n","protected":false},"excerpt":{"rendered":"<p>Barcelona, 27 de febrer del 2026 \u2013 La Sindicatura de Greuges de Barcelona ha participat, els dies 25 i 26 de febrer a la Universitat Pompeu Fabra, en la trobada [&hellip;]<\/p>\n","protected":false},"author":2,"featured_media":41906,"comment_status":"closed","ping_status":"closed","sticky":false,"template":"","format":"standard","meta":{"_acf_changed":false,"footnotes":""},"tags":[],"drets":[1442,1459,1438,1445],"class_list":["post-41905","post","type-post","status-publish","format-standard","has-post-thumbnail","hentry","drets-ciutat-diversa","drets-drets-de-participacio","drets-ciutat-habitable-i-sostenible","drets-dret-a-laccessibilitat-i-la-inclusivitat"],"acf":[],"yoast_head":"<!-- This site is optimized with the Yoast SEO plugin v27.5 - https:\/\/yoast.com\/product\/yoast-seo-wordpress\/ -->\n<title>La Sindicatura presenta la seva prova pilot conjunta amb l\u2019Institut Municipal de Persones amb Discapacitat en el marc de la trobada anual del projecte europeu iDEM - Sindicatura de Greuges de Barcelona<\/title>\n<meta name=\"description\" content=\"La Sindicatura i l&#039;Institut Municipal de Persones amb Discapacitat han presentat la seva prova pilot conjunta, que s\u2019executar\u00e0 durant la primavera d\u2019enguany al barri de La Marina.\" \/>\n<meta name=\"robots\" content=\"index, follow, max-snippet:-1, max-image-preview:large, max-video-preview:-1\" \/>\n<link rel=\"canonical\" href=\"https:\/\/www.sindicaturabarcelona.cat\/ca\/la-sindicatura-presenta-la-seva-prova-pilot-conjunta-amb-linstitut-municipal-de-persones-amb-discapacitat-en-el-marc-de-la-trobada-anual-del-projecte-europeu-idem\/\" \/>\n<meta property=\"og:locale\" content=\"ca_ES\" \/>\n<meta property=\"og:type\" content=\"article\" \/>\n<meta property=\"og:title\" content=\"La Sindicatura presenta la seva prova pilot conjunta amb l\u2019Institut Municipal de Persones amb Discapacitat en el marc de la trobada anual del projecte europeu iDEM - Sindicatura de Greuges de Barcelona\" \/>\n<meta property=\"og:description\" content=\"La Sindicatura i l&#039;Institut Municipal de Persones amb Discapacitat han presentat la seva prova pilot conjunta, que s\u2019executar\u00e0 durant la primavera d\u2019enguany al barri de La Marina.\" \/>\n<meta property=\"og:url\" content=\"https:\/\/www.sindicaturabarcelona.cat\/ca\/la-sindicatura-presenta-la-seva-prova-pilot-conjunta-amb-linstitut-municipal-de-persones-amb-discapacitat-en-el-marc-de-la-trobada-anual-del-projecte-europeu-idem\/\" \/>\n<meta property=\"og:site_name\" content=\"Sindicatura de Greuges de Barcelona\" \/>\n<meta property=\"article:published_time\" content=\"2026-02-27T06:49:35+00:00\" \/>\n<meta property=\"article:modified_time\" content=\"2026-02-27T08:12:17+00:00\" \/>\n<meta property=\"og:image\" content=\"https:\/\/www.sindicaturabarcelona.cat\/wp-content\/uploads\/iDEM-scaled.jpg\" \/>\n\t<meta property=\"og:image:width\" content=\"2560\" \/>\n\t<meta property=\"og:image:height\" content=\"1920\" \/>\n\t<meta property=\"og:image:type\" content=\"image\/jpeg\" \/>\n<meta name=\"author\" content=\"Pablo\" \/>\n<meta name=\"twitter:card\" content=\"summary_large_image\" \/>\n<meta name=\"twitter:creator\" content=\"@sindicbarcelona\" \/>\n<meta name=\"twitter:site\" content=\"@sindicbarcelona\" \/>\n<meta name=\"twitter:label1\" content=\"Escrit per\" \/>\n\t<meta name=\"twitter:data1\" content=\"Pablo\" \/>\n\t<meta name=\"twitter:label2\" content=\"Temps estimat de lectura\" \/>\n\t<meta name=\"twitter:data2\" content=\"3 minuts\" \/>\n<script type=\"application\/ld+json\" class=\"yoast-schema-graph\">{\"@context\":\"https:\\\/\\\/schema.org\",\"@graph\":[{\"@type\":\"Article\",\"@id\":\"https:\\\/\\\/www.sindicaturabarcelona.cat\\\/ca\\\/la-sindicatura-presenta-la-seva-prova-pilot-conjunta-amb-linstitut-municipal-de-persones-amb-discapacitat-en-el-marc-de-la-trobada-anual-del-projecte-europeu-idem\\\/#article\",\"isPartOf\":{\"@id\":\"https:\\\/\\\/www.sindicaturabarcelona.cat\\\/ca\\\/la-sindicatura-presenta-la-seva-prova-pilot-conjunta-amb-linstitut-municipal-de-persones-amb-discapacitat-en-el-marc-de-la-trobada-anual-del-projecte-europeu-idem\\\/\"},\"author\":{\"name\":\"Pablo\",\"@id\":\"https:\\\/\\\/www.sindicaturabarcelona.cat\\\/ca\\\/#\\\/schema\\\/person\\\/0e5acffc350ffdbc97578159322c9452\"},\"headline\":\"La Sindicatura presenta la seva prova pilot conjunta amb l\u2019Institut Municipal de Persones amb Discapacitat en el marc de la trobada anual del projecte europeu iDEM\",\"datePublished\":\"2026-02-27T06:49:35+00:00\",\"dateModified\":\"2026-02-27T08:12:17+00:00\",\"mainEntityOfPage\":{\"@id\":\"https:\\\/\\\/www.sindicaturabarcelona.cat\\\/ca\\\/la-sindicatura-presenta-la-seva-prova-pilot-conjunta-amb-linstitut-municipal-de-persones-amb-discapacitat-en-el-marc-de-la-trobada-anual-del-projecte-europeu-idem\\\/\"},\"wordCount\":415,\"publisher\":{\"@id\":\"https:\\\/\\\/www.sindicaturabarcelona.cat\\\/ca\\\/#organization\"},\"image\":{\"@id\":\"https:\\\/\\\/www.sindicaturabarcelona.cat\\\/ca\\\/la-sindicatura-presenta-la-seva-prova-pilot-conjunta-amb-linstitut-municipal-de-persones-amb-discapacitat-en-el-marc-de-la-trobada-anual-del-projecte-europeu-idem\\\/#primaryimage\"},\"thumbnailUrl\":\"https:\\\/\\\/www.sindicaturabarcelona.cat\\\/wp-content\\\/uploads\\\/iDEM-scaled.jpg\",\"inLanguage\":\"ca\"},{\"@type\":\"WebPage\",\"@id\":\"https:\\\/\\\/www.sindicaturabarcelona.cat\\\/ca\\\/la-sindicatura-presenta-la-seva-prova-pilot-conjunta-amb-linstitut-municipal-de-persones-amb-discapacitat-en-el-marc-de-la-trobada-anual-del-projecte-europeu-idem\\\/\",\"url\":\"https:\\\/\\\/www.sindicaturabarcelona.cat\\\/ca\\\/la-sindicatura-presenta-la-seva-prova-pilot-conjunta-amb-linstitut-municipal-de-persones-amb-discapacitat-en-el-marc-de-la-trobada-anual-del-projecte-europeu-idem\\\/\",\"name\":\"La Sindicatura presenta la seva prova pilot conjunta amb l\u2019Institut Municipal de Persones amb Discapacitat en el marc de la trobada anual del projecte europeu iDEM - Sindicatura de Greuges de Barcelona\",\"isPartOf\":{\"@id\":\"https:\\\/\\\/www.sindicaturabarcelona.cat\\\/ca\\\/#website\"},\"primaryImageOfPage\":{\"@id\":\"https:\\\/\\\/www.sindicaturabarcelona.cat\\\/ca\\\/la-sindicatura-presenta-la-seva-prova-pilot-conjunta-amb-linstitut-municipal-de-persones-amb-discapacitat-en-el-marc-de-la-trobada-anual-del-projecte-europeu-idem\\\/#primaryimage\"},\"image\":{\"@id\":\"https:\\\/\\\/www.sindicaturabarcelona.cat\\\/ca\\\/la-sindicatura-presenta-la-seva-prova-pilot-conjunta-amb-linstitut-municipal-de-persones-amb-discapacitat-en-el-marc-de-la-trobada-anual-del-projecte-europeu-idem\\\/#primaryimage\"},\"thumbnailUrl\":\"https:\\\/\\\/www.sindicaturabarcelona.cat\\\/wp-content\\\/uploads\\\/iDEM-scaled.jpg\",\"datePublished\":\"2026-02-27T06:49:35+00:00\",\"dateModified\":\"2026-02-27T08:12:17+00:00\",\"description\":\"La Sindicatura i l'Institut Municipal de Persones amb Discapacitat han presentat la seva prova pilot conjunta, que s\u2019executar\u00e0 durant la primavera d\u2019enguany al barri de La Marina.\",\"breadcrumb\":{\"@id\":\"https:\\\/\\\/www.sindicaturabarcelona.cat\\\/ca\\\/la-sindicatura-presenta-la-seva-prova-pilot-conjunta-amb-linstitut-municipal-de-persones-amb-discapacitat-en-el-marc-de-la-trobada-anual-del-projecte-europeu-idem\\\/#breadcrumb\"},\"inLanguage\":\"ca\",\"potentialAction\":[{\"@type\":\"ReadAction\",\"target\":[\"https:\\\/\\\/www.sindicaturabarcelona.cat\\\/ca\\\/la-sindicatura-presenta-la-seva-prova-pilot-conjunta-amb-linstitut-municipal-de-persones-amb-discapacitat-en-el-marc-de-la-trobada-anual-del-projecte-europeu-idem\\\/\"]}]},{\"@type\":\"ImageObject\",\"inLanguage\":\"ca\",\"@id\":\"https:\\\/\\\/www.sindicaturabarcelona.cat\\\/ca\\\/la-sindicatura-presenta-la-seva-prova-pilot-conjunta-amb-linstitut-municipal-de-persones-amb-discapacitat-en-el-marc-de-la-trobada-anual-del-projecte-europeu-idem\\\/#primaryimage\",\"url\":\"https:\\\/\\\/www.sindicaturabarcelona.cat\\\/wp-content\\\/uploads\\\/iDEM-scaled.jpg\",\"contentUrl\":\"https:\\\/\\\/www.sindicaturabarcelona.cat\\\/wp-content\\\/uploads\\\/iDEM-scaled.jpg\",\"width\":2560,\"height\":1920,\"caption\":\"Reuni\u00f3 anual de l'iDEM\"},{\"@type\":\"BreadcrumbList\",\"@id\":\"https:\\\/\\\/www.sindicaturabarcelona.cat\\\/ca\\\/la-sindicatura-presenta-la-seva-prova-pilot-conjunta-amb-linstitut-municipal-de-persones-amb-discapacitat-en-el-marc-de-la-trobada-anual-del-projecte-europeu-idem\\\/#breadcrumb\",\"itemListElement\":[{\"@type\":\"ListItem\",\"position\":1,\"name\":\"Inici\",\"item\":\"https:\\\/\\\/www.sindicaturabarcelona.cat\\\/ca\\\/\"},{\"@type\":\"ListItem\",\"position\":2,\"name\":\"La Sindicatura presenta la seva prova pilot conjunta amb l\u2019Institut Municipal de Persones amb Discapacitat en el marc de la trobada anual del projecte europeu iDEM\"}]},{\"@type\":\"WebSite\",\"@id\":\"https:\\\/\\\/www.sindicaturabarcelona.cat\\\/ca\\\/#website\",\"url\":\"https:\\\/\\\/www.sindicaturabarcelona.cat\\\/ca\\\/\",\"name\":\"Sindicatura de Greuges de Barcelona\",\"description\":\"La defensoria dels teus drets\",\"publisher\":{\"@id\":\"https:\\\/\\\/www.sindicaturabarcelona.cat\\\/ca\\\/#organization\"},\"potentialAction\":[{\"@type\":\"SearchAction\",\"target\":{\"@type\":\"EntryPoint\",\"urlTemplate\":\"https:\\\/\\\/www.sindicaturabarcelona.cat\\\/ca\\\/?s={search_term_string}\"},\"query-input\":{\"@type\":\"PropertyValueSpecification\",\"valueRequired\":true,\"valueName\":\"search_term_string\"}}],\"inLanguage\":\"ca\"},{\"@type\":\"Organization\",\"@id\":\"https:\\\/\\\/www.sindicaturabarcelona.cat\\\/ca\\\/#organization\",\"name\":\"Sindicatura de Greuges de Barcelona\",\"url\":\"https:\\\/\\\/www.sindicaturabarcelona.cat\\\/ca\\\/\",\"logo\":{\"@type\":\"ImageObject\",\"inLanguage\":\"ca\",\"@id\":\"https:\\\/\\\/www.sindicaturabarcelona.cat\\\/ca\\\/#\\\/schema\\\/logo\\\/image\\\/\",\"url\":\"https:\\\/\\\/www.sindicaturabarcelona.cat\\\/wp-content\\\/uploads\\\/2023\\\/02\\\/logo_sindicatura.svg\",\"contentUrl\":\"https:\\\/\\\/www.sindicaturabarcelona.cat\\\/wp-content\\\/uploads\\\/2023\\\/02\\\/logo_sindicatura.svg\",\"caption\":\"Sindicatura de Greuges de Barcelona\"},\"image\":{\"@id\":\"https:\\\/\\\/www.sindicaturabarcelona.cat\\\/ca\\\/#\\\/schema\\\/logo\\\/image\\\/\"},\"sameAs\":[\"https:\\\/\\\/x.com\\\/sindicbarcelona\",\"https:\\\/\\\/www.instagram.com\\\/sindicbarcelona\\\/\",\"https:\\\/\\\/www.tiktok.com\\\/@sindicaturabcn\",\"https:\\\/\\\/t.me\\\/sindicaturabarcelona\"]},{\"@type\":\"Person\",\"@id\":\"https:\\\/\\\/www.sindicaturabarcelona.cat\\\/ca\\\/#\\\/schema\\\/person\\\/0e5acffc350ffdbc97578159322c9452\",\"name\":\"Pablo\",\"image\":{\"@type\":\"ImageObject\",\"inLanguage\":\"ca\",\"@id\":\"https:\\\/\\\/secure.gravatar.com\\\/avatar\\\/c948169b402ef9492afde705c3dfd5e90e1a6a84ef6840a91124f805a25a480f?s=96&d=mm&r=g\",\"url\":\"https:\\\/\\\/secure.gravatar.com\\\/avatar\\\/c948169b402ef9492afde705c3dfd5e90e1a6a84ef6840a91124f805a25a480f?s=96&d=mm&r=g\",\"contentUrl\":\"https:\\\/\\\/secure.gravatar.com\\\/avatar\\\/c948169b402ef9492afde705c3dfd5e90e1a6a84ef6840a91124f805a25a480f?s=96&d=mm&r=g\",\"caption\":\"Pablo\"},\"url\":\"https:\\\/\\\/www.sindicaturabarcelona.cat\\\/ca\\\/author\\\/pablo\\\/\"}]}<\/script>\n<!-- \/ Yoast SEO plugin. -->","yoast_head_json":{"title":"La Sindicatura presenta la seva prova pilot conjunta amb l\u2019Institut Municipal de Persones amb Discapacitat en el marc de la trobada anual del projecte europeu iDEM - Sindicatura de Greuges de Barcelona","description":"La Sindicatura i l'Institut Municipal de Persones amb Discapacitat han presentat la seva prova pilot conjunta, que s\u2019executar\u00e0 durant la primavera d\u2019enguany al barri de La Marina.","robots":{"index":"index","follow":"follow","max-snippet":"max-snippet:-1","max-image-preview":"max-image-preview:large","max-video-preview":"max-video-preview:-1"},"canonical":"https:\/\/www.sindicaturabarcelona.cat\/ca\/la-sindicatura-presenta-la-seva-prova-pilot-conjunta-amb-linstitut-municipal-de-persones-amb-discapacitat-en-el-marc-de-la-trobada-anual-del-projecte-europeu-idem\/","og_locale":"ca_ES","og_type":"article","og_title":"La Sindicatura presenta la seva prova pilot conjunta amb l\u2019Institut Municipal de Persones amb Discapacitat en el marc de la trobada anual del projecte europeu iDEM - Sindicatura de Greuges de Barcelona","og_description":"La Sindicatura i l'Institut Municipal de Persones amb Discapacitat han presentat la seva prova pilot conjunta, que s\u2019executar\u00e0 durant la primavera d\u2019enguany al barri de La Marina.","og_url":"https:\/\/www.sindicaturabarcelona.cat\/ca\/la-sindicatura-presenta-la-seva-prova-pilot-conjunta-amb-linstitut-municipal-de-persones-amb-discapacitat-en-el-marc-de-la-trobada-anual-del-projecte-europeu-idem\/","og_site_name":"Sindicatura de Greuges de Barcelona","article_published_time":"2026-02-27T06:49:35+00:00","article_modified_time":"2026-02-27T08:12:17+00:00","og_image":[{"width":2560,"height":1920,"url":"https:\/\/www.sindicaturabarcelona.cat\/wp-content\/uploads\/iDEM-scaled.jpg","type":"image\/jpeg"}],"author":"Pablo","twitter_card":"summary_large_image","twitter_creator":"@sindicbarcelona","twitter_site":"@sindicbarcelona","twitter_misc":{"Escrit per":"Pablo","Temps estimat de lectura":"3 minuts"},"schema":{"@context":"https:\/\/schema.org","@graph":[{"@type":"Article","@id":"https:\/\/www.sindicaturabarcelona.cat\/ca\/la-sindicatura-presenta-la-seva-prova-pilot-conjunta-amb-linstitut-municipal-de-persones-amb-discapacitat-en-el-marc-de-la-trobada-anual-del-projecte-europeu-idem\/#article","isPartOf":{"@id":"https:\/\/www.sindicaturabarcelona.cat\/ca\/la-sindicatura-presenta-la-seva-prova-pilot-conjunta-amb-linstitut-municipal-de-persones-amb-discapacitat-en-el-marc-de-la-trobada-anual-del-projecte-europeu-idem\/"},"author":{"name":"Pablo","@id":"https:\/\/www.sindicaturabarcelona.cat\/ca\/#\/schema\/person\/0e5acffc350ffdbc97578159322c9452"},"headline":"La Sindicatura presenta la seva prova pilot conjunta amb l\u2019Institut Municipal de Persones amb Discapacitat en el marc de la trobada anual del projecte europeu iDEM","datePublished":"2026-02-27T06:49:35+00:00","dateModified":"2026-02-27T08:12:17+00:00","mainEntityOfPage":{"@id":"https:\/\/www.sindicaturabarcelona.cat\/ca\/la-sindicatura-presenta-la-seva-prova-pilot-conjunta-amb-linstitut-municipal-de-persones-amb-discapacitat-en-el-marc-de-la-trobada-anual-del-projecte-europeu-idem\/"},"wordCount":415,"publisher":{"@id":"https:\/\/www.sindicaturabarcelona.cat\/ca\/#organization"},"image":{"@id":"https:\/\/www.sindicaturabarcelona.cat\/ca\/la-sindicatura-presenta-la-seva-prova-pilot-conjunta-amb-linstitut-municipal-de-persones-amb-discapacitat-en-el-marc-de-la-trobada-anual-del-projecte-europeu-idem\/#primaryimage"},"thumbnailUrl":"https:\/\/www.sindicaturabarcelona.cat\/wp-content\/uploads\/iDEM-scaled.jpg","inLanguage":"ca"},{"@type":"WebPage","@id":"https:\/\/www.sindicaturabarcelona.cat\/ca\/la-sindicatura-presenta-la-seva-prova-pilot-conjunta-amb-linstitut-municipal-de-persones-amb-discapacitat-en-el-marc-de-la-trobada-anual-del-projecte-europeu-idem\/","url":"https:\/\/www.sindicaturabarcelona.cat\/ca\/la-sindicatura-presenta-la-seva-prova-pilot-conjunta-amb-linstitut-municipal-de-persones-amb-discapacitat-en-el-marc-de-la-trobada-anual-del-projecte-europeu-idem\/","name":"La Sindicatura presenta la seva prova pilot conjunta amb l\u2019Institut Municipal de Persones amb Discapacitat en el marc de la trobada anual del projecte europeu iDEM - Sindicatura de Greuges de Barcelona","isPartOf":{"@id":"https:\/\/www.sindicaturabarcelona.cat\/ca\/#website"},"primaryImageOfPage":{"@id":"https:\/\/www.sindicaturabarcelona.cat\/ca\/la-sindicatura-presenta-la-seva-prova-pilot-conjunta-amb-linstitut-municipal-de-persones-amb-discapacitat-en-el-marc-de-la-trobada-anual-del-projecte-europeu-idem\/#primaryimage"},"image":{"@id":"https:\/\/www.sindicaturabarcelona.cat\/ca\/la-sindicatura-presenta-la-seva-prova-pilot-conjunta-amb-linstitut-municipal-de-persones-amb-discapacitat-en-el-marc-de-la-trobada-anual-del-projecte-europeu-idem\/#primaryimage"},"thumbnailUrl":"https:\/\/www.sindicaturabarcelona.cat\/wp-content\/uploads\/iDEM-scaled.jpg","datePublished":"2026-02-27T06:49:35+00:00","dateModified":"2026-02-27T08:12:17+00:00","description":"La Sindicatura i l'Institut Municipal de Persones amb Discapacitat han presentat la seva prova pilot conjunta, que s\u2019executar\u00e0 durant la primavera d\u2019enguany al barri de La Marina.","breadcrumb":{"@id":"https:\/\/www.sindicaturabarcelona.cat\/ca\/la-sindicatura-presenta-la-seva-prova-pilot-conjunta-amb-linstitut-municipal-de-persones-amb-discapacitat-en-el-marc-de-la-trobada-anual-del-projecte-europeu-idem\/#breadcrumb"},"inLanguage":"ca","potentialAction":[{"@type":"ReadAction","target":["https:\/\/www.sindicaturabarcelona.cat\/ca\/la-sindicatura-presenta-la-seva-prova-pilot-conjunta-amb-linstitut-municipal-de-persones-amb-discapacitat-en-el-marc-de-la-trobada-anual-del-projecte-europeu-idem\/"]}]},{"@type":"ImageObject","inLanguage":"ca","@id":"https:\/\/www.sindicaturabarcelona.cat\/ca\/la-sindicatura-presenta-la-seva-prova-pilot-conjunta-amb-linstitut-municipal-de-persones-amb-discapacitat-en-el-marc-de-la-trobada-anual-del-projecte-europeu-idem\/#primaryimage","url":"https:\/\/www.sindicaturabarcelona.cat\/wp-content\/uploads\/iDEM-scaled.jpg","contentUrl":"https:\/\/www.sindicaturabarcelona.cat\/wp-content\/uploads\/iDEM-scaled.jpg","width":2560,"height":1920,"caption":"Reuni\u00f3 anual de l'iDEM"},{"@type":"BreadcrumbList","@id":"https:\/\/www.sindicaturabarcelona.cat\/ca\/la-sindicatura-presenta-la-seva-prova-pilot-conjunta-amb-linstitut-municipal-de-persones-amb-discapacitat-en-el-marc-de-la-trobada-anual-del-projecte-europeu-idem\/#breadcrumb","itemListElement":[{"@type":"ListItem","position":1,"name":"Inici","item":"https:\/\/www.sindicaturabarcelona.cat\/ca\/"},{"@type":"ListItem","position":2,"name":"La Sindicatura presenta la seva prova pilot conjunta amb l\u2019Institut Municipal de Persones amb Discapacitat en el marc de la trobada anual del projecte europeu iDEM"}]},{"@type":"WebSite","@id":"https:\/\/www.sindicaturabarcelona.cat\/ca\/#website","url":"https:\/\/www.sindicaturabarcelona.cat\/ca\/","name":"Sindicatura de Greuges de Barcelona","description":"La defensoria dels teus drets","publisher":{"@id":"https:\/\/www.sindicaturabarcelona.cat\/ca\/#organization"},"potentialAction":[{"@type":"SearchAction","target":{"@type":"EntryPoint","urlTemplate":"https:\/\/www.sindicaturabarcelona.cat\/ca\/?s={search_term_string}"},"query-input":{"@type":"PropertyValueSpecification","valueRequired":true,"valueName":"search_term_string"}}],"inLanguage":"ca"},{"@type":"Organization","@id":"https:\/\/www.sindicaturabarcelona.cat\/ca\/#organization","name":"Sindicatura de Greuges de Barcelona","url":"https:\/\/www.sindicaturabarcelona.cat\/ca\/","logo":{"@type":"ImageObject","inLanguage":"ca","@id":"https:\/\/www.sindicaturabarcelona.cat\/ca\/#\/schema\/logo\/image\/","url":"https:\/\/www.sindicaturabarcelona.cat\/wp-content\/uploads\/2023\/02\/logo_sindicatura.svg","contentUrl":"https:\/\/www.sindicaturabarcelona.cat\/wp-content\/uploads\/2023\/02\/logo_sindicatura.svg","caption":"Sindicatura de Greuges de Barcelona"},"image":{"@id":"https:\/\/www.sindicaturabarcelona.cat\/ca\/#\/schema\/logo\/image\/"},"sameAs":["https:\/\/x.com\/sindicbarcelona","https:\/\/www.instagram.com\/sindicbarcelona\/","https:\/\/www.tiktok.com\/@sindicaturabcn","https:\/\/t.me\/sindicaturabarcelona"]},{"@type":"Person","@id":"https:\/\/www.sindicaturabarcelona.cat\/ca\/#\/schema\/person\/0e5acffc350ffdbc97578159322c9452","name":"Pablo","image":{"@type":"ImageObject","inLanguage":"ca","@id":"https:\/\/secure.gravatar.com\/avatar\/c948169b402ef9492afde705c3dfd5e90e1a6a84ef6840a91124f805a25a480f?s=96&d=mm&r=g","url":"https:\/\/secure.gravatar.com\/avatar\/c948169b402ef9492afde705c3dfd5e90e1a6a84ef6840a91124f805a25a480f?s=96&d=mm&r=g","contentUrl":"https:\/\/secure.gravatar.com\/avatar\/c948169b402ef9492afde705c3dfd5e90e1a6a84ef6840a91124f805a25a480f?s=96&d=mm&r=g","caption":"Pablo"},"url":"https:\/\/www.sindicaturabarcelona.cat\/ca\/author\/pablo\/"}]}},"_links":{"self":[{"href":"https:\/\/www.sindicaturabarcelona.cat\/ca\/wp-json\/wp\/v2\/posts\/41905","targetHints":{"allow":["GET"]}}],"collection":[{"href":"https:\/\/www.sindicaturabarcelona.cat\/ca\/wp-json\/wp\/v2\/posts"}],"about":[{"href":"https:\/\/www.sindicaturabarcelona.cat\/ca\/wp-json\/wp\/v2\/types\/post"}],"author":[{"embeddable":true,"href":"https:\/\/www.sindicaturabarcelona.cat\/ca\/wp-json\/wp\/v2\/users\/2"}],"replies":[{"embeddable":true,"href":"https:\/\/www.sindicaturabarcelona.cat\/ca\/wp-json\/wp\/v2\/comments?post=41905"}],"version-history":[{"count":1,"href":"https:\/\/www.sindicaturabarcelona.cat\/ca\/wp-json\/wp\/v2\/posts\/41905\/revisions"}],"predecessor-version":[{"id":41909,"href":"https:\/\/www.sindicaturabarcelona.cat\/ca\/wp-json\/wp\/v2\/posts\/41905\/revisions\/41909"}],"wp:featuredmedia":[{"embeddable":true,"href":"https:\/\/www.sindicaturabarcelona.cat\/ca\/wp-json\/wp\/v2\/media\/41906"}],"wp:attachment":[{"href":"https:\/\/www.sindicaturabarcelona.cat\/ca\/wp-json\/wp\/v2\/media?parent=41905"}],"wp:term":[{"taxonomy":"post_tag","embeddable":true,"href":"https:\/\/www.sindicaturabarcelona.cat\/ca\/wp-json\/wp\/v2\/tags?post=41905"},{"taxonomy":"drets","embeddable":true,"href":"https:\/\/www.sindicaturabarcelona.cat\/ca\/wp-json\/wp\/v2\/drets?post=41905"}],"curies":[{"name":"wp","href":"https:\/\/api.w.org\/{rel}","templated":true}]}}