{"id":41659,"date":"2026-02-13T08:00:00","date_gmt":"2026-02-13T06:00:00","guid":{"rendered":"https:\/\/www.sindicaturabarcelona.cat\/?p=41659"},"modified":"2026-02-16T14:08:39","modified_gmt":"2026-02-16T12:08:39","slug":"sindicatura-greuges-barcelona-presenta-els-73","status":"publish","type":"post","link":"https:\/\/www.sindicaturabarcelona.cat\/ca\/sindicatura-greuges-barcelona-presenta-els-73\/","title":{"rendered":"La Sindicatura de Greuges de Barcelona\u00a0presenta\u00a0&#8220;Els 73&#8221;, un programa per apropar la defensoria als barris al costat de r\u00e0dios comunit\u00e0ries\u00a0"},"content":{"rendered":"\n<h2 class=\"wp-block-heading\"><strong>Es tracta d\u2019un conjunt&nbsp;de&nbsp;videop\u00f2dcast&nbsp;que tenen&nbsp;per objectiu recuperar el sentit de la ciutat; el nom respon al nombre de barris que t\u00e9&nbsp;Barcelona<\/strong>&nbsp;<\/h2>\n\n\n\n<h2 class=\"wp-block-heading\"><strong>El primer cap\u00edtol&nbsp;es publicar\u00e0 el 13 de febrer&nbsp;i&nbsp;s\u2019ha realitzat de la m\u00e0 de R\u00e0dio&nbsp;Hostafrancs, reunint ve\u00efnat i entitats en un di\u00e0leg obert sobre la vida i inquietuds als barris amb un to&nbsp;propositiu&nbsp;<\/strong>&nbsp;<\/h2>\n\n\n\n<p>La Sindicatura de Greuges de Barcelona presenta&nbsp;<strong><em>Els 73<\/em><\/strong>, un programa de&nbsp;<strong>videop\u00f2dcast<\/strong>&nbsp;pensat per explicar de manera propera i din\u00e0mica la tasca que impulsa la defensoria al costat del ve\u00efnat. El projecte tamb\u00e9 busca refor\u00e7ar el vincle amb el teixit associatiu i posa en valor el paper de les&nbsp;<strong>r\u00e0dios comunit\u00e0ries<\/strong>, generant espais de di\u00e0leg entre entitats i agents de canvi&nbsp;amb el s\u00edndic de Greuges de Barcelona,&nbsp;<strong>David&nbsp;Bondia<\/strong>.&nbsp;L\u2019objectiu&nbsp;\u00e9s apropar la Sindicatura als barris i a les realitats quotidianes de Barcelona.&nbsp;<\/p>\n\n\n\n<p>El programa, presentat per la periodista i polit\u00f2loga&nbsp;<strong>Andrea&nbsp;Gumes<\/strong>, s\u2019ha&nbsp;desenvolupat&nbsp;en cooperaci\u00f3&nbsp;amb la&nbsp;<a href=\"https:\/\/www.barcelona.cat\/xrcb\/ca\" target=\"_blank\" rel=\"noreferrer noopener\"><strong>Xarxa de R\u00e0dios Comunit\u00e0ries de Barcelona<\/strong><\/a><strong>&nbsp;i el&nbsp;<\/strong><a href=\"https:\/\/www.cab.cat\/\" target=\"_blank\" rel=\"noreferrer noopener\"><strong>Consell d\u2019Associacions de Barcelona<\/strong><\/a>. En aquesta primera etapa es publicaran sis&nbsp;videop\u00f2dcast&nbsp;d\u2019uns 50 minuts de durada. A cada episodi,&nbsp;Bondia&nbsp;conversa directament amb ve\u00efns i representants d\u2019entitats per explicar la funci\u00f3 de la Sindicatura, escoltar experi\u00e8ncies i compartir reflexions sobre la ciutat.&nbsp;<\/p>\n\n\n\n<figure class=\"wp-block-embed is-type-video is-provider-youtube wp-block-embed-youtube wp-embed-aspect-16-9 wp-has-aspect-ratio\"><div class=\"wp-block-embed__wrapper\">\n<div class=\"video-wrapper\"><iframe loading=\"lazy\" title=\"Els 73, el videop\u00f2dcast de la Sindicatura | Cap\u00edtol 1: Hostafrancs i la Bordeta.\" width=\"640\" height=\"360\" src=\"https:\/\/www.youtube.com\/embed\/8DACu6znlgk?start=252&#038;feature=oembed\" frameborder=\"0\" allow=\"accelerometer; autoplay; clipboard-write; encrypted-media; gyroscope; picture-in-picture; web-share\" referrerpolicy=\"strict-origin-when-cross-origin\" allowfullscreen><\/iframe><\/div>\n<\/div><\/figure>\n\n\n\n<h2 class=\"wp-block-heading\"><strong>El primer programa, amb R\u00e0dio&nbsp;Hostafrancs<\/strong>&nbsp;<\/h2>\n\n\n\n<p>El primer&nbsp;videop\u00f2dcast&nbsp;<a href=\"https:\/\/www.youtube.com\/watch?v=8DACu6znlgk&amp;t=252s\">s&#8217;ha publicat<\/a> aquest&nbsp;<strong>divendres 13 de febrer<\/strong>, coincidint amb el&nbsp;<strong>Dia Mundial de la R\u00e0dio<\/strong>,&nbsp;i s&#8217;ha fet al costat de&nbsp;<strong>R\u00e0dio&nbsp;Hostafrancs.<\/strong>&nbsp;L\u2019episodi,&nbsp;copresentat&nbsp;amb la periodista i subdirectora de R\u00e0dio&nbsp;Hostafrancs,&nbsp;<strong>Sara Barrera<\/strong>, dona veu a diverses figures del teixit ve\u00efnal i associatiu del barri:&nbsp;<strong>D\u00eddac&nbsp;Boza<\/strong>, periodista i director de R\u00e0dio&nbsp;Hostafrancs;&nbsp;<strong>M\u00f2nica Noguera<\/strong>, presidenta de l\u2019Eix Comercial de Creu Coberta;&nbsp;<strong>Conxita P\u00e9rez<\/strong>, vocal de l\u2019Associaci\u00f3 de Ve\u00efnes i Ve\u00efns&nbsp;d\u2019Hostafrancs;&nbsp;<strong>Llu\u00efsa Erill<\/strong>, presidenta del Secretariat d\u2019Entitats de Sants,&nbsp;Hostafrancs&nbsp;i la Bordeta; i&nbsp;<strong>Daniel&nbsp;Sererols<\/strong>, president de l\u2019Associaci\u00f3 de Ve\u00efns&nbsp;i Ve\u00efnes&nbsp;de la&nbsp;Pla\u00e7a de la Farga. Tamb\u00e9 intervenen a&nbsp;trav\u00e9s de v\u00eddeos&nbsp;<strong>Teresa Villoro<\/strong>, directora del menjador social Fundaci\u00f3&nbsp;Canpedr\u00f3; i&nbsp;<strong>Sa\u00fcl Ferrer<\/strong>, vicepresident de l\u2019Associaci\u00f3 de&nbsp;Ve\u00efnes i Ve\u00efns&nbsp;d\u2019Hostafrancs.&nbsp;<\/p>\n\n\n\n<p>La seg\u00fcent parada del projecte ser\u00e0 amb&nbsp;<strong>R\u00e0dio Ateneu del Clot<\/strong>, el mes de mar\u00e7, continuant aquest recorregut pels barris de la ciutat per refor\u00e7ar la pres\u00e8ncia de la Sindicatura al territori. La gira seguir\u00e0 per diversos barris al llarg de l\u2019any, per\u00f2 el punt d\u2019inflexi\u00f3 ser\u00e0 a l\u2019abril, amb un&nbsp;programa&nbsp;al&nbsp;<strong>Sal\u00f3 de Cent<\/strong>&nbsp;de l\u2019Ajuntament al costat de totes les r\u00e0dios que participen del projecte i&nbsp;del Consell d\u2019Associacions de Barcelona.&nbsp;<\/p>\n\n\n\n<p><strong>Per qu\u00e8 els 73?<\/strong>&nbsp;<\/p>\n\n\n\n<p><em>Els 73<\/em>&nbsp;es presenta sota el lema: \u201cEl&nbsp;videop\u00f2dcast&nbsp;dels 73 barris, 10 districtes i una ciutat, Barcelona. Un programa per recuperar el sentit de la ciutat i dir amb el cap ben alt: soc de Barcelona.\u201d El nom escollit&nbsp;<a href=\"https:\/\/www.instagram.com\/reel\/DUk0SS_DK0U\/?utm_source=ig_web_copy_link&amp;igsh=MzRlODBiNWFlZA==\" target=\"_blank\" rel=\"noreferrer noopener\">respon&nbsp;al&nbsp;nombre&nbsp;de barris que t\u00e9 la ciutat<\/a>, i juga tamb\u00e9 amb el t\u00edtol de la coneguda pel\u00b7l\u00edcula que reivindica la lluita ve\u00efnal&nbsp;per aconseguir un autob\u00fas&nbsp;per Torre Bar\u00f3,&nbsp;<em>El 47<\/em>.&nbsp;<\/p>\n\n\n\n<p>Podeu veure <em>Els 73<\/em>, el videop\u00f2dcast de la Sindicatura a les seg\u00fcents plataformes: <a href=\"https:\/\/go.ivoox.com\/sq\/3110714\" type=\"link\" id=\"https:\/\/go.ivoox.com\/sq\/3110714\">Ivoox<\/a>, <a href=\"https:\/\/open.spotify.com\/episode\/0K0GX5Mxow694zi3YJccUv?si=4364ecf6b5534a5e\">Spotify<\/a>, <a href=\"https:\/\/music.amazon.es\/podcasts\/5f45d1ea-b6de-41d3-9ed3-0c304c9d4f45\/episodes\/1b0405b9-31ab-4c0b-bcbb-2e5887eb4267\/els-73-el-videop%C3%B2dcast-de-la-sindicatura-cap%C3%ADtol-1-hostafrancs-i-la-bordeta-els-73-el-videop%C3%B2dcast-de-la-sindicatura-cap%C3%ADtol-1-hostafrancs-i-la-bordeta\">Amazon Podcasts<\/a>, <a href=\"https:\/\/podcasts.apple.com\/us\/podcast\/els-73-el-videop%C3%B2dcast-de-la-sindicatura-cap%C3%ADtol\/id1877078954\">Apple Podcasts<\/a>.<\/p>\n\n\n\n<p><\/p>\n\n\n\n<p><\/p>\n\n\n\n<p><\/p>\n\n\n\n<p><\/p>\n","protected":false},"excerpt":{"rendered":"<p>Es tracta d\u2019un conjunt&nbsp;de&nbsp;videop\u00f2dcast&nbsp;que tenen&nbsp;per objectiu recuperar el sentit de la ciutat; el nom respon al nombre de barris que t\u00e9&nbsp;Barcelona&nbsp; El primer cap\u00edtol&nbsp;es publicar\u00e0 el 13 de febrer&nbsp;i&nbsp;s\u2019ha realitzat [&hellip;]<\/p>\n","protected":false},"author":7,"featured_media":41660,"comment_status":"closed","ping_status":"closed","sticky":false,"template":"","format":"standard","meta":{"_acf_changed":false,"footnotes":""},"tags":[1697,1699],"drets":[],"class_list":["post-41659","post","type-post","status-publish","format-standard","has-post-thumbnail","hentry","tag-els-73","tag-radio-hostafrancs"],"acf":[],"yoast_head":"<!-- This site is optimized with the Yoast SEO plugin v27.5 - https:\/\/yoast.com\/product\/yoast-seo-wordpress\/ -->\n<title>La Sindicatura de Greuges de Barcelona\u00a0presenta\u00a0&quot;Els 73&quot;, un programa per apropar la defensoria als barris al costat de r\u00e0dios comunit\u00e0ries\u00a0 - Sindicatura de Greuges de Barcelona<\/title>\n<meta name=\"description\" content=\"Es tracta d\u2019un conjunt\u00a0de\u00a0videop\u00f2dcast\u00a0que tenen\u00a0per objectiu recuperar el sentit de la ciutat; el nom respon al nombre de barris que t\u00e9\u00a0Barcelona\u00a0\" \/>\n<meta name=\"robots\" content=\"index, follow, max-snippet:-1, max-image-preview:large, max-video-preview:-1\" \/>\n<link rel=\"canonical\" href=\"https:\/\/www.sindicaturabarcelona.cat\/ca\/sindicatura-greuges-barcelona-presenta-els-73\/\" \/>\n<meta property=\"og:locale\" content=\"ca_ES\" \/>\n<meta property=\"og:type\" content=\"article\" \/>\n<meta property=\"og:title\" content=\"La Sindicatura de Greuges de Barcelona\u00a0presenta\u00a0&quot;Els 73&quot;, un programa per apropar la defensoria als barris al costat de r\u00e0dios comunit\u00e0ries\u00a0 - Sindicatura de Greuges de Barcelona\" \/>\n<meta property=\"og:description\" content=\"Es tracta d\u2019un conjunt\u00a0de\u00a0videop\u00f2dcast\u00a0que tenen\u00a0per objectiu recuperar el sentit de la ciutat; el nom respon al nombre de barris que t\u00e9\u00a0Barcelona\u00a0\" \/>\n<meta property=\"og:url\" content=\"https:\/\/www.sindicaturabarcelona.cat\/ca\/sindicatura-greuges-barcelona-presenta-els-73\/\" \/>\n<meta property=\"og:site_name\" content=\"Sindicatura de Greuges de Barcelona\" \/>\n<meta property=\"article:published_time\" content=\"2026-02-13T06:00:00+00:00\" \/>\n<meta property=\"article:modified_time\" content=\"2026-02-16T12:08:39+00:00\" \/>\n<meta property=\"og:image\" content=\"https:\/\/www.sindicaturabarcelona.cat\/wp-content\/uploads\/General_Els_73.jpg\" \/>\n\t<meta property=\"og:image:width\" content=\"1920\" \/>\n\t<meta property=\"og:image:height\" content=\"1080\" \/>\n\t<meta property=\"og:image:type\" content=\"image\/jpeg\" \/>\n<meta name=\"author\" content=\"Carme Rocamora\" \/>\n<meta name=\"twitter:card\" content=\"summary_large_image\" \/>\n<meta name=\"twitter:creator\" content=\"@sindicbarcelona\" \/>\n<meta name=\"twitter:site\" content=\"@sindicbarcelona\" \/>\n<meta name=\"twitter:label1\" content=\"Escrit per\" \/>\n\t<meta name=\"twitter:data1\" content=\"Carme Rocamora\" \/>\n\t<meta name=\"twitter:label2\" content=\"Temps estimat de lectura\" \/>\n\t<meta name=\"twitter:data2\" content=\"4 minuts\" \/>\n<script type=\"application\/ld+json\" class=\"yoast-schema-graph\">{\"@context\":\"https:\\\/\\\/schema.org\",\"@graph\":[{\"@type\":\"Article\",\"@id\":\"https:\\\/\\\/www.sindicaturabarcelona.cat\\\/ca\\\/sindicatura-greuges-barcelona-presenta-els-73\\\/#article\",\"isPartOf\":{\"@id\":\"https:\\\/\\\/www.sindicaturabarcelona.cat\\\/ca\\\/sindicatura-greuges-barcelona-presenta-els-73\\\/\"},\"author\":{\"name\":\"Carme Rocamora\",\"@id\":\"https:\\\/\\\/www.sindicaturabarcelona.cat\\\/ca\\\/#\\\/schema\\\/person\\\/0690b05fdcbf9e43b34103e845240789\"},\"headline\":\"La Sindicatura de Greuges de Barcelona\u00a0presenta\u00a0&#8220;Els 73&#8221;, un programa per apropar la defensoria als barris al costat de r\u00e0dios comunit\u00e0ries\u00a0\",\"datePublished\":\"2026-02-13T06:00:00+00:00\",\"dateModified\":\"2026-02-16T12:08:39+00:00\",\"mainEntityOfPage\":{\"@id\":\"https:\\\/\\\/www.sindicaturabarcelona.cat\\\/ca\\\/sindicatura-greuges-barcelona-presenta-els-73\\\/\"},\"wordCount\":710,\"publisher\":{\"@id\":\"https:\\\/\\\/www.sindicaturabarcelona.cat\\\/ca\\\/#organization\"},\"image\":{\"@id\":\"https:\\\/\\\/www.sindicaturabarcelona.cat\\\/ca\\\/sindicatura-greuges-barcelona-presenta-els-73\\\/#primaryimage\"},\"thumbnailUrl\":\"https:\\\/\\\/www.sindicaturabarcelona.cat\\\/wp-content\\\/uploads\\\/General_Els_73.jpg\",\"keywords\":[\"Els 73\",\"R\u00e0dio Hostafrancs\"],\"inLanguage\":\"ca\"},{\"@type\":\"WebPage\",\"@id\":\"https:\\\/\\\/www.sindicaturabarcelona.cat\\\/ca\\\/sindicatura-greuges-barcelona-presenta-els-73\\\/\",\"url\":\"https:\\\/\\\/www.sindicaturabarcelona.cat\\\/ca\\\/sindicatura-greuges-barcelona-presenta-els-73\\\/\",\"name\":\"La Sindicatura de Greuges de Barcelona\u00a0presenta\u00a0\\\"Els 73\\\", un programa per apropar la defensoria als barris al costat de r\u00e0dios comunit\u00e0ries\u00a0 - Sindicatura de Greuges de Barcelona\",\"isPartOf\":{\"@id\":\"https:\\\/\\\/www.sindicaturabarcelona.cat\\\/ca\\\/#website\"},\"primaryImageOfPage\":{\"@id\":\"https:\\\/\\\/www.sindicaturabarcelona.cat\\\/ca\\\/sindicatura-greuges-barcelona-presenta-els-73\\\/#primaryimage\"},\"image\":{\"@id\":\"https:\\\/\\\/www.sindicaturabarcelona.cat\\\/ca\\\/sindicatura-greuges-barcelona-presenta-els-73\\\/#primaryimage\"},\"thumbnailUrl\":\"https:\\\/\\\/www.sindicaturabarcelona.cat\\\/wp-content\\\/uploads\\\/General_Els_73.jpg\",\"datePublished\":\"2026-02-13T06:00:00+00:00\",\"dateModified\":\"2026-02-16T12:08:39+00:00\",\"description\":\"Es tracta d\u2019un conjunt\u00a0de\u00a0videop\u00f2dcast\u00a0que tenen\u00a0per objectiu recuperar el sentit de la ciutat; el nom respon al nombre de barris que t\u00e9\u00a0Barcelona\u00a0\",\"breadcrumb\":{\"@id\":\"https:\\\/\\\/www.sindicaturabarcelona.cat\\\/ca\\\/sindicatura-greuges-barcelona-presenta-els-73\\\/#breadcrumb\"},\"inLanguage\":\"ca\",\"potentialAction\":[{\"@type\":\"ReadAction\",\"target\":[\"https:\\\/\\\/www.sindicaturabarcelona.cat\\\/ca\\\/sindicatura-greuges-barcelona-presenta-els-73\\\/\"]}]},{\"@type\":\"ImageObject\",\"inLanguage\":\"ca\",\"@id\":\"https:\\\/\\\/www.sindicaturabarcelona.cat\\\/ca\\\/sindicatura-greuges-barcelona-presenta-els-73\\\/#primaryimage\",\"url\":\"https:\\\/\\\/www.sindicaturabarcelona.cat\\\/wp-content\\\/uploads\\\/General_Els_73.jpg\",\"contentUrl\":\"https:\\\/\\\/www.sindicaturabarcelona.cat\\\/wp-content\\\/uploads\\\/General_Els_73.jpg\",\"width\":1920,\"height\":1080},{\"@type\":\"BreadcrumbList\",\"@id\":\"https:\\\/\\\/www.sindicaturabarcelona.cat\\\/ca\\\/sindicatura-greuges-barcelona-presenta-els-73\\\/#breadcrumb\",\"itemListElement\":[{\"@type\":\"ListItem\",\"position\":1,\"name\":\"Inici\",\"item\":\"https:\\\/\\\/www.sindicaturabarcelona.cat\\\/ca\\\/\"},{\"@type\":\"ListItem\",\"position\":2,\"name\":\"La Sindicatura de Greuges de Barcelona\u00a0presenta\u00a0&#8220;Els 73&#8221;, un programa per apropar la defensoria als barris al costat de r\u00e0dios comunit\u00e0ries\u00a0\"}]},{\"@type\":\"WebSite\",\"@id\":\"https:\\\/\\\/www.sindicaturabarcelona.cat\\\/ca\\\/#website\",\"url\":\"https:\\\/\\\/www.sindicaturabarcelona.cat\\\/ca\\\/\",\"name\":\"Sindicatura de Greuges de Barcelona\",\"description\":\"La defensoria dels teus drets\",\"publisher\":{\"@id\":\"https:\\\/\\\/www.sindicaturabarcelona.cat\\\/ca\\\/#organization\"},\"potentialAction\":[{\"@type\":\"SearchAction\",\"target\":{\"@type\":\"EntryPoint\",\"urlTemplate\":\"https:\\\/\\\/www.sindicaturabarcelona.cat\\\/ca\\\/?s={search_term_string}\"},\"query-input\":{\"@type\":\"PropertyValueSpecification\",\"valueRequired\":true,\"valueName\":\"search_term_string\"}}],\"inLanguage\":\"ca\"},{\"@type\":\"Organization\",\"@id\":\"https:\\\/\\\/www.sindicaturabarcelona.cat\\\/ca\\\/#organization\",\"name\":\"Sindicatura de Greuges de Barcelona\",\"url\":\"https:\\\/\\\/www.sindicaturabarcelona.cat\\\/ca\\\/\",\"logo\":{\"@type\":\"ImageObject\",\"inLanguage\":\"ca\",\"@id\":\"https:\\\/\\\/www.sindicaturabarcelona.cat\\\/ca\\\/#\\\/schema\\\/logo\\\/image\\\/\",\"url\":\"https:\\\/\\\/www.sindicaturabarcelona.cat\\\/wp-content\\\/uploads\\\/2023\\\/02\\\/logo_sindicatura.svg\",\"contentUrl\":\"https:\\\/\\\/www.sindicaturabarcelona.cat\\\/wp-content\\\/uploads\\\/2023\\\/02\\\/logo_sindicatura.svg\",\"caption\":\"Sindicatura de Greuges de Barcelona\"},\"image\":{\"@id\":\"https:\\\/\\\/www.sindicaturabarcelona.cat\\\/ca\\\/#\\\/schema\\\/logo\\\/image\\\/\"},\"sameAs\":[\"https:\\\/\\\/x.com\\\/sindicbarcelona\",\"https:\\\/\\\/www.instagram.com\\\/sindicbarcelona\\\/\",\"https:\\\/\\\/www.tiktok.com\\\/@sindicaturabcn\",\"https:\\\/\\\/t.me\\\/sindicaturabarcelona\"]},{\"@type\":\"Person\",\"@id\":\"https:\\\/\\\/www.sindicaturabarcelona.cat\\\/ca\\\/#\\\/schema\\\/person\\\/0690b05fdcbf9e43b34103e845240789\",\"name\":\"Carme Rocamora\",\"image\":{\"@type\":\"ImageObject\",\"inLanguage\":\"ca\",\"@id\":\"https:\\\/\\\/secure.gravatar.com\\\/avatar\\\/7d5e980ef632f555fa40f97d06e5c8ec4ec568974a95778749d6a6279aa1faef?s=96&d=mm&r=g\",\"url\":\"https:\\\/\\\/secure.gravatar.com\\\/avatar\\\/7d5e980ef632f555fa40f97d06e5c8ec4ec568974a95778749d6a6279aa1faef?s=96&d=mm&r=g\",\"contentUrl\":\"https:\\\/\\\/secure.gravatar.com\\\/avatar\\\/7d5e980ef632f555fa40f97d06e5c8ec4ec568974a95778749d6a6279aa1faef?s=96&d=mm&r=g\",\"caption\":\"Carme Rocamora\"},\"url\":\"https:\\\/\\\/www.sindicaturabarcelona.cat\\\/ca\\\/author\\\/crocamora\\\/\"}]}<\/script>\n<!-- \/ Yoast SEO plugin. -->","yoast_head_json":{"title":"La Sindicatura de Greuges de Barcelona\u00a0presenta\u00a0\"Els 73\", un programa per apropar la defensoria als barris al costat de r\u00e0dios comunit\u00e0ries\u00a0 - Sindicatura de Greuges de Barcelona","description":"Es tracta d\u2019un conjunt\u00a0de\u00a0videop\u00f2dcast\u00a0que tenen\u00a0per objectiu recuperar el sentit de la ciutat; el nom respon al nombre de barris que t\u00e9\u00a0Barcelona\u00a0","robots":{"index":"index","follow":"follow","max-snippet":"max-snippet:-1","max-image-preview":"max-image-preview:large","max-video-preview":"max-video-preview:-1"},"canonical":"https:\/\/www.sindicaturabarcelona.cat\/ca\/sindicatura-greuges-barcelona-presenta-els-73\/","og_locale":"ca_ES","og_type":"article","og_title":"La Sindicatura de Greuges de Barcelona\u00a0presenta\u00a0\"Els 73\", un programa per apropar la defensoria als barris al costat de r\u00e0dios comunit\u00e0ries\u00a0 - Sindicatura de Greuges de Barcelona","og_description":"Es tracta d\u2019un conjunt\u00a0de\u00a0videop\u00f2dcast\u00a0que tenen\u00a0per objectiu recuperar el sentit de la ciutat; el nom respon al nombre de barris que t\u00e9\u00a0Barcelona\u00a0","og_url":"https:\/\/www.sindicaturabarcelona.cat\/ca\/sindicatura-greuges-barcelona-presenta-els-73\/","og_site_name":"Sindicatura de Greuges de Barcelona","article_published_time":"2026-02-13T06:00:00+00:00","article_modified_time":"2026-02-16T12:08:39+00:00","og_image":[{"width":1920,"height":1080,"url":"https:\/\/www.sindicaturabarcelona.cat\/wp-content\/uploads\/General_Els_73.jpg","type":"image\/jpeg"}],"author":"Carme Rocamora","twitter_card":"summary_large_image","twitter_creator":"@sindicbarcelona","twitter_site":"@sindicbarcelona","twitter_misc":{"Escrit per":"Carme Rocamora","Temps estimat de lectura":"4 minuts"},"schema":{"@context":"https:\/\/schema.org","@graph":[{"@type":"Article","@id":"https:\/\/www.sindicaturabarcelona.cat\/ca\/sindicatura-greuges-barcelona-presenta-els-73\/#article","isPartOf":{"@id":"https:\/\/www.sindicaturabarcelona.cat\/ca\/sindicatura-greuges-barcelona-presenta-els-73\/"},"author":{"name":"Carme Rocamora","@id":"https:\/\/www.sindicaturabarcelona.cat\/ca\/#\/schema\/person\/0690b05fdcbf9e43b34103e845240789"},"headline":"La Sindicatura de Greuges de Barcelona\u00a0presenta\u00a0&#8220;Els 73&#8221;, un programa per apropar la defensoria als barris al costat de r\u00e0dios comunit\u00e0ries\u00a0","datePublished":"2026-02-13T06:00:00+00:00","dateModified":"2026-02-16T12:08:39+00:00","mainEntityOfPage":{"@id":"https:\/\/www.sindicaturabarcelona.cat\/ca\/sindicatura-greuges-barcelona-presenta-els-73\/"},"wordCount":710,"publisher":{"@id":"https:\/\/www.sindicaturabarcelona.cat\/ca\/#organization"},"image":{"@id":"https:\/\/www.sindicaturabarcelona.cat\/ca\/sindicatura-greuges-barcelona-presenta-els-73\/#primaryimage"},"thumbnailUrl":"https:\/\/www.sindicaturabarcelona.cat\/wp-content\/uploads\/General_Els_73.jpg","keywords":["Els 73","R\u00e0dio Hostafrancs"],"inLanguage":"ca"},{"@type":"WebPage","@id":"https:\/\/www.sindicaturabarcelona.cat\/ca\/sindicatura-greuges-barcelona-presenta-els-73\/","url":"https:\/\/www.sindicaturabarcelona.cat\/ca\/sindicatura-greuges-barcelona-presenta-els-73\/","name":"La Sindicatura de Greuges de Barcelona\u00a0presenta\u00a0\"Els 73\", un programa per apropar la defensoria als barris al costat de r\u00e0dios comunit\u00e0ries\u00a0 - Sindicatura de Greuges de Barcelona","isPartOf":{"@id":"https:\/\/www.sindicaturabarcelona.cat\/ca\/#website"},"primaryImageOfPage":{"@id":"https:\/\/www.sindicaturabarcelona.cat\/ca\/sindicatura-greuges-barcelona-presenta-els-73\/#primaryimage"},"image":{"@id":"https:\/\/www.sindicaturabarcelona.cat\/ca\/sindicatura-greuges-barcelona-presenta-els-73\/#primaryimage"},"thumbnailUrl":"https:\/\/www.sindicaturabarcelona.cat\/wp-content\/uploads\/General_Els_73.jpg","datePublished":"2026-02-13T06:00:00+00:00","dateModified":"2026-02-16T12:08:39+00:00","description":"Es tracta d\u2019un conjunt\u00a0de\u00a0videop\u00f2dcast\u00a0que tenen\u00a0per objectiu recuperar el sentit de la ciutat; el nom respon al nombre de barris que t\u00e9\u00a0Barcelona\u00a0","breadcrumb":{"@id":"https:\/\/www.sindicaturabarcelona.cat\/ca\/sindicatura-greuges-barcelona-presenta-els-73\/#breadcrumb"},"inLanguage":"ca","potentialAction":[{"@type":"ReadAction","target":["https:\/\/www.sindicaturabarcelona.cat\/ca\/sindicatura-greuges-barcelona-presenta-els-73\/"]}]},{"@type":"ImageObject","inLanguage":"ca","@id":"https:\/\/www.sindicaturabarcelona.cat\/ca\/sindicatura-greuges-barcelona-presenta-els-73\/#primaryimage","url":"https:\/\/www.sindicaturabarcelona.cat\/wp-content\/uploads\/General_Els_73.jpg","contentUrl":"https:\/\/www.sindicaturabarcelona.cat\/wp-content\/uploads\/General_Els_73.jpg","width":1920,"height":1080},{"@type":"BreadcrumbList","@id":"https:\/\/www.sindicaturabarcelona.cat\/ca\/sindicatura-greuges-barcelona-presenta-els-73\/#breadcrumb","itemListElement":[{"@type":"ListItem","position":1,"name":"Inici","item":"https:\/\/www.sindicaturabarcelona.cat\/ca\/"},{"@type":"ListItem","position":2,"name":"La Sindicatura de Greuges de Barcelona\u00a0presenta\u00a0&#8220;Els 73&#8221;, un programa per apropar la defensoria als barris al costat de r\u00e0dios comunit\u00e0ries\u00a0"}]},{"@type":"WebSite","@id":"https:\/\/www.sindicaturabarcelona.cat\/ca\/#website","url":"https:\/\/www.sindicaturabarcelona.cat\/ca\/","name":"Sindicatura de Greuges de Barcelona","description":"La defensoria dels teus drets","publisher":{"@id":"https:\/\/www.sindicaturabarcelona.cat\/ca\/#organization"},"potentialAction":[{"@type":"SearchAction","target":{"@type":"EntryPoint","urlTemplate":"https:\/\/www.sindicaturabarcelona.cat\/ca\/?s={search_term_string}"},"query-input":{"@type":"PropertyValueSpecification","valueRequired":true,"valueName":"search_term_string"}}],"inLanguage":"ca"},{"@type":"Organization","@id":"https:\/\/www.sindicaturabarcelona.cat\/ca\/#organization","name":"Sindicatura de Greuges de Barcelona","url":"https:\/\/www.sindicaturabarcelona.cat\/ca\/","logo":{"@type":"ImageObject","inLanguage":"ca","@id":"https:\/\/www.sindicaturabarcelona.cat\/ca\/#\/schema\/logo\/image\/","url":"https:\/\/www.sindicaturabarcelona.cat\/wp-content\/uploads\/2023\/02\/logo_sindicatura.svg","contentUrl":"https:\/\/www.sindicaturabarcelona.cat\/wp-content\/uploads\/2023\/02\/logo_sindicatura.svg","caption":"Sindicatura de Greuges de Barcelona"},"image":{"@id":"https:\/\/www.sindicaturabarcelona.cat\/ca\/#\/schema\/logo\/image\/"},"sameAs":["https:\/\/x.com\/sindicbarcelona","https:\/\/www.instagram.com\/sindicbarcelona\/","https:\/\/www.tiktok.com\/@sindicaturabcn","https:\/\/t.me\/sindicaturabarcelona"]},{"@type":"Person","@id":"https:\/\/www.sindicaturabarcelona.cat\/ca\/#\/schema\/person\/0690b05fdcbf9e43b34103e845240789","name":"Carme Rocamora","image":{"@type":"ImageObject","inLanguage":"ca","@id":"https:\/\/secure.gravatar.com\/avatar\/7d5e980ef632f555fa40f97d06e5c8ec4ec568974a95778749d6a6279aa1faef?s=96&d=mm&r=g","url":"https:\/\/secure.gravatar.com\/avatar\/7d5e980ef632f555fa40f97d06e5c8ec4ec568974a95778749d6a6279aa1faef?s=96&d=mm&r=g","contentUrl":"https:\/\/secure.gravatar.com\/avatar\/7d5e980ef632f555fa40f97d06e5c8ec4ec568974a95778749d6a6279aa1faef?s=96&d=mm&r=g","caption":"Carme Rocamora"},"url":"https:\/\/www.sindicaturabarcelona.cat\/ca\/author\/crocamora\/"}]}},"_links":{"self":[{"href":"https:\/\/www.sindicaturabarcelona.cat\/ca\/wp-json\/wp\/v2\/posts\/41659","targetHints":{"allow":["GET"]}}],"collection":[{"href":"https:\/\/www.sindicaturabarcelona.cat\/ca\/wp-json\/wp\/v2\/posts"}],"about":[{"href":"https:\/\/www.sindicaturabarcelona.cat\/ca\/wp-json\/wp\/v2\/types\/post"}],"author":[{"embeddable":true,"href":"https:\/\/www.sindicaturabarcelona.cat\/ca\/wp-json\/wp\/v2\/users\/7"}],"replies":[{"embeddable":true,"href":"https:\/\/www.sindicaturabarcelona.cat\/ca\/wp-json\/wp\/v2\/comments?post=41659"}],"version-history":[{"count":9,"href":"https:\/\/www.sindicaturabarcelona.cat\/ca\/wp-json\/wp\/v2\/posts\/41659\/revisions"}],"predecessor-version":[{"id":41710,"href":"https:\/\/www.sindicaturabarcelona.cat\/ca\/wp-json\/wp\/v2\/posts\/41659\/revisions\/41710"}],"wp:featuredmedia":[{"embeddable":true,"href":"https:\/\/www.sindicaturabarcelona.cat\/ca\/wp-json\/wp\/v2\/media\/41660"}],"wp:attachment":[{"href":"https:\/\/www.sindicaturabarcelona.cat\/ca\/wp-json\/wp\/v2\/media?parent=41659"}],"wp:term":[{"taxonomy":"post_tag","embeddable":true,"href":"https:\/\/www.sindicaturabarcelona.cat\/ca\/wp-json\/wp\/v2\/tags?post=41659"},{"taxonomy":"drets","embeddable":true,"href":"https:\/\/www.sindicaturabarcelona.cat\/ca\/wp-json\/wp\/v2\/drets?post=41659"}],"curies":[{"name":"wp","href":"https:\/\/api.w.org\/{rel}","templated":true}]}}