{"id":41607,"date":"2026-02-05T08:00:00","date_gmt":"2026-02-05T06:00:00","guid":{"rendered":"https:\/\/www.sindicaturabarcelona.cat\/?p=41607"},"modified":"2026-02-04T20:00:56","modified_gmt":"2026-02-04T18:00:56","slug":"la-sindicatura-de-greuges-de-barcelona-demana-incrementar-els-recursos-per-als-alumnes-de-lespai-de-migdia","status":"publish","type":"post","link":"https:\/\/www.sindicaturabarcelona.cat\/ca\/la-sindicatura-de-greuges-de-barcelona-demana-incrementar-els-recursos-per-als-alumnes-de-lespai-de-migdia\/","title":{"rendered":"La Sindicatura de Greuges de Barcelona demana\u00a0incrementar els recursos per als alumnes\u00a0de l\u2019espai\u00a0de\u00a0migdia\u00a0"},"content":{"rendered":"\n<h2 class=\"wp-block-heading\"><strong>La defensoria\u00a0considera que\u00a0el Consorci d&#8217;Educaci\u00f3 de Barcelona\u00a0ha d\u2019intensificar els esfor\u00e7os per garantir la plena inclusi\u00f3 de l\u2019alumnat amb necessitats educatives especials<\/strong>\u00a0<\/h2>\n\n\n\n<h2 class=\"wp-block-heading\"><strong>Segons la Fundaci\u00f3 Tot Raval, hi ha infants que no poden\u00a0accedir\u00a0al servei de menjador per manca de suports adequats,\u00a0un fet que\u00a0comporta una\u00a0vulneraci\u00f3\u00a0del seu\u00a0dret a la inclusi\u00f3\u00a0i\u00a0una situaci\u00f3 de discriminaci\u00f3<\/strong>\u00a0<\/h2>\n\n\n\n<p>La Sindicatura de Greuges r<strong>ecomana al Consorci d\u2019Educaci\u00f3&nbsp;de Barcelona&nbsp;que incrementi els recursos per cobrir l\u2019atenci\u00f3 de l\u2019alumnat amb necessitats educatives especials&nbsp;<\/strong>durant&nbsp;<a href=\"https:\/\/educacio.gencat.cat\/ca\/arees-actuacio\/centres-serveis-educatius\/centres\/espai-migdia-menjador\/index.html\" target=\"_blank\" rel=\"noreferrer noopener\">l\u2019espai de migdia,<\/a>&nbsp;que \u00e9s el servei escolar que compr\u00e8n el temps de menjador i lleure entre la jornada lectiva matinal i la tarda.&nbsp;<\/p>\n\n\n\n<p>Aix\u00ed ho ha&nbsp;<a href=\"https:\/\/www.sindicaturabarcelona.cat\/wp-content\/uploads\/202512_Dret-Educacio-Lleure_Tot-Raval-Espai-Migdia-manca-personal-infants-necessitats-especials_25Q497.pdf\" target=\"_blank\" rel=\"noreferrer noopener\">resolt<\/a>&nbsp;la defensoria despr\u00e9s d\u2019haver rebut una&nbsp;<strong>queixa de la&nbsp;<\/strong><a href=\"https:\/\/totraval.org\/ca\" target=\"_blank\" rel=\"noreferrer noopener\"><strong>Fundaci\u00f3 Tot Raval<\/strong><\/a>,&nbsp;en la qual exposa la manca de personal d\u2019atenci\u00f3 educativa per als infants amb necessitats especials durant aquest per\u00edode als centres educatius del barri&nbsp;de Ciutat Vella, una situaci\u00f3 que segons&nbsp;apunta, \u201c<strong>afecta greument el dret a la inclusi\u00f3<\/strong>\u201d.&nbsp;&nbsp;<\/p>\n\n\n\n<h2 class=\"wp-block-heading\"><strong>Uns recursos que han de cr\u00e9ixer<\/strong>&nbsp;<\/h2>\n\n\n\n<p>Avaluats&nbsp;els fets i les normes aplicables, la Sindicatura conclou que en aquest cas l<strong>\u2019actuaci\u00f3 del Consorci ha estat ajustada a dret, per\u00f2 ha de millorar per donar resposta a l\u2019increment de necessitats de suport de l\u2019alumnat amb necessitats a l\u2019espai&nbsp;de migdia<\/strong>.&nbsp;&nbsp;<\/p>\n\n\n\n<p>Aix\u00ed, la Sindicatura defensa que el Consorci, amb l\u2019auxili de les administracions consorciades&nbsp;(l\u2019Administraci\u00f3 de la Generalitat i l\u2019Ajuntament de Barcelona), intensifiqui els esfor\u00e7os per garantir els recursos humans i econ\u00f2mics necessaris per fer efectiva l\u2019<strong>educaci\u00f3 inclusiva<\/strong>.&nbsp;\u201cNom\u00e9s amb una dotaci\u00f3 suficient de personal de suport i un finan\u00e7ament adequat es podr\u00e0 garantir la plena inclusi\u00f3 de l\u2019alumnat amb necessitats especials al sistema educatiu\u201d, afegeix la Sindicatura.&nbsp;<\/p>\n\n\n\n<h2 class=\"wp-block-heading\"><strong>En xifres<\/strong>&nbsp;<\/h2>\n\n\n\n<p>A Catalunya, l\u2019alumnat amb necessitats de suport especials gaireb\u00e9&nbsp;<strong>s\u2019ha duplicat<\/strong>&nbsp;entre el 2022 i el 2025, passant del 18,6% al 36,6%, amb m\u00e9s de 300.000 alumnes que requereixen suports espec\u00edfics, segons dades del Departament d\u2019Educaci\u00f3. No obstant aix\u00f2, la partida destinada a l\u2019atenci\u00f3 de l\u2019alumnat amb necessitats educatives especials no s\u2019ha incrementat en la mesura necess\u00e0ria per donar resposta.&nbsp;<\/p>\n\n\n\n<p>En el cas del barri de Ciutat Vella, la Fundaci\u00f3 Tot Raval&nbsp;assegura que d\u2019acord amb les dades recollides pel 95% dels centres educatius del barri, actualment hi ha&nbsp;<strong>m\u00e9s de 500 infants amb necessitats educatives especials escolaritzats<\/strong>, la meitat dels quals requereixen suport espec\u00edfic durant el temps de menjador i esbarjo. Dins&nbsp;d\u2019aquest grup, 56&nbsp;infants&nbsp;necessiten&nbsp;atenci\u00f3&nbsp;individualitzada, i&nbsp;<strong>14 no poden fer \u00fas del servei de menjador per manca de suports adequats<\/strong>.&nbsp;&nbsp;<\/p>\n\n\n\n<p>Davant d\u2019aquestes dades, el Consorci manifesta que coneix&nbsp;la situaci\u00f3, per\u00f2 afirma que no ha detectat cap&nbsp;ren\u00fancia&nbsp;al servei de menjador per manca de suport.&nbsp;Argumenta tamb\u00e9 que en els darrers anys s\u2019ha incrementat l\u2019assignaci\u00f3 de monitors i monitores als centres de Ciutat Vella.&nbsp;<\/p>\n\n\n\n<p>L\u2019any 2024, el Consorci&nbsp;va aprovar el&nbsp;<strong>Pla de millora per un temps educatiu de migdia m\u00e9s inclusiu<\/strong>, que preveu la millora d\u2019equipaments en centres educatius, l\u2019assessorament als centres, la formaci\u00f3 sistem\u00e0tica del personal de monitoratge i la incorporaci\u00f3 del temps educatiu de migdia en el pla de suport individualitzat a l\u2019alumnat. En aquest sentit, la Sindicatura reconeix i valora positivament les accions dutes a terme per millorar l\u2019atenci\u00f3, per\u00f2 constata que, malgrat l\u2019increment de recursos, e<strong>l personal de suport continua essent insuficient<\/strong>&nbsp;per cobrir amb garanties les necessitats de l\u2019alumnat.&nbsp;<\/p>\n","protected":false},"excerpt":{"rendered":"<p>Despr\u00e9s de resoldre una queixa de la Fundaci\u00f3 Tot Raval, la defensoria considera que el Consorci d&#8217;Educaci\u00f3 de Barcelona ha d&#8217;intensificar els esfor\u00e7os per garantir la plena inclusi\u00f3 de l&#8217;alumnat <\/p>\n","protected":false},"author":7,"featured_media":41604,"comment_status":"closed","ping_status":"closed","sticky":false,"template":"","format":"standard","meta":{"_acf_changed":false,"footnotes":""},"tags":[1692,1234,1691,1479],"drets":[1430,1462,1461,1458],"class_list":["post-41607","post","type-post","status-publish","format-standard","has-post-thumbnail","hentry","tag-consorci-deducacio-de-barcelona","tag-david-bondia","tag-fundacio-tot-raval","tag-sindicatura-de-greuges-de-barcelona","drets-dret-a-educacio-i-lleure","drets-drets-de-la-infancia-i-ladolescencia","drets-drets-de-la-joventut","drets-dret-a-la-igualtat-i-a-la-diversitat"],"acf":[],"yoast_head":"<!-- This site is optimized with the Yoast SEO plugin v27.5 - https:\/\/yoast.com\/product\/yoast-seo-wordpress\/ -->\n<title>La Sindicatura de Greuges de Barcelona demana\u00a0incrementar els recursos per als alumnes\u00a0de l\u2019espai\u00a0de\u00a0migdia\u00a0 - Sindicatura de Greuges de Barcelona<\/title>\n<meta name=\"description\" content=\"Despr\u00e9s de resoldre una queixa de la Fundaci\u00f3 Tot Raval, la Sindicatura considera que el Consorci d&#039;Educaci\u00f3 ha d&#039;intensificar els esfor\u00e7os per garantir la plena inclusi\u00f3\" \/>\n<meta name=\"robots\" content=\"index, follow, max-snippet:-1, max-image-preview:large, max-video-preview:-1\" \/>\n<link rel=\"canonical\" href=\"https:\/\/www.sindicaturabarcelona.cat\/ca\/la-sindicatura-de-greuges-de-barcelona-demana-incrementar-els-recursos-per-als-alumnes-de-lespai-de-migdia\/\" \/>\n<meta property=\"og:locale\" content=\"ca_ES\" \/>\n<meta property=\"og:type\" content=\"article\" \/>\n<meta property=\"og:title\" content=\"La Sindicatura de Greuges de Barcelona demana\u00a0incrementar els recursos per als alumnes\u00a0de l\u2019espai\u00a0de\u00a0migdia\u00a0 - Sindicatura de Greuges de Barcelona\" \/>\n<meta property=\"og:description\" content=\"Despr\u00e9s de resoldre una queixa de la Fundaci\u00f3 Tot Raval, la Sindicatura considera que el Consorci d&#039;Educaci\u00f3 ha d&#039;intensificar els esfor\u00e7os per garantir la plena inclusi\u00f3\" \/>\n<meta property=\"og:url\" content=\"https:\/\/www.sindicaturabarcelona.cat\/ca\/la-sindicatura-de-greuges-de-barcelona-demana-incrementar-els-recursos-per-als-alumnes-de-lespai-de-migdia\/\" \/>\n<meta property=\"og:site_name\" content=\"Sindicatura de Greuges de Barcelona\" \/>\n<meta property=\"article:published_time\" content=\"2026-02-05T06:00:00+00:00\" \/>\n<meta property=\"og:image\" content=\"https:\/\/www.sindicaturabarcelona.cat\/wp-content\/uploads\/un-infant-menja-un-plat-de-macarrons-scaled.jpg\" \/>\n\t<meta property=\"og:image:width\" content=\"2560\" \/>\n\t<meta property=\"og:image:height\" content=\"1708\" \/>\n\t<meta property=\"og:image:type\" content=\"image\/jpeg\" \/>\n<meta name=\"author\" content=\"Carme Rocamora\" \/>\n<meta name=\"twitter:card\" content=\"summary_large_image\" \/>\n<meta name=\"twitter:creator\" content=\"@sindicbarcelona\" \/>\n<meta name=\"twitter:site\" content=\"@sindicbarcelona\" \/>\n<meta name=\"twitter:label1\" content=\"Escrit per\" \/>\n\t<meta name=\"twitter:data1\" content=\"Carme Rocamora\" \/>\n\t<meta name=\"twitter:label2\" content=\"Temps estimat de lectura\" \/>\n\t<meta name=\"twitter:data2\" content=\"4 minuts\" \/>\n<script type=\"application\/ld+json\" class=\"yoast-schema-graph\">{\"@context\":\"https:\\\/\\\/schema.org\",\"@graph\":[{\"@type\":\"Article\",\"@id\":\"https:\\\/\\\/www.sindicaturabarcelona.cat\\\/ca\\\/la-sindicatura-de-greuges-de-barcelona-demana-incrementar-els-recursos-per-als-alumnes-de-lespai-de-migdia\\\/#article\",\"isPartOf\":{\"@id\":\"https:\\\/\\\/www.sindicaturabarcelona.cat\\\/ca\\\/la-sindicatura-de-greuges-de-barcelona-demana-incrementar-els-recursos-per-als-alumnes-de-lespai-de-migdia\\\/\"},\"author\":{\"name\":\"Carme Rocamora\",\"@id\":\"https:\\\/\\\/www.sindicaturabarcelona.cat\\\/ca\\\/#\\\/schema\\\/person\\\/0690b05fdcbf9e43b34103e845240789\"},\"headline\":\"La Sindicatura de Greuges de Barcelona demana\u00a0incrementar els recursos per als alumnes\u00a0de l\u2019espai\u00a0de\u00a0migdia\u00a0\",\"datePublished\":\"2026-02-05T06:00:00+00:00\",\"mainEntityOfPage\":{\"@id\":\"https:\\\/\\\/www.sindicaturabarcelona.cat\\\/ca\\\/la-sindicatura-de-greuges-de-barcelona-demana-incrementar-els-recursos-per-als-alumnes-de-lespai-de-migdia\\\/\"},\"wordCount\":661,\"publisher\":{\"@id\":\"https:\\\/\\\/www.sindicaturabarcelona.cat\\\/ca\\\/#organization\"},\"image\":{\"@id\":\"https:\\\/\\\/www.sindicaturabarcelona.cat\\\/ca\\\/la-sindicatura-de-greuges-de-barcelona-demana-incrementar-els-recursos-per-als-alumnes-de-lespai-de-migdia\\\/#primaryimage\"},\"thumbnailUrl\":\"https:\\\/\\\/www.sindicaturabarcelona.cat\\\/wp-content\\\/uploads\\\/un-infant-menja-un-plat-de-macarrons-scaled.jpg\",\"keywords\":[\"Consorci d'Educaci\u00f3 de Barcelona\",\"david bondia\",\"Fundaci\u00f3 Tot Raval\",\"Sindicatura de Greuges de Barcelona\"],\"inLanguage\":\"ca\"},{\"@type\":\"WebPage\",\"@id\":\"https:\\\/\\\/www.sindicaturabarcelona.cat\\\/ca\\\/la-sindicatura-de-greuges-de-barcelona-demana-incrementar-els-recursos-per-als-alumnes-de-lespai-de-migdia\\\/\",\"url\":\"https:\\\/\\\/www.sindicaturabarcelona.cat\\\/ca\\\/la-sindicatura-de-greuges-de-barcelona-demana-incrementar-els-recursos-per-als-alumnes-de-lespai-de-migdia\\\/\",\"name\":\"La Sindicatura de Greuges de Barcelona demana\u00a0incrementar els recursos per als alumnes\u00a0de l\u2019espai\u00a0de\u00a0migdia\u00a0 - Sindicatura de Greuges de Barcelona\",\"isPartOf\":{\"@id\":\"https:\\\/\\\/www.sindicaturabarcelona.cat\\\/ca\\\/#website\"},\"primaryImageOfPage\":{\"@id\":\"https:\\\/\\\/www.sindicaturabarcelona.cat\\\/ca\\\/la-sindicatura-de-greuges-de-barcelona-demana-incrementar-els-recursos-per-als-alumnes-de-lespai-de-migdia\\\/#primaryimage\"},\"image\":{\"@id\":\"https:\\\/\\\/www.sindicaturabarcelona.cat\\\/ca\\\/la-sindicatura-de-greuges-de-barcelona-demana-incrementar-els-recursos-per-als-alumnes-de-lespai-de-migdia\\\/#primaryimage\"},\"thumbnailUrl\":\"https:\\\/\\\/www.sindicaturabarcelona.cat\\\/wp-content\\\/uploads\\\/un-infant-menja-un-plat-de-macarrons-scaled.jpg\",\"datePublished\":\"2026-02-05T06:00:00+00:00\",\"description\":\"Despr\u00e9s de resoldre una queixa de la Fundaci\u00f3 Tot Raval, la Sindicatura considera que el Consorci d'Educaci\u00f3 ha d'intensificar els esfor\u00e7os per garantir la plena inclusi\u00f3\",\"breadcrumb\":{\"@id\":\"https:\\\/\\\/www.sindicaturabarcelona.cat\\\/ca\\\/la-sindicatura-de-greuges-de-barcelona-demana-incrementar-els-recursos-per-als-alumnes-de-lespai-de-migdia\\\/#breadcrumb\"},\"inLanguage\":\"ca\",\"potentialAction\":[{\"@type\":\"ReadAction\",\"target\":[\"https:\\\/\\\/www.sindicaturabarcelona.cat\\\/ca\\\/la-sindicatura-de-greuges-de-barcelona-demana-incrementar-els-recursos-per-als-alumnes-de-lespai-de-migdia\\\/\"]}]},{\"@type\":\"ImageObject\",\"inLanguage\":\"ca\",\"@id\":\"https:\\\/\\\/www.sindicaturabarcelona.cat\\\/ca\\\/la-sindicatura-de-greuges-de-barcelona-demana-incrementar-els-recursos-per-als-alumnes-de-lespai-de-migdia\\\/#primaryimage\",\"url\":\"https:\\\/\\\/www.sindicaturabarcelona.cat\\\/wp-content\\\/uploads\\\/un-infant-menja-un-plat-de-macarrons-scaled.jpg\",\"contentUrl\":\"https:\\\/\\\/www.sindicaturabarcelona.cat\\\/wp-content\\\/uploads\\\/un-infant-menja-un-plat-de-macarrons-scaled.jpg\",\"width\":2560,\"height\":1708},{\"@type\":\"BreadcrumbList\",\"@id\":\"https:\\\/\\\/www.sindicaturabarcelona.cat\\\/ca\\\/la-sindicatura-de-greuges-de-barcelona-demana-incrementar-els-recursos-per-als-alumnes-de-lespai-de-migdia\\\/#breadcrumb\",\"itemListElement\":[{\"@type\":\"ListItem\",\"position\":1,\"name\":\"Inici\",\"item\":\"https:\\\/\\\/www.sindicaturabarcelona.cat\\\/ca\\\/\"},{\"@type\":\"ListItem\",\"position\":2,\"name\":\"La Sindicatura de Greuges de Barcelona demana\u00a0incrementar els recursos per als alumnes\u00a0de l\u2019espai\u00a0de\u00a0migdia\u00a0\"}]},{\"@type\":\"WebSite\",\"@id\":\"https:\\\/\\\/www.sindicaturabarcelona.cat\\\/ca\\\/#website\",\"url\":\"https:\\\/\\\/www.sindicaturabarcelona.cat\\\/ca\\\/\",\"name\":\"Sindicatura de Greuges de Barcelona\",\"description\":\"La defensoria dels teus drets\",\"publisher\":{\"@id\":\"https:\\\/\\\/www.sindicaturabarcelona.cat\\\/ca\\\/#organization\"},\"potentialAction\":[{\"@type\":\"SearchAction\",\"target\":{\"@type\":\"EntryPoint\",\"urlTemplate\":\"https:\\\/\\\/www.sindicaturabarcelona.cat\\\/ca\\\/?s={search_term_string}\"},\"query-input\":{\"@type\":\"PropertyValueSpecification\",\"valueRequired\":true,\"valueName\":\"search_term_string\"}}],\"inLanguage\":\"ca\"},{\"@type\":\"Organization\",\"@id\":\"https:\\\/\\\/www.sindicaturabarcelona.cat\\\/ca\\\/#organization\",\"name\":\"Sindicatura de Greuges de Barcelona\",\"url\":\"https:\\\/\\\/www.sindicaturabarcelona.cat\\\/ca\\\/\",\"logo\":{\"@type\":\"ImageObject\",\"inLanguage\":\"ca\",\"@id\":\"https:\\\/\\\/www.sindicaturabarcelona.cat\\\/ca\\\/#\\\/schema\\\/logo\\\/image\\\/\",\"url\":\"https:\\\/\\\/www.sindicaturabarcelona.cat\\\/wp-content\\\/uploads\\\/2023\\\/02\\\/logo_sindicatura.svg\",\"contentUrl\":\"https:\\\/\\\/www.sindicaturabarcelona.cat\\\/wp-content\\\/uploads\\\/2023\\\/02\\\/logo_sindicatura.svg\",\"caption\":\"Sindicatura de Greuges de Barcelona\"},\"image\":{\"@id\":\"https:\\\/\\\/www.sindicaturabarcelona.cat\\\/ca\\\/#\\\/schema\\\/logo\\\/image\\\/\"},\"sameAs\":[\"https:\\\/\\\/x.com\\\/sindicbarcelona\",\"https:\\\/\\\/www.instagram.com\\\/sindicbarcelona\\\/\",\"https:\\\/\\\/www.tiktok.com\\\/@sindicaturabcn\",\"https:\\\/\\\/t.me\\\/sindicaturabarcelona\"]},{\"@type\":\"Person\",\"@id\":\"https:\\\/\\\/www.sindicaturabarcelona.cat\\\/ca\\\/#\\\/schema\\\/person\\\/0690b05fdcbf9e43b34103e845240789\",\"name\":\"Carme Rocamora\",\"image\":{\"@type\":\"ImageObject\",\"inLanguage\":\"ca\",\"@id\":\"https:\\\/\\\/secure.gravatar.com\\\/avatar\\\/7d5e980ef632f555fa40f97d06e5c8ec4ec568974a95778749d6a6279aa1faef?s=96&d=mm&r=g\",\"url\":\"https:\\\/\\\/secure.gravatar.com\\\/avatar\\\/7d5e980ef632f555fa40f97d06e5c8ec4ec568974a95778749d6a6279aa1faef?s=96&d=mm&r=g\",\"contentUrl\":\"https:\\\/\\\/secure.gravatar.com\\\/avatar\\\/7d5e980ef632f555fa40f97d06e5c8ec4ec568974a95778749d6a6279aa1faef?s=96&d=mm&r=g\",\"caption\":\"Carme Rocamora\"},\"url\":\"https:\\\/\\\/www.sindicaturabarcelona.cat\\\/ca\\\/author\\\/crocamora\\\/\"}]}<\/script>\n<!-- \/ Yoast SEO plugin. -->","yoast_head_json":{"title":"La Sindicatura de Greuges de Barcelona demana\u00a0incrementar els recursos per als alumnes\u00a0de l\u2019espai\u00a0de\u00a0migdia\u00a0 - Sindicatura de Greuges de Barcelona","description":"Despr\u00e9s de resoldre una queixa de la Fundaci\u00f3 Tot Raval, la Sindicatura considera que el Consorci d'Educaci\u00f3 ha d'intensificar els esfor\u00e7os per garantir la plena inclusi\u00f3","robots":{"index":"index","follow":"follow","max-snippet":"max-snippet:-1","max-image-preview":"max-image-preview:large","max-video-preview":"max-video-preview:-1"},"canonical":"https:\/\/www.sindicaturabarcelona.cat\/ca\/la-sindicatura-de-greuges-de-barcelona-demana-incrementar-els-recursos-per-als-alumnes-de-lespai-de-migdia\/","og_locale":"ca_ES","og_type":"article","og_title":"La Sindicatura de Greuges de Barcelona demana\u00a0incrementar els recursos per als alumnes\u00a0de l\u2019espai\u00a0de\u00a0migdia\u00a0 - Sindicatura de Greuges de Barcelona","og_description":"Despr\u00e9s de resoldre una queixa de la Fundaci\u00f3 Tot Raval, la Sindicatura considera que el Consorci d'Educaci\u00f3 ha d'intensificar els esfor\u00e7os per garantir la plena inclusi\u00f3","og_url":"https:\/\/www.sindicaturabarcelona.cat\/ca\/la-sindicatura-de-greuges-de-barcelona-demana-incrementar-els-recursos-per-als-alumnes-de-lespai-de-migdia\/","og_site_name":"Sindicatura de Greuges de Barcelona","article_published_time":"2026-02-05T06:00:00+00:00","og_image":[{"width":2560,"height":1708,"url":"https:\/\/www.sindicaturabarcelona.cat\/wp-content\/uploads\/un-infant-menja-un-plat-de-macarrons-scaled.jpg","type":"image\/jpeg"}],"author":"Carme Rocamora","twitter_card":"summary_large_image","twitter_creator":"@sindicbarcelona","twitter_site":"@sindicbarcelona","twitter_misc":{"Escrit per":"Carme Rocamora","Temps estimat de lectura":"4 minuts"},"schema":{"@context":"https:\/\/schema.org","@graph":[{"@type":"Article","@id":"https:\/\/www.sindicaturabarcelona.cat\/ca\/la-sindicatura-de-greuges-de-barcelona-demana-incrementar-els-recursos-per-als-alumnes-de-lespai-de-migdia\/#article","isPartOf":{"@id":"https:\/\/www.sindicaturabarcelona.cat\/ca\/la-sindicatura-de-greuges-de-barcelona-demana-incrementar-els-recursos-per-als-alumnes-de-lespai-de-migdia\/"},"author":{"name":"Carme Rocamora","@id":"https:\/\/www.sindicaturabarcelona.cat\/ca\/#\/schema\/person\/0690b05fdcbf9e43b34103e845240789"},"headline":"La Sindicatura de Greuges de Barcelona demana\u00a0incrementar els recursos per als alumnes\u00a0de l\u2019espai\u00a0de\u00a0migdia\u00a0","datePublished":"2026-02-05T06:00:00+00:00","mainEntityOfPage":{"@id":"https:\/\/www.sindicaturabarcelona.cat\/ca\/la-sindicatura-de-greuges-de-barcelona-demana-incrementar-els-recursos-per-als-alumnes-de-lespai-de-migdia\/"},"wordCount":661,"publisher":{"@id":"https:\/\/www.sindicaturabarcelona.cat\/ca\/#organization"},"image":{"@id":"https:\/\/www.sindicaturabarcelona.cat\/ca\/la-sindicatura-de-greuges-de-barcelona-demana-incrementar-els-recursos-per-als-alumnes-de-lespai-de-migdia\/#primaryimage"},"thumbnailUrl":"https:\/\/www.sindicaturabarcelona.cat\/wp-content\/uploads\/un-infant-menja-un-plat-de-macarrons-scaled.jpg","keywords":["Consorci d'Educaci\u00f3 de Barcelona","david bondia","Fundaci\u00f3 Tot Raval","Sindicatura de Greuges de Barcelona"],"inLanguage":"ca"},{"@type":"WebPage","@id":"https:\/\/www.sindicaturabarcelona.cat\/ca\/la-sindicatura-de-greuges-de-barcelona-demana-incrementar-els-recursos-per-als-alumnes-de-lespai-de-migdia\/","url":"https:\/\/www.sindicaturabarcelona.cat\/ca\/la-sindicatura-de-greuges-de-barcelona-demana-incrementar-els-recursos-per-als-alumnes-de-lespai-de-migdia\/","name":"La Sindicatura de Greuges de Barcelona demana\u00a0incrementar els recursos per als alumnes\u00a0de l\u2019espai\u00a0de\u00a0migdia\u00a0 - Sindicatura de Greuges de Barcelona","isPartOf":{"@id":"https:\/\/www.sindicaturabarcelona.cat\/ca\/#website"},"primaryImageOfPage":{"@id":"https:\/\/www.sindicaturabarcelona.cat\/ca\/la-sindicatura-de-greuges-de-barcelona-demana-incrementar-els-recursos-per-als-alumnes-de-lespai-de-migdia\/#primaryimage"},"image":{"@id":"https:\/\/www.sindicaturabarcelona.cat\/ca\/la-sindicatura-de-greuges-de-barcelona-demana-incrementar-els-recursos-per-als-alumnes-de-lespai-de-migdia\/#primaryimage"},"thumbnailUrl":"https:\/\/www.sindicaturabarcelona.cat\/wp-content\/uploads\/un-infant-menja-un-plat-de-macarrons-scaled.jpg","datePublished":"2026-02-05T06:00:00+00:00","description":"Despr\u00e9s de resoldre una queixa de la Fundaci\u00f3 Tot Raval, la Sindicatura considera que el Consorci d'Educaci\u00f3 ha d'intensificar els esfor\u00e7os per garantir la plena inclusi\u00f3","breadcrumb":{"@id":"https:\/\/www.sindicaturabarcelona.cat\/ca\/la-sindicatura-de-greuges-de-barcelona-demana-incrementar-els-recursos-per-als-alumnes-de-lespai-de-migdia\/#breadcrumb"},"inLanguage":"ca","potentialAction":[{"@type":"ReadAction","target":["https:\/\/www.sindicaturabarcelona.cat\/ca\/la-sindicatura-de-greuges-de-barcelona-demana-incrementar-els-recursos-per-als-alumnes-de-lespai-de-migdia\/"]}]},{"@type":"ImageObject","inLanguage":"ca","@id":"https:\/\/www.sindicaturabarcelona.cat\/ca\/la-sindicatura-de-greuges-de-barcelona-demana-incrementar-els-recursos-per-als-alumnes-de-lespai-de-migdia\/#primaryimage","url":"https:\/\/www.sindicaturabarcelona.cat\/wp-content\/uploads\/un-infant-menja-un-plat-de-macarrons-scaled.jpg","contentUrl":"https:\/\/www.sindicaturabarcelona.cat\/wp-content\/uploads\/un-infant-menja-un-plat-de-macarrons-scaled.jpg","width":2560,"height":1708},{"@type":"BreadcrumbList","@id":"https:\/\/www.sindicaturabarcelona.cat\/ca\/la-sindicatura-de-greuges-de-barcelona-demana-incrementar-els-recursos-per-als-alumnes-de-lespai-de-migdia\/#breadcrumb","itemListElement":[{"@type":"ListItem","position":1,"name":"Inici","item":"https:\/\/www.sindicaturabarcelona.cat\/ca\/"},{"@type":"ListItem","position":2,"name":"La Sindicatura de Greuges de Barcelona demana\u00a0incrementar els recursos per als alumnes\u00a0de l\u2019espai\u00a0de\u00a0migdia\u00a0"}]},{"@type":"WebSite","@id":"https:\/\/www.sindicaturabarcelona.cat\/ca\/#website","url":"https:\/\/www.sindicaturabarcelona.cat\/ca\/","name":"Sindicatura de Greuges de Barcelona","description":"La defensoria dels teus drets","publisher":{"@id":"https:\/\/www.sindicaturabarcelona.cat\/ca\/#organization"},"potentialAction":[{"@type":"SearchAction","target":{"@type":"EntryPoint","urlTemplate":"https:\/\/www.sindicaturabarcelona.cat\/ca\/?s={search_term_string}"},"query-input":{"@type":"PropertyValueSpecification","valueRequired":true,"valueName":"search_term_string"}}],"inLanguage":"ca"},{"@type":"Organization","@id":"https:\/\/www.sindicaturabarcelona.cat\/ca\/#organization","name":"Sindicatura de Greuges de Barcelona","url":"https:\/\/www.sindicaturabarcelona.cat\/ca\/","logo":{"@type":"ImageObject","inLanguage":"ca","@id":"https:\/\/www.sindicaturabarcelona.cat\/ca\/#\/schema\/logo\/image\/","url":"https:\/\/www.sindicaturabarcelona.cat\/wp-content\/uploads\/2023\/02\/logo_sindicatura.svg","contentUrl":"https:\/\/www.sindicaturabarcelona.cat\/wp-content\/uploads\/2023\/02\/logo_sindicatura.svg","caption":"Sindicatura de Greuges de Barcelona"},"image":{"@id":"https:\/\/www.sindicaturabarcelona.cat\/ca\/#\/schema\/logo\/image\/"},"sameAs":["https:\/\/x.com\/sindicbarcelona","https:\/\/www.instagram.com\/sindicbarcelona\/","https:\/\/www.tiktok.com\/@sindicaturabcn","https:\/\/t.me\/sindicaturabarcelona"]},{"@type":"Person","@id":"https:\/\/www.sindicaturabarcelona.cat\/ca\/#\/schema\/person\/0690b05fdcbf9e43b34103e845240789","name":"Carme Rocamora","image":{"@type":"ImageObject","inLanguage":"ca","@id":"https:\/\/secure.gravatar.com\/avatar\/7d5e980ef632f555fa40f97d06e5c8ec4ec568974a95778749d6a6279aa1faef?s=96&d=mm&r=g","url":"https:\/\/secure.gravatar.com\/avatar\/7d5e980ef632f555fa40f97d06e5c8ec4ec568974a95778749d6a6279aa1faef?s=96&d=mm&r=g","contentUrl":"https:\/\/secure.gravatar.com\/avatar\/7d5e980ef632f555fa40f97d06e5c8ec4ec568974a95778749d6a6279aa1faef?s=96&d=mm&r=g","caption":"Carme Rocamora"},"url":"https:\/\/www.sindicaturabarcelona.cat\/ca\/author\/crocamora\/"}]}},"_links":{"self":[{"href":"https:\/\/www.sindicaturabarcelona.cat\/ca\/wp-json\/wp\/v2\/posts\/41607","targetHints":{"allow":["GET"]}}],"collection":[{"href":"https:\/\/www.sindicaturabarcelona.cat\/ca\/wp-json\/wp\/v2\/posts"}],"about":[{"href":"https:\/\/www.sindicaturabarcelona.cat\/ca\/wp-json\/wp\/v2\/types\/post"}],"author":[{"embeddable":true,"href":"https:\/\/www.sindicaturabarcelona.cat\/ca\/wp-json\/wp\/v2\/users\/7"}],"replies":[{"embeddable":true,"href":"https:\/\/www.sindicaturabarcelona.cat\/ca\/wp-json\/wp\/v2\/comments?post=41607"}],"version-history":[{"count":2,"href":"https:\/\/www.sindicaturabarcelona.cat\/ca\/wp-json\/wp\/v2\/posts\/41607\/revisions"}],"predecessor-version":[{"id":41616,"href":"https:\/\/www.sindicaturabarcelona.cat\/ca\/wp-json\/wp\/v2\/posts\/41607\/revisions\/41616"}],"wp:featuredmedia":[{"embeddable":true,"href":"https:\/\/www.sindicaturabarcelona.cat\/ca\/wp-json\/wp\/v2\/media\/41604"}],"wp:attachment":[{"href":"https:\/\/www.sindicaturabarcelona.cat\/ca\/wp-json\/wp\/v2\/media?parent=41607"}],"wp:term":[{"taxonomy":"post_tag","embeddable":true,"href":"https:\/\/www.sindicaturabarcelona.cat\/ca\/wp-json\/wp\/v2\/tags?post=41607"},{"taxonomy":"drets","embeddable":true,"href":"https:\/\/www.sindicaturabarcelona.cat\/ca\/wp-json\/wp\/v2\/drets?post=41607"}],"curies":[{"name":"wp","href":"https:\/\/api.w.org\/{rel}","templated":true}]}}