{"id":41443,"date":"2026-01-26T07:30:00","date_gmt":"2026-01-26T05:30:00","guid":{"rendered":"https:\/\/www.sindicaturabarcelona.cat\/?p=41443"},"modified":"2026-01-23T14:59:04","modified_gmt":"2026-01-23T12:59:04","slug":"sindicatura-greuges-barcelona-transport-public-gratuit-persones-jubilades","status":"publish","type":"post","link":"https:\/\/www.sindicaturabarcelona.cat\/ca\/sindicatura-greuges-barcelona-transport-public-gratuit-persones-jubilades\/","title":{"rendered":"La Sindicatura de Barcelona\u00a0proposa avan\u00e7ar cap a la gratu\u00eftat del transport per a les persones jubilades\u00a0"},"content":{"rendered":"\n<h2 class=\"wp-block-heading\"><strong>Considera necessari corregir un greuge territorial que situa els barcelonins i barcelonines en desavantatge respecte de&nbsp;les bonificacions&nbsp;existents&nbsp;a la resta de capitals catalanes i en ciutats o territoris de l&#8217;Estat&nbsp;similars<\/strong>&nbsp;<\/h2>\n\n\n\n<h2 class=\"wp-block-heading\"><strong>Assenyala la incoher\u00e8ncia entre les pol\u00edtiques p\u00fabliques a favor d\u2019una mobilitat sostenible i d\u2019un envelliment actiu, i les limitacions d\u2019acc\u00e9s al transport p\u00fablic per a les persones grans<\/strong><\/h2>\n\n\n\n<p>La Sindicatura de Greuges de Barcelona, despr\u00e9s d\u2019haver rebut diverses queixes de persones pensionistes, ha iniciat una&nbsp;<strong>actuaci\u00f3 d\u2019ofici<\/strong>&nbsp;amb l\u2019objectiu de proposar millores per a garantir un acc\u00e9s efectiu d\u2019aquest col\u00b7lectiu al&nbsp;<strong>transport p\u00fablic<\/strong>,&nbsp;<strong>avan\u00e7ant cap a la gratu\u00eftat<\/strong>, mitjan\u00e7ant la flexibilitzaci\u00f3 dels requisits per accedir a la denominada<strong>&nbsp;<\/strong><a href=\"https:\/\/ajuntament.barcelona.cat\/personesgrans\/ca\/t-metropolitana-targeta-rosa\" target=\"_blank\" rel=\"noreferrer noopener\"><strong>T-metropolitana<\/strong><\/a>, antigament coneguda com la&nbsp;<strong>Targeta&nbsp;rosa<\/strong>.&nbsp;&nbsp;<\/p>\n\n\n\n<p>Les queixes rebudes en els darrers mesos provenen principalment&nbsp;de&nbsp;persones pensionistes, sovint amb una discapacitat reconeguda, que desconeixien l\u2019exist\u00e8ncia d\u2019un&nbsp;<strong>topall d\u2019ingressos<\/strong>&nbsp;per unitat familiar com a requisit per accedir a la T-metropolitana.&nbsp;Concretament, existeixen dues modalitats de la T-metropolitana. D\u2019una banda, la&nbsp;<strong>gratu\u00efta<\/strong>, destinada a les persones amb menys recursos econ\u00f2mics. De l\u2019altra, la&nbsp;<strong>redu\u00efda<\/strong>, que permet adquirir la&nbsp;<a href=\"https:\/\/www.tmb.cat\/ca\/tarifes-metro-bus-barcelona\/t-4\" target=\"_blank\" rel=\"noreferrer noopener\"><strong>T-4<\/strong><\/a><strong>,<\/strong>&nbsp;una targeta de deu viatges a un preu bonificat (2,25 euros).&nbsp;&nbsp;<\/p>\n\n\n\n<p>Per accedir a aquestes bonificacions, per\u00f2, cal complir amb tres&nbsp;<a href=\"https:\/\/www.amb.cat\/ca\/web\/amb\/seu-electronica\/tramits\/detall\/-\/tramit\/sol-licitud-de-la-t-metropolitana-targeta-rosa\/17176884\/11696\" target=\"_blank\" rel=\"noreferrer noopener\"><strong>requisits<\/strong><\/a>:&nbsp;<strong>empadronament<\/strong>&nbsp;en un dels municipis de l\u2019\u00c0rea Metropolitana de Barcelona, tenir m\u00e9s de&nbsp;<strong>60&nbsp;anys&nbsp;<\/strong>o&nbsp;m\u00e9s d\u2019un 33%-,&nbsp;i no superar un determinat&nbsp;<strong>llindar d\u2019ingressos&nbsp;per persona&nbsp;for\u00e7a baix<\/strong>:&nbsp;<strong>9.240\u202f\u20ac&nbsp;l\u2019any per a la gratu\u00efta, i 18.480\u202f\u20ac anuals per a la redu\u00efda<\/strong>.&nbsp;&nbsp;<\/p>\n\n\n\n<p>Amb car\u00e0cter general, la Sindicatura de Greuges de Barcelona ha considerat oport\u00fa i eficient incorporar criteris d\u2019ingressos com a topall per a resultar beneficiari de determinat programa social. Tanmateix, la defensoria es planteja si aquest model \u00e9s adient per al cas espec\u00edfic de les persones grans, majorit\u00e0riament pensionistes, un col\u00b7lectiu que, amb la finalitzaci\u00f3 de la vida laboral, pateix una dr\u00e0stica reducci\u00f3 d\u2019ingressos.&nbsp;<\/p>\n\n\n\n<h2 class=\"wp-block-heading\"><strong>Greuge&nbsp;territorial<\/strong>&nbsp;<\/h2>\n\n\n\n<p>Un altre factor de&nbsp;<strong>greuge territorial<\/strong>&nbsp;en el conjunt de Catalunya, at\u00e8s que&nbsp;a la resta de capitals&nbsp;&#8211;<a href=\"https:\/\/www.tarragona.cat\/institut-municipal-de-serveis-socials\/serveis-equips\/gent-gran\/gent-gran-activa\/serveis\/targeta-de-transport-65-1\" target=\"_blank\" rel=\"noreferrer noopener\"><strong>Tarragona<\/strong><\/a><strong>,&nbsp;<\/strong><a href=\"https:\/\/tramits.paeria.cat\/Ciutadania\/Departamental\/gentgran\/DetallTramit.aspx?IdDepartament=132&amp;IdTramit=484\" target=\"_blank\" rel=\"noreferrer noopener\"><strong>Lleida<\/strong><\/a><strong>&nbsp;i&nbsp;<\/strong><a href=\"https:\/\/www.girona.cat\/adminwebs\/docs\/i\/n\/info-targeta-bus70.pdf\" target=\"_blank\" rel=\"noreferrer noopener\"><strong>Girona-<\/strong><\/a>&nbsp;existeixen&nbsp;t\u00edtols de transport bonificats&nbsp;-majorit\u00e0riament gratu\u00efts- amb requisits m\u00e9s flexibles i, per tant, condicions m\u00e9s favorables per a les persones grans. En altres ciutats estatals amb una dimensi\u00f3 i caracter\u00edstiques similars a Barcelona, com&nbsp;<a href=\"https:\/\/www.crtm.es\/billetes-y-tarifas_old\/billetes-y-abonos\/abono-transporte\/abono-plus65\/\" target=\"_blank\" rel=\"noreferrer noopener\"><strong>Madrid<\/strong>, totes les persones majors de 65 anys poden viatjar de manera gratu\u00efta<\/a>&nbsp;en el conjunt de la comunitat aut\u00f2noma.&nbsp;<\/p>\n\n\n\n<p>Un altre factor de desigualtat \u00e9s que, a l\u2019AMB, totes les persones que van obtenir el&nbsp;<a href=\"https:\/\/www.fgc.cat\/es\/carne-de-pensionista\/\" target=\"_blank\" rel=\"noreferrer noopener\"><strong>carnet de pensionista<\/strong><\/a>&nbsp;abans del 2014 -any en qu\u00e8 el sistema fou modificat- poden accedir a la T-metropolitana sense cap topall d\u2019ingressos.&nbsp;<\/p>\n\n\n\n<p>Per tot plegat, la Sindicatura ha considerat oport\u00fa iniciar una actuaci\u00f3 d\u2019ofici per analitzar en quina mesura el conjunt de les persones grans o amb discapacitat de la ciutat de Barcelona tenen garantits els drets a la mobilitat sostenible i a l\u2019accessibilitat i la inclusi\u00f3. Un cop finalitzada d\u2019actuaci\u00f3,&nbsp;<strong>informar\u00e0 de les conclusions i propostes de millora<\/strong>, si b\u00e9 ja ha detectat que existeixen&nbsp;prou indicis&nbsp;per recomanar avan\u00e7ar cap a la gratu\u00eftat del transport p\u00fablic per a aquest col\u00b7lectiu.&nbsp;<\/p>\n\n\n\n<h2 class=\"wp-block-heading\"><strong>Contradicci\u00f3 amb les pol\u00edtiques p\u00fabliques<\/strong>&nbsp;<\/h2>\n\n\n\n<p>M\u00e9s enll\u00e0 del greuge territorial,&nbsp;<strong>la Sindicatura detecta una incoher\u00e8ncia entre les pol\u00edtiques municipals a favor d\u2019una mobilitat sostenible i d\u2019una gent gran activa i participativa, i les limitacions derivades dels topalls d\u2019ingressos per accedir als ajuts al transport.<\/strong>&nbsp;Aquest gener, l\u2019Ajuntament ha fet p\u00fablic el&nbsp;<a href=\"https:\/\/ajuntament.barcelona.cat\/personesgrans\/ca\/projectes-i-campanyes\/barcelona-ciutat-amigable\" target=\"_blank\" rel=\"noreferrer noopener\">Comprom\u00eds de la ciutat amb les persones grans 2025-2035<\/a>, elaborat pel Consell Assessor de la Gent Gran, que aposta per repensar el model de mobilitat en funci\u00f3 d\u2019una poblaci\u00f3 progressivament m\u00e9s envellida.&nbsp;<\/p>\n\n\n\n<p>\u201cDes de la Sindicatura de Greuges de Barcelona considerem que s\u2019hauria d\u2019avan\u00e7ar cap a la gratu\u00eftat del transport p\u00fablic per a les persones jubilades a la nostra ciutat. Creiem que \u00e9s\u00a0<strong>incoherent fixar nom\u00e9s determinades reduccions per les persones pensionistes, alhora que s\u2019est\u00e0 fent una aposta decidida a favor de la mobilitat sostenible i l\u2019envelliment actiu<\/strong>. Per tant, estimem que com passa en altres ciutats de Catalunya i de l&#8217;estat, les persones majors de 60 anys haurien de tenir acc\u00e9s a la T-metropolitana de forma totalment gratu\u00efta&#8221;, ha apuntat el s\u00edndic, <strong>David\u00a0Bondia<\/strong>.\u00a0<\/p>\n\n\n\n<h2 class=\"wp-block-heading\"><strong>En xifres<\/strong>&nbsp;<\/h2>\n\n\n\n<p>A la prov\u00edncia de Barcelona hi ha prop d\u2019<strong>1.350.000 pensionistes<\/strong>, segons dades oficials de l\u2019Institut Nacional de la Seguretat Social, amb una pensi\u00f3 mitjana anual de 19.684 euros. Aquestes xifres evidencien que&nbsp;<strong>una part significativa de la poblaci\u00f3 queda fora de l\u2019acc\u00e9s a la T-metropolitana<\/strong>, tant en la modalitat gratu\u00efta com en la redu\u00efda.&nbsp;<\/p>\n\n\n\n<p>Pel que fa al topall m\u00e0xim que fa servir l\u2019AMB, aquest s\u2019estableix a partir de l\u2019<a href=\"https:\/\/www.iprem.com.es\/\" target=\"_blank\" rel=\"noreferrer noopener\">IPREM<\/a>, un&nbsp;<strong>\u00edndex estatal creat l\u2019any 2004<\/strong>&nbsp;com a refer\u00e8ncia per a l\u2019acc\u00e9s a determinades prestacions, beneficis o serveis p\u00fablics. S\u2019actualitza cada any mitjan\u00e7ant la Llei de pressupostos, i la darrera actualitzaci\u00f3 es va produir l\u2019any 2023, quan es va fixar el topall de 8.400 \u20ac anuals per a la gratu\u00eftat. No s\u2019han produ\u00eft noves actualitzacions a causa de la pr\u00f2rroga pressupost\u00e0ria.&nbsp;<\/p>\n","protected":false},"excerpt":{"rendered":"<p>Assenyala la incoher\u00e8ncia entre les pol\u00edtiques p\u00fabliques a favor d\u2019una mobilitat sostenible i d\u2019un envelliment actiu, i les limitacions d\u2019acc\u00e9s al transport p\u00fablic per a les persones grans<\/p>\n","protected":false},"author":2,"featured_media":41447,"comment_status":"closed","ping_status":"closed","sticky":false,"template":"","format":"standard","meta":{"_acf_changed":false,"footnotes":""},"tags":[1234,1479],"drets":[1432,1460,1447],"class_list":["post-41443","post","type-post","status-publish","format-standard","has-post-thumbnail","hentry","tag-david-bondia","tag-sindicatura-de-greuges-de-barcelona","drets-drets-culturals","drets-drets-de-la-gent-gran","drets-dret-a-la-mobilitat"],"acf":[],"yoast_head":"<!-- This site is optimized with the Yoast SEO plugin v27.5 - https:\/\/yoast.com\/product\/yoast-seo-wordpress\/ -->\n<title>La Sindicatura de Barcelona\u00a0proposa avan\u00e7ar cap a la gratu\u00eftat del transport per a les persones jubilades\u00a0 - Sindicatura de Greuges de Barcelona<\/title>\n<meta name=\"description\" content=\"Assenyala la incoher\u00e8ncia entre les pol\u00edtiques a favor d\u2019una mobilitat sostenible i d\u2019un envelliment actiu, i les limitacions d\u2019acc\u00e9s al transport\" \/>\n<meta name=\"robots\" content=\"index, follow, max-snippet:-1, max-image-preview:large, max-video-preview:-1\" \/>\n<link rel=\"canonical\" href=\"https:\/\/www.sindicaturabarcelona.cat\/ca\/sindicatura-greuges-barcelona-transport-public-gratuit-persones-jubilades\/\" \/>\n<meta property=\"og:locale\" content=\"ca_ES\" \/>\n<meta property=\"og:type\" content=\"article\" \/>\n<meta property=\"og:title\" content=\"La Sindicatura de Barcelona\u00a0proposa avan\u00e7ar cap a la gratu\u00eftat del transport per a les persones jubilades\u00a0 - Sindicatura de Greuges de Barcelona\" \/>\n<meta property=\"og:description\" content=\"Assenyala la incoher\u00e8ncia entre les pol\u00edtiques a favor d\u2019una mobilitat sostenible i d\u2019un envelliment actiu, i les limitacions d\u2019acc\u00e9s al transport\" \/>\n<meta property=\"og:url\" content=\"https:\/\/www.sindicaturabarcelona.cat\/ca\/sindicatura-greuges-barcelona-transport-public-gratuit-persones-jubilades\/\" \/>\n<meta property=\"og:site_name\" content=\"Sindicatura de Greuges de Barcelona\" \/>\n<meta property=\"article:published_time\" content=\"2026-01-26T05:30:00+00:00\" \/>\n<meta property=\"og:image\" content=\"https:\/\/www.sindicaturabarcelona.cat\/wp-content\/uploads\/T-metropolitana.jpg\" \/>\n\t<meta property=\"og:image:width\" content=\"1024\" \/>\n\t<meta property=\"og:image:height\" content=\"683\" \/>\n\t<meta property=\"og:image:type\" content=\"image\/jpeg\" \/>\n<meta name=\"author\" content=\"Pablo\" \/>\n<meta name=\"twitter:card\" content=\"summary_large_image\" \/>\n<meta name=\"twitter:creator\" content=\"@sindicbarcelona\" \/>\n<meta name=\"twitter:site\" content=\"@sindicbarcelona\" \/>\n<meta name=\"twitter:label1\" content=\"Escrit per\" \/>\n\t<meta name=\"twitter:data1\" content=\"Pablo\" \/>\n\t<meta name=\"twitter:label2\" content=\"Temps estimat de lectura\" \/>\n\t<meta name=\"twitter:data2\" content=\"5 minuts\" \/>\n<script type=\"application\/ld+json\" class=\"yoast-schema-graph\">{\"@context\":\"https:\\\/\\\/schema.org\",\"@graph\":[{\"@type\":\"Article\",\"@id\":\"https:\\\/\\\/www.sindicaturabarcelona.cat\\\/ca\\\/sindicatura-greuges-barcelona-transport-public-gratuit-persones-jubilades\\\/#article\",\"isPartOf\":{\"@id\":\"https:\\\/\\\/www.sindicaturabarcelona.cat\\\/ca\\\/sindicatura-greuges-barcelona-transport-public-gratuit-persones-jubilades\\\/\"},\"author\":{\"name\":\"Pablo\",\"@id\":\"https:\\\/\\\/www.sindicaturabarcelona.cat\\\/ca\\\/#\\\/schema\\\/person\\\/0e5acffc350ffdbc97578159322c9452\"},\"headline\":\"La Sindicatura de Barcelona\u00a0proposa avan\u00e7ar cap a la gratu\u00eftat del transport per a les persones jubilades\u00a0\",\"datePublished\":\"2026-01-26T05:30:00+00:00\",\"mainEntityOfPage\":{\"@id\":\"https:\\\/\\\/www.sindicaturabarcelona.cat\\\/ca\\\/sindicatura-greuges-barcelona-transport-public-gratuit-persones-jubilades\\\/\"},\"wordCount\":1007,\"publisher\":{\"@id\":\"https:\\\/\\\/www.sindicaturabarcelona.cat\\\/ca\\\/#organization\"},\"image\":{\"@id\":\"https:\\\/\\\/www.sindicaturabarcelona.cat\\\/ca\\\/sindicatura-greuges-barcelona-transport-public-gratuit-persones-jubilades\\\/#primaryimage\"},\"thumbnailUrl\":\"https:\\\/\\\/www.sindicaturabarcelona.cat\\\/wp-content\\\/uploads\\\/T-metropolitana.jpg\",\"keywords\":[\"david bondia\",\"Sindicatura de Greuges de Barcelona\"],\"inLanguage\":\"ca\"},{\"@type\":\"WebPage\",\"@id\":\"https:\\\/\\\/www.sindicaturabarcelona.cat\\\/ca\\\/sindicatura-greuges-barcelona-transport-public-gratuit-persones-jubilades\\\/\",\"url\":\"https:\\\/\\\/www.sindicaturabarcelona.cat\\\/ca\\\/sindicatura-greuges-barcelona-transport-public-gratuit-persones-jubilades\\\/\",\"name\":\"La Sindicatura de Barcelona\u00a0proposa avan\u00e7ar cap a la gratu\u00eftat del transport per a les persones jubilades\u00a0 - Sindicatura de Greuges de Barcelona\",\"isPartOf\":{\"@id\":\"https:\\\/\\\/www.sindicaturabarcelona.cat\\\/ca\\\/#website\"},\"primaryImageOfPage\":{\"@id\":\"https:\\\/\\\/www.sindicaturabarcelona.cat\\\/ca\\\/sindicatura-greuges-barcelona-transport-public-gratuit-persones-jubilades\\\/#primaryimage\"},\"image\":{\"@id\":\"https:\\\/\\\/www.sindicaturabarcelona.cat\\\/ca\\\/sindicatura-greuges-barcelona-transport-public-gratuit-persones-jubilades\\\/#primaryimage\"},\"thumbnailUrl\":\"https:\\\/\\\/www.sindicaturabarcelona.cat\\\/wp-content\\\/uploads\\\/T-metropolitana.jpg\",\"datePublished\":\"2026-01-26T05:30:00+00:00\",\"description\":\"Assenyala la incoher\u00e8ncia entre les pol\u00edtiques a favor d\u2019una mobilitat sostenible i d\u2019un envelliment actiu, i les limitacions d\u2019acc\u00e9s al transport\",\"breadcrumb\":{\"@id\":\"https:\\\/\\\/www.sindicaturabarcelona.cat\\\/ca\\\/sindicatura-greuges-barcelona-transport-public-gratuit-persones-jubilades\\\/#breadcrumb\"},\"inLanguage\":\"ca\",\"potentialAction\":[{\"@type\":\"ReadAction\",\"target\":[\"https:\\\/\\\/www.sindicaturabarcelona.cat\\\/ca\\\/sindicatura-greuges-barcelona-transport-public-gratuit-persones-jubilades\\\/\"]}]},{\"@type\":\"ImageObject\",\"inLanguage\":\"ca\",\"@id\":\"https:\\\/\\\/www.sindicaturabarcelona.cat\\\/ca\\\/sindicatura-greuges-barcelona-transport-public-gratuit-persones-jubilades\\\/#primaryimage\",\"url\":\"https:\\\/\\\/www.sindicaturabarcelona.cat\\\/wp-content\\\/uploads\\\/T-metropolitana.jpg\",\"contentUrl\":\"https:\\\/\\\/www.sindicaturabarcelona.cat\\\/wp-content\\\/uploads\\\/T-metropolitana.jpg\",\"width\":1024,\"height\":683},{\"@type\":\"BreadcrumbList\",\"@id\":\"https:\\\/\\\/www.sindicaturabarcelona.cat\\\/ca\\\/sindicatura-greuges-barcelona-transport-public-gratuit-persones-jubilades\\\/#breadcrumb\",\"itemListElement\":[{\"@type\":\"ListItem\",\"position\":1,\"name\":\"Inici\",\"item\":\"https:\\\/\\\/www.sindicaturabarcelona.cat\\\/ca\\\/\"},{\"@type\":\"ListItem\",\"position\":2,\"name\":\"La Sindicatura de Barcelona\u00a0proposa avan\u00e7ar cap a la gratu\u00eftat del transport per a les persones jubilades\u00a0\"}]},{\"@type\":\"WebSite\",\"@id\":\"https:\\\/\\\/www.sindicaturabarcelona.cat\\\/ca\\\/#website\",\"url\":\"https:\\\/\\\/www.sindicaturabarcelona.cat\\\/ca\\\/\",\"name\":\"Sindicatura de Greuges de Barcelona\",\"description\":\"La defensoria dels teus drets\",\"publisher\":{\"@id\":\"https:\\\/\\\/www.sindicaturabarcelona.cat\\\/ca\\\/#organization\"},\"potentialAction\":[{\"@type\":\"SearchAction\",\"target\":{\"@type\":\"EntryPoint\",\"urlTemplate\":\"https:\\\/\\\/www.sindicaturabarcelona.cat\\\/ca\\\/?s={search_term_string}\"},\"query-input\":{\"@type\":\"PropertyValueSpecification\",\"valueRequired\":true,\"valueName\":\"search_term_string\"}}],\"inLanguage\":\"ca\"},{\"@type\":\"Organization\",\"@id\":\"https:\\\/\\\/www.sindicaturabarcelona.cat\\\/ca\\\/#organization\",\"name\":\"Sindicatura de Greuges de Barcelona\",\"url\":\"https:\\\/\\\/www.sindicaturabarcelona.cat\\\/ca\\\/\",\"logo\":{\"@type\":\"ImageObject\",\"inLanguage\":\"ca\",\"@id\":\"https:\\\/\\\/www.sindicaturabarcelona.cat\\\/ca\\\/#\\\/schema\\\/logo\\\/image\\\/\",\"url\":\"https:\\\/\\\/www.sindicaturabarcelona.cat\\\/wp-content\\\/uploads\\\/2023\\\/02\\\/logo_sindicatura.svg\",\"contentUrl\":\"https:\\\/\\\/www.sindicaturabarcelona.cat\\\/wp-content\\\/uploads\\\/2023\\\/02\\\/logo_sindicatura.svg\",\"caption\":\"Sindicatura de Greuges de Barcelona\"},\"image\":{\"@id\":\"https:\\\/\\\/www.sindicaturabarcelona.cat\\\/ca\\\/#\\\/schema\\\/logo\\\/image\\\/\"},\"sameAs\":[\"https:\\\/\\\/x.com\\\/sindicbarcelona\",\"https:\\\/\\\/www.instagram.com\\\/sindicbarcelona\\\/\",\"https:\\\/\\\/www.tiktok.com\\\/@sindicaturabcn\",\"https:\\\/\\\/t.me\\\/sindicaturabarcelona\"]},{\"@type\":\"Person\",\"@id\":\"https:\\\/\\\/www.sindicaturabarcelona.cat\\\/ca\\\/#\\\/schema\\\/person\\\/0e5acffc350ffdbc97578159322c9452\",\"name\":\"Pablo\",\"image\":{\"@type\":\"ImageObject\",\"inLanguage\":\"ca\",\"@id\":\"https:\\\/\\\/secure.gravatar.com\\\/avatar\\\/c948169b402ef9492afde705c3dfd5e90e1a6a84ef6840a91124f805a25a480f?s=96&d=mm&r=g\",\"url\":\"https:\\\/\\\/secure.gravatar.com\\\/avatar\\\/c948169b402ef9492afde705c3dfd5e90e1a6a84ef6840a91124f805a25a480f?s=96&d=mm&r=g\",\"contentUrl\":\"https:\\\/\\\/secure.gravatar.com\\\/avatar\\\/c948169b402ef9492afde705c3dfd5e90e1a6a84ef6840a91124f805a25a480f?s=96&d=mm&r=g\",\"caption\":\"Pablo\"},\"url\":\"https:\\\/\\\/www.sindicaturabarcelona.cat\\\/ca\\\/author\\\/pablo\\\/\"}]}<\/script>\n<!-- \/ Yoast SEO plugin. -->","yoast_head_json":{"title":"La Sindicatura de Barcelona\u00a0proposa avan\u00e7ar cap a la gratu\u00eftat del transport per a les persones jubilades\u00a0 - Sindicatura de Greuges de Barcelona","description":"Assenyala la incoher\u00e8ncia entre les pol\u00edtiques a favor d\u2019una mobilitat sostenible i d\u2019un envelliment actiu, i les limitacions d\u2019acc\u00e9s al transport","robots":{"index":"index","follow":"follow","max-snippet":"max-snippet:-1","max-image-preview":"max-image-preview:large","max-video-preview":"max-video-preview:-1"},"canonical":"https:\/\/www.sindicaturabarcelona.cat\/ca\/sindicatura-greuges-barcelona-transport-public-gratuit-persones-jubilades\/","og_locale":"ca_ES","og_type":"article","og_title":"La Sindicatura de Barcelona\u00a0proposa avan\u00e7ar cap a la gratu\u00eftat del transport per a les persones jubilades\u00a0 - Sindicatura de Greuges de Barcelona","og_description":"Assenyala la incoher\u00e8ncia entre les pol\u00edtiques a favor d\u2019una mobilitat sostenible i d\u2019un envelliment actiu, i les limitacions d\u2019acc\u00e9s al transport","og_url":"https:\/\/www.sindicaturabarcelona.cat\/ca\/sindicatura-greuges-barcelona-transport-public-gratuit-persones-jubilades\/","og_site_name":"Sindicatura de Greuges de Barcelona","article_published_time":"2026-01-26T05:30:00+00:00","og_image":[{"width":1024,"height":683,"url":"https:\/\/www.sindicaturabarcelona.cat\/wp-content\/uploads\/T-metropolitana.jpg","type":"image\/jpeg"}],"author":"Pablo","twitter_card":"summary_large_image","twitter_creator":"@sindicbarcelona","twitter_site":"@sindicbarcelona","twitter_misc":{"Escrit per":"Pablo","Temps estimat de lectura":"5 minuts"},"schema":{"@context":"https:\/\/schema.org","@graph":[{"@type":"Article","@id":"https:\/\/www.sindicaturabarcelona.cat\/ca\/sindicatura-greuges-barcelona-transport-public-gratuit-persones-jubilades\/#article","isPartOf":{"@id":"https:\/\/www.sindicaturabarcelona.cat\/ca\/sindicatura-greuges-barcelona-transport-public-gratuit-persones-jubilades\/"},"author":{"name":"Pablo","@id":"https:\/\/www.sindicaturabarcelona.cat\/ca\/#\/schema\/person\/0e5acffc350ffdbc97578159322c9452"},"headline":"La Sindicatura de Barcelona\u00a0proposa avan\u00e7ar cap a la gratu\u00eftat del transport per a les persones jubilades\u00a0","datePublished":"2026-01-26T05:30:00+00:00","mainEntityOfPage":{"@id":"https:\/\/www.sindicaturabarcelona.cat\/ca\/sindicatura-greuges-barcelona-transport-public-gratuit-persones-jubilades\/"},"wordCount":1007,"publisher":{"@id":"https:\/\/www.sindicaturabarcelona.cat\/ca\/#organization"},"image":{"@id":"https:\/\/www.sindicaturabarcelona.cat\/ca\/sindicatura-greuges-barcelona-transport-public-gratuit-persones-jubilades\/#primaryimage"},"thumbnailUrl":"https:\/\/www.sindicaturabarcelona.cat\/wp-content\/uploads\/T-metropolitana.jpg","keywords":["david bondia","Sindicatura de Greuges de Barcelona"],"inLanguage":"ca"},{"@type":"WebPage","@id":"https:\/\/www.sindicaturabarcelona.cat\/ca\/sindicatura-greuges-barcelona-transport-public-gratuit-persones-jubilades\/","url":"https:\/\/www.sindicaturabarcelona.cat\/ca\/sindicatura-greuges-barcelona-transport-public-gratuit-persones-jubilades\/","name":"La Sindicatura de Barcelona\u00a0proposa avan\u00e7ar cap a la gratu\u00eftat del transport per a les persones jubilades\u00a0 - Sindicatura de Greuges de Barcelona","isPartOf":{"@id":"https:\/\/www.sindicaturabarcelona.cat\/ca\/#website"},"primaryImageOfPage":{"@id":"https:\/\/www.sindicaturabarcelona.cat\/ca\/sindicatura-greuges-barcelona-transport-public-gratuit-persones-jubilades\/#primaryimage"},"image":{"@id":"https:\/\/www.sindicaturabarcelona.cat\/ca\/sindicatura-greuges-barcelona-transport-public-gratuit-persones-jubilades\/#primaryimage"},"thumbnailUrl":"https:\/\/www.sindicaturabarcelona.cat\/wp-content\/uploads\/T-metropolitana.jpg","datePublished":"2026-01-26T05:30:00+00:00","description":"Assenyala la incoher\u00e8ncia entre les pol\u00edtiques a favor d\u2019una mobilitat sostenible i d\u2019un envelliment actiu, i les limitacions d\u2019acc\u00e9s al transport","breadcrumb":{"@id":"https:\/\/www.sindicaturabarcelona.cat\/ca\/sindicatura-greuges-barcelona-transport-public-gratuit-persones-jubilades\/#breadcrumb"},"inLanguage":"ca","potentialAction":[{"@type":"ReadAction","target":["https:\/\/www.sindicaturabarcelona.cat\/ca\/sindicatura-greuges-barcelona-transport-public-gratuit-persones-jubilades\/"]}]},{"@type":"ImageObject","inLanguage":"ca","@id":"https:\/\/www.sindicaturabarcelona.cat\/ca\/sindicatura-greuges-barcelona-transport-public-gratuit-persones-jubilades\/#primaryimage","url":"https:\/\/www.sindicaturabarcelona.cat\/wp-content\/uploads\/T-metropolitana.jpg","contentUrl":"https:\/\/www.sindicaturabarcelona.cat\/wp-content\/uploads\/T-metropolitana.jpg","width":1024,"height":683},{"@type":"BreadcrumbList","@id":"https:\/\/www.sindicaturabarcelona.cat\/ca\/sindicatura-greuges-barcelona-transport-public-gratuit-persones-jubilades\/#breadcrumb","itemListElement":[{"@type":"ListItem","position":1,"name":"Inici","item":"https:\/\/www.sindicaturabarcelona.cat\/ca\/"},{"@type":"ListItem","position":2,"name":"La Sindicatura de Barcelona\u00a0proposa avan\u00e7ar cap a la gratu\u00eftat del transport per a les persones jubilades\u00a0"}]},{"@type":"WebSite","@id":"https:\/\/www.sindicaturabarcelona.cat\/ca\/#website","url":"https:\/\/www.sindicaturabarcelona.cat\/ca\/","name":"Sindicatura de Greuges de Barcelona","description":"La defensoria dels teus drets","publisher":{"@id":"https:\/\/www.sindicaturabarcelona.cat\/ca\/#organization"},"potentialAction":[{"@type":"SearchAction","target":{"@type":"EntryPoint","urlTemplate":"https:\/\/www.sindicaturabarcelona.cat\/ca\/?s={search_term_string}"},"query-input":{"@type":"PropertyValueSpecification","valueRequired":true,"valueName":"search_term_string"}}],"inLanguage":"ca"},{"@type":"Organization","@id":"https:\/\/www.sindicaturabarcelona.cat\/ca\/#organization","name":"Sindicatura de Greuges de Barcelona","url":"https:\/\/www.sindicaturabarcelona.cat\/ca\/","logo":{"@type":"ImageObject","inLanguage":"ca","@id":"https:\/\/www.sindicaturabarcelona.cat\/ca\/#\/schema\/logo\/image\/","url":"https:\/\/www.sindicaturabarcelona.cat\/wp-content\/uploads\/2023\/02\/logo_sindicatura.svg","contentUrl":"https:\/\/www.sindicaturabarcelona.cat\/wp-content\/uploads\/2023\/02\/logo_sindicatura.svg","caption":"Sindicatura de Greuges de Barcelona"},"image":{"@id":"https:\/\/www.sindicaturabarcelona.cat\/ca\/#\/schema\/logo\/image\/"},"sameAs":["https:\/\/x.com\/sindicbarcelona","https:\/\/www.instagram.com\/sindicbarcelona\/","https:\/\/www.tiktok.com\/@sindicaturabcn","https:\/\/t.me\/sindicaturabarcelona"]},{"@type":"Person","@id":"https:\/\/www.sindicaturabarcelona.cat\/ca\/#\/schema\/person\/0e5acffc350ffdbc97578159322c9452","name":"Pablo","image":{"@type":"ImageObject","inLanguage":"ca","@id":"https:\/\/secure.gravatar.com\/avatar\/c948169b402ef9492afde705c3dfd5e90e1a6a84ef6840a91124f805a25a480f?s=96&d=mm&r=g","url":"https:\/\/secure.gravatar.com\/avatar\/c948169b402ef9492afde705c3dfd5e90e1a6a84ef6840a91124f805a25a480f?s=96&d=mm&r=g","contentUrl":"https:\/\/secure.gravatar.com\/avatar\/c948169b402ef9492afde705c3dfd5e90e1a6a84ef6840a91124f805a25a480f?s=96&d=mm&r=g","caption":"Pablo"},"url":"https:\/\/www.sindicaturabarcelona.cat\/ca\/author\/pablo\/"}]}},"_links":{"self":[{"href":"https:\/\/www.sindicaturabarcelona.cat\/ca\/wp-json\/wp\/v2\/posts\/41443","targetHints":{"allow":["GET"]}}],"collection":[{"href":"https:\/\/www.sindicaturabarcelona.cat\/ca\/wp-json\/wp\/v2\/posts"}],"about":[{"href":"https:\/\/www.sindicaturabarcelona.cat\/ca\/wp-json\/wp\/v2\/types\/post"}],"author":[{"embeddable":true,"href":"https:\/\/www.sindicaturabarcelona.cat\/ca\/wp-json\/wp\/v2\/users\/2"}],"replies":[{"embeddable":true,"href":"https:\/\/www.sindicaturabarcelona.cat\/ca\/wp-json\/wp\/v2\/comments?post=41443"}],"version-history":[{"count":3,"href":"https:\/\/www.sindicaturabarcelona.cat\/ca\/wp-json\/wp\/v2\/posts\/41443\/revisions"}],"predecessor-version":[{"id":41446,"href":"https:\/\/www.sindicaturabarcelona.cat\/ca\/wp-json\/wp\/v2\/posts\/41443\/revisions\/41446"}],"wp:featuredmedia":[{"embeddable":true,"href":"https:\/\/www.sindicaturabarcelona.cat\/ca\/wp-json\/wp\/v2\/media\/41447"}],"wp:attachment":[{"href":"https:\/\/www.sindicaturabarcelona.cat\/ca\/wp-json\/wp\/v2\/media?parent=41443"}],"wp:term":[{"taxonomy":"post_tag","embeddable":true,"href":"https:\/\/www.sindicaturabarcelona.cat\/ca\/wp-json\/wp\/v2\/tags?post=41443"},{"taxonomy":"drets","embeddable":true,"href":"https:\/\/www.sindicaturabarcelona.cat\/ca\/wp-json\/wp\/v2\/drets?post=41443"}],"curies":[{"name":"wp","href":"https:\/\/api.w.org\/{rel}","templated":true}]}}