{"id":41129,"date":"2026-01-08T08:00:00","date_gmt":"2026-01-08T06:00:00","guid":{"rendered":"https:\/\/www.sindicaturabarcelona.cat\/?p=41129"},"modified":"2026-01-09T15:22:45","modified_gmt":"2026-01-09T13:22:45","slug":"la-sindicatura-insta-el-port-de-barcelona-a-adoptar-mesures-per-garantir-lus-del-catala-en-el-servei-de-bus-nautic","status":"publish","type":"post","link":"https:\/\/www.sindicaturabarcelona.cat\/ca\/la-sindicatura-insta-el-port-de-barcelona-a-adoptar-mesures-per-garantir-lus-del-catala-en-el-servei-de-bus-nautic\/","title":{"rendered":"La Sindicatura insta el Port de Barcelona a adoptar mesures per garantir l\u2019\u00fas del catal\u00e0 en el servei de Bus N\u00e0utic"},"content":{"rendered":"\n<h2 class=\"wp-block-heading\"><strong>La defensoria <\/strong><a href=\"https:\/\/www.sindicaturabarcelona.cat\/wp-content\/uploads\/202512_Drets-Linguistics-Pluralitat-Bus-Nautic-Moll-Fusta-Hotel-Vela-Catala-Castella_24Q1107.pdf\" target=\"_blank\" rel=\"noreferrer noopener\">resol una queixa<\/a><strong> d\u2019una ciutadana a qui no van respectar els drets ling\u00fc\u00edstics en diverses ocasions quan va fer servir aquest servei p\u00fablic.<\/strong><\/h2>\n\n\n\n<h2 class=\"wp-block-heading\"><strong>El consistori va rebutjar inicialment abordar el cas al\u00b7legant que una empresa \u00e9s la responsable de la gesti\u00f3, per\u00f2 la Sindicatura considera que \u00e9s corresponsable de garantir que el servei es presti de manera adequada.<\/strong><\/h2>\n\n\n\n<p>La ciutadana va manifestar que <strong>no la van atendre en catal\u00e0<\/strong> quan va comprar el bitllet per utilitzar el Bus N\u00e0utic, al Port de Barcelona, tot i haver-ho demanat. A m\u00e9s, no va poder fer la compra del bitllet en aquesta llengua, at\u00e8s que aquest apartat de la p\u00e0gina web estava disponible nom\u00e9s en castell\u00e0.&nbsp;<\/p>\n\n\n\n<p>A m\u00e9s a m\u00e9s, assegura que durant el trajecte es va adre\u00e7ar en catal\u00e0 al personal del bar, per\u00f2 tampoc no la van entendre. Finalment, un cop acabat el viatge, li van remetre una enquesta de satisfacci\u00f3 nom\u00e9s en castell\u00e0.<\/p>\n\n\n\n<h2 class=\"wp-block-heading\"><strong>Qu\u00e8 \u00e9s el Bus N\u00e0utic i qui el gestiona?<\/strong><\/h2>\n\n\n\n<p>\u00c9s un <a href=\"https:\/\/www.alsa.es\/ca\/serveis-turistics\/bus-nautic\">servei p\u00fablic<\/a> que fa una travessia mar\u00edtima <strong>entre el Moll de Drassanes<\/strong>, a tocar de la pla\u00e7a hom\u00f2nima, <strong>i el de Llevant<\/strong>, a la Barceloneta, d\u2019una durada de deu minuts.&nbsp;<\/p>\n\n\n\n<p>Feta la inst\u00e0ncia de la ciutadana pel que considerava que era una vulneraci\u00f3 dels seus drets, l\u2019Ajuntament va respondre que corresponia donar explicacions a l\u2019ens gestor, l\u2019<strong>empresa Alsa<\/strong>, i no al consistori. Finalment, aquesta es va redirigir a l\u2019<strong>Oficina per la No Discriminaci\u00f3<\/strong>, des d\u2019on es va derivar la queixa a la Sindicatura de Greuges de Barcelona, tal com estableix <a href=\"https:\/\/www.sindicaturabarcelona.cat\/wp-content\/uploads\/Conveni-OND.pdf\">el protocol de coordinaci\u00f3<\/a> entre totes dues.&nbsp;<\/p>\n\n\n\n<p>La defensoria valora que <strong>la primera resposta del consistori a la ciutadana no va ser adequada<\/strong>, ja que, si b\u00e9 la gesti\u00f3 del Bus N\u00e0utic correspon a Alsa, l\u2019Ajuntament ha de garantir que el servei es presti amb respecte pels drets de la ciutadania. \u00c9s comprensible que la complexitat organitzativa del Port de Barcelona (gestionat per l\u2019Autoritat Portu\u00e0ria de la ciutat, amb representants de fins a quatre administracions, una de les quals \u00e9s el consistori) pugui\u00a0 generar confusi\u00f3. Tanmateix, <strong>la resposta inicial del consistori hauria d<\/strong>\u2019<strong>haver redirigit la ciutadana a l\u2019\u00f2rgan municipal corresponent<\/strong>: el Port de Barcelona.\u00a0<\/p>\n\n\n\n<p><strong>L<\/strong>\u2019<strong>Ajuntament ha trigat m\u00e9s de sis mesos a facilitar a la Sindicatura la informaci\u00f3 sol\u00b7licitada<\/strong>, un termini que supera el que es pot considerar un temps raonable.<\/p>\n\n\n\n<h2 class=\"wp-block-heading\"><strong>La resposta d\u2019Alsa i del Port a la queixa<\/strong><\/h2>\n\n\n\n<p>L\u2019empresa gestora <strong>es va disculpar<\/strong> per no haver prestat un servei d\u2019acord amb les expectatives de la ciutadana i li va comunicar que traslladaria la situaci\u00f3 a la persona responsable. Ara b\u00e9, <strong>posteriorment no va informar sobre les actuacions adoptades<\/strong> per millorar la prestaci\u00f3 del servei pel que fa a l&#8217;\u00fas del catal\u00e0.<\/p>\n\n\n\n<p>En les cl\u00e0usules que regulen la prestaci\u00f3 del servei no s\u2019especifiquen les obligacions de l\u2019empresa adjudicat\u00e0ria en relaci\u00f3 amb els drets ling\u00fc\u00edstics de les persones usu\u00e0ries. Per aquest motiu, cal atenir-se a <a href=\"https:\/\/portaljuridic.gencat.cat\/ca\/document-del-pjur\/?documentId=171269\">la normativa vigent a Catalunya<\/a>.<\/p>\n\n\n\n<p>Aquesta normativa estableix que <strong>el catal\u00e0 \u00e9s la llengua pr\u00f2pia i la de totes les institucions<\/strong>, incloses les empreses i entitats que ofereixen serveis al p\u00fablic. El catal\u00e0 i el castell\u00e0 es poden emprar en totes les activitats p\u00fabliques i privades, sense discriminaci\u00f3, i les empreses i establiments que venen productes o que presten serveis a Catalunya han de poder atendre les persones consumidores en qualsevol dels dos idiomes. Per tant, <strong>el Bus N\u00e0utic t\u00e9 l<\/strong>\u2019<strong>obligaci\u00f3 de garantir que les persones usu\u00e0ries puguin fer servir el catal\u00e0<\/strong> en tots els tr\u00e0mits.&nbsp;<\/p>\n\n\n\n<p>El Port de Barcelona assegura que ha supervisat els idiomes en qu\u00e8 Alsa facilita la informaci\u00f3. <strong>La principal mancan\u00e7a \u00e9s al web<\/strong>: el contingut del servei de Bus N\u00e0utic est\u00e0 disponible en diverses lleng\u00fces, un dels quals \u00e9s el catal\u00e0, per\u00f2 l\u2019apartat relatiu a les condicions dels abonaments est\u00e0 disponible nom\u00e9s en castell\u00e0.&nbsp;<\/p>\n\n\n\n<p><strong>La defensoria tamb\u00e9 ho ha revisat<\/strong> i ha constatat que aquest apartat ja est\u00e0 tradu\u00eft al catal\u00e0, si b\u00e9 amb algunes paraules incorrectes. A m\u00e9s a m\u00e9s, altres informacions continuen disponibles \u00fanicament en castell\u00e0. Tot i aix\u00f2, la defensoria valora positivament la supervisi\u00f3 feta pel Port de Barcelona, que representa un pas important per garantir els <a href=\"https:\/\/www.sindicaturabarcelona.cat\/ca\/drets\/drets-linguistics\/\">drets ling\u00fc\u00edstics<\/a> de les persones usu\u00e0ries del servei.&nbsp;<\/p>\n\n\n\n<h2 class=\"wp-block-heading\"><strong>Les recomanacions de la Sindicatura de Greuges <\/strong><\/h2>\n\n\n\n<p>Tenint en compte tot aix\u00f2, la defensoria considera en la seva resoluci\u00f3 que l\u2019actuaci\u00f3 del Port de Barcelona <strong>no ha estat ajustada a dret<\/strong>, i recomana al Port:&nbsp;<\/p>\n\n\n\n<ul class=\"wp-block-list\">\n<li>La <strong>revisi\u00f3 dels protocols<\/strong> per garantir una resposta adequada a la ciutadania en relaci\u00f3 amb les queixes o comunicacions relatives al Port de Barcelona.&nbsp;<\/li>\n<\/ul>\n\n\n\n<ul class=\"wp-block-list\">\n<li>La col\u00b7laboraci\u00f3 amb la comissionada d\u2019\u00das Social del Catal\u00e0 per garantir que la ciutadania pugui emprar aquest idioma en totes les activitats p\u00fabliques i privades, sense discriminaci\u00f3, ja <strong>que aquesta t\u00e9 l\u2019obligaci\u00f3 de vetllar pels drets ling\u00fc\u00edstics<\/strong> i garantir que tota la informaci\u00f3 adre\u00e7ada a la ciutadania estigui disponible en catal\u00e0.<\/li>\n<\/ul>\n","protected":false},"excerpt":{"rendered":"<p>La defensoria resol una queixa d\u2019una ciutadana a qui no van respectar els drets ling\u00fc\u00edstics en diverses ocasions quan va fer servir aquest servei p\u00fablic. El consistori va rebutjar inicialment [&hellip;]<\/p>\n","protected":false},"author":2,"featured_media":41131,"comment_status":"closed","ping_status":"closed","sticky":false,"template":"","format":"standard","meta":{"_acf_changed":false,"footnotes":""},"tags":[],"drets":[1442,1457],"class_list":["post-41129","post","type-post","status-publish","format-standard","has-post-thumbnail","hentry","drets-ciutat-diversa","drets-drets-linguistics"],"acf":[],"yoast_head":"<!-- This site is optimized with the Yoast SEO plugin v27.5 - https:\/\/yoast.com\/product\/yoast-seo-wordpress\/ -->\n<title>La Sindicatura insta el Port de Barcelona a adoptar mesures per garantir l\u2019\u00fas del catal\u00e0 en el servei de Bus N\u00e0utic - Sindicatura de Greuges de Barcelona<\/title>\n<meta name=\"description\" content=\"La defensoria resol una queixa d\u2019una ciutadana a qui van vulnerar els drets ling\u00fc\u00edstics en diverses ocasions quan emprar aquest servei\" \/>\n<meta name=\"robots\" content=\"index, follow, max-snippet:-1, max-image-preview:large, max-video-preview:-1\" \/>\n<link rel=\"canonical\" href=\"https:\/\/www.sindicaturabarcelona.cat\/ca\/la-sindicatura-insta-el-port-de-barcelona-a-adoptar-mesures-per-garantir-lus-del-catala-en-el-servei-de-bus-nautic\/\" \/>\n<meta property=\"og:locale\" content=\"ca_ES\" \/>\n<meta property=\"og:type\" content=\"article\" \/>\n<meta property=\"og:title\" content=\"La Sindicatura insta el Port de Barcelona a adoptar mesures per garantir l\u2019\u00fas del catal\u00e0 en el servei de Bus N\u00e0utic - Sindicatura de Greuges de Barcelona\" \/>\n<meta property=\"og:description\" content=\"La defensoria resol una queixa d\u2019una ciutadana a qui van vulnerar els drets ling\u00fc\u00edstics en diverses ocasions quan emprar aquest servei\" \/>\n<meta property=\"og:url\" content=\"https:\/\/www.sindicaturabarcelona.cat\/ca\/la-sindicatura-insta-el-port-de-barcelona-a-adoptar-mesures-per-garantir-lus-del-catala-en-el-servei-de-bus-nautic\/\" \/>\n<meta property=\"og:site_name\" content=\"Sindicatura de Greuges de Barcelona\" \/>\n<meta property=\"article:published_time\" content=\"2026-01-08T06:00:00+00:00\" \/>\n<meta property=\"article:modified_time\" content=\"2026-01-09T13:22:45+00:00\" \/>\n<meta property=\"og:image\" content=\"https:\/\/www.sindicaturabarcelona.cat\/wp-content\/uploads\/passarella-dacces-al-bus-nautic.jpg\" \/>\n\t<meta property=\"og:image:width\" content=\"2000\" \/>\n\t<meta property=\"og:image:height\" content=\"1333\" \/>\n\t<meta property=\"og:image:type\" content=\"image\/jpeg\" \/>\n<meta name=\"author\" content=\"Pablo\" \/>\n<meta name=\"twitter:card\" content=\"summary_large_image\" \/>\n<meta name=\"twitter:creator\" content=\"@sindicbarcelona\" \/>\n<meta name=\"twitter:site\" content=\"@sindicbarcelona\" \/>\n<meta name=\"twitter:label1\" content=\"Escrit per\" \/>\n\t<meta name=\"twitter:data1\" content=\"Pablo\" \/>\n\t<meta name=\"twitter:label2\" content=\"Temps estimat de lectura\" \/>\n\t<meta name=\"twitter:data2\" content=\"5 minuts\" \/>\n<script type=\"application\/ld+json\" class=\"yoast-schema-graph\">{\"@context\":\"https:\\\/\\\/schema.org\",\"@graph\":[{\"@type\":\"Article\",\"@id\":\"https:\\\/\\\/www.sindicaturabarcelona.cat\\\/ca\\\/la-sindicatura-insta-el-port-de-barcelona-a-adoptar-mesures-per-garantir-lus-del-catala-en-el-servei-de-bus-nautic\\\/#article\",\"isPartOf\":{\"@id\":\"https:\\\/\\\/www.sindicaturabarcelona.cat\\\/ca\\\/la-sindicatura-insta-el-port-de-barcelona-a-adoptar-mesures-per-garantir-lus-del-catala-en-el-servei-de-bus-nautic\\\/\"},\"author\":{\"name\":\"Pablo\",\"@id\":\"https:\\\/\\\/www.sindicaturabarcelona.cat\\\/ca\\\/#\\\/schema\\\/person\\\/0e5acffc350ffdbc97578159322c9452\"},\"headline\":\"La Sindicatura insta el Port de Barcelona a adoptar mesures per garantir l\u2019\u00fas del catal\u00e0 en el servei de Bus N\u00e0utic\",\"datePublished\":\"2026-01-08T06:00:00+00:00\",\"dateModified\":\"2026-01-09T13:22:45+00:00\",\"mainEntityOfPage\":{\"@id\":\"https:\\\/\\\/www.sindicaturabarcelona.cat\\\/ca\\\/la-sindicatura-insta-el-port-de-barcelona-a-adoptar-mesures-per-garantir-lus-del-catala-en-el-servei-de-bus-nautic\\\/\"},\"wordCount\":903,\"publisher\":{\"@id\":\"https:\\\/\\\/www.sindicaturabarcelona.cat\\\/ca\\\/#organization\"},\"image\":{\"@id\":\"https:\\\/\\\/www.sindicaturabarcelona.cat\\\/ca\\\/la-sindicatura-insta-el-port-de-barcelona-a-adoptar-mesures-per-garantir-lus-del-catala-en-el-servei-de-bus-nautic\\\/#primaryimage\"},\"thumbnailUrl\":\"https:\\\/\\\/www.sindicaturabarcelona.cat\\\/wp-content\\\/uploads\\\/passarella-dacces-al-bus-nautic.jpg\",\"inLanguage\":\"ca\"},{\"@type\":\"WebPage\",\"@id\":\"https:\\\/\\\/www.sindicaturabarcelona.cat\\\/ca\\\/la-sindicatura-insta-el-port-de-barcelona-a-adoptar-mesures-per-garantir-lus-del-catala-en-el-servei-de-bus-nautic\\\/\",\"url\":\"https:\\\/\\\/www.sindicaturabarcelona.cat\\\/ca\\\/la-sindicatura-insta-el-port-de-barcelona-a-adoptar-mesures-per-garantir-lus-del-catala-en-el-servei-de-bus-nautic\\\/\",\"name\":\"La Sindicatura insta el Port de Barcelona a adoptar mesures per garantir l\u2019\u00fas del catal\u00e0 en el servei de Bus N\u00e0utic - Sindicatura de Greuges de Barcelona\",\"isPartOf\":{\"@id\":\"https:\\\/\\\/www.sindicaturabarcelona.cat\\\/ca\\\/#website\"},\"primaryImageOfPage\":{\"@id\":\"https:\\\/\\\/www.sindicaturabarcelona.cat\\\/ca\\\/la-sindicatura-insta-el-port-de-barcelona-a-adoptar-mesures-per-garantir-lus-del-catala-en-el-servei-de-bus-nautic\\\/#primaryimage\"},\"image\":{\"@id\":\"https:\\\/\\\/www.sindicaturabarcelona.cat\\\/ca\\\/la-sindicatura-insta-el-port-de-barcelona-a-adoptar-mesures-per-garantir-lus-del-catala-en-el-servei-de-bus-nautic\\\/#primaryimage\"},\"thumbnailUrl\":\"https:\\\/\\\/www.sindicaturabarcelona.cat\\\/wp-content\\\/uploads\\\/passarella-dacces-al-bus-nautic.jpg\",\"datePublished\":\"2026-01-08T06:00:00+00:00\",\"dateModified\":\"2026-01-09T13:22:45+00:00\",\"description\":\"La defensoria resol una queixa d\u2019una ciutadana a qui van vulnerar els drets ling\u00fc\u00edstics en diverses ocasions quan emprar aquest servei\",\"breadcrumb\":{\"@id\":\"https:\\\/\\\/www.sindicaturabarcelona.cat\\\/ca\\\/la-sindicatura-insta-el-port-de-barcelona-a-adoptar-mesures-per-garantir-lus-del-catala-en-el-servei-de-bus-nautic\\\/#breadcrumb\"},\"inLanguage\":\"ca\",\"potentialAction\":[{\"@type\":\"ReadAction\",\"target\":[\"https:\\\/\\\/www.sindicaturabarcelona.cat\\\/ca\\\/la-sindicatura-insta-el-port-de-barcelona-a-adoptar-mesures-per-garantir-lus-del-catala-en-el-servei-de-bus-nautic\\\/\"]}]},{\"@type\":\"ImageObject\",\"inLanguage\":\"ca\",\"@id\":\"https:\\\/\\\/www.sindicaturabarcelona.cat\\\/ca\\\/la-sindicatura-insta-el-port-de-barcelona-a-adoptar-mesures-per-garantir-lus-del-catala-en-el-servei-de-bus-nautic\\\/#primaryimage\",\"url\":\"https:\\\/\\\/www.sindicaturabarcelona.cat\\\/wp-content\\\/uploads\\\/passarella-dacces-al-bus-nautic.jpg\",\"contentUrl\":\"https:\\\/\\\/www.sindicaturabarcelona.cat\\\/wp-content\\\/uploads\\\/passarella-dacces-al-bus-nautic.jpg\",\"width\":2000,\"height\":1333},{\"@type\":\"BreadcrumbList\",\"@id\":\"https:\\\/\\\/www.sindicaturabarcelona.cat\\\/ca\\\/la-sindicatura-insta-el-port-de-barcelona-a-adoptar-mesures-per-garantir-lus-del-catala-en-el-servei-de-bus-nautic\\\/#breadcrumb\",\"itemListElement\":[{\"@type\":\"ListItem\",\"position\":1,\"name\":\"Inici\",\"item\":\"https:\\\/\\\/www.sindicaturabarcelona.cat\\\/ca\\\/\"},{\"@type\":\"ListItem\",\"position\":2,\"name\":\"La Sindicatura insta el Port de Barcelona a adoptar mesures per garantir l\u2019\u00fas del catal\u00e0 en el servei de Bus N\u00e0utic\"}]},{\"@type\":\"WebSite\",\"@id\":\"https:\\\/\\\/www.sindicaturabarcelona.cat\\\/ca\\\/#website\",\"url\":\"https:\\\/\\\/www.sindicaturabarcelona.cat\\\/ca\\\/\",\"name\":\"Sindicatura de Greuges de Barcelona\",\"description\":\"La defensoria dels teus drets\",\"publisher\":{\"@id\":\"https:\\\/\\\/www.sindicaturabarcelona.cat\\\/ca\\\/#organization\"},\"potentialAction\":[{\"@type\":\"SearchAction\",\"target\":{\"@type\":\"EntryPoint\",\"urlTemplate\":\"https:\\\/\\\/www.sindicaturabarcelona.cat\\\/ca\\\/?s={search_term_string}\"},\"query-input\":{\"@type\":\"PropertyValueSpecification\",\"valueRequired\":true,\"valueName\":\"search_term_string\"}}],\"inLanguage\":\"ca\"},{\"@type\":\"Organization\",\"@id\":\"https:\\\/\\\/www.sindicaturabarcelona.cat\\\/ca\\\/#organization\",\"name\":\"Sindicatura de Greuges de Barcelona\",\"url\":\"https:\\\/\\\/www.sindicaturabarcelona.cat\\\/ca\\\/\",\"logo\":{\"@type\":\"ImageObject\",\"inLanguage\":\"ca\",\"@id\":\"https:\\\/\\\/www.sindicaturabarcelona.cat\\\/ca\\\/#\\\/schema\\\/logo\\\/image\\\/\",\"url\":\"https:\\\/\\\/www.sindicaturabarcelona.cat\\\/wp-content\\\/uploads\\\/2023\\\/02\\\/logo_sindicatura.svg\",\"contentUrl\":\"https:\\\/\\\/www.sindicaturabarcelona.cat\\\/wp-content\\\/uploads\\\/2023\\\/02\\\/logo_sindicatura.svg\",\"caption\":\"Sindicatura de Greuges de Barcelona\"},\"image\":{\"@id\":\"https:\\\/\\\/www.sindicaturabarcelona.cat\\\/ca\\\/#\\\/schema\\\/logo\\\/image\\\/\"},\"sameAs\":[\"https:\\\/\\\/x.com\\\/sindicbarcelona\",\"https:\\\/\\\/www.instagram.com\\\/sindicbarcelona\\\/\",\"https:\\\/\\\/www.tiktok.com\\\/@sindicaturabcn\",\"https:\\\/\\\/t.me\\\/sindicaturabarcelona\"]},{\"@type\":\"Person\",\"@id\":\"https:\\\/\\\/www.sindicaturabarcelona.cat\\\/ca\\\/#\\\/schema\\\/person\\\/0e5acffc350ffdbc97578159322c9452\",\"name\":\"Pablo\",\"image\":{\"@type\":\"ImageObject\",\"inLanguage\":\"ca\",\"@id\":\"https:\\\/\\\/secure.gravatar.com\\\/avatar\\\/c948169b402ef9492afde705c3dfd5e90e1a6a84ef6840a91124f805a25a480f?s=96&d=mm&r=g\",\"url\":\"https:\\\/\\\/secure.gravatar.com\\\/avatar\\\/c948169b402ef9492afde705c3dfd5e90e1a6a84ef6840a91124f805a25a480f?s=96&d=mm&r=g\",\"contentUrl\":\"https:\\\/\\\/secure.gravatar.com\\\/avatar\\\/c948169b402ef9492afde705c3dfd5e90e1a6a84ef6840a91124f805a25a480f?s=96&d=mm&r=g\",\"caption\":\"Pablo\"},\"url\":\"https:\\\/\\\/www.sindicaturabarcelona.cat\\\/ca\\\/author\\\/pablo\\\/\"}]}<\/script>\n<!-- \/ Yoast SEO plugin. -->","yoast_head_json":{"title":"La Sindicatura insta el Port de Barcelona a adoptar mesures per garantir l\u2019\u00fas del catal\u00e0 en el servei de Bus N\u00e0utic - Sindicatura de Greuges de Barcelona","description":"La defensoria resol una queixa d\u2019una ciutadana a qui van vulnerar els drets ling\u00fc\u00edstics en diverses ocasions quan emprar aquest servei","robots":{"index":"index","follow":"follow","max-snippet":"max-snippet:-1","max-image-preview":"max-image-preview:large","max-video-preview":"max-video-preview:-1"},"canonical":"https:\/\/www.sindicaturabarcelona.cat\/ca\/la-sindicatura-insta-el-port-de-barcelona-a-adoptar-mesures-per-garantir-lus-del-catala-en-el-servei-de-bus-nautic\/","og_locale":"ca_ES","og_type":"article","og_title":"La Sindicatura insta el Port de Barcelona a adoptar mesures per garantir l\u2019\u00fas del catal\u00e0 en el servei de Bus N\u00e0utic - Sindicatura de Greuges de Barcelona","og_description":"La defensoria resol una queixa d\u2019una ciutadana a qui van vulnerar els drets ling\u00fc\u00edstics en diverses ocasions quan emprar aquest servei","og_url":"https:\/\/www.sindicaturabarcelona.cat\/ca\/la-sindicatura-insta-el-port-de-barcelona-a-adoptar-mesures-per-garantir-lus-del-catala-en-el-servei-de-bus-nautic\/","og_site_name":"Sindicatura de Greuges de Barcelona","article_published_time":"2026-01-08T06:00:00+00:00","article_modified_time":"2026-01-09T13:22:45+00:00","og_image":[{"width":2000,"height":1333,"url":"https:\/\/www.sindicaturabarcelona.cat\/wp-content\/uploads\/passarella-dacces-al-bus-nautic.jpg","type":"image\/jpeg"}],"author":"Pablo","twitter_card":"summary_large_image","twitter_creator":"@sindicbarcelona","twitter_site":"@sindicbarcelona","twitter_misc":{"Escrit per":"Pablo","Temps estimat de lectura":"5 minuts"},"schema":{"@context":"https:\/\/schema.org","@graph":[{"@type":"Article","@id":"https:\/\/www.sindicaturabarcelona.cat\/ca\/la-sindicatura-insta-el-port-de-barcelona-a-adoptar-mesures-per-garantir-lus-del-catala-en-el-servei-de-bus-nautic\/#article","isPartOf":{"@id":"https:\/\/www.sindicaturabarcelona.cat\/ca\/la-sindicatura-insta-el-port-de-barcelona-a-adoptar-mesures-per-garantir-lus-del-catala-en-el-servei-de-bus-nautic\/"},"author":{"name":"Pablo","@id":"https:\/\/www.sindicaturabarcelona.cat\/ca\/#\/schema\/person\/0e5acffc350ffdbc97578159322c9452"},"headline":"La Sindicatura insta el Port de Barcelona a adoptar mesures per garantir l\u2019\u00fas del catal\u00e0 en el servei de Bus N\u00e0utic","datePublished":"2026-01-08T06:00:00+00:00","dateModified":"2026-01-09T13:22:45+00:00","mainEntityOfPage":{"@id":"https:\/\/www.sindicaturabarcelona.cat\/ca\/la-sindicatura-insta-el-port-de-barcelona-a-adoptar-mesures-per-garantir-lus-del-catala-en-el-servei-de-bus-nautic\/"},"wordCount":903,"publisher":{"@id":"https:\/\/www.sindicaturabarcelona.cat\/ca\/#organization"},"image":{"@id":"https:\/\/www.sindicaturabarcelona.cat\/ca\/la-sindicatura-insta-el-port-de-barcelona-a-adoptar-mesures-per-garantir-lus-del-catala-en-el-servei-de-bus-nautic\/#primaryimage"},"thumbnailUrl":"https:\/\/www.sindicaturabarcelona.cat\/wp-content\/uploads\/passarella-dacces-al-bus-nautic.jpg","inLanguage":"ca"},{"@type":"WebPage","@id":"https:\/\/www.sindicaturabarcelona.cat\/ca\/la-sindicatura-insta-el-port-de-barcelona-a-adoptar-mesures-per-garantir-lus-del-catala-en-el-servei-de-bus-nautic\/","url":"https:\/\/www.sindicaturabarcelona.cat\/ca\/la-sindicatura-insta-el-port-de-barcelona-a-adoptar-mesures-per-garantir-lus-del-catala-en-el-servei-de-bus-nautic\/","name":"La Sindicatura insta el Port de Barcelona a adoptar mesures per garantir l\u2019\u00fas del catal\u00e0 en el servei de Bus N\u00e0utic - Sindicatura de Greuges de Barcelona","isPartOf":{"@id":"https:\/\/www.sindicaturabarcelona.cat\/ca\/#website"},"primaryImageOfPage":{"@id":"https:\/\/www.sindicaturabarcelona.cat\/ca\/la-sindicatura-insta-el-port-de-barcelona-a-adoptar-mesures-per-garantir-lus-del-catala-en-el-servei-de-bus-nautic\/#primaryimage"},"image":{"@id":"https:\/\/www.sindicaturabarcelona.cat\/ca\/la-sindicatura-insta-el-port-de-barcelona-a-adoptar-mesures-per-garantir-lus-del-catala-en-el-servei-de-bus-nautic\/#primaryimage"},"thumbnailUrl":"https:\/\/www.sindicaturabarcelona.cat\/wp-content\/uploads\/passarella-dacces-al-bus-nautic.jpg","datePublished":"2026-01-08T06:00:00+00:00","dateModified":"2026-01-09T13:22:45+00:00","description":"La defensoria resol una queixa d\u2019una ciutadana a qui van vulnerar els drets ling\u00fc\u00edstics en diverses ocasions quan emprar aquest servei","breadcrumb":{"@id":"https:\/\/www.sindicaturabarcelona.cat\/ca\/la-sindicatura-insta-el-port-de-barcelona-a-adoptar-mesures-per-garantir-lus-del-catala-en-el-servei-de-bus-nautic\/#breadcrumb"},"inLanguage":"ca","potentialAction":[{"@type":"ReadAction","target":["https:\/\/www.sindicaturabarcelona.cat\/ca\/la-sindicatura-insta-el-port-de-barcelona-a-adoptar-mesures-per-garantir-lus-del-catala-en-el-servei-de-bus-nautic\/"]}]},{"@type":"ImageObject","inLanguage":"ca","@id":"https:\/\/www.sindicaturabarcelona.cat\/ca\/la-sindicatura-insta-el-port-de-barcelona-a-adoptar-mesures-per-garantir-lus-del-catala-en-el-servei-de-bus-nautic\/#primaryimage","url":"https:\/\/www.sindicaturabarcelona.cat\/wp-content\/uploads\/passarella-dacces-al-bus-nautic.jpg","contentUrl":"https:\/\/www.sindicaturabarcelona.cat\/wp-content\/uploads\/passarella-dacces-al-bus-nautic.jpg","width":2000,"height":1333},{"@type":"BreadcrumbList","@id":"https:\/\/www.sindicaturabarcelona.cat\/ca\/la-sindicatura-insta-el-port-de-barcelona-a-adoptar-mesures-per-garantir-lus-del-catala-en-el-servei-de-bus-nautic\/#breadcrumb","itemListElement":[{"@type":"ListItem","position":1,"name":"Inici","item":"https:\/\/www.sindicaturabarcelona.cat\/ca\/"},{"@type":"ListItem","position":2,"name":"La Sindicatura insta el Port de Barcelona a adoptar mesures per garantir l\u2019\u00fas del catal\u00e0 en el servei de Bus N\u00e0utic"}]},{"@type":"WebSite","@id":"https:\/\/www.sindicaturabarcelona.cat\/ca\/#website","url":"https:\/\/www.sindicaturabarcelona.cat\/ca\/","name":"Sindicatura de Greuges de Barcelona","description":"La defensoria dels teus drets","publisher":{"@id":"https:\/\/www.sindicaturabarcelona.cat\/ca\/#organization"},"potentialAction":[{"@type":"SearchAction","target":{"@type":"EntryPoint","urlTemplate":"https:\/\/www.sindicaturabarcelona.cat\/ca\/?s={search_term_string}"},"query-input":{"@type":"PropertyValueSpecification","valueRequired":true,"valueName":"search_term_string"}}],"inLanguage":"ca"},{"@type":"Organization","@id":"https:\/\/www.sindicaturabarcelona.cat\/ca\/#organization","name":"Sindicatura de Greuges de Barcelona","url":"https:\/\/www.sindicaturabarcelona.cat\/ca\/","logo":{"@type":"ImageObject","inLanguage":"ca","@id":"https:\/\/www.sindicaturabarcelona.cat\/ca\/#\/schema\/logo\/image\/","url":"https:\/\/www.sindicaturabarcelona.cat\/wp-content\/uploads\/2023\/02\/logo_sindicatura.svg","contentUrl":"https:\/\/www.sindicaturabarcelona.cat\/wp-content\/uploads\/2023\/02\/logo_sindicatura.svg","caption":"Sindicatura de Greuges de Barcelona"},"image":{"@id":"https:\/\/www.sindicaturabarcelona.cat\/ca\/#\/schema\/logo\/image\/"},"sameAs":["https:\/\/x.com\/sindicbarcelona","https:\/\/www.instagram.com\/sindicbarcelona\/","https:\/\/www.tiktok.com\/@sindicaturabcn","https:\/\/t.me\/sindicaturabarcelona"]},{"@type":"Person","@id":"https:\/\/www.sindicaturabarcelona.cat\/ca\/#\/schema\/person\/0e5acffc350ffdbc97578159322c9452","name":"Pablo","image":{"@type":"ImageObject","inLanguage":"ca","@id":"https:\/\/secure.gravatar.com\/avatar\/c948169b402ef9492afde705c3dfd5e90e1a6a84ef6840a91124f805a25a480f?s=96&d=mm&r=g","url":"https:\/\/secure.gravatar.com\/avatar\/c948169b402ef9492afde705c3dfd5e90e1a6a84ef6840a91124f805a25a480f?s=96&d=mm&r=g","contentUrl":"https:\/\/secure.gravatar.com\/avatar\/c948169b402ef9492afde705c3dfd5e90e1a6a84ef6840a91124f805a25a480f?s=96&d=mm&r=g","caption":"Pablo"},"url":"https:\/\/www.sindicaturabarcelona.cat\/ca\/author\/pablo\/"}]}},"_links":{"self":[{"href":"https:\/\/www.sindicaturabarcelona.cat\/ca\/wp-json\/wp\/v2\/posts\/41129","targetHints":{"allow":["GET"]}}],"collection":[{"href":"https:\/\/www.sindicaturabarcelona.cat\/ca\/wp-json\/wp\/v2\/posts"}],"about":[{"href":"https:\/\/www.sindicaturabarcelona.cat\/ca\/wp-json\/wp\/v2\/types\/post"}],"author":[{"embeddable":true,"href":"https:\/\/www.sindicaturabarcelona.cat\/ca\/wp-json\/wp\/v2\/users\/2"}],"replies":[{"embeddable":true,"href":"https:\/\/www.sindicaturabarcelona.cat\/ca\/wp-json\/wp\/v2\/comments?post=41129"}],"version-history":[{"count":23,"href":"https:\/\/www.sindicaturabarcelona.cat\/ca\/wp-json\/wp\/v2\/posts\/41129\/revisions"}],"predecessor-version":[{"id":41269,"href":"https:\/\/www.sindicaturabarcelona.cat\/ca\/wp-json\/wp\/v2\/posts\/41129\/revisions\/41269"}],"wp:featuredmedia":[{"embeddable":true,"href":"https:\/\/www.sindicaturabarcelona.cat\/ca\/wp-json\/wp\/v2\/media\/41131"}],"wp:attachment":[{"href":"https:\/\/www.sindicaturabarcelona.cat\/ca\/wp-json\/wp\/v2\/media?parent=41129"}],"wp:term":[{"taxonomy":"post_tag","embeddable":true,"href":"https:\/\/www.sindicaturabarcelona.cat\/ca\/wp-json\/wp\/v2\/tags?post=41129"},{"taxonomy":"drets","embeddable":true,"href":"https:\/\/www.sindicaturabarcelona.cat\/ca\/wp-json\/wp\/v2\/drets?post=41129"}],"curies":[{"name":"wp","href":"https:\/\/api.w.org\/{rel}","templated":true}]}}