{"id":40945,"date":"2025-12-29T10:14:19","date_gmt":"2025-12-29T08:14:19","guid":{"rendered":"https:\/\/www.sindicaturabarcelona.cat\/?p=40945"},"modified":"2025-12-30T11:05:14","modified_gmt":"2025-12-30T09:05:14","slug":"la-sindicatura-considera-que-cal-continuar-eliminant-els-carrils-bici-de-les-voreres-ja-que-son-un-risc-per-als-i-les-vianants","status":"publish","type":"post","link":"https:\/\/www.sindicaturabarcelona.cat\/ca\/la-sindicatura-considera-que-cal-continuar-eliminant-els-carrils-bici-de-les-voreres-ja-que-son-un-risc-per-als-i-les-vianants\/","title":{"rendered":"La Sindicatura considera que cal continuar eliminant els carrils bici de les voreres, ja que s\u00f3n un risc per als i les vianants"},"content":{"rendered":"\n<h2 class=\"wp-block-heading\"><strong>La\u00a0defensoria\u00a0<\/strong><a href=\"https:\/\/www.sindicaturabarcelona.cat\/wp-content\/uploads\/202512_Dret-Mobilitat-Circulacio-Estacionament_Carril-Bici-parada-bus-Ali-Bei-Marina_25Q464.pdf\" target=\"_blank\" rel=\"noreferrer noopener\">resol\u00a0una queixa<\/a><strong> per unes vies ciclistes que passen per darrere de quatre parades de bus a l\u2019Eixample.<\/strong><\/h2>\n\n\n\n<h2 class=\"wp-block-heading\"><strong>Al mateix barri, es va registrar un atropellament d\u2019una bici a una ciutadana que baixava del bus, amb resultat de mort.&nbsp;<\/strong><\/h2>\n\n\n\n<h2 class=\"wp-block-heading\"><strong>Les voreres han de quedar lliures d\u2019obstacles que restin espai als i les vianants, que en s\u00f3n les persones usu\u00e0ries naturals.<\/strong><\/h2>\n\n\n\n<p>El promotor de la queixa alertava de la perillositat del carril bici que transcorre per la vorera al llarg del <strong>carrer de la Marina, des d\u2019Al\u00ed Bei fins a la<\/strong> <strong>gran via de les Corts Catalanes<\/strong>. El ciutad\u00e0 demanava que, davant la circulaci\u00f3 inc\u00edvica d\u2019algunes bicicletes i vehicles de mobilitat personal (VMP), el consistori hauria de millorar la senyalitzaci\u00f3 d\u2019aquesta zona. &nbsp;&nbsp;<\/p>\n\n\n\n<p>De fet, aquesta problem\u00e0tica s\u2019est\u00e9n fins a dos carrers m\u00e9s amunt, a Consell de Cent. En tot el tram hi ha quatre parades (dues en cada vorera), per on <strong>circulen sis l\u00ednies de bus<\/strong>, tres de di\u00fcrnes i tres de nocturnes. Des del punt de vista de la mobilitat i el risc per als i les vianants, caldria afegir la pres\u00e8ncia de les <strong> sortides de l\u2019estaci\u00f3 de metro de Monumental (L2), i el recinte hom\u00f2nim<\/strong>, on peri\u00f2dicament se celebren concerts i altres espectacles.<\/p>\n\n\n\n<h2 class=\"wp-block-heading\"><strong>El districte estudia ubicar el carril bici a la cal\u00e7ada<\/strong><\/h2>\n\n\n\n<p>A petici\u00f3 de la Sindicatura, l\u2019Ajuntament va emetre un informe en qu\u00e8 s&#8217;argumentava que els carrils bici en aquesta zona estan delimitats per senyalitzaci\u00f3 al paviment de <strong>\u201cCediu el pas\u201d<\/strong> a prop de la parada, i per un senyal vertical que <strong>obliga a circular pel carril reservat a les bicicletes i als MVP<\/strong>. Ara b\u00e9, aquest senyal vertical nom\u00e9s es troba en un dels carrils. \u00c9s per aix\u00f2 que una de les mesures que es valoren \u00e9s col\u00b7locar-ne un tamb\u00e9 a l\u2019altra vorera.<\/p>\n\n\n\n<p>Igualment, es proposa canviar el \u201cCediu el pas\u201d per un senyal que indiqui a les persones conductores de bicis i MVP que s\u2019aproximen a una zona de vianants, i que hi han d\u2019<strong>extremar la precauci\u00f3 i reduir la velocitat. <\/strong>El document municipal, de fet, explicita que la Taula de Mobilitat del districte ha acordat despla\u00e7ar el carril bici a la cal\u00e7ada, si b\u00e9 els detalls de l\u2019execuci\u00f3 encara s\u2019estan estudiant, atesa la complexitat urban\u00edstica de la zona.<\/p>\n\n\n\n<p>Aquesta mesura \u00e9s coherent amb el <a href=\"https:\/\/premsa-estatics-prod.s3.eu-west-1.amazonaws.com\/premsa\/wp-content\/uploads\/2025\/09\/PLSV_Barcelona_2025-2030.pdf\" target=\"_blank\" rel=\"noreferrer noopener\">Pla local de seguretat vi\u00e0ria<\/a> actual, aprovat aquest setembre, que preveu, entre d\u2019altres accions, actualitzar el manual de disseny de vies ciclistes i auditar en clau de seguretat els elements de la via.<\/p>\n\n\n\n<h2 class=\"wp-block-heading\"><strong>Un precedent tr\u00e0gic<\/strong><\/h2>\n\n\n\n<p>En el tram del carrer de la Marina objecte de la queixa, s\u2019han registrat dos <strong>sinistres entre persones conductores de bicicletes i vianants <\/strong>els darrers anys, un el 2023 i l\u2019altre el 2024. En un dels casos, el vianant era a uns 60 metres de la parada del bus. Enguany no se n\u2019ha registrat cap.<\/p>\n\n\n\n<p>Al mateix barri, la Dreta de l\u2019Eixample, concretament a l\u2019avinguda Diagonal entre els carrers de Bruc i Girona, el 2019 <a href=\"https:\/\/beteve.cat\/societat\/bicing-paga-indemnitzacio-atropellament-mortal-diagonal\/\" target=\"_blank\" rel=\"noreferrer noopener\">una bicicleta del Bicing va atropellar una ciutadana que baixava d\u2019un autob\u00fas<\/a>, un impacte que mesos m\u00e9s tard li va provocar la mort. &nbsp;<\/p>\n\n\n\n<h2 class=\"wp-block-heading\"><strong>Les persones grans o amb mobilitat redu\u00efda, les m\u00e9s perjudicades<\/strong><\/h2>\n\n\n\n<p>Les voreres han de restar lliures d\u2019elements que restin espai <strong>als i les vianants<\/strong>, que en s\u00f3n les persones <strong>usu\u00e0ries naturals<\/strong>, i a qui <strong>cal prioritzar<\/strong> per sobre de la resta d\u2019agents que participen en la mobilitat.<\/p>\n\n\n\n<p>El risc que suposa un carril bici en un punt d\u2019acc\u00e9s a una parada de bus \u00e9s especialment alt per a col\u00b7lectius com les persones grans o amb mobilitat redu\u00efda. Aix\u00f2, de fet, se suma a altres obstacles que es troben en el seu dia a dia i que els dificulten el pas,&nbsp;<a href=\"https:\/\/www.sindicaturabarcelona.cat\/ca\/cal-insistir-en-la-retirada-delements-en-vorera-i-adossats-a-la-facana-que-dificulten-el-pas-a-les-persones-amb-discapacitat-i-altres-collectius-en-situacio-de-vulnerabilitat\/\" target=\"_blank\" rel=\"noreferrer noopener\">com les jardineres<\/a> o <a href=\"https:\/\/www.sindicaturabarcelona.cat\/ca\/la-sindicatura-reclama-que-es-continuin-creant-zones-destacionament-de-motos-a-la-calcada-i-ampliar-lespai-per-a-vianants\/\" target=\"_blank\" rel=\"noreferrer noopener\">les motos aparcades a la vorera<\/a>. Aquest, a m\u00e9s, \u00e9s <strong>un dels problemes principals que vulneren el dret a l\u2019accessibilitat i la inclusivitat<\/strong>, com queda recollit en&nbsp;<a href=\"https:\/\/www.sindicaturabarcelona.cat\/wp-content\/uploads\/20250424-Informe-Anual-Digital-Fulls.pdf\" target=\"_blank\" rel=\"noreferrer noopener\">el darrer informe anual<\/a> de la Sindicatura.<\/p>\n\n\n\n<p>L\u2019\u00c0rea Metropolitana de Barcelona ja compta amb un <a href=\"https:\/\/docs.amb.cat\/alfresco\/api\/-default-\/public\/alfresco\/versions\/1\/nodes\/e4e64e3e-f14b-4cef-8c30-2a36920210d7\/content\/Pla%20estrat\u00e8gic%20accessibilitat%20Bus%20Metropolit\u00e0.pdf?attachment=false&amp;mimeType=application\/pdf&amp;sizeInBytes=4051416\" target=\"_blank\" rel=\"noreferrer noopener\">Pla Estrat\u00e8gic d\u2019accessibilitat del bus metropolit\u00e0<\/a>. Una de les actuacions previstes \u00e9s continuar executant projectes d\u2019obra de millora de l\u2019accessibilitat a l\u2019entorn de les parades, si b\u00e9 no fa refer\u00e8ncia als carrils bici.<\/p>\n\n\n\n<h2 class=\"wp-block-heading\"><strong>La conclusi\u00f3 i la recomanaci\u00f3 de la defensoria<\/strong><\/h2>\n\n\n\n<p>La Sindicatura de Greuges de Barcelona conclou <a href=\"https:\/\/www.sindicaturabarcelona.cat\/wp-content\/uploads\/202512_Dret-Mobilitat-Circulacio-Estacionament_Carril-Bici-parada-bus-Ali-Bei-Marina_25Q464.pdf\" target=\"_blank\" rel=\"noreferrer noopener\">en la seva resoluci\u00f3<\/a> que <strong>l\u2019actuaci\u00f3 municipal no ha estat efica\u00e7<\/strong> pel que fa al disseny dels carrils bici que han motivat la queixa.<\/p>\n\n\n\n<p>Per tot el que s\u2019ha exposat, la defensoria recomana que es <strong>modifiqui el tra\u00e7at dels carrils bici que transcorren per damunt de la vorera<\/strong> i, de manera priorit\u00e0ria, que executi els treballs de reurbanitzaci\u00f3 en els trams on hi ha parades d\u2019autob\u00fas, com \u00e9s el cas d\u2019aquest tram del carrer de la Marina.<\/p>\n","protected":false},"excerpt":{"rendered":"<p>La\u00a0defensoria\u00a0resol\u00a0una queixa per unes vies ciclistes que passen per darrere de quatre parades de bus a l\u2019Eixample. Al mateix barri, es va registrar un atropellament d\u2019una bici a una ciutadana [&hellip;]<\/p>\n","protected":false},"author":2,"featured_media":40949,"comment_status":"closed","ping_status":"closed","sticky":false,"template":"","format":"standard","meta":{"_acf_changed":false,"footnotes":""},"tags":[],"drets":[1438,1447],"class_list":["post-40945","post","type-post","status-publish","format-standard","has-post-thumbnail","hentry","drets-ciutat-habitable-i-sostenible","drets-dret-a-la-mobilitat"],"acf":[],"yoast_head":"<!-- This site is optimized with the Yoast SEO plugin v27.5 - https:\/\/yoast.com\/product\/yoast-seo-wordpress\/ -->\n<title>La Sindicatura considera que cal continuar eliminant els carrils bici de les voreres, ja que s\u00f3n un risc per als i les vianants - Sindicatura de Greuges de Barcelona<\/title>\n<meta name=\"description\" content=\"La\u00a0defensoria\u00a0resol\u00a0una queixa per unes vies ciclistes que passen per darrere de quatre parades de bus al Districte de l\u2019Eixample.\" \/>\n<meta name=\"robots\" content=\"index, follow, max-snippet:-1, max-image-preview:large, max-video-preview:-1\" \/>\n<link rel=\"canonical\" href=\"https:\/\/www.sindicaturabarcelona.cat\/ca\/la-sindicatura-considera-que-cal-continuar-eliminant-els-carrils-bici-de-les-voreres-ja-que-son-un-risc-per-als-i-les-vianants\/\" \/>\n<meta property=\"og:locale\" content=\"ca_ES\" \/>\n<meta property=\"og:type\" content=\"article\" \/>\n<meta property=\"og:title\" content=\"La Sindicatura considera que cal continuar eliminant els carrils bici de les voreres, ja que s\u00f3n un risc per als i les vianants - Sindicatura de Greuges de Barcelona\" \/>\n<meta property=\"og:description\" content=\"La\u00a0defensoria\u00a0resol\u00a0una queixa per unes vies ciclistes que passen per darrere de quatre parades de bus al Districte de l\u2019Eixample.\" \/>\n<meta property=\"og:url\" content=\"https:\/\/www.sindicaturabarcelona.cat\/ca\/la-sindicatura-considera-que-cal-continuar-eliminant-els-carrils-bici-de-les-voreres-ja-que-son-un-risc-per-als-i-les-vianants\/\" \/>\n<meta property=\"og:site_name\" content=\"Sindicatura de Greuges de Barcelona\" \/>\n<meta property=\"article:published_time\" content=\"2025-12-29T08:14:19+00:00\" \/>\n<meta property=\"article:modified_time\" content=\"2025-12-30T09:05:14+00:00\" \/>\n<meta property=\"og:image\" content=\"https:\/\/www.sindicaturabarcelona.cat\/wp-content\/uploads\/un-ciclista-circula-amb-la-seva-bicic.jpg\" \/>\n\t<meta property=\"og:image:width\" content=\"2000\" \/>\n\t<meta property=\"og:image:height\" content=\"1336\" \/>\n\t<meta property=\"og:image:type\" content=\"image\/jpeg\" \/>\n<meta name=\"author\" content=\"Pablo\" \/>\n<meta name=\"twitter:card\" content=\"summary_large_image\" \/>\n<meta name=\"twitter:creator\" content=\"@sindicbarcelona\" \/>\n<meta name=\"twitter:site\" content=\"@sindicbarcelona\" \/>\n<meta name=\"twitter:label1\" content=\"Escrit per\" \/>\n\t<meta name=\"twitter:data1\" content=\"Pablo\" \/>\n\t<meta name=\"twitter:label2\" content=\"Temps estimat de lectura\" \/>\n\t<meta name=\"twitter:data2\" content=\"5 minuts\" \/>\n<script type=\"application\/ld+json\" class=\"yoast-schema-graph\">{\"@context\":\"https:\\\/\\\/schema.org\",\"@graph\":[{\"@type\":\"Article\",\"@id\":\"https:\\\/\\\/www.sindicaturabarcelona.cat\\\/ca\\\/la-sindicatura-considera-que-cal-continuar-eliminant-els-carrils-bici-de-les-voreres-ja-que-son-un-risc-per-als-i-les-vianants\\\/#article\",\"isPartOf\":{\"@id\":\"https:\\\/\\\/www.sindicaturabarcelona.cat\\\/ca\\\/la-sindicatura-considera-que-cal-continuar-eliminant-els-carrils-bici-de-les-voreres-ja-que-son-un-risc-per-als-i-les-vianants\\\/\"},\"author\":{\"name\":\"Pablo\",\"@id\":\"https:\\\/\\\/www.sindicaturabarcelona.cat\\\/ca\\\/#\\\/schema\\\/person\\\/0e5acffc350ffdbc97578159322c9452\"},\"headline\":\"La Sindicatura considera que cal continuar eliminant els carrils bici de les voreres, ja que s\u00f3n un risc per als i les vianants\",\"datePublished\":\"2025-12-29T08:14:19+00:00\",\"dateModified\":\"2025-12-30T09:05:14+00:00\",\"mainEntityOfPage\":{\"@id\":\"https:\\\/\\\/www.sindicaturabarcelona.cat\\\/ca\\\/la-sindicatura-considera-que-cal-continuar-eliminant-els-carrils-bici-de-les-voreres-ja-que-son-un-risc-per-als-i-les-vianants\\\/\"},\"wordCount\":882,\"publisher\":{\"@id\":\"https:\\\/\\\/www.sindicaturabarcelona.cat\\\/ca\\\/#organization\"},\"image\":{\"@id\":\"https:\\\/\\\/www.sindicaturabarcelona.cat\\\/ca\\\/la-sindicatura-considera-que-cal-continuar-eliminant-els-carrils-bici-de-les-voreres-ja-que-son-un-risc-per-als-i-les-vianants\\\/#primaryimage\"},\"thumbnailUrl\":\"https:\\\/\\\/www.sindicaturabarcelona.cat\\\/wp-content\\\/uploads\\\/un-ciclista-circula-amb-la-seva-bicic.jpg\",\"inLanguage\":\"ca\"},{\"@type\":\"WebPage\",\"@id\":\"https:\\\/\\\/www.sindicaturabarcelona.cat\\\/ca\\\/la-sindicatura-considera-que-cal-continuar-eliminant-els-carrils-bici-de-les-voreres-ja-que-son-un-risc-per-als-i-les-vianants\\\/\",\"url\":\"https:\\\/\\\/www.sindicaturabarcelona.cat\\\/ca\\\/la-sindicatura-considera-que-cal-continuar-eliminant-els-carrils-bici-de-les-voreres-ja-que-son-un-risc-per-als-i-les-vianants\\\/\",\"name\":\"La Sindicatura considera que cal continuar eliminant els carrils bici de les voreres, ja que s\u00f3n un risc per als i les vianants - Sindicatura de Greuges de Barcelona\",\"isPartOf\":{\"@id\":\"https:\\\/\\\/www.sindicaturabarcelona.cat\\\/ca\\\/#website\"},\"primaryImageOfPage\":{\"@id\":\"https:\\\/\\\/www.sindicaturabarcelona.cat\\\/ca\\\/la-sindicatura-considera-que-cal-continuar-eliminant-els-carrils-bici-de-les-voreres-ja-que-son-un-risc-per-als-i-les-vianants\\\/#primaryimage\"},\"image\":{\"@id\":\"https:\\\/\\\/www.sindicaturabarcelona.cat\\\/ca\\\/la-sindicatura-considera-que-cal-continuar-eliminant-els-carrils-bici-de-les-voreres-ja-que-son-un-risc-per-als-i-les-vianants\\\/#primaryimage\"},\"thumbnailUrl\":\"https:\\\/\\\/www.sindicaturabarcelona.cat\\\/wp-content\\\/uploads\\\/un-ciclista-circula-amb-la-seva-bicic.jpg\",\"datePublished\":\"2025-12-29T08:14:19+00:00\",\"dateModified\":\"2025-12-30T09:05:14+00:00\",\"description\":\"La\u00a0defensoria\u00a0resol\u00a0una queixa per unes vies ciclistes que passen per darrere de quatre parades de bus al Districte de l\u2019Eixample.\",\"breadcrumb\":{\"@id\":\"https:\\\/\\\/www.sindicaturabarcelona.cat\\\/ca\\\/la-sindicatura-considera-que-cal-continuar-eliminant-els-carrils-bici-de-les-voreres-ja-que-son-un-risc-per-als-i-les-vianants\\\/#breadcrumb\"},\"inLanguage\":\"ca\",\"potentialAction\":[{\"@type\":\"ReadAction\",\"target\":[\"https:\\\/\\\/www.sindicaturabarcelona.cat\\\/ca\\\/la-sindicatura-considera-que-cal-continuar-eliminant-els-carrils-bici-de-les-voreres-ja-que-son-un-risc-per-als-i-les-vianants\\\/\"]}]},{\"@type\":\"ImageObject\",\"inLanguage\":\"ca\",\"@id\":\"https:\\\/\\\/www.sindicaturabarcelona.cat\\\/ca\\\/la-sindicatura-considera-que-cal-continuar-eliminant-els-carrils-bici-de-les-voreres-ja-que-son-un-risc-per-als-i-les-vianants\\\/#primaryimage\",\"url\":\"https:\\\/\\\/www.sindicaturabarcelona.cat\\\/wp-content\\\/uploads\\\/un-ciclista-circula-amb-la-seva-bicic.jpg\",\"contentUrl\":\"https:\\\/\\\/www.sindicaturabarcelona.cat\\\/wp-content\\\/uploads\\\/un-ciclista-circula-amb-la-seva-bicic.jpg\",\"width\":2000,\"height\":1336},{\"@type\":\"BreadcrumbList\",\"@id\":\"https:\\\/\\\/www.sindicaturabarcelona.cat\\\/ca\\\/la-sindicatura-considera-que-cal-continuar-eliminant-els-carrils-bici-de-les-voreres-ja-que-son-un-risc-per-als-i-les-vianants\\\/#breadcrumb\",\"itemListElement\":[{\"@type\":\"ListItem\",\"position\":1,\"name\":\"Inici\",\"item\":\"https:\\\/\\\/www.sindicaturabarcelona.cat\\\/ca\\\/\"},{\"@type\":\"ListItem\",\"position\":2,\"name\":\"La Sindicatura considera que cal continuar eliminant els carrils bici de les voreres, ja que s\u00f3n un risc per als i les vianants\"}]},{\"@type\":\"WebSite\",\"@id\":\"https:\\\/\\\/www.sindicaturabarcelona.cat\\\/ca\\\/#website\",\"url\":\"https:\\\/\\\/www.sindicaturabarcelona.cat\\\/ca\\\/\",\"name\":\"Sindicatura de Greuges de Barcelona\",\"description\":\"La defensoria dels teus drets\",\"publisher\":{\"@id\":\"https:\\\/\\\/www.sindicaturabarcelona.cat\\\/ca\\\/#organization\"},\"potentialAction\":[{\"@type\":\"SearchAction\",\"target\":{\"@type\":\"EntryPoint\",\"urlTemplate\":\"https:\\\/\\\/www.sindicaturabarcelona.cat\\\/ca\\\/?s={search_term_string}\"},\"query-input\":{\"@type\":\"PropertyValueSpecification\",\"valueRequired\":true,\"valueName\":\"search_term_string\"}}],\"inLanguage\":\"ca\"},{\"@type\":\"Organization\",\"@id\":\"https:\\\/\\\/www.sindicaturabarcelona.cat\\\/ca\\\/#organization\",\"name\":\"Sindicatura de Greuges de Barcelona\",\"url\":\"https:\\\/\\\/www.sindicaturabarcelona.cat\\\/ca\\\/\",\"logo\":{\"@type\":\"ImageObject\",\"inLanguage\":\"ca\",\"@id\":\"https:\\\/\\\/www.sindicaturabarcelona.cat\\\/ca\\\/#\\\/schema\\\/logo\\\/image\\\/\",\"url\":\"https:\\\/\\\/www.sindicaturabarcelona.cat\\\/wp-content\\\/uploads\\\/2023\\\/02\\\/logo_sindicatura.svg\",\"contentUrl\":\"https:\\\/\\\/www.sindicaturabarcelona.cat\\\/wp-content\\\/uploads\\\/2023\\\/02\\\/logo_sindicatura.svg\",\"caption\":\"Sindicatura de Greuges de Barcelona\"},\"image\":{\"@id\":\"https:\\\/\\\/www.sindicaturabarcelona.cat\\\/ca\\\/#\\\/schema\\\/logo\\\/image\\\/\"},\"sameAs\":[\"https:\\\/\\\/x.com\\\/sindicbarcelona\",\"https:\\\/\\\/www.instagram.com\\\/sindicbarcelona\\\/\",\"https:\\\/\\\/www.tiktok.com\\\/@sindicaturabcn\",\"https:\\\/\\\/t.me\\\/sindicaturabarcelona\"]},{\"@type\":\"Person\",\"@id\":\"https:\\\/\\\/www.sindicaturabarcelona.cat\\\/ca\\\/#\\\/schema\\\/person\\\/0e5acffc350ffdbc97578159322c9452\",\"name\":\"Pablo\",\"image\":{\"@type\":\"ImageObject\",\"inLanguage\":\"ca\",\"@id\":\"https:\\\/\\\/secure.gravatar.com\\\/avatar\\\/c948169b402ef9492afde705c3dfd5e90e1a6a84ef6840a91124f805a25a480f?s=96&d=mm&r=g\",\"url\":\"https:\\\/\\\/secure.gravatar.com\\\/avatar\\\/c948169b402ef9492afde705c3dfd5e90e1a6a84ef6840a91124f805a25a480f?s=96&d=mm&r=g\",\"contentUrl\":\"https:\\\/\\\/secure.gravatar.com\\\/avatar\\\/c948169b402ef9492afde705c3dfd5e90e1a6a84ef6840a91124f805a25a480f?s=96&d=mm&r=g\",\"caption\":\"Pablo\"},\"url\":\"https:\\\/\\\/www.sindicaturabarcelona.cat\\\/ca\\\/author\\\/pablo\\\/\"}]}<\/script>\n<!-- \/ Yoast SEO plugin. -->","yoast_head_json":{"title":"La Sindicatura considera que cal continuar eliminant els carrils bici de les voreres, ja que s\u00f3n un risc per als i les vianants - Sindicatura de Greuges de Barcelona","description":"La\u00a0defensoria\u00a0resol\u00a0una queixa per unes vies ciclistes que passen per darrere de quatre parades de bus al Districte de l\u2019Eixample.","robots":{"index":"index","follow":"follow","max-snippet":"max-snippet:-1","max-image-preview":"max-image-preview:large","max-video-preview":"max-video-preview:-1"},"canonical":"https:\/\/www.sindicaturabarcelona.cat\/ca\/la-sindicatura-considera-que-cal-continuar-eliminant-els-carrils-bici-de-les-voreres-ja-que-son-un-risc-per-als-i-les-vianants\/","og_locale":"ca_ES","og_type":"article","og_title":"La Sindicatura considera que cal continuar eliminant els carrils bici de les voreres, ja que s\u00f3n un risc per als i les vianants - Sindicatura de Greuges de Barcelona","og_description":"La\u00a0defensoria\u00a0resol\u00a0una queixa per unes vies ciclistes que passen per darrere de quatre parades de bus al Districte de l\u2019Eixample.","og_url":"https:\/\/www.sindicaturabarcelona.cat\/ca\/la-sindicatura-considera-que-cal-continuar-eliminant-els-carrils-bici-de-les-voreres-ja-que-son-un-risc-per-als-i-les-vianants\/","og_site_name":"Sindicatura de Greuges de Barcelona","article_published_time":"2025-12-29T08:14:19+00:00","article_modified_time":"2025-12-30T09:05:14+00:00","og_image":[{"width":2000,"height":1336,"url":"https:\/\/www.sindicaturabarcelona.cat\/wp-content\/uploads\/un-ciclista-circula-amb-la-seva-bicic.jpg","type":"image\/jpeg"}],"author":"Pablo","twitter_card":"summary_large_image","twitter_creator":"@sindicbarcelona","twitter_site":"@sindicbarcelona","twitter_misc":{"Escrit per":"Pablo","Temps estimat de lectura":"5 minuts"},"schema":{"@context":"https:\/\/schema.org","@graph":[{"@type":"Article","@id":"https:\/\/www.sindicaturabarcelona.cat\/ca\/la-sindicatura-considera-que-cal-continuar-eliminant-els-carrils-bici-de-les-voreres-ja-que-son-un-risc-per-als-i-les-vianants\/#article","isPartOf":{"@id":"https:\/\/www.sindicaturabarcelona.cat\/ca\/la-sindicatura-considera-que-cal-continuar-eliminant-els-carrils-bici-de-les-voreres-ja-que-son-un-risc-per-als-i-les-vianants\/"},"author":{"name":"Pablo","@id":"https:\/\/www.sindicaturabarcelona.cat\/ca\/#\/schema\/person\/0e5acffc350ffdbc97578159322c9452"},"headline":"La Sindicatura considera que cal continuar eliminant els carrils bici de les voreres, ja que s\u00f3n un risc per als i les vianants","datePublished":"2025-12-29T08:14:19+00:00","dateModified":"2025-12-30T09:05:14+00:00","mainEntityOfPage":{"@id":"https:\/\/www.sindicaturabarcelona.cat\/ca\/la-sindicatura-considera-que-cal-continuar-eliminant-els-carrils-bici-de-les-voreres-ja-que-son-un-risc-per-als-i-les-vianants\/"},"wordCount":882,"publisher":{"@id":"https:\/\/www.sindicaturabarcelona.cat\/ca\/#organization"},"image":{"@id":"https:\/\/www.sindicaturabarcelona.cat\/ca\/la-sindicatura-considera-que-cal-continuar-eliminant-els-carrils-bici-de-les-voreres-ja-que-son-un-risc-per-als-i-les-vianants\/#primaryimage"},"thumbnailUrl":"https:\/\/www.sindicaturabarcelona.cat\/wp-content\/uploads\/un-ciclista-circula-amb-la-seva-bicic.jpg","inLanguage":"ca"},{"@type":"WebPage","@id":"https:\/\/www.sindicaturabarcelona.cat\/ca\/la-sindicatura-considera-que-cal-continuar-eliminant-els-carrils-bici-de-les-voreres-ja-que-son-un-risc-per-als-i-les-vianants\/","url":"https:\/\/www.sindicaturabarcelona.cat\/ca\/la-sindicatura-considera-que-cal-continuar-eliminant-els-carrils-bici-de-les-voreres-ja-que-son-un-risc-per-als-i-les-vianants\/","name":"La Sindicatura considera que cal continuar eliminant els carrils bici de les voreres, ja que s\u00f3n un risc per als i les vianants - Sindicatura de Greuges de Barcelona","isPartOf":{"@id":"https:\/\/www.sindicaturabarcelona.cat\/ca\/#website"},"primaryImageOfPage":{"@id":"https:\/\/www.sindicaturabarcelona.cat\/ca\/la-sindicatura-considera-que-cal-continuar-eliminant-els-carrils-bici-de-les-voreres-ja-que-son-un-risc-per-als-i-les-vianants\/#primaryimage"},"image":{"@id":"https:\/\/www.sindicaturabarcelona.cat\/ca\/la-sindicatura-considera-que-cal-continuar-eliminant-els-carrils-bici-de-les-voreres-ja-que-son-un-risc-per-als-i-les-vianants\/#primaryimage"},"thumbnailUrl":"https:\/\/www.sindicaturabarcelona.cat\/wp-content\/uploads\/un-ciclista-circula-amb-la-seva-bicic.jpg","datePublished":"2025-12-29T08:14:19+00:00","dateModified":"2025-12-30T09:05:14+00:00","description":"La\u00a0defensoria\u00a0resol\u00a0una queixa per unes vies ciclistes que passen per darrere de quatre parades de bus al Districte de l\u2019Eixample.","breadcrumb":{"@id":"https:\/\/www.sindicaturabarcelona.cat\/ca\/la-sindicatura-considera-que-cal-continuar-eliminant-els-carrils-bici-de-les-voreres-ja-que-son-un-risc-per-als-i-les-vianants\/#breadcrumb"},"inLanguage":"ca","potentialAction":[{"@type":"ReadAction","target":["https:\/\/www.sindicaturabarcelona.cat\/ca\/la-sindicatura-considera-que-cal-continuar-eliminant-els-carrils-bici-de-les-voreres-ja-que-son-un-risc-per-als-i-les-vianants\/"]}]},{"@type":"ImageObject","inLanguage":"ca","@id":"https:\/\/www.sindicaturabarcelona.cat\/ca\/la-sindicatura-considera-que-cal-continuar-eliminant-els-carrils-bici-de-les-voreres-ja-que-son-un-risc-per-als-i-les-vianants\/#primaryimage","url":"https:\/\/www.sindicaturabarcelona.cat\/wp-content\/uploads\/un-ciclista-circula-amb-la-seva-bicic.jpg","contentUrl":"https:\/\/www.sindicaturabarcelona.cat\/wp-content\/uploads\/un-ciclista-circula-amb-la-seva-bicic.jpg","width":2000,"height":1336},{"@type":"BreadcrumbList","@id":"https:\/\/www.sindicaturabarcelona.cat\/ca\/la-sindicatura-considera-que-cal-continuar-eliminant-els-carrils-bici-de-les-voreres-ja-que-son-un-risc-per-als-i-les-vianants\/#breadcrumb","itemListElement":[{"@type":"ListItem","position":1,"name":"Inici","item":"https:\/\/www.sindicaturabarcelona.cat\/ca\/"},{"@type":"ListItem","position":2,"name":"La Sindicatura considera que cal continuar eliminant els carrils bici de les voreres, ja que s\u00f3n un risc per als i les vianants"}]},{"@type":"WebSite","@id":"https:\/\/www.sindicaturabarcelona.cat\/ca\/#website","url":"https:\/\/www.sindicaturabarcelona.cat\/ca\/","name":"Sindicatura de Greuges de Barcelona","description":"La defensoria dels teus drets","publisher":{"@id":"https:\/\/www.sindicaturabarcelona.cat\/ca\/#organization"},"potentialAction":[{"@type":"SearchAction","target":{"@type":"EntryPoint","urlTemplate":"https:\/\/www.sindicaturabarcelona.cat\/ca\/?s={search_term_string}"},"query-input":{"@type":"PropertyValueSpecification","valueRequired":true,"valueName":"search_term_string"}}],"inLanguage":"ca"},{"@type":"Organization","@id":"https:\/\/www.sindicaturabarcelona.cat\/ca\/#organization","name":"Sindicatura de Greuges de Barcelona","url":"https:\/\/www.sindicaturabarcelona.cat\/ca\/","logo":{"@type":"ImageObject","inLanguage":"ca","@id":"https:\/\/www.sindicaturabarcelona.cat\/ca\/#\/schema\/logo\/image\/","url":"https:\/\/www.sindicaturabarcelona.cat\/wp-content\/uploads\/2023\/02\/logo_sindicatura.svg","contentUrl":"https:\/\/www.sindicaturabarcelona.cat\/wp-content\/uploads\/2023\/02\/logo_sindicatura.svg","caption":"Sindicatura de Greuges de Barcelona"},"image":{"@id":"https:\/\/www.sindicaturabarcelona.cat\/ca\/#\/schema\/logo\/image\/"},"sameAs":["https:\/\/x.com\/sindicbarcelona","https:\/\/www.instagram.com\/sindicbarcelona\/","https:\/\/www.tiktok.com\/@sindicaturabcn","https:\/\/t.me\/sindicaturabarcelona"]},{"@type":"Person","@id":"https:\/\/www.sindicaturabarcelona.cat\/ca\/#\/schema\/person\/0e5acffc350ffdbc97578159322c9452","name":"Pablo","image":{"@type":"ImageObject","inLanguage":"ca","@id":"https:\/\/secure.gravatar.com\/avatar\/c948169b402ef9492afde705c3dfd5e90e1a6a84ef6840a91124f805a25a480f?s=96&d=mm&r=g","url":"https:\/\/secure.gravatar.com\/avatar\/c948169b402ef9492afde705c3dfd5e90e1a6a84ef6840a91124f805a25a480f?s=96&d=mm&r=g","contentUrl":"https:\/\/secure.gravatar.com\/avatar\/c948169b402ef9492afde705c3dfd5e90e1a6a84ef6840a91124f805a25a480f?s=96&d=mm&r=g","caption":"Pablo"},"url":"https:\/\/www.sindicaturabarcelona.cat\/ca\/author\/pablo\/"}]}},"_links":{"self":[{"href":"https:\/\/www.sindicaturabarcelona.cat\/ca\/wp-json\/wp\/v2\/posts\/40945","targetHints":{"allow":["GET"]}}],"collection":[{"href":"https:\/\/www.sindicaturabarcelona.cat\/ca\/wp-json\/wp\/v2\/posts"}],"about":[{"href":"https:\/\/www.sindicaturabarcelona.cat\/ca\/wp-json\/wp\/v2\/types\/post"}],"author":[{"embeddable":true,"href":"https:\/\/www.sindicaturabarcelona.cat\/ca\/wp-json\/wp\/v2\/users\/2"}],"replies":[{"embeddable":true,"href":"https:\/\/www.sindicaturabarcelona.cat\/ca\/wp-json\/wp\/v2\/comments?post=40945"}],"version-history":[{"count":11,"href":"https:\/\/www.sindicaturabarcelona.cat\/ca\/wp-json\/wp\/v2\/posts\/40945\/revisions"}],"predecessor-version":[{"id":40988,"href":"https:\/\/www.sindicaturabarcelona.cat\/ca\/wp-json\/wp\/v2\/posts\/40945\/revisions\/40988"}],"wp:featuredmedia":[{"embeddable":true,"href":"https:\/\/www.sindicaturabarcelona.cat\/ca\/wp-json\/wp\/v2\/media\/40949"}],"wp:attachment":[{"href":"https:\/\/www.sindicaturabarcelona.cat\/ca\/wp-json\/wp\/v2\/media?parent=40945"}],"wp:term":[{"taxonomy":"post_tag","embeddable":true,"href":"https:\/\/www.sindicaturabarcelona.cat\/ca\/wp-json\/wp\/v2\/tags?post=40945"},{"taxonomy":"drets","embeddable":true,"href":"https:\/\/www.sindicaturabarcelona.cat\/ca\/wp-json\/wp\/v2\/drets?post=40945"}],"curies":[{"name":"wp","href":"https:\/\/api.w.org\/{rel}","templated":true}]}}