{"id":40827,"date":"2025-12-16T10:30:00","date_gmt":"2025-12-16T08:30:00","guid":{"rendered":"https:\/\/www.sindicaturabarcelona.cat\/?p=40827"},"modified":"2026-01-09T10:07:36","modified_gmt":"2026-01-09T08:07:36","slug":"la-sindicatura-insta-a-aclarir-les-vies-dacces-i-a-reforcar-els-serveis-datencio-a-les-victimes-de-violencies-sexuals","status":"publish","type":"post","link":"https:\/\/www.sindicaturabarcelona.cat\/ca\/la-sindicatura-insta-a-aclarir-les-vies-dacces-i-a-reforcar-els-serveis-datencio-a-les-victimes-de-violencies-sexuals\/","title":{"rendered":"La Sindicatura insta l&#8217;Ajuntament a refor\u00e7ar els serveis d\u2019atenci\u00f3 a les v\u00edctimes de viol\u00e8ncies sexuals"},"content":{"rendered":"\n<h2 class=\"wp-block-heading\">L\u2019entrada al circuit d\u2019atenci\u00f3 per a les v\u00edctimes de viol\u00e8ncies sexuals no recents no \u00e9s clara i pot donar lloc a revictimitzacions secund\u00e0ries: cal disposar d\u2019atenci\u00f3 espec\u00edfica per a aquest tipus de viol\u00e8ncies, que s\u00f3n les majorit\u00e0ries.<\/h2>\n\n\n\n<h2 class=\"wp-block-heading\">Tamb\u00e9 cal augmentar els recursos residencials d\u2019urg\u00e8ncia i de llarga estada, aix\u00ed com l\u2019estabilitat dels equips professionals, at\u00e8s que hi ha un grau de rotaci\u00f3 que pot afectar els serveis.<\/h2>\n\n\n\n<p>La defensoria de la ciutat publica l\u2019informe monogr\u00e0fic <strong>&#8220;<\/strong><a href=\"https:\/\/www.sindicaturabarcelona.cat\/wp-content\/uploads\/20251217-INF-Violencies.pdf\" target=\"_blank\" rel=\"noreferrer noopener\"><strong>Els serveis d\u2019atenci\u00f3 a les viol\u00e8ncies sexuals a la ciutat de Barcelona<\/strong><\/a><strong>&#8220;<\/strong>, en qu\u00e8 han participat m\u00e9s d\u2019un centenar de persones que treballen a serveis socials i sanitaris i en entitats autogestionades. Aix\u00ed mateix, s\u2019han analitzat protocols i altres documents espec\u00edfics, aix\u00ed com els 18 serveis especialitzats que hi ha a la ciutat.<\/p>\n\n\n\n<p>En els \u00faltims anys, es constata <strong>un gran augment de les den\u00fancies i revelacions<\/strong> de situacions de viol\u00e8ncia sexual. Aquest increment de casos ha pogut impactar en forma de saturaci\u00f3 en els serveis: d\u2019acord amb l\u2019enquesta que s&#8217;ha portat a terme, el temps que sol transc\u00f3rrer des del primer contacte fins que comen\u00e7a l\u2019actuaci\u00f3 \u00e9s molt superior al que seria ideal, amb una mitjana de 3,3 mesos d\u2019espera.&nbsp;<\/p>\n\n\n\n<h2 class=\"wp-block-heading\">Estades massa llargues en recursos d\u2019urg\u00e8ncia<\/h2>\n\n\n\n<p>Les dades recollides mostren que la majoria de les persones ateses pels serveis no han viscut la viol\u00e8ncia sexual de forma recent, sin\u00f3 que ha transcorregut una <strong>mitjana de 3 anys des de l\u2019incident violent fins a l\u2019arribada al servei<\/strong>.<\/p>\n\n\n\n<p>Les viol\u00e8ncies sexuals no recents presenten, moltes vegades, caracter\u00edstiques m\u00e9s greus pel fet que es tracta de victimitzacions en la inf\u00e0ncia, traumes complexos o viol\u00e8ncia intrafamiliar, entre d\u2019altres. Tot i aix\u00f2, <strong>no hi ha cap servei especialitzat en viol\u00e8ncies sexuals no recents<\/strong>.<\/p>\n\n\n\n<p>Els equips professionals indiquen que les v\u00edctimes solen haver visitat pr\u00e8viament una mitjana de 2,17 serveis i, en alguns casos han passat pr\u00e8viament per m\u00e9s de 10 serveis, la qual cosa pot implicar una victimitzaci\u00f3 secund\u00e0ria important.<\/p>\n\n\n\n<p>L\u2019entrada al circuit d\u2019atenci\u00f3 \u00e9s m\u00e9s clara per als casos de viol\u00e8ncies sexuals recents. Ara b\u00e9, hi ha <strong>contradiccions en la informaci\u00f3 municipal<\/strong>: les <a href=\"https:\/\/ajuntament.barcelona.cat\/dones\/ca\/guies-del-bon-tracte\" target=\"_blank\" rel=\"noreferrer noopener\"><em>Guies del bon tracte<\/em><\/a> d\u2019alguns districtes assenyalen que l\u2019Hospital Cl\u00ednic i el de la Vall d\u2019Hebron s\u00f3n els referents si la viol\u00e8ncia sexual s\u2019ha esdevingut en les \u00faltimes 72 hores. En canvi, en altres districtes aquestes guies no estableixen limitacions temporals.<\/p>\n\n\n\n<p>A m\u00e9s, s\u00f3n <strong>habituals les estades massa llargues en els recursos residencials, sobretot en els d\u2019urg\u00e8ncia<\/strong>, en qu\u00e8 s\u2019arriben a quintuplicar les estades m\u00e0ximes recomanades. Tamb\u00e9 s\u2019ha identificat una manca de recursos residencials per a dones amb necessitats espec\u00edfiques (amb consum actius de drogues, amb problemes greus de salut mental&#8230;).<\/p>\n\n\n\n<h2 class=\"wp-block-heading\">Personal dels serveis: molta rotaci\u00f3 i esgotament professional<\/h2>\n\n\n\n<p><strong>Les condicions de treball dels equips professionals s\u00f3n millorables<\/strong>. Aix\u00f2 es reflecteix en l\u2019\u00edndex d\u2019inestabilitat laboral tan elevat: en els serveis de tipus social, la majoria de les persones treballadores declaren que l\u2019equip canvia cada any o menys, fins i tot. Algunes d\u2019aquestes persones tamb\u00e9 remarquen la manca de recursos que pateixen.<\/p>\n\n\n\n<p>No hi ha hagut un increment de professional proporcional al de persones ateses, cosa que redunda en un estr\u00e8s m\u00e9s alt. Els i les professionals destaquen l\u2019impacte emocional, la responsabilitat i <strong>s\u00edmptomes d\u2019esgotament professional<\/strong> <strong>(<em>burnout<\/em>)<\/strong>.<\/p>\n\n\n\n<h2 class=\"wp-block-heading\">Recomanacions de la Sindicatura de Greuges de Barcelona<\/h2>\n\n\n\n<p>Realitzada aquesta an\u00e0lisi, la defensoria ha elaborat diverses recomanacions:&nbsp;<\/p>\n\n\n\n<ul class=\"wp-block-list\">\n<li><strong>Acordar una definici\u00f3<\/strong> de viol\u00e8ncies sexuals, alineada amb la normativa vigent i compartida per tots els recursos.<\/li>\n<\/ul>\n\n\n\n<ul class=\"wp-block-list\">\n<li><strong>Establir una entrada clara al circuit<\/strong> de serveis per a casos de viol\u00e8ncies sexuals recents i no recents, i detallar els serveis disponibles i les seves funcions, aix\u00ed com els criteris d\u2019atenci\u00f3 i els mecanismes de coordinaci\u00f3 i derivaci\u00f3.<\/li>\n<\/ul>\n\n\n\n<ul class=\"wp-block-list\">\n<li><strong>Actualitzar les <em>Guies del bon tracte<\/em><\/strong> dels districtes per incloure-hi els serveis espec\u00edfics i els criteris d\u2019atenci\u00f3 en viol\u00e8ncies sexuals. Altres recursos adients serien mapes de serveis p\u00fablics i privats que ofereixen atenci\u00f3 a v\u00edctimes, que s\u2019haurien de crear i fer-ne despr\u00e9s difusi\u00f3.<\/li>\n<\/ul>\n\n\n\n<ul class=\"wp-block-list\">\n<li>Assegurar una <strong>atenci\u00f3 especialitzada i adequada <\/strong>per a cada tipus de viol\u00e8ncia sexual, i assignar m\u00e9s recursos residencials d\u2019urg\u00e8ncia i de llarga estada.<\/li>\n<\/ul>\n\n\n\n<ul class=\"wp-block-list\">\n<li><strong>Dotar els serveis espec\u00edfics de prou personal i recursos<\/strong> per poder atendre les persones adequadament, assegurant l\u2019estabilitat dels equips professionals per evitar l\u2019alta rotaci\u00f3 del personal, i proporcionar-los condicions laborals que tinguin en compte la c\u00e0rrega elevada d\u2019estr\u00e8s emocional que tenen.<\/li>\n<\/ul>\n\n\n\n<ul class=\"wp-block-list\">\n<li>Estudiar si cal que l\u2019Ajuntament cre\u00ef <strong>categories professionals espec\u00edfiques<\/strong> que assegurin l\u2019especialitzaci\u00f3 de les persones que atenen les viol\u00e8ncies sexuals. &nbsp;<\/li>\n<\/ul>\n\n\n\n<p>Podeu consultar l\u2019<a href=\"https:\/\/www.sindicaturabarcelona.cat\/wp-content\/uploads\/20251217-INF-Violencies.pdf\" target=\"_blank\" rel=\"noreferrer noopener\">informe sencer en aquest enlla\u00e7<\/a>.<\/p>\n\n\n\n<p><\/p>\n","protected":false},"excerpt":{"rendered":"<p>L\u2019entrada al circuit d\u2019atenci\u00f3 per a les v\u00edctimes de viol\u00e8ncies sexuals no recents no \u00e9s clara i pot donar lloc a revictimitzacions secund\u00e0ries: cal disposar d\u2019atenci\u00f3 espec\u00edfica per a aquest [&hellip;]<\/p>\n","protected":false},"author":2,"featured_media":40828,"comment_status":"closed","ping_status":"closed","sticky":false,"template":"","format":"standard","meta":{"_acf_changed":false,"footnotes":""},"tags":[],"drets":[1428,1437],"class_list":["post-40827","post","type-post","status-publish","format-standard","has-post-thumbnail","hentry","drets-ciutat-equitativa","drets-dret-a-una-vida-lliure-de-violencies"],"acf":[],"yoast_head":"<!-- This site is optimized with the Yoast SEO plugin v27.5 - https:\/\/yoast.com\/product\/yoast-seo-wordpress\/ -->\n<title>La Sindicatura insta l&#039;Ajuntament a refor\u00e7ar els serveis d\u2019atenci\u00f3 a les v\u00edctimes de viol\u00e8ncies sexuals - Sindicatura de Greuges de Barcelona<\/title>\n<meta name=\"description\" content=\"La defensoria publica un informe monogr\u00e0fic que conclou que cal disposar d\u2019atenci\u00f3 espec\u00edfica per als casos de viol\u00e8ncies no recents.\" \/>\n<meta name=\"robots\" content=\"index, follow, max-snippet:-1, max-image-preview:large, max-video-preview:-1\" \/>\n<link rel=\"canonical\" href=\"https:\/\/www.sindicaturabarcelona.cat\/ca\/la-sindicatura-insta-a-aclarir-les-vies-dacces-i-a-reforcar-els-serveis-datencio-a-les-victimes-de-violencies-sexuals\/\" \/>\n<meta property=\"og:locale\" content=\"ca_ES\" \/>\n<meta property=\"og:type\" content=\"article\" \/>\n<meta property=\"og:title\" content=\"La Sindicatura insta l&#039;Ajuntament a refor\u00e7ar els serveis d\u2019atenci\u00f3 a les v\u00edctimes de viol\u00e8ncies sexuals - Sindicatura de Greuges de Barcelona\" \/>\n<meta property=\"og:description\" content=\"La defensoria publica un informe monogr\u00e0fic que conclou que cal disposar d\u2019atenci\u00f3 espec\u00edfica per als casos de viol\u00e8ncies no recents.\" \/>\n<meta property=\"og:url\" content=\"https:\/\/www.sindicaturabarcelona.cat\/ca\/la-sindicatura-insta-a-aclarir-les-vies-dacces-i-a-reforcar-els-serveis-datencio-a-les-victimes-de-violencies-sexuals\/\" \/>\n<meta property=\"og:site_name\" content=\"Sindicatura de Greuges de Barcelona\" \/>\n<meta property=\"article:published_time\" content=\"2025-12-16T08:30:00+00:00\" \/>\n<meta property=\"article:modified_time\" content=\"2026-01-09T08:07:36+00:00\" \/>\n<meta property=\"og:image\" content=\"https:\/\/www.sindicaturabarcelona.cat\/wp-content\/uploads\/punt_lila_intinerant_resized_0.jpg\" \/>\n\t<meta property=\"og:image:width\" content=\"799\" \/>\n\t<meta property=\"og:image:height\" content=\"534\" \/>\n\t<meta property=\"og:image:type\" content=\"image\/jpeg\" \/>\n<meta name=\"author\" content=\"Pablo\" \/>\n<meta name=\"twitter:card\" content=\"summary_large_image\" \/>\n<meta name=\"twitter:creator\" content=\"@sindicbarcelona\" \/>\n<meta name=\"twitter:site\" content=\"@sindicbarcelona\" \/>\n<meta name=\"twitter:label1\" content=\"Escrit per\" \/>\n\t<meta name=\"twitter:data1\" content=\"Pablo\" \/>\n\t<meta name=\"twitter:label2\" content=\"Temps estimat de lectura\" \/>\n\t<meta name=\"twitter:data2\" content=\"5 minuts\" \/>\n<script type=\"application\/ld+json\" class=\"yoast-schema-graph\">{\"@context\":\"https:\\\/\\\/schema.org\",\"@graph\":[{\"@type\":\"Article\",\"@id\":\"https:\\\/\\\/www.sindicaturabarcelona.cat\\\/ca\\\/la-sindicatura-insta-a-aclarir-les-vies-dacces-i-a-reforcar-els-serveis-datencio-a-les-victimes-de-violencies-sexuals\\\/#article\",\"isPartOf\":{\"@id\":\"https:\\\/\\\/www.sindicaturabarcelona.cat\\\/ca\\\/la-sindicatura-insta-a-aclarir-les-vies-dacces-i-a-reforcar-els-serveis-datencio-a-les-victimes-de-violencies-sexuals\\\/\"},\"author\":{\"name\":\"Pablo\",\"@id\":\"https:\\\/\\\/www.sindicaturabarcelona.cat\\\/ca\\\/#\\\/schema\\\/person\\\/0e5acffc350ffdbc97578159322c9452\"},\"headline\":\"La Sindicatura insta l&#8217;Ajuntament a refor\u00e7ar els serveis d\u2019atenci\u00f3 a les v\u00edctimes de viol\u00e8ncies sexuals\",\"datePublished\":\"2025-12-16T08:30:00+00:00\",\"dateModified\":\"2026-01-09T08:07:36+00:00\",\"mainEntityOfPage\":{\"@id\":\"https:\\\/\\\/www.sindicaturabarcelona.cat\\\/ca\\\/la-sindicatura-insta-a-aclarir-les-vies-dacces-i-a-reforcar-els-serveis-datencio-a-les-victimes-de-violencies-sexuals\\\/\"},\"wordCount\":858,\"publisher\":{\"@id\":\"https:\\\/\\\/www.sindicaturabarcelona.cat\\\/ca\\\/#organization\"},\"image\":{\"@id\":\"https:\\\/\\\/www.sindicaturabarcelona.cat\\\/ca\\\/la-sindicatura-insta-a-aclarir-les-vies-dacces-i-a-reforcar-els-serveis-datencio-a-les-victimes-de-violencies-sexuals\\\/#primaryimage\"},\"thumbnailUrl\":\"https:\\\/\\\/www.sindicaturabarcelona.cat\\\/wp-content\\\/uploads\\\/punt_lila_intinerant_resized_0.jpg\",\"inLanguage\":\"ca\"},{\"@type\":\"WebPage\",\"@id\":\"https:\\\/\\\/www.sindicaturabarcelona.cat\\\/ca\\\/la-sindicatura-insta-a-aclarir-les-vies-dacces-i-a-reforcar-els-serveis-datencio-a-les-victimes-de-violencies-sexuals\\\/\",\"url\":\"https:\\\/\\\/www.sindicaturabarcelona.cat\\\/ca\\\/la-sindicatura-insta-a-aclarir-les-vies-dacces-i-a-reforcar-els-serveis-datencio-a-les-victimes-de-violencies-sexuals\\\/\",\"name\":\"La Sindicatura insta l'Ajuntament a refor\u00e7ar els serveis d\u2019atenci\u00f3 a les v\u00edctimes de viol\u00e8ncies sexuals - Sindicatura de Greuges de Barcelona\",\"isPartOf\":{\"@id\":\"https:\\\/\\\/www.sindicaturabarcelona.cat\\\/ca\\\/#website\"},\"primaryImageOfPage\":{\"@id\":\"https:\\\/\\\/www.sindicaturabarcelona.cat\\\/ca\\\/la-sindicatura-insta-a-aclarir-les-vies-dacces-i-a-reforcar-els-serveis-datencio-a-les-victimes-de-violencies-sexuals\\\/#primaryimage\"},\"image\":{\"@id\":\"https:\\\/\\\/www.sindicaturabarcelona.cat\\\/ca\\\/la-sindicatura-insta-a-aclarir-les-vies-dacces-i-a-reforcar-els-serveis-datencio-a-les-victimes-de-violencies-sexuals\\\/#primaryimage\"},\"thumbnailUrl\":\"https:\\\/\\\/www.sindicaturabarcelona.cat\\\/wp-content\\\/uploads\\\/punt_lila_intinerant_resized_0.jpg\",\"datePublished\":\"2025-12-16T08:30:00+00:00\",\"dateModified\":\"2026-01-09T08:07:36+00:00\",\"description\":\"La defensoria publica un informe monogr\u00e0fic que conclou que cal disposar d\u2019atenci\u00f3 espec\u00edfica per als casos de viol\u00e8ncies no recents.\",\"breadcrumb\":{\"@id\":\"https:\\\/\\\/www.sindicaturabarcelona.cat\\\/ca\\\/la-sindicatura-insta-a-aclarir-les-vies-dacces-i-a-reforcar-els-serveis-datencio-a-les-victimes-de-violencies-sexuals\\\/#breadcrumb\"},\"inLanguage\":\"ca\",\"potentialAction\":[{\"@type\":\"ReadAction\",\"target\":[\"https:\\\/\\\/www.sindicaturabarcelona.cat\\\/ca\\\/la-sindicatura-insta-a-aclarir-les-vies-dacces-i-a-reforcar-els-serveis-datencio-a-les-victimes-de-violencies-sexuals\\\/\"]}]},{\"@type\":\"ImageObject\",\"inLanguage\":\"ca\",\"@id\":\"https:\\\/\\\/www.sindicaturabarcelona.cat\\\/ca\\\/la-sindicatura-insta-a-aclarir-les-vies-dacces-i-a-reforcar-els-serveis-datencio-a-les-victimes-de-violencies-sexuals\\\/#primaryimage\",\"url\":\"https:\\\/\\\/www.sindicaturabarcelona.cat\\\/wp-content\\\/uploads\\\/punt_lila_intinerant_resized_0.jpg\",\"contentUrl\":\"https:\\\/\\\/www.sindicaturabarcelona.cat\\\/wp-content\\\/uploads\\\/punt_lila_intinerant_resized_0.jpg\",\"width\":799,\"height\":534},{\"@type\":\"BreadcrumbList\",\"@id\":\"https:\\\/\\\/www.sindicaturabarcelona.cat\\\/ca\\\/la-sindicatura-insta-a-aclarir-les-vies-dacces-i-a-reforcar-els-serveis-datencio-a-les-victimes-de-violencies-sexuals\\\/#breadcrumb\",\"itemListElement\":[{\"@type\":\"ListItem\",\"position\":1,\"name\":\"Inici\",\"item\":\"https:\\\/\\\/www.sindicaturabarcelona.cat\\\/ca\\\/\"},{\"@type\":\"ListItem\",\"position\":2,\"name\":\"La Sindicatura insta l&#8217;Ajuntament a refor\u00e7ar els serveis d\u2019atenci\u00f3 a les v\u00edctimes de viol\u00e8ncies sexuals\"}]},{\"@type\":\"WebSite\",\"@id\":\"https:\\\/\\\/www.sindicaturabarcelona.cat\\\/ca\\\/#website\",\"url\":\"https:\\\/\\\/www.sindicaturabarcelona.cat\\\/ca\\\/\",\"name\":\"Sindicatura de Greuges de Barcelona\",\"description\":\"La defensoria dels teus drets\",\"publisher\":{\"@id\":\"https:\\\/\\\/www.sindicaturabarcelona.cat\\\/ca\\\/#organization\"},\"potentialAction\":[{\"@type\":\"SearchAction\",\"target\":{\"@type\":\"EntryPoint\",\"urlTemplate\":\"https:\\\/\\\/www.sindicaturabarcelona.cat\\\/ca\\\/?s={search_term_string}\"},\"query-input\":{\"@type\":\"PropertyValueSpecification\",\"valueRequired\":true,\"valueName\":\"search_term_string\"}}],\"inLanguage\":\"ca\"},{\"@type\":\"Organization\",\"@id\":\"https:\\\/\\\/www.sindicaturabarcelona.cat\\\/ca\\\/#organization\",\"name\":\"Sindicatura de Greuges de Barcelona\",\"url\":\"https:\\\/\\\/www.sindicaturabarcelona.cat\\\/ca\\\/\",\"logo\":{\"@type\":\"ImageObject\",\"inLanguage\":\"ca\",\"@id\":\"https:\\\/\\\/www.sindicaturabarcelona.cat\\\/ca\\\/#\\\/schema\\\/logo\\\/image\\\/\",\"url\":\"https:\\\/\\\/www.sindicaturabarcelona.cat\\\/wp-content\\\/uploads\\\/2023\\\/02\\\/logo_sindicatura.svg\",\"contentUrl\":\"https:\\\/\\\/www.sindicaturabarcelona.cat\\\/wp-content\\\/uploads\\\/2023\\\/02\\\/logo_sindicatura.svg\",\"caption\":\"Sindicatura de Greuges de Barcelona\"},\"image\":{\"@id\":\"https:\\\/\\\/www.sindicaturabarcelona.cat\\\/ca\\\/#\\\/schema\\\/logo\\\/image\\\/\"},\"sameAs\":[\"https:\\\/\\\/x.com\\\/sindicbarcelona\",\"https:\\\/\\\/www.instagram.com\\\/sindicbarcelona\\\/\",\"https:\\\/\\\/www.tiktok.com\\\/@sindicaturabcn\",\"https:\\\/\\\/t.me\\\/sindicaturabarcelona\"]},{\"@type\":\"Person\",\"@id\":\"https:\\\/\\\/www.sindicaturabarcelona.cat\\\/ca\\\/#\\\/schema\\\/person\\\/0e5acffc350ffdbc97578159322c9452\",\"name\":\"Pablo\",\"image\":{\"@type\":\"ImageObject\",\"inLanguage\":\"ca\",\"@id\":\"https:\\\/\\\/secure.gravatar.com\\\/avatar\\\/c948169b402ef9492afde705c3dfd5e90e1a6a84ef6840a91124f805a25a480f?s=96&d=mm&r=g\",\"url\":\"https:\\\/\\\/secure.gravatar.com\\\/avatar\\\/c948169b402ef9492afde705c3dfd5e90e1a6a84ef6840a91124f805a25a480f?s=96&d=mm&r=g\",\"contentUrl\":\"https:\\\/\\\/secure.gravatar.com\\\/avatar\\\/c948169b402ef9492afde705c3dfd5e90e1a6a84ef6840a91124f805a25a480f?s=96&d=mm&r=g\",\"caption\":\"Pablo\"},\"url\":\"https:\\\/\\\/www.sindicaturabarcelona.cat\\\/ca\\\/author\\\/pablo\\\/\"}]}<\/script>\n<!-- \/ Yoast SEO plugin. -->","yoast_head_json":{"title":"La Sindicatura insta l'Ajuntament a refor\u00e7ar els serveis d\u2019atenci\u00f3 a les v\u00edctimes de viol\u00e8ncies sexuals - Sindicatura de Greuges de Barcelona","description":"La defensoria publica un informe monogr\u00e0fic que conclou que cal disposar d\u2019atenci\u00f3 espec\u00edfica per als casos de viol\u00e8ncies no recents.","robots":{"index":"index","follow":"follow","max-snippet":"max-snippet:-1","max-image-preview":"max-image-preview:large","max-video-preview":"max-video-preview:-1"},"canonical":"https:\/\/www.sindicaturabarcelona.cat\/ca\/la-sindicatura-insta-a-aclarir-les-vies-dacces-i-a-reforcar-els-serveis-datencio-a-les-victimes-de-violencies-sexuals\/","og_locale":"ca_ES","og_type":"article","og_title":"La Sindicatura insta l'Ajuntament a refor\u00e7ar els serveis d\u2019atenci\u00f3 a les v\u00edctimes de viol\u00e8ncies sexuals - Sindicatura de Greuges de Barcelona","og_description":"La defensoria publica un informe monogr\u00e0fic que conclou que cal disposar d\u2019atenci\u00f3 espec\u00edfica per als casos de viol\u00e8ncies no recents.","og_url":"https:\/\/www.sindicaturabarcelona.cat\/ca\/la-sindicatura-insta-a-aclarir-les-vies-dacces-i-a-reforcar-els-serveis-datencio-a-les-victimes-de-violencies-sexuals\/","og_site_name":"Sindicatura de Greuges de Barcelona","article_published_time":"2025-12-16T08:30:00+00:00","article_modified_time":"2026-01-09T08:07:36+00:00","og_image":[{"width":799,"height":534,"url":"https:\/\/www.sindicaturabarcelona.cat\/wp-content\/uploads\/punt_lila_intinerant_resized_0.jpg","type":"image\/jpeg"}],"author":"Pablo","twitter_card":"summary_large_image","twitter_creator":"@sindicbarcelona","twitter_site":"@sindicbarcelona","twitter_misc":{"Escrit per":"Pablo","Temps estimat de lectura":"5 minuts"},"schema":{"@context":"https:\/\/schema.org","@graph":[{"@type":"Article","@id":"https:\/\/www.sindicaturabarcelona.cat\/ca\/la-sindicatura-insta-a-aclarir-les-vies-dacces-i-a-reforcar-els-serveis-datencio-a-les-victimes-de-violencies-sexuals\/#article","isPartOf":{"@id":"https:\/\/www.sindicaturabarcelona.cat\/ca\/la-sindicatura-insta-a-aclarir-les-vies-dacces-i-a-reforcar-els-serveis-datencio-a-les-victimes-de-violencies-sexuals\/"},"author":{"name":"Pablo","@id":"https:\/\/www.sindicaturabarcelona.cat\/ca\/#\/schema\/person\/0e5acffc350ffdbc97578159322c9452"},"headline":"La Sindicatura insta l&#8217;Ajuntament a refor\u00e7ar els serveis d\u2019atenci\u00f3 a les v\u00edctimes de viol\u00e8ncies sexuals","datePublished":"2025-12-16T08:30:00+00:00","dateModified":"2026-01-09T08:07:36+00:00","mainEntityOfPage":{"@id":"https:\/\/www.sindicaturabarcelona.cat\/ca\/la-sindicatura-insta-a-aclarir-les-vies-dacces-i-a-reforcar-els-serveis-datencio-a-les-victimes-de-violencies-sexuals\/"},"wordCount":858,"publisher":{"@id":"https:\/\/www.sindicaturabarcelona.cat\/ca\/#organization"},"image":{"@id":"https:\/\/www.sindicaturabarcelona.cat\/ca\/la-sindicatura-insta-a-aclarir-les-vies-dacces-i-a-reforcar-els-serveis-datencio-a-les-victimes-de-violencies-sexuals\/#primaryimage"},"thumbnailUrl":"https:\/\/www.sindicaturabarcelona.cat\/wp-content\/uploads\/punt_lila_intinerant_resized_0.jpg","inLanguage":"ca"},{"@type":"WebPage","@id":"https:\/\/www.sindicaturabarcelona.cat\/ca\/la-sindicatura-insta-a-aclarir-les-vies-dacces-i-a-reforcar-els-serveis-datencio-a-les-victimes-de-violencies-sexuals\/","url":"https:\/\/www.sindicaturabarcelona.cat\/ca\/la-sindicatura-insta-a-aclarir-les-vies-dacces-i-a-reforcar-els-serveis-datencio-a-les-victimes-de-violencies-sexuals\/","name":"La Sindicatura insta l'Ajuntament a refor\u00e7ar els serveis d\u2019atenci\u00f3 a les v\u00edctimes de viol\u00e8ncies sexuals - Sindicatura de Greuges de Barcelona","isPartOf":{"@id":"https:\/\/www.sindicaturabarcelona.cat\/ca\/#website"},"primaryImageOfPage":{"@id":"https:\/\/www.sindicaturabarcelona.cat\/ca\/la-sindicatura-insta-a-aclarir-les-vies-dacces-i-a-reforcar-els-serveis-datencio-a-les-victimes-de-violencies-sexuals\/#primaryimage"},"image":{"@id":"https:\/\/www.sindicaturabarcelona.cat\/ca\/la-sindicatura-insta-a-aclarir-les-vies-dacces-i-a-reforcar-els-serveis-datencio-a-les-victimes-de-violencies-sexuals\/#primaryimage"},"thumbnailUrl":"https:\/\/www.sindicaturabarcelona.cat\/wp-content\/uploads\/punt_lila_intinerant_resized_0.jpg","datePublished":"2025-12-16T08:30:00+00:00","dateModified":"2026-01-09T08:07:36+00:00","description":"La defensoria publica un informe monogr\u00e0fic que conclou que cal disposar d\u2019atenci\u00f3 espec\u00edfica per als casos de viol\u00e8ncies no recents.","breadcrumb":{"@id":"https:\/\/www.sindicaturabarcelona.cat\/ca\/la-sindicatura-insta-a-aclarir-les-vies-dacces-i-a-reforcar-els-serveis-datencio-a-les-victimes-de-violencies-sexuals\/#breadcrumb"},"inLanguage":"ca","potentialAction":[{"@type":"ReadAction","target":["https:\/\/www.sindicaturabarcelona.cat\/ca\/la-sindicatura-insta-a-aclarir-les-vies-dacces-i-a-reforcar-els-serveis-datencio-a-les-victimes-de-violencies-sexuals\/"]}]},{"@type":"ImageObject","inLanguage":"ca","@id":"https:\/\/www.sindicaturabarcelona.cat\/ca\/la-sindicatura-insta-a-aclarir-les-vies-dacces-i-a-reforcar-els-serveis-datencio-a-les-victimes-de-violencies-sexuals\/#primaryimage","url":"https:\/\/www.sindicaturabarcelona.cat\/wp-content\/uploads\/punt_lila_intinerant_resized_0.jpg","contentUrl":"https:\/\/www.sindicaturabarcelona.cat\/wp-content\/uploads\/punt_lila_intinerant_resized_0.jpg","width":799,"height":534},{"@type":"BreadcrumbList","@id":"https:\/\/www.sindicaturabarcelona.cat\/ca\/la-sindicatura-insta-a-aclarir-les-vies-dacces-i-a-reforcar-els-serveis-datencio-a-les-victimes-de-violencies-sexuals\/#breadcrumb","itemListElement":[{"@type":"ListItem","position":1,"name":"Inici","item":"https:\/\/www.sindicaturabarcelona.cat\/ca\/"},{"@type":"ListItem","position":2,"name":"La Sindicatura insta l&#8217;Ajuntament a refor\u00e7ar els serveis d\u2019atenci\u00f3 a les v\u00edctimes de viol\u00e8ncies sexuals"}]},{"@type":"WebSite","@id":"https:\/\/www.sindicaturabarcelona.cat\/ca\/#website","url":"https:\/\/www.sindicaturabarcelona.cat\/ca\/","name":"Sindicatura de Greuges de Barcelona","description":"La defensoria dels teus drets","publisher":{"@id":"https:\/\/www.sindicaturabarcelona.cat\/ca\/#organization"},"potentialAction":[{"@type":"SearchAction","target":{"@type":"EntryPoint","urlTemplate":"https:\/\/www.sindicaturabarcelona.cat\/ca\/?s={search_term_string}"},"query-input":{"@type":"PropertyValueSpecification","valueRequired":true,"valueName":"search_term_string"}}],"inLanguage":"ca"},{"@type":"Organization","@id":"https:\/\/www.sindicaturabarcelona.cat\/ca\/#organization","name":"Sindicatura de Greuges de Barcelona","url":"https:\/\/www.sindicaturabarcelona.cat\/ca\/","logo":{"@type":"ImageObject","inLanguage":"ca","@id":"https:\/\/www.sindicaturabarcelona.cat\/ca\/#\/schema\/logo\/image\/","url":"https:\/\/www.sindicaturabarcelona.cat\/wp-content\/uploads\/2023\/02\/logo_sindicatura.svg","contentUrl":"https:\/\/www.sindicaturabarcelona.cat\/wp-content\/uploads\/2023\/02\/logo_sindicatura.svg","caption":"Sindicatura de Greuges de Barcelona"},"image":{"@id":"https:\/\/www.sindicaturabarcelona.cat\/ca\/#\/schema\/logo\/image\/"},"sameAs":["https:\/\/x.com\/sindicbarcelona","https:\/\/www.instagram.com\/sindicbarcelona\/","https:\/\/www.tiktok.com\/@sindicaturabcn","https:\/\/t.me\/sindicaturabarcelona"]},{"@type":"Person","@id":"https:\/\/www.sindicaturabarcelona.cat\/ca\/#\/schema\/person\/0e5acffc350ffdbc97578159322c9452","name":"Pablo","image":{"@type":"ImageObject","inLanguage":"ca","@id":"https:\/\/secure.gravatar.com\/avatar\/c948169b402ef9492afde705c3dfd5e90e1a6a84ef6840a91124f805a25a480f?s=96&d=mm&r=g","url":"https:\/\/secure.gravatar.com\/avatar\/c948169b402ef9492afde705c3dfd5e90e1a6a84ef6840a91124f805a25a480f?s=96&d=mm&r=g","contentUrl":"https:\/\/secure.gravatar.com\/avatar\/c948169b402ef9492afde705c3dfd5e90e1a6a84ef6840a91124f805a25a480f?s=96&d=mm&r=g","caption":"Pablo"},"url":"https:\/\/www.sindicaturabarcelona.cat\/ca\/author\/pablo\/"}]}},"_links":{"self":[{"href":"https:\/\/www.sindicaturabarcelona.cat\/ca\/wp-json\/wp\/v2\/posts\/40827","targetHints":{"allow":["GET"]}}],"collection":[{"href":"https:\/\/www.sindicaturabarcelona.cat\/ca\/wp-json\/wp\/v2\/posts"}],"about":[{"href":"https:\/\/www.sindicaturabarcelona.cat\/ca\/wp-json\/wp\/v2\/types\/post"}],"author":[{"embeddable":true,"href":"https:\/\/www.sindicaturabarcelona.cat\/ca\/wp-json\/wp\/v2\/users\/2"}],"replies":[{"embeddable":true,"href":"https:\/\/www.sindicaturabarcelona.cat\/ca\/wp-json\/wp\/v2\/comments?post=40827"}],"version-history":[{"count":13,"href":"https:\/\/www.sindicaturabarcelona.cat\/ca\/wp-json\/wp\/v2\/posts\/40827\/revisions"}],"predecessor-version":[{"id":41184,"href":"https:\/\/www.sindicaturabarcelona.cat\/ca\/wp-json\/wp\/v2\/posts\/40827\/revisions\/41184"}],"wp:featuredmedia":[{"embeddable":true,"href":"https:\/\/www.sindicaturabarcelona.cat\/ca\/wp-json\/wp\/v2\/media\/40828"}],"wp:attachment":[{"href":"https:\/\/www.sindicaturabarcelona.cat\/ca\/wp-json\/wp\/v2\/media?parent=40827"}],"wp:term":[{"taxonomy":"post_tag","embeddable":true,"href":"https:\/\/www.sindicaturabarcelona.cat\/ca\/wp-json\/wp\/v2\/tags?post=40827"},{"taxonomy":"drets","embeddable":true,"href":"https:\/\/www.sindicaturabarcelona.cat\/ca\/wp-json\/wp\/v2\/drets?post=40827"}],"curies":[{"name":"wp","href":"https:\/\/api.w.org\/{rel}","templated":true}]}}