{"id":40738,"date":"2025-12-10T09:15:16","date_gmt":"2025-12-10T07:15:16","guid":{"rendered":"https:\/\/www.sindicaturabarcelona.cat\/?p=40738"},"modified":"2025-12-11T11:20:08","modified_gmt":"2025-12-11T09:20:08","slug":"la-sindicatura-convoca-el-premi-internacional-dret-a-la-ciutat-i-bones-practiques","status":"publish","type":"post","link":"https:\/\/www.sindicaturabarcelona.cat\/ca\/la-sindicatura-convoca-el-premi-internacional-dret-a-la-ciutat-i-bones-practiques\/","title":{"rendered":"La Sindicatura convoca el Premi Internacional Dret a la Ciutat i Bones Pr\u00e0ctiques"},"content":{"rendered":"\n<p>La defensoria de la ciutat, coincidint amb el <a href=\"https:\/\/www.un.org\/es\/observances\/human-rights-day\" target=\"_blank\" rel=\"noreferrer noopener\">Dia dels Drets Humans<\/a>, convoca la primera edici\u00f3 del guard\u00f3 Dret a la Ciutat i Bones Pr\u00e0ctiques, adre\u00e7at a sindicatures de greuges, defensories i institucions d\u2019\u00f2mbudspersons d\u2019arreu del m\u00f3n, per a <strong>projectes, iniciatives o actuacions innovadores que fan realitat els drets humans de proximitat<\/strong>. El per\u00edode d&#8217;inscripcions s\u2019obrir\u00e0 properament i s\u2019anunciar\u00e0 pels canals habituals de la Sindicatura. \u00a0<\/p>\n\n\n\n<p>L\u2019objectiu d\u2019aquest guard\u00f3 \u00e9s recon\u00e8ixer i destacar les bones pr\u00e0ctiques que s\u2019estan implementant a escala local que contribueixen a la defensa i promoci\u00f3 del dret a la ciutat. Aquest dret ha de permetre que tota la ciutadania, incloses les persones que es troben al municipi sense ser-ne residents, utilitzi, ocupi i produeixi ciutats justes, inclusives i sostenibles.<\/p>\n\n\n\n<p>El premi tamb\u00e9 t\u00e9 una <strong>finalitat solid\u00e0ria<\/strong>, ja que la<strong> dotaci\u00f3 econ\u00f2mica <\/strong>del guard\u00f3 anir\u00e0<strong> destinada a una associaci\u00f3 o entitat local<\/strong>, que triar\u00e0 la candidatura guanyadora. El jurat estar\u00e0 format persones i representats d\u2019entitats socials de reconegut prestigi expertes en el Dret a la Ciutat i els drets humans de proximitat, a m\u00e9s del s\u00edndic de greuges de Barcelona, <strong>David Bondia<\/strong>.<\/p>\n\n\n\n<p>Per tal de reflectir els pilars d\u2019una ciutat democr\u00e0tica i respectuosa amb la diversitat, el guard\u00f3 internacional s\u2019articula en les quatre categories seg\u00fcents:<\/p>\n\n\n\n<ul class=\"wp-block-list\">\n<li><strong>Categoria<\/strong><a><strong> <\/strong><\/a><a href=\"https:\/\/www.sindicaturabarcelona.cat\/ca\/drets\/ciutat-equitativa\/\" target=\"_blank\" rel=\"noreferrer noopener\"><strong>Ciutat Equitativa<\/strong><\/a>: per a iniciatives que asseguren l\u2019acc\u00e9s universal als serveis b\u00e0sics i redueixen desigualtats.<\/li>\n<\/ul>\n\n\n\n<ul class=\"wp-block-list\">\n<li><strong>Categoria <\/strong><a href=\"https:\/\/www.sindicaturabarcelona.cat\/ca\/drets\/ciutat-diversa\/\" target=\"_blank\" rel=\"noreferrer noopener\"><strong>Ciutat Habitable i Sostenible<\/strong><\/a>: per a projectes que garanteixen un entorn saludable, inclusiu i respectu\u00f3s amb el medi ambient.<\/li>\n<\/ul>\n\n\n\n<ul class=\"wp-block-list\">\n<li><strong>Categoria <\/strong><a href=\"https:\/\/www.sindicaturabarcelona.cat\/ca\/drets\/ciutat-garantista\/\" target=\"_blank\" rel=\"noreferrer noopener\"><strong>Ciutat Garantista<\/strong><\/a>: per a accions que reforcen la protecci\u00f3 dels drets, la transpar\u00e8ncia i la participaci\u00f3 ciutadana.<\/li>\n<\/ul>\n\n\n\n<ul class=\"wp-block-list\">\n<li><strong>Categoria <\/strong><a href=\"https:\/\/www.sindicaturabarcelona.cat\/ca\/drets\/ciutat-habitable-i-sostenible\/\" target=\"_blank\" rel=\"noreferrer noopener\"><strong>Ciutat Diversa<\/strong><\/a>: per a experi\u00e8ncies que promouen la conviv\u00e8ncia i valoren la pluralitat com a motor de cohesi\u00f3 social.<\/li>\n<\/ul>\n\n\n\n<p>La concessi\u00f3 dels premis es far\u00e0 p\u00fablica el <strong>15 de juliol de 2026,<\/strong> i el lliurament tindr\u00e0 lloc en un <strong>acte oficial a Barcelona<\/strong> durant el <strong>31 d\u2019octubre de 2026<\/strong>, en el marc del Dia Internacional del Dret a la Ciutat.<\/p>\n\n\n\n<p>Amb aquesta <strong>iniciativa, <\/strong><a href=\"https:\/\/www.ombudsman.europa.eu\/en\/event-document\/es\/212778\" target=\"_blank\" rel=\"noreferrer noopener\"><strong>gaireb\u00e9 in\u00e8dita a escala europea<\/strong><\/a>, la Sindicatura de Greuges de Barcelona refor\u00e7a el seu paper de col\u00b7laboraci\u00f3 amb institucions d\u2019\u00f2mbudspersons d\u2019arreu del m\u00f3n. La defensoria de la ciutat actualment \u00e9s membre de l\u2019Alianza Global del Ombudsperson Local (AGOL), de la qual el s\u00edndic, David Bondia, <a href=\"https:\/\/www.sindicaturabarcelona.cat\/ca\/el-sindic-de-greuges-de-barcelona-nou-president-de-lalianza-global-del-ombudsperson-local-agol\/\" target=\"_blank\" rel=\"noreferrer noopener\">n\u2019\u00e9s el president<\/a>, i de l\u2019International Ombudsman Institute (IOI).<\/p>\n","protected":false},"excerpt":{"rendered":"<p>La defensoria de la ciutat, coincidint amb el Dia dels Drets Humans, convoca la primera edici\u00f3 del guard\u00f3 Dret a la Ciutat i Bones Pr\u00e0ctiques, adre\u00e7at a sindicatures de greuges, [&hellip;]<\/p>\n","protected":false},"author":2,"featured_media":40739,"comment_status":"closed","ping_status":"closed","sticky":false,"template":"","format":"standard","meta":{"_acf_changed":false,"footnotes":""},"tags":[],"drets":[1428,1463,1430,1431,1432,1433,1434,1435,1436,1437,1442,1462,1461,1460,1459,1458,1457,1674,1503,1440,1455,1456,1454,1453,1452,1451,1647,1652,1667,1438,1450,1449,1448,1447,1446,1445,1444,1502],"class_list":["post-40738","post","type-post","status-publish","format-standard","has-post-thumbnail","hentry","drets-ciutat-equitativa","drets-dret-serveis-proteccio-social","drets-dret-a-educacio-i-lleure","drets-dret-a-la-salut","drets-drets-culturals","drets-dret-a-lesport","drets-dret-al-treball","drets-dret-a-lhabitatge","drets-drets-dacolldia","drets-dret-a-una-vida-lliure-de-violencies","drets-ciutat-diversa","drets-drets-de-la-infancia-i-ladolescencia","drets-drets-de-la-joventut","drets-drets-de-la-gent-gran","drets-drets-de-participacio","drets-dret-a-la-igualtat-i-a-la-diversitat","drets-drets-linguistics","drets-drets-religiosos","drets-dret-a-les-cures","drets-ciutat-garantista","drets-drets-digitals","drets-dret-a-una-bona-administracio","drets-drets-de-les-persones-consumidores","drets-drets-funeraris","drets-dret-a-la-seguretat-ciutadana","drets-dret-a-lempadronament","drets-dret-a-la-informacio","drets-dret-a-la-memoria-democratica","drets-dret-a-la-integritat","drets-ciutat-habitable-i-sostenible","drets-dret-a-un-urbanisme-harmonios","drets-dret-a-una-convivencia-pacifica","drets-dret-al-medi-ambient","drets-dret-a-la-mobilitat","drets-dret-a-lespai-public","drets-dret-a-laccessibilitat-i-la-inclusivitat","drets-dret-al-descans","drets-dret-al-benestar-animal"],"acf":[],"yoast_head":"<!-- This site is optimized with the Yoast SEO plugin v27.5 - https:\/\/yoast.com\/product\/yoast-seo-wordpress\/ -->\n<title>La Sindicatura convoca el Premi Internacional Dret a la Ciutat i Bones Pr\u00e0ctiques - Sindicatura de Greuges de Barcelona<\/title>\n<meta name=\"description\" content=\"L\u2019objectiu \u00e9s recon\u00e8ixer projectes, iniciatives o actuacions innovadores que s\u2019estan implementant a escala local arreu del m\u00f3n.\" \/>\n<meta name=\"robots\" content=\"index, follow, max-snippet:-1, max-image-preview:large, max-video-preview:-1\" \/>\n<link rel=\"canonical\" href=\"https:\/\/www.sindicaturabarcelona.cat\/ca\/la-sindicatura-convoca-el-premi-internacional-dret-a-la-ciutat-i-bones-practiques\/\" \/>\n<meta property=\"og:locale\" content=\"ca_ES\" \/>\n<meta property=\"og:type\" content=\"article\" \/>\n<meta property=\"og:title\" content=\"La Sindicatura convoca el Premi Internacional Dret a la Ciutat i Bones Pr\u00e0ctiques - Sindicatura de Greuges de Barcelona\" \/>\n<meta property=\"og:description\" content=\"L\u2019objectiu \u00e9s recon\u00e8ixer projectes, iniciatives o actuacions innovadores que s\u2019estan implementant a escala local arreu del m\u00f3n.\" \/>\n<meta property=\"og:url\" content=\"https:\/\/www.sindicaturabarcelona.cat\/ca\/la-sindicatura-convoca-el-premi-internacional-dret-a-la-ciutat-i-bones-practiques\/\" \/>\n<meta property=\"og:site_name\" content=\"Sindicatura de Greuges de Barcelona\" \/>\n<meta property=\"article:published_time\" content=\"2025-12-10T07:15:16+00:00\" \/>\n<meta property=\"article:modified_time\" content=\"2025-12-11T09:20:08+00:00\" \/>\n<meta property=\"og:image\" content=\"https:\/\/www.sindicaturabarcelona.cat\/wp-content\/uploads\/20251203-Drets-Premi_page-0001.jpg\" \/>\n\t<meta property=\"og:image:width\" content=\"2516\" \/>\n\t<meta property=\"og:image:height\" content=\"1790\" \/>\n\t<meta property=\"og:image:type\" content=\"image\/jpeg\" \/>\n<meta name=\"author\" content=\"Pablo\" \/>\n<meta name=\"twitter:card\" content=\"summary_large_image\" \/>\n<meta name=\"twitter:creator\" content=\"@sindicbarcelona\" \/>\n<meta name=\"twitter:site\" content=\"@sindicbarcelona\" \/>\n<meta name=\"twitter:label1\" content=\"Escrit per\" \/>\n\t<meta name=\"twitter:data1\" content=\"Pablo\" \/>\n\t<meta name=\"twitter:label2\" content=\"Temps estimat de lectura\" \/>\n\t<meta name=\"twitter:data2\" content=\"3 minuts\" \/>\n<script type=\"application\/ld+json\" class=\"yoast-schema-graph\">{\"@context\":\"https:\\\/\\\/schema.org\",\"@graph\":[{\"@type\":\"Article\",\"@id\":\"https:\\\/\\\/www.sindicaturabarcelona.cat\\\/ca\\\/la-sindicatura-convoca-el-premi-internacional-dret-a-la-ciutat-i-bones-practiques\\\/#article\",\"isPartOf\":{\"@id\":\"https:\\\/\\\/www.sindicaturabarcelona.cat\\\/ca\\\/la-sindicatura-convoca-el-premi-internacional-dret-a-la-ciutat-i-bones-practiques\\\/\"},\"author\":{\"name\":\"Pablo\",\"@id\":\"https:\\\/\\\/www.sindicaturabarcelona.cat\\\/ca\\\/#\\\/schema\\\/person\\\/0e5acffc350ffdbc97578159322c9452\"},\"headline\":\"La Sindicatura convoca el Premi Internacional Dret a la Ciutat i Bones Pr\u00e0ctiques\",\"datePublished\":\"2025-12-10T07:15:16+00:00\",\"dateModified\":\"2025-12-11T09:20:08+00:00\",\"mainEntityOfPage\":{\"@id\":\"https:\\\/\\\/www.sindicaturabarcelona.cat\\\/ca\\\/la-sindicatura-convoca-el-premi-internacional-dret-a-la-ciutat-i-bones-practiques\\\/\"},\"wordCount\":431,\"publisher\":{\"@id\":\"https:\\\/\\\/www.sindicaturabarcelona.cat\\\/ca\\\/#organization\"},\"image\":{\"@id\":\"https:\\\/\\\/www.sindicaturabarcelona.cat\\\/ca\\\/la-sindicatura-convoca-el-premi-internacional-dret-a-la-ciutat-i-bones-practiques\\\/#primaryimage\"},\"thumbnailUrl\":\"https:\\\/\\\/www.sindicaturabarcelona.cat\\\/wp-content\\\/uploads\\\/20251203-Drets-Premi_page-0001.jpg\",\"inLanguage\":\"ca\"},{\"@type\":\"WebPage\",\"@id\":\"https:\\\/\\\/www.sindicaturabarcelona.cat\\\/ca\\\/la-sindicatura-convoca-el-premi-internacional-dret-a-la-ciutat-i-bones-practiques\\\/\",\"url\":\"https:\\\/\\\/www.sindicaturabarcelona.cat\\\/ca\\\/la-sindicatura-convoca-el-premi-internacional-dret-a-la-ciutat-i-bones-practiques\\\/\",\"name\":\"La Sindicatura convoca el Premi Internacional Dret a la Ciutat i Bones Pr\u00e0ctiques - Sindicatura de Greuges de Barcelona\",\"isPartOf\":{\"@id\":\"https:\\\/\\\/www.sindicaturabarcelona.cat\\\/ca\\\/#website\"},\"primaryImageOfPage\":{\"@id\":\"https:\\\/\\\/www.sindicaturabarcelona.cat\\\/ca\\\/la-sindicatura-convoca-el-premi-internacional-dret-a-la-ciutat-i-bones-practiques\\\/#primaryimage\"},\"image\":{\"@id\":\"https:\\\/\\\/www.sindicaturabarcelona.cat\\\/ca\\\/la-sindicatura-convoca-el-premi-internacional-dret-a-la-ciutat-i-bones-practiques\\\/#primaryimage\"},\"thumbnailUrl\":\"https:\\\/\\\/www.sindicaturabarcelona.cat\\\/wp-content\\\/uploads\\\/20251203-Drets-Premi_page-0001.jpg\",\"datePublished\":\"2025-12-10T07:15:16+00:00\",\"dateModified\":\"2025-12-11T09:20:08+00:00\",\"description\":\"L\u2019objectiu \u00e9s recon\u00e8ixer projectes, iniciatives o actuacions innovadores que s\u2019estan implementant a escala local arreu del m\u00f3n.\",\"breadcrumb\":{\"@id\":\"https:\\\/\\\/www.sindicaturabarcelona.cat\\\/ca\\\/la-sindicatura-convoca-el-premi-internacional-dret-a-la-ciutat-i-bones-practiques\\\/#breadcrumb\"},\"inLanguage\":\"ca\",\"potentialAction\":[{\"@type\":\"ReadAction\",\"target\":[\"https:\\\/\\\/www.sindicaturabarcelona.cat\\\/ca\\\/la-sindicatura-convoca-el-premi-internacional-dret-a-la-ciutat-i-bones-practiques\\\/\"]}]},{\"@type\":\"ImageObject\",\"inLanguage\":\"ca\",\"@id\":\"https:\\\/\\\/www.sindicaturabarcelona.cat\\\/ca\\\/la-sindicatura-convoca-el-premi-internacional-dret-a-la-ciutat-i-bones-practiques\\\/#primaryimage\",\"url\":\"https:\\\/\\\/www.sindicaturabarcelona.cat\\\/wp-content\\\/uploads\\\/20251203-Drets-Premi_page-0001.jpg\",\"contentUrl\":\"https:\\\/\\\/www.sindicaturabarcelona.cat\\\/wp-content\\\/uploads\\\/20251203-Drets-Premi_page-0001.jpg\",\"width\":2516,\"height\":1790},{\"@type\":\"BreadcrumbList\",\"@id\":\"https:\\\/\\\/www.sindicaturabarcelona.cat\\\/ca\\\/la-sindicatura-convoca-el-premi-internacional-dret-a-la-ciutat-i-bones-practiques\\\/#breadcrumb\",\"itemListElement\":[{\"@type\":\"ListItem\",\"position\":1,\"name\":\"Inici\",\"item\":\"https:\\\/\\\/www.sindicaturabarcelona.cat\\\/ca\\\/\"},{\"@type\":\"ListItem\",\"position\":2,\"name\":\"La Sindicatura convoca el Premi Internacional Dret a la Ciutat i Bones Pr\u00e0ctiques\"}]},{\"@type\":\"WebSite\",\"@id\":\"https:\\\/\\\/www.sindicaturabarcelona.cat\\\/ca\\\/#website\",\"url\":\"https:\\\/\\\/www.sindicaturabarcelona.cat\\\/ca\\\/\",\"name\":\"Sindicatura de Greuges de Barcelona\",\"description\":\"La defensoria dels teus drets\",\"publisher\":{\"@id\":\"https:\\\/\\\/www.sindicaturabarcelona.cat\\\/ca\\\/#organization\"},\"potentialAction\":[{\"@type\":\"SearchAction\",\"target\":{\"@type\":\"EntryPoint\",\"urlTemplate\":\"https:\\\/\\\/www.sindicaturabarcelona.cat\\\/ca\\\/?s={search_term_string}\"},\"query-input\":{\"@type\":\"PropertyValueSpecification\",\"valueRequired\":true,\"valueName\":\"search_term_string\"}}],\"inLanguage\":\"ca\"},{\"@type\":\"Organization\",\"@id\":\"https:\\\/\\\/www.sindicaturabarcelona.cat\\\/ca\\\/#organization\",\"name\":\"Sindicatura de Greuges de Barcelona\",\"url\":\"https:\\\/\\\/www.sindicaturabarcelona.cat\\\/ca\\\/\",\"logo\":{\"@type\":\"ImageObject\",\"inLanguage\":\"ca\",\"@id\":\"https:\\\/\\\/www.sindicaturabarcelona.cat\\\/ca\\\/#\\\/schema\\\/logo\\\/image\\\/\",\"url\":\"https:\\\/\\\/www.sindicaturabarcelona.cat\\\/wp-content\\\/uploads\\\/2023\\\/02\\\/logo_sindicatura.svg\",\"contentUrl\":\"https:\\\/\\\/www.sindicaturabarcelona.cat\\\/wp-content\\\/uploads\\\/2023\\\/02\\\/logo_sindicatura.svg\",\"caption\":\"Sindicatura de Greuges de Barcelona\"},\"image\":{\"@id\":\"https:\\\/\\\/www.sindicaturabarcelona.cat\\\/ca\\\/#\\\/schema\\\/logo\\\/image\\\/\"},\"sameAs\":[\"https:\\\/\\\/x.com\\\/sindicbarcelona\",\"https:\\\/\\\/www.instagram.com\\\/sindicbarcelona\\\/\",\"https:\\\/\\\/www.tiktok.com\\\/@sindicaturabcn\",\"https:\\\/\\\/t.me\\\/sindicaturabarcelona\"]},{\"@type\":\"Person\",\"@id\":\"https:\\\/\\\/www.sindicaturabarcelona.cat\\\/ca\\\/#\\\/schema\\\/person\\\/0e5acffc350ffdbc97578159322c9452\",\"name\":\"Pablo\",\"image\":{\"@type\":\"ImageObject\",\"inLanguage\":\"ca\",\"@id\":\"https:\\\/\\\/secure.gravatar.com\\\/avatar\\\/c948169b402ef9492afde705c3dfd5e90e1a6a84ef6840a91124f805a25a480f?s=96&d=mm&r=g\",\"url\":\"https:\\\/\\\/secure.gravatar.com\\\/avatar\\\/c948169b402ef9492afde705c3dfd5e90e1a6a84ef6840a91124f805a25a480f?s=96&d=mm&r=g\",\"contentUrl\":\"https:\\\/\\\/secure.gravatar.com\\\/avatar\\\/c948169b402ef9492afde705c3dfd5e90e1a6a84ef6840a91124f805a25a480f?s=96&d=mm&r=g\",\"caption\":\"Pablo\"},\"url\":\"https:\\\/\\\/www.sindicaturabarcelona.cat\\\/ca\\\/author\\\/pablo\\\/\"}]}<\/script>\n<!-- \/ Yoast SEO plugin. -->","yoast_head_json":{"title":"La Sindicatura convoca el Premi Internacional Dret a la Ciutat i Bones Pr\u00e0ctiques - Sindicatura de Greuges de Barcelona","description":"L\u2019objectiu \u00e9s recon\u00e8ixer projectes, iniciatives o actuacions innovadores que s\u2019estan implementant a escala local arreu del m\u00f3n.","robots":{"index":"index","follow":"follow","max-snippet":"max-snippet:-1","max-image-preview":"max-image-preview:large","max-video-preview":"max-video-preview:-1"},"canonical":"https:\/\/www.sindicaturabarcelona.cat\/ca\/la-sindicatura-convoca-el-premi-internacional-dret-a-la-ciutat-i-bones-practiques\/","og_locale":"ca_ES","og_type":"article","og_title":"La Sindicatura convoca el Premi Internacional Dret a la Ciutat i Bones Pr\u00e0ctiques - Sindicatura de Greuges de Barcelona","og_description":"L\u2019objectiu \u00e9s recon\u00e8ixer projectes, iniciatives o actuacions innovadores que s\u2019estan implementant a escala local arreu del m\u00f3n.","og_url":"https:\/\/www.sindicaturabarcelona.cat\/ca\/la-sindicatura-convoca-el-premi-internacional-dret-a-la-ciutat-i-bones-practiques\/","og_site_name":"Sindicatura de Greuges de Barcelona","article_published_time":"2025-12-10T07:15:16+00:00","article_modified_time":"2025-12-11T09:20:08+00:00","og_image":[{"width":2516,"height":1790,"url":"https:\/\/www.sindicaturabarcelona.cat\/wp-content\/uploads\/20251203-Drets-Premi_page-0001.jpg","type":"image\/jpeg"}],"author":"Pablo","twitter_card":"summary_large_image","twitter_creator":"@sindicbarcelona","twitter_site":"@sindicbarcelona","twitter_misc":{"Escrit per":"Pablo","Temps estimat de lectura":"3 minuts"},"schema":{"@context":"https:\/\/schema.org","@graph":[{"@type":"Article","@id":"https:\/\/www.sindicaturabarcelona.cat\/ca\/la-sindicatura-convoca-el-premi-internacional-dret-a-la-ciutat-i-bones-practiques\/#article","isPartOf":{"@id":"https:\/\/www.sindicaturabarcelona.cat\/ca\/la-sindicatura-convoca-el-premi-internacional-dret-a-la-ciutat-i-bones-practiques\/"},"author":{"name":"Pablo","@id":"https:\/\/www.sindicaturabarcelona.cat\/ca\/#\/schema\/person\/0e5acffc350ffdbc97578159322c9452"},"headline":"La Sindicatura convoca el Premi Internacional Dret a la Ciutat i Bones Pr\u00e0ctiques","datePublished":"2025-12-10T07:15:16+00:00","dateModified":"2025-12-11T09:20:08+00:00","mainEntityOfPage":{"@id":"https:\/\/www.sindicaturabarcelona.cat\/ca\/la-sindicatura-convoca-el-premi-internacional-dret-a-la-ciutat-i-bones-practiques\/"},"wordCount":431,"publisher":{"@id":"https:\/\/www.sindicaturabarcelona.cat\/ca\/#organization"},"image":{"@id":"https:\/\/www.sindicaturabarcelona.cat\/ca\/la-sindicatura-convoca-el-premi-internacional-dret-a-la-ciutat-i-bones-practiques\/#primaryimage"},"thumbnailUrl":"https:\/\/www.sindicaturabarcelona.cat\/wp-content\/uploads\/20251203-Drets-Premi_page-0001.jpg","inLanguage":"ca"},{"@type":"WebPage","@id":"https:\/\/www.sindicaturabarcelona.cat\/ca\/la-sindicatura-convoca-el-premi-internacional-dret-a-la-ciutat-i-bones-practiques\/","url":"https:\/\/www.sindicaturabarcelona.cat\/ca\/la-sindicatura-convoca-el-premi-internacional-dret-a-la-ciutat-i-bones-practiques\/","name":"La Sindicatura convoca el Premi Internacional Dret a la Ciutat i Bones Pr\u00e0ctiques - Sindicatura de Greuges de Barcelona","isPartOf":{"@id":"https:\/\/www.sindicaturabarcelona.cat\/ca\/#website"},"primaryImageOfPage":{"@id":"https:\/\/www.sindicaturabarcelona.cat\/ca\/la-sindicatura-convoca-el-premi-internacional-dret-a-la-ciutat-i-bones-practiques\/#primaryimage"},"image":{"@id":"https:\/\/www.sindicaturabarcelona.cat\/ca\/la-sindicatura-convoca-el-premi-internacional-dret-a-la-ciutat-i-bones-practiques\/#primaryimage"},"thumbnailUrl":"https:\/\/www.sindicaturabarcelona.cat\/wp-content\/uploads\/20251203-Drets-Premi_page-0001.jpg","datePublished":"2025-12-10T07:15:16+00:00","dateModified":"2025-12-11T09:20:08+00:00","description":"L\u2019objectiu \u00e9s recon\u00e8ixer projectes, iniciatives o actuacions innovadores que s\u2019estan implementant a escala local arreu del m\u00f3n.","breadcrumb":{"@id":"https:\/\/www.sindicaturabarcelona.cat\/ca\/la-sindicatura-convoca-el-premi-internacional-dret-a-la-ciutat-i-bones-practiques\/#breadcrumb"},"inLanguage":"ca","potentialAction":[{"@type":"ReadAction","target":["https:\/\/www.sindicaturabarcelona.cat\/ca\/la-sindicatura-convoca-el-premi-internacional-dret-a-la-ciutat-i-bones-practiques\/"]}]},{"@type":"ImageObject","inLanguage":"ca","@id":"https:\/\/www.sindicaturabarcelona.cat\/ca\/la-sindicatura-convoca-el-premi-internacional-dret-a-la-ciutat-i-bones-practiques\/#primaryimage","url":"https:\/\/www.sindicaturabarcelona.cat\/wp-content\/uploads\/20251203-Drets-Premi_page-0001.jpg","contentUrl":"https:\/\/www.sindicaturabarcelona.cat\/wp-content\/uploads\/20251203-Drets-Premi_page-0001.jpg","width":2516,"height":1790},{"@type":"BreadcrumbList","@id":"https:\/\/www.sindicaturabarcelona.cat\/ca\/la-sindicatura-convoca-el-premi-internacional-dret-a-la-ciutat-i-bones-practiques\/#breadcrumb","itemListElement":[{"@type":"ListItem","position":1,"name":"Inici","item":"https:\/\/www.sindicaturabarcelona.cat\/ca\/"},{"@type":"ListItem","position":2,"name":"La Sindicatura convoca el Premi Internacional Dret a la Ciutat i Bones Pr\u00e0ctiques"}]},{"@type":"WebSite","@id":"https:\/\/www.sindicaturabarcelona.cat\/ca\/#website","url":"https:\/\/www.sindicaturabarcelona.cat\/ca\/","name":"Sindicatura de Greuges de Barcelona","description":"La defensoria dels teus drets","publisher":{"@id":"https:\/\/www.sindicaturabarcelona.cat\/ca\/#organization"},"potentialAction":[{"@type":"SearchAction","target":{"@type":"EntryPoint","urlTemplate":"https:\/\/www.sindicaturabarcelona.cat\/ca\/?s={search_term_string}"},"query-input":{"@type":"PropertyValueSpecification","valueRequired":true,"valueName":"search_term_string"}}],"inLanguage":"ca"},{"@type":"Organization","@id":"https:\/\/www.sindicaturabarcelona.cat\/ca\/#organization","name":"Sindicatura de Greuges de Barcelona","url":"https:\/\/www.sindicaturabarcelona.cat\/ca\/","logo":{"@type":"ImageObject","inLanguage":"ca","@id":"https:\/\/www.sindicaturabarcelona.cat\/ca\/#\/schema\/logo\/image\/","url":"https:\/\/www.sindicaturabarcelona.cat\/wp-content\/uploads\/2023\/02\/logo_sindicatura.svg","contentUrl":"https:\/\/www.sindicaturabarcelona.cat\/wp-content\/uploads\/2023\/02\/logo_sindicatura.svg","caption":"Sindicatura de Greuges de Barcelona"},"image":{"@id":"https:\/\/www.sindicaturabarcelona.cat\/ca\/#\/schema\/logo\/image\/"},"sameAs":["https:\/\/x.com\/sindicbarcelona","https:\/\/www.instagram.com\/sindicbarcelona\/","https:\/\/www.tiktok.com\/@sindicaturabcn","https:\/\/t.me\/sindicaturabarcelona"]},{"@type":"Person","@id":"https:\/\/www.sindicaturabarcelona.cat\/ca\/#\/schema\/person\/0e5acffc350ffdbc97578159322c9452","name":"Pablo","image":{"@type":"ImageObject","inLanguage":"ca","@id":"https:\/\/secure.gravatar.com\/avatar\/c948169b402ef9492afde705c3dfd5e90e1a6a84ef6840a91124f805a25a480f?s=96&d=mm&r=g","url":"https:\/\/secure.gravatar.com\/avatar\/c948169b402ef9492afde705c3dfd5e90e1a6a84ef6840a91124f805a25a480f?s=96&d=mm&r=g","contentUrl":"https:\/\/secure.gravatar.com\/avatar\/c948169b402ef9492afde705c3dfd5e90e1a6a84ef6840a91124f805a25a480f?s=96&d=mm&r=g","caption":"Pablo"},"url":"https:\/\/www.sindicaturabarcelona.cat\/ca\/author\/pablo\/"}]}},"_links":{"self":[{"href":"https:\/\/www.sindicaturabarcelona.cat\/ca\/wp-json\/wp\/v2\/posts\/40738","targetHints":{"allow":["GET"]}}],"collection":[{"href":"https:\/\/www.sindicaturabarcelona.cat\/ca\/wp-json\/wp\/v2\/posts"}],"about":[{"href":"https:\/\/www.sindicaturabarcelona.cat\/ca\/wp-json\/wp\/v2\/types\/post"}],"author":[{"embeddable":true,"href":"https:\/\/www.sindicaturabarcelona.cat\/ca\/wp-json\/wp\/v2\/users\/2"}],"replies":[{"embeddable":true,"href":"https:\/\/www.sindicaturabarcelona.cat\/ca\/wp-json\/wp\/v2\/comments?post=40738"}],"version-history":[{"count":3,"href":"https:\/\/www.sindicaturabarcelona.cat\/ca\/wp-json\/wp\/v2\/posts\/40738\/revisions"}],"predecessor-version":[{"id":40833,"href":"https:\/\/www.sindicaturabarcelona.cat\/ca\/wp-json\/wp\/v2\/posts\/40738\/revisions\/40833"}],"wp:featuredmedia":[{"embeddable":true,"href":"https:\/\/www.sindicaturabarcelona.cat\/ca\/wp-json\/wp\/v2\/media\/40739"}],"wp:attachment":[{"href":"https:\/\/www.sindicaturabarcelona.cat\/ca\/wp-json\/wp\/v2\/media?parent=40738"}],"wp:term":[{"taxonomy":"post_tag","embeddable":true,"href":"https:\/\/www.sindicaturabarcelona.cat\/ca\/wp-json\/wp\/v2\/tags?post=40738"},{"taxonomy":"drets","embeddable":true,"href":"https:\/\/www.sindicaturabarcelona.cat\/ca\/wp-json\/wp\/v2\/drets?post=40738"}],"curies":[{"name":"wp","href":"https:\/\/api.w.org\/{rel}","templated":true}]}}