{"id":40678,"date":"2025-12-05T09:35:53","date_gmt":"2025-12-05T07:35:53","guid":{"rendered":"https:\/\/www.sindicaturabarcelona.cat\/?p=40678"},"modified":"2025-12-07T10:26:47","modified_gmt":"2025-12-07T08:26:47","slug":"la-sindicatura-demana-a-lajuntament-que-faci-prevaler-el-dret-a-la-salut-i-al-medi-ambient-de-la-ciutadania-davant-la-nova-convocatoria-de-la-papanoelada-motera","status":"publish","type":"post","link":"https:\/\/www.sindicaturabarcelona.cat\/ca\/la-sindicatura-demana-a-lajuntament-que-faci-prevaler-el-dret-a-la-salut-i-al-medi-ambient-de-la-ciutadania-davant-la-nova-convocatoria-de-la-papanoelada-motera\/","title":{"rendered":"La Sindicatura demana a l\u2019Ajuntament que faci prevaler el dret a la salut i al medi ambient de la ciutadania davant la nova convocat\u00f2ria de la \u2018Papanoelada Motera\u2019"},"content":{"rendered":"\n<h2 class=\"wp-block-heading\">Arran de tenir coneixement de la convocat\u00f2ria d\u2019una nova marxa, la defensoria ha requerit informaci\u00f3 sobre si les persones organitzadores han sol\u00b7licitat la corresponent llic\u00e8ncia o autoritzaci\u00f3, i quines mesures s\u2019adoptaran.&nbsp;<\/h2>\n\n\n\n<h2 class=\"wp-block-heading\">Enguany, la concentraci\u00f3 de vehicles est\u00e0 anunciada per al 21 de desembre, pocs dies abans de Nadal, i amb previsi\u00f3 que passi per algunes de les vies m\u00e9s c\u00e8ntriques, fet que pot alterar el normal desenvolupament de la ciutat.<\/h2>\n\n\n\n<p>La Sindicatura insisteix, per quart any consecutiu, que <strong>el consistori adopti les mesures corresponents per impedir la \u2018Papanoelada motera\u2019<\/strong>. Enguany est\u00e0 prevista per al diumenge 21 de desembre, amb un recorregut que inclour\u00e0 algunes de les vies m\u00e9s transitades de la ciutat, com la pla\u00e7a de Catalunya, el passeig de Gr\u00e0cia o la via Laietana. En les dues resolucions emeses sobre aquesta q\u00fcesti\u00f3, <a href=\"https:\/\/www.sindicaturabarcelona.cat\/wp-content\/uploads\/12_Dret-medi-ambient-Papanoelada-Motera.pdf\">el 2022<\/a> i <a href=\"https:\/\/www.sindicaturabarcelona.cat\/wp-content\/uploads\/202405_Dret-medi-ambient_queixa-vinculada-a-la-celebracio-de-la-Papanoelada-Motera.pdf\">el 2024<\/a>, la defensoria recorda que <strong>l\u2019Ajuntament pot sancionar les conductes que constitueixin infraccions administratives.<\/strong><\/p>\n\n\n\n<p>I \u00e9s que aquesta activitat concentra un nombre elevat de motocicletes (l\u2019any passat va haver-hi 2.000 participants, segons la Gu\u00e0rdia Urbana) en una marxa lenta. Aix\u00f2 genera un<strong> gran impacte mediambiental i de mobilitat, amb risc d&#8217;afectacions a la salut de les persones, i un risc per a la seguretat ciutadana<\/strong>, ateses les imprud\u00e8ncies en la conducci\u00f3 en les concentracions d\u2019altres anys. Per tant, ens podem trobar davant d\u2019un cas de <strong>vulneraci\u00f3 m\u00faltiple de drets<\/strong>.<\/p>\n\n\n\n<p>\u00c9s per aix\u00f2 que la defensoria, a partir de les informacions difoses per xarxes socials i <a href=\"https:\/\/beteve.cat\/societat\/convocada-papanoelada-motera-2025\/\">pels mitjans de comunicaci\u00f3<\/a> de la nova convocat\u00f2ria, ha enviat una sol\u00b7licitud d\u2019informaci\u00f3 al consistori perqu\u00e8 es valori la realitzaci\u00f3 d\u2019una investigaci\u00f3 policial. El desembre de 2024 la Gu\u00e0rdia Urbana va informar que havia imposat un total de <strong>173 multes als i les participants de la \u2018Papanoelada\u2019<\/strong>, per infraccions com for\u00e7ar marxes (fet que genera una gran quantitat de contaminaci\u00f3 ac\u00fastica) o circular pel carril bus.&nbsp;<\/p>\n\n\n\n<p>A la sol\u00b7licitud tamb\u00e9 es demana si les persones organitzadores, la identitat de les quals no ha transcendit, han sol\u00b7licitat la corresponent llic\u00e8ncia o autoritzaci\u00f3, ja que no ho havien fet en les darreres convocat\u00f2ries. Cal recordar que <strong>les activitats que es desenvolupin a la via p\u00fablica nom\u00e9s poden limitar el dret de la ciutadania als usos generals si es disposa de l\u2019autoritzaci\u00f3 municipal corresponent<\/strong>. A m\u00e9s, la defensoria sol\u00b7licita saber les mesures que l\u2019Ajuntament preveu adoptar per garantir el normal funcionament de la ciutat, ateses les dates i la ubicaci\u00f3 anunciades.<\/p>\n\n\n\n<h2 class=\"wp-block-heading\">El deure de protegir el medi ambient i la salut<\/h2>\n\n\n\n<p>I \u00e9s que la convocat\u00f2ria d\u2019enguany est\u00e0 anunciada per al diumenge anterior a Nadal, una \u00e8poca en qu\u00e8 augmenta de manera significativa la mobilitat ciutadana, i m\u00e9s encara en les vies en que est\u00e0 anunciada enguany. A banda de l\u2019activitat comercial, <a href=\"https:\/\/www.barcelona.cat\/nadal\/ca\/activitats\"><strong>s\u2019organitzen nombroses activitats<\/strong><\/a><strong> en aquella zona<\/strong>: la Fira de Santa Ll\u00facia, un dels accessos a la qual \u00e9s per la via Laietana; espectacles de m\u00fasica, teatre, dansa i circ a la pla\u00e7a de Catalunya; o un gran arbre de Nadal al passeig de Gr\u00e0cia, entre moltes altres.<\/p>\n\n\n\n<p>Aquests districtes s\u00f3n precisament on la ciutadania est\u00e0 exposada a nivells m\u00e9s elevats del contaminant atmosf\u00e8ric NO2: l\u2019Eixample, amb molta difer\u00e8ncia respecte la resta, i Ciutat Vella. A l\u2019\u00e0rea metropolitana, els <strong>\u00edndexs de pol\u00b7luci\u00f3<\/strong>, que tenen una clara relaci\u00f3 amb el tr\u00e0nsit rodat,&nbsp;<strong>continuen per sobre del que recomana l\u2019Organitzaci\u00f3 Mundial de la Salut<\/strong>&nbsp;(OMS), si b\u00e9 hi ha una&nbsp;tend\u00e8ncia descendent, segons l\u2019\u00faltim <a href=\"https:\/\/www.aspb.cat\/documents\/qualitat-aire\/\">informe espec\u00edfic de l\u2019Ag\u00e8ncia de Salut P\u00fablica de Barcelona<\/a>. En un sentit m\u00e9s global, la convocat\u00f2ria es produeix a m\u00e9s en un <strong>context de crisi clim\u00e0tica<\/strong> i d\u2019un ampli consens mundial envers la necessitat de reduir les emissions de gas d\u2019efecte hivernacle.<\/p>\n\n\n\n<p>Un altre dels problemes principals de la \u2018Papanoelada\u2019 s\u00f3n les <a href=\"https:\/\/blogs.amb.cat\/educacioambiental\/2023\/12\/27\/la-contaminacio-acustica-un-mal-silencios\/\"><strong>mol\u00e8sties de soroll<\/strong><\/a><strong>, amb pics de 85 decibels<\/strong>, mentre que a la mateixa zona el cap de setmana anterior es va registrar una mitjana d\u2019entre 10 i 15 punts per sota. Aquest fet pot alterar, es clar, el benestar de la ciutadania. La <a href=\"https:\/\/bcnroc.ajuntament.barcelona.cat\/jspui\/handle\/11703\/86859\">normativa municipal<\/a> de medi ambient estableix diversos topalls, que en cap cas superen els 70 decibels, mentre que <strong>l\u2019OMS recomana que no se&#8217;n sobrepassin els 55<\/strong>.<\/p>\n\n\n\n<p>L\u2019Ordenan\u00e7a tamb\u00e9 especifica els topalls per \u00e0rees, i \u00e9s especialment preocupant que el punt de trobada anunciat sigui el carrer dels Tarongers, a Montju\u00efc. En aquest gran espai verd hi ha diverses \u00e0rees classificades com a parcs d\u2019especial protecci\u00f3 ac\u00fastica.<\/p>\n\n\n\n<p>\u00c9s per tot aix\u00f2 que la Sindicatura de Greuges de Barcelona conclou que, en el cas de la \u2018Papanoelada Motera\u2019, s\u2019ha de fer <strong>prevaler<\/strong> <strong>el dret de les persones a viure en un medi sa, sostenible i respectu\u00f3s amb la salut<\/strong>.<\/p>\n\n\n\n<p>Imatge: Betev\u00e9<\/p>\n","protected":false},"excerpt":{"rendered":"<p>Arran de tenir coneixement de la convocat\u00f2ria d\u2019una nova marxa, la defensoria ha requerit informaci\u00f3 sobre si les persones organitzadores han sol\u00b7licitat la corresponent llic\u00e8ncia o autoritzaci\u00f3, i quines mesures [&hellip;]<\/p>\n","protected":false},"author":2,"featured_media":40680,"comment_status":"closed","ping_status":"closed","sticky":false,"template":"","format":"standard","meta":{"_acf_changed":false,"footnotes":""},"tags":[],"drets":[1428,1431,1438,1448,1447],"class_list":["post-40678","post","type-post","status-publish","format-standard","has-post-thumbnail","hentry","drets-ciutat-equitativa","drets-dret-a-la-salut","drets-ciutat-habitable-i-sostenible","drets-dret-al-medi-ambient","drets-dret-a-la-mobilitat"],"acf":[],"yoast_head":"<!-- This site is optimized with the Yoast SEO plugin v27.5 - https:\/\/yoast.com\/product\/yoast-seo-wordpress\/ -->\n<title>La Sindicatura demana a l\u2019Ajuntament que faci prevaler el dret a la salut i al medi ambient de la ciutadania davant la nova convocat\u00f2ria de la \u2018Papanoelada Motera\u2019 - Sindicatura de Greuges de Barcelona<\/title>\n<meta name=\"description\" content=\"Arran de tenir coneixement d\u2019una nova marxa, la defensoria demana informaci\u00f3 sobre si les persones organitzadores han sol\u00b7licitat la corresponent llic\u00e8ncia o autoritzaci\u00f3, i quines mesures s\u2019adoptaran.\u00a0\" \/>\n<meta name=\"robots\" content=\"index, follow, max-snippet:-1, max-image-preview:large, max-video-preview:-1\" \/>\n<link rel=\"canonical\" href=\"https:\/\/www.sindicaturabarcelona.cat\/ca\/la-sindicatura-demana-a-lajuntament-que-faci-prevaler-el-dret-a-la-salut-i-al-medi-ambient-de-la-ciutadania-davant-la-nova-convocatoria-de-la-papanoelada-motera\/\" \/>\n<meta property=\"og:locale\" content=\"ca_ES\" \/>\n<meta property=\"og:type\" content=\"article\" \/>\n<meta property=\"og:title\" content=\"La Sindicatura demana a l\u2019Ajuntament que faci prevaler el dret a la salut i al medi ambient de la ciutadania davant la nova convocat\u00f2ria de la \u2018Papanoelada Motera\u2019 - Sindicatura de Greuges de Barcelona\" \/>\n<meta property=\"og:description\" content=\"Arran de tenir coneixement d\u2019una nova marxa, la defensoria demana informaci\u00f3 sobre si les persones organitzadores han sol\u00b7licitat la corresponent llic\u00e8ncia o autoritzaci\u00f3, i quines mesures s\u2019adoptaran.\u00a0\" \/>\n<meta property=\"og:url\" content=\"https:\/\/www.sindicaturabarcelona.cat\/ca\/la-sindicatura-demana-a-lajuntament-que-faci-prevaler-el-dret-a-la-salut-i-al-medi-ambient-de-la-ciutadania-davant-la-nova-convocatoria-de-la-papanoelada-motera\/\" \/>\n<meta property=\"og:site_name\" content=\"Sindicatura de Greuges de Barcelona\" \/>\n<meta property=\"article:published_time\" content=\"2025-12-05T07:35:53+00:00\" \/>\n<meta property=\"article:modified_time\" content=\"2025-12-07T08:26:47+00:00\" \/>\n<meta property=\"og:image\" content=\"https:\/\/www.sindicaturabarcelona.cat\/wp-content\/uploads\/papanoelada-motera-2023-bcn-171223-1_V2.jpg\" \/>\n\t<meta property=\"og:image:width\" content=\"1021\" \/>\n\t<meta property=\"og:image:height\" content=\"857\" \/>\n\t<meta property=\"og:image:type\" content=\"image\/jpeg\" \/>\n<meta name=\"author\" content=\"Pablo\" \/>\n<meta name=\"twitter:card\" content=\"summary_large_image\" \/>\n<meta name=\"twitter:creator\" content=\"@sindicbarcelona\" \/>\n<meta name=\"twitter:site\" content=\"@sindicbarcelona\" \/>\n<meta name=\"twitter:label1\" content=\"Escrit per\" \/>\n\t<meta name=\"twitter:data1\" content=\"Pablo\" \/>\n\t<meta name=\"twitter:label2\" content=\"Temps estimat de lectura\" \/>\n\t<meta name=\"twitter:data2\" content=\"5 minuts\" \/>\n<script type=\"application\/ld+json\" class=\"yoast-schema-graph\">{\"@context\":\"https:\\\/\\\/schema.org\",\"@graph\":[{\"@type\":\"Article\",\"@id\":\"https:\\\/\\\/www.sindicaturabarcelona.cat\\\/ca\\\/la-sindicatura-demana-a-lajuntament-que-faci-prevaler-el-dret-a-la-salut-i-al-medi-ambient-de-la-ciutadania-davant-la-nova-convocatoria-de-la-papanoelada-motera\\\/#article\",\"isPartOf\":{\"@id\":\"https:\\\/\\\/www.sindicaturabarcelona.cat\\\/ca\\\/la-sindicatura-demana-a-lajuntament-que-faci-prevaler-el-dret-a-la-salut-i-al-medi-ambient-de-la-ciutadania-davant-la-nova-convocatoria-de-la-papanoelada-motera\\\/\"},\"author\":{\"name\":\"Pablo\",\"@id\":\"https:\\\/\\\/www.sindicaturabarcelona.cat\\\/ca\\\/#\\\/schema\\\/person\\\/0e5acffc350ffdbc97578159322c9452\"},\"headline\":\"La Sindicatura demana a l\u2019Ajuntament que faci prevaler el dret a la salut i al medi ambient de la ciutadania davant la nova convocat\u00f2ria de la \u2018Papanoelada Motera\u2019\",\"datePublished\":\"2025-12-05T07:35:53+00:00\",\"dateModified\":\"2025-12-07T08:26:47+00:00\",\"mainEntityOfPage\":{\"@id\":\"https:\\\/\\\/www.sindicaturabarcelona.cat\\\/ca\\\/la-sindicatura-demana-a-lajuntament-que-faci-prevaler-el-dret-a-la-salut-i-al-medi-ambient-de-la-ciutadania-davant-la-nova-convocatoria-de-la-papanoelada-motera\\\/\"},\"wordCount\":867,\"publisher\":{\"@id\":\"https:\\\/\\\/www.sindicaturabarcelona.cat\\\/ca\\\/#organization\"},\"image\":{\"@id\":\"https:\\\/\\\/www.sindicaturabarcelona.cat\\\/ca\\\/la-sindicatura-demana-a-lajuntament-que-faci-prevaler-el-dret-a-la-salut-i-al-medi-ambient-de-la-ciutadania-davant-la-nova-convocatoria-de-la-papanoelada-motera\\\/#primaryimage\"},\"thumbnailUrl\":\"https:\\\/\\\/www.sindicaturabarcelona.cat\\\/wp-content\\\/uploads\\\/papanoelada-motera-2023-bcn-171223-1_V2.jpg\",\"inLanguage\":\"ca\"},{\"@type\":\"WebPage\",\"@id\":\"https:\\\/\\\/www.sindicaturabarcelona.cat\\\/ca\\\/la-sindicatura-demana-a-lajuntament-que-faci-prevaler-el-dret-a-la-salut-i-al-medi-ambient-de-la-ciutadania-davant-la-nova-convocatoria-de-la-papanoelada-motera\\\/\",\"url\":\"https:\\\/\\\/www.sindicaturabarcelona.cat\\\/ca\\\/la-sindicatura-demana-a-lajuntament-que-faci-prevaler-el-dret-a-la-salut-i-al-medi-ambient-de-la-ciutadania-davant-la-nova-convocatoria-de-la-papanoelada-motera\\\/\",\"name\":\"La Sindicatura demana a l\u2019Ajuntament que faci prevaler el dret a la salut i al medi ambient de la ciutadania davant la nova convocat\u00f2ria de la \u2018Papanoelada Motera\u2019 - Sindicatura de Greuges de Barcelona\",\"isPartOf\":{\"@id\":\"https:\\\/\\\/www.sindicaturabarcelona.cat\\\/ca\\\/#website\"},\"primaryImageOfPage\":{\"@id\":\"https:\\\/\\\/www.sindicaturabarcelona.cat\\\/ca\\\/la-sindicatura-demana-a-lajuntament-que-faci-prevaler-el-dret-a-la-salut-i-al-medi-ambient-de-la-ciutadania-davant-la-nova-convocatoria-de-la-papanoelada-motera\\\/#primaryimage\"},\"image\":{\"@id\":\"https:\\\/\\\/www.sindicaturabarcelona.cat\\\/ca\\\/la-sindicatura-demana-a-lajuntament-que-faci-prevaler-el-dret-a-la-salut-i-al-medi-ambient-de-la-ciutadania-davant-la-nova-convocatoria-de-la-papanoelada-motera\\\/#primaryimage\"},\"thumbnailUrl\":\"https:\\\/\\\/www.sindicaturabarcelona.cat\\\/wp-content\\\/uploads\\\/papanoelada-motera-2023-bcn-171223-1_V2.jpg\",\"datePublished\":\"2025-12-05T07:35:53+00:00\",\"dateModified\":\"2025-12-07T08:26:47+00:00\",\"description\":\"Arran de tenir coneixement d\u2019una nova marxa, la defensoria demana informaci\u00f3 sobre si les persones organitzadores han sol\u00b7licitat la corresponent llic\u00e8ncia o autoritzaci\u00f3, i quines mesures s\u2019adoptaran.\u00a0\",\"breadcrumb\":{\"@id\":\"https:\\\/\\\/www.sindicaturabarcelona.cat\\\/ca\\\/la-sindicatura-demana-a-lajuntament-que-faci-prevaler-el-dret-a-la-salut-i-al-medi-ambient-de-la-ciutadania-davant-la-nova-convocatoria-de-la-papanoelada-motera\\\/#breadcrumb\"},\"inLanguage\":\"ca\",\"potentialAction\":[{\"@type\":\"ReadAction\",\"target\":[\"https:\\\/\\\/www.sindicaturabarcelona.cat\\\/ca\\\/la-sindicatura-demana-a-lajuntament-que-faci-prevaler-el-dret-a-la-salut-i-al-medi-ambient-de-la-ciutadania-davant-la-nova-convocatoria-de-la-papanoelada-motera\\\/\"]}]},{\"@type\":\"ImageObject\",\"inLanguage\":\"ca\",\"@id\":\"https:\\\/\\\/www.sindicaturabarcelona.cat\\\/ca\\\/la-sindicatura-demana-a-lajuntament-que-faci-prevaler-el-dret-a-la-salut-i-al-medi-ambient-de-la-ciutadania-davant-la-nova-convocatoria-de-la-papanoelada-motera\\\/#primaryimage\",\"url\":\"https:\\\/\\\/www.sindicaturabarcelona.cat\\\/wp-content\\\/uploads\\\/papanoelada-motera-2023-bcn-171223-1_V2.jpg\",\"contentUrl\":\"https:\\\/\\\/www.sindicaturabarcelona.cat\\\/wp-content\\\/uploads\\\/papanoelada-motera-2023-bcn-171223-1_V2.jpg\",\"width\":1021,\"height\":857,\"caption\":\"Papanoelada Motera. Font: Betev\u00e9\"},{\"@type\":\"BreadcrumbList\",\"@id\":\"https:\\\/\\\/www.sindicaturabarcelona.cat\\\/ca\\\/la-sindicatura-demana-a-lajuntament-que-faci-prevaler-el-dret-a-la-salut-i-al-medi-ambient-de-la-ciutadania-davant-la-nova-convocatoria-de-la-papanoelada-motera\\\/#breadcrumb\",\"itemListElement\":[{\"@type\":\"ListItem\",\"position\":1,\"name\":\"Inici\",\"item\":\"https:\\\/\\\/www.sindicaturabarcelona.cat\\\/ca\\\/\"},{\"@type\":\"ListItem\",\"position\":2,\"name\":\"La Sindicatura demana a l\u2019Ajuntament que faci prevaler el dret a la salut i al medi ambient de la ciutadania davant la nova convocat\u00f2ria de la \u2018Papanoelada Motera\u2019\"}]},{\"@type\":\"WebSite\",\"@id\":\"https:\\\/\\\/www.sindicaturabarcelona.cat\\\/ca\\\/#website\",\"url\":\"https:\\\/\\\/www.sindicaturabarcelona.cat\\\/ca\\\/\",\"name\":\"Sindicatura de Greuges de Barcelona\",\"description\":\"La defensoria dels teus drets\",\"publisher\":{\"@id\":\"https:\\\/\\\/www.sindicaturabarcelona.cat\\\/ca\\\/#organization\"},\"potentialAction\":[{\"@type\":\"SearchAction\",\"target\":{\"@type\":\"EntryPoint\",\"urlTemplate\":\"https:\\\/\\\/www.sindicaturabarcelona.cat\\\/ca\\\/?s={search_term_string}\"},\"query-input\":{\"@type\":\"PropertyValueSpecification\",\"valueRequired\":true,\"valueName\":\"search_term_string\"}}],\"inLanguage\":\"ca\"},{\"@type\":\"Organization\",\"@id\":\"https:\\\/\\\/www.sindicaturabarcelona.cat\\\/ca\\\/#organization\",\"name\":\"Sindicatura de Greuges de Barcelona\",\"url\":\"https:\\\/\\\/www.sindicaturabarcelona.cat\\\/ca\\\/\",\"logo\":{\"@type\":\"ImageObject\",\"inLanguage\":\"ca\",\"@id\":\"https:\\\/\\\/www.sindicaturabarcelona.cat\\\/ca\\\/#\\\/schema\\\/logo\\\/image\\\/\",\"url\":\"https:\\\/\\\/www.sindicaturabarcelona.cat\\\/wp-content\\\/uploads\\\/2023\\\/02\\\/logo_sindicatura.svg\",\"contentUrl\":\"https:\\\/\\\/www.sindicaturabarcelona.cat\\\/wp-content\\\/uploads\\\/2023\\\/02\\\/logo_sindicatura.svg\",\"caption\":\"Sindicatura de Greuges de Barcelona\"},\"image\":{\"@id\":\"https:\\\/\\\/www.sindicaturabarcelona.cat\\\/ca\\\/#\\\/schema\\\/logo\\\/image\\\/\"},\"sameAs\":[\"https:\\\/\\\/x.com\\\/sindicbarcelona\",\"https:\\\/\\\/www.instagram.com\\\/sindicbarcelona\\\/\",\"https:\\\/\\\/www.tiktok.com\\\/@sindicaturabcn\",\"https:\\\/\\\/t.me\\\/sindicaturabarcelona\"]},{\"@type\":\"Person\",\"@id\":\"https:\\\/\\\/www.sindicaturabarcelona.cat\\\/ca\\\/#\\\/schema\\\/person\\\/0e5acffc350ffdbc97578159322c9452\",\"name\":\"Pablo\",\"image\":{\"@type\":\"ImageObject\",\"inLanguage\":\"ca\",\"@id\":\"https:\\\/\\\/secure.gravatar.com\\\/avatar\\\/c948169b402ef9492afde705c3dfd5e90e1a6a84ef6840a91124f805a25a480f?s=96&d=mm&r=g\",\"url\":\"https:\\\/\\\/secure.gravatar.com\\\/avatar\\\/c948169b402ef9492afde705c3dfd5e90e1a6a84ef6840a91124f805a25a480f?s=96&d=mm&r=g\",\"contentUrl\":\"https:\\\/\\\/secure.gravatar.com\\\/avatar\\\/c948169b402ef9492afde705c3dfd5e90e1a6a84ef6840a91124f805a25a480f?s=96&d=mm&r=g\",\"caption\":\"Pablo\"},\"url\":\"https:\\\/\\\/www.sindicaturabarcelona.cat\\\/ca\\\/author\\\/pablo\\\/\"}]}<\/script>\n<!-- \/ Yoast SEO plugin. -->","yoast_head_json":{"title":"La Sindicatura demana a l\u2019Ajuntament que faci prevaler el dret a la salut i al medi ambient de la ciutadania davant la nova convocat\u00f2ria de la \u2018Papanoelada Motera\u2019 - Sindicatura de Greuges de Barcelona","description":"Arran de tenir coneixement d\u2019una nova marxa, la defensoria demana informaci\u00f3 sobre si les persones organitzadores han sol\u00b7licitat la corresponent llic\u00e8ncia o autoritzaci\u00f3, i quines mesures s\u2019adoptaran.\u00a0","robots":{"index":"index","follow":"follow","max-snippet":"max-snippet:-1","max-image-preview":"max-image-preview:large","max-video-preview":"max-video-preview:-1"},"canonical":"https:\/\/www.sindicaturabarcelona.cat\/ca\/la-sindicatura-demana-a-lajuntament-que-faci-prevaler-el-dret-a-la-salut-i-al-medi-ambient-de-la-ciutadania-davant-la-nova-convocatoria-de-la-papanoelada-motera\/","og_locale":"ca_ES","og_type":"article","og_title":"La Sindicatura demana a l\u2019Ajuntament que faci prevaler el dret a la salut i al medi ambient de la ciutadania davant la nova convocat\u00f2ria de la \u2018Papanoelada Motera\u2019 - Sindicatura de Greuges de Barcelona","og_description":"Arran de tenir coneixement d\u2019una nova marxa, la defensoria demana informaci\u00f3 sobre si les persones organitzadores han sol\u00b7licitat la corresponent llic\u00e8ncia o autoritzaci\u00f3, i quines mesures s\u2019adoptaran.\u00a0","og_url":"https:\/\/www.sindicaturabarcelona.cat\/ca\/la-sindicatura-demana-a-lajuntament-que-faci-prevaler-el-dret-a-la-salut-i-al-medi-ambient-de-la-ciutadania-davant-la-nova-convocatoria-de-la-papanoelada-motera\/","og_site_name":"Sindicatura de Greuges de Barcelona","article_published_time":"2025-12-05T07:35:53+00:00","article_modified_time":"2025-12-07T08:26:47+00:00","og_image":[{"width":1021,"height":857,"url":"https:\/\/www.sindicaturabarcelona.cat\/wp-content\/uploads\/papanoelada-motera-2023-bcn-171223-1_V2.jpg","type":"image\/jpeg"}],"author":"Pablo","twitter_card":"summary_large_image","twitter_creator":"@sindicbarcelona","twitter_site":"@sindicbarcelona","twitter_misc":{"Escrit per":"Pablo","Temps estimat de lectura":"5 minuts"},"schema":{"@context":"https:\/\/schema.org","@graph":[{"@type":"Article","@id":"https:\/\/www.sindicaturabarcelona.cat\/ca\/la-sindicatura-demana-a-lajuntament-que-faci-prevaler-el-dret-a-la-salut-i-al-medi-ambient-de-la-ciutadania-davant-la-nova-convocatoria-de-la-papanoelada-motera\/#article","isPartOf":{"@id":"https:\/\/www.sindicaturabarcelona.cat\/ca\/la-sindicatura-demana-a-lajuntament-que-faci-prevaler-el-dret-a-la-salut-i-al-medi-ambient-de-la-ciutadania-davant-la-nova-convocatoria-de-la-papanoelada-motera\/"},"author":{"name":"Pablo","@id":"https:\/\/www.sindicaturabarcelona.cat\/ca\/#\/schema\/person\/0e5acffc350ffdbc97578159322c9452"},"headline":"La Sindicatura demana a l\u2019Ajuntament que faci prevaler el dret a la salut i al medi ambient de la ciutadania davant la nova convocat\u00f2ria de la \u2018Papanoelada Motera\u2019","datePublished":"2025-12-05T07:35:53+00:00","dateModified":"2025-12-07T08:26:47+00:00","mainEntityOfPage":{"@id":"https:\/\/www.sindicaturabarcelona.cat\/ca\/la-sindicatura-demana-a-lajuntament-que-faci-prevaler-el-dret-a-la-salut-i-al-medi-ambient-de-la-ciutadania-davant-la-nova-convocatoria-de-la-papanoelada-motera\/"},"wordCount":867,"publisher":{"@id":"https:\/\/www.sindicaturabarcelona.cat\/ca\/#organization"},"image":{"@id":"https:\/\/www.sindicaturabarcelona.cat\/ca\/la-sindicatura-demana-a-lajuntament-que-faci-prevaler-el-dret-a-la-salut-i-al-medi-ambient-de-la-ciutadania-davant-la-nova-convocatoria-de-la-papanoelada-motera\/#primaryimage"},"thumbnailUrl":"https:\/\/www.sindicaturabarcelona.cat\/wp-content\/uploads\/papanoelada-motera-2023-bcn-171223-1_V2.jpg","inLanguage":"ca"},{"@type":"WebPage","@id":"https:\/\/www.sindicaturabarcelona.cat\/ca\/la-sindicatura-demana-a-lajuntament-que-faci-prevaler-el-dret-a-la-salut-i-al-medi-ambient-de-la-ciutadania-davant-la-nova-convocatoria-de-la-papanoelada-motera\/","url":"https:\/\/www.sindicaturabarcelona.cat\/ca\/la-sindicatura-demana-a-lajuntament-que-faci-prevaler-el-dret-a-la-salut-i-al-medi-ambient-de-la-ciutadania-davant-la-nova-convocatoria-de-la-papanoelada-motera\/","name":"La Sindicatura demana a l\u2019Ajuntament que faci prevaler el dret a la salut i al medi ambient de la ciutadania davant la nova convocat\u00f2ria de la \u2018Papanoelada Motera\u2019 - Sindicatura de Greuges de Barcelona","isPartOf":{"@id":"https:\/\/www.sindicaturabarcelona.cat\/ca\/#website"},"primaryImageOfPage":{"@id":"https:\/\/www.sindicaturabarcelona.cat\/ca\/la-sindicatura-demana-a-lajuntament-que-faci-prevaler-el-dret-a-la-salut-i-al-medi-ambient-de-la-ciutadania-davant-la-nova-convocatoria-de-la-papanoelada-motera\/#primaryimage"},"image":{"@id":"https:\/\/www.sindicaturabarcelona.cat\/ca\/la-sindicatura-demana-a-lajuntament-que-faci-prevaler-el-dret-a-la-salut-i-al-medi-ambient-de-la-ciutadania-davant-la-nova-convocatoria-de-la-papanoelada-motera\/#primaryimage"},"thumbnailUrl":"https:\/\/www.sindicaturabarcelona.cat\/wp-content\/uploads\/papanoelada-motera-2023-bcn-171223-1_V2.jpg","datePublished":"2025-12-05T07:35:53+00:00","dateModified":"2025-12-07T08:26:47+00:00","description":"Arran de tenir coneixement d\u2019una nova marxa, la defensoria demana informaci\u00f3 sobre si les persones organitzadores han sol\u00b7licitat la corresponent llic\u00e8ncia o autoritzaci\u00f3, i quines mesures s\u2019adoptaran.\u00a0","breadcrumb":{"@id":"https:\/\/www.sindicaturabarcelona.cat\/ca\/la-sindicatura-demana-a-lajuntament-que-faci-prevaler-el-dret-a-la-salut-i-al-medi-ambient-de-la-ciutadania-davant-la-nova-convocatoria-de-la-papanoelada-motera\/#breadcrumb"},"inLanguage":"ca","potentialAction":[{"@type":"ReadAction","target":["https:\/\/www.sindicaturabarcelona.cat\/ca\/la-sindicatura-demana-a-lajuntament-que-faci-prevaler-el-dret-a-la-salut-i-al-medi-ambient-de-la-ciutadania-davant-la-nova-convocatoria-de-la-papanoelada-motera\/"]}]},{"@type":"ImageObject","inLanguage":"ca","@id":"https:\/\/www.sindicaturabarcelona.cat\/ca\/la-sindicatura-demana-a-lajuntament-que-faci-prevaler-el-dret-a-la-salut-i-al-medi-ambient-de-la-ciutadania-davant-la-nova-convocatoria-de-la-papanoelada-motera\/#primaryimage","url":"https:\/\/www.sindicaturabarcelona.cat\/wp-content\/uploads\/papanoelada-motera-2023-bcn-171223-1_V2.jpg","contentUrl":"https:\/\/www.sindicaturabarcelona.cat\/wp-content\/uploads\/papanoelada-motera-2023-bcn-171223-1_V2.jpg","width":1021,"height":857,"caption":"Papanoelada Motera. Font: Betev\u00e9"},{"@type":"BreadcrumbList","@id":"https:\/\/www.sindicaturabarcelona.cat\/ca\/la-sindicatura-demana-a-lajuntament-que-faci-prevaler-el-dret-a-la-salut-i-al-medi-ambient-de-la-ciutadania-davant-la-nova-convocatoria-de-la-papanoelada-motera\/#breadcrumb","itemListElement":[{"@type":"ListItem","position":1,"name":"Inici","item":"https:\/\/www.sindicaturabarcelona.cat\/ca\/"},{"@type":"ListItem","position":2,"name":"La Sindicatura demana a l\u2019Ajuntament que faci prevaler el dret a la salut i al medi ambient de la ciutadania davant la nova convocat\u00f2ria de la \u2018Papanoelada Motera\u2019"}]},{"@type":"WebSite","@id":"https:\/\/www.sindicaturabarcelona.cat\/ca\/#website","url":"https:\/\/www.sindicaturabarcelona.cat\/ca\/","name":"Sindicatura de Greuges de Barcelona","description":"La defensoria dels teus drets","publisher":{"@id":"https:\/\/www.sindicaturabarcelona.cat\/ca\/#organization"},"potentialAction":[{"@type":"SearchAction","target":{"@type":"EntryPoint","urlTemplate":"https:\/\/www.sindicaturabarcelona.cat\/ca\/?s={search_term_string}"},"query-input":{"@type":"PropertyValueSpecification","valueRequired":true,"valueName":"search_term_string"}}],"inLanguage":"ca"},{"@type":"Organization","@id":"https:\/\/www.sindicaturabarcelona.cat\/ca\/#organization","name":"Sindicatura de Greuges de Barcelona","url":"https:\/\/www.sindicaturabarcelona.cat\/ca\/","logo":{"@type":"ImageObject","inLanguage":"ca","@id":"https:\/\/www.sindicaturabarcelona.cat\/ca\/#\/schema\/logo\/image\/","url":"https:\/\/www.sindicaturabarcelona.cat\/wp-content\/uploads\/2023\/02\/logo_sindicatura.svg","contentUrl":"https:\/\/www.sindicaturabarcelona.cat\/wp-content\/uploads\/2023\/02\/logo_sindicatura.svg","caption":"Sindicatura de Greuges de Barcelona"},"image":{"@id":"https:\/\/www.sindicaturabarcelona.cat\/ca\/#\/schema\/logo\/image\/"},"sameAs":["https:\/\/x.com\/sindicbarcelona","https:\/\/www.instagram.com\/sindicbarcelona\/","https:\/\/www.tiktok.com\/@sindicaturabcn","https:\/\/t.me\/sindicaturabarcelona"]},{"@type":"Person","@id":"https:\/\/www.sindicaturabarcelona.cat\/ca\/#\/schema\/person\/0e5acffc350ffdbc97578159322c9452","name":"Pablo","image":{"@type":"ImageObject","inLanguage":"ca","@id":"https:\/\/secure.gravatar.com\/avatar\/c948169b402ef9492afde705c3dfd5e90e1a6a84ef6840a91124f805a25a480f?s=96&d=mm&r=g","url":"https:\/\/secure.gravatar.com\/avatar\/c948169b402ef9492afde705c3dfd5e90e1a6a84ef6840a91124f805a25a480f?s=96&d=mm&r=g","contentUrl":"https:\/\/secure.gravatar.com\/avatar\/c948169b402ef9492afde705c3dfd5e90e1a6a84ef6840a91124f805a25a480f?s=96&d=mm&r=g","caption":"Pablo"},"url":"https:\/\/www.sindicaturabarcelona.cat\/ca\/author\/pablo\/"}]}},"_links":{"self":[{"href":"https:\/\/www.sindicaturabarcelona.cat\/ca\/wp-json\/wp\/v2\/posts\/40678","targetHints":{"allow":["GET"]}}],"collection":[{"href":"https:\/\/www.sindicaturabarcelona.cat\/ca\/wp-json\/wp\/v2\/posts"}],"about":[{"href":"https:\/\/www.sindicaturabarcelona.cat\/ca\/wp-json\/wp\/v2\/types\/post"}],"author":[{"embeddable":true,"href":"https:\/\/www.sindicaturabarcelona.cat\/ca\/wp-json\/wp\/v2\/users\/2"}],"replies":[{"embeddable":true,"href":"https:\/\/www.sindicaturabarcelona.cat\/ca\/wp-json\/wp\/v2\/comments?post=40678"}],"version-history":[{"count":7,"href":"https:\/\/www.sindicaturabarcelona.cat\/ca\/wp-json\/wp\/v2\/posts\/40678\/revisions"}],"predecessor-version":[{"id":40702,"href":"https:\/\/www.sindicaturabarcelona.cat\/ca\/wp-json\/wp\/v2\/posts\/40678\/revisions\/40702"}],"wp:featuredmedia":[{"embeddable":true,"href":"https:\/\/www.sindicaturabarcelona.cat\/ca\/wp-json\/wp\/v2\/media\/40680"}],"wp:attachment":[{"href":"https:\/\/www.sindicaturabarcelona.cat\/ca\/wp-json\/wp\/v2\/media?parent=40678"}],"wp:term":[{"taxonomy":"post_tag","embeddable":true,"href":"https:\/\/www.sindicaturabarcelona.cat\/ca\/wp-json\/wp\/v2\/tags?post=40678"},{"taxonomy":"drets","embeddable":true,"href":"https:\/\/www.sindicaturabarcelona.cat\/ca\/wp-json\/wp\/v2\/drets?post=40678"}],"curies":[{"name":"wp","href":"https:\/\/api.w.org\/{rel}","templated":true}]}}