{"id":40323,"date":"2025-11-21T13:25:18","date_gmt":"2025-11-21T11:25:18","guid":{"rendered":"https:\/\/www.sindicaturabarcelona.cat\/?p=40323"},"modified":"2025-11-24T14:48:07","modified_gmt":"2025-11-24T12:48:07","slug":"la-sindicatura-interve-en-una-jornada-a-brusselles-sobre-la-proteccio-dels-drets-linguistics","status":"publish","type":"post","link":"https:\/\/www.sindicaturabarcelona.cat\/ca\/la-sindicatura-interve-en-una-jornada-a-brusselles-sobre-la-proteccio-dels-drets-linguistics\/","title":{"rendered":"La Sindicatura interv\u00e9 en una jornada a Brussel\u00b7les sobre la protecci\u00f3 dels drets ling\u00fc\u00edstics"},"content":{"rendered":"\n<p>Oriol Puig, cap de gabinet del s\u00edndic, ha participat aquest dijous, 20 de novembre, en la sessi\u00f3 \u201c<strong>Exemples de protecci\u00f3 de drets en un context multiling\u00fce i multicultural<\/strong>\u201d, a l\u2019Oficina de la Regi\u00f3 Europea Tirol\u2013Tirol del Sud\u2013Trentino de la capital belga.<\/p>\n\n\n\n<p>El cap de gabinet hi ha exposat la tasca que duu a terme la defensoria per vetllar pels <a href=\"https:\/\/www.sindicaturabarcelona.cat\/ca\/drets\/drets-linguistics\/\" target=\"_blank\" rel=\"noreferrer noopener\">drets ling\u00fc\u00edstics<\/a> a Barcelona, que fan refer\u00e8ncia a <strong>la llibertat amb qu\u00e8 les persones han de poder optar per fer \u00fas d\u2019un determinat idioma<\/strong>, sense que aix\u00f2 impliqui pr\u00e0ctiques discriminat\u00f2ries. Les administracions han de vigilar que es respecti la diversitat de lleng\u00fces, posant de manifest els drets de tota la comunitat a gaudir d\u2019una societat diversa i inclusiva.<\/p>\n\n\n\n<p>La intervenci\u00f3 s&#8217;ha centrat a explicar la resoluci\u00f3<strong> <a href=\"https:\/\/www.sindicaturabarcelona.cat\/ca\/la-sindicatura-adverteix-a-lajuntament-de-barcelona-que-cal-vetllar-perque-no-es-tornin-a-repetir-els-fets-ocorreguts-durant-la-presentacio-de-linforme-de-discriminacions-a-barcelona\/\" target=\"_blank\" rel=\"noreferrer noopener\">sobre uns esquetxos escenificats en l\u2019acte institucional de presentaci\u00f3<\/a> de l\u2019<em>Informe de l\u2019Observatori de les Discriminacions<\/em><\/strong><em> a Barcelona 2024, <\/em>i pels quals va haver-hi m\u00e9s de 300 queixes. La defensoria assenyalava que l\u2019actuaci\u00f3 de l\u2019Ajuntament, que organitzava l\u2019acte, no va ser ajustada a dret ni prou diligent a l\u2019hora de controlar que el contingut d\u2019aquesta no supos\u00e9s un greuge o dany a tercers.<\/p>\n\n\n\n<p>De fet, segons <a href=\"https:\/\/ajuntament.barcelona.cat\/dretsidiversitat\/sites\/default\/files\/InformeDiscriminacions2024_Online_CAT.pdf\" target=\"_blank\" rel=\"noreferrer noopener\">aquest mateix informe<\/a>, <strong>el 2024 les discriminacions ling\u00fc\u00edstiques van ser les cinquenes amb m\u00e9s incid\u00e8ncies a la ciutat<\/strong>, amb un augment d\u2019un 52% respecte l\u2019any anterior. En gaireb\u00e9 tots els casos, el greuge era per parlar en catal\u00e0.<\/p>\n\n\n\n<p>La sessi\u00f3 de Brussel\u00b7les s\u2019ha fet en el marc de la jornada \u201cL&#8217;Ombudsman a Europa: Drets, Territoris, Autonomies. El paper dels defensors del poble a la Uni\u00f3 Europea multinivell\u201d. L&#8217;acte l&#8217;ha organitzat la Coordinaci\u00f3 nacional dels defensors del poble de les regions i les prov\u00edncies aut\u00f2nomes d\u2019It\u00e0lia, i amb la col\u00b7laboraci\u00f3 de l\u2019Oficina del Defensor del Poble de la Prov\u00edncia Aut\u00f2noma de Bolzano (It\u00e0lia). <strong>La Sindicatura de Greuges de Barcelona ha estat l\u2019\u00fanica defensoria local a intervenir-hi, ja que la resta eren regionals o estatals<\/strong>. Pots obtenir <a href=\"https:\/\/www.coordifesacivicaitalia.it\/?p=2294\" target=\"_blank\" rel=\"noreferrer noopener\">m\u00e9s informaci\u00f3 de la jornada en aquest enlla\u00e7<\/a> (en itali\u00e0).<\/p>\n","protected":false},"excerpt":{"rendered":"<p>Oriol Puig, cap de gabinet del s\u00edndic, ha participat aquest dijous, 20 de novembre, en la sessi\u00f3 \u201cExemples de protecci\u00f3 de drets en un context multiling\u00fce i multicultural\u201d, a l\u2019Oficina [&hellip;]<\/p>\n","protected":false},"author":2,"featured_media":40392,"comment_status":"closed","ping_status":"closed","sticky":false,"template":"","format":"standard","meta":{"_acf_changed":false,"footnotes":""},"tags":[],"drets":[1442,1457],"class_list":["post-40323","post","type-post","status-publish","format-standard","has-post-thumbnail","hentry","drets-ciutat-diversa","drets-drets-linguistics"],"acf":[],"yoast_head":"<!-- This site is optimized with the Yoast SEO plugin v27.5 - https:\/\/yoast.com\/product\/yoast-seo-wordpress\/ -->\n<title>La Sindicatura interv\u00e9 en una jornada a Brussel\u00b7les sobre la protecci\u00f3 dels drets ling\u00fc\u00edstics - Sindicatura de Greuges de Barcelona<\/title>\n<meta name=\"description\" content=\"La Sindicatura ha participat aquest dijous en la sessi\u00f3 \u201cExemples de protecci\u00f3 de drets en un context multiling\u00fce i multicultural\u201d.\" \/>\n<meta name=\"robots\" content=\"index, follow, max-snippet:-1, max-image-preview:large, max-video-preview:-1\" \/>\n<link rel=\"canonical\" href=\"https:\/\/www.sindicaturabarcelona.cat\/ca\/la-sindicatura-interve-en-una-jornada-a-brusselles-sobre-la-proteccio-dels-drets-linguistics\/\" \/>\n<meta property=\"og:locale\" content=\"ca_ES\" \/>\n<meta property=\"og:type\" content=\"article\" \/>\n<meta property=\"og:title\" content=\"La Sindicatura interv\u00e9 en una jornada a Brussel\u00b7les sobre la protecci\u00f3 dels drets ling\u00fc\u00edstics - Sindicatura de Greuges de Barcelona\" \/>\n<meta property=\"og:description\" content=\"La Sindicatura ha participat aquest dijous en la sessi\u00f3 \u201cExemples de protecci\u00f3 de drets en un context multiling\u00fce i multicultural\u201d.\" \/>\n<meta property=\"og:url\" content=\"https:\/\/www.sindicaturabarcelona.cat\/ca\/la-sindicatura-interve-en-una-jornada-a-brusselles-sobre-la-proteccio-dels-drets-linguistics\/\" \/>\n<meta property=\"og:site_name\" content=\"Sindicatura de Greuges de Barcelona\" \/>\n<meta property=\"article:published_time\" content=\"2025-11-21T11:25:18+00:00\" \/>\n<meta property=\"article:modified_time\" content=\"2025-11-24T12:48:07+00:00\" \/>\n<meta property=\"og:image\" content=\"https:\/\/www.sindicaturabarcelona.cat\/wp-content\/uploads\/WhatsApp-Image-2025-11-21-at-12.19.04.jpeg\" \/>\n\t<meta property=\"og:image:width\" content=\"2040\" \/>\n\t<meta property=\"og:image:height\" content=\"1536\" \/>\n\t<meta property=\"og:image:type\" content=\"image\/jpeg\" \/>\n<meta name=\"author\" content=\"Pablo\" \/>\n<meta name=\"twitter:card\" content=\"summary_large_image\" \/>\n<meta name=\"twitter:creator\" content=\"@sindicbarcelona\" \/>\n<meta name=\"twitter:site\" content=\"@sindicbarcelona\" \/>\n<meta name=\"twitter:label1\" content=\"Escrit per\" \/>\n\t<meta name=\"twitter:data1\" content=\"Pablo\" \/>\n\t<meta name=\"twitter:label2\" content=\"Temps estimat de lectura\" \/>\n\t<meta name=\"twitter:data2\" content=\"2 minuts\" \/>\n<script type=\"application\/ld+json\" class=\"yoast-schema-graph\">{\"@context\":\"https:\\\/\\\/schema.org\",\"@graph\":[{\"@type\":\"Article\",\"@id\":\"https:\\\/\\\/www.sindicaturabarcelona.cat\\\/ca\\\/la-sindicatura-interve-en-una-jornada-a-brusselles-sobre-la-proteccio-dels-drets-linguistics\\\/#article\",\"isPartOf\":{\"@id\":\"https:\\\/\\\/www.sindicaturabarcelona.cat\\\/ca\\\/la-sindicatura-interve-en-una-jornada-a-brusselles-sobre-la-proteccio-dels-drets-linguistics\\\/\"},\"author\":{\"name\":\"Pablo\",\"@id\":\"https:\\\/\\\/www.sindicaturabarcelona.cat\\\/ca\\\/#\\\/schema\\\/person\\\/0e5acffc350ffdbc97578159322c9452\"},\"headline\":\"La Sindicatura interv\u00e9 en una jornada a Brussel\u00b7les sobre la protecci\u00f3 dels drets ling\u00fc\u00edstics\",\"datePublished\":\"2025-11-21T11:25:18+00:00\",\"dateModified\":\"2025-11-24T12:48:07+00:00\",\"mainEntityOfPage\":{\"@id\":\"https:\\\/\\\/www.sindicaturabarcelona.cat\\\/ca\\\/la-sindicatura-interve-en-una-jornada-a-brusselles-sobre-la-proteccio-dels-drets-linguistics\\\/\"},\"wordCount\":381,\"publisher\":{\"@id\":\"https:\\\/\\\/www.sindicaturabarcelona.cat\\\/ca\\\/#organization\"},\"image\":{\"@id\":\"https:\\\/\\\/www.sindicaturabarcelona.cat\\\/ca\\\/la-sindicatura-interve-en-una-jornada-a-brusselles-sobre-la-proteccio-dels-drets-linguistics\\\/#primaryimage\"},\"thumbnailUrl\":\"https:\\\/\\\/www.sindicaturabarcelona.cat\\\/wp-content\\\/uploads\\\/WhatsApp-Image-2025-11-21-at-12.19.04.jpeg\",\"inLanguage\":\"ca\"},{\"@type\":\"WebPage\",\"@id\":\"https:\\\/\\\/www.sindicaturabarcelona.cat\\\/ca\\\/la-sindicatura-interve-en-una-jornada-a-brusselles-sobre-la-proteccio-dels-drets-linguistics\\\/\",\"url\":\"https:\\\/\\\/www.sindicaturabarcelona.cat\\\/ca\\\/la-sindicatura-interve-en-una-jornada-a-brusselles-sobre-la-proteccio-dels-drets-linguistics\\\/\",\"name\":\"La Sindicatura interv\u00e9 en una jornada a Brussel\u00b7les sobre la protecci\u00f3 dels drets ling\u00fc\u00edstics - Sindicatura de Greuges de Barcelona\",\"isPartOf\":{\"@id\":\"https:\\\/\\\/www.sindicaturabarcelona.cat\\\/ca\\\/#website\"},\"primaryImageOfPage\":{\"@id\":\"https:\\\/\\\/www.sindicaturabarcelona.cat\\\/ca\\\/la-sindicatura-interve-en-una-jornada-a-brusselles-sobre-la-proteccio-dels-drets-linguistics\\\/#primaryimage\"},\"image\":{\"@id\":\"https:\\\/\\\/www.sindicaturabarcelona.cat\\\/ca\\\/la-sindicatura-interve-en-una-jornada-a-brusselles-sobre-la-proteccio-dels-drets-linguistics\\\/#primaryimage\"},\"thumbnailUrl\":\"https:\\\/\\\/www.sindicaturabarcelona.cat\\\/wp-content\\\/uploads\\\/WhatsApp-Image-2025-11-21-at-12.19.04.jpeg\",\"datePublished\":\"2025-11-21T11:25:18+00:00\",\"dateModified\":\"2025-11-24T12:48:07+00:00\",\"description\":\"La Sindicatura ha participat aquest dijous en la sessi\u00f3 \u201cExemples de protecci\u00f3 de drets en un context multiling\u00fce i multicultural\u201d.\",\"breadcrumb\":{\"@id\":\"https:\\\/\\\/www.sindicaturabarcelona.cat\\\/ca\\\/la-sindicatura-interve-en-una-jornada-a-brusselles-sobre-la-proteccio-dels-drets-linguistics\\\/#breadcrumb\"},\"inLanguage\":\"ca\",\"potentialAction\":[{\"@type\":\"ReadAction\",\"target\":[\"https:\\\/\\\/www.sindicaturabarcelona.cat\\\/ca\\\/la-sindicatura-interve-en-una-jornada-a-brusselles-sobre-la-proteccio-dels-drets-linguistics\\\/\"]}]},{\"@type\":\"ImageObject\",\"inLanguage\":\"ca\",\"@id\":\"https:\\\/\\\/www.sindicaturabarcelona.cat\\\/ca\\\/la-sindicatura-interve-en-una-jornada-a-brusselles-sobre-la-proteccio-dels-drets-linguistics\\\/#primaryimage\",\"url\":\"https:\\\/\\\/www.sindicaturabarcelona.cat\\\/wp-content\\\/uploads\\\/WhatsApp-Image-2025-11-21-at-12.19.04.jpeg\",\"contentUrl\":\"https:\\\/\\\/www.sindicaturabarcelona.cat\\\/wp-content\\\/uploads\\\/WhatsApp-Image-2025-11-21-at-12.19.04.jpeg\",\"width\":2040,\"height\":1536},{\"@type\":\"BreadcrumbList\",\"@id\":\"https:\\\/\\\/www.sindicaturabarcelona.cat\\\/ca\\\/la-sindicatura-interve-en-una-jornada-a-brusselles-sobre-la-proteccio-dels-drets-linguistics\\\/#breadcrumb\",\"itemListElement\":[{\"@type\":\"ListItem\",\"position\":1,\"name\":\"Inici\",\"item\":\"https:\\\/\\\/www.sindicaturabarcelona.cat\\\/ca\\\/\"},{\"@type\":\"ListItem\",\"position\":2,\"name\":\"La Sindicatura interv\u00e9 en una jornada a Brussel\u00b7les sobre la protecci\u00f3 dels drets ling\u00fc\u00edstics\"}]},{\"@type\":\"WebSite\",\"@id\":\"https:\\\/\\\/www.sindicaturabarcelona.cat\\\/ca\\\/#website\",\"url\":\"https:\\\/\\\/www.sindicaturabarcelona.cat\\\/ca\\\/\",\"name\":\"Sindicatura de Greuges de Barcelona\",\"description\":\"La defensoria dels teus drets\",\"publisher\":{\"@id\":\"https:\\\/\\\/www.sindicaturabarcelona.cat\\\/ca\\\/#organization\"},\"potentialAction\":[{\"@type\":\"SearchAction\",\"target\":{\"@type\":\"EntryPoint\",\"urlTemplate\":\"https:\\\/\\\/www.sindicaturabarcelona.cat\\\/ca\\\/?s={search_term_string}\"},\"query-input\":{\"@type\":\"PropertyValueSpecification\",\"valueRequired\":true,\"valueName\":\"search_term_string\"}}],\"inLanguage\":\"ca\"},{\"@type\":\"Organization\",\"@id\":\"https:\\\/\\\/www.sindicaturabarcelona.cat\\\/ca\\\/#organization\",\"name\":\"Sindicatura de Greuges de Barcelona\",\"url\":\"https:\\\/\\\/www.sindicaturabarcelona.cat\\\/ca\\\/\",\"logo\":{\"@type\":\"ImageObject\",\"inLanguage\":\"ca\",\"@id\":\"https:\\\/\\\/www.sindicaturabarcelona.cat\\\/ca\\\/#\\\/schema\\\/logo\\\/image\\\/\",\"url\":\"https:\\\/\\\/www.sindicaturabarcelona.cat\\\/wp-content\\\/uploads\\\/2023\\\/02\\\/logo_sindicatura.svg\",\"contentUrl\":\"https:\\\/\\\/www.sindicaturabarcelona.cat\\\/wp-content\\\/uploads\\\/2023\\\/02\\\/logo_sindicatura.svg\",\"caption\":\"Sindicatura de Greuges de Barcelona\"},\"image\":{\"@id\":\"https:\\\/\\\/www.sindicaturabarcelona.cat\\\/ca\\\/#\\\/schema\\\/logo\\\/image\\\/\"},\"sameAs\":[\"https:\\\/\\\/x.com\\\/sindicbarcelona\",\"https:\\\/\\\/www.instagram.com\\\/sindicbarcelona\\\/\",\"https:\\\/\\\/www.tiktok.com\\\/@sindicaturabcn\",\"https:\\\/\\\/t.me\\\/sindicaturabarcelona\"]},{\"@type\":\"Person\",\"@id\":\"https:\\\/\\\/www.sindicaturabarcelona.cat\\\/ca\\\/#\\\/schema\\\/person\\\/0e5acffc350ffdbc97578159322c9452\",\"name\":\"Pablo\",\"image\":{\"@type\":\"ImageObject\",\"inLanguage\":\"ca\",\"@id\":\"https:\\\/\\\/secure.gravatar.com\\\/avatar\\\/c948169b402ef9492afde705c3dfd5e90e1a6a84ef6840a91124f805a25a480f?s=96&d=mm&r=g\",\"url\":\"https:\\\/\\\/secure.gravatar.com\\\/avatar\\\/c948169b402ef9492afde705c3dfd5e90e1a6a84ef6840a91124f805a25a480f?s=96&d=mm&r=g\",\"contentUrl\":\"https:\\\/\\\/secure.gravatar.com\\\/avatar\\\/c948169b402ef9492afde705c3dfd5e90e1a6a84ef6840a91124f805a25a480f?s=96&d=mm&r=g\",\"caption\":\"Pablo\"},\"url\":\"https:\\\/\\\/www.sindicaturabarcelona.cat\\\/ca\\\/author\\\/pablo\\\/\"}]}<\/script>\n<!-- \/ Yoast SEO plugin. -->","yoast_head_json":{"title":"La Sindicatura interv\u00e9 en una jornada a Brussel\u00b7les sobre la protecci\u00f3 dels drets ling\u00fc\u00edstics - Sindicatura de Greuges de Barcelona","description":"La Sindicatura ha participat aquest dijous en la sessi\u00f3 \u201cExemples de protecci\u00f3 de drets en un context multiling\u00fce i multicultural\u201d.","robots":{"index":"index","follow":"follow","max-snippet":"max-snippet:-1","max-image-preview":"max-image-preview:large","max-video-preview":"max-video-preview:-1"},"canonical":"https:\/\/www.sindicaturabarcelona.cat\/ca\/la-sindicatura-interve-en-una-jornada-a-brusselles-sobre-la-proteccio-dels-drets-linguistics\/","og_locale":"ca_ES","og_type":"article","og_title":"La Sindicatura interv\u00e9 en una jornada a Brussel\u00b7les sobre la protecci\u00f3 dels drets ling\u00fc\u00edstics - Sindicatura de Greuges de Barcelona","og_description":"La Sindicatura ha participat aquest dijous en la sessi\u00f3 \u201cExemples de protecci\u00f3 de drets en un context multiling\u00fce i multicultural\u201d.","og_url":"https:\/\/www.sindicaturabarcelona.cat\/ca\/la-sindicatura-interve-en-una-jornada-a-brusselles-sobre-la-proteccio-dels-drets-linguistics\/","og_site_name":"Sindicatura de Greuges de Barcelona","article_published_time":"2025-11-21T11:25:18+00:00","article_modified_time":"2025-11-24T12:48:07+00:00","og_image":[{"width":2040,"height":1536,"url":"https:\/\/www.sindicaturabarcelona.cat\/wp-content\/uploads\/WhatsApp-Image-2025-11-21-at-12.19.04.jpeg","type":"image\/jpeg"}],"author":"Pablo","twitter_card":"summary_large_image","twitter_creator":"@sindicbarcelona","twitter_site":"@sindicbarcelona","twitter_misc":{"Escrit per":"Pablo","Temps estimat de lectura":"2 minuts"},"schema":{"@context":"https:\/\/schema.org","@graph":[{"@type":"Article","@id":"https:\/\/www.sindicaturabarcelona.cat\/ca\/la-sindicatura-interve-en-una-jornada-a-brusselles-sobre-la-proteccio-dels-drets-linguistics\/#article","isPartOf":{"@id":"https:\/\/www.sindicaturabarcelona.cat\/ca\/la-sindicatura-interve-en-una-jornada-a-brusselles-sobre-la-proteccio-dels-drets-linguistics\/"},"author":{"name":"Pablo","@id":"https:\/\/www.sindicaturabarcelona.cat\/ca\/#\/schema\/person\/0e5acffc350ffdbc97578159322c9452"},"headline":"La Sindicatura interv\u00e9 en una jornada a Brussel\u00b7les sobre la protecci\u00f3 dels drets ling\u00fc\u00edstics","datePublished":"2025-11-21T11:25:18+00:00","dateModified":"2025-11-24T12:48:07+00:00","mainEntityOfPage":{"@id":"https:\/\/www.sindicaturabarcelona.cat\/ca\/la-sindicatura-interve-en-una-jornada-a-brusselles-sobre-la-proteccio-dels-drets-linguistics\/"},"wordCount":381,"publisher":{"@id":"https:\/\/www.sindicaturabarcelona.cat\/ca\/#organization"},"image":{"@id":"https:\/\/www.sindicaturabarcelona.cat\/ca\/la-sindicatura-interve-en-una-jornada-a-brusselles-sobre-la-proteccio-dels-drets-linguistics\/#primaryimage"},"thumbnailUrl":"https:\/\/www.sindicaturabarcelona.cat\/wp-content\/uploads\/WhatsApp-Image-2025-11-21-at-12.19.04.jpeg","inLanguage":"ca"},{"@type":"WebPage","@id":"https:\/\/www.sindicaturabarcelona.cat\/ca\/la-sindicatura-interve-en-una-jornada-a-brusselles-sobre-la-proteccio-dels-drets-linguistics\/","url":"https:\/\/www.sindicaturabarcelona.cat\/ca\/la-sindicatura-interve-en-una-jornada-a-brusselles-sobre-la-proteccio-dels-drets-linguistics\/","name":"La Sindicatura interv\u00e9 en una jornada a Brussel\u00b7les sobre la protecci\u00f3 dels drets ling\u00fc\u00edstics - Sindicatura de Greuges de Barcelona","isPartOf":{"@id":"https:\/\/www.sindicaturabarcelona.cat\/ca\/#website"},"primaryImageOfPage":{"@id":"https:\/\/www.sindicaturabarcelona.cat\/ca\/la-sindicatura-interve-en-una-jornada-a-brusselles-sobre-la-proteccio-dels-drets-linguistics\/#primaryimage"},"image":{"@id":"https:\/\/www.sindicaturabarcelona.cat\/ca\/la-sindicatura-interve-en-una-jornada-a-brusselles-sobre-la-proteccio-dels-drets-linguistics\/#primaryimage"},"thumbnailUrl":"https:\/\/www.sindicaturabarcelona.cat\/wp-content\/uploads\/WhatsApp-Image-2025-11-21-at-12.19.04.jpeg","datePublished":"2025-11-21T11:25:18+00:00","dateModified":"2025-11-24T12:48:07+00:00","description":"La Sindicatura ha participat aquest dijous en la sessi\u00f3 \u201cExemples de protecci\u00f3 de drets en un context multiling\u00fce i multicultural\u201d.","breadcrumb":{"@id":"https:\/\/www.sindicaturabarcelona.cat\/ca\/la-sindicatura-interve-en-una-jornada-a-brusselles-sobre-la-proteccio-dels-drets-linguistics\/#breadcrumb"},"inLanguage":"ca","potentialAction":[{"@type":"ReadAction","target":["https:\/\/www.sindicaturabarcelona.cat\/ca\/la-sindicatura-interve-en-una-jornada-a-brusselles-sobre-la-proteccio-dels-drets-linguistics\/"]}]},{"@type":"ImageObject","inLanguage":"ca","@id":"https:\/\/www.sindicaturabarcelona.cat\/ca\/la-sindicatura-interve-en-una-jornada-a-brusselles-sobre-la-proteccio-dels-drets-linguistics\/#primaryimage","url":"https:\/\/www.sindicaturabarcelona.cat\/wp-content\/uploads\/WhatsApp-Image-2025-11-21-at-12.19.04.jpeg","contentUrl":"https:\/\/www.sindicaturabarcelona.cat\/wp-content\/uploads\/WhatsApp-Image-2025-11-21-at-12.19.04.jpeg","width":2040,"height":1536},{"@type":"BreadcrumbList","@id":"https:\/\/www.sindicaturabarcelona.cat\/ca\/la-sindicatura-interve-en-una-jornada-a-brusselles-sobre-la-proteccio-dels-drets-linguistics\/#breadcrumb","itemListElement":[{"@type":"ListItem","position":1,"name":"Inici","item":"https:\/\/www.sindicaturabarcelona.cat\/ca\/"},{"@type":"ListItem","position":2,"name":"La Sindicatura interv\u00e9 en una jornada a Brussel\u00b7les sobre la protecci\u00f3 dels drets ling\u00fc\u00edstics"}]},{"@type":"WebSite","@id":"https:\/\/www.sindicaturabarcelona.cat\/ca\/#website","url":"https:\/\/www.sindicaturabarcelona.cat\/ca\/","name":"Sindicatura de Greuges de Barcelona","description":"La defensoria dels teus drets","publisher":{"@id":"https:\/\/www.sindicaturabarcelona.cat\/ca\/#organization"},"potentialAction":[{"@type":"SearchAction","target":{"@type":"EntryPoint","urlTemplate":"https:\/\/www.sindicaturabarcelona.cat\/ca\/?s={search_term_string}"},"query-input":{"@type":"PropertyValueSpecification","valueRequired":true,"valueName":"search_term_string"}}],"inLanguage":"ca"},{"@type":"Organization","@id":"https:\/\/www.sindicaturabarcelona.cat\/ca\/#organization","name":"Sindicatura de Greuges de Barcelona","url":"https:\/\/www.sindicaturabarcelona.cat\/ca\/","logo":{"@type":"ImageObject","inLanguage":"ca","@id":"https:\/\/www.sindicaturabarcelona.cat\/ca\/#\/schema\/logo\/image\/","url":"https:\/\/www.sindicaturabarcelona.cat\/wp-content\/uploads\/2023\/02\/logo_sindicatura.svg","contentUrl":"https:\/\/www.sindicaturabarcelona.cat\/wp-content\/uploads\/2023\/02\/logo_sindicatura.svg","caption":"Sindicatura de Greuges de Barcelona"},"image":{"@id":"https:\/\/www.sindicaturabarcelona.cat\/ca\/#\/schema\/logo\/image\/"},"sameAs":["https:\/\/x.com\/sindicbarcelona","https:\/\/www.instagram.com\/sindicbarcelona\/","https:\/\/www.tiktok.com\/@sindicaturabcn","https:\/\/t.me\/sindicaturabarcelona"]},{"@type":"Person","@id":"https:\/\/www.sindicaturabarcelona.cat\/ca\/#\/schema\/person\/0e5acffc350ffdbc97578159322c9452","name":"Pablo","image":{"@type":"ImageObject","inLanguage":"ca","@id":"https:\/\/secure.gravatar.com\/avatar\/c948169b402ef9492afde705c3dfd5e90e1a6a84ef6840a91124f805a25a480f?s=96&d=mm&r=g","url":"https:\/\/secure.gravatar.com\/avatar\/c948169b402ef9492afde705c3dfd5e90e1a6a84ef6840a91124f805a25a480f?s=96&d=mm&r=g","contentUrl":"https:\/\/secure.gravatar.com\/avatar\/c948169b402ef9492afde705c3dfd5e90e1a6a84ef6840a91124f805a25a480f?s=96&d=mm&r=g","caption":"Pablo"},"url":"https:\/\/www.sindicaturabarcelona.cat\/ca\/author\/pablo\/"}]}},"_links":{"self":[{"href":"https:\/\/www.sindicaturabarcelona.cat\/ca\/wp-json\/wp\/v2\/posts\/40323","targetHints":{"allow":["GET"]}}],"collection":[{"href":"https:\/\/www.sindicaturabarcelona.cat\/ca\/wp-json\/wp\/v2\/posts"}],"about":[{"href":"https:\/\/www.sindicaturabarcelona.cat\/ca\/wp-json\/wp\/v2\/types\/post"}],"author":[{"embeddable":true,"href":"https:\/\/www.sindicaturabarcelona.cat\/ca\/wp-json\/wp\/v2\/users\/2"}],"replies":[{"embeddable":true,"href":"https:\/\/www.sindicaturabarcelona.cat\/ca\/wp-json\/wp\/v2\/comments?post=40323"}],"version-history":[{"count":12,"href":"https:\/\/www.sindicaturabarcelona.cat\/ca\/wp-json\/wp\/v2\/posts\/40323\/revisions"}],"predecessor-version":[{"id":40422,"href":"https:\/\/www.sindicaturabarcelona.cat\/ca\/wp-json\/wp\/v2\/posts\/40323\/revisions\/40422"}],"wp:featuredmedia":[{"embeddable":true,"href":"https:\/\/www.sindicaturabarcelona.cat\/ca\/wp-json\/wp\/v2\/media\/40392"}],"wp:attachment":[{"href":"https:\/\/www.sindicaturabarcelona.cat\/ca\/wp-json\/wp\/v2\/media?parent=40323"}],"wp:term":[{"taxonomy":"post_tag","embeddable":true,"href":"https:\/\/www.sindicaturabarcelona.cat\/ca\/wp-json\/wp\/v2\/tags?post=40323"},{"taxonomy":"drets","embeddable":true,"href":"https:\/\/www.sindicaturabarcelona.cat\/ca\/wp-json\/wp\/v2\/drets?post=40323"}],"curies":[{"name":"wp","href":"https:\/\/api.w.org\/{rel}","templated":true}]}}