{"id":40138,"date":"2025-11-06T09:23:54","date_gmt":"2025-11-06T07:23:54","guid":{"rendered":"https:\/\/www.sindicaturabarcelona.cat\/?p=40138"},"modified":"2025-11-06T09:23:55","modified_gmt":"2025-11-06T07:23:55","slug":"la-sindicatura-insta-a-resoldre-definitivament-el-problema-de-males-olors-a-lestacio-de-recollida-de-residus-del-parc-del-centre-del-poblenou","status":"publish","type":"post","link":"https:\/\/www.sindicaturabarcelona.cat\/ca\/la-sindicatura-insta-a-resoldre-definitivament-el-problema-de-males-olors-a-lestacio-de-recollida-de-residus-del-parc-del-centre-del-poblenou\/","title":{"rendered":"La Sindicatura insta a resoldre definitivament el problema de males olors a l&#8217;estaci\u00f3 de recollida de residus del Parc del Centre del Poblenou"},"content":{"rendered":"\n<h2 class=\"wp-block-heading\">Les mesures que s\u2019han pres per solucionar el problema, derivat de l\u2019operativa i el manteniment de l\u2019estaci\u00f3, amb nombrosos trams de canonades que calia arranjar, no han estat efectives.<\/h2>\n\n\n\n<h2 class=\"wp-block-heading\">\u00c9s imprescindible que el consistori, de cara als propers anys, substitueixi els filtres no m\u00e9s tard de l\u2019abril o el maig, les dates a partir de les quals s\u2019incrementen les temperatures.<\/h2>\n\n\n\n<p>La defensoria de la ciutat va rebre dues queixes per mala olor intensa i continuada que provenia de l\u2019estaci\u00f3 de recollida pneum\u00e0tica al <a href=\"https:\/\/www.barcelona.cat\/ca\/que-pots-fer-a-bcn\/parcs-i-jardins\/parc-del-centre-del-poblenou-99400201005\" target=\"_blank\" rel=\"noreferrer noopener\">Parc del Centre del Poblenou<\/a> (Districte de Sant Mart\u00ed), les quals han derivat <a href=\"https:\/\/www.sindicaturabarcelona.cat\/wp-content\/uploads\/202511_Dret-Medi-Ambient-Contaminacio-Atmosferica_Recollida-Pneumatica-Residus-Poblenou_25Q000605.pdf\" target=\"_blank\" rel=\"noreferrer noopener\">en aquesta resoluci\u00f3<\/a>. En total, l\u2019Ajuntament va rebre<strong> m\u00e9s d\u2019una quarantena de queixes durant el 2024 i el primer semestre d\u2019enguany per aquest mateixa situaci\u00f3<\/strong>.<\/p>\n\n\n\n<p>El consistori al\u00b7lega que, efectivament, es van detectar fortors en aquest punt, un problema relacionat amb l\u2019operativa i el manteniment de l\u2019estaci\u00f3, per\u00f2 que l\u2019empresa que s\u2019encarrega de la gesti\u00f3 del servei va resoldre amb el canvi dels filtres durant el setembre de 2024. En aquella ocasi\u00f3 es va demorar el canvi per un problema de subministrament.<\/p>\n\n\n\n<p>La companyia gestora tamb\u00e9 va incrementar la neteja de les zones afectades i va ajustar el temps d\u2019obertura de les portes de la instal\u00b7laci\u00f3 per reduir-lo al m\u00ednim necessari. Per\u00f2 <strong>aquestes mesures no han estat efectives, ja que les pudors persisteixen, segons el ve\u00efnat<\/strong>. A m\u00e9s a m\u00e9s, l\u2019ens municipal va trobar fins a 44 trams de canonades que s\u2019han de reparar, at\u00e8s que presentaven forats.<\/p>\n\n\n\n<p>Per tot aix\u00f2, l\u2019Ajuntament ha demanat a l\u2019empresa que adopti <strong>noves mesures de control i de manteniment preventiu<\/strong>:<\/p>\n\n\n\n<ul class=\"wp-block-list\">\n<li><strong>avan\u00e7ar al juliol la substituci\u00f3 dels filtres <\/strong>(enguany es va fer efectiva el dia 8 d&#8217;aquest mes), que estava planificada en un principi per al setembre. De cara als propers anys es preveu dur-la al terme durant l\u2019abril o el maig. Aquest punt \u00e9s cabdal, ja que s\u00f3n les dates a partir de les quals s\u2019incrementen les temperatures.<\/li>\n<\/ul>\n\n\n\n<ul class=\"wp-block-list\">\n<li><strong>realitzar la recollida dels residus dels contenidors abans de l\u2019horari actual<\/strong>, les 7 del mat\u00ed. Cal recordar que entre mitjan maig i mitjan juliol la sortida del sol, quan comen\u00e7a a fer m\u00e9s calor, \u00e9s anterior a dos quarts de set.<\/li>\n<\/ul>\n\n\n\n<ul class=\"wp-block-list\">\n<li><strong>avaluar la instal\u00b7laci\u00f3<\/strong> per tal de cercar altres solucions.<\/li>\n<\/ul>\n\n\n\n<ul class=\"wp-block-list\">\n<li><strong>fer un seguiment de l\u2019estat de les canonades<\/strong> amb c\u00e0meres que s\u2019hi introduiran, segons consta en el Pla de xoc municipal per la millora de la recollida pneum\u00e0tica.<\/li>\n<\/ul>\n\n\n\n<p>Un altre dels problemes detectats \u00e9s que les b\u00fasties sovint estan malmeses per haver dipositat residus no adequats. En aquest punt, cal insistir en la necessitat d\u2019una <strong>major corresponsabilitat ciutadana<\/strong>, ja que, a m\u00e9s del dret, tamb\u00e9 hi ha el deure a la ciutat.<\/p>\n\n\n\n<h2 class=\"wp-block-heading\">Les pudors, recurrents a l\u2019estiu i causa de problemes de salut<\/h2>\n\n\n\n<p>Les males olors afecten una part important de la poblaci\u00f3 i s\u00f3n una de les causes de queixa mediambiental m\u00e9s freq\u00fcents. Concretament, els episodis provocats pel dip\u00f2sit i recollida de residus s\u00f3n recurrents durant l\u2019\u00e8poca estival. Aquestes mol\u00e8sties poden causar <strong>problemes de salut a les persones que les pateixen<\/strong>.<\/p>\n\n\n\n<p>Precisament, <a href=\"https:\/\/ajuntament.barcelona.cat\/neteja-i-residus\/ca\/recollida-domestica\/sistemes-de-recollida-de-les-5-fraccions\/busties-de-recollida-pneumatica\"><strong>la recollida pneum\u00e0tica<\/strong><\/a><strong> \u00e9s un sistema pensat per no generar pudors<\/strong> que consisteix a dipositar els residus en unes b\u00fasties connectades a un punt central d\u2019aspiraci\u00f3 per una xarxa de canonades subterr\u00e0nies. Ara b\u00e9, els residus separats de les fraccions no es poden recollir amb aquestes b\u00fasties, i s\u2019han de portar als contenidors m\u00e9s propers.<\/p>\n\n\n\n<p>Recentment, la Sindicatura ha em\u00e8s una <a href=\"https:\/\/www.sindicaturabarcelona.cat\/wp-content\/uploads\/202510_Dret-Medi-Ambient-Neteja-Gestio-Residus_bustia-pneumatica-deixalles-Ciutat-Vella_25Q000399.pdf\" target=\"_blank\" rel=\"noreferrer noopener\">altra resoluci\u00f3 sobre l\u2019estat de manteniment d\u2019aquest sistema de recollida<\/a>, en aquest cas en un carrer del Districte de Ciutat Vella.<\/p>\n\n\n\n<h2 class=\"wp-block-heading\">Les recomanacions de la Sindicatura<\/h2>\n\n\n\n<p>La Sindicatura de Greuges de Barcelona conclou <a href=\"https:\/\/www.sindicaturabarcelona.cat\/wp-content\/uploads\/202511_Dret-Medi-Ambient-Contaminacio-Atmosferica_Recollida-Pneumatica-Residus-Poblenou_25Q000605.pdf\" target=\"_blank\" rel=\"noreferrer noopener\">en la seva resoluci\u00f3<\/a> que <strong>l\u2019Ajuntament, malgrat les actuacions realitzades, no ha estat prou efica\u00e7<\/strong> per solucionar les mol\u00e8sties de pudors que pateix el ve\u00efnat de la zona on es troba la central de recollida pneum\u00e0tica de residus del Parc del Centre del Poblenou. Per tot el que s\u2019ha exposat, aquesta Sindicatura recomana que:<\/p>\n\n\n\n<ul class=\"wp-block-list\">\n<li>es continu\u00ef executant la reparaci\u00f3 de totes les b\u00fasties i canonades de recollida pneum\u00e0tica que estiguin malmeses.<\/li>\n<\/ul>\n\n\n\n<ul class=\"wp-block-list\">\n<li>si les mol\u00e8sties continuen despr\u00e9s d\u2019haver reparat totes les b\u00fasties i canonades, es valori la implementaci\u00f3 d&#8217;altres sistemes de recollida de residus en aquesta zona per tal d\u2019evitar les pudors que es generen, abans de de l\u2019arribada de les altes temperatures de 2026.<\/li>\n<\/ul>\n","protected":false},"excerpt":{"rendered":"<p>Les mesures que s\u2019han pres per solucionar el problema, derivat de l\u2019operativa i el manteniment de l\u2019estaci\u00f3, amb nombrosos trams de canonades que calia arranjar, no han estat efectives. \u00c9s [&hellip;]<\/p>\n","protected":false},"author":2,"featured_media":40139,"comment_status":"closed","ping_status":"closed","sticky":false,"template":"","format":"standard","meta":{"_acf_changed":false,"footnotes":""},"tags":[],"drets":[1438,1448],"class_list":["post-40138","post","type-post","status-publish","format-standard","has-post-thumbnail","hentry","drets-ciutat-habitable-i-sostenible","drets-dret-al-medi-ambient"],"acf":[],"yoast_head":"<!-- This site is optimized with the Yoast SEO plugin v27.5 - https:\/\/yoast.com\/product\/yoast-seo-wordpress\/ -->\n<title>La Sindicatura insta a resoldre definitivament el problema de males olors a l&#039;estaci\u00f3 de recollida de residus del Parc del Centre del Poblenou - Sindicatura de Greuges de Barcelona<\/title>\n<meta name=\"description\" content=\"\u00c9s imprescindible que el consistori substitueixi els filtres no m\u00e9s tard de l&#039;abril o el maig, quan comen\u00e7a a augmentar la calor.\" \/>\n<meta name=\"robots\" content=\"index, follow, max-snippet:-1, max-image-preview:large, max-video-preview:-1\" \/>\n<link rel=\"canonical\" href=\"https:\/\/www.sindicaturabarcelona.cat\/ca\/la-sindicatura-insta-a-resoldre-definitivament-el-problema-de-males-olors-a-lestacio-de-recollida-de-residus-del-parc-del-centre-del-poblenou\/\" \/>\n<meta property=\"og:locale\" content=\"ca_ES\" \/>\n<meta property=\"og:type\" content=\"article\" \/>\n<meta property=\"og:title\" content=\"La Sindicatura insta a resoldre definitivament el problema de males olors a l&#039;estaci\u00f3 de recollida de residus del Parc del Centre del Poblenou - Sindicatura de Greuges de Barcelona\" \/>\n<meta property=\"og:description\" content=\"\u00c9s imprescindible que el consistori substitueixi els filtres no m\u00e9s tard de l&#039;abril o el maig, quan comen\u00e7a a augmentar la calor.\" \/>\n<meta property=\"og:url\" content=\"https:\/\/www.sindicaturabarcelona.cat\/ca\/la-sindicatura-insta-a-resoldre-definitivament-el-problema-de-males-olors-a-lestacio-de-recollida-de-residus-del-parc-del-centre-del-poblenou\/\" \/>\n<meta property=\"og:site_name\" content=\"Sindicatura de Greuges de Barcelona\" \/>\n<meta property=\"article:published_time\" content=\"2025-11-06T07:23:54+00:00\" \/>\n<meta property=\"article:modified_time\" content=\"2025-11-06T07:23:55+00:00\" \/>\n<meta property=\"og:image\" content=\"https:\/\/www.sindicaturabarcelona.cat\/wp-content\/uploads\/nous-contenidors-pneumatics-dorganic.jpg\" \/>\n\t<meta property=\"og:image:width\" content=\"2000\" \/>\n\t<meta property=\"og:image:height\" content=\"1336\" \/>\n\t<meta property=\"og:image:type\" content=\"image\/jpeg\" \/>\n<meta name=\"author\" content=\"Pablo\" \/>\n<meta name=\"twitter:card\" content=\"summary_large_image\" \/>\n<meta name=\"twitter:creator\" content=\"@sindicbarcelona\" \/>\n<meta name=\"twitter:site\" content=\"@sindicbarcelona\" \/>\n<meta name=\"twitter:label1\" content=\"Escrit per\" \/>\n\t<meta name=\"twitter:data1\" content=\"Pablo\" \/>\n\t<meta name=\"twitter:label2\" content=\"Temps estimat de lectura\" \/>\n\t<meta name=\"twitter:data2\" content=\"5 minuts\" \/>\n<script type=\"application\/ld+json\" class=\"yoast-schema-graph\">{\"@context\":\"https:\\\/\\\/schema.org\",\"@graph\":[{\"@type\":\"Article\",\"@id\":\"https:\\\/\\\/www.sindicaturabarcelona.cat\\\/ca\\\/la-sindicatura-insta-a-resoldre-definitivament-el-problema-de-males-olors-a-lestacio-de-recollida-de-residus-del-parc-del-centre-del-poblenou\\\/#article\",\"isPartOf\":{\"@id\":\"https:\\\/\\\/www.sindicaturabarcelona.cat\\\/ca\\\/la-sindicatura-insta-a-resoldre-definitivament-el-problema-de-males-olors-a-lestacio-de-recollida-de-residus-del-parc-del-centre-del-poblenou\\\/\"},\"author\":{\"name\":\"Pablo\",\"@id\":\"https:\\\/\\\/www.sindicaturabarcelona.cat\\\/ca\\\/#\\\/schema\\\/person\\\/0e5acffc350ffdbc97578159322c9452\"},\"headline\":\"La Sindicatura insta a resoldre definitivament el problema de males olors a l&#8217;estaci\u00f3 de recollida de residus del Parc del Centre del Poblenou\",\"datePublished\":\"2025-11-06T07:23:54+00:00\",\"dateModified\":\"2025-11-06T07:23:55+00:00\",\"mainEntityOfPage\":{\"@id\":\"https:\\\/\\\/www.sindicaturabarcelona.cat\\\/ca\\\/la-sindicatura-insta-a-resoldre-definitivament-el-problema-de-males-olors-a-lestacio-de-recollida-de-residus-del-parc-del-centre-del-poblenou\\\/\"},\"wordCount\":805,\"publisher\":{\"@id\":\"https:\\\/\\\/www.sindicaturabarcelona.cat\\\/ca\\\/#organization\"},\"image\":{\"@id\":\"https:\\\/\\\/www.sindicaturabarcelona.cat\\\/ca\\\/la-sindicatura-insta-a-resoldre-definitivament-el-problema-de-males-olors-a-lestacio-de-recollida-de-residus-del-parc-del-centre-del-poblenou\\\/#primaryimage\"},\"thumbnailUrl\":\"https:\\\/\\\/www.sindicaturabarcelona.cat\\\/wp-content\\\/uploads\\\/nous-contenidors-pneumatics-dorganic.jpg\",\"inLanguage\":\"ca\"},{\"@type\":\"WebPage\",\"@id\":\"https:\\\/\\\/www.sindicaturabarcelona.cat\\\/ca\\\/la-sindicatura-insta-a-resoldre-definitivament-el-problema-de-males-olors-a-lestacio-de-recollida-de-residus-del-parc-del-centre-del-poblenou\\\/\",\"url\":\"https:\\\/\\\/www.sindicaturabarcelona.cat\\\/ca\\\/la-sindicatura-insta-a-resoldre-definitivament-el-problema-de-males-olors-a-lestacio-de-recollida-de-residus-del-parc-del-centre-del-poblenou\\\/\",\"name\":\"La Sindicatura insta a resoldre definitivament el problema de males olors a l'estaci\u00f3 de recollida de residus del Parc del Centre del Poblenou - Sindicatura de Greuges de Barcelona\",\"isPartOf\":{\"@id\":\"https:\\\/\\\/www.sindicaturabarcelona.cat\\\/ca\\\/#website\"},\"primaryImageOfPage\":{\"@id\":\"https:\\\/\\\/www.sindicaturabarcelona.cat\\\/ca\\\/la-sindicatura-insta-a-resoldre-definitivament-el-problema-de-males-olors-a-lestacio-de-recollida-de-residus-del-parc-del-centre-del-poblenou\\\/#primaryimage\"},\"image\":{\"@id\":\"https:\\\/\\\/www.sindicaturabarcelona.cat\\\/ca\\\/la-sindicatura-insta-a-resoldre-definitivament-el-problema-de-males-olors-a-lestacio-de-recollida-de-residus-del-parc-del-centre-del-poblenou\\\/#primaryimage\"},\"thumbnailUrl\":\"https:\\\/\\\/www.sindicaturabarcelona.cat\\\/wp-content\\\/uploads\\\/nous-contenidors-pneumatics-dorganic.jpg\",\"datePublished\":\"2025-11-06T07:23:54+00:00\",\"dateModified\":\"2025-11-06T07:23:55+00:00\",\"description\":\"\u00c9s imprescindible que el consistori substitueixi els filtres no m\u00e9s tard de l'abril o el maig, quan comen\u00e7a a augmentar la calor.\",\"breadcrumb\":{\"@id\":\"https:\\\/\\\/www.sindicaturabarcelona.cat\\\/ca\\\/la-sindicatura-insta-a-resoldre-definitivament-el-problema-de-males-olors-a-lestacio-de-recollida-de-residus-del-parc-del-centre-del-poblenou\\\/#breadcrumb\"},\"inLanguage\":\"ca\",\"potentialAction\":[{\"@type\":\"ReadAction\",\"target\":[\"https:\\\/\\\/www.sindicaturabarcelona.cat\\\/ca\\\/la-sindicatura-insta-a-resoldre-definitivament-el-problema-de-males-olors-a-lestacio-de-recollida-de-residus-del-parc-del-centre-del-poblenou\\\/\"]}]},{\"@type\":\"ImageObject\",\"inLanguage\":\"ca\",\"@id\":\"https:\\\/\\\/www.sindicaturabarcelona.cat\\\/ca\\\/la-sindicatura-insta-a-resoldre-definitivament-el-problema-de-males-olors-a-lestacio-de-recollida-de-residus-del-parc-del-centre-del-poblenou\\\/#primaryimage\",\"url\":\"https:\\\/\\\/www.sindicaturabarcelona.cat\\\/wp-content\\\/uploads\\\/nous-contenidors-pneumatics-dorganic.jpg\",\"contentUrl\":\"https:\\\/\\\/www.sindicaturabarcelona.cat\\\/wp-content\\\/uploads\\\/nous-contenidors-pneumatics-dorganic.jpg\",\"width\":2000,\"height\":1336},{\"@type\":\"BreadcrumbList\",\"@id\":\"https:\\\/\\\/www.sindicaturabarcelona.cat\\\/ca\\\/la-sindicatura-insta-a-resoldre-definitivament-el-problema-de-males-olors-a-lestacio-de-recollida-de-residus-del-parc-del-centre-del-poblenou\\\/#breadcrumb\",\"itemListElement\":[{\"@type\":\"ListItem\",\"position\":1,\"name\":\"Inici\",\"item\":\"https:\\\/\\\/www.sindicaturabarcelona.cat\\\/ca\\\/\"},{\"@type\":\"ListItem\",\"position\":2,\"name\":\"La Sindicatura insta a resoldre definitivament el problema de males olors a l&#8217;estaci\u00f3 de recollida de residus del Parc del Centre del Poblenou\"}]},{\"@type\":\"WebSite\",\"@id\":\"https:\\\/\\\/www.sindicaturabarcelona.cat\\\/ca\\\/#website\",\"url\":\"https:\\\/\\\/www.sindicaturabarcelona.cat\\\/ca\\\/\",\"name\":\"Sindicatura de Greuges de Barcelona\",\"description\":\"La defensoria dels teus drets\",\"publisher\":{\"@id\":\"https:\\\/\\\/www.sindicaturabarcelona.cat\\\/ca\\\/#organization\"},\"potentialAction\":[{\"@type\":\"SearchAction\",\"target\":{\"@type\":\"EntryPoint\",\"urlTemplate\":\"https:\\\/\\\/www.sindicaturabarcelona.cat\\\/ca\\\/?s={search_term_string}\"},\"query-input\":{\"@type\":\"PropertyValueSpecification\",\"valueRequired\":true,\"valueName\":\"search_term_string\"}}],\"inLanguage\":\"ca\"},{\"@type\":\"Organization\",\"@id\":\"https:\\\/\\\/www.sindicaturabarcelona.cat\\\/ca\\\/#organization\",\"name\":\"Sindicatura de Greuges de Barcelona\",\"url\":\"https:\\\/\\\/www.sindicaturabarcelona.cat\\\/ca\\\/\",\"logo\":{\"@type\":\"ImageObject\",\"inLanguage\":\"ca\",\"@id\":\"https:\\\/\\\/www.sindicaturabarcelona.cat\\\/ca\\\/#\\\/schema\\\/logo\\\/image\\\/\",\"url\":\"https:\\\/\\\/www.sindicaturabarcelona.cat\\\/wp-content\\\/uploads\\\/2023\\\/02\\\/logo_sindicatura.svg\",\"contentUrl\":\"https:\\\/\\\/www.sindicaturabarcelona.cat\\\/wp-content\\\/uploads\\\/2023\\\/02\\\/logo_sindicatura.svg\",\"caption\":\"Sindicatura de Greuges de Barcelona\"},\"image\":{\"@id\":\"https:\\\/\\\/www.sindicaturabarcelona.cat\\\/ca\\\/#\\\/schema\\\/logo\\\/image\\\/\"},\"sameAs\":[\"https:\\\/\\\/x.com\\\/sindicbarcelona\",\"https:\\\/\\\/www.instagram.com\\\/sindicbarcelona\\\/\",\"https:\\\/\\\/www.tiktok.com\\\/@sindicaturabcn\",\"https:\\\/\\\/t.me\\\/sindicaturabarcelona\"]},{\"@type\":\"Person\",\"@id\":\"https:\\\/\\\/www.sindicaturabarcelona.cat\\\/ca\\\/#\\\/schema\\\/person\\\/0e5acffc350ffdbc97578159322c9452\",\"name\":\"Pablo\",\"image\":{\"@type\":\"ImageObject\",\"inLanguage\":\"ca\",\"@id\":\"https:\\\/\\\/secure.gravatar.com\\\/avatar\\\/c948169b402ef9492afde705c3dfd5e90e1a6a84ef6840a91124f805a25a480f?s=96&d=mm&r=g\",\"url\":\"https:\\\/\\\/secure.gravatar.com\\\/avatar\\\/c948169b402ef9492afde705c3dfd5e90e1a6a84ef6840a91124f805a25a480f?s=96&d=mm&r=g\",\"contentUrl\":\"https:\\\/\\\/secure.gravatar.com\\\/avatar\\\/c948169b402ef9492afde705c3dfd5e90e1a6a84ef6840a91124f805a25a480f?s=96&d=mm&r=g\",\"caption\":\"Pablo\"},\"url\":\"https:\\\/\\\/www.sindicaturabarcelona.cat\\\/ca\\\/author\\\/pablo\\\/\"}]}<\/script>\n<!-- \/ Yoast SEO plugin. -->","yoast_head_json":{"title":"La Sindicatura insta a resoldre definitivament el problema de males olors a l'estaci\u00f3 de recollida de residus del Parc del Centre del Poblenou - Sindicatura de Greuges de Barcelona","description":"\u00c9s imprescindible que el consistori substitueixi els filtres no m\u00e9s tard de l'abril o el maig, quan comen\u00e7a a augmentar la calor.","robots":{"index":"index","follow":"follow","max-snippet":"max-snippet:-1","max-image-preview":"max-image-preview:large","max-video-preview":"max-video-preview:-1"},"canonical":"https:\/\/www.sindicaturabarcelona.cat\/ca\/la-sindicatura-insta-a-resoldre-definitivament-el-problema-de-males-olors-a-lestacio-de-recollida-de-residus-del-parc-del-centre-del-poblenou\/","og_locale":"ca_ES","og_type":"article","og_title":"La Sindicatura insta a resoldre definitivament el problema de males olors a l'estaci\u00f3 de recollida de residus del Parc del Centre del Poblenou - Sindicatura de Greuges de Barcelona","og_description":"\u00c9s imprescindible que el consistori substitueixi els filtres no m\u00e9s tard de l'abril o el maig, quan comen\u00e7a a augmentar la calor.","og_url":"https:\/\/www.sindicaturabarcelona.cat\/ca\/la-sindicatura-insta-a-resoldre-definitivament-el-problema-de-males-olors-a-lestacio-de-recollida-de-residus-del-parc-del-centre-del-poblenou\/","og_site_name":"Sindicatura de Greuges de Barcelona","article_published_time":"2025-11-06T07:23:54+00:00","article_modified_time":"2025-11-06T07:23:55+00:00","og_image":[{"width":2000,"height":1336,"url":"https:\/\/www.sindicaturabarcelona.cat\/wp-content\/uploads\/nous-contenidors-pneumatics-dorganic.jpg","type":"image\/jpeg"}],"author":"Pablo","twitter_card":"summary_large_image","twitter_creator":"@sindicbarcelona","twitter_site":"@sindicbarcelona","twitter_misc":{"Escrit per":"Pablo","Temps estimat de lectura":"5 minuts"},"schema":{"@context":"https:\/\/schema.org","@graph":[{"@type":"Article","@id":"https:\/\/www.sindicaturabarcelona.cat\/ca\/la-sindicatura-insta-a-resoldre-definitivament-el-problema-de-males-olors-a-lestacio-de-recollida-de-residus-del-parc-del-centre-del-poblenou\/#article","isPartOf":{"@id":"https:\/\/www.sindicaturabarcelona.cat\/ca\/la-sindicatura-insta-a-resoldre-definitivament-el-problema-de-males-olors-a-lestacio-de-recollida-de-residus-del-parc-del-centre-del-poblenou\/"},"author":{"name":"Pablo","@id":"https:\/\/www.sindicaturabarcelona.cat\/ca\/#\/schema\/person\/0e5acffc350ffdbc97578159322c9452"},"headline":"La Sindicatura insta a resoldre definitivament el problema de males olors a l&#8217;estaci\u00f3 de recollida de residus del Parc del Centre del Poblenou","datePublished":"2025-11-06T07:23:54+00:00","dateModified":"2025-11-06T07:23:55+00:00","mainEntityOfPage":{"@id":"https:\/\/www.sindicaturabarcelona.cat\/ca\/la-sindicatura-insta-a-resoldre-definitivament-el-problema-de-males-olors-a-lestacio-de-recollida-de-residus-del-parc-del-centre-del-poblenou\/"},"wordCount":805,"publisher":{"@id":"https:\/\/www.sindicaturabarcelona.cat\/ca\/#organization"},"image":{"@id":"https:\/\/www.sindicaturabarcelona.cat\/ca\/la-sindicatura-insta-a-resoldre-definitivament-el-problema-de-males-olors-a-lestacio-de-recollida-de-residus-del-parc-del-centre-del-poblenou\/#primaryimage"},"thumbnailUrl":"https:\/\/www.sindicaturabarcelona.cat\/wp-content\/uploads\/nous-contenidors-pneumatics-dorganic.jpg","inLanguage":"ca"},{"@type":"WebPage","@id":"https:\/\/www.sindicaturabarcelona.cat\/ca\/la-sindicatura-insta-a-resoldre-definitivament-el-problema-de-males-olors-a-lestacio-de-recollida-de-residus-del-parc-del-centre-del-poblenou\/","url":"https:\/\/www.sindicaturabarcelona.cat\/ca\/la-sindicatura-insta-a-resoldre-definitivament-el-problema-de-males-olors-a-lestacio-de-recollida-de-residus-del-parc-del-centre-del-poblenou\/","name":"La Sindicatura insta a resoldre definitivament el problema de males olors a l'estaci\u00f3 de recollida de residus del Parc del Centre del Poblenou - Sindicatura de Greuges de Barcelona","isPartOf":{"@id":"https:\/\/www.sindicaturabarcelona.cat\/ca\/#website"},"primaryImageOfPage":{"@id":"https:\/\/www.sindicaturabarcelona.cat\/ca\/la-sindicatura-insta-a-resoldre-definitivament-el-problema-de-males-olors-a-lestacio-de-recollida-de-residus-del-parc-del-centre-del-poblenou\/#primaryimage"},"image":{"@id":"https:\/\/www.sindicaturabarcelona.cat\/ca\/la-sindicatura-insta-a-resoldre-definitivament-el-problema-de-males-olors-a-lestacio-de-recollida-de-residus-del-parc-del-centre-del-poblenou\/#primaryimage"},"thumbnailUrl":"https:\/\/www.sindicaturabarcelona.cat\/wp-content\/uploads\/nous-contenidors-pneumatics-dorganic.jpg","datePublished":"2025-11-06T07:23:54+00:00","dateModified":"2025-11-06T07:23:55+00:00","description":"\u00c9s imprescindible que el consistori substitueixi els filtres no m\u00e9s tard de l'abril o el maig, quan comen\u00e7a a augmentar la calor.","breadcrumb":{"@id":"https:\/\/www.sindicaturabarcelona.cat\/ca\/la-sindicatura-insta-a-resoldre-definitivament-el-problema-de-males-olors-a-lestacio-de-recollida-de-residus-del-parc-del-centre-del-poblenou\/#breadcrumb"},"inLanguage":"ca","potentialAction":[{"@type":"ReadAction","target":["https:\/\/www.sindicaturabarcelona.cat\/ca\/la-sindicatura-insta-a-resoldre-definitivament-el-problema-de-males-olors-a-lestacio-de-recollida-de-residus-del-parc-del-centre-del-poblenou\/"]}]},{"@type":"ImageObject","inLanguage":"ca","@id":"https:\/\/www.sindicaturabarcelona.cat\/ca\/la-sindicatura-insta-a-resoldre-definitivament-el-problema-de-males-olors-a-lestacio-de-recollida-de-residus-del-parc-del-centre-del-poblenou\/#primaryimage","url":"https:\/\/www.sindicaturabarcelona.cat\/wp-content\/uploads\/nous-contenidors-pneumatics-dorganic.jpg","contentUrl":"https:\/\/www.sindicaturabarcelona.cat\/wp-content\/uploads\/nous-contenidors-pneumatics-dorganic.jpg","width":2000,"height":1336},{"@type":"BreadcrumbList","@id":"https:\/\/www.sindicaturabarcelona.cat\/ca\/la-sindicatura-insta-a-resoldre-definitivament-el-problema-de-males-olors-a-lestacio-de-recollida-de-residus-del-parc-del-centre-del-poblenou\/#breadcrumb","itemListElement":[{"@type":"ListItem","position":1,"name":"Inici","item":"https:\/\/www.sindicaturabarcelona.cat\/ca\/"},{"@type":"ListItem","position":2,"name":"La Sindicatura insta a resoldre definitivament el problema de males olors a l&#8217;estaci\u00f3 de recollida de residus del Parc del Centre del Poblenou"}]},{"@type":"WebSite","@id":"https:\/\/www.sindicaturabarcelona.cat\/ca\/#website","url":"https:\/\/www.sindicaturabarcelona.cat\/ca\/","name":"Sindicatura de Greuges de Barcelona","description":"La defensoria dels teus drets","publisher":{"@id":"https:\/\/www.sindicaturabarcelona.cat\/ca\/#organization"},"potentialAction":[{"@type":"SearchAction","target":{"@type":"EntryPoint","urlTemplate":"https:\/\/www.sindicaturabarcelona.cat\/ca\/?s={search_term_string}"},"query-input":{"@type":"PropertyValueSpecification","valueRequired":true,"valueName":"search_term_string"}}],"inLanguage":"ca"},{"@type":"Organization","@id":"https:\/\/www.sindicaturabarcelona.cat\/ca\/#organization","name":"Sindicatura de Greuges de Barcelona","url":"https:\/\/www.sindicaturabarcelona.cat\/ca\/","logo":{"@type":"ImageObject","inLanguage":"ca","@id":"https:\/\/www.sindicaturabarcelona.cat\/ca\/#\/schema\/logo\/image\/","url":"https:\/\/www.sindicaturabarcelona.cat\/wp-content\/uploads\/2023\/02\/logo_sindicatura.svg","contentUrl":"https:\/\/www.sindicaturabarcelona.cat\/wp-content\/uploads\/2023\/02\/logo_sindicatura.svg","caption":"Sindicatura de Greuges de Barcelona"},"image":{"@id":"https:\/\/www.sindicaturabarcelona.cat\/ca\/#\/schema\/logo\/image\/"},"sameAs":["https:\/\/x.com\/sindicbarcelona","https:\/\/www.instagram.com\/sindicbarcelona\/","https:\/\/www.tiktok.com\/@sindicaturabcn","https:\/\/t.me\/sindicaturabarcelona"]},{"@type":"Person","@id":"https:\/\/www.sindicaturabarcelona.cat\/ca\/#\/schema\/person\/0e5acffc350ffdbc97578159322c9452","name":"Pablo","image":{"@type":"ImageObject","inLanguage":"ca","@id":"https:\/\/secure.gravatar.com\/avatar\/c948169b402ef9492afde705c3dfd5e90e1a6a84ef6840a91124f805a25a480f?s=96&d=mm&r=g","url":"https:\/\/secure.gravatar.com\/avatar\/c948169b402ef9492afde705c3dfd5e90e1a6a84ef6840a91124f805a25a480f?s=96&d=mm&r=g","contentUrl":"https:\/\/secure.gravatar.com\/avatar\/c948169b402ef9492afde705c3dfd5e90e1a6a84ef6840a91124f805a25a480f?s=96&d=mm&r=g","caption":"Pablo"},"url":"https:\/\/www.sindicaturabarcelona.cat\/ca\/author\/pablo\/"}]}},"_links":{"self":[{"href":"https:\/\/www.sindicaturabarcelona.cat\/ca\/wp-json\/wp\/v2\/posts\/40138","targetHints":{"allow":["GET"]}}],"collection":[{"href":"https:\/\/www.sindicaturabarcelona.cat\/ca\/wp-json\/wp\/v2\/posts"}],"about":[{"href":"https:\/\/www.sindicaturabarcelona.cat\/ca\/wp-json\/wp\/v2\/types\/post"}],"author":[{"embeddable":true,"href":"https:\/\/www.sindicaturabarcelona.cat\/ca\/wp-json\/wp\/v2\/users\/2"}],"replies":[{"embeddable":true,"href":"https:\/\/www.sindicaturabarcelona.cat\/ca\/wp-json\/wp\/v2\/comments?post=40138"}],"version-history":[{"count":12,"href":"https:\/\/www.sindicaturabarcelona.cat\/ca\/wp-json\/wp\/v2\/posts\/40138\/revisions"}],"predecessor-version":[{"id":40178,"href":"https:\/\/www.sindicaturabarcelona.cat\/ca\/wp-json\/wp\/v2\/posts\/40138\/revisions\/40178"}],"wp:featuredmedia":[{"embeddable":true,"href":"https:\/\/www.sindicaturabarcelona.cat\/ca\/wp-json\/wp\/v2\/media\/40139"}],"wp:attachment":[{"href":"https:\/\/www.sindicaturabarcelona.cat\/ca\/wp-json\/wp\/v2\/media?parent=40138"}],"wp:term":[{"taxonomy":"post_tag","embeddable":true,"href":"https:\/\/www.sindicaturabarcelona.cat\/ca\/wp-json\/wp\/v2\/tags?post=40138"},{"taxonomy":"drets","embeddable":true,"href":"https:\/\/www.sindicaturabarcelona.cat\/ca\/wp-json\/wp\/v2\/drets?post=40138"}],"curies":[{"name":"wp","href":"https:\/\/api.w.org\/{rel}","templated":true}]}}