{"id":40053,"date":"2025-10-31T09:15:31","date_gmt":"2025-10-31T07:15:31","guid":{"rendered":"https:\/\/www.sindicaturabarcelona.cat\/?p=40053"},"modified":"2025-11-18T18:47:18","modified_gmt":"2025-11-18T16:47:18","slug":"la-sindicatura-recomana-a-lajuntament-que-continui-implementant-les-mesures-que-calguin-per-garantir-laccessibilitat-a-lespai-public","status":"publish","type":"post","link":"https:\/\/www.sindicaturabarcelona.cat\/ca\/la-sindicatura-recomana-a-lajuntament-que-continui-implementant-les-mesures-que-calguin-per-garantir-laccessibilitat-a-lespai-public\/","title":{"rendered":"La Sindicatura recomana a l\u2019Ajuntament que continu\u00ef implementant les mesures que calguin per garantir l\u2019accessibilitat a l\u2019espai p\u00fablic"},"content":{"rendered":"\n<h2 class=\"wp-block-heading\"><strong>La defensoria <a href=\"https:\/\/www.sindicaturabarcelona.cat\/wp-content\/uploads\/202510_Dret-Inclusivitat-Accessibilitat-Serveis-Publics_paviment-podotactil-Bonanova-Ganduxer_25Q001200.pdf\">resol una queixa<\/a> d\u2019un ciutad\u00e0 amb discapacitat visual que sol\u00b7licitava la instal\u00b7laci\u00f3 d\u2019un paviment que li facilit\u00e9s la mobilitat als voltants de l\u2019estaci\u00f3 de ferrocarrils de La Bonanova.<\/strong><\/h2>\n\n\n\n<h2 class=\"wp-block-heading\"><strong>Per garantir que els entorns urbans siguin inclusius, accessibles i segurs per a tota la ciutadania, les persones amb discapacitat visual han de participar en el proc\u00e9s de disseny de la ciutat.\u00a0<\/strong><\/h2>\n\n\n\n<p>Un ciutad\u00e0, que t\u00e9 discapacitat visual severa, va presentar una inst\u00e0ncia al consistori per demanar la col\u00b7locaci\u00f3 d\u2019un <strong>paviment podot\u00e0ctil<\/strong> que connecti els sem\u00e0fors de la <strong>cru\u00eflla de la via Augusta amb el carrer de Ganduxer<\/strong> (Districte de Sarri\u00e0 \u2013 Sant Gervasi), per facilitar-li l\u2019acc\u00e9s a l\u2019estaci\u00f3 de ferrocarrils de La Bonanova. Al promotor de la queixa li era molt dif\u00edcil tenir com a refer\u00e8ncia les parets de les fa\u00e7anes dels edificis per despla\u00e7ar-se amb seguretat.<\/p>\n\n\n\n<p>Concretament, la intervenci\u00f3 que sol\u00b7licitava era la instal\u00b7laci\u00f3 d\u2019un tipus de paviment amb un relleu diferent al de la resta del carrer. Aix\u00f2 permet que les persones amb ceguesa puguin obtenir informaci\u00f3 rellevant sobre l\u2019entorn per on caminen i, d\u2019aquesta manera, garantir la seva seguretat.<\/p>\n\n\n\n<p>El districte, despr\u00e9s que el ciutad\u00e0 hi contact\u00e9s a trav\u00e9s del <a href=\"https:\/\/ajuntament.barcelona.cat\/ca\/atencio-ciutadana-i-comunicacio\/canals-datencio-ciutadana\">sistema d\u2019incid\u00e8ncies i queixes municipal (IRIS)<\/a> i telef\u00f2nicament, va comunicar-li que les gestions conjuntes amb l\u2019Institut Municipal de Persones amb Discapacitat (IMPD) havien culminat en l\u2019aprovaci\u00f3 de la intervenci\u00f3 requerida, i que aquesta s\u2019executaria durant el segon o tercer trimestre d\u2019aquest 2025. A la informaci\u00f3 facilitada a la Sindicatura, es va precisar que la data seria a finals d\u2019octubre. At\u00e8s l\u2019inter\u00e8s que el ciutad\u00e0 va manifestar per aquesta q\u00fcesti\u00f3, la Sindicatura considera que <strong>l\u2019Administraci\u00f3 li hauria d\u2019haver notificat la informaci\u00f3 de manera proactiva<\/strong>.<\/p>\n\n\n\n<h2 class=\"wp-block-heading\">L\u2019ocupaci\u00f3 de les voreres vulnera el dret a l\u2019accessibilitat<\/h2>\n\n\n\n<p>Barcelona \u00e9s una ciutat referent en temes d\u2019accessibilitat. Tanmateix, destaquem les persones amb discapacitat encara tenen dificultats per fer activitats tan quotidianes com anar a passejar.<\/p>\n\n\n\n<p>La defensoria de la ciutat, en el seu <a href=\"https:\/\/www.sindicaturabarcelona.cat\/wp-content\/uploads\/20250424-Informe-Anual-Digital-Fulls.pdf\">informe anual de 2024<\/a>, detectava que <strong>un dels principals problemes que vulneren el dret a l\u2019accessibilitat i a la inclusivitat \u00e9s <\/strong><a href=\"https:\/\/www.sindicaturabarcelona.cat\/ca\/cal-insistir-en-la-retirada-delements-en-vorera-i-adossats-a-la-facana-que-dificulten-el-pas-a-les-persones-amb-discapacitat-i-altres-collectius-en-situacio-de-vulnerabilitat\/\"><strong>l\u2019ocupaci\u00f3 de les voreres amb jardineres<\/strong><\/a>, expositors o similars, fet que dificulta la mobilitat de la ciutadania. A m\u00e9s, s\u2019inclo\u00efa com una de les 10 propostes de millora assegurar els drets de les persones amb discapacitat.<\/p>\n\n\n\n<p>La Sindicatura, de fet, va poder copsar les dificultats, l\u2019estr\u00e8s i la inseguretat que un entorn poc adequat pot provocar en les persones cegues <a href=\"https:\/\/www.instagram.com\/p\/CvMpv_HsJ2J\/\">en una visita pels carrers de la ciutat amb representats de l\u2019ONCE i amb persones amb discapacitat visual<\/a>. Despla\u00e7ar-se sense visi\u00f3 pot ser en alguns entorns una tasca molt complexa i plena d\u2019obstacles que obliga a extremar l\u2019atenci\u00f3 i a afinar especialment els altres sentits.<\/p>\n\n\n\n<p>Per tot aix\u00f2, <strong>l\u2019Ajuntament ha de continuar impulsant iniciatives que millorin els drets de les persones amb discapacitat<\/strong>, de manera que les actuacions en aquest \u00e0mbit se centrin en les seves necessitats i s\u2019adaptin els serveis i els espais a les persones, i no a l\u2019inrev\u00e9s. Nom\u00e9s aix\u00ed s\u2019aconseguir\u00e0 la seva plena integraci\u00f3 social.<\/p>\n\n\n\n<p>Per assolir-ho, \u00e9s cabdal que, quan es planifica l\u2019espai urb\u00e0, els responsables municipals tinguin en consideraci\u00f3 el parer i les necessitats de les persones amb discapacitats visuals. Aix\u00f2 implica la <strong>participaci\u00f3 activa d\u2019aquest col\u00b7lectiu en el proc\u00e9s de disseny urb\u00e0 i de distribuci\u00f3 del mobiliari<\/strong>, de manera que es garanteixi que els entorns urbans siguin inclusius, accessibles i segurs per a tota la ciutadania.<\/p>\n\n\n\n<h2 class=\"wp-block-heading\">Les conclusions de la Sindicatura<\/h2>\n\n\n\n<p>L\u2019actuaci\u00f3 de la Regidoria del Districte de Sarri\u00e0 &#8211; Sant Gervasi, <a href=\"https:\/\/www.sindicaturabarcelona.cat\/wp-content\/uploads\/202510_Dret-Inclusivitat-Accessibilitat-Serveis-Publics_paviment-podotactil-Bonanova-Ganduxer_25Q001200.pdf\">en el cas que ha motivat aquesta resoluci\u00f3<\/a> ha estat efica\u00e7, ja que ha acollit la petici\u00f3 formulada pel ciutad\u00e0 que ha promogut la queixa. No obstant aix\u00f2, la Sindicatura de Greuges de Barcelona recomana al districte que continu\u00ef <strong>aplicant les mesures necess\u00e0ries<\/strong> per garantir l\u2019accessibilitat a l\u2019espai p\u00fablic de la ciutat i que, un cop acabada l\u2019actuaci\u00f3 sol\u00b7licitada pel ciutad\u00e0, aquest n\u2019ha de ser <strong>informat puntualment<\/strong>.<\/p>\n","protected":false},"excerpt":{"rendered":"<p>La defensoria resol una queixa d\u2019un ciutad\u00e0 amb discapacitat visual que sol\u00b7licitava la instal\u00b7laci\u00f3 d\u2019un paviment que li facilit\u00e9s la mobilitat als voltants de l\u2019estaci\u00f3 de ferrocarrils de La Bonanova. [&hellip;]<\/p>\n","protected":false},"author":2,"featured_media":40059,"comment_status":"closed","ping_status":"closed","sticky":false,"template":"","format":"standard","meta":{"_acf_changed":false,"footnotes":""},"tags":[],"drets":[1438,1445],"class_list":["post-40053","post","type-post","status-publish","format-standard","has-post-thumbnail","hentry","drets-ciutat-habitable-i-sostenible","drets-dret-a-laccessibilitat-i-la-inclusivitat"],"acf":[],"yoast_head":"<!-- This site is optimized with the Yoast SEO plugin v27.5 - https:\/\/yoast.com\/product\/yoast-seo-wordpress\/ -->\n<title>La Sindicatura recomana a l\u2019Ajuntament que continu\u00ef implementant les mesures que calguin per garantir l\u2019accessibilitat a l\u2019espai p\u00fablic - Sindicatura de Greuges de Barcelona<\/title>\n<meta name=\"description\" content=\"La defensoria resol una queixa d\u2019un ciutad\u00e0 amb discapacitat visual que demanava la instal\u00b7laci\u00f3 d\u2019un paviment que li facilit\u00e9s la mobilitat.\" \/>\n<meta name=\"robots\" content=\"index, follow, max-snippet:-1, max-image-preview:large, max-video-preview:-1\" \/>\n<link rel=\"canonical\" href=\"https:\/\/www.sindicaturabarcelona.cat\/ca\/la-sindicatura-recomana-a-lajuntament-que-continui-implementant-les-mesures-que-calguin-per-garantir-laccessibilitat-a-lespai-public\/\" \/>\n<meta property=\"og:locale\" content=\"ca_ES\" \/>\n<meta property=\"og:type\" content=\"article\" \/>\n<meta property=\"og:title\" content=\"La Sindicatura recomana a l\u2019Ajuntament que continu\u00ef implementant les mesures que calguin per garantir l\u2019accessibilitat a l\u2019espai p\u00fablic - Sindicatura de Greuges de Barcelona\" \/>\n<meta property=\"og:description\" content=\"La defensoria resol una queixa d\u2019un ciutad\u00e0 amb discapacitat visual que demanava la instal\u00b7laci\u00f3 d\u2019un paviment que li facilit\u00e9s la mobilitat.\" \/>\n<meta property=\"og:url\" content=\"https:\/\/www.sindicaturabarcelona.cat\/ca\/la-sindicatura-recomana-a-lajuntament-que-continui-implementant-les-mesures-que-calguin-per-garantir-laccessibilitat-a-lespai-public\/\" \/>\n<meta property=\"og:site_name\" content=\"Sindicatura de Greuges de Barcelona\" \/>\n<meta property=\"article:published_time\" content=\"2025-10-31T07:15:31+00:00\" \/>\n<meta property=\"article:modified_time\" content=\"2025-11-18T16:47:18+00:00\" \/>\n<meta property=\"og:image\" content=\"https:\/\/www.sindicaturabarcelona.cat\/wp-content\/uploads\/gos-2048x1536-1.jpg\" \/>\n\t<meta property=\"og:image:width\" content=\"2048\" \/>\n\t<meta property=\"og:image:height\" content=\"1536\" \/>\n\t<meta property=\"og:image:type\" content=\"image\/jpeg\" \/>\n<meta name=\"author\" content=\"Pablo\" \/>\n<meta name=\"twitter:card\" content=\"summary_large_image\" \/>\n<meta name=\"twitter:creator\" content=\"@sindicbarcelona\" \/>\n<meta name=\"twitter:site\" content=\"@sindicbarcelona\" \/>\n<meta name=\"twitter:label1\" content=\"Escrit per\" \/>\n\t<meta name=\"twitter:data1\" content=\"Pablo\" \/>\n\t<meta name=\"twitter:label2\" content=\"Temps estimat de lectura\" \/>\n\t<meta name=\"twitter:data2\" content=\"4 minuts\" \/>\n<script type=\"application\/ld+json\" class=\"yoast-schema-graph\">{\"@context\":\"https:\\\/\\\/schema.org\",\"@graph\":[{\"@type\":\"Article\",\"@id\":\"https:\\\/\\\/www.sindicaturabarcelona.cat\\\/ca\\\/la-sindicatura-recomana-a-lajuntament-que-continui-implementant-les-mesures-que-calguin-per-garantir-laccessibilitat-a-lespai-public\\\/#article\",\"isPartOf\":{\"@id\":\"https:\\\/\\\/www.sindicaturabarcelona.cat\\\/ca\\\/la-sindicatura-recomana-a-lajuntament-que-continui-implementant-les-mesures-que-calguin-per-garantir-laccessibilitat-a-lespai-public\\\/\"},\"author\":{\"name\":\"Pablo\",\"@id\":\"https:\\\/\\\/www.sindicaturabarcelona.cat\\\/ca\\\/#\\\/schema\\\/person\\\/0e5acffc350ffdbc97578159322c9452\"},\"headline\":\"La Sindicatura recomana a l\u2019Ajuntament que continu\u00ef implementant les mesures que calguin per garantir l\u2019accessibilitat a l\u2019espai p\u00fablic\",\"datePublished\":\"2025-10-31T07:15:31+00:00\",\"dateModified\":\"2025-11-18T16:47:18+00:00\",\"mainEntityOfPage\":{\"@id\":\"https:\\\/\\\/www.sindicaturabarcelona.cat\\\/ca\\\/la-sindicatura-recomana-a-lajuntament-que-continui-implementant-les-mesures-que-calguin-per-garantir-laccessibilitat-a-lespai-public\\\/\"},\"wordCount\":739,\"publisher\":{\"@id\":\"https:\\\/\\\/www.sindicaturabarcelona.cat\\\/ca\\\/#organization\"},\"image\":{\"@id\":\"https:\\\/\\\/www.sindicaturabarcelona.cat\\\/ca\\\/la-sindicatura-recomana-a-lajuntament-que-continui-implementant-les-mesures-que-calguin-per-garantir-laccessibilitat-a-lespai-public\\\/#primaryimage\"},\"thumbnailUrl\":\"https:\\\/\\\/www.sindicaturabarcelona.cat\\\/wp-content\\\/uploads\\\/gos-2048x1536-1.jpg\",\"inLanguage\":\"ca\"},{\"@type\":\"WebPage\",\"@id\":\"https:\\\/\\\/www.sindicaturabarcelona.cat\\\/ca\\\/la-sindicatura-recomana-a-lajuntament-que-continui-implementant-les-mesures-que-calguin-per-garantir-laccessibilitat-a-lespai-public\\\/\",\"url\":\"https:\\\/\\\/www.sindicaturabarcelona.cat\\\/ca\\\/la-sindicatura-recomana-a-lajuntament-que-continui-implementant-les-mesures-que-calguin-per-garantir-laccessibilitat-a-lespai-public\\\/\",\"name\":\"La Sindicatura recomana a l\u2019Ajuntament que continu\u00ef implementant les mesures que calguin per garantir l\u2019accessibilitat a l\u2019espai p\u00fablic - Sindicatura de Greuges de Barcelona\",\"isPartOf\":{\"@id\":\"https:\\\/\\\/www.sindicaturabarcelona.cat\\\/ca\\\/#website\"},\"primaryImageOfPage\":{\"@id\":\"https:\\\/\\\/www.sindicaturabarcelona.cat\\\/ca\\\/la-sindicatura-recomana-a-lajuntament-que-continui-implementant-les-mesures-que-calguin-per-garantir-laccessibilitat-a-lespai-public\\\/#primaryimage\"},\"image\":{\"@id\":\"https:\\\/\\\/www.sindicaturabarcelona.cat\\\/ca\\\/la-sindicatura-recomana-a-lajuntament-que-continui-implementant-les-mesures-que-calguin-per-garantir-laccessibilitat-a-lespai-public\\\/#primaryimage\"},\"thumbnailUrl\":\"https:\\\/\\\/www.sindicaturabarcelona.cat\\\/wp-content\\\/uploads\\\/gos-2048x1536-1.jpg\",\"datePublished\":\"2025-10-31T07:15:31+00:00\",\"dateModified\":\"2025-11-18T16:47:18+00:00\",\"description\":\"La defensoria resol una queixa d\u2019un ciutad\u00e0 amb discapacitat visual que demanava la instal\u00b7laci\u00f3 d\u2019un paviment que li facilit\u00e9s la mobilitat.\",\"breadcrumb\":{\"@id\":\"https:\\\/\\\/www.sindicaturabarcelona.cat\\\/ca\\\/la-sindicatura-recomana-a-lajuntament-que-continui-implementant-les-mesures-que-calguin-per-garantir-laccessibilitat-a-lespai-public\\\/#breadcrumb\"},\"inLanguage\":\"ca\",\"potentialAction\":[{\"@type\":\"ReadAction\",\"target\":[\"https:\\\/\\\/www.sindicaturabarcelona.cat\\\/ca\\\/la-sindicatura-recomana-a-lajuntament-que-continui-implementant-les-mesures-que-calguin-per-garantir-laccessibilitat-a-lespai-public\\\/\"]}]},{\"@type\":\"ImageObject\",\"inLanguage\":\"ca\",\"@id\":\"https:\\\/\\\/www.sindicaturabarcelona.cat\\\/ca\\\/la-sindicatura-recomana-a-lajuntament-que-continui-implementant-les-mesures-que-calguin-per-garantir-laccessibilitat-a-lespai-public\\\/#primaryimage\",\"url\":\"https:\\\/\\\/www.sindicaturabarcelona.cat\\\/wp-content\\\/uploads\\\/gos-2048x1536-1.jpg\",\"contentUrl\":\"https:\\\/\\\/www.sindicaturabarcelona.cat\\\/wp-content\\\/uploads\\\/gos-2048x1536-1.jpg\",\"width\":2048,\"height\":1536},{\"@type\":\"BreadcrumbList\",\"@id\":\"https:\\\/\\\/www.sindicaturabarcelona.cat\\\/ca\\\/la-sindicatura-recomana-a-lajuntament-que-continui-implementant-les-mesures-que-calguin-per-garantir-laccessibilitat-a-lespai-public\\\/#breadcrumb\",\"itemListElement\":[{\"@type\":\"ListItem\",\"position\":1,\"name\":\"Inici\",\"item\":\"https:\\\/\\\/www.sindicaturabarcelona.cat\\\/ca\\\/\"},{\"@type\":\"ListItem\",\"position\":2,\"name\":\"La Sindicatura recomana a l\u2019Ajuntament que continu\u00ef implementant les mesures que calguin per garantir l\u2019accessibilitat a l\u2019espai p\u00fablic\"}]},{\"@type\":\"WebSite\",\"@id\":\"https:\\\/\\\/www.sindicaturabarcelona.cat\\\/ca\\\/#website\",\"url\":\"https:\\\/\\\/www.sindicaturabarcelona.cat\\\/ca\\\/\",\"name\":\"Sindicatura de Greuges de Barcelona\",\"description\":\"La defensoria dels teus drets\",\"publisher\":{\"@id\":\"https:\\\/\\\/www.sindicaturabarcelona.cat\\\/ca\\\/#organization\"},\"potentialAction\":[{\"@type\":\"SearchAction\",\"target\":{\"@type\":\"EntryPoint\",\"urlTemplate\":\"https:\\\/\\\/www.sindicaturabarcelona.cat\\\/ca\\\/?s={search_term_string}\"},\"query-input\":{\"@type\":\"PropertyValueSpecification\",\"valueRequired\":true,\"valueName\":\"search_term_string\"}}],\"inLanguage\":\"ca\"},{\"@type\":\"Organization\",\"@id\":\"https:\\\/\\\/www.sindicaturabarcelona.cat\\\/ca\\\/#organization\",\"name\":\"Sindicatura de Greuges de Barcelona\",\"url\":\"https:\\\/\\\/www.sindicaturabarcelona.cat\\\/ca\\\/\",\"logo\":{\"@type\":\"ImageObject\",\"inLanguage\":\"ca\",\"@id\":\"https:\\\/\\\/www.sindicaturabarcelona.cat\\\/ca\\\/#\\\/schema\\\/logo\\\/image\\\/\",\"url\":\"https:\\\/\\\/www.sindicaturabarcelona.cat\\\/wp-content\\\/uploads\\\/2023\\\/02\\\/logo_sindicatura.svg\",\"contentUrl\":\"https:\\\/\\\/www.sindicaturabarcelona.cat\\\/wp-content\\\/uploads\\\/2023\\\/02\\\/logo_sindicatura.svg\",\"caption\":\"Sindicatura de Greuges de Barcelona\"},\"image\":{\"@id\":\"https:\\\/\\\/www.sindicaturabarcelona.cat\\\/ca\\\/#\\\/schema\\\/logo\\\/image\\\/\"},\"sameAs\":[\"https:\\\/\\\/x.com\\\/sindicbarcelona\",\"https:\\\/\\\/www.instagram.com\\\/sindicbarcelona\\\/\",\"https:\\\/\\\/www.tiktok.com\\\/@sindicaturabcn\",\"https:\\\/\\\/t.me\\\/sindicaturabarcelona\"]},{\"@type\":\"Person\",\"@id\":\"https:\\\/\\\/www.sindicaturabarcelona.cat\\\/ca\\\/#\\\/schema\\\/person\\\/0e5acffc350ffdbc97578159322c9452\",\"name\":\"Pablo\",\"image\":{\"@type\":\"ImageObject\",\"inLanguage\":\"ca\",\"@id\":\"https:\\\/\\\/secure.gravatar.com\\\/avatar\\\/c948169b402ef9492afde705c3dfd5e90e1a6a84ef6840a91124f805a25a480f?s=96&d=mm&r=g\",\"url\":\"https:\\\/\\\/secure.gravatar.com\\\/avatar\\\/c948169b402ef9492afde705c3dfd5e90e1a6a84ef6840a91124f805a25a480f?s=96&d=mm&r=g\",\"contentUrl\":\"https:\\\/\\\/secure.gravatar.com\\\/avatar\\\/c948169b402ef9492afde705c3dfd5e90e1a6a84ef6840a91124f805a25a480f?s=96&d=mm&r=g\",\"caption\":\"Pablo\"},\"url\":\"https:\\\/\\\/www.sindicaturabarcelona.cat\\\/ca\\\/author\\\/pablo\\\/\"}]}<\/script>\n<!-- \/ Yoast SEO plugin. -->","yoast_head_json":{"title":"La Sindicatura recomana a l\u2019Ajuntament que continu\u00ef implementant les mesures que calguin per garantir l\u2019accessibilitat a l\u2019espai p\u00fablic - Sindicatura de Greuges de Barcelona","description":"La defensoria resol una queixa d\u2019un ciutad\u00e0 amb discapacitat visual que demanava la instal\u00b7laci\u00f3 d\u2019un paviment que li facilit\u00e9s la mobilitat.","robots":{"index":"index","follow":"follow","max-snippet":"max-snippet:-1","max-image-preview":"max-image-preview:large","max-video-preview":"max-video-preview:-1"},"canonical":"https:\/\/www.sindicaturabarcelona.cat\/ca\/la-sindicatura-recomana-a-lajuntament-que-continui-implementant-les-mesures-que-calguin-per-garantir-laccessibilitat-a-lespai-public\/","og_locale":"ca_ES","og_type":"article","og_title":"La Sindicatura recomana a l\u2019Ajuntament que continu\u00ef implementant les mesures que calguin per garantir l\u2019accessibilitat a l\u2019espai p\u00fablic - Sindicatura de Greuges de Barcelona","og_description":"La defensoria resol una queixa d\u2019un ciutad\u00e0 amb discapacitat visual que demanava la instal\u00b7laci\u00f3 d\u2019un paviment que li facilit\u00e9s la mobilitat.","og_url":"https:\/\/www.sindicaturabarcelona.cat\/ca\/la-sindicatura-recomana-a-lajuntament-que-continui-implementant-les-mesures-que-calguin-per-garantir-laccessibilitat-a-lespai-public\/","og_site_name":"Sindicatura de Greuges de Barcelona","article_published_time":"2025-10-31T07:15:31+00:00","article_modified_time":"2025-11-18T16:47:18+00:00","og_image":[{"width":2048,"height":1536,"url":"https:\/\/www.sindicaturabarcelona.cat\/wp-content\/uploads\/gos-2048x1536-1.jpg","type":"image\/jpeg"}],"author":"Pablo","twitter_card":"summary_large_image","twitter_creator":"@sindicbarcelona","twitter_site":"@sindicbarcelona","twitter_misc":{"Escrit per":"Pablo","Temps estimat de lectura":"4 minuts"},"schema":{"@context":"https:\/\/schema.org","@graph":[{"@type":"Article","@id":"https:\/\/www.sindicaturabarcelona.cat\/ca\/la-sindicatura-recomana-a-lajuntament-que-continui-implementant-les-mesures-que-calguin-per-garantir-laccessibilitat-a-lespai-public\/#article","isPartOf":{"@id":"https:\/\/www.sindicaturabarcelona.cat\/ca\/la-sindicatura-recomana-a-lajuntament-que-continui-implementant-les-mesures-que-calguin-per-garantir-laccessibilitat-a-lespai-public\/"},"author":{"name":"Pablo","@id":"https:\/\/www.sindicaturabarcelona.cat\/ca\/#\/schema\/person\/0e5acffc350ffdbc97578159322c9452"},"headline":"La Sindicatura recomana a l\u2019Ajuntament que continu\u00ef implementant les mesures que calguin per garantir l\u2019accessibilitat a l\u2019espai p\u00fablic","datePublished":"2025-10-31T07:15:31+00:00","dateModified":"2025-11-18T16:47:18+00:00","mainEntityOfPage":{"@id":"https:\/\/www.sindicaturabarcelona.cat\/ca\/la-sindicatura-recomana-a-lajuntament-que-continui-implementant-les-mesures-que-calguin-per-garantir-laccessibilitat-a-lespai-public\/"},"wordCount":739,"publisher":{"@id":"https:\/\/www.sindicaturabarcelona.cat\/ca\/#organization"},"image":{"@id":"https:\/\/www.sindicaturabarcelona.cat\/ca\/la-sindicatura-recomana-a-lajuntament-que-continui-implementant-les-mesures-que-calguin-per-garantir-laccessibilitat-a-lespai-public\/#primaryimage"},"thumbnailUrl":"https:\/\/www.sindicaturabarcelona.cat\/wp-content\/uploads\/gos-2048x1536-1.jpg","inLanguage":"ca"},{"@type":"WebPage","@id":"https:\/\/www.sindicaturabarcelona.cat\/ca\/la-sindicatura-recomana-a-lajuntament-que-continui-implementant-les-mesures-que-calguin-per-garantir-laccessibilitat-a-lespai-public\/","url":"https:\/\/www.sindicaturabarcelona.cat\/ca\/la-sindicatura-recomana-a-lajuntament-que-continui-implementant-les-mesures-que-calguin-per-garantir-laccessibilitat-a-lespai-public\/","name":"La Sindicatura recomana a l\u2019Ajuntament que continu\u00ef implementant les mesures que calguin per garantir l\u2019accessibilitat a l\u2019espai p\u00fablic - Sindicatura de Greuges de Barcelona","isPartOf":{"@id":"https:\/\/www.sindicaturabarcelona.cat\/ca\/#website"},"primaryImageOfPage":{"@id":"https:\/\/www.sindicaturabarcelona.cat\/ca\/la-sindicatura-recomana-a-lajuntament-que-continui-implementant-les-mesures-que-calguin-per-garantir-laccessibilitat-a-lespai-public\/#primaryimage"},"image":{"@id":"https:\/\/www.sindicaturabarcelona.cat\/ca\/la-sindicatura-recomana-a-lajuntament-que-continui-implementant-les-mesures-que-calguin-per-garantir-laccessibilitat-a-lespai-public\/#primaryimage"},"thumbnailUrl":"https:\/\/www.sindicaturabarcelona.cat\/wp-content\/uploads\/gos-2048x1536-1.jpg","datePublished":"2025-10-31T07:15:31+00:00","dateModified":"2025-11-18T16:47:18+00:00","description":"La defensoria resol una queixa d\u2019un ciutad\u00e0 amb discapacitat visual que demanava la instal\u00b7laci\u00f3 d\u2019un paviment que li facilit\u00e9s la mobilitat.","breadcrumb":{"@id":"https:\/\/www.sindicaturabarcelona.cat\/ca\/la-sindicatura-recomana-a-lajuntament-que-continui-implementant-les-mesures-que-calguin-per-garantir-laccessibilitat-a-lespai-public\/#breadcrumb"},"inLanguage":"ca","potentialAction":[{"@type":"ReadAction","target":["https:\/\/www.sindicaturabarcelona.cat\/ca\/la-sindicatura-recomana-a-lajuntament-que-continui-implementant-les-mesures-que-calguin-per-garantir-laccessibilitat-a-lespai-public\/"]}]},{"@type":"ImageObject","inLanguage":"ca","@id":"https:\/\/www.sindicaturabarcelona.cat\/ca\/la-sindicatura-recomana-a-lajuntament-que-continui-implementant-les-mesures-que-calguin-per-garantir-laccessibilitat-a-lespai-public\/#primaryimage","url":"https:\/\/www.sindicaturabarcelona.cat\/wp-content\/uploads\/gos-2048x1536-1.jpg","contentUrl":"https:\/\/www.sindicaturabarcelona.cat\/wp-content\/uploads\/gos-2048x1536-1.jpg","width":2048,"height":1536},{"@type":"BreadcrumbList","@id":"https:\/\/www.sindicaturabarcelona.cat\/ca\/la-sindicatura-recomana-a-lajuntament-que-continui-implementant-les-mesures-que-calguin-per-garantir-laccessibilitat-a-lespai-public\/#breadcrumb","itemListElement":[{"@type":"ListItem","position":1,"name":"Inici","item":"https:\/\/www.sindicaturabarcelona.cat\/ca\/"},{"@type":"ListItem","position":2,"name":"La Sindicatura recomana a l\u2019Ajuntament que continu\u00ef implementant les mesures que calguin per garantir l\u2019accessibilitat a l\u2019espai p\u00fablic"}]},{"@type":"WebSite","@id":"https:\/\/www.sindicaturabarcelona.cat\/ca\/#website","url":"https:\/\/www.sindicaturabarcelona.cat\/ca\/","name":"Sindicatura de Greuges de Barcelona","description":"La defensoria dels teus drets","publisher":{"@id":"https:\/\/www.sindicaturabarcelona.cat\/ca\/#organization"},"potentialAction":[{"@type":"SearchAction","target":{"@type":"EntryPoint","urlTemplate":"https:\/\/www.sindicaturabarcelona.cat\/ca\/?s={search_term_string}"},"query-input":{"@type":"PropertyValueSpecification","valueRequired":true,"valueName":"search_term_string"}}],"inLanguage":"ca"},{"@type":"Organization","@id":"https:\/\/www.sindicaturabarcelona.cat\/ca\/#organization","name":"Sindicatura de Greuges de Barcelona","url":"https:\/\/www.sindicaturabarcelona.cat\/ca\/","logo":{"@type":"ImageObject","inLanguage":"ca","@id":"https:\/\/www.sindicaturabarcelona.cat\/ca\/#\/schema\/logo\/image\/","url":"https:\/\/www.sindicaturabarcelona.cat\/wp-content\/uploads\/2023\/02\/logo_sindicatura.svg","contentUrl":"https:\/\/www.sindicaturabarcelona.cat\/wp-content\/uploads\/2023\/02\/logo_sindicatura.svg","caption":"Sindicatura de Greuges de Barcelona"},"image":{"@id":"https:\/\/www.sindicaturabarcelona.cat\/ca\/#\/schema\/logo\/image\/"},"sameAs":["https:\/\/x.com\/sindicbarcelona","https:\/\/www.instagram.com\/sindicbarcelona\/","https:\/\/www.tiktok.com\/@sindicaturabcn","https:\/\/t.me\/sindicaturabarcelona"]},{"@type":"Person","@id":"https:\/\/www.sindicaturabarcelona.cat\/ca\/#\/schema\/person\/0e5acffc350ffdbc97578159322c9452","name":"Pablo","image":{"@type":"ImageObject","inLanguage":"ca","@id":"https:\/\/secure.gravatar.com\/avatar\/c948169b402ef9492afde705c3dfd5e90e1a6a84ef6840a91124f805a25a480f?s=96&d=mm&r=g","url":"https:\/\/secure.gravatar.com\/avatar\/c948169b402ef9492afde705c3dfd5e90e1a6a84ef6840a91124f805a25a480f?s=96&d=mm&r=g","contentUrl":"https:\/\/secure.gravatar.com\/avatar\/c948169b402ef9492afde705c3dfd5e90e1a6a84ef6840a91124f805a25a480f?s=96&d=mm&r=g","caption":"Pablo"},"url":"https:\/\/www.sindicaturabarcelona.cat\/ca\/author\/pablo\/"}]}},"_links":{"self":[{"href":"https:\/\/www.sindicaturabarcelona.cat\/ca\/wp-json\/wp\/v2\/posts\/40053","targetHints":{"allow":["GET"]}}],"collection":[{"href":"https:\/\/www.sindicaturabarcelona.cat\/ca\/wp-json\/wp\/v2\/posts"}],"about":[{"href":"https:\/\/www.sindicaturabarcelona.cat\/ca\/wp-json\/wp\/v2\/types\/post"}],"author":[{"embeddable":true,"href":"https:\/\/www.sindicaturabarcelona.cat\/ca\/wp-json\/wp\/v2\/users\/2"}],"replies":[{"embeddable":true,"href":"https:\/\/www.sindicaturabarcelona.cat\/ca\/wp-json\/wp\/v2\/comments?post=40053"}],"version-history":[{"count":4,"href":"https:\/\/www.sindicaturabarcelona.cat\/ca\/wp-json\/wp\/v2\/posts\/40053\/revisions"}],"predecessor-version":[{"id":40379,"href":"https:\/\/www.sindicaturabarcelona.cat\/ca\/wp-json\/wp\/v2\/posts\/40053\/revisions\/40379"}],"wp:featuredmedia":[{"embeddable":true,"href":"https:\/\/www.sindicaturabarcelona.cat\/ca\/wp-json\/wp\/v2\/media\/40059"}],"wp:attachment":[{"href":"https:\/\/www.sindicaturabarcelona.cat\/ca\/wp-json\/wp\/v2\/media?parent=40053"}],"wp:term":[{"taxonomy":"post_tag","embeddable":true,"href":"https:\/\/www.sindicaturabarcelona.cat\/ca\/wp-json\/wp\/v2\/tags?post=40053"},{"taxonomy":"drets","embeddable":true,"href":"https:\/\/www.sindicaturabarcelona.cat\/ca\/wp-json\/wp\/v2\/drets?post=40053"}],"curies":[{"name":"wp","href":"https:\/\/api.w.org\/{rel}","templated":true}]}}