{"id":39922,"date":"2025-10-28T12:14:54","date_gmt":"2025-10-28T10:14:54","guid":{"rendered":"https:\/\/www.sindicaturabarcelona.cat\/?p=39922"},"modified":"2025-10-29T12:30:02","modified_gmt":"2025-10-29T10:30:02","slug":"com-construir-la-pau-en-temps-combulsos-la-conferencia-del-sindic-a-la-cort-suprema-de-justicia-de-colombia","status":"publish","type":"post","link":"https:\/\/www.sindicaturabarcelona.cat\/ca\/com-construir-la-pau-en-temps-combulsos-la-conferencia-del-sindic-a-la-cort-suprema-de-justicia-de-colombia\/","title":{"rendered":"&#8220;Com construir la pau en temps convulsos&#8221;, la confer\u00e8ncia del s\u00edndic a la Cort Suprema de Just\u00edcia de Col\u00f2mbia"},"content":{"rendered":"\n<p>David Bondia ha pronunciat una confer\u00e8ncia aquest dilluns, 27 d&#8217;octubre, a Medell\u00edn, amb el t\u00edtol \u201c<strong>Com construir pau en temps convulsos: el dret hum\u00e0 a la pau<\/strong>\u201d. El s\u00edndic ha repassat els factors de conflicte locals i internacionals que hi ha actualment, i ha aprofundit en els <strong>conceptes de &#8220;pau&#8221;, &#8220;democr\u00e0cia&#8221; i &#8220;drets humans&#8221;<\/strong> i ha analitzat com es relacionen entre tots tres.<\/p>\n\n\n\n<p>Tamb\u00e9 ha destacat la necessitat d&#8217;<strong>abordar les controv\u00e8rsies des des la interseccionalitat<\/strong>, tenint en compte que les discriminacions que pot patir la ciutadania solen ser m\u00faltiples (social, g\u00e8nere, edat&#8230;), fet que implica la vulneraci\u00f3 de diversos drets. Aquesta mateixa perspectiva \u00e9s la que aplica la Sindicatura a l&#8217;hora de defensar els drets dels i les habitants de Barcelona.<\/p>\n\n\n\n<p>La confer\u00e8ncia s&#8217;ha fet en el marc de l&#8217;acte &#8220;<a href=\"https:\/\/cortesuprema.gov.co\/la-memoria-del-holocausto-del-palacio-de-justicia-sigue-viva-en-las-regiones-acto-solemne-en-bucaramanga\/\" target=\"_blank\" rel=\"noreferrer noopener\"><strong>Conmemoraci\u00f3n de 40 a\u00f1os del holocausto del Palacio de Justicia. Memoria en las Regiones<\/strong><\/a>&#8220;. Aquesta jornada acad\u00e8mica recorda l&#8217;assalt que va patir la Cort Suprema de Col\u00f2mbia l&#8217;any 1985, amb un balan\u00e7 final de 101 v\u00edctimes mortals.<\/p>\n\n\n\n<p>A l&#8217;agost, Bondia ja <strong>va intervenir en diverses\u00a0<a href=\"https:\/\/www.sindicaturabarcelona.cat\/ca\/intercanvi-de-bones-practiques-i-planificacio-de-futurs-projectes-conjunts-els-avencos-despres-de-les-intervencions-de-la-sindicatura-a-colombia\/\" target=\"_blank\" rel=\"noreferrer noopener\">confer\u00e8ncies i pon\u00e8ncies a diverses ciutats a Col\u00f2mbia<\/a><\/strong>, i va mantenir reunions amb\u00a0<em>personeros<\/em>\u00a0(figura assimilable al s\u00edndic), com els de Barranquilla, Jamund\u00ed i Bogot\u00e0, i amb el\u00a0Defensor del Pueblo del pa\u00eds. Les intervencions es van coorganitzar amb l\u2019<a href=\"https:\/\/www.sindicaturabarcelona.cat\/ca\/el-sindic-de-greuges-de-barcelona-nou-president-de-lalianza-global-del-ombudsperson-local-agol\/\" target=\"_blank\" rel=\"noreferrer noopener\">Alianza Global del \u00d3mbudsperson Local (AGOL), de la qual Bondia \u00e9s president<\/a>.<\/p>\n\n\n\n<figure class=\"wp-block-gallery has-nested-images columns-default is-cropped wp-block-gallery-1 is-layout-flex wp-block-gallery-is-layout-flex\">\n<figure class=\"wp-block-image size-large\"><img loading=\"lazy\" decoding=\"async\" width=\"1200\" height=\"800\" data-id=\"39933\" src=\"https:\/\/www.sindicaturabarcelona.cat\/wp-content\/uploads\/WhatsApp-Image-2025-10-28-at-08.35.13-1200x800.jpeg\" alt=\"\" class=\"wp-image-39933\" srcset=\"https:\/\/www.sindicaturabarcelona.cat\/wp-content\/uploads\/WhatsApp-Image-2025-10-28-at-08.35.13-1200x800.jpeg 1200w, https:\/\/www.sindicaturabarcelona.cat\/wp-content\/uploads\/WhatsApp-Image-2025-10-28-at-08.35.13-800x533.jpeg 800w, https:\/\/www.sindicaturabarcelona.cat\/wp-content\/uploads\/WhatsApp-Image-2025-10-28-at-08.35.13-768x512.jpeg 768w, https:\/\/www.sindicaturabarcelona.cat\/wp-content\/uploads\/WhatsApp-Image-2025-10-28-at-08.35.13-1536x1025.jpeg 1536w, https:\/\/www.sindicaturabarcelona.cat\/wp-content\/uploads\/WhatsApp-Image-2025-10-28-at-08.35.13.jpeg 2048w\" sizes=\"auto, (max-width: 1200px) 100vw, 1200px\" \/><\/figure>\n\n\n\n<figure class=\"wp-block-image size-large\"><img loading=\"lazy\" decoding=\"async\" width=\"1200\" height=\"800\" data-id=\"39938\" src=\"https:\/\/www.sindicaturabarcelona.cat\/wp-content\/uploads\/WhatsApp-Image-2025-10-28-at-08.35.14-1-1200x800.jpeg\" alt=\"\" class=\"wp-image-39938\" srcset=\"https:\/\/www.sindicaturabarcelona.cat\/wp-content\/uploads\/WhatsApp-Image-2025-10-28-at-08.35.14-1-1200x800.jpeg 1200w, https:\/\/www.sindicaturabarcelona.cat\/wp-content\/uploads\/WhatsApp-Image-2025-10-28-at-08.35.14-1-800x533.jpeg 800w, https:\/\/www.sindicaturabarcelona.cat\/wp-content\/uploads\/WhatsApp-Image-2025-10-28-at-08.35.14-1-768x512.jpeg 768w, https:\/\/www.sindicaturabarcelona.cat\/wp-content\/uploads\/WhatsApp-Image-2025-10-28-at-08.35.14-1-1536x1025.jpeg 1536w, https:\/\/www.sindicaturabarcelona.cat\/wp-content\/uploads\/WhatsApp-Image-2025-10-28-at-08.35.14-1.jpeg 2048w\" sizes=\"auto, (max-width: 1200px) 100vw, 1200px\" \/><\/figure>\n\n\n\n<figure class=\"wp-block-image size-large\"><img loading=\"lazy\" decoding=\"async\" width=\"1200\" height=\"800\" data-id=\"39941\" src=\"https:\/\/www.sindicaturabarcelona.cat\/wp-content\/uploads\/WhatsApp-Image-2025-10-28-at-08.35.14-2-1200x800.jpeg\" alt=\"\" class=\"wp-image-39941\" srcset=\"https:\/\/www.sindicaturabarcelona.cat\/wp-content\/uploads\/WhatsApp-Image-2025-10-28-at-08.35.14-2-1200x800.jpeg 1200w, https:\/\/www.sindicaturabarcelona.cat\/wp-content\/uploads\/WhatsApp-Image-2025-10-28-at-08.35.14-2-800x533.jpeg 800w, https:\/\/www.sindicaturabarcelona.cat\/wp-content\/uploads\/WhatsApp-Image-2025-10-28-at-08.35.14-2-768x512.jpeg 768w, https:\/\/www.sindicaturabarcelona.cat\/wp-content\/uploads\/WhatsApp-Image-2025-10-28-at-08.35.14-2-1536x1025.jpeg 1536w, https:\/\/www.sindicaturabarcelona.cat\/wp-content\/uploads\/WhatsApp-Image-2025-10-28-at-08.35.14-2.jpeg 2048w\" sizes=\"auto, (max-width: 1200px) 100vw, 1200px\" \/><\/figure>\n\n\n\n<figure class=\"wp-block-image size-large\"><img loading=\"lazy\" decoding=\"async\" width=\"1200\" height=\"800\" data-id=\"39942\" src=\"https:\/\/www.sindicaturabarcelona.cat\/wp-content\/uploads\/WhatsApp-Image-2025-10-28-at-08.35.14-1200x800.jpeg\" alt=\"\" class=\"wp-image-39942\" srcset=\"https:\/\/www.sindicaturabarcelona.cat\/wp-content\/uploads\/WhatsApp-Image-2025-10-28-at-08.35.14-1200x800.jpeg 1200w, https:\/\/www.sindicaturabarcelona.cat\/wp-content\/uploads\/WhatsApp-Image-2025-10-28-at-08.35.14-800x533.jpeg 800w, https:\/\/www.sindicaturabarcelona.cat\/wp-content\/uploads\/WhatsApp-Image-2025-10-28-at-08.35.14-768x512.jpeg 768w, https:\/\/www.sindicaturabarcelona.cat\/wp-content\/uploads\/WhatsApp-Image-2025-10-28-at-08.35.14-1536x1025.jpeg 1536w, https:\/\/www.sindicaturabarcelona.cat\/wp-content\/uploads\/WhatsApp-Image-2025-10-28-at-08.35.14.jpeg 2048w\" sizes=\"auto, (max-width: 1200px) 100vw, 1200px\" \/><\/figure>\n\n\n\n<figure class=\"wp-block-image size-large\"><img loading=\"lazy\" decoding=\"async\" width=\"1200\" height=\"800\" data-id=\"39951\" src=\"https:\/\/www.sindicaturabarcelona.cat\/wp-content\/uploads\/WhatsApp-Image-2025-10-28-at-08.35.15-1-1200x800.jpeg\" alt=\"\" class=\"wp-image-39951\" srcset=\"https:\/\/www.sindicaturabarcelona.cat\/wp-content\/uploads\/WhatsApp-Image-2025-10-28-at-08.35.15-1-1200x800.jpeg 1200w, https:\/\/www.sindicaturabarcelona.cat\/wp-content\/uploads\/WhatsApp-Image-2025-10-28-at-08.35.15-1-800x533.jpeg 800w, https:\/\/www.sindicaturabarcelona.cat\/wp-content\/uploads\/WhatsApp-Image-2025-10-28-at-08.35.15-1-768x512.jpeg 768w, https:\/\/www.sindicaturabarcelona.cat\/wp-content\/uploads\/WhatsApp-Image-2025-10-28-at-08.35.15-1-1536x1025.jpeg 1536w, https:\/\/www.sindicaturabarcelona.cat\/wp-content\/uploads\/WhatsApp-Image-2025-10-28-at-08.35.15-1.jpeg 2048w\" sizes=\"auto, (max-width: 1200px) 100vw, 1200px\" \/><\/figure>\n\n\n\n<figure class=\"wp-block-image size-large\"><img loading=\"lazy\" decoding=\"async\" width=\"1200\" height=\"800\" data-id=\"39936\" src=\"https:\/\/www.sindicaturabarcelona.cat\/wp-content\/uploads\/WhatsApp-Image-2025-10-28-at-08.35.16-1-1200x800.jpeg\" alt=\"\" class=\"wp-image-39936\" srcset=\"https:\/\/www.sindicaturabarcelona.cat\/wp-content\/uploads\/WhatsApp-Image-2025-10-28-at-08.35.16-1-1200x800.jpeg 1200w, https:\/\/www.sindicaturabarcelona.cat\/wp-content\/uploads\/WhatsApp-Image-2025-10-28-at-08.35.16-1-800x533.jpeg 800w, https:\/\/www.sindicaturabarcelona.cat\/wp-content\/uploads\/WhatsApp-Image-2025-10-28-at-08.35.16-1-768x512.jpeg 768w, https:\/\/www.sindicaturabarcelona.cat\/wp-content\/uploads\/WhatsApp-Image-2025-10-28-at-08.35.16-1-1536x1025.jpeg 1536w, https:\/\/www.sindicaturabarcelona.cat\/wp-content\/uploads\/WhatsApp-Image-2025-10-28-at-08.35.16-1.jpeg 2048w\" sizes=\"auto, (max-width: 1200px) 100vw, 1200px\" \/><\/figure>\n\n\n\n<figure class=\"wp-block-image size-large\"><img loading=\"lazy\" decoding=\"async\" width=\"1200\" height=\"800\" data-id=\"39948\" src=\"https:\/\/www.sindicaturabarcelona.cat\/wp-content\/uploads\/WhatsApp-Image-2025-10-28-at-08.35.16-2-1200x800.jpeg\" alt=\"\" class=\"wp-image-39948\" srcset=\"https:\/\/www.sindicaturabarcelona.cat\/wp-content\/uploads\/WhatsApp-Image-2025-10-28-at-08.35.16-2-1200x800.jpeg 1200w, https:\/\/www.sindicaturabarcelona.cat\/wp-content\/uploads\/WhatsApp-Image-2025-10-28-at-08.35.16-2-800x533.jpeg 800w, https:\/\/www.sindicaturabarcelona.cat\/wp-content\/uploads\/WhatsApp-Image-2025-10-28-at-08.35.16-2-768x512.jpeg 768w, https:\/\/www.sindicaturabarcelona.cat\/wp-content\/uploads\/WhatsApp-Image-2025-10-28-at-08.35.16-2-1536x1025.jpeg 1536w, https:\/\/www.sindicaturabarcelona.cat\/wp-content\/uploads\/WhatsApp-Image-2025-10-28-at-08.35.16-2.jpeg 2048w\" sizes=\"auto, (max-width: 1200px) 100vw, 1200px\" \/><\/figure>\n<\/figure>\n\n\n\n<p><\/p>\n","protected":false},"excerpt":{"rendered":"<p>David Bondia ha pronunciat una confer\u00e8ncia aquest dilluns, 27 d&#8217;octubre, a Medell\u00edn, amb el t\u00edtol \u201cCom construir pau en temps convulsos: el dret hum\u00e0 a la pau\u201d. El s\u00edndic ha [&hellip;]<\/p>\n","protected":false},"author":2,"featured_media":39930,"comment_status":"closed","ping_status":"closed","sticky":false,"template":"","format":"standard","meta":{"_acf_changed":false,"footnotes":""},"tags":[],"drets":[1428,1463,1430,1431,1432,1433,1434,1435,1436,1437,1442,1462,1461,1460,1459,1458,1457,1503,1440,1455,1456,1454,1453,1452,1451,1647,1652,1667,1438,1450,1449,1448,1447,1446,1445,1444,1502],"class_list":["post-39922","post","type-post","status-publish","format-standard","has-post-thumbnail","hentry","drets-ciutat-equitativa","drets-dret-serveis-proteccio-social","drets-dret-a-educacio-i-lleure","drets-dret-a-la-salut","drets-drets-culturals","drets-dret-a-lesport","drets-dret-al-treball","drets-dret-a-lhabitatge","drets-drets-dacolldia","drets-dret-a-una-vida-lliure-de-violencies","drets-ciutat-diversa","drets-drets-de-la-infancia-i-ladolescencia","drets-drets-de-la-joventut","drets-drets-de-la-gent-gran","drets-drets-de-participacio","drets-dret-a-la-igualtat-i-a-la-diversitat","drets-drets-linguistics","drets-dret-a-les-cures","drets-ciutat-garantista","drets-drets-digitals","drets-dret-a-una-bona-administracio","drets-drets-de-les-persones-consumidores","drets-drets-funeraris","drets-dret-a-la-seguretat-ciutadana","drets-dret-a-lempadronament","drets-dret-a-la-informacio","drets-dret-a-la-memoria-democratica","drets-dret-a-la-integritat","drets-ciutat-habitable-i-sostenible","drets-dret-a-un-urbanisme-harmonios","drets-dret-a-una-convivencia-pacifica","drets-dret-al-medi-ambient","drets-dret-a-la-mobilitat","drets-dret-a-lespai-public","drets-dret-a-laccessibilitat-i-la-inclusivitat","drets-dret-al-descans","drets-dret-al-benestar-animal"],"acf":[],"yoast_head":"<!-- This site is optimized with the Yoast SEO plugin v27.5 - https:\/\/yoast.com\/product\/yoast-seo-wordpress\/ -->\n<title>&quot;Com construir la pau en temps convulsos&quot;, la confer\u00e8ncia del s\u00edndic a la Cort Suprema de Just\u00edcia de Col\u00f2mbia - Sindicatura de Greuges de Barcelona<\/title>\n<meta name=\"description\" content=\"David Bondia ha pronunciat una confer\u00e8ncia aquest dilluns, 27 d&#039;octubre, a la Cort Suprema de Just\u00edcia de Col\u00f2mbia.\" \/>\n<meta name=\"robots\" content=\"index, follow, max-snippet:-1, max-image-preview:large, max-video-preview:-1\" \/>\n<link rel=\"canonical\" href=\"https:\/\/www.sindicaturabarcelona.cat\/ca\/com-construir-la-pau-en-temps-combulsos-la-conferencia-del-sindic-a-la-cort-suprema-de-justicia-de-colombia\/\" \/>\n<meta property=\"og:locale\" content=\"ca_ES\" \/>\n<meta property=\"og:type\" content=\"article\" \/>\n<meta property=\"og:title\" content=\"&quot;Com construir la pau en temps convulsos&quot;, la confer\u00e8ncia del s\u00edndic a la Cort Suprema de Just\u00edcia de Col\u00f2mbia - Sindicatura de Greuges de Barcelona\" \/>\n<meta property=\"og:description\" content=\"David Bondia ha pronunciat una confer\u00e8ncia aquest dilluns, 27 d&#039;octubre, a la Cort Suprema de Just\u00edcia de Col\u00f2mbia.\" \/>\n<meta property=\"og:url\" content=\"https:\/\/www.sindicaturabarcelona.cat\/ca\/com-construir-la-pau-en-temps-combulsos-la-conferencia-del-sindic-a-la-cort-suprema-de-justicia-de-colombia\/\" \/>\n<meta property=\"og:site_name\" content=\"Sindicatura de Greuges de Barcelona\" \/>\n<meta property=\"article:published_time\" content=\"2025-10-28T10:14:54+00:00\" \/>\n<meta property=\"article:modified_time\" content=\"2025-10-29T10:30:02+00:00\" \/>\n<meta property=\"og:image\" content=\"https:\/\/www.sindicaturabarcelona.cat\/wp-content\/uploads\/WhatsApp-Image-2025-10-28-at-08.35.16.jpeg\" \/>\n\t<meta property=\"og:image:width\" content=\"2048\" \/>\n\t<meta property=\"og:image:height\" content=\"1366\" \/>\n\t<meta property=\"og:image:type\" content=\"image\/jpeg\" \/>\n<meta name=\"author\" content=\"Pablo\" \/>\n<meta name=\"twitter:card\" content=\"summary_large_image\" \/>\n<meta name=\"twitter:creator\" content=\"@sindicbarcelona\" \/>\n<meta name=\"twitter:site\" content=\"@sindicbarcelona\" \/>\n<meta name=\"twitter:label1\" content=\"Escrit per\" \/>\n\t<meta name=\"twitter:data1\" content=\"Pablo\" \/>\n\t<meta name=\"twitter:label2\" content=\"Temps estimat de lectura\" \/>\n\t<meta name=\"twitter:data2\" content=\"3 minuts\" \/>\n<script type=\"application\/ld+json\" class=\"yoast-schema-graph\">{\"@context\":\"https:\\\/\\\/schema.org\",\"@graph\":[{\"@type\":\"Article\",\"@id\":\"https:\\\/\\\/www.sindicaturabarcelona.cat\\\/ca\\\/com-construir-la-pau-en-temps-combulsos-la-conferencia-del-sindic-a-la-cort-suprema-de-justicia-de-colombia\\\/#article\",\"isPartOf\":{\"@id\":\"https:\\\/\\\/www.sindicaturabarcelona.cat\\\/ca\\\/com-construir-la-pau-en-temps-combulsos-la-conferencia-del-sindic-a-la-cort-suprema-de-justicia-de-colombia\\\/\"},\"author\":{\"name\":\"Pablo\",\"@id\":\"https:\\\/\\\/www.sindicaturabarcelona.cat\\\/ca\\\/#\\\/schema\\\/person\\\/0e5acffc350ffdbc97578159322c9452\"},\"headline\":\"&#8220;Com construir la pau en temps convulsos&#8221;, la confer\u00e8ncia del s\u00edndic a la Cort Suprema de Just\u00edcia de Col\u00f2mbia\",\"datePublished\":\"2025-10-28T10:14:54+00:00\",\"dateModified\":\"2025-10-29T10:30:02+00:00\",\"mainEntityOfPage\":{\"@id\":\"https:\\\/\\\/www.sindicaturabarcelona.cat\\\/ca\\\/com-construir-la-pau-en-temps-combulsos-la-conferencia-del-sindic-a-la-cort-suprema-de-justicia-de-colombia\\\/\"},\"wordCount\":273,\"publisher\":{\"@id\":\"https:\\\/\\\/www.sindicaturabarcelona.cat\\\/ca\\\/#organization\"},\"image\":{\"@id\":\"https:\\\/\\\/www.sindicaturabarcelona.cat\\\/ca\\\/com-construir-la-pau-en-temps-combulsos-la-conferencia-del-sindic-a-la-cort-suprema-de-justicia-de-colombia\\\/#primaryimage\"},\"thumbnailUrl\":\"https:\\\/\\\/www.sindicaturabarcelona.cat\\\/wp-content\\\/uploads\\\/WhatsApp-Image-2025-10-28-at-08.35.16.jpeg\",\"inLanguage\":\"ca\"},{\"@type\":\"WebPage\",\"@id\":\"https:\\\/\\\/www.sindicaturabarcelona.cat\\\/ca\\\/com-construir-la-pau-en-temps-combulsos-la-conferencia-del-sindic-a-la-cort-suprema-de-justicia-de-colombia\\\/\",\"url\":\"https:\\\/\\\/www.sindicaturabarcelona.cat\\\/ca\\\/com-construir-la-pau-en-temps-combulsos-la-conferencia-del-sindic-a-la-cort-suprema-de-justicia-de-colombia\\\/\",\"name\":\"\\\"Com construir la pau en temps convulsos\\\", la confer\u00e8ncia del s\u00edndic a la Cort Suprema de Just\u00edcia de Col\u00f2mbia - Sindicatura de Greuges de Barcelona\",\"isPartOf\":{\"@id\":\"https:\\\/\\\/www.sindicaturabarcelona.cat\\\/ca\\\/#website\"},\"primaryImageOfPage\":{\"@id\":\"https:\\\/\\\/www.sindicaturabarcelona.cat\\\/ca\\\/com-construir-la-pau-en-temps-combulsos-la-conferencia-del-sindic-a-la-cort-suprema-de-justicia-de-colombia\\\/#primaryimage\"},\"image\":{\"@id\":\"https:\\\/\\\/www.sindicaturabarcelona.cat\\\/ca\\\/com-construir-la-pau-en-temps-combulsos-la-conferencia-del-sindic-a-la-cort-suprema-de-justicia-de-colombia\\\/#primaryimage\"},\"thumbnailUrl\":\"https:\\\/\\\/www.sindicaturabarcelona.cat\\\/wp-content\\\/uploads\\\/WhatsApp-Image-2025-10-28-at-08.35.16.jpeg\",\"datePublished\":\"2025-10-28T10:14:54+00:00\",\"dateModified\":\"2025-10-29T10:30:02+00:00\",\"description\":\"David Bondia ha pronunciat una confer\u00e8ncia aquest dilluns, 27 d'octubre, a la Cort Suprema de Just\u00edcia de Col\u00f2mbia.\",\"breadcrumb\":{\"@id\":\"https:\\\/\\\/www.sindicaturabarcelona.cat\\\/ca\\\/com-construir-la-pau-en-temps-combulsos-la-conferencia-del-sindic-a-la-cort-suprema-de-justicia-de-colombia\\\/#breadcrumb\"},\"inLanguage\":\"ca\",\"potentialAction\":[{\"@type\":\"ReadAction\",\"target\":[\"https:\\\/\\\/www.sindicaturabarcelona.cat\\\/ca\\\/com-construir-la-pau-en-temps-combulsos-la-conferencia-del-sindic-a-la-cort-suprema-de-justicia-de-colombia\\\/\"]}]},{\"@type\":\"ImageObject\",\"inLanguage\":\"ca\",\"@id\":\"https:\\\/\\\/www.sindicaturabarcelona.cat\\\/ca\\\/com-construir-la-pau-en-temps-combulsos-la-conferencia-del-sindic-a-la-cort-suprema-de-justicia-de-colombia\\\/#primaryimage\",\"url\":\"https:\\\/\\\/www.sindicaturabarcelona.cat\\\/wp-content\\\/uploads\\\/WhatsApp-Image-2025-10-28-at-08.35.16.jpeg\",\"contentUrl\":\"https:\\\/\\\/www.sindicaturabarcelona.cat\\\/wp-content\\\/uploads\\\/WhatsApp-Image-2025-10-28-at-08.35.16.jpeg\",\"width\":2048,\"height\":1366},{\"@type\":\"BreadcrumbList\",\"@id\":\"https:\\\/\\\/www.sindicaturabarcelona.cat\\\/ca\\\/com-construir-la-pau-en-temps-combulsos-la-conferencia-del-sindic-a-la-cort-suprema-de-justicia-de-colombia\\\/#breadcrumb\",\"itemListElement\":[{\"@type\":\"ListItem\",\"position\":1,\"name\":\"Inici\",\"item\":\"https:\\\/\\\/www.sindicaturabarcelona.cat\\\/ca\\\/\"},{\"@type\":\"ListItem\",\"position\":2,\"name\":\"&#8220;Com construir la pau en temps convulsos&#8221;, la confer\u00e8ncia del s\u00edndic a la Cort Suprema de Just\u00edcia de Col\u00f2mbia\"}]},{\"@type\":\"WebSite\",\"@id\":\"https:\\\/\\\/www.sindicaturabarcelona.cat\\\/ca\\\/#website\",\"url\":\"https:\\\/\\\/www.sindicaturabarcelona.cat\\\/ca\\\/\",\"name\":\"Sindicatura de Greuges de Barcelona\",\"description\":\"La defensoria dels teus drets\",\"publisher\":{\"@id\":\"https:\\\/\\\/www.sindicaturabarcelona.cat\\\/ca\\\/#organization\"},\"potentialAction\":[{\"@type\":\"SearchAction\",\"target\":{\"@type\":\"EntryPoint\",\"urlTemplate\":\"https:\\\/\\\/www.sindicaturabarcelona.cat\\\/ca\\\/?s={search_term_string}\"},\"query-input\":{\"@type\":\"PropertyValueSpecification\",\"valueRequired\":true,\"valueName\":\"search_term_string\"}}],\"inLanguage\":\"ca\"},{\"@type\":\"Organization\",\"@id\":\"https:\\\/\\\/www.sindicaturabarcelona.cat\\\/ca\\\/#organization\",\"name\":\"Sindicatura de Greuges de Barcelona\",\"url\":\"https:\\\/\\\/www.sindicaturabarcelona.cat\\\/ca\\\/\",\"logo\":{\"@type\":\"ImageObject\",\"inLanguage\":\"ca\",\"@id\":\"https:\\\/\\\/www.sindicaturabarcelona.cat\\\/ca\\\/#\\\/schema\\\/logo\\\/image\\\/\",\"url\":\"https:\\\/\\\/www.sindicaturabarcelona.cat\\\/wp-content\\\/uploads\\\/2023\\\/02\\\/logo_sindicatura.svg\",\"contentUrl\":\"https:\\\/\\\/www.sindicaturabarcelona.cat\\\/wp-content\\\/uploads\\\/2023\\\/02\\\/logo_sindicatura.svg\",\"caption\":\"Sindicatura de Greuges de Barcelona\"},\"image\":{\"@id\":\"https:\\\/\\\/www.sindicaturabarcelona.cat\\\/ca\\\/#\\\/schema\\\/logo\\\/image\\\/\"},\"sameAs\":[\"https:\\\/\\\/x.com\\\/sindicbarcelona\",\"https:\\\/\\\/www.instagram.com\\\/sindicbarcelona\\\/\",\"https:\\\/\\\/www.tiktok.com\\\/@sindicaturabcn\",\"https:\\\/\\\/t.me\\\/sindicaturabarcelona\"]},{\"@type\":\"Person\",\"@id\":\"https:\\\/\\\/www.sindicaturabarcelona.cat\\\/ca\\\/#\\\/schema\\\/person\\\/0e5acffc350ffdbc97578159322c9452\",\"name\":\"Pablo\",\"image\":{\"@type\":\"ImageObject\",\"inLanguage\":\"ca\",\"@id\":\"https:\\\/\\\/secure.gravatar.com\\\/avatar\\\/c948169b402ef9492afde705c3dfd5e90e1a6a84ef6840a91124f805a25a480f?s=96&d=mm&r=g\",\"url\":\"https:\\\/\\\/secure.gravatar.com\\\/avatar\\\/c948169b402ef9492afde705c3dfd5e90e1a6a84ef6840a91124f805a25a480f?s=96&d=mm&r=g\",\"contentUrl\":\"https:\\\/\\\/secure.gravatar.com\\\/avatar\\\/c948169b402ef9492afde705c3dfd5e90e1a6a84ef6840a91124f805a25a480f?s=96&d=mm&r=g\",\"caption\":\"Pablo\"},\"url\":\"https:\\\/\\\/www.sindicaturabarcelona.cat\\\/ca\\\/author\\\/pablo\\\/\"}]}<\/script>\n<!-- \/ Yoast SEO plugin. -->","yoast_head_json":{"title":"\"Com construir la pau en temps convulsos\", la confer\u00e8ncia del s\u00edndic a la Cort Suprema de Just\u00edcia de Col\u00f2mbia - Sindicatura de Greuges de Barcelona","description":"David Bondia ha pronunciat una confer\u00e8ncia aquest dilluns, 27 d'octubre, a la Cort Suprema de Just\u00edcia de Col\u00f2mbia.","robots":{"index":"index","follow":"follow","max-snippet":"max-snippet:-1","max-image-preview":"max-image-preview:large","max-video-preview":"max-video-preview:-1"},"canonical":"https:\/\/www.sindicaturabarcelona.cat\/ca\/com-construir-la-pau-en-temps-combulsos-la-conferencia-del-sindic-a-la-cort-suprema-de-justicia-de-colombia\/","og_locale":"ca_ES","og_type":"article","og_title":"\"Com construir la pau en temps convulsos\", la confer\u00e8ncia del s\u00edndic a la Cort Suprema de Just\u00edcia de Col\u00f2mbia - Sindicatura de Greuges de Barcelona","og_description":"David Bondia ha pronunciat una confer\u00e8ncia aquest dilluns, 27 d'octubre, a la Cort Suprema de Just\u00edcia de Col\u00f2mbia.","og_url":"https:\/\/www.sindicaturabarcelona.cat\/ca\/com-construir-la-pau-en-temps-combulsos-la-conferencia-del-sindic-a-la-cort-suprema-de-justicia-de-colombia\/","og_site_name":"Sindicatura de Greuges de Barcelona","article_published_time":"2025-10-28T10:14:54+00:00","article_modified_time":"2025-10-29T10:30:02+00:00","og_image":[{"width":2048,"height":1366,"url":"https:\/\/www.sindicaturabarcelona.cat\/wp-content\/uploads\/WhatsApp-Image-2025-10-28-at-08.35.16.jpeg","type":"image\/jpeg"}],"author":"Pablo","twitter_card":"summary_large_image","twitter_creator":"@sindicbarcelona","twitter_site":"@sindicbarcelona","twitter_misc":{"Escrit per":"Pablo","Temps estimat de lectura":"3 minuts"},"schema":{"@context":"https:\/\/schema.org","@graph":[{"@type":"Article","@id":"https:\/\/www.sindicaturabarcelona.cat\/ca\/com-construir-la-pau-en-temps-combulsos-la-conferencia-del-sindic-a-la-cort-suprema-de-justicia-de-colombia\/#article","isPartOf":{"@id":"https:\/\/www.sindicaturabarcelona.cat\/ca\/com-construir-la-pau-en-temps-combulsos-la-conferencia-del-sindic-a-la-cort-suprema-de-justicia-de-colombia\/"},"author":{"name":"Pablo","@id":"https:\/\/www.sindicaturabarcelona.cat\/ca\/#\/schema\/person\/0e5acffc350ffdbc97578159322c9452"},"headline":"&#8220;Com construir la pau en temps convulsos&#8221;, la confer\u00e8ncia del s\u00edndic a la Cort Suprema de Just\u00edcia de Col\u00f2mbia","datePublished":"2025-10-28T10:14:54+00:00","dateModified":"2025-10-29T10:30:02+00:00","mainEntityOfPage":{"@id":"https:\/\/www.sindicaturabarcelona.cat\/ca\/com-construir-la-pau-en-temps-combulsos-la-conferencia-del-sindic-a-la-cort-suprema-de-justicia-de-colombia\/"},"wordCount":273,"publisher":{"@id":"https:\/\/www.sindicaturabarcelona.cat\/ca\/#organization"},"image":{"@id":"https:\/\/www.sindicaturabarcelona.cat\/ca\/com-construir-la-pau-en-temps-combulsos-la-conferencia-del-sindic-a-la-cort-suprema-de-justicia-de-colombia\/#primaryimage"},"thumbnailUrl":"https:\/\/www.sindicaturabarcelona.cat\/wp-content\/uploads\/WhatsApp-Image-2025-10-28-at-08.35.16.jpeg","inLanguage":"ca"},{"@type":"WebPage","@id":"https:\/\/www.sindicaturabarcelona.cat\/ca\/com-construir-la-pau-en-temps-combulsos-la-conferencia-del-sindic-a-la-cort-suprema-de-justicia-de-colombia\/","url":"https:\/\/www.sindicaturabarcelona.cat\/ca\/com-construir-la-pau-en-temps-combulsos-la-conferencia-del-sindic-a-la-cort-suprema-de-justicia-de-colombia\/","name":"\"Com construir la pau en temps convulsos\", la confer\u00e8ncia del s\u00edndic a la Cort Suprema de Just\u00edcia de Col\u00f2mbia - Sindicatura de Greuges de Barcelona","isPartOf":{"@id":"https:\/\/www.sindicaturabarcelona.cat\/ca\/#website"},"primaryImageOfPage":{"@id":"https:\/\/www.sindicaturabarcelona.cat\/ca\/com-construir-la-pau-en-temps-combulsos-la-conferencia-del-sindic-a-la-cort-suprema-de-justicia-de-colombia\/#primaryimage"},"image":{"@id":"https:\/\/www.sindicaturabarcelona.cat\/ca\/com-construir-la-pau-en-temps-combulsos-la-conferencia-del-sindic-a-la-cort-suprema-de-justicia-de-colombia\/#primaryimage"},"thumbnailUrl":"https:\/\/www.sindicaturabarcelona.cat\/wp-content\/uploads\/WhatsApp-Image-2025-10-28-at-08.35.16.jpeg","datePublished":"2025-10-28T10:14:54+00:00","dateModified":"2025-10-29T10:30:02+00:00","description":"David Bondia ha pronunciat una confer\u00e8ncia aquest dilluns, 27 d'octubre, a la Cort Suprema de Just\u00edcia de Col\u00f2mbia.","breadcrumb":{"@id":"https:\/\/www.sindicaturabarcelona.cat\/ca\/com-construir-la-pau-en-temps-combulsos-la-conferencia-del-sindic-a-la-cort-suprema-de-justicia-de-colombia\/#breadcrumb"},"inLanguage":"ca","potentialAction":[{"@type":"ReadAction","target":["https:\/\/www.sindicaturabarcelona.cat\/ca\/com-construir-la-pau-en-temps-combulsos-la-conferencia-del-sindic-a-la-cort-suprema-de-justicia-de-colombia\/"]}]},{"@type":"ImageObject","inLanguage":"ca","@id":"https:\/\/www.sindicaturabarcelona.cat\/ca\/com-construir-la-pau-en-temps-combulsos-la-conferencia-del-sindic-a-la-cort-suprema-de-justicia-de-colombia\/#primaryimage","url":"https:\/\/www.sindicaturabarcelona.cat\/wp-content\/uploads\/WhatsApp-Image-2025-10-28-at-08.35.16.jpeg","contentUrl":"https:\/\/www.sindicaturabarcelona.cat\/wp-content\/uploads\/WhatsApp-Image-2025-10-28-at-08.35.16.jpeg","width":2048,"height":1366},{"@type":"BreadcrumbList","@id":"https:\/\/www.sindicaturabarcelona.cat\/ca\/com-construir-la-pau-en-temps-combulsos-la-conferencia-del-sindic-a-la-cort-suprema-de-justicia-de-colombia\/#breadcrumb","itemListElement":[{"@type":"ListItem","position":1,"name":"Inici","item":"https:\/\/www.sindicaturabarcelona.cat\/ca\/"},{"@type":"ListItem","position":2,"name":"&#8220;Com construir la pau en temps convulsos&#8221;, la confer\u00e8ncia del s\u00edndic a la Cort Suprema de Just\u00edcia de Col\u00f2mbia"}]},{"@type":"WebSite","@id":"https:\/\/www.sindicaturabarcelona.cat\/ca\/#website","url":"https:\/\/www.sindicaturabarcelona.cat\/ca\/","name":"Sindicatura de Greuges de Barcelona","description":"La defensoria dels teus drets","publisher":{"@id":"https:\/\/www.sindicaturabarcelona.cat\/ca\/#organization"},"potentialAction":[{"@type":"SearchAction","target":{"@type":"EntryPoint","urlTemplate":"https:\/\/www.sindicaturabarcelona.cat\/ca\/?s={search_term_string}"},"query-input":{"@type":"PropertyValueSpecification","valueRequired":true,"valueName":"search_term_string"}}],"inLanguage":"ca"},{"@type":"Organization","@id":"https:\/\/www.sindicaturabarcelona.cat\/ca\/#organization","name":"Sindicatura de Greuges de Barcelona","url":"https:\/\/www.sindicaturabarcelona.cat\/ca\/","logo":{"@type":"ImageObject","inLanguage":"ca","@id":"https:\/\/www.sindicaturabarcelona.cat\/ca\/#\/schema\/logo\/image\/","url":"https:\/\/www.sindicaturabarcelona.cat\/wp-content\/uploads\/2023\/02\/logo_sindicatura.svg","contentUrl":"https:\/\/www.sindicaturabarcelona.cat\/wp-content\/uploads\/2023\/02\/logo_sindicatura.svg","caption":"Sindicatura de Greuges de Barcelona"},"image":{"@id":"https:\/\/www.sindicaturabarcelona.cat\/ca\/#\/schema\/logo\/image\/"},"sameAs":["https:\/\/x.com\/sindicbarcelona","https:\/\/www.instagram.com\/sindicbarcelona\/","https:\/\/www.tiktok.com\/@sindicaturabcn","https:\/\/t.me\/sindicaturabarcelona"]},{"@type":"Person","@id":"https:\/\/www.sindicaturabarcelona.cat\/ca\/#\/schema\/person\/0e5acffc350ffdbc97578159322c9452","name":"Pablo","image":{"@type":"ImageObject","inLanguage":"ca","@id":"https:\/\/secure.gravatar.com\/avatar\/c948169b402ef9492afde705c3dfd5e90e1a6a84ef6840a91124f805a25a480f?s=96&d=mm&r=g","url":"https:\/\/secure.gravatar.com\/avatar\/c948169b402ef9492afde705c3dfd5e90e1a6a84ef6840a91124f805a25a480f?s=96&d=mm&r=g","contentUrl":"https:\/\/secure.gravatar.com\/avatar\/c948169b402ef9492afde705c3dfd5e90e1a6a84ef6840a91124f805a25a480f?s=96&d=mm&r=g","caption":"Pablo"},"url":"https:\/\/www.sindicaturabarcelona.cat\/ca\/author\/pablo\/"}]}},"_links":{"self":[{"href":"https:\/\/www.sindicaturabarcelona.cat\/ca\/wp-json\/wp\/v2\/posts\/39922","targetHints":{"allow":["GET"]}}],"collection":[{"href":"https:\/\/www.sindicaturabarcelona.cat\/ca\/wp-json\/wp\/v2\/posts"}],"about":[{"href":"https:\/\/www.sindicaturabarcelona.cat\/ca\/wp-json\/wp\/v2\/types\/post"}],"author":[{"embeddable":true,"href":"https:\/\/www.sindicaturabarcelona.cat\/ca\/wp-json\/wp\/v2\/users\/2"}],"replies":[{"embeddable":true,"href":"https:\/\/www.sindicaturabarcelona.cat\/ca\/wp-json\/wp\/v2\/comments?post=39922"}],"version-history":[{"count":6,"href":"https:\/\/www.sindicaturabarcelona.cat\/ca\/wp-json\/wp\/v2\/posts\/39922\/revisions"}],"predecessor-version":[{"id":39971,"href":"https:\/\/www.sindicaturabarcelona.cat\/ca\/wp-json\/wp\/v2\/posts\/39922\/revisions\/39971"}],"wp:featuredmedia":[{"embeddable":true,"href":"https:\/\/www.sindicaturabarcelona.cat\/ca\/wp-json\/wp\/v2\/media\/39930"}],"wp:attachment":[{"href":"https:\/\/www.sindicaturabarcelona.cat\/ca\/wp-json\/wp\/v2\/media?parent=39922"}],"wp:term":[{"taxonomy":"post_tag","embeddable":true,"href":"https:\/\/www.sindicaturabarcelona.cat\/ca\/wp-json\/wp\/v2\/tags?post=39922"},{"taxonomy":"drets","embeddable":true,"href":"https:\/\/www.sindicaturabarcelona.cat\/ca\/wp-json\/wp\/v2\/drets?post=39922"}],"curies":[{"name":"wp","href":"https:\/\/api.w.org\/{rel}","templated":true}]}}