{"id":39854,"date":"2025-10-22T08:20:02","date_gmt":"2025-10-22T06:20:02","guid":{"rendered":"https:\/\/www.sindicaturabarcelona.cat\/?p=39854"},"modified":"2025-10-22T09:55:56","modified_gmt":"2025-10-22T07:55:56","slug":"la-sindicatura-de-greuges-de-barcelona-ja-ha-iniciat-el-proces-de-mediacio-per-garantir-una-solucio-dialogada-en-el-cas-de-les-finques-municipals-de-vallcarca","status":"publish","type":"post","link":"https:\/\/www.sindicaturabarcelona.cat\/ca\/la-sindicatura-de-greuges-de-barcelona-ja-ha-iniciat-el-proces-de-mediacio-per-garantir-una-solucio-dialogada-en-el-cas-de-les-finques-municipals-de-vallcarca\/","title":{"rendered":"La Sindicatura ja ha iniciat el proc\u00e9s de mediaci\u00f3 per garantir una soluci\u00f3 dialogada en el cas de les finques municipals de Vallcarca"},"content":{"rendered":"\n<p>La defensoria de la ciutat ha decidit obrir aquest proc\u00e9s de mediaci\u00f3 despr\u00e9s de rebre la petici\u00f3 de l\u2019alcalde de Barcelona. Aquesta sol\u00b7licitud fa refer\u00e8ncia a diverses <strong>finques municipals del barri de Vallcarca, ubicades a l\u2019avinguda de Vallcarca, 83 \u2013 carrer de Bol\u00edvar, 48; a l\u2019avinguda de Vallcarca, 87 \u2013 carrer de Bol\u00edvar, 54; i, al carrer de Farigola, 3 \u2013 carrer de Cambrils, 1<\/strong>, pendents de desallotjament.<\/p>\n\n\n\n<p>L\u2019Ajuntament ha expressat la seva voluntat de promoure la millor soluci\u00f3 envers els afectats en relaci\u00f3 als drets que es deriven dels expedients administratius i ha demanat formalment al s\u00edndic la seva intervenci\u00f3 a fi i efecte de fomentar entre les parts un proc\u00e9s de mediaci\u00f3 en via administrativa.<\/p>\n\n\n\n<p>El s\u00edndic ha acceptat i ja ha comen\u00e7at converses per tal de promoure un proc\u00e9s de mediaci\u00f3 entre les parts implicades per intentar contribuir a una soluci\u00f3 consensuada per totes les parts.<\/p>\n\n\n\n<p>Durant el temps que duri la mediaci\u00f3 iniciada per la defensoria, no s\u2019executar\u00e0 cap desnonament dels ve\u00efns i ve\u00efnes de les finques afectades, amb l\u2019objectiu de garantir un marc de di\u00e0leg i confian\u00e7a m\u00fatua.<\/p>\n\n\n\n<p>Aquesta actuaci\u00f3 s\u2019inscriu en el comprom\u00eds de la Sindicatura de <strong>vetllar per l\u2019inter\u00e8s general i els drets i deures de la ciutadania, fomentant una resoluci\u00f3 dialogada dels reptes i problemes<\/strong> que afecten la conviv\u00e8ncia i la cohesi\u00f3 social a la ciutat.<\/p>\n","protected":false},"excerpt":{"rendered":"<p>La defensoria de la ciutat ha decidit obrir aquest proc\u00e9s de mediaci\u00f3 despr\u00e9s de rebre la petici\u00f3 de l\u2019alcalde de Barcelona. Aquesta sol\u00b7licitud fa refer\u00e8ncia a diverses finques municipals del [&hellip;]<\/p>\n","protected":false},"author":2,"featured_media":34408,"comment_status":"closed","ping_status":"closed","sticky":false,"template":"","format":"standard","meta":{"_acf_changed":false,"footnotes":""},"tags":[],"drets":[1428,1435,1438,1449,1447],"class_list":["post-39854","post","type-post","status-publish","format-standard","has-post-thumbnail","hentry","drets-ciutat-equitativa","drets-dret-a-lhabitatge","drets-ciutat-habitable-i-sostenible","drets-dret-a-una-convivencia-pacifica","drets-dret-a-la-mobilitat"],"acf":[],"yoast_head":"<!-- This site is optimized with the Yoast SEO plugin v27.5 - https:\/\/yoast.com\/product\/yoast-seo-wordpress\/ -->\n<title>La Sindicatura ja ha iniciat el proc\u00e9s de mediaci\u00f3 per garantir una soluci\u00f3 dialogada en el cas de les finques municipals de Vallcarca - Sindicatura de Greuges de Barcelona<\/title>\n<meta name=\"description\" content=\"La defensoria de la ciutat ha decidit obrir aquest proc\u00e9s de mediaci\u00f3 despr\u00e9s de rebre la petici\u00f3 de l\u2019alcalde de Barcelona.\" \/>\n<meta name=\"robots\" content=\"index, follow, max-snippet:-1, max-image-preview:large, max-video-preview:-1\" \/>\n<link rel=\"canonical\" href=\"https:\/\/www.sindicaturabarcelona.cat\/ca\/la-sindicatura-de-greuges-de-barcelona-ja-ha-iniciat-el-proces-de-mediacio-per-garantir-una-solucio-dialogada-en-el-cas-de-les-finques-municipals-de-vallcarca\/\" \/>\n<meta property=\"og:locale\" content=\"ca_ES\" \/>\n<meta property=\"og:type\" content=\"article\" \/>\n<meta property=\"og:title\" content=\"La Sindicatura ja ha iniciat el proc\u00e9s de mediaci\u00f3 per garantir una soluci\u00f3 dialogada en el cas de les finques municipals de Vallcarca - Sindicatura de Greuges de Barcelona\" \/>\n<meta property=\"og:description\" content=\"La defensoria de la ciutat ha decidit obrir aquest proc\u00e9s de mediaci\u00f3 despr\u00e9s de rebre la petici\u00f3 de l\u2019alcalde de Barcelona.\" \/>\n<meta property=\"og:url\" content=\"https:\/\/www.sindicaturabarcelona.cat\/ca\/la-sindicatura-de-greuges-de-barcelona-ja-ha-iniciat-el-proces-de-mediacio-per-garantir-una-solucio-dialogada-en-el-cas-de-les-finques-municipals-de-vallcarca\/\" \/>\n<meta property=\"og:site_name\" content=\"Sindicatura de Greuges de Barcelona\" \/>\n<meta property=\"article:published_time\" content=\"2025-10-22T06:20:02+00:00\" \/>\n<meta property=\"article:modified_time\" content=\"2025-10-22T07:55:56+00:00\" \/>\n<meta property=\"og:image\" content=\"https:\/\/www.sindicaturabarcelona.cat\/wp-content\/uploads\/vista-de-lavinguda-vallcarca-des-del.jpg\" \/>\n\t<meta property=\"og:image:width\" content=\"2000\" \/>\n\t<meta property=\"og:image:height\" content=\"1333\" \/>\n\t<meta property=\"og:image:type\" content=\"image\/jpeg\" \/>\n<meta name=\"author\" content=\"Pablo\" \/>\n<meta name=\"twitter:card\" content=\"summary_large_image\" \/>\n<meta name=\"twitter:creator\" content=\"@sindicbarcelona\" \/>\n<meta name=\"twitter:site\" content=\"@sindicbarcelona\" \/>\n<meta name=\"twitter:label1\" content=\"Escrit per\" \/>\n\t<meta name=\"twitter:data1\" content=\"Pablo\" \/>\n\t<meta name=\"twitter:label2\" content=\"Temps estimat de lectura\" \/>\n\t<meta name=\"twitter:data2\" content=\"2 minuts\" \/>\n<script type=\"application\/ld+json\" class=\"yoast-schema-graph\">{\"@context\":\"https:\\\/\\\/schema.org\",\"@graph\":[{\"@type\":\"Article\",\"@id\":\"https:\\\/\\\/www.sindicaturabarcelona.cat\\\/ca\\\/la-sindicatura-de-greuges-de-barcelona-ja-ha-iniciat-el-proces-de-mediacio-per-garantir-una-solucio-dialogada-en-el-cas-de-les-finques-municipals-de-vallcarca\\\/#article\",\"isPartOf\":{\"@id\":\"https:\\\/\\\/www.sindicaturabarcelona.cat\\\/ca\\\/la-sindicatura-de-greuges-de-barcelona-ja-ha-iniciat-el-proces-de-mediacio-per-garantir-una-solucio-dialogada-en-el-cas-de-les-finques-municipals-de-vallcarca\\\/\"},\"author\":{\"name\":\"Pablo\",\"@id\":\"https:\\\/\\\/www.sindicaturabarcelona.cat\\\/ca\\\/#\\\/schema\\\/person\\\/0e5acffc350ffdbc97578159322c9452\"},\"headline\":\"La Sindicatura ja ha iniciat el proc\u00e9s de mediaci\u00f3 per garantir una soluci\u00f3 dialogada en el cas de les finques municipals de Vallcarca\",\"datePublished\":\"2025-10-22T06:20:02+00:00\",\"dateModified\":\"2025-10-22T07:55:56+00:00\",\"mainEntityOfPage\":{\"@id\":\"https:\\\/\\\/www.sindicaturabarcelona.cat\\\/ca\\\/la-sindicatura-de-greuges-de-barcelona-ja-ha-iniciat-el-proces-de-mediacio-per-garantir-una-solucio-dialogada-en-el-cas-de-les-finques-municipals-de-vallcarca\\\/\"},\"wordCount\":266,\"publisher\":{\"@id\":\"https:\\\/\\\/www.sindicaturabarcelona.cat\\\/ca\\\/#organization\"},\"image\":{\"@id\":\"https:\\\/\\\/www.sindicaturabarcelona.cat\\\/ca\\\/la-sindicatura-de-greuges-de-barcelona-ja-ha-iniciat-el-proces-de-mediacio-per-garantir-una-solucio-dialogada-en-el-cas-de-les-finques-municipals-de-vallcarca\\\/#primaryimage\"},\"thumbnailUrl\":\"https:\\\/\\\/www.sindicaturabarcelona.cat\\\/wp-content\\\/uploads\\\/vista-de-lavinguda-vallcarca-des-del.jpg\",\"inLanguage\":\"ca\"},{\"@type\":\"WebPage\",\"@id\":\"https:\\\/\\\/www.sindicaturabarcelona.cat\\\/ca\\\/la-sindicatura-de-greuges-de-barcelona-ja-ha-iniciat-el-proces-de-mediacio-per-garantir-una-solucio-dialogada-en-el-cas-de-les-finques-municipals-de-vallcarca\\\/\",\"url\":\"https:\\\/\\\/www.sindicaturabarcelona.cat\\\/ca\\\/la-sindicatura-de-greuges-de-barcelona-ja-ha-iniciat-el-proces-de-mediacio-per-garantir-una-solucio-dialogada-en-el-cas-de-les-finques-municipals-de-vallcarca\\\/\",\"name\":\"La Sindicatura ja ha iniciat el proc\u00e9s de mediaci\u00f3 per garantir una soluci\u00f3 dialogada en el cas de les finques municipals de Vallcarca - Sindicatura de Greuges de Barcelona\",\"isPartOf\":{\"@id\":\"https:\\\/\\\/www.sindicaturabarcelona.cat\\\/ca\\\/#website\"},\"primaryImageOfPage\":{\"@id\":\"https:\\\/\\\/www.sindicaturabarcelona.cat\\\/ca\\\/la-sindicatura-de-greuges-de-barcelona-ja-ha-iniciat-el-proces-de-mediacio-per-garantir-una-solucio-dialogada-en-el-cas-de-les-finques-municipals-de-vallcarca\\\/#primaryimage\"},\"image\":{\"@id\":\"https:\\\/\\\/www.sindicaturabarcelona.cat\\\/ca\\\/la-sindicatura-de-greuges-de-barcelona-ja-ha-iniciat-el-proces-de-mediacio-per-garantir-una-solucio-dialogada-en-el-cas-de-les-finques-municipals-de-vallcarca\\\/#primaryimage\"},\"thumbnailUrl\":\"https:\\\/\\\/www.sindicaturabarcelona.cat\\\/wp-content\\\/uploads\\\/vista-de-lavinguda-vallcarca-des-del.jpg\",\"datePublished\":\"2025-10-22T06:20:02+00:00\",\"dateModified\":\"2025-10-22T07:55:56+00:00\",\"description\":\"La defensoria de la ciutat ha decidit obrir aquest proc\u00e9s de mediaci\u00f3 despr\u00e9s de rebre la petici\u00f3 de l\u2019alcalde de Barcelona.\",\"breadcrumb\":{\"@id\":\"https:\\\/\\\/www.sindicaturabarcelona.cat\\\/ca\\\/la-sindicatura-de-greuges-de-barcelona-ja-ha-iniciat-el-proces-de-mediacio-per-garantir-una-solucio-dialogada-en-el-cas-de-les-finques-municipals-de-vallcarca\\\/#breadcrumb\"},\"inLanguage\":\"ca\",\"potentialAction\":[{\"@type\":\"ReadAction\",\"target\":[\"https:\\\/\\\/www.sindicaturabarcelona.cat\\\/ca\\\/la-sindicatura-de-greuges-de-barcelona-ja-ha-iniciat-el-proces-de-mediacio-per-garantir-una-solucio-dialogada-en-el-cas-de-les-finques-municipals-de-vallcarca\\\/\"]}]},{\"@type\":\"ImageObject\",\"inLanguage\":\"ca\",\"@id\":\"https:\\\/\\\/www.sindicaturabarcelona.cat\\\/ca\\\/la-sindicatura-de-greuges-de-barcelona-ja-ha-iniciat-el-proces-de-mediacio-per-garantir-una-solucio-dialogada-en-el-cas-de-les-finques-municipals-de-vallcarca\\\/#primaryimage\",\"url\":\"https:\\\/\\\/www.sindicaturabarcelona.cat\\\/wp-content\\\/uploads\\\/vista-de-lavinguda-vallcarca-des-del.jpg\",\"contentUrl\":\"https:\\\/\\\/www.sindicaturabarcelona.cat\\\/wp-content\\\/uploads\\\/vista-de-lavinguda-vallcarca-des-del.jpg\",\"width\":2000,\"height\":1333},{\"@type\":\"BreadcrumbList\",\"@id\":\"https:\\\/\\\/www.sindicaturabarcelona.cat\\\/ca\\\/la-sindicatura-de-greuges-de-barcelona-ja-ha-iniciat-el-proces-de-mediacio-per-garantir-una-solucio-dialogada-en-el-cas-de-les-finques-municipals-de-vallcarca\\\/#breadcrumb\",\"itemListElement\":[{\"@type\":\"ListItem\",\"position\":1,\"name\":\"Inici\",\"item\":\"https:\\\/\\\/www.sindicaturabarcelona.cat\\\/ca\\\/\"},{\"@type\":\"ListItem\",\"position\":2,\"name\":\"La Sindicatura ja ha iniciat el proc\u00e9s de mediaci\u00f3 per garantir una soluci\u00f3 dialogada en el cas de les finques municipals de Vallcarca\"}]},{\"@type\":\"WebSite\",\"@id\":\"https:\\\/\\\/www.sindicaturabarcelona.cat\\\/ca\\\/#website\",\"url\":\"https:\\\/\\\/www.sindicaturabarcelona.cat\\\/ca\\\/\",\"name\":\"Sindicatura de Greuges de Barcelona\",\"description\":\"La defensoria dels teus drets\",\"publisher\":{\"@id\":\"https:\\\/\\\/www.sindicaturabarcelona.cat\\\/ca\\\/#organization\"},\"potentialAction\":[{\"@type\":\"SearchAction\",\"target\":{\"@type\":\"EntryPoint\",\"urlTemplate\":\"https:\\\/\\\/www.sindicaturabarcelona.cat\\\/ca\\\/?s={search_term_string}\"},\"query-input\":{\"@type\":\"PropertyValueSpecification\",\"valueRequired\":true,\"valueName\":\"search_term_string\"}}],\"inLanguage\":\"ca\"},{\"@type\":\"Organization\",\"@id\":\"https:\\\/\\\/www.sindicaturabarcelona.cat\\\/ca\\\/#organization\",\"name\":\"Sindicatura de Greuges de Barcelona\",\"url\":\"https:\\\/\\\/www.sindicaturabarcelona.cat\\\/ca\\\/\",\"logo\":{\"@type\":\"ImageObject\",\"inLanguage\":\"ca\",\"@id\":\"https:\\\/\\\/www.sindicaturabarcelona.cat\\\/ca\\\/#\\\/schema\\\/logo\\\/image\\\/\",\"url\":\"https:\\\/\\\/www.sindicaturabarcelona.cat\\\/wp-content\\\/uploads\\\/2023\\\/02\\\/logo_sindicatura.svg\",\"contentUrl\":\"https:\\\/\\\/www.sindicaturabarcelona.cat\\\/wp-content\\\/uploads\\\/2023\\\/02\\\/logo_sindicatura.svg\",\"caption\":\"Sindicatura de Greuges de Barcelona\"},\"image\":{\"@id\":\"https:\\\/\\\/www.sindicaturabarcelona.cat\\\/ca\\\/#\\\/schema\\\/logo\\\/image\\\/\"},\"sameAs\":[\"https:\\\/\\\/x.com\\\/sindicbarcelona\",\"https:\\\/\\\/www.instagram.com\\\/sindicbarcelona\\\/\",\"https:\\\/\\\/www.tiktok.com\\\/@sindicaturabcn\",\"https:\\\/\\\/t.me\\\/sindicaturabarcelona\"]},{\"@type\":\"Person\",\"@id\":\"https:\\\/\\\/www.sindicaturabarcelona.cat\\\/ca\\\/#\\\/schema\\\/person\\\/0e5acffc350ffdbc97578159322c9452\",\"name\":\"Pablo\",\"image\":{\"@type\":\"ImageObject\",\"inLanguage\":\"ca\",\"@id\":\"https:\\\/\\\/secure.gravatar.com\\\/avatar\\\/c948169b402ef9492afde705c3dfd5e90e1a6a84ef6840a91124f805a25a480f?s=96&d=mm&r=g\",\"url\":\"https:\\\/\\\/secure.gravatar.com\\\/avatar\\\/c948169b402ef9492afde705c3dfd5e90e1a6a84ef6840a91124f805a25a480f?s=96&d=mm&r=g\",\"contentUrl\":\"https:\\\/\\\/secure.gravatar.com\\\/avatar\\\/c948169b402ef9492afde705c3dfd5e90e1a6a84ef6840a91124f805a25a480f?s=96&d=mm&r=g\",\"caption\":\"Pablo\"},\"url\":\"https:\\\/\\\/www.sindicaturabarcelona.cat\\\/ca\\\/author\\\/pablo\\\/\"}]}<\/script>\n<!-- \/ Yoast SEO plugin. -->","yoast_head_json":{"title":"La Sindicatura ja ha iniciat el proc\u00e9s de mediaci\u00f3 per garantir una soluci\u00f3 dialogada en el cas de les finques municipals de Vallcarca - Sindicatura de Greuges de Barcelona","description":"La defensoria de la ciutat ha decidit obrir aquest proc\u00e9s de mediaci\u00f3 despr\u00e9s de rebre la petici\u00f3 de l\u2019alcalde de Barcelona.","robots":{"index":"index","follow":"follow","max-snippet":"max-snippet:-1","max-image-preview":"max-image-preview:large","max-video-preview":"max-video-preview:-1"},"canonical":"https:\/\/www.sindicaturabarcelona.cat\/ca\/la-sindicatura-de-greuges-de-barcelona-ja-ha-iniciat-el-proces-de-mediacio-per-garantir-una-solucio-dialogada-en-el-cas-de-les-finques-municipals-de-vallcarca\/","og_locale":"ca_ES","og_type":"article","og_title":"La Sindicatura ja ha iniciat el proc\u00e9s de mediaci\u00f3 per garantir una soluci\u00f3 dialogada en el cas de les finques municipals de Vallcarca - Sindicatura de Greuges de Barcelona","og_description":"La defensoria de la ciutat ha decidit obrir aquest proc\u00e9s de mediaci\u00f3 despr\u00e9s de rebre la petici\u00f3 de l\u2019alcalde de Barcelona.","og_url":"https:\/\/www.sindicaturabarcelona.cat\/ca\/la-sindicatura-de-greuges-de-barcelona-ja-ha-iniciat-el-proces-de-mediacio-per-garantir-una-solucio-dialogada-en-el-cas-de-les-finques-municipals-de-vallcarca\/","og_site_name":"Sindicatura de Greuges de Barcelona","article_published_time":"2025-10-22T06:20:02+00:00","article_modified_time":"2025-10-22T07:55:56+00:00","og_image":[{"width":2000,"height":1333,"url":"https:\/\/www.sindicaturabarcelona.cat\/wp-content\/uploads\/vista-de-lavinguda-vallcarca-des-del.jpg","type":"image\/jpeg"}],"author":"Pablo","twitter_card":"summary_large_image","twitter_creator":"@sindicbarcelona","twitter_site":"@sindicbarcelona","twitter_misc":{"Escrit per":"Pablo","Temps estimat de lectura":"2 minuts"},"schema":{"@context":"https:\/\/schema.org","@graph":[{"@type":"Article","@id":"https:\/\/www.sindicaturabarcelona.cat\/ca\/la-sindicatura-de-greuges-de-barcelona-ja-ha-iniciat-el-proces-de-mediacio-per-garantir-una-solucio-dialogada-en-el-cas-de-les-finques-municipals-de-vallcarca\/#article","isPartOf":{"@id":"https:\/\/www.sindicaturabarcelona.cat\/ca\/la-sindicatura-de-greuges-de-barcelona-ja-ha-iniciat-el-proces-de-mediacio-per-garantir-una-solucio-dialogada-en-el-cas-de-les-finques-municipals-de-vallcarca\/"},"author":{"name":"Pablo","@id":"https:\/\/www.sindicaturabarcelona.cat\/ca\/#\/schema\/person\/0e5acffc350ffdbc97578159322c9452"},"headline":"La Sindicatura ja ha iniciat el proc\u00e9s de mediaci\u00f3 per garantir una soluci\u00f3 dialogada en el cas de les finques municipals de Vallcarca","datePublished":"2025-10-22T06:20:02+00:00","dateModified":"2025-10-22T07:55:56+00:00","mainEntityOfPage":{"@id":"https:\/\/www.sindicaturabarcelona.cat\/ca\/la-sindicatura-de-greuges-de-barcelona-ja-ha-iniciat-el-proces-de-mediacio-per-garantir-una-solucio-dialogada-en-el-cas-de-les-finques-municipals-de-vallcarca\/"},"wordCount":266,"publisher":{"@id":"https:\/\/www.sindicaturabarcelona.cat\/ca\/#organization"},"image":{"@id":"https:\/\/www.sindicaturabarcelona.cat\/ca\/la-sindicatura-de-greuges-de-barcelona-ja-ha-iniciat-el-proces-de-mediacio-per-garantir-una-solucio-dialogada-en-el-cas-de-les-finques-municipals-de-vallcarca\/#primaryimage"},"thumbnailUrl":"https:\/\/www.sindicaturabarcelona.cat\/wp-content\/uploads\/vista-de-lavinguda-vallcarca-des-del.jpg","inLanguage":"ca"},{"@type":"WebPage","@id":"https:\/\/www.sindicaturabarcelona.cat\/ca\/la-sindicatura-de-greuges-de-barcelona-ja-ha-iniciat-el-proces-de-mediacio-per-garantir-una-solucio-dialogada-en-el-cas-de-les-finques-municipals-de-vallcarca\/","url":"https:\/\/www.sindicaturabarcelona.cat\/ca\/la-sindicatura-de-greuges-de-barcelona-ja-ha-iniciat-el-proces-de-mediacio-per-garantir-una-solucio-dialogada-en-el-cas-de-les-finques-municipals-de-vallcarca\/","name":"La Sindicatura ja ha iniciat el proc\u00e9s de mediaci\u00f3 per garantir una soluci\u00f3 dialogada en el cas de les finques municipals de Vallcarca - Sindicatura de Greuges de Barcelona","isPartOf":{"@id":"https:\/\/www.sindicaturabarcelona.cat\/ca\/#website"},"primaryImageOfPage":{"@id":"https:\/\/www.sindicaturabarcelona.cat\/ca\/la-sindicatura-de-greuges-de-barcelona-ja-ha-iniciat-el-proces-de-mediacio-per-garantir-una-solucio-dialogada-en-el-cas-de-les-finques-municipals-de-vallcarca\/#primaryimage"},"image":{"@id":"https:\/\/www.sindicaturabarcelona.cat\/ca\/la-sindicatura-de-greuges-de-barcelona-ja-ha-iniciat-el-proces-de-mediacio-per-garantir-una-solucio-dialogada-en-el-cas-de-les-finques-municipals-de-vallcarca\/#primaryimage"},"thumbnailUrl":"https:\/\/www.sindicaturabarcelona.cat\/wp-content\/uploads\/vista-de-lavinguda-vallcarca-des-del.jpg","datePublished":"2025-10-22T06:20:02+00:00","dateModified":"2025-10-22T07:55:56+00:00","description":"La defensoria de la ciutat ha decidit obrir aquest proc\u00e9s de mediaci\u00f3 despr\u00e9s de rebre la petici\u00f3 de l\u2019alcalde de Barcelona.","breadcrumb":{"@id":"https:\/\/www.sindicaturabarcelona.cat\/ca\/la-sindicatura-de-greuges-de-barcelona-ja-ha-iniciat-el-proces-de-mediacio-per-garantir-una-solucio-dialogada-en-el-cas-de-les-finques-municipals-de-vallcarca\/#breadcrumb"},"inLanguage":"ca","potentialAction":[{"@type":"ReadAction","target":["https:\/\/www.sindicaturabarcelona.cat\/ca\/la-sindicatura-de-greuges-de-barcelona-ja-ha-iniciat-el-proces-de-mediacio-per-garantir-una-solucio-dialogada-en-el-cas-de-les-finques-municipals-de-vallcarca\/"]}]},{"@type":"ImageObject","inLanguage":"ca","@id":"https:\/\/www.sindicaturabarcelona.cat\/ca\/la-sindicatura-de-greuges-de-barcelona-ja-ha-iniciat-el-proces-de-mediacio-per-garantir-una-solucio-dialogada-en-el-cas-de-les-finques-municipals-de-vallcarca\/#primaryimage","url":"https:\/\/www.sindicaturabarcelona.cat\/wp-content\/uploads\/vista-de-lavinguda-vallcarca-des-del.jpg","contentUrl":"https:\/\/www.sindicaturabarcelona.cat\/wp-content\/uploads\/vista-de-lavinguda-vallcarca-des-del.jpg","width":2000,"height":1333},{"@type":"BreadcrumbList","@id":"https:\/\/www.sindicaturabarcelona.cat\/ca\/la-sindicatura-de-greuges-de-barcelona-ja-ha-iniciat-el-proces-de-mediacio-per-garantir-una-solucio-dialogada-en-el-cas-de-les-finques-municipals-de-vallcarca\/#breadcrumb","itemListElement":[{"@type":"ListItem","position":1,"name":"Inici","item":"https:\/\/www.sindicaturabarcelona.cat\/ca\/"},{"@type":"ListItem","position":2,"name":"La Sindicatura ja ha iniciat el proc\u00e9s de mediaci\u00f3 per garantir una soluci\u00f3 dialogada en el cas de les finques municipals de Vallcarca"}]},{"@type":"WebSite","@id":"https:\/\/www.sindicaturabarcelona.cat\/ca\/#website","url":"https:\/\/www.sindicaturabarcelona.cat\/ca\/","name":"Sindicatura de Greuges de Barcelona","description":"La defensoria dels teus drets","publisher":{"@id":"https:\/\/www.sindicaturabarcelona.cat\/ca\/#organization"},"potentialAction":[{"@type":"SearchAction","target":{"@type":"EntryPoint","urlTemplate":"https:\/\/www.sindicaturabarcelona.cat\/ca\/?s={search_term_string}"},"query-input":{"@type":"PropertyValueSpecification","valueRequired":true,"valueName":"search_term_string"}}],"inLanguage":"ca"},{"@type":"Organization","@id":"https:\/\/www.sindicaturabarcelona.cat\/ca\/#organization","name":"Sindicatura de Greuges de Barcelona","url":"https:\/\/www.sindicaturabarcelona.cat\/ca\/","logo":{"@type":"ImageObject","inLanguage":"ca","@id":"https:\/\/www.sindicaturabarcelona.cat\/ca\/#\/schema\/logo\/image\/","url":"https:\/\/www.sindicaturabarcelona.cat\/wp-content\/uploads\/2023\/02\/logo_sindicatura.svg","contentUrl":"https:\/\/www.sindicaturabarcelona.cat\/wp-content\/uploads\/2023\/02\/logo_sindicatura.svg","caption":"Sindicatura de Greuges de Barcelona"},"image":{"@id":"https:\/\/www.sindicaturabarcelona.cat\/ca\/#\/schema\/logo\/image\/"},"sameAs":["https:\/\/x.com\/sindicbarcelona","https:\/\/www.instagram.com\/sindicbarcelona\/","https:\/\/www.tiktok.com\/@sindicaturabcn","https:\/\/t.me\/sindicaturabarcelona"]},{"@type":"Person","@id":"https:\/\/www.sindicaturabarcelona.cat\/ca\/#\/schema\/person\/0e5acffc350ffdbc97578159322c9452","name":"Pablo","image":{"@type":"ImageObject","inLanguage":"ca","@id":"https:\/\/secure.gravatar.com\/avatar\/c948169b402ef9492afde705c3dfd5e90e1a6a84ef6840a91124f805a25a480f?s=96&d=mm&r=g","url":"https:\/\/secure.gravatar.com\/avatar\/c948169b402ef9492afde705c3dfd5e90e1a6a84ef6840a91124f805a25a480f?s=96&d=mm&r=g","contentUrl":"https:\/\/secure.gravatar.com\/avatar\/c948169b402ef9492afde705c3dfd5e90e1a6a84ef6840a91124f805a25a480f?s=96&d=mm&r=g","caption":"Pablo"},"url":"https:\/\/www.sindicaturabarcelona.cat\/ca\/author\/pablo\/"}]}},"_links":{"self":[{"href":"https:\/\/www.sindicaturabarcelona.cat\/ca\/wp-json\/wp\/v2\/posts\/39854","targetHints":{"allow":["GET"]}}],"collection":[{"href":"https:\/\/www.sindicaturabarcelona.cat\/ca\/wp-json\/wp\/v2\/posts"}],"about":[{"href":"https:\/\/www.sindicaturabarcelona.cat\/ca\/wp-json\/wp\/v2\/types\/post"}],"author":[{"embeddable":true,"href":"https:\/\/www.sindicaturabarcelona.cat\/ca\/wp-json\/wp\/v2\/users\/2"}],"replies":[{"embeddable":true,"href":"https:\/\/www.sindicaturabarcelona.cat\/ca\/wp-json\/wp\/v2\/comments?post=39854"}],"version-history":[{"count":4,"href":"https:\/\/www.sindicaturabarcelona.cat\/ca\/wp-json\/wp\/v2\/posts\/39854\/revisions"}],"predecessor-version":[{"id":39863,"href":"https:\/\/www.sindicaturabarcelona.cat\/ca\/wp-json\/wp\/v2\/posts\/39854\/revisions\/39863"}],"wp:featuredmedia":[{"embeddable":true,"href":"https:\/\/www.sindicaturabarcelona.cat\/ca\/wp-json\/wp\/v2\/media\/34408"}],"wp:attachment":[{"href":"https:\/\/www.sindicaturabarcelona.cat\/ca\/wp-json\/wp\/v2\/media?parent=39854"}],"wp:term":[{"taxonomy":"post_tag","embeddable":true,"href":"https:\/\/www.sindicaturabarcelona.cat\/ca\/wp-json\/wp\/v2\/tags?post=39854"},{"taxonomy":"drets","embeddable":true,"href":"https:\/\/www.sindicaturabarcelona.cat\/ca\/wp-json\/wp\/v2\/drets?post=39854"}],"curies":[{"name":"wp","href":"https:\/\/api.w.org\/{rel}","templated":true}]}}