{"id":39773,"date":"2025-11-20T16:02:22","date_gmt":"2025-11-20T14:02:22","guid":{"rendered":"https:\/\/www.sindicaturabarcelona.cat\/?p=39773"},"modified":"2025-11-24T15:42:27","modified_gmt":"2025-11-24T13:42:27","slug":"la-sindicatura-de-greuges-de-barcelona-ja-forma-part-de-la-xarxa-de-punts-liles","status":"publish","type":"post","link":"https:\/\/www.sindicaturabarcelona.cat\/ca\/la-sindicatura-de-greuges-de-barcelona-ja-forma-part-de-la-xarxa-de-punts-liles\/","title":{"rendered":"La Sindicatura de Greuges de Barcelona ja forma part de la xarxa de punts liles"},"content":{"rendered":"\n<p>La seu de la instituci\u00f3, a la <a href=\"https:\/\/www.sindicaturabarcelona.cat\/ca\/contacte\/\" target=\"_blank\" rel=\"noreferrer noopener\">ronda de Sant Pau 43-45<\/a>, ja llueix un dels adhesius que la distingeixen com un dels 65 espais de Sant Antoni (<a href=\"https:\/\/ajuntament.barcelona.cat\/eixample\/ca\/noticies\/sant-antoni-incorpora-nous-punts-lila-a-la-xarxa-comunitaria-contra-la-violencia-masclista-1575097\" target=\"_blank\" rel=\"noreferrer noopener\">Districte de l&#8217;Eixample<\/a>) en qu\u00e8 s&#8217;ofereix suport i acompanyament en cas d&#8217;episodis de viol\u00e8ncies masclistes. L&#8217;horari d&#8217;atenci\u00f3 al p\u00fablic \u00e9s de dilluns a dijous de 9 h a 14 h i de 16 h a 18 h, i els divendres, de 9 h a 14 h. Els mesos de juny, juliol, agost i setembre l&#8217;atenci\u00f3 \u00e9s nom\u00e9s als matins.<\/p>\n\n\n\n<p><strong>\u201cTotes som punt lila\u201d<\/strong> \u00e9s un projecte que busca la<strong> implicaci\u00f3 del ve\u00efnat, els equipaments i els comer\u00e7os de barri per establir una xarxa de col\u00b7laboraci\u00f3<\/strong>&nbsp;i posar el focus en la sensibilitzaci\u00f3 de totes les persones a l\u2019hora de detectar un cas de viol\u00e8ncia masclista, aix\u00ed com en el paper de les xarxes ve\u00efnals. Les entitats que en formen part reben, abans d&#8217;incorporar-s&#8217;hi, <strong>formaci\u00f3 espec\u00edfica per poder dur a terme un acompanyament comunitari<\/strong>. Si ho desitges, <a href=\"https:\/\/ajuntament.barcelona.cat\/dones\/ca\/bcn-antimasclista\/serveis-atencio-vers-la-violencia-masclista\" target=\"_blank\" rel=\"noreferrer noopener\">pots consultar els serveis municipals espec\u00edfics en aquest enlla\u00e7<\/a>.<\/p>\n\n\n\n<p>La iniciativa la impulsa la <strong><a href=\"https:\/\/www.instagram.com\/vocaliadonesavvsantantoni\/\" target=\"_blank\" rel=\"noreferrer noopener\">Vocalia de Dones de l\u2019Associaci\u00f3 Ve\u00efnal de Sant Antoni<\/a><\/strong>, amb el suport de la <a href=\"https:\/\/favb.cat\/\" target=\"_blank\" rel=\"noreferrer noopener\">FAVB<\/a>, i <a href=\"https:\/\/ajuntament.barcelona.cat\/eixample\/ca\/noticia\/lassociacio-veinal-de-sant-antoni-guanya-el-premi-25n-2022-1230314\" target=\"_blank\" rel=\"noreferrer noopener\">el 2022 va rebre el Premi 25 de Novembre<\/a>, que es convoca amb motiu de la commemoraci\u00f3 del Dia Internacional per a l\u2019Eliminaci\u00f3 de la Viol\u00e8ncia envers les Dones.<\/p>\n\n\n\n<figure class=\"wp-block-image size-large\"><img loading=\"lazy\" decoding=\"async\" width=\"1200\" height=\"800\" src=\"https:\/\/www.sindicaturabarcelona.cat\/wp-content\/uploads\/KM4A3017-1200x800.jpg\" alt=\"\" class=\"wp-image-40385\" srcset=\"https:\/\/www.sindicaturabarcelona.cat\/wp-content\/uploads\/KM4A3017-1200x800.jpg 1200w, https:\/\/www.sindicaturabarcelona.cat\/wp-content\/uploads\/KM4A3017-800x533.jpg 800w, https:\/\/www.sindicaturabarcelona.cat\/wp-content\/uploads\/KM4A3017-768x512.jpg 768w, https:\/\/www.sindicaturabarcelona.cat\/wp-content\/uploads\/KM4A3017-1536x1024.jpg 1536w\" sizes=\"auto, (max-width: 1200px) 100vw, 1200px\" \/><\/figure>\n\n\n\n<h2 class=\"wp-block-heading\">Defensem el dret a una vida lliure de viol\u00e8ncies<\/h2>\n\n\n\n<p>Com a nou membre del xarxa de punts liles, la Sindicatura refor\u00e7a el seu comprom\u00eds de garantir <strong><a href=\"https:\/\/www.sindicaturabarcelona.cat\/ca\/drets\/dret-a-una-vida-lliure-de-violencies\/\" target=\"_blank\" rel=\"noreferrer noopener\">el dret d\u2019erradicar tota mena de viol\u00e8ncia masclista<\/a>.<\/strong> Aquest dret en comporta d\u2019altres, com el de rebre una atenci\u00f3 espec\u00edfica i integral en cas d\u2019haver-ne patit o el de recuperaci\u00f3 en tots els \u00e0mbits de desenvolupament de la vida de les persones, aix\u00ed com l\u2019acc\u00e9s a programes de reparaci\u00f3 del dany \u00e9s un element fonamental de la recuperaci\u00f3.<\/p>\n\n\n\n<p>Amb aquesta voluntat, el 2022 la defensoria va impulsar la creaci\u00f3 d&#8217;un <strong><a href=\"https:\/\/www.sindicaturabarcelona.cat\/ca\/abus-assetjament-sexual-dones-infancia-adolescencia\/\" target=\"_blank\" rel=\"noreferrer noopener\">Grup de treball per abordar l\u2019ab\u00fas i l\u2019assetjament sexual a dones, inf\u00e0ncia i adolesc\u00e8ncia<\/a><\/strong>, un espai per tractar quin s\u00f3n els aven\u00e7os que han de fer els organismes p\u00fablics locals per tractar aquestes situacions, aix\u00ed com contribuir al procediment de recuperaci\u00f3 de les seq\u00fceles generades en les v\u00edctimes.<\/p>\n\n\n\n<p>Posteriorment, d\u2019aquest grup se\u2019n va derivar la creaci\u00f3 d\u2019una <a href=\"https:\/\/www.sindicaturabarcelona.cat\/ca\/la-sindicatura-impulsa-la-creacio-dunacomissio-de-reparacio-per-a-victimes-deviolencia-sexual-en-la-infancia-adolescencia-ijoventut-a-les-escoles\/\" target=\"_blank\" rel=\"noreferrer noopener\">Comissi\u00f3 de reparaci\u00f3<\/a> independent i interdisciplin\u00e0ria per a v\u00edctimes de viol\u00e8ncia sexual en la inf\u00e0ncia, adolesc\u00e8ncia i joventut a les escoles.<\/p>\n\n\n\n<p>Imatges: Vocalia de Dones de l&#8217;Associaci\u00f3 Ve\u00efnal de Sant Antoni<\/p>\n","protected":false},"excerpt":{"rendered":"<p>La seu de la instituci\u00f3, a la ronda de Sant Pau 43-45, ja llueix un dels adhesius que la distingeixen com un dels 65 espais de Sant Antoni (Districte de [&hellip;]<\/p>\n","protected":false},"author":2,"featured_media":40388,"comment_status":"closed","ping_status":"closed","sticky":false,"template":"","format":"standard","meta":{"_acf_changed":false,"footnotes":""},"tags":[],"drets":[1428,1437],"class_list":["post-39773","post","type-post","status-publish","format-standard","has-post-thumbnail","hentry","drets-ciutat-equitativa","drets-dret-a-una-vida-lliure-de-violencies"],"acf":[],"yoast_head":"<!-- This site is optimized with the Yoast SEO plugin v27.5 - https:\/\/yoast.com\/product\/yoast-seo-wordpress\/ -->\n<title>La Sindicatura de Greuges de Barcelona ja forma part de la xarxa de punts liles - Sindicatura de Greuges de Barcelona<\/title>\n<meta name=\"description\" content=\"A la seu de la instituci\u00f3, a la ronda de Sant Pau 43-45, s&#039;ofereix suport i acompanyament en cas d&#039;episodis de viol\u00e8ncies masclistes.\" \/>\n<meta name=\"robots\" content=\"index, follow, max-snippet:-1, max-image-preview:large, max-video-preview:-1\" \/>\n<link rel=\"canonical\" href=\"https:\/\/www.sindicaturabarcelona.cat\/ca\/la-sindicatura-de-greuges-de-barcelona-ja-forma-part-de-la-xarxa-de-punts-liles\/\" \/>\n<meta property=\"og:locale\" content=\"ca_ES\" \/>\n<meta property=\"og:type\" content=\"article\" \/>\n<meta property=\"og:title\" content=\"La Sindicatura de Greuges de Barcelona ja forma part de la xarxa de punts liles - Sindicatura de Greuges de Barcelona\" \/>\n<meta property=\"og:description\" content=\"A la seu de la instituci\u00f3, a la ronda de Sant Pau 43-45, s&#039;ofereix suport i acompanyament en cas d&#039;episodis de viol\u00e8ncies masclistes.\" \/>\n<meta property=\"og:url\" content=\"https:\/\/www.sindicaturabarcelona.cat\/ca\/la-sindicatura-de-greuges-de-barcelona-ja-forma-part-de-la-xarxa-de-punts-liles\/\" \/>\n<meta property=\"og:site_name\" content=\"Sindicatura de Greuges de Barcelona\" \/>\n<meta property=\"article:published_time\" content=\"2025-11-20T14:02:22+00:00\" \/>\n<meta property=\"article:modified_time\" content=\"2025-11-24T13:42:27+00:00\" \/>\n<meta property=\"og:image\" content=\"https:\/\/www.sindicaturabarcelona.cat\/wp-content\/uploads\/KM4A3124-scaled.jpg\" \/>\n\t<meta property=\"og:image:width\" content=\"2560\" \/>\n\t<meta property=\"og:image:height\" content=\"1707\" \/>\n\t<meta property=\"og:image:type\" content=\"image\/jpeg\" \/>\n<meta name=\"author\" content=\"Pablo\" \/>\n<meta name=\"twitter:card\" content=\"summary_large_image\" \/>\n<meta name=\"twitter:creator\" content=\"@sindicbarcelona\" \/>\n<meta name=\"twitter:site\" content=\"@sindicbarcelona\" \/>\n<meta name=\"twitter:label1\" content=\"Escrit per\" \/>\n\t<meta name=\"twitter:data1\" content=\"Pablo\" \/>\n\t<meta name=\"twitter:label2\" content=\"Temps estimat de lectura\" \/>\n\t<meta name=\"twitter:data2\" content=\"3 minuts\" \/>\n<script type=\"application\/ld+json\" class=\"yoast-schema-graph\">{\"@context\":\"https:\\\/\\\/schema.org\",\"@graph\":[{\"@type\":\"Article\",\"@id\":\"https:\\\/\\\/www.sindicaturabarcelona.cat\\\/ca\\\/la-sindicatura-de-greuges-de-barcelona-ja-forma-part-de-la-xarxa-de-punts-liles\\\/#article\",\"isPartOf\":{\"@id\":\"https:\\\/\\\/www.sindicaturabarcelona.cat\\\/ca\\\/la-sindicatura-de-greuges-de-barcelona-ja-forma-part-de-la-xarxa-de-punts-liles\\\/\"},\"author\":{\"name\":\"Pablo\",\"@id\":\"https:\\\/\\\/www.sindicaturabarcelona.cat\\\/ca\\\/#\\\/schema\\\/person\\\/0e5acffc350ffdbc97578159322c9452\"},\"headline\":\"La Sindicatura de Greuges de Barcelona ja forma part de la xarxa de punts liles\",\"datePublished\":\"2025-11-20T14:02:22+00:00\",\"dateModified\":\"2025-11-24T13:42:27+00:00\",\"mainEntityOfPage\":{\"@id\":\"https:\\\/\\\/www.sindicaturabarcelona.cat\\\/ca\\\/la-sindicatura-de-greuges-de-barcelona-ja-forma-part-de-la-xarxa-de-punts-liles\\\/\"},\"wordCount\":467,\"publisher\":{\"@id\":\"https:\\\/\\\/www.sindicaturabarcelona.cat\\\/ca\\\/#organization\"},\"image\":{\"@id\":\"https:\\\/\\\/www.sindicaturabarcelona.cat\\\/ca\\\/la-sindicatura-de-greuges-de-barcelona-ja-forma-part-de-la-xarxa-de-punts-liles\\\/#primaryimage\"},\"thumbnailUrl\":\"https:\\\/\\\/www.sindicaturabarcelona.cat\\\/wp-content\\\/uploads\\\/KM4A3124-scaled.jpg\",\"inLanguage\":\"ca\"},{\"@type\":\"WebPage\",\"@id\":\"https:\\\/\\\/www.sindicaturabarcelona.cat\\\/ca\\\/la-sindicatura-de-greuges-de-barcelona-ja-forma-part-de-la-xarxa-de-punts-liles\\\/\",\"url\":\"https:\\\/\\\/www.sindicaturabarcelona.cat\\\/ca\\\/la-sindicatura-de-greuges-de-barcelona-ja-forma-part-de-la-xarxa-de-punts-liles\\\/\",\"name\":\"La Sindicatura de Greuges de Barcelona ja forma part de la xarxa de punts liles - Sindicatura de Greuges de Barcelona\",\"isPartOf\":{\"@id\":\"https:\\\/\\\/www.sindicaturabarcelona.cat\\\/ca\\\/#website\"},\"primaryImageOfPage\":{\"@id\":\"https:\\\/\\\/www.sindicaturabarcelona.cat\\\/ca\\\/la-sindicatura-de-greuges-de-barcelona-ja-forma-part-de-la-xarxa-de-punts-liles\\\/#primaryimage\"},\"image\":{\"@id\":\"https:\\\/\\\/www.sindicaturabarcelona.cat\\\/ca\\\/la-sindicatura-de-greuges-de-barcelona-ja-forma-part-de-la-xarxa-de-punts-liles\\\/#primaryimage\"},\"thumbnailUrl\":\"https:\\\/\\\/www.sindicaturabarcelona.cat\\\/wp-content\\\/uploads\\\/KM4A3124-scaled.jpg\",\"datePublished\":\"2025-11-20T14:02:22+00:00\",\"dateModified\":\"2025-11-24T13:42:27+00:00\",\"description\":\"A la seu de la instituci\u00f3, a la ronda de Sant Pau 43-45, s'ofereix suport i acompanyament en cas d'episodis de viol\u00e8ncies masclistes.\",\"breadcrumb\":{\"@id\":\"https:\\\/\\\/www.sindicaturabarcelona.cat\\\/ca\\\/la-sindicatura-de-greuges-de-barcelona-ja-forma-part-de-la-xarxa-de-punts-liles\\\/#breadcrumb\"},\"inLanguage\":\"ca\",\"potentialAction\":[{\"@type\":\"ReadAction\",\"target\":[\"https:\\\/\\\/www.sindicaturabarcelona.cat\\\/ca\\\/la-sindicatura-de-greuges-de-barcelona-ja-forma-part-de-la-xarxa-de-punts-liles\\\/\"]}]},{\"@type\":\"ImageObject\",\"inLanguage\":\"ca\",\"@id\":\"https:\\\/\\\/www.sindicaturabarcelona.cat\\\/ca\\\/la-sindicatura-de-greuges-de-barcelona-ja-forma-part-de-la-xarxa-de-punts-liles\\\/#primaryimage\",\"url\":\"https:\\\/\\\/www.sindicaturabarcelona.cat\\\/wp-content\\\/uploads\\\/KM4A3124-scaled.jpg\",\"contentUrl\":\"https:\\\/\\\/www.sindicaturabarcelona.cat\\\/wp-content\\\/uploads\\\/KM4A3124-scaled.jpg\",\"width\":2560,\"height\":1707},{\"@type\":\"BreadcrumbList\",\"@id\":\"https:\\\/\\\/www.sindicaturabarcelona.cat\\\/ca\\\/la-sindicatura-de-greuges-de-barcelona-ja-forma-part-de-la-xarxa-de-punts-liles\\\/#breadcrumb\",\"itemListElement\":[{\"@type\":\"ListItem\",\"position\":1,\"name\":\"Inici\",\"item\":\"https:\\\/\\\/www.sindicaturabarcelona.cat\\\/ca\\\/\"},{\"@type\":\"ListItem\",\"position\":2,\"name\":\"La Sindicatura de Greuges de Barcelona ja forma part de la xarxa de punts liles\"}]},{\"@type\":\"WebSite\",\"@id\":\"https:\\\/\\\/www.sindicaturabarcelona.cat\\\/ca\\\/#website\",\"url\":\"https:\\\/\\\/www.sindicaturabarcelona.cat\\\/ca\\\/\",\"name\":\"Sindicatura de Greuges de Barcelona\",\"description\":\"La defensoria dels teus drets\",\"publisher\":{\"@id\":\"https:\\\/\\\/www.sindicaturabarcelona.cat\\\/ca\\\/#organization\"},\"potentialAction\":[{\"@type\":\"SearchAction\",\"target\":{\"@type\":\"EntryPoint\",\"urlTemplate\":\"https:\\\/\\\/www.sindicaturabarcelona.cat\\\/ca\\\/?s={search_term_string}\"},\"query-input\":{\"@type\":\"PropertyValueSpecification\",\"valueRequired\":true,\"valueName\":\"search_term_string\"}}],\"inLanguage\":\"ca\"},{\"@type\":\"Organization\",\"@id\":\"https:\\\/\\\/www.sindicaturabarcelona.cat\\\/ca\\\/#organization\",\"name\":\"Sindicatura de Greuges de Barcelona\",\"url\":\"https:\\\/\\\/www.sindicaturabarcelona.cat\\\/ca\\\/\",\"logo\":{\"@type\":\"ImageObject\",\"inLanguage\":\"ca\",\"@id\":\"https:\\\/\\\/www.sindicaturabarcelona.cat\\\/ca\\\/#\\\/schema\\\/logo\\\/image\\\/\",\"url\":\"https:\\\/\\\/www.sindicaturabarcelona.cat\\\/wp-content\\\/uploads\\\/2023\\\/02\\\/logo_sindicatura.svg\",\"contentUrl\":\"https:\\\/\\\/www.sindicaturabarcelona.cat\\\/wp-content\\\/uploads\\\/2023\\\/02\\\/logo_sindicatura.svg\",\"caption\":\"Sindicatura de Greuges de Barcelona\"},\"image\":{\"@id\":\"https:\\\/\\\/www.sindicaturabarcelona.cat\\\/ca\\\/#\\\/schema\\\/logo\\\/image\\\/\"},\"sameAs\":[\"https:\\\/\\\/x.com\\\/sindicbarcelona\",\"https:\\\/\\\/www.instagram.com\\\/sindicbarcelona\\\/\",\"https:\\\/\\\/www.tiktok.com\\\/@sindicaturabcn\",\"https:\\\/\\\/t.me\\\/sindicaturabarcelona\"]},{\"@type\":\"Person\",\"@id\":\"https:\\\/\\\/www.sindicaturabarcelona.cat\\\/ca\\\/#\\\/schema\\\/person\\\/0e5acffc350ffdbc97578159322c9452\",\"name\":\"Pablo\",\"image\":{\"@type\":\"ImageObject\",\"inLanguage\":\"ca\",\"@id\":\"https:\\\/\\\/secure.gravatar.com\\\/avatar\\\/c948169b402ef9492afde705c3dfd5e90e1a6a84ef6840a91124f805a25a480f?s=96&d=mm&r=g\",\"url\":\"https:\\\/\\\/secure.gravatar.com\\\/avatar\\\/c948169b402ef9492afde705c3dfd5e90e1a6a84ef6840a91124f805a25a480f?s=96&d=mm&r=g\",\"contentUrl\":\"https:\\\/\\\/secure.gravatar.com\\\/avatar\\\/c948169b402ef9492afde705c3dfd5e90e1a6a84ef6840a91124f805a25a480f?s=96&d=mm&r=g\",\"caption\":\"Pablo\"},\"url\":\"https:\\\/\\\/www.sindicaturabarcelona.cat\\\/ca\\\/author\\\/pablo\\\/\"}]}<\/script>\n<!-- \/ Yoast SEO plugin. -->","yoast_head_json":{"title":"La Sindicatura de Greuges de Barcelona ja forma part de la xarxa de punts liles - Sindicatura de Greuges de Barcelona","description":"A la seu de la instituci\u00f3, a la ronda de Sant Pau 43-45, s'ofereix suport i acompanyament en cas d'episodis de viol\u00e8ncies masclistes.","robots":{"index":"index","follow":"follow","max-snippet":"max-snippet:-1","max-image-preview":"max-image-preview:large","max-video-preview":"max-video-preview:-1"},"canonical":"https:\/\/www.sindicaturabarcelona.cat\/ca\/la-sindicatura-de-greuges-de-barcelona-ja-forma-part-de-la-xarxa-de-punts-liles\/","og_locale":"ca_ES","og_type":"article","og_title":"La Sindicatura de Greuges de Barcelona ja forma part de la xarxa de punts liles - Sindicatura de Greuges de Barcelona","og_description":"A la seu de la instituci\u00f3, a la ronda de Sant Pau 43-45, s'ofereix suport i acompanyament en cas d'episodis de viol\u00e8ncies masclistes.","og_url":"https:\/\/www.sindicaturabarcelona.cat\/ca\/la-sindicatura-de-greuges-de-barcelona-ja-forma-part-de-la-xarxa-de-punts-liles\/","og_site_name":"Sindicatura de Greuges de Barcelona","article_published_time":"2025-11-20T14:02:22+00:00","article_modified_time":"2025-11-24T13:42:27+00:00","og_image":[{"width":2560,"height":1707,"url":"https:\/\/www.sindicaturabarcelona.cat\/wp-content\/uploads\/KM4A3124-scaled.jpg","type":"image\/jpeg"}],"author":"Pablo","twitter_card":"summary_large_image","twitter_creator":"@sindicbarcelona","twitter_site":"@sindicbarcelona","twitter_misc":{"Escrit per":"Pablo","Temps estimat de lectura":"3 minuts"},"schema":{"@context":"https:\/\/schema.org","@graph":[{"@type":"Article","@id":"https:\/\/www.sindicaturabarcelona.cat\/ca\/la-sindicatura-de-greuges-de-barcelona-ja-forma-part-de-la-xarxa-de-punts-liles\/#article","isPartOf":{"@id":"https:\/\/www.sindicaturabarcelona.cat\/ca\/la-sindicatura-de-greuges-de-barcelona-ja-forma-part-de-la-xarxa-de-punts-liles\/"},"author":{"name":"Pablo","@id":"https:\/\/www.sindicaturabarcelona.cat\/ca\/#\/schema\/person\/0e5acffc350ffdbc97578159322c9452"},"headline":"La Sindicatura de Greuges de Barcelona ja forma part de la xarxa de punts liles","datePublished":"2025-11-20T14:02:22+00:00","dateModified":"2025-11-24T13:42:27+00:00","mainEntityOfPage":{"@id":"https:\/\/www.sindicaturabarcelona.cat\/ca\/la-sindicatura-de-greuges-de-barcelona-ja-forma-part-de-la-xarxa-de-punts-liles\/"},"wordCount":467,"publisher":{"@id":"https:\/\/www.sindicaturabarcelona.cat\/ca\/#organization"},"image":{"@id":"https:\/\/www.sindicaturabarcelona.cat\/ca\/la-sindicatura-de-greuges-de-barcelona-ja-forma-part-de-la-xarxa-de-punts-liles\/#primaryimage"},"thumbnailUrl":"https:\/\/www.sindicaturabarcelona.cat\/wp-content\/uploads\/KM4A3124-scaled.jpg","inLanguage":"ca"},{"@type":"WebPage","@id":"https:\/\/www.sindicaturabarcelona.cat\/ca\/la-sindicatura-de-greuges-de-barcelona-ja-forma-part-de-la-xarxa-de-punts-liles\/","url":"https:\/\/www.sindicaturabarcelona.cat\/ca\/la-sindicatura-de-greuges-de-barcelona-ja-forma-part-de-la-xarxa-de-punts-liles\/","name":"La Sindicatura de Greuges de Barcelona ja forma part de la xarxa de punts liles - Sindicatura de Greuges de Barcelona","isPartOf":{"@id":"https:\/\/www.sindicaturabarcelona.cat\/ca\/#website"},"primaryImageOfPage":{"@id":"https:\/\/www.sindicaturabarcelona.cat\/ca\/la-sindicatura-de-greuges-de-barcelona-ja-forma-part-de-la-xarxa-de-punts-liles\/#primaryimage"},"image":{"@id":"https:\/\/www.sindicaturabarcelona.cat\/ca\/la-sindicatura-de-greuges-de-barcelona-ja-forma-part-de-la-xarxa-de-punts-liles\/#primaryimage"},"thumbnailUrl":"https:\/\/www.sindicaturabarcelona.cat\/wp-content\/uploads\/KM4A3124-scaled.jpg","datePublished":"2025-11-20T14:02:22+00:00","dateModified":"2025-11-24T13:42:27+00:00","description":"A la seu de la instituci\u00f3, a la ronda de Sant Pau 43-45, s'ofereix suport i acompanyament en cas d'episodis de viol\u00e8ncies masclistes.","breadcrumb":{"@id":"https:\/\/www.sindicaturabarcelona.cat\/ca\/la-sindicatura-de-greuges-de-barcelona-ja-forma-part-de-la-xarxa-de-punts-liles\/#breadcrumb"},"inLanguage":"ca","potentialAction":[{"@type":"ReadAction","target":["https:\/\/www.sindicaturabarcelona.cat\/ca\/la-sindicatura-de-greuges-de-barcelona-ja-forma-part-de-la-xarxa-de-punts-liles\/"]}]},{"@type":"ImageObject","inLanguage":"ca","@id":"https:\/\/www.sindicaturabarcelona.cat\/ca\/la-sindicatura-de-greuges-de-barcelona-ja-forma-part-de-la-xarxa-de-punts-liles\/#primaryimage","url":"https:\/\/www.sindicaturabarcelona.cat\/wp-content\/uploads\/KM4A3124-scaled.jpg","contentUrl":"https:\/\/www.sindicaturabarcelona.cat\/wp-content\/uploads\/KM4A3124-scaled.jpg","width":2560,"height":1707},{"@type":"BreadcrumbList","@id":"https:\/\/www.sindicaturabarcelona.cat\/ca\/la-sindicatura-de-greuges-de-barcelona-ja-forma-part-de-la-xarxa-de-punts-liles\/#breadcrumb","itemListElement":[{"@type":"ListItem","position":1,"name":"Inici","item":"https:\/\/www.sindicaturabarcelona.cat\/ca\/"},{"@type":"ListItem","position":2,"name":"La Sindicatura de Greuges de Barcelona ja forma part de la xarxa de punts liles"}]},{"@type":"WebSite","@id":"https:\/\/www.sindicaturabarcelona.cat\/ca\/#website","url":"https:\/\/www.sindicaturabarcelona.cat\/ca\/","name":"Sindicatura de Greuges de Barcelona","description":"La defensoria dels teus drets","publisher":{"@id":"https:\/\/www.sindicaturabarcelona.cat\/ca\/#organization"},"potentialAction":[{"@type":"SearchAction","target":{"@type":"EntryPoint","urlTemplate":"https:\/\/www.sindicaturabarcelona.cat\/ca\/?s={search_term_string}"},"query-input":{"@type":"PropertyValueSpecification","valueRequired":true,"valueName":"search_term_string"}}],"inLanguage":"ca"},{"@type":"Organization","@id":"https:\/\/www.sindicaturabarcelona.cat\/ca\/#organization","name":"Sindicatura de Greuges de Barcelona","url":"https:\/\/www.sindicaturabarcelona.cat\/ca\/","logo":{"@type":"ImageObject","inLanguage":"ca","@id":"https:\/\/www.sindicaturabarcelona.cat\/ca\/#\/schema\/logo\/image\/","url":"https:\/\/www.sindicaturabarcelona.cat\/wp-content\/uploads\/2023\/02\/logo_sindicatura.svg","contentUrl":"https:\/\/www.sindicaturabarcelona.cat\/wp-content\/uploads\/2023\/02\/logo_sindicatura.svg","caption":"Sindicatura de Greuges de Barcelona"},"image":{"@id":"https:\/\/www.sindicaturabarcelona.cat\/ca\/#\/schema\/logo\/image\/"},"sameAs":["https:\/\/x.com\/sindicbarcelona","https:\/\/www.instagram.com\/sindicbarcelona\/","https:\/\/www.tiktok.com\/@sindicaturabcn","https:\/\/t.me\/sindicaturabarcelona"]},{"@type":"Person","@id":"https:\/\/www.sindicaturabarcelona.cat\/ca\/#\/schema\/person\/0e5acffc350ffdbc97578159322c9452","name":"Pablo","image":{"@type":"ImageObject","inLanguage":"ca","@id":"https:\/\/secure.gravatar.com\/avatar\/c948169b402ef9492afde705c3dfd5e90e1a6a84ef6840a91124f805a25a480f?s=96&d=mm&r=g","url":"https:\/\/secure.gravatar.com\/avatar\/c948169b402ef9492afde705c3dfd5e90e1a6a84ef6840a91124f805a25a480f?s=96&d=mm&r=g","contentUrl":"https:\/\/secure.gravatar.com\/avatar\/c948169b402ef9492afde705c3dfd5e90e1a6a84ef6840a91124f805a25a480f?s=96&d=mm&r=g","caption":"Pablo"},"url":"https:\/\/www.sindicaturabarcelona.cat\/ca\/author\/pablo\/"}]}},"_links":{"self":[{"href":"https:\/\/www.sindicaturabarcelona.cat\/ca\/wp-json\/wp\/v2\/posts\/39773","targetHints":{"allow":["GET"]}}],"collection":[{"href":"https:\/\/www.sindicaturabarcelona.cat\/ca\/wp-json\/wp\/v2\/posts"}],"about":[{"href":"https:\/\/www.sindicaturabarcelona.cat\/ca\/wp-json\/wp\/v2\/types\/post"}],"author":[{"embeddable":true,"href":"https:\/\/www.sindicaturabarcelona.cat\/ca\/wp-json\/wp\/v2\/users\/2"}],"replies":[{"embeddable":true,"href":"https:\/\/www.sindicaturabarcelona.cat\/ca\/wp-json\/wp\/v2\/comments?post=39773"}],"version-history":[{"count":24,"href":"https:\/\/www.sindicaturabarcelona.cat\/ca\/wp-json\/wp\/v2\/posts\/39773\/revisions"}],"predecessor-version":[{"id":40437,"href":"https:\/\/www.sindicaturabarcelona.cat\/ca\/wp-json\/wp\/v2\/posts\/39773\/revisions\/40437"}],"wp:featuredmedia":[{"embeddable":true,"href":"https:\/\/www.sindicaturabarcelona.cat\/ca\/wp-json\/wp\/v2\/media\/40388"}],"wp:attachment":[{"href":"https:\/\/www.sindicaturabarcelona.cat\/ca\/wp-json\/wp\/v2\/media?parent=39773"}],"wp:term":[{"taxonomy":"post_tag","embeddable":true,"href":"https:\/\/www.sindicaturabarcelona.cat\/ca\/wp-json\/wp\/v2\/tags?post=39773"},{"taxonomy":"drets","embeddable":true,"href":"https:\/\/www.sindicaturabarcelona.cat\/ca\/wp-json\/wp\/v2\/drets?post=39773"}],"curies":[{"name":"wp","href":"https:\/\/api.w.org\/{rel}","templated":true}]}}