{"id":39755,"date":"2025-10-17T08:59:21","date_gmt":"2025-10-17T06:59:21","guid":{"rendered":"https:\/\/www.sindicaturabarcelona.cat\/?p=39755"},"modified":"2025-10-18T23:27:47","modified_gmt":"2025-10-18T21:27:47","slug":"el-sindic-interve-en-una-conferencia-a-malta-sobre-com-fer-servir-les-innovacions-tecnologiques-per-millorar-la-tasca-de-les-defensories","status":"publish","type":"post","link":"https:\/\/www.sindicaturabarcelona.cat\/ca\/el-sindic-interve-en-una-conferencia-a-malta-sobre-com-fer-servir-les-innovacions-tecnologiques-per-millorar-la-tasca-de-les-defensories\/","title":{"rendered":"El s\u00edndic interv\u00e9 en una confer\u00e8ncia a Malta sobre com fer servir les innovacions tecnol\u00f2giques per millorar la tasca de les defensories"},"content":{"rendered":"\n<p>David Bondia hi ha exposat aquest dijous, 16 d&#8217;octubre, el projecte europeu <a href=\"https:\/\/idemproject.eu\/cat\" target=\"_blank\" rel=\"noreferrer noopener\">Innovative and Inclusive Democratic Spaces for Deliberation and Participation<\/a> (iDEM), en el qual <a href=\"https:\/\/www.sindicaturabarcelona.cat\/ca\/informacio-mes-accessible-per-a-una-democracia-mes-inclusiva-amb-lajuda-de-la-ia-lobjectiu-dun-nou-projecte-europeu-en-que-participa-la-sindicatura\/\" target=\"_blank\" rel=\"noreferrer noopener\">participa la Sindicatura<\/a>. L&#8217;objectiu \u00e9s desenvolupar <strong>eines basades en la intel\u00b7lig\u00e8ncia artificial que simplifiquin i facin m\u00e9s comprensibles les informacions<\/strong> per participar en el debat democr\u00e0tic a determinats col\u00b7lectius, com persones amb discapacitat intel\u00b7lectual o amb dificultats de comunicaci\u00f3. La iniciativa la lidera la UPF i t\u00e9 11 <em>partners<\/em> europeus, entre els quals hi ha l&#8217;Institut Municipal de Persones amb Discapacitat (IMPD).<\/p>\n\n\n\n<p>Amb el t\u00edtol <strong>&#8220;Adoptar la innovaci\u00f3 tecnol\u00f2gica<\/strong>: <strong>El paper del S\u00edndic en l\u2019era de la digitalitzaci\u00f3 i la intel\u00b7lig\u00e8ncia artificial<\/strong>\u201d, Bondia hi ha abordat tamb\u00e9 els reptes que suposen aquests canvis, i quina \u00e9s la millor manera d&#8217;incorporar les noves eines per facilitar l&#8217;acc\u00e9s a la informaci\u00f3 i millorar la transpar\u00e8ncia dels processos. <\/p>\n\n\n\n<p>El <strong>s\u00edndic ha destacat<\/strong> que &#8220;cal estar preparats per adaptar-nos a entorns socials, pol\u00edtics i tecnol\u00f2gics en r\u00e0pida transformaci\u00f3, com s\u00f3n els actuals, tot mantenint com a prioritat els principis del bon govern. D&#8217;aquesta manera, i amb la participaci\u00f3 en projectes com l&#8217;iDEM, <strong>contribu\u00efm a impulsar una democr\u00e0cia m\u00e9s inclusiva, en qu\u00e8 la tecnologia es posa al servei de la participaci\u00f3 ciutadana i la just\u00edcia social<\/strong>&#8220;.<\/p>\n\n\n\n<p>La intervenci\u00f3 s&#8217;ha fet a la confer\u00e8ncia internacional &#8220;<strong>Defensar el bon govern en temps dif\u00edcils: el paper de l\u2019Ombudsman<\/strong>&#8220;, que ha tingut en el context de la celebraci\u00f3 dels 30 anys de l&#8217;oficina de l&#8217;ombudsman de Malta. <strong>La Sindicatura de Greuges de Barcelona ha estat l&#8217;\u00fanica defensoria local a intervenir-hi<\/strong>, ja que la resta eren regionals o estatals. Si ho desitges, pots llegir <a href=\"https:\/\/ombudsman.org.mt\/news-and-events\/the-ombudsman-at-30-celebrating-three-decades-of-service\/\" target=\"_blank\" rel=\"noreferrer noopener\">m\u00e9s informaci\u00f3 sobre aquest acte<\/a> (en angl\u00e8s).<\/p>\n\n\n\n<figure class=\"wp-block-image size-large\"><img loading=\"lazy\" decoding=\"async\" width=\"1200\" height=\"900\" src=\"https:\/\/www.sindicaturabarcelona.cat\/wp-content\/uploads\/IMG-20251017-WA0007-1200x900.jpg\" alt=\"\" class=\"wp-image-39844\" srcset=\"https:\/\/www.sindicaturabarcelona.cat\/wp-content\/uploads\/IMG-20251017-WA0007-1200x900.jpg 1200w, https:\/\/www.sindicaturabarcelona.cat\/wp-content\/uploads\/IMG-20251017-WA0007-711x533.jpg 711w, https:\/\/www.sindicaturabarcelona.cat\/wp-content\/uploads\/IMG-20251017-WA0007-768x576.jpg 768w, https:\/\/www.sindicaturabarcelona.cat\/wp-content\/uploads\/IMG-20251017-WA0007-1536x1152.jpg 1536w, https:\/\/www.sindicaturabarcelona.cat\/wp-content\/uploads\/IMG-20251017-WA0007.jpg 1600w\" sizes=\"auto, (max-width: 1200px) 100vw, 1200px\" \/><\/figure>\n\n\n\n<h2 class=\"wp-block-heading\">La Sindicatura, un referent internacional<\/h2>\n\n\n\n<p>Aquesta no ser\u00e0 l&#8217;\u00fanica intervenci\u00f3 de la Sindicatura fora de Barcelona aquest mes amb l&#8217;iDEM com a eix central. Dijous vinent, 23 d&#8217;octubre, participarem al <a href=\"https:\/\/reps2025.unirioja.es\/\" target=\"_blank\" rel=\"noreferrer noopener\">X Congr\u00e9s de la Xarxa Espanyola de Pol\u00edtica Social<\/a> (REPS, per les sigles en castell\u00e0), a Logronyo, la Rioja. En aquest cas, la pon\u00e8ncia ser\u00e0 \u201c<strong>La participaci\u00f3 ciutadana en el proc\u00e9s de creaci\u00f3 de pol\u00edtiques p\u00fabliques i l\u2019enfocament comunitari de la intervenci\u00f3 com a estrat\u00e8gies innovadores en la creaci\u00f3 de pol\u00edtiques socials inclusives<\/strong>\u201d. <\/p>\n\n\n\n<p>Enguany, la Sindicatura ja va participar al maig en la <a href=\"https:\/\/www.sindicaturabarcelona.cat\/ca\/la-sindicatura-participa-en-la-reunio-de-treball-anual-de-lidem-un-projecte-europeu-per-millorar-laccessibilitat-i-la-inclusivitat-en-processos-participatius\/\" target=\"_blank\" rel=\"noreferrer noopener\">reuni\u00f3 anual de treball anual d&#8217;aquest projecte europeu a Leeds<\/a> (Regne Unit), per posar en com\u00fa els aven\u00e7os fets i definir els passos a seguir. <a href=\"https:\/\/www.sindicaturabarcelona.cat\/ca\/intercanvi-de-bones-practiques-i-planificacio-de-futurs-projectes-conjunts-els-avencos-despres-de-les-intervencions-de-la-sindicatura-a-colombia\/\" target=\"_blank\" rel=\"noreferrer noopener\">A l&#8217;agost, el s\u00edndic va intervenir en diversos actes a Col\u00f2mbia<\/a>, un dels quals inclo\u00efa una taula rodona sobre els desafiaments que suposa la intel\u00b7lig\u00e8ncia artificial per a les defensories, en qu\u00e8 es va explicar tamb\u00e9 el projecte iDEM.<\/p>\n\n\n\n<p>Durant el mandat actual, la defensoria de la ciutat ha visitat tamb\u00e9 l\u2019<a href=\"https:\/\/www.sindicaturabarcelona.cat\/ca\/el-sindic-de-greuges-de-barcelona-david-bondia-ha-viatjat-a-luruguai-per-exposar-el-model-de-la-sindicatura-de-greuges-de-barcelona\/\" target=\"_blank\" rel=\"noreferrer noopener\">Uruguai<\/a>,&nbsp;M\u00e8xic, El Salvador, l\u2019Argentina, B\u00e8lgica i&nbsp;<a href=\"https:\/\/www.sindicaturabarcelona.cat\/ca\/la-sindicatura-de-greuges-de-barcelona-participa-en-linternational-conference-of-ombudsman\/\" target=\"_blank\" rel=\"noreferrer noopener\">It\u00e0lia<\/a>, i arreu&nbsp;el projecte de la Sindicatura ha generat molt d\u2019inter\u00e8s. Des del mar\u00e7, a m\u00e9s, <a href=\"https:\/\/www.sindicaturabarcelona.cat\/ca\/el-sindic-de-greuges-de-barcelona-nou-president-de-lalianza-global-del-ombudsperson-local-agol\/\" target=\"_blank\" rel=\"noreferrer noopener\">David Bondia ocupa la presid\u00e8ncia de l&#8217;Alianza Global del Ombudsperson Local<\/a> (AGOL).<\/p>\n\n\n\n<p>Imatge principal: <a href=\"https:\/\/ombudsman.org.mt\/\" target=\"_blank\" rel=\"noreferrer noopener\">Oficina de l&#8217;Ombudsman &#8211; Malta<\/a><\/p>\n\n\n\n<p><\/p>\n","protected":false},"excerpt":{"rendered":"<p>David Bondia hi ha exposat aquest dijous, 16 d&#8217;octubre, el projecte europeu Innovative and Inclusive Democratic Spaces for Deliberation and Participation (iDEM), en el qual participa la Sindicatura. L&#8217;objectiu \u00e9s [&hellip;]<\/p>\n","protected":false},"author":2,"featured_media":39822,"comment_status":"closed","ping_status":"closed","sticky":false,"template":"","format":"standard","meta":{"_acf_changed":false,"footnotes":""},"tags":[],"drets":[1428,1463,1430,1431,1432,1433,1434,1435,1436,1437,1442,1462,1461,1460,1459,1458,1457,1503,1440,1455,1456,1454,1453,1452,1451,1647,1652,1667,1438,1450,1449,1448,1447,1446,1445,1444,1502],"class_list":["post-39755","post","type-post","status-publish","format-standard","has-post-thumbnail","hentry","drets-ciutat-equitativa","drets-dret-serveis-proteccio-social","drets-dret-a-educacio-i-lleure","drets-dret-a-la-salut","drets-drets-culturals","drets-dret-a-lesport","drets-dret-al-treball","drets-dret-a-lhabitatge","drets-drets-dacolldia","drets-dret-a-una-vida-lliure-de-violencies","drets-ciutat-diversa","drets-drets-de-la-infancia-i-ladolescencia","drets-drets-de-la-joventut","drets-drets-de-la-gent-gran","drets-drets-de-participacio","drets-dret-a-la-igualtat-i-a-la-diversitat","drets-drets-linguistics","drets-dret-a-les-cures","drets-ciutat-garantista","drets-drets-digitals","drets-dret-a-una-bona-administracio","drets-drets-de-les-persones-consumidores","drets-drets-funeraris","drets-dret-a-la-seguretat-ciutadana","drets-dret-a-lempadronament","drets-dret-a-la-informacio","drets-dret-a-la-memoria-democratica","drets-dret-a-la-integritat","drets-ciutat-habitable-i-sostenible","drets-dret-a-un-urbanisme-harmonios","drets-dret-a-una-convivencia-pacifica","drets-dret-al-medi-ambient","drets-dret-a-la-mobilitat","drets-dret-a-lespai-public","drets-dret-a-laccessibilitat-i-la-inclusivitat","drets-dret-al-descans","drets-dret-al-benestar-animal"],"acf":[],"yoast_head":"<!-- This site is optimized with the Yoast SEO plugin v27.5 - https:\/\/yoast.com\/product\/yoast-seo-wordpress\/ -->\n<title>El s\u00edndic interv\u00e9 en una confer\u00e8ncia a Malta sobre com fer servir les innovacions tecnol\u00f2giques per millorar la tasca de les defensories - Sindicatura de Greuges de Barcelona<\/title>\n<meta name=\"description\" content=\"David Bondia hi ha exposat aquest dijous el projecte europeu iDEM. Ha estat l&#039;\u00fanica defensoria local a intervenir-hi.\" \/>\n<meta name=\"robots\" content=\"index, follow, max-snippet:-1, max-image-preview:large, max-video-preview:-1\" \/>\n<link rel=\"canonical\" href=\"https:\/\/www.sindicaturabarcelona.cat\/ca\/el-sindic-interve-en-una-conferencia-a-malta-sobre-com-fer-servir-les-innovacions-tecnologiques-per-millorar-la-tasca-de-les-defensories\/\" \/>\n<meta property=\"og:locale\" content=\"ca_ES\" \/>\n<meta property=\"og:type\" content=\"article\" \/>\n<meta property=\"og:title\" content=\"El s\u00edndic interv\u00e9 en una confer\u00e8ncia a Malta sobre com fer servir les innovacions tecnol\u00f2giques per millorar la tasca de les defensories - Sindicatura de Greuges de Barcelona\" \/>\n<meta property=\"og:description\" content=\"David Bondia hi ha exposat aquest dijous el projecte europeu iDEM. Ha estat l&#039;\u00fanica defensoria local a intervenir-hi.\" \/>\n<meta property=\"og:url\" content=\"https:\/\/www.sindicaturabarcelona.cat\/ca\/el-sindic-interve-en-una-conferencia-a-malta-sobre-com-fer-servir-les-innovacions-tecnologiques-per-millorar-la-tasca-de-les-defensories\/\" \/>\n<meta property=\"og:site_name\" content=\"Sindicatura de Greuges de Barcelona\" \/>\n<meta property=\"article:published_time\" content=\"2025-10-17T06:59:21+00:00\" \/>\n<meta property=\"article:modified_time\" content=\"2025-10-18T21:27:47+00:00\" \/>\n<meta property=\"og:image\" content=\"https:\/\/www.sindicaturabarcelona.cat\/wp-content\/uploads\/thecreatives-ombudsmanday3-127-scaled.jpg\" \/>\n\t<meta property=\"og:image:width\" content=\"2560\" \/>\n\t<meta property=\"og:image:height\" content=\"1707\" \/>\n\t<meta property=\"og:image:type\" content=\"image\/jpeg\" \/>\n<meta name=\"author\" content=\"Pablo\" \/>\n<meta name=\"twitter:card\" content=\"summary_large_image\" \/>\n<meta name=\"twitter:creator\" content=\"@sindicbarcelona\" \/>\n<meta name=\"twitter:site\" content=\"@sindicbarcelona\" \/>\n<meta name=\"twitter:label1\" content=\"Escrit per\" \/>\n\t<meta name=\"twitter:data1\" content=\"Pablo\" \/>\n\t<meta name=\"twitter:label2\" content=\"Temps estimat de lectura\" \/>\n\t<meta name=\"twitter:data2\" content=\"4 minuts\" \/>\n<script type=\"application\/ld+json\" class=\"yoast-schema-graph\">{\"@context\":\"https:\\\/\\\/schema.org\",\"@graph\":[{\"@type\":\"Article\",\"@id\":\"https:\\\/\\\/www.sindicaturabarcelona.cat\\\/ca\\\/el-sindic-interve-en-una-conferencia-a-malta-sobre-com-fer-servir-les-innovacions-tecnologiques-per-millorar-la-tasca-de-les-defensories\\\/#article\",\"isPartOf\":{\"@id\":\"https:\\\/\\\/www.sindicaturabarcelona.cat\\\/ca\\\/el-sindic-interve-en-una-conferencia-a-malta-sobre-com-fer-servir-les-innovacions-tecnologiques-per-millorar-la-tasca-de-les-defensories\\\/\"},\"author\":{\"name\":\"Pablo\",\"@id\":\"https:\\\/\\\/www.sindicaturabarcelona.cat\\\/ca\\\/#\\\/schema\\\/person\\\/0e5acffc350ffdbc97578159322c9452\"},\"headline\":\"El s\u00edndic interv\u00e9 en una confer\u00e8ncia a Malta sobre com fer servir les innovacions tecnol\u00f2giques per millorar la tasca de les defensories\",\"datePublished\":\"2025-10-17T06:59:21+00:00\",\"dateModified\":\"2025-10-18T21:27:47+00:00\",\"mainEntityOfPage\":{\"@id\":\"https:\\\/\\\/www.sindicaturabarcelona.cat\\\/ca\\\/el-sindic-interve-en-una-conferencia-a-malta-sobre-com-fer-servir-les-innovacions-tecnologiques-per-millorar-la-tasca-de-les-defensories\\\/\"},\"wordCount\":582,\"publisher\":{\"@id\":\"https:\\\/\\\/www.sindicaturabarcelona.cat\\\/ca\\\/#organization\"},\"image\":{\"@id\":\"https:\\\/\\\/www.sindicaturabarcelona.cat\\\/ca\\\/el-sindic-interve-en-una-conferencia-a-malta-sobre-com-fer-servir-les-innovacions-tecnologiques-per-millorar-la-tasca-de-les-defensories\\\/#primaryimage\"},\"thumbnailUrl\":\"https:\\\/\\\/www.sindicaturabarcelona.cat\\\/wp-content\\\/uploads\\\/thecreatives-ombudsmanday3-127-scaled.jpg\",\"inLanguage\":\"ca\"},{\"@type\":\"WebPage\",\"@id\":\"https:\\\/\\\/www.sindicaturabarcelona.cat\\\/ca\\\/el-sindic-interve-en-una-conferencia-a-malta-sobre-com-fer-servir-les-innovacions-tecnologiques-per-millorar-la-tasca-de-les-defensories\\\/\",\"url\":\"https:\\\/\\\/www.sindicaturabarcelona.cat\\\/ca\\\/el-sindic-interve-en-una-conferencia-a-malta-sobre-com-fer-servir-les-innovacions-tecnologiques-per-millorar-la-tasca-de-les-defensories\\\/\",\"name\":\"El s\u00edndic interv\u00e9 en una confer\u00e8ncia a Malta sobre com fer servir les innovacions tecnol\u00f2giques per millorar la tasca de les defensories - Sindicatura de Greuges de Barcelona\",\"isPartOf\":{\"@id\":\"https:\\\/\\\/www.sindicaturabarcelona.cat\\\/ca\\\/#website\"},\"primaryImageOfPage\":{\"@id\":\"https:\\\/\\\/www.sindicaturabarcelona.cat\\\/ca\\\/el-sindic-interve-en-una-conferencia-a-malta-sobre-com-fer-servir-les-innovacions-tecnologiques-per-millorar-la-tasca-de-les-defensories\\\/#primaryimage\"},\"image\":{\"@id\":\"https:\\\/\\\/www.sindicaturabarcelona.cat\\\/ca\\\/el-sindic-interve-en-una-conferencia-a-malta-sobre-com-fer-servir-les-innovacions-tecnologiques-per-millorar-la-tasca-de-les-defensories\\\/#primaryimage\"},\"thumbnailUrl\":\"https:\\\/\\\/www.sindicaturabarcelona.cat\\\/wp-content\\\/uploads\\\/thecreatives-ombudsmanday3-127-scaled.jpg\",\"datePublished\":\"2025-10-17T06:59:21+00:00\",\"dateModified\":\"2025-10-18T21:27:47+00:00\",\"description\":\"David Bondia hi ha exposat aquest dijous el projecte europeu iDEM. Ha estat l'\u00fanica defensoria local a intervenir-hi.\",\"breadcrumb\":{\"@id\":\"https:\\\/\\\/www.sindicaturabarcelona.cat\\\/ca\\\/el-sindic-interve-en-una-conferencia-a-malta-sobre-com-fer-servir-les-innovacions-tecnologiques-per-millorar-la-tasca-de-les-defensories\\\/#breadcrumb\"},\"inLanguage\":\"ca\",\"potentialAction\":[{\"@type\":\"ReadAction\",\"target\":[\"https:\\\/\\\/www.sindicaturabarcelona.cat\\\/ca\\\/el-sindic-interve-en-una-conferencia-a-malta-sobre-com-fer-servir-les-innovacions-tecnologiques-per-millorar-la-tasca-de-les-defensories\\\/\"]}]},{\"@type\":\"ImageObject\",\"inLanguage\":\"ca\",\"@id\":\"https:\\\/\\\/www.sindicaturabarcelona.cat\\\/ca\\\/el-sindic-interve-en-una-conferencia-a-malta-sobre-com-fer-servir-les-innovacions-tecnologiques-per-millorar-la-tasca-de-les-defensories\\\/#primaryimage\",\"url\":\"https:\\\/\\\/www.sindicaturabarcelona.cat\\\/wp-content\\\/uploads\\\/thecreatives-ombudsmanday3-127-scaled.jpg\",\"contentUrl\":\"https:\\\/\\\/www.sindicaturabarcelona.cat\\\/wp-content\\\/uploads\\\/thecreatives-ombudsmanday3-127-scaled.jpg\",\"width\":2560,\"height\":1707,\"caption\":\"Bondia s\u00edndic Malta iDEM\"},{\"@type\":\"BreadcrumbList\",\"@id\":\"https:\\\/\\\/www.sindicaturabarcelona.cat\\\/ca\\\/el-sindic-interve-en-una-conferencia-a-malta-sobre-com-fer-servir-les-innovacions-tecnologiques-per-millorar-la-tasca-de-les-defensories\\\/#breadcrumb\",\"itemListElement\":[{\"@type\":\"ListItem\",\"position\":1,\"name\":\"Inici\",\"item\":\"https:\\\/\\\/www.sindicaturabarcelona.cat\\\/ca\\\/\"},{\"@type\":\"ListItem\",\"position\":2,\"name\":\"El s\u00edndic interv\u00e9 en una confer\u00e8ncia a Malta sobre com fer servir les innovacions tecnol\u00f2giques per millorar la tasca de les defensories\"}]},{\"@type\":\"WebSite\",\"@id\":\"https:\\\/\\\/www.sindicaturabarcelona.cat\\\/ca\\\/#website\",\"url\":\"https:\\\/\\\/www.sindicaturabarcelona.cat\\\/ca\\\/\",\"name\":\"Sindicatura de Greuges de Barcelona\",\"description\":\"La defensoria dels teus drets\",\"publisher\":{\"@id\":\"https:\\\/\\\/www.sindicaturabarcelona.cat\\\/ca\\\/#organization\"},\"potentialAction\":[{\"@type\":\"SearchAction\",\"target\":{\"@type\":\"EntryPoint\",\"urlTemplate\":\"https:\\\/\\\/www.sindicaturabarcelona.cat\\\/ca\\\/?s={search_term_string}\"},\"query-input\":{\"@type\":\"PropertyValueSpecification\",\"valueRequired\":true,\"valueName\":\"search_term_string\"}}],\"inLanguage\":\"ca\"},{\"@type\":\"Organization\",\"@id\":\"https:\\\/\\\/www.sindicaturabarcelona.cat\\\/ca\\\/#organization\",\"name\":\"Sindicatura de Greuges de Barcelona\",\"url\":\"https:\\\/\\\/www.sindicaturabarcelona.cat\\\/ca\\\/\",\"logo\":{\"@type\":\"ImageObject\",\"inLanguage\":\"ca\",\"@id\":\"https:\\\/\\\/www.sindicaturabarcelona.cat\\\/ca\\\/#\\\/schema\\\/logo\\\/image\\\/\",\"url\":\"https:\\\/\\\/www.sindicaturabarcelona.cat\\\/wp-content\\\/uploads\\\/2023\\\/02\\\/logo_sindicatura.svg\",\"contentUrl\":\"https:\\\/\\\/www.sindicaturabarcelona.cat\\\/wp-content\\\/uploads\\\/2023\\\/02\\\/logo_sindicatura.svg\",\"caption\":\"Sindicatura de Greuges de Barcelona\"},\"image\":{\"@id\":\"https:\\\/\\\/www.sindicaturabarcelona.cat\\\/ca\\\/#\\\/schema\\\/logo\\\/image\\\/\"},\"sameAs\":[\"https:\\\/\\\/x.com\\\/sindicbarcelona\",\"https:\\\/\\\/www.instagram.com\\\/sindicbarcelona\\\/\",\"https:\\\/\\\/www.tiktok.com\\\/@sindicaturabcn\",\"https:\\\/\\\/t.me\\\/sindicaturabarcelona\"]},{\"@type\":\"Person\",\"@id\":\"https:\\\/\\\/www.sindicaturabarcelona.cat\\\/ca\\\/#\\\/schema\\\/person\\\/0e5acffc350ffdbc97578159322c9452\",\"name\":\"Pablo\",\"image\":{\"@type\":\"ImageObject\",\"inLanguage\":\"ca\",\"@id\":\"https:\\\/\\\/secure.gravatar.com\\\/avatar\\\/c948169b402ef9492afde705c3dfd5e90e1a6a84ef6840a91124f805a25a480f?s=96&d=mm&r=g\",\"url\":\"https:\\\/\\\/secure.gravatar.com\\\/avatar\\\/c948169b402ef9492afde705c3dfd5e90e1a6a84ef6840a91124f805a25a480f?s=96&d=mm&r=g\",\"contentUrl\":\"https:\\\/\\\/secure.gravatar.com\\\/avatar\\\/c948169b402ef9492afde705c3dfd5e90e1a6a84ef6840a91124f805a25a480f?s=96&d=mm&r=g\",\"caption\":\"Pablo\"},\"url\":\"https:\\\/\\\/www.sindicaturabarcelona.cat\\\/ca\\\/author\\\/pablo\\\/\"}]}<\/script>\n<!-- \/ Yoast SEO plugin. -->","yoast_head_json":{"title":"El s\u00edndic interv\u00e9 en una confer\u00e8ncia a Malta sobre com fer servir les innovacions tecnol\u00f2giques per millorar la tasca de les defensories - Sindicatura de Greuges de Barcelona","description":"David Bondia hi ha exposat aquest dijous el projecte europeu iDEM. Ha estat l'\u00fanica defensoria local a intervenir-hi.","robots":{"index":"index","follow":"follow","max-snippet":"max-snippet:-1","max-image-preview":"max-image-preview:large","max-video-preview":"max-video-preview:-1"},"canonical":"https:\/\/www.sindicaturabarcelona.cat\/ca\/el-sindic-interve-en-una-conferencia-a-malta-sobre-com-fer-servir-les-innovacions-tecnologiques-per-millorar-la-tasca-de-les-defensories\/","og_locale":"ca_ES","og_type":"article","og_title":"El s\u00edndic interv\u00e9 en una confer\u00e8ncia a Malta sobre com fer servir les innovacions tecnol\u00f2giques per millorar la tasca de les defensories - Sindicatura de Greuges de Barcelona","og_description":"David Bondia hi ha exposat aquest dijous el projecte europeu iDEM. Ha estat l'\u00fanica defensoria local a intervenir-hi.","og_url":"https:\/\/www.sindicaturabarcelona.cat\/ca\/el-sindic-interve-en-una-conferencia-a-malta-sobre-com-fer-servir-les-innovacions-tecnologiques-per-millorar-la-tasca-de-les-defensories\/","og_site_name":"Sindicatura de Greuges de Barcelona","article_published_time":"2025-10-17T06:59:21+00:00","article_modified_time":"2025-10-18T21:27:47+00:00","og_image":[{"width":2560,"height":1707,"url":"https:\/\/www.sindicaturabarcelona.cat\/wp-content\/uploads\/thecreatives-ombudsmanday3-127-scaled.jpg","type":"image\/jpeg"}],"author":"Pablo","twitter_card":"summary_large_image","twitter_creator":"@sindicbarcelona","twitter_site":"@sindicbarcelona","twitter_misc":{"Escrit per":"Pablo","Temps estimat de lectura":"4 minuts"},"schema":{"@context":"https:\/\/schema.org","@graph":[{"@type":"Article","@id":"https:\/\/www.sindicaturabarcelona.cat\/ca\/el-sindic-interve-en-una-conferencia-a-malta-sobre-com-fer-servir-les-innovacions-tecnologiques-per-millorar-la-tasca-de-les-defensories\/#article","isPartOf":{"@id":"https:\/\/www.sindicaturabarcelona.cat\/ca\/el-sindic-interve-en-una-conferencia-a-malta-sobre-com-fer-servir-les-innovacions-tecnologiques-per-millorar-la-tasca-de-les-defensories\/"},"author":{"name":"Pablo","@id":"https:\/\/www.sindicaturabarcelona.cat\/ca\/#\/schema\/person\/0e5acffc350ffdbc97578159322c9452"},"headline":"El s\u00edndic interv\u00e9 en una confer\u00e8ncia a Malta sobre com fer servir les innovacions tecnol\u00f2giques per millorar la tasca de les defensories","datePublished":"2025-10-17T06:59:21+00:00","dateModified":"2025-10-18T21:27:47+00:00","mainEntityOfPage":{"@id":"https:\/\/www.sindicaturabarcelona.cat\/ca\/el-sindic-interve-en-una-conferencia-a-malta-sobre-com-fer-servir-les-innovacions-tecnologiques-per-millorar-la-tasca-de-les-defensories\/"},"wordCount":582,"publisher":{"@id":"https:\/\/www.sindicaturabarcelona.cat\/ca\/#organization"},"image":{"@id":"https:\/\/www.sindicaturabarcelona.cat\/ca\/el-sindic-interve-en-una-conferencia-a-malta-sobre-com-fer-servir-les-innovacions-tecnologiques-per-millorar-la-tasca-de-les-defensories\/#primaryimage"},"thumbnailUrl":"https:\/\/www.sindicaturabarcelona.cat\/wp-content\/uploads\/thecreatives-ombudsmanday3-127-scaled.jpg","inLanguage":"ca"},{"@type":"WebPage","@id":"https:\/\/www.sindicaturabarcelona.cat\/ca\/el-sindic-interve-en-una-conferencia-a-malta-sobre-com-fer-servir-les-innovacions-tecnologiques-per-millorar-la-tasca-de-les-defensories\/","url":"https:\/\/www.sindicaturabarcelona.cat\/ca\/el-sindic-interve-en-una-conferencia-a-malta-sobre-com-fer-servir-les-innovacions-tecnologiques-per-millorar-la-tasca-de-les-defensories\/","name":"El s\u00edndic interv\u00e9 en una confer\u00e8ncia a Malta sobre com fer servir les innovacions tecnol\u00f2giques per millorar la tasca de les defensories - Sindicatura de Greuges de Barcelona","isPartOf":{"@id":"https:\/\/www.sindicaturabarcelona.cat\/ca\/#website"},"primaryImageOfPage":{"@id":"https:\/\/www.sindicaturabarcelona.cat\/ca\/el-sindic-interve-en-una-conferencia-a-malta-sobre-com-fer-servir-les-innovacions-tecnologiques-per-millorar-la-tasca-de-les-defensories\/#primaryimage"},"image":{"@id":"https:\/\/www.sindicaturabarcelona.cat\/ca\/el-sindic-interve-en-una-conferencia-a-malta-sobre-com-fer-servir-les-innovacions-tecnologiques-per-millorar-la-tasca-de-les-defensories\/#primaryimage"},"thumbnailUrl":"https:\/\/www.sindicaturabarcelona.cat\/wp-content\/uploads\/thecreatives-ombudsmanday3-127-scaled.jpg","datePublished":"2025-10-17T06:59:21+00:00","dateModified":"2025-10-18T21:27:47+00:00","description":"David Bondia hi ha exposat aquest dijous el projecte europeu iDEM. Ha estat l'\u00fanica defensoria local a intervenir-hi.","breadcrumb":{"@id":"https:\/\/www.sindicaturabarcelona.cat\/ca\/el-sindic-interve-en-una-conferencia-a-malta-sobre-com-fer-servir-les-innovacions-tecnologiques-per-millorar-la-tasca-de-les-defensories\/#breadcrumb"},"inLanguage":"ca","potentialAction":[{"@type":"ReadAction","target":["https:\/\/www.sindicaturabarcelona.cat\/ca\/el-sindic-interve-en-una-conferencia-a-malta-sobre-com-fer-servir-les-innovacions-tecnologiques-per-millorar-la-tasca-de-les-defensories\/"]}]},{"@type":"ImageObject","inLanguage":"ca","@id":"https:\/\/www.sindicaturabarcelona.cat\/ca\/el-sindic-interve-en-una-conferencia-a-malta-sobre-com-fer-servir-les-innovacions-tecnologiques-per-millorar-la-tasca-de-les-defensories\/#primaryimage","url":"https:\/\/www.sindicaturabarcelona.cat\/wp-content\/uploads\/thecreatives-ombudsmanday3-127-scaled.jpg","contentUrl":"https:\/\/www.sindicaturabarcelona.cat\/wp-content\/uploads\/thecreatives-ombudsmanday3-127-scaled.jpg","width":2560,"height":1707,"caption":"Bondia s\u00edndic Malta iDEM"},{"@type":"BreadcrumbList","@id":"https:\/\/www.sindicaturabarcelona.cat\/ca\/el-sindic-interve-en-una-conferencia-a-malta-sobre-com-fer-servir-les-innovacions-tecnologiques-per-millorar-la-tasca-de-les-defensories\/#breadcrumb","itemListElement":[{"@type":"ListItem","position":1,"name":"Inici","item":"https:\/\/www.sindicaturabarcelona.cat\/ca\/"},{"@type":"ListItem","position":2,"name":"El s\u00edndic interv\u00e9 en una confer\u00e8ncia a Malta sobre com fer servir les innovacions tecnol\u00f2giques per millorar la tasca de les defensories"}]},{"@type":"WebSite","@id":"https:\/\/www.sindicaturabarcelona.cat\/ca\/#website","url":"https:\/\/www.sindicaturabarcelona.cat\/ca\/","name":"Sindicatura de Greuges de Barcelona","description":"La defensoria dels teus drets","publisher":{"@id":"https:\/\/www.sindicaturabarcelona.cat\/ca\/#organization"},"potentialAction":[{"@type":"SearchAction","target":{"@type":"EntryPoint","urlTemplate":"https:\/\/www.sindicaturabarcelona.cat\/ca\/?s={search_term_string}"},"query-input":{"@type":"PropertyValueSpecification","valueRequired":true,"valueName":"search_term_string"}}],"inLanguage":"ca"},{"@type":"Organization","@id":"https:\/\/www.sindicaturabarcelona.cat\/ca\/#organization","name":"Sindicatura de Greuges de Barcelona","url":"https:\/\/www.sindicaturabarcelona.cat\/ca\/","logo":{"@type":"ImageObject","inLanguage":"ca","@id":"https:\/\/www.sindicaturabarcelona.cat\/ca\/#\/schema\/logo\/image\/","url":"https:\/\/www.sindicaturabarcelona.cat\/wp-content\/uploads\/2023\/02\/logo_sindicatura.svg","contentUrl":"https:\/\/www.sindicaturabarcelona.cat\/wp-content\/uploads\/2023\/02\/logo_sindicatura.svg","caption":"Sindicatura de Greuges de Barcelona"},"image":{"@id":"https:\/\/www.sindicaturabarcelona.cat\/ca\/#\/schema\/logo\/image\/"},"sameAs":["https:\/\/x.com\/sindicbarcelona","https:\/\/www.instagram.com\/sindicbarcelona\/","https:\/\/www.tiktok.com\/@sindicaturabcn","https:\/\/t.me\/sindicaturabarcelona"]},{"@type":"Person","@id":"https:\/\/www.sindicaturabarcelona.cat\/ca\/#\/schema\/person\/0e5acffc350ffdbc97578159322c9452","name":"Pablo","image":{"@type":"ImageObject","inLanguage":"ca","@id":"https:\/\/secure.gravatar.com\/avatar\/c948169b402ef9492afde705c3dfd5e90e1a6a84ef6840a91124f805a25a480f?s=96&d=mm&r=g","url":"https:\/\/secure.gravatar.com\/avatar\/c948169b402ef9492afde705c3dfd5e90e1a6a84ef6840a91124f805a25a480f?s=96&d=mm&r=g","contentUrl":"https:\/\/secure.gravatar.com\/avatar\/c948169b402ef9492afde705c3dfd5e90e1a6a84ef6840a91124f805a25a480f?s=96&d=mm&r=g","caption":"Pablo"},"url":"https:\/\/www.sindicaturabarcelona.cat\/ca\/author\/pablo\/"}]}},"_links":{"self":[{"href":"https:\/\/www.sindicaturabarcelona.cat\/ca\/wp-json\/wp\/v2\/posts\/39755","targetHints":{"allow":["GET"]}}],"collection":[{"href":"https:\/\/www.sindicaturabarcelona.cat\/ca\/wp-json\/wp\/v2\/posts"}],"about":[{"href":"https:\/\/www.sindicaturabarcelona.cat\/ca\/wp-json\/wp\/v2\/types\/post"}],"author":[{"embeddable":true,"href":"https:\/\/www.sindicaturabarcelona.cat\/ca\/wp-json\/wp\/v2\/users\/2"}],"replies":[{"embeddable":true,"href":"https:\/\/www.sindicaturabarcelona.cat\/ca\/wp-json\/wp\/v2\/comments?post=39755"}],"version-history":[{"count":18,"href":"https:\/\/www.sindicaturabarcelona.cat\/ca\/wp-json\/wp\/v2\/posts\/39755\/revisions"}],"predecessor-version":[{"id":39852,"href":"https:\/\/www.sindicaturabarcelona.cat\/ca\/wp-json\/wp\/v2\/posts\/39755\/revisions\/39852"}],"wp:featuredmedia":[{"embeddable":true,"href":"https:\/\/www.sindicaturabarcelona.cat\/ca\/wp-json\/wp\/v2\/media\/39822"}],"wp:attachment":[{"href":"https:\/\/www.sindicaturabarcelona.cat\/ca\/wp-json\/wp\/v2\/media?parent=39755"}],"wp:term":[{"taxonomy":"post_tag","embeddable":true,"href":"https:\/\/www.sindicaturabarcelona.cat\/ca\/wp-json\/wp\/v2\/tags?post=39755"},{"taxonomy":"drets","embeddable":true,"href":"https:\/\/www.sindicaturabarcelona.cat\/ca\/wp-json\/wp\/v2\/drets?post=39755"}],"curies":[{"name":"wp","href":"https:\/\/api.w.org\/{rel}","templated":true}]}}