{"id":39595,"date":"2025-10-10T08:36:12","date_gmt":"2025-10-10T06:36:12","guid":{"rendered":"https:\/\/www.sindicaturabarcelona.cat\/?p=39595"},"modified":"2025-10-10T10:43:49","modified_gmt":"2025-10-10T08:43:49","slug":"la-sindicatura-de-greuges-de-barcelona-considera-que-les-propostes-per-a-una-nova-ordenanca-de-terrasses-han-de-basar-se-en-els-drets-humans","status":"publish","type":"post","link":"https:\/\/www.sindicaturabarcelona.cat\/ca\/la-sindicatura-de-greuges-de-barcelona-considera-que-les-propostes-per-a-una-nova-ordenanca-de-terrasses-han-de-basar-se-en-els-drets-humans\/","title":{"rendered":"La Sindicatura considera que les propostes per a una nova Ordenan\u00e7a de terrasses han de basar-se en els drets humans"},"content":{"rendered":"\n<h2 class=\"wp-block-heading\">Despr\u00e9s d&#8217;analitzar les iniciatives ciutadanes de la FAVB i del Gremi de Restauraci\u00f3, concloem que una nova norma s\u2019ha d\u2019abordar respectant la igualtat, l\u2019accessibilitat, el medi ambient i el descans, per tal de trobar un equilibri entre l\u2019activitat econ\u00f2mica i el dret a la ciutat. &nbsp;<\/h2>\n\n\n\n<h2 class=\"wp-block-heading\">Cal valorar la modificaci\u00f3 de la normativa actual, o la dotaci\u00f3 de&nbsp; m\u00e9s recursos, per evitar-ne els incompliments reiterats.<\/h2>\n\n\n\n<p>La <a href=\"https:\/\/favb.cat\/terrassesveinals\/\">Federaci\u00f3 d\u2019Associacions Ve\u00efnals<\/a> (FAVB) va presentar una queixa en qu\u00e8 demanava que la Sindicatura examin\u00e9s la seva <a href=\"https:\/\/bcnroc.ajuntament.barcelona.cat\/jspui\/bitstream\/11703\/126130\/3\/INICIATIVAOKOKOK_QROK.pdf\">iniciativa ciutadana<\/a> perqu\u00e8 s\u2019aprov\u00e9s una nova Ordenan\u00e7a de terrasses, i que la compar\u00e9s amb la que, posteriorment, <a href=\"https:\/\/beteve.cat\/economia\/gremi-restauracio-recull-10-mil-signatures-favor-terrasses\/\">va elaborar el Gremi de Restauraci\u00f3<\/a>. Les dues iniciatives ja compten amb les signatures requerides. Segons la FAVB, <strong>aquesta an\u00e0lisi en facilitaria la tramitaci\u00f3 i n\u2019enriquiria el debat<\/strong>.<\/p>\n\n\n\n<p>La defensoria, <a href=\"https:\/\/www.sindicaturabarcelona.cat\/wp-content\/uploads\/202509_Dret-Espai-Public-Participacio-Llicencies-Via-Publica_FAVB-Gremi-Restauradors-ordenanca-terrasses-iniciatives-ciutadanes_25Q00027.pdf\">en la seva resoluci\u00f3<\/a>, considera que <strong>les <\/strong><a href=\"https:\/\/bcnroc.ajuntament.barcelona.cat\/jspui\/handle\/11703\/123737?mode=simple\"><strong>ordenances municipals sobre terrasses<\/strong><\/a><strong> tenen un impacte directe en diversos drets humans de proximitat<\/strong>, per la qual cosa cal abordar aquest tema amb un enfocament que els protegeixi. La nova regulaci\u00f3 ha de promoure un \u00fas equitatiu de l\u2019espai p\u00fablic i preservar el dret a la ciutat, \u00e9s a dir, que tota la ciutadania pugui viure en un entorn urb\u00e0 inclusiu i a participar-ne en l\u2019elaboraci\u00f3. Per aix\u00f2, <strong>s\u2019examinen les propostes en relaci\u00f3 a uns drets humans de proximitat espec\u00edfics<\/strong>:&nbsp; &nbsp;&nbsp;<\/p>\n\n\n\n<ul class=\"wp-block-list\">\n<li><strong>A la igualtat i a l\u2019accessibilitat: <\/strong><\/li>\n<\/ul>\n\n\n\n<p>L\u2019ordenan\u00e7a actual no recull les previsions contingudes en el <a href=\"https:\/\/dretssocials.gencat.cat\/ca\/ambits_tematics\/accessibilitat\/normativa\/codi-accessibilitat-catalunya-2023\/index.html\">Reglament d\u2019accessibilitat<\/a> de Catalunya. Entre les noves obligacions aplicables a les terrasses, cal destacar l\u2019obligaci\u00f3 que estiguin delimitades per tancaments que generin una doble fa\u00e7ana, i que els establiments amb m\u00e9s de cinquanta places disposin d\u2019un m\u00ednim del 20% de taules accessibles, amb lavabos i senyalitzaci\u00f3 tamb\u00e9 accessibles. <\/p>\n\n\n\n<p>La nova ordenan\u00e7a hauria d\u2019incorporar d\u2019una manera clara, expl\u00edcita i al cos del text les disposicions relatives a l\u2019accessibilitat universal i al reglament catal\u00e0 espec\u00edfic. Aix\u00f2 facilitaria la comprensi\u00f3 i aplicaci\u00f3 d&#8217;uns criteris per part dels seus destinataris, com els i les responsables dels establiments de restauraci\u00f3, i s\u2019evitarien conflictes, sancions o revocacions de permisos per incompliment. L\u2019Ajuntament, per la seva banda, refermaria el comprom\u00eds institucional amb la igualtat d\u2019oportunitats i la inclusi\u00f3 social.<\/p>\n\n\n\n<ul class=\"wp-block-list\">\n<li><strong>Al medi ambient:<\/strong><\/li>\n<\/ul>\n\n\n\n<p>L\u2019ocupaci\u00f3 intensiva de l\u2019espai p\u00fablic pot incrementar la contaminaci\u00f3 ac\u00fastica i lum\u00ednica. La nova normativa hauria d\u2019incorporar criteris de sostenibilitat ambiental i efici\u00e8ncia energ\u00e8tica, per tal de trobar un equilibri entre l\u2019activitat econ\u00f2mica i la salut ambiental i social de la ciutat.<\/p>\n\n\n\n<p><strong>Un dels elements que generen m\u00e9s emissions contaminants s\u00f3n les estufes exteriors<\/strong>. Tot i que les el\u00e8ctriques s\u00f3n m\u00e9s eficients que les de but\u00e0 o prop\u00e0, l\u2019impacte global en emissions pot ser superior. Per aquest motiu, l\u2019Ag\u00e8ncia d\u2019Energia de Barcelona proposa valorar no autoritzar la calefacci\u00f3 de les terrasses com a mesura per reduir l\u2019impacte ambiental i energ\u00e8tic. En aquest sentit, la Sindicatura ja va emetre enguany una <a href=\"https:\/\/www.sindicaturabarcelona.cat\/ca\/la-sindicatura-de-greuges-demana-a-lajuntament-que-valori-la-prohibicio-de-totes-les-estufes-de-les-terrasses-dels-locals-de-restauracio\/\">resoluci\u00f3 en qu\u00e8 es convidava el consistori a considerar aquesta prohibici\u00f3<\/a>.<\/p>\n\n\n\n<ul class=\"wp-block-list\">\n<li><strong>Al descans:<\/strong><\/li>\n<\/ul>\n\n\n\n<p>El soroll persistent pot incidir negativament en la conviv\u00e8ncia pac\u00edfica i en la intimitat de les persones, com ha posat de manifest la Sindicatura en diverses resolucions, <a href=\"https:\/\/www.sindicaturabarcelona.cat\/wp-content\/uploads\/202508_Dret-descans-Llicencia-Via-Publica_molesties-soroll-veinat-Consell-Cent_25Q000381.pdf\">la darrera de les quals es va publicar a l\u2019agost<\/a>. Per evitar-ho, l\u2019Ajuntament podria incorporar <strong>mecanismes de control<\/strong>: limitaci\u00f3 d\u2019horaris, instal\u00b7laci\u00f3 de son\u00f2metres o revisi\u00f3 de llic\u00e8ncies en zones molt sensibles.<\/p>\n\n\n\n<p>Amb aquesta perspectiva, l\u2019ordenan\u00e7a municipal sobre terrasses hauria de preveure, d\u2019una manera expl\u00edcita, el dret al descans com a principi regulador.<\/p>\n\n\n\n<h2 class=\"wp-block-heading\"><strong>I si es vulneren aquests drets?<\/strong><\/h2>\n\n\n\n<p>Per refor\u00e7ar l\u2019efic\u00e0cia de les normes, des de la Sindicatura de Greuges de Barcelona es considera que cal valorar f\u00f3rmules que permetin aplicar les conseq\u00fc\u00e8ncies jur\u00eddiques previstes en la normativa, com les <strong>sancions<\/strong>, <strong>als casos d\u2019incompliment reiterat<\/strong>.<\/p>\n\n\n\n<p>Quan les infraccions no es castiguen, es poden consolidar pr\u00e0ctiques que afectin negativament l\u2019inter\u00e8s general o que vulnerin drets individuals. <strong>L\u2019aplicaci\u00f3 coherent de les mesures sancionadores previstes pot actuar com a mecanisme preventiu i de correcci\u00f3 d\u2019aquestes pr\u00e0ctiques<\/strong>. D\u2019altra banda, cal garantir que s\u2019executin les normes uniformement, per evitar greuges comparatius entre qui les compleix i qui no.<\/p>\n\n\n\n<p>Per tot aix\u00f2, considerem <a href=\"https:\/\/www.sindicaturabarcelona.cat\/wp-content\/uploads\/202509_Dret-Espai-Public-Participacio-Llicencies-Via-Publica_FAVB-Gremi-Restauradors-ordenanca-terrasses-iniciatives-ciutadanes_25Q00027.pdf\">en la nostra resoluci\u00f3<\/a> que <strong>l\u2019Ajuntament no hauria d\u2019esperar a aprovar una nova ordenan\u00e7a de terrasses per refor\u00e7ar-ne l\u2019efic\u00e0cia<\/strong>. El consistori hauria de valorar la possibilitat revisar-ne la redacci\u00f3, o augmentar la dotaci\u00f3 de recursos que permetin tramitar els procediments dins dels terminis establerts.<\/p>\n","protected":false},"excerpt":{"rendered":"<p>Despr\u00e9s d&#8217;analitzar les iniciatives ciutadanes de la FAVB i del Gremi de Restauraci\u00f3, concloem que una nova norma s\u2019ha d\u2019abordar respectant la igualtat, l\u2019accessibilitat, el medi ambient i el descans, [&hellip;]<\/p>\n","protected":false},"author":2,"featured_media":39602,"comment_status":"closed","ping_status":"closed","sticky":false,"template":"","format":"standard","meta":{"_acf_changed":false,"footnotes":""},"tags":[],"drets":[1442,1459,1438,1446],"class_list":["post-39595","post","type-post","status-publish","format-standard","has-post-thumbnail","hentry","drets-ciutat-diversa","drets-drets-de-participacio","drets-ciutat-habitable-i-sostenible","drets-dret-a-lespai-public"],"acf":[],"yoast_head":"<!-- This site is optimized with the Yoast SEO plugin v27.5 - https:\/\/yoast.com\/product\/yoast-seo-wordpress\/ -->\n<title>La Sindicatura considera que les propostes per a una nova Ordenan\u00e7a de terrasses han de basar-se en els drets humans - Sindicatura de Greuges de Barcelona<\/title>\n<meta name=\"description\" content=\"Despr\u00e9s d&#039;analitzar les iniciatives ciutadanes de la FAVB i del Gremi de Restauraci\u00f3, concloem que una nova norma s\u2019ha d\u2019abordar respectant la igualtat, l\u2019accessibilitat, el medi ambient i el descans.\" \/>\n<meta name=\"robots\" content=\"index, follow, max-snippet:-1, max-image-preview:large, max-video-preview:-1\" \/>\n<link rel=\"canonical\" href=\"https:\/\/www.sindicaturabarcelona.cat\/ca\/la-sindicatura-de-greuges-de-barcelona-considera-que-les-propostes-per-a-una-nova-ordenanca-de-terrasses-han-de-basar-se-en-els-drets-humans\/\" \/>\n<meta property=\"og:locale\" content=\"ca_ES\" \/>\n<meta property=\"og:type\" content=\"article\" \/>\n<meta property=\"og:title\" content=\"La Sindicatura considera que les propostes per a una nova Ordenan\u00e7a de terrasses han de basar-se en els drets humans - Sindicatura de Greuges de Barcelona\" \/>\n<meta property=\"og:description\" content=\"Despr\u00e9s d&#039;analitzar les iniciatives ciutadanes de la FAVB i del Gremi de Restauraci\u00f3, concloem que una nova norma s\u2019ha d\u2019abordar respectant la igualtat, l\u2019accessibilitat, el medi ambient i el descans.\" \/>\n<meta property=\"og:url\" content=\"https:\/\/www.sindicaturabarcelona.cat\/ca\/la-sindicatura-de-greuges-de-barcelona-considera-que-les-propostes-per-a-una-nova-ordenanca-de-terrasses-han-de-basar-se-en-els-drets-humans\/\" \/>\n<meta property=\"og:site_name\" content=\"Sindicatura de Greuges de Barcelona\" \/>\n<meta property=\"article:published_time\" content=\"2025-10-10T06:36:12+00:00\" \/>\n<meta property=\"article:modified_time\" content=\"2025-10-10T08:43:49+00:00\" \/>\n<meta property=\"og:image\" content=\"https:\/\/www.sindicaturabarcelona.cat\/wp-content\/uploads\/restaurant-que-te-installat-un-dels.jpg\" \/>\n\t<meta property=\"og:image:width\" content=\"2000\" \/>\n\t<meta property=\"og:image:height\" content=\"1334\" \/>\n\t<meta property=\"og:image:type\" content=\"image\/jpeg\" \/>\n<meta name=\"author\" content=\"Pablo\" \/>\n<meta name=\"twitter:card\" content=\"summary_large_image\" \/>\n<meta name=\"twitter:creator\" content=\"@sindicbarcelona\" \/>\n<meta name=\"twitter:site\" content=\"@sindicbarcelona\" \/>\n<meta name=\"twitter:label1\" content=\"Escrit per\" \/>\n\t<meta name=\"twitter:data1\" content=\"Pablo\" \/>\n\t<meta name=\"twitter:label2\" content=\"Temps estimat de lectura\" \/>\n\t<meta name=\"twitter:data2\" content=\"5 minuts\" \/>\n<script type=\"application\/ld+json\" class=\"yoast-schema-graph\">{\"@context\":\"https:\\\/\\\/schema.org\",\"@graph\":[{\"@type\":\"Article\",\"@id\":\"https:\\\/\\\/www.sindicaturabarcelona.cat\\\/ca\\\/la-sindicatura-de-greuges-de-barcelona-considera-que-les-propostes-per-a-una-nova-ordenanca-de-terrasses-han-de-basar-se-en-els-drets-humans\\\/#article\",\"isPartOf\":{\"@id\":\"https:\\\/\\\/www.sindicaturabarcelona.cat\\\/ca\\\/la-sindicatura-de-greuges-de-barcelona-considera-que-les-propostes-per-a-una-nova-ordenanca-de-terrasses-han-de-basar-se-en-els-drets-humans\\\/\"},\"author\":{\"name\":\"Pablo\",\"@id\":\"https:\\\/\\\/www.sindicaturabarcelona.cat\\\/ca\\\/#\\\/schema\\\/person\\\/0e5acffc350ffdbc97578159322c9452\"},\"headline\":\"La Sindicatura considera que les propostes per a una nova Ordenan\u00e7a de terrasses han de basar-se en els drets humans\",\"datePublished\":\"2025-10-10T06:36:12+00:00\",\"dateModified\":\"2025-10-10T08:43:49+00:00\",\"mainEntityOfPage\":{\"@id\":\"https:\\\/\\\/www.sindicaturabarcelona.cat\\\/ca\\\/la-sindicatura-de-greuges-de-barcelona-considera-que-les-propostes-per-a-una-nova-ordenanca-de-terrasses-han-de-basar-se-en-els-drets-humans\\\/\"},\"wordCount\":828,\"publisher\":{\"@id\":\"https:\\\/\\\/www.sindicaturabarcelona.cat\\\/ca\\\/#organization\"},\"image\":{\"@id\":\"https:\\\/\\\/www.sindicaturabarcelona.cat\\\/ca\\\/la-sindicatura-de-greuges-de-barcelona-considera-que-les-propostes-per-a-una-nova-ordenanca-de-terrasses-han-de-basar-se-en-els-drets-humans\\\/#primaryimage\"},\"thumbnailUrl\":\"https:\\\/\\\/www.sindicaturabarcelona.cat\\\/wp-content\\\/uploads\\\/restaurant-que-te-installat-un-dels.jpg\",\"inLanguage\":\"ca\"},{\"@type\":\"WebPage\",\"@id\":\"https:\\\/\\\/www.sindicaturabarcelona.cat\\\/ca\\\/la-sindicatura-de-greuges-de-barcelona-considera-que-les-propostes-per-a-una-nova-ordenanca-de-terrasses-han-de-basar-se-en-els-drets-humans\\\/\",\"url\":\"https:\\\/\\\/www.sindicaturabarcelona.cat\\\/ca\\\/la-sindicatura-de-greuges-de-barcelona-considera-que-les-propostes-per-a-una-nova-ordenanca-de-terrasses-han-de-basar-se-en-els-drets-humans\\\/\",\"name\":\"La Sindicatura considera que les propostes per a una nova Ordenan\u00e7a de terrasses han de basar-se en els drets humans - Sindicatura de Greuges de Barcelona\",\"isPartOf\":{\"@id\":\"https:\\\/\\\/www.sindicaturabarcelona.cat\\\/ca\\\/#website\"},\"primaryImageOfPage\":{\"@id\":\"https:\\\/\\\/www.sindicaturabarcelona.cat\\\/ca\\\/la-sindicatura-de-greuges-de-barcelona-considera-que-les-propostes-per-a-una-nova-ordenanca-de-terrasses-han-de-basar-se-en-els-drets-humans\\\/#primaryimage\"},\"image\":{\"@id\":\"https:\\\/\\\/www.sindicaturabarcelona.cat\\\/ca\\\/la-sindicatura-de-greuges-de-barcelona-considera-que-les-propostes-per-a-una-nova-ordenanca-de-terrasses-han-de-basar-se-en-els-drets-humans\\\/#primaryimage\"},\"thumbnailUrl\":\"https:\\\/\\\/www.sindicaturabarcelona.cat\\\/wp-content\\\/uploads\\\/restaurant-que-te-installat-un-dels.jpg\",\"datePublished\":\"2025-10-10T06:36:12+00:00\",\"dateModified\":\"2025-10-10T08:43:49+00:00\",\"description\":\"Despr\u00e9s d'analitzar les iniciatives ciutadanes de la FAVB i del Gremi de Restauraci\u00f3, concloem que una nova norma s\u2019ha d\u2019abordar respectant la igualtat, l\u2019accessibilitat, el medi ambient i el descans.\",\"breadcrumb\":{\"@id\":\"https:\\\/\\\/www.sindicaturabarcelona.cat\\\/ca\\\/la-sindicatura-de-greuges-de-barcelona-considera-que-les-propostes-per-a-una-nova-ordenanca-de-terrasses-han-de-basar-se-en-els-drets-humans\\\/#breadcrumb\"},\"inLanguage\":\"ca\",\"potentialAction\":[{\"@type\":\"ReadAction\",\"target\":[\"https:\\\/\\\/www.sindicaturabarcelona.cat\\\/ca\\\/la-sindicatura-de-greuges-de-barcelona-considera-que-les-propostes-per-a-una-nova-ordenanca-de-terrasses-han-de-basar-se-en-els-drets-humans\\\/\"]}]},{\"@type\":\"ImageObject\",\"inLanguage\":\"ca\",\"@id\":\"https:\\\/\\\/www.sindicaturabarcelona.cat\\\/ca\\\/la-sindicatura-de-greuges-de-barcelona-considera-que-les-propostes-per-a-una-nova-ordenanca-de-terrasses-han-de-basar-se-en-els-drets-humans\\\/#primaryimage\",\"url\":\"https:\\\/\\\/www.sindicaturabarcelona.cat\\\/wp-content\\\/uploads\\\/restaurant-que-te-installat-un-dels.jpg\",\"contentUrl\":\"https:\\\/\\\/www.sindicaturabarcelona.cat\\\/wp-content\\\/uploads\\\/restaurant-que-te-installat-un-dels.jpg\",\"width\":2000,\"height\":1334},{\"@type\":\"BreadcrumbList\",\"@id\":\"https:\\\/\\\/www.sindicaturabarcelona.cat\\\/ca\\\/la-sindicatura-de-greuges-de-barcelona-considera-que-les-propostes-per-a-una-nova-ordenanca-de-terrasses-han-de-basar-se-en-els-drets-humans\\\/#breadcrumb\",\"itemListElement\":[{\"@type\":\"ListItem\",\"position\":1,\"name\":\"Inici\",\"item\":\"https:\\\/\\\/www.sindicaturabarcelona.cat\\\/ca\\\/\"},{\"@type\":\"ListItem\",\"position\":2,\"name\":\"La Sindicatura considera que les propostes per a una nova Ordenan\u00e7a de terrasses han de basar-se en els drets humans\"}]},{\"@type\":\"WebSite\",\"@id\":\"https:\\\/\\\/www.sindicaturabarcelona.cat\\\/ca\\\/#website\",\"url\":\"https:\\\/\\\/www.sindicaturabarcelona.cat\\\/ca\\\/\",\"name\":\"Sindicatura de Greuges de Barcelona\",\"description\":\"La defensoria dels teus drets\",\"publisher\":{\"@id\":\"https:\\\/\\\/www.sindicaturabarcelona.cat\\\/ca\\\/#organization\"},\"potentialAction\":[{\"@type\":\"SearchAction\",\"target\":{\"@type\":\"EntryPoint\",\"urlTemplate\":\"https:\\\/\\\/www.sindicaturabarcelona.cat\\\/ca\\\/?s={search_term_string}\"},\"query-input\":{\"@type\":\"PropertyValueSpecification\",\"valueRequired\":true,\"valueName\":\"search_term_string\"}}],\"inLanguage\":\"ca\"},{\"@type\":\"Organization\",\"@id\":\"https:\\\/\\\/www.sindicaturabarcelona.cat\\\/ca\\\/#organization\",\"name\":\"Sindicatura de Greuges de Barcelona\",\"url\":\"https:\\\/\\\/www.sindicaturabarcelona.cat\\\/ca\\\/\",\"logo\":{\"@type\":\"ImageObject\",\"inLanguage\":\"ca\",\"@id\":\"https:\\\/\\\/www.sindicaturabarcelona.cat\\\/ca\\\/#\\\/schema\\\/logo\\\/image\\\/\",\"url\":\"https:\\\/\\\/www.sindicaturabarcelona.cat\\\/wp-content\\\/uploads\\\/2023\\\/02\\\/logo_sindicatura.svg\",\"contentUrl\":\"https:\\\/\\\/www.sindicaturabarcelona.cat\\\/wp-content\\\/uploads\\\/2023\\\/02\\\/logo_sindicatura.svg\",\"caption\":\"Sindicatura de Greuges de Barcelona\"},\"image\":{\"@id\":\"https:\\\/\\\/www.sindicaturabarcelona.cat\\\/ca\\\/#\\\/schema\\\/logo\\\/image\\\/\"},\"sameAs\":[\"https:\\\/\\\/x.com\\\/sindicbarcelona\",\"https:\\\/\\\/www.instagram.com\\\/sindicbarcelona\\\/\",\"https:\\\/\\\/www.tiktok.com\\\/@sindicaturabcn\",\"https:\\\/\\\/t.me\\\/sindicaturabarcelona\"]},{\"@type\":\"Person\",\"@id\":\"https:\\\/\\\/www.sindicaturabarcelona.cat\\\/ca\\\/#\\\/schema\\\/person\\\/0e5acffc350ffdbc97578159322c9452\",\"name\":\"Pablo\",\"image\":{\"@type\":\"ImageObject\",\"inLanguage\":\"ca\",\"@id\":\"https:\\\/\\\/secure.gravatar.com\\\/avatar\\\/c948169b402ef9492afde705c3dfd5e90e1a6a84ef6840a91124f805a25a480f?s=96&d=mm&r=g\",\"url\":\"https:\\\/\\\/secure.gravatar.com\\\/avatar\\\/c948169b402ef9492afde705c3dfd5e90e1a6a84ef6840a91124f805a25a480f?s=96&d=mm&r=g\",\"contentUrl\":\"https:\\\/\\\/secure.gravatar.com\\\/avatar\\\/c948169b402ef9492afde705c3dfd5e90e1a6a84ef6840a91124f805a25a480f?s=96&d=mm&r=g\",\"caption\":\"Pablo\"},\"url\":\"https:\\\/\\\/www.sindicaturabarcelona.cat\\\/ca\\\/author\\\/pablo\\\/\"}]}<\/script>\n<!-- \/ Yoast SEO plugin. -->","yoast_head_json":{"title":"La Sindicatura considera que les propostes per a una nova Ordenan\u00e7a de terrasses han de basar-se en els drets humans - Sindicatura de Greuges de Barcelona","description":"Despr\u00e9s d'analitzar les iniciatives ciutadanes de la FAVB i del Gremi de Restauraci\u00f3, concloem que una nova norma s\u2019ha d\u2019abordar respectant la igualtat, l\u2019accessibilitat, el medi ambient i el descans.","robots":{"index":"index","follow":"follow","max-snippet":"max-snippet:-1","max-image-preview":"max-image-preview:large","max-video-preview":"max-video-preview:-1"},"canonical":"https:\/\/www.sindicaturabarcelona.cat\/ca\/la-sindicatura-de-greuges-de-barcelona-considera-que-les-propostes-per-a-una-nova-ordenanca-de-terrasses-han-de-basar-se-en-els-drets-humans\/","og_locale":"ca_ES","og_type":"article","og_title":"La Sindicatura considera que les propostes per a una nova Ordenan\u00e7a de terrasses han de basar-se en els drets humans - Sindicatura de Greuges de Barcelona","og_description":"Despr\u00e9s d'analitzar les iniciatives ciutadanes de la FAVB i del Gremi de Restauraci\u00f3, concloem que una nova norma s\u2019ha d\u2019abordar respectant la igualtat, l\u2019accessibilitat, el medi ambient i el descans.","og_url":"https:\/\/www.sindicaturabarcelona.cat\/ca\/la-sindicatura-de-greuges-de-barcelona-considera-que-les-propostes-per-a-una-nova-ordenanca-de-terrasses-han-de-basar-se-en-els-drets-humans\/","og_site_name":"Sindicatura de Greuges de Barcelona","article_published_time":"2025-10-10T06:36:12+00:00","article_modified_time":"2025-10-10T08:43:49+00:00","og_image":[{"width":2000,"height":1334,"url":"https:\/\/www.sindicaturabarcelona.cat\/wp-content\/uploads\/restaurant-que-te-installat-un-dels.jpg","type":"image\/jpeg"}],"author":"Pablo","twitter_card":"summary_large_image","twitter_creator":"@sindicbarcelona","twitter_site":"@sindicbarcelona","twitter_misc":{"Escrit per":"Pablo","Temps estimat de lectura":"5 minuts"},"schema":{"@context":"https:\/\/schema.org","@graph":[{"@type":"Article","@id":"https:\/\/www.sindicaturabarcelona.cat\/ca\/la-sindicatura-de-greuges-de-barcelona-considera-que-les-propostes-per-a-una-nova-ordenanca-de-terrasses-han-de-basar-se-en-els-drets-humans\/#article","isPartOf":{"@id":"https:\/\/www.sindicaturabarcelona.cat\/ca\/la-sindicatura-de-greuges-de-barcelona-considera-que-les-propostes-per-a-una-nova-ordenanca-de-terrasses-han-de-basar-se-en-els-drets-humans\/"},"author":{"name":"Pablo","@id":"https:\/\/www.sindicaturabarcelona.cat\/ca\/#\/schema\/person\/0e5acffc350ffdbc97578159322c9452"},"headline":"La Sindicatura considera que les propostes per a una nova Ordenan\u00e7a de terrasses han de basar-se en els drets humans","datePublished":"2025-10-10T06:36:12+00:00","dateModified":"2025-10-10T08:43:49+00:00","mainEntityOfPage":{"@id":"https:\/\/www.sindicaturabarcelona.cat\/ca\/la-sindicatura-de-greuges-de-barcelona-considera-que-les-propostes-per-a-una-nova-ordenanca-de-terrasses-han-de-basar-se-en-els-drets-humans\/"},"wordCount":828,"publisher":{"@id":"https:\/\/www.sindicaturabarcelona.cat\/ca\/#organization"},"image":{"@id":"https:\/\/www.sindicaturabarcelona.cat\/ca\/la-sindicatura-de-greuges-de-barcelona-considera-que-les-propostes-per-a-una-nova-ordenanca-de-terrasses-han-de-basar-se-en-els-drets-humans\/#primaryimage"},"thumbnailUrl":"https:\/\/www.sindicaturabarcelona.cat\/wp-content\/uploads\/restaurant-que-te-installat-un-dels.jpg","inLanguage":"ca"},{"@type":"WebPage","@id":"https:\/\/www.sindicaturabarcelona.cat\/ca\/la-sindicatura-de-greuges-de-barcelona-considera-que-les-propostes-per-a-una-nova-ordenanca-de-terrasses-han-de-basar-se-en-els-drets-humans\/","url":"https:\/\/www.sindicaturabarcelona.cat\/ca\/la-sindicatura-de-greuges-de-barcelona-considera-que-les-propostes-per-a-una-nova-ordenanca-de-terrasses-han-de-basar-se-en-els-drets-humans\/","name":"La Sindicatura considera que les propostes per a una nova Ordenan\u00e7a de terrasses han de basar-se en els drets humans - Sindicatura de Greuges de Barcelona","isPartOf":{"@id":"https:\/\/www.sindicaturabarcelona.cat\/ca\/#website"},"primaryImageOfPage":{"@id":"https:\/\/www.sindicaturabarcelona.cat\/ca\/la-sindicatura-de-greuges-de-barcelona-considera-que-les-propostes-per-a-una-nova-ordenanca-de-terrasses-han-de-basar-se-en-els-drets-humans\/#primaryimage"},"image":{"@id":"https:\/\/www.sindicaturabarcelona.cat\/ca\/la-sindicatura-de-greuges-de-barcelona-considera-que-les-propostes-per-a-una-nova-ordenanca-de-terrasses-han-de-basar-se-en-els-drets-humans\/#primaryimage"},"thumbnailUrl":"https:\/\/www.sindicaturabarcelona.cat\/wp-content\/uploads\/restaurant-que-te-installat-un-dels.jpg","datePublished":"2025-10-10T06:36:12+00:00","dateModified":"2025-10-10T08:43:49+00:00","description":"Despr\u00e9s d'analitzar les iniciatives ciutadanes de la FAVB i del Gremi de Restauraci\u00f3, concloem que una nova norma s\u2019ha d\u2019abordar respectant la igualtat, l\u2019accessibilitat, el medi ambient i el descans.","breadcrumb":{"@id":"https:\/\/www.sindicaturabarcelona.cat\/ca\/la-sindicatura-de-greuges-de-barcelona-considera-que-les-propostes-per-a-una-nova-ordenanca-de-terrasses-han-de-basar-se-en-els-drets-humans\/#breadcrumb"},"inLanguage":"ca","potentialAction":[{"@type":"ReadAction","target":["https:\/\/www.sindicaturabarcelona.cat\/ca\/la-sindicatura-de-greuges-de-barcelona-considera-que-les-propostes-per-a-una-nova-ordenanca-de-terrasses-han-de-basar-se-en-els-drets-humans\/"]}]},{"@type":"ImageObject","inLanguage":"ca","@id":"https:\/\/www.sindicaturabarcelona.cat\/ca\/la-sindicatura-de-greuges-de-barcelona-considera-que-les-propostes-per-a-una-nova-ordenanca-de-terrasses-han-de-basar-se-en-els-drets-humans\/#primaryimage","url":"https:\/\/www.sindicaturabarcelona.cat\/wp-content\/uploads\/restaurant-que-te-installat-un-dels.jpg","contentUrl":"https:\/\/www.sindicaturabarcelona.cat\/wp-content\/uploads\/restaurant-que-te-installat-un-dels.jpg","width":2000,"height":1334},{"@type":"BreadcrumbList","@id":"https:\/\/www.sindicaturabarcelona.cat\/ca\/la-sindicatura-de-greuges-de-barcelona-considera-que-les-propostes-per-a-una-nova-ordenanca-de-terrasses-han-de-basar-se-en-els-drets-humans\/#breadcrumb","itemListElement":[{"@type":"ListItem","position":1,"name":"Inici","item":"https:\/\/www.sindicaturabarcelona.cat\/ca\/"},{"@type":"ListItem","position":2,"name":"La Sindicatura considera que les propostes per a una nova Ordenan\u00e7a de terrasses han de basar-se en els drets humans"}]},{"@type":"WebSite","@id":"https:\/\/www.sindicaturabarcelona.cat\/ca\/#website","url":"https:\/\/www.sindicaturabarcelona.cat\/ca\/","name":"Sindicatura de Greuges de Barcelona","description":"La defensoria dels teus drets","publisher":{"@id":"https:\/\/www.sindicaturabarcelona.cat\/ca\/#organization"},"potentialAction":[{"@type":"SearchAction","target":{"@type":"EntryPoint","urlTemplate":"https:\/\/www.sindicaturabarcelona.cat\/ca\/?s={search_term_string}"},"query-input":{"@type":"PropertyValueSpecification","valueRequired":true,"valueName":"search_term_string"}}],"inLanguage":"ca"},{"@type":"Organization","@id":"https:\/\/www.sindicaturabarcelona.cat\/ca\/#organization","name":"Sindicatura de Greuges de Barcelona","url":"https:\/\/www.sindicaturabarcelona.cat\/ca\/","logo":{"@type":"ImageObject","inLanguage":"ca","@id":"https:\/\/www.sindicaturabarcelona.cat\/ca\/#\/schema\/logo\/image\/","url":"https:\/\/www.sindicaturabarcelona.cat\/wp-content\/uploads\/2023\/02\/logo_sindicatura.svg","contentUrl":"https:\/\/www.sindicaturabarcelona.cat\/wp-content\/uploads\/2023\/02\/logo_sindicatura.svg","caption":"Sindicatura de Greuges de Barcelona"},"image":{"@id":"https:\/\/www.sindicaturabarcelona.cat\/ca\/#\/schema\/logo\/image\/"},"sameAs":["https:\/\/x.com\/sindicbarcelona","https:\/\/www.instagram.com\/sindicbarcelona\/","https:\/\/www.tiktok.com\/@sindicaturabcn","https:\/\/t.me\/sindicaturabarcelona"]},{"@type":"Person","@id":"https:\/\/www.sindicaturabarcelona.cat\/ca\/#\/schema\/person\/0e5acffc350ffdbc97578159322c9452","name":"Pablo","image":{"@type":"ImageObject","inLanguage":"ca","@id":"https:\/\/secure.gravatar.com\/avatar\/c948169b402ef9492afde705c3dfd5e90e1a6a84ef6840a91124f805a25a480f?s=96&d=mm&r=g","url":"https:\/\/secure.gravatar.com\/avatar\/c948169b402ef9492afde705c3dfd5e90e1a6a84ef6840a91124f805a25a480f?s=96&d=mm&r=g","contentUrl":"https:\/\/secure.gravatar.com\/avatar\/c948169b402ef9492afde705c3dfd5e90e1a6a84ef6840a91124f805a25a480f?s=96&d=mm&r=g","caption":"Pablo"},"url":"https:\/\/www.sindicaturabarcelona.cat\/ca\/author\/pablo\/"}]}},"_links":{"self":[{"href":"https:\/\/www.sindicaturabarcelona.cat\/ca\/wp-json\/wp\/v2\/posts\/39595","targetHints":{"allow":["GET"]}}],"collection":[{"href":"https:\/\/www.sindicaturabarcelona.cat\/ca\/wp-json\/wp\/v2\/posts"}],"about":[{"href":"https:\/\/www.sindicaturabarcelona.cat\/ca\/wp-json\/wp\/v2\/types\/post"}],"author":[{"embeddable":true,"href":"https:\/\/www.sindicaturabarcelona.cat\/ca\/wp-json\/wp\/v2\/users\/2"}],"replies":[{"embeddable":true,"href":"https:\/\/www.sindicaturabarcelona.cat\/ca\/wp-json\/wp\/v2\/comments?post=39595"}],"version-history":[{"count":4,"href":"https:\/\/www.sindicaturabarcelona.cat\/ca\/wp-json\/wp\/v2\/posts\/39595\/revisions"}],"predecessor-version":[{"id":39610,"href":"https:\/\/www.sindicaturabarcelona.cat\/ca\/wp-json\/wp\/v2\/posts\/39595\/revisions\/39610"}],"wp:featuredmedia":[{"embeddable":true,"href":"https:\/\/www.sindicaturabarcelona.cat\/ca\/wp-json\/wp\/v2\/media\/39602"}],"wp:attachment":[{"href":"https:\/\/www.sindicaturabarcelona.cat\/ca\/wp-json\/wp\/v2\/media?parent=39595"}],"wp:term":[{"taxonomy":"post_tag","embeddable":true,"href":"https:\/\/www.sindicaturabarcelona.cat\/ca\/wp-json\/wp\/v2\/tags?post=39595"},{"taxonomy":"drets","embeddable":true,"href":"https:\/\/www.sindicaturabarcelona.cat\/ca\/wp-json\/wp\/v2\/drets?post=39595"}],"curies":[{"name":"wp","href":"https:\/\/api.w.org\/{rel}","templated":true}]}}