{"id":39511,"date":"2025-10-08T09:34:05","date_gmt":"2025-10-08T07:34:05","guid":{"rendered":"https:\/\/www.sindicaturabarcelona.cat\/?p=39511"},"modified":"2025-10-08T09:34:08","modified_gmt":"2025-10-08T07:34:08","slug":"xavier-bernadi-nou-adjunt-al-sindic-de-greuges-de-barcelona","status":"publish","type":"post","link":"https:\/\/www.sindicaturabarcelona.cat\/ca\/xavier-bernadi-nou-adjunt-al-sindic-de-greuges-de-barcelona\/","title":{"rendered":"Xavier Bernad\u00ed, nou adjunt al s\u00edndic de greuges de Barcelona"},"content":{"rendered":"\n<h2 class=\"wp-block-heading\">El Plenari del Consell Municipal ha nomenat Bernad\u00ed, que ha desenvolupat una llarga traject\u00f2ria professional entre la doc\u00e8ncia universit\u00e0ria i l\u2019Administraci\u00f3 de la Generalitat.<\/h2>\n\n\n\n<p>Xavier Bernad\u00ed&nbsp;\u00e9s llicenciat en Dret per la UAB, doctor en Dret per la UPF i M\u00e0ster en Administraci\u00f3 P\u00fablica per ESADE. Ha estat <strong>professor de Dret Administratiu a la UPF, a la UB i a la UOC<\/strong>. Conferenciant i ponent en m\u00faltiples jornades i seminaris, \u00e9s autor de diversos llibres i articles especialitzades.<\/p>\n\n\n\n<p>A l&#8217;Administraci\u00f3 de la Generalitat, en la qual t\u00e9 la condici\u00f3 de <strong>funcionari del cos superior,<\/strong> ha estat secretari de diverses comissions bilaterals, una de les quals amb l\u2019Ajuntament de Barcelona. Tamb\u00e9 ha ocupat diversos llocs d\u2019alt c\u00e0rrec, com la Direcci\u00f3 General de Dret i Entitats Jur\u00eddiques o la Secretaria del Govern.<\/p>\n\n\n\n<p>A proposta de la s\u00edndica de Greuges de Catalunya, va ser designat membre de l\u2019\u00d2rgan responsable del Sistema Intern d\u2019Informaci\u00f3 del Parlament de Catalunya. Ha col\u00b7laborat amb el F\u00f2rum de S\u00edndics i S\u00edndiques, Defensors i Defensores Locals de Catalunya (<a href=\"https:\/\/sindicatureslocals.cat\/\" target=\"_blank\" rel=\"noreferrer noopener\">F\u00f2rumSD<\/a>), particularment en l\u2019\u00e0mbit de la mediaci\u00f3 administrativa. <strong>A l\u2019Ajuntament de Barcelona, ha estat membre del Comit\u00e8 d\u2019\u00c8tica<\/strong>. <\/p>\n\n\n\n<p>Si ho vols, pots llegir-ne una versi\u00f3 m\u00e9s extensa <a href=\"https:\/\/www.sindicaturabarcelona.cat\/ca\/qui-es-sindic-de-greuges\/\" target=\"_blank\" rel=\"noreferrer noopener\">en aquest apartat web<\/a>. <\/p>\n\n\n\n<p>El nou adjunt al s\u00edndic, que ja ha pres possessi\u00f3 del c\u00e0rrec, ha rebut el <strong>suport dels grups municipals del PSC, Junts per Barcelona, Barcelona en Com\u00fa, ERC i PP<\/strong>, mentre que Vox hi ha votat en contra. Si ho desitges, pots recuperar el nomenament al <a href=\"https:\/\/www.youtube.com\/watch?v=f-D-17J70Gg\" target=\"_blank\" rel=\"noreferrer noopener\">v\u00eddeo de la sessi\u00f3 plen\u00e0ria de setembre<\/a> (a partir del 2:04:30).<\/p>\n","protected":false},"excerpt":{"rendered":"<p>El Plenari del Consell Municipal ha nomenat Bernad\u00ed, que ha desenvolupat una llarga traject\u00f2ria professional entre la doc\u00e8ncia universit\u00e0ria i l\u2019Administraci\u00f3 de la Generalitat. Xavier Bernad\u00ed&nbsp;\u00e9s llicenciat en Dret per [&hellip;]<\/p>\n","protected":false},"author":2,"featured_media":39586,"comment_status":"closed","ping_status":"closed","sticky":false,"template":"","format":"standard","meta":{"_acf_changed":false,"footnotes":""},"tags":[],"drets":[1428,1463,1430,1431,1432,1433,1434,1435,1436,1437,1442,1462,1461,1460,1459,1458,1457,1503,1440,1455,1456,1454,1453,1452,1451,1647,1652,1667,1438,1450,1449,1448,1447,1446,1445,1444,1502],"class_list":["post-39511","post","type-post","status-publish","format-standard","has-post-thumbnail","hentry","drets-ciutat-equitativa","drets-dret-serveis-proteccio-social","drets-dret-a-educacio-i-lleure","drets-dret-a-la-salut","drets-drets-culturals","drets-dret-a-lesport","drets-dret-al-treball","drets-dret-a-lhabitatge","drets-drets-dacolldia","drets-dret-a-una-vida-lliure-de-violencies","drets-ciutat-diversa","drets-drets-de-la-infancia-i-ladolescencia","drets-drets-de-la-joventut","drets-drets-de-la-gent-gran","drets-drets-de-participacio","drets-dret-a-la-igualtat-i-a-la-diversitat","drets-drets-linguistics","drets-dret-a-les-cures","drets-ciutat-garantista","drets-drets-digitals","drets-dret-a-una-bona-administracio","drets-drets-de-les-persones-consumidores","drets-drets-funeraris","drets-dret-a-la-seguretat-ciutadana","drets-dret-a-lempadronament","drets-dret-a-la-informacio","drets-dret-a-la-memoria-democratica","drets-dret-a-la-integritat","drets-ciutat-habitable-i-sostenible","drets-dret-a-un-urbanisme-harmonios","drets-dret-a-una-convivencia-pacifica","drets-dret-al-medi-ambient","drets-dret-a-la-mobilitat","drets-dret-a-lespai-public","drets-dret-a-laccessibilitat-i-la-inclusivitat","drets-dret-al-descans","drets-dret-al-benestar-animal"],"acf":[],"yoast_head":"<!-- This site is optimized with the Yoast SEO plugin v27.5 - https:\/\/yoast.com\/product\/yoast-seo-wordpress\/ -->\n<title>Xavier Bernad\u00ed, nou adjunt al s\u00edndic de greuges de Barcelona - Sindicatura de Greuges de Barcelona<\/title>\n<meta name=\"description\" content=\"El plenari ha nomenat Bernad\u00ed, que ha desenvolupat la seva traject\u00f2ria professional entre la Universitat i l\u2019Administraci\u00f3 de la Generalitat.\" \/>\n<meta name=\"robots\" content=\"index, follow, max-snippet:-1, max-image-preview:large, max-video-preview:-1\" \/>\n<link rel=\"canonical\" href=\"https:\/\/www.sindicaturabarcelona.cat\/ca\/xavier-bernadi-nou-adjunt-al-sindic-de-greuges-de-barcelona\/\" \/>\n<meta property=\"og:locale\" content=\"ca_ES\" \/>\n<meta property=\"og:type\" content=\"article\" \/>\n<meta property=\"og:title\" content=\"Xavier Bernad\u00ed, nou adjunt al s\u00edndic de greuges de Barcelona - Sindicatura de Greuges de Barcelona\" \/>\n<meta property=\"og:description\" content=\"El plenari ha nomenat Bernad\u00ed, que ha desenvolupat la seva traject\u00f2ria professional entre la Universitat i l\u2019Administraci\u00f3 de la Generalitat.\" \/>\n<meta property=\"og:url\" content=\"https:\/\/www.sindicaturabarcelona.cat\/ca\/xavier-bernadi-nou-adjunt-al-sindic-de-greuges-de-barcelona\/\" \/>\n<meta property=\"og:site_name\" content=\"Sindicatura de Greuges de Barcelona\" \/>\n<meta property=\"article:published_time\" content=\"2025-10-08T07:34:05+00:00\" \/>\n<meta property=\"article:modified_time\" content=\"2025-10-08T07:34:08+00:00\" \/>\n<meta property=\"og:image\" content=\"https:\/\/www.sindicaturabarcelona.cat\/wp-content\/uploads\/KM4A9710-scaled.jpg\" \/>\n\t<meta property=\"og:image:width\" content=\"2560\" \/>\n\t<meta property=\"og:image:height\" content=\"1707\" \/>\n\t<meta property=\"og:image:type\" content=\"image\/jpeg\" \/>\n<meta name=\"author\" content=\"Pablo\" \/>\n<meta name=\"twitter:card\" content=\"summary_large_image\" \/>\n<meta name=\"twitter:creator\" content=\"@sindicbarcelona\" \/>\n<meta name=\"twitter:site\" content=\"@sindicbarcelona\" \/>\n<meta name=\"twitter:label1\" content=\"Escrit per\" \/>\n\t<meta name=\"twitter:data1\" content=\"Pablo\" \/>\n\t<meta name=\"twitter:label2\" content=\"Temps estimat de lectura\" \/>\n\t<meta name=\"twitter:data2\" content=\"2 minuts\" \/>\n<script type=\"application\/ld+json\" class=\"yoast-schema-graph\">{\"@context\":\"https:\\\/\\\/schema.org\",\"@graph\":[{\"@type\":\"Article\",\"@id\":\"https:\\\/\\\/www.sindicaturabarcelona.cat\\\/ca\\\/xavier-bernadi-nou-adjunt-al-sindic-de-greuges-de-barcelona\\\/#article\",\"isPartOf\":{\"@id\":\"https:\\\/\\\/www.sindicaturabarcelona.cat\\\/ca\\\/xavier-bernadi-nou-adjunt-al-sindic-de-greuges-de-barcelona\\\/\"},\"author\":{\"name\":\"Pablo\",\"@id\":\"https:\\\/\\\/www.sindicaturabarcelona.cat\\\/ca\\\/#\\\/schema\\\/person\\\/0e5acffc350ffdbc97578159322c9452\"},\"headline\":\"Xavier Bernad\u00ed, nou adjunt al s\u00edndic de greuges de Barcelona\",\"datePublished\":\"2025-10-08T07:34:05+00:00\",\"dateModified\":\"2025-10-08T07:34:08+00:00\",\"mainEntityOfPage\":{\"@id\":\"https:\\\/\\\/www.sindicaturabarcelona.cat\\\/ca\\\/xavier-bernadi-nou-adjunt-al-sindic-de-greuges-de-barcelona\\\/\"},\"wordCount\":296,\"publisher\":{\"@id\":\"https:\\\/\\\/www.sindicaturabarcelona.cat\\\/ca\\\/#organization\"},\"image\":{\"@id\":\"https:\\\/\\\/www.sindicaturabarcelona.cat\\\/ca\\\/xavier-bernadi-nou-adjunt-al-sindic-de-greuges-de-barcelona\\\/#primaryimage\"},\"thumbnailUrl\":\"https:\\\/\\\/www.sindicaturabarcelona.cat\\\/wp-content\\\/uploads\\\/KM4A9710-scaled.jpg\",\"inLanguage\":\"ca\"},{\"@type\":\"WebPage\",\"@id\":\"https:\\\/\\\/www.sindicaturabarcelona.cat\\\/ca\\\/xavier-bernadi-nou-adjunt-al-sindic-de-greuges-de-barcelona\\\/\",\"url\":\"https:\\\/\\\/www.sindicaturabarcelona.cat\\\/ca\\\/xavier-bernadi-nou-adjunt-al-sindic-de-greuges-de-barcelona\\\/\",\"name\":\"Xavier Bernad\u00ed, nou adjunt al s\u00edndic de greuges de Barcelona - Sindicatura de Greuges de Barcelona\",\"isPartOf\":{\"@id\":\"https:\\\/\\\/www.sindicaturabarcelona.cat\\\/ca\\\/#website\"},\"primaryImageOfPage\":{\"@id\":\"https:\\\/\\\/www.sindicaturabarcelona.cat\\\/ca\\\/xavier-bernadi-nou-adjunt-al-sindic-de-greuges-de-barcelona\\\/#primaryimage\"},\"image\":{\"@id\":\"https:\\\/\\\/www.sindicaturabarcelona.cat\\\/ca\\\/xavier-bernadi-nou-adjunt-al-sindic-de-greuges-de-barcelona\\\/#primaryimage\"},\"thumbnailUrl\":\"https:\\\/\\\/www.sindicaturabarcelona.cat\\\/wp-content\\\/uploads\\\/KM4A9710-scaled.jpg\",\"datePublished\":\"2025-10-08T07:34:05+00:00\",\"dateModified\":\"2025-10-08T07:34:08+00:00\",\"description\":\"El plenari ha nomenat Bernad\u00ed, que ha desenvolupat la seva traject\u00f2ria professional entre la Universitat i l\u2019Administraci\u00f3 de la Generalitat.\",\"breadcrumb\":{\"@id\":\"https:\\\/\\\/www.sindicaturabarcelona.cat\\\/ca\\\/xavier-bernadi-nou-adjunt-al-sindic-de-greuges-de-barcelona\\\/#breadcrumb\"},\"inLanguage\":\"ca\",\"potentialAction\":[{\"@type\":\"ReadAction\",\"target\":[\"https:\\\/\\\/www.sindicaturabarcelona.cat\\\/ca\\\/xavier-bernadi-nou-adjunt-al-sindic-de-greuges-de-barcelona\\\/\"]}]},{\"@type\":\"ImageObject\",\"inLanguage\":\"ca\",\"@id\":\"https:\\\/\\\/www.sindicaturabarcelona.cat\\\/ca\\\/xavier-bernadi-nou-adjunt-al-sindic-de-greuges-de-barcelona\\\/#primaryimage\",\"url\":\"https:\\\/\\\/www.sindicaturabarcelona.cat\\\/wp-content\\\/uploads\\\/KM4A9710-scaled.jpg\",\"contentUrl\":\"https:\\\/\\\/www.sindicaturabarcelona.cat\\\/wp-content\\\/uploads\\\/KM4A9710-scaled.jpg\",\"width\":2560,\"height\":1707},{\"@type\":\"BreadcrumbList\",\"@id\":\"https:\\\/\\\/www.sindicaturabarcelona.cat\\\/ca\\\/xavier-bernadi-nou-adjunt-al-sindic-de-greuges-de-barcelona\\\/#breadcrumb\",\"itemListElement\":[{\"@type\":\"ListItem\",\"position\":1,\"name\":\"Inici\",\"item\":\"https:\\\/\\\/www.sindicaturabarcelona.cat\\\/ca\\\/\"},{\"@type\":\"ListItem\",\"position\":2,\"name\":\"Xavier Bernad\u00ed, nou adjunt al s\u00edndic de greuges de Barcelona\"}]},{\"@type\":\"WebSite\",\"@id\":\"https:\\\/\\\/www.sindicaturabarcelona.cat\\\/ca\\\/#website\",\"url\":\"https:\\\/\\\/www.sindicaturabarcelona.cat\\\/ca\\\/\",\"name\":\"Sindicatura de Greuges de Barcelona\",\"description\":\"La defensoria dels teus drets\",\"publisher\":{\"@id\":\"https:\\\/\\\/www.sindicaturabarcelona.cat\\\/ca\\\/#organization\"},\"potentialAction\":[{\"@type\":\"SearchAction\",\"target\":{\"@type\":\"EntryPoint\",\"urlTemplate\":\"https:\\\/\\\/www.sindicaturabarcelona.cat\\\/ca\\\/?s={search_term_string}\"},\"query-input\":{\"@type\":\"PropertyValueSpecification\",\"valueRequired\":true,\"valueName\":\"search_term_string\"}}],\"inLanguage\":\"ca\"},{\"@type\":\"Organization\",\"@id\":\"https:\\\/\\\/www.sindicaturabarcelona.cat\\\/ca\\\/#organization\",\"name\":\"Sindicatura de Greuges de Barcelona\",\"url\":\"https:\\\/\\\/www.sindicaturabarcelona.cat\\\/ca\\\/\",\"logo\":{\"@type\":\"ImageObject\",\"inLanguage\":\"ca\",\"@id\":\"https:\\\/\\\/www.sindicaturabarcelona.cat\\\/ca\\\/#\\\/schema\\\/logo\\\/image\\\/\",\"url\":\"https:\\\/\\\/www.sindicaturabarcelona.cat\\\/wp-content\\\/uploads\\\/2023\\\/02\\\/logo_sindicatura.svg\",\"contentUrl\":\"https:\\\/\\\/www.sindicaturabarcelona.cat\\\/wp-content\\\/uploads\\\/2023\\\/02\\\/logo_sindicatura.svg\",\"caption\":\"Sindicatura de Greuges de Barcelona\"},\"image\":{\"@id\":\"https:\\\/\\\/www.sindicaturabarcelona.cat\\\/ca\\\/#\\\/schema\\\/logo\\\/image\\\/\"},\"sameAs\":[\"https:\\\/\\\/x.com\\\/sindicbarcelona\",\"https:\\\/\\\/www.instagram.com\\\/sindicbarcelona\\\/\",\"https:\\\/\\\/www.tiktok.com\\\/@sindicaturabcn\",\"https:\\\/\\\/t.me\\\/sindicaturabarcelona\"]},{\"@type\":\"Person\",\"@id\":\"https:\\\/\\\/www.sindicaturabarcelona.cat\\\/ca\\\/#\\\/schema\\\/person\\\/0e5acffc350ffdbc97578159322c9452\",\"name\":\"Pablo\",\"image\":{\"@type\":\"ImageObject\",\"inLanguage\":\"ca\",\"@id\":\"https:\\\/\\\/secure.gravatar.com\\\/avatar\\\/c948169b402ef9492afde705c3dfd5e90e1a6a84ef6840a91124f805a25a480f?s=96&d=mm&r=g\",\"url\":\"https:\\\/\\\/secure.gravatar.com\\\/avatar\\\/c948169b402ef9492afde705c3dfd5e90e1a6a84ef6840a91124f805a25a480f?s=96&d=mm&r=g\",\"contentUrl\":\"https:\\\/\\\/secure.gravatar.com\\\/avatar\\\/c948169b402ef9492afde705c3dfd5e90e1a6a84ef6840a91124f805a25a480f?s=96&d=mm&r=g\",\"caption\":\"Pablo\"},\"url\":\"https:\\\/\\\/www.sindicaturabarcelona.cat\\\/ca\\\/author\\\/pablo\\\/\"}]}<\/script>\n<!-- \/ Yoast SEO plugin. -->","yoast_head_json":{"title":"Xavier Bernad\u00ed, nou adjunt al s\u00edndic de greuges de Barcelona - Sindicatura de Greuges de Barcelona","description":"El plenari ha nomenat Bernad\u00ed, que ha desenvolupat la seva traject\u00f2ria professional entre la Universitat i l\u2019Administraci\u00f3 de la Generalitat.","robots":{"index":"index","follow":"follow","max-snippet":"max-snippet:-1","max-image-preview":"max-image-preview:large","max-video-preview":"max-video-preview:-1"},"canonical":"https:\/\/www.sindicaturabarcelona.cat\/ca\/xavier-bernadi-nou-adjunt-al-sindic-de-greuges-de-barcelona\/","og_locale":"ca_ES","og_type":"article","og_title":"Xavier Bernad\u00ed, nou adjunt al s\u00edndic de greuges de Barcelona - Sindicatura de Greuges de Barcelona","og_description":"El plenari ha nomenat Bernad\u00ed, que ha desenvolupat la seva traject\u00f2ria professional entre la Universitat i l\u2019Administraci\u00f3 de la Generalitat.","og_url":"https:\/\/www.sindicaturabarcelona.cat\/ca\/xavier-bernadi-nou-adjunt-al-sindic-de-greuges-de-barcelona\/","og_site_name":"Sindicatura de Greuges de Barcelona","article_published_time":"2025-10-08T07:34:05+00:00","article_modified_time":"2025-10-08T07:34:08+00:00","og_image":[{"width":2560,"height":1707,"url":"https:\/\/www.sindicaturabarcelona.cat\/wp-content\/uploads\/KM4A9710-scaled.jpg","type":"image\/jpeg"}],"author":"Pablo","twitter_card":"summary_large_image","twitter_creator":"@sindicbarcelona","twitter_site":"@sindicbarcelona","twitter_misc":{"Escrit per":"Pablo","Temps estimat de lectura":"2 minuts"},"schema":{"@context":"https:\/\/schema.org","@graph":[{"@type":"Article","@id":"https:\/\/www.sindicaturabarcelona.cat\/ca\/xavier-bernadi-nou-adjunt-al-sindic-de-greuges-de-barcelona\/#article","isPartOf":{"@id":"https:\/\/www.sindicaturabarcelona.cat\/ca\/xavier-bernadi-nou-adjunt-al-sindic-de-greuges-de-barcelona\/"},"author":{"name":"Pablo","@id":"https:\/\/www.sindicaturabarcelona.cat\/ca\/#\/schema\/person\/0e5acffc350ffdbc97578159322c9452"},"headline":"Xavier Bernad\u00ed, nou adjunt al s\u00edndic de greuges de Barcelona","datePublished":"2025-10-08T07:34:05+00:00","dateModified":"2025-10-08T07:34:08+00:00","mainEntityOfPage":{"@id":"https:\/\/www.sindicaturabarcelona.cat\/ca\/xavier-bernadi-nou-adjunt-al-sindic-de-greuges-de-barcelona\/"},"wordCount":296,"publisher":{"@id":"https:\/\/www.sindicaturabarcelona.cat\/ca\/#organization"},"image":{"@id":"https:\/\/www.sindicaturabarcelona.cat\/ca\/xavier-bernadi-nou-adjunt-al-sindic-de-greuges-de-barcelona\/#primaryimage"},"thumbnailUrl":"https:\/\/www.sindicaturabarcelona.cat\/wp-content\/uploads\/KM4A9710-scaled.jpg","inLanguage":"ca"},{"@type":"WebPage","@id":"https:\/\/www.sindicaturabarcelona.cat\/ca\/xavier-bernadi-nou-adjunt-al-sindic-de-greuges-de-barcelona\/","url":"https:\/\/www.sindicaturabarcelona.cat\/ca\/xavier-bernadi-nou-adjunt-al-sindic-de-greuges-de-barcelona\/","name":"Xavier Bernad\u00ed, nou adjunt al s\u00edndic de greuges de Barcelona - Sindicatura de Greuges de Barcelona","isPartOf":{"@id":"https:\/\/www.sindicaturabarcelona.cat\/ca\/#website"},"primaryImageOfPage":{"@id":"https:\/\/www.sindicaturabarcelona.cat\/ca\/xavier-bernadi-nou-adjunt-al-sindic-de-greuges-de-barcelona\/#primaryimage"},"image":{"@id":"https:\/\/www.sindicaturabarcelona.cat\/ca\/xavier-bernadi-nou-adjunt-al-sindic-de-greuges-de-barcelona\/#primaryimage"},"thumbnailUrl":"https:\/\/www.sindicaturabarcelona.cat\/wp-content\/uploads\/KM4A9710-scaled.jpg","datePublished":"2025-10-08T07:34:05+00:00","dateModified":"2025-10-08T07:34:08+00:00","description":"El plenari ha nomenat Bernad\u00ed, que ha desenvolupat la seva traject\u00f2ria professional entre la Universitat i l\u2019Administraci\u00f3 de la Generalitat.","breadcrumb":{"@id":"https:\/\/www.sindicaturabarcelona.cat\/ca\/xavier-bernadi-nou-adjunt-al-sindic-de-greuges-de-barcelona\/#breadcrumb"},"inLanguage":"ca","potentialAction":[{"@type":"ReadAction","target":["https:\/\/www.sindicaturabarcelona.cat\/ca\/xavier-bernadi-nou-adjunt-al-sindic-de-greuges-de-barcelona\/"]}]},{"@type":"ImageObject","inLanguage":"ca","@id":"https:\/\/www.sindicaturabarcelona.cat\/ca\/xavier-bernadi-nou-adjunt-al-sindic-de-greuges-de-barcelona\/#primaryimage","url":"https:\/\/www.sindicaturabarcelona.cat\/wp-content\/uploads\/KM4A9710-scaled.jpg","contentUrl":"https:\/\/www.sindicaturabarcelona.cat\/wp-content\/uploads\/KM4A9710-scaled.jpg","width":2560,"height":1707},{"@type":"BreadcrumbList","@id":"https:\/\/www.sindicaturabarcelona.cat\/ca\/xavier-bernadi-nou-adjunt-al-sindic-de-greuges-de-barcelona\/#breadcrumb","itemListElement":[{"@type":"ListItem","position":1,"name":"Inici","item":"https:\/\/www.sindicaturabarcelona.cat\/ca\/"},{"@type":"ListItem","position":2,"name":"Xavier Bernad\u00ed, nou adjunt al s\u00edndic de greuges de Barcelona"}]},{"@type":"WebSite","@id":"https:\/\/www.sindicaturabarcelona.cat\/ca\/#website","url":"https:\/\/www.sindicaturabarcelona.cat\/ca\/","name":"Sindicatura de Greuges de Barcelona","description":"La defensoria dels teus drets","publisher":{"@id":"https:\/\/www.sindicaturabarcelona.cat\/ca\/#organization"},"potentialAction":[{"@type":"SearchAction","target":{"@type":"EntryPoint","urlTemplate":"https:\/\/www.sindicaturabarcelona.cat\/ca\/?s={search_term_string}"},"query-input":{"@type":"PropertyValueSpecification","valueRequired":true,"valueName":"search_term_string"}}],"inLanguage":"ca"},{"@type":"Organization","@id":"https:\/\/www.sindicaturabarcelona.cat\/ca\/#organization","name":"Sindicatura de Greuges de Barcelona","url":"https:\/\/www.sindicaturabarcelona.cat\/ca\/","logo":{"@type":"ImageObject","inLanguage":"ca","@id":"https:\/\/www.sindicaturabarcelona.cat\/ca\/#\/schema\/logo\/image\/","url":"https:\/\/www.sindicaturabarcelona.cat\/wp-content\/uploads\/2023\/02\/logo_sindicatura.svg","contentUrl":"https:\/\/www.sindicaturabarcelona.cat\/wp-content\/uploads\/2023\/02\/logo_sindicatura.svg","caption":"Sindicatura de Greuges de Barcelona"},"image":{"@id":"https:\/\/www.sindicaturabarcelona.cat\/ca\/#\/schema\/logo\/image\/"},"sameAs":["https:\/\/x.com\/sindicbarcelona","https:\/\/www.instagram.com\/sindicbarcelona\/","https:\/\/www.tiktok.com\/@sindicaturabcn","https:\/\/t.me\/sindicaturabarcelona"]},{"@type":"Person","@id":"https:\/\/www.sindicaturabarcelona.cat\/ca\/#\/schema\/person\/0e5acffc350ffdbc97578159322c9452","name":"Pablo","image":{"@type":"ImageObject","inLanguage":"ca","@id":"https:\/\/secure.gravatar.com\/avatar\/c948169b402ef9492afde705c3dfd5e90e1a6a84ef6840a91124f805a25a480f?s=96&d=mm&r=g","url":"https:\/\/secure.gravatar.com\/avatar\/c948169b402ef9492afde705c3dfd5e90e1a6a84ef6840a91124f805a25a480f?s=96&d=mm&r=g","contentUrl":"https:\/\/secure.gravatar.com\/avatar\/c948169b402ef9492afde705c3dfd5e90e1a6a84ef6840a91124f805a25a480f?s=96&d=mm&r=g","caption":"Pablo"},"url":"https:\/\/www.sindicaturabarcelona.cat\/ca\/author\/pablo\/"}]}},"_links":{"self":[{"href":"https:\/\/www.sindicaturabarcelona.cat\/ca\/wp-json\/wp\/v2\/posts\/39511","targetHints":{"allow":["GET"]}}],"collection":[{"href":"https:\/\/www.sindicaturabarcelona.cat\/ca\/wp-json\/wp\/v2\/posts"}],"about":[{"href":"https:\/\/www.sindicaturabarcelona.cat\/ca\/wp-json\/wp\/v2\/types\/post"}],"author":[{"embeddable":true,"href":"https:\/\/www.sindicaturabarcelona.cat\/ca\/wp-json\/wp\/v2\/users\/2"}],"replies":[{"embeddable":true,"href":"https:\/\/www.sindicaturabarcelona.cat\/ca\/wp-json\/wp\/v2\/comments?post=39511"}],"version-history":[{"count":6,"href":"https:\/\/www.sindicaturabarcelona.cat\/ca\/wp-json\/wp\/v2\/posts\/39511\/revisions"}],"predecessor-version":[{"id":39592,"href":"https:\/\/www.sindicaturabarcelona.cat\/ca\/wp-json\/wp\/v2\/posts\/39511\/revisions\/39592"}],"wp:featuredmedia":[{"embeddable":true,"href":"https:\/\/www.sindicaturabarcelona.cat\/ca\/wp-json\/wp\/v2\/media\/39586"}],"wp:attachment":[{"href":"https:\/\/www.sindicaturabarcelona.cat\/ca\/wp-json\/wp\/v2\/media?parent=39511"}],"wp:term":[{"taxonomy":"post_tag","embeddable":true,"href":"https:\/\/www.sindicaturabarcelona.cat\/ca\/wp-json\/wp\/v2\/tags?post=39511"},{"taxonomy":"drets","embeddable":true,"href":"https:\/\/www.sindicaturabarcelona.cat\/ca\/wp-json\/wp\/v2\/drets?post=39511"}],"curies":[{"name":"wp","href":"https:\/\/api.w.org\/{rel}","templated":true}]}}