{"id":39434,"date":"2025-10-03T07:36:38","date_gmt":"2025-10-03T05:36:38","guid":{"rendered":"https:\/\/www.sindicaturabarcelona.cat\/?p=39434"},"modified":"2025-10-04T11:02:22","modified_gmt":"2025-10-04T09:02:22","slug":"la-sindicatura-insta-a-reforcar-la-sensibilitzacio-del-personal-que-treballa-en-centres-esportius-municipals-envers-la-salut-mental-infantil-i-la-inclusio-educativa","status":"publish","type":"post","link":"https:\/\/www.sindicaturabarcelona.cat\/ca\/la-sindicatura-insta-a-reforcar-la-sensibilitzacio-del-personal-que-treballa-en-centres-esportius-municipals-envers-la-salut-mental-infantil-i-la-inclusio-educativa\/","title":{"rendered":"La Sindicatura insta a refor\u00e7ar la sensibilitzaci\u00f3 del personal que treballa en centres esportius municipals envers la salut mental infantil i la inclusi\u00f3 educativa"},"content":{"rendered":"\n<h2 class=\"wp-block-heading\">L\u2019Institut Barcelona Esports ha d\u2019intensificar la formaci\u00f3 espec\u00edfica en aquests \u00e0mbits, arran d\u2019un cas de dos nens, un dels quals amb necessitats espec\u00edfiques, als qui es va denegar l\u2019acc\u00e9s a una activitat extraescolar.<\/h2>\n\n\n\n<p>Segons la promotora de la queixa que ha motivat <a href=\"https:\/\/www.sindicaturabarcelona.cat\/wp-content\/uploads\/202509_Dret-Igualtat-Diversitat-Lleure-Educatiu_Activitat-Associacio-Esportiva-acces-classe-nens-IBE_25Q000489.pdf\" target=\"_blank\" rel=\"noreferrer noopener\">aquesta resoluci\u00f3<\/a>, des de feia dos anys el seus dos fills participaven en una activitat extraescolar que organitza una associaci\u00f3 i que es desenvolupa en instal\u00b7lacions municipals. Un dels infants presenta <strong>necessitats espec\u00edfiques de regulaci\u00f3 emocional i de conducta<\/strong>, que han generat algunes alteracions en el desenvolupament habitual de les sessions, i sobre les quals la fam\u00edlia ja estava assabentada.<\/p>\n\n\n\n<p>La ciutadana explica que, <strong>sense cap av\u00eds, se\u2019ls va impedir l\u2019entrada<\/strong>. Aix\u00f2 ha generat un <strong>fort impacte emocional<\/strong> en els infants, fet que ha provocat que abandonin l\u2019activitat. En canvi, l\u2019associaci\u00f3 esportiva assegura que va comunicar a la fam\u00edlia que havien detectat <strong>problemes de comportament<\/strong> recurrents i que ja no podrien assistir-hi junts, per\u00f2 els infants van fer-ne cas om\u00eds. Davant d\u2019aquest fet, va indicar-los que, si no estaven d\u2019acord a fer l\u2019activitat per separat, podien tramitar-ne la baixa. &nbsp;&nbsp;&nbsp;<\/p>\n\n\n\n<h2 class=\"wp-block-heading\">Cal assegurar l\u2019acc\u00e9s al lleure sense discriminacions<\/h2>\n\n\n\n<p>El <a href=\"https:\/\/www.sindicaturabarcelona.cat\/ca\/drets\/dret-a-educacio-i-lleure\/\" target=\"_blank\" rel=\"noreferrer noopener\"><strong>dret al lleure<\/strong><\/a>, tant en activitats organitzades <a href=\"https:\/\/www.sindicaturabarcelona.cat\/ca\/la-sindicatura-de-greuges-de-barcelona-recomana-que-es-retirin-els-cartells-de-prohibit-jugar-a-pilota-de-les-places-de-tota-la-ciutat\/\" target=\"_blank\" rel=\"noreferrer noopener\">com el joc aut\u00f2nom en espais p\u00fablics<\/a>, \u00e9s <strong>essencial per al desenvolupament integral dels infants<\/strong>, ja que millora la seva salut mental i el seu benestar emocional i en fomenta les habilitats socials. En els casos de nens i nenes amb diversitat funcional i\/o amb neurodiverg\u00e8ncia, les administracions p\u00fabliques han d\u2019assegurar que puguin accedir a activitats l\u00fadiques, recreatives i esportives en condicions d\u2019igualtat, sense discriminaci\u00f3 per raons econ\u00f2miques, territorials, socials, culturals o de capacitat.<\/p>\n\n\n\n<p>Tanmateix, \u00e9s comprensible que el personal dels centres esportius, que s\u00f3n els responsables de posar-ho en pr\u00e0ctica, sovint treballa amb recursos limitats i sense la formaci\u00f3 adequada per gestionar incidents derivats de la diversitat funcional i psicosocial dels infants.<\/p>\n\n\n\n<p>La Sindicatura considera que <strong>cal atendre el malestar leg\u00edtim expressat per la fam\u00edlia<\/strong> per la forma en qu\u00e8 se li va comunicar la decisi\u00f3 de separar els germans en l\u2019activitat esportiva. L\u2019associaci\u00f3 hauria pogut, per exemple, proporcionar la informaci\u00f3 per avan\u00e7at i per escrit. En situacions com aquesta, una comunicaci\u00f3 clara, emp\u00e0tica i formal \u00e9s cabdal per evitar confusions i garantir que les fam\u00edlies se sentin escoltades i respectades.<\/p>\n\n\n\n<p>La defensoria, per\u00f2, tamb\u00e9 valora que <strong>l\u2019entitat esportiva ha mostrat, amb posterioritat a l\u2019incident, una voluntat responsable i proactiva<\/strong> de resoldre la situaci\u00f3: ha presentat una explicaci\u00f3 argumentada dels motius de la decisi\u00f3 i ha ofert alternatives concretes i adaptades per tal que els infants puguin continuar participant en l\u2019activitat.<\/p>\n\n\n\n<p>Al maig, la Sindicatura va emetre <a href=\"https:\/\/www.sindicaturabarcelona.cat\/wp-content\/uploads\/202505_Dret-igualtat-i-diversitat_Testiu-molt-greuge-comparatiu-i-discriminacio-families-amb-fills-i-filles-amb-discapacitat_25Q000291.pdf\" target=\"_blank\" rel=\"noreferrer noopener\">una resoluci\u00f3 sobre el greuge comparatiu i la discriminaci\u00f3 en l\u2019acc\u00e9s al dret al lleure<\/a> que pateixen les fam\u00edlies amb infants i joves amb discapacitat per a les activitats municipals <em>T\u2019estiu molt 2025<\/em>. A m\u00e9s, a l\u2019<a href=\"https:\/\/www.sindicaturabarcelona.cat\/wp-content\/uploads\/20250424-Informe-Anual-Digital-Fulls.pdf\" target=\"_blank\" rel=\"noreferrer noopener\">informe anual 2024<\/a> s\u2019identificava que una de les principals problem\u00e0tiques que vulneren el dret a l\u2019educaci\u00f3 i al lleure \u00e9s una actuaci\u00f3 inadequada per abordar conflictes de conviv\u00e8ncia amb alumnat amb diagn\u00f2stic de salut mental.<\/p>\n\n\n\n<h2 class=\"wp-block-heading\">La recomanaci\u00f3 de la Sindicatura a l\u2019Institut Barcelona Esports<\/h2>\n\n\n\n<p>\u00c9s per tot aix\u00f2 que, <a href=\"https:\/\/www.sindicaturabarcelona.cat\/wp-content\/uploads\/202509_Dret-Igualtat-Diversitat-Lleure-Educatiu_Activitat-Associacio-Esportiva-acces-classe-nens-IBE_25Q000489.pdf\" target=\"_blank\" rel=\"noreferrer noopener\">en la nostra resoluci\u00f3<\/a>, recomanem a l\u2019IBE que <strong>intensifiqui la formaci\u00f3 i sensibilitzaci\u00f3 del personal que treballa en les entitats esportives municipals<\/strong>. En aquesta formaci\u00f3 es podria incloure continguts espec\u00edfics sobre salut mental infantil, gesti\u00f3 de conflictes, inclusi\u00f3 educativa i comunicaci\u00f3 amb les fam\u00edlies, amb l\u2019objectiu de garantir una resposta adequada, respectuosa i adaptada davant de situacions complexes.<\/p>\n\n\n\n<p>La Sindicatura aprecia la tasca que duu a terme l\u2019IBE en la promoci\u00f3 de l\u2019esport inclusiu i en la supervisi\u00f3 de les entitats homologades, i l\u2019encoratja a ampliar aquests esfor\u00e7os, amb la finalitat de garantir que cap infant no quedi excl\u00f2s de l\u2019acc\u00e9s al lleure per ra\u00f3 de la seva condici\u00f3 personal o familiar.<\/p>\n","protected":false},"excerpt":{"rendered":"<p>L\u2019Institut Barcelona Esports ha d\u2019intensificar la formaci\u00f3 espec\u00edfica en aquests \u00e0mbits, arran d\u2019un cas de dos nens, un dels quals amb necessitats espec\u00edfiques, als qui es va denegar l\u2019acc\u00e9s a [&hellip;]<\/p>\n","protected":false},"author":2,"featured_media":39436,"comment_status":"closed","ping_status":"closed","sticky":false,"template":"","format":"standard","meta":{"_acf_changed":false,"footnotes":""},"tags":[],"drets":[1428,1430],"class_list":["post-39434","post","type-post","status-publish","format-standard","has-post-thumbnail","hentry","drets-ciutat-equitativa","drets-dret-a-educacio-i-lleure"],"acf":[],"yoast_head":"<!-- This site is optimized with the Yoast SEO plugin v27.5 - https:\/\/yoast.com\/product\/yoast-seo-wordpress\/ -->\n<title>La Sindicatura insta a refor\u00e7ar la sensibilitzaci\u00f3 del personal que treballa en centres esportius municipals envers la salut mental infantil i la inclusi\u00f3 educativa - Sindicatura de Greuges de Barcelona<\/title>\n<meta name=\"description\" content=\"A dos nens, un dels quals amb necessitats espec\u00edfiques, se\u2019ls va denegar l\u2019acc\u00e9s a una activitat extraescolar que es duia a terme en un CEM.\" \/>\n<meta name=\"robots\" content=\"index, follow, max-snippet:-1, max-image-preview:large, max-video-preview:-1\" \/>\n<link rel=\"canonical\" href=\"https:\/\/www.sindicaturabarcelona.cat\/ca\/la-sindicatura-insta-a-reforcar-la-sensibilitzacio-del-personal-que-treballa-en-centres-esportius-municipals-envers-la-salut-mental-infantil-i-la-inclusio-educativa\/\" \/>\n<meta property=\"og:locale\" content=\"ca_ES\" \/>\n<meta property=\"og:type\" content=\"article\" \/>\n<meta property=\"og:title\" content=\"La Sindicatura insta a refor\u00e7ar la sensibilitzaci\u00f3 del personal que treballa en centres esportius municipals envers la salut mental infantil i la inclusi\u00f3 educativa - Sindicatura de Greuges de Barcelona\" \/>\n<meta property=\"og:description\" content=\"A dos nens, un dels quals amb necessitats espec\u00edfiques, se\u2019ls va denegar l\u2019acc\u00e9s a una activitat extraescolar que es duia a terme en un CEM.\" \/>\n<meta property=\"og:url\" content=\"https:\/\/www.sindicaturabarcelona.cat\/ca\/la-sindicatura-insta-a-reforcar-la-sensibilitzacio-del-personal-que-treballa-en-centres-esportius-municipals-envers-la-salut-mental-infantil-i-la-inclusio-educativa\/\" \/>\n<meta property=\"og:site_name\" content=\"Sindicatura de Greuges de Barcelona\" \/>\n<meta property=\"article:published_time\" content=\"2025-10-03T05:36:38+00:00\" \/>\n<meta property=\"article:modified_time\" content=\"2025-10-04T09:02:22+00:00\" \/>\n<meta property=\"og:image\" content=\"https:\/\/www.sindicaturabarcelona.cat\/wp-content\/uploads\/desquena-una-nena-aixecant-el-brac.jpg\" \/>\n\t<meta property=\"og:image:width\" content=\"2000\" \/>\n\t<meta property=\"og:image:height\" content=\"1333\" \/>\n\t<meta property=\"og:image:type\" content=\"image\/jpeg\" \/>\n<meta name=\"author\" content=\"Pablo\" \/>\n<meta name=\"twitter:card\" content=\"summary_large_image\" \/>\n<meta name=\"twitter:creator\" content=\"@sindicbarcelona\" \/>\n<meta name=\"twitter:site\" content=\"@sindicbarcelona\" \/>\n<meta name=\"twitter:label1\" content=\"Escrit per\" \/>\n\t<meta name=\"twitter:data1\" content=\"Pablo\" \/>\n\t<meta name=\"twitter:label2\" content=\"Temps estimat de lectura\" \/>\n\t<meta name=\"twitter:data2\" content=\"4 minuts\" \/>\n<script type=\"application\/ld+json\" class=\"yoast-schema-graph\">{\"@context\":\"https:\\\/\\\/schema.org\",\"@graph\":[{\"@type\":\"Article\",\"@id\":\"https:\\\/\\\/www.sindicaturabarcelona.cat\\\/ca\\\/la-sindicatura-insta-a-reforcar-la-sensibilitzacio-del-personal-que-treballa-en-centres-esportius-municipals-envers-la-salut-mental-infantil-i-la-inclusio-educativa\\\/#article\",\"isPartOf\":{\"@id\":\"https:\\\/\\\/www.sindicaturabarcelona.cat\\\/ca\\\/la-sindicatura-insta-a-reforcar-la-sensibilitzacio-del-personal-que-treballa-en-centres-esportius-municipals-envers-la-salut-mental-infantil-i-la-inclusio-educativa\\\/\"},\"author\":{\"name\":\"Pablo\",\"@id\":\"https:\\\/\\\/www.sindicaturabarcelona.cat\\\/ca\\\/#\\\/schema\\\/person\\\/0e5acffc350ffdbc97578159322c9452\"},\"headline\":\"La Sindicatura insta a refor\u00e7ar la sensibilitzaci\u00f3 del personal que treballa en centres esportius municipals envers la salut mental infantil i la inclusi\u00f3 educativa\",\"datePublished\":\"2025-10-03T05:36:38+00:00\",\"dateModified\":\"2025-10-04T09:02:22+00:00\",\"mainEntityOfPage\":{\"@id\":\"https:\\\/\\\/www.sindicaturabarcelona.cat\\\/ca\\\/la-sindicatura-insta-a-reforcar-la-sensibilitzacio-del-personal-que-treballa-en-centres-esportius-municipals-envers-la-salut-mental-infantil-i-la-inclusio-educativa\\\/\"},\"wordCount\":723,\"publisher\":{\"@id\":\"https:\\\/\\\/www.sindicaturabarcelona.cat\\\/ca\\\/#organization\"},\"image\":{\"@id\":\"https:\\\/\\\/www.sindicaturabarcelona.cat\\\/ca\\\/la-sindicatura-insta-a-reforcar-la-sensibilitzacio-del-personal-que-treballa-en-centres-esportius-municipals-envers-la-salut-mental-infantil-i-la-inclusio-educativa\\\/#primaryimage\"},\"thumbnailUrl\":\"https:\\\/\\\/www.sindicaturabarcelona.cat\\\/wp-content\\\/uploads\\\/desquena-una-nena-aixecant-el-brac.jpg\",\"inLanguage\":\"ca\"},{\"@type\":\"WebPage\",\"@id\":\"https:\\\/\\\/www.sindicaturabarcelona.cat\\\/ca\\\/la-sindicatura-insta-a-reforcar-la-sensibilitzacio-del-personal-que-treballa-en-centres-esportius-municipals-envers-la-salut-mental-infantil-i-la-inclusio-educativa\\\/\",\"url\":\"https:\\\/\\\/www.sindicaturabarcelona.cat\\\/ca\\\/la-sindicatura-insta-a-reforcar-la-sensibilitzacio-del-personal-que-treballa-en-centres-esportius-municipals-envers-la-salut-mental-infantil-i-la-inclusio-educativa\\\/\",\"name\":\"La Sindicatura insta a refor\u00e7ar la sensibilitzaci\u00f3 del personal que treballa en centres esportius municipals envers la salut mental infantil i la inclusi\u00f3 educativa - Sindicatura de Greuges de Barcelona\",\"isPartOf\":{\"@id\":\"https:\\\/\\\/www.sindicaturabarcelona.cat\\\/ca\\\/#website\"},\"primaryImageOfPage\":{\"@id\":\"https:\\\/\\\/www.sindicaturabarcelona.cat\\\/ca\\\/la-sindicatura-insta-a-reforcar-la-sensibilitzacio-del-personal-que-treballa-en-centres-esportius-municipals-envers-la-salut-mental-infantil-i-la-inclusio-educativa\\\/#primaryimage\"},\"image\":{\"@id\":\"https:\\\/\\\/www.sindicaturabarcelona.cat\\\/ca\\\/la-sindicatura-insta-a-reforcar-la-sensibilitzacio-del-personal-que-treballa-en-centres-esportius-municipals-envers-la-salut-mental-infantil-i-la-inclusio-educativa\\\/#primaryimage\"},\"thumbnailUrl\":\"https:\\\/\\\/www.sindicaturabarcelona.cat\\\/wp-content\\\/uploads\\\/desquena-una-nena-aixecant-el-brac.jpg\",\"datePublished\":\"2025-10-03T05:36:38+00:00\",\"dateModified\":\"2025-10-04T09:02:22+00:00\",\"description\":\"A dos nens, un dels quals amb necessitats espec\u00edfiques, se\u2019ls va denegar l\u2019acc\u00e9s a una activitat extraescolar que es duia a terme en un CEM.\",\"breadcrumb\":{\"@id\":\"https:\\\/\\\/www.sindicaturabarcelona.cat\\\/ca\\\/la-sindicatura-insta-a-reforcar-la-sensibilitzacio-del-personal-que-treballa-en-centres-esportius-municipals-envers-la-salut-mental-infantil-i-la-inclusio-educativa\\\/#breadcrumb\"},\"inLanguage\":\"ca\",\"potentialAction\":[{\"@type\":\"ReadAction\",\"target\":[\"https:\\\/\\\/www.sindicaturabarcelona.cat\\\/ca\\\/la-sindicatura-insta-a-reforcar-la-sensibilitzacio-del-personal-que-treballa-en-centres-esportius-municipals-envers-la-salut-mental-infantil-i-la-inclusio-educativa\\\/\"]}]},{\"@type\":\"ImageObject\",\"inLanguage\":\"ca\",\"@id\":\"https:\\\/\\\/www.sindicaturabarcelona.cat\\\/ca\\\/la-sindicatura-insta-a-reforcar-la-sensibilitzacio-del-personal-que-treballa-en-centres-esportius-municipals-envers-la-salut-mental-infantil-i-la-inclusio-educativa\\\/#primaryimage\",\"url\":\"https:\\\/\\\/www.sindicaturabarcelona.cat\\\/wp-content\\\/uploads\\\/desquena-una-nena-aixecant-el-brac.jpg\",\"contentUrl\":\"https:\\\/\\\/www.sindicaturabarcelona.cat\\\/wp-content\\\/uploads\\\/desquena-una-nena-aixecant-el-brac.jpg\",\"width\":2000,\"height\":1333,\"caption\":\"CEM Activitat extraescolar\"},{\"@type\":\"BreadcrumbList\",\"@id\":\"https:\\\/\\\/www.sindicaturabarcelona.cat\\\/ca\\\/la-sindicatura-insta-a-reforcar-la-sensibilitzacio-del-personal-que-treballa-en-centres-esportius-municipals-envers-la-salut-mental-infantil-i-la-inclusio-educativa\\\/#breadcrumb\",\"itemListElement\":[{\"@type\":\"ListItem\",\"position\":1,\"name\":\"Inici\",\"item\":\"https:\\\/\\\/www.sindicaturabarcelona.cat\\\/ca\\\/\"},{\"@type\":\"ListItem\",\"position\":2,\"name\":\"La Sindicatura insta a refor\u00e7ar la sensibilitzaci\u00f3 del personal que treballa en centres esportius municipals envers la salut mental infantil i la inclusi\u00f3 educativa\"}]},{\"@type\":\"WebSite\",\"@id\":\"https:\\\/\\\/www.sindicaturabarcelona.cat\\\/ca\\\/#website\",\"url\":\"https:\\\/\\\/www.sindicaturabarcelona.cat\\\/ca\\\/\",\"name\":\"Sindicatura de Greuges de Barcelona\",\"description\":\"La defensoria dels teus drets\",\"publisher\":{\"@id\":\"https:\\\/\\\/www.sindicaturabarcelona.cat\\\/ca\\\/#organization\"},\"potentialAction\":[{\"@type\":\"SearchAction\",\"target\":{\"@type\":\"EntryPoint\",\"urlTemplate\":\"https:\\\/\\\/www.sindicaturabarcelona.cat\\\/ca\\\/?s={search_term_string}\"},\"query-input\":{\"@type\":\"PropertyValueSpecification\",\"valueRequired\":true,\"valueName\":\"search_term_string\"}}],\"inLanguage\":\"ca\"},{\"@type\":\"Organization\",\"@id\":\"https:\\\/\\\/www.sindicaturabarcelona.cat\\\/ca\\\/#organization\",\"name\":\"Sindicatura de Greuges de Barcelona\",\"url\":\"https:\\\/\\\/www.sindicaturabarcelona.cat\\\/ca\\\/\",\"logo\":{\"@type\":\"ImageObject\",\"inLanguage\":\"ca\",\"@id\":\"https:\\\/\\\/www.sindicaturabarcelona.cat\\\/ca\\\/#\\\/schema\\\/logo\\\/image\\\/\",\"url\":\"https:\\\/\\\/www.sindicaturabarcelona.cat\\\/wp-content\\\/uploads\\\/2023\\\/02\\\/logo_sindicatura.svg\",\"contentUrl\":\"https:\\\/\\\/www.sindicaturabarcelona.cat\\\/wp-content\\\/uploads\\\/2023\\\/02\\\/logo_sindicatura.svg\",\"caption\":\"Sindicatura de Greuges de Barcelona\"},\"image\":{\"@id\":\"https:\\\/\\\/www.sindicaturabarcelona.cat\\\/ca\\\/#\\\/schema\\\/logo\\\/image\\\/\"},\"sameAs\":[\"https:\\\/\\\/x.com\\\/sindicbarcelona\",\"https:\\\/\\\/www.instagram.com\\\/sindicbarcelona\\\/\",\"https:\\\/\\\/www.tiktok.com\\\/@sindicaturabcn\",\"https:\\\/\\\/t.me\\\/sindicaturabarcelona\"]},{\"@type\":\"Person\",\"@id\":\"https:\\\/\\\/www.sindicaturabarcelona.cat\\\/ca\\\/#\\\/schema\\\/person\\\/0e5acffc350ffdbc97578159322c9452\",\"name\":\"Pablo\",\"image\":{\"@type\":\"ImageObject\",\"inLanguage\":\"ca\",\"@id\":\"https:\\\/\\\/secure.gravatar.com\\\/avatar\\\/c948169b402ef9492afde705c3dfd5e90e1a6a84ef6840a91124f805a25a480f?s=96&d=mm&r=g\",\"url\":\"https:\\\/\\\/secure.gravatar.com\\\/avatar\\\/c948169b402ef9492afde705c3dfd5e90e1a6a84ef6840a91124f805a25a480f?s=96&d=mm&r=g\",\"contentUrl\":\"https:\\\/\\\/secure.gravatar.com\\\/avatar\\\/c948169b402ef9492afde705c3dfd5e90e1a6a84ef6840a91124f805a25a480f?s=96&d=mm&r=g\",\"caption\":\"Pablo\"},\"url\":\"https:\\\/\\\/www.sindicaturabarcelona.cat\\\/ca\\\/author\\\/pablo\\\/\"}]}<\/script>\n<!-- \/ Yoast SEO plugin. -->","yoast_head_json":{"title":"La Sindicatura insta a refor\u00e7ar la sensibilitzaci\u00f3 del personal que treballa en centres esportius municipals envers la salut mental infantil i la inclusi\u00f3 educativa - Sindicatura de Greuges de Barcelona","description":"A dos nens, un dels quals amb necessitats espec\u00edfiques, se\u2019ls va denegar l\u2019acc\u00e9s a una activitat extraescolar que es duia a terme en un CEM.","robots":{"index":"index","follow":"follow","max-snippet":"max-snippet:-1","max-image-preview":"max-image-preview:large","max-video-preview":"max-video-preview:-1"},"canonical":"https:\/\/www.sindicaturabarcelona.cat\/ca\/la-sindicatura-insta-a-reforcar-la-sensibilitzacio-del-personal-que-treballa-en-centres-esportius-municipals-envers-la-salut-mental-infantil-i-la-inclusio-educativa\/","og_locale":"ca_ES","og_type":"article","og_title":"La Sindicatura insta a refor\u00e7ar la sensibilitzaci\u00f3 del personal que treballa en centres esportius municipals envers la salut mental infantil i la inclusi\u00f3 educativa - Sindicatura de Greuges de Barcelona","og_description":"A dos nens, un dels quals amb necessitats espec\u00edfiques, se\u2019ls va denegar l\u2019acc\u00e9s a una activitat extraescolar que es duia a terme en un CEM.","og_url":"https:\/\/www.sindicaturabarcelona.cat\/ca\/la-sindicatura-insta-a-reforcar-la-sensibilitzacio-del-personal-que-treballa-en-centres-esportius-municipals-envers-la-salut-mental-infantil-i-la-inclusio-educativa\/","og_site_name":"Sindicatura de Greuges de Barcelona","article_published_time":"2025-10-03T05:36:38+00:00","article_modified_time":"2025-10-04T09:02:22+00:00","og_image":[{"width":2000,"height":1333,"url":"https:\/\/www.sindicaturabarcelona.cat\/wp-content\/uploads\/desquena-una-nena-aixecant-el-brac.jpg","type":"image\/jpeg"}],"author":"Pablo","twitter_card":"summary_large_image","twitter_creator":"@sindicbarcelona","twitter_site":"@sindicbarcelona","twitter_misc":{"Escrit per":"Pablo","Temps estimat de lectura":"4 minuts"},"schema":{"@context":"https:\/\/schema.org","@graph":[{"@type":"Article","@id":"https:\/\/www.sindicaturabarcelona.cat\/ca\/la-sindicatura-insta-a-reforcar-la-sensibilitzacio-del-personal-que-treballa-en-centres-esportius-municipals-envers-la-salut-mental-infantil-i-la-inclusio-educativa\/#article","isPartOf":{"@id":"https:\/\/www.sindicaturabarcelona.cat\/ca\/la-sindicatura-insta-a-reforcar-la-sensibilitzacio-del-personal-que-treballa-en-centres-esportius-municipals-envers-la-salut-mental-infantil-i-la-inclusio-educativa\/"},"author":{"name":"Pablo","@id":"https:\/\/www.sindicaturabarcelona.cat\/ca\/#\/schema\/person\/0e5acffc350ffdbc97578159322c9452"},"headline":"La Sindicatura insta a refor\u00e7ar la sensibilitzaci\u00f3 del personal que treballa en centres esportius municipals envers la salut mental infantil i la inclusi\u00f3 educativa","datePublished":"2025-10-03T05:36:38+00:00","dateModified":"2025-10-04T09:02:22+00:00","mainEntityOfPage":{"@id":"https:\/\/www.sindicaturabarcelona.cat\/ca\/la-sindicatura-insta-a-reforcar-la-sensibilitzacio-del-personal-que-treballa-en-centres-esportius-municipals-envers-la-salut-mental-infantil-i-la-inclusio-educativa\/"},"wordCount":723,"publisher":{"@id":"https:\/\/www.sindicaturabarcelona.cat\/ca\/#organization"},"image":{"@id":"https:\/\/www.sindicaturabarcelona.cat\/ca\/la-sindicatura-insta-a-reforcar-la-sensibilitzacio-del-personal-que-treballa-en-centres-esportius-municipals-envers-la-salut-mental-infantil-i-la-inclusio-educativa\/#primaryimage"},"thumbnailUrl":"https:\/\/www.sindicaturabarcelona.cat\/wp-content\/uploads\/desquena-una-nena-aixecant-el-brac.jpg","inLanguage":"ca"},{"@type":"WebPage","@id":"https:\/\/www.sindicaturabarcelona.cat\/ca\/la-sindicatura-insta-a-reforcar-la-sensibilitzacio-del-personal-que-treballa-en-centres-esportius-municipals-envers-la-salut-mental-infantil-i-la-inclusio-educativa\/","url":"https:\/\/www.sindicaturabarcelona.cat\/ca\/la-sindicatura-insta-a-reforcar-la-sensibilitzacio-del-personal-que-treballa-en-centres-esportius-municipals-envers-la-salut-mental-infantil-i-la-inclusio-educativa\/","name":"La Sindicatura insta a refor\u00e7ar la sensibilitzaci\u00f3 del personal que treballa en centres esportius municipals envers la salut mental infantil i la inclusi\u00f3 educativa - Sindicatura de Greuges de Barcelona","isPartOf":{"@id":"https:\/\/www.sindicaturabarcelona.cat\/ca\/#website"},"primaryImageOfPage":{"@id":"https:\/\/www.sindicaturabarcelona.cat\/ca\/la-sindicatura-insta-a-reforcar-la-sensibilitzacio-del-personal-que-treballa-en-centres-esportius-municipals-envers-la-salut-mental-infantil-i-la-inclusio-educativa\/#primaryimage"},"image":{"@id":"https:\/\/www.sindicaturabarcelona.cat\/ca\/la-sindicatura-insta-a-reforcar-la-sensibilitzacio-del-personal-que-treballa-en-centres-esportius-municipals-envers-la-salut-mental-infantil-i-la-inclusio-educativa\/#primaryimage"},"thumbnailUrl":"https:\/\/www.sindicaturabarcelona.cat\/wp-content\/uploads\/desquena-una-nena-aixecant-el-brac.jpg","datePublished":"2025-10-03T05:36:38+00:00","dateModified":"2025-10-04T09:02:22+00:00","description":"A dos nens, un dels quals amb necessitats espec\u00edfiques, se\u2019ls va denegar l\u2019acc\u00e9s a una activitat extraescolar que es duia a terme en un CEM.","breadcrumb":{"@id":"https:\/\/www.sindicaturabarcelona.cat\/ca\/la-sindicatura-insta-a-reforcar-la-sensibilitzacio-del-personal-que-treballa-en-centres-esportius-municipals-envers-la-salut-mental-infantil-i-la-inclusio-educativa\/#breadcrumb"},"inLanguage":"ca","potentialAction":[{"@type":"ReadAction","target":["https:\/\/www.sindicaturabarcelona.cat\/ca\/la-sindicatura-insta-a-reforcar-la-sensibilitzacio-del-personal-que-treballa-en-centres-esportius-municipals-envers-la-salut-mental-infantil-i-la-inclusio-educativa\/"]}]},{"@type":"ImageObject","inLanguage":"ca","@id":"https:\/\/www.sindicaturabarcelona.cat\/ca\/la-sindicatura-insta-a-reforcar-la-sensibilitzacio-del-personal-que-treballa-en-centres-esportius-municipals-envers-la-salut-mental-infantil-i-la-inclusio-educativa\/#primaryimage","url":"https:\/\/www.sindicaturabarcelona.cat\/wp-content\/uploads\/desquena-una-nena-aixecant-el-brac.jpg","contentUrl":"https:\/\/www.sindicaturabarcelona.cat\/wp-content\/uploads\/desquena-una-nena-aixecant-el-brac.jpg","width":2000,"height":1333,"caption":"CEM Activitat extraescolar"},{"@type":"BreadcrumbList","@id":"https:\/\/www.sindicaturabarcelona.cat\/ca\/la-sindicatura-insta-a-reforcar-la-sensibilitzacio-del-personal-que-treballa-en-centres-esportius-municipals-envers-la-salut-mental-infantil-i-la-inclusio-educativa\/#breadcrumb","itemListElement":[{"@type":"ListItem","position":1,"name":"Inici","item":"https:\/\/www.sindicaturabarcelona.cat\/ca\/"},{"@type":"ListItem","position":2,"name":"La Sindicatura insta a refor\u00e7ar la sensibilitzaci\u00f3 del personal que treballa en centres esportius municipals envers la salut mental infantil i la inclusi\u00f3 educativa"}]},{"@type":"WebSite","@id":"https:\/\/www.sindicaturabarcelona.cat\/ca\/#website","url":"https:\/\/www.sindicaturabarcelona.cat\/ca\/","name":"Sindicatura de Greuges de Barcelona","description":"La defensoria dels teus drets","publisher":{"@id":"https:\/\/www.sindicaturabarcelona.cat\/ca\/#organization"},"potentialAction":[{"@type":"SearchAction","target":{"@type":"EntryPoint","urlTemplate":"https:\/\/www.sindicaturabarcelona.cat\/ca\/?s={search_term_string}"},"query-input":{"@type":"PropertyValueSpecification","valueRequired":true,"valueName":"search_term_string"}}],"inLanguage":"ca"},{"@type":"Organization","@id":"https:\/\/www.sindicaturabarcelona.cat\/ca\/#organization","name":"Sindicatura de Greuges de Barcelona","url":"https:\/\/www.sindicaturabarcelona.cat\/ca\/","logo":{"@type":"ImageObject","inLanguage":"ca","@id":"https:\/\/www.sindicaturabarcelona.cat\/ca\/#\/schema\/logo\/image\/","url":"https:\/\/www.sindicaturabarcelona.cat\/wp-content\/uploads\/2023\/02\/logo_sindicatura.svg","contentUrl":"https:\/\/www.sindicaturabarcelona.cat\/wp-content\/uploads\/2023\/02\/logo_sindicatura.svg","caption":"Sindicatura de Greuges de Barcelona"},"image":{"@id":"https:\/\/www.sindicaturabarcelona.cat\/ca\/#\/schema\/logo\/image\/"},"sameAs":["https:\/\/x.com\/sindicbarcelona","https:\/\/www.instagram.com\/sindicbarcelona\/","https:\/\/www.tiktok.com\/@sindicaturabcn","https:\/\/t.me\/sindicaturabarcelona"]},{"@type":"Person","@id":"https:\/\/www.sindicaturabarcelona.cat\/ca\/#\/schema\/person\/0e5acffc350ffdbc97578159322c9452","name":"Pablo","image":{"@type":"ImageObject","inLanguage":"ca","@id":"https:\/\/secure.gravatar.com\/avatar\/c948169b402ef9492afde705c3dfd5e90e1a6a84ef6840a91124f805a25a480f?s=96&d=mm&r=g","url":"https:\/\/secure.gravatar.com\/avatar\/c948169b402ef9492afde705c3dfd5e90e1a6a84ef6840a91124f805a25a480f?s=96&d=mm&r=g","contentUrl":"https:\/\/secure.gravatar.com\/avatar\/c948169b402ef9492afde705c3dfd5e90e1a6a84ef6840a91124f805a25a480f?s=96&d=mm&r=g","caption":"Pablo"},"url":"https:\/\/www.sindicaturabarcelona.cat\/ca\/author\/pablo\/"}]}},"_links":{"self":[{"href":"https:\/\/www.sindicaturabarcelona.cat\/ca\/wp-json\/wp\/v2\/posts\/39434","targetHints":{"allow":["GET"]}}],"collection":[{"href":"https:\/\/www.sindicaturabarcelona.cat\/ca\/wp-json\/wp\/v2\/posts"}],"about":[{"href":"https:\/\/www.sindicaturabarcelona.cat\/ca\/wp-json\/wp\/v2\/types\/post"}],"author":[{"embeddable":true,"href":"https:\/\/www.sindicaturabarcelona.cat\/ca\/wp-json\/wp\/v2\/users\/2"}],"replies":[{"embeddable":true,"href":"https:\/\/www.sindicaturabarcelona.cat\/ca\/wp-json\/wp\/v2\/comments?post=39434"}],"version-history":[{"count":17,"href":"https:\/\/www.sindicaturabarcelona.cat\/ca\/wp-json\/wp\/v2\/posts\/39434\/revisions"}],"predecessor-version":[{"id":39505,"href":"https:\/\/www.sindicaturabarcelona.cat\/ca\/wp-json\/wp\/v2\/posts\/39434\/revisions\/39505"}],"wp:featuredmedia":[{"embeddable":true,"href":"https:\/\/www.sindicaturabarcelona.cat\/ca\/wp-json\/wp\/v2\/media\/39436"}],"wp:attachment":[{"href":"https:\/\/www.sindicaturabarcelona.cat\/ca\/wp-json\/wp\/v2\/media?parent=39434"}],"wp:term":[{"taxonomy":"post_tag","embeddable":true,"href":"https:\/\/www.sindicaturabarcelona.cat\/ca\/wp-json\/wp\/v2\/tags?post=39434"},{"taxonomy":"drets","embeddable":true,"href":"https:\/\/www.sindicaturabarcelona.cat\/ca\/wp-json\/wp\/v2\/drets?post=39434"}],"curies":[{"name":"wp","href":"https:\/\/api.w.org\/{rel}","templated":true}]}}