{"id":39001,"date":"2025-09-23T10:48:01","date_gmt":"2025-09-23T08:48:01","guid":{"rendered":"https:\/\/www.sindicaturabarcelona.cat\/?p=39001"},"modified":"2025-10-11T21:50:39","modified_gmt":"2025-10-11T19:50:39","slug":"presentem-el-conte-una-superheroina-sense-capa-sobre-la-tasca-de-la-sindicatura-a-la-setmana-del-llibre-en-catala","status":"publish","type":"post","link":"https:\/\/www.sindicaturabarcelona.cat\/ca\/presentem-el-conte-una-superheroina-sense-capa-sobre-la-tasca-de-la-sindicatura-a-la-setmana-del-llibre-en-catala\/","title":{"rendered":"Presentem el conte \u201cUna superhero\u00efna sense capa\u201d, sobre la tasca de la Sindicatura, a La Setmana del Llibre en Catal\u00e0"},"content":{"rendered":"\n<p>L&#8217;acte, que va obrir el s\u00edndic de greuges de Barcelona, <strong>David Bondia<\/strong>, va tenir lloc ahir <strong>dilluns, 22 de setembre, <\/strong>a l&#8217;Espai Familiar de <a href=\"https:\/\/lasetmana.cat\/\" target=\"_blank\" rel=\"noreferrer noopener\">La Setmana del Llibre en Catal\u00e0<\/a>, al <strong>passeig de Llu\u00eds Companys<\/strong>.<\/p>\n\n\n\n<p>El relat explica, a trav\u00e9s de la hist\u00f2ria del Jan i la Maria, dos infants, l&#8217;avi Llu\u00eds, l&#8217;\u00e0via Rosa i altres personatges, que <strong>la defensoria \u00e9s com una superhero\u00efna sense capa que ajuda els nens i les nenes,<\/strong> aix\u00ed com les persones adultes, i a l&#8217;Ajuntament a fer millor la seva feina.<\/p>\n\n\n\n<p>L\u2019autoria del <strong>text \u00e9s de<\/strong> <strong><a href=\"http:\/\/meritxellmargarit.cat\/\" target=\"_blank\" rel=\"noreferrer noopener\">Meritxell Margarit<\/a><\/strong>, periodista i escriptora, que ha publicat novel\u00b7les, contes, guions de c\u00f2mic i textos divulgatius, la majoria per a infants i joves. L\u2019obra compta amb <strong>il\u00b7lustracions de <a href=\"https:\/\/julia-quintana.com\/\" target=\"_blank\" rel=\"noreferrer noopener\">J\u00falia Quintana<\/a><\/strong>, que ha col\u00b7laborat amb la revista <em>El Tatano<\/em>, i ha realitzat enc\u00e0rrecs i projectes d&#8217;il\u00b7lustraci\u00f3 i disseny per a diverses editorials i entitats culturals i educatives. L&#8217;edici\u00f3 ha estat a c\u00e0rrec de l&#8217;<a href=\"https:\/\/editorialmediterrania.com\/\" target=\"_blank\" rel=\"noreferrer noopener\"><strong>Editorial Mediterr\u00e0nia<\/strong><\/a>.<\/p>\n\n\n\n<p>En la seva intervenci\u00f3, <strong>Bondia<\/strong> va destacar que &#8220;<strong>els infants teniu molt a dir sobre el que passa a la ciutat<\/strong>. Per aix\u00f2 ens vam posar en contacte amb una editorial i vam engegar aquest projecte. Per exemple, <a href=\"https:\/\/www.sindicaturabarcelona.cat\/ca\/la-sindicatura-de-greuges-de-barcelona-recomana-que-es-retirin-els-cartells-de-prohibit-jugar-a-pilota-de-les-places-de-tota-la-ciutat\/\" target=\"_blank\" rel=\"noreferrer noopener\">vam recomanar a l&#8217;Ajuntament que retir\u00e9s els cartells de &#8216;prohibit jugar a pilota&#8217;<\/a> a les places i carrers perqu\u00e8 ens ho hav\u00edeu demanat&#8221;. A continuaci\u00f3, <strong>Margarit<\/strong> i l&#8217;editora <strong>Laura Servitja<\/strong> van explicar el conte al p\u00fablic assistent i se&#8217;n van repartir exemplars.<\/p>\n\n\n\n<p>Ben aviat, tamb\u00e9 <strong>se&#8217;n distribuiran<\/strong> a <strong>centres educatius<\/strong> i a les <strong>biblioteques de la ciutat<\/strong>.<\/p>\n\n\n\n<p><\/p>\n","protected":false},"excerpt":{"rendered":"<p>L&#8217;acte, que va obrir el s\u00edndic de greuges de Barcelona, David Bondia, va tenir lloc ahir dilluns, 22 de setembre, a l&#8217;Espai Familiar de La Setmana del Llibre en Catal\u00e0, [&hellip;]<\/p>\n","protected":false},"author":2,"featured_media":39215,"comment_status":"closed","ping_status":"closed","sticky":false,"template":"","format":"standard","meta":{"_acf_changed":false,"footnotes":""},"tags":[],"drets":[1428,1463,1430,1431,1432,1433,1434,1435,1436,1437,1442,1462,1461,1460,1459,1458,1457,1503,1440,1455,1456,1454,1453,1452,1451,1647,1652,1667,1438,1450,1449,1448,1447,1446,1445,1444,1502],"class_list":["post-39001","post","type-post","status-publish","format-standard","has-post-thumbnail","hentry","drets-ciutat-equitativa","drets-dret-serveis-proteccio-social","drets-dret-a-educacio-i-lleure","drets-dret-a-la-salut","drets-drets-culturals","drets-dret-a-lesport","drets-dret-al-treball","drets-dret-a-lhabitatge","drets-drets-dacolldia","drets-dret-a-una-vida-lliure-de-violencies","drets-ciutat-diversa","drets-drets-de-la-infancia-i-ladolescencia","drets-drets-de-la-joventut","drets-drets-de-la-gent-gran","drets-drets-de-participacio","drets-dret-a-la-igualtat-i-a-la-diversitat","drets-drets-linguistics","drets-dret-a-les-cures","drets-ciutat-garantista","drets-drets-digitals","drets-dret-a-una-bona-administracio","drets-drets-de-les-persones-consumidores","drets-drets-funeraris","drets-dret-a-la-seguretat-ciutadana","drets-dret-a-lempadronament","drets-dret-a-la-informacio","drets-dret-a-la-memoria-democratica","drets-dret-a-la-integritat","drets-ciutat-habitable-i-sostenible","drets-dret-a-un-urbanisme-harmonios","drets-dret-a-una-convivencia-pacifica","drets-dret-al-medi-ambient","drets-dret-a-la-mobilitat","drets-dret-a-lespai-public","drets-dret-a-laccessibilitat-i-la-inclusivitat","drets-dret-al-descans","drets-dret-al-benestar-animal"],"acf":[],"yoast_head":"<!-- This site is optimized with the Yoast SEO plugin v27.5 - https:\/\/yoast.com\/product\/yoast-seo-wordpress\/ -->\n<title>Presentem el conte \u201cUna superhero\u00efna sense capa\u201d, sobre la tasca de la Sindicatura, a La Setmana del Llibre en Catal\u00e0 - Sindicatura de Greuges de Barcelona<\/title>\n<meta name=\"description\" content=\"El s\u00edndic de greuges, David Bondia va obrir l&#039;acte, que va tenir lloc ahir dilluns, 22 de setembre, a La Setmana del Llibre en Catal\u00e0.\" \/>\n<meta name=\"robots\" content=\"index, follow, max-snippet:-1, max-image-preview:large, max-video-preview:-1\" \/>\n<link rel=\"canonical\" href=\"https:\/\/www.sindicaturabarcelona.cat\/ca\/presentem-el-conte-una-superheroina-sense-capa-sobre-la-tasca-de-la-sindicatura-a-la-setmana-del-llibre-en-catala\/\" \/>\n<meta property=\"og:locale\" content=\"ca_ES\" \/>\n<meta property=\"og:type\" content=\"article\" \/>\n<meta property=\"og:title\" content=\"Presentem el conte \u201cUna superhero\u00efna sense capa\u201d, sobre la tasca de la Sindicatura, a La Setmana del Llibre en Catal\u00e0 - Sindicatura de Greuges de Barcelona\" \/>\n<meta property=\"og:description\" content=\"El s\u00edndic de greuges, David Bondia va obrir l&#039;acte, que va tenir lloc ahir dilluns, 22 de setembre, a La Setmana del Llibre en Catal\u00e0.\" \/>\n<meta property=\"og:url\" content=\"https:\/\/www.sindicaturabarcelona.cat\/ca\/presentem-el-conte-una-superheroina-sense-capa-sobre-la-tasca-de-la-sindicatura-a-la-setmana-del-llibre-en-catala\/\" \/>\n<meta property=\"og:site_name\" content=\"Sindicatura de Greuges de Barcelona\" \/>\n<meta property=\"article:published_time\" content=\"2025-09-23T08:48:01+00:00\" \/>\n<meta property=\"article:modified_time\" content=\"2025-10-11T19:50:39+00:00\" \/>\n<meta property=\"og:image\" content=\"https:\/\/www.sindicaturabarcelona.cat\/wp-content\/uploads\/Portada-1-1-scaled.jpg\" \/>\n\t<meta property=\"og:image:width\" content=\"2560\" \/>\n\t<meta property=\"og:image:height\" content=\"1706\" \/>\n\t<meta property=\"og:image:type\" content=\"image\/jpeg\" \/>\n<meta name=\"author\" content=\"Pablo\" \/>\n<meta name=\"twitter:card\" content=\"summary_large_image\" \/>\n<meta name=\"twitter:creator\" content=\"@sindicbarcelona\" \/>\n<meta name=\"twitter:site\" content=\"@sindicbarcelona\" \/>\n<meta name=\"twitter:label1\" content=\"Escrit per\" \/>\n\t<meta name=\"twitter:data1\" content=\"Pablo\" \/>\n\t<meta name=\"twitter:label2\" content=\"Temps estimat de lectura\" \/>\n\t<meta name=\"twitter:data2\" content=\"2 minuts\" \/>\n<script type=\"application\/ld+json\" class=\"yoast-schema-graph\">{\"@context\":\"https:\\\/\\\/schema.org\",\"@graph\":[{\"@type\":\"Article\",\"@id\":\"https:\\\/\\\/www.sindicaturabarcelona.cat\\\/ca\\\/presentem-el-conte-una-superheroina-sense-capa-sobre-la-tasca-de-la-sindicatura-a-la-setmana-del-llibre-en-catala\\\/#article\",\"isPartOf\":{\"@id\":\"https:\\\/\\\/www.sindicaturabarcelona.cat\\\/ca\\\/presentem-el-conte-una-superheroina-sense-capa-sobre-la-tasca-de-la-sindicatura-a-la-setmana-del-llibre-en-catala\\\/\"},\"author\":{\"name\":\"Pablo\",\"@id\":\"https:\\\/\\\/www.sindicaturabarcelona.cat\\\/ca\\\/#\\\/schema\\\/person\\\/0e5acffc350ffdbc97578159322c9452\"},\"headline\":\"Presentem el conte \u201cUna superhero\u00efna sense capa\u201d, sobre la tasca de la Sindicatura, a La Setmana del Llibre en Catal\u00e0\",\"datePublished\":\"2025-09-23T08:48:01+00:00\",\"dateModified\":\"2025-10-11T19:50:39+00:00\",\"mainEntityOfPage\":{\"@id\":\"https:\\\/\\\/www.sindicaturabarcelona.cat\\\/ca\\\/presentem-el-conte-una-superheroina-sense-capa-sobre-la-tasca-de-la-sindicatura-a-la-setmana-del-llibre-en-catala\\\/\"},\"wordCount\":303,\"publisher\":{\"@id\":\"https:\\\/\\\/www.sindicaturabarcelona.cat\\\/ca\\\/#organization\"},\"image\":{\"@id\":\"https:\\\/\\\/www.sindicaturabarcelona.cat\\\/ca\\\/presentem-el-conte-una-superheroina-sense-capa-sobre-la-tasca-de-la-sindicatura-a-la-setmana-del-llibre-en-catala\\\/#primaryimage\"},\"thumbnailUrl\":\"https:\\\/\\\/www.sindicaturabarcelona.cat\\\/wp-content\\\/uploads\\\/Portada-1-1-scaled.jpg\",\"inLanguage\":\"ca\"},{\"@type\":\"WebPage\",\"@id\":\"https:\\\/\\\/www.sindicaturabarcelona.cat\\\/ca\\\/presentem-el-conte-una-superheroina-sense-capa-sobre-la-tasca-de-la-sindicatura-a-la-setmana-del-llibre-en-catala\\\/\",\"url\":\"https:\\\/\\\/www.sindicaturabarcelona.cat\\\/ca\\\/presentem-el-conte-una-superheroina-sense-capa-sobre-la-tasca-de-la-sindicatura-a-la-setmana-del-llibre-en-catala\\\/\",\"name\":\"Presentem el conte \u201cUna superhero\u00efna sense capa\u201d, sobre la tasca de la Sindicatura, a La Setmana del Llibre en Catal\u00e0 - Sindicatura de Greuges de Barcelona\",\"isPartOf\":{\"@id\":\"https:\\\/\\\/www.sindicaturabarcelona.cat\\\/ca\\\/#website\"},\"primaryImageOfPage\":{\"@id\":\"https:\\\/\\\/www.sindicaturabarcelona.cat\\\/ca\\\/presentem-el-conte-una-superheroina-sense-capa-sobre-la-tasca-de-la-sindicatura-a-la-setmana-del-llibre-en-catala\\\/#primaryimage\"},\"image\":{\"@id\":\"https:\\\/\\\/www.sindicaturabarcelona.cat\\\/ca\\\/presentem-el-conte-una-superheroina-sense-capa-sobre-la-tasca-de-la-sindicatura-a-la-setmana-del-llibre-en-catala\\\/#primaryimage\"},\"thumbnailUrl\":\"https:\\\/\\\/www.sindicaturabarcelona.cat\\\/wp-content\\\/uploads\\\/Portada-1-1-scaled.jpg\",\"datePublished\":\"2025-09-23T08:48:01+00:00\",\"dateModified\":\"2025-10-11T19:50:39+00:00\",\"description\":\"El s\u00edndic de greuges, David Bondia va obrir l'acte, que va tenir lloc ahir dilluns, 22 de setembre, a La Setmana del Llibre en Catal\u00e0.\",\"breadcrumb\":{\"@id\":\"https:\\\/\\\/www.sindicaturabarcelona.cat\\\/ca\\\/presentem-el-conte-una-superheroina-sense-capa-sobre-la-tasca-de-la-sindicatura-a-la-setmana-del-llibre-en-catala\\\/#breadcrumb\"},\"inLanguage\":\"ca\",\"potentialAction\":[{\"@type\":\"ReadAction\",\"target\":[\"https:\\\/\\\/www.sindicaturabarcelona.cat\\\/ca\\\/presentem-el-conte-una-superheroina-sense-capa-sobre-la-tasca-de-la-sindicatura-a-la-setmana-del-llibre-en-catala\\\/\"]}]},{\"@type\":\"ImageObject\",\"inLanguage\":\"ca\",\"@id\":\"https:\\\/\\\/www.sindicaturabarcelona.cat\\\/ca\\\/presentem-el-conte-una-superheroina-sense-capa-sobre-la-tasca-de-la-sindicatura-a-la-setmana-del-llibre-en-catala\\\/#primaryimage\",\"url\":\"https:\\\/\\\/www.sindicaturabarcelona.cat\\\/wp-content\\\/uploads\\\/Portada-1-1-scaled.jpg\",\"contentUrl\":\"https:\\\/\\\/www.sindicaturabarcelona.cat\\\/wp-content\\\/uploads\\\/Portada-1-1-scaled.jpg\",\"width\":2560,\"height\":1706,\"caption\":\"Presentaci\u00f3 conte Superhero\u00efna sense capa Setmana Llibre\"},{\"@type\":\"BreadcrumbList\",\"@id\":\"https:\\\/\\\/www.sindicaturabarcelona.cat\\\/ca\\\/presentem-el-conte-una-superheroina-sense-capa-sobre-la-tasca-de-la-sindicatura-a-la-setmana-del-llibre-en-catala\\\/#breadcrumb\",\"itemListElement\":[{\"@type\":\"ListItem\",\"position\":1,\"name\":\"Inici\",\"item\":\"https:\\\/\\\/www.sindicaturabarcelona.cat\\\/ca\\\/\"},{\"@type\":\"ListItem\",\"position\":2,\"name\":\"Presentem el conte \u201cUna superhero\u00efna sense capa\u201d, sobre la tasca de la Sindicatura, a La Setmana del Llibre en Catal\u00e0\"}]},{\"@type\":\"WebSite\",\"@id\":\"https:\\\/\\\/www.sindicaturabarcelona.cat\\\/ca\\\/#website\",\"url\":\"https:\\\/\\\/www.sindicaturabarcelona.cat\\\/ca\\\/\",\"name\":\"Sindicatura de Greuges de Barcelona\",\"description\":\"La defensoria dels teus drets\",\"publisher\":{\"@id\":\"https:\\\/\\\/www.sindicaturabarcelona.cat\\\/ca\\\/#organization\"},\"potentialAction\":[{\"@type\":\"SearchAction\",\"target\":{\"@type\":\"EntryPoint\",\"urlTemplate\":\"https:\\\/\\\/www.sindicaturabarcelona.cat\\\/ca\\\/?s={search_term_string}\"},\"query-input\":{\"@type\":\"PropertyValueSpecification\",\"valueRequired\":true,\"valueName\":\"search_term_string\"}}],\"inLanguage\":\"ca\"},{\"@type\":\"Organization\",\"@id\":\"https:\\\/\\\/www.sindicaturabarcelona.cat\\\/ca\\\/#organization\",\"name\":\"Sindicatura de Greuges de Barcelona\",\"url\":\"https:\\\/\\\/www.sindicaturabarcelona.cat\\\/ca\\\/\",\"logo\":{\"@type\":\"ImageObject\",\"inLanguage\":\"ca\",\"@id\":\"https:\\\/\\\/www.sindicaturabarcelona.cat\\\/ca\\\/#\\\/schema\\\/logo\\\/image\\\/\",\"url\":\"https:\\\/\\\/www.sindicaturabarcelona.cat\\\/wp-content\\\/uploads\\\/2023\\\/02\\\/logo_sindicatura.svg\",\"contentUrl\":\"https:\\\/\\\/www.sindicaturabarcelona.cat\\\/wp-content\\\/uploads\\\/2023\\\/02\\\/logo_sindicatura.svg\",\"caption\":\"Sindicatura de Greuges de Barcelona\"},\"image\":{\"@id\":\"https:\\\/\\\/www.sindicaturabarcelona.cat\\\/ca\\\/#\\\/schema\\\/logo\\\/image\\\/\"},\"sameAs\":[\"https:\\\/\\\/x.com\\\/sindicbarcelona\",\"https:\\\/\\\/www.instagram.com\\\/sindicbarcelona\\\/\",\"https:\\\/\\\/www.tiktok.com\\\/@sindicaturabcn\",\"https:\\\/\\\/t.me\\\/sindicaturabarcelona\"]},{\"@type\":\"Person\",\"@id\":\"https:\\\/\\\/www.sindicaturabarcelona.cat\\\/ca\\\/#\\\/schema\\\/person\\\/0e5acffc350ffdbc97578159322c9452\",\"name\":\"Pablo\",\"image\":{\"@type\":\"ImageObject\",\"inLanguage\":\"ca\",\"@id\":\"https:\\\/\\\/secure.gravatar.com\\\/avatar\\\/c948169b402ef9492afde705c3dfd5e90e1a6a84ef6840a91124f805a25a480f?s=96&d=mm&r=g\",\"url\":\"https:\\\/\\\/secure.gravatar.com\\\/avatar\\\/c948169b402ef9492afde705c3dfd5e90e1a6a84ef6840a91124f805a25a480f?s=96&d=mm&r=g\",\"contentUrl\":\"https:\\\/\\\/secure.gravatar.com\\\/avatar\\\/c948169b402ef9492afde705c3dfd5e90e1a6a84ef6840a91124f805a25a480f?s=96&d=mm&r=g\",\"caption\":\"Pablo\"},\"url\":\"https:\\\/\\\/www.sindicaturabarcelona.cat\\\/ca\\\/author\\\/pablo\\\/\"}]}<\/script>\n<!-- \/ Yoast SEO plugin. -->","yoast_head_json":{"title":"Presentem el conte \u201cUna superhero\u00efna sense capa\u201d, sobre la tasca de la Sindicatura, a La Setmana del Llibre en Catal\u00e0 - Sindicatura de Greuges de Barcelona","description":"El s\u00edndic de greuges, David Bondia va obrir l'acte, que va tenir lloc ahir dilluns, 22 de setembre, a La Setmana del Llibre en Catal\u00e0.","robots":{"index":"index","follow":"follow","max-snippet":"max-snippet:-1","max-image-preview":"max-image-preview:large","max-video-preview":"max-video-preview:-1"},"canonical":"https:\/\/www.sindicaturabarcelona.cat\/ca\/presentem-el-conte-una-superheroina-sense-capa-sobre-la-tasca-de-la-sindicatura-a-la-setmana-del-llibre-en-catala\/","og_locale":"ca_ES","og_type":"article","og_title":"Presentem el conte \u201cUna superhero\u00efna sense capa\u201d, sobre la tasca de la Sindicatura, a La Setmana del Llibre en Catal\u00e0 - Sindicatura de Greuges de Barcelona","og_description":"El s\u00edndic de greuges, David Bondia va obrir l'acte, que va tenir lloc ahir dilluns, 22 de setembre, a La Setmana del Llibre en Catal\u00e0.","og_url":"https:\/\/www.sindicaturabarcelona.cat\/ca\/presentem-el-conte-una-superheroina-sense-capa-sobre-la-tasca-de-la-sindicatura-a-la-setmana-del-llibre-en-catala\/","og_site_name":"Sindicatura de Greuges de Barcelona","article_published_time":"2025-09-23T08:48:01+00:00","article_modified_time":"2025-10-11T19:50:39+00:00","og_image":[{"width":2560,"height":1706,"url":"https:\/\/www.sindicaturabarcelona.cat\/wp-content\/uploads\/Portada-1-1-scaled.jpg","type":"image\/jpeg"}],"author":"Pablo","twitter_card":"summary_large_image","twitter_creator":"@sindicbarcelona","twitter_site":"@sindicbarcelona","twitter_misc":{"Escrit per":"Pablo","Temps estimat de lectura":"2 minuts"},"schema":{"@context":"https:\/\/schema.org","@graph":[{"@type":"Article","@id":"https:\/\/www.sindicaturabarcelona.cat\/ca\/presentem-el-conte-una-superheroina-sense-capa-sobre-la-tasca-de-la-sindicatura-a-la-setmana-del-llibre-en-catala\/#article","isPartOf":{"@id":"https:\/\/www.sindicaturabarcelona.cat\/ca\/presentem-el-conte-una-superheroina-sense-capa-sobre-la-tasca-de-la-sindicatura-a-la-setmana-del-llibre-en-catala\/"},"author":{"name":"Pablo","@id":"https:\/\/www.sindicaturabarcelona.cat\/ca\/#\/schema\/person\/0e5acffc350ffdbc97578159322c9452"},"headline":"Presentem el conte \u201cUna superhero\u00efna sense capa\u201d, sobre la tasca de la Sindicatura, a La Setmana del Llibre en Catal\u00e0","datePublished":"2025-09-23T08:48:01+00:00","dateModified":"2025-10-11T19:50:39+00:00","mainEntityOfPage":{"@id":"https:\/\/www.sindicaturabarcelona.cat\/ca\/presentem-el-conte-una-superheroina-sense-capa-sobre-la-tasca-de-la-sindicatura-a-la-setmana-del-llibre-en-catala\/"},"wordCount":303,"publisher":{"@id":"https:\/\/www.sindicaturabarcelona.cat\/ca\/#organization"},"image":{"@id":"https:\/\/www.sindicaturabarcelona.cat\/ca\/presentem-el-conte-una-superheroina-sense-capa-sobre-la-tasca-de-la-sindicatura-a-la-setmana-del-llibre-en-catala\/#primaryimage"},"thumbnailUrl":"https:\/\/www.sindicaturabarcelona.cat\/wp-content\/uploads\/Portada-1-1-scaled.jpg","inLanguage":"ca"},{"@type":"WebPage","@id":"https:\/\/www.sindicaturabarcelona.cat\/ca\/presentem-el-conte-una-superheroina-sense-capa-sobre-la-tasca-de-la-sindicatura-a-la-setmana-del-llibre-en-catala\/","url":"https:\/\/www.sindicaturabarcelona.cat\/ca\/presentem-el-conte-una-superheroina-sense-capa-sobre-la-tasca-de-la-sindicatura-a-la-setmana-del-llibre-en-catala\/","name":"Presentem el conte \u201cUna superhero\u00efna sense capa\u201d, sobre la tasca de la Sindicatura, a La Setmana del Llibre en Catal\u00e0 - Sindicatura de Greuges de Barcelona","isPartOf":{"@id":"https:\/\/www.sindicaturabarcelona.cat\/ca\/#website"},"primaryImageOfPage":{"@id":"https:\/\/www.sindicaturabarcelona.cat\/ca\/presentem-el-conte-una-superheroina-sense-capa-sobre-la-tasca-de-la-sindicatura-a-la-setmana-del-llibre-en-catala\/#primaryimage"},"image":{"@id":"https:\/\/www.sindicaturabarcelona.cat\/ca\/presentem-el-conte-una-superheroina-sense-capa-sobre-la-tasca-de-la-sindicatura-a-la-setmana-del-llibre-en-catala\/#primaryimage"},"thumbnailUrl":"https:\/\/www.sindicaturabarcelona.cat\/wp-content\/uploads\/Portada-1-1-scaled.jpg","datePublished":"2025-09-23T08:48:01+00:00","dateModified":"2025-10-11T19:50:39+00:00","description":"El s\u00edndic de greuges, David Bondia va obrir l'acte, que va tenir lloc ahir dilluns, 22 de setembre, a La Setmana del Llibre en Catal\u00e0.","breadcrumb":{"@id":"https:\/\/www.sindicaturabarcelona.cat\/ca\/presentem-el-conte-una-superheroina-sense-capa-sobre-la-tasca-de-la-sindicatura-a-la-setmana-del-llibre-en-catala\/#breadcrumb"},"inLanguage":"ca","potentialAction":[{"@type":"ReadAction","target":["https:\/\/www.sindicaturabarcelona.cat\/ca\/presentem-el-conte-una-superheroina-sense-capa-sobre-la-tasca-de-la-sindicatura-a-la-setmana-del-llibre-en-catala\/"]}]},{"@type":"ImageObject","inLanguage":"ca","@id":"https:\/\/www.sindicaturabarcelona.cat\/ca\/presentem-el-conte-una-superheroina-sense-capa-sobre-la-tasca-de-la-sindicatura-a-la-setmana-del-llibre-en-catala\/#primaryimage","url":"https:\/\/www.sindicaturabarcelona.cat\/wp-content\/uploads\/Portada-1-1-scaled.jpg","contentUrl":"https:\/\/www.sindicaturabarcelona.cat\/wp-content\/uploads\/Portada-1-1-scaled.jpg","width":2560,"height":1706,"caption":"Presentaci\u00f3 conte Superhero\u00efna sense capa Setmana Llibre"},{"@type":"BreadcrumbList","@id":"https:\/\/www.sindicaturabarcelona.cat\/ca\/presentem-el-conte-una-superheroina-sense-capa-sobre-la-tasca-de-la-sindicatura-a-la-setmana-del-llibre-en-catala\/#breadcrumb","itemListElement":[{"@type":"ListItem","position":1,"name":"Inici","item":"https:\/\/www.sindicaturabarcelona.cat\/ca\/"},{"@type":"ListItem","position":2,"name":"Presentem el conte \u201cUna superhero\u00efna sense capa\u201d, sobre la tasca de la Sindicatura, a La Setmana del Llibre en Catal\u00e0"}]},{"@type":"WebSite","@id":"https:\/\/www.sindicaturabarcelona.cat\/ca\/#website","url":"https:\/\/www.sindicaturabarcelona.cat\/ca\/","name":"Sindicatura de Greuges de Barcelona","description":"La defensoria dels teus drets","publisher":{"@id":"https:\/\/www.sindicaturabarcelona.cat\/ca\/#organization"},"potentialAction":[{"@type":"SearchAction","target":{"@type":"EntryPoint","urlTemplate":"https:\/\/www.sindicaturabarcelona.cat\/ca\/?s={search_term_string}"},"query-input":{"@type":"PropertyValueSpecification","valueRequired":true,"valueName":"search_term_string"}}],"inLanguage":"ca"},{"@type":"Organization","@id":"https:\/\/www.sindicaturabarcelona.cat\/ca\/#organization","name":"Sindicatura de Greuges de Barcelona","url":"https:\/\/www.sindicaturabarcelona.cat\/ca\/","logo":{"@type":"ImageObject","inLanguage":"ca","@id":"https:\/\/www.sindicaturabarcelona.cat\/ca\/#\/schema\/logo\/image\/","url":"https:\/\/www.sindicaturabarcelona.cat\/wp-content\/uploads\/2023\/02\/logo_sindicatura.svg","contentUrl":"https:\/\/www.sindicaturabarcelona.cat\/wp-content\/uploads\/2023\/02\/logo_sindicatura.svg","caption":"Sindicatura de Greuges de Barcelona"},"image":{"@id":"https:\/\/www.sindicaturabarcelona.cat\/ca\/#\/schema\/logo\/image\/"},"sameAs":["https:\/\/x.com\/sindicbarcelona","https:\/\/www.instagram.com\/sindicbarcelona\/","https:\/\/www.tiktok.com\/@sindicaturabcn","https:\/\/t.me\/sindicaturabarcelona"]},{"@type":"Person","@id":"https:\/\/www.sindicaturabarcelona.cat\/ca\/#\/schema\/person\/0e5acffc350ffdbc97578159322c9452","name":"Pablo","image":{"@type":"ImageObject","inLanguage":"ca","@id":"https:\/\/secure.gravatar.com\/avatar\/c948169b402ef9492afde705c3dfd5e90e1a6a84ef6840a91124f805a25a480f?s=96&d=mm&r=g","url":"https:\/\/secure.gravatar.com\/avatar\/c948169b402ef9492afde705c3dfd5e90e1a6a84ef6840a91124f805a25a480f?s=96&d=mm&r=g","contentUrl":"https:\/\/secure.gravatar.com\/avatar\/c948169b402ef9492afde705c3dfd5e90e1a6a84ef6840a91124f805a25a480f?s=96&d=mm&r=g","caption":"Pablo"},"url":"https:\/\/www.sindicaturabarcelona.cat\/ca\/author\/pablo\/"}]}},"_links":{"self":[{"href":"https:\/\/www.sindicaturabarcelona.cat\/ca\/wp-json\/wp\/v2\/posts\/39001","targetHints":{"allow":["GET"]}}],"collection":[{"href":"https:\/\/www.sindicaturabarcelona.cat\/ca\/wp-json\/wp\/v2\/posts"}],"about":[{"href":"https:\/\/www.sindicaturabarcelona.cat\/ca\/wp-json\/wp\/v2\/types\/post"}],"author":[{"embeddable":true,"href":"https:\/\/www.sindicaturabarcelona.cat\/ca\/wp-json\/wp\/v2\/users\/2"}],"replies":[{"embeddable":true,"href":"https:\/\/www.sindicaturabarcelona.cat\/ca\/wp-json\/wp\/v2\/comments?post=39001"}],"version-history":[{"count":24,"href":"https:\/\/www.sindicaturabarcelona.cat\/ca\/wp-json\/wp\/v2\/posts\/39001\/revisions"}],"predecessor-version":[{"id":39712,"href":"https:\/\/www.sindicaturabarcelona.cat\/ca\/wp-json\/wp\/v2\/posts\/39001\/revisions\/39712"}],"wp:featuredmedia":[{"embeddable":true,"href":"https:\/\/www.sindicaturabarcelona.cat\/ca\/wp-json\/wp\/v2\/media\/39215"}],"wp:attachment":[{"href":"https:\/\/www.sindicaturabarcelona.cat\/ca\/wp-json\/wp\/v2\/media?parent=39001"}],"wp:term":[{"taxonomy":"post_tag","embeddable":true,"href":"https:\/\/www.sindicaturabarcelona.cat\/ca\/wp-json\/wp\/v2\/tags?post=39001"},{"taxonomy":"drets","embeddable":true,"href":"https:\/\/www.sindicaturabarcelona.cat\/ca\/wp-json\/wp\/v2\/drets?post=39001"}],"curies":[{"name":"wp","href":"https:\/\/api.w.org\/{rel}","templated":true}]}}