{"id":38987,"date":"2025-09-10T08:00:00","date_gmt":"2025-09-10T06:00:00","guid":{"rendered":"https:\/\/www.sindicaturabarcelona.cat\/?p=38987"},"modified":"2025-09-25T09:16:14","modified_gmt":"2025-09-25T07:16:14","slug":"la-sindicatura-recorda-a-linstitut-municipal-deducacio-que-ha-de-vetllar-pels-drets-linguistics-de-lalumnat-i-de-les-families-i-fomentar-lus-del-catala","status":"publish","type":"post","link":"https:\/\/www.sindicaturabarcelona.cat\/ca\/la-sindicatura-recorda-a-linstitut-municipal-deducacio-que-ha-de-vetllar-pels-drets-linguistics-de-lalumnat-i-de-les-families-i-fomentar-lus-del-catala\/","title":{"rendered":"La Sindicatura recorda a l\u2019Institut Municipal d\u2019Educaci\u00f3 que ha de vetllar pels drets ling\u00fc\u00edstics de l\u2019alumnat i de les fam\u00edlies i fomentar l\u2019\u00fas del catal\u00e0"},"content":{"rendered":"\n<h2 class=\"wp-block-heading\">L\u2019IMEB pot millorar pel que fa a l\u2019emprament de la llengua en la comunicaci\u00f3 amb les fam\u00edlies, en el cas d&#8217;una reuni\u00f3 d\u2019aquestes amb una educadora d\u2019una escola bressol que es va fer en castell\u00e0.<\/h2>\n\n\n\n<p>Segons la promotora de <a href=\"https:\/\/www.sindicaturabarcelona.cat\/wp-content\/uploads\/202508_Drets-linguistics-religiosos_castella-reunio-families-escola-bressol-municipal_25Q000590.pdf\" target=\"_blank\" rel=\"noreferrer noopener\">la queixa que ha motivat aquesta resoluci\u00f3<\/a>, l\u2019educadora va anunciar al comen\u00e7ament de la trobada que parlaria en aquesta llengua tota l\u2019estona, sense que ning\u00fa ho hagu\u00e9s demanat. En acabat, la ciutadana es va dirigir a la direcci\u00f3 de l\u2019escola per expressar el seu desacord, per\u00f2 <strong>la resposta de la directora va ser que les reunions es continuarien fent en castell\u00e0<\/strong>.<\/p>\n\n\n\n<h2 class=\"wp-block-heading\">La resposta de l\u2019Institut Municipal d&#8217;Educaci\u00f3 de Barcelona<\/h2>\n\n\n\n<p>A partir de la informaci\u00f3 facilitada per l\u2019escola bressol, l\u2019IMEB assegura que l\u2019\u00fas del castell\u00e0 s\u00ed que va ser a causa de la petici\u00f3 d\u2019algunes fam\u00edlies per garantir-ne la comprensi\u00f3, a difer\u00e8ncia dels fets exposats per la ciutadana promotora de la queixa.&nbsp;<\/p>\n\n\n\n<p>En qualsevol cas, cal destacar que l\u2019ens municipal <strong>ha reconegut que<\/strong> <strong>la forma en qu\u00e8 va resoldre la situaci\u00f3 no va ser correcta. <\/strong>A m\u00e9s a m\u00e9s, <strong>s\u2019ha disculpat pel malestar causat<\/strong> a la ciutadana i s\u2019ha comprom\u00e8s a revisar amb l\u2019equip directiu els procediments perqu\u00e8 les comunicacions generals siguin en catal\u00e0 amb l&#8217;acompanyament necessari a les persones que no entenen dita llengua.<\/p>\n\n\n\n<p>A m\u00e9s, aquest institut municipal ha manifestat la voluntat de <strong>promoure les formacions que ofereix el <\/strong><a href=\"https:\/\/www.cpnl.cat\/\" target=\"_blank\" rel=\"noreferrer noopener\"><strong>Consorci per a la Normalitzaci\u00f3 Ling\u00fc\u00edstica<\/strong><\/a>, i garantir una inclusi\u00f3 de l\u2019idioma respectuosa, inclusiva i coherent amb el marc normatiu vigent.&nbsp;&nbsp; &nbsp;<\/p>\n\n\n\n<h2 class=\"wp-block-heading\">El catal\u00e0, llengua oficial i d\u2019\u00fas normal a l\u2019Ajuntament<\/h2>\n\n\n\n<p>El <a href=\"https:\/\/ajuntament.barcelona.cat\/norma-portal-juridic\/ca\/vid\/842551643\" target=\"_blank\" rel=\"noreferrer noopener\">Reglament d\u2019us de la llengua catalana de l\u2019Ajuntament de Barcelona<\/a> estableix que, tant en les relacions internes com en les comunicacions amb el ciutad\u00e0, aquesta \u00e9s la llengua oficial i d\u2019\u00fas normal de l\u2019Ajuntament. En la mateixa l\u00ednia es determina en l\u2019Estatut d\u2019Autonomia, i la llei auton\u00f2mica d\u2019educaci\u00f3 refor\u00e7a <strong>el paper del catal\u00e0 com a llengua oficial de l\u2019Administraci\u00f3<\/strong> i estableix que ha d\u2019emprar-se normalment en les relacions internes dels centres i en les activitats de projecci\u00f3 externes. &nbsp;<\/p>\n\n\n\n<p>Ara b\u00e9, la normativa vigent tamb\u00e9 estableix que <strong><strong>la ciutadania t\u00e9 dret a ser atesa<\/strong> en qualsevol de les lleng\u00fces oficials<\/strong>. Per tant, si es fa una pregunta en castell\u00e0, aquesta es podr\u00e0 respondre en el mateix idioma.<\/p>\n\n\n\n<p>Per tot el que s\u2019ha exposat, la Sindicatura de Greuges de Barcelona recorda a l\u2019Institut Municipal d\u2019Educaci\u00f3 de Barcelona <a href=\"https:\/\/www.sindicaturabarcelona.cat\/wp-content\/uploads\/202508_Drets-linguistics-religiosos_castella-reunio-families-escola-bressol-municipal_25Q000590.pdf\" target=\"_blank\" rel=\"noreferrer noopener\">en la seva resoluci\u00f3<\/a> que ha de vetllar pels drets ling\u00fc\u00edstics de l\u2019alumnat i de les fam\u00edlies, i fomentar la utilitzaci\u00f3 del catal\u00e0 com a llengua minorit\u00e0ria. Tamb\u00e9 li recomana que col\u00b7labori amb la comissionada per l\u2019\u00das Social del Catal\u00e0 per fomentar-ne l&#8217;emprament a les escoles bressol.\u00a0\u00a0<\/p>\n\n\n\n<h2 class=\"wp-block-heading\">Un segon cas vinculat als drets ling\u00fc\u00edstics aquest estiu<\/h2>\n\n\n\n<p>A finals de juliol, la Sindicatura ja es va pronunciar sobre les m\u00faltiples queixes rebudes en relaci\u00f3 als esquetxos escenificats durant l\u2019acte de presentaci\u00f3 de l\u2019<strong><em><a href=\"https:\/\/ajuntament.barcelona.cat\/dretsidiversitat\/sites\/default\/files\/InformeDiscriminacions2024_Online_CAT.pdf\" target=\"_blank\" rel=\"noreferrer noopener\">Informe de l\u2019Observatori de les Discriminacions a Barcelona 2024<\/a><\/em><\/strong>, amb afirmacions contr\u00e0ries als drets ling\u00fc\u00edstics dels catalanoparlants.<\/p>\n\n\n\n<p>En aquella <a href=\"https:\/\/www.sindicaturabarcelona.cat\/ca\/la-sindicatura-adverteix-a-lajuntament-de-barcelona-que-cal-vetllar-perque-no-es-tornin-a-repetir-els-fets-ocorreguts-durant-la-presentacio-de-linforme-de-discriminacions-a-barcelona\/\" target=\"_blank\" rel=\"noreferrer noopener\">resoluci\u00f3 es conclo\u00efa<\/a> que l\u2019actuaci\u00f3 de Ajuntament, que organitzava l\u2019acte, no havia estat ajustada a dret i no s\u2019havia produ\u00eft amb la dilig\u00e8ncia deguda, per\u00f2 es va valorar positivament el r\u00e0pid reconeixement de l\u2019error i l\u2019assumpci\u00f3 de responsabilitats.<\/p>\n","protected":false},"excerpt":{"rendered":"<p>L\u2019IMEB pot millorar pel que fa a l\u2019emprament de la llengua en la comunicaci\u00f3 amb les fam\u00edlies, en el cas d&#8217;una reuni\u00f3 d\u2019aquestes amb una educadora d\u2019una escola bressol que [&hellip;]<\/p>\n","protected":false},"author":2,"featured_media":38989,"comment_status":"closed","ping_status":"closed","sticky":false,"template":"","format":"standard","meta":{"_acf_changed":false,"footnotes":""},"tags":[],"drets":[1442,1457],"class_list":["post-38987","post","type-post","status-publish","format-standard","has-post-thumbnail","hentry","drets-ciutat-diversa","drets-drets-linguistics"],"acf":[],"yoast_head":"<!-- This site is optimized with the Yoast SEO plugin v27.5 - https:\/\/yoast.com\/product\/yoast-seo-wordpress\/ -->\n<title>La Sindicatura recorda a l\u2019Institut Municipal d\u2019Educaci\u00f3 que ha de vetllar pels drets ling\u00fc\u00edstics de l\u2019alumnat i de les fam\u00edlies i fomentar l\u2019\u00fas del catal\u00e0 - Sindicatura de Greuges de Barcelona<\/title>\n<meta name=\"description\" content=\"L\u2019IMEB pot millorar en un cas en qu\u00e8 una reuni\u00f3 de les fam\u00edlies amb una educadora d\u2019una escola bressol es va fer en castell\u00e0.\" \/>\n<meta name=\"robots\" content=\"index, follow, max-snippet:-1, max-image-preview:large, max-video-preview:-1\" \/>\n<link rel=\"canonical\" href=\"https:\/\/www.sindicaturabarcelona.cat\/ca\/la-sindicatura-recorda-a-linstitut-municipal-deducacio-que-ha-de-vetllar-pels-drets-linguistics-de-lalumnat-i-de-les-families-i-fomentar-lus-del-catala\/\" \/>\n<meta property=\"og:locale\" content=\"ca_ES\" \/>\n<meta property=\"og:type\" content=\"article\" \/>\n<meta property=\"og:title\" content=\"La Sindicatura recorda a l\u2019Institut Municipal d\u2019Educaci\u00f3 que ha de vetllar pels drets ling\u00fc\u00edstics de l\u2019alumnat i de les fam\u00edlies i fomentar l\u2019\u00fas del catal\u00e0 - Sindicatura de Greuges de Barcelona\" \/>\n<meta property=\"og:description\" content=\"L\u2019IMEB pot millorar en un cas en qu\u00e8 una reuni\u00f3 de les fam\u00edlies amb una educadora d\u2019una escola bressol es va fer en castell\u00e0.\" \/>\n<meta property=\"og:url\" content=\"https:\/\/www.sindicaturabarcelona.cat\/ca\/la-sindicatura-recorda-a-linstitut-municipal-deducacio-que-ha-de-vetllar-pels-drets-linguistics-de-lalumnat-i-de-les-families-i-fomentar-lus-del-catala\/\" \/>\n<meta property=\"og:site_name\" content=\"Sindicatura de Greuges de Barcelona\" \/>\n<meta property=\"article:published_time\" content=\"2025-09-10T06:00:00+00:00\" \/>\n<meta property=\"article:modified_time\" content=\"2025-09-25T07:16:14+00:00\" \/>\n<meta property=\"og:image\" content=\"https:\/\/www.sindicaturabarcelona.cat\/wp-content\/uploads\/families-amb-nadons-conversant-entre-1-scaled.jpg\" \/>\n\t<meta property=\"og:image:width\" content=\"2560\" \/>\n\t<meta property=\"og:image:height\" content=\"1707\" \/>\n\t<meta property=\"og:image:type\" content=\"image\/jpeg\" \/>\n<meta name=\"author\" content=\"Pablo\" \/>\n<meta name=\"twitter:card\" content=\"summary_large_image\" \/>\n<meta name=\"twitter:creator\" content=\"@sindicbarcelona\" \/>\n<meta name=\"twitter:site\" content=\"@sindicbarcelona\" \/>\n<meta name=\"twitter:label1\" content=\"Escrit per\" \/>\n\t<meta name=\"twitter:data1\" content=\"Pablo\" \/>\n\t<meta name=\"twitter:label2\" content=\"Temps estimat de lectura\" \/>\n\t<meta name=\"twitter:data2\" content=\"4 minuts\" \/>\n<script type=\"application\/ld+json\" class=\"yoast-schema-graph\">{\"@context\":\"https:\\\/\\\/schema.org\",\"@graph\":[{\"@type\":\"Article\",\"@id\":\"https:\\\/\\\/www.sindicaturabarcelona.cat\\\/ca\\\/la-sindicatura-recorda-a-linstitut-municipal-deducacio-que-ha-de-vetllar-pels-drets-linguistics-de-lalumnat-i-de-les-families-i-fomentar-lus-del-catala\\\/#article\",\"isPartOf\":{\"@id\":\"https:\\\/\\\/www.sindicaturabarcelona.cat\\\/ca\\\/la-sindicatura-recorda-a-linstitut-municipal-deducacio-que-ha-de-vetllar-pels-drets-linguistics-de-lalumnat-i-de-les-families-i-fomentar-lus-del-catala\\\/\"},\"author\":{\"name\":\"Pablo\",\"@id\":\"https:\\\/\\\/www.sindicaturabarcelona.cat\\\/ca\\\/#\\\/schema\\\/person\\\/0e5acffc350ffdbc97578159322c9452\"},\"headline\":\"La Sindicatura recorda a l\u2019Institut Municipal d\u2019Educaci\u00f3 que ha de vetllar pels drets ling\u00fc\u00edstics de l\u2019alumnat i de les fam\u00edlies i fomentar l\u2019\u00fas del catal\u00e0\",\"datePublished\":\"2025-09-10T06:00:00+00:00\",\"dateModified\":\"2025-09-25T07:16:14+00:00\",\"mainEntityOfPage\":{\"@id\":\"https:\\\/\\\/www.sindicaturabarcelona.cat\\\/ca\\\/la-sindicatura-recorda-a-linstitut-municipal-deducacio-que-ha-de-vetllar-pels-drets-linguistics-de-lalumnat-i-de-les-families-i-fomentar-lus-del-catala\\\/\"},\"wordCount\":639,\"publisher\":{\"@id\":\"https:\\\/\\\/www.sindicaturabarcelona.cat\\\/ca\\\/#organization\"},\"image\":{\"@id\":\"https:\\\/\\\/www.sindicaturabarcelona.cat\\\/ca\\\/la-sindicatura-recorda-a-linstitut-municipal-deducacio-que-ha-de-vetllar-pels-drets-linguistics-de-lalumnat-i-de-les-families-i-fomentar-lus-del-catala\\\/#primaryimage\"},\"thumbnailUrl\":\"https:\\\/\\\/www.sindicaturabarcelona.cat\\\/wp-content\\\/uploads\\\/families-amb-nadons-conversant-entre-1-scaled.jpg\",\"inLanguage\":\"ca\"},{\"@type\":\"WebPage\",\"@id\":\"https:\\\/\\\/www.sindicaturabarcelona.cat\\\/ca\\\/la-sindicatura-recorda-a-linstitut-municipal-deducacio-que-ha-de-vetllar-pels-drets-linguistics-de-lalumnat-i-de-les-families-i-fomentar-lus-del-catala\\\/\",\"url\":\"https:\\\/\\\/www.sindicaturabarcelona.cat\\\/ca\\\/la-sindicatura-recorda-a-linstitut-municipal-deducacio-que-ha-de-vetllar-pels-drets-linguistics-de-lalumnat-i-de-les-families-i-fomentar-lus-del-catala\\\/\",\"name\":\"La Sindicatura recorda a l\u2019Institut Municipal d\u2019Educaci\u00f3 que ha de vetllar pels drets ling\u00fc\u00edstics de l\u2019alumnat i de les fam\u00edlies i fomentar l\u2019\u00fas del catal\u00e0 - Sindicatura de Greuges de Barcelona\",\"isPartOf\":{\"@id\":\"https:\\\/\\\/www.sindicaturabarcelona.cat\\\/ca\\\/#website\"},\"primaryImageOfPage\":{\"@id\":\"https:\\\/\\\/www.sindicaturabarcelona.cat\\\/ca\\\/la-sindicatura-recorda-a-linstitut-municipal-deducacio-que-ha-de-vetllar-pels-drets-linguistics-de-lalumnat-i-de-les-families-i-fomentar-lus-del-catala\\\/#primaryimage\"},\"image\":{\"@id\":\"https:\\\/\\\/www.sindicaturabarcelona.cat\\\/ca\\\/la-sindicatura-recorda-a-linstitut-municipal-deducacio-que-ha-de-vetllar-pels-drets-linguistics-de-lalumnat-i-de-les-families-i-fomentar-lus-del-catala\\\/#primaryimage\"},\"thumbnailUrl\":\"https:\\\/\\\/www.sindicaturabarcelona.cat\\\/wp-content\\\/uploads\\\/families-amb-nadons-conversant-entre-1-scaled.jpg\",\"datePublished\":\"2025-09-10T06:00:00+00:00\",\"dateModified\":\"2025-09-25T07:16:14+00:00\",\"description\":\"L\u2019IMEB pot millorar en un cas en qu\u00e8 una reuni\u00f3 de les fam\u00edlies amb una educadora d\u2019una escola bressol es va fer en castell\u00e0.\",\"breadcrumb\":{\"@id\":\"https:\\\/\\\/www.sindicaturabarcelona.cat\\\/ca\\\/la-sindicatura-recorda-a-linstitut-municipal-deducacio-que-ha-de-vetllar-pels-drets-linguistics-de-lalumnat-i-de-les-families-i-fomentar-lus-del-catala\\\/#breadcrumb\"},\"inLanguage\":\"ca\",\"potentialAction\":[{\"@type\":\"ReadAction\",\"target\":[\"https:\\\/\\\/www.sindicaturabarcelona.cat\\\/ca\\\/la-sindicatura-recorda-a-linstitut-municipal-deducacio-que-ha-de-vetllar-pels-drets-linguistics-de-lalumnat-i-de-les-families-i-fomentar-lus-del-catala\\\/\"]}]},{\"@type\":\"ImageObject\",\"inLanguage\":\"ca\",\"@id\":\"https:\\\/\\\/www.sindicaturabarcelona.cat\\\/ca\\\/la-sindicatura-recorda-a-linstitut-municipal-deducacio-que-ha-de-vetllar-pels-drets-linguistics-de-lalumnat-i-de-les-families-i-fomentar-lus-del-catala\\\/#primaryimage\",\"url\":\"https:\\\/\\\/www.sindicaturabarcelona.cat\\\/wp-content\\\/uploads\\\/families-amb-nadons-conversant-entre-1-scaled.jpg\",\"contentUrl\":\"https:\\\/\\\/www.sindicaturabarcelona.cat\\\/wp-content\\\/uploads\\\/families-amb-nadons-conversant-entre-1-scaled.jpg\",\"width\":2560,\"height\":1707},{\"@type\":\"BreadcrumbList\",\"@id\":\"https:\\\/\\\/www.sindicaturabarcelona.cat\\\/ca\\\/la-sindicatura-recorda-a-linstitut-municipal-deducacio-que-ha-de-vetllar-pels-drets-linguistics-de-lalumnat-i-de-les-families-i-fomentar-lus-del-catala\\\/#breadcrumb\",\"itemListElement\":[{\"@type\":\"ListItem\",\"position\":1,\"name\":\"Inici\",\"item\":\"https:\\\/\\\/www.sindicaturabarcelona.cat\\\/ca\\\/\"},{\"@type\":\"ListItem\",\"position\":2,\"name\":\"La Sindicatura recorda a l\u2019Institut Municipal d\u2019Educaci\u00f3 que ha de vetllar pels drets ling\u00fc\u00edstics de l\u2019alumnat i de les fam\u00edlies i fomentar l\u2019\u00fas del catal\u00e0\"}]},{\"@type\":\"WebSite\",\"@id\":\"https:\\\/\\\/www.sindicaturabarcelona.cat\\\/ca\\\/#website\",\"url\":\"https:\\\/\\\/www.sindicaturabarcelona.cat\\\/ca\\\/\",\"name\":\"Sindicatura de Greuges de Barcelona\",\"description\":\"La defensoria dels teus drets\",\"publisher\":{\"@id\":\"https:\\\/\\\/www.sindicaturabarcelona.cat\\\/ca\\\/#organization\"},\"potentialAction\":[{\"@type\":\"SearchAction\",\"target\":{\"@type\":\"EntryPoint\",\"urlTemplate\":\"https:\\\/\\\/www.sindicaturabarcelona.cat\\\/ca\\\/?s={search_term_string}\"},\"query-input\":{\"@type\":\"PropertyValueSpecification\",\"valueRequired\":true,\"valueName\":\"search_term_string\"}}],\"inLanguage\":\"ca\"},{\"@type\":\"Organization\",\"@id\":\"https:\\\/\\\/www.sindicaturabarcelona.cat\\\/ca\\\/#organization\",\"name\":\"Sindicatura de Greuges de Barcelona\",\"url\":\"https:\\\/\\\/www.sindicaturabarcelona.cat\\\/ca\\\/\",\"logo\":{\"@type\":\"ImageObject\",\"inLanguage\":\"ca\",\"@id\":\"https:\\\/\\\/www.sindicaturabarcelona.cat\\\/ca\\\/#\\\/schema\\\/logo\\\/image\\\/\",\"url\":\"https:\\\/\\\/www.sindicaturabarcelona.cat\\\/wp-content\\\/uploads\\\/2023\\\/02\\\/logo_sindicatura.svg\",\"contentUrl\":\"https:\\\/\\\/www.sindicaturabarcelona.cat\\\/wp-content\\\/uploads\\\/2023\\\/02\\\/logo_sindicatura.svg\",\"caption\":\"Sindicatura de Greuges de Barcelona\"},\"image\":{\"@id\":\"https:\\\/\\\/www.sindicaturabarcelona.cat\\\/ca\\\/#\\\/schema\\\/logo\\\/image\\\/\"},\"sameAs\":[\"https:\\\/\\\/x.com\\\/sindicbarcelona\",\"https:\\\/\\\/www.instagram.com\\\/sindicbarcelona\\\/\",\"https:\\\/\\\/www.tiktok.com\\\/@sindicaturabcn\",\"https:\\\/\\\/t.me\\\/sindicaturabarcelona\"]},{\"@type\":\"Person\",\"@id\":\"https:\\\/\\\/www.sindicaturabarcelona.cat\\\/ca\\\/#\\\/schema\\\/person\\\/0e5acffc350ffdbc97578159322c9452\",\"name\":\"Pablo\",\"image\":{\"@type\":\"ImageObject\",\"inLanguage\":\"ca\",\"@id\":\"https:\\\/\\\/secure.gravatar.com\\\/avatar\\\/c948169b402ef9492afde705c3dfd5e90e1a6a84ef6840a91124f805a25a480f?s=96&d=mm&r=g\",\"url\":\"https:\\\/\\\/secure.gravatar.com\\\/avatar\\\/c948169b402ef9492afde705c3dfd5e90e1a6a84ef6840a91124f805a25a480f?s=96&d=mm&r=g\",\"contentUrl\":\"https:\\\/\\\/secure.gravatar.com\\\/avatar\\\/c948169b402ef9492afde705c3dfd5e90e1a6a84ef6840a91124f805a25a480f?s=96&d=mm&r=g\",\"caption\":\"Pablo\"},\"url\":\"https:\\\/\\\/www.sindicaturabarcelona.cat\\\/ca\\\/author\\\/pablo\\\/\"}]}<\/script>\n<!-- \/ Yoast SEO plugin. -->","yoast_head_json":{"title":"La Sindicatura recorda a l\u2019Institut Municipal d\u2019Educaci\u00f3 que ha de vetllar pels drets ling\u00fc\u00edstics de l\u2019alumnat i de les fam\u00edlies i fomentar l\u2019\u00fas del catal\u00e0 - Sindicatura de Greuges de Barcelona","description":"L\u2019IMEB pot millorar en un cas en qu\u00e8 una reuni\u00f3 de les fam\u00edlies amb una educadora d\u2019una escola bressol es va fer en castell\u00e0.","robots":{"index":"index","follow":"follow","max-snippet":"max-snippet:-1","max-image-preview":"max-image-preview:large","max-video-preview":"max-video-preview:-1"},"canonical":"https:\/\/www.sindicaturabarcelona.cat\/ca\/la-sindicatura-recorda-a-linstitut-municipal-deducacio-que-ha-de-vetllar-pels-drets-linguistics-de-lalumnat-i-de-les-families-i-fomentar-lus-del-catala\/","og_locale":"ca_ES","og_type":"article","og_title":"La Sindicatura recorda a l\u2019Institut Municipal d\u2019Educaci\u00f3 que ha de vetllar pels drets ling\u00fc\u00edstics de l\u2019alumnat i de les fam\u00edlies i fomentar l\u2019\u00fas del catal\u00e0 - Sindicatura de Greuges de Barcelona","og_description":"L\u2019IMEB pot millorar en un cas en qu\u00e8 una reuni\u00f3 de les fam\u00edlies amb una educadora d\u2019una escola bressol es va fer en castell\u00e0.","og_url":"https:\/\/www.sindicaturabarcelona.cat\/ca\/la-sindicatura-recorda-a-linstitut-municipal-deducacio-que-ha-de-vetllar-pels-drets-linguistics-de-lalumnat-i-de-les-families-i-fomentar-lus-del-catala\/","og_site_name":"Sindicatura de Greuges de Barcelona","article_published_time":"2025-09-10T06:00:00+00:00","article_modified_time":"2025-09-25T07:16:14+00:00","og_image":[{"width":2560,"height":1707,"url":"https:\/\/www.sindicaturabarcelona.cat\/wp-content\/uploads\/families-amb-nadons-conversant-entre-1-scaled.jpg","type":"image\/jpeg"}],"author":"Pablo","twitter_card":"summary_large_image","twitter_creator":"@sindicbarcelona","twitter_site":"@sindicbarcelona","twitter_misc":{"Escrit per":"Pablo","Temps estimat de lectura":"4 minuts"},"schema":{"@context":"https:\/\/schema.org","@graph":[{"@type":"Article","@id":"https:\/\/www.sindicaturabarcelona.cat\/ca\/la-sindicatura-recorda-a-linstitut-municipal-deducacio-que-ha-de-vetllar-pels-drets-linguistics-de-lalumnat-i-de-les-families-i-fomentar-lus-del-catala\/#article","isPartOf":{"@id":"https:\/\/www.sindicaturabarcelona.cat\/ca\/la-sindicatura-recorda-a-linstitut-municipal-deducacio-que-ha-de-vetllar-pels-drets-linguistics-de-lalumnat-i-de-les-families-i-fomentar-lus-del-catala\/"},"author":{"name":"Pablo","@id":"https:\/\/www.sindicaturabarcelona.cat\/ca\/#\/schema\/person\/0e5acffc350ffdbc97578159322c9452"},"headline":"La Sindicatura recorda a l\u2019Institut Municipal d\u2019Educaci\u00f3 que ha de vetllar pels drets ling\u00fc\u00edstics de l\u2019alumnat i de les fam\u00edlies i fomentar l\u2019\u00fas del catal\u00e0","datePublished":"2025-09-10T06:00:00+00:00","dateModified":"2025-09-25T07:16:14+00:00","mainEntityOfPage":{"@id":"https:\/\/www.sindicaturabarcelona.cat\/ca\/la-sindicatura-recorda-a-linstitut-municipal-deducacio-que-ha-de-vetllar-pels-drets-linguistics-de-lalumnat-i-de-les-families-i-fomentar-lus-del-catala\/"},"wordCount":639,"publisher":{"@id":"https:\/\/www.sindicaturabarcelona.cat\/ca\/#organization"},"image":{"@id":"https:\/\/www.sindicaturabarcelona.cat\/ca\/la-sindicatura-recorda-a-linstitut-municipal-deducacio-que-ha-de-vetllar-pels-drets-linguistics-de-lalumnat-i-de-les-families-i-fomentar-lus-del-catala\/#primaryimage"},"thumbnailUrl":"https:\/\/www.sindicaturabarcelona.cat\/wp-content\/uploads\/families-amb-nadons-conversant-entre-1-scaled.jpg","inLanguage":"ca"},{"@type":"WebPage","@id":"https:\/\/www.sindicaturabarcelona.cat\/ca\/la-sindicatura-recorda-a-linstitut-municipal-deducacio-que-ha-de-vetllar-pels-drets-linguistics-de-lalumnat-i-de-les-families-i-fomentar-lus-del-catala\/","url":"https:\/\/www.sindicaturabarcelona.cat\/ca\/la-sindicatura-recorda-a-linstitut-municipal-deducacio-que-ha-de-vetllar-pels-drets-linguistics-de-lalumnat-i-de-les-families-i-fomentar-lus-del-catala\/","name":"La Sindicatura recorda a l\u2019Institut Municipal d\u2019Educaci\u00f3 que ha de vetllar pels drets ling\u00fc\u00edstics de l\u2019alumnat i de les fam\u00edlies i fomentar l\u2019\u00fas del catal\u00e0 - Sindicatura de Greuges de Barcelona","isPartOf":{"@id":"https:\/\/www.sindicaturabarcelona.cat\/ca\/#website"},"primaryImageOfPage":{"@id":"https:\/\/www.sindicaturabarcelona.cat\/ca\/la-sindicatura-recorda-a-linstitut-municipal-deducacio-que-ha-de-vetllar-pels-drets-linguistics-de-lalumnat-i-de-les-families-i-fomentar-lus-del-catala\/#primaryimage"},"image":{"@id":"https:\/\/www.sindicaturabarcelona.cat\/ca\/la-sindicatura-recorda-a-linstitut-municipal-deducacio-que-ha-de-vetllar-pels-drets-linguistics-de-lalumnat-i-de-les-families-i-fomentar-lus-del-catala\/#primaryimage"},"thumbnailUrl":"https:\/\/www.sindicaturabarcelona.cat\/wp-content\/uploads\/families-amb-nadons-conversant-entre-1-scaled.jpg","datePublished":"2025-09-10T06:00:00+00:00","dateModified":"2025-09-25T07:16:14+00:00","description":"L\u2019IMEB pot millorar en un cas en qu\u00e8 una reuni\u00f3 de les fam\u00edlies amb una educadora d\u2019una escola bressol es va fer en castell\u00e0.","breadcrumb":{"@id":"https:\/\/www.sindicaturabarcelona.cat\/ca\/la-sindicatura-recorda-a-linstitut-municipal-deducacio-que-ha-de-vetllar-pels-drets-linguistics-de-lalumnat-i-de-les-families-i-fomentar-lus-del-catala\/#breadcrumb"},"inLanguage":"ca","potentialAction":[{"@type":"ReadAction","target":["https:\/\/www.sindicaturabarcelona.cat\/ca\/la-sindicatura-recorda-a-linstitut-municipal-deducacio-que-ha-de-vetllar-pels-drets-linguistics-de-lalumnat-i-de-les-families-i-fomentar-lus-del-catala\/"]}]},{"@type":"ImageObject","inLanguage":"ca","@id":"https:\/\/www.sindicaturabarcelona.cat\/ca\/la-sindicatura-recorda-a-linstitut-municipal-deducacio-que-ha-de-vetllar-pels-drets-linguistics-de-lalumnat-i-de-les-families-i-fomentar-lus-del-catala\/#primaryimage","url":"https:\/\/www.sindicaturabarcelona.cat\/wp-content\/uploads\/families-amb-nadons-conversant-entre-1-scaled.jpg","contentUrl":"https:\/\/www.sindicaturabarcelona.cat\/wp-content\/uploads\/families-amb-nadons-conversant-entre-1-scaled.jpg","width":2560,"height":1707},{"@type":"BreadcrumbList","@id":"https:\/\/www.sindicaturabarcelona.cat\/ca\/la-sindicatura-recorda-a-linstitut-municipal-deducacio-que-ha-de-vetllar-pels-drets-linguistics-de-lalumnat-i-de-les-families-i-fomentar-lus-del-catala\/#breadcrumb","itemListElement":[{"@type":"ListItem","position":1,"name":"Inici","item":"https:\/\/www.sindicaturabarcelona.cat\/ca\/"},{"@type":"ListItem","position":2,"name":"La Sindicatura recorda a l\u2019Institut Municipal d\u2019Educaci\u00f3 que ha de vetllar pels drets ling\u00fc\u00edstics de l\u2019alumnat i de les fam\u00edlies i fomentar l\u2019\u00fas del catal\u00e0"}]},{"@type":"WebSite","@id":"https:\/\/www.sindicaturabarcelona.cat\/ca\/#website","url":"https:\/\/www.sindicaturabarcelona.cat\/ca\/","name":"Sindicatura de Greuges de Barcelona","description":"La defensoria dels teus drets","publisher":{"@id":"https:\/\/www.sindicaturabarcelona.cat\/ca\/#organization"},"potentialAction":[{"@type":"SearchAction","target":{"@type":"EntryPoint","urlTemplate":"https:\/\/www.sindicaturabarcelona.cat\/ca\/?s={search_term_string}"},"query-input":{"@type":"PropertyValueSpecification","valueRequired":true,"valueName":"search_term_string"}}],"inLanguage":"ca"},{"@type":"Organization","@id":"https:\/\/www.sindicaturabarcelona.cat\/ca\/#organization","name":"Sindicatura de Greuges de Barcelona","url":"https:\/\/www.sindicaturabarcelona.cat\/ca\/","logo":{"@type":"ImageObject","inLanguage":"ca","@id":"https:\/\/www.sindicaturabarcelona.cat\/ca\/#\/schema\/logo\/image\/","url":"https:\/\/www.sindicaturabarcelona.cat\/wp-content\/uploads\/2023\/02\/logo_sindicatura.svg","contentUrl":"https:\/\/www.sindicaturabarcelona.cat\/wp-content\/uploads\/2023\/02\/logo_sindicatura.svg","caption":"Sindicatura de Greuges de Barcelona"},"image":{"@id":"https:\/\/www.sindicaturabarcelona.cat\/ca\/#\/schema\/logo\/image\/"},"sameAs":["https:\/\/x.com\/sindicbarcelona","https:\/\/www.instagram.com\/sindicbarcelona\/","https:\/\/www.tiktok.com\/@sindicaturabcn","https:\/\/t.me\/sindicaturabarcelona"]},{"@type":"Person","@id":"https:\/\/www.sindicaturabarcelona.cat\/ca\/#\/schema\/person\/0e5acffc350ffdbc97578159322c9452","name":"Pablo","image":{"@type":"ImageObject","inLanguage":"ca","@id":"https:\/\/secure.gravatar.com\/avatar\/c948169b402ef9492afde705c3dfd5e90e1a6a84ef6840a91124f805a25a480f?s=96&d=mm&r=g","url":"https:\/\/secure.gravatar.com\/avatar\/c948169b402ef9492afde705c3dfd5e90e1a6a84ef6840a91124f805a25a480f?s=96&d=mm&r=g","contentUrl":"https:\/\/secure.gravatar.com\/avatar\/c948169b402ef9492afde705c3dfd5e90e1a6a84ef6840a91124f805a25a480f?s=96&d=mm&r=g","caption":"Pablo"},"url":"https:\/\/www.sindicaturabarcelona.cat\/ca\/author\/pablo\/"}]}},"_links":{"self":[{"href":"https:\/\/www.sindicaturabarcelona.cat\/ca\/wp-json\/wp\/v2\/posts\/38987","targetHints":{"allow":["GET"]}}],"collection":[{"href":"https:\/\/www.sindicaturabarcelona.cat\/ca\/wp-json\/wp\/v2\/posts"}],"about":[{"href":"https:\/\/www.sindicaturabarcelona.cat\/ca\/wp-json\/wp\/v2\/types\/post"}],"author":[{"embeddable":true,"href":"https:\/\/www.sindicaturabarcelona.cat\/ca\/wp-json\/wp\/v2\/users\/2"}],"replies":[{"embeddable":true,"href":"https:\/\/www.sindicaturabarcelona.cat\/ca\/wp-json\/wp\/v2\/comments?post=38987"}],"version-history":[{"count":5,"href":"https:\/\/www.sindicaturabarcelona.cat\/ca\/wp-json\/wp\/v2\/posts\/38987\/revisions"}],"predecessor-version":[{"id":39261,"href":"https:\/\/www.sindicaturabarcelona.cat\/ca\/wp-json\/wp\/v2\/posts\/38987\/revisions\/39261"}],"wp:featuredmedia":[{"embeddable":true,"href":"https:\/\/www.sindicaturabarcelona.cat\/ca\/wp-json\/wp\/v2\/media\/38989"}],"wp:attachment":[{"href":"https:\/\/www.sindicaturabarcelona.cat\/ca\/wp-json\/wp\/v2\/media?parent=38987"}],"wp:term":[{"taxonomy":"post_tag","embeddable":true,"href":"https:\/\/www.sindicaturabarcelona.cat\/ca\/wp-json\/wp\/v2\/tags?post=38987"},{"taxonomy":"drets","embeddable":true,"href":"https:\/\/www.sindicaturabarcelona.cat\/ca\/wp-json\/wp\/v2\/drets?post=38987"}],"curies":[{"name":"wp","href":"https:\/\/api.w.org\/{rel}","templated":true}]}}