{"id":38869,"date":"2025-08-29T11:41:08","date_gmt":"2025-08-29T09:41:08","guid":{"rendered":"https:\/\/www.sindicaturabarcelona.cat\/?p=38869"},"modified":"2025-10-13T07:45:20","modified_gmt":"2025-10-13T05:45:20","slug":"intercanvi-de-bones-practiques-i-planificacio-de-futurs-projectes-conjunts-els-avencos-despres-de-les-intervencions-de-la-sindicatura-a-colombia","status":"publish","type":"post","link":"https:\/\/www.sindicaturabarcelona.cat\/ca\/intercanvi-de-bones-practiques-i-planificacio-de-futurs-projectes-conjunts-els-avencos-despres-de-les-intervencions-de-la-sindicatura-a-colombia\/","title":{"rendered":"Intercanvi de bones pr\u00e0ctiques i planificaci\u00f3 de futurs projectes conjunts: els aven\u00e7os despr\u00e9s de les intervencions de la Sindicatura a Col\u00f2mbia"},"content":{"rendered":"\n<p>Entre l&#8217;11 i el 20 d\u2019agost, el s\u00edndic de greuges de Barcelona<strong>, David Bondia, va participar en <a href=\"https:\/\/www.sindicaturabarcelona.cat\/ca\/el-sindic-intervindra-en-diversos-actes-a-colombia-sobre-drets-humans-de-proximitat\/\" target=\"_blank\" rel=\"noreferrer noopener\">confer\u00e8ncies i pon\u00e8ncies a diverses ciutats del pa\u00eds<\/a><\/strong>, a m\u00e9s de reunions amb&nbsp;<em>personeros<\/em>&nbsp;(figura assimilable al s\u00edndic), com els de Barranquilla, Jamund\u00ed i Bogot\u00e0, i amb el&nbsp;Defensor del Pueblo de Colombia. Les intervencions les va coorganitzar l&#8217;<a href=\"https:\/\/www.sindicaturabarcelona.cat\/ca\/el-sindic-de-greuges-de-barcelona-nou-president-de-lalianza-global-del-ombudsperson-local-agol\/\" target=\"_blank\" rel=\"noreferrer noopener\">Alianza Global del \u00d3mbudsperson Local (AGOL), de la qual Bondia \u00e9s president<\/a>. El resum \u00e9s el seg\u00fcent:<\/p>\n\n\n\n<ul class=\"wp-block-list\">\n<li><strong>Dimarts 12, Personer\u00eda de Barranquilla<\/strong>: aproximaci\u00f3 als reptes i problemes compartits amb algunes ciutats colombianes, i es van abordar aspectes com vinculats a temes de seguretat propis d\u2019una situaci\u00f3 de conflicte armats, que divergeixen de la realitat de Barcelona. Tamb\u00e9 va comen\u00e7ar-se a planificar la propera Assemblea General d\u2019AGOL, prevista per al setembre de 2026.<\/li>\n<\/ul>\n\n\n\n<ul class=\"wp-block-list\">\n<li><strong>Dimecres 13, Facultat de Dret de la Universitat Sergio Aboleda (a Barranquilla)<\/strong>: la Sindicatura va presentar la seva visi\u00f3 sobre l\u2019actualitat dels drets humans emergents, destacant-ne el dret a la ciutat, amb un debat final centrat en els drets mediambientals i en els compromisos que ha d&#8217;adquirir la societat civil i de la universitat en la promoci\u00f3 i protecci\u00f3 dels drets humans.<\/li>\n<\/ul>\n\n\n\n<ul class=\"wp-block-list\">\n<li><strong>Dijous 14, Universitat Icesi (Cali)<\/strong>: debat sobre el valor la just\u00edcia local, propera i transformadora, i el vincle amb els desafiaments contemporanis dels territoris en mat\u00e8ria de just\u00edcia restaurativa, cohesi\u00f3 social i participaci\u00f3 ciutadana. A part de la reflexi\u00f3 general sobre les funcions de la Sindicatura, es va explicar la creaci\u00f3 de la <a href=\"https:\/\/www.sindicaturabarcelona.cat\/ca\/sindicatura-insta-regidoria-educacio-a-investigacio-en-profunditat-fets-escola-barcelona-i-reparar-dany-victimes\/\" target=\"_blank\" rel=\"noreferrer noopener\">Comissi\u00f3 de Reparaci\u00f3 per a v\u00edctimes de viol\u00e8ncies sexual a l\u2019Escola Barcelona<\/a> i l\u2019<a href=\"https:\/\/www.sindicaturabarcelona.cat\/ca\/lajuntament-de-barcelona-demana-disculpes-a-les-persones-que-van-viure-violencies-sexuals-a-lescola-barcelona-en-un-acte-organitzat-per-la-sindicatura\/\" target=\"_blank\" rel=\"noreferrer noopener\">acte de reparaci\u00f3<\/a> que es va realitzar al novembre del 2024.<\/li>\n<\/ul>\n\n\n\n<ul class=\"wp-block-list\">\n<li><strong>Divendres 15:<\/strong> reuni\u00f3 amb la batllessa de Jamund\u00ed, que tamb\u00e9 va participar en l&#8217;acte de la vig\u00edlia. L&#8217;alcaldessa va plantejar que la Sindicatura lideri un projecte, en el qual tamb\u00e9 participaria la Personer\u00eda de Jamund\u00ed, la Universitat Icesi i la Universitat de Barcelona, per fer un acompanyament, vinculat a la just\u00edcia restaurativa, a les dones camperoles de la zona v\u00edctimes del conflicte armat que durant d\u00e8cades ha patit Col\u00f2mbia.<\/li>\n<\/ul>\n\n\n\n<ul class=\"wp-block-list\">\n<li><strong>Dimarts 19 d\u2019agost, seu de la Personer\u00eda de Derechos Humanos de Bogot\u00e1<\/strong>: intervenci\u00f3 en la pon\u00e8ncia principal sobre la funci\u00f3 dels acords internacionals en l\u2019enfortiment de la cooperaci\u00f3 entre les defensories locals, incidint en els aspectes m\u00e9s innovadors de la tasca de la Sindicatura dels darrers quatre anys. Posteriorment, en una taula rodona, es van plantejar reptes d&#8217;afectaci\u00f3 comuna, per als quals es poden cercar solucions col\u00b7laboratives: per exemple, els desafiaments que suposa la intel\u00b7lig\u00e8ncia artificial per a les defensories. Sobre aquest punt, es va exposar el contingut del <a href=\"https:\/\/www.sindicaturabarcelona.cat\/ca\/informacio-mes-accessible-per-a-una-democracia-mes-inclusiva-amb-lajuda-de-la-ia-lobjectiu-dun-nou-projecte-europeu-en-que-participa-la-sindicatura\/\" target=\"_blank\" rel=\"noreferrer noopener\">projecte europeu iDEM<\/a>, en el qual participa la Sindicatura. Pots mirar la <a href=\"https:\/\/www.youtube.com\/watch?v=Ud43cEZHjns\" target=\"_blank\" rel=\"noreferrer noopener\">intervenci\u00f3 sencera en aquest v\u00eddeo<\/a> (en castell\u00e0; a partir del minut 25:30).<\/li>\n<\/ul>\n\n\n\n<ul class=\"wp-block-list\">\n<li><strong>Dimecres 20 d\u2019agost, seu de la Defensor\u00eda del Pueblo de Colombia<\/strong>: confer\u00e8ncia sobre la import\u00e0ncia del dret a la ciutat, amb apunts sobre el cas de Barcelona. La Sindicatura va poder con\u00e8ixer les primeres aproximacions que s\u2019estan fent d\u2019aquest dret a Col\u00f2mbia. Es va establir un acord per establir una estrat\u00e8gia per fer con\u00e8ixer de manera m\u00e9s efectiva l&#8217;exist\u00e8ncia i la tasca de les defensories a la ciutadania estrangera que resideix als respectius territoris, mitjan\u00e7ant diferents delegacions consulars.<\/li>\n<\/ul>\n\n\n\n<p>Segons Bondia, &#8220;la <strong>valoraci\u00f3 final ha estat molt positiva<\/strong>, ja que tots els <strong>actes han estat profitosos<\/strong> per intercanviar bones pr\u00e0ctiques, i hem planificat futurs projectes conjunts entre la Sindicatura i les defensories de drets colombianes amb les quals hem parlat. Tamb\u00e9 hem pogut <strong>projectar el nostre rol i el d&#8217;AGOL<\/strong> com a actors indispensables en la construcci\u00f3 i la consolidaci\u00f3 del dret a la ciutat i dels drets humans de proximitat&#8221;.\u00a0 \u00a0<\/p>\n","protected":false},"excerpt":{"rendered":"<p>Entre l&#8217;11 i el 20 d\u2019agost, el s\u00edndic de greuges de Barcelona, David Bondia, va participar en confer\u00e8ncies i pon\u00e8ncies a diverses ciutats del pa\u00eds, a m\u00e9s de reunions amb&nbsp;personeros&nbsp;(figura [&hellip;]<\/p>\n","protected":false},"author":2,"featured_media":38870,"comment_status":"closed","ping_status":"closed","sticky":false,"template":"","format":"standard","meta":{"_acf_changed":false,"footnotes":""},"tags":[],"drets":[1428,1463,1430,1431,1432,1433,1434,1435,1436,1437,1442,1462,1461,1460,1459,1458,1457,1503,1440,1455,1456,1454,1453,1452,1451,1647,1652,1667,1438,1450,1449,1448,1447,1446,1445,1444],"class_list":["post-38869","post","type-post","status-publish","format-standard","has-post-thumbnail","hentry","drets-ciutat-equitativa","drets-dret-serveis-proteccio-social","drets-dret-a-educacio-i-lleure","drets-dret-a-la-salut","drets-drets-culturals","drets-dret-a-lesport","drets-dret-al-treball","drets-dret-a-lhabitatge","drets-drets-dacolldia","drets-dret-a-una-vida-lliure-de-violencies","drets-ciutat-diversa","drets-drets-de-la-infancia-i-ladolescencia","drets-drets-de-la-joventut","drets-drets-de-la-gent-gran","drets-drets-de-participacio","drets-dret-a-la-igualtat-i-a-la-diversitat","drets-drets-linguistics","drets-dret-a-les-cures","drets-ciutat-garantista","drets-drets-digitals","drets-dret-a-una-bona-administracio","drets-drets-de-les-persones-consumidores","drets-drets-funeraris","drets-dret-a-la-seguretat-ciutadana","drets-dret-a-lempadronament","drets-dret-a-la-informacio","drets-dret-a-la-memoria-democratica","drets-dret-a-la-integritat","drets-ciutat-habitable-i-sostenible","drets-dret-a-un-urbanisme-harmonios","drets-dret-a-una-convivencia-pacifica","drets-dret-al-medi-ambient","drets-dret-a-la-mobilitat","drets-dret-a-lespai-public","drets-dret-a-laccessibilitat-i-la-inclusivitat","drets-dret-al-descans"],"acf":[],"yoast_head":"<!-- This site is optimized with the Yoast SEO plugin v27.5 - https:\/\/yoast.com\/product\/yoast-seo-wordpress\/ -->\n<title>Intercanvi de bones pr\u00e0ctiques i planificaci\u00f3 de futurs projectes conjunts: els aven\u00e7os despr\u00e9s de les intervencions de la Sindicatura a Col\u00f2mbia - Sindicatura de Greuges de Barcelona<\/title>\n<meta name=\"robots\" content=\"index, follow, max-snippet:-1, max-image-preview:large, max-video-preview:-1\" \/>\n<link rel=\"canonical\" href=\"https:\/\/www.sindicaturabarcelona.cat\/ca\/intercanvi-de-bones-practiques-i-planificacio-de-futurs-projectes-conjunts-els-avencos-despres-de-les-intervencions-de-la-sindicatura-a-colombia\/\" \/>\n<meta property=\"og:locale\" content=\"ca_ES\" \/>\n<meta property=\"og:type\" content=\"article\" \/>\n<meta property=\"og:title\" content=\"Intercanvi de bones pr\u00e0ctiques i planificaci\u00f3 de futurs projectes conjunts: els aven\u00e7os despr\u00e9s de les intervencions de la Sindicatura a Col\u00f2mbia - Sindicatura de Greuges de Barcelona\" \/>\n<meta property=\"og:description\" content=\"Entre l&#8217;11 i el 20 d\u2019agost, el s\u00edndic de greuges de Barcelona, David Bondia, va participar en confer\u00e8ncies i pon\u00e8ncies a diverses ciutats del pa\u00eds, a m\u00e9s de reunions amb&nbsp;personeros&nbsp;(figura [&hellip;]\" \/>\n<meta property=\"og:url\" content=\"https:\/\/www.sindicaturabarcelona.cat\/ca\/intercanvi-de-bones-practiques-i-planificacio-de-futurs-projectes-conjunts-els-avencos-despres-de-les-intervencions-de-la-sindicatura-a-colombia\/\" \/>\n<meta property=\"og:site_name\" content=\"Sindicatura de Greuges de Barcelona\" \/>\n<meta property=\"article:published_time\" content=\"2025-08-29T09:41:08+00:00\" \/>\n<meta property=\"article:modified_time\" content=\"2025-10-13T05:45:20+00:00\" \/>\n<meta property=\"og:image\" content=\"https:\/\/www.sindicaturabarcelona.cat\/wp-content\/uploads\/IMG_2952-scaled.jpg\" \/>\n\t<meta property=\"og:image:width\" content=\"2560\" \/>\n\t<meta property=\"og:image:height\" content=\"1920\" \/>\n\t<meta property=\"og:image:type\" content=\"image\/jpeg\" \/>\n<meta name=\"author\" content=\"Pablo\" \/>\n<meta name=\"twitter:card\" content=\"summary_large_image\" \/>\n<meta name=\"twitter:creator\" content=\"@sindicbarcelona\" \/>\n<meta name=\"twitter:site\" content=\"@sindicbarcelona\" \/>\n<meta name=\"twitter:label1\" content=\"Escrit per\" \/>\n\t<meta name=\"twitter:data1\" content=\"Pablo\" \/>\n\t<meta name=\"twitter:label2\" content=\"Temps estimat de lectura\" \/>\n\t<meta name=\"twitter:data2\" content=\"4 minuts\" \/>\n<script type=\"application\/ld+json\" class=\"yoast-schema-graph\">{\"@context\":\"https:\\\/\\\/schema.org\",\"@graph\":[{\"@type\":\"Article\",\"@id\":\"https:\\\/\\\/www.sindicaturabarcelona.cat\\\/ca\\\/intercanvi-de-bones-practiques-i-planificacio-de-futurs-projectes-conjunts-els-avencos-despres-de-les-intervencions-de-la-sindicatura-a-colombia\\\/#article\",\"isPartOf\":{\"@id\":\"https:\\\/\\\/www.sindicaturabarcelona.cat\\\/ca\\\/intercanvi-de-bones-practiques-i-planificacio-de-futurs-projectes-conjunts-els-avencos-despres-de-les-intervencions-de-la-sindicatura-a-colombia\\\/\"},\"author\":{\"name\":\"Pablo\",\"@id\":\"https:\\\/\\\/www.sindicaturabarcelona.cat\\\/ca\\\/#\\\/schema\\\/person\\\/0e5acffc350ffdbc97578159322c9452\"},\"headline\":\"Intercanvi de bones pr\u00e0ctiques i planificaci\u00f3 de futurs projectes conjunts: els aven\u00e7os despr\u00e9s de les intervencions de la Sindicatura a Col\u00f2mbia\",\"datePublished\":\"2025-08-29T09:41:08+00:00\",\"dateModified\":\"2025-10-13T05:45:20+00:00\",\"mainEntityOfPage\":{\"@id\":\"https:\\\/\\\/www.sindicaturabarcelona.cat\\\/ca\\\/intercanvi-de-bones-practiques-i-planificacio-de-futurs-projectes-conjunts-els-avencos-despres-de-les-intervencions-de-la-sindicatura-a-colombia\\\/\"},\"wordCount\":672,\"publisher\":{\"@id\":\"https:\\\/\\\/www.sindicaturabarcelona.cat\\\/ca\\\/#organization\"},\"image\":{\"@id\":\"https:\\\/\\\/www.sindicaturabarcelona.cat\\\/ca\\\/intercanvi-de-bones-practiques-i-planificacio-de-futurs-projectes-conjunts-els-avencos-despres-de-les-intervencions-de-la-sindicatura-a-colombia\\\/#primaryimage\"},\"thumbnailUrl\":\"https:\\\/\\\/www.sindicaturabarcelona.cat\\\/wp-content\\\/uploads\\\/IMG_2952-scaled.jpg\",\"inLanguage\":\"ca\"},{\"@type\":\"WebPage\",\"@id\":\"https:\\\/\\\/www.sindicaturabarcelona.cat\\\/ca\\\/intercanvi-de-bones-practiques-i-planificacio-de-futurs-projectes-conjunts-els-avencos-despres-de-les-intervencions-de-la-sindicatura-a-colombia\\\/\",\"url\":\"https:\\\/\\\/www.sindicaturabarcelona.cat\\\/ca\\\/intercanvi-de-bones-practiques-i-planificacio-de-futurs-projectes-conjunts-els-avencos-despres-de-les-intervencions-de-la-sindicatura-a-colombia\\\/\",\"name\":\"Intercanvi de bones pr\u00e0ctiques i planificaci\u00f3 de futurs projectes conjunts: els aven\u00e7os despr\u00e9s de les intervencions de la Sindicatura a Col\u00f2mbia - Sindicatura de Greuges de Barcelona\",\"isPartOf\":{\"@id\":\"https:\\\/\\\/www.sindicaturabarcelona.cat\\\/ca\\\/#website\"},\"primaryImageOfPage\":{\"@id\":\"https:\\\/\\\/www.sindicaturabarcelona.cat\\\/ca\\\/intercanvi-de-bones-practiques-i-planificacio-de-futurs-projectes-conjunts-els-avencos-despres-de-les-intervencions-de-la-sindicatura-a-colombia\\\/#primaryimage\"},\"image\":{\"@id\":\"https:\\\/\\\/www.sindicaturabarcelona.cat\\\/ca\\\/intercanvi-de-bones-practiques-i-planificacio-de-futurs-projectes-conjunts-els-avencos-despres-de-les-intervencions-de-la-sindicatura-a-colombia\\\/#primaryimage\"},\"thumbnailUrl\":\"https:\\\/\\\/www.sindicaturabarcelona.cat\\\/wp-content\\\/uploads\\\/IMG_2952-scaled.jpg\",\"datePublished\":\"2025-08-29T09:41:08+00:00\",\"dateModified\":\"2025-10-13T05:45:20+00:00\",\"breadcrumb\":{\"@id\":\"https:\\\/\\\/www.sindicaturabarcelona.cat\\\/ca\\\/intercanvi-de-bones-practiques-i-planificacio-de-futurs-projectes-conjunts-els-avencos-despres-de-les-intervencions-de-la-sindicatura-a-colombia\\\/#breadcrumb\"},\"inLanguage\":\"ca\",\"potentialAction\":[{\"@type\":\"ReadAction\",\"target\":[\"https:\\\/\\\/www.sindicaturabarcelona.cat\\\/ca\\\/intercanvi-de-bones-practiques-i-planificacio-de-futurs-projectes-conjunts-els-avencos-despres-de-les-intervencions-de-la-sindicatura-a-colombia\\\/\"]}]},{\"@type\":\"ImageObject\",\"inLanguage\":\"ca\",\"@id\":\"https:\\\/\\\/www.sindicaturabarcelona.cat\\\/ca\\\/intercanvi-de-bones-practiques-i-planificacio-de-futurs-projectes-conjunts-els-avencos-despres-de-les-intervencions-de-la-sindicatura-a-colombia\\\/#primaryimage\",\"url\":\"https:\\\/\\\/www.sindicaturabarcelona.cat\\\/wp-content\\\/uploads\\\/IMG_2952-scaled.jpg\",\"contentUrl\":\"https:\\\/\\\/www.sindicaturabarcelona.cat\\\/wp-content\\\/uploads\\\/IMG_2952-scaled.jpg\",\"width\":2560,\"height\":1920,\"caption\":\"Confer\u00e8ncia Bogot\u00e0 Col\u00f2mbia 2025\"},{\"@type\":\"BreadcrumbList\",\"@id\":\"https:\\\/\\\/www.sindicaturabarcelona.cat\\\/ca\\\/intercanvi-de-bones-practiques-i-planificacio-de-futurs-projectes-conjunts-els-avencos-despres-de-les-intervencions-de-la-sindicatura-a-colombia\\\/#breadcrumb\",\"itemListElement\":[{\"@type\":\"ListItem\",\"position\":1,\"name\":\"Inici\",\"item\":\"https:\\\/\\\/www.sindicaturabarcelona.cat\\\/ca\\\/\"},{\"@type\":\"ListItem\",\"position\":2,\"name\":\"Intercanvi de bones pr\u00e0ctiques i planificaci\u00f3 de futurs projectes conjunts: els aven\u00e7os despr\u00e9s de les intervencions de la Sindicatura a Col\u00f2mbia\"}]},{\"@type\":\"WebSite\",\"@id\":\"https:\\\/\\\/www.sindicaturabarcelona.cat\\\/ca\\\/#website\",\"url\":\"https:\\\/\\\/www.sindicaturabarcelona.cat\\\/ca\\\/\",\"name\":\"Sindicatura de Greuges de Barcelona\",\"description\":\"La defensoria dels teus drets\",\"publisher\":{\"@id\":\"https:\\\/\\\/www.sindicaturabarcelona.cat\\\/ca\\\/#organization\"},\"potentialAction\":[{\"@type\":\"SearchAction\",\"target\":{\"@type\":\"EntryPoint\",\"urlTemplate\":\"https:\\\/\\\/www.sindicaturabarcelona.cat\\\/ca\\\/?s={search_term_string}\"},\"query-input\":{\"@type\":\"PropertyValueSpecification\",\"valueRequired\":true,\"valueName\":\"search_term_string\"}}],\"inLanguage\":\"ca\"},{\"@type\":\"Organization\",\"@id\":\"https:\\\/\\\/www.sindicaturabarcelona.cat\\\/ca\\\/#organization\",\"name\":\"Sindicatura de Greuges de Barcelona\",\"url\":\"https:\\\/\\\/www.sindicaturabarcelona.cat\\\/ca\\\/\",\"logo\":{\"@type\":\"ImageObject\",\"inLanguage\":\"ca\",\"@id\":\"https:\\\/\\\/www.sindicaturabarcelona.cat\\\/ca\\\/#\\\/schema\\\/logo\\\/image\\\/\",\"url\":\"https:\\\/\\\/www.sindicaturabarcelona.cat\\\/wp-content\\\/uploads\\\/2023\\\/02\\\/logo_sindicatura.svg\",\"contentUrl\":\"https:\\\/\\\/www.sindicaturabarcelona.cat\\\/wp-content\\\/uploads\\\/2023\\\/02\\\/logo_sindicatura.svg\",\"caption\":\"Sindicatura de Greuges de Barcelona\"},\"image\":{\"@id\":\"https:\\\/\\\/www.sindicaturabarcelona.cat\\\/ca\\\/#\\\/schema\\\/logo\\\/image\\\/\"},\"sameAs\":[\"https:\\\/\\\/x.com\\\/sindicbarcelona\",\"https:\\\/\\\/www.instagram.com\\\/sindicbarcelona\\\/\",\"https:\\\/\\\/www.tiktok.com\\\/@sindicaturabcn\",\"https:\\\/\\\/t.me\\\/sindicaturabarcelona\"]},{\"@type\":\"Person\",\"@id\":\"https:\\\/\\\/www.sindicaturabarcelona.cat\\\/ca\\\/#\\\/schema\\\/person\\\/0e5acffc350ffdbc97578159322c9452\",\"name\":\"Pablo\",\"image\":{\"@type\":\"ImageObject\",\"inLanguage\":\"ca\",\"@id\":\"https:\\\/\\\/secure.gravatar.com\\\/avatar\\\/c948169b402ef9492afde705c3dfd5e90e1a6a84ef6840a91124f805a25a480f?s=96&d=mm&r=g\",\"url\":\"https:\\\/\\\/secure.gravatar.com\\\/avatar\\\/c948169b402ef9492afde705c3dfd5e90e1a6a84ef6840a91124f805a25a480f?s=96&d=mm&r=g\",\"contentUrl\":\"https:\\\/\\\/secure.gravatar.com\\\/avatar\\\/c948169b402ef9492afde705c3dfd5e90e1a6a84ef6840a91124f805a25a480f?s=96&d=mm&r=g\",\"caption\":\"Pablo\"},\"url\":\"https:\\\/\\\/www.sindicaturabarcelona.cat\\\/ca\\\/author\\\/pablo\\\/\"}]}<\/script>\n<!-- \/ Yoast SEO plugin. -->","yoast_head_json":{"title":"Intercanvi de bones pr\u00e0ctiques i planificaci\u00f3 de futurs projectes conjunts: els aven\u00e7os despr\u00e9s de les intervencions de la Sindicatura a Col\u00f2mbia - Sindicatura de Greuges de Barcelona","robots":{"index":"index","follow":"follow","max-snippet":"max-snippet:-1","max-image-preview":"max-image-preview:large","max-video-preview":"max-video-preview:-1"},"canonical":"https:\/\/www.sindicaturabarcelona.cat\/ca\/intercanvi-de-bones-practiques-i-planificacio-de-futurs-projectes-conjunts-els-avencos-despres-de-les-intervencions-de-la-sindicatura-a-colombia\/","og_locale":"ca_ES","og_type":"article","og_title":"Intercanvi de bones pr\u00e0ctiques i planificaci\u00f3 de futurs projectes conjunts: els aven\u00e7os despr\u00e9s de les intervencions de la Sindicatura a Col\u00f2mbia - Sindicatura de Greuges de Barcelona","og_description":"Entre l&#8217;11 i el 20 d\u2019agost, el s\u00edndic de greuges de Barcelona, David Bondia, va participar en confer\u00e8ncies i pon\u00e8ncies a diverses ciutats del pa\u00eds, a m\u00e9s de reunions amb&nbsp;personeros&nbsp;(figura [&hellip;]","og_url":"https:\/\/www.sindicaturabarcelona.cat\/ca\/intercanvi-de-bones-practiques-i-planificacio-de-futurs-projectes-conjunts-els-avencos-despres-de-les-intervencions-de-la-sindicatura-a-colombia\/","og_site_name":"Sindicatura de Greuges de Barcelona","article_published_time":"2025-08-29T09:41:08+00:00","article_modified_time":"2025-10-13T05:45:20+00:00","og_image":[{"width":2560,"height":1920,"url":"https:\/\/www.sindicaturabarcelona.cat\/wp-content\/uploads\/IMG_2952-scaled.jpg","type":"image\/jpeg"}],"author":"Pablo","twitter_card":"summary_large_image","twitter_creator":"@sindicbarcelona","twitter_site":"@sindicbarcelona","twitter_misc":{"Escrit per":"Pablo","Temps estimat de lectura":"4 minuts"},"schema":{"@context":"https:\/\/schema.org","@graph":[{"@type":"Article","@id":"https:\/\/www.sindicaturabarcelona.cat\/ca\/intercanvi-de-bones-practiques-i-planificacio-de-futurs-projectes-conjunts-els-avencos-despres-de-les-intervencions-de-la-sindicatura-a-colombia\/#article","isPartOf":{"@id":"https:\/\/www.sindicaturabarcelona.cat\/ca\/intercanvi-de-bones-practiques-i-planificacio-de-futurs-projectes-conjunts-els-avencos-despres-de-les-intervencions-de-la-sindicatura-a-colombia\/"},"author":{"name":"Pablo","@id":"https:\/\/www.sindicaturabarcelona.cat\/ca\/#\/schema\/person\/0e5acffc350ffdbc97578159322c9452"},"headline":"Intercanvi de bones pr\u00e0ctiques i planificaci\u00f3 de futurs projectes conjunts: els aven\u00e7os despr\u00e9s de les intervencions de la Sindicatura a Col\u00f2mbia","datePublished":"2025-08-29T09:41:08+00:00","dateModified":"2025-10-13T05:45:20+00:00","mainEntityOfPage":{"@id":"https:\/\/www.sindicaturabarcelona.cat\/ca\/intercanvi-de-bones-practiques-i-planificacio-de-futurs-projectes-conjunts-els-avencos-despres-de-les-intervencions-de-la-sindicatura-a-colombia\/"},"wordCount":672,"publisher":{"@id":"https:\/\/www.sindicaturabarcelona.cat\/ca\/#organization"},"image":{"@id":"https:\/\/www.sindicaturabarcelona.cat\/ca\/intercanvi-de-bones-practiques-i-planificacio-de-futurs-projectes-conjunts-els-avencos-despres-de-les-intervencions-de-la-sindicatura-a-colombia\/#primaryimage"},"thumbnailUrl":"https:\/\/www.sindicaturabarcelona.cat\/wp-content\/uploads\/IMG_2952-scaled.jpg","inLanguage":"ca"},{"@type":"WebPage","@id":"https:\/\/www.sindicaturabarcelona.cat\/ca\/intercanvi-de-bones-practiques-i-planificacio-de-futurs-projectes-conjunts-els-avencos-despres-de-les-intervencions-de-la-sindicatura-a-colombia\/","url":"https:\/\/www.sindicaturabarcelona.cat\/ca\/intercanvi-de-bones-practiques-i-planificacio-de-futurs-projectes-conjunts-els-avencos-despres-de-les-intervencions-de-la-sindicatura-a-colombia\/","name":"Intercanvi de bones pr\u00e0ctiques i planificaci\u00f3 de futurs projectes conjunts: els aven\u00e7os despr\u00e9s de les intervencions de la Sindicatura a Col\u00f2mbia - Sindicatura de Greuges de Barcelona","isPartOf":{"@id":"https:\/\/www.sindicaturabarcelona.cat\/ca\/#website"},"primaryImageOfPage":{"@id":"https:\/\/www.sindicaturabarcelona.cat\/ca\/intercanvi-de-bones-practiques-i-planificacio-de-futurs-projectes-conjunts-els-avencos-despres-de-les-intervencions-de-la-sindicatura-a-colombia\/#primaryimage"},"image":{"@id":"https:\/\/www.sindicaturabarcelona.cat\/ca\/intercanvi-de-bones-practiques-i-planificacio-de-futurs-projectes-conjunts-els-avencos-despres-de-les-intervencions-de-la-sindicatura-a-colombia\/#primaryimage"},"thumbnailUrl":"https:\/\/www.sindicaturabarcelona.cat\/wp-content\/uploads\/IMG_2952-scaled.jpg","datePublished":"2025-08-29T09:41:08+00:00","dateModified":"2025-10-13T05:45:20+00:00","breadcrumb":{"@id":"https:\/\/www.sindicaturabarcelona.cat\/ca\/intercanvi-de-bones-practiques-i-planificacio-de-futurs-projectes-conjunts-els-avencos-despres-de-les-intervencions-de-la-sindicatura-a-colombia\/#breadcrumb"},"inLanguage":"ca","potentialAction":[{"@type":"ReadAction","target":["https:\/\/www.sindicaturabarcelona.cat\/ca\/intercanvi-de-bones-practiques-i-planificacio-de-futurs-projectes-conjunts-els-avencos-despres-de-les-intervencions-de-la-sindicatura-a-colombia\/"]}]},{"@type":"ImageObject","inLanguage":"ca","@id":"https:\/\/www.sindicaturabarcelona.cat\/ca\/intercanvi-de-bones-practiques-i-planificacio-de-futurs-projectes-conjunts-els-avencos-despres-de-les-intervencions-de-la-sindicatura-a-colombia\/#primaryimage","url":"https:\/\/www.sindicaturabarcelona.cat\/wp-content\/uploads\/IMG_2952-scaled.jpg","contentUrl":"https:\/\/www.sindicaturabarcelona.cat\/wp-content\/uploads\/IMG_2952-scaled.jpg","width":2560,"height":1920,"caption":"Confer\u00e8ncia Bogot\u00e0 Col\u00f2mbia 2025"},{"@type":"BreadcrumbList","@id":"https:\/\/www.sindicaturabarcelona.cat\/ca\/intercanvi-de-bones-practiques-i-planificacio-de-futurs-projectes-conjunts-els-avencos-despres-de-les-intervencions-de-la-sindicatura-a-colombia\/#breadcrumb","itemListElement":[{"@type":"ListItem","position":1,"name":"Inici","item":"https:\/\/www.sindicaturabarcelona.cat\/ca\/"},{"@type":"ListItem","position":2,"name":"Intercanvi de bones pr\u00e0ctiques i planificaci\u00f3 de futurs projectes conjunts: els aven\u00e7os despr\u00e9s de les intervencions de la Sindicatura a Col\u00f2mbia"}]},{"@type":"WebSite","@id":"https:\/\/www.sindicaturabarcelona.cat\/ca\/#website","url":"https:\/\/www.sindicaturabarcelona.cat\/ca\/","name":"Sindicatura de Greuges de Barcelona","description":"La defensoria dels teus drets","publisher":{"@id":"https:\/\/www.sindicaturabarcelona.cat\/ca\/#organization"},"potentialAction":[{"@type":"SearchAction","target":{"@type":"EntryPoint","urlTemplate":"https:\/\/www.sindicaturabarcelona.cat\/ca\/?s={search_term_string}"},"query-input":{"@type":"PropertyValueSpecification","valueRequired":true,"valueName":"search_term_string"}}],"inLanguage":"ca"},{"@type":"Organization","@id":"https:\/\/www.sindicaturabarcelona.cat\/ca\/#organization","name":"Sindicatura de Greuges de Barcelona","url":"https:\/\/www.sindicaturabarcelona.cat\/ca\/","logo":{"@type":"ImageObject","inLanguage":"ca","@id":"https:\/\/www.sindicaturabarcelona.cat\/ca\/#\/schema\/logo\/image\/","url":"https:\/\/www.sindicaturabarcelona.cat\/wp-content\/uploads\/2023\/02\/logo_sindicatura.svg","contentUrl":"https:\/\/www.sindicaturabarcelona.cat\/wp-content\/uploads\/2023\/02\/logo_sindicatura.svg","caption":"Sindicatura de Greuges de Barcelona"},"image":{"@id":"https:\/\/www.sindicaturabarcelona.cat\/ca\/#\/schema\/logo\/image\/"},"sameAs":["https:\/\/x.com\/sindicbarcelona","https:\/\/www.instagram.com\/sindicbarcelona\/","https:\/\/www.tiktok.com\/@sindicaturabcn","https:\/\/t.me\/sindicaturabarcelona"]},{"@type":"Person","@id":"https:\/\/www.sindicaturabarcelona.cat\/ca\/#\/schema\/person\/0e5acffc350ffdbc97578159322c9452","name":"Pablo","image":{"@type":"ImageObject","inLanguage":"ca","@id":"https:\/\/secure.gravatar.com\/avatar\/c948169b402ef9492afde705c3dfd5e90e1a6a84ef6840a91124f805a25a480f?s=96&d=mm&r=g","url":"https:\/\/secure.gravatar.com\/avatar\/c948169b402ef9492afde705c3dfd5e90e1a6a84ef6840a91124f805a25a480f?s=96&d=mm&r=g","contentUrl":"https:\/\/secure.gravatar.com\/avatar\/c948169b402ef9492afde705c3dfd5e90e1a6a84ef6840a91124f805a25a480f?s=96&d=mm&r=g","caption":"Pablo"},"url":"https:\/\/www.sindicaturabarcelona.cat\/ca\/author\/pablo\/"}]}},"_links":{"self":[{"href":"https:\/\/www.sindicaturabarcelona.cat\/ca\/wp-json\/wp\/v2\/posts\/38869","targetHints":{"allow":["GET"]}}],"collection":[{"href":"https:\/\/www.sindicaturabarcelona.cat\/ca\/wp-json\/wp\/v2\/posts"}],"about":[{"href":"https:\/\/www.sindicaturabarcelona.cat\/ca\/wp-json\/wp\/v2\/types\/post"}],"author":[{"embeddable":true,"href":"https:\/\/www.sindicaturabarcelona.cat\/ca\/wp-json\/wp\/v2\/users\/2"}],"replies":[{"embeddable":true,"href":"https:\/\/www.sindicaturabarcelona.cat\/ca\/wp-json\/wp\/v2\/comments?post=38869"}],"version-history":[{"count":18,"href":"https:\/\/www.sindicaturabarcelona.cat\/ca\/wp-json\/wp\/v2\/posts\/38869\/revisions"}],"predecessor-version":[{"id":39735,"href":"https:\/\/www.sindicaturabarcelona.cat\/ca\/wp-json\/wp\/v2\/posts\/38869\/revisions\/39735"}],"wp:featuredmedia":[{"embeddable":true,"href":"https:\/\/www.sindicaturabarcelona.cat\/ca\/wp-json\/wp\/v2\/media\/38870"}],"wp:attachment":[{"href":"https:\/\/www.sindicaturabarcelona.cat\/ca\/wp-json\/wp\/v2\/media?parent=38869"}],"wp:term":[{"taxonomy":"post_tag","embeddable":true,"href":"https:\/\/www.sindicaturabarcelona.cat\/ca\/wp-json\/wp\/v2\/tags?post=38869"},{"taxonomy":"drets","embeddable":true,"href":"https:\/\/www.sindicaturabarcelona.cat\/ca\/wp-json\/wp\/v2\/drets?post=38869"}],"curies":[{"name":"wp","href":"https:\/\/api.w.org\/{rel}","templated":true}]}}