{"id":38577,"date":"2025-08-22T08:00:00","date_gmt":"2025-08-22T06:00:00","guid":{"rendered":"https:\/\/www.sindicaturabarcelona.cat\/?p=38577"},"modified":"2025-08-21T15:26:57","modified_gmt":"2025-08-21T13:26:57","slug":"la-sindicatura-demana-que-el-servei-de-bicing-bloquegi-de-seguida-les-bicicletes-que-no-van-be-i-que-puguin-ser-un-risc","status":"publish","type":"post","link":"https:\/\/www.sindicaturabarcelona.cat\/ca\/la-sindicatura-demana-que-el-servei-de-bicing-bloquegi-de-seguida-les-bicicletes-que-no-van-be-i-que-puguin-ser-un-risc\/","title":{"rendered":"La Sindicatura demana que el servei de Bicing bloquegi de seguida les bicicletes que no van b\u00e9 i que puguin ser un risc"},"content":{"rendered":"\n<h2 class=\"wp-block-heading\"><strong>Un ciutad\u00e0 va patir una caiguda pel mal funcionament d\u2019un dels vehicles, tot i que l\u2019empresa municipal gestora ja n\u2019havia rebut avisos de les defici\u00e8ncies. A m\u00e9s, no se\u2019n va bloquejar l\u2019\u00fas fins l\u2019endem\u00e0 de l\u2019accident, i se li va negar l\u2019acc\u00e9s a l\u2019informe t\u00e8cnic de la bicicleta, malgrat tenir-hi dret.&nbsp;<\/strong><\/h2>\n\n\n\n<p>La defensoria de la ciutat considera <a href=\"https:\/\/www.sindicaturabarcelona.cat\/wp-content\/uploads\/202508_Dret-Mobilitat-Transport-Public_Bicing-Mal-Funcionament-Roda-Bloquejada-Pedalem-BSM_25Q000289.pdf\" target=\"_blank\" rel=\"noreferrer noopener\">en la seva resoluci\u00f3<\/a> que <strong>la resposta del <\/strong><a href=\"https:\/\/www.bicing.barcelona\/servei-bicing\" target=\"_blank\" rel=\"noreferrer noopener\"><strong>servei de Bicing<\/strong><\/a> per part de Barcelona de Serveis Municipals (BSM) <strong>a l\u2019av\u00eds d\u2019una avaria no va ser adequada<\/strong>, arran d\u2019un accident succe\u00eft l\u2019octubre de 2024.<\/p>\n\n\n\n<p>Segons exposa el promotor de la queixa, va agafar una bicicleta el\u00e8ctrica que en un principi li va permetre circular, malgrat uns sorolls estranys, fins que <strong>de sobte la roda del davant va quedar bloquejada<\/strong>. L\u2019usuari del servei va caure a terra, i<strong> va patir abrasions a un genoll i a una m\u00e0<\/strong>. A continuaci\u00f3, va portar amb dificultats el vehicle a l\u2019estaci\u00f3 m\u00e9s propera, amb la roda encara bloquejada, i va trucar per notificar l\u2019incident.<\/p>\n\n\n\n<p>Com a resposta a <strong>la reclamaci\u00f3<\/strong> que va presentar, <strong>Pedalem<\/strong>, l\u2019empresa contractista responsable del manteniment, informava que <strong>quedava desestimada<\/strong> perqu\u00e8 els registres no indicaven un mal funcionament i que, per tant, <strong>la culpa de la caiguda era del conductor<\/strong>. Aquest va demanar acc\u00e9s a l\u2019informe t\u00e8cnic sobre l\u2019estat del vehicle, per\u00f2 se li va denegar reiterades vegades. \u00a0<\/p>\n\n\n\n<h2 class=\"wp-block-heading\"><strong>La resposta de Barcelona de Serveis Municipals<\/strong><\/h2>\n\n\n\n<p>L\u2019empresa municipal gestora estableix que les persones usu\u00e0ries han de comprovar el bon estat de tots els elements de la bicicleta. En cas que no sigui aix\u00ed, s&#8217;ha de retornar el vehicle a l\u2019estaci\u00f3.<\/p>\n\n\n\n<p><strong>Hi ha diverses vies per avisar d\u2019un mal funcionament de les bicicletes<\/strong>. Una \u00e9s la notificaci\u00f3 directa de la persona usu\u00e0ria. En aquest cas, el promotor de la queixa inicialment va considerar que podia circular per\u00f2, despr\u00e9s de l\u2019accident, va comunicar-ho, tal com estableix el procediment.<\/p>\n\n\n\n<p>Una altra via \u00e9s el <strong>retorn reiterat de la mateixa bicicleta en un interval inferior a 3 minuts per diferents persones usu\u00e0ries<\/strong>. Segons consta en els registres, <strong>a la vig\u00edlia en 6 dels 17 usos la bicicleta es va deixar de nou al mateix punt d\u2019ancoratge en menys d\u2019un minut<\/strong>. Per tant, gaireb\u00e9 un ter\u00e7 de les persones usu\u00e0ries van considerar que ja no funcionava b\u00e9. Uns dies abans i el mateix dia de l\u2019incident, abans i fins tot despr\u00e9s que aquest tingu\u00e9s lloc, altres persones usu\u00e0ries van fer el mateix.<\/p>\n\n\n\n<p>Pel que fa a la responsabilitat per danys del servei de Bicing, BSM va indicar que els abonaments anuals incorporen una asseguran\u00e7a que cobreix alguns casos, per\u00f2 no tots, com \u00e9s el cas de les avaries dels vehicles, en qu\u00e8 la titularitat i el manteniment recauen en l\u2019empresa subcontractada Pedalem. Ara b\u00e9, aix\u00f2 no significa que BSM pugui desentendre\u2019s. <strong>Quan l\u2019administraci\u00f3 rep la reclamaci\u00f3, aquesta ha de pronunciar-se sobre la situaci\u00f3, ja que ha de supervisar la tasca de les empreses que contracta<\/strong>. Si no ho fa, incorre en responsabilitat subsidi\u00e0ria. &nbsp;<\/p>\n\n\n\n<p>Finalment, i sobre la petici\u00f3 del ciutad\u00e0 de l\u2019expedient en tr\u00e0mit sobre l\u2019estat del vehicle, l\u2019empresa municipal va denegar l\u2019acc\u00e9s per considerar que eren documents interns. Ara b\u00e9, <strong>en tant que persona interessada, s\u00ed que tenia dret a rebre\u2019n una c\u00f2pia, aix\u00ed com dels documents que en formen part<\/strong>. Tamb\u00e9 l\u2019empara la normativa de transpar\u00e8ncia i acc\u00e9s a la informaci\u00f3.<\/p>\n\n\n\n<h2 class=\"wp-block-heading\"><strong>Les conclusions i les recomanacions de la Sindicatura<\/strong><\/h2>\n\n\n\n<p>La Sindicatura de Greuges de Barcelona reconeix l\u2019esfor\u00e7 i els recursos que BSM assigna per garantir un bon servei i que les bicicletes estiguin en bon estat. Ara b\u00e9, en aquest cas <strong>l\u2019actuaci\u00f3 no ha estat ajustada a dret ni efica\u00e7<\/strong>, i emet <a href=\"https:\/\/www.sindicaturabarcelona.cat\/wp-content\/uploads\/202508_Dret-Mobilitat-Transport-Public_Bicing-Mal-Funcionament-Roda-Bloquejada-Pedalem-BSM_25Q000289.pdf\" target=\"_blank\" rel=\"noreferrer noopener\">en la seva resoluci\u00f3<\/a> les conclusions i recomanacions seg\u00fcents :<\/p>\n\n\n\n<ul class=\"wp-block-list\">\n<li><strong>La resposta l\u2019av\u00eds d\u2019avaria no va ser adequada<\/strong>, ja que, despr\u00e9s que el ciutad\u00e0 comuniqu\u00e9s la incid\u00e8ncia, aquesta va continuar disponible, la qual cosa posava en risc les persones usu\u00e0ries.<\/li>\n<\/ul>\n\n\n\n<ul class=\"wp-block-list\">\n<li>L\u2019afirmaci\u00f3 que els usos de la bicicleta van ser normals no \u00e9s congruent amb els registres d\u2019usos de dies anteriors i del mateix dia, tant abans com despr\u00e9s de l\u2019accident.<\/li>\n<\/ul>\n\n\n\n<ul class=\"wp-block-list\">\n<li><strong>La persona usu\u00e0ria, per tant, no ha de carregar ni amb la culpa ni amb la responsabilitat<\/strong> dels danys derivats del mal funcionament de les bicicletes. L\u2019ens responsable \u00e9s Pedalem, per\u00f2 BSM t\u00e9 l\u2019obligaci\u00f3 de supervisar-ne la tasca.<\/li>\n<\/ul>\n\n\n\n<ul class=\"wp-block-list\">\n<li>La negativa de Pedalem a aportar la informaci\u00f3 t\u00e8cnica del vehicle va significar una <strong>vulneraci\u00f3 dels drets del ciutad\u00e0 que la va sol\u00b7licitar<\/strong>.<\/li>\n<\/ul>\n\n\n\n<ul class=\"wp-block-list\">\n<li>Per tot aix\u00f2,<strong> es recomana a BSM que garanteixi que l\u2019empresa Pedalem bloqueja immediatament les bicicletes<\/strong> de les quals s\u2019ha avisat que no funcionen b\u00e9; que s\u2019implementin millores en el protocol de reclamacions; i que es revisi la manera com es tracten les peticions d\u2019acc\u00e9s a la documentaci\u00f3 i informaci\u00f3 relativa a les bicicletes i al servei prestat.<\/li>\n<\/ul>\n","protected":false},"excerpt":{"rendered":"<p>Un ciutad\u00e0 va patir una caiguda pel mal funcionament d\u2019un dels vehicles, tot i que l\u2019empresa municipal gestora ja n\u2019havia rebut avisos de les defici\u00e8ncies. A m\u00e9s, no se\u2019n va [&hellip;]<\/p>\n","protected":false},"author":2,"featured_media":38578,"comment_status":"closed","ping_status":"closed","sticky":false,"template":"","format":"standard","meta":{"_acf_changed":false,"footnotes":""},"tags":[],"drets":[1438,1447],"class_list":["post-38577","post","type-post","status-publish","format-standard","has-post-thumbnail","hentry","drets-ciutat-habitable-i-sostenible","drets-dret-a-la-mobilitat"],"acf":[],"yoast_head":"<!-- This site is optimized with the Yoast SEO plugin v27.5 - https:\/\/yoast.com\/product\/yoast-seo-wordpress\/ -->\n<title>La Sindicatura demana que el servei de Bicing bloquegi de seguida les bicicletes que no van b\u00e9 i que puguin ser un risc - Sindicatura de Greuges de Barcelona<\/title>\n<meta name=\"description\" content=\"Un ciutad\u00e0 va patir una caiguda per una avaria d\u2019un dels vehicles, tot i que l\u2019empresa gestora ja n\u2019havia rebut avisos de les defici\u00e8ncies.\" \/>\n<meta name=\"robots\" content=\"index, follow, max-snippet:-1, max-image-preview:large, max-video-preview:-1\" \/>\n<link rel=\"canonical\" href=\"https:\/\/www.sindicaturabarcelona.cat\/ca\/la-sindicatura-demana-que-el-servei-de-bicing-bloquegi-de-seguida-les-bicicletes-que-no-van-be-i-que-puguin-ser-un-risc\/\" \/>\n<meta property=\"og:locale\" content=\"ca_ES\" \/>\n<meta property=\"og:type\" content=\"article\" \/>\n<meta property=\"og:title\" content=\"La Sindicatura demana que el servei de Bicing bloquegi de seguida les bicicletes que no van b\u00e9 i que puguin ser un risc - Sindicatura de Greuges de Barcelona\" \/>\n<meta property=\"og:description\" content=\"Un ciutad\u00e0 va patir una caiguda per una avaria d\u2019un dels vehicles, tot i que l\u2019empresa gestora ja n\u2019havia rebut avisos de les defici\u00e8ncies.\" \/>\n<meta property=\"og:url\" content=\"https:\/\/www.sindicaturabarcelona.cat\/ca\/la-sindicatura-demana-que-el-servei-de-bicing-bloquegi-de-seguida-les-bicicletes-que-no-van-be-i-que-puguin-ser-un-risc\/\" \/>\n<meta property=\"og:site_name\" content=\"Sindicatura de Greuges de Barcelona\" \/>\n<meta property=\"article:published_time\" content=\"2025-08-22T06:00:00+00:00\" \/>\n<meta property=\"og:image\" content=\"https:\/\/www.sindicaturabarcelona.cat\/wp-content\/uploads\/estacio-de-bicing-a-nou-barris.jpg\" \/>\n\t<meta property=\"og:image:width\" content=\"2000\" \/>\n\t<meta property=\"og:image:height\" content=\"1336\" \/>\n\t<meta property=\"og:image:type\" content=\"image\/jpeg\" \/>\n<meta name=\"author\" content=\"Pablo\" \/>\n<meta name=\"twitter:card\" content=\"summary_large_image\" \/>\n<meta name=\"twitter:creator\" content=\"@sindicbarcelona\" \/>\n<meta name=\"twitter:site\" content=\"@sindicbarcelona\" \/>\n<meta name=\"twitter:label1\" content=\"Escrit per\" \/>\n\t<meta name=\"twitter:data1\" content=\"Pablo\" \/>\n\t<meta name=\"twitter:label2\" content=\"Temps estimat de lectura\" \/>\n\t<meta name=\"twitter:data2\" content=\"5 minuts\" \/>\n<script type=\"application\/ld+json\" class=\"yoast-schema-graph\">{\"@context\":\"https:\\\/\\\/schema.org\",\"@graph\":[{\"@type\":\"Article\",\"@id\":\"https:\\\/\\\/www.sindicaturabarcelona.cat\\\/ca\\\/la-sindicatura-demana-que-el-servei-de-bicing-bloquegi-de-seguida-les-bicicletes-que-no-van-be-i-que-puguin-ser-un-risc\\\/#article\",\"isPartOf\":{\"@id\":\"https:\\\/\\\/www.sindicaturabarcelona.cat\\\/ca\\\/la-sindicatura-demana-que-el-servei-de-bicing-bloquegi-de-seguida-les-bicicletes-que-no-van-be-i-que-puguin-ser-un-risc\\\/\"},\"author\":{\"name\":\"Pablo\",\"@id\":\"https:\\\/\\\/www.sindicaturabarcelona.cat\\\/ca\\\/#\\\/schema\\\/person\\\/0e5acffc350ffdbc97578159322c9452\"},\"headline\":\"La Sindicatura demana que el servei de Bicing bloquegi de seguida les bicicletes que no van b\u00e9 i que puguin ser un risc\",\"datePublished\":\"2025-08-22T06:00:00+00:00\",\"mainEntityOfPage\":{\"@id\":\"https:\\\/\\\/www.sindicaturabarcelona.cat\\\/ca\\\/la-sindicatura-demana-que-el-servei-de-bicing-bloquegi-de-seguida-les-bicicletes-que-no-van-be-i-que-puguin-ser-un-risc\\\/\"},\"wordCount\":899,\"publisher\":{\"@id\":\"https:\\\/\\\/www.sindicaturabarcelona.cat\\\/ca\\\/#organization\"},\"image\":{\"@id\":\"https:\\\/\\\/www.sindicaturabarcelona.cat\\\/ca\\\/la-sindicatura-demana-que-el-servei-de-bicing-bloquegi-de-seguida-les-bicicletes-que-no-van-be-i-que-puguin-ser-un-risc\\\/#primaryimage\"},\"thumbnailUrl\":\"https:\\\/\\\/www.sindicaturabarcelona.cat\\\/wp-content\\\/uploads\\\/estacio-de-bicing-a-nou-barris.jpg\",\"inLanguage\":\"ca\"},{\"@type\":\"WebPage\",\"@id\":\"https:\\\/\\\/www.sindicaturabarcelona.cat\\\/ca\\\/la-sindicatura-demana-que-el-servei-de-bicing-bloquegi-de-seguida-les-bicicletes-que-no-van-be-i-que-puguin-ser-un-risc\\\/\",\"url\":\"https:\\\/\\\/www.sindicaturabarcelona.cat\\\/ca\\\/la-sindicatura-demana-que-el-servei-de-bicing-bloquegi-de-seguida-les-bicicletes-que-no-van-be-i-que-puguin-ser-un-risc\\\/\",\"name\":\"La Sindicatura demana que el servei de Bicing bloquegi de seguida les bicicletes que no van b\u00e9 i que puguin ser un risc - Sindicatura de Greuges de Barcelona\",\"isPartOf\":{\"@id\":\"https:\\\/\\\/www.sindicaturabarcelona.cat\\\/ca\\\/#website\"},\"primaryImageOfPage\":{\"@id\":\"https:\\\/\\\/www.sindicaturabarcelona.cat\\\/ca\\\/la-sindicatura-demana-que-el-servei-de-bicing-bloquegi-de-seguida-les-bicicletes-que-no-van-be-i-que-puguin-ser-un-risc\\\/#primaryimage\"},\"image\":{\"@id\":\"https:\\\/\\\/www.sindicaturabarcelona.cat\\\/ca\\\/la-sindicatura-demana-que-el-servei-de-bicing-bloquegi-de-seguida-les-bicicletes-que-no-van-be-i-que-puguin-ser-un-risc\\\/#primaryimage\"},\"thumbnailUrl\":\"https:\\\/\\\/www.sindicaturabarcelona.cat\\\/wp-content\\\/uploads\\\/estacio-de-bicing-a-nou-barris.jpg\",\"datePublished\":\"2025-08-22T06:00:00+00:00\",\"description\":\"Un ciutad\u00e0 va patir una caiguda per una avaria d\u2019un dels vehicles, tot i que l\u2019empresa gestora ja n\u2019havia rebut avisos de les defici\u00e8ncies.\",\"breadcrumb\":{\"@id\":\"https:\\\/\\\/www.sindicaturabarcelona.cat\\\/ca\\\/la-sindicatura-demana-que-el-servei-de-bicing-bloquegi-de-seguida-les-bicicletes-que-no-van-be-i-que-puguin-ser-un-risc\\\/#breadcrumb\"},\"inLanguage\":\"ca\",\"potentialAction\":[{\"@type\":\"ReadAction\",\"target\":[\"https:\\\/\\\/www.sindicaturabarcelona.cat\\\/ca\\\/la-sindicatura-demana-que-el-servei-de-bicing-bloquegi-de-seguida-les-bicicletes-que-no-van-be-i-que-puguin-ser-un-risc\\\/\"]}]},{\"@type\":\"ImageObject\",\"inLanguage\":\"ca\",\"@id\":\"https:\\\/\\\/www.sindicaturabarcelona.cat\\\/ca\\\/la-sindicatura-demana-que-el-servei-de-bicing-bloquegi-de-seguida-les-bicicletes-que-no-van-be-i-que-puguin-ser-un-risc\\\/#primaryimage\",\"url\":\"https:\\\/\\\/www.sindicaturabarcelona.cat\\\/wp-content\\\/uploads\\\/estacio-de-bicing-a-nou-barris.jpg\",\"contentUrl\":\"https:\\\/\\\/www.sindicaturabarcelona.cat\\\/wp-content\\\/uploads\\\/estacio-de-bicing-a-nou-barris.jpg\",\"width\":2000,\"height\":1336},{\"@type\":\"BreadcrumbList\",\"@id\":\"https:\\\/\\\/www.sindicaturabarcelona.cat\\\/ca\\\/la-sindicatura-demana-que-el-servei-de-bicing-bloquegi-de-seguida-les-bicicletes-que-no-van-be-i-que-puguin-ser-un-risc\\\/#breadcrumb\",\"itemListElement\":[{\"@type\":\"ListItem\",\"position\":1,\"name\":\"Inici\",\"item\":\"https:\\\/\\\/www.sindicaturabarcelona.cat\\\/ca\\\/\"},{\"@type\":\"ListItem\",\"position\":2,\"name\":\"La Sindicatura demana que el servei de Bicing bloquegi de seguida les bicicletes que no van b\u00e9 i que puguin ser un risc\"}]},{\"@type\":\"WebSite\",\"@id\":\"https:\\\/\\\/www.sindicaturabarcelona.cat\\\/ca\\\/#website\",\"url\":\"https:\\\/\\\/www.sindicaturabarcelona.cat\\\/ca\\\/\",\"name\":\"Sindicatura de Greuges de Barcelona\",\"description\":\"La defensoria dels teus drets\",\"publisher\":{\"@id\":\"https:\\\/\\\/www.sindicaturabarcelona.cat\\\/ca\\\/#organization\"},\"potentialAction\":[{\"@type\":\"SearchAction\",\"target\":{\"@type\":\"EntryPoint\",\"urlTemplate\":\"https:\\\/\\\/www.sindicaturabarcelona.cat\\\/ca\\\/?s={search_term_string}\"},\"query-input\":{\"@type\":\"PropertyValueSpecification\",\"valueRequired\":true,\"valueName\":\"search_term_string\"}}],\"inLanguage\":\"ca\"},{\"@type\":\"Organization\",\"@id\":\"https:\\\/\\\/www.sindicaturabarcelona.cat\\\/ca\\\/#organization\",\"name\":\"Sindicatura de Greuges de Barcelona\",\"url\":\"https:\\\/\\\/www.sindicaturabarcelona.cat\\\/ca\\\/\",\"logo\":{\"@type\":\"ImageObject\",\"inLanguage\":\"ca\",\"@id\":\"https:\\\/\\\/www.sindicaturabarcelona.cat\\\/ca\\\/#\\\/schema\\\/logo\\\/image\\\/\",\"url\":\"https:\\\/\\\/www.sindicaturabarcelona.cat\\\/wp-content\\\/uploads\\\/2023\\\/02\\\/logo_sindicatura.svg\",\"contentUrl\":\"https:\\\/\\\/www.sindicaturabarcelona.cat\\\/wp-content\\\/uploads\\\/2023\\\/02\\\/logo_sindicatura.svg\",\"caption\":\"Sindicatura de Greuges de Barcelona\"},\"image\":{\"@id\":\"https:\\\/\\\/www.sindicaturabarcelona.cat\\\/ca\\\/#\\\/schema\\\/logo\\\/image\\\/\"},\"sameAs\":[\"https:\\\/\\\/x.com\\\/sindicbarcelona\",\"https:\\\/\\\/www.instagram.com\\\/sindicbarcelona\\\/\",\"https:\\\/\\\/www.tiktok.com\\\/@sindicaturabcn\",\"https:\\\/\\\/t.me\\\/sindicaturabarcelona\"]},{\"@type\":\"Person\",\"@id\":\"https:\\\/\\\/www.sindicaturabarcelona.cat\\\/ca\\\/#\\\/schema\\\/person\\\/0e5acffc350ffdbc97578159322c9452\",\"name\":\"Pablo\",\"image\":{\"@type\":\"ImageObject\",\"inLanguage\":\"ca\",\"@id\":\"https:\\\/\\\/secure.gravatar.com\\\/avatar\\\/c948169b402ef9492afde705c3dfd5e90e1a6a84ef6840a91124f805a25a480f?s=96&d=mm&r=g\",\"url\":\"https:\\\/\\\/secure.gravatar.com\\\/avatar\\\/c948169b402ef9492afde705c3dfd5e90e1a6a84ef6840a91124f805a25a480f?s=96&d=mm&r=g\",\"contentUrl\":\"https:\\\/\\\/secure.gravatar.com\\\/avatar\\\/c948169b402ef9492afde705c3dfd5e90e1a6a84ef6840a91124f805a25a480f?s=96&d=mm&r=g\",\"caption\":\"Pablo\"},\"url\":\"https:\\\/\\\/www.sindicaturabarcelona.cat\\\/ca\\\/author\\\/pablo\\\/\"}]}<\/script>\n<!-- \/ Yoast SEO plugin. -->","yoast_head_json":{"title":"La Sindicatura demana que el servei de Bicing bloquegi de seguida les bicicletes que no van b\u00e9 i que puguin ser un risc - Sindicatura de Greuges de Barcelona","description":"Un ciutad\u00e0 va patir una caiguda per una avaria d\u2019un dels vehicles, tot i que l\u2019empresa gestora ja n\u2019havia rebut avisos de les defici\u00e8ncies.","robots":{"index":"index","follow":"follow","max-snippet":"max-snippet:-1","max-image-preview":"max-image-preview:large","max-video-preview":"max-video-preview:-1"},"canonical":"https:\/\/www.sindicaturabarcelona.cat\/ca\/la-sindicatura-demana-que-el-servei-de-bicing-bloquegi-de-seguida-les-bicicletes-que-no-van-be-i-que-puguin-ser-un-risc\/","og_locale":"ca_ES","og_type":"article","og_title":"La Sindicatura demana que el servei de Bicing bloquegi de seguida les bicicletes que no van b\u00e9 i que puguin ser un risc - Sindicatura de Greuges de Barcelona","og_description":"Un ciutad\u00e0 va patir una caiguda per una avaria d\u2019un dels vehicles, tot i que l\u2019empresa gestora ja n\u2019havia rebut avisos de les defici\u00e8ncies.","og_url":"https:\/\/www.sindicaturabarcelona.cat\/ca\/la-sindicatura-demana-que-el-servei-de-bicing-bloquegi-de-seguida-les-bicicletes-que-no-van-be-i-que-puguin-ser-un-risc\/","og_site_name":"Sindicatura de Greuges de Barcelona","article_published_time":"2025-08-22T06:00:00+00:00","og_image":[{"width":2000,"height":1336,"url":"https:\/\/www.sindicaturabarcelona.cat\/wp-content\/uploads\/estacio-de-bicing-a-nou-barris.jpg","type":"image\/jpeg"}],"author":"Pablo","twitter_card":"summary_large_image","twitter_creator":"@sindicbarcelona","twitter_site":"@sindicbarcelona","twitter_misc":{"Escrit per":"Pablo","Temps estimat de lectura":"5 minuts"},"schema":{"@context":"https:\/\/schema.org","@graph":[{"@type":"Article","@id":"https:\/\/www.sindicaturabarcelona.cat\/ca\/la-sindicatura-demana-que-el-servei-de-bicing-bloquegi-de-seguida-les-bicicletes-que-no-van-be-i-que-puguin-ser-un-risc\/#article","isPartOf":{"@id":"https:\/\/www.sindicaturabarcelona.cat\/ca\/la-sindicatura-demana-que-el-servei-de-bicing-bloquegi-de-seguida-les-bicicletes-que-no-van-be-i-que-puguin-ser-un-risc\/"},"author":{"name":"Pablo","@id":"https:\/\/www.sindicaturabarcelona.cat\/ca\/#\/schema\/person\/0e5acffc350ffdbc97578159322c9452"},"headline":"La Sindicatura demana que el servei de Bicing bloquegi de seguida les bicicletes que no van b\u00e9 i que puguin ser un risc","datePublished":"2025-08-22T06:00:00+00:00","mainEntityOfPage":{"@id":"https:\/\/www.sindicaturabarcelona.cat\/ca\/la-sindicatura-demana-que-el-servei-de-bicing-bloquegi-de-seguida-les-bicicletes-que-no-van-be-i-que-puguin-ser-un-risc\/"},"wordCount":899,"publisher":{"@id":"https:\/\/www.sindicaturabarcelona.cat\/ca\/#organization"},"image":{"@id":"https:\/\/www.sindicaturabarcelona.cat\/ca\/la-sindicatura-demana-que-el-servei-de-bicing-bloquegi-de-seguida-les-bicicletes-que-no-van-be-i-que-puguin-ser-un-risc\/#primaryimage"},"thumbnailUrl":"https:\/\/www.sindicaturabarcelona.cat\/wp-content\/uploads\/estacio-de-bicing-a-nou-barris.jpg","inLanguage":"ca"},{"@type":"WebPage","@id":"https:\/\/www.sindicaturabarcelona.cat\/ca\/la-sindicatura-demana-que-el-servei-de-bicing-bloquegi-de-seguida-les-bicicletes-que-no-van-be-i-que-puguin-ser-un-risc\/","url":"https:\/\/www.sindicaturabarcelona.cat\/ca\/la-sindicatura-demana-que-el-servei-de-bicing-bloquegi-de-seguida-les-bicicletes-que-no-van-be-i-que-puguin-ser-un-risc\/","name":"La Sindicatura demana que el servei de Bicing bloquegi de seguida les bicicletes que no van b\u00e9 i que puguin ser un risc - Sindicatura de Greuges de Barcelona","isPartOf":{"@id":"https:\/\/www.sindicaturabarcelona.cat\/ca\/#website"},"primaryImageOfPage":{"@id":"https:\/\/www.sindicaturabarcelona.cat\/ca\/la-sindicatura-demana-que-el-servei-de-bicing-bloquegi-de-seguida-les-bicicletes-que-no-van-be-i-que-puguin-ser-un-risc\/#primaryimage"},"image":{"@id":"https:\/\/www.sindicaturabarcelona.cat\/ca\/la-sindicatura-demana-que-el-servei-de-bicing-bloquegi-de-seguida-les-bicicletes-que-no-van-be-i-que-puguin-ser-un-risc\/#primaryimage"},"thumbnailUrl":"https:\/\/www.sindicaturabarcelona.cat\/wp-content\/uploads\/estacio-de-bicing-a-nou-barris.jpg","datePublished":"2025-08-22T06:00:00+00:00","description":"Un ciutad\u00e0 va patir una caiguda per una avaria d\u2019un dels vehicles, tot i que l\u2019empresa gestora ja n\u2019havia rebut avisos de les defici\u00e8ncies.","breadcrumb":{"@id":"https:\/\/www.sindicaturabarcelona.cat\/ca\/la-sindicatura-demana-que-el-servei-de-bicing-bloquegi-de-seguida-les-bicicletes-que-no-van-be-i-que-puguin-ser-un-risc\/#breadcrumb"},"inLanguage":"ca","potentialAction":[{"@type":"ReadAction","target":["https:\/\/www.sindicaturabarcelona.cat\/ca\/la-sindicatura-demana-que-el-servei-de-bicing-bloquegi-de-seguida-les-bicicletes-que-no-van-be-i-que-puguin-ser-un-risc\/"]}]},{"@type":"ImageObject","inLanguage":"ca","@id":"https:\/\/www.sindicaturabarcelona.cat\/ca\/la-sindicatura-demana-que-el-servei-de-bicing-bloquegi-de-seguida-les-bicicletes-que-no-van-be-i-que-puguin-ser-un-risc\/#primaryimage","url":"https:\/\/www.sindicaturabarcelona.cat\/wp-content\/uploads\/estacio-de-bicing-a-nou-barris.jpg","contentUrl":"https:\/\/www.sindicaturabarcelona.cat\/wp-content\/uploads\/estacio-de-bicing-a-nou-barris.jpg","width":2000,"height":1336},{"@type":"BreadcrumbList","@id":"https:\/\/www.sindicaturabarcelona.cat\/ca\/la-sindicatura-demana-que-el-servei-de-bicing-bloquegi-de-seguida-les-bicicletes-que-no-van-be-i-que-puguin-ser-un-risc\/#breadcrumb","itemListElement":[{"@type":"ListItem","position":1,"name":"Inici","item":"https:\/\/www.sindicaturabarcelona.cat\/ca\/"},{"@type":"ListItem","position":2,"name":"La Sindicatura demana que el servei de Bicing bloquegi de seguida les bicicletes que no van b\u00e9 i que puguin ser un risc"}]},{"@type":"WebSite","@id":"https:\/\/www.sindicaturabarcelona.cat\/ca\/#website","url":"https:\/\/www.sindicaturabarcelona.cat\/ca\/","name":"Sindicatura de Greuges de Barcelona","description":"La defensoria dels teus drets","publisher":{"@id":"https:\/\/www.sindicaturabarcelona.cat\/ca\/#organization"},"potentialAction":[{"@type":"SearchAction","target":{"@type":"EntryPoint","urlTemplate":"https:\/\/www.sindicaturabarcelona.cat\/ca\/?s={search_term_string}"},"query-input":{"@type":"PropertyValueSpecification","valueRequired":true,"valueName":"search_term_string"}}],"inLanguage":"ca"},{"@type":"Organization","@id":"https:\/\/www.sindicaturabarcelona.cat\/ca\/#organization","name":"Sindicatura de Greuges de Barcelona","url":"https:\/\/www.sindicaturabarcelona.cat\/ca\/","logo":{"@type":"ImageObject","inLanguage":"ca","@id":"https:\/\/www.sindicaturabarcelona.cat\/ca\/#\/schema\/logo\/image\/","url":"https:\/\/www.sindicaturabarcelona.cat\/wp-content\/uploads\/2023\/02\/logo_sindicatura.svg","contentUrl":"https:\/\/www.sindicaturabarcelona.cat\/wp-content\/uploads\/2023\/02\/logo_sindicatura.svg","caption":"Sindicatura de Greuges de Barcelona"},"image":{"@id":"https:\/\/www.sindicaturabarcelona.cat\/ca\/#\/schema\/logo\/image\/"},"sameAs":["https:\/\/x.com\/sindicbarcelona","https:\/\/www.instagram.com\/sindicbarcelona\/","https:\/\/www.tiktok.com\/@sindicaturabcn","https:\/\/t.me\/sindicaturabarcelona"]},{"@type":"Person","@id":"https:\/\/www.sindicaturabarcelona.cat\/ca\/#\/schema\/person\/0e5acffc350ffdbc97578159322c9452","name":"Pablo","image":{"@type":"ImageObject","inLanguage":"ca","@id":"https:\/\/secure.gravatar.com\/avatar\/c948169b402ef9492afde705c3dfd5e90e1a6a84ef6840a91124f805a25a480f?s=96&d=mm&r=g","url":"https:\/\/secure.gravatar.com\/avatar\/c948169b402ef9492afde705c3dfd5e90e1a6a84ef6840a91124f805a25a480f?s=96&d=mm&r=g","contentUrl":"https:\/\/secure.gravatar.com\/avatar\/c948169b402ef9492afde705c3dfd5e90e1a6a84ef6840a91124f805a25a480f?s=96&d=mm&r=g","caption":"Pablo"},"url":"https:\/\/www.sindicaturabarcelona.cat\/ca\/author\/pablo\/"}]}},"_links":{"self":[{"href":"https:\/\/www.sindicaturabarcelona.cat\/ca\/wp-json\/wp\/v2\/posts\/38577","targetHints":{"allow":["GET"]}}],"collection":[{"href":"https:\/\/www.sindicaturabarcelona.cat\/ca\/wp-json\/wp\/v2\/posts"}],"about":[{"href":"https:\/\/www.sindicaturabarcelona.cat\/ca\/wp-json\/wp\/v2\/types\/post"}],"author":[{"embeddable":true,"href":"https:\/\/www.sindicaturabarcelona.cat\/ca\/wp-json\/wp\/v2\/users\/2"}],"replies":[{"embeddable":true,"href":"https:\/\/www.sindicaturabarcelona.cat\/ca\/wp-json\/wp\/v2\/comments?post=38577"}],"version-history":[{"count":15,"href":"https:\/\/www.sindicaturabarcelona.cat\/ca\/wp-json\/wp\/v2\/posts\/38577\/revisions"}],"predecessor-version":[{"id":38875,"href":"https:\/\/www.sindicaturabarcelona.cat\/ca\/wp-json\/wp\/v2\/posts\/38577\/revisions\/38875"}],"wp:featuredmedia":[{"embeddable":true,"href":"https:\/\/www.sindicaturabarcelona.cat\/ca\/wp-json\/wp\/v2\/media\/38578"}],"wp:attachment":[{"href":"https:\/\/www.sindicaturabarcelona.cat\/ca\/wp-json\/wp\/v2\/media?parent=38577"}],"wp:term":[{"taxonomy":"post_tag","embeddable":true,"href":"https:\/\/www.sindicaturabarcelona.cat\/ca\/wp-json\/wp\/v2\/tags?post=38577"},{"taxonomy":"drets","embeddable":true,"href":"https:\/\/www.sindicaturabarcelona.cat\/ca\/wp-json\/wp\/v2\/drets?post=38577"}],"curies":[{"name":"wp","href":"https:\/\/api.w.org\/{rel}","templated":true}]}}