{"id":38418,"date":"2025-08-08T09:01:47","date_gmt":"2025-08-08T07:01:47","guid":{"rendered":"https:\/\/www.sindicaturabarcelona.cat\/?p=38418"},"modified":"2025-08-14T14:14:39","modified_gmt":"2025-08-14T12:14:39","slug":"el-sindic-intervindra-en-diversos-actes-a-colombia-sobre-drets-humans-de-proximitat","status":"publish","type":"post","link":"https:\/\/www.sindicaturabarcelona.cat\/ca\/el-sindic-intervindra-en-diversos-actes-a-colombia-sobre-drets-humans-de-proximitat\/","title":{"rendered":"El s\u00edndic intervindr\u00e0 en diversos actes a Col\u00f2mbia sobre drets humans de proximitat"},"content":{"rendered":"\n<p>Concretament, <strong>David Bondia<\/strong> dur\u00e0 a terme quatre intervencions al llarg de dues setmanes d&#8217;agost:<\/p>\n\n\n\n<ul class=\"wp-block-list\">\n<li><strong>Dimecres 13<\/strong>: <strong>Confer\u00e8ncia magistral \u201c<strong>La revoluci\u00f3n de los derechos humanos emergentes<\/strong>\u201d<\/strong>. Posteriorment, hi haur\u00e0 una sessi\u00f3 de preguntes oberta al p\u00fablic. L&#8217;acte s&#8217;inscriu dins de l&#8217;especialitzaci\u00f3 en drets humans i dret internacional humanitari de la Universitat Sergio Arboleda, on tindr\u00e0 lloc (a la seu de Barranquilla), a les 10.00 h (hora local).<\/li>\n<\/ul>\n\n\n\n<ul class=\"wp-block-list\">\n<li><strong>Dijous 14<\/strong>: Pon\u00e8ncia a la <strong>taula rodona \u201c<strong>Sembrar Justicia, Cultivar Territorios: Nuevas Rutas para la Reparaci\u00f3n Social<\/strong>\u201d<\/strong>, sobre el valor de la just\u00edcia local, propera i transformadora, i el vincle amb els desafiaments contemporanis dels territoris en mat\u00e8ria de just\u00edcia restaurativa, cohesi\u00f3 social i participaci\u00f3 ciutadana. A la Universitat Icesi (Cali), coorganitzat amb la <a href=\"https:\/\/www.jamundi.gov.co\/NuestraAlcaldia\/Paginas\/Personeria.aspx\" target=\"_blank\" rel=\"noreferrer noopener\">Personer\u00eda de Jamund\u00ed<\/a>, a les 8.00 h (hora local).<\/li>\n<\/ul>\n\n\n\n<ul class=\"wp-block-list\">\n<li><strong>Dimarts 19:<\/strong> Pon\u00e8ncia principal al \u201c<strong>Conversatorio sobre la funci\u00f3n de los acuerdos internacionales en el fortalecimiento de la cooperaci\u00f3n entre las defensor\u00edas locales en sus acciones en defensa de derechos humanos y proximidad y medioambientales<\/strong>\u201d,\u00a0organitzat per la Personer\u00eda de Derechos Humanos de Bogot\u00e1. A la seu de la Personer\u00eda, a les 9.00 h (hora local).<\/li>\n<\/ul>\n\n\n\n<ul class=\"wp-block-list\">\n<li><strong>Dimecres 20<\/strong>: <strong>Confer\u00e8ncia \u201c<strong>La importancia del derecho a la ciudad: apuntes sobre el caso de Barcelona<\/strong>\u201d<\/strong>, sobre les garanties dels drets ciutadans i experi\u00e8ncies de la sindicatura que es puguin replicar al context colombi\u00e0. A continuaci\u00f3, hi haur\u00e0 una taula rodona amb altres acad\u00e8mics. A l&#8217;auditori de la seu nacional de la <a href=\"https:\/\/www.defensoria.gov.co\/\" target=\"_blank\" rel=\"noreferrer noopener\">Defensor\u00eda del Pueblo de Colombia<\/a>, a Bogot\u00e0, a les 9.00 h (hora local).<\/li>\n<\/ul>\n\n\n\n<p>Durant l&#8217;estada, tamb\u00e9 mantindr\u00e0 <strong>reunions amb <em>personeros<\/em><\/strong> (figura assimilable al s\u00edndic de greuges), com els de Barranquilla, Jamund\u00ed i Bogot\u00e0, i amb el <strong>Defensor del Pueblo de Colombia<\/strong>.<\/p>\n\n\n\n<p>Des del mar\u00e7 d&#8217;enguany, <a href=\"https:\/\/www.sindicaturabarcelona.cat\/ca\/el-sindic-de-greuges-de-barcelona-nou-president-de-lalianza-global-del-ombudsperson-local-agol\/\" target=\"_blank\" rel=\"noreferrer noopener\">Bondia \u00e9s tamb\u00e9 president<\/a> de l\u2019Alianza Global del \u00d3mbudsperson Local (<a href=\"https:\/\/agol.es\/\" target=\"_blank\" rel=\"noreferrer noopener\">AGOL<\/a>), que reuneix&nbsp;<strong>m\u00e9s de 100&nbsp;\u00f2mbudspersons<\/strong>, mitjancers i mitjanceres i presidents i presidentes de comissions de Drets Humans&nbsp;<strong>de m\u00e9s de 10 pa\u00efsos d\u2019arreu del m\u00f3n<\/strong>. Del comit\u00e8 directiu d&#8217;aquesta alian\u00e7a en formen part tamb\u00e9 dues persones defensores colombianes,&nbsp;<strong>Miguel \u00c1ngel Alzate<\/strong>,&nbsp;<a href=\"https:\/\/personeriadebarranquilla.gov.co\/\" target=\"_blank\" rel=\"noreferrer noopener\"><em>Personero<\/em>&nbsp;del Districte de Barranquilla<\/a> (que participar\u00e0 a l&#8217;acte del dia 13), i&nbsp;<strong>Martha Isabel Guti\u00e9rrez<\/strong>,&nbsp;<em>Personera<\/em>&nbsp;Municipal de Jamund\u00ed (que organitza l\u2019acte del dia 14).<\/p>\n\n\n\n<h2 class=\"wp-block-heading\"> La Sindicatura, un referent internacional<\/h2>\n\n\n\n<p>Aquesta <strong>\u00e9s la segona vegada que la Sindicatura de Greuges de Barcelona duu a terme confer\u00e8ncies a Col\u00f2mbia<\/strong>. L&#8217;estiu de 2023, va realitzar la intervenci\u00f3 inaugural del <a href=\"https:\/\/www.sindicaturabarcelona.cat\/ca\/el-sindic-participa-en-el-congres-internacional-de-la-personeria-de-bogota-sobre-drets-humans-emergents\/\" target=\"_blank\" rel=\"noreferrer noopener\">I Congr\u00e9s Internacional sobre Drets Humans Emergents<\/a>, a Bogot\u00e0.<\/p>\n\n\n\n<p>Durant el mandat actual, la defensoria de la ciutat ha visitat tamb\u00e9 l\u2019<a href=\"https:\/\/www.sindicaturabarcelona.cat\/ca\/el-sindic-de-greuges-de-barcelona-david-bondia-ha-viatjat-a-luruguai-per-exposar-el-model-de-la-sindicatura-de-greuges-de-barcelona\/\" target=\"_blank\" rel=\"noreferrer noopener\">Uruguai<\/a>,&nbsp;M\u00e8xic, El Salvador, l\u2019Argentina, B\u00e8lgica i&nbsp;<a href=\"https:\/\/www.sindicaturabarcelona.cat\/ca\/la-sindicatura-de-greuges-de-barcelona-participa-en-linternational-conference-of-ombudsman\/\" target=\"_blank\" rel=\"noreferrer noopener\">It\u00e0lia<\/a>, on <strong>el projecte de la Sindicatura ha generat molt d\u2019inter\u00e8s<\/strong>. A m\u00e9s d\u2019AGOL, la Sindicatura tamb\u00e9 participa en una altra instituci\u00f3 global, l\u2019<a href=\"https:\/\/www.theioi.org\/es\/noticias\/noticias-de-actualidad\" target=\"_blank\" rel=\"noreferrer noopener\">International Ombudsman Institute<\/a>.<\/p>\n\n\n\n<p><\/p>\n","protected":false},"excerpt":{"rendered":"<p>Concretament, David Bondia dur\u00e0 a terme quatre intervencions al llarg de dues setmanes d&#8217;agost: Durant l&#8217;estada, tamb\u00e9 mantindr\u00e0 reunions amb personeros (figura assimilable al s\u00edndic de greuges), com els de [&hellip;]<\/p>\n","protected":false},"author":2,"featured_media":38424,"comment_status":"closed","ping_status":"closed","sticky":false,"template":"","format":"standard","meta":{"_acf_changed":false,"footnotes":""},"tags":[],"drets":[1428,1463,1430,1431,1432,1433,1434,1435,1436,1437,1442,1462,1461,1460,1459,1458,1457,1503,1440,1455,1456,1454,1453,1452,1451,1647,1652,1667,1438,1450,1449,1448,1447,1446,1445,1444,1502],"class_list":["post-38418","post","type-post","status-publish","format-standard","has-post-thumbnail","hentry","drets-ciutat-equitativa","drets-dret-serveis-proteccio-social","drets-dret-a-educacio-i-lleure","drets-dret-a-la-salut","drets-drets-culturals","drets-dret-a-lesport","drets-dret-al-treball","drets-dret-a-lhabitatge","drets-drets-dacolldia","drets-dret-a-una-vida-lliure-de-violencies","drets-ciutat-diversa","drets-drets-de-la-infancia-i-ladolescencia","drets-drets-de-la-joventut","drets-drets-de-la-gent-gran","drets-drets-de-participacio","drets-dret-a-la-igualtat-i-a-la-diversitat","drets-drets-linguistics","drets-dret-a-les-cures","drets-ciutat-garantista","drets-drets-digitals","drets-dret-a-una-bona-administracio","drets-drets-de-les-persones-consumidores","drets-drets-funeraris","drets-dret-a-la-seguretat-ciutadana","drets-dret-a-lempadronament","drets-dret-a-la-informacio","drets-dret-a-la-memoria-democratica","drets-dret-a-la-integritat","drets-ciutat-habitable-i-sostenible","drets-dret-a-un-urbanisme-harmonios","drets-dret-a-una-convivencia-pacifica","drets-dret-al-medi-ambient","drets-dret-a-la-mobilitat","drets-dret-a-lespai-public","drets-dret-a-laccessibilitat-i-la-inclusivitat","drets-dret-al-descans","drets-dret-al-benestar-animal"],"acf":[],"yoast_head":"<!-- This site is optimized with the Yoast SEO plugin v27.5 - https:\/\/yoast.com\/product\/yoast-seo-wordpress\/ -->\n<title>El s\u00edndic intervindr\u00e0 en diversos actes a Col\u00f2mbia sobre drets humans de proximitat - Sindicatura de Greuges de Barcelona<\/title>\n<meta name=\"description\" content=\"David Bondia dur\u00e0 a terme quatre intrvencions al llarg de dues setmanes d&#039;agost a Barranquilla, Cali i Bogot\u00e0.\" \/>\n<meta name=\"robots\" content=\"index, follow, max-snippet:-1, max-image-preview:large, max-video-preview:-1\" \/>\n<link rel=\"canonical\" href=\"https:\/\/www.sindicaturabarcelona.cat\/ca\/el-sindic-intervindra-en-diversos-actes-a-colombia-sobre-drets-humans-de-proximitat\/\" \/>\n<meta property=\"og:locale\" content=\"ca_ES\" \/>\n<meta property=\"og:type\" content=\"article\" \/>\n<meta property=\"og:title\" content=\"El s\u00edndic intervindr\u00e0 en diversos actes a Col\u00f2mbia sobre drets humans de proximitat - Sindicatura de Greuges de Barcelona\" \/>\n<meta property=\"og:description\" content=\"David Bondia dur\u00e0 a terme quatre intrvencions al llarg de dues setmanes d&#039;agost a Barranquilla, Cali i Bogot\u00e0.\" \/>\n<meta property=\"og:url\" content=\"https:\/\/www.sindicaturabarcelona.cat\/ca\/el-sindic-intervindra-en-diversos-actes-a-colombia-sobre-drets-humans-de-proximitat\/\" \/>\n<meta property=\"og:site_name\" content=\"Sindicatura de Greuges de Barcelona\" \/>\n<meta property=\"article:published_time\" content=\"2025-08-08T07:01:47+00:00\" \/>\n<meta property=\"article:modified_time\" content=\"2025-08-14T12:14:39+00:00\" \/>\n<meta property=\"og:image\" content=\"https:\/\/www.sindicaturabarcelona.cat\/wp-content\/uploads\/6-1-scaled.jpg\" \/>\n\t<meta property=\"og:image:width\" content=\"2560\" \/>\n\t<meta property=\"og:image:height\" content=\"1707\" \/>\n\t<meta property=\"og:image:type\" content=\"image\/jpeg\" \/>\n<meta name=\"author\" content=\"Pablo\" \/>\n<meta name=\"twitter:card\" content=\"summary_large_image\" \/>\n<meta name=\"twitter:creator\" content=\"@sindicbarcelona\" \/>\n<meta name=\"twitter:site\" content=\"@sindicbarcelona\" \/>\n<meta name=\"twitter:label1\" content=\"Escrit per\" \/>\n\t<meta name=\"twitter:data1\" content=\"Pablo\" \/>\n\t<meta name=\"twitter:label2\" content=\"Temps estimat de lectura\" \/>\n\t<meta name=\"twitter:data2\" content=\"3 minuts\" \/>\n<script type=\"application\/ld+json\" class=\"yoast-schema-graph\">{\"@context\":\"https:\\\/\\\/schema.org\",\"@graph\":[{\"@type\":\"Article\",\"@id\":\"https:\\\/\\\/www.sindicaturabarcelona.cat\\\/ca\\\/el-sindic-intervindra-en-diversos-actes-a-colombia-sobre-drets-humans-de-proximitat\\\/#article\",\"isPartOf\":{\"@id\":\"https:\\\/\\\/www.sindicaturabarcelona.cat\\\/ca\\\/el-sindic-intervindra-en-diversos-actes-a-colombia-sobre-drets-humans-de-proximitat\\\/\"},\"author\":{\"name\":\"Pablo\",\"@id\":\"https:\\\/\\\/www.sindicaturabarcelona.cat\\\/ca\\\/#\\\/schema\\\/person\\\/0e5acffc350ffdbc97578159322c9452\"},\"headline\":\"El s\u00edndic intervindr\u00e0 en diversos actes a Col\u00f2mbia sobre drets humans de proximitat\",\"datePublished\":\"2025-08-08T07:01:47+00:00\",\"dateModified\":\"2025-08-14T12:14:39+00:00\",\"mainEntityOfPage\":{\"@id\":\"https:\\\/\\\/www.sindicaturabarcelona.cat\\\/ca\\\/el-sindic-intervindra-en-diversos-actes-a-colombia-sobre-drets-humans-de-proximitat\\\/\"},\"wordCount\":512,\"publisher\":{\"@id\":\"https:\\\/\\\/www.sindicaturabarcelona.cat\\\/ca\\\/#organization\"},\"image\":{\"@id\":\"https:\\\/\\\/www.sindicaturabarcelona.cat\\\/ca\\\/el-sindic-intervindra-en-diversos-actes-a-colombia-sobre-drets-humans-de-proximitat\\\/#primaryimage\"},\"thumbnailUrl\":\"https:\\\/\\\/www.sindicaturabarcelona.cat\\\/wp-content\\\/uploads\\\/6-1-scaled.jpg\",\"inLanguage\":\"ca\"},{\"@type\":\"WebPage\",\"@id\":\"https:\\\/\\\/www.sindicaturabarcelona.cat\\\/ca\\\/el-sindic-intervindra-en-diversos-actes-a-colombia-sobre-drets-humans-de-proximitat\\\/\",\"url\":\"https:\\\/\\\/www.sindicaturabarcelona.cat\\\/ca\\\/el-sindic-intervindra-en-diversos-actes-a-colombia-sobre-drets-humans-de-proximitat\\\/\",\"name\":\"El s\u00edndic intervindr\u00e0 en diversos actes a Col\u00f2mbia sobre drets humans de proximitat - Sindicatura de Greuges de Barcelona\",\"isPartOf\":{\"@id\":\"https:\\\/\\\/www.sindicaturabarcelona.cat\\\/ca\\\/#website\"},\"primaryImageOfPage\":{\"@id\":\"https:\\\/\\\/www.sindicaturabarcelona.cat\\\/ca\\\/el-sindic-intervindra-en-diversos-actes-a-colombia-sobre-drets-humans-de-proximitat\\\/#primaryimage\"},\"image\":{\"@id\":\"https:\\\/\\\/www.sindicaturabarcelona.cat\\\/ca\\\/el-sindic-intervindra-en-diversos-actes-a-colombia-sobre-drets-humans-de-proximitat\\\/#primaryimage\"},\"thumbnailUrl\":\"https:\\\/\\\/www.sindicaturabarcelona.cat\\\/wp-content\\\/uploads\\\/6-1-scaled.jpg\",\"datePublished\":\"2025-08-08T07:01:47+00:00\",\"dateModified\":\"2025-08-14T12:14:39+00:00\",\"description\":\"David Bondia dur\u00e0 a terme quatre intrvencions al llarg de dues setmanes d'agost a Barranquilla, Cali i Bogot\u00e0.\",\"breadcrumb\":{\"@id\":\"https:\\\/\\\/www.sindicaturabarcelona.cat\\\/ca\\\/el-sindic-intervindra-en-diversos-actes-a-colombia-sobre-drets-humans-de-proximitat\\\/#breadcrumb\"},\"inLanguage\":\"ca\",\"potentialAction\":[{\"@type\":\"ReadAction\",\"target\":[\"https:\\\/\\\/www.sindicaturabarcelona.cat\\\/ca\\\/el-sindic-intervindra-en-diversos-actes-a-colombia-sobre-drets-humans-de-proximitat\\\/\"]}]},{\"@type\":\"ImageObject\",\"inLanguage\":\"ca\",\"@id\":\"https:\\\/\\\/www.sindicaturabarcelona.cat\\\/ca\\\/el-sindic-intervindra-en-diversos-actes-a-colombia-sobre-drets-humans-de-proximitat\\\/#primaryimage\",\"url\":\"https:\\\/\\\/www.sindicaturabarcelona.cat\\\/wp-content\\\/uploads\\\/6-1-scaled.jpg\",\"contentUrl\":\"https:\\\/\\\/www.sindicaturabarcelona.cat\\\/wp-content\\\/uploads\\\/6-1-scaled.jpg\",\"width\":2560,\"height\":1707,\"caption\":\"David Bondia\"},{\"@type\":\"BreadcrumbList\",\"@id\":\"https:\\\/\\\/www.sindicaturabarcelona.cat\\\/ca\\\/el-sindic-intervindra-en-diversos-actes-a-colombia-sobre-drets-humans-de-proximitat\\\/#breadcrumb\",\"itemListElement\":[{\"@type\":\"ListItem\",\"position\":1,\"name\":\"Inici\",\"item\":\"https:\\\/\\\/www.sindicaturabarcelona.cat\\\/ca\\\/\"},{\"@type\":\"ListItem\",\"position\":2,\"name\":\"El s\u00edndic intervindr\u00e0 en diversos actes a Col\u00f2mbia sobre drets humans de proximitat\"}]},{\"@type\":\"WebSite\",\"@id\":\"https:\\\/\\\/www.sindicaturabarcelona.cat\\\/ca\\\/#website\",\"url\":\"https:\\\/\\\/www.sindicaturabarcelona.cat\\\/ca\\\/\",\"name\":\"Sindicatura de Greuges de Barcelona\",\"description\":\"La defensoria dels teus drets\",\"publisher\":{\"@id\":\"https:\\\/\\\/www.sindicaturabarcelona.cat\\\/ca\\\/#organization\"},\"potentialAction\":[{\"@type\":\"SearchAction\",\"target\":{\"@type\":\"EntryPoint\",\"urlTemplate\":\"https:\\\/\\\/www.sindicaturabarcelona.cat\\\/ca\\\/?s={search_term_string}\"},\"query-input\":{\"@type\":\"PropertyValueSpecification\",\"valueRequired\":true,\"valueName\":\"search_term_string\"}}],\"inLanguage\":\"ca\"},{\"@type\":\"Organization\",\"@id\":\"https:\\\/\\\/www.sindicaturabarcelona.cat\\\/ca\\\/#organization\",\"name\":\"Sindicatura de Greuges de Barcelona\",\"url\":\"https:\\\/\\\/www.sindicaturabarcelona.cat\\\/ca\\\/\",\"logo\":{\"@type\":\"ImageObject\",\"inLanguage\":\"ca\",\"@id\":\"https:\\\/\\\/www.sindicaturabarcelona.cat\\\/ca\\\/#\\\/schema\\\/logo\\\/image\\\/\",\"url\":\"https:\\\/\\\/www.sindicaturabarcelona.cat\\\/wp-content\\\/uploads\\\/2023\\\/02\\\/logo_sindicatura.svg\",\"contentUrl\":\"https:\\\/\\\/www.sindicaturabarcelona.cat\\\/wp-content\\\/uploads\\\/2023\\\/02\\\/logo_sindicatura.svg\",\"caption\":\"Sindicatura de Greuges de Barcelona\"},\"image\":{\"@id\":\"https:\\\/\\\/www.sindicaturabarcelona.cat\\\/ca\\\/#\\\/schema\\\/logo\\\/image\\\/\"},\"sameAs\":[\"https:\\\/\\\/x.com\\\/sindicbarcelona\",\"https:\\\/\\\/www.instagram.com\\\/sindicbarcelona\\\/\",\"https:\\\/\\\/www.tiktok.com\\\/@sindicaturabcn\",\"https:\\\/\\\/t.me\\\/sindicaturabarcelona\"]},{\"@type\":\"Person\",\"@id\":\"https:\\\/\\\/www.sindicaturabarcelona.cat\\\/ca\\\/#\\\/schema\\\/person\\\/0e5acffc350ffdbc97578159322c9452\",\"name\":\"Pablo\",\"image\":{\"@type\":\"ImageObject\",\"inLanguage\":\"ca\",\"@id\":\"https:\\\/\\\/secure.gravatar.com\\\/avatar\\\/c948169b402ef9492afde705c3dfd5e90e1a6a84ef6840a91124f805a25a480f?s=96&d=mm&r=g\",\"url\":\"https:\\\/\\\/secure.gravatar.com\\\/avatar\\\/c948169b402ef9492afde705c3dfd5e90e1a6a84ef6840a91124f805a25a480f?s=96&d=mm&r=g\",\"contentUrl\":\"https:\\\/\\\/secure.gravatar.com\\\/avatar\\\/c948169b402ef9492afde705c3dfd5e90e1a6a84ef6840a91124f805a25a480f?s=96&d=mm&r=g\",\"caption\":\"Pablo\"},\"url\":\"https:\\\/\\\/www.sindicaturabarcelona.cat\\\/ca\\\/author\\\/pablo\\\/\"}]}<\/script>\n<!-- \/ Yoast SEO plugin. -->","yoast_head_json":{"title":"El s\u00edndic intervindr\u00e0 en diversos actes a Col\u00f2mbia sobre drets humans de proximitat - Sindicatura de Greuges de Barcelona","description":"David Bondia dur\u00e0 a terme quatre intrvencions al llarg de dues setmanes d'agost a Barranquilla, Cali i Bogot\u00e0.","robots":{"index":"index","follow":"follow","max-snippet":"max-snippet:-1","max-image-preview":"max-image-preview:large","max-video-preview":"max-video-preview:-1"},"canonical":"https:\/\/www.sindicaturabarcelona.cat\/ca\/el-sindic-intervindra-en-diversos-actes-a-colombia-sobre-drets-humans-de-proximitat\/","og_locale":"ca_ES","og_type":"article","og_title":"El s\u00edndic intervindr\u00e0 en diversos actes a Col\u00f2mbia sobre drets humans de proximitat - Sindicatura de Greuges de Barcelona","og_description":"David Bondia dur\u00e0 a terme quatre intrvencions al llarg de dues setmanes d'agost a Barranquilla, Cali i Bogot\u00e0.","og_url":"https:\/\/www.sindicaturabarcelona.cat\/ca\/el-sindic-intervindra-en-diversos-actes-a-colombia-sobre-drets-humans-de-proximitat\/","og_site_name":"Sindicatura de Greuges de Barcelona","article_published_time":"2025-08-08T07:01:47+00:00","article_modified_time":"2025-08-14T12:14:39+00:00","og_image":[{"width":2560,"height":1707,"url":"https:\/\/www.sindicaturabarcelona.cat\/wp-content\/uploads\/6-1-scaled.jpg","type":"image\/jpeg"}],"author":"Pablo","twitter_card":"summary_large_image","twitter_creator":"@sindicbarcelona","twitter_site":"@sindicbarcelona","twitter_misc":{"Escrit per":"Pablo","Temps estimat de lectura":"3 minuts"},"schema":{"@context":"https:\/\/schema.org","@graph":[{"@type":"Article","@id":"https:\/\/www.sindicaturabarcelona.cat\/ca\/el-sindic-intervindra-en-diversos-actes-a-colombia-sobre-drets-humans-de-proximitat\/#article","isPartOf":{"@id":"https:\/\/www.sindicaturabarcelona.cat\/ca\/el-sindic-intervindra-en-diversos-actes-a-colombia-sobre-drets-humans-de-proximitat\/"},"author":{"name":"Pablo","@id":"https:\/\/www.sindicaturabarcelona.cat\/ca\/#\/schema\/person\/0e5acffc350ffdbc97578159322c9452"},"headline":"El s\u00edndic intervindr\u00e0 en diversos actes a Col\u00f2mbia sobre drets humans de proximitat","datePublished":"2025-08-08T07:01:47+00:00","dateModified":"2025-08-14T12:14:39+00:00","mainEntityOfPage":{"@id":"https:\/\/www.sindicaturabarcelona.cat\/ca\/el-sindic-intervindra-en-diversos-actes-a-colombia-sobre-drets-humans-de-proximitat\/"},"wordCount":512,"publisher":{"@id":"https:\/\/www.sindicaturabarcelona.cat\/ca\/#organization"},"image":{"@id":"https:\/\/www.sindicaturabarcelona.cat\/ca\/el-sindic-intervindra-en-diversos-actes-a-colombia-sobre-drets-humans-de-proximitat\/#primaryimage"},"thumbnailUrl":"https:\/\/www.sindicaturabarcelona.cat\/wp-content\/uploads\/6-1-scaled.jpg","inLanguage":"ca"},{"@type":"WebPage","@id":"https:\/\/www.sindicaturabarcelona.cat\/ca\/el-sindic-intervindra-en-diversos-actes-a-colombia-sobre-drets-humans-de-proximitat\/","url":"https:\/\/www.sindicaturabarcelona.cat\/ca\/el-sindic-intervindra-en-diversos-actes-a-colombia-sobre-drets-humans-de-proximitat\/","name":"El s\u00edndic intervindr\u00e0 en diversos actes a Col\u00f2mbia sobre drets humans de proximitat - Sindicatura de Greuges de Barcelona","isPartOf":{"@id":"https:\/\/www.sindicaturabarcelona.cat\/ca\/#website"},"primaryImageOfPage":{"@id":"https:\/\/www.sindicaturabarcelona.cat\/ca\/el-sindic-intervindra-en-diversos-actes-a-colombia-sobre-drets-humans-de-proximitat\/#primaryimage"},"image":{"@id":"https:\/\/www.sindicaturabarcelona.cat\/ca\/el-sindic-intervindra-en-diversos-actes-a-colombia-sobre-drets-humans-de-proximitat\/#primaryimage"},"thumbnailUrl":"https:\/\/www.sindicaturabarcelona.cat\/wp-content\/uploads\/6-1-scaled.jpg","datePublished":"2025-08-08T07:01:47+00:00","dateModified":"2025-08-14T12:14:39+00:00","description":"David Bondia dur\u00e0 a terme quatre intrvencions al llarg de dues setmanes d'agost a Barranquilla, Cali i Bogot\u00e0.","breadcrumb":{"@id":"https:\/\/www.sindicaturabarcelona.cat\/ca\/el-sindic-intervindra-en-diversos-actes-a-colombia-sobre-drets-humans-de-proximitat\/#breadcrumb"},"inLanguage":"ca","potentialAction":[{"@type":"ReadAction","target":["https:\/\/www.sindicaturabarcelona.cat\/ca\/el-sindic-intervindra-en-diversos-actes-a-colombia-sobre-drets-humans-de-proximitat\/"]}]},{"@type":"ImageObject","inLanguage":"ca","@id":"https:\/\/www.sindicaturabarcelona.cat\/ca\/el-sindic-intervindra-en-diversos-actes-a-colombia-sobre-drets-humans-de-proximitat\/#primaryimage","url":"https:\/\/www.sindicaturabarcelona.cat\/wp-content\/uploads\/6-1-scaled.jpg","contentUrl":"https:\/\/www.sindicaturabarcelona.cat\/wp-content\/uploads\/6-1-scaled.jpg","width":2560,"height":1707,"caption":"David Bondia"},{"@type":"BreadcrumbList","@id":"https:\/\/www.sindicaturabarcelona.cat\/ca\/el-sindic-intervindra-en-diversos-actes-a-colombia-sobre-drets-humans-de-proximitat\/#breadcrumb","itemListElement":[{"@type":"ListItem","position":1,"name":"Inici","item":"https:\/\/www.sindicaturabarcelona.cat\/ca\/"},{"@type":"ListItem","position":2,"name":"El s\u00edndic intervindr\u00e0 en diversos actes a Col\u00f2mbia sobre drets humans de proximitat"}]},{"@type":"WebSite","@id":"https:\/\/www.sindicaturabarcelona.cat\/ca\/#website","url":"https:\/\/www.sindicaturabarcelona.cat\/ca\/","name":"Sindicatura de Greuges de Barcelona","description":"La defensoria dels teus drets","publisher":{"@id":"https:\/\/www.sindicaturabarcelona.cat\/ca\/#organization"},"potentialAction":[{"@type":"SearchAction","target":{"@type":"EntryPoint","urlTemplate":"https:\/\/www.sindicaturabarcelona.cat\/ca\/?s={search_term_string}"},"query-input":{"@type":"PropertyValueSpecification","valueRequired":true,"valueName":"search_term_string"}}],"inLanguage":"ca"},{"@type":"Organization","@id":"https:\/\/www.sindicaturabarcelona.cat\/ca\/#organization","name":"Sindicatura de Greuges de Barcelona","url":"https:\/\/www.sindicaturabarcelona.cat\/ca\/","logo":{"@type":"ImageObject","inLanguage":"ca","@id":"https:\/\/www.sindicaturabarcelona.cat\/ca\/#\/schema\/logo\/image\/","url":"https:\/\/www.sindicaturabarcelona.cat\/wp-content\/uploads\/2023\/02\/logo_sindicatura.svg","contentUrl":"https:\/\/www.sindicaturabarcelona.cat\/wp-content\/uploads\/2023\/02\/logo_sindicatura.svg","caption":"Sindicatura de Greuges de Barcelona"},"image":{"@id":"https:\/\/www.sindicaturabarcelona.cat\/ca\/#\/schema\/logo\/image\/"},"sameAs":["https:\/\/x.com\/sindicbarcelona","https:\/\/www.instagram.com\/sindicbarcelona\/","https:\/\/www.tiktok.com\/@sindicaturabcn","https:\/\/t.me\/sindicaturabarcelona"]},{"@type":"Person","@id":"https:\/\/www.sindicaturabarcelona.cat\/ca\/#\/schema\/person\/0e5acffc350ffdbc97578159322c9452","name":"Pablo","image":{"@type":"ImageObject","inLanguage":"ca","@id":"https:\/\/secure.gravatar.com\/avatar\/c948169b402ef9492afde705c3dfd5e90e1a6a84ef6840a91124f805a25a480f?s=96&d=mm&r=g","url":"https:\/\/secure.gravatar.com\/avatar\/c948169b402ef9492afde705c3dfd5e90e1a6a84ef6840a91124f805a25a480f?s=96&d=mm&r=g","contentUrl":"https:\/\/secure.gravatar.com\/avatar\/c948169b402ef9492afde705c3dfd5e90e1a6a84ef6840a91124f805a25a480f?s=96&d=mm&r=g","caption":"Pablo"},"url":"https:\/\/www.sindicaturabarcelona.cat\/ca\/author\/pablo\/"}]}},"_links":{"self":[{"href":"https:\/\/www.sindicaturabarcelona.cat\/ca\/wp-json\/wp\/v2\/posts\/38418","targetHints":{"allow":["GET"]}}],"collection":[{"href":"https:\/\/www.sindicaturabarcelona.cat\/ca\/wp-json\/wp\/v2\/posts"}],"about":[{"href":"https:\/\/www.sindicaturabarcelona.cat\/ca\/wp-json\/wp\/v2\/types\/post"}],"author":[{"embeddable":true,"href":"https:\/\/www.sindicaturabarcelona.cat\/ca\/wp-json\/wp\/v2\/users\/2"}],"replies":[{"embeddable":true,"href":"https:\/\/www.sindicaturabarcelona.cat\/ca\/wp-json\/wp\/v2\/comments?post=38418"}],"version-history":[{"count":33,"href":"https:\/\/www.sindicaturabarcelona.cat\/ca\/wp-json\/wp\/v2\/posts\/38418\/revisions"}],"predecessor-version":[{"id":38744,"href":"https:\/\/www.sindicaturabarcelona.cat\/ca\/wp-json\/wp\/v2\/posts\/38418\/revisions\/38744"}],"wp:featuredmedia":[{"embeddable":true,"href":"https:\/\/www.sindicaturabarcelona.cat\/ca\/wp-json\/wp\/v2\/media\/38424"}],"wp:attachment":[{"href":"https:\/\/www.sindicaturabarcelona.cat\/ca\/wp-json\/wp\/v2\/media?parent=38418"}],"wp:term":[{"taxonomy":"post_tag","embeddable":true,"href":"https:\/\/www.sindicaturabarcelona.cat\/ca\/wp-json\/wp\/v2\/tags?post=38418"},{"taxonomy":"drets","embeddable":true,"href":"https:\/\/www.sindicaturabarcelona.cat\/ca\/wp-json\/wp\/v2\/drets?post=38418"}],"curies":[{"name":"wp","href":"https:\/\/api.w.org\/{rel}","templated":true}]}}