{"id":38342,"date":"2025-07-31T08:00:00","date_gmt":"2025-07-31T06:00:00","guid":{"rendered":"https:\/\/www.sindicaturabarcelona.cat\/?p=38342"},"modified":"2025-07-31T09:03:03","modified_gmt":"2025-07-31T07:03:03","slug":"la-sindicatura-recorda-al-consorci-deducacio-que-sha-dassegurar-que-totes-les-escoles-tinguin-un-projecte-de-convivencia","status":"publish","type":"post","link":"https:\/\/www.sindicaturabarcelona.cat\/ca\/la-sindicatura-recorda-al-consorci-deducacio-que-sha-dassegurar-que-totes-les-escoles-tinguin-un-projecte-de-convivencia\/","title":{"rendered":"La Sindicatura recorda al Consorci d\u2019Educaci\u00f3 que s\u2019ha d\u2019assegurar que totes les escoles tinguin un projecte de conviv\u00e8ncia"},"content":{"rendered":"\n<h2 class=\"wp-block-heading\"><strong>El Consorci no t\u00e9 informaci\u00f3 sistematitzada del percentatge de centres que han aprovat els plans, si aquests compleixen el contingut m\u00ednim establert, el seguiment i avaluaci\u00f3 que se n\u2019est\u00e0 fent o les mesures previstes en cas d\u2019incompliment.<\/strong><\/h2>\n\n\n\n<p>Les escoles han de ser espais segurs, ja que el dret a <a href=\"https:\/\/educacio.gencat.cat\/ca\/arees-actuacio\/centres-serveis-educatius\/projectes-centre\/projecte-convivencia\/index.html\" target=\"_blank\" rel=\"noreferrer noopener\"><strong>una educaci\u00f3 integral inclou la protecci\u00f3 contra tota agressi\u00f3 f\u00edsica<\/strong><\/a>, emocional o moral de l\u2019alumnat, i el respecte a la seva intimitat i dignitat personal. Les <a href=\"https:\/\/portaljuridic.gencat.cat\/ca\/document-del-pjur\/?documentId=545262\" target=\"_blank\" rel=\"noreferrer noopener\">normes d\u2019organitzaci\u00f3 i funcionament de cada centre<\/a> han d\u2019incorporar mesures per promoure la conviv\u00e8ncia i els mecanismes i per prevenir i resoldre conflictes, sobretot el de la mediaci\u00f3. Per aix\u00f2, <strong>des del juny de 2021 cada centre ha de tenir un projecte de conviv\u00e8ncia<\/strong>.&nbsp;<\/p>\n\n\n\n<p>Per tal de con\u00e8ixer-ne l\u2019estat d\u2019implantaci\u00f3, aquesta Sindicatura va decidir <a href=\"https:\/\/www.sindicaturabarcelona.cat\/wp-content\/uploads\/202507_Actuacio-Ofici-Consorci-Educacio-Plans-Conivencia_24OF00008.pdf\">ini<\/a><a href=\"https:\/\/www.sindicaturabarcelona.cat\/wp-content\/uploads\/202507_Actuacio-Ofici-Consorci-Educacio-Plans-Conivencia_24OF00008.pdf\" target=\"_blank\" rel=\"noreferrer noopener\">ciar una actuaci\u00f3 d\u2019ofici<\/a>, i va sol\u00b7licitar-ne informaci\u00f3 al Consorci d\u2019Educaci\u00f3 de Barcelona (CEB).<\/p>\n\n\n\n<h2 class=\"wp-block-heading\"><strong>Qu\u00e8 s\u00f3n els projectes de conviv\u00e8ncia, i per qu\u00e8 s\u00f3n cabdals?&nbsp;<\/strong><\/h2>\n\n\n\n<p><a href=\"https:\/\/educacio.gencat.cat\/ca\/arees-actuacio\/centres-serveis-educatius\/projectes-centre\/projecte-convivencia\/index.html\" target=\"_blank\" rel=\"noreferrer noopener\">Aquests plans<\/a> formen part dels projectes educatius de centre i han de <strong>reflectir les accions que l\u2019escola desenvolupa<\/strong> per capacitar els alumnes i la resta de la comunitat educativa <strong>per a la gesti\u00f3 positiva dels conflictes<\/strong>. Tamb\u00e9 s\u2019hi inclouen les mesures i actuacions d\u2019intervenci\u00f3 educativa en casos de conductes que perjudiquin greument la conviv\u00e8ncia. S\u2019hi ha de recollir un contingut m\u00ednim:<\/p>\n\n\n\n<ul class=\"wp-block-list\">\n<li>El <strong>context del centre d\u2019acollida en el projecte educatiu<\/strong>, amb els trets de l\u2019escola i del seu entorn en relaci\u00f3 amb els factors que poden incidir en la conviv\u00e8ncia. &nbsp;<\/li>\n<\/ul>\n\n\n\n<ul class=\"wp-block-list\">\n<li>Una <strong>diagnosi de la situaci\u00f3<\/strong> de la conviv\u00e8ncia en el centre educatiu.<\/li>\n<\/ul>\n\n\n\n<ul class=\"wp-block-list\">\n<li>La formulaci\u00f3 dels <strong>objectius espec\u00edfics<\/strong> i dels indicadors d\u2019avaluaci\u00f3 d\u2019aquests.&nbsp;&nbsp;<\/li>\n<\/ul>\n\n\n\n<ul class=\"wp-block-list\">\n<li>Les <strong>mesures (temporitzades) i els protocols<\/strong> de prevenci\u00f3, detecci\u00f3 i intervenci\u00f3. Els centres poden adaptar els protocols segons la seva realitat.<\/li>\n<\/ul>\n\n\n\n<p>Disposar d\u2019un projecte de conviv\u00e8ncia \u00e9s <strong>essencial per millorar el clima escolar<\/strong>, i en conseq\u00fc\u00e8ncia, s\u2019afavoreix l\u2019aprenentatge, es creen unes relacions interpersonals sanes, es generen entorns m\u00e9s segurs i s\u2019ajuda a prevenir les viol\u00e8ncies.&nbsp;<\/p>\n\n\n\n<h2 class=\"wp-block-heading\"><strong>Obtenir la informaci\u00f3 sol\u00b7licitada \u00e9s inassolible, segons el CEB<\/strong><\/h2>\n\n\n\n<p>La Sindicatura, dins de la seva missi\u00f3 de defensar els drets fonamentals i les llibertats p\u00fabliques, i la seva facultat d\u2019iniciar actuacions d\u2019ofici i supervisar l\u2019Administraci\u00f3 municipal, <strong>va sol\u00b7licitar al CEB<\/strong> <strong>les dades seg\u00fcents<\/strong>:<\/p>\n\n\n\n<ul class=\"wp-block-list\">\n<li><strong>Projecte de conviv\u00e8ncia:<\/strong> percentatge d\u2019escoles que l\u2019han implantat; quants compleixen amb el contingut m\u00ednim; mesures dels centres per fer-ne el seguiment i l\u2019avaluaci\u00f3; actuacions previstes pel consorci en cas d\u2019incompliment.<\/li>\n<\/ul>\n\n\n\n<ul class=\"wp-block-list\">\n<li><strong>Comissions de conviv\u00e8ncia:<\/strong> nombre de centres que l\u2019han constitu\u00eft i n\u2019han aprovat les normes de funcionament; l\u2019organitzaci\u00f3 i el funcionament (membres, proc\u00e9s d\u2019elecci\u00f3); actuacions previstes pel consorci en cas d\u2019incompliment.<\/li>\n<\/ul>\n\n\n\n<p>La resposta del CEB va ser que <strong>no disposen d\u2019aquesta informaci\u00f3 de manera sistematitzada. Obtenir-la implicaria una c\u00e0rrega de treball inassolible<\/strong>, ja que les dades procedeixen de fonts diverses. L\u2019ens recordar\u00e0 als centres, a trav\u00e9s del comunicat diari a les direccions, la normativa vigent i l\u2019obligaci\u00f3 de disposar d\u2019un pla de conviv\u00e8ncia.<\/p>\n\n\n\n<p>La Sindicatura de Greuges reconeix que, durant els \u00faltims anys, <strong>des del consorci s\u2019han portat a terme mesures per a la millora de la conviv\u00e8ncia<\/strong> i per a la incorporaci\u00f3 de l\u2019enfocament restauratiu en els centres, aix\u00ed com programes per millorar-hi la igualtat, la diversitat, la comunicaci\u00f3 entre l\u2019escola i les fam\u00edlies i la mediaci\u00f3. Tamb\u00e9 faciliten a la comunitat educativa eines, manuals i protocols diversos sobre aquest tema.<\/p>\n\n\n\n<p>Tot i aix\u00f2, <strong>cal recordar l\u2019obligaci\u00f3 de les administracions educatives, sobretot dels seus serveis d\u2019inspecci\u00f3, de vetllar pel respecte i el compliment de les normes reguladores<\/strong> del sistema educatiu i per l\u2019aplicaci\u00f3 dels principis i valors que s\u2019hi recullen, i de comprovar que es disposa de la documentaci\u00f3 obligat\u00f2ria (com ara d\u2019un projecte de conviv\u00e8ncia adient). L\u2019Administraci\u00f3 tamb\u00e9 ha de garantir que tots els centres disposin de les condicions que possibilitin un entorn de relaci\u00f3 interpersonal basat en la igualtat, el respecte mutu, la salut i la conviv\u00e8ncia pac\u00edfica.<\/p>\n\n\n\n<h2 class=\"wp-block-heading\"><strong>Les conclusions de la Sindicatura<\/strong><\/h2>\n\n\n\n<p>Tenint en compte aquestes obligacions, l\u2019actuaci\u00f3 del CEB no ha estat efica\u00e7 ni ajustada a dret. <a href=\"https:\/\/www.sindicaturabarcelona.cat\/wp-content\/uploads\/202507_Actuacio-Ofici-Consorci-Educacio-Plans-Conivencia_24OF00008.pdf\" target=\"_blank\" rel=\"noreferrer noopener\">En l\u2019actuaci\u00f3 d\u2019ofici concloem<\/a> que cal: &nbsp;<\/p>\n\n\n\n<ul class=\"wp-block-list\">\n<li>Recordar al consorci que ha de ser <strong>diligent per garantir que totes les escoles disposin de totes les eines<\/strong>, la documentaci\u00f3 i els protocols adequats per afavorir una bona conviv\u00e8ncia, i d\u2019assegurar-se que els posen en pr\u00e0ctica.<\/li>\n<\/ul>\n\n\n\n<ul class=\"wp-block-list\">\n<li>Recomanar-li que <strong>intensifiqui i impulsi les actuacions de difusi\u00f3 i formaci\u00f3 de tota la comunitat educativa<\/strong> que afavoreixin la conviv\u00e8ncia i erradiquin les viol\u00e8ncies.<\/li>\n<\/ul>\n","protected":false},"excerpt":{"rendered":"<p>El Consorci no t\u00e9 informaci\u00f3 sistematitzada del percentatge de centres que han aprovat els plans, si aquests compleixen el contingut m\u00ednim establert, el seguiment i avaluaci\u00f3 que se n\u2019est\u00e0 fent [&hellip;]<\/p>\n","protected":false},"author":2,"featured_media":38344,"comment_status":"closed","ping_status":"closed","sticky":false,"template":"","format":"standard","meta":{"_acf_changed":false,"footnotes":""},"tags":[],"drets":[1442,1462],"class_list":["post-38342","post","type-post","status-publish","format-standard","has-post-thumbnail","hentry","drets-ciutat-diversa","drets-drets-de-la-infancia-i-ladolescencia"],"acf":[],"yoast_head":"<!-- This site is optimized with the Yoast SEO plugin v27.5 - https:\/\/yoast.com\/product\/yoast-seo-wordpress\/ -->\n<title>La Sindicatura recorda al Consorci d\u2019Educaci\u00f3 que s\u2019ha d\u2019assegurar que totes les escoles tinguin un projecte de conviv\u00e8ncia - Sindicatura de Greuges de Barcelona<\/title>\n<meta name=\"description\" content=\"L&#039;ens no t\u00e9 informaci\u00f3 sistematitzada del percentatge de centres que han aprovat els plans, o si aquests compleixen el contingut m\u00ednim.\" \/>\n<meta name=\"robots\" content=\"index, follow, max-snippet:-1, max-image-preview:large, max-video-preview:-1\" \/>\n<link rel=\"canonical\" href=\"https:\/\/www.sindicaturabarcelona.cat\/ca\/la-sindicatura-recorda-al-consorci-deducacio-que-sha-dassegurar-que-totes-les-escoles-tinguin-un-projecte-de-convivencia\/\" \/>\n<meta property=\"og:locale\" content=\"ca_ES\" \/>\n<meta property=\"og:type\" content=\"article\" \/>\n<meta property=\"og:title\" content=\"La Sindicatura recorda al Consorci d\u2019Educaci\u00f3 que s\u2019ha d\u2019assegurar que totes les escoles tinguin un projecte de conviv\u00e8ncia - Sindicatura de Greuges de Barcelona\" \/>\n<meta property=\"og:description\" content=\"L&#039;ens no t\u00e9 informaci\u00f3 sistematitzada del percentatge de centres que han aprovat els plans, o si aquests compleixen el contingut m\u00ednim.\" \/>\n<meta property=\"og:url\" content=\"https:\/\/www.sindicaturabarcelona.cat\/ca\/la-sindicatura-recorda-al-consorci-deducacio-que-sha-dassegurar-que-totes-les-escoles-tinguin-un-projecte-de-convivencia\/\" \/>\n<meta property=\"og:site_name\" content=\"Sindicatura de Greuges de Barcelona\" \/>\n<meta property=\"article:published_time\" content=\"2025-07-31T06:00:00+00:00\" \/>\n<meta property=\"article:modified_time\" content=\"2025-07-31T07:03:03+00:00\" \/>\n<meta property=\"og:image\" content=\"https:\/\/www.sindicaturabarcelona.cat\/wp-content\/uploads\/infants-jugant-a-futbol-al-pati-de-l.jpg\" \/>\n\t<meta property=\"og:image:width\" content=\"2000\" \/>\n\t<meta property=\"og:image:height\" content=\"1336\" \/>\n\t<meta property=\"og:image:type\" content=\"image\/jpeg\" \/>\n<meta name=\"author\" content=\"Pablo\" \/>\n<meta name=\"twitter:card\" content=\"summary_large_image\" \/>\n<meta name=\"twitter:creator\" content=\"@sindicbarcelona\" \/>\n<meta name=\"twitter:site\" content=\"@sindicbarcelona\" \/>\n<meta name=\"twitter:label1\" content=\"Escrit per\" \/>\n\t<meta name=\"twitter:data1\" content=\"Pablo\" \/>\n\t<meta name=\"twitter:label2\" content=\"Temps estimat de lectura\" \/>\n\t<meta name=\"twitter:data2\" content=\"5 minuts\" \/>\n<script type=\"application\/ld+json\" class=\"yoast-schema-graph\">{\"@context\":\"https:\\\/\\\/schema.org\",\"@graph\":[{\"@type\":\"Article\",\"@id\":\"https:\\\/\\\/www.sindicaturabarcelona.cat\\\/ca\\\/la-sindicatura-recorda-al-consorci-deducacio-que-sha-dassegurar-que-totes-les-escoles-tinguin-un-projecte-de-convivencia\\\/#article\",\"isPartOf\":{\"@id\":\"https:\\\/\\\/www.sindicaturabarcelona.cat\\\/ca\\\/la-sindicatura-recorda-al-consorci-deducacio-que-sha-dassegurar-que-totes-les-escoles-tinguin-un-projecte-de-convivencia\\\/\"},\"author\":{\"name\":\"Pablo\",\"@id\":\"https:\\\/\\\/www.sindicaturabarcelona.cat\\\/ca\\\/#\\\/schema\\\/person\\\/0e5acffc350ffdbc97578159322c9452\"},\"headline\":\"La Sindicatura recorda al Consorci d\u2019Educaci\u00f3 que s\u2019ha d\u2019assegurar que totes les escoles tinguin un projecte de conviv\u00e8ncia\",\"datePublished\":\"2025-07-31T06:00:00+00:00\",\"dateModified\":\"2025-07-31T07:03:03+00:00\",\"mainEntityOfPage\":{\"@id\":\"https:\\\/\\\/www.sindicaturabarcelona.cat\\\/ca\\\/la-sindicatura-recorda-al-consorci-deducacio-que-sha-dassegurar-que-totes-les-escoles-tinguin-un-projecte-de-convivencia\\\/\"},\"wordCount\":841,\"publisher\":{\"@id\":\"https:\\\/\\\/www.sindicaturabarcelona.cat\\\/ca\\\/#organization\"},\"image\":{\"@id\":\"https:\\\/\\\/www.sindicaturabarcelona.cat\\\/ca\\\/la-sindicatura-recorda-al-consorci-deducacio-que-sha-dassegurar-que-totes-les-escoles-tinguin-un-projecte-de-convivencia\\\/#primaryimage\"},\"thumbnailUrl\":\"https:\\\/\\\/www.sindicaturabarcelona.cat\\\/wp-content\\\/uploads\\\/infants-jugant-a-futbol-al-pati-de-l.jpg\",\"inLanguage\":\"ca\"},{\"@type\":\"WebPage\",\"@id\":\"https:\\\/\\\/www.sindicaturabarcelona.cat\\\/ca\\\/la-sindicatura-recorda-al-consorci-deducacio-que-sha-dassegurar-que-totes-les-escoles-tinguin-un-projecte-de-convivencia\\\/\",\"url\":\"https:\\\/\\\/www.sindicaturabarcelona.cat\\\/ca\\\/la-sindicatura-recorda-al-consorci-deducacio-que-sha-dassegurar-que-totes-les-escoles-tinguin-un-projecte-de-convivencia\\\/\",\"name\":\"La Sindicatura recorda al Consorci d\u2019Educaci\u00f3 que s\u2019ha d\u2019assegurar que totes les escoles tinguin un projecte de conviv\u00e8ncia - Sindicatura de Greuges de Barcelona\",\"isPartOf\":{\"@id\":\"https:\\\/\\\/www.sindicaturabarcelona.cat\\\/ca\\\/#website\"},\"primaryImageOfPage\":{\"@id\":\"https:\\\/\\\/www.sindicaturabarcelona.cat\\\/ca\\\/la-sindicatura-recorda-al-consorci-deducacio-que-sha-dassegurar-que-totes-les-escoles-tinguin-un-projecte-de-convivencia\\\/#primaryimage\"},\"image\":{\"@id\":\"https:\\\/\\\/www.sindicaturabarcelona.cat\\\/ca\\\/la-sindicatura-recorda-al-consorci-deducacio-que-sha-dassegurar-que-totes-les-escoles-tinguin-un-projecte-de-convivencia\\\/#primaryimage\"},\"thumbnailUrl\":\"https:\\\/\\\/www.sindicaturabarcelona.cat\\\/wp-content\\\/uploads\\\/infants-jugant-a-futbol-al-pati-de-l.jpg\",\"datePublished\":\"2025-07-31T06:00:00+00:00\",\"dateModified\":\"2025-07-31T07:03:03+00:00\",\"description\":\"L'ens no t\u00e9 informaci\u00f3 sistematitzada del percentatge de centres que han aprovat els plans, o si aquests compleixen el contingut m\u00ednim.\",\"breadcrumb\":{\"@id\":\"https:\\\/\\\/www.sindicaturabarcelona.cat\\\/ca\\\/la-sindicatura-recorda-al-consorci-deducacio-que-sha-dassegurar-que-totes-les-escoles-tinguin-un-projecte-de-convivencia\\\/#breadcrumb\"},\"inLanguage\":\"ca\",\"potentialAction\":[{\"@type\":\"ReadAction\",\"target\":[\"https:\\\/\\\/www.sindicaturabarcelona.cat\\\/ca\\\/la-sindicatura-recorda-al-consorci-deducacio-que-sha-dassegurar-que-totes-les-escoles-tinguin-un-projecte-de-convivencia\\\/\"]}]},{\"@type\":\"ImageObject\",\"inLanguage\":\"ca\",\"@id\":\"https:\\\/\\\/www.sindicaturabarcelona.cat\\\/ca\\\/la-sindicatura-recorda-al-consorci-deducacio-que-sha-dassegurar-que-totes-les-escoles-tinguin-un-projecte-de-convivencia\\\/#primaryimage\",\"url\":\"https:\\\/\\\/www.sindicaturabarcelona.cat\\\/wp-content\\\/uploads\\\/infants-jugant-a-futbol-al-pati-de-l.jpg\",\"contentUrl\":\"https:\\\/\\\/www.sindicaturabarcelona.cat\\\/wp-content\\\/uploads\\\/infants-jugant-a-futbol-al-pati-de-l.jpg\",\"width\":2000,\"height\":1336},{\"@type\":\"BreadcrumbList\",\"@id\":\"https:\\\/\\\/www.sindicaturabarcelona.cat\\\/ca\\\/la-sindicatura-recorda-al-consorci-deducacio-que-sha-dassegurar-que-totes-les-escoles-tinguin-un-projecte-de-convivencia\\\/#breadcrumb\",\"itemListElement\":[{\"@type\":\"ListItem\",\"position\":1,\"name\":\"Inici\",\"item\":\"https:\\\/\\\/www.sindicaturabarcelona.cat\\\/ca\\\/\"},{\"@type\":\"ListItem\",\"position\":2,\"name\":\"La Sindicatura recorda al Consorci d\u2019Educaci\u00f3 que s\u2019ha d\u2019assegurar que totes les escoles tinguin un projecte de conviv\u00e8ncia\"}]},{\"@type\":\"WebSite\",\"@id\":\"https:\\\/\\\/www.sindicaturabarcelona.cat\\\/ca\\\/#website\",\"url\":\"https:\\\/\\\/www.sindicaturabarcelona.cat\\\/ca\\\/\",\"name\":\"Sindicatura de Greuges de Barcelona\",\"description\":\"La defensoria dels teus drets\",\"publisher\":{\"@id\":\"https:\\\/\\\/www.sindicaturabarcelona.cat\\\/ca\\\/#organization\"},\"potentialAction\":[{\"@type\":\"SearchAction\",\"target\":{\"@type\":\"EntryPoint\",\"urlTemplate\":\"https:\\\/\\\/www.sindicaturabarcelona.cat\\\/ca\\\/?s={search_term_string}\"},\"query-input\":{\"@type\":\"PropertyValueSpecification\",\"valueRequired\":true,\"valueName\":\"search_term_string\"}}],\"inLanguage\":\"ca\"},{\"@type\":\"Organization\",\"@id\":\"https:\\\/\\\/www.sindicaturabarcelona.cat\\\/ca\\\/#organization\",\"name\":\"Sindicatura de Greuges de Barcelona\",\"url\":\"https:\\\/\\\/www.sindicaturabarcelona.cat\\\/ca\\\/\",\"logo\":{\"@type\":\"ImageObject\",\"inLanguage\":\"ca\",\"@id\":\"https:\\\/\\\/www.sindicaturabarcelona.cat\\\/ca\\\/#\\\/schema\\\/logo\\\/image\\\/\",\"url\":\"https:\\\/\\\/www.sindicaturabarcelona.cat\\\/wp-content\\\/uploads\\\/2023\\\/02\\\/logo_sindicatura.svg\",\"contentUrl\":\"https:\\\/\\\/www.sindicaturabarcelona.cat\\\/wp-content\\\/uploads\\\/2023\\\/02\\\/logo_sindicatura.svg\",\"caption\":\"Sindicatura de Greuges de Barcelona\"},\"image\":{\"@id\":\"https:\\\/\\\/www.sindicaturabarcelona.cat\\\/ca\\\/#\\\/schema\\\/logo\\\/image\\\/\"},\"sameAs\":[\"https:\\\/\\\/x.com\\\/sindicbarcelona\",\"https:\\\/\\\/www.instagram.com\\\/sindicbarcelona\\\/\",\"https:\\\/\\\/www.tiktok.com\\\/@sindicaturabcn\",\"https:\\\/\\\/t.me\\\/sindicaturabarcelona\"]},{\"@type\":\"Person\",\"@id\":\"https:\\\/\\\/www.sindicaturabarcelona.cat\\\/ca\\\/#\\\/schema\\\/person\\\/0e5acffc350ffdbc97578159322c9452\",\"name\":\"Pablo\",\"image\":{\"@type\":\"ImageObject\",\"inLanguage\":\"ca\",\"@id\":\"https:\\\/\\\/secure.gravatar.com\\\/avatar\\\/c948169b402ef9492afde705c3dfd5e90e1a6a84ef6840a91124f805a25a480f?s=96&d=mm&r=g\",\"url\":\"https:\\\/\\\/secure.gravatar.com\\\/avatar\\\/c948169b402ef9492afde705c3dfd5e90e1a6a84ef6840a91124f805a25a480f?s=96&d=mm&r=g\",\"contentUrl\":\"https:\\\/\\\/secure.gravatar.com\\\/avatar\\\/c948169b402ef9492afde705c3dfd5e90e1a6a84ef6840a91124f805a25a480f?s=96&d=mm&r=g\",\"caption\":\"Pablo\"},\"url\":\"https:\\\/\\\/www.sindicaturabarcelona.cat\\\/ca\\\/author\\\/pablo\\\/\"}]}<\/script>\n<!-- \/ Yoast SEO plugin. -->","yoast_head_json":{"title":"La Sindicatura recorda al Consorci d\u2019Educaci\u00f3 que s\u2019ha d\u2019assegurar que totes les escoles tinguin un projecte de conviv\u00e8ncia - Sindicatura de Greuges de Barcelona","description":"L'ens no t\u00e9 informaci\u00f3 sistematitzada del percentatge de centres que han aprovat els plans, o si aquests compleixen el contingut m\u00ednim.","robots":{"index":"index","follow":"follow","max-snippet":"max-snippet:-1","max-image-preview":"max-image-preview:large","max-video-preview":"max-video-preview:-1"},"canonical":"https:\/\/www.sindicaturabarcelona.cat\/ca\/la-sindicatura-recorda-al-consorci-deducacio-que-sha-dassegurar-que-totes-les-escoles-tinguin-un-projecte-de-convivencia\/","og_locale":"ca_ES","og_type":"article","og_title":"La Sindicatura recorda al Consorci d\u2019Educaci\u00f3 que s\u2019ha d\u2019assegurar que totes les escoles tinguin un projecte de conviv\u00e8ncia - Sindicatura de Greuges de Barcelona","og_description":"L'ens no t\u00e9 informaci\u00f3 sistematitzada del percentatge de centres que han aprovat els plans, o si aquests compleixen el contingut m\u00ednim.","og_url":"https:\/\/www.sindicaturabarcelona.cat\/ca\/la-sindicatura-recorda-al-consorci-deducacio-que-sha-dassegurar-que-totes-les-escoles-tinguin-un-projecte-de-convivencia\/","og_site_name":"Sindicatura de Greuges de Barcelona","article_published_time":"2025-07-31T06:00:00+00:00","article_modified_time":"2025-07-31T07:03:03+00:00","og_image":[{"width":2000,"height":1336,"url":"https:\/\/www.sindicaturabarcelona.cat\/wp-content\/uploads\/infants-jugant-a-futbol-al-pati-de-l.jpg","type":"image\/jpeg"}],"author":"Pablo","twitter_card":"summary_large_image","twitter_creator":"@sindicbarcelona","twitter_site":"@sindicbarcelona","twitter_misc":{"Escrit per":"Pablo","Temps estimat de lectura":"5 minuts"},"schema":{"@context":"https:\/\/schema.org","@graph":[{"@type":"Article","@id":"https:\/\/www.sindicaturabarcelona.cat\/ca\/la-sindicatura-recorda-al-consorci-deducacio-que-sha-dassegurar-que-totes-les-escoles-tinguin-un-projecte-de-convivencia\/#article","isPartOf":{"@id":"https:\/\/www.sindicaturabarcelona.cat\/ca\/la-sindicatura-recorda-al-consorci-deducacio-que-sha-dassegurar-que-totes-les-escoles-tinguin-un-projecte-de-convivencia\/"},"author":{"name":"Pablo","@id":"https:\/\/www.sindicaturabarcelona.cat\/ca\/#\/schema\/person\/0e5acffc350ffdbc97578159322c9452"},"headline":"La Sindicatura recorda al Consorci d\u2019Educaci\u00f3 que s\u2019ha d\u2019assegurar que totes les escoles tinguin un projecte de conviv\u00e8ncia","datePublished":"2025-07-31T06:00:00+00:00","dateModified":"2025-07-31T07:03:03+00:00","mainEntityOfPage":{"@id":"https:\/\/www.sindicaturabarcelona.cat\/ca\/la-sindicatura-recorda-al-consorci-deducacio-que-sha-dassegurar-que-totes-les-escoles-tinguin-un-projecte-de-convivencia\/"},"wordCount":841,"publisher":{"@id":"https:\/\/www.sindicaturabarcelona.cat\/ca\/#organization"},"image":{"@id":"https:\/\/www.sindicaturabarcelona.cat\/ca\/la-sindicatura-recorda-al-consorci-deducacio-que-sha-dassegurar-que-totes-les-escoles-tinguin-un-projecte-de-convivencia\/#primaryimage"},"thumbnailUrl":"https:\/\/www.sindicaturabarcelona.cat\/wp-content\/uploads\/infants-jugant-a-futbol-al-pati-de-l.jpg","inLanguage":"ca"},{"@type":"WebPage","@id":"https:\/\/www.sindicaturabarcelona.cat\/ca\/la-sindicatura-recorda-al-consorci-deducacio-que-sha-dassegurar-que-totes-les-escoles-tinguin-un-projecte-de-convivencia\/","url":"https:\/\/www.sindicaturabarcelona.cat\/ca\/la-sindicatura-recorda-al-consorci-deducacio-que-sha-dassegurar-que-totes-les-escoles-tinguin-un-projecte-de-convivencia\/","name":"La Sindicatura recorda al Consorci d\u2019Educaci\u00f3 que s\u2019ha d\u2019assegurar que totes les escoles tinguin un projecte de conviv\u00e8ncia - Sindicatura de Greuges de Barcelona","isPartOf":{"@id":"https:\/\/www.sindicaturabarcelona.cat\/ca\/#website"},"primaryImageOfPage":{"@id":"https:\/\/www.sindicaturabarcelona.cat\/ca\/la-sindicatura-recorda-al-consorci-deducacio-que-sha-dassegurar-que-totes-les-escoles-tinguin-un-projecte-de-convivencia\/#primaryimage"},"image":{"@id":"https:\/\/www.sindicaturabarcelona.cat\/ca\/la-sindicatura-recorda-al-consorci-deducacio-que-sha-dassegurar-que-totes-les-escoles-tinguin-un-projecte-de-convivencia\/#primaryimage"},"thumbnailUrl":"https:\/\/www.sindicaturabarcelona.cat\/wp-content\/uploads\/infants-jugant-a-futbol-al-pati-de-l.jpg","datePublished":"2025-07-31T06:00:00+00:00","dateModified":"2025-07-31T07:03:03+00:00","description":"L'ens no t\u00e9 informaci\u00f3 sistematitzada del percentatge de centres que han aprovat els plans, o si aquests compleixen el contingut m\u00ednim.","breadcrumb":{"@id":"https:\/\/www.sindicaturabarcelona.cat\/ca\/la-sindicatura-recorda-al-consorci-deducacio-que-sha-dassegurar-que-totes-les-escoles-tinguin-un-projecte-de-convivencia\/#breadcrumb"},"inLanguage":"ca","potentialAction":[{"@type":"ReadAction","target":["https:\/\/www.sindicaturabarcelona.cat\/ca\/la-sindicatura-recorda-al-consorci-deducacio-que-sha-dassegurar-que-totes-les-escoles-tinguin-un-projecte-de-convivencia\/"]}]},{"@type":"ImageObject","inLanguage":"ca","@id":"https:\/\/www.sindicaturabarcelona.cat\/ca\/la-sindicatura-recorda-al-consorci-deducacio-que-sha-dassegurar-que-totes-les-escoles-tinguin-un-projecte-de-convivencia\/#primaryimage","url":"https:\/\/www.sindicaturabarcelona.cat\/wp-content\/uploads\/infants-jugant-a-futbol-al-pati-de-l.jpg","contentUrl":"https:\/\/www.sindicaturabarcelona.cat\/wp-content\/uploads\/infants-jugant-a-futbol-al-pati-de-l.jpg","width":2000,"height":1336},{"@type":"BreadcrumbList","@id":"https:\/\/www.sindicaturabarcelona.cat\/ca\/la-sindicatura-recorda-al-consorci-deducacio-que-sha-dassegurar-que-totes-les-escoles-tinguin-un-projecte-de-convivencia\/#breadcrumb","itemListElement":[{"@type":"ListItem","position":1,"name":"Inici","item":"https:\/\/www.sindicaturabarcelona.cat\/ca\/"},{"@type":"ListItem","position":2,"name":"La Sindicatura recorda al Consorci d\u2019Educaci\u00f3 que s\u2019ha d\u2019assegurar que totes les escoles tinguin un projecte de conviv\u00e8ncia"}]},{"@type":"WebSite","@id":"https:\/\/www.sindicaturabarcelona.cat\/ca\/#website","url":"https:\/\/www.sindicaturabarcelona.cat\/ca\/","name":"Sindicatura de Greuges de Barcelona","description":"La defensoria dels teus drets","publisher":{"@id":"https:\/\/www.sindicaturabarcelona.cat\/ca\/#organization"},"potentialAction":[{"@type":"SearchAction","target":{"@type":"EntryPoint","urlTemplate":"https:\/\/www.sindicaturabarcelona.cat\/ca\/?s={search_term_string}"},"query-input":{"@type":"PropertyValueSpecification","valueRequired":true,"valueName":"search_term_string"}}],"inLanguage":"ca"},{"@type":"Organization","@id":"https:\/\/www.sindicaturabarcelona.cat\/ca\/#organization","name":"Sindicatura de Greuges de Barcelona","url":"https:\/\/www.sindicaturabarcelona.cat\/ca\/","logo":{"@type":"ImageObject","inLanguage":"ca","@id":"https:\/\/www.sindicaturabarcelona.cat\/ca\/#\/schema\/logo\/image\/","url":"https:\/\/www.sindicaturabarcelona.cat\/wp-content\/uploads\/2023\/02\/logo_sindicatura.svg","contentUrl":"https:\/\/www.sindicaturabarcelona.cat\/wp-content\/uploads\/2023\/02\/logo_sindicatura.svg","caption":"Sindicatura de Greuges de Barcelona"},"image":{"@id":"https:\/\/www.sindicaturabarcelona.cat\/ca\/#\/schema\/logo\/image\/"},"sameAs":["https:\/\/x.com\/sindicbarcelona","https:\/\/www.instagram.com\/sindicbarcelona\/","https:\/\/www.tiktok.com\/@sindicaturabcn","https:\/\/t.me\/sindicaturabarcelona"]},{"@type":"Person","@id":"https:\/\/www.sindicaturabarcelona.cat\/ca\/#\/schema\/person\/0e5acffc350ffdbc97578159322c9452","name":"Pablo","image":{"@type":"ImageObject","inLanguage":"ca","@id":"https:\/\/secure.gravatar.com\/avatar\/c948169b402ef9492afde705c3dfd5e90e1a6a84ef6840a91124f805a25a480f?s=96&d=mm&r=g","url":"https:\/\/secure.gravatar.com\/avatar\/c948169b402ef9492afde705c3dfd5e90e1a6a84ef6840a91124f805a25a480f?s=96&d=mm&r=g","contentUrl":"https:\/\/secure.gravatar.com\/avatar\/c948169b402ef9492afde705c3dfd5e90e1a6a84ef6840a91124f805a25a480f?s=96&d=mm&r=g","caption":"Pablo"},"url":"https:\/\/www.sindicaturabarcelona.cat\/ca\/author\/pablo\/"}]}},"_links":{"self":[{"href":"https:\/\/www.sindicaturabarcelona.cat\/ca\/wp-json\/wp\/v2\/posts\/38342","targetHints":{"allow":["GET"]}}],"collection":[{"href":"https:\/\/www.sindicaturabarcelona.cat\/ca\/wp-json\/wp\/v2\/posts"}],"about":[{"href":"https:\/\/www.sindicaturabarcelona.cat\/ca\/wp-json\/wp\/v2\/types\/post"}],"author":[{"embeddable":true,"href":"https:\/\/www.sindicaturabarcelona.cat\/ca\/wp-json\/wp\/v2\/users\/2"}],"replies":[{"embeddable":true,"href":"https:\/\/www.sindicaturabarcelona.cat\/ca\/wp-json\/wp\/v2\/comments?post=38342"}],"version-history":[{"count":4,"href":"https:\/\/www.sindicaturabarcelona.cat\/ca\/wp-json\/wp\/v2\/posts\/38342\/revisions"}],"predecessor-version":[{"id":38357,"href":"https:\/\/www.sindicaturabarcelona.cat\/ca\/wp-json\/wp\/v2\/posts\/38342\/revisions\/38357"}],"wp:featuredmedia":[{"embeddable":true,"href":"https:\/\/www.sindicaturabarcelona.cat\/ca\/wp-json\/wp\/v2\/media\/38344"}],"wp:attachment":[{"href":"https:\/\/www.sindicaturabarcelona.cat\/ca\/wp-json\/wp\/v2\/media?parent=38342"}],"wp:term":[{"taxonomy":"post_tag","embeddable":true,"href":"https:\/\/www.sindicaturabarcelona.cat\/ca\/wp-json\/wp\/v2\/tags?post=38342"},{"taxonomy":"drets","embeddable":true,"href":"https:\/\/www.sindicaturabarcelona.cat\/ca\/wp-json\/wp\/v2\/drets?post=38342"}],"curies":[{"name":"wp","href":"https:\/\/api.w.org\/{rel}","templated":true}]}}