{"id":38298,"date":"2025-07-24T08:39:12","date_gmt":"2025-07-24T06:39:12","guid":{"rendered":"https:\/\/www.sindicaturabarcelona.cat\/?p=38298"},"modified":"2025-07-25T09:54:22","modified_gmt":"2025-07-25T07:54:22","slug":"la-sindicatura-adverteix-a-lajuntament-de-barcelona-que-cal-vetllar-perque-no-es-tornin-a-repetir-els-fets-ocorreguts-durant-la-presentacio-de-linforme-de-discriminacions-a-barcelona","status":"publish","type":"post","link":"https:\/\/www.sindicaturabarcelona.cat\/ca\/la-sindicatura-adverteix-a-lajuntament-de-barcelona-que-cal-vetllar-perque-no-es-tornin-a-repetir-els-fets-ocorreguts-durant-la-presentacio-de-linforme-de-discriminacions-a-barcelona\/","title":{"rendered":"La Sindicatura adverteix l\u2019Ajuntament que cal vetllar perqu\u00e8 no es repeteixin els fets ocorreguts durant la presentaci\u00f3 de l\u2019Informe de Discriminacions a Barcelona 2024"},"content":{"rendered":"\n<h2 class=\"wp-block-heading\">La Sindicatura considera que hi ha una clara contradicci\u00f3 i incongru\u00e8ncia entre el contingut de l\u2019<em>Informe de l&#8217;<a href=\"https:\/\/ajuntament.barcelona.cat\/dretsidiversitat\/sites\/default\/files\/InformeDiscriminacions2024_Online_CAT.pdf\" target=\"_blank\" rel=\"noreferrer noopener\">Observatori de les Discriminacions a Barcelona 2024<\/a><\/em> i els esquetxos escenificats en l\u2019acte institucional de presentaci\u00f3, organitzat pel mateix Ajuntament.<br><br>La Sindicatura assenyala que l\u2019Administraci\u00f3 municipal t\u00e9 una responsabilitat in eligendo i in vigilando quan organitza activitats institucionals i determinats actes s\u00f3n executats per terceres persones sota autoritzaci\u00f3 i justificaci\u00f3 de la mateixa Administraci\u00f3 amb la finalitat de controlar que no suposin un greuge o dany a tercers.<br><br>Aquesta instituci\u00f3 manifesta que all\u00f2 que es pot representar en un teatre obert a tot el p\u00fablic, on s\u2019assisteix de forma volunt\u00e0ria, no es pot escenificar en un acte institucional organitzat pel consistori.<br><br>La defensoria municipal tamb\u00e9 considera que cal donar i impulsar les instruccions necess\u00e0ries per a l\u2019acompliment de les <em><a href=\"https:\/\/ajuntament.barcelona.cat\/premsa\/wp-content\/uploads\/2023\/02\/adjunt.pdf\" target=\"_blank\" rel=\"noreferrer noopener\">68 accions per promoure l\u2019\u00fas del catal\u00e0 a Barcelona<\/a>. Proposta de Pla d\u2019Acci\u00f3 en el marc del Pacte Nacional per la Llengua<\/em>, i dotar dels recursos econ\u00f2mics i humans adients a la nova Comissionada de Pol\u00edtica Ling\u00fc\u00edstica.<\/h2>\n\n\n\n<p>La Sindicatura de Greuges de Barcelona, un cop examinat el contingut de les queixes, fet el visionat de la representaci\u00f3 i estudiada la normativa aplicable <a href=\"https:\/\/www.sindicaturabarcelona.cat\/wp-content\/uploads\/202507_Obra-de-teatre-esquetx-presentacio-informe-observatori-discriminacions_25Q000795.pdf\" target=\"_blank\" rel=\"noreferrer noopener\">ha em\u00e8s el seu pronunciament<\/a>.<\/p>\n\n\n\n<p>L\u2019an\u00e0lisi de les queixes presentades per 322 ciutadans i ciutadanes s\u2019ha centrat no nom\u00e9s en el contingut de les afirmacions realitzades per les actrius de la companyia \u201cTeatro Sin Papeles\u201d, sin\u00f3 tamb\u00e9, i sobretot, en el fet que aix\u00f2 estigu\u00e9s emparat en un acte institucional, en el qual pr\u00e8viament s\u2019hauria hagut de valorar la necessitat i la idone\u00eftat de tots els seus elements.<\/p>\n\n\n\n<p>Les afirmacions contr\u00e0ries als drets ling\u00fc\u00edstics dels catalanoparlants poden ser qualificades de moltes formes (mal gust, menyspreu, ridiculitzadores, ofensives, contr\u00e0ries a la cohesi\u00f3 social, que confronten drets en lloc de garantir-los, etc.) per\u00f2, a parer de la Sindicatura de Greuges de Barcelona<strong>, no poden ser considerades delictes d\u2019odi<\/strong>.<\/p>\n\n\n\n<p>La Sindicatura estima que conv\u00e9 buscar mecanismes, alternatius a la via penal, per tal de con\u00e8ixer i canviar les percepcions que poden tenir determinades persones i col\u00b7lectius sobre la necessitat d\u2019entendre i parlar el catal\u00e0, potenciar la conviv\u00e8ncia i la cohesi\u00f3 social a casa nostra.<\/p>\n\n\n\n<p>De la mateixa manera, s\u2019han d\u2019impulsar mesures perqu\u00e8 les persones no catalanoparlants prenguin consci\u00e8ncia de la necessitat de con\u00e8ixer la llengua catalana i de la seva leg\u00edtima funci\u00f3 com a llengua comuna de comunicaci\u00f3 i cohesi\u00f3 social.<\/p>\n\n\n\n<p>Un cop determinada l\u2019exist\u00e8ncia de responsabilitat in eligendo i in vigilando de l\u2019Administraci\u00f3 municipal, correspon buscar <strong>formes de reparaci\u00f3<\/strong>. En aquest cas, la Sindicatura considera que la forma de satisfacci\u00f3 enfront dels danys o greuges morals ocasionats consisteix en el <strong>reconeixement de l\u2019error en l\u2019actuaci\u00f3 o en la falta d\u2019actuaci\u00f3, la petici\u00f3 de disculpes i la garantia de no repetici\u00f3 de cara al futur<\/strong>. Amb l\u2019advertiment que es demanaran altres tipus de responsabilitats pol\u00edtiques si aquests fets aqu\u00ed valorats es tornen a produir.<\/p>\n\n\n\n<p>\u00c9s per tot aix\u00f2, que la Sindicatura de Greuges de Barcelona conclou <a href=\"https:\/\/www.sindicaturabarcelona.cat\/wp-content\/uploads\/202507_Obra-de-teatre-esquetx-presentacio-informe-observatori-discriminacions_25Q000795.pdf\" target=\"_blank\" rel=\"noreferrer noopener\">en el seu pronunciament<\/a> que <strong>l\u2019actuaci\u00f3 de la Segona Tinen\u00e7a d\u2019Alcaldia no ha estat ajustada a dret i que l\u2019actuaci\u00f3 municipal no s\u2019ha produ\u00eft amb la dilig\u00e8ncia deguda, per\u00f2 valora positivament el r\u00e0pid reconeixement de l\u2019error i l\u2019assumpci\u00f3 de responsabilitats<\/strong>.<\/p>\n\n\n\n<p><\/p>\n","protected":false},"excerpt":{"rendered":"<p>La Sindicatura considera que hi ha una clara contradicci\u00f3 i incongru\u00e8ncia entre el contingut de l\u2019Informe de l&#8217;Observatori de les Discriminacions a Barcelona 2024 i els esquetxos escenificats en l\u2019acte [&hellip;]<\/p>\n","protected":false},"author":2,"featured_media":38300,"comment_status":"closed","ping_status":"closed","sticky":false,"template":"","format":"standard","meta":{"_acf_changed":false,"footnotes":""},"tags":[],"drets":[1458,1457,1456],"class_list":["post-38298","post","type-post","status-publish","format-standard","has-post-thumbnail","hentry","drets-dret-a-la-igualtat-i-a-la-diversitat","drets-drets-linguistics","drets-dret-a-una-bona-administracio"],"acf":[],"yoast_head":"<!-- This site is optimized with the Yoast SEO plugin v27.5 - https:\/\/yoast.com\/product\/yoast-seo-wordpress\/ -->\n<title>La Sindicatura adverteix l\u2019Ajuntament que cal vetllar perqu\u00e8 no es repeteixin els fets ocorreguts durant la presentaci\u00f3 de l\u2019Informe de Discriminacions a Barcelona 2024 - Sindicatura de Greuges de Barcelona<\/title>\n<meta name=\"description\" content=\"\u00c9s incongruent el contingut de l&#039;informe amb els esquetxos escenificats en l\u2019acte institucional de presentaci\u00f3, organitzat pel consistori.\" \/>\n<meta name=\"robots\" content=\"index, follow, max-snippet:-1, max-image-preview:large, max-video-preview:-1\" \/>\n<link rel=\"canonical\" href=\"https:\/\/www.sindicaturabarcelona.cat\/ca\/la-sindicatura-adverteix-a-lajuntament-de-barcelona-que-cal-vetllar-perque-no-es-tornin-a-repetir-els-fets-ocorreguts-durant-la-presentacio-de-linforme-de-discriminacions-a-barcelona\/\" \/>\n<meta property=\"og:locale\" content=\"ca_ES\" \/>\n<meta property=\"og:type\" content=\"article\" \/>\n<meta property=\"og:title\" content=\"La Sindicatura adverteix l\u2019Ajuntament que cal vetllar perqu\u00e8 no es repeteixin els fets ocorreguts durant la presentaci\u00f3 de l\u2019Informe de Discriminacions a Barcelona 2024 - Sindicatura de Greuges de Barcelona\" \/>\n<meta property=\"og:description\" content=\"\u00c9s incongruent el contingut de l&#039;informe amb els esquetxos escenificats en l\u2019acte institucional de presentaci\u00f3, organitzat pel consistori.\" \/>\n<meta property=\"og:url\" content=\"https:\/\/www.sindicaturabarcelona.cat\/ca\/la-sindicatura-adverteix-a-lajuntament-de-barcelona-que-cal-vetllar-perque-no-es-tornin-a-repetir-els-fets-ocorreguts-durant-la-presentacio-de-linforme-de-discriminacions-a-barcelona\/\" \/>\n<meta property=\"og:site_name\" content=\"Sindicatura de Greuges de Barcelona\" \/>\n<meta property=\"article:published_time\" content=\"2025-07-24T06:39:12+00:00\" \/>\n<meta property=\"article:modified_time\" content=\"2025-07-25T07:54:22+00:00\" \/>\n<meta property=\"og:image\" content=\"https:\/\/www.sindicaturabarcelona.cat\/wp-content\/uploads\/14520488-9d98-49d1-879e-00ca21025a19.jpg\" \/>\n\t<meta property=\"og:image:width\" content=\"1600\" \/>\n\t<meta property=\"og:image:height\" content=\"1068\" \/>\n\t<meta property=\"og:image:type\" content=\"image\/jpeg\" \/>\n<meta name=\"author\" content=\"Pablo\" \/>\n<meta name=\"twitter:card\" content=\"summary_large_image\" \/>\n<meta name=\"twitter:creator\" content=\"@sindicbarcelona\" \/>\n<meta name=\"twitter:site\" content=\"@sindicbarcelona\" \/>\n<meta name=\"twitter:label1\" content=\"Escrit per\" \/>\n\t<meta name=\"twitter:data1\" content=\"Pablo\" \/>\n\t<meta name=\"twitter:label2\" content=\"Temps estimat de lectura\" \/>\n\t<meta name=\"twitter:data2\" content=\"4 minuts\" \/>\n<script type=\"application\/ld+json\" class=\"yoast-schema-graph\">{\"@context\":\"https:\\\/\\\/schema.org\",\"@graph\":[{\"@type\":\"Article\",\"@id\":\"https:\\\/\\\/www.sindicaturabarcelona.cat\\\/ca\\\/la-sindicatura-adverteix-a-lajuntament-de-barcelona-que-cal-vetllar-perque-no-es-tornin-a-repetir-els-fets-ocorreguts-durant-la-presentacio-de-linforme-de-discriminacions-a-barcelona\\\/#article\",\"isPartOf\":{\"@id\":\"https:\\\/\\\/www.sindicaturabarcelona.cat\\\/ca\\\/la-sindicatura-adverteix-a-lajuntament-de-barcelona-que-cal-vetllar-perque-no-es-tornin-a-repetir-els-fets-ocorreguts-durant-la-presentacio-de-linforme-de-discriminacions-a-barcelona\\\/\"},\"author\":{\"name\":\"Pablo\",\"@id\":\"https:\\\/\\\/www.sindicaturabarcelona.cat\\\/ca\\\/#\\\/schema\\\/person\\\/0e5acffc350ffdbc97578159322c9452\"},\"headline\":\"La Sindicatura adverteix l\u2019Ajuntament que cal vetllar perqu\u00e8 no es repeteixin els fets ocorreguts durant la presentaci\u00f3 de l\u2019Informe de Discriminacions a Barcelona 2024\",\"datePublished\":\"2025-07-24T06:39:12+00:00\",\"dateModified\":\"2025-07-25T07:54:22+00:00\",\"mainEntityOfPage\":{\"@id\":\"https:\\\/\\\/www.sindicaturabarcelona.cat\\\/ca\\\/la-sindicatura-adverteix-a-lajuntament-de-barcelona-que-cal-vetllar-perque-no-es-tornin-a-repetir-els-fets-ocorreguts-durant-la-presentacio-de-linforme-de-discriminacions-a-barcelona\\\/\"},\"wordCount\":609,\"publisher\":{\"@id\":\"https:\\\/\\\/www.sindicaturabarcelona.cat\\\/ca\\\/#organization\"},\"image\":{\"@id\":\"https:\\\/\\\/www.sindicaturabarcelona.cat\\\/ca\\\/la-sindicatura-adverteix-a-lajuntament-de-barcelona-que-cal-vetllar-perque-no-es-tornin-a-repetir-els-fets-ocorreguts-durant-la-presentacio-de-linforme-de-discriminacions-a-barcelona\\\/#primaryimage\"},\"thumbnailUrl\":\"https:\\\/\\\/www.sindicaturabarcelona.cat\\\/wp-content\\\/uploads\\\/14520488-9d98-49d1-879e-00ca21025a19.jpg\",\"inLanguage\":\"ca\"},{\"@type\":\"WebPage\",\"@id\":\"https:\\\/\\\/www.sindicaturabarcelona.cat\\\/ca\\\/la-sindicatura-adverteix-a-lajuntament-de-barcelona-que-cal-vetllar-perque-no-es-tornin-a-repetir-els-fets-ocorreguts-durant-la-presentacio-de-linforme-de-discriminacions-a-barcelona\\\/\",\"url\":\"https:\\\/\\\/www.sindicaturabarcelona.cat\\\/ca\\\/la-sindicatura-adverteix-a-lajuntament-de-barcelona-que-cal-vetllar-perque-no-es-tornin-a-repetir-els-fets-ocorreguts-durant-la-presentacio-de-linforme-de-discriminacions-a-barcelona\\\/\",\"name\":\"La Sindicatura adverteix l\u2019Ajuntament que cal vetllar perqu\u00e8 no es repeteixin els fets ocorreguts durant la presentaci\u00f3 de l\u2019Informe de Discriminacions a Barcelona 2024 - Sindicatura de Greuges de Barcelona\",\"isPartOf\":{\"@id\":\"https:\\\/\\\/www.sindicaturabarcelona.cat\\\/ca\\\/#website\"},\"primaryImageOfPage\":{\"@id\":\"https:\\\/\\\/www.sindicaturabarcelona.cat\\\/ca\\\/la-sindicatura-adverteix-a-lajuntament-de-barcelona-que-cal-vetllar-perque-no-es-tornin-a-repetir-els-fets-ocorreguts-durant-la-presentacio-de-linforme-de-discriminacions-a-barcelona\\\/#primaryimage\"},\"image\":{\"@id\":\"https:\\\/\\\/www.sindicaturabarcelona.cat\\\/ca\\\/la-sindicatura-adverteix-a-lajuntament-de-barcelona-que-cal-vetllar-perque-no-es-tornin-a-repetir-els-fets-ocorreguts-durant-la-presentacio-de-linforme-de-discriminacions-a-barcelona\\\/#primaryimage\"},\"thumbnailUrl\":\"https:\\\/\\\/www.sindicaturabarcelona.cat\\\/wp-content\\\/uploads\\\/14520488-9d98-49d1-879e-00ca21025a19.jpg\",\"datePublished\":\"2025-07-24T06:39:12+00:00\",\"dateModified\":\"2025-07-25T07:54:22+00:00\",\"description\":\"\u00c9s incongruent el contingut de l'informe amb els esquetxos escenificats en l\u2019acte institucional de presentaci\u00f3, organitzat pel consistori.\",\"breadcrumb\":{\"@id\":\"https:\\\/\\\/www.sindicaturabarcelona.cat\\\/ca\\\/la-sindicatura-adverteix-a-lajuntament-de-barcelona-que-cal-vetllar-perque-no-es-tornin-a-repetir-els-fets-ocorreguts-durant-la-presentacio-de-linforme-de-discriminacions-a-barcelona\\\/#breadcrumb\"},\"inLanguage\":\"ca\",\"potentialAction\":[{\"@type\":\"ReadAction\",\"target\":[\"https:\\\/\\\/www.sindicaturabarcelona.cat\\\/ca\\\/la-sindicatura-adverteix-a-lajuntament-de-barcelona-que-cal-vetllar-perque-no-es-tornin-a-repetir-els-fets-ocorreguts-durant-la-presentacio-de-linforme-de-discriminacions-a-barcelona\\\/\"]}]},{\"@type\":\"ImageObject\",\"inLanguage\":\"ca\",\"@id\":\"https:\\\/\\\/www.sindicaturabarcelona.cat\\\/ca\\\/la-sindicatura-adverteix-a-lajuntament-de-barcelona-que-cal-vetllar-perque-no-es-tornin-a-repetir-els-fets-ocorreguts-durant-la-presentacio-de-linforme-de-discriminacions-a-barcelona\\\/#primaryimage\",\"url\":\"https:\\\/\\\/www.sindicaturabarcelona.cat\\\/wp-content\\\/uploads\\\/14520488-9d98-49d1-879e-00ca21025a19.jpg\",\"contentUrl\":\"https:\\\/\\\/www.sindicaturabarcelona.cat\\\/wp-content\\\/uploads\\\/14520488-9d98-49d1-879e-00ca21025a19.jpg\",\"width\":1600,\"height\":1068},{\"@type\":\"BreadcrumbList\",\"@id\":\"https:\\\/\\\/www.sindicaturabarcelona.cat\\\/ca\\\/la-sindicatura-adverteix-a-lajuntament-de-barcelona-que-cal-vetllar-perque-no-es-tornin-a-repetir-els-fets-ocorreguts-durant-la-presentacio-de-linforme-de-discriminacions-a-barcelona\\\/#breadcrumb\",\"itemListElement\":[{\"@type\":\"ListItem\",\"position\":1,\"name\":\"Inici\",\"item\":\"https:\\\/\\\/www.sindicaturabarcelona.cat\\\/ca\\\/\"},{\"@type\":\"ListItem\",\"position\":2,\"name\":\"La Sindicatura adverteix l\u2019Ajuntament que cal vetllar perqu\u00e8 no es repeteixin els fets ocorreguts durant la presentaci\u00f3 de l\u2019Informe de Discriminacions a Barcelona 2024\"}]},{\"@type\":\"WebSite\",\"@id\":\"https:\\\/\\\/www.sindicaturabarcelona.cat\\\/ca\\\/#website\",\"url\":\"https:\\\/\\\/www.sindicaturabarcelona.cat\\\/ca\\\/\",\"name\":\"Sindicatura de Greuges de Barcelona\",\"description\":\"La defensoria dels teus drets\",\"publisher\":{\"@id\":\"https:\\\/\\\/www.sindicaturabarcelona.cat\\\/ca\\\/#organization\"},\"potentialAction\":[{\"@type\":\"SearchAction\",\"target\":{\"@type\":\"EntryPoint\",\"urlTemplate\":\"https:\\\/\\\/www.sindicaturabarcelona.cat\\\/ca\\\/?s={search_term_string}\"},\"query-input\":{\"@type\":\"PropertyValueSpecification\",\"valueRequired\":true,\"valueName\":\"search_term_string\"}}],\"inLanguage\":\"ca\"},{\"@type\":\"Organization\",\"@id\":\"https:\\\/\\\/www.sindicaturabarcelona.cat\\\/ca\\\/#organization\",\"name\":\"Sindicatura de Greuges de Barcelona\",\"url\":\"https:\\\/\\\/www.sindicaturabarcelona.cat\\\/ca\\\/\",\"logo\":{\"@type\":\"ImageObject\",\"inLanguage\":\"ca\",\"@id\":\"https:\\\/\\\/www.sindicaturabarcelona.cat\\\/ca\\\/#\\\/schema\\\/logo\\\/image\\\/\",\"url\":\"https:\\\/\\\/www.sindicaturabarcelona.cat\\\/wp-content\\\/uploads\\\/2023\\\/02\\\/logo_sindicatura.svg\",\"contentUrl\":\"https:\\\/\\\/www.sindicaturabarcelona.cat\\\/wp-content\\\/uploads\\\/2023\\\/02\\\/logo_sindicatura.svg\",\"caption\":\"Sindicatura de Greuges de Barcelona\"},\"image\":{\"@id\":\"https:\\\/\\\/www.sindicaturabarcelona.cat\\\/ca\\\/#\\\/schema\\\/logo\\\/image\\\/\"},\"sameAs\":[\"https:\\\/\\\/x.com\\\/sindicbarcelona\",\"https:\\\/\\\/www.instagram.com\\\/sindicbarcelona\\\/\",\"https:\\\/\\\/www.tiktok.com\\\/@sindicaturabcn\",\"https:\\\/\\\/t.me\\\/sindicaturabarcelona\"]},{\"@type\":\"Person\",\"@id\":\"https:\\\/\\\/www.sindicaturabarcelona.cat\\\/ca\\\/#\\\/schema\\\/person\\\/0e5acffc350ffdbc97578159322c9452\",\"name\":\"Pablo\",\"image\":{\"@type\":\"ImageObject\",\"inLanguage\":\"ca\",\"@id\":\"https:\\\/\\\/secure.gravatar.com\\\/avatar\\\/c948169b402ef9492afde705c3dfd5e90e1a6a84ef6840a91124f805a25a480f?s=96&d=mm&r=g\",\"url\":\"https:\\\/\\\/secure.gravatar.com\\\/avatar\\\/c948169b402ef9492afde705c3dfd5e90e1a6a84ef6840a91124f805a25a480f?s=96&d=mm&r=g\",\"contentUrl\":\"https:\\\/\\\/secure.gravatar.com\\\/avatar\\\/c948169b402ef9492afde705c3dfd5e90e1a6a84ef6840a91124f805a25a480f?s=96&d=mm&r=g\",\"caption\":\"Pablo\"},\"url\":\"https:\\\/\\\/www.sindicaturabarcelona.cat\\\/ca\\\/author\\\/pablo\\\/\"}]}<\/script>\n<!-- \/ Yoast SEO plugin. -->","yoast_head_json":{"title":"La Sindicatura adverteix l\u2019Ajuntament que cal vetllar perqu\u00e8 no es repeteixin els fets ocorreguts durant la presentaci\u00f3 de l\u2019Informe de Discriminacions a Barcelona 2024 - Sindicatura de Greuges de Barcelona","description":"\u00c9s incongruent el contingut de l'informe amb els esquetxos escenificats en l\u2019acte institucional de presentaci\u00f3, organitzat pel consistori.","robots":{"index":"index","follow":"follow","max-snippet":"max-snippet:-1","max-image-preview":"max-image-preview:large","max-video-preview":"max-video-preview:-1"},"canonical":"https:\/\/www.sindicaturabarcelona.cat\/ca\/la-sindicatura-adverteix-a-lajuntament-de-barcelona-que-cal-vetllar-perque-no-es-tornin-a-repetir-els-fets-ocorreguts-durant-la-presentacio-de-linforme-de-discriminacions-a-barcelona\/","og_locale":"ca_ES","og_type":"article","og_title":"La Sindicatura adverteix l\u2019Ajuntament que cal vetllar perqu\u00e8 no es repeteixin els fets ocorreguts durant la presentaci\u00f3 de l\u2019Informe de Discriminacions a Barcelona 2024 - Sindicatura de Greuges de Barcelona","og_description":"\u00c9s incongruent el contingut de l'informe amb els esquetxos escenificats en l\u2019acte institucional de presentaci\u00f3, organitzat pel consistori.","og_url":"https:\/\/www.sindicaturabarcelona.cat\/ca\/la-sindicatura-adverteix-a-lajuntament-de-barcelona-que-cal-vetllar-perque-no-es-tornin-a-repetir-els-fets-ocorreguts-durant-la-presentacio-de-linforme-de-discriminacions-a-barcelona\/","og_site_name":"Sindicatura de Greuges de Barcelona","article_published_time":"2025-07-24T06:39:12+00:00","article_modified_time":"2025-07-25T07:54:22+00:00","og_image":[{"width":1600,"height":1068,"url":"https:\/\/www.sindicaturabarcelona.cat\/wp-content\/uploads\/14520488-9d98-49d1-879e-00ca21025a19.jpg","type":"image\/jpeg"}],"author":"Pablo","twitter_card":"summary_large_image","twitter_creator":"@sindicbarcelona","twitter_site":"@sindicbarcelona","twitter_misc":{"Escrit per":"Pablo","Temps estimat de lectura":"4 minuts"},"schema":{"@context":"https:\/\/schema.org","@graph":[{"@type":"Article","@id":"https:\/\/www.sindicaturabarcelona.cat\/ca\/la-sindicatura-adverteix-a-lajuntament-de-barcelona-que-cal-vetllar-perque-no-es-tornin-a-repetir-els-fets-ocorreguts-durant-la-presentacio-de-linforme-de-discriminacions-a-barcelona\/#article","isPartOf":{"@id":"https:\/\/www.sindicaturabarcelona.cat\/ca\/la-sindicatura-adverteix-a-lajuntament-de-barcelona-que-cal-vetllar-perque-no-es-tornin-a-repetir-els-fets-ocorreguts-durant-la-presentacio-de-linforme-de-discriminacions-a-barcelona\/"},"author":{"name":"Pablo","@id":"https:\/\/www.sindicaturabarcelona.cat\/ca\/#\/schema\/person\/0e5acffc350ffdbc97578159322c9452"},"headline":"La Sindicatura adverteix l\u2019Ajuntament que cal vetllar perqu\u00e8 no es repeteixin els fets ocorreguts durant la presentaci\u00f3 de l\u2019Informe de Discriminacions a Barcelona 2024","datePublished":"2025-07-24T06:39:12+00:00","dateModified":"2025-07-25T07:54:22+00:00","mainEntityOfPage":{"@id":"https:\/\/www.sindicaturabarcelona.cat\/ca\/la-sindicatura-adverteix-a-lajuntament-de-barcelona-que-cal-vetllar-perque-no-es-tornin-a-repetir-els-fets-ocorreguts-durant-la-presentacio-de-linforme-de-discriminacions-a-barcelona\/"},"wordCount":609,"publisher":{"@id":"https:\/\/www.sindicaturabarcelona.cat\/ca\/#organization"},"image":{"@id":"https:\/\/www.sindicaturabarcelona.cat\/ca\/la-sindicatura-adverteix-a-lajuntament-de-barcelona-que-cal-vetllar-perque-no-es-tornin-a-repetir-els-fets-ocorreguts-durant-la-presentacio-de-linforme-de-discriminacions-a-barcelona\/#primaryimage"},"thumbnailUrl":"https:\/\/www.sindicaturabarcelona.cat\/wp-content\/uploads\/14520488-9d98-49d1-879e-00ca21025a19.jpg","inLanguage":"ca"},{"@type":"WebPage","@id":"https:\/\/www.sindicaturabarcelona.cat\/ca\/la-sindicatura-adverteix-a-lajuntament-de-barcelona-que-cal-vetllar-perque-no-es-tornin-a-repetir-els-fets-ocorreguts-durant-la-presentacio-de-linforme-de-discriminacions-a-barcelona\/","url":"https:\/\/www.sindicaturabarcelona.cat\/ca\/la-sindicatura-adverteix-a-lajuntament-de-barcelona-que-cal-vetllar-perque-no-es-tornin-a-repetir-els-fets-ocorreguts-durant-la-presentacio-de-linforme-de-discriminacions-a-barcelona\/","name":"La Sindicatura adverteix l\u2019Ajuntament que cal vetllar perqu\u00e8 no es repeteixin els fets ocorreguts durant la presentaci\u00f3 de l\u2019Informe de Discriminacions a Barcelona 2024 - Sindicatura de Greuges de Barcelona","isPartOf":{"@id":"https:\/\/www.sindicaturabarcelona.cat\/ca\/#website"},"primaryImageOfPage":{"@id":"https:\/\/www.sindicaturabarcelona.cat\/ca\/la-sindicatura-adverteix-a-lajuntament-de-barcelona-que-cal-vetllar-perque-no-es-tornin-a-repetir-els-fets-ocorreguts-durant-la-presentacio-de-linforme-de-discriminacions-a-barcelona\/#primaryimage"},"image":{"@id":"https:\/\/www.sindicaturabarcelona.cat\/ca\/la-sindicatura-adverteix-a-lajuntament-de-barcelona-que-cal-vetllar-perque-no-es-tornin-a-repetir-els-fets-ocorreguts-durant-la-presentacio-de-linforme-de-discriminacions-a-barcelona\/#primaryimage"},"thumbnailUrl":"https:\/\/www.sindicaturabarcelona.cat\/wp-content\/uploads\/14520488-9d98-49d1-879e-00ca21025a19.jpg","datePublished":"2025-07-24T06:39:12+00:00","dateModified":"2025-07-25T07:54:22+00:00","description":"\u00c9s incongruent el contingut de l'informe amb els esquetxos escenificats en l\u2019acte institucional de presentaci\u00f3, organitzat pel consistori.","breadcrumb":{"@id":"https:\/\/www.sindicaturabarcelona.cat\/ca\/la-sindicatura-adverteix-a-lajuntament-de-barcelona-que-cal-vetllar-perque-no-es-tornin-a-repetir-els-fets-ocorreguts-durant-la-presentacio-de-linforme-de-discriminacions-a-barcelona\/#breadcrumb"},"inLanguage":"ca","potentialAction":[{"@type":"ReadAction","target":["https:\/\/www.sindicaturabarcelona.cat\/ca\/la-sindicatura-adverteix-a-lajuntament-de-barcelona-que-cal-vetllar-perque-no-es-tornin-a-repetir-els-fets-ocorreguts-durant-la-presentacio-de-linforme-de-discriminacions-a-barcelona\/"]}]},{"@type":"ImageObject","inLanguage":"ca","@id":"https:\/\/www.sindicaturabarcelona.cat\/ca\/la-sindicatura-adverteix-a-lajuntament-de-barcelona-que-cal-vetllar-perque-no-es-tornin-a-repetir-els-fets-ocorreguts-durant-la-presentacio-de-linforme-de-discriminacions-a-barcelona\/#primaryimage","url":"https:\/\/www.sindicaturabarcelona.cat\/wp-content\/uploads\/14520488-9d98-49d1-879e-00ca21025a19.jpg","contentUrl":"https:\/\/www.sindicaturabarcelona.cat\/wp-content\/uploads\/14520488-9d98-49d1-879e-00ca21025a19.jpg","width":1600,"height":1068},{"@type":"BreadcrumbList","@id":"https:\/\/www.sindicaturabarcelona.cat\/ca\/la-sindicatura-adverteix-a-lajuntament-de-barcelona-que-cal-vetllar-perque-no-es-tornin-a-repetir-els-fets-ocorreguts-durant-la-presentacio-de-linforme-de-discriminacions-a-barcelona\/#breadcrumb","itemListElement":[{"@type":"ListItem","position":1,"name":"Inici","item":"https:\/\/www.sindicaturabarcelona.cat\/ca\/"},{"@type":"ListItem","position":2,"name":"La Sindicatura adverteix l\u2019Ajuntament que cal vetllar perqu\u00e8 no es repeteixin els fets ocorreguts durant la presentaci\u00f3 de l\u2019Informe de Discriminacions a Barcelona 2024"}]},{"@type":"WebSite","@id":"https:\/\/www.sindicaturabarcelona.cat\/ca\/#website","url":"https:\/\/www.sindicaturabarcelona.cat\/ca\/","name":"Sindicatura de Greuges de Barcelona","description":"La defensoria dels teus drets","publisher":{"@id":"https:\/\/www.sindicaturabarcelona.cat\/ca\/#organization"},"potentialAction":[{"@type":"SearchAction","target":{"@type":"EntryPoint","urlTemplate":"https:\/\/www.sindicaturabarcelona.cat\/ca\/?s={search_term_string}"},"query-input":{"@type":"PropertyValueSpecification","valueRequired":true,"valueName":"search_term_string"}}],"inLanguage":"ca"},{"@type":"Organization","@id":"https:\/\/www.sindicaturabarcelona.cat\/ca\/#organization","name":"Sindicatura de Greuges de Barcelona","url":"https:\/\/www.sindicaturabarcelona.cat\/ca\/","logo":{"@type":"ImageObject","inLanguage":"ca","@id":"https:\/\/www.sindicaturabarcelona.cat\/ca\/#\/schema\/logo\/image\/","url":"https:\/\/www.sindicaturabarcelona.cat\/wp-content\/uploads\/2023\/02\/logo_sindicatura.svg","contentUrl":"https:\/\/www.sindicaturabarcelona.cat\/wp-content\/uploads\/2023\/02\/logo_sindicatura.svg","caption":"Sindicatura de Greuges de Barcelona"},"image":{"@id":"https:\/\/www.sindicaturabarcelona.cat\/ca\/#\/schema\/logo\/image\/"},"sameAs":["https:\/\/x.com\/sindicbarcelona","https:\/\/www.instagram.com\/sindicbarcelona\/","https:\/\/www.tiktok.com\/@sindicaturabcn","https:\/\/t.me\/sindicaturabarcelona"]},{"@type":"Person","@id":"https:\/\/www.sindicaturabarcelona.cat\/ca\/#\/schema\/person\/0e5acffc350ffdbc97578159322c9452","name":"Pablo","image":{"@type":"ImageObject","inLanguage":"ca","@id":"https:\/\/secure.gravatar.com\/avatar\/c948169b402ef9492afde705c3dfd5e90e1a6a84ef6840a91124f805a25a480f?s=96&d=mm&r=g","url":"https:\/\/secure.gravatar.com\/avatar\/c948169b402ef9492afde705c3dfd5e90e1a6a84ef6840a91124f805a25a480f?s=96&d=mm&r=g","contentUrl":"https:\/\/secure.gravatar.com\/avatar\/c948169b402ef9492afde705c3dfd5e90e1a6a84ef6840a91124f805a25a480f?s=96&d=mm&r=g","caption":"Pablo"},"url":"https:\/\/www.sindicaturabarcelona.cat\/ca\/author\/pablo\/"}]}},"_links":{"self":[{"href":"https:\/\/www.sindicaturabarcelona.cat\/ca\/wp-json\/wp\/v2\/posts\/38298","targetHints":{"allow":["GET"]}}],"collection":[{"href":"https:\/\/www.sindicaturabarcelona.cat\/ca\/wp-json\/wp\/v2\/posts"}],"about":[{"href":"https:\/\/www.sindicaturabarcelona.cat\/ca\/wp-json\/wp\/v2\/types\/post"}],"author":[{"embeddable":true,"href":"https:\/\/www.sindicaturabarcelona.cat\/ca\/wp-json\/wp\/v2\/users\/2"}],"replies":[{"embeddable":true,"href":"https:\/\/www.sindicaturabarcelona.cat\/ca\/wp-json\/wp\/v2\/comments?post=38298"}],"version-history":[{"count":14,"href":"https:\/\/www.sindicaturabarcelona.cat\/ca\/wp-json\/wp\/v2\/posts\/38298\/revisions"}],"predecessor-version":[{"id":38352,"href":"https:\/\/www.sindicaturabarcelona.cat\/ca\/wp-json\/wp\/v2\/posts\/38298\/revisions\/38352"}],"wp:featuredmedia":[{"embeddable":true,"href":"https:\/\/www.sindicaturabarcelona.cat\/ca\/wp-json\/wp\/v2\/media\/38300"}],"wp:attachment":[{"href":"https:\/\/www.sindicaturabarcelona.cat\/ca\/wp-json\/wp\/v2\/media?parent=38298"}],"wp:term":[{"taxonomy":"post_tag","embeddable":true,"href":"https:\/\/www.sindicaturabarcelona.cat\/ca\/wp-json\/wp\/v2\/tags?post=38298"},{"taxonomy":"drets","embeddable":true,"href":"https:\/\/www.sindicaturabarcelona.cat\/ca\/wp-json\/wp\/v2\/drets?post=38298"}],"curies":[{"name":"wp","href":"https:\/\/api.w.org\/{rel}","templated":true}]}}