{"id":38251,"date":"2025-07-18T07:30:00","date_gmt":"2025-07-18T05:30:00","guid":{"rendered":"https:\/\/www.sindicaturabarcelona.cat\/?p=38251"},"modified":"2025-07-18T10:43:13","modified_gmt":"2025-07-18T08:43:13","slug":"la-sindicatura-assenyala-que-lactuacio-municipal-ha-de-millorar-per-garantir-un-entorn-climatic-adequat-a-les-escoles-bressol","status":"publish","type":"post","link":"https:\/\/www.sindicaturabarcelona.cat\/ca\/la-sindicatura-assenyala-que-lactuacio-municipal-ha-de-millorar-per-garantir-un-entorn-climatic-adequat-a-les-escoles-bressol\/","title":{"rendered":"La Sindicatura assenyala que l\u2019actuaci\u00f3 municipal ha de millorar per garantir un entorn clim\u00e0tic adequat a les escoles bressol"},"content":{"rendered":"\n<h2 class=\"wp-block-heading\"><strong>L\u2019Institut Municipal d\u2019Educaci\u00f3 no ha estat prou diligent a l\u2019hora de reparar el sistema d\u2019aire condicionat en un centre per a infants de fins a tres anys. Aquest fet, en un context d\u2019altes temperatures, t\u00e9 un impacte directe en la seva salut i benestar.<\/strong><\/h2>\n\n\n\n<p>L\u2019Associaci\u00f3 de Fam\u00edlies d\u2019Alumnes (AFA)<strong> <\/strong>de l\u2019<strong>Escola Bressol Alchemika<\/strong>, al districte de Sant Mart\u00ed i de titularitat municipal, <a href=\"https:\/\/www.sindicaturabarcelona.cat\/wp-content\/uploads\/202507_Avaria-Climatitzacio-Aire-Condicionat-Escola-Bressol-Alchemika_25Q000580.pdf\" target=\"_blank\" rel=\"noreferrer noopener\">va presentar una queixa perqu\u00e8 els sistemes d\u2019aire condicionat no funcionendes de fa mesos<\/a>. Aquesta situaci\u00f3\u00a0 s\u2019agreuja perqu\u00e8 <strong>el terra del pati, de cautx\u00fa, acumula molta calor<\/strong>.<\/p>\n\n\n\n<p>Els darrers anys, l\u2019Institut Municipal d\u2019Educaci\u00f3 de Barcelona (IMEB) ha anat fent petites reparacions per resoldre les nombroses avaries, i ara <strong>s\u2019hi han instal\u00b7lat ventiladors i climatitzadors port\u00e0tils, que l\u2019AFA considera insuficients<\/strong>. Per resoldre el problema es requereixen treballs de reparaci\u00f3, que segons l\u2019IMEB, superen els costos de manteniment habituals, i ha calgut iniciar un procediment que ha fet demorar el proc\u00e9s.<\/p>\n\n\n\n<p>L\u2019ens calcula que <strong>la reparaci\u00f3 de l\u2019aire condicionat tindr\u00e0 lloc al juliol i a l\u2019agost d\u2019enguany<\/strong>, per la qual cosa no podr\u00e0 funcionar, si m\u00e9s no plenament, durant els mesos en qu\u00e8 les temperatures solen ser m\u00e9s elevades. De fet, al juny ja es va viure <a href=\"https:\/\/beteve.cat\/medi-ambient\/primera-quinzena-juny-podi-calor-2025\/\" target=\"_blank\" rel=\"noreferrer noopener\">una de les onades de calor m\u00e9s fortes de les \u00faltimes d\u00e8cades<\/a>, amb dies en qu\u00e8 es van superar en vuit graus la temperatura mitjana a la ciutat en el mateix per\u00edode. Al juny <strong>els term\u00f2metres interiors de l\u2019escola van registrar temperatures superiors als l\u00edmits establerts<\/strong> a la normativa. \u00a0\u00a0<\/p>\n\n\n\n<h2 class=\"wp-block-heading\"><strong>Afectacions de salut en un dels col\u00b7lectius m\u00e9s vulnerables<\/strong><\/h2>\n\n\n\n<p>Cal recordar que els infants, durant els primers anys de vida, s\u00f3n <a href=\"https:\/\/canalsalut.gencat.cat\/ca\/vida-saludable\/consells-estacionals\/estiu\/calor\/especial-precaucio-persones-mes-vulnerables\/\" target=\"_blank\" rel=\"noreferrer noopener\">un dels col\u00b7lectius m\u00e9s vulnerables a la calor<\/a>, en un context general d\u2019increment clim\u00e0tic global. En el cas dels nadons, la seva capacitat limitada per regular la temperatura corporal i la menor capacitat per expressar la set els fa <strong>especialment sensibles a la deshidrataci\u00f3, als cops de calor i a altres afeccions derivades de l\u2019exc\u00e9s de calor<\/strong>.<\/p>\n\n\n\n<p>A m\u00e9s a m\u00e9s, l\u2019exposici\u00f3 prolongada a temperatures elevades <strong>pot perjudicar-ne el desenvolupament cognitiu i emocional<\/strong>, aix\u00ed com alterar-ne el descans,&nbsp; l\u2019alimentaci\u00f3 i la capacitat de concentraci\u00f3. A m\u00e9s, dificulten la tasca educativa i generen malestar en l\u2019entorn escolar.<\/p>\n\n\n\n<p><strong>Els infants tenen el dret fonamental de cr\u00e9ixer en un entorn segur, saludable i respectu\u00f3s amb les seves necessitats<\/strong>, i \u00e9s imprescindible (com a deure jur\u00eddic, a m\u00e9s d\u2019\u00e8tic) que les administracions p\u00fabliques adoptin mesures urgents per adaptar les infraestructures educatives al context clim\u00e0tic actual. Un fet que \u00e9s especialment greu quan s\u2019hi afegeix, com \u00e9s el cas del centre Alchemika, la manca de previsi\u00f3.<\/p>\n\n\n\n<p>I \u00e9s que, ateses les avaries recurrents d\u2019anys previs, i coneixent la necessitat de reformes estructurals que superaven les tasques de manteniment ordinari, <strong>el consistori<\/strong> <strong>hauria pogut preveure que calia arreglar el sistema d\u2019aire condicionat abans de l\u2019arribada de les altes temperatures<\/strong>, i aix\u00ed no posar en risc la salut dels infants i del personal educatiu. La reacci\u00f3 ha estat reactiva, no preventiva, un cop el malestar t\u00e8rmic ja era greu.<\/p>\n\n\n\n<h2 class=\"wp-block-heading\"><strong>Una situaci\u00f3 que no \u00e9s exclusiva d\u2019Alchemika<\/strong><\/h2>\n\n\n\n<p>A la Sindicatura hem rebut queixes d\u2019altres escoles bressol municipals que han patit problemes similars amb els sistemes de climatitzaci\u00f3, tant durant aquest curs com en anteriors. Del total de 105 centres que gestiona l\u2019IMEB, <strong>s\u2019han distribu\u00eft aparells port\u00e0tils de climatitzaci\u00f3 a 30 escoles, i en 15 s\u2019hi reparar\u00e0 l\u2019aire condicionat<\/strong>. Les reparacions seran, com en el cas d\u2019Alchemika, durant <strong>els mesos de juliol i agost<\/strong>, i tamb\u00e9 en aquests casos era raonable preveure la necessitat de disposar d\u2019un servei de resposta r\u00e0pida capa\u00e7 d\u2019afrontar avaries greus durant els mesos de m\u00e9s calor.<\/p>\n\n\n\n<p><strong>Tamb\u00e9 hi ha marge de millora pel que fa a la comunicaci\u00f3 amb les escoles i les fam\u00edlies<\/strong>: aquesta ha de ser clara, accessible i actualitzada sobre les intervencions previstes en mat\u00e8ria de climatitzaci\u00f3, per tal que de refor\u00e7ar-hi la confian\u00e7a. El retiment de comptes, la transpar\u00e8ncia i la participaci\u00f3 significativa i informada s\u00f3n essencials per garantir una gesti\u00f3 p\u00fablica responsable i respectuosa amb els <a href=\"https:\/\/www.sindicaturabarcelona.cat\/ca\/drets\/drets-de-la-infancia-i-ladolescencia\/\" target=\"_blank\" rel=\"noreferrer noopener\">drets dels infants<\/a>.<\/p>\n\n\n\n<h2 class=\"wp-block-heading\"><strong>Les conclusions de la Sindicatura<\/strong><\/h2>\n\n\n\n<p>\u00c9s per tot aix\u00f2 que la Sindicatura considera <a href=\"https:\/\/www.sindicaturabarcelona.cat\/wp-content\/uploads\/202507_Avaria-Climatitzacio-Aire-Condicionat-Escola-Bressol-Alchemika_25Q000580.pdf\" target=\"_blank\" rel=\"noreferrer noopener\">en la seva resoluci\u00f3<\/a> que <strong>l\u2019actuaci\u00f3 de l\u2019IMEB ha de millorar<\/strong> i emet la decisi\u00f3 seg\u00fcent:<\/p>\n\n\n\n<ul class=\"wp-block-list\">\n<li>Li recorda que t\u00e9 l\u2019obligaci\u00f3 de <strong>garantir el confort t\u00e8rmic adequat a les escoles bressol<\/strong>, i que ha de reparar els sistemes de climatitzaci\u00f3 abans de l\u2019inici del curs 2025-2026.<\/li>\n<\/ul>\n\n\n\n<ul class=\"wp-block-list\">\n<li>Li recomana que <strong>disposi d\u2019un manteniment adequat d\u2019aquests sistemes<\/strong>, que en comprovi de manera preventiva el bon funcionament abans de l\u2019arribada de l\u2019estiu i que dugui a terme les accions que calguin per tenir un sistema de reparaci\u00f3 \u00e0gil durant aquest per\u00edode.<\/li>\n<\/ul>\n\n\n\n<ul class=\"wp-block-list\">\n<li>A m\u00e9s, <strong>ha d\u2019informar la comunitat educativa de manera clara<\/strong> i cont\u00ednua sobre les intervencions previstes.<\/li>\n<\/ul>\n","protected":false},"excerpt":{"rendered":"<p>L\u2019Institut Municipal d\u2019Educaci\u00f3 no ha estat prou diligent a l\u2019hora de reparar el sistema d\u2019aire condicionat en un centre per a infants de fins a tres anys. Aquest fet, en [&hellip;]<\/p>\n","protected":false},"author":2,"featured_media":38256,"comment_status":"closed","ping_status":"closed","sticky":false,"template":"","format":"standard","meta":{"_acf_changed":false,"footnotes":""},"tags":[],"drets":[1428,1430,1431],"class_list":["post-38251","post","type-post","status-publish","format-standard","has-post-thumbnail","hentry","drets-ciutat-equitativa","drets-dret-a-educacio-i-lleure","drets-dret-a-la-salut"],"acf":[],"yoast_head":"<!-- This site is optimized with the Yoast SEO plugin v27.5 - https:\/\/yoast.com\/product\/yoast-seo-wordpress\/ -->\n<title>La Sindicatura assenyala que l\u2019actuaci\u00f3 municipal ha de millorar per garantir un entorn clim\u00e0tic adequat a les escoles bressol - Sindicatura de Greuges de Barcelona<\/title>\n<meta name=\"description\" content=\"L\u2019Institut Municipal d\u2019Educaci\u00f3 no ha estat prou diligent a l\u2019hora de reparar els sistemes d\u2019aire condicionat de diversos centres.\" \/>\n<meta name=\"robots\" content=\"index, follow, max-snippet:-1, max-image-preview:large, max-video-preview:-1\" \/>\n<link rel=\"canonical\" href=\"https:\/\/www.sindicaturabarcelona.cat\/ca\/la-sindicatura-assenyala-que-lactuacio-municipal-ha-de-millorar-per-garantir-un-entorn-climatic-adequat-a-les-escoles-bressol\/\" \/>\n<meta property=\"og:locale\" content=\"ca_ES\" \/>\n<meta property=\"og:type\" content=\"article\" \/>\n<meta property=\"og:title\" content=\"La Sindicatura assenyala que l\u2019actuaci\u00f3 municipal ha de millorar per garantir un entorn clim\u00e0tic adequat a les escoles bressol - Sindicatura de Greuges de Barcelona\" \/>\n<meta property=\"og:description\" content=\"L\u2019Institut Municipal d\u2019Educaci\u00f3 no ha estat prou diligent a l\u2019hora de reparar els sistemes d\u2019aire condicionat de diversos centres.\" \/>\n<meta property=\"og:url\" content=\"https:\/\/www.sindicaturabarcelona.cat\/ca\/la-sindicatura-assenyala-que-lactuacio-municipal-ha-de-millorar-per-garantir-un-entorn-climatic-adequat-a-les-escoles-bressol\/\" \/>\n<meta property=\"og:site_name\" content=\"Sindicatura de Greuges de Barcelona\" \/>\n<meta property=\"article:published_time\" content=\"2025-07-18T05:30:00+00:00\" \/>\n<meta property=\"article:modified_time\" content=\"2025-07-18T08:43:13+00:00\" \/>\n<meta property=\"og:image\" content=\"https:\/\/www.sindicaturabarcelona.cat\/wp-content\/uploads\/dos-infants-juguen-plegats-dalt-dun-scaled.jpg\" \/>\n\t<meta property=\"og:image:width\" content=\"2560\" \/>\n\t<meta property=\"og:image:height\" content=\"1707\" \/>\n\t<meta property=\"og:image:type\" content=\"image\/jpeg\" \/>\n<meta name=\"author\" content=\"Pablo\" \/>\n<meta name=\"twitter:card\" content=\"summary_large_image\" \/>\n<meta name=\"twitter:creator\" content=\"@sindicbarcelona\" \/>\n<meta name=\"twitter:site\" content=\"@sindicbarcelona\" \/>\n<meta name=\"twitter:label1\" content=\"Escrit per\" \/>\n\t<meta name=\"twitter:data1\" content=\"Pablo\" \/>\n\t<meta name=\"twitter:label2\" content=\"Temps estimat de lectura\" \/>\n\t<meta name=\"twitter:data2\" content=\"5 minuts\" \/>\n<script type=\"application\/ld+json\" class=\"yoast-schema-graph\">{\"@context\":\"https:\\\/\\\/schema.org\",\"@graph\":[{\"@type\":\"Article\",\"@id\":\"https:\\\/\\\/www.sindicaturabarcelona.cat\\\/ca\\\/la-sindicatura-assenyala-que-lactuacio-municipal-ha-de-millorar-per-garantir-un-entorn-climatic-adequat-a-les-escoles-bressol\\\/#article\",\"isPartOf\":{\"@id\":\"https:\\\/\\\/www.sindicaturabarcelona.cat\\\/ca\\\/la-sindicatura-assenyala-que-lactuacio-municipal-ha-de-millorar-per-garantir-un-entorn-climatic-adequat-a-les-escoles-bressol\\\/\"},\"author\":{\"name\":\"Pablo\",\"@id\":\"https:\\\/\\\/www.sindicaturabarcelona.cat\\\/ca\\\/#\\\/schema\\\/person\\\/0e5acffc350ffdbc97578159322c9452\"},\"headline\":\"La Sindicatura assenyala que l\u2019actuaci\u00f3 municipal ha de millorar per garantir un entorn clim\u00e0tic adequat a les escoles bressol\",\"datePublished\":\"2025-07-18T05:30:00+00:00\",\"dateModified\":\"2025-07-18T08:43:13+00:00\",\"mainEntityOfPage\":{\"@id\":\"https:\\\/\\\/www.sindicaturabarcelona.cat\\\/ca\\\/la-sindicatura-assenyala-que-lactuacio-municipal-ha-de-millorar-per-garantir-un-entorn-climatic-adequat-a-les-escoles-bressol\\\/\"},\"wordCount\":895,\"publisher\":{\"@id\":\"https:\\\/\\\/www.sindicaturabarcelona.cat\\\/ca\\\/#organization\"},\"image\":{\"@id\":\"https:\\\/\\\/www.sindicaturabarcelona.cat\\\/ca\\\/la-sindicatura-assenyala-que-lactuacio-municipal-ha-de-millorar-per-garantir-un-entorn-climatic-adequat-a-les-escoles-bressol\\\/#primaryimage\"},\"thumbnailUrl\":\"https:\\\/\\\/www.sindicaturabarcelona.cat\\\/wp-content\\\/uploads\\\/dos-infants-juguen-plegats-dalt-dun-scaled.jpg\",\"inLanguage\":\"ca\"},{\"@type\":\"WebPage\",\"@id\":\"https:\\\/\\\/www.sindicaturabarcelona.cat\\\/ca\\\/la-sindicatura-assenyala-que-lactuacio-municipal-ha-de-millorar-per-garantir-un-entorn-climatic-adequat-a-les-escoles-bressol\\\/\",\"url\":\"https:\\\/\\\/www.sindicaturabarcelona.cat\\\/ca\\\/la-sindicatura-assenyala-que-lactuacio-municipal-ha-de-millorar-per-garantir-un-entorn-climatic-adequat-a-les-escoles-bressol\\\/\",\"name\":\"La Sindicatura assenyala que l\u2019actuaci\u00f3 municipal ha de millorar per garantir un entorn clim\u00e0tic adequat a les escoles bressol - Sindicatura de Greuges de Barcelona\",\"isPartOf\":{\"@id\":\"https:\\\/\\\/www.sindicaturabarcelona.cat\\\/ca\\\/#website\"},\"primaryImageOfPage\":{\"@id\":\"https:\\\/\\\/www.sindicaturabarcelona.cat\\\/ca\\\/la-sindicatura-assenyala-que-lactuacio-municipal-ha-de-millorar-per-garantir-un-entorn-climatic-adequat-a-les-escoles-bressol\\\/#primaryimage\"},\"image\":{\"@id\":\"https:\\\/\\\/www.sindicaturabarcelona.cat\\\/ca\\\/la-sindicatura-assenyala-que-lactuacio-municipal-ha-de-millorar-per-garantir-un-entorn-climatic-adequat-a-les-escoles-bressol\\\/#primaryimage\"},\"thumbnailUrl\":\"https:\\\/\\\/www.sindicaturabarcelona.cat\\\/wp-content\\\/uploads\\\/dos-infants-juguen-plegats-dalt-dun-scaled.jpg\",\"datePublished\":\"2025-07-18T05:30:00+00:00\",\"dateModified\":\"2025-07-18T08:43:13+00:00\",\"description\":\"L\u2019Institut Municipal d\u2019Educaci\u00f3 no ha estat prou diligent a l\u2019hora de reparar els sistemes d\u2019aire condicionat de diversos centres.\",\"breadcrumb\":{\"@id\":\"https:\\\/\\\/www.sindicaturabarcelona.cat\\\/ca\\\/la-sindicatura-assenyala-que-lactuacio-municipal-ha-de-millorar-per-garantir-un-entorn-climatic-adequat-a-les-escoles-bressol\\\/#breadcrumb\"},\"inLanguage\":\"ca\",\"potentialAction\":[{\"@type\":\"ReadAction\",\"target\":[\"https:\\\/\\\/www.sindicaturabarcelona.cat\\\/ca\\\/la-sindicatura-assenyala-que-lactuacio-municipal-ha-de-millorar-per-garantir-un-entorn-climatic-adequat-a-les-escoles-bressol\\\/\"]}]},{\"@type\":\"ImageObject\",\"inLanguage\":\"ca\",\"@id\":\"https:\\\/\\\/www.sindicaturabarcelona.cat\\\/ca\\\/la-sindicatura-assenyala-que-lactuacio-municipal-ha-de-millorar-per-garantir-un-entorn-climatic-adequat-a-les-escoles-bressol\\\/#primaryimage\",\"url\":\"https:\\\/\\\/www.sindicaturabarcelona.cat\\\/wp-content\\\/uploads\\\/dos-infants-juguen-plegats-dalt-dun-scaled.jpg\",\"contentUrl\":\"https:\\\/\\\/www.sindicaturabarcelona.cat\\\/wp-content\\\/uploads\\\/dos-infants-juguen-plegats-dalt-dun-scaled.jpg\",\"width\":2560,\"height\":1707,\"caption\":\"Escola Bressol\"},{\"@type\":\"BreadcrumbList\",\"@id\":\"https:\\\/\\\/www.sindicaturabarcelona.cat\\\/ca\\\/la-sindicatura-assenyala-que-lactuacio-municipal-ha-de-millorar-per-garantir-un-entorn-climatic-adequat-a-les-escoles-bressol\\\/#breadcrumb\",\"itemListElement\":[{\"@type\":\"ListItem\",\"position\":1,\"name\":\"Inici\",\"item\":\"https:\\\/\\\/www.sindicaturabarcelona.cat\\\/ca\\\/\"},{\"@type\":\"ListItem\",\"position\":2,\"name\":\"La Sindicatura assenyala que l\u2019actuaci\u00f3 municipal ha de millorar per garantir un entorn clim\u00e0tic adequat a les escoles bressol\"}]},{\"@type\":\"WebSite\",\"@id\":\"https:\\\/\\\/www.sindicaturabarcelona.cat\\\/ca\\\/#website\",\"url\":\"https:\\\/\\\/www.sindicaturabarcelona.cat\\\/ca\\\/\",\"name\":\"Sindicatura de Greuges de Barcelona\",\"description\":\"La defensoria dels teus drets\",\"publisher\":{\"@id\":\"https:\\\/\\\/www.sindicaturabarcelona.cat\\\/ca\\\/#organization\"},\"potentialAction\":[{\"@type\":\"SearchAction\",\"target\":{\"@type\":\"EntryPoint\",\"urlTemplate\":\"https:\\\/\\\/www.sindicaturabarcelona.cat\\\/ca\\\/?s={search_term_string}\"},\"query-input\":{\"@type\":\"PropertyValueSpecification\",\"valueRequired\":true,\"valueName\":\"search_term_string\"}}],\"inLanguage\":\"ca\"},{\"@type\":\"Organization\",\"@id\":\"https:\\\/\\\/www.sindicaturabarcelona.cat\\\/ca\\\/#organization\",\"name\":\"Sindicatura de Greuges de Barcelona\",\"url\":\"https:\\\/\\\/www.sindicaturabarcelona.cat\\\/ca\\\/\",\"logo\":{\"@type\":\"ImageObject\",\"inLanguage\":\"ca\",\"@id\":\"https:\\\/\\\/www.sindicaturabarcelona.cat\\\/ca\\\/#\\\/schema\\\/logo\\\/image\\\/\",\"url\":\"https:\\\/\\\/www.sindicaturabarcelona.cat\\\/wp-content\\\/uploads\\\/2023\\\/02\\\/logo_sindicatura.svg\",\"contentUrl\":\"https:\\\/\\\/www.sindicaturabarcelona.cat\\\/wp-content\\\/uploads\\\/2023\\\/02\\\/logo_sindicatura.svg\",\"caption\":\"Sindicatura de Greuges de Barcelona\"},\"image\":{\"@id\":\"https:\\\/\\\/www.sindicaturabarcelona.cat\\\/ca\\\/#\\\/schema\\\/logo\\\/image\\\/\"},\"sameAs\":[\"https:\\\/\\\/x.com\\\/sindicbarcelona\",\"https:\\\/\\\/www.instagram.com\\\/sindicbarcelona\\\/\",\"https:\\\/\\\/www.tiktok.com\\\/@sindicaturabcn\",\"https:\\\/\\\/t.me\\\/sindicaturabarcelona\"]},{\"@type\":\"Person\",\"@id\":\"https:\\\/\\\/www.sindicaturabarcelona.cat\\\/ca\\\/#\\\/schema\\\/person\\\/0e5acffc350ffdbc97578159322c9452\",\"name\":\"Pablo\",\"image\":{\"@type\":\"ImageObject\",\"inLanguage\":\"ca\",\"@id\":\"https:\\\/\\\/secure.gravatar.com\\\/avatar\\\/c948169b402ef9492afde705c3dfd5e90e1a6a84ef6840a91124f805a25a480f?s=96&d=mm&r=g\",\"url\":\"https:\\\/\\\/secure.gravatar.com\\\/avatar\\\/c948169b402ef9492afde705c3dfd5e90e1a6a84ef6840a91124f805a25a480f?s=96&d=mm&r=g\",\"contentUrl\":\"https:\\\/\\\/secure.gravatar.com\\\/avatar\\\/c948169b402ef9492afde705c3dfd5e90e1a6a84ef6840a91124f805a25a480f?s=96&d=mm&r=g\",\"caption\":\"Pablo\"},\"url\":\"https:\\\/\\\/www.sindicaturabarcelona.cat\\\/ca\\\/author\\\/pablo\\\/\"}]}<\/script>\n<!-- \/ Yoast SEO plugin. -->","yoast_head_json":{"title":"La Sindicatura assenyala que l\u2019actuaci\u00f3 municipal ha de millorar per garantir un entorn clim\u00e0tic adequat a les escoles bressol - Sindicatura de Greuges de Barcelona","description":"L\u2019Institut Municipal d\u2019Educaci\u00f3 no ha estat prou diligent a l\u2019hora de reparar els sistemes d\u2019aire condicionat de diversos centres.","robots":{"index":"index","follow":"follow","max-snippet":"max-snippet:-1","max-image-preview":"max-image-preview:large","max-video-preview":"max-video-preview:-1"},"canonical":"https:\/\/www.sindicaturabarcelona.cat\/ca\/la-sindicatura-assenyala-que-lactuacio-municipal-ha-de-millorar-per-garantir-un-entorn-climatic-adequat-a-les-escoles-bressol\/","og_locale":"ca_ES","og_type":"article","og_title":"La Sindicatura assenyala que l\u2019actuaci\u00f3 municipal ha de millorar per garantir un entorn clim\u00e0tic adequat a les escoles bressol - Sindicatura de Greuges de Barcelona","og_description":"L\u2019Institut Municipal d\u2019Educaci\u00f3 no ha estat prou diligent a l\u2019hora de reparar els sistemes d\u2019aire condicionat de diversos centres.","og_url":"https:\/\/www.sindicaturabarcelona.cat\/ca\/la-sindicatura-assenyala-que-lactuacio-municipal-ha-de-millorar-per-garantir-un-entorn-climatic-adequat-a-les-escoles-bressol\/","og_site_name":"Sindicatura de Greuges de Barcelona","article_published_time":"2025-07-18T05:30:00+00:00","article_modified_time":"2025-07-18T08:43:13+00:00","og_image":[{"width":2560,"height":1707,"url":"https:\/\/www.sindicaturabarcelona.cat\/wp-content\/uploads\/dos-infants-juguen-plegats-dalt-dun-scaled.jpg","type":"image\/jpeg"}],"author":"Pablo","twitter_card":"summary_large_image","twitter_creator":"@sindicbarcelona","twitter_site":"@sindicbarcelona","twitter_misc":{"Escrit per":"Pablo","Temps estimat de lectura":"5 minuts"},"schema":{"@context":"https:\/\/schema.org","@graph":[{"@type":"Article","@id":"https:\/\/www.sindicaturabarcelona.cat\/ca\/la-sindicatura-assenyala-que-lactuacio-municipal-ha-de-millorar-per-garantir-un-entorn-climatic-adequat-a-les-escoles-bressol\/#article","isPartOf":{"@id":"https:\/\/www.sindicaturabarcelona.cat\/ca\/la-sindicatura-assenyala-que-lactuacio-municipal-ha-de-millorar-per-garantir-un-entorn-climatic-adequat-a-les-escoles-bressol\/"},"author":{"name":"Pablo","@id":"https:\/\/www.sindicaturabarcelona.cat\/ca\/#\/schema\/person\/0e5acffc350ffdbc97578159322c9452"},"headline":"La Sindicatura assenyala que l\u2019actuaci\u00f3 municipal ha de millorar per garantir un entorn clim\u00e0tic adequat a les escoles bressol","datePublished":"2025-07-18T05:30:00+00:00","dateModified":"2025-07-18T08:43:13+00:00","mainEntityOfPage":{"@id":"https:\/\/www.sindicaturabarcelona.cat\/ca\/la-sindicatura-assenyala-que-lactuacio-municipal-ha-de-millorar-per-garantir-un-entorn-climatic-adequat-a-les-escoles-bressol\/"},"wordCount":895,"publisher":{"@id":"https:\/\/www.sindicaturabarcelona.cat\/ca\/#organization"},"image":{"@id":"https:\/\/www.sindicaturabarcelona.cat\/ca\/la-sindicatura-assenyala-que-lactuacio-municipal-ha-de-millorar-per-garantir-un-entorn-climatic-adequat-a-les-escoles-bressol\/#primaryimage"},"thumbnailUrl":"https:\/\/www.sindicaturabarcelona.cat\/wp-content\/uploads\/dos-infants-juguen-plegats-dalt-dun-scaled.jpg","inLanguage":"ca"},{"@type":"WebPage","@id":"https:\/\/www.sindicaturabarcelona.cat\/ca\/la-sindicatura-assenyala-que-lactuacio-municipal-ha-de-millorar-per-garantir-un-entorn-climatic-adequat-a-les-escoles-bressol\/","url":"https:\/\/www.sindicaturabarcelona.cat\/ca\/la-sindicatura-assenyala-que-lactuacio-municipal-ha-de-millorar-per-garantir-un-entorn-climatic-adequat-a-les-escoles-bressol\/","name":"La Sindicatura assenyala que l\u2019actuaci\u00f3 municipal ha de millorar per garantir un entorn clim\u00e0tic adequat a les escoles bressol - Sindicatura de Greuges de Barcelona","isPartOf":{"@id":"https:\/\/www.sindicaturabarcelona.cat\/ca\/#website"},"primaryImageOfPage":{"@id":"https:\/\/www.sindicaturabarcelona.cat\/ca\/la-sindicatura-assenyala-que-lactuacio-municipal-ha-de-millorar-per-garantir-un-entorn-climatic-adequat-a-les-escoles-bressol\/#primaryimage"},"image":{"@id":"https:\/\/www.sindicaturabarcelona.cat\/ca\/la-sindicatura-assenyala-que-lactuacio-municipal-ha-de-millorar-per-garantir-un-entorn-climatic-adequat-a-les-escoles-bressol\/#primaryimage"},"thumbnailUrl":"https:\/\/www.sindicaturabarcelona.cat\/wp-content\/uploads\/dos-infants-juguen-plegats-dalt-dun-scaled.jpg","datePublished":"2025-07-18T05:30:00+00:00","dateModified":"2025-07-18T08:43:13+00:00","description":"L\u2019Institut Municipal d\u2019Educaci\u00f3 no ha estat prou diligent a l\u2019hora de reparar els sistemes d\u2019aire condicionat de diversos centres.","breadcrumb":{"@id":"https:\/\/www.sindicaturabarcelona.cat\/ca\/la-sindicatura-assenyala-que-lactuacio-municipal-ha-de-millorar-per-garantir-un-entorn-climatic-adequat-a-les-escoles-bressol\/#breadcrumb"},"inLanguage":"ca","potentialAction":[{"@type":"ReadAction","target":["https:\/\/www.sindicaturabarcelona.cat\/ca\/la-sindicatura-assenyala-que-lactuacio-municipal-ha-de-millorar-per-garantir-un-entorn-climatic-adequat-a-les-escoles-bressol\/"]}]},{"@type":"ImageObject","inLanguage":"ca","@id":"https:\/\/www.sindicaturabarcelona.cat\/ca\/la-sindicatura-assenyala-que-lactuacio-municipal-ha-de-millorar-per-garantir-un-entorn-climatic-adequat-a-les-escoles-bressol\/#primaryimage","url":"https:\/\/www.sindicaturabarcelona.cat\/wp-content\/uploads\/dos-infants-juguen-plegats-dalt-dun-scaled.jpg","contentUrl":"https:\/\/www.sindicaturabarcelona.cat\/wp-content\/uploads\/dos-infants-juguen-plegats-dalt-dun-scaled.jpg","width":2560,"height":1707,"caption":"Escola Bressol"},{"@type":"BreadcrumbList","@id":"https:\/\/www.sindicaturabarcelona.cat\/ca\/la-sindicatura-assenyala-que-lactuacio-municipal-ha-de-millorar-per-garantir-un-entorn-climatic-adequat-a-les-escoles-bressol\/#breadcrumb","itemListElement":[{"@type":"ListItem","position":1,"name":"Inici","item":"https:\/\/www.sindicaturabarcelona.cat\/ca\/"},{"@type":"ListItem","position":2,"name":"La Sindicatura assenyala que l\u2019actuaci\u00f3 municipal ha de millorar per garantir un entorn clim\u00e0tic adequat a les escoles bressol"}]},{"@type":"WebSite","@id":"https:\/\/www.sindicaturabarcelona.cat\/ca\/#website","url":"https:\/\/www.sindicaturabarcelona.cat\/ca\/","name":"Sindicatura de Greuges de Barcelona","description":"La defensoria dels teus drets","publisher":{"@id":"https:\/\/www.sindicaturabarcelona.cat\/ca\/#organization"},"potentialAction":[{"@type":"SearchAction","target":{"@type":"EntryPoint","urlTemplate":"https:\/\/www.sindicaturabarcelona.cat\/ca\/?s={search_term_string}"},"query-input":{"@type":"PropertyValueSpecification","valueRequired":true,"valueName":"search_term_string"}}],"inLanguage":"ca"},{"@type":"Organization","@id":"https:\/\/www.sindicaturabarcelona.cat\/ca\/#organization","name":"Sindicatura de Greuges de Barcelona","url":"https:\/\/www.sindicaturabarcelona.cat\/ca\/","logo":{"@type":"ImageObject","inLanguage":"ca","@id":"https:\/\/www.sindicaturabarcelona.cat\/ca\/#\/schema\/logo\/image\/","url":"https:\/\/www.sindicaturabarcelona.cat\/wp-content\/uploads\/2023\/02\/logo_sindicatura.svg","contentUrl":"https:\/\/www.sindicaturabarcelona.cat\/wp-content\/uploads\/2023\/02\/logo_sindicatura.svg","caption":"Sindicatura de Greuges de Barcelona"},"image":{"@id":"https:\/\/www.sindicaturabarcelona.cat\/ca\/#\/schema\/logo\/image\/"},"sameAs":["https:\/\/x.com\/sindicbarcelona","https:\/\/www.instagram.com\/sindicbarcelona\/","https:\/\/www.tiktok.com\/@sindicaturabcn","https:\/\/t.me\/sindicaturabarcelona"]},{"@type":"Person","@id":"https:\/\/www.sindicaturabarcelona.cat\/ca\/#\/schema\/person\/0e5acffc350ffdbc97578159322c9452","name":"Pablo","image":{"@type":"ImageObject","inLanguage":"ca","@id":"https:\/\/secure.gravatar.com\/avatar\/c948169b402ef9492afde705c3dfd5e90e1a6a84ef6840a91124f805a25a480f?s=96&d=mm&r=g","url":"https:\/\/secure.gravatar.com\/avatar\/c948169b402ef9492afde705c3dfd5e90e1a6a84ef6840a91124f805a25a480f?s=96&d=mm&r=g","contentUrl":"https:\/\/secure.gravatar.com\/avatar\/c948169b402ef9492afde705c3dfd5e90e1a6a84ef6840a91124f805a25a480f?s=96&d=mm&r=g","caption":"Pablo"},"url":"https:\/\/www.sindicaturabarcelona.cat\/ca\/author\/pablo\/"}]}},"_links":{"self":[{"href":"https:\/\/www.sindicaturabarcelona.cat\/ca\/wp-json\/wp\/v2\/posts\/38251","targetHints":{"allow":["GET"]}}],"collection":[{"href":"https:\/\/www.sindicaturabarcelona.cat\/ca\/wp-json\/wp\/v2\/posts"}],"about":[{"href":"https:\/\/www.sindicaturabarcelona.cat\/ca\/wp-json\/wp\/v2\/types\/post"}],"author":[{"embeddable":true,"href":"https:\/\/www.sindicaturabarcelona.cat\/ca\/wp-json\/wp\/v2\/users\/2"}],"replies":[{"embeddable":true,"href":"https:\/\/www.sindicaturabarcelona.cat\/ca\/wp-json\/wp\/v2\/comments?post=38251"}],"version-history":[{"count":10,"href":"https:\/\/www.sindicaturabarcelona.cat\/ca\/wp-json\/wp\/v2\/posts\/38251\/revisions"}],"predecessor-version":[{"id":38270,"href":"https:\/\/www.sindicaturabarcelona.cat\/ca\/wp-json\/wp\/v2\/posts\/38251\/revisions\/38270"}],"wp:featuredmedia":[{"embeddable":true,"href":"https:\/\/www.sindicaturabarcelona.cat\/ca\/wp-json\/wp\/v2\/media\/38256"}],"wp:attachment":[{"href":"https:\/\/www.sindicaturabarcelona.cat\/ca\/wp-json\/wp\/v2\/media?parent=38251"}],"wp:term":[{"taxonomy":"post_tag","embeddable":true,"href":"https:\/\/www.sindicaturabarcelona.cat\/ca\/wp-json\/wp\/v2\/tags?post=38251"},{"taxonomy":"drets","embeddable":true,"href":"https:\/\/www.sindicaturabarcelona.cat\/ca\/wp-json\/wp\/v2\/drets?post=38251"}],"curies":[{"name":"wp","href":"https:\/\/api.w.org\/{rel}","templated":true}]}}