{"id":38146,"date":"2025-07-11T08:14:35","date_gmt":"2025-07-11T06:14:35","guid":{"rendered":"https:\/\/www.sindicaturabarcelona.cat\/?p=38146"},"modified":"2025-07-11T10:50:50","modified_gmt":"2025-07-11T08:50:50","slug":"la-sindicatura-insisteix-cal-una-guia-bones-practiques-una-normativa-especifica-redueixi-limpacte-del-cablejat-a-les-facanes","status":"publish","type":"post","link":"https:\/\/www.sindicaturabarcelona.cat\/ca\/la-sindicatura-insisteix-cal-una-guia-bones-practiques-una-normativa-especifica-redueixi-limpacte-del-cablejat-a-les-facanes\/","title":{"rendered":"La Sindicatura insisteix en\u00a0qu\u00e8 cal una guia de bones pr\u00e0ctiques i una normativa espec\u00edfica que redueixi l\u2019impacte del cablatge a les fa\u00e7anes"},"content":{"rendered":"\n<h2 class=\"wp-block-heading\"><strong><strong>Davant la manca de rigor d\u2019algunes companyies de subministrament en la instal\u00b7laci\u00f3 del cablatge a les fa\u00e7anes, el seu impacte en el paisatge urb\u00e0 i possible afectaci\u00f3 en la seguretat de les edificacions, proposem tamb\u00e9 homogene\u00eftzar les pr\u00e0ctiques als diferents districtes, fer campanyes de difusi\u00f3 al ve\u00efnat i un seguiment de les mesures implantades.&nbsp;&nbsp;<\/strong><\/strong><\/h2>\n\n\n\n<p>Despr\u00e9s de rebre diverses queixes de la ciutadania, la defensoria de la ciutat <strong><a href=\"https:\/\/www.sindicaturabarcelona.cat\/wp-content\/uploads\/202507_Actuacio-Ofici-Cablatge-Facanes-Guia-Bones-Practiques_25OF00010.pdf\" target=\"_blank\" rel=\"noreferrer noopener\">va iniciar una actuaci\u00f3 d\u2019ofici<\/a> <\/strong>per analitzar l\u2019<strong>impacte paisatg\u00edstic<\/strong> del cablatge que les empreses de subministrament instal\u00b7len a les parets exteriors dels edificis. En paral\u00b7lel, a trav\u00e9s del programa <a href=\"https:\/\/www.sindicaturabarcelona.cat\/ca\/presencia-al-territori\/\" target=\"_blank\" rel=\"noreferrer noopener\">Pres\u00e8ncia al Territori<\/a>, <strong>la Sindicatura ha pogut comprovar els incompliments de moltes operadores<\/strong>, especialment en barris amb construccions envellides i amb un estat de conservaci\u00f3 deficitari.<\/p>\n\n\n\n<p>La reducci\u00f3 d\u2019aquest desori, que tot <a href=\"https:\/\/beteve.cat\/societat\/demanen-posar-fi-desgavell-cables-fibra-optica-facanes\/\" target=\"_blank\" rel=\"noreferrer noopener\"><strong>sovint incomoda i fa sentir desprotegit el ve\u00efnat<\/strong><\/a><strong> que ho pateix<\/strong>, ja era una de les deu<strong> propostes de millora <\/strong>incloses<strong> <\/strong>al nostre<strong> <\/strong><a href=\"https:\/\/www.sindicaturabarcelona.cat\/wp-content\/uploads\/20250424-Informe-Anual-Digital-Fulls.pdf\" target=\"_blank\" rel=\"noreferrer noopener\"><strong>Informe Anual 2024<\/strong><\/a><strong> <\/strong>(que pots consultar tamb\u00e9 <a href=\"https:\/\/interactiu.sindicatura.barcelona\/\" target=\"_blank\" rel=\"noreferrer noopener\">en format interactiu<\/a>). Preservar la imatge de la ciutat, a m\u00e9s, t\u00e9 una <strong>incid\u00e8ncia positiva en la salut f\u00edsica i ps\u00edquica<\/strong> de la poblaci\u00f3.<\/p>\n\n\n\n<h2 class=\"wp-block-heading\"><strong>Qui t\u00e9 la responsabilitat de resoldre-ho?<\/strong><\/h2>\n\n\n\n<p>La normativa estatal estableix que la <strong>distribuci\u00f3 del cablatge a les fa\u00e7anes<\/strong> per part dels operadors no es permet en tots els casos; de fet, <strong>es contempla com el darrer dels sup\u00f2sits<\/strong>: nom\u00e9s si no hi ha infraestructures comunes de telecomunicacions, si no es poden soterrar, o si no es poden passar pels interiors dels edificis i, sempre que sigui possible, s\u2019han d\u2019utilitzar els desplegaments i canalitzacions pr\u00e8viament instal\u00b7lats i adoptar mesures per minimitzar l\u2019impacte visual. &nbsp;<\/p>\n\n\n\n<p>Aquesta responsabilitat recau en les <strong>empreses subministradores, que han d\u2019impedir la provisionalitat, el desordre i la deixadesa en les instal\u00b7lacions<\/strong>.<\/p>\n\n\n\n<p>A l\u2019Administraci\u00f3 municipal (l\u2019<strong>Ajuntament de Barcelona<\/strong>, en aquest cas) li correspon, dins de les seves compet\u00e8ncies en mat\u00e8ria d\u2019urbanisme, protegir el paisatge urb\u00e0. Tamb\u00e9 t\u00e9 <strong>potestat d\u2019inspecci\u00f3 i control, i d\u2019aplicar el r\u00e8gim sancionador<\/strong> quan pertoqui.<\/p>\n\n\n\n<h2 class=\"wp-block-heading\"><strong>Les conclusions i recomanacions de la Sindicatura<\/strong><\/h2>\n\n\n\n<p>Atesa la normativa d\u2019aplicaci\u00f3, els criteris com s\u2019ha d\u2019aplicar i la potestat normativa de qu\u00e8 disposa, la Sindicatura considera que <strong>l\u2019Ajuntament de Barcelona t\u00e9 un ampli marge de millora<\/strong>: en cap cas es tracta d\u2019impedir el desplegament de les telecomunicacions, sin\u00f3 de preservar el dret a un paisatge urb\u00e0 harm\u00f2nic i respectu\u00f3s amb l\u2019entorn, aix\u00ed com de la seguretat de les edificacions.<\/p>\n\n\n\n<p>Analitzada la situaci\u00f3, i amb l\u2019objectiu de contribuir a minimitzar una problem\u00e0tica que afecta el conjunt de la ciutadania, <a href=\"https:\/\/www.sindicaturabarcelona.cat\/wp-content\/uploads\/202507_Actuacio-Ofici-Cablatge-Facanes-Guia-Bones-Practiques_25OF00010.pdf\" target=\"_blank\" rel=\"noreferrer noopener\">la Sindicatura de Greuges de Barcelona ha em\u00e8s un pronunciament<\/a> amb les propostes seg\u00fcents:<\/p>\n\n\n\n<ul class=\"wp-block-list\">\n<li><strong>Con\u00e8ixer l\u2019abast de la problem\u00e0tica, a trav\u00e9s d\u2019un mapa<\/strong> que identifiqui les zones i edificacions amb major afectaci\u00f3, ja que les realitats als diferents barris s\u00f3n molt desiguals. Aix\u00f2 permetria valorar les estrat\u00e8gies adients per a cada cas.<\/li>\n<\/ul>\n\n\n\n<ul class=\"wp-block-list\">\n<li><strong>Elaborar una guia de bones pr\u00e0ctiques i\/o una normativa municipal espec\u00edfica<\/strong>, amb la participaci\u00f3 dels operadors de telecomunicacions. Posteriorment, se n\u2019hauria de fer una difusi\u00f3, implantaci\u00f3 i seguiment del grau d\u2019implantaci\u00f3. L\u2019Ajuntament diu que ja hi est\u00e0 treballant.<\/li>\n<\/ul>\n\n\n\n<ul class=\"wp-block-list\">\n<li><strong>Fer campanyes de difusi\u00f3 a les comunitats de ve\u00efns i ve\u00efnes<\/strong>, ja que la ciutadania ha de ser part\u00edcip i c\u00f2mplice de la import\u00e0ncia de la situaci\u00f3. Segons el consistori, tamb\u00e9 s\u2019est\u00e0 actuant en aquest sentit. Addicionalment, seria convenient valorar l\u2019obertura d\u2019una<strong> l\u00ednia d\u2019ajuts o subvencions espec\u00edfica<\/strong>.<\/li>\n<\/ul>\n\n\n\n<ul class=\"wp-block-list\">\n<li><strong>Homogene\u00eftzar les respostes i pr\u00e0ctiques en els diversos districtes<\/strong>, ja que determinades actuacions no responen a una estrat\u00e8gia comuna i gen\u00e8rica de ciutat. Aqu\u00ed hi podria tenir un paper fonamental la Ger\u00e8ncia de Coordinaci\u00f3 Territorial i de Proximitat.<\/li>\n<\/ul>\n\n\n\n<p>Imatge: Betev\u00e9<\/p>\n","protected":false},"excerpt":{"rendered":"<p>Davant la manca de rigor d\u2019algunes companyies de subministrament en la instal\u00b7laci\u00f3 del cablatge a les fa\u00e7anes, el seu impacte en el paisatge urb\u00e0 i possible afectaci\u00f3 en la seguretat [&hellip;]<\/p>\n","protected":false},"author":2,"featured_media":38148,"comment_status":"closed","ping_status":"closed","sticky":false,"template":"","format":"standard","meta":{"_acf_changed":false,"footnotes":""},"tags":[],"drets":[1438,1450],"class_list":["post-38146","post","type-post","status-publish","format-standard","has-post-thumbnail","hentry","drets-ciutat-habitable-i-sostenible","drets-dret-a-un-urbanisme-harmonios"],"acf":[],"yoast_head":"<!-- This site is optimized with the Yoast SEO plugin v27.5 - https:\/\/yoast.com\/product\/yoast-seo-wordpress\/ -->\n<title>La Sindicatura insisteix en\u00a0qu\u00e8 cal una guia de bones pr\u00e0ctiques i una normativa espec\u00edfica que redueixi l\u2019impacte del cablatge a les fa\u00e7anes - Sindicatura de Greuges de Barcelona<\/title>\n<meta name=\"description\" content=\"Tamb\u00e9 cal homogene\u00eftzar les pr\u00e0ctiques als districtes, fer campanyes de difusi\u00f3 al ve\u00efnat i un seguiment de les mesures implantades.\u00a0\u00a0\" \/>\n<meta name=\"robots\" content=\"index, follow, max-snippet:-1, max-image-preview:large, max-video-preview:-1\" \/>\n<link rel=\"canonical\" href=\"https:\/\/www.sindicaturabarcelona.cat\/ca\/la-sindicatura-insisteix-cal-una-guia-bones-practiques-una-normativa-especifica-redueixi-limpacte-del-cablejat-a-les-facanes\/\" \/>\n<meta property=\"og:locale\" content=\"ca_ES\" \/>\n<meta property=\"og:type\" content=\"article\" \/>\n<meta property=\"og:title\" content=\"La Sindicatura insisteix en\u00a0qu\u00e8 cal una guia de bones pr\u00e0ctiques i una normativa espec\u00edfica que redueixi l\u2019impacte del cablatge a les fa\u00e7anes - Sindicatura de Greuges de Barcelona\" \/>\n<meta property=\"og:description\" content=\"Tamb\u00e9 cal homogene\u00eftzar les pr\u00e0ctiques als districtes, fer campanyes de difusi\u00f3 al ve\u00efnat i un seguiment de les mesures implantades.\u00a0\u00a0\" \/>\n<meta property=\"og:url\" content=\"https:\/\/www.sindicaturabarcelona.cat\/ca\/la-sindicatura-insisteix-cal-una-guia-bones-practiques-una-normativa-especifica-redueixi-limpacte-del-cablejat-a-les-facanes\/\" \/>\n<meta property=\"og:site_name\" content=\"Sindicatura de Greuges de Barcelona\" \/>\n<meta property=\"article:published_time\" content=\"2025-07-11T06:14:35+00:00\" \/>\n<meta property=\"article:modified_time\" content=\"2025-07-11T08:50:50+00:00\" \/>\n<meta property=\"og:image\" content=\"https:\/\/www.sindicaturabarcelona.cat\/wp-content\/uploads\/cables-150325-3-1024x576-1.jpg\" \/>\n\t<meta property=\"og:image:width\" content=\"1024\" \/>\n\t<meta property=\"og:image:height\" content=\"576\" \/>\n\t<meta property=\"og:image:type\" content=\"image\/jpeg\" \/>\n<meta name=\"author\" content=\"Pablo\" \/>\n<meta name=\"twitter:card\" content=\"summary_large_image\" \/>\n<meta name=\"twitter:creator\" content=\"@sindicbarcelona\" \/>\n<meta name=\"twitter:site\" content=\"@sindicbarcelona\" \/>\n<meta name=\"twitter:label1\" content=\"Escrit per\" \/>\n\t<meta name=\"twitter:data1\" content=\"Pablo\" \/>\n\t<meta name=\"twitter:label2\" content=\"Temps estimat de lectura\" \/>\n\t<meta name=\"twitter:data2\" content=\"4 minuts\" \/>\n<script type=\"application\/ld+json\" class=\"yoast-schema-graph\">{\"@context\":\"https:\\\/\\\/schema.org\",\"@graph\":[{\"@type\":\"Article\",\"@id\":\"https:\\\/\\\/www.sindicaturabarcelona.cat\\\/ca\\\/la-sindicatura-insisteix-cal-una-guia-bones-practiques-una-normativa-especifica-redueixi-limpacte-del-cablejat-a-les-facanes\\\/#article\",\"isPartOf\":{\"@id\":\"https:\\\/\\\/www.sindicaturabarcelona.cat\\\/ca\\\/la-sindicatura-insisteix-cal-una-guia-bones-practiques-una-normativa-especifica-redueixi-limpacte-del-cablejat-a-les-facanes\\\/\"},\"author\":{\"name\":\"Pablo\",\"@id\":\"https:\\\/\\\/www.sindicaturabarcelona.cat\\\/ca\\\/#\\\/schema\\\/person\\\/0e5acffc350ffdbc97578159322c9452\"},\"headline\":\"La Sindicatura insisteix en\u00a0qu\u00e8 cal una guia de bones pr\u00e0ctiques i una normativa espec\u00edfica que redueixi l\u2019impacte del cablatge a les fa\u00e7anes\",\"datePublished\":\"2025-07-11T06:14:35+00:00\",\"dateModified\":\"2025-07-11T08:50:50+00:00\",\"mainEntityOfPage\":{\"@id\":\"https:\\\/\\\/www.sindicaturabarcelona.cat\\\/ca\\\/la-sindicatura-insisteix-cal-una-guia-bones-practiques-una-normativa-especifica-redueixi-limpacte-del-cablejat-a-les-facanes\\\/\"},\"wordCount\":693,\"publisher\":{\"@id\":\"https:\\\/\\\/www.sindicaturabarcelona.cat\\\/ca\\\/#organization\"},\"image\":{\"@id\":\"https:\\\/\\\/www.sindicaturabarcelona.cat\\\/ca\\\/la-sindicatura-insisteix-cal-una-guia-bones-practiques-una-normativa-especifica-redueixi-limpacte-del-cablejat-a-les-facanes\\\/#primaryimage\"},\"thumbnailUrl\":\"https:\\\/\\\/www.sindicaturabarcelona.cat\\\/wp-content\\\/uploads\\\/cables-150325-3-1024x576-1.jpg\",\"inLanguage\":\"ca\"},{\"@type\":\"WebPage\",\"@id\":\"https:\\\/\\\/www.sindicaturabarcelona.cat\\\/ca\\\/la-sindicatura-insisteix-cal-una-guia-bones-practiques-una-normativa-especifica-redueixi-limpacte-del-cablejat-a-les-facanes\\\/\",\"url\":\"https:\\\/\\\/www.sindicaturabarcelona.cat\\\/ca\\\/la-sindicatura-insisteix-cal-una-guia-bones-practiques-una-normativa-especifica-redueixi-limpacte-del-cablejat-a-les-facanes\\\/\",\"name\":\"La Sindicatura insisteix en\u00a0qu\u00e8 cal una guia de bones pr\u00e0ctiques i una normativa espec\u00edfica que redueixi l\u2019impacte del cablatge a les fa\u00e7anes - Sindicatura de Greuges de Barcelona\",\"isPartOf\":{\"@id\":\"https:\\\/\\\/www.sindicaturabarcelona.cat\\\/ca\\\/#website\"},\"primaryImageOfPage\":{\"@id\":\"https:\\\/\\\/www.sindicaturabarcelona.cat\\\/ca\\\/la-sindicatura-insisteix-cal-una-guia-bones-practiques-una-normativa-especifica-redueixi-limpacte-del-cablejat-a-les-facanes\\\/#primaryimage\"},\"image\":{\"@id\":\"https:\\\/\\\/www.sindicaturabarcelona.cat\\\/ca\\\/la-sindicatura-insisteix-cal-una-guia-bones-practiques-una-normativa-especifica-redueixi-limpacte-del-cablejat-a-les-facanes\\\/#primaryimage\"},\"thumbnailUrl\":\"https:\\\/\\\/www.sindicaturabarcelona.cat\\\/wp-content\\\/uploads\\\/cables-150325-3-1024x576-1.jpg\",\"datePublished\":\"2025-07-11T06:14:35+00:00\",\"dateModified\":\"2025-07-11T08:50:50+00:00\",\"description\":\"Tamb\u00e9 cal homogene\u00eftzar les pr\u00e0ctiques als districtes, fer campanyes de difusi\u00f3 al ve\u00efnat i un seguiment de les mesures implantades.\u00a0\u00a0\",\"breadcrumb\":{\"@id\":\"https:\\\/\\\/www.sindicaturabarcelona.cat\\\/ca\\\/la-sindicatura-insisteix-cal-una-guia-bones-practiques-una-normativa-especifica-redueixi-limpacte-del-cablejat-a-les-facanes\\\/#breadcrumb\"},\"inLanguage\":\"ca\",\"potentialAction\":[{\"@type\":\"ReadAction\",\"target\":[\"https:\\\/\\\/www.sindicaturabarcelona.cat\\\/ca\\\/la-sindicatura-insisteix-cal-una-guia-bones-practiques-una-normativa-especifica-redueixi-limpacte-del-cablejat-a-les-facanes\\\/\"]}]},{\"@type\":\"ImageObject\",\"inLanguage\":\"ca\",\"@id\":\"https:\\\/\\\/www.sindicaturabarcelona.cat\\\/ca\\\/la-sindicatura-insisteix-cal-una-guia-bones-practiques-una-normativa-especifica-redueixi-limpacte-del-cablejat-a-les-facanes\\\/#primaryimage\",\"url\":\"https:\\\/\\\/www.sindicaturabarcelona.cat\\\/wp-content\\\/uploads\\\/cables-150325-3-1024x576-1.jpg\",\"contentUrl\":\"https:\\\/\\\/www.sindicaturabarcelona.cat\\\/wp-content\\\/uploads\\\/cables-150325-3-1024x576-1.jpg\",\"width\":1024,\"height\":576},{\"@type\":\"BreadcrumbList\",\"@id\":\"https:\\\/\\\/www.sindicaturabarcelona.cat\\\/ca\\\/la-sindicatura-insisteix-cal-una-guia-bones-practiques-una-normativa-especifica-redueixi-limpacte-del-cablejat-a-les-facanes\\\/#breadcrumb\",\"itemListElement\":[{\"@type\":\"ListItem\",\"position\":1,\"name\":\"Inici\",\"item\":\"https:\\\/\\\/www.sindicaturabarcelona.cat\\\/ca\\\/\"},{\"@type\":\"ListItem\",\"position\":2,\"name\":\"La Sindicatura insisteix en\u00a0qu\u00e8 cal una guia de bones pr\u00e0ctiques i una normativa espec\u00edfica que redueixi l\u2019impacte del cablatge a les fa\u00e7anes\"}]},{\"@type\":\"WebSite\",\"@id\":\"https:\\\/\\\/www.sindicaturabarcelona.cat\\\/ca\\\/#website\",\"url\":\"https:\\\/\\\/www.sindicaturabarcelona.cat\\\/ca\\\/\",\"name\":\"Sindicatura de Greuges de Barcelona\",\"description\":\"La defensoria dels teus drets\",\"publisher\":{\"@id\":\"https:\\\/\\\/www.sindicaturabarcelona.cat\\\/ca\\\/#organization\"},\"potentialAction\":[{\"@type\":\"SearchAction\",\"target\":{\"@type\":\"EntryPoint\",\"urlTemplate\":\"https:\\\/\\\/www.sindicaturabarcelona.cat\\\/ca\\\/?s={search_term_string}\"},\"query-input\":{\"@type\":\"PropertyValueSpecification\",\"valueRequired\":true,\"valueName\":\"search_term_string\"}}],\"inLanguage\":\"ca\"},{\"@type\":\"Organization\",\"@id\":\"https:\\\/\\\/www.sindicaturabarcelona.cat\\\/ca\\\/#organization\",\"name\":\"Sindicatura de Greuges de Barcelona\",\"url\":\"https:\\\/\\\/www.sindicaturabarcelona.cat\\\/ca\\\/\",\"logo\":{\"@type\":\"ImageObject\",\"inLanguage\":\"ca\",\"@id\":\"https:\\\/\\\/www.sindicaturabarcelona.cat\\\/ca\\\/#\\\/schema\\\/logo\\\/image\\\/\",\"url\":\"https:\\\/\\\/www.sindicaturabarcelona.cat\\\/wp-content\\\/uploads\\\/2023\\\/02\\\/logo_sindicatura.svg\",\"contentUrl\":\"https:\\\/\\\/www.sindicaturabarcelona.cat\\\/wp-content\\\/uploads\\\/2023\\\/02\\\/logo_sindicatura.svg\",\"caption\":\"Sindicatura de Greuges de Barcelona\"},\"image\":{\"@id\":\"https:\\\/\\\/www.sindicaturabarcelona.cat\\\/ca\\\/#\\\/schema\\\/logo\\\/image\\\/\"},\"sameAs\":[\"https:\\\/\\\/x.com\\\/sindicbarcelona\",\"https:\\\/\\\/www.instagram.com\\\/sindicbarcelona\\\/\",\"https:\\\/\\\/www.tiktok.com\\\/@sindicaturabcn\",\"https:\\\/\\\/t.me\\\/sindicaturabarcelona\"]},{\"@type\":\"Person\",\"@id\":\"https:\\\/\\\/www.sindicaturabarcelona.cat\\\/ca\\\/#\\\/schema\\\/person\\\/0e5acffc350ffdbc97578159322c9452\",\"name\":\"Pablo\",\"image\":{\"@type\":\"ImageObject\",\"inLanguage\":\"ca\",\"@id\":\"https:\\\/\\\/secure.gravatar.com\\\/avatar\\\/c948169b402ef9492afde705c3dfd5e90e1a6a84ef6840a91124f805a25a480f?s=96&d=mm&r=g\",\"url\":\"https:\\\/\\\/secure.gravatar.com\\\/avatar\\\/c948169b402ef9492afde705c3dfd5e90e1a6a84ef6840a91124f805a25a480f?s=96&d=mm&r=g\",\"contentUrl\":\"https:\\\/\\\/secure.gravatar.com\\\/avatar\\\/c948169b402ef9492afde705c3dfd5e90e1a6a84ef6840a91124f805a25a480f?s=96&d=mm&r=g\",\"caption\":\"Pablo\"},\"url\":\"https:\\\/\\\/www.sindicaturabarcelona.cat\\\/ca\\\/author\\\/pablo\\\/\"}]}<\/script>\n<!-- \/ Yoast SEO plugin. -->","yoast_head_json":{"title":"La Sindicatura insisteix en\u00a0qu\u00e8 cal una guia de bones pr\u00e0ctiques i una normativa espec\u00edfica que redueixi l\u2019impacte del cablatge a les fa\u00e7anes - Sindicatura de Greuges de Barcelona","description":"Tamb\u00e9 cal homogene\u00eftzar les pr\u00e0ctiques als districtes, fer campanyes de difusi\u00f3 al ve\u00efnat i un seguiment de les mesures implantades.\u00a0\u00a0","robots":{"index":"index","follow":"follow","max-snippet":"max-snippet:-1","max-image-preview":"max-image-preview:large","max-video-preview":"max-video-preview:-1"},"canonical":"https:\/\/www.sindicaturabarcelona.cat\/ca\/la-sindicatura-insisteix-cal-una-guia-bones-practiques-una-normativa-especifica-redueixi-limpacte-del-cablejat-a-les-facanes\/","og_locale":"ca_ES","og_type":"article","og_title":"La Sindicatura insisteix en\u00a0qu\u00e8 cal una guia de bones pr\u00e0ctiques i una normativa espec\u00edfica que redueixi l\u2019impacte del cablatge a les fa\u00e7anes - Sindicatura de Greuges de Barcelona","og_description":"Tamb\u00e9 cal homogene\u00eftzar les pr\u00e0ctiques als districtes, fer campanyes de difusi\u00f3 al ve\u00efnat i un seguiment de les mesures implantades.\u00a0\u00a0","og_url":"https:\/\/www.sindicaturabarcelona.cat\/ca\/la-sindicatura-insisteix-cal-una-guia-bones-practiques-una-normativa-especifica-redueixi-limpacte-del-cablejat-a-les-facanes\/","og_site_name":"Sindicatura de Greuges de Barcelona","article_published_time":"2025-07-11T06:14:35+00:00","article_modified_time":"2025-07-11T08:50:50+00:00","og_image":[{"width":1024,"height":576,"url":"https:\/\/www.sindicaturabarcelona.cat\/wp-content\/uploads\/cables-150325-3-1024x576-1.jpg","type":"image\/jpeg"}],"author":"Pablo","twitter_card":"summary_large_image","twitter_creator":"@sindicbarcelona","twitter_site":"@sindicbarcelona","twitter_misc":{"Escrit per":"Pablo","Temps estimat de lectura":"4 minuts"},"schema":{"@context":"https:\/\/schema.org","@graph":[{"@type":"Article","@id":"https:\/\/www.sindicaturabarcelona.cat\/ca\/la-sindicatura-insisteix-cal-una-guia-bones-practiques-una-normativa-especifica-redueixi-limpacte-del-cablejat-a-les-facanes\/#article","isPartOf":{"@id":"https:\/\/www.sindicaturabarcelona.cat\/ca\/la-sindicatura-insisteix-cal-una-guia-bones-practiques-una-normativa-especifica-redueixi-limpacte-del-cablejat-a-les-facanes\/"},"author":{"name":"Pablo","@id":"https:\/\/www.sindicaturabarcelona.cat\/ca\/#\/schema\/person\/0e5acffc350ffdbc97578159322c9452"},"headline":"La Sindicatura insisteix en\u00a0qu\u00e8 cal una guia de bones pr\u00e0ctiques i una normativa espec\u00edfica que redueixi l\u2019impacte del cablatge a les fa\u00e7anes","datePublished":"2025-07-11T06:14:35+00:00","dateModified":"2025-07-11T08:50:50+00:00","mainEntityOfPage":{"@id":"https:\/\/www.sindicaturabarcelona.cat\/ca\/la-sindicatura-insisteix-cal-una-guia-bones-practiques-una-normativa-especifica-redueixi-limpacte-del-cablejat-a-les-facanes\/"},"wordCount":693,"publisher":{"@id":"https:\/\/www.sindicaturabarcelona.cat\/ca\/#organization"},"image":{"@id":"https:\/\/www.sindicaturabarcelona.cat\/ca\/la-sindicatura-insisteix-cal-una-guia-bones-practiques-una-normativa-especifica-redueixi-limpacte-del-cablejat-a-les-facanes\/#primaryimage"},"thumbnailUrl":"https:\/\/www.sindicaturabarcelona.cat\/wp-content\/uploads\/cables-150325-3-1024x576-1.jpg","inLanguage":"ca"},{"@type":"WebPage","@id":"https:\/\/www.sindicaturabarcelona.cat\/ca\/la-sindicatura-insisteix-cal-una-guia-bones-practiques-una-normativa-especifica-redueixi-limpacte-del-cablejat-a-les-facanes\/","url":"https:\/\/www.sindicaturabarcelona.cat\/ca\/la-sindicatura-insisteix-cal-una-guia-bones-practiques-una-normativa-especifica-redueixi-limpacte-del-cablejat-a-les-facanes\/","name":"La Sindicatura insisteix en\u00a0qu\u00e8 cal una guia de bones pr\u00e0ctiques i una normativa espec\u00edfica que redueixi l\u2019impacte del cablatge a les fa\u00e7anes - Sindicatura de Greuges de Barcelona","isPartOf":{"@id":"https:\/\/www.sindicaturabarcelona.cat\/ca\/#website"},"primaryImageOfPage":{"@id":"https:\/\/www.sindicaturabarcelona.cat\/ca\/la-sindicatura-insisteix-cal-una-guia-bones-practiques-una-normativa-especifica-redueixi-limpacte-del-cablejat-a-les-facanes\/#primaryimage"},"image":{"@id":"https:\/\/www.sindicaturabarcelona.cat\/ca\/la-sindicatura-insisteix-cal-una-guia-bones-practiques-una-normativa-especifica-redueixi-limpacte-del-cablejat-a-les-facanes\/#primaryimage"},"thumbnailUrl":"https:\/\/www.sindicaturabarcelona.cat\/wp-content\/uploads\/cables-150325-3-1024x576-1.jpg","datePublished":"2025-07-11T06:14:35+00:00","dateModified":"2025-07-11T08:50:50+00:00","description":"Tamb\u00e9 cal homogene\u00eftzar les pr\u00e0ctiques als districtes, fer campanyes de difusi\u00f3 al ve\u00efnat i un seguiment de les mesures implantades.\u00a0\u00a0","breadcrumb":{"@id":"https:\/\/www.sindicaturabarcelona.cat\/ca\/la-sindicatura-insisteix-cal-una-guia-bones-practiques-una-normativa-especifica-redueixi-limpacte-del-cablejat-a-les-facanes\/#breadcrumb"},"inLanguage":"ca","potentialAction":[{"@type":"ReadAction","target":["https:\/\/www.sindicaturabarcelona.cat\/ca\/la-sindicatura-insisteix-cal-una-guia-bones-practiques-una-normativa-especifica-redueixi-limpacte-del-cablejat-a-les-facanes\/"]}]},{"@type":"ImageObject","inLanguage":"ca","@id":"https:\/\/www.sindicaturabarcelona.cat\/ca\/la-sindicatura-insisteix-cal-una-guia-bones-practiques-una-normativa-especifica-redueixi-limpacte-del-cablejat-a-les-facanes\/#primaryimage","url":"https:\/\/www.sindicaturabarcelona.cat\/wp-content\/uploads\/cables-150325-3-1024x576-1.jpg","contentUrl":"https:\/\/www.sindicaturabarcelona.cat\/wp-content\/uploads\/cables-150325-3-1024x576-1.jpg","width":1024,"height":576},{"@type":"BreadcrumbList","@id":"https:\/\/www.sindicaturabarcelona.cat\/ca\/la-sindicatura-insisteix-cal-una-guia-bones-practiques-una-normativa-especifica-redueixi-limpacte-del-cablejat-a-les-facanes\/#breadcrumb","itemListElement":[{"@type":"ListItem","position":1,"name":"Inici","item":"https:\/\/www.sindicaturabarcelona.cat\/ca\/"},{"@type":"ListItem","position":2,"name":"La Sindicatura insisteix en\u00a0qu\u00e8 cal una guia de bones pr\u00e0ctiques i una normativa espec\u00edfica que redueixi l\u2019impacte del cablatge a les fa\u00e7anes"}]},{"@type":"WebSite","@id":"https:\/\/www.sindicaturabarcelona.cat\/ca\/#website","url":"https:\/\/www.sindicaturabarcelona.cat\/ca\/","name":"Sindicatura de Greuges de Barcelona","description":"La defensoria dels teus drets","publisher":{"@id":"https:\/\/www.sindicaturabarcelona.cat\/ca\/#organization"},"potentialAction":[{"@type":"SearchAction","target":{"@type":"EntryPoint","urlTemplate":"https:\/\/www.sindicaturabarcelona.cat\/ca\/?s={search_term_string}"},"query-input":{"@type":"PropertyValueSpecification","valueRequired":true,"valueName":"search_term_string"}}],"inLanguage":"ca"},{"@type":"Organization","@id":"https:\/\/www.sindicaturabarcelona.cat\/ca\/#organization","name":"Sindicatura de Greuges de Barcelona","url":"https:\/\/www.sindicaturabarcelona.cat\/ca\/","logo":{"@type":"ImageObject","inLanguage":"ca","@id":"https:\/\/www.sindicaturabarcelona.cat\/ca\/#\/schema\/logo\/image\/","url":"https:\/\/www.sindicaturabarcelona.cat\/wp-content\/uploads\/2023\/02\/logo_sindicatura.svg","contentUrl":"https:\/\/www.sindicaturabarcelona.cat\/wp-content\/uploads\/2023\/02\/logo_sindicatura.svg","caption":"Sindicatura de Greuges de Barcelona"},"image":{"@id":"https:\/\/www.sindicaturabarcelona.cat\/ca\/#\/schema\/logo\/image\/"},"sameAs":["https:\/\/x.com\/sindicbarcelona","https:\/\/www.instagram.com\/sindicbarcelona\/","https:\/\/www.tiktok.com\/@sindicaturabcn","https:\/\/t.me\/sindicaturabarcelona"]},{"@type":"Person","@id":"https:\/\/www.sindicaturabarcelona.cat\/ca\/#\/schema\/person\/0e5acffc350ffdbc97578159322c9452","name":"Pablo","image":{"@type":"ImageObject","inLanguage":"ca","@id":"https:\/\/secure.gravatar.com\/avatar\/c948169b402ef9492afde705c3dfd5e90e1a6a84ef6840a91124f805a25a480f?s=96&d=mm&r=g","url":"https:\/\/secure.gravatar.com\/avatar\/c948169b402ef9492afde705c3dfd5e90e1a6a84ef6840a91124f805a25a480f?s=96&d=mm&r=g","contentUrl":"https:\/\/secure.gravatar.com\/avatar\/c948169b402ef9492afde705c3dfd5e90e1a6a84ef6840a91124f805a25a480f?s=96&d=mm&r=g","caption":"Pablo"},"url":"https:\/\/www.sindicaturabarcelona.cat\/ca\/author\/pablo\/"}]}},"_links":{"self":[{"href":"https:\/\/www.sindicaturabarcelona.cat\/ca\/wp-json\/wp\/v2\/posts\/38146","targetHints":{"allow":["GET"]}}],"collection":[{"href":"https:\/\/www.sindicaturabarcelona.cat\/ca\/wp-json\/wp\/v2\/posts"}],"about":[{"href":"https:\/\/www.sindicaturabarcelona.cat\/ca\/wp-json\/wp\/v2\/types\/post"}],"author":[{"embeddable":true,"href":"https:\/\/www.sindicaturabarcelona.cat\/ca\/wp-json\/wp\/v2\/users\/2"}],"replies":[{"embeddable":true,"href":"https:\/\/www.sindicaturabarcelona.cat\/ca\/wp-json\/wp\/v2\/comments?post=38146"}],"version-history":[{"count":8,"href":"https:\/\/www.sindicaturabarcelona.cat\/ca\/wp-json\/wp\/v2\/posts\/38146\/revisions"}],"predecessor-version":[{"id":38180,"href":"https:\/\/www.sindicaturabarcelona.cat\/ca\/wp-json\/wp\/v2\/posts\/38146\/revisions\/38180"}],"wp:featuredmedia":[{"embeddable":true,"href":"https:\/\/www.sindicaturabarcelona.cat\/ca\/wp-json\/wp\/v2\/media\/38148"}],"wp:attachment":[{"href":"https:\/\/www.sindicaturabarcelona.cat\/ca\/wp-json\/wp\/v2\/media?parent=38146"}],"wp:term":[{"taxonomy":"post_tag","embeddable":true,"href":"https:\/\/www.sindicaturabarcelona.cat\/ca\/wp-json\/wp\/v2\/tags?post=38146"},{"taxonomy":"drets","embeddable":true,"href":"https:\/\/www.sindicaturabarcelona.cat\/ca\/wp-json\/wp\/v2\/drets?post=38146"}],"curies":[{"name":"wp","href":"https:\/\/api.w.org\/{rel}","templated":true}]}}