{"id":38065,"date":"2025-07-04T07:00:00","date_gmt":"2025-07-04T05:00:00","guid":{"rendered":"https:\/\/www.sindicaturabarcelona.cat\/?p=38065"},"modified":"2025-07-04T12:36:56","modified_gmt":"2025-07-04T10:36:56","slug":"la-sindicatura-avala-que-es-deneguin-duplicats-del-titol-de-transport-t-16-a-families-amb-custodia-compartida-de-menors","status":"publish","type":"post","link":"https:\/\/www.sindicaturabarcelona.cat\/ca\/la-sindicatura-avala-que-es-deneguin-duplicats-del-titol-de-transport-t-16-a-families-amb-custodia-compartida-de-menors\/","title":{"rendered":"La Sindicatura insta a implementar millores per facilitar duplicats del t\u00edtol de transport T-16 a fam\u00edlies amb cust\u00f2dia compartida de menors"},"content":{"rendered":"\n<h2 class=\"wp-block-heading\"><strong><strong>Malgrat aix\u00f2, el ref\u00fas, si b\u00e9 actualment nom\u00e9s s\u2019aplica a la mateixa zona tarif\u00e0ria, no \u00e9s en cap cas discriminatori. Les millores t\u00e8cniques en la gesti\u00f3 de la mobilitat passen perqu\u00e8 les administracions competents aconsegueixin que cada persona disposi d\u2019una targeta amb un pla de viatge personalitzat.<\/strong><\/strong><\/h2>\n\n\n\n<p>Una mare divorciada amb un fill menor d\u2019edat va presentar <a href=\"https:\/\/www.sindicaturabarcelona.cat\/wp-content\/uploads\/202506_Dret-Mobilitat-Transport-Public-T-16-Menor-Custodia-Compartida_24Q001139.pdf\">una queixa a la defensoria de la ciutat<\/a> perqu\u00e8 <strong>el pare obstaculitza l\u2019\u00fas compartit del t\u00edtol de transport T-16 per part del menor<\/strong>. <strong>La ciutadana va sol\u00b7licitar-ne un duplicat, per\u00f2 la petici\u00f3 se li va denegar<\/strong>. Segons la normativa vigent, el fill nom\u00e9s pot disposar d\u2019una sola targeta, que han de compartir els progenitors. L\u2019<a href=\"https:\/\/www.atm.cat\/\">Autoritat Metropolitana del Transport (ATM)<\/a>, l\u2019ens responsable d\u2019aquest t\u00edtol, ha rebut una quinzena de queixes de situacions similars des de 2023.<\/p>\n\n\n\n<p>La <a href=\"https:\/\/t-mobilitat.atm.cat\/web\/t-mobilitat\/t-16\">T-16 \u00e9s una targeta gratu\u00efta per a infants i adolescents<\/a> personal i intransferible, i est\u00e0 integrada en la <strong>T-mobilitat, un projecte per crear una targeta \u00fanica de transport per a tots els serveis per a la mobilitat de Catalunya<\/strong>. Segons el <a href=\"https:\/\/www.amb.cat\/s\/web\/mobilitat\/pla-metropolita-de-mobilitat-urbana-amb\/2019-2024.html\">pla vigent sobre aquest \u00e0mbit<\/a>, aquest projecte incorpora variables socials i ambientals a les tarifes per fer-les assequibles; permet obtenir informaci\u00f3 per gestionar millor la mobilitat i adaptar-se a cada usuari o usu\u00e0ria; i calcular el preu del transport de manera personalitzada.<\/p>\n\n\n\n<h2 class=\"wp-block-heading\"><strong>Per qu\u00e8 no es pot duplicar la T-16, segons l\u2019ATM?<\/strong><\/h2>\n\n\n\n<p>La possibilitat de <strong>tenir un duplicat de la targeta nom\u00e9s es contempla en cas de fills o filles de persones<\/strong> progenitores o representants legals que ostentin la <strong>cust\u00f2dia compartida<\/strong> <strong>i<\/strong> <strong>que resideixin en sectors tarif\u00e0ries diferents<\/strong> (<a href=\"https:\/\/www.tmb.cat\/ca\/tarifes-metro-bus-barcelona\/mapa-zones\">el sistema l\u2019integren prop de 300 municipis dividits en 6 corones<\/a>). En el cas de la promotora de la queixa, no es compleix el segon requisit, ja que viu al mateix sector que el pare del menor. Els <strong>arguments de l\u2019ATM per rebutjar cap canvi<\/strong> en aquest sentit s\u00f3n el seg\u00fcents:<\/p>\n\n\n\n<ul class=\"wp-block-list\">\n<li>Augmentarien els riscos de frau, tenint en compte que el sistema no permet controlar simult\u00e0niament l\u2019\u00fas de dues targetes en una mateixa zona tarif\u00e0ria.<\/li>\n<\/ul>\n\n\n\n<ul class=\"wp-block-list\">\n<li>Caldria dissenyar i implementar, des d\u2019un punt de vista tecnol\u00f2gic, un pla individualitzat per a cada persona usu\u00e0ria, i el cost no seria assumible.<\/li>\n<\/ul>\n\n\n\n<ul class=\"wp-block-list\">\n<li>El t\u00edtol ha de permetre\u2019n l\u2019\u00fas dins de la zona tarif\u00e0ria on resideix la persona titular (el o la menor) i, per tant, tots els suports tenen codificada una zona d\u2019origen que defineix els trajectes que es poden realitzar.&nbsp;<\/li>\n<\/ul>\n\n\n\n<h2 class=\"wp-block-heading\"><strong>Les conclusions de la Sindicatura<\/strong><\/h2>\n\n\n\n<p>Des de la Sindicatura de Greuges de Barcelona <a href=\"https:\/\/www.sindicaturabarcelona.cat\/wp-content\/uploads\/202506_Dret-Mobilitat-Transport-Public-T-16-Menor-Custodia-Compartida_24Q001139.pdf\"><strong>resolem que les administracions responsables han de continuant avan\u00e7ant per aconseguir que cadasc\u00fa pugui tenir un t\u00edtol de transport de viatge propi i individual<\/strong><\/a>, en la l\u00ednia del que marca l\u2019actual pla de mobilitat. D\u2019aquesta manera, s\u00ed que es permetria l\u2019adaptaci\u00f3 a cada persona usu\u00e0ria i, a priori, es podrien fer duplicats en qualsevol circumst\u00e0ncia, com demana la ciutadana promotora de la queixa, sense posar en risc les mesures de control per evitar-ne el frau. Una de les administracions implicades \u00e9s, es clar, l\u2019ATM, un consorci del qual forma part, entre d\u2019altres, l\u2019Ajuntament de Barcelona.<\/p>\n\n\n\n<p>Ara b\u00e9, atesa l\u2019operativa de la targeta en el moment actual, <strong>considerem que la impossibilitat de fer servir dues targetes T-16 en una mateixa zona tarif\u00e0ria no \u00e9s en cap cas discriminat\u00f2ria<\/strong>, malgrat que s\u00ed que es permeti quan \u00e9s en zones diferents. Per tant, concloem que l\u2019actuaci\u00f3 de l\u2019Autoritat Metropolitana del Transport ha estat efica\u00e7 i ajustada a dret.<\/p>\n\n\n\n<p>M\u00e9s, enll\u00e0 de criteris t\u00e8cnics, aquesta Sindicatura tamb\u00e9 vol expressar empatia amb la situaci\u00f3 patida per la ciutadana promotora de la queixa. I \u00e9s que la gesti\u00f3 de les din\u00e0miques familiars pot constituir una font d\u2019estr\u00e8s i, en aquest sentit, <strong>l\u2019\u00fas de la T-16 \u00e9s un element cabdal en la quotidianitat de molts menors i de les seves fam\u00edlies<\/strong>. Aquest fet <strong>s\u2019hauria de tenir en compte l\u2019hora d\u2019implementar les possibles millores<\/strong> en la gesti\u00f3 de la mobilitat, especialment quan aquestes poden repercutir en situacions complexes com les de les fam\u00edlies amb cust\u00f2dia compartida de menors.&nbsp;<\/p>\n","protected":false},"excerpt":{"rendered":"<p>Malgrat aix\u00f2, el ref\u00fas, si b\u00e9 actualment nom\u00e9s s\u2019aplica a la mateixa zona tarif\u00e0ria, no \u00e9s en cap cas discriminatori. Les millores t\u00e8cniques en la gesti\u00f3 de la mobilitat passen [&hellip;]<\/p>\n","protected":false},"author":2,"featured_media":38066,"comment_status":"closed","ping_status":"closed","sticky":false,"template":"","format":"standard","meta":{"_acf_changed":false,"footnotes":""},"tags":[],"drets":[1438,1447],"class_list":["post-38065","post","type-post","status-publish","format-standard","has-post-thumbnail","hentry","drets-ciutat-habitable-i-sostenible","drets-dret-a-la-mobilitat"],"acf":[],"yoast_head":"<!-- This site is optimized with the Yoast SEO plugin v27.5 - https:\/\/yoast.com\/product\/yoast-seo-wordpress\/ -->\n<title>La Sindicatura insta a implementar millores per facilitar duplicats del t\u00edtol de transport T-16 a fam\u00edlies amb cust\u00f2dia compartida de menors - Sindicatura de Greuges de Barcelona<\/title>\n<meta name=\"description\" content=\"Malgrat aix\u00f2, el ref\u00fas, si b\u00e9 actualment nom\u00e9s s\u2019aplica a la mateixa zona tarif\u00e0ria, no \u00e9s en cap cas discriminatori.\" \/>\n<meta name=\"robots\" content=\"index, follow, max-snippet:-1, max-image-preview:large, max-video-preview:-1\" \/>\n<link rel=\"canonical\" href=\"https:\/\/www.sindicaturabarcelona.cat\/ca\/la-sindicatura-avala-que-es-deneguin-duplicats-del-titol-de-transport-t-16-a-families-amb-custodia-compartida-de-menors\/\" \/>\n<meta property=\"og:locale\" content=\"ca_ES\" \/>\n<meta property=\"og:type\" content=\"article\" \/>\n<meta property=\"og:title\" content=\"La Sindicatura insta a implementar millores per facilitar duplicats del t\u00edtol de transport T-16 a fam\u00edlies amb cust\u00f2dia compartida de menors - Sindicatura de Greuges de Barcelona\" \/>\n<meta property=\"og:description\" content=\"Malgrat aix\u00f2, el ref\u00fas, si b\u00e9 actualment nom\u00e9s s\u2019aplica a la mateixa zona tarif\u00e0ria, no \u00e9s en cap cas discriminatori.\" \/>\n<meta property=\"og:url\" content=\"https:\/\/www.sindicaturabarcelona.cat\/ca\/la-sindicatura-avala-que-es-deneguin-duplicats-del-titol-de-transport-t-16-a-families-amb-custodia-compartida-de-menors\/\" \/>\n<meta property=\"og:site_name\" content=\"Sindicatura de Greuges de Barcelona\" \/>\n<meta property=\"article:published_time\" content=\"2025-07-04T05:00:00+00:00\" \/>\n<meta property=\"article:modified_time\" content=\"2025-07-04T10:36:56+00:00\" \/>\n<meta property=\"og:image\" content=\"https:\/\/www.sindicaturabarcelona.cat\/wp-content\/uploads\/TMobilitat_iPhone.jpg\" \/>\n\t<meta property=\"og:image:width\" content=\"1920\" \/>\n\t<meta property=\"og:image:height\" content=\"1080\" \/>\n\t<meta property=\"og:image:type\" content=\"image\/jpeg\" \/>\n<meta name=\"author\" content=\"Pablo\" \/>\n<meta name=\"twitter:card\" content=\"summary_large_image\" \/>\n<meta name=\"twitter:creator\" content=\"@sindicbarcelona\" \/>\n<meta name=\"twitter:site\" content=\"@sindicbarcelona\" \/>\n<meta name=\"twitter:label1\" content=\"Escrit per\" \/>\n\t<meta name=\"twitter:data1\" content=\"Pablo\" \/>\n\t<meta name=\"twitter:label2\" content=\"Temps estimat de lectura\" \/>\n\t<meta name=\"twitter:data2\" content=\"4 minuts\" \/>\n<script type=\"application\/ld+json\" class=\"yoast-schema-graph\">{\"@context\":\"https:\\\/\\\/schema.org\",\"@graph\":[{\"@type\":\"Article\",\"@id\":\"https:\\\/\\\/www.sindicaturabarcelona.cat\\\/ca\\\/la-sindicatura-avala-que-es-deneguin-duplicats-del-titol-de-transport-t-16-a-families-amb-custodia-compartida-de-menors\\\/#article\",\"isPartOf\":{\"@id\":\"https:\\\/\\\/www.sindicaturabarcelona.cat\\\/ca\\\/la-sindicatura-avala-que-es-deneguin-duplicats-del-titol-de-transport-t-16-a-families-amb-custodia-compartida-de-menors\\\/\"},\"author\":{\"name\":\"Pablo\",\"@id\":\"https:\\\/\\\/www.sindicaturabarcelona.cat\\\/ca\\\/#\\\/schema\\\/person\\\/0e5acffc350ffdbc97578159322c9452\"},\"headline\":\"La Sindicatura insta a implementar millores per facilitar duplicats del t\u00edtol de transport T-16 a fam\u00edlies amb cust\u00f2dia compartida de menors\",\"datePublished\":\"2025-07-04T05:00:00+00:00\",\"dateModified\":\"2025-07-04T10:36:56+00:00\",\"mainEntityOfPage\":{\"@id\":\"https:\\\/\\\/www.sindicaturabarcelona.cat\\\/ca\\\/la-sindicatura-avala-que-es-deneguin-duplicats-del-titol-de-transport-t-16-a-families-amb-custodia-compartida-de-menors\\\/\"},\"wordCount\":751,\"publisher\":{\"@id\":\"https:\\\/\\\/www.sindicaturabarcelona.cat\\\/ca\\\/#organization\"},\"image\":{\"@id\":\"https:\\\/\\\/www.sindicaturabarcelona.cat\\\/ca\\\/la-sindicatura-avala-que-es-deneguin-duplicats-del-titol-de-transport-t-16-a-families-amb-custodia-compartida-de-menors\\\/#primaryimage\"},\"thumbnailUrl\":\"https:\\\/\\\/www.sindicaturabarcelona.cat\\\/wp-content\\\/uploads\\\/TMobilitat_iPhone.jpg\",\"inLanguage\":\"ca\"},{\"@type\":\"WebPage\",\"@id\":\"https:\\\/\\\/www.sindicaturabarcelona.cat\\\/ca\\\/la-sindicatura-avala-que-es-deneguin-duplicats-del-titol-de-transport-t-16-a-families-amb-custodia-compartida-de-menors\\\/\",\"url\":\"https:\\\/\\\/www.sindicaturabarcelona.cat\\\/ca\\\/la-sindicatura-avala-que-es-deneguin-duplicats-del-titol-de-transport-t-16-a-families-amb-custodia-compartida-de-menors\\\/\",\"name\":\"La Sindicatura insta a implementar millores per facilitar duplicats del t\u00edtol de transport T-16 a fam\u00edlies amb cust\u00f2dia compartida de menors - Sindicatura de Greuges de Barcelona\",\"isPartOf\":{\"@id\":\"https:\\\/\\\/www.sindicaturabarcelona.cat\\\/ca\\\/#website\"},\"primaryImageOfPage\":{\"@id\":\"https:\\\/\\\/www.sindicaturabarcelona.cat\\\/ca\\\/la-sindicatura-avala-que-es-deneguin-duplicats-del-titol-de-transport-t-16-a-families-amb-custodia-compartida-de-menors\\\/#primaryimage\"},\"image\":{\"@id\":\"https:\\\/\\\/www.sindicaturabarcelona.cat\\\/ca\\\/la-sindicatura-avala-que-es-deneguin-duplicats-del-titol-de-transport-t-16-a-families-amb-custodia-compartida-de-menors\\\/#primaryimage\"},\"thumbnailUrl\":\"https:\\\/\\\/www.sindicaturabarcelona.cat\\\/wp-content\\\/uploads\\\/TMobilitat_iPhone.jpg\",\"datePublished\":\"2025-07-04T05:00:00+00:00\",\"dateModified\":\"2025-07-04T10:36:56+00:00\",\"description\":\"Malgrat aix\u00f2, el ref\u00fas, si b\u00e9 actualment nom\u00e9s s\u2019aplica a la mateixa zona tarif\u00e0ria, no \u00e9s en cap cas discriminatori.\",\"breadcrumb\":{\"@id\":\"https:\\\/\\\/www.sindicaturabarcelona.cat\\\/ca\\\/la-sindicatura-avala-que-es-deneguin-duplicats-del-titol-de-transport-t-16-a-families-amb-custodia-compartida-de-menors\\\/#breadcrumb\"},\"inLanguage\":\"ca\",\"potentialAction\":[{\"@type\":\"ReadAction\",\"target\":[\"https:\\\/\\\/www.sindicaturabarcelona.cat\\\/ca\\\/la-sindicatura-avala-que-es-deneguin-duplicats-del-titol-de-transport-t-16-a-families-amb-custodia-compartida-de-menors\\\/\"]}]},{\"@type\":\"ImageObject\",\"inLanguage\":\"ca\",\"@id\":\"https:\\\/\\\/www.sindicaturabarcelona.cat\\\/ca\\\/la-sindicatura-avala-que-es-deneguin-duplicats-del-titol-de-transport-t-16-a-families-amb-custodia-compartida-de-menors\\\/#primaryimage\",\"url\":\"https:\\\/\\\/www.sindicaturabarcelona.cat\\\/wp-content\\\/uploads\\\/TMobilitat_iPhone.jpg\",\"contentUrl\":\"https:\\\/\\\/www.sindicaturabarcelona.cat\\\/wp-content\\\/uploads\\\/TMobilitat_iPhone.jpg\",\"width\":1920,\"height\":1080},{\"@type\":\"BreadcrumbList\",\"@id\":\"https:\\\/\\\/www.sindicaturabarcelona.cat\\\/ca\\\/la-sindicatura-avala-que-es-deneguin-duplicats-del-titol-de-transport-t-16-a-families-amb-custodia-compartida-de-menors\\\/#breadcrumb\",\"itemListElement\":[{\"@type\":\"ListItem\",\"position\":1,\"name\":\"Inici\",\"item\":\"https:\\\/\\\/www.sindicaturabarcelona.cat\\\/ca\\\/\"},{\"@type\":\"ListItem\",\"position\":2,\"name\":\"La Sindicatura insta a implementar millores per facilitar duplicats del t\u00edtol de transport T-16 a fam\u00edlies amb cust\u00f2dia compartida de menors\"}]},{\"@type\":\"WebSite\",\"@id\":\"https:\\\/\\\/www.sindicaturabarcelona.cat\\\/ca\\\/#website\",\"url\":\"https:\\\/\\\/www.sindicaturabarcelona.cat\\\/ca\\\/\",\"name\":\"Sindicatura de Greuges de Barcelona\",\"description\":\"La defensoria dels teus drets\",\"publisher\":{\"@id\":\"https:\\\/\\\/www.sindicaturabarcelona.cat\\\/ca\\\/#organization\"},\"potentialAction\":[{\"@type\":\"SearchAction\",\"target\":{\"@type\":\"EntryPoint\",\"urlTemplate\":\"https:\\\/\\\/www.sindicaturabarcelona.cat\\\/ca\\\/?s={search_term_string}\"},\"query-input\":{\"@type\":\"PropertyValueSpecification\",\"valueRequired\":true,\"valueName\":\"search_term_string\"}}],\"inLanguage\":\"ca\"},{\"@type\":\"Organization\",\"@id\":\"https:\\\/\\\/www.sindicaturabarcelona.cat\\\/ca\\\/#organization\",\"name\":\"Sindicatura de Greuges de Barcelona\",\"url\":\"https:\\\/\\\/www.sindicaturabarcelona.cat\\\/ca\\\/\",\"logo\":{\"@type\":\"ImageObject\",\"inLanguage\":\"ca\",\"@id\":\"https:\\\/\\\/www.sindicaturabarcelona.cat\\\/ca\\\/#\\\/schema\\\/logo\\\/image\\\/\",\"url\":\"https:\\\/\\\/www.sindicaturabarcelona.cat\\\/wp-content\\\/uploads\\\/2023\\\/02\\\/logo_sindicatura.svg\",\"contentUrl\":\"https:\\\/\\\/www.sindicaturabarcelona.cat\\\/wp-content\\\/uploads\\\/2023\\\/02\\\/logo_sindicatura.svg\",\"caption\":\"Sindicatura de Greuges de Barcelona\"},\"image\":{\"@id\":\"https:\\\/\\\/www.sindicaturabarcelona.cat\\\/ca\\\/#\\\/schema\\\/logo\\\/image\\\/\"},\"sameAs\":[\"https:\\\/\\\/x.com\\\/sindicbarcelona\",\"https:\\\/\\\/www.instagram.com\\\/sindicbarcelona\\\/\",\"https:\\\/\\\/www.tiktok.com\\\/@sindicaturabcn\",\"https:\\\/\\\/t.me\\\/sindicaturabarcelona\"]},{\"@type\":\"Person\",\"@id\":\"https:\\\/\\\/www.sindicaturabarcelona.cat\\\/ca\\\/#\\\/schema\\\/person\\\/0e5acffc350ffdbc97578159322c9452\",\"name\":\"Pablo\",\"image\":{\"@type\":\"ImageObject\",\"inLanguage\":\"ca\",\"@id\":\"https:\\\/\\\/secure.gravatar.com\\\/avatar\\\/c948169b402ef9492afde705c3dfd5e90e1a6a84ef6840a91124f805a25a480f?s=96&d=mm&r=g\",\"url\":\"https:\\\/\\\/secure.gravatar.com\\\/avatar\\\/c948169b402ef9492afde705c3dfd5e90e1a6a84ef6840a91124f805a25a480f?s=96&d=mm&r=g\",\"contentUrl\":\"https:\\\/\\\/secure.gravatar.com\\\/avatar\\\/c948169b402ef9492afde705c3dfd5e90e1a6a84ef6840a91124f805a25a480f?s=96&d=mm&r=g\",\"caption\":\"Pablo\"},\"url\":\"https:\\\/\\\/www.sindicaturabarcelona.cat\\\/ca\\\/author\\\/pablo\\\/\"}]}<\/script>\n<!-- \/ Yoast SEO plugin. -->","yoast_head_json":{"title":"La Sindicatura insta a implementar millores per facilitar duplicats del t\u00edtol de transport T-16 a fam\u00edlies amb cust\u00f2dia compartida de menors - Sindicatura de Greuges de Barcelona","description":"Malgrat aix\u00f2, el ref\u00fas, si b\u00e9 actualment nom\u00e9s s\u2019aplica a la mateixa zona tarif\u00e0ria, no \u00e9s en cap cas discriminatori.","robots":{"index":"index","follow":"follow","max-snippet":"max-snippet:-1","max-image-preview":"max-image-preview:large","max-video-preview":"max-video-preview:-1"},"canonical":"https:\/\/www.sindicaturabarcelona.cat\/ca\/la-sindicatura-avala-que-es-deneguin-duplicats-del-titol-de-transport-t-16-a-families-amb-custodia-compartida-de-menors\/","og_locale":"ca_ES","og_type":"article","og_title":"La Sindicatura insta a implementar millores per facilitar duplicats del t\u00edtol de transport T-16 a fam\u00edlies amb cust\u00f2dia compartida de menors - Sindicatura de Greuges de Barcelona","og_description":"Malgrat aix\u00f2, el ref\u00fas, si b\u00e9 actualment nom\u00e9s s\u2019aplica a la mateixa zona tarif\u00e0ria, no \u00e9s en cap cas discriminatori.","og_url":"https:\/\/www.sindicaturabarcelona.cat\/ca\/la-sindicatura-avala-que-es-deneguin-duplicats-del-titol-de-transport-t-16-a-families-amb-custodia-compartida-de-menors\/","og_site_name":"Sindicatura de Greuges de Barcelona","article_published_time":"2025-07-04T05:00:00+00:00","article_modified_time":"2025-07-04T10:36:56+00:00","og_image":[{"width":1920,"height":1080,"url":"https:\/\/www.sindicaturabarcelona.cat\/wp-content\/uploads\/TMobilitat_iPhone.jpg","type":"image\/jpeg"}],"author":"Pablo","twitter_card":"summary_large_image","twitter_creator":"@sindicbarcelona","twitter_site":"@sindicbarcelona","twitter_misc":{"Escrit per":"Pablo","Temps estimat de lectura":"4 minuts"},"schema":{"@context":"https:\/\/schema.org","@graph":[{"@type":"Article","@id":"https:\/\/www.sindicaturabarcelona.cat\/ca\/la-sindicatura-avala-que-es-deneguin-duplicats-del-titol-de-transport-t-16-a-families-amb-custodia-compartida-de-menors\/#article","isPartOf":{"@id":"https:\/\/www.sindicaturabarcelona.cat\/ca\/la-sindicatura-avala-que-es-deneguin-duplicats-del-titol-de-transport-t-16-a-families-amb-custodia-compartida-de-menors\/"},"author":{"name":"Pablo","@id":"https:\/\/www.sindicaturabarcelona.cat\/ca\/#\/schema\/person\/0e5acffc350ffdbc97578159322c9452"},"headline":"La Sindicatura insta a implementar millores per facilitar duplicats del t\u00edtol de transport T-16 a fam\u00edlies amb cust\u00f2dia compartida de menors","datePublished":"2025-07-04T05:00:00+00:00","dateModified":"2025-07-04T10:36:56+00:00","mainEntityOfPage":{"@id":"https:\/\/www.sindicaturabarcelona.cat\/ca\/la-sindicatura-avala-que-es-deneguin-duplicats-del-titol-de-transport-t-16-a-families-amb-custodia-compartida-de-menors\/"},"wordCount":751,"publisher":{"@id":"https:\/\/www.sindicaturabarcelona.cat\/ca\/#organization"},"image":{"@id":"https:\/\/www.sindicaturabarcelona.cat\/ca\/la-sindicatura-avala-que-es-deneguin-duplicats-del-titol-de-transport-t-16-a-families-amb-custodia-compartida-de-menors\/#primaryimage"},"thumbnailUrl":"https:\/\/www.sindicaturabarcelona.cat\/wp-content\/uploads\/TMobilitat_iPhone.jpg","inLanguage":"ca"},{"@type":"WebPage","@id":"https:\/\/www.sindicaturabarcelona.cat\/ca\/la-sindicatura-avala-que-es-deneguin-duplicats-del-titol-de-transport-t-16-a-families-amb-custodia-compartida-de-menors\/","url":"https:\/\/www.sindicaturabarcelona.cat\/ca\/la-sindicatura-avala-que-es-deneguin-duplicats-del-titol-de-transport-t-16-a-families-amb-custodia-compartida-de-menors\/","name":"La Sindicatura insta a implementar millores per facilitar duplicats del t\u00edtol de transport T-16 a fam\u00edlies amb cust\u00f2dia compartida de menors - Sindicatura de Greuges de Barcelona","isPartOf":{"@id":"https:\/\/www.sindicaturabarcelona.cat\/ca\/#website"},"primaryImageOfPage":{"@id":"https:\/\/www.sindicaturabarcelona.cat\/ca\/la-sindicatura-avala-que-es-deneguin-duplicats-del-titol-de-transport-t-16-a-families-amb-custodia-compartida-de-menors\/#primaryimage"},"image":{"@id":"https:\/\/www.sindicaturabarcelona.cat\/ca\/la-sindicatura-avala-que-es-deneguin-duplicats-del-titol-de-transport-t-16-a-families-amb-custodia-compartida-de-menors\/#primaryimage"},"thumbnailUrl":"https:\/\/www.sindicaturabarcelona.cat\/wp-content\/uploads\/TMobilitat_iPhone.jpg","datePublished":"2025-07-04T05:00:00+00:00","dateModified":"2025-07-04T10:36:56+00:00","description":"Malgrat aix\u00f2, el ref\u00fas, si b\u00e9 actualment nom\u00e9s s\u2019aplica a la mateixa zona tarif\u00e0ria, no \u00e9s en cap cas discriminatori.","breadcrumb":{"@id":"https:\/\/www.sindicaturabarcelona.cat\/ca\/la-sindicatura-avala-que-es-deneguin-duplicats-del-titol-de-transport-t-16-a-families-amb-custodia-compartida-de-menors\/#breadcrumb"},"inLanguage":"ca","potentialAction":[{"@type":"ReadAction","target":["https:\/\/www.sindicaturabarcelona.cat\/ca\/la-sindicatura-avala-que-es-deneguin-duplicats-del-titol-de-transport-t-16-a-families-amb-custodia-compartida-de-menors\/"]}]},{"@type":"ImageObject","inLanguage":"ca","@id":"https:\/\/www.sindicaturabarcelona.cat\/ca\/la-sindicatura-avala-que-es-deneguin-duplicats-del-titol-de-transport-t-16-a-families-amb-custodia-compartida-de-menors\/#primaryimage","url":"https:\/\/www.sindicaturabarcelona.cat\/wp-content\/uploads\/TMobilitat_iPhone.jpg","contentUrl":"https:\/\/www.sindicaturabarcelona.cat\/wp-content\/uploads\/TMobilitat_iPhone.jpg","width":1920,"height":1080},{"@type":"BreadcrumbList","@id":"https:\/\/www.sindicaturabarcelona.cat\/ca\/la-sindicatura-avala-que-es-deneguin-duplicats-del-titol-de-transport-t-16-a-families-amb-custodia-compartida-de-menors\/#breadcrumb","itemListElement":[{"@type":"ListItem","position":1,"name":"Inici","item":"https:\/\/www.sindicaturabarcelona.cat\/ca\/"},{"@type":"ListItem","position":2,"name":"La Sindicatura insta a implementar millores per facilitar duplicats del t\u00edtol de transport T-16 a fam\u00edlies amb cust\u00f2dia compartida de menors"}]},{"@type":"WebSite","@id":"https:\/\/www.sindicaturabarcelona.cat\/ca\/#website","url":"https:\/\/www.sindicaturabarcelona.cat\/ca\/","name":"Sindicatura de Greuges de Barcelona","description":"La defensoria dels teus drets","publisher":{"@id":"https:\/\/www.sindicaturabarcelona.cat\/ca\/#organization"},"potentialAction":[{"@type":"SearchAction","target":{"@type":"EntryPoint","urlTemplate":"https:\/\/www.sindicaturabarcelona.cat\/ca\/?s={search_term_string}"},"query-input":{"@type":"PropertyValueSpecification","valueRequired":true,"valueName":"search_term_string"}}],"inLanguage":"ca"},{"@type":"Organization","@id":"https:\/\/www.sindicaturabarcelona.cat\/ca\/#organization","name":"Sindicatura de Greuges de Barcelona","url":"https:\/\/www.sindicaturabarcelona.cat\/ca\/","logo":{"@type":"ImageObject","inLanguage":"ca","@id":"https:\/\/www.sindicaturabarcelona.cat\/ca\/#\/schema\/logo\/image\/","url":"https:\/\/www.sindicaturabarcelona.cat\/wp-content\/uploads\/2023\/02\/logo_sindicatura.svg","contentUrl":"https:\/\/www.sindicaturabarcelona.cat\/wp-content\/uploads\/2023\/02\/logo_sindicatura.svg","caption":"Sindicatura de Greuges de Barcelona"},"image":{"@id":"https:\/\/www.sindicaturabarcelona.cat\/ca\/#\/schema\/logo\/image\/"},"sameAs":["https:\/\/x.com\/sindicbarcelona","https:\/\/www.instagram.com\/sindicbarcelona\/","https:\/\/www.tiktok.com\/@sindicaturabcn","https:\/\/t.me\/sindicaturabarcelona"]},{"@type":"Person","@id":"https:\/\/www.sindicaturabarcelona.cat\/ca\/#\/schema\/person\/0e5acffc350ffdbc97578159322c9452","name":"Pablo","image":{"@type":"ImageObject","inLanguage":"ca","@id":"https:\/\/secure.gravatar.com\/avatar\/c948169b402ef9492afde705c3dfd5e90e1a6a84ef6840a91124f805a25a480f?s=96&d=mm&r=g","url":"https:\/\/secure.gravatar.com\/avatar\/c948169b402ef9492afde705c3dfd5e90e1a6a84ef6840a91124f805a25a480f?s=96&d=mm&r=g","contentUrl":"https:\/\/secure.gravatar.com\/avatar\/c948169b402ef9492afde705c3dfd5e90e1a6a84ef6840a91124f805a25a480f?s=96&d=mm&r=g","caption":"Pablo"},"url":"https:\/\/www.sindicaturabarcelona.cat\/ca\/author\/pablo\/"}]}},"_links":{"self":[{"href":"https:\/\/www.sindicaturabarcelona.cat\/ca\/wp-json\/wp\/v2\/posts\/38065","targetHints":{"allow":["GET"]}}],"collection":[{"href":"https:\/\/www.sindicaturabarcelona.cat\/ca\/wp-json\/wp\/v2\/posts"}],"about":[{"href":"https:\/\/www.sindicaturabarcelona.cat\/ca\/wp-json\/wp\/v2\/types\/post"}],"author":[{"embeddable":true,"href":"https:\/\/www.sindicaturabarcelona.cat\/ca\/wp-json\/wp\/v2\/users\/2"}],"replies":[{"embeddable":true,"href":"https:\/\/www.sindicaturabarcelona.cat\/ca\/wp-json\/wp\/v2\/comments?post=38065"}],"version-history":[{"count":14,"href":"https:\/\/www.sindicaturabarcelona.cat\/ca\/wp-json\/wp\/v2\/posts\/38065\/revisions"}],"predecessor-version":[{"id":38097,"href":"https:\/\/www.sindicaturabarcelona.cat\/ca\/wp-json\/wp\/v2\/posts\/38065\/revisions\/38097"}],"wp:featuredmedia":[{"embeddable":true,"href":"https:\/\/www.sindicaturabarcelona.cat\/ca\/wp-json\/wp\/v2\/media\/38066"}],"wp:attachment":[{"href":"https:\/\/www.sindicaturabarcelona.cat\/ca\/wp-json\/wp\/v2\/media?parent=38065"}],"wp:term":[{"taxonomy":"post_tag","embeddable":true,"href":"https:\/\/www.sindicaturabarcelona.cat\/ca\/wp-json\/wp\/v2\/tags?post=38065"},{"taxonomy":"drets","embeddable":true,"href":"https:\/\/www.sindicaturabarcelona.cat\/ca\/wp-json\/wp\/v2\/drets?post=38065"}],"curies":[{"name":"wp","href":"https:\/\/api.w.org\/{rel}","templated":true}]}}