{"id":37957,"date":"2025-06-27T08:00:00","date_gmt":"2025-06-27T06:00:00","guid":{"rendered":"https:\/\/www.sindicaturabarcelona.cat\/?p=37957"},"modified":"2025-06-27T08:25:53","modified_gmt":"2025-06-27T06:25:53","slug":"la-sindicatura-no-satura-al-juliol-serem-presents-al-territori-de-tres-districtes-de-la-ciutat","status":"publish","type":"post","link":"https:\/\/www.sindicaturabarcelona.cat\/ca\/la-sindicatura-no-satura-al-juliol-serem-presents-al-territori-de-tres-districtes-de-la-ciutat\/","title":{"rendered":"La Sindicatura no s&#8217;atura al juliol: serem presents al territori de tres districtes de la ciutat"},"content":{"rendered":"\n<h2 class=\"wp-block-heading\">Durant la primera quinzena del mes, el s\u00edndic, David Bondia, i membres del seu equip visitaran l&#8217;Eixample, Nou Barris i Sant Andreu. <\/h2>\n\n\n\n<p>Concretament, les properes visites seran les seg\u00fcents:<\/p>\n\n\n\n<ul class=\"wp-block-list\">\n<li><strong>Dimecres 2 de juliol, a l&#8217;Esquerra de l&#8217;Eixample, de 9.30 a 18 hores<\/strong>. Ser\u00e0 una <strong>Sindicatura itinerant<\/strong>, en qu\u00e8 ens traslladem a un equipament de proximitat (en aquest cas, al <a href=\"https:\/\/www.ccurgell.cat\/\" target=\"_blank\" rel=\"noreferrer noopener\">Centre C\u00edvic Urgell<\/a>) per recollir les queixes de la ciutadania, sense necessitat que aquesta es desplaci a la nostra seu. Per participar-hi, <strong>cal inscriure&#8217;s al tel\u00e8fon 93 413 29 00<\/strong>.<\/li>\n<\/ul>\n\n\n\n<ul class=\"wp-block-list\">\n<li><strong>Dilluns 7 de juliol, al Tur\u00f3 de la Peira i a Can Peguera, de 19 a 21 hores<\/strong>. Ser\u00e0 una <strong>Sindicatura a prop teu<\/strong>, en el transcurs de la qual conversem amb el ve\u00efnat de la ciutat sobre all\u00f2 que els preocupa, ja que el di\u00e0leg amb la ciutadania fa que les solucions proposades siguin m\u00e9s efectives i responguin millor a les necessitats i experi\u00e8ncies de les persones.<\/li>\n<\/ul>\n\n\n\n<ul class=\"wp-block-list\">\n<li><strong>Dimecres 9 de juliol, al Bon Pastor, de 9.30 a 18 hores<\/strong>. Ser\u00e0 una <strong>Sindicatura a peu de carrer<\/strong>, en qu\u00e8 durant tot un dia coneixem les principals problem\u00e0tiques i neguits de cada un dels<strong> <\/strong>73 barris, ja que la millor manera de descobrir qu\u00e8 passa a la ciutat \u00e9s caminant-hi de la m\u00e0 de les persones que m\u00e9s en saben, el ve\u00efnat.<\/li>\n<\/ul>\n\n\n\n<p>Amb aquestes tres, <strong>la Sindicatura ja haur\u00e0 fet enguany un total de 12 visites a 16 barris diferents, i en 9 dels 10 districtes de la ciutat<\/strong>. Al desembre de l&#8217;any passat, ja es va complir l&#8217;<a href=\"https:\/\/www.sindicaturabarcelona.cat\/ca\/la-sindicatura-ja-ha-visitat-els-73-barris-de-barcelona-dins-del-programa-de-presencia-al-territori\/\" target=\"_blank\" rel=\"noreferrer noopener\">objectiu de visitar tots els barris de Barcelona<\/a>, dins del programa de <a href=\"https:\/\/www.sindicaturabarcelona.cat\/ca\/presencia-al-territori\/\" target=\"_blank\" rel=\"noreferrer noopener\">Pres\u00e8ncia al territori<\/a>, i l&#8217;objectiu \u00e9s visitar-los tots si m\u00e9s no dues vegades abans d&#8217;acabar el mandat.<\/p>\n\n\n\n<p>A m\u00e9s d&#8217;aquests tres programes, <strong>la Sindicatura tamb\u00e9 es despla\u00e7a als instituts de la ciutat per debatre amb l\u2019alumnat sobre quines queixes tenen<\/strong>, com millorarien el seu barri, si creuen que participen en les decisions de ciutat i consideren que se\u2019ls t\u00e9 en compte, etc.<\/p>\n\n\n\n<p>Pots obtenir <strong>m\u00e9s informaci\u00f3<\/strong> sobre aquestes i altres activitats que duu a terme la Sindicatura a <a href=\"https:\/\/www.sindicaturabarcelona.cat\/ca\/agenda\/\" target=\"_blank\" rel=\"noreferrer noopener\">la nostra agenda<\/a>. I si en vols m\u00e9s sobre les visites al territori que es van realitzar l&#8217;any passat, consulta <a href=\"https:\/\/interactiu.sindicatura.barcelona\/\" target=\"_blank\" rel=\"noreferrer noopener\">el darrer informe anual<\/a>.<\/p>\n\n\n\n<p><\/p>\n","protected":false},"excerpt":{"rendered":"<p>Durant la primera quinzena del mes, el s\u00edndic, David Bondia, i membres del seu equip visitaran l&#8217;Eixample, Nou Barris i Sant Andreu. Concretament, les properes visites seran les seg\u00fcents: Amb [&hellip;]<\/p>\n","protected":false},"author":2,"featured_media":37965,"comment_status":"closed","ping_status":"closed","sticky":false,"template":"","format":"standard","meta":{"_acf_changed":false,"footnotes":""},"tags":[],"drets":[1459],"class_list":["post-37957","post","type-post","status-publish","format-standard","has-post-thumbnail","hentry","drets-drets-de-participacio"],"acf":[],"yoast_head":"<!-- This site is optimized with the Yoast SEO plugin v27.5 - https:\/\/yoast.com\/product\/yoast-seo-wordpress\/ -->\n<title>La Sindicatura no s&#039;atura al juliol: serem presents al territori de tres districtes de la ciutat - Sindicatura de Greuges de Barcelona<\/title>\n<meta name=\"description\" content=\"Durant la primera quinzena del mes, el s\u00edndic, David Bondia, i membres del seu equip visitaran l&#039;Eixample, Nou Barris i Sant Andreu.\" \/>\n<meta name=\"robots\" content=\"index, follow, max-snippet:-1, max-image-preview:large, max-video-preview:-1\" \/>\n<link rel=\"canonical\" href=\"https:\/\/www.sindicaturabarcelona.cat\/ca\/la-sindicatura-no-satura-al-juliol-serem-presents-al-territori-de-tres-districtes-de-la-ciutat\/\" \/>\n<meta property=\"og:locale\" content=\"ca_ES\" \/>\n<meta property=\"og:type\" content=\"article\" \/>\n<meta property=\"og:title\" content=\"La Sindicatura no s&#039;atura al juliol: serem presents al territori de tres districtes de la ciutat - Sindicatura de Greuges de Barcelona\" \/>\n<meta property=\"og:description\" content=\"Durant la primera quinzena del mes, el s\u00edndic, David Bondia, i membres del seu equip visitaran l&#039;Eixample, Nou Barris i Sant Andreu.\" \/>\n<meta property=\"og:url\" content=\"https:\/\/www.sindicaturabarcelona.cat\/ca\/la-sindicatura-no-satura-al-juliol-serem-presents-al-territori-de-tres-districtes-de-la-ciutat\/\" \/>\n<meta property=\"og:site_name\" content=\"Sindicatura de Greuges de Barcelona\" \/>\n<meta property=\"article:published_time\" content=\"2025-06-27T06:00:00+00:00\" \/>\n<meta property=\"article:modified_time\" content=\"2025-06-27T06:25:53+00:00\" \/>\n<meta property=\"og:image\" content=\"https:\/\/www.sindicaturabarcelona.cat\/wp-content\/uploads\/KM4A2316-scaled.jpg\" \/>\n\t<meta property=\"og:image:width\" content=\"2560\" \/>\n\t<meta property=\"og:image:height\" content=\"1707\" \/>\n\t<meta property=\"og:image:type\" content=\"image\/jpeg\" \/>\n<meta name=\"author\" content=\"Pablo\" \/>\n<meta name=\"twitter:card\" content=\"summary_large_image\" \/>\n<meta name=\"twitter:creator\" content=\"@sindicbarcelona\" \/>\n<meta name=\"twitter:site\" content=\"@sindicbarcelona\" \/>\n<meta name=\"twitter:label1\" content=\"Escrit per\" \/>\n\t<meta name=\"twitter:data1\" content=\"Pablo\" \/>\n\t<meta name=\"twitter:label2\" content=\"Temps estimat de lectura\" \/>\n\t<meta name=\"twitter:data2\" content=\"3 minuts\" \/>\n<script type=\"application\/ld+json\" class=\"yoast-schema-graph\">{\"@context\":\"https:\\\/\\\/schema.org\",\"@graph\":[{\"@type\":\"Article\",\"@id\":\"https:\\\/\\\/www.sindicaturabarcelona.cat\\\/ca\\\/la-sindicatura-no-satura-al-juliol-serem-presents-al-territori-de-tres-districtes-de-la-ciutat\\\/#article\",\"isPartOf\":{\"@id\":\"https:\\\/\\\/www.sindicaturabarcelona.cat\\\/ca\\\/la-sindicatura-no-satura-al-juliol-serem-presents-al-territori-de-tres-districtes-de-la-ciutat\\\/\"},\"author\":{\"name\":\"Pablo\",\"@id\":\"https:\\\/\\\/www.sindicaturabarcelona.cat\\\/ca\\\/#\\\/schema\\\/person\\\/0e5acffc350ffdbc97578159322c9452\"},\"headline\":\"La Sindicatura no s&#8217;atura al juliol: serem presents al territori de tres districtes de la ciutat\",\"datePublished\":\"2025-06-27T06:00:00+00:00\",\"dateModified\":\"2025-06-27T06:25:53+00:00\",\"mainEntityOfPage\":{\"@id\":\"https:\\\/\\\/www.sindicaturabarcelona.cat\\\/ca\\\/la-sindicatura-no-satura-al-juliol-serem-presents-al-territori-de-tres-districtes-de-la-ciutat\\\/\"},\"wordCount\":398,\"publisher\":{\"@id\":\"https:\\\/\\\/www.sindicaturabarcelona.cat\\\/ca\\\/#organization\"},\"image\":{\"@id\":\"https:\\\/\\\/www.sindicaturabarcelona.cat\\\/ca\\\/la-sindicatura-no-satura-al-juliol-serem-presents-al-territori-de-tres-districtes-de-la-ciutat\\\/#primaryimage\"},\"thumbnailUrl\":\"https:\\\/\\\/www.sindicaturabarcelona.cat\\\/wp-content\\\/uploads\\\/KM4A2316-scaled.jpg\",\"inLanguage\":\"ca\"},{\"@type\":\"WebPage\",\"@id\":\"https:\\\/\\\/www.sindicaturabarcelona.cat\\\/ca\\\/la-sindicatura-no-satura-al-juliol-serem-presents-al-territori-de-tres-districtes-de-la-ciutat\\\/\",\"url\":\"https:\\\/\\\/www.sindicaturabarcelona.cat\\\/ca\\\/la-sindicatura-no-satura-al-juliol-serem-presents-al-territori-de-tres-districtes-de-la-ciutat\\\/\",\"name\":\"La Sindicatura no s'atura al juliol: serem presents al territori de tres districtes de la ciutat - Sindicatura de Greuges de Barcelona\",\"isPartOf\":{\"@id\":\"https:\\\/\\\/www.sindicaturabarcelona.cat\\\/ca\\\/#website\"},\"primaryImageOfPage\":{\"@id\":\"https:\\\/\\\/www.sindicaturabarcelona.cat\\\/ca\\\/la-sindicatura-no-satura-al-juliol-serem-presents-al-territori-de-tres-districtes-de-la-ciutat\\\/#primaryimage\"},\"image\":{\"@id\":\"https:\\\/\\\/www.sindicaturabarcelona.cat\\\/ca\\\/la-sindicatura-no-satura-al-juliol-serem-presents-al-territori-de-tres-districtes-de-la-ciutat\\\/#primaryimage\"},\"thumbnailUrl\":\"https:\\\/\\\/www.sindicaturabarcelona.cat\\\/wp-content\\\/uploads\\\/KM4A2316-scaled.jpg\",\"datePublished\":\"2025-06-27T06:00:00+00:00\",\"dateModified\":\"2025-06-27T06:25:53+00:00\",\"description\":\"Durant la primera quinzena del mes, el s\u00edndic, David Bondia, i membres del seu equip visitaran l'Eixample, Nou Barris i Sant Andreu.\",\"breadcrumb\":{\"@id\":\"https:\\\/\\\/www.sindicaturabarcelona.cat\\\/ca\\\/la-sindicatura-no-satura-al-juliol-serem-presents-al-territori-de-tres-districtes-de-la-ciutat\\\/#breadcrumb\"},\"inLanguage\":\"ca\",\"potentialAction\":[{\"@type\":\"ReadAction\",\"target\":[\"https:\\\/\\\/www.sindicaturabarcelona.cat\\\/ca\\\/la-sindicatura-no-satura-al-juliol-serem-presents-al-territori-de-tres-districtes-de-la-ciutat\\\/\"]}]},{\"@type\":\"ImageObject\",\"inLanguage\":\"ca\",\"@id\":\"https:\\\/\\\/www.sindicaturabarcelona.cat\\\/ca\\\/la-sindicatura-no-satura-al-juliol-serem-presents-al-territori-de-tres-districtes-de-la-ciutat\\\/#primaryimage\",\"url\":\"https:\\\/\\\/www.sindicaturabarcelona.cat\\\/wp-content\\\/uploads\\\/KM4A2316-scaled.jpg\",\"contentUrl\":\"https:\\\/\\\/www.sindicaturabarcelona.cat\\\/wp-content\\\/uploads\\\/KM4A2316-scaled.jpg\",\"width\":2560,\"height\":1707},{\"@type\":\"BreadcrumbList\",\"@id\":\"https:\\\/\\\/www.sindicaturabarcelona.cat\\\/ca\\\/la-sindicatura-no-satura-al-juliol-serem-presents-al-territori-de-tres-districtes-de-la-ciutat\\\/#breadcrumb\",\"itemListElement\":[{\"@type\":\"ListItem\",\"position\":1,\"name\":\"Inici\",\"item\":\"https:\\\/\\\/www.sindicaturabarcelona.cat\\\/ca\\\/\"},{\"@type\":\"ListItem\",\"position\":2,\"name\":\"La Sindicatura no s&#8217;atura al juliol: serem presents al territori de tres districtes de la ciutat\"}]},{\"@type\":\"WebSite\",\"@id\":\"https:\\\/\\\/www.sindicaturabarcelona.cat\\\/ca\\\/#website\",\"url\":\"https:\\\/\\\/www.sindicaturabarcelona.cat\\\/ca\\\/\",\"name\":\"Sindicatura de Greuges de Barcelona\",\"description\":\"La defensoria dels teus drets\",\"publisher\":{\"@id\":\"https:\\\/\\\/www.sindicaturabarcelona.cat\\\/ca\\\/#organization\"},\"potentialAction\":[{\"@type\":\"SearchAction\",\"target\":{\"@type\":\"EntryPoint\",\"urlTemplate\":\"https:\\\/\\\/www.sindicaturabarcelona.cat\\\/ca\\\/?s={search_term_string}\"},\"query-input\":{\"@type\":\"PropertyValueSpecification\",\"valueRequired\":true,\"valueName\":\"search_term_string\"}}],\"inLanguage\":\"ca\"},{\"@type\":\"Organization\",\"@id\":\"https:\\\/\\\/www.sindicaturabarcelona.cat\\\/ca\\\/#organization\",\"name\":\"Sindicatura de Greuges de Barcelona\",\"url\":\"https:\\\/\\\/www.sindicaturabarcelona.cat\\\/ca\\\/\",\"logo\":{\"@type\":\"ImageObject\",\"inLanguage\":\"ca\",\"@id\":\"https:\\\/\\\/www.sindicaturabarcelona.cat\\\/ca\\\/#\\\/schema\\\/logo\\\/image\\\/\",\"url\":\"https:\\\/\\\/www.sindicaturabarcelona.cat\\\/wp-content\\\/uploads\\\/2023\\\/02\\\/logo_sindicatura.svg\",\"contentUrl\":\"https:\\\/\\\/www.sindicaturabarcelona.cat\\\/wp-content\\\/uploads\\\/2023\\\/02\\\/logo_sindicatura.svg\",\"caption\":\"Sindicatura de Greuges de Barcelona\"},\"image\":{\"@id\":\"https:\\\/\\\/www.sindicaturabarcelona.cat\\\/ca\\\/#\\\/schema\\\/logo\\\/image\\\/\"},\"sameAs\":[\"https:\\\/\\\/x.com\\\/sindicbarcelona\",\"https:\\\/\\\/www.instagram.com\\\/sindicbarcelona\\\/\",\"https:\\\/\\\/www.tiktok.com\\\/@sindicaturabcn\",\"https:\\\/\\\/t.me\\\/sindicaturabarcelona\"]},{\"@type\":\"Person\",\"@id\":\"https:\\\/\\\/www.sindicaturabarcelona.cat\\\/ca\\\/#\\\/schema\\\/person\\\/0e5acffc350ffdbc97578159322c9452\",\"name\":\"Pablo\",\"image\":{\"@type\":\"ImageObject\",\"inLanguage\":\"ca\",\"@id\":\"https:\\\/\\\/secure.gravatar.com\\\/avatar\\\/c948169b402ef9492afde705c3dfd5e90e1a6a84ef6840a91124f805a25a480f?s=96&d=mm&r=g\",\"url\":\"https:\\\/\\\/secure.gravatar.com\\\/avatar\\\/c948169b402ef9492afde705c3dfd5e90e1a6a84ef6840a91124f805a25a480f?s=96&d=mm&r=g\",\"contentUrl\":\"https:\\\/\\\/secure.gravatar.com\\\/avatar\\\/c948169b402ef9492afde705c3dfd5e90e1a6a84ef6840a91124f805a25a480f?s=96&d=mm&r=g\",\"caption\":\"Pablo\"},\"url\":\"https:\\\/\\\/www.sindicaturabarcelona.cat\\\/ca\\\/author\\\/pablo\\\/\"}]}<\/script>\n<!-- \/ Yoast SEO plugin. -->","yoast_head_json":{"title":"La Sindicatura no s'atura al juliol: serem presents al territori de tres districtes de la ciutat - Sindicatura de Greuges de Barcelona","description":"Durant la primera quinzena del mes, el s\u00edndic, David Bondia, i membres del seu equip visitaran l'Eixample, Nou Barris i Sant Andreu.","robots":{"index":"index","follow":"follow","max-snippet":"max-snippet:-1","max-image-preview":"max-image-preview:large","max-video-preview":"max-video-preview:-1"},"canonical":"https:\/\/www.sindicaturabarcelona.cat\/ca\/la-sindicatura-no-satura-al-juliol-serem-presents-al-territori-de-tres-districtes-de-la-ciutat\/","og_locale":"ca_ES","og_type":"article","og_title":"La Sindicatura no s'atura al juliol: serem presents al territori de tres districtes de la ciutat - Sindicatura de Greuges de Barcelona","og_description":"Durant la primera quinzena del mes, el s\u00edndic, David Bondia, i membres del seu equip visitaran l'Eixample, Nou Barris i Sant Andreu.","og_url":"https:\/\/www.sindicaturabarcelona.cat\/ca\/la-sindicatura-no-satura-al-juliol-serem-presents-al-territori-de-tres-districtes-de-la-ciutat\/","og_site_name":"Sindicatura de Greuges de Barcelona","article_published_time":"2025-06-27T06:00:00+00:00","article_modified_time":"2025-06-27T06:25:53+00:00","og_image":[{"width":2560,"height":1707,"url":"https:\/\/www.sindicaturabarcelona.cat\/wp-content\/uploads\/KM4A2316-scaled.jpg","type":"image\/jpeg"}],"author":"Pablo","twitter_card":"summary_large_image","twitter_creator":"@sindicbarcelona","twitter_site":"@sindicbarcelona","twitter_misc":{"Escrit per":"Pablo","Temps estimat de lectura":"3 minuts"},"schema":{"@context":"https:\/\/schema.org","@graph":[{"@type":"Article","@id":"https:\/\/www.sindicaturabarcelona.cat\/ca\/la-sindicatura-no-satura-al-juliol-serem-presents-al-territori-de-tres-districtes-de-la-ciutat\/#article","isPartOf":{"@id":"https:\/\/www.sindicaturabarcelona.cat\/ca\/la-sindicatura-no-satura-al-juliol-serem-presents-al-territori-de-tres-districtes-de-la-ciutat\/"},"author":{"name":"Pablo","@id":"https:\/\/www.sindicaturabarcelona.cat\/ca\/#\/schema\/person\/0e5acffc350ffdbc97578159322c9452"},"headline":"La Sindicatura no s&#8217;atura al juliol: serem presents al territori de tres districtes de la ciutat","datePublished":"2025-06-27T06:00:00+00:00","dateModified":"2025-06-27T06:25:53+00:00","mainEntityOfPage":{"@id":"https:\/\/www.sindicaturabarcelona.cat\/ca\/la-sindicatura-no-satura-al-juliol-serem-presents-al-territori-de-tres-districtes-de-la-ciutat\/"},"wordCount":398,"publisher":{"@id":"https:\/\/www.sindicaturabarcelona.cat\/ca\/#organization"},"image":{"@id":"https:\/\/www.sindicaturabarcelona.cat\/ca\/la-sindicatura-no-satura-al-juliol-serem-presents-al-territori-de-tres-districtes-de-la-ciutat\/#primaryimage"},"thumbnailUrl":"https:\/\/www.sindicaturabarcelona.cat\/wp-content\/uploads\/KM4A2316-scaled.jpg","inLanguage":"ca"},{"@type":"WebPage","@id":"https:\/\/www.sindicaturabarcelona.cat\/ca\/la-sindicatura-no-satura-al-juliol-serem-presents-al-territori-de-tres-districtes-de-la-ciutat\/","url":"https:\/\/www.sindicaturabarcelona.cat\/ca\/la-sindicatura-no-satura-al-juliol-serem-presents-al-territori-de-tres-districtes-de-la-ciutat\/","name":"La Sindicatura no s'atura al juliol: serem presents al territori de tres districtes de la ciutat - Sindicatura de Greuges de Barcelona","isPartOf":{"@id":"https:\/\/www.sindicaturabarcelona.cat\/ca\/#website"},"primaryImageOfPage":{"@id":"https:\/\/www.sindicaturabarcelona.cat\/ca\/la-sindicatura-no-satura-al-juliol-serem-presents-al-territori-de-tres-districtes-de-la-ciutat\/#primaryimage"},"image":{"@id":"https:\/\/www.sindicaturabarcelona.cat\/ca\/la-sindicatura-no-satura-al-juliol-serem-presents-al-territori-de-tres-districtes-de-la-ciutat\/#primaryimage"},"thumbnailUrl":"https:\/\/www.sindicaturabarcelona.cat\/wp-content\/uploads\/KM4A2316-scaled.jpg","datePublished":"2025-06-27T06:00:00+00:00","dateModified":"2025-06-27T06:25:53+00:00","description":"Durant la primera quinzena del mes, el s\u00edndic, David Bondia, i membres del seu equip visitaran l'Eixample, Nou Barris i Sant Andreu.","breadcrumb":{"@id":"https:\/\/www.sindicaturabarcelona.cat\/ca\/la-sindicatura-no-satura-al-juliol-serem-presents-al-territori-de-tres-districtes-de-la-ciutat\/#breadcrumb"},"inLanguage":"ca","potentialAction":[{"@type":"ReadAction","target":["https:\/\/www.sindicaturabarcelona.cat\/ca\/la-sindicatura-no-satura-al-juliol-serem-presents-al-territori-de-tres-districtes-de-la-ciutat\/"]}]},{"@type":"ImageObject","inLanguage":"ca","@id":"https:\/\/www.sindicaturabarcelona.cat\/ca\/la-sindicatura-no-satura-al-juliol-serem-presents-al-territori-de-tres-districtes-de-la-ciutat\/#primaryimage","url":"https:\/\/www.sindicaturabarcelona.cat\/wp-content\/uploads\/KM4A2316-scaled.jpg","contentUrl":"https:\/\/www.sindicaturabarcelona.cat\/wp-content\/uploads\/KM4A2316-scaled.jpg","width":2560,"height":1707},{"@type":"BreadcrumbList","@id":"https:\/\/www.sindicaturabarcelona.cat\/ca\/la-sindicatura-no-satura-al-juliol-serem-presents-al-territori-de-tres-districtes-de-la-ciutat\/#breadcrumb","itemListElement":[{"@type":"ListItem","position":1,"name":"Inici","item":"https:\/\/www.sindicaturabarcelona.cat\/ca\/"},{"@type":"ListItem","position":2,"name":"La Sindicatura no s&#8217;atura al juliol: serem presents al territori de tres districtes de la ciutat"}]},{"@type":"WebSite","@id":"https:\/\/www.sindicaturabarcelona.cat\/ca\/#website","url":"https:\/\/www.sindicaturabarcelona.cat\/ca\/","name":"Sindicatura de Greuges de Barcelona","description":"La defensoria dels teus drets","publisher":{"@id":"https:\/\/www.sindicaturabarcelona.cat\/ca\/#organization"},"potentialAction":[{"@type":"SearchAction","target":{"@type":"EntryPoint","urlTemplate":"https:\/\/www.sindicaturabarcelona.cat\/ca\/?s={search_term_string}"},"query-input":{"@type":"PropertyValueSpecification","valueRequired":true,"valueName":"search_term_string"}}],"inLanguage":"ca"},{"@type":"Organization","@id":"https:\/\/www.sindicaturabarcelona.cat\/ca\/#organization","name":"Sindicatura de Greuges de Barcelona","url":"https:\/\/www.sindicaturabarcelona.cat\/ca\/","logo":{"@type":"ImageObject","inLanguage":"ca","@id":"https:\/\/www.sindicaturabarcelona.cat\/ca\/#\/schema\/logo\/image\/","url":"https:\/\/www.sindicaturabarcelona.cat\/wp-content\/uploads\/2023\/02\/logo_sindicatura.svg","contentUrl":"https:\/\/www.sindicaturabarcelona.cat\/wp-content\/uploads\/2023\/02\/logo_sindicatura.svg","caption":"Sindicatura de Greuges de Barcelona"},"image":{"@id":"https:\/\/www.sindicaturabarcelona.cat\/ca\/#\/schema\/logo\/image\/"},"sameAs":["https:\/\/x.com\/sindicbarcelona","https:\/\/www.instagram.com\/sindicbarcelona\/","https:\/\/www.tiktok.com\/@sindicaturabcn","https:\/\/t.me\/sindicaturabarcelona"]},{"@type":"Person","@id":"https:\/\/www.sindicaturabarcelona.cat\/ca\/#\/schema\/person\/0e5acffc350ffdbc97578159322c9452","name":"Pablo","image":{"@type":"ImageObject","inLanguage":"ca","@id":"https:\/\/secure.gravatar.com\/avatar\/c948169b402ef9492afde705c3dfd5e90e1a6a84ef6840a91124f805a25a480f?s=96&d=mm&r=g","url":"https:\/\/secure.gravatar.com\/avatar\/c948169b402ef9492afde705c3dfd5e90e1a6a84ef6840a91124f805a25a480f?s=96&d=mm&r=g","contentUrl":"https:\/\/secure.gravatar.com\/avatar\/c948169b402ef9492afde705c3dfd5e90e1a6a84ef6840a91124f805a25a480f?s=96&d=mm&r=g","caption":"Pablo"},"url":"https:\/\/www.sindicaturabarcelona.cat\/ca\/author\/pablo\/"}]}},"_links":{"self":[{"href":"https:\/\/www.sindicaturabarcelona.cat\/ca\/wp-json\/wp\/v2\/posts\/37957","targetHints":{"allow":["GET"]}}],"collection":[{"href":"https:\/\/www.sindicaturabarcelona.cat\/ca\/wp-json\/wp\/v2\/posts"}],"about":[{"href":"https:\/\/www.sindicaturabarcelona.cat\/ca\/wp-json\/wp\/v2\/types\/post"}],"author":[{"embeddable":true,"href":"https:\/\/www.sindicaturabarcelona.cat\/ca\/wp-json\/wp\/v2\/users\/2"}],"replies":[{"embeddable":true,"href":"https:\/\/www.sindicaturabarcelona.cat\/ca\/wp-json\/wp\/v2\/comments?post=37957"}],"version-history":[{"count":8,"href":"https:\/\/www.sindicaturabarcelona.cat\/ca\/wp-json\/wp\/v2\/posts\/37957\/revisions"}],"predecessor-version":[{"id":37977,"href":"https:\/\/www.sindicaturabarcelona.cat\/ca\/wp-json\/wp\/v2\/posts\/37957\/revisions\/37977"}],"wp:featuredmedia":[{"embeddable":true,"href":"https:\/\/www.sindicaturabarcelona.cat\/ca\/wp-json\/wp\/v2\/media\/37965"}],"wp:attachment":[{"href":"https:\/\/www.sindicaturabarcelona.cat\/ca\/wp-json\/wp\/v2\/media?parent=37957"}],"wp:term":[{"taxonomy":"post_tag","embeddable":true,"href":"https:\/\/www.sindicaturabarcelona.cat\/ca\/wp-json\/wp\/v2\/tags?post=37957"},{"taxonomy":"drets","embeddable":true,"href":"https:\/\/www.sindicaturabarcelona.cat\/ca\/wp-json\/wp\/v2\/drets?post=37957"}],"curies":[{"name":"wp","href":"https:\/\/api.w.org\/{rel}","templated":true}]}}