{"id":37749,"date":"2025-06-13T08:04:56","date_gmt":"2025-06-13T06:04:56","guid":{"rendered":"https:\/\/www.sindicaturabarcelona.cat\/?p=37749"},"modified":"2025-06-18T09:47:33","modified_gmt":"2025-06-18T07:47:33","slug":"la-sindicatura-trasllada-a-lajuntament-lanalisi-de-la-vulneracio-de-drets-del-servei-de-rodalies-en-el-personal-municipal-i-lafectacio-en-la-prestaci","status":"publish","type":"post","link":"https:\/\/www.sindicaturabarcelona.cat\/ca\/la-sindicatura-trasllada-a-lajuntament-lanalisi-de-la-vulneracio-de-drets-del-servei-de-rodalies-en-el-personal-municipal-i-lafectacio-en-la-prestaci\/","title":{"rendered":"La Sindicatura trasllada a l\u2019Ajuntament l\u2019an\u00e0lisi de la vulneraci\u00f3 de drets del servei de Rodalies en el personal municipal i l\u2019afectaci\u00f3 en la prestaci\u00f3 de serveis"},"content":{"rendered":"\n<h2 class=\"wp-block-heading\">Les incid\u00e8ncies afecten deu drets humans de proximitat, entre els quals al treball, a la salut, a la informaci\u00f3, a la seguretat i a una bona administraci\u00f3. Una de les vulneracions d\u2019aquest darrer es reflecteix en les dificultats per obtenir un justificant en cas de retard. <\/h2>\n\n\n\n<h2 class=\"wp-block-heading\">El major nombre de persones afectades s\u00f3n sobretot a les l\u00ednies R4, R2 Sud i R1, amb un percentatge superior al 20% en cadascuna. <strong>&nbsp;<\/strong><\/h2>\n\n\n\n<h2 class=\"wp-block-heading\">Els serveis municipals que m\u00e9s se\u2019n ressenten s\u00f3n de proximitat: l\u2019Institut Municipal de Serveis Socials i els que presten els districtes.<\/h2>\n\n\n\n<p>La defensoria de la ciutat presenta l\u2019an\u00e0lisi de les dades recopilades <a href=\"https:\/\/www.sindicaturabarcelona.cat\/ca\/formulari-plantilla-municipal-afectacions-rodalies\/\">a trav\u00e9s d\u2019un formulari<\/a> que es va enviar a la plantilla de l\u2019Ajuntament i dels ens que en depenen <a href=\"https:\/\/www.sindicaturabarcelona.cat\/ca\/la-sindicatura-analitzara-la-vulneracio-de-drets-ocasionada-per-rodalies-en-les-persones-treballadores-de-lajuntament-i-lafectacio-en-la-prestacio-dels-serveis-municipals\/\">a finals de mar\u00e7 d\u2019enguany<\/a>. <strong>Les 380 respostes rebudes acrediten les greus afectacions que suposen els talls, suspensions, retards i avaries<\/strong> d\u2019aquesta modalitat de transport, sobretot a les entrades i sortides de la ciutat, o en els trajectes dins d\u2019aquesta. \u00c9s la primera vegada que la Sindicatura analitza aquesta problem\u00e0tica. Si ho voleu, podeu ampliar la informaci\u00f3 <a href=\"https:\/\/www.sindicaturabarcelona.cat\/wp-content\/uploads\/20250612-Informe-Rodalies-1.pdf\">en aquest dossier<\/a>.<\/p>\n\n\n\n<h2 class=\"wp-block-heading\">Drets humans de proximitat m\u00e9s afectats<\/h2>\n\n\n\n<p>La vulneraci\u00f3 de drets humans de proximitat \u00e9s m\u00faltiple, ja que se n\u2019han vist afectats fins a deu. Dos d\u2019aquests drets s\u00f3n transversals i no se n\u2019han comptabilitzat els resultats. El primer d\u2019aquests \u00e9s, \u00e9s clar, <a href=\"https:\/\/www.sindicaturabarcelona.cat\/ca\/drets\/dret-a-la-mobilitat\/\"><strong>a la mobilitat<\/strong><\/a>. A l\u2019<a href=\"https:\/\/interactiu.sindicatura.barcelona\/\">informe anual 2024<\/a>, de fet, ja es detectava que una de les principals problem\u00e0tiques vinculades aquest dret era que <strong>la xarxa de transport p\u00fablic no \u00e9s prou eficient perqu\u00e8 m\u00e9s persones reemplacin el vehicle privat<\/strong>, i es recomanava la promoci\u00f3 de pol\u00edtiques de mobilitat sostenibles. El segon dret transversal \u00e9s <a href=\"https:\/\/www.sindicaturabarcelona.cat\/ca\/drets\/dret-al-medi-ambient\/\">al <strong>medi ambient<\/strong><\/a><strong>, ja que es vincula amb afavorir els despla\u00e7aments en mitjans poc contaminants<\/strong>.<\/p>\n\n\n\n<p>Pel que fa a la resta drets, que s\u00ed que s\u2019han comptabilitzat, els resultats s\u00f3n els seg\u00fcents:<\/p>\n\n\n\n<ul class=\"wp-block-list\">\n<li><a href=\"https:\/\/www.sindicaturabarcelona.cat\/ca\/drets\/dret-al-treball\/\"><strong>Dret al treball<\/strong><\/a><strong>:<\/strong> <strong>Afecta el 82,6% de persones que han respost.<\/strong> Moltes d\u2019aquestes remarquen, entre altres problem\u00e0tiques, les dificultats de conciliaci\u00f3.<\/li>\n\n\n\n<li><a href=\"https:\/\/www.sindicaturabarcelona.cat\/ca\/drets\/dret-a-la-salut\/\"><strong>Dret a la salut<\/strong><\/a><strong>: 72,9%.<\/strong> Diverses persones en reportaven afectacions vinculades directament a les incid\u00e8ncies de Rodalies.<\/li>\n\n\n\n<li><a href=\"https:\/\/www.sindicaturabarcelona.cat\/ca\/drets\/dret-a-la-informacio\/\"><strong>Dret a la informaci\u00f3<\/strong><\/a><strong>: 68,4%.<\/strong> Diverses persones usu\u00e0ries asseguren que no en van rebre sobre les incid\u00e8ncies de manera adequada en algunes ocasions.<\/li>\n\n\n\n<li><a href=\"https:\/\/www.sindicaturabarcelona.cat\/ca\/drets\/dret-a-una-bona-administracio\/\"><strong>Dret a una bon administraci\u00f3<\/strong><\/a><strong>: 58,4%. <\/strong>Aqu\u00ed s\u2019hi inclouen les <strong>dificultats per obtenir un justificant<\/strong> en cas d\u2019endarreriment o cancel\u00b7laci\u00f3. En aquest sentit, \u00e9s significatiu que <strong>m\u00e9s de dos ter\u00e7os (67,3%) <\/strong>de les persones que van contestar van patir aquesta dificultat.<\/li>\n\n\n\n<li><a href=\"https:\/\/www.sindicaturabarcelona.cat\/ca\/drets\/dret-a-la-seguretat-ciutadana\/\"><strong>Dret a la seguretat ciutadana<\/strong><\/a><strong>: 44,7%.<\/strong> Algunes de les respostes esmenten haver presenciat agressions f\u00edsiques.<\/li>\n<\/ul>\n\n\n\n<p>En percentatges m\u00e9s baixos hi ha <a href=\"https:\/\/www.sindicaturabarcelona.cat\/ca\/drets\/dret-a-educacio-i-lleure\/\">el dret a l\u2019educaci\u00f3 i al lleure<\/a> (30%), <a href=\"https:\/\/www.sindicaturabarcelona.cat\/ca\/drets\/dret-a-la-cultura\/\">els drets culturals<\/a> (15,3%) i <a href=\"https:\/\/www.sindicaturabarcelona.cat\/ca\/drets\/dret-a-lesport\/\">el dret a l\u2019esport<\/a> (15,3%).<\/p>\n\n\n\n<h2 class=\"wp-block-heading\">L\u00ednies amb m\u00e9s persones afectades<\/h2>\n\n\n\n<p>Una altra de les preguntes del formulari era referida a les l\u00ednies en qu\u00e8 tenien lloc aquestes afectacions. Els percentatges de persones que van patir incid\u00e8ncies s\u00f3n:<\/p>\n\n\n\n<ul class=\"wp-block-list\">\n<li><strong>R4, <\/strong>entre Sant Vicen\u00e7 de Calders i Manresa: <strong>25%<\/strong><\/li>\n\n\n\n<li><strong>R2 Sud,<\/strong> entre Barcelona Estaci\u00f3 de Fran\u00e7a i Vilanova i la Geltr\u00fa: <strong>21,8%<\/strong><\/li>\n\n\n\n<li><strong>R1,<\/strong> entre Molins de Rei i Ma\u00e7anet \u2013 Massanes: <strong>21,1%<\/strong><\/li>\n\n\n\n<li><strong>R2,<\/strong> entre Castelldefels i Granollers Centre: <strong>17,3%<\/strong><\/li>\n\n\n\n<li><strong>R2 Nord<\/strong>, entre Aeroport i Ma\u00e7anet \u2013 Massanes: <strong>13,7%<\/strong><\/li>\n<\/ul>\n\n\n\n<p>&nbsp;Les l\u00ednies R7, R13, R14, R15, R16, R17 i RG1 tenen percentatges inferiors al 10%.<\/p>\n\n\n\n<h2 class=\"wp-block-heading\">Incid\u00e8ncia en els serveis p\u00fablics municipals<\/h2>\n\n\n\n<p>Tamb\u00e9 hi va haver difer\u00e8ncies rellevants pel que fa a la incid\u00e8ncia en l\u2019execuci\u00f3 dels serveis p\u00fablics municipals, que \u00e9s un dels principals objectius d\u2019aquesta iniciativa. El nombre principal de persones que van patir incid\u00e8ncies treballen a l\u2019<strong>Institut Municipal de Serveis Socials (IMSS): un 13,9% del total<\/strong>. A continuaci\u00f3 hi ha els <strong>districtes, amb un 12,3%<\/strong>, la majoria a l\u2019Eixample i a Ciutat Vella. Les persones que treballen a l\u2019IMSS i a districtes representen m\u00e9s d\u2019una quarta part de les persones treballadores que van contestar.<\/p>\n\n\n\n<h2 class=\"wp-block-heading\">Una problem\u00e0tica en qu\u00e8 l\u2019Ajuntament s\u2019ha d\u2019implicar m\u00e9s<\/h2>\n\n\n\n<p>Les dades recollides i analitzades, el nombre i la diversitat de drets humans de proximitat (fins a deu) i dels serveis municipals afectats per les incid\u00e8ncies de Rodalies confirmen l\u2019<strong>abast i la gravetat de la problem\u00e0tica<\/strong>.<\/p>\n\n\n\n<p><strong>Pel que fa a la ciutadania en general, aix\u00f2 es tradueix en un doble greuge<\/strong>: el que prov\u00e9 directament de les mateixes afectacions, com es reflecteix en els drets ja descrits; per\u00f2, a m\u00e9s, el que incideix en els serveis que reben de l\u2019Ajuntament i dels ens que en depenen. Les incid\u00e8ncies es concentren en cinc l\u00ednies pel que fa al volum de personal municipal afectat, el qual treballa, sobretot, en serveis de proximitat. Aix\u00f2 implica que <strong>la ciutadania es veu especialment perjudicada en \u00e0mbits tan sensibles com el dels serveis socials i en els que presten els districtes<\/strong>.<\/p>\n\n\n\n<p>El <strong>s\u00edndic de greuges de Barcelona, David Bondia<\/strong>, assegura que \u201ccom a defensoria de drets humans de proximitat, no ens podem quedem al marge en un cas com aquest, en qu\u00e8 <strong>es dificulta gaudir d\u2019una vida digna de ser viscuda<\/strong>. Ja hem traslladat aquestes conclusions tan preocupants al govern municipal, per tal que les administracions competents ho abordin amb celeritat. <strong>L\u2019Ajuntament, si b\u00e9 no hi t\u00e9 una compet\u00e8ncia directa, s\u2019hi ha d\u2019implicar m\u00e9s, ja que afecta les persones treballadores i la resta de la ciutadania<\/strong> que viu a Barcelona o que hi transita, i la qualitat dels serveis que presta\u201d.<\/p>\n","protected":false},"excerpt":{"rendered":"<p>Les incid\u00e8ncies afecten deu drets humans de proximitat, entre els quals al treball, a la salut, a la informaci\u00f3, a la seguretat i a una bona administraci\u00f3. Una de les [&hellip;]<\/p>\n","protected":false},"author":2,"featured_media":37750,"comment_status":"closed","ping_status":"closed","sticky":false,"template":"","format":"standard","meta":{"_acf_changed":false,"footnotes":""},"tags":[],"drets":[1428,1430,1431,1432,1433,1434,1440,1456,1452,1647,1438,1448,1447],"class_list":["post-37749","post","type-post","status-publish","format-standard","has-post-thumbnail","hentry","drets-ciutat-equitativa","drets-dret-a-educacio-i-lleure","drets-dret-a-la-salut","drets-drets-culturals","drets-dret-a-lesport","drets-dret-al-treball","drets-ciutat-garantista","drets-dret-a-una-bona-administracio","drets-dret-a-la-seguretat-ciutadana","drets-dret-a-la-informacio","drets-ciutat-habitable-i-sostenible","drets-dret-al-medi-ambient","drets-dret-a-la-mobilitat"],"acf":[],"yoast_head":"<!-- This site is optimized with the Yoast SEO plugin v27.5 - https:\/\/yoast.com\/product\/yoast-seo-wordpress\/ -->\n<title>La Sindicatura trasllada a l\u2019Ajuntament l\u2019an\u00e0lisi de la vulneraci\u00f3 de drets del servei de Rodalies en el personal municipal i l\u2019afectaci\u00f3 en la prestaci\u00f3 de serveis - Sindicatura de Greuges de Barcelona<\/title>\n<meta name=\"description\" content=\"Les dades recopilades a trav\u00e9s d\u2019un formulari enviat a la plantilla municipal acrediten les greus afectacions de drets per les incid\u00e8ncies.\" \/>\n<meta name=\"robots\" content=\"index, follow, max-snippet:-1, max-image-preview:large, max-video-preview:-1\" \/>\n<link rel=\"canonical\" href=\"https:\/\/www.sindicaturabarcelona.cat\/ca\/la-sindicatura-trasllada-a-lajuntament-lanalisi-de-la-vulneracio-de-drets-del-servei-de-rodalies-en-el-personal-municipal-i-lafectacio-en-la-prestaci\/\" \/>\n<meta property=\"og:locale\" content=\"ca_ES\" \/>\n<meta property=\"og:type\" content=\"article\" \/>\n<meta property=\"og:title\" content=\"La Sindicatura trasllada a l\u2019Ajuntament l\u2019an\u00e0lisi de la vulneraci\u00f3 de drets del servei de Rodalies en el personal municipal i l\u2019afectaci\u00f3 en la prestaci\u00f3 de serveis - Sindicatura de Greuges de Barcelona\" \/>\n<meta property=\"og:description\" content=\"Les dades recopilades a trav\u00e9s d\u2019un formulari enviat a la plantilla municipal acrediten les greus afectacions de drets per les incid\u00e8ncies.\" \/>\n<meta property=\"og:url\" content=\"https:\/\/www.sindicaturabarcelona.cat\/ca\/la-sindicatura-trasllada-a-lajuntament-lanalisi-de-la-vulneracio-de-drets-del-servei-de-rodalies-en-el-personal-municipal-i-lafectacio-en-la-prestaci\/\" \/>\n<meta property=\"og:site_name\" content=\"Sindicatura de Greuges de Barcelona\" \/>\n<meta property=\"article:published_time\" content=\"2025-06-13T06:04:56+00:00\" \/>\n<meta property=\"article:modified_time\" content=\"2025-06-18T07:47:33+00:00\" \/>\n<meta property=\"og:image\" content=\"https:\/\/www.sindicaturabarcelona.cat\/wp-content\/uploads\/Rodalies-scaled.jpg\" \/>\n\t<meta property=\"og:image:width\" content=\"2560\" \/>\n\t<meta property=\"og:image:height\" content=\"1710\" \/>\n\t<meta property=\"og:image:type\" content=\"image\/jpeg\" \/>\n<meta name=\"author\" content=\"Pablo\" \/>\n<meta name=\"twitter:card\" content=\"summary_large_image\" \/>\n<meta name=\"twitter:creator\" content=\"@sindicbarcelona\" \/>\n<meta name=\"twitter:site\" content=\"@sindicbarcelona\" \/>\n<meta name=\"twitter:label1\" content=\"Escrit per\" \/>\n\t<meta name=\"twitter:data1\" content=\"Pablo\" \/>\n\t<meta name=\"twitter:label2\" content=\"Temps estimat de lectura\" \/>\n\t<meta name=\"twitter:data2\" content=\"6 minuts\" \/>\n<script type=\"application\/ld+json\" class=\"yoast-schema-graph\">{\"@context\":\"https:\\\/\\\/schema.org\",\"@graph\":[{\"@type\":\"Article\",\"@id\":\"https:\\\/\\\/www.sindicaturabarcelona.cat\\\/ca\\\/la-sindicatura-trasllada-a-lajuntament-lanalisi-de-la-vulneracio-de-drets-del-servei-de-rodalies-en-el-personal-municipal-i-lafectacio-en-la-prestaci\\\/#article\",\"isPartOf\":{\"@id\":\"https:\\\/\\\/www.sindicaturabarcelona.cat\\\/ca\\\/la-sindicatura-trasllada-a-lajuntament-lanalisi-de-la-vulneracio-de-drets-del-servei-de-rodalies-en-el-personal-municipal-i-lafectacio-en-la-prestaci\\\/\"},\"author\":{\"name\":\"Pablo\",\"@id\":\"https:\\\/\\\/www.sindicaturabarcelona.cat\\\/ca\\\/#\\\/schema\\\/person\\\/0e5acffc350ffdbc97578159322c9452\"},\"headline\":\"La Sindicatura trasllada a l\u2019Ajuntament l\u2019an\u00e0lisi de la vulneraci\u00f3 de drets del servei de Rodalies en el personal municipal i l\u2019afectaci\u00f3 en la prestaci\u00f3 de serveis\",\"datePublished\":\"2025-06-13T06:04:56+00:00\",\"dateModified\":\"2025-06-18T07:47:33+00:00\",\"mainEntityOfPage\":{\"@id\":\"https:\\\/\\\/www.sindicaturabarcelona.cat\\\/ca\\\/la-sindicatura-trasllada-a-lajuntament-lanalisi-de-la-vulneracio-de-drets-del-servei-de-rodalies-en-el-personal-municipal-i-lafectacio-en-la-prestaci\\\/\"},\"wordCount\":977,\"publisher\":{\"@id\":\"https:\\\/\\\/www.sindicaturabarcelona.cat\\\/ca\\\/#organization\"},\"image\":{\"@id\":\"https:\\\/\\\/www.sindicaturabarcelona.cat\\\/ca\\\/la-sindicatura-trasllada-a-lajuntament-lanalisi-de-la-vulneracio-de-drets-del-servei-de-rodalies-en-el-personal-municipal-i-lafectacio-en-la-prestaci\\\/#primaryimage\"},\"thumbnailUrl\":\"https:\\\/\\\/www.sindicaturabarcelona.cat\\\/wp-content\\\/uploads\\\/Rodalies-scaled.jpg\",\"inLanguage\":\"ca\"},{\"@type\":\"WebPage\",\"@id\":\"https:\\\/\\\/www.sindicaturabarcelona.cat\\\/ca\\\/la-sindicatura-trasllada-a-lajuntament-lanalisi-de-la-vulneracio-de-drets-del-servei-de-rodalies-en-el-personal-municipal-i-lafectacio-en-la-prestaci\\\/\",\"url\":\"https:\\\/\\\/www.sindicaturabarcelona.cat\\\/ca\\\/la-sindicatura-trasllada-a-lajuntament-lanalisi-de-la-vulneracio-de-drets-del-servei-de-rodalies-en-el-personal-municipal-i-lafectacio-en-la-prestaci\\\/\",\"name\":\"La Sindicatura trasllada a l\u2019Ajuntament l\u2019an\u00e0lisi de la vulneraci\u00f3 de drets del servei de Rodalies en el personal municipal i l\u2019afectaci\u00f3 en la prestaci\u00f3 de serveis - Sindicatura de Greuges de Barcelona\",\"isPartOf\":{\"@id\":\"https:\\\/\\\/www.sindicaturabarcelona.cat\\\/ca\\\/#website\"},\"primaryImageOfPage\":{\"@id\":\"https:\\\/\\\/www.sindicaturabarcelona.cat\\\/ca\\\/la-sindicatura-trasllada-a-lajuntament-lanalisi-de-la-vulneracio-de-drets-del-servei-de-rodalies-en-el-personal-municipal-i-lafectacio-en-la-prestaci\\\/#primaryimage\"},\"image\":{\"@id\":\"https:\\\/\\\/www.sindicaturabarcelona.cat\\\/ca\\\/la-sindicatura-trasllada-a-lajuntament-lanalisi-de-la-vulneracio-de-drets-del-servei-de-rodalies-en-el-personal-municipal-i-lafectacio-en-la-prestaci\\\/#primaryimage\"},\"thumbnailUrl\":\"https:\\\/\\\/www.sindicaturabarcelona.cat\\\/wp-content\\\/uploads\\\/Rodalies-scaled.jpg\",\"datePublished\":\"2025-06-13T06:04:56+00:00\",\"dateModified\":\"2025-06-18T07:47:33+00:00\",\"description\":\"Les dades recopilades a trav\u00e9s d\u2019un formulari enviat a la plantilla municipal acrediten les greus afectacions de drets per les incid\u00e8ncies.\",\"breadcrumb\":{\"@id\":\"https:\\\/\\\/www.sindicaturabarcelona.cat\\\/ca\\\/la-sindicatura-trasllada-a-lajuntament-lanalisi-de-la-vulneracio-de-drets-del-servei-de-rodalies-en-el-personal-municipal-i-lafectacio-en-la-prestaci\\\/#breadcrumb\"},\"inLanguage\":\"ca\",\"potentialAction\":[{\"@type\":\"ReadAction\",\"target\":[\"https:\\\/\\\/www.sindicaturabarcelona.cat\\\/ca\\\/la-sindicatura-trasllada-a-lajuntament-lanalisi-de-la-vulneracio-de-drets-del-servei-de-rodalies-en-el-personal-municipal-i-lafectacio-en-la-prestaci\\\/\"]}]},{\"@type\":\"ImageObject\",\"inLanguage\":\"ca\",\"@id\":\"https:\\\/\\\/www.sindicaturabarcelona.cat\\\/ca\\\/la-sindicatura-trasllada-a-lajuntament-lanalisi-de-la-vulneracio-de-drets-del-servei-de-rodalies-en-el-personal-municipal-i-lafectacio-en-la-prestaci\\\/#primaryimage\",\"url\":\"https:\\\/\\\/www.sindicaturabarcelona.cat\\\/wp-content\\\/uploads\\\/Rodalies-scaled.jpg\",\"contentUrl\":\"https:\\\/\\\/www.sindicaturabarcelona.cat\\\/wp-content\\\/uploads\\\/Rodalies-scaled.jpg\",\"width\":2560,\"height\":1710},{\"@type\":\"BreadcrumbList\",\"@id\":\"https:\\\/\\\/www.sindicaturabarcelona.cat\\\/ca\\\/la-sindicatura-trasllada-a-lajuntament-lanalisi-de-la-vulneracio-de-drets-del-servei-de-rodalies-en-el-personal-municipal-i-lafectacio-en-la-prestaci\\\/#breadcrumb\",\"itemListElement\":[{\"@type\":\"ListItem\",\"position\":1,\"name\":\"Inici\",\"item\":\"https:\\\/\\\/www.sindicaturabarcelona.cat\\\/ca\\\/\"},{\"@type\":\"ListItem\",\"position\":2,\"name\":\"La Sindicatura trasllada a l\u2019Ajuntament l\u2019an\u00e0lisi de la vulneraci\u00f3 de drets del servei de Rodalies en el personal municipal i l\u2019afectaci\u00f3 en la prestaci\u00f3 de serveis\"}]},{\"@type\":\"WebSite\",\"@id\":\"https:\\\/\\\/www.sindicaturabarcelona.cat\\\/ca\\\/#website\",\"url\":\"https:\\\/\\\/www.sindicaturabarcelona.cat\\\/ca\\\/\",\"name\":\"Sindicatura de Greuges de Barcelona\",\"description\":\"La defensoria dels teus drets\",\"publisher\":{\"@id\":\"https:\\\/\\\/www.sindicaturabarcelona.cat\\\/ca\\\/#organization\"},\"potentialAction\":[{\"@type\":\"SearchAction\",\"target\":{\"@type\":\"EntryPoint\",\"urlTemplate\":\"https:\\\/\\\/www.sindicaturabarcelona.cat\\\/ca\\\/?s={search_term_string}\"},\"query-input\":{\"@type\":\"PropertyValueSpecification\",\"valueRequired\":true,\"valueName\":\"search_term_string\"}}],\"inLanguage\":\"ca\"},{\"@type\":\"Organization\",\"@id\":\"https:\\\/\\\/www.sindicaturabarcelona.cat\\\/ca\\\/#organization\",\"name\":\"Sindicatura de Greuges de Barcelona\",\"url\":\"https:\\\/\\\/www.sindicaturabarcelona.cat\\\/ca\\\/\",\"logo\":{\"@type\":\"ImageObject\",\"inLanguage\":\"ca\",\"@id\":\"https:\\\/\\\/www.sindicaturabarcelona.cat\\\/ca\\\/#\\\/schema\\\/logo\\\/image\\\/\",\"url\":\"https:\\\/\\\/www.sindicaturabarcelona.cat\\\/wp-content\\\/uploads\\\/2023\\\/02\\\/logo_sindicatura.svg\",\"contentUrl\":\"https:\\\/\\\/www.sindicaturabarcelona.cat\\\/wp-content\\\/uploads\\\/2023\\\/02\\\/logo_sindicatura.svg\",\"caption\":\"Sindicatura de Greuges de Barcelona\"},\"image\":{\"@id\":\"https:\\\/\\\/www.sindicaturabarcelona.cat\\\/ca\\\/#\\\/schema\\\/logo\\\/image\\\/\"},\"sameAs\":[\"https:\\\/\\\/x.com\\\/sindicbarcelona\",\"https:\\\/\\\/www.instagram.com\\\/sindicbarcelona\\\/\",\"https:\\\/\\\/www.tiktok.com\\\/@sindicaturabcn\",\"https:\\\/\\\/t.me\\\/sindicaturabarcelona\"]},{\"@type\":\"Person\",\"@id\":\"https:\\\/\\\/www.sindicaturabarcelona.cat\\\/ca\\\/#\\\/schema\\\/person\\\/0e5acffc350ffdbc97578159322c9452\",\"name\":\"Pablo\",\"image\":{\"@type\":\"ImageObject\",\"inLanguage\":\"ca\",\"@id\":\"https:\\\/\\\/secure.gravatar.com\\\/avatar\\\/c948169b402ef9492afde705c3dfd5e90e1a6a84ef6840a91124f805a25a480f?s=96&d=mm&r=g\",\"url\":\"https:\\\/\\\/secure.gravatar.com\\\/avatar\\\/c948169b402ef9492afde705c3dfd5e90e1a6a84ef6840a91124f805a25a480f?s=96&d=mm&r=g\",\"contentUrl\":\"https:\\\/\\\/secure.gravatar.com\\\/avatar\\\/c948169b402ef9492afde705c3dfd5e90e1a6a84ef6840a91124f805a25a480f?s=96&d=mm&r=g\",\"caption\":\"Pablo\"},\"url\":\"https:\\\/\\\/www.sindicaturabarcelona.cat\\\/ca\\\/author\\\/pablo\\\/\"}]}<\/script>\n<!-- \/ Yoast SEO plugin. -->","yoast_head_json":{"title":"La Sindicatura trasllada a l\u2019Ajuntament l\u2019an\u00e0lisi de la vulneraci\u00f3 de drets del servei de Rodalies en el personal municipal i l\u2019afectaci\u00f3 en la prestaci\u00f3 de serveis - Sindicatura de Greuges de Barcelona","description":"Les dades recopilades a trav\u00e9s d\u2019un formulari enviat a la plantilla municipal acrediten les greus afectacions de drets per les incid\u00e8ncies.","robots":{"index":"index","follow":"follow","max-snippet":"max-snippet:-1","max-image-preview":"max-image-preview:large","max-video-preview":"max-video-preview:-1"},"canonical":"https:\/\/www.sindicaturabarcelona.cat\/ca\/la-sindicatura-trasllada-a-lajuntament-lanalisi-de-la-vulneracio-de-drets-del-servei-de-rodalies-en-el-personal-municipal-i-lafectacio-en-la-prestaci\/","og_locale":"ca_ES","og_type":"article","og_title":"La Sindicatura trasllada a l\u2019Ajuntament l\u2019an\u00e0lisi de la vulneraci\u00f3 de drets del servei de Rodalies en el personal municipal i l\u2019afectaci\u00f3 en la prestaci\u00f3 de serveis - Sindicatura de Greuges de Barcelona","og_description":"Les dades recopilades a trav\u00e9s d\u2019un formulari enviat a la plantilla municipal acrediten les greus afectacions de drets per les incid\u00e8ncies.","og_url":"https:\/\/www.sindicaturabarcelona.cat\/ca\/la-sindicatura-trasllada-a-lajuntament-lanalisi-de-la-vulneracio-de-drets-del-servei-de-rodalies-en-el-personal-municipal-i-lafectacio-en-la-prestaci\/","og_site_name":"Sindicatura de Greuges de Barcelona","article_published_time":"2025-06-13T06:04:56+00:00","article_modified_time":"2025-06-18T07:47:33+00:00","og_image":[{"width":2560,"height":1710,"url":"https:\/\/www.sindicaturabarcelona.cat\/wp-content\/uploads\/Rodalies-scaled.jpg","type":"image\/jpeg"}],"author":"Pablo","twitter_card":"summary_large_image","twitter_creator":"@sindicbarcelona","twitter_site":"@sindicbarcelona","twitter_misc":{"Escrit per":"Pablo","Temps estimat de lectura":"6 minuts"},"schema":{"@context":"https:\/\/schema.org","@graph":[{"@type":"Article","@id":"https:\/\/www.sindicaturabarcelona.cat\/ca\/la-sindicatura-trasllada-a-lajuntament-lanalisi-de-la-vulneracio-de-drets-del-servei-de-rodalies-en-el-personal-municipal-i-lafectacio-en-la-prestaci\/#article","isPartOf":{"@id":"https:\/\/www.sindicaturabarcelona.cat\/ca\/la-sindicatura-trasllada-a-lajuntament-lanalisi-de-la-vulneracio-de-drets-del-servei-de-rodalies-en-el-personal-municipal-i-lafectacio-en-la-prestaci\/"},"author":{"name":"Pablo","@id":"https:\/\/www.sindicaturabarcelona.cat\/ca\/#\/schema\/person\/0e5acffc350ffdbc97578159322c9452"},"headline":"La Sindicatura trasllada a l\u2019Ajuntament l\u2019an\u00e0lisi de la vulneraci\u00f3 de drets del servei de Rodalies en el personal municipal i l\u2019afectaci\u00f3 en la prestaci\u00f3 de serveis","datePublished":"2025-06-13T06:04:56+00:00","dateModified":"2025-06-18T07:47:33+00:00","mainEntityOfPage":{"@id":"https:\/\/www.sindicaturabarcelona.cat\/ca\/la-sindicatura-trasllada-a-lajuntament-lanalisi-de-la-vulneracio-de-drets-del-servei-de-rodalies-en-el-personal-municipal-i-lafectacio-en-la-prestaci\/"},"wordCount":977,"publisher":{"@id":"https:\/\/www.sindicaturabarcelona.cat\/ca\/#organization"},"image":{"@id":"https:\/\/www.sindicaturabarcelona.cat\/ca\/la-sindicatura-trasllada-a-lajuntament-lanalisi-de-la-vulneracio-de-drets-del-servei-de-rodalies-en-el-personal-municipal-i-lafectacio-en-la-prestaci\/#primaryimage"},"thumbnailUrl":"https:\/\/www.sindicaturabarcelona.cat\/wp-content\/uploads\/Rodalies-scaled.jpg","inLanguage":"ca"},{"@type":"WebPage","@id":"https:\/\/www.sindicaturabarcelona.cat\/ca\/la-sindicatura-trasllada-a-lajuntament-lanalisi-de-la-vulneracio-de-drets-del-servei-de-rodalies-en-el-personal-municipal-i-lafectacio-en-la-prestaci\/","url":"https:\/\/www.sindicaturabarcelona.cat\/ca\/la-sindicatura-trasllada-a-lajuntament-lanalisi-de-la-vulneracio-de-drets-del-servei-de-rodalies-en-el-personal-municipal-i-lafectacio-en-la-prestaci\/","name":"La Sindicatura trasllada a l\u2019Ajuntament l\u2019an\u00e0lisi de la vulneraci\u00f3 de drets del servei de Rodalies en el personal municipal i l\u2019afectaci\u00f3 en la prestaci\u00f3 de serveis - Sindicatura de Greuges de Barcelona","isPartOf":{"@id":"https:\/\/www.sindicaturabarcelona.cat\/ca\/#website"},"primaryImageOfPage":{"@id":"https:\/\/www.sindicaturabarcelona.cat\/ca\/la-sindicatura-trasllada-a-lajuntament-lanalisi-de-la-vulneracio-de-drets-del-servei-de-rodalies-en-el-personal-municipal-i-lafectacio-en-la-prestaci\/#primaryimage"},"image":{"@id":"https:\/\/www.sindicaturabarcelona.cat\/ca\/la-sindicatura-trasllada-a-lajuntament-lanalisi-de-la-vulneracio-de-drets-del-servei-de-rodalies-en-el-personal-municipal-i-lafectacio-en-la-prestaci\/#primaryimage"},"thumbnailUrl":"https:\/\/www.sindicaturabarcelona.cat\/wp-content\/uploads\/Rodalies-scaled.jpg","datePublished":"2025-06-13T06:04:56+00:00","dateModified":"2025-06-18T07:47:33+00:00","description":"Les dades recopilades a trav\u00e9s d\u2019un formulari enviat a la plantilla municipal acrediten les greus afectacions de drets per les incid\u00e8ncies.","breadcrumb":{"@id":"https:\/\/www.sindicaturabarcelona.cat\/ca\/la-sindicatura-trasllada-a-lajuntament-lanalisi-de-la-vulneracio-de-drets-del-servei-de-rodalies-en-el-personal-municipal-i-lafectacio-en-la-prestaci\/#breadcrumb"},"inLanguage":"ca","potentialAction":[{"@type":"ReadAction","target":["https:\/\/www.sindicaturabarcelona.cat\/ca\/la-sindicatura-trasllada-a-lajuntament-lanalisi-de-la-vulneracio-de-drets-del-servei-de-rodalies-en-el-personal-municipal-i-lafectacio-en-la-prestaci\/"]}]},{"@type":"ImageObject","inLanguage":"ca","@id":"https:\/\/www.sindicaturabarcelona.cat\/ca\/la-sindicatura-trasllada-a-lajuntament-lanalisi-de-la-vulneracio-de-drets-del-servei-de-rodalies-en-el-personal-municipal-i-lafectacio-en-la-prestaci\/#primaryimage","url":"https:\/\/www.sindicaturabarcelona.cat\/wp-content\/uploads\/Rodalies-scaled.jpg","contentUrl":"https:\/\/www.sindicaturabarcelona.cat\/wp-content\/uploads\/Rodalies-scaled.jpg","width":2560,"height":1710},{"@type":"BreadcrumbList","@id":"https:\/\/www.sindicaturabarcelona.cat\/ca\/la-sindicatura-trasllada-a-lajuntament-lanalisi-de-la-vulneracio-de-drets-del-servei-de-rodalies-en-el-personal-municipal-i-lafectacio-en-la-prestaci\/#breadcrumb","itemListElement":[{"@type":"ListItem","position":1,"name":"Inici","item":"https:\/\/www.sindicaturabarcelona.cat\/ca\/"},{"@type":"ListItem","position":2,"name":"La Sindicatura trasllada a l\u2019Ajuntament l\u2019an\u00e0lisi de la vulneraci\u00f3 de drets del servei de Rodalies en el personal municipal i l\u2019afectaci\u00f3 en la prestaci\u00f3 de serveis"}]},{"@type":"WebSite","@id":"https:\/\/www.sindicaturabarcelona.cat\/ca\/#website","url":"https:\/\/www.sindicaturabarcelona.cat\/ca\/","name":"Sindicatura de Greuges de Barcelona","description":"La defensoria dels teus drets","publisher":{"@id":"https:\/\/www.sindicaturabarcelona.cat\/ca\/#organization"},"potentialAction":[{"@type":"SearchAction","target":{"@type":"EntryPoint","urlTemplate":"https:\/\/www.sindicaturabarcelona.cat\/ca\/?s={search_term_string}"},"query-input":{"@type":"PropertyValueSpecification","valueRequired":true,"valueName":"search_term_string"}}],"inLanguage":"ca"},{"@type":"Organization","@id":"https:\/\/www.sindicaturabarcelona.cat\/ca\/#organization","name":"Sindicatura de Greuges de Barcelona","url":"https:\/\/www.sindicaturabarcelona.cat\/ca\/","logo":{"@type":"ImageObject","inLanguage":"ca","@id":"https:\/\/www.sindicaturabarcelona.cat\/ca\/#\/schema\/logo\/image\/","url":"https:\/\/www.sindicaturabarcelona.cat\/wp-content\/uploads\/2023\/02\/logo_sindicatura.svg","contentUrl":"https:\/\/www.sindicaturabarcelona.cat\/wp-content\/uploads\/2023\/02\/logo_sindicatura.svg","caption":"Sindicatura de Greuges de Barcelona"},"image":{"@id":"https:\/\/www.sindicaturabarcelona.cat\/ca\/#\/schema\/logo\/image\/"},"sameAs":["https:\/\/x.com\/sindicbarcelona","https:\/\/www.instagram.com\/sindicbarcelona\/","https:\/\/www.tiktok.com\/@sindicaturabcn","https:\/\/t.me\/sindicaturabarcelona"]},{"@type":"Person","@id":"https:\/\/www.sindicaturabarcelona.cat\/ca\/#\/schema\/person\/0e5acffc350ffdbc97578159322c9452","name":"Pablo","image":{"@type":"ImageObject","inLanguage":"ca","@id":"https:\/\/secure.gravatar.com\/avatar\/c948169b402ef9492afde705c3dfd5e90e1a6a84ef6840a91124f805a25a480f?s=96&d=mm&r=g","url":"https:\/\/secure.gravatar.com\/avatar\/c948169b402ef9492afde705c3dfd5e90e1a6a84ef6840a91124f805a25a480f?s=96&d=mm&r=g","contentUrl":"https:\/\/secure.gravatar.com\/avatar\/c948169b402ef9492afde705c3dfd5e90e1a6a84ef6840a91124f805a25a480f?s=96&d=mm&r=g","caption":"Pablo"},"url":"https:\/\/www.sindicaturabarcelona.cat\/ca\/author\/pablo\/"}]}},"_links":{"self":[{"href":"https:\/\/www.sindicaturabarcelona.cat\/ca\/wp-json\/wp\/v2\/posts\/37749","targetHints":{"allow":["GET"]}}],"collection":[{"href":"https:\/\/www.sindicaturabarcelona.cat\/ca\/wp-json\/wp\/v2\/posts"}],"about":[{"href":"https:\/\/www.sindicaturabarcelona.cat\/ca\/wp-json\/wp\/v2\/types\/post"}],"author":[{"embeddable":true,"href":"https:\/\/www.sindicaturabarcelona.cat\/ca\/wp-json\/wp\/v2\/users\/2"}],"replies":[{"embeddable":true,"href":"https:\/\/www.sindicaturabarcelona.cat\/ca\/wp-json\/wp\/v2\/comments?post=37749"}],"version-history":[{"count":10,"href":"https:\/\/www.sindicaturabarcelona.cat\/ca\/wp-json\/wp\/v2\/posts\/37749\/revisions"}],"predecessor-version":[{"id":37785,"href":"https:\/\/www.sindicaturabarcelona.cat\/ca\/wp-json\/wp\/v2\/posts\/37749\/revisions\/37785"}],"wp:featuredmedia":[{"embeddable":true,"href":"https:\/\/www.sindicaturabarcelona.cat\/ca\/wp-json\/wp\/v2\/media\/37750"}],"wp:attachment":[{"href":"https:\/\/www.sindicaturabarcelona.cat\/ca\/wp-json\/wp\/v2\/media?parent=37749"}],"wp:term":[{"taxonomy":"post_tag","embeddable":true,"href":"https:\/\/www.sindicaturabarcelona.cat\/ca\/wp-json\/wp\/v2\/tags?post=37749"},{"taxonomy":"drets","embeddable":true,"href":"https:\/\/www.sindicaturabarcelona.cat\/ca\/wp-json\/wp\/v2\/drets?post=37749"}],"curies":[{"name":"wp","href":"https:\/\/api.w.org\/{rel}","templated":true}]}}