{"id":37611,"date":"2025-05-29T08:05:00","date_gmt":"2025-05-29T06:05:00","guid":{"rendered":"https:\/\/www.sindicaturabarcelona.cat\/?p=37611"},"modified":"2025-06-03T09:56:40","modified_gmt":"2025-06-03T07:56:40","slug":"la-sindicatura-de-greuges-avala-el-tancament-del-mirador-de-sarria-a-collserola-per-mantenir-ne-el-valor-ambiental","status":"publish","type":"post","link":"https:\/\/www.sindicaturabarcelona.cat\/ca\/la-sindicatura-de-greuges-avala-el-tancament-del-mirador-de-sarria-a-collserola-per-mantenir-ne-el-valor-ambiental\/","title":{"rendered":"La Sindicatura avala el tancament del Mirador de Sarri\u00e0, a Collserola, per mantenir-ne el valor ambiental"},"content":{"rendered":"\n<h2 class=\"wp-block-heading\">L\u2019actuaci\u00f3 municipal ha estat adequada, ja que les restriccions d\u2019acc\u00e9s a aquest espai es produeixen els dies previs a Sant Joan, en moments de risc d\u2019incendi i quan s\u2019incrementen els usos indeguts. En aquest sentit, tamb\u00e9 \u00e9s cabdal la corresponsabilitat ciutadana.<\/h2>\n\n\n\n<p>Un ciutad\u00e0 va presentar <a href=\"https:\/\/www.sindicaturabarcelona.cat\/wp-content\/uploads\/202504_Dret-espai-public_tancament-temporal-Mirador-de-Sarria-Parc-Natural-CollserolaV2_24Q000693.pdf\"><strong>una<\/strong><\/a><strong><a href=\"https:\/\/www.sindicaturabarcelona.cat\/wp-content\/uploads\/202504_Dret-espai-public_tancament-temporal-Mirador-de-Sarria-Parc-Natural-CollserolaV2_24Q000693.pdf\" target=\"_blank\" rel=\"noreferrer noopener\"> <\/a><\/strong><a href=\"https:\/\/www.sindicaturabarcelona.cat\/wp-content\/uploads\/202504_Dret-espai-public_tancament-temporal-Mirador-de-Sarria-Parc-Natural-CollserolaV2_24Q000693.pdf\" target=\"_blank\" rel=\"noreferrer noopener\"><strong>queixa<\/strong><\/a><strong> per la pres\u00e8ncia d\u2019unes pilones i un cadenat que impedien l\u2019entrada al Mirador de Sarri\u00e0<\/strong>, al <a href=\"https:\/\/parcnaturalcollserola.cat\/\" target=\"_blank\" rel=\"noreferrer noopener\">Parc Natural de Collserola<\/a>. El promotor de la queixa, ve\u00ed del barri de Vallvidrera, Tibidabo i les Planes, molt proper al mirador, <strong>al\u00b7legava tamb\u00e9 que aix\u00f2 complica les entrades i sortides al parc<\/strong>. La Gu\u00e0rdia Urbana el va informar que el tancament era temporal i per raons de seguretat.<\/p>\n\n\n\n<p><strong>La instal\u00b7laci\u00f3 de les pilones i el cadenat<\/strong><a><strong> <\/strong><\/a><strong>va ser el 2020, en el context de la pand\u00e8mia de la covid-19<\/strong>. Malgrat les restriccions decretades per la situaci\u00f3 sanit\u00e0ria, hi va haver concentracions de vehicles i persones, a m\u00e9s de botellots i abocaments de deixalles. Segons el cos policial, actualment, <strong>encara s\u2019hi consumeixen begudes alcoh\u00f2liques i altres subst\u00e0ncies, i fins i tot hi tenen lloc concentracions de motociclistes per fer-hi curses il\u00b7legals. <\/strong>Aquestes situacions, ocasionals per\u00f2 sostingudes en el temps, suposen un<strong> perill greu per a les persones que hi transiten<\/strong>, a m\u00e9s de provocar mol\u00e8sties al ve\u00efnat, i justifiquen la decisi\u00f3 de mantenir les pilones i el cadenat. De fet, aquestes mesures tamb\u00e9 s\u2019apliquen a altres miradors, com el d\u2019Horta o el de Sant Cugat.<\/p>\n\n\n\n<p>Amb la finalitat d\u2019evitar incendis, <strong>el Mirador de Sarri\u00e0<\/strong> <strong>tamb\u00e9<\/strong> <strong>es tanca de manera preventiva durant els dies previs a Sant Joan, incl\u00f2s, \u00e9s clar, el de la revetlla<\/strong>, i alguns m\u00e9s despr\u00e9s d\u2019aquesta data, quan la situaci\u00f3 meteorol\u00f2gica ho requereix. Cada any, <strong>durant la nit del 23 de juny es reforcen els serveis municipals<\/strong>, amb m\u00e9s agents de la Gu\u00e0rdia Urbana i m\u00e9s efectius del cos de Bombers, en aquest cas sobretot a les zones forestals. Si ho voleu, podeu <a href=\"https:\/\/www.barcelona.cat\/infobarcelona\/ca\/tema\/seguretat-i-prevencio\/tots-els-serveis-municipals-preparats-per-a-la-revetlla-de-sant-joan-2-2_1412597.html\" target=\"_blank\" rel=\"noreferrer noopener\">consultar el dispositiu especial de la revetlla de 2024<\/a>.<\/p>\n\n\n\n<p>De fet, tres mesos abans de la nit m\u00e9s curta de l\u2019any ja comen\u00e7a la prohibici\u00f3: <strong><a href=\"https:\/\/ajuntament.barcelona.cat\/bombers\/ca\/noticia\/fins-al-15-doctubre-cap-foc-al-bosc-2_1492927\" target=\"_blank\" rel=\"noreferrer noopener\">des del 15 de mar\u00e7 fins al 15 d\u2019octubre no es pot encendre cap foc en cap terreny forestal<\/a><\/strong>, poblat d\u2019esp\u00e8cies arb\u00f2ries o no, ni en la franja de 500 metres que els envolta, sigui quina en sigui la finalitat. <strong>At\u00e8s que l\u2019encesa de fogueres i el llan\u00e7ament de petards s\u00f3n dos dels <\/strong><a href=\"https:\/\/www.barcelona.cat\/culturapopular\/ca\/festes-i-tradicions\/nit-de-sant-joan\" target=\"_blank\" rel=\"noreferrer noopener\"><strong>elements m\u00e9s caracter\u00edstics de la revetlla de Sant Joan<\/strong><\/a><strong>, el tancament durant aquestes dates est\u00e0 justificat.<\/strong><\/p>\n\n\n\n<p><strong>Pel que fa a la resta de l\u2019any, i de forma general, el Mirador de Sarri\u00e0 \u00e9s obert<\/strong>, segons la Gu\u00e0rdia Urbana, que afegeix que els tancaments es limiten a situacions d\u2019alt risc d\u2019incendi o quan augmenten els usos indeguts. <strong>El Parc Natural de Collserola \u00e9s essencial pels beneficis socials i ambientals que aporta a la ciutadania, m\u00e9s encara pel fet que hi ha un d\u00e8ficit d\u2019espais verds a Barcelona<\/strong>. En aquest sentit, des de la Sindicatura entenem que un dels objectius de les administracions ha de ser la preservaci\u00f3 d\u2019aquest espai natural. Un objectiu que ha de comptar, tamb\u00e9, amb la corresponsabilitat ciutadana.<\/p>\n\n\n\n<h2 class=\"wp-block-heading\"><strong>Dificultats per accedir al Parc Natural<\/strong><\/h2>\n\n\n\n<p>Un altre dels motius de queixa \u00e9s que el tancament del Mirador de Sarri\u00e0 dificulta l\u2019acc\u00e9s al parc, ja que ell \u00e9s ve\u00ed d\u2019un barri situat a Collserola. El fet, per\u00f2, \u00e9s que <strong>hi ha m\u00e9s de 400 entrades i sortides a l\u2019espai natural<\/strong>, 120 de les quals es consideren principals. Cap dels accessos principals t\u00e9 restriccions hor\u00e0ries ni en cap moment de l\u2019any.&nbsp;<\/p>\n\n\n\n<p>Les vies per entrar-hi i sortir-ne s\u00f3n les seg\u00fcents: <strong>amb vehicle privat, per quatre carreteres<\/strong> (una de les quals \u00e9s una autovia); <a href=\"https:\/\/parcnaturalcollserola.cat\/com-arribar-al-parc\/\" target=\"_blank\" rel=\"noreferrer noopener\"><strong>amb transport p\u00fablic<\/strong><\/a><strong>, a trav\u00e9s de Ferrocarrils <\/strong>de la Generalitat de Catalunya, amb tres parades dins del parc natural, inclosa la del Baixador de Vallvidrera; <strong>diverses l\u00ednies de bus <\/strong>que travessen el parc; el funicular del Tibidabo; i d\u2019altres a tocar dels l\u00edmits d\u2019aquest espai, com diverses parades de metro. Tamb\u00e9 hi ha una <a href=\"https:\/\/parcnaturalcollserola.cat\/itineraris\/\" target=\"_blank\" rel=\"noreferrer noopener\"><strong>\u00e0mplia xarxa d\u2019itineraris<\/strong><\/a><strong> per anar-hi a peu o en bicicleta<\/strong>.<\/p>\n\n\n\n<h2 class=\"wp-block-heading\"><strong>Una responsabilitat compartida amb la ciutadania<\/strong><\/h2>\n\n\n\n<p>\u00c9s per tot aix\u00f2 que la Sindicatura de Greuges de Barcelona conclou <a href=\"https:\/\/www.sindicaturabarcelona.cat\/wp-content\/uploads\/202504_Dret-espai-public_tancament-temporal-Mirador-de-Sarria-Parc-Natural-CollserolaV2_24Q000693.pdf\" target=\"_blank\" rel=\"noreferrer noopener\">en la seva resoluci\u00f3<\/a>\u00a0que <strong>l\u2019actuaci\u00f3 de l\u2019\u00c0rea de Seguretat, Prevenci\u00f3 i Conviv\u00e8ncia i del Consorci del Parc Natural de Collserola ha estat adequada per preservar la biodiversitat<\/strong> i per garantir el valor d\u2019aquest espai verd.<\/p>\n\n\n\n<p>Des de la Sindicatura tamb\u00e9 es vol insistir en el fet que <strong>la responsabilitat de mantenir i preservar el parc en bones condicions \u00e9s compartida amb la ciutadania<\/strong>, la qual n\u2019ha de fer un \u00fas sostenible per tal d\u2019afavorir la millora de la qualitat de vida i el benestar de tothom, ja que <strong>existeix el dret per\u00f2 tamb\u00e9 el deure a la ciutat<\/strong>.<\/p>\n","protected":false},"excerpt":{"rendered":"<p>L\u2019actuaci\u00f3 municipal ha estat adequada, ja que les restriccions d\u2019acc\u00e9s a aquest espai es produeixen els dies previs a Sant Joan, en moments de risc d\u2019incendi i quan s\u2019incrementen els [&hellip;]<\/p>\n","protected":false},"author":2,"featured_media":37655,"comment_status":"closed","ping_status":"closed","sticky":false,"template":"","format":"standard","meta":{"_acf_changed":false,"footnotes":""},"tags":[],"drets":[1438,1446],"class_list":["post-37611","post","type-post","status-publish","format-standard","has-post-thumbnail","hentry","drets-ciutat-habitable-i-sostenible","drets-dret-a-lespai-public"],"acf":[],"yoast_head":"<!-- This site is optimized with the Yoast SEO plugin v27.5 - https:\/\/yoast.com\/product\/yoast-seo-wordpress\/ -->\n<title>La Sindicatura avala el tancament del Mirador de Sarri\u00e0, a Collserola, per mantenir-ne el valor ambiental - Sindicatura de Greuges de Barcelona<\/title>\n<meta name=\"description\" content=\"Les restriccions d\u2019acc\u00e9s es produeixen els dies previs a Sant Joan i quan hi ha risc d\u2019incendi o s\u2019incrementen els usos indeguts.\" \/>\n<meta name=\"robots\" content=\"index, follow, max-snippet:-1, max-image-preview:large, max-video-preview:-1\" \/>\n<link rel=\"canonical\" href=\"https:\/\/www.sindicaturabarcelona.cat\/ca\/la-sindicatura-de-greuges-avala-el-tancament-del-mirador-de-sarria-a-collserola-per-mantenir-ne-el-valor-ambiental\/\" \/>\n<meta property=\"og:locale\" content=\"ca_ES\" \/>\n<meta property=\"og:type\" content=\"article\" \/>\n<meta property=\"og:title\" content=\"La Sindicatura avala el tancament del Mirador de Sarri\u00e0, a Collserola, per mantenir-ne el valor ambiental - Sindicatura de Greuges de Barcelona\" \/>\n<meta property=\"og:description\" content=\"Les restriccions d\u2019acc\u00e9s es produeixen els dies previs a Sant Joan i quan hi ha risc d\u2019incendi o s\u2019incrementen els usos indeguts.\" \/>\n<meta property=\"og:url\" content=\"https:\/\/www.sindicaturabarcelona.cat\/ca\/la-sindicatura-de-greuges-avala-el-tancament-del-mirador-de-sarria-a-collserola-per-mantenir-ne-el-valor-ambiental\/\" \/>\n<meta property=\"og:site_name\" content=\"Sindicatura de Greuges de Barcelona\" \/>\n<meta property=\"article:published_time\" content=\"2025-05-29T06:05:00+00:00\" \/>\n<meta property=\"article:modified_time\" content=\"2025-06-03T07:56:40+00:00\" \/>\n<meta property=\"og:image\" content=\"https:\/\/www.sindicaturabarcelona.cat\/wp-content\/uploads\/castell-de-torre-baro-visitants-gaud.jpg\" \/>\n\t<meta property=\"og:image:width\" content=\"2000\" \/>\n\t<meta property=\"og:image:height\" content=\"1333\" \/>\n\t<meta property=\"og:image:type\" content=\"image\/jpeg\" \/>\n<meta name=\"author\" content=\"Pablo\" \/>\n<meta name=\"twitter:card\" content=\"summary_large_image\" \/>\n<meta name=\"twitter:creator\" content=\"@sindicbarcelona\" \/>\n<meta name=\"twitter:site\" content=\"@sindicbarcelona\" \/>\n<meta name=\"twitter:label1\" content=\"Escrit per\" \/>\n\t<meta name=\"twitter:data1\" content=\"Pablo\" \/>\n\t<meta name=\"twitter:label2\" content=\"Temps estimat de lectura\" \/>\n\t<meta name=\"twitter:data2\" content=\"5 minuts\" \/>\n<script type=\"application\/ld+json\" class=\"yoast-schema-graph\">{\"@context\":\"https:\\\/\\\/schema.org\",\"@graph\":[{\"@type\":\"Article\",\"@id\":\"https:\\\/\\\/www.sindicaturabarcelona.cat\\\/ca\\\/la-sindicatura-de-greuges-avala-el-tancament-del-mirador-de-sarria-a-collserola-per-mantenir-ne-el-valor-ambiental\\\/#article\",\"isPartOf\":{\"@id\":\"https:\\\/\\\/www.sindicaturabarcelona.cat\\\/ca\\\/la-sindicatura-de-greuges-avala-el-tancament-del-mirador-de-sarria-a-collserola-per-mantenir-ne-el-valor-ambiental\\\/\"},\"author\":{\"name\":\"Pablo\",\"@id\":\"https:\\\/\\\/www.sindicaturabarcelona.cat\\\/ca\\\/#\\\/schema\\\/person\\\/0e5acffc350ffdbc97578159322c9452\"},\"headline\":\"La Sindicatura avala el tancament del Mirador de Sarri\u00e0, a Collserola, per mantenir-ne el valor ambiental\",\"datePublished\":\"2025-05-29T06:05:00+00:00\",\"dateModified\":\"2025-06-03T07:56:40+00:00\",\"mainEntityOfPage\":{\"@id\":\"https:\\\/\\\/www.sindicaturabarcelona.cat\\\/ca\\\/la-sindicatura-de-greuges-avala-el-tancament-del-mirador-de-sarria-a-collserola-per-mantenir-ne-el-valor-ambiental\\\/\"},\"wordCount\":874,\"publisher\":{\"@id\":\"https:\\\/\\\/www.sindicaturabarcelona.cat\\\/ca\\\/#organization\"},\"image\":{\"@id\":\"https:\\\/\\\/www.sindicaturabarcelona.cat\\\/ca\\\/la-sindicatura-de-greuges-avala-el-tancament-del-mirador-de-sarria-a-collserola-per-mantenir-ne-el-valor-ambiental\\\/#primaryimage\"},\"thumbnailUrl\":\"https:\\\/\\\/www.sindicaturabarcelona.cat\\\/wp-content\\\/uploads\\\/castell-de-torre-baro-visitants-gaud.jpg\",\"inLanguage\":\"ca\"},{\"@type\":\"WebPage\",\"@id\":\"https:\\\/\\\/www.sindicaturabarcelona.cat\\\/ca\\\/la-sindicatura-de-greuges-avala-el-tancament-del-mirador-de-sarria-a-collserola-per-mantenir-ne-el-valor-ambiental\\\/\",\"url\":\"https:\\\/\\\/www.sindicaturabarcelona.cat\\\/ca\\\/la-sindicatura-de-greuges-avala-el-tancament-del-mirador-de-sarria-a-collserola-per-mantenir-ne-el-valor-ambiental\\\/\",\"name\":\"La Sindicatura avala el tancament del Mirador de Sarri\u00e0, a Collserola, per mantenir-ne el valor ambiental - Sindicatura de Greuges de Barcelona\",\"isPartOf\":{\"@id\":\"https:\\\/\\\/www.sindicaturabarcelona.cat\\\/ca\\\/#website\"},\"primaryImageOfPage\":{\"@id\":\"https:\\\/\\\/www.sindicaturabarcelona.cat\\\/ca\\\/la-sindicatura-de-greuges-avala-el-tancament-del-mirador-de-sarria-a-collserola-per-mantenir-ne-el-valor-ambiental\\\/#primaryimage\"},\"image\":{\"@id\":\"https:\\\/\\\/www.sindicaturabarcelona.cat\\\/ca\\\/la-sindicatura-de-greuges-avala-el-tancament-del-mirador-de-sarria-a-collserola-per-mantenir-ne-el-valor-ambiental\\\/#primaryimage\"},\"thumbnailUrl\":\"https:\\\/\\\/www.sindicaturabarcelona.cat\\\/wp-content\\\/uploads\\\/castell-de-torre-baro-visitants-gaud.jpg\",\"datePublished\":\"2025-05-29T06:05:00+00:00\",\"dateModified\":\"2025-06-03T07:56:40+00:00\",\"description\":\"Les restriccions d\u2019acc\u00e9s es produeixen els dies previs a Sant Joan i quan hi ha risc d\u2019incendi o s\u2019incrementen els usos indeguts.\",\"breadcrumb\":{\"@id\":\"https:\\\/\\\/www.sindicaturabarcelona.cat\\\/ca\\\/la-sindicatura-de-greuges-avala-el-tancament-del-mirador-de-sarria-a-collserola-per-mantenir-ne-el-valor-ambiental\\\/#breadcrumb\"},\"inLanguage\":\"ca\",\"potentialAction\":[{\"@type\":\"ReadAction\",\"target\":[\"https:\\\/\\\/www.sindicaturabarcelona.cat\\\/ca\\\/la-sindicatura-de-greuges-avala-el-tancament-del-mirador-de-sarria-a-collserola-per-mantenir-ne-el-valor-ambiental\\\/\"]}]},{\"@type\":\"ImageObject\",\"inLanguage\":\"ca\",\"@id\":\"https:\\\/\\\/www.sindicaturabarcelona.cat\\\/ca\\\/la-sindicatura-de-greuges-avala-el-tancament-del-mirador-de-sarria-a-collserola-per-mantenir-ne-el-valor-ambiental\\\/#primaryimage\",\"url\":\"https:\\\/\\\/www.sindicaturabarcelona.cat\\\/wp-content\\\/uploads\\\/castell-de-torre-baro-visitants-gaud.jpg\",\"contentUrl\":\"https:\\\/\\\/www.sindicaturabarcelona.cat\\\/wp-content\\\/uploads\\\/castell-de-torre-baro-visitants-gaud.jpg\",\"width\":2000,\"height\":1333,\"caption\":\"Mirador Castell de Torre Bar\u00f3 Collserola\"},{\"@type\":\"BreadcrumbList\",\"@id\":\"https:\\\/\\\/www.sindicaturabarcelona.cat\\\/ca\\\/la-sindicatura-de-greuges-avala-el-tancament-del-mirador-de-sarria-a-collserola-per-mantenir-ne-el-valor-ambiental\\\/#breadcrumb\",\"itemListElement\":[{\"@type\":\"ListItem\",\"position\":1,\"name\":\"Inici\",\"item\":\"https:\\\/\\\/www.sindicaturabarcelona.cat\\\/ca\\\/\"},{\"@type\":\"ListItem\",\"position\":2,\"name\":\"La Sindicatura avala el tancament del Mirador de Sarri\u00e0, a Collserola, per mantenir-ne el valor ambiental\"}]},{\"@type\":\"WebSite\",\"@id\":\"https:\\\/\\\/www.sindicaturabarcelona.cat\\\/ca\\\/#website\",\"url\":\"https:\\\/\\\/www.sindicaturabarcelona.cat\\\/ca\\\/\",\"name\":\"Sindicatura de Greuges de Barcelona\",\"description\":\"La defensoria dels teus drets\",\"publisher\":{\"@id\":\"https:\\\/\\\/www.sindicaturabarcelona.cat\\\/ca\\\/#organization\"},\"potentialAction\":[{\"@type\":\"SearchAction\",\"target\":{\"@type\":\"EntryPoint\",\"urlTemplate\":\"https:\\\/\\\/www.sindicaturabarcelona.cat\\\/ca\\\/?s={search_term_string}\"},\"query-input\":{\"@type\":\"PropertyValueSpecification\",\"valueRequired\":true,\"valueName\":\"search_term_string\"}}],\"inLanguage\":\"ca\"},{\"@type\":\"Organization\",\"@id\":\"https:\\\/\\\/www.sindicaturabarcelona.cat\\\/ca\\\/#organization\",\"name\":\"Sindicatura de Greuges de Barcelona\",\"url\":\"https:\\\/\\\/www.sindicaturabarcelona.cat\\\/ca\\\/\",\"logo\":{\"@type\":\"ImageObject\",\"inLanguage\":\"ca\",\"@id\":\"https:\\\/\\\/www.sindicaturabarcelona.cat\\\/ca\\\/#\\\/schema\\\/logo\\\/image\\\/\",\"url\":\"https:\\\/\\\/www.sindicaturabarcelona.cat\\\/wp-content\\\/uploads\\\/2023\\\/02\\\/logo_sindicatura.svg\",\"contentUrl\":\"https:\\\/\\\/www.sindicaturabarcelona.cat\\\/wp-content\\\/uploads\\\/2023\\\/02\\\/logo_sindicatura.svg\",\"caption\":\"Sindicatura de Greuges de Barcelona\"},\"image\":{\"@id\":\"https:\\\/\\\/www.sindicaturabarcelona.cat\\\/ca\\\/#\\\/schema\\\/logo\\\/image\\\/\"},\"sameAs\":[\"https:\\\/\\\/x.com\\\/sindicbarcelona\",\"https:\\\/\\\/www.instagram.com\\\/sindicbarcelona\\\/\",\"https:\\\/\\\/www.tiktok.com\\\/@sindicaturabcn\",\"https:\\\/\\\/t.me\\\/sindicaturabarcelona\"]},{\"@type\":\"Person\",\"@id\":\"https:\\\/\\\/www.sindicaturabarcelona.cat\\\/ca\\\/#\\\/schema\\\/person\\\/0e5acffc350ffdbc97578159322c9452\",\"name\":\"Pablo\",\"image\":{\"@type\":\"ImageObject\",\"inLanguage\":\"ca\",\"@id\":\"https:\\\/\\\/secure.gravatar.com\\\/avatar\\\/c948169b402ef9492afde705c3dfd5e90e1a6a84ef6840a91124f805a25a480f?s=96&d=mm&r=g\",\"url\":\"https:\\\/\\\/secure.gravatar.com\\\/avatar\\\/c948169b402ef9492afde705c3dfd5e90e1a6a84ef6840a91124f805a25a480f?s=96&d=mm&r=g\",\"contentUrl\":\"https:\\\/\\\/secure.gravatar.com\\\/avatar\\\/c948169b402ef9492afde705c3dfd5e90e1a6a84ef6840a91124f805a25a480f?s=96&d=mm&r=g\",\"caption\":\"Pablo\"},\"url\":\"https:\\\/\\\/www.sindicaturabarcelona.cat\\\/ca\\\/author\\\/pablo\\\/\"}]}<\/script>\n<!-- \/ Yoast SEO plugin. -->","yoast_head_json":{"title":"La Sindicatura avala el tancament del Mirador de Sarri\u00e0, a Collserola, per mantenir-ne el valor ambiental - Sindicatura de Greuges de Barcelona","description":"Les restriccions d\u2019acc\u00e9s es produeixen els dies previs a Sant Joan i quan hi ha risc d\u2019incendi o s\u2019incrementen els usos indeguts.","robots":{"index":"index","follow":"follow","max-snippet":"max-snippet:-1","max-image-preview":"max-image-preview:large","max-video-preview":"max-video-preview:-1"},"canonical":"https:\/\/www.sindicaturabarcelona.cat\/ca\/la-sindicatura-de-greuges-avala-el-tancament-del-mirador-de-sarria-a-collserola-per-mantenir-ne-el-valor-ambiental\/","og_locale":"ca_ES","og_type":"article","og_title":"La Sindicatura avala el tancament del Mirador de Sarri\u00e0, a Collserola, per mantenir-ne el valor ambiental - Sindicatura de Greuges de Barcelona","og_description":"Les restriccions d\u2019acc\u00e9s es produeixen els dies previs a Sant Joan i quan hi ha risc d\u2019incendi o s\u2019incrementen els usos indeguts.","og_url":"https:\/\/www.sindicaturabarcelona.cat\/ca\/la-sindicatura-de-greuges-avala-el-tancament-del-mirador-de-sarria-a-collserola-per-mantenir-ne-el-valor-ambiental\/","og_site_name":"Sindicatura de Greuges de Barcelona","article_published_time":"2025-05-29T06:05:00+00:00","article_modified_time":"2025-06-03T07:56:40+00:00","og_image":[{"width":2000,"height":1333,"url":"https:\/\/www.sindicaturabarcelona.cat\/wp-content\/uploads\/castell-de-torre-baro-visitants-gaud.jpg","type":"image\/jpeg"}],"author":"Pablo","twitter_card":"summary_large_image","twitter_creator":"@sindicbarcelona","twitter_site":"@sindicbarcelona","twitter_misc":{"Escrit per":"Pablo","Temps estimat de lectura":"5 minuts"},"schema":{"@context":"https:\/\/schema.org","@graph":[{"@type":"Article","@id":"https:\/\/www.sindicaturabarcelona.cat\/ca\/la-sindicatura-de-greuges-avala-el-tancament-del-mirador-de-sarria-a-collserola-per-mantenir-ne-el-valor-ambiental\/#article","isPartOf":{"@id":"https:\/\/www.sindicaturabarcelona.cat\/ca\/la-sindicatura-de-greuges-avala-el-tancament-del-mirador-de-sarria-a-collserola-per-mantenir-ne-el-valor-ambiental\/"},"author":{"name":"Pablo","@id":"https:\/\/www.sindicaturabarcelona.cat\/ca\/#\/schema\/person\/0e5acffc350ffdbc97578159322c9452"},"headline":"La Sindicatura avala el tancament del Mirador de Sarri\u00e0, a Collserola, per mantenir-ne el valor ambiental","datePublished":"2025-05-29T06:05:00+00:00","dateModified":"2025-06-03T07:56:40+00:00","mainEntityOfPage":{"@id":"https:\/\/www.sindicaturabarcelona.cat\/ca\/la-sindicatura-de-greuges-avala-el-tancament-del-mirador-de-sarria-a-collserola-per-mantenir-ne-el-valor-ambiental\/"},"wordCount":874,"publisher":{"@id":"https:\/\/www.sindicaturabarcelona.cat\/ca\/#organization"},"image":{"@id":"https:\/\/www.sindicaturabarcelona.cat\/ca\/la-sindicatura-de-greuges-avala-el-tancament-del-mirador-de-sarria-a-collserola-per-mantenir-ne-el-valor-ambiental\/#primaryimage"},"thumbnailUrl":"https:\/\/www.sindicaturabarcelona.cat\/wp-content\/uploads\/castell-de-torre-baro-visitants-gaud.jpg","inLanguage":"ca"},{"@type":"WebPage","@id":"https:\/\/www.sindicaturabarcelona.cat\/ca\/la-sindicatura-de-greuges-avala-el-tancament-del-mirador-de-sarria-a-collserola-per-mantenir-ne-el-valor-ambiental\/","url":"https:\/\/www.sindicaturabarcelona.cat\/ca\/la-sindicatura-de-greuges-avala-el-tancament-del-mirador-de-sarria-a-collserola-per-mantenir-ne-el-valor-ambiental\/","name":"La Sindicatura avala el tancament del Mirador de Sarri\u00e0, a Collserola, per mantenir-ne el valor ambiental - Sindicatura de Greuges de Barcelona","isPartOf":{"@id":"https:\/\/www.sindicaturabarcelona.cat\/ca\/#website"},"primaryImageOfPage":{"@id":"https:\/\/www.sindicaturabarcelona.cat\/ca\/la-sindicatura-de-greuges-avala-el-tancament-del-mirador-de-sarria-a-collserola-per-mantenir-ne-el-valor-ambiental\/#primaryimage"},"image":{"@id":"https:\/\/www.sindicaturabarcelona.cat\/ca\/la-sindicatura-de-greuges-avala-el-tancament-del-mirador-de-sarria-a-collserola-per-mantenir-ne-el-valor-ambiental\/#primaryimage"},"thumbnailUrl":"https:\/\/www.sindicaturabarcelona.cat\/wp-content\/uploads\/castell-de-torre-baro-visitants-gaud.jpg","datePublished":"2025-05-29T06:05:00+00:00","dateModified":"2025-06-03T07:56:40+00:00","description":"Les restriccions d\u2019acc\u00e9s es produeixen els dies previs a Sant Joan i quan hi ha risc d\u2019incendi o s\u2019incrementen els usos indeguts.","breadcrumb":{"@id":"https:\/\/www.sindicaturabarcelona.cat\/ca\/la-sindicatura-de-greuges-avala-el-tancament-del-mirador-de-sarria-a-collserola-per-mantenir-ne-el-valor-ambiental\/#breadcrumb"},"inLanguage":"ca","potentialAction":[{"@type":"ReadAction","target":["https:\/\/www.sindicaturabarcelona.cat\/ca\/la-sindicatura-de-greuges-avala-el-tancament-del-mirador-de-sarria-a-collserola-per-mantenir-ne-el-valor-ambiental\/"]}]},{"@type":"ImageObject","inLanguage":"ca","@id":"https:\/\/www.sindicaturabarcelona.cat\/ca\/la-sindicatura-de-greuges-avala-el-tancament-del-mirador-de-sarria-a-collserola-per-mantenir-ne-el-valor-ambiental\/#primaryimage","url":"https:\/\/www.sindicaturabarcelona.cat\/wp-content\/uploads\/castell-de-torre-baro-visitants-gaud.jpg","contentUrl":"https:\/\/www.sindicaturabarcelona.cat\/wp-content\/uploads\/castell-de-torre-baro-visitants-gaud.jpg","width":2000,"height":1333,"caption":"Mirador Castell de Torre Bar\u00f3 Collserola"},{"@type":"BreadcrumbList","@id":"https:\/\/www.sindicaturabarcelona.cat\/ca\/la-sindicatura-de-greuges-avala-el-tancament-del-mirador-de-sarria-a-collserola-per-mantenir-ne-el-valor-ambiental\/#breadcrumb","itemListElement":[{"@type":"ListItem","position":1,"name":"Inici","item":"https:\/\/www.sindicaturabarcelona.cat\/ca\/"},{"@type":"ListItem","position":2,"name":"La Sindicatura avala el tancament del Mirador de Sarri\u00e0, a Collserola, per mantenir-ne el valor ambiental"}]},{"@type":"WebSite","@id":"https:\/\/www.sindicaturabarcelona.cat\/ca\/#website","url":"https:\/\/www.sindicaturabarcelona.cat\/ca\/","name":"Sindicatura de Greuges de Barcelona","description":"La defensoria dels teus drets","publisher":{"@id":"https:\/\/www.sindicaturabarcelona.cat\/ca\/#organization"},"potentialAction":[{"@type":"SearchAction","target":{"@type":"EntryPoint","urlTemplate":"https:\/\/www.sindicaturabarcelona.cat\/ca\/?s={search_term_string}"},"query-input":{"@type":"PropertyValueSpecification","valueRequired":true,"valueName":"search_term_string"}}],"inLanguage":"ca"},{"@type":"Organization","@id":"https:\/\/www.sindicaturabarcelona.cat\/ca\/#organization","name":"Sindicatura de Greuges de Barcelona","url":"https:\/\/www.sindicaturabarcelona.cat\/ca\/","logo":{"@type":"ImageObject","inLanguage":"ca","@id":"https:\/\/www.sindicaturabarcelona.cat\/ca\/#\/schema\/logo\/image\/","url":"https:\/\/www.sindicaturabarcelona.cat\/wp-content\/uploads\/2023\/02\/logo_sindicatura.svg","contentUrl":"https:\/\/www.sindicaturabarcelona.cat\/wp-content\/uploads\/2023\/02\/logo_sindicatura.svg","caption":"Sindicatura de Greuges de Barcelona"},"image":{"@id":"https:\/\/www.sindicaturabarcelona.cat\/ca\/#\/schema\/logo\/image\/"},"sameAs":["https:\/\/x.com\/sindicbarcelona","https:\/\/www.instagram.com\/sindicbarcelona\/","https:\/\/www.tiktok.com\/@sindicaturabcn","https:\/\/t.me\/sindicaturabarcelona"]},{"@type":"Person","@id":"https:\/\/www.sindicaturabarcelona.cat\/ca\/#\/schema\/person\/0e5acffc350ffdbc97578159322c9452","name":"Pablo","image":{"@type":"ImageObject","inLanguage":"ca","@id":"https:\/\/secure.gravatar.com\/avatar\/c948169b402ef9492afde705c3dfd5e90e1a6a84ef6840a91124f805a25a480f?s=96&d=mm&r=g","url":"https:\/\/secure.gravatar.com\/avatar\/c948169b402ef9492afde705c3dfd5e90e1a6a84ef6840a91124f805a25a480f?s=96&d=mm&r=g","contentUrl":"https:\/\/secure.gravatar.com\/avatar\/c948169b402ef9492afde705c3dfd5e90e1a6a84ef6840a91124f805a25a480f?s=96&d=mm&r=g","caption":"Pablo"},"url":"https:\/\/www.sindicaturabarcelona.cat\/ca\/author\/pablo\/"}]}},"_links":{"self":[{"href":"https:\/\/www.sindicaturabarcelona.cat\/ca\/wp-json\/wp\/v2\/posts\/37611","targetHints":{"allow":["GET"]}}],"collection":[{"href":"https:\/\/www.sindicaturabarcelona.cat\/ca\/wp-json\/wp\/v2\/posts"}],"about":[{"href":"https:\/\/www.sindicaturabarcelona.cat\/ca\/wp-json\/wp\/v2\/types\/post"}],"author":[{"embeddable":true,"href":"https:\/\/www.sindicaturabarcelona.cat\/ca\/wp-json\/wp\/v2\/users\/2"}],"replies":[{"embeddable":true,"href":"https:\/\/www.sindicaturabarcelona.cat\/ca\/wp-json\/wp\/v2\/comments?post=37611"}],"version-history":[{"count":15,"href":"https:\/\/www.sindicaturabarcelona.cat\/ca\/wp-json\/wp\/v2\/posts\/37611\/revisions"}],"predecessor-version":[{"id":37704,"href":"https:\/\/www.sindicaturabarcelona.cat\/ca\/wp-json\/wp\/v2\/posts\/37611\/revisions\/37704"}],"wp:featuredmedia":[{"embeddable":true,"href":"https:\/\/www.sindicaturabarcelona.cat\/ca\/wp-json\/wp\/v2\/media\/37655"}],"wp:attachment":[{"href":"https:\/\/www.sindicaturabarcelona.cat\/ca\/wp-json\/wp\/v2\/media?parent=37611"}],"wp:term":[{"taxonomy":"post_tag","embeddable":true,"href":"https:\/\/www.sindicaturabarcelona.cat\/ca\/wp-json\/wp\/v2\/tags?post=37611"},{"taxonomy":"drets","embeddable":true,"href":"https:\/\/www.sindicaturabarcelona.cat\/ca\/wp-json\/wp\/v2\/drets?post=37611"}],"curies":[{"name":"wp","href":"https:\/\/api.w.org\/{rel}","templated":true}]}}