{"id":37554,"date":"2025-05-16T07:30:00","date_gmt":"2025-05-16T05:30:00","guid":{"rendered":"https:\/\/www.sindicaturabarcelona.cat\/?p=37554"},"modified":"2025-05-23T11:02:09","modified_gmt":"2025-05-23T09:02:09","slug":"testiu-molt-2025-la-sindicatura-incideix-en-el-greuge-comparatiu-i-la-discriminacio-en-lacces-al-dret-al-lleure-que-pateixen-les-families-amb-infants-i-joves-amb-discapacitat","status":"publish","type":"post","link":"https:\/\/www.sindicaturabarcelona.cat\/ca\/testiu-molt-2025-la-sindicatura-incideix-en-el-greuge-comparatiu-i-la-discriminacio-en-lacces-al-dret-al-lleure-que-pateixen-les-families-amb-infants-i-joves-amb-discapacitat\/","title":{"rendered":"T\u2019estiu molt 2025: La Sindicatura incideix en el greuge comparatiu i la discriminaci\u00f3 en l\u2019acc\u00e9s al dret al lleure que pateixen les fam\u00edlies amb infants i joves amb discapacitat"},"content":{"rendered":"\n<h2 class=\"wp-block-heading\"><strong>Tot i que les bases reguladores dels ajuts per a activitats d\u2019estiu preveuen mesures per afavorir la participaci\u00f3 d\u2019infants i joves amb discapacitat, encara no s\u00f3n suficients i generen desigualtat.<\/strong><\/h2>\n\n\n\n<h2 class=\"wp-block-heading\"><strong>Les activitats adaptades sovint tenen un cost m\u00e9s elevat, que no \u00e9s assumit per les subvencions, situaci\u00f3 que obliga les fam\u00edlies a fer un esfor\u00e7 econ\u00f2mic superior.<\/strong><\/h2>\n\n\n\n<p><strong>Barcelona, 16 de maig de 2025 \u2013<\/strong> Despr\u00e9s de rebre <strong>queixes de nou fam\u00edlies amb infants i joves amb discapacitat<\/strong> <strong>respecte dels preus de les activitats municipals <\/strong><a href=\"https:\/\/www.barcelona.cat\/vacances\/ca\" target=\"_blank\" rel=\"noreferrer noopener\"><strong><em>T\u2019estiu molt 2025<\/em><\/strong><\/a><strong>, <\/strong>la Sindicatura de Greuges de Barcelona ha analitzat les <strong>condicions d\u2019acc\u00e9s a les activitats d\u2019estiu subvencionades per l\u2019Ajuntament<\/strong>, i <a href=\"https:\/\/www.sindicaturabarcelona.cat\/wp-content\/uploads\/202505_Dret-igualtat-i-diversitat_Testiu-molt-greuge-comparatiu-i-discriminacio-families-amb-fills-i-filles-amb-discapacitat_25Q000291.pdf\" target=\"_blank\" rel=\"noreferrer noopener\">ha detectat un greuge comparatiu i una discriminaci\u00f3 que afecta les fam\u00edlies amb infants i joves amb discapacitat.<\/a><\/p>\n\n\n\n<p>Tot i que les bases reguladores dels ajuts per a activitats d\u2019estiu preveuen mesures per afavorir la participaci\u00f3 d\u2019infants i joves amb discapacitat, encara no s\u00f3n suficients i generen desigualtat. <strong>Les activitats adaptades presenten uns preus notablement m\u00e9s alts que les activitats ordin\u00e0ries, sense que les subvencions cobreixin aquestes difer\u00e8ncies de cost, situaci\u00f3 que obliga les fam\u00edlies a fer un esfor\u00e7 econ\u00f2mic superior<\/strong>.<\/p>\n\n\n\n<p>La Sindicatura de Greuges de Barcelona tamb\u00e9 destaca que, encara que les bases preveuen l\u2019accessibilitat i la inclusi\u00f3 en totes les activitats ordin\u00e0ries, <strong>a la pr\u00e0ctica hi ha fam\u00edlies que es troben amb dificultats per garantir la participaci\u00f3 dels seus fills en aquestes activitats per manca de suport adequat<\/strong>.<\/p>\n\n\n\n<p>Entre altres, la Sindicatura ha recomanat a l\u2019Ajuntament <strong>que aquest sobrecost no repercuteixi en aquestes fam\u00edlies<\/strong> i <strong>que valori la possibilitat d\u2019augmentar els ajuts destinats a monitoratge de suport<\/strong>. Aix\u00ed mateix, la Sindicatura insisteix que les entitats promotores de les activitats han de garantir que els infants amb discapacitat tinguin les mateixes oportunitats d\u2019acc\u00e9s que la resta d\u2019infants. <strong>\u201cContinuarem fent seguiment de la situaci\u00f3 per garantir que els drets dels infants i joves amb discapacitat siguin respectats en igualtat de condicions\u201d<\/strong>, ha manifestat el s\u00edndic de greuges de Barcelona, David Bondia.<\/p>\n\n\n\n<p><a href=\"https:\/\/www.sindicaturabarcelona.cat\/wp-content\/uploads\/202505_Dret-igualtat-i-diversitat_Testiu-molt-greuge-comparatiu-i-discriminacio-families-amb-fills-i-filles-amb-discapacitat_25Q000291.pdf\" target=\"_blank\" rel=\"noreferrer noopener\">A la resoluci\u00f3 de la Sindicatura de Greuges de Barcelona<\/a> pots consultar detalladament com es regula la concessi\u00f3 de subvencions, els requisits, el cost de les activitats adaptades i ordin\u00e0ries, aix\u00ed com diverses taules comparatives.<\/p>\n\n\n\n<h2 class=\"wp-block-heading\"><strong>El nombre d\u2019activitats adaptades i places del <em>T\u2019estiu molt<\/em><\/strong><\/h2>\n\n\n\n<p>L\u2019Ajuntament ha informat que el nombre total d\u2019activitats aprovades per a la campanya de vacances d\u2019estiu per a infants i adolescents \u00e9s de 1.080, les quals ofereixen un total de 369.198 places. <strong>De les 1.080 activitats, 22 s\u00f3n activitats adre\u00e7ades espec\u00edficament a infants amb necessitats educatives especials i ofereixen un total de 2.203 places. Crida especialment l\u2019atenci\u00f3 que nom\u00e9s 4 de les 22 activitats adaptades tenen un cost m\u00e9s baix que els m\u00e0xims establerts per l\u2019Ajuntament. En el cas de les col\u00f2nies, les difer\u00e8ncies s\u00f3n molt considerables i arriben a duplicar i, fins i tot, m\u00e9s que triplicar el preu m\u00e0xim recomanat per l\u2019Ajuntament.<\/strong><\/p>\n\n\n\n<h2 class=\"wp-block-heading\"><strong>Les ajudes o contraprestacions, lluny de cobrir el sobrecost que comporta la discapacitat<\/strong><\/h2>\n\n\n\n<p>Diversos estudis evidencien que les persones amb discapacitat han d\u2019afrontar una s\u00e8rie de despeses addicionals que generen una situaci\u00f3 de desavantatge econ\u00f2mic en comparaci\u00f3 amb les persones que no tenen discapacitat. Aquest desavantatge no \u00e9s uniforme, ja que els costos s\u2019incrementen en funci\u00f3 del grau de discapacitat.<\/p>\n\n\n\n<p><strong>Encara que les administracions p\u00fabliques ofereixen ajuts per pal\u00b7liar aquesta desigualtat, les dades mostren que aquestes mesures s\u00f3n insuficients i no cobreixen el cost real derivat de la discapacitat<\/strong>. A hores d\u2019ara, els preus d\u2019aquestes activitats s\u00f3n tan elevats que moltes fam\u00edlies no els poden assumir.<\/p>\n\n\n\n<p><strong>Un cas il\u00b7lustratiu<\/strong> \u00e9s el d\u2019una mare que denuncia no poder pagar 400 euros setmanals perqu\u00e8 la seva filla, amb un 69% de discapacitat i grau III de depend\u00e8ncia, participi en una activitat de cinc hores di\u00e0ries sense servei de menjador.<\/p>\n\n\n\n<h2 class=\"wp-block-heading\"><strong>Bones pr\u00e0ctiques de l\u2019Ajuntament de Barcelona, per\u00f2 encara insuficients<\/strong><\/h2>\n\n\n\n<p>Per acabar, la Sindicatura posa en relleu que l\u2019Ajuntament, en regular les ajudes, ha introdu\u00eft criteris per compensar aquest desavantatge econ\u00f2mic. Per exemple, <strong>es compta cada persona amb discapacitat com a dues a l\u2019hora de calcular la renda per c\u00e0pita familiar, es reserva un 5% de les places de les activitats ordin\u00e0ries per a aquest col\u00b7lectiu, i es preveu subvencionar les entitats que ofereixen activitats adaptades<\/strong>. Tot i aix\u00f2, la Sindicatura creu que mantenir un cost tan elevat per a les activitats espec\u00edfiques per a infants i joves amb discapacitat representa un greuge comparatiu i una discriminaci\u00f3 pel que fa a l\u2019acc\u00e9s al dret al lleure.<\/p>\n\n\n\n<p><\/p>\n","protected":false},"excerpt":{"rendered":"<p>Tot i que les bases reguladores dels ajuts per a activitats d\u2019estiu preveuen mesures per afavorir la participaci\u00f3 d\u2019infants i joves amb discapacitat, encara no s\u00f3n suficients i generen desigualtat. [&hellip;]<\/p>\n","protected":false},"author":2,"featured_media":37555,"comment_status":"closed","ping_status":"closed","sticky":false,"template":"","format":"standard","meta":{"_acf_changed":false,"footnotes":""},"tags":[],"drets":[1442,1458],"class_list":["post-37554","post","type-post","status-publish","format-standard","has-post-thumbnail","hentry","drets-ciutat-diversa","drets-dret-a-la-igualtat-i-a-la-diversitat"],"acf":[],"yoast_head":"<!-- This site is optimized with the Yoast SEO plugin v27.5 - https:\/\/yoast.com\/product\/yoast-seo-wordpress\/ -->\n<title>T\u2019estiu molt 2025: La Sindicatura incideix en el greuge comparatiu i la discriminaci\u00f3 en l\u2019acc\u00e9s al dret al lleure que pateixen les fam\u00edlies amb infants i joves amb discapacitat - Sindicatura de Greuges de Barcelona<\/title>\n<meta name=\"description\" content=\"Tot i que els ajuts per a activitats d\u2019estiu preveuen mesures per afavorir la participaci\u00f3 d\u2019infants i joves amb discapacitat, encara no s\u00f3n suficients.\" \/>\n<meta name=\"robots\" content=\"index, follow, max-snippet:-1, max-image-preview:large, max-video-preview:-1\" \/>\n<link rel=\"canonical\" href=\"https:\/\/www.sindicaturabarcelona.cat\/ca\/testiu-molt-2025-la-sindicatura-incideix-en-el-greuge-comparatiu-i-la-discriminacio-en-lacces-al-dret-al-lleure-que-pateixen-les-families-amb-infants-i-joves-amb-discapacitat\/\" \/>\n<meta property=\"og:locale\" content=\"ca_ES\" \/>\n<meta property=\"og:type\" content=\"article\" \/>\n<meta property=\"og:title\" content=\"T\u2019estiu molt 2025: La Sindicatura incideix en el greuge comparatiu i la discriminaci\u00f3 en l\u2019acc\u00e9s al dret al lleure que pateixen les fam\u00edlies amb infants i joves amb discapacitat - Sindicatura de Greuges de Barcelona\" \/>\n<meta property=\"og:description\" content=\"Tot i que els ajuts per a activitats d\u2019estiu preveuen mesures per afavorir la participaci\u00f3 d\u2019infants i joves amb discapacitat, encara no s\u00f3n suficients.\" \/>\n<meta property=\"og:url\" content=\"https:\/\/www.sindicaturabarcelona.cat\/ca\/testiu-molt-2025-la-sindicatura-incideix-en-el-greuge-comparatiu-i-la-discriminacio-en-lacces-al-dret-al-lleure-que-pateixen-les-families-amb-infants-i-joves-amb-discapacitat\/\" \/>\n<meta property=\"og:site_name\" content=\"Sindicatura de Greuges de Barcelona\" \/>\n<meta property=\"article:published_time\" content=\"2025-05-16T05:30:00+00:00\" \/>\n<meta property=\"article:modified_time\" content=\"2025-05-23T09:02:09+00:00\" \/>\n<meta property=\"og:image\" content=\"https:\/\/www.sindicaturabarcelona.cat\/wp-content\/uploads\/una-nena-juga-amb-una-estructura-de-f.jpg\" \/>\n\t<meta property=\"og:image:width\" content=\"1533\" \/>\n\t<meta property=\"og:image:height\" content=\"1024\" \/>\n\t<meta property=\"og:image:type\" content=\"image\/jpeg\" \/>\n<meta name=\"author\" content=\"Pablo\" \/>\n<meta name=\"twitter:card\" content=\"summary_large_image\" \/>\n<meta name=\"twitter:creator\" content=\"@sindicbarcelona\" \/>\n<meta name=\"twitter:site\" content=\"@sindicbarcelona\" \/>\n<meta name=\"twitter:label1\" content=\"Escrit per\" \/>\n\t<meta name=\"twitter:data1\" content=\"Pablo\" \/>\n\t<meta name=\"twitter:label2\" content=\"Temps estimat de lectura\" \/>\n\t<meta name=\"twitter:data2\" content=\"5 minuts\" \/>\n<script type=\"application\/ld+json\" class=\"yoast-schema-graph\">{\"@context\":\"https:\\\/\\\/schema.org\",\"@graph\":[{\"@type\":\"Article\",\"@id\":\"https:\\\/\\\/www.sindicaturabarcelona.cat\\\/ca\\\/testiu-molt-2025-la-sindicatura-incideix-en-el-greuge-comparatiu-i-la-discriminacio-en-lacces-al-dret-al-lleure-que-pateixen-les-families-amb-infants-i-joves-amb-discapacitat\\\/#article\",\"isPartOf\":{\"@id\":\"https:\\\/\\\/www.sindicaturabarcelona.cat\\\/ca\\\/testiu-molt-2025-la-sindicatura-incideix-en-el-greuge-comparatiu-i-la-discriminacio-en-lacces-al-dret-al-lleure-que-pateixen-les-families-amb-infants-i-joves-amb-discapacitat\\\/\"},\"author\":{\"name\":\"Pablo\",\"@id\":\"https:\\\/\\\/www.sindicaturabarcelona.cat\\\/ca\\\/#\\\/schema\\\/person\\\/0e5acffc350ffdbc97578159322c9452\"},\"headline\":\"T\u2019estiu molt 2025: La Sindicatura incideix en el greuge comparatiu i la discriminaci\u00f3 en l\u2019acc\u00e9s al dret al lleure que pateixen les fam\u00edlies amb infants i joves amb discapacitat\",\"datePublished\":\"2025-05-16T05:30:00+00:00\",\"dateModified\":\"2025-05-23T09:02:09+00:00\",\"mainEntityOfPage\":{\"@id\":\"https:\\\/\\\/www.sindicaturabarcelona.cat\\\/ca\\\/testiu-molt-2025-la-sindicatura-incideix-en-el-greuge-comparatiu-i-la-discriminacio-en-lacces-al-dret-al-lleure-que-pateixen-les-families-amb-infants-i-joves-amb-discapacitat\\\/\"},\"wordCount\":835,\"publisher\":{\"@id\":\"https:\\\/\\\/www.sindicaturabarcelona.cat\\\/ca\\\/#organization\"},\"image\":{\"@id\":\"https:\\\/\\\/www.sindicaturabarcelona.cat\\\/ca\\\/testiu-molt-2025-la-sindicatura-incideix-en-el-greuge-comparatiu-i-la-discriminacio-en-lacces-al-dret-al-lleure-que-pateixen-les-families-amb-infants-i-joves-amb-discapacitat\\\/#primaryimage\"},\"thumbnailUrl\":\"https:\\\/\\\/www.sindicaturabarcelona.cat\\\/wp-content\\\/uploads\\\/una-nena-juga-amb-una-estructura-de-f.jpg\",\"inLanguage\":\"ca\"},{\"@type\":\"WebPage\",\"@id\":\"https:\\\/\\\/www.sindicaturabarcelona.cat\\\/ca\\\/testiu-molt-2025-la-sindicatura-incideix-en-el-greuge-comparatiu-i-la-discriminacio-en-lacces-al-dret-al-lleure-que-pateixen-les-families-amb-infants-i-joves-amb-discapacitat\\\/\",\"url\":\"https:\\\/\\\/www.sindicaturabarcelona.cat\\\/ca\\\/testiu-molt-2025-la-sindicatura-incideix-en-el-greuge-comparatiu-i-la-discriminacio-en-lacces-al-dret-al-lleure-que-pateixen-les-families-amb-infants-i-joves-amb-discapacitat\\\/\",\"name\":\"T\u2019estiu molt 2025: La Sindicatura incideix en el greuge comparatiu i la discriminaci\u00f3 en l\u2019acc\u00e9s al dret al lleure que pateixen les fam\u00edlies amb infants i joves amb discapacitat - Sindicatura de Greuges de Barcelona\",\"isPartOf\":{\"@id\":\"https:\\\/\\\/www.sindicaturabarcelona.cat\\\/ca\\\/#website\"},\"primaryImageOfPage\":{\"@id\":\"https:\\\/\\\/www.sindicaturabarcelona.cat\\\/ca\\\/testiu-molt-2025-la-sindicatura-incideix-en-el-greuge-comparatiu-i-la-discriminacio-en-lacces-al-dret-al-lleure-que-pateixen-les-families-amb-infants-i-joves-amb-discapacitat\\\/#primaryimage\"},\"image\":{\"@id\":\"https:\\\/\\\/www.sindicaturabarcelona.cat\\\/ca\\\/testiu-molt-2025-la-sindicatura-incideix-en-el-greuge-comparatiu-i-la-discriminacio-en-lacces-al-dret-al-lleure-que-pateixen-les-families-amb-infants-i-joves-amb-discapacitat\\\/#primaryimage\"},\"thumbnailUrl\":\"https:\\\/\\\/www.sindicaturabarcelona.cat\\\/wp-content\\\/uploads\\\/una-nena-juga-amb-una-estructura-de-f.jpg\",\"datePublished\":\"2025-05-16T05:30:00+00:00\",\"dateModified\":\"2025-05-23T09:02:09+00:00\",\"description\":\"Tot i que els ajuts per a activitats d\u2019estiu preveuen mesures per afavorir la participaci\u00f3 d\u2019infants i joves amb discapacitat, encara no s\u00f3n suficients.\",\"breadcrumb\":{\"@id\":\"https:\\\/\\\/www.sindicaturabarcelona.cat\\\/ca\\\/testiu-molt-2025-la-sindicatura-incideix-en-el-greuge-comparatiu-i-la-discriminacio-en-lacces-al-dret-al-lleure-que-pateixen-les-families-amb-infants-i-joves-amb-discapacitat\\\/#breadcrumb\"},\"inLanguage\":\"ca\",\"potentialAction\":[{\"@type\":\"ReadAction\",\"target\":[\"https:\\\/\\\/www.sindicaturabarcelona.cat\\\/ca\\\/testiu-molt-2025-la-sindicatura-incideix-en-el-greuge-comparatiu-i-la-discriminacio-en-lacces-al-dret-al-lleure-que-pateixen-les-families-amb-infants-i-joves-amb-discapacitat\\\/\"]}]},{\"@type\":\"ImageObject\",\"inLanguage\":\"ca\",\"@id\":\"https:\\\/\\\/www.sindicaturabarcelona.cat\\\/ca\\\/testiu-molt-2025-la-sindicatura-incideix-en-el-greuge-comparatiu-i-la-discriminacio-en-lacces-al-dret-al-lleure-que-pateixen-les-families-amb-infants-i-joves-amb-discapacitat\\\/#primaryimage\",\"url\":\"https:\\\/\\\/www.sindicaturabarcelona.cat\\\/wp-content\\\/uploads\\\/una-nena-juga-amb-una-estructura-de-f.jpg\",\"contentUrl\":\"https:\\\/\\\/www.sindicaturabarcelona.cat\\\/wp-content\\\/uploads\\\/una-nena-juga-amb-una-estructura-de-f.jpg\",\"width\":1533,\"height\":1024},{\"@type\":\"BreadcrumbList\",\"@id\":\"https:\\\/\\\/www.sindicaturabarcelona.cat\\\/ca\\\/testiu-molt-2025-la-sindicatura-incideix-en-el-greuge-comparatiu-i-la-discriminacio-en-lacces-al-dret-al-lleure-que-pateixen-les-families-amb-infants-i-joves-amb-discapacitat\\\/#breadcrumb\",\"itemListElement\":[{\"@type\":\"ListItem\",\"position\":1,\"name\":\"Inici\",\"item\":\"https:\\\/\\\/www.sindicaturabarcelona.cat\\\/ca\\\/\"},{\"@type\":\"ListItem\",\"position\":2,\"name\":\"T\u2019estiu molt 2025: La Sindicatura incideix en el greuge comparatiu i la discriminaci\u00f3 en l\u2019acc\u00e9s al dret al lleure que pateixen les fam\u00edlies amb infants i joves amb discapacitat\"}]},{\"@type\":\"WebSite\",\"@id\":\"https:\\\/\\\/www.sindicaturabarcelona.cat\\\/ca\\\/#website\",\"url\":\"https:\\\/\\\/www.sindicaturabarcelona.cat\\\/ca\\\/\",\"name\":\"Sindicatura de Greuges de Barcelona\",\"description\":\"La defensoria dels teus drets\",\"publisher\":{\"@id\":\"https:\\\/\\\/www.sindicaturabarcelona.cat\\\/ca\\\/#organization\"},\"potentialAction\":[{\"@type\":\"SearchAction\",\"target\":{\"@type\":\"EntryPoint\",\"urlTemplate\":\"https:\\\/\\\/www.sindicaturabarcelona.cat\\\/ca\\\/?s={search_term_string}\"},\"query-input\":{\"@type\":\"PropertyValueSpecification\",\"valueRequired\":true,\"valueName\":\"search_term_string\"}}],\"inLanguage\":\"ca\"},{\"@type\":\"Organization\",\"@id\":\"https:\\\/\\\/www.sindicaturabarcelona.cat\\\/ca\\\/#organization\",\"name\":\"Sindicatura de Greuges de Barcelona\",\"url\":\"https:\\\/\\\/www.sindicaturabarcelona.cat\\\/ca\\\/\",\"logo\":{\"@type\":\"ImageObject\",\"inLanguage\":\"ca\",\"@id\":\"https:\\\/\\\/www.sindicaturabarcelona.cat\\\/ca\\\/#\\\/schema\\\/logo\\\/image\\\/\",\"url\":\"https:\\\/\\\/www.sindicaturabarcelona.cat\\\/wp-content\\\/uploads\\\/2023\\\/02\\\/logo_sindicatura.svg\",\"contentUrl\":\"https:\\\/\\\/www.sindicaturabarcelona.cat\\\/wp-content\\\/uploads\\\/2023\\\/02\\\/logo_sindicatura.svg\",\"caption\":\"Sindicatura de Greuges de Barcelona\"},\"image\":{\"@id\":\"https:\\\/\\\/www.sindicaturabarcelona.cat\\\/ca\\\/#\\\/schema\\\/logo\\\/image\\\/\"},\"sameAs\":[\"https:\\\/\\\/x.com\\\/sindicbarcelona\",\"https:\\\/\\\/www.instagram.com\\\/sindicbarcelona\\\/\",\"https:\\\/\\\/www.tiktok.com\\\/@sindicaturabcn\",\"https:\\\/\\\/t.me\\\/sindicaturabarcelona\"]},{\"@type\":\"Person\",\"@id\":\"https:\\\/\\\/www.sindicaturabarcelona.cat\\\/ca\\\/#\\\/schema\\\/person\\\/0e5acffc350ffdbc97578159322c9452\",\"name\":\"Pablo\",\"image\":{\"@type\":\"ImageObject\",\"inLanguage\":\"ca\",\"@id\":\"https:\\\/\\\/secure.gravatar.com\\\/avatar\\\/c948169b402ef9492afde705c3dfd5e90e1a6a84ef6840a91124f805a25a480f?s=96&d=mm&r=g\",\"url\":\"https:\\\/\\\/secure.gravatar.com\\\/avatar\\\/c948169b402ef9492afde705c3dfd5e90e1a6a84ef6840a91124f805a25a480f?s=96&d=mm&r=g\",\"contentUrl\":\"https:\\\/\\\/secure.gravatar.com\\\/avatar\\\/c948169b402ef9492afde705c3dfd5e90e1a6a84ef6840a91124f805a25a480f?s=96&d=mm&r=g\",\"caption\":\"Pablo\"},\"url\":\"https:\\\/\\\/www.sindicaturabarcelona.cat\\\/ca\\\/author\\\/pablo\\\/\"}]}<\/script>\n<!-- \/ Yoast SEO plugin. -->","yoast_head_json":{"title":"T\u2019estiu molt 2025: La Sindicatura incideix en el greuge comparatiu i la discriminaci\u00f3 en l\u2019acc\u00e9s al dret al lleure que pateixen les fam\u00edlies amb infants i joves amb discapacitat - Sindicatura de Greuges de Barcelona","description":"Tot i que els ajuts per a activitats d\u2019estiu preveuen mesures per afavorir la participaci\u00f3 d\u2019infants i joves amb discapacitat, encara no s\u00f3n suficients.","robots":{"index":"index","follow":"follow","max-snippet":"max-snippet:-1","max-image-preview":"max-image-preview:large","max-video-preview":"max-video-preview:-1"},"canonical":"https:\/\/www.sindicaturabarcelona.cat\/ca\/testiu-molt-2025-la-sindicatura-incideix-en-el-greuge-comparatiu-i-la-discriminacio-en-lacces-al-dret-al-lleure-que-pateixen-les-families-amb-infants-i-joves-amb-discapacitat\/","og_locale":"ca_ES","og_type":"article","og_title":"T\u2019estiu molt 2025: La Sindicatura incideix en el greuge comparatiu i la discriminaci\u00f3 en l\u2019acc\u00e9s al dret al lleure que pateixen les fam\u00edlies amb infants i joves amb discapacitat - Sindicatura de Greuges de Barcelona","og_description":"Tot i que els ajuts per a activitats d\u2019estiu preveuen mesures per afavorir la participaci\u00f3 d\u2019infants i joves amb discapacitat, encara no s\u00f3n suficients.","og_url":"https:\/\/www.sindicaturabarcelona.cat\/ca\/testiu-molt-2025-la-sindicatura-incideix-en-el-greuge-comparatiu-i-la-discriminacio-en-lacces-al-dret-al-lleure-que-pateixen-les-families-amb-infants-i-joves-amb-discapacitat\/","og_site_name":"Sindicatura de Greuges de Barcelona","article_published_time":"2025-05-16T05:30:00+00:00","article_modified_time":"2025-05-23T09:02:09+00:00","og_image":[{"width":1533,"height":1024,"url":"https:\/\/www.sindicaturabarcelona.cat\/wp-content\/uploads\/una-nena-juga-amb-una-estructura-de-f.jpg","type":"image\/jpeg"}],"author":"Pablo","twitter_card":"summary_large_image","twitter_creator":"@sindicbarcelona","twitter_site":"@sindicbarcelona","twitter_misc":{"Escrit per":"Pablo","Temps estimat de lectura":"5 minuts"},"schema":{"@context":"https:\/\/schema.org","@graph":[{"@type":"Article","@id":"https:\/\/www.sindicaturabarcelona.cat\/ca\/testiu-molt-2025-la-sindicatura-incideix-en-el-greuge-comparatiu-i-la-discriminacio-en-lacces-al-dret-al-lleure-que-pateixen-les-families-amb-infants-i-joves-amb-discapacitat\/#article","isPartOf":{"@id":"https:\/\/www.sindicaturabarcelona.cat\/ca\/testiu-molt-2025-la-sindicatura-incideix-en-el-greuge-comparatiu-i-la-discriminacio-en-lacces-al-dret-al-lleure-que-pateixen-les-families-amb-infants-i-joves-amb-discapacitat\/"},"author":{"name":"Pablo","@id":"https:\/\/www.sindicaturabarcelona.cat\/ca\/#\/schema\/person\/0e5acffc350ffdbc97578159322c9452"},"headline":"T\u2019estiu molt 2025: La Sindicatura incideix en el greuge comparatiu i la discriminaci\u00f3 en l\u2019acc\u00e9s al dret al lleure que pateixen les fam\u00edlies amb infants i joves amb discapacitat","datePublished":"2025-05-16T05:30:00+00:00","dateModified":"2025-05-23T09:02:09+00:00","mainEntityOfPage":{"@id":"https:\/\/www.sindicaturabarcelona.cat\/ca\/testiu-molt-2025-la-sindicatura-incideix-en-el-greuge-comparatiu-i-la-discriminacio-en-lacces-al-dret-al-lleure-que-pateixen-les-families-amb-infants-i-joves-amb-discapacitat\/"},"wordCount":835,"publisher":{"@id":"https:\/\/www.sindicaturabarcelona.cat\/ca\/#organization"},"image":{"@id":"https:\/\/www.sindicaturabarcelona.cat\/ca\/testiu-molt-2025-la-sindicatura-incideix-en-el-greuge-comparatiu-i-la-discriminacio-en-lacces-al-dret-al-lleure-que-pateixen-les-families-amb-infants-i-joves-amb-discapacitat\/#primaryimage"},"thumbnailUrl":"https:\/\/www.sindicaturabarcelona.cat\/wp-content\/uploads\/una-nena-juga-amb-una-estructura-de-f.jpg","inLanguage":"ca"},{"@type":"WebPage","@id":"https:\/\/www.sindicaturabarcelona.cat\/ca\/testiu-molt-2025-la-sindicatura-incideix-en-el-greuge-comparatiu-i-la-discriminacio-en-lacces-al-dret-al-lleure-que-pateixen-les-families-amb-infants-i-joves-amb-discapacitat\/","url":"https:\/\/www.sindicaturabarcelona.cat\/ca\/testiu-molt-2025-la-sindicatura-incideix-en-el-greuge-comparatiu-i-la-discriminacio-en-lacces-al-dret-al-lleure-que-pateixen-les-families-amb-infants-i-joves-amb-discapacitat\/","name":"T\u2019estiu molt 2025: La Sindicatura incideix en el greuge comparatiu i la discriminaci\u00f3 en l\u2019acc\u00e9s al dret al lleure que pateixen les fam\u00edlies amb infants i joves amb discapacitat - Sindicatura de Greuges de Barcelona","isPartOf":{"@id":"https:\/\/www.sindicaturabarcelona.cat\/ca\/#website"},"primaryImageOfPage":{"@id":"https:\/\/www.sindicaturabarcelona.cat\/ca\/testiu-molt-2025-la-sindicatura-incideix-en-el-greuge-comparatiu-i-la-discriminacio-en-lacces-al-dret-al-lleure-que-pateixen-les-families-amb-infants-i-joves-amb-discapacitat\/#primaryimage"},"image":{"@id":"https:\/\/www.sindicaturabarcelona.cat\/ca\/testiu-molt-2025-la-sindicatura-incideix-en-el-greuge-comparatiu-i-la-discriminacio-en-lacces-al-dret-al-lleure-que-pateixen-les-families-amb-infants-i-joves-amb-discapacitat\/#primaryimage"},"thumbnailUrl":"https:\/\/www.sindicaturabarcelona.cat\/wp-content\/uploads\/una-nena-juga-amb-una-estructura-de-f.jpg","datePublished":"2025-05-16T05:30:00+00:00","dateModified":"2025-05-23T09:02:09+00:00","description":"Tot i que els ajuts per a activitats d\u2019estiu preveuen mesures per afavorir la participaci\u00f3 d\u2019infants i joves amb discapacitat, encara no s\u00f3n suficients.","breadcrumb":{"@id":"https:\/\/www.sindicaturabarcelona.cat\/ca\/testiu-molt-2025-la-sindicatura-incideix-en-el-greuge-comparatiu-i-la-discriminacio-en-lacces-al-dret-al-lleure-que-pateixen-les-families-amb-infants-i-joves-amb-discapacitat\/#breadcrumb"},"inLanguage":"ca","potentialAction":[{"@type":"ReadAction","target":["https:\/\/www.sindicaturabarcelona.cat\/ca\/testiu-molt-2025-la-sindicatura-incideix-en-el-greuge-comparatiu-i-la-discriminacio-en-lacces-al-dret-al-lleure-que-pateixen-les-families-amb-infants-i-joves-amb-discapacitat\/"]}]},{"@type":"ImageObject","inLanguage":"ca","@id":"https:\/\/www.sindicaturabarcelona.cat\/ca\/testiu-molt-2025-la-sindicatura-incideix-en-el-greuge-comparatiu-i-la-discriminacio-en-lacces-al-dret-al-lleure-que-pateixen-les-families-amb-infants-i-joves-amb-discapacitat\/#primaryimage","url":"https:\/\/www.sindicaturabarcelona.cat\/wp-content\/uploads\/una-nena-juga-amb-una-estructura-de-f.jpg","contentUrl":"https:\/\/www.sindicaturabarcelona.cat\/wp-content\/uploads\/una-nena-juga-amb-una-estructura-de-f.jpg","width":1533,"height":1024},{"@type":"BreadcrumbList","@id":"https:\/\/www.sindicaturabarcelona.cat\/ca\/testiu-molt-2025-la-sindicatura-incideix-en-el-greuge-comparatiu-i-la-discriminacio-en-lacces-al-dret-al-lleure-que-pateixen-les-families-amb-infants-i-joves-amb-discapacitat\/#breadcrumb","itemListElement":[{"@type":"ListItem","position":1,"name":"Inici","item":"https:\/\/www.sindicaturabarcelona.cat\/ca\/"},{"@type":"ListItem","position":2,"name":"T\u2019estiu molt 2025: La Sindicatura incideix en el greuge comparatiu i la discriminaci\u00f3 en l\u2019acc\u00e9s al dret al lleure que pateixen les fam\u00edlies amb infants i joves amb discapacitat"}]},{"@type":"WebSite","@id":"https:\/\/www.sindicaturabarcelona.cat\/ca\/#website","url":"https:\/\/www.sindicaturabarcelona.cat\/ca\/","name":"Sindicatura de Greuges de Barcelona","description":"La defensoria dels teus drets","publisher":{"@id":"https:\/\/www.sindicaturabarcelona.cat\/ca\/#organization"},"potentialAction":[{"@type":"SearchAction","target":{"@type":"EntryPoint","urlTemplate":"https:\/\/www.sindicaturabarcelona.cat\/ca\/?s={search_term_string}"},"query-input":{"@type":"PropertyValueSpecification","valueRequired":true,"valueName":"search_term_string"}}],"inLanguage":"ca"},{"@type":"Organization","@id":"https:\/\/www.sindicaturabarcelona.cat\/ca\/#organization","name":"Sindicatura de Greuges de Barcelona","url":"https:\/\/www.sindicaturabarcelona.cat\/ca\/","logo":{"@type":"ImageObject","inLanguage":"ca","@id":"https:\/\/www.sindicaturabarcelona.cat\/ca\/#\/schema\/logo\/image\/","url":"https:\/\/www.sindicaturabarcelona.cat\/wp-content\/uploads\/2023\/02\/logo_sindicatura.svg","contentUrl":"https:\/\/www.sindicaturabarcelona.cat\/wp-content\/uploads\/2023\/02\/logo_sindicatura.svg","caption":"Sindicatura de Greuges de Barcelona"},"image":{"@id":"https:\/\/www.sindicaturabarcelona.cat\/ca\/#\/schema\/logo\/image\/"},"sameAs":["https:\/\/x.com\/sindicbarcelona","https:\/\/www.instagram.com\/sindicbarcelona\/","https:\/\/www.tiktok.com\/@sindicaturabcn","https:\/\/t.me\/sindicaturabarcelona"]},{"@type":"Person","@id":"https:\/\/www.sindicaturabarcelona.cat\/ca\/#\/schema\/person\/0e5acffc350ffdbc97578159322c9452","name":"Pablo","image":{"@type":"ImageObject","inLanguage":"ca","@id":"https:\/\/secure.gravatar.com\/avatar\/c948169b402ef9492afde705c3dfd5e90e1a6a84ef6840a91124f805a25a480f?s=96&d=mm&r=g","url":"https:\/\/secure.gravatar.com\/avatar\/c948169b402ef9492afde705c3dfd5e90e1a6a84ef6840a91124f805a25a480f?s=96&d=mm&r=g","contentUrl":"https:\/\/secure.gravatar.com\/avatar\/c948169b402ef9492afde705c3dfd5e90e1a6a84ef6840a91124f805a25a480f?s=96&d=mm&r=g","caption":"Pablo"},"url":"https:\/\/www.sindicaturabarcelona.cat\/ca\/author\/pablo\/"}]}},"_links":{"self":[{"href":"https:\/\/www.sindicaturabarcelona.cat\/ca\/wp-json\/wp\/v2\/posts\/37554","targetHints":{"allow":["GET"]}}],"collection":[{"href":"https:\/\/www.sindicaturabarcelona.cat\/ca\/wp-json\/wp\/v2\/posts"}],"about":[{"href":"https:\/\/www.sindicaturabarcelona.cat\/ca\/wp-json\/wp\/v2\/types\/post"}],"author":[{"embeddable":true,"href":"https:\/\/www.sindicaturabarcelona.cat\/ca\/wp-json\/wp\/v2\/users\/2"}],"replies":[{"embeddable":true,"href":"https:\/\/www.sindicaturabarcelona.cat\/ca\/wp-json\/wp\/v2\/comments?post=37554"}],"version-history":[{"count":2,"href":"https:\/\/www.sindicaturabarcelona.cat\/ca\/wp-json\/wp\/v2\/posts\/37554\/revisions"}],"predecessor-version":[{"id":37610,"href":"https:\/\/www.sindicaturabarcelona.cat\/ca\/wp-json\/wp\/v2\/posts\/37554\/revisions\/37610"}],"wp:featuredmedia":[{"embeddable":true,"href":"https:\/\/www.sindicaturabarcelona.cat\/ca\/wp-json\/wp\/v2\/media\/37555"}],"wp:attachment":[{"href":"https:\/\/www.sindicaturabarcelona.cat\/ca\/wp-json\/wp\/v2\/media?parent=37554"}],"wp:term":[{"taxonomy":"post_tag","embeddable":true,"href":"https:\/\/www.sindicaturabarcelona.cat\/ca\/wp-json\/wp\/v2\/tags?post=37554"},{"taxonomy":"drets","embeddable":true,"href":"https:\/\/www.sindicaturabarcelona.cat\/ca\/wp-json\/wp\/v2\/drets?post=37554"}],"curies":[{"name":"wp","href":"https:\/\/api.w.org\/{rel}","templated":true}]}}