{"id":37444,"date":"2025-05-09T09:18:27","date_gmt":"2025-05-09T07:18:27","guid":{"rendered":"https:\/\/www.sindicaturabarcelona.cat\/?p=37444"},"modified":"2025-05-12T12:24:14","modified_gmt":"2025-05-12T10:24:14","slug":"la-sindicatura-participa-en-la-reunio-de-treball-anual-de-lidem-un-projecte-europeu-per-millorar-laccessibilitat-i-la-inclusivitat-en-processos-participatius","status":"publish","type":"post","link":"https:\/\/www.sindicaturabarcelona.cat\/ca\/la-sindicatura-participa-en-la-reunio-de-treball-anual-de-lidem-un-projecte-europeu-per-millorar-laccessibilitat-i-la-inclusivitat-en-processos-participatius\/","title":{"rendered":"La Sindicatura participa en la reuni\u00f3 de treball anual de l&#8217;iDEM, un projecte europeu per millorar l\u2019accessibilitat i la inclusivitat en processos participatius"},"content":{"rendered":"\n<p><strong>Els dotze membres del consorci d\u2019aquesta iniciativa<\/strong>, entre els quals hi ha la Sindicatura, <strong>es reuneixen a Leeds (Regne Unit) el 8 i 9 de maig<\/strong> per posar en com\u00fa els aven\u00e7os fets i per definir els passos a seguir del projecte l&#8217;<a href=\"https:\/\/idemproject.eu\/cat\" target=\"_blank\" rel=\"noreferrer noopener\">Innovative and Inclusive Democratic Spaces for Deliberation and Participation (iDEM)<\/a>. <\/p>\n\n\n\n<p>Concretament, <strong>la Sindicatura interv\u00e9 en les sessions de treball dedicades a la definici\u00f3, l\u2019organitzaci\u00f3, la implementaci\u00f3 i els aspectes \u00e8tics<\/strong> de les quatre proves pilot. Tamb\u00e9 <strong>s\u2019avalua i es fan propostes de millora de la darrera versi\u00f3 de l\u2019aplicaci\u00f3 iDEM<\/strong>, i es treballa en la<strong> <\/strong>presentaci\u00f3 del projecte davant la persona responsable a la Uni\u00f3 Europea, que tindr\u00e0 lloc al juny. \u00a0\u00a0<\/p>\n\n\n\n<p>L\u00b4eina d\u2019intel\u00b7lig\u00e8ncia artificial <strong>iDEM simplificar\u00e0 i far\u00e0 m\u00e9s comprensibles les informacions que calen per prendre part en processos participatius. S\u2019adre\u00e7a a persones amb discapacitat intel\u00b7lectual o amb dificultats de comunicaci\u00f3<\/strong>, com persones migrants i gent gran. La prova pilot de Barcelona es dur\u00e0 a terme la primavera de 2026. Es preveu que l\u2019any 2029 l&#8217;aplicaci\u00f3 iDEM estar\u00e0 disponible per a 1,2 milions de persones.<\/p>\n\n\n\n<p>El projecte el lidera la <a href=\"http:\/\/upf.edu\/\" target=\"_blank\" rel=\"noreferrer noopener\">Universitat Pompeu Fabra<\/a> i <strong>compta tamb\u00e9 amb la participaci\u00f3 de l\u2019<\/strong><a href=\"https:\/\/ajuntament.barcelona.cat\/accessible\/ca\/qui-som\/institut-municipal-de-persones-amb-discapacitat\" target=\"_blank\" rel=\"noreferrer noopener\"><strong>Institut Municipal de Persones amb Discapacitat<\/strong><\/a>. Els <strong>membres que formen part del consorci provenen de diferents pa\u00efsos i institucions europeus<\/strong>, entre els quals hi ha Alemanya, \u00c0ustria, Espanya, Irlanda, It\u00e0lia i el Regne Unit.<\/p>\n\n\n\n<p><a href=\"https:\/\/www.sindicaturabarcelona.cat\/ca\/informacio-mes-accessible-per-a-una-democracia-mes-inclusiva-amb-lajuda-de-la-ia-lobjectiu-dun-nou-projecte-europeu-en-que-participa-la-sindicatura\/\" target=\"_blank\" rel=\"noreferrer noopener\">La Sindicatura \u00e9s membre de l&#8217;iDEM des del gener de 2024<\/a>, quan es va iniciar el projecte, en tant que instituci\u00f3 que vetlla pels <a href=\"https:\/\/www.sindicaturabarcelona.cat\/ca\/drets\/drets-de-participacio\/\" target=\"_blank\" rel=\"noreferrer noopener\">drets de participaci\u00f3<\/a> i <a href=\"https:\/\/www.sindicaturabarcelona.cat\/ca\/drets\/dret-a-laccessibilitat-i-la-inclusivitat\/\" target=\"_blank\" rel=\"noreferrer noopener\">a l\u2019accessibilitat i la inclusivitat<\/a>. <strong>David Bondia, s\u00edndic de greuges de Barcelona<\/strong>, valora que \u201cpel que fa al nostre \u00e0mbit competencial a la ciutat, tenim molt clar que <strong>la participaci\u00f3 ciutadana en els debats democr\u00e0tics no pot ser nom\u00e9s ret\u00f2rica, sin\u00f3 que ha d\u2019anar acompanyada d\u2019una pr\u00e0ctica molt necess\u00e0ria, real, efectiva i inclusiva<\/strong>\u201d.<\/p>\n\n\n\n<p><\/p>\n","protected":false},"excerpt":{"rendered":"<p>Els dotze membres del consorci d\u2019aquesta iniciativa, entre els quals hi ha la Sindicatura, es reuneixen a Leeds (Regne Unit) el 8 i 9 de maig per posar en com\u00fa [&hellip;]<\/p>\n","protected":false},"author":2,"featured_media":37524,"comment_status":"closed","ping_status":"closed","sticky":false,"template":"","format":"standard","meta":{"_acf_changed":false,"footnotes":""},"tags":[],"drets":[1442,1459,1438,1445],"class_list":["post-37444","post","type-post","status-publish","format-standard","has-post-thumbnail","hentry","drets-ciutat-diversa","drets-drets-de-participacio","drets-ciutat-habitable-i-sostenible","drets-dret-a-laccessibilitat-i-la-inclusivitat"],"acf":[],"yoast_head":"<!-- This site is optimized with the Yoast SEO plugin v27.5 - https:\/\/yoast.com\/product\/yoast-seo-wordpress\/ -->\n<title>La Sindicatura participa en la reuni\u00f3 de treball anual de l&#039;iDEM, un projecte europeu per millorar l\u2019accessibilitat i la inclusivitat en processos participatius - Sindicatura de Greuges de Barcelona<\/title>\n<meta name=\"description\" content=\"Els 12 membres del consorci de la iniciativa, entre els quals hi ha la Sindicatura, es reuneixen a Leeds per posar en com\u00fa els aven\u00e7os fets.\" \/>\n<meta name=\"robots\" content=\"index, follow, max-snippet:-1, max-image-preview:large, max-video-preview:-1\" \/>\n<link rel=\"canonical\" href=\"https:\/\/www.sindicaturabarcelona.cat\/ca\/la-sindicatura-participa-en-la-reunio-de-treball-anual-de-lidem-un-projecte-europeu-per-millorar-laccessibilitat-i-la-inclusivitat-en-processos-participatius\/\" \/>\n<meta property=\"og:locale\" content=\"ca_ES\" \/>\n<meta property=\"og:type\" content=\"article\" \/>\n<meta property=\"og:title\" content=\"La Sindicatura participa en la reuni\u00f3 de treball anual de l&#039;iDEM, un projecte europeu per millorar l\u2019accessibilitat i la inclusivitat en processos participatius - Sindicatura de Greuges de Barcelona\" \/>\n<meta property=\"og:description\" content=\"Els 12 membres del consorci de la iniciativa, entre els quals hi ha la Sindicatura, es reuneixen a Leeds per posar en com\u00fa els aven\u00e7os fets.\" \/>\n<meta property=\"og:url\" content=\"https:\/\/www.sindicaturabarcelona.cat\/ca\/la-sindicatura-participa-en-la-reunio-de-treball-anual-de-lidem-un-projecte-europeu-per-millorar-laccessibilitat-i-la-inclusivitat-en-processos-participatius\/\" \/>\n<meta property=\"og:site_name\" content=\"Sindicatura de Greuges de Barcelona\" \/>\n<meta property=\"article:published_time\" content=\"2025-05-09T07:18:27+00:00\" \/>\n<meta property=\"article:modified_time\" content=\"2025-05-12T10:24:14+00:00\" \/>\n<meta property=\"og:image\" content=\"https:\/\/www.sindicaturabarcelona.cat\/wp-content\/uploads\/IMG_6510-scaled.jpg\" \/>\n\t<meta property=\"og:image:width\" content=\"2560\" \/>\n\t<meta property=\"og:image:height\" content=\"1920\" \/>\n\t<meta property=\"og:image:type\" content=\"image\/jpeg\" \/>\n<meta name=\"author\" content=\"Pablo\" \/>\n<meta name=\"twitter:card\" content=\"summary_large_image\" \/>\n<meta name=\"twitter:creator\" content=\"@sindicbarcelona\" \/>\n<meta name=\"twitter:site\" content=\"@sindicbarcelona\" \/>\n<meta name=\"twitter:label1\" content=\"Escrit per\" \/>\n\t<meta name=\"twitter:data1\" content=\"Pablo\" \/>\n\t<meta name=\"twitter:label2\" content=\"Temps estimat de lectura\" \/>\n\t<meta name=\"twitter:data2\" content=\"2 minuts\" \/>\n<script type=\"application\/ld+json\" class=\"yoast-schema-graph\">{\"@context\":\"https:\\\/\\\/schema.org\",\"@graph\":[{\"@type\":\"Article\",\"@id\":\"https:\\\/\\\/www.sindicaturabarcelona.cat\\\/ca\\\/la-sindicatura-participa-en-la-reunio-de-treball-anual-de-lidem-un-projecte-europeu-per-millorar-laccessibilitat-i-la-inclusivitat-en-processos-participatius\\\/#article\",\"isPartOf\":{\"@id\":\"https:\\\/\\\/www.sindicaturabarcelona.cat\\\/ca\\\/la-sindicatura-participa-en-la-reunio-de-treball-anual-de-lidem-un-projecte-europeu-per-millorar-laccessibilitat-i-la-inclusivitat-en-processos-participatius\\\/\"},\"author\":{\"name\":\"Pablo\",\"@id\":\"https:\\\/\\\/www.sindicaturabarcelona.cat\\\/ca\\\/#\\\/schema\\\/person\\\/0e5acffc350ffdbc97578159322c9452\"},\"headline\":\"La Sindicatura participa en la reuni\u00f3 de treball anual de l&#8217;iDEM, un projecte europeu per millorar l\u2019accessibilitat i la inclusivitat en processos participatius\",\"datePublished\":\"2025-05-09T07:18:27+00:00\",\"dateModified\":\"2025-05-12T10:24:14+00:00\",\"mainEntityOfPage\":{\"@id\":\"https:\\\/\\\/www.sindicaturabarcelona.cat\\\/ca\\\/la-sindicatura-participa-en-la-reunio-de-treball-anual-de-lidem-un-projecte-europeu-per-millorar-laccessibilitat-i-la-inclusivitat-en-processos-participatius\\\/\"},\"wordCount\":355,\"publisher\":{\"@id\":\"https:\\\/\\\/www.sindicaturabarcelona.cat\\\/ca\\\/#organization\"},\"image\":{\"@id\":\"https:\\\/\\\/www.sindicaturabarcelona.cat\\\/ca\\\/la-sindicatura-participa-en-la-reunio-de-treball-anual-de-lidem-un-projecte-europeu-per-millorar-laccessibilitat-i-la-inclusivitat-en-processos-participatius\\\/#primaryimage\"},\"thumbnailUrl\":\"https:\\\/\\\/www.sindicaturabarcelona.cat\\\/wp-content\\\/uploads\\\/IMG_6510-scaled.jpg\",\"inLanguage\":\"ca\"},{\"@type\":\"WebPage\",\"@id\":\"https:\\\/\\\/www.sindicaturabarcelona.cat\\\/ca\\\/la-sindicatura-participa-en-la-reunio-de-treball-anual-de-lidem-un-projecte-europeu-per-millorar-laccessibilitat-i-la-inclusivitat-en-processos-participatius\\\/\",\"url\":\"https:\\\/\\\/www.sindicaturabarcelona.cat\\\/ca\\\/la-sindicatura-participa-en-la-reunio-de-treball-anual-de-lidem-un-projecte-europeu-per-millorar-laccessibilitat-i-la-inclusivitat-en-processos-participatius\\\/\",\"name\":\"La Sindicatura participa en la reuni\u00f3 de treball anual de l'iDEM, un projecte europeu per millorar l\u2019accessibilitat i la inclusivitat en processos participatius - Sindicatura de Greuges de Barcelona\",\"isPartOf\":{\"@id\":\"https:\\\/\\\/www.sindicaturabarcelona.cat\\\/ca\\\/#website\"},\"primaryImageOfPage\":{\"@id\":\"https:\\\/\\\/www.sindicaturabarcelona.cat\\\/ca\\\/la-sindicatura-participa-en-la-reunio-de-treball-anual-de-lidem-un-projecte-europeu-per-millorar-laccessibilitat-i-la-inclusivitat-en-processos-participatius\\\/#primaryimage\"},\"image\":{\"@id\":\"https:\\\/\\\/www.sindicaturabarcelona.cat\\\/ca\\\/la-sindicatura-participa-en-la-reunio-de-treball-anual-de-lidem-un-projecte-europeu-per-millorar-laccessibilitat-i-la-inclusivitat-en-processos-participatius\\\/#primaryimage\"},\"thumbnailUrl\":\"https:\\\/\\\/www.sindicaturabarcelona.cat\\\/wp-content\\\/uploads\\\/IMG_6510-scaled.jpg\",\"datePublished\":\"2025-05-09T07:18:27+00:00\",\"dateModified\":\"2025-05-12T10:24:14+00:00\",\"description\":\"Els 12 membres del consorci de la iniciativa, entre els quals hi ha la Sindicatura, es reuneixen a Leeds per posar en com\u00fa els aven\u00e7os fets.\",\"breadcrumb\":{\"@id\":\"https:\\\/\\\/www.sindicaturabarcelona.cat\\\/ca\\\/la-sindicatura-participa-en-la-reunio-de-treball-anual-de-lidem-un-projecte-europeu-per-millorar-laccessibilitat-i-la-inclusivitat-en-processos-participatius\\\/#breadcrumb\"},\"inLanguage\":\"ca\",\"potentialAction\":[{\"@type\":\"ReadAction\",\"target\":[\"https:\\\/\\\/www.sindicaturabarcelona.cat\\\/ca\\\/la-sindicatura-participa-en-la-reunio-de-treball-anual-de-lidem-un-projecte-europeu-per-millorar-laccessibilitat-i-la-inclusivitat-en-processos-participatius\\\/\"]}]},{\"@type\":\"ImageObject\",\"inLanguage\":\"ca\",\"@id\":\"https:\\\/\\\/www.sindicaturabarcelona.cat\\\/ca\\\/la-sindicatura-participa-en-la-reunio-de-treball-anual-de-lidem-un-projecte-europeu-per-millorar-laccessibilitat-i-la-inclusivitat-en-processos-participatius\\\/#primaryimage\",\"url\":\"https:\\\/\\\/www.sindicaturabarcelona.cat\\\/wp-content\\\/uploads\\\/IMG_6510-scaled.jpg\",\"contentUrl\":\"https:\\\/\\\/www.sindicaturabarcelona.cat\\\/wp-content\\\/uploads\\\/IMG_6510-scaled.jpg\",\"width\":2560,\"height\":1920},{\"@type\":\"BreadcrumbList\",\"@id\":\"https:\\\/\\\/www.sindicaturabarcelona.cat\\\/ca\\\/la-sindicatura-participa-en-la-reunio-de-treball-anual-de-lidem-un-projecte-europeu-per-millorar-laccessibilitat-i-la-inclusivitat-en-processos-participatius\\\/#breadcrumb\",\"itemListElement\":[{\"@type\":\"ListItem\",\"position\":1,\"name\":\"Inici\",\"item\":\"https:\\\/\\\/www.sindicaturabarcelona.cat\\\/ca\\\/\"},{\"@type\":\"ListItem\",\"position\":2,\"name\":\"La Sindicatura participa en la reuni\u00f3 de treball anual de l&#8217;iDEM, un projecte europeu per millorar l\u2019accessibilitat i la inclusivitat en processos participatius\"}]},{\"@type\":\"WebSite\",\"@id\":\"https:\\\/\\\/www.sindicaturabarcelona.cat\\\/ca\\\/#website\",\"url\":\"https:\\\/\\\/www.sindicaturabarcelona.cat\\\/ca\\\/\",\"name\":\"Sindicatura de Greuges de Barcelona\",\"description\":\"La defensoria dels teus drets\",\"publisher\":{\"@id\":\"https:\\\/\\\/www.sindicaturabarcelona.cat\\\/ca\\\/#organization\"},\"potentialAction\":[{\"@type\":\"SearchAction\",\"target\":{\"@type\":\"EntryPoint\",\"urlTemplate\":\"https:\\\/\\\/www.sindicaturabarcelona.cat\\\/ca\\\/?s={search_term_string}\"},\"query-input\":{\"@type\":\"PropertyValueSpecification\",\"valueRequired\":true,\"valueName\":\"search_term_string\"}}],\"inLanguage\":\"ca\"},{\"@type\":\"Organization\",\"@id\":\"https:\\\/\\\/www.sindicaturabarcelona.cat\\\/ca\\\/#organization\",\"name\":\"Sindicatura de Greuges de Barcelona\",\"url\":\"https:\\\/\\\/www.sindicaturabarcelona.cat\\\/ca\\\/\",\"logo\":{\"@type\":\"ImageObject\",\"inLanguage\":\"ca\",\"@id\":\"https:\\\/\\\/www.sindicaturabarcelona.cat\\\/ca\\\/#\\\/schema\\\/logo\\\/image\\\/\",\"url\":\"https:\\\/\\\/www.sindicaturabarcelona.cat\\\/wp-content\\\/uploads\\\/2023\\\/02\\\/logo_sindicatura.svg\",\"contentUrl\":\"https:\\\/\\\/www.sindicaturabarcelona.cat\\\/wp-content\\\/uploads\\\/2023\\\/02\\\/logo_sindicatura.svg\",\"caption\":\"Sindicatura de Greuges de Barcelona\"},\"image\":{\"@id\":\"https:\\\/\\\/www.sindicaturabarcelona.cat\\\/ca\\\/#\\\/schema\\\/logo\\\/image\\\/\"},\"sameAs\":[\"https:\\\/\\\/x.com\\\/sindicbarcelona\",\"https:\\\/\\\/www.instagram.com\\\/sindicbarcelona\\\/\",\"https:\\\/\\\/www.tiktok.com\\\/@sindicaturabcn\",\"https:\\\/\\\/t.me\\\/sindicaturabarcelona\"]},{\"@type\":\"Person\",\"@id\":\"https:\\\/\\\/www.sindicaturabarcelona.cat\\\/ca\\\/#\\\/schema\\\/person\\\/0e5acffc350ffdbc97578159322c9452\",\"name\":\"Pablo\",\"image\":{\"@type\":\"ImageObject\",\"inLanguage\":\"ca\",\"@id\":\"https:\\\/\\\/secure.gravatar.com\\\/avatar\\\/c948169b402ef9492afde705c3dfd5e90e1a6a84ef6840a91124f805a25a480f?s=96&d=mm&r=g\",\"url\":\"https:\\\/\\\/secure.gravatar.com\\\/avatar\\\/c948169b402ef9492afde705c3dfd5e90e1a6a84ef6840a91124f805a25a480f?s=96&d=mm&r=g\",\"contentUrl\":\"https:\\\/\\\/secure.gravatar.com\\\/avatar\\\/c948169b402ef9492afde705c3dfd5e90e1a6a84ef6840a91124f805a25a480f?s=96&d=mm&r=g\",\"caption\":\"Pablo\"},\"url\":\"https:\\\/\\\/www.sindicaturabarcelona.cat\\\/ca\\\/author\\\/pablo\\\/\"}]}<\/script>\n<!-- \/ Yoast SEO plugin. -->","yoast_head_json":{"title":"La Sindicatura participa en la reuni\u00f3 de treball anual de l'iDEM, un projecte europeu per millorar l\u2019accessibilitat i la inclusivitat en processos participatius - Sindicatura de Greuges de Barcelona","description":"Els 12 membres del consorci de la iniciativa, entre els quals hi ha la Sindicatura, es reuneixen a Leeds per posar en com\u00fa els aven\u00e7os fets.","robots":{"index":"index","follow":"follow","max-snippet":"max-snippet:-1","max-image-preview":"max-image-preview:large","max-video-preview":"max-video-preview:-1"},"canonical":"https:\/\/www.sindicaturabarcelona.cat\/ca\/la-sindicatura-participa-en-la-reunio-de-treball-anual-de-lidem-un-projecte-europeu-per-millorar-laccessibilitat-i-la-inclusivitat-en-processos-participatius\/","og_locale":"ca_ES","og_type":"article","og_title":"La Sindicatura participa en la reuni\u00f3 de treball anual de l'iDEM, un projecte europeu per millorar l\u2019accessibilitat i la inclusivitat en processos participatius - Sindicatura de Greuges de Barcelona","og_description":"Els 12 membres del consorci de la iniciativa, entre els quals hi ha la Sindicatura, es reuneixen a Leeds per posar en com\u00fa els aven\u00e7os fets.","og_url":"https:\/\/www.sindicaturabarcelona.cat\/ca\/la-sindicatura-participa-en-la-reunio-de-treball-anual-de-lidem-un-projecte-europeu-per-millorar-laccessibilitat-i-la-inclusivitat-en-processos-participatius\/","og_site_name":"Sindicatura de Greuges de Barcelona","article_published_time":"2025-05-09T07:18:27+00:00","article_modified_time":"2025-05-12T10:24:14+00:00","og_image":[{"width":2560,"height":1920,"url":"https:\/\/www.sindicaturabarcelona.cat\/wp-content\/uploads\/IMG_6510-scaled.jpg","type":"image\/jpeg"}],"author":"Pablo","twitter_card":"summary_large_image","twitter_creator":"@sindicbarcelona","twitter_site":"@sindicbarcelona","twitter_misc":{"Escrit per":"Pablo","Temps estimat de lectura":"2 minuts"},"schema":{"@context":"https:\/\/schema.org","@graph":[{"@type":"Article","@id":"https:\/\/www.sindicaturabarcelona.cat\/ca\/la-sindicatura-participa-en-la-reunio-de-treball-anual-de-lidem-un-projecte-europeu-per-millorar-laccessibilitat-i-la-inclusivitat-en-processos-participatius\/#article","isPartOf":{"@id":"https:\/\/www.sindicaturabarcelona.cat\/ca\/la-sindicatura-participa-en-la-reunio-de-treball-anual-de-lidem-un-projecte-europeu-per-millorar-laccessibilitat-i-la-inclusivitat-en-processos-participatius\/"},"author":{"name":"Pablo","@id":"https:\/\/www.sindicaturabarcelona.cat\/ca\/#\/schema\/person\/0e5acffc350ffdbc97578159322c9452"},"headline":"La Sindicatura participa en la reuni\u00f3 de treball anual de l&#8217;iDEM, un projecte europeu per millorar l\u2019accessibilitat i la inclusivitat en processos participatius","datePublished":"2025-05-09T07:18:27+00:00","dateModified":"2025-05-12T10:24:14+00:00","mainEntityOfPage":{"@id":"https:\/\/www.sindicaturabarcelona.cat\/ca\/la-sindicatura-participa-en-la-reunio-de-treball-anual-de-lidem-un-projecte-europeu-per-millorar-laccessibilitat-i-la-inclusivitat-en-processos-participatius\/"},"wordCount":355,"publisher":{"@id":"https:\/\/www.sindicaturabarcelona.cat\/ca\/#organization"},"image":{"@id":"https:\/\/www.sindicaturabarcelona.cat\/ca\/la-sindicatura-participa-en-la-reunio-de-treball-anual-de-lidem-un-projecte-europeu-per-millorar-laccessibilitat-i-la-inclusivitat-en-processos-participatius\/#primaryimage"},"thumbnailUrl":"https:\/\/www.sindicaturabarcelona.cat\/wp-content\/uploads\/IMG_6510-scaled.jpg","inLanguage":"ca"},{"@type":"WebPage","@id":"https:\/\/www.sindicaturabarcelona.cat\/ca\/la-sindicatura-participa-en-la-reunio-de-treball-anual-de-lidem-un-projecte-europeu-per-millorar-laccessibilitat-i-la-inclusivitat-en-processos-participatius\/","url":"https:\/\/www.sindicaturabarcelona.cat\/ca\/la-sindicatura-participa-en-la-reunio-de-treball-anual-de-lidem-un-projecte-europeu-per-millorar-laccessibilitat-i-la-inclusivitat-en-processos-participatius\/","name":"La Sindicatura participa en la reuni\u00f3 de treball anual de l'iDEM, un projecte europeu per millorar l\u2019accessibilitat i la inclusivitat en processos participatius - Sindicatura de Greuges de Barcelona","isPartOf":{"@id":"https:\/\/www.sindicaturabarcelona.cat\/ca\/#website"},"primaryImageOfPage":{"@id":"https:\/\/www.sindicaturabarcelona.cat\/ca\/la-sindicatura-participa-en-la-reunio-de-treball-anual-de-lidem-un-projecte-europeu-per-millorar-laccessibilitat-i-la-inclusivitat-en-processos-participatius\/#primaryimage"},"image":{"@id":"https:\/\/www.sindicaturabarcelona.cat\/ca\/la-sindicatura-participa-en-la-reunio-de-treball-anual-de-lidem-un-projecte-europeu-per-millorar-laccessibilitat-i-la-inclusivitat-en-processos-participatius\/#primaryimage"},"thumbnailUrl":"https:\/\/www.sindicaturabarcelona.cat\/wp-content\/uploads\/IMG_6510-scaled.jpg","datePublished":"2025-05-09T07:18:27+00:00","dateModified":"2025-05-12T10:24:14+00:00","description":"Els 12 membres del consorci de la iniciativa, entre els quals hi ha la Sindicatura, es reuneixen a Leeds per posar en com\u00fa els aven\u00e7os fets.","breadcrumb":{"@id":"https:\/\/www.sindicaturabarcelona.cat\/ca\/la-sindicatura-participa-en-la-reunio-de-treball-anual-de-lidem-un-projecte-europeu-per-millorar-laccessibilitat-i-la-inclusivitat-en-processos-participatius\/#breadcrumb"},"inLanguage":"ca","potentialAction":[{"@type":"ReadAction","target":["https:\/\/www.sindicaturabarcelona.cat\/ca\/la-sindicatura-participa-en-la-reunio-de-treball-anual-de-lidem-un-projecte-europeu-per-millorar-laccessibilitat-i-la-inclusivitat-en-processos-participatius\/"]}]},{"@type":"ImageObject","inLanguage":"ca","@id":"https:\/\/www.sindicaturabarcelona.cat\/ca\/la-sindicatura-participa-en-la-reunio-de-treball-anual-de-lidem-un-projecte-europeu-per-millorar-laccessibilitat-i-la-inclusivitat-en-processos-participatius\/#primaryimage","url":"https:\/\/www.sindicaturabarcelona.cat\/wp-content\/uploads\/IMG_6510-scaled.jpg","contentUrl":"https:\/\/www.sindicaturabarcelona.cat\/wp-content\/uploads\/IMG_6510-scaled.jpg","width":2560,"height":1920},{"@type":"BreadcrumbList","@id":"https:\/\/www.sindicaturabarcelona.cat\/ca\/la-sindicatura-participa-en-la-reunio-de-treball-anual-de-lidem-un-projecte-europeu-per-millorar-laccessibilitat-i-la-inclusivitat-en-processos-participatius\/#breadcrumb","itemListElement":[{"@type":"ListItem","position":1,"name":"Inici","item":"https:\/\/www.sindicaturabarcelona.cat\/ca\/"},{"@type":"ListItem","position":2,"name":"La Sindicatura participa en la reuni\u00f3 de treball anual de l&#8217;iDEM, un projecte europeu per millorar l\u2019accessibilitat i la inclusivitat en processos participatius"}]},{"@type":"WebSite","@id":"https:\/\/www.sindicaturabarcelona.cat\/ca\/#website","url":"https:\/\/www.sindicaturabarcelona.cat\/ca\/","name":"Sindicatura de Greuges de Barcelona","description":"La defensoria dels teus drets","publisher":{"@id":"https:\/\/www.sindicaturabarcelona.cat\/ca\/#organization"},"potentialAction":[{"@type":"SearchAction","target":{"@type":"EntryPoint","urlTemplate":"https:\/\/www.sindicaturabarcelona.cat\/ca\/?s={search_term_string}"},"query-input":{"@type":"PropertyValueSpecification","valueRequired":true,"valueName":"search_term_string"}}],"inLanguage":"ca"},{"@type":"Organization","@id":"https:\/\/www.sindicaturabarcelona.cat\/ca\/#organization","name":"Sindicatura de Greuges de Barcelona","url":"https:\/\/www.sindicaturabarcelona.cat\/ca\/","logo":{"@type":"ImageObject","inLanguage":"ca","@id":"https:\/\/www.sindicaturabarcelona.cat\/ca\/#\/schema\/logo\/image\/","url":"https:\/\/www.sindicaturabarcelona.cat\/wp-content\/uploads\/2023\/02\/logo_sindicatura.svg","contentUrl":"https:\/\/www.sindicaturabarcelona.cat\/wp-content\/uploads\/2023\/02\/logo_sindicatura.svg","caption":"Sindicatura de Greuges de Barcelona"},"image":{"@id":"https:\/\/www.sindicaturabarcelona.cat\/ca\/#\/schema\/logo\/image\/"},"sameAs":["https:\/\/x.com\/sindicbarcelona","https:\/\/www.instagram.com\/sindicbarcelona\/","https:\/\/www.tiktok.com\/@sindicaturabcn","https:\/\/t.me\/sindicaturabarcelona"]},{"@type":"Person","@id":"https:\/\/www.sindicaturabarcelona.cat\/ca\/#\/schema\/person\/0e5acffc350ffdbc97578159322c9452","name":"Pablo","image":{"@type":"ImageObject","inLanguage":"ca","@id":"https:\/\/secure.gravatar.com\/avatar\/c948169b402ef9492afde705c3dfd5e90e1a6a84ef6840a91124f805a25a480f?s=96&d=mm&r=g","url":"https:\/\/secure.gravatar.com\/avatar\/c948169b402ef9492afde705c3dfd5e90e1a6a84ef6840a91124f805a25a480f?s=96&d=mm&r=g","contentUrl":"https:\/\/secure.gravatar.com\/avatar\/c948169b402ef9492afde705c3dfd5e90e1a6a84ef6840a91124f805a25a480f?s=96&d=mm&r=g","caption":"Pablo"},"url":"https:\/\/www.sindicaturabarcelona.cat\/ca\/author\/pablo\/"}]}},"_links":{"self":[{"href":"https:\/\/www.sindicaturabarcelona.cat\/ca\/wp-json\/wp\/v2\/posts\/37444","targetHints":{"allow":["GET"]}}],"collection":[{"href":"https:\/\/www.sindicaturabarcelona.cat\/ca\/wp-json\/wp\/v2\/posts"}],"about":[{"href":"https:\/\/www.sindicaturabarcelona.cat\/ca\/wp-json\/wp\/v2\/types\/post"}],"author":[{"embeddable":true,"href":"https:\/\/www.sindicaturabarcelona.cat\/ca\/wp-json\/wp\/v2\/users\/2"}],"replies":[{"embeddable":true,"href":"https:\/\/www.sindicaturabarcelona.cat\/ca\/wp-json\/wp\/v2\/comments?post=37444"}],"version-history":[{"count":15,"href":"https:\/\/www.sindicaturabarcelona.cat\/ca\/wp-json\/wp\/v2\/posts\/37444\/revisions"}],"predecessor-version":[{"id":37539,"href":"https:\/\/www.sindicaturabarcelona.cat\/ca\/wp-json\/wp\/v2\/posts\/37444\/revisions\/37539"}],"wp:featuredmedia":[{"embeddable":true,"href":"https:\/\/www.sindicaturabarcelona.cat\/ca\/wp-json\/wp\/v2\/media\/37524"}],"wp:attachment":[{"href":"https:\/\/www.sindicaturabarcelona.cat\/ca\/wp-json\/wp\/v2\/media?parent=37444"}],"wp:term":[{"taxonomy":"post_tag","embeddable":true,"href":"https:\/\/www.sindicaturabarcelona.cat\/ca\/wp-json\/wp\/v2\/tags?post=37444"},{"taxonomy":"drets","embeddable":true,"href":"https:\/\/www.sindicaturabarcelona.cat\/ca\/wp-json\/wp\/v2\/drets?post=37444"}],"curies":[{"name":"wp","href":"https:\/\/api.w.org\/{rel}","templated":true}]}}