{"id":37310,"date":"2025-04-30T07:30:00","date_gmt":"2025-04-30T05:30:00","guid":{"rendered":"https:\/\/www.sindicaturabarcelona.cat\/?p=37310"},"modified":"2025-04-29T15:34:23","modified_gmt":"2025-04-29T13:34:23","slug":"la-sindicatura-inicia-una-actuacio-dofici-per-copsar-lestat-i-el-funcionament-dels-menjadors-socials-municipals-de-la-ciutat","status":"publish","type":"post","link":"https:\/\/www.sindicaturabarcelona.cat\/ca\/la-sindicatura-inicia-una-actuacio-dofici-per-copsar-lestat-i-el-funcionament-dels-menjadors-socials-municipals-de-la-ciutat\/","title":{"rendered":"La Sindicatura inicia una actuaci\u00f3 d\u2019ofici per copsar l\u2019estat i el funcionament dels menjadors socials municipals de la ciutat"},"content":{"rendered":"\n<p><strong>Barcelona, 30 d\u2019abril de 2025<\/strong> \u2013 La defensoria de la ciutadania barcelonina s\u2019interessa d\u2019ofici per con\u00e8ixer les condicions en qu\u00e8 es presta el servei dels menjadors socials municipals, definit com a prestaci\u00f3 garantida al <a href=\"https:\/\/portaljuridic.gencat.cat\/ca\/document-del-pjur\/?documentId=557820\" target=\"_blank\" rel=\"noreferrer noopener\">Decret 142\/2010, pel qual s\u2019aprova la Cartera de Serveis Socials<\/a>.<\/p>\n\n\n\n<p>Aquesta iniciativa de la Sindicatura es dur\u00e0 a terme <strong>mitjan\u00e7ant visites presencials a tots els menjadors socials municipals de la ciutat<\/strong>, acompanyades d\u2019una persona usu\u00e0ria d\u2019aquest servei.<\/p>\n\n\n\n<p><strong>Entre altres, la Sindicatura de Greuges de Barcelona valorar\u00e0 aspectes com<\/strong>: els \u00e0pats (varietat de men\u00fas, gesti\u00f3 de les al\u00b7l\u00e8rgies i intoler\u00e0ncies, estris per als \u00e0pats, etc.); l\u2019estat del menjador social (condicions de neteja i conservaci\u00f3, l\u2019espai d\u2019espera, els banys, l\u2019exist\u00e8ncia d\u2019armariets, accessibilitat, etc.); el protocol d\u2019acc\u00e9s (lliure, amb derivaci\u00f3, amb condicionants, etc.), o el perfil de les persones usu\u00e0ries.<\/p>\n\n\n\n<p>El prop\u00f2sit d\u2019aquest projecte d\u2019observaci\u00f3 i an\u00e0lisi dels menjadors socials municipals \u00e9s <strong>concloure amb un document que presenti una diagnosi d\u2019aquest servei i inclogui unes possibles propostes de millora<\/strong> dirigides a l\u2019Ajuntament de Barcelona.<\/p>\n\n\n\n<h2 class=\"wp-block-heading\"><strong>La Sindicatura ja va pronunciar-se sobre la manca d\u2019accessibilitat d\u2019un dels menjadors socials de la ciutat<\/strong><\/h2>\n\n\n\n<p>El mes de maig de 2024, <a href=\"https:\/\/www.sindicaturabarcelona.cat\/ca\/la-sindicatura-de-greuges-de-barcelona-demana-solucionar-els-problemes-daccessibilitat-dun-menjador-social-de-la-ciutat\/\" target=\"_blank\" rel=\"noreferrer noopener\">la Sindicatura de Greuges de Barcelona va intervenir despr\u00e9s que una persona amb discapacitat i mobilitat redu\u00efda expos\u00e9s el seu malestar per no poder accedir a un menjador social de la ciutat<\/a>.<\/p>\n\n\n\n<p>L\u2019expedient va finalitzar amb dues recomanacions a l\u2019Institut Municipal de Serveis Socials (IMSS): que analitzi la viabilitat de diferents mesures t\u00e8cniques a trav\u00e9s del Pla d\u2019accessibilitat de l\u2019equipament, i que treballi de forma coordinada amb l\u2019Institut Municipal de Persones amb Discapacitat (IMPD) per cercar les possibilitats de millora dels problemes d\u2019accessibilitat del menjador social.<\/p>\n","protected":false},"excerpt":{"rendered":"<p>Barcelona, 30 d\u2019abril de 2025 \u2013 La defensoria de la ciutadania barcelonina s\u2019interessa d\u2019ofici per con\u00e8ixer les condicions en qu\u00e8 es presta el servei dels menjadors socials municipals, definit com [&hellip;]<\/p>\n","protected":false},"author":2,"featured_media":37312,"comment_status":"closed","ping_status":"closed","sticky":false,"template":"","format":"standard","meta":{"_acf_changed":false,"footnotes":""},"tags":[],"drets":[1428,1463],"class_list":["post-37310","post","type-post","status-publish","format-standard","has-post-thumbnail","hentry","drets-ciutat-equitativa","drets-dret-serveis-proteccio-social"],"acf":[],"yoast_head":"<!-- This site is optimized with the Yoast SEO plugin v27.5 - https:\/\/yoast.com\/product\/yoast-seo-wordpress\/ -->\n<title>La Sindicatura inicia una actuaci\u00f3 d\u2019ofici per copsar l\u2019estat i el funcionament dels menjadors socials municipals de la ciutat - Sindicatura de Greuges de Barcelona<\/title>\n<meta name=\"description\" content=\"La iniciativa es dur\u00e0 a terme mitjan\u00e7ant visites presencials a tots els menjadors socials municipals, acompanyades d\u2019una persona usu\u00e0ria d\u2019aquest servei.\" \/>\n<meta name=\"robots\" content=\"index, follow, max-snippet:-1, max-image-preview:large, max-video-preview:-1\" \/>\n<link rel=\"canonical\" href=\"https:\/\/www.sindicaturabarcelona.cat\/ca\/la-sindicatura-inicia-una-actuacio-dofici-per-copsar-lestat-i-el-funcionament-dels-menjadors-socials-municipals-de-la-ciutat\/\" \/>\n<meta property=\"og:locale\" content=\"ca_ES\" \/>\n<meta property=\"og:type\" content=\"article\" \/>\n<meta property=\"og:title\" content=\"La Sindicatura inicia una actuaci\u00f3 d\u2019ofici per copsar l\u2019estat i el funcionament dels menjadors socials municipals de la ciutat - Sindicatura de Greuges de Barcelona\" \/>\n<meta property=\"og:description\" content=\"La iniciativa es dur\u00e0 a terme mitjan\u00e7ant visites presencials a tots els menjadors socials municipals, acompanyades d\u2019una persona usu\u00e0ria d\u2019aquest servei.\" \/>\n<meta property=\"og:url\" content=\"https:\/\/www.sindicaturabarcelona.cat\/ca\/la-sindicatura-inicia-una-actuacio-dofici-per-copsar-lestat-i-el-funcionament-dels-menjadors-socials-municipals-de-la-ciutat\/\" \/>\n<meta property=\"og:site_name\" content=\"Sindicatura de Greuges de Barcelona\" \/>\n<meta property=\"article:published_time\" content=\"2025-04-30T05:30:00+00:00\" \/>\n<meta property=\"og:image\" content=\"https:\/\/www.sindicaturabarcelona.cat\/wp-content\/uploads\/Menjador-social-768x512-1.jpg\" \/>\n\t<meta property=\"og:image:width\" content=\"768\" \/>\n\t<meta property=\"og:image:height\" content=\"512\" \/>\n\t<meta property=\"og:image:type\" content=\"image\/jpeg\" \/>\n<meta name=\"author\" content=\"Pablo\" \/>\n<meta name=\"twitter:card\" content=\"summary_large_image\" \/>\n<meta name=\"twitter:creator\" content=\"@sindicbarcelona\" \/>\n<meta name=\"twitter:site\" content=\"@sindicbarcelona\" \/>\n<meta name=\"twitter:label1\" content=\"Escrit per\" \/>\n\t<meta name=\"twitter:data1\" content=\"Pablo\" \/>\n\t<meta name=\"twitter:label2\" content=\"Temps estimat de lectura\" \/>\n\t<meta name=\"twitter:data2\" content=\"2 minuts\" \/>\n<script type=\"application\/ld+json\" class=\"yoast-schema-graph\">{\"@context\":\"https:\\\/\\\/schema.org\",\"@graph\":[{\"@type\":\"Article\",\"@id\":\"https:\\\/\\\/www.sindicaturabarcelona.cat\\\/ca\\\/la-sindicatura-inicia-una-actuacio-dofici-per-copsar-lestat-i-el-funcionament-dels-menjadors-socials-municipals-de-la-ciutat\\\/#article\",\"isPartOf\":{\"@id\":\"https:\\\/\\\/www.sindicaturabarcelona.cat\\\/ca\\\/la-sindicatura-inicia-una-actuacio-dofici-per-copsar-lestat-i-el-funcionament-dels-menjadors-socials-municipals-de-la-ciutat\\\/\"},\"author\":{\"name\":\"Pablo\",\"@id\":\"https:\\\/\\\/www.sindicaturabarcelona.cat\\\/ca\\\/#\\\/schema\\\/person\\\/0e5acffc350ffdbc97578159322c9452\"},\"headline\":\"La Sindicatura inicia una actuaci\u00f3 d\u2019ofici per copsar l\u2019estat i el funcionament dels menjadors socials municipals de la ciutat\",\"datePublished\":\"2025-04-30T05:30:00+00:00\",\"mainEntityOfPage\":{\"@id\":\"https:\\\/\\\/www.sindicaturabarcelona.cat\\\/ca\\\/la-sindicatura-inicia-una-actuacio-dofici-per-copsar-lestat-i-el-funcionament-dels-menjadors-socials-municipals-de-la-ciutat\\\/\"},\"wordCount\":330,\"publisher\":{\"@id\":\"https:\\\/\\\/www.sindicaturabarcelona.cat\\\/ca\\\/#organization\"},\"image\":{\"@id\":\"https:\\\/\\\/www.sindicaturabarcelona.cat\\\/ca\\\/la-sindicatura-inicia-una-actuacio-dofici-per-copsar-lestat-i-el-funcionament-dels-menjadors-socials-municipals-de-la-ciutat\\\/#primaryimage\"},\"thumbnailUrl\":\"https:\\\/\\\/www.sindicaturabarcelona.cat\\\/wp-content\\\/uploads\\\/Menjador-social-768x512-1.jpg\",\"inLanguage\":\"ca\"},{\"@type\":\"WebPage\",\"@id\":\"https:\\\/\\\/www.sindicaturabarcelona.cat\\\/ca\\\/la-sindicatura-inicia-una-actuacio-dofici-per-copsar-lestat-i-el-funcionament-dels-menjadors-socials-municipals-de-la-ciutat\\\/\",\"url\":\"https:\\\/\\\/www.sindicaturabarcelona.cat\\\/ca\\\/la-sindicatura-inicia-una-actuacio-dofici-per-copsar-lestat-i-el-funcionament-dels-menjadors-socials-municipals-de-la-ciutat\\\/\",\"name\":\"La Sindicatura inicia una actuaci\u00f3 d\u2019ofici per copsar l\u2019estat i el funcionament dels menjadors socials municipals de la ciutat - Sindicatura de Greuges de Barcelona\",\"isPartOf\":{\"@id\":\"https:\\\/\\\/www.sindicaturabarcelona.cat\\\/ca\\\/#website\"},\"primaryImageOfPage\":{\"@id\":\"https:\\\/\\\/www.sindicaturabarcelona.cat\\\/ca\\\/la-sindicatura-inicia-una-actuacio-dofici-per-copsar-lestat-i-el-funcionament-dels-menjadors-socials-municipals-de-la-ciutat\\\/#primaryimage\"},\"image\":{\"@id\":\"https:\\\/\\\/www.sindicaturabarcelona.cat\\\/ca\\\/la-sindicatura-inicia-una-actuacio-dofici-per-copsar-lestat-i-el-funcionament-dels-menjadors-socials-municipals-de-la-ciutat\\\/#primaryimage\"},\"thumbnailUrl\":\"https:\\\/\\\/www.sindicaturabarcelona.cat\\\/wp-content\\\/uploads\\\/Menjador-social-768x512-1.jpg\",\"datePublished\":\"2025-04-30T05:30:00+00:00\",\"description\":\"La iniciativa es dur\u00e0 a terme mitjan\u00e7ant visites presencials a tots els menjadors socials municipals, acompanyades d\u2019una persona usu\u00e0ria d\u2019aquest servei.\",\"breadcrumb\":{\"@id\":\"https:\\\/\\\/www.sindicaturabarcelona.cat\\\/ca\\\/la-sindicatura-inicia-una-actuacio-dofici-per-copsar-lestat-i-el-funcionament-dels-menjadors-socials-municipals-de-la-ciutat\\\/#breadcrumb\"},\"inLanguage\":\"ca\",\"potentialAction\":[{\"@type\":\"ReadAction\",\"target\":[\"https:\\\/\\\/www.sindicaturabarcelona.cat\\\/ca\\\/la-sindicatura-inicia-una-actuacio-dofici-per-copsar-lestat-i-el-funcionament-dels-menjadors-socials-municipals-de-la-ciutat\\\/\"]}]},{\"@type\":\"ImageObject\",\"inLanguage\":\"ca\",\"@id\":\"https:\\\/\\\/www.sindicaturabarcelona.cat\\\/ca\\\/la-sindicatura-inicia-una-actuacio-dofici-per-copsar-lestat-i-el-funcionament-dels-menjadors-socials-municipals-de-la-ciutat\\\/#primaryimage\",\"url\":\"https:\\\/\\\/www.sindicaturabarcelona.cat\\\/wp-content\\\/uploads\\\/Menjador-social-768x512-1.jpg\",\"contentUrl\":\"https:\\\/\\\/www.sindicaturabarcelona.cat\\\/wp-content\\\/uploads\\\/Menjador-social-768x512-1.jpg\",\"width\":768,\"height\":512,\"caption\":\"Menjadors socials municipals\"},{\"@type\":\"BreadcrumbList\",\"@id\":\"https:\\\/\\\/www.sindicaturabarcelona.cat\\\/ca\\\/la-sindicatura-inicia-una-actuacio-dofici-per-copsar-lestat-i-el-funcionament-dels-menjadors-socials-municipals-de-la-ciutat\\\/#breadcrumb\",\"itemListElement\":[{\"@type\":\"ListItem\",\"position\":1,\"name\":\"Inici\",\"item\":\"https:\\\/\\\/www.sindicaturabarcelona.cat\\\/ca\\\/\"},{\"@type\":\"ListItem\",\"position\":2,\"name\":\"La Sindicatura inicia una actuaci\u00f3 d\u2019ofici per copsar l\u2019estat i el funcionament dels menjadors socials municipals de la ciutat\"}]},{\"@type\":\"WebSite\",\"@id\":\"https:\\\/\\\/www.sindicaturabarcelona.cat\\\/ca\\\/#website\",\"url\":\"https:\\\/\\\/www.sindicaturabarcelona.cat\\\/ca\\\/\",\"name\":\"Sindicatura de Greuges de Barcelona\",\"description\":\"La defensoria dels teus drets\",\"publisher\":{\"@id\":\"https:\\\/\\\/www.sindicaturabarcelona.cat\\\/ca\\\/#organization\"},\"potentialAction\":[{\"@type\":\"SearchAction\",\"target\":{\"@type\":\"EntryPoint\",\"urlTemplate\":\"https:\\\/\\\/www.sindicaturabarcelona.cat\\\/ca\\\/?s={search_term_string}\"},\"query-input\":{\"@type\":\"PropertyValueSpecification\",\"valueRequired\":true,\"valueName\":\"search_term_string\"}}],\"inLanguage\":\"ca\"},{\"@type\":\"Organization\",\"@id\":\"https:\\\/\\\/www.sindicaturabarcelona.cat\\\/ca\\\/#organization\",\"name\":\"Sindicatura de Greuges de Barcelona\",\"url\":\"https:\\\/\\\/www.sindicaturabarcelona.cat\\\/ca\\\/\",\"logo\":{\"@type\":\"ImageObject\",\"inLanguage\":\"ca\",\"@id\":\"https:\\\/\\\/www.sindicaturabarcelona.cat\\\/ca\\\/#\\\/schema\\\/logo\\\/image\\\/\",\"url\":\"https:\\\/\\\/www.sindicaturabarcelona.cat\\\/wp-content\\\/uploads\\\/2023\\\/02\\\/logo_sindicatura.svg\",\"contentUrl\":\"https:\\\/\\\/www.sindicaturabarcelona.cat\\\/wp-content\\\/uploads\\\/2023\\\/02\\\/logo_sindicatura.svg\",\"caption\":\"Sindicatura de Greuges de Barcelona\"},\"image\":{\"@id\":\"https:\\\/\\\/www.sindicaturabarcelona.cat\\\/ca\\\/#\\\/schema\\\/logo\\\/image\\\/\"},\"sameAs\":[\"https:\\\/\\\/x.com\\\/sindicbarcelona\",\"https:\\\/\\\/www.instagram.com\\\/sindicbarcelona\\\/\",\"https:\\\/\\\/www.tiktok.com\\\/@sindicaturabcn\",\"https:\\\/\\\/t.me\\\/sindicaturabarcelona\"]},{\"@type\":\"Person\",\"@id\":\"https:\\\/\\\/www.sindicaturabarcelona.cat\\\/ca\\\/#\\\/schema\\\/person\\\/0e5acffc350ffdbc97578159322c9452\",\"name\":\"Pablo\",\"image\":{\"@type\":\"ImageObject\",\"inLanguage\":\"ca\",\"@id\":\"https:\\\/\\\/secure.gravatar.com\\\/avatar\\\/c948169b402ef9492afde705c3dfd5e90e1a6a84ef6840a91124f805a25a480f?s=96&d=mm&r=g\",\"url\":\"https:\\\/\\\/secure.gravatar.com\\\/avatar\\\/c948169b402ef9492afde705c3dfd5e90e1a6a84ef6840a91124f805a25a480f?s=96&d=mm&r=g\",\"contentUrl\":\"https:\\\/\\\/secure.gravatar.com\\\/avatar\\\/c948169b402ef9492afde705c3dfd5e90e1a6a84ef6840a91124f805a25a480f?s=96&d=mm&r=g\",\"caption\":\"Pablo\"},\"url\":\"https:\\\/\\\/www.sindicaturabarcelona.cat\\\/ca\\\/author\\\/pablo\\\/\"}]}<\/script>\n<!-- \/ Yoast SEO plugin. -->","yoast_head_json":{"title":"La Sindicatura inicia una actuaci\u00f3 d\u2019ofici per copsar l\u2019estat i el funcionament dels menjadors socials municipals de la ciutat - Sindicatura de Greuges de Barcelona","description":"La iniciativa es dur\u00e0 a terme mitjan\u00e7ant visites presencials a tots els menjadors socials municipals, acompanyades d\u2019una persona usu\u00e0ria d\u2019aquest servei.","robots":{"index":"index","follow":"follow","max-snippet":"max-snippet:-1","max-image-preview":"max-image-preview:large","max-video-preview":"max-video-preview:-1"},"canonical":"https:\/\/www.sindicaturabarcelona.cat\/ca\/la-sindicatura-inicia-una-actuacio-dofici-per-copsar-lestat-i-el-funcionament-dels-menjadors-socials-municipals-de-la-ciutat\/","og_locale":"ca_ES","og_type":"article","og_title":"La Sindicatura inicia una actuaci\u00f3 d\u2019ofici per copsar l\u2019estat i el funcionament dels menjadors socials municipals de la ciutat - Sindicatura de Greuges de Barcelona","og_description":"La iniciativa es dur\u00e0 a terme mitjan\u00e7ant visites presencials a tots els menjadors socials municipals, acompanyades d\u2019una persona usu\u00e0ria d\u2019aquest servei.","og_url":"https:\/\/www.sindicaturabarcelona.cat\/ca\/la-sindicatura-inicia-una-actuacio-dofici-per-copsar-lestat-i-el-funcionament-dels-menjadors-socials-municipals-de-la-ciutat\/","og_site_name":"Sindicatura de Greuges de Barcelona","article_published_time":"2025-04-30T05:30:00+00:00","og_image":[{"width":768,"height":512,"url":"https:\/\/www.sindicaturabarcelona.cat\/wp-content\/uploads\/Menjador-social-768x512-1.jpg","type":"image\/jpeg"}],"author":"Pablo","twitter_card":"summary_large_image","twitter_creator":"@sindicbarcelona","twitter_site":"@sindicbarcelona","twitter_misc":{"Escrit per":"Pablo","Temps estimat de lectura":"2 minuts"},"schema":{"@context":"https:\/\/schema.org","@graph":[{"@type":"Article","@id":"https:\/\/www.sindicaturabarcelona.cat\/ca\/la-sindicatura-inicia-una-actuacio-dofici-per-copsar-lestat-i-el-funcionament-dels-menjadors-socials-municipals-de-la-ciutat\/#article","isPartOf":{"@id":"https:\/\/www.sindicaturabarcelona.cat\/ca\/la-sindicatura-inicia-una-actuacio-dofici-per-copsar-lestat-i-el-funcionament-dels-menjadors-socials-municipals-de-la-ciutat\/"},"author":{"name":"Pablo","@id":"https:\/\/www.sindicaturabarcelona.cat\/ca\/#\/schema\/person\/0e5acffc350ffdbc97578159322c9452"},"headline":"La Sindicatura inicia una actuaci\u00f3 d\u2019ofici per copsar l\u2019estat i el funcionament dels menjadors socials municipals de la ciutat","datePublished":"2025-04-30T05:30:00+00:00","mainEntityOfPage":{"@id":"https:\/\/www.sindicaturabarcelona.cat\/ca\/la-sindicatura-inicia-una-actuacio-dofici-per-copsar-lestat-i-el-funcionament-dels-menjadors-socials-municipals-de-la-ciutat\/"},"wordCount":330,"publisher":{"@id":"https:\/\/www.sindicaturabarcelona.cat\/ca\/#organization"},"image":{"@id":"https:\/\/www.sindicaturabarcelona.cat\/ca\/la-sindicatura-inicia-una-actuacio-dofici-per-copsar-lestat-i-el-funcionament-dels-menjadors-socials-municipals-de-la-ciutat\/#primaryimage"},"thumbnailUrl":"https:\/\/www.sindicaturabarcelona.cat\/wp-content\/uploads\/Menjador-social-768x512-1.jpg","inLanguage":"ca"},{"@type":"WebPage","@id":"https:\/\/www.sindicaturabarcelona.cat\/ca\/la-sindicatura-inicia-una-actuacio-dofici-per-copsar-lestat-i-el-funcionament-dels-menjadors-socials-municipals-de-la-ciutat\/","url":"https:\/\/www.sindicaturabarcelona.cat\/ca\/la-sindicatura-inicia-una-actuacio-dofici-per-copsar-lestat-i-el-funcionament-dels-menjadors-socials-municipals-de-la-ciutat\/","name":"La Sindicatura inicia una actuaci\u00f3 d\u2019ofici per copsar l\u2019estat i el funcionament dels menjadors socials municipals de la ciutat - Sindicatura de Greuges de Barcelona","isPartOf":{"@id":"https:\/\/www.sindicaturabarcelona.cat\/ca\/#website"},"primaryImageOfPage":{"@id":"https:\/\/www.sindicaturabarcelona.cat\/ca\/la-sindicatura-inicia-una-actuacio-dofici-per-copsar-lestat-i-el-funcionament-dels-menjadors-socials-municipals-de-la-ciutat\/#primaryimage"},"image":{"@id":"https:\/\/www.sindicaturabarcelona.cat\/ca\/la-sindicatura-inicia-una-actuacio-dofici-per-copsar-lestat-i-el-funcionament-dels-menjadors-socials-municipals-de-la-ciutat\/#primaryimage"},"thumbnailUrl":"https:\/\/www.sindicaturabarcelona.cat\/wp-content\/uploads\/Menjador-social-768x512-1.jpg","datePublished":"2025-04-30T05:30:00+00:00","description":"La iniciativa es dur\u00e0 a terme mitjan\u00e7ant visites presencials a tots els menjadors socials municipals, acompanyades d\u2019una persona usu\u00e0ria d\u2019aquest servei.","breadcrumb":{"@id":"https:\/\/www.sindicaturabarcelona.cat\/ca\/la-sindicatura-inicia-una-actuacio-dofici-per-copsar-lestat-i-el-funcionament-dels-menjadors-socials-municipals-de-la-ciutat\/#breadcrumb"},"inLanguage":"ca","potentialAction":[{"@type":"ReadAction","target":["https:\/\/www.sindicaturabarcelona.cat\/ca\/la-sindicatura-inicia-una-actuacio-dofici-per-copsar-lestat-i-el-funcionament-dels-menjadors-socials-municipals-de-la-ciutat\/"]}]},{"@type":"ImageObject","inLanguage":"ca","@id":"https:\/\/www.sindicaturabarcelona.cat\/ca\/la-sindicatura-inicia-una-actuacio-dofici-per-copsar-lestat-i-el-funcionament-dels-menjadors-socials-municipals-de-la-ciutat\/#primaryimage","url":"https:\/\/www.sindicaturabarcelona.cat\/wp-content\/uploads\/Menjador-social-768x512-1.jpg","contentUrl":"https:\/\/www.sindicaturabarcelona.cat\/wp-content\/uploads\/Menjador-social-768x512-1.jpg","width":768,"height":512,"caption":"Menjadors socials municipals"},{"@type":"BreadcrumbList","@id":"https:\/\/www.sindicaturabarcelona.cat\/ca\/la-sindicatura-inicia-una-actuacio-dofici-per-copsar-lestat-i-el-funcionament-dels-menjadors-socials-municipals-de-la-ciutat\/#breadcrumb","itemListElement":[{"@type":"ListItem","position":1,"name":"Inici","item":"https:\/\/www.sindicaturabarcelona.cat\/ca\/"},{"@type":"ListItem","position":2,"name":"La Sindicatura inicia una actuaci\u00f3 d\u2019ofici per copsar l\u2019estat i el funcionament dels menjadors socials municipals de la ciutat"}]},{"@type":"WebSite","@id":"https:\/\/www.sindicaturabarcelona.cat\/ca\/#website","url":"https:\/\/www.sindicaturabarcelona.cat\/ca\/","name":"Sindicatura de Greuges de Barcelona","description":"La defensoria dels teus drets","publisher":{"@id":"https:\/\/www.sindicaturabarcelona.cat\/ca\/#organization"},"potentialAction":[{"@type":"SearchAction","target":{"@type":"EntryPoint","urlTemplate":"https:\/\/www.sindicaturabarcelona.cat\/ca\/?s={search_term_string}"},"query-input":{"@type":"PropertyValueSpecification","valueRequired":true,"valueName":"search_term_string"}}],"inLanguage":"ca"},{"@type":"Organization","@id":"https:\/\/www.sindicaturabarcelona.cat\/ca\/#organization","name":"Sindicatura de Greuges de Barcelona","url":"https:\/\/www.sindicaturabarcelona.cat\/ca\/","logo":{"@type":"ImageObject","inLanguage":"ca","@id":"https:\/\/www.sindicaturabarcelona.cat\/ca\/#\/schema\/logo\/image\/","url":"https:\/\/www.sindicaturabarcelona.cat\/wp-content\/uploads\/2023\/02\/logo_sindicatura.svg","contentUrl":"https:\/\/www.sindicaturabarcelona.cat\/wp-content\/uploads\/2023\/02\/logo_sindicatura.svg","caption":"Sindicatura de Greuges de Barcelona"},"image":{"@id":"https:\/\/www.sindicaturabarcelona.cat\/ca\/#\/schema\/logo\/image\/"},"sameAs":["https:\/\/x.com\/sindicbarcelona","https:\/\/www.instagram.com\/sindicbarcelona\/","https:\/\/www.tiktok.com\/@sindicaturabcn","https:\/\/t.me\/sindicaturabarcelona"]},{"@type":"Person","@id":"https:\/\/www.sindicaturabarcelona.cat\/ca\/#\/schema\/person\/0e5acffc350ffdbc97578159322c9452","name":"Pablo","image":{"@type":"ImageObject","inLanguage":"ca","@id":"https:\/\/secure.gravatar.com\/avatar\/c948169b402ef9492afde705c3dfd5e90e1a6a84ef6840a91124f805a25a480f?s=96&d=mm&r=g","url":"https:\/\/secure.gravatar.com\/avatar\/c948169b402ef9492afde705c3dfd5e90e1a6a84ef6840a91124f805a25a480f?s=96&d=mm&r=g","contentUrl":"https:\/\/secure.gravatar.com\/avatar\/c948169b402ef9492afde705c3dfd5e90e1a6a84ef6840a91124f805a25a480f?s=96&d=mm&r=g","caption":"Pablo"},"url":"https:\/\/www.sindicaturabarcelona.cat\/ca\/author\/pablo\/"}]}},"_links":{"self":[{"href":"https:\/\/www.sindicaturabarcelona.cat\/ca\/wp-json\/wp\/v2\/posts\/37310","targetHints":{"allow":["GET"]}}],"collection":[{"href":"https:\/\/www.sindicaturabarcelona.cat\/ca\/wp-json\/wp\/v2\/posts"}],"about":[{"href":"https:\/\/www.sindicaturabarcelona.cat\/ca\/wp-json\/wp\/v2\/types\/post"}],"author":[{"embeddable":true,"href":"https:\/\/www.sindicaturabarcelona.cat\/ca\/wp-json\/wp\/v2\/users\/2"}],"replies":[{"embeddable":true,"href":"https:\/\/www.sindicaturabarcelona.cat\/ca\/wp-json\/wp\/v2\/comments?post=37310"}],"version-history":[{"count":2,"href":"https:\/\/www.sindicaturabarcelona.cat\/ca\/wp-json\/wp\/v2\/posts\/37310\/revisions"}],"predecessor-version":[{"id":37319,"href":"https:\/\/www.sindicaturabarcelona.cat\/ca\/wp-json\/wp\/v2\/posts\/37310\/revisions\/37319"}],"wp:featuredmedia":[{"embeddable":true,"href":"https:\/\/www.sindicaturabarcelona.cat\/ca\/wp-json\/wp\/v2\/media\/37312"}],"wp:attachment":[{"href":"https:\/\/www.sindicaturabarcelona.cat\/ca\/wp-json\/wp\/v2\/media?parent=37310"}],"wp:term":[{"taxonomy":"post_tag","embeddable":true,"href":"https:\/\/www.sindicaturabarcelona.cat\/ca\/wp-json\/wp\/v2\/tags?post=37310"},{"taxonomy":"drets","embeddable":true,"href":"https:\/\/www.sindicaturabarcelona.cat\/ca\/wp-json\/wp\/v2\/drets?post=37310"}],"curies":[{"name":"wp","href":"https:\/\/api.w.org\/{rel}","templated":true}]}}