{"id":37200,"date":"2025-04-25T11:29:31","date_gmt":"2025-04-25T09:29:31","guid":{"rendered":"https:\/\/www.sindicaturabarcelona.cat\/?p=37200"},"modified":"2025-04-30T13:13:24","modified_gmt":"2025-04-30T11:13:24","slug":"el-sindic-de-greuges-presenta-a-barcelona-lalianza-global-del-ombudsperson-local-agol-de-la-qual-es-president","status":"publish","type":"post","link":"https:\/\/www.sindicaturabarcelona.cat\/ca\/el-sindic-de-greuges-presenta-a-barcelona-lalianza-global-del-ombudsperson-local-agol-de-la-qual-es-president\/","title":{"rendered":"El s\u00edndic de greuges presenta a Barcelona l&#8217;Alianza Global del \u00d3mbudsperson Local (AGOL), de la qual \u00e9s president"},"content":{"rendered":"\n<p>L&#8217;acte va tenir lloc <strong>a la seu de l&#8217;<a href=\"https:\/\/www.icab.es\/ca\/index.html\" target=\"_blank\" rel=\"noreferrer noopener\">Il\u00b7lustre Col\u00b7legi de l&#8217;Advocacia de Barcelona (ICAB)<\/a><\/strong>, i el va organitzar l&#8217;Observatori de Drets de les Persones de l&#8217;ICAB. Els ponents van ser: <\/p>\n\n\n\n<ul class=\"wp-block-list\">\n<li><strong>David Bondia<\/strong>, s\u00edndic de greuges de Barcelona i president d&#8217;<a href=\"https:\/\/agol.es\/\" target=\"_blank\" rel=\"noreferrer noopener\">AGOL<\/a>;<\/li>\n\n\n\n<li><strong>Jes\u00fas M. S\u00e1nchez<\/strong>, deg\u00e0 de l&#8217;ICAB;<\/li>\n\n\n\n<li><strong>Eva Abellan<\/strong>, fundadora d&#8217;AGOL i <a href=\"https:\/\/web.sabadell.cat\/sindicatura\/inici\" target=\"_blank\" rel=\"noreferrer noopener\">exs\u00edndica de greuges de Sabadell<\/a>;<\/li>\n\n\n\n<li><strong>Pepa Gonz\u00e1lez<\/strong>, <a href=\"https:\/\/www.gramenet.cat\/sites\/defensora-de-la-ciutadania\/\" target=\"_blank\" rel=\"noreferrer noopener\">defensora de la ciutadania de Santa Coloma de Gramenet<\/a> i vicepresidenta&nbsp;del&nbsp;<a href=\"https:\/\/sindicatureslocals.cat\/\" target=\"_blank\" rel=\"noreferrer noopener\">F\u00f2rum de S\u00edndics, S\u00edndiques, Defensors i Defensores Locals de Catalunya<\/a>;<\/li>\n\n\n\n<li><strong>Erika Torregrossa<\/strong>, copresidenta de l\u2019Observatori dels Drets de les Persones de l\u2019ICAB.<\/li>\n<\/ul>\n\n\n\n<p>Aquest \u00e9s <strong>el primer acte p\u00fablic de l&#8217;entitat des que <a href=\"https:\/\/www.sindicaturabarcelona.cat\/ca\/el-sindic-de-greuges-de-barcelona-nou-president-de-lalianza-global-del-ombudsperson-local-agol\/\" target=\"_blank\" rel=\"noreferrer noopener\">els membres d&#8217;AGOL van votar per unanimitat la <\/a><a href=\"https:\/\/www.sindicaturabarcelona.cat\/ca\/el-sindic-de-greuges-de-barcelona-nou-president-de-lalianza-global-del-ombudsperson-local-agol\/\">candidatura encap\u00e7alada per Bondia<\/a><\/strong>, en un congr\u00e9s que va tenir lloc a mitjan mar\u00e7 a Fran\u00e7a.<\/p>\n\n\n\n<p>En la seva <strong>intervenci\u00f3<\/strong>, Bondia va destacar que, per tal d&#8217;enfortir la instituci\u00f3, &#8220;<strong>hem de fer valer que som la defensoria de l\u2019administraci\u00f3 m\u00e9s propera<\/strong> <strong>a la ciutadania<\/strong>. Algunes vegades ens hi hem de confrontar, i d&#8217;altres hi hem de col\u00b7laborar, i sobretot cercar noves maneres de resoldre els conflictes. <strong>Abordem problemes globals des de l&#8217;\u00e0mbit local<\/strong>&#8220;. &nbsp;<\/p>\n\n\n\n<p>Una altra de les ponents vinculades a AGOL, <strong>Eva Abellan<\/strong>, va remarcar que disposar d&#8217;una &#8220;xarxa internacional de defensories de drets humans de proximitat, com \u00e9s aquesta instituci\u00f3, ens permet <strong>impulsar<\/strong> <strong>projectes de manera coordinada entre ciutats d&#8217;arreu del m\u00f3n<\/strong>&#8220;. En la mateixa l\u00ednia, <strong>Pepa Gonz\u00e1lez<\/strong> assegurava que &#8220;<strong>un dels objectius de les defensories locals \u00e9s restablir confiances<\/strong>, refer ponts. Aix\u00f2 va quedar molt ben expressat en la <a href=\"https:\/\/www.sindicaturabarcelona.cat\/ca\/a-la-sindicatura-vaig-trobar-algu-que-ens-escolta-presentem-linforme-anual-2024-davant-la-ciutadania-les-associacions-i-les-entitats\/\" target=\"_blank\" rel=\"noreferrer noopener\">presentaci\u00f3 a la ciutadania de l\u2019informe anual de la Sindicatura de Greuges de Barcelona<\/a>\u201d.\u00a0<\/p>\n\n\n\n<h2 class=\"wp-block-heading\">Una instituci\u00f3 amb m\u00e9s de cent persones defensores de drets humans<\/h2>\n\n\n\n<p>L&#8217;<a href=\"https:\/\/agol.es\/\" target=\"_blank\" rel=\"noreferrer noopener\">Alianza Global del \u00d3mbudsperson Local<\/a> \u00e9s una instituci\u00f3 que reuneix m\u00e9s d&#8217;un centenar d&#8217;\u00f2mbudspersons (figura assimilable al s\u00edndic de greuges), mediadors i mediadores i presidents i presidentes de comissions de Drets Humans de m\u00e9s de 10 pa\u00efsos d\u2019arreu del m\u00f3n. El seu <strong>objectiu \u00e9s promoure la discussi\u00f3, la cooperaci\u00f3 i l\u2019intercanvi d\u2019experi\u00e8ncies entre \u00f2mbudsperson locals<\/strong>.<\/p>\n\n\n\n<p>Al novembre, <a href=\"https:\/\/www.sindicaturabarcelona.cat\/ca\/aliances-per-defensar-drets-humans-de-proximitat-acte-conjunt-de-la-sindicatura-i-lalianza-global-del-ombudsperson-local\/\" target=\"_blank\" rel=\"noreferrer noopener\"><strong>la Sindicatura i AGOL van organitzar a Barcelona l\u2019acte <em>Aliances per defensar drets humans de proximitat<\/em><\/strong><\/a>, i en el qual<strong> van participaran Bondia <\/strong>i l&#8217;aleshores president de l&#8217;Alianza Global, <strong>Ismael Rins<\/strong>.<\/p>\n\n\n\n<h2 class=\"wp-block-heading\">La Sindicatura, un referent internacional<\/h2>\n\n\n\n<p>Durant l&#8217;actual mandat, ja s&#8217;han visitat l&#8217;<a href=\"https:\/\/www.sindicaturabarcelona.cat\/ca\/el-sindic-de-greuges-de-barcelona-david-bondia-ha-viatjat-a-luruguai-per-exposar-el-model-de-la-sindicatura-de-greuges-de-barcelona\/\" target=\"_blank\" rel=\"noreferrer noopener\">Uruguai<\/a>, <a href=\"https:\/\/www.sindicaturabarcelona.cat\/ca\/el-sindic-participa-en-el-congres-internacional-de-la-personeria-de-bogota-sobre-drets-humans-emergents\/\" target=\"_blank\" rel=\"noreferrer noopener\">Col\u00f2mbia<\/a>, M\u00e8xic, El Salvador, l&#8217;Argentina, B\u00e8lgica i <a href=\"https:\/\/www.sindicaturabarcelona.cat\/ca\/la-sindicatura-de-greuges-de-barcelona-participa-en-linternational-conference-of-ombudsman\/\" target=\"_blank\" rel=\"noreferrer noopener\">It\u00e0lia<\/a>, on el projecte de la Sindicatura de la capital catalana ha generat molt d&#8217;inter\u00e8s. Tamb\u00e9 han visitat la ciutat diverses defensories d\u2019arreu del m\u00f3n durant el 2024. A m\u00e9s, <strong>la Sindicatura tamb\u00e9 participa en una altra instituci\u00f3 global, l\u2019<a href=\"https:\/\/www.theioi.org\/es\/noticias\/noticias-de-actualidad\" target=\"_blank\" rel=\"noreferrer noopener\">International Ombudsman Institute<\/a><\/strong>.<\/p>\n\n\n\n<p>Imatge: ICAB <\/p>\n","protected":false},"excerpt":{"rendered":"<p>L&#8217;acte va tenir lloc a la seu de l&#8217;Il\u00b7lustre Col\u00b7legi de l&#8217;Advocacia de Barcelona (ICAB), i el va organitzar l&#8217;Observatori de Drets de les Persones de l&#8217;ICAB. Els ponents van [&hellip;]<\/p>\n","protected":false},"author":2,"featured_media":37250,"comment_status":"closed","ping_status":"closed","sticky":false,"template":"","format":"standard","meta":{"_acf_changed":false,"footnotes":""},"tags":[],"drets":[1428,1463,1430,1431,1432,1433,1434,1435,1436,1437,1442,1462,1461,1460,1459,1458,1457,1503,1440,1455,1456,1454,1453,1452,1451,1647,1652,1667,1438,1450,1449,1448,1447,1446,1445,1444,1502],"class_list":["post-37200","post","type-post","status-publish","format-standard","has-post-thumbnail","hentry","drets-ciutat-equitativa","drets-dret-serveis-proteccio-social","drets-dret-a-educacio-i-lleure","drets-dret-a-la-salut","drets-drets-culturals","drets-dret-a-lesport","drets-dret-al-treball","drets-dret-a-lhabitatge","drets-drets-dacolldia","drets-dret-a-una-vida-lliure-de-violencies","drets-ciutat-diversa","drets-drets-de-la-infancia-i-ladolescencia","drets-drets-de-la-joventut","drets-drets-de-la-gent-gran","drets-drets-de-participacio","drets-dret-a-la-igualtat-i-a-la-diversitat","drets-drets-linguistics","drets-dret-a-les-cures","drets-ciutat-garantista","drets-drets-digitals","drets-dret-a-una-bona-administracio","drets-drets-de-les-persones-consumidores","drets-drets-funeraris","drets-dret-a-la-seguretat-ciutadana","drets-dret-a-lempadronament","drets-dret-a-la-informacio","drets-dret-a-la-memoria-democratica","drets-dret-a-la-integritat","drets-ciutat-habitable-i-sostenible","drets-dret-a-un-urbanisme-harmonios","drets-dret-a-una-convivencia-pacifica","drets-dret-al-medi-ambient","drets-dret-a-la-mobilitat","drets-dret-a-lespai-public","drets-dret-a-laccessibilitat-i-la-inclusivitat","drets-dret-al-descans","drets-dret-al-benestar-animal"],"acf":[],"yoast_head":"<!-- This site is optimized with the Yoast SEO plugin v27.5 - https:\/\/yoast.com\/product\/yoast-seo-wordpress\/ -->\n<title>El s\u00edndic de greuges presenta a Barcelona l&#039;Alianza Global del \u00d3mbudsperson Local (AGOL), de la qual \u00e9s president - Sindicatura de Greuges de Barcelona<\/title>\n<meta name=\"description\" content=\"L&#039;acte va tenir lloc a la seu de l&#039;Il\u00b7lustre Col\u00b7legi de l&#039;Advocacia de Barcelona, i el va organitzar l\u2019Observatori dels Drets de les Persones de l&#039;ICAB.\" \/>\n<meta name=\"robots\" content=\"index, follow, max-snippet:-1, max-image-preview:large, max-video-preview:-1\" \/>\n<link rel=\"canonical\" href=\"https:\/\/www.sindicaturabarcelona.cat\/ca\/el-sindic-de-greuges-presenta-a-barcelona-lalianza-global-del-ombudsperson-local-agol-de-la-qual-es-president\/\" \/>\n<meta property=\"og:locale\" content=\"ca_ES\" \/>\n<meta property=\"og:type\" content=\"article\" \/>\n<meta property=\"og:title\" content=\"El s\u00edndic de greuges presenta a Barcelona l&#039;Alianza Global del \u00d3mbudsperson Local (AGOL), de la qual \u00e9s president - Sindicatura de Greuges de Barcelona\" \/>\n<meta property=\"og:description\" content=\"L&#039;acte va tenir lloc a la seu de l&#039;Il\u00b7lustre Col\u00b7legi de l&#039;Advocacia de Barcelona, i el va organitzar l\u2019Observatori dels Drets de les Persones de l&#039;ICAB.\" \/>\n<meta property=\"og:url\" content=\"https:\/\/www.sindicaturabarcelona.cat\/ca\/el-sindic-de-greuges-presenta-a-barcelona-lalianza-global-del-ombudsperson-local-agol-de-la-qual-es-president\/\" \/>\n<meta property=\"og:site_name\" content=\"Sindicatura de Greuges de Barcelona\" \/>\n<meta property=\"article:published_time\" content=\"2025-04-25T09:29:31+00:00\" \/>\n<meta property=\"article:modified_time\" content=\"2025-04-30T11:13:24+00:00\" \/>\n<meta property=\"og:image\" content=\"https:\/\/www.sindicaturabarcelona.cat\/wp-content\/uploads\/FotoICAB1.jpg\" \/>\n\t<meta property=\"og:image:width\" content=\"1600\" \/>\n\t<meta property=\"og:image:height\" content=\"1066\" \/>\n\t<meta property=\"og:image:type\" content=\"image\/jpeg\" \/>\n<meta name=\"author\" content=\"Pablo\" \/>\n<meta name=\"twitter:card\" content=\"summary_large_image\" \/>\n<meta name=\"twitter:creator\" content=\"@sindicbarcelona\" \/>\n<meta name=\"twitter:site\" content=\"@sindicbarcelona\" \/>\n<meta name=\"twitter:label1\" content=\"Escrit per\" \/>\n\t<meta name=\"twitter:data1\" content=\"Pablo\" \/>\n\t<meta name=\"twitter:label2\" content=\"Temps estimat de lectura\" \/>\n\t<meta name=\"twitter:data2\" content=\"3 minuts\" \/>\n<script type=\"application\/ld+json\" class=\"yoast-schema-graph\">{\"@context\":\"https:\\\/\\\/schema.org\",\"@graph\":[{\"@type\":\"Article\",\"@id\":\"https:\\\/\\\/www.sindicaturabarcelona.cat\\\/ca\\\/el-sindic-de-greuges-presenta-a-barcelona-lalianza-global-del-ombudsperson-local-agol-de-la-qual-es-president\\\/#article\",\"isPartOf\":{\"@id\":\"https:\\\/\\\/www.sindicaturabarcelona.cat\\\/ca\\\/el-sindic-de-greuges-presenta-a-barcelona-lalianza-global-del-ombudsperson-local-agol-de-la-qual-es-president\\\/\"},\"author\":{\"name\":\"Pablo\",\"@id\":\"https:\\\/\\\/www.sindicaturabarcelona.cat\\\/ca\\\/#\\\/schema\\\/person\\\/0e5acffc350ffdbc97578159322c9452\"},\"headline\":\"El s\u00edndic de greuges presenta a Barcelona l&#8217;Alianza Global del \u00d3mbudsperson Local (AGOL), de la qual \u00e9s president\",\"datePublished\":\"2025-04-25T09:29:31+00:00\",\"dateModified\":\"2025-04-30T11:13:24+00:00\",\"mainEntityOfPage\":{\"@id\":\"https:\\\/\\\/www.sindicaturabarcelona.cat\\\/ca\\\/el-sindic-de-greuges-presenta-a-barcelona-lalianza-global-del-ombudsperson-local-agol-de-la-qual-es-president\\\/\"},\"wordCount\":517,\"publisher\":{\"@id\":\"https:\\\/\\\/www.sindicaturabarcelona.cat\\\/ca\\\/#organization\"},\"image\":{\"@id\":\"https:\\\/\\\/www.sindicaturabarcelona.cat\\\/ca\\\/el-sindic-de-greuges-presenta-a-barcelona-lalianza-global-del-ombudsperson-local-agol-de-la-qual-es-president\\\/#primaryimage\"},\"thumbnailUrl\":\"https:\\\/\\\/www.sindicaturabarcelona.cat\\\/wp-content\\\/uploads\\\/FotoICAB1.jpg\",\"inLanguage\":\"ca\"},{\"@type\":\"WebPage\",\"@id\":\"https:\\\/\\\/www.sindicaturabarcelona.cat\\\/ca\\\/el-sindic-de-greuges-presenta-a-barcelona-lalianza-global-del-ombudsperson-local-agol-de-la-qual-es-president\\\/\",\"url\":\"https:\\\/\\\/www.sindicaturabarcelona.cat\\\/ca\\\/el-sindic-de-greuges-presenta-a-barcelona-lalianza-global-del-ombudsperson-local-agol-de-la-qual-es-president\\\/\",\"name\":\"El s\u00edndic de greuges presenta a Barcelona l'Alianza Global del \u00d3mbudsperson Local (AGOL), de la qual \u00e9s president - Sindicatura de Greuges de Barcelona\",\"isPartOf\":{\"@id\":\"https:\\\/\\\/www.sindicaturabarcelona.cat\\\/ca\\\/#website\"},\"primaryImageOfPage\":{\"@id\":\"https:\\\/\\\/www.sindicaturabarcelona.cat\\\/ca\\\/el-sindic-de-greuges-presenta-a-barcelona-lalianza-global-del-ombudsperson-local-agol-de-la-qual-es-president\\\/#primaryimage\"},\"image\":{\"@id\":\"https:\\\/\\\/www.sindicaturabarcelona.cat\\\/ca\\\/el-sindic-de-greuges-presenta-a-barcelona-lalianza-global-del-ombudsperson-local-agol-de-la-qual-es-president\\\/#primaryimage\"},\"thumbnailUrl\":\"https:\\\/\\\/www.sindicaturabarcelona.cat\\\/wp-content\\\/uploads\\\/FotoICAB1.jpg\",\"datePublished\":\"2025-04-25T09:29:31+00:00\",\"dateModified\":\"2025-04-30T11:13:24+00:00\",\"description\":\"L'acte va tenir lloc a la seu de l'Il\u00b7lustre Col\u00b7legi de l'Advocacia de Barcelona, i el va organitzar l\u2019Observatori dels Drets de les Persones de l'ICAB.\",\"breadcrumb\":{\"@id\":\"https:\\\/\\\/www.sindicaturabarcelona.cat\\\/ca\\\/el-sindic-de-greuges-presenta-a-barcelona-lalianza-global-del-ombudsperson-local-agol-de-la-qual-es-president\\\/#breadcrumb\"},\"inLanguage\":\"ca\",\"potentialAction\":[{\"@type\":\"ReadAction\",\"target\":[\"https:\\\/\\\/www.sindicaturabarcelona.cat\\\/ca\\\/el-sindic-de-greuges-presenta-a-barcelona-lalianza-global-del-ombudsperson-local-agol-de-la-qual-es-president\\\/\"]}]},{\"@type\":\"ImageObject\",\"inLanguage\":\"ca\",\"@id\":\"https:\\\/\\\/www.sindicaturabarcelona.cat\\\/ca\\\/el-sindic-de-greuges-presenta-a-barcelona-lalianza-global-del-ombudsperson-local-agol-de-la-qual-es-president\\\/#primaryimage\",\"url\":\"https:\\\/\\\/www.sindicaturabarcelona.cat\\\/wp-content\\\/uploads\\\/FotoICAB1.jpg\",\"contentUrl\":\"https:\\\/\\\/www.sindicaturabarcelona.cat\\\/wp-content\\\/uploads\\\/FotoICAB1.jpg\",\"width\":1600,\"height\":1066},{\"@type\":\"BreadcrumbList\",\"@id\":\"https:\\\/\\\/www.sindicaturabarcelona.cat\\\/ca\\\/el-sindic-de-greuges-presenta-a-barcelona-lalianza-global-del-ombudsperson-local-agol-de-la-qual-es-president\\\/#breadcrumb\",\"itemListElement\":[{\"@type\":\"ListItem\",\"position\":1,\"name\":\"Inici\",\"item\":\"https:\\\/\\\/www.sindicaturabarcelona.cat\\\/ca\\\/\"},{\"@type\":\"ListItem\",\"position\":2,\"name\":\"El s\u00edndic de greuges presenta a Barcelona l&#8217;Alianza Global del \u00d3mbudsperson Local (AGOL), de la qual \u00e9s president\"}]},{\"@type\":\"WebSite\",\"@id\":\"https:\\\/\\\/www.sindicaturabarcelona.cat\\\/ca\\\/#website\",\"url\":\"https:\\\/\\\/www.sindicaturabarcelona.cat\\\/ca\\\/\",\"name\":\"Sindicatura de Greuges de Barcelona\",\"description\":\"La defensoria dels teus drets\",\"publisher\":{\"@id\":\"https:\\\/\\\/www.sindicaturabarcelona.cat\\\/ca\\\/#organization\"},\"potentialAction\":[{\"@type\":\"SearchAction\",\"target\":{\"@type\":\"EntryPoint\",\"urlTemplate\":\"https:\\\/\\\/www.sindicaturabarcelona.cat\\\/ca\\\/?s={search_term_string}\"},\"query-input\":{\"@type\":\"PropertyValueSpecification\",\"valueRequired\":true,\"valueName\":\"search_term_string\"}}],\"inLanguage\":\"ca\"},{\"@type\":\"Organization\",\"@id\":\"https:\\\/\\\/www.sindicaturabarcelona.cat\\\/ca\\\/#organization\",\"name\":\"Sindicatura de Greuges de Barcelona\",\"url\":\"https:\\\/\\\/www.sindicaturabarcelona.cat\\\/ca\\\/\",\"logo\":{\"@type\":\"ImageObject\",\"inLanguage\":\"ca\",\"@id\":\"https:\\\/\\\/www.sindicaturabarcelona.cat\\\/ca\\\/#\\\/schema\\\/logo\\\/image\\\/\",\"url\":\"https:\\\/\\\/www.sindicaturabarcelona.cat\\\/wp-content\\\/uploads\\\/2023\\\/02\\\/logo_sindicatura.svg\",\"contentUrl\":\"https:\\\/\\\/www.sindicaturabarcelona.cat\\\/wp-content\\\/uploads\\\/2023\\\/02\\\/logo_sindicatura.svg\",\"caption\":\"Sindicatura de Greuges de Barcelona\"},\"image\":{\"@id\":\"https:\\\/\\\/www.sindicaturabarcelona.cat\\\/ca\\\/#\\\/schema\\\/logo\\\/image\\\/\"},\"sameAs\":[\"https:\\\/\\\/x.com\\\/sindicbarcelona\",\"https:\\\/\\\/www.instagram.com\\\/sindicbarcelona\\\/\",\"https:\\\/\\\/www.tiktok.com\\\/@sindicaturabcn\",\"https:\\\/\\\/t.me\\\/sindicaturabarcelona\"]},{\"@type\":\"Person\",\"@id\":\"https:\\\/\\\/www.sindicaturabarcelona.cat\\\/ca\\\/#\\\/schema\\\/person\\\/0e5acffc350ffdbc97578159322c9452\",\"name\":\"Pablo\",\"image\":{\"@type\":\"ImageObject\",\"inLanguage\":\"ca\",\"@id\":\"https:\\\/\\\/secure.gravatar.com\\\/avatar\\\/c948169b402ef9492afde705c3dfd5e90e1a6a84ef6840a91124f805a25a480f?s=96&d=mm&r=g\",\"url\":\"https:\\\/\\\/secure.gravatar.com\\\/avatar\\\/c948169b402ef9492afde705c3dfd5e90e1a6a84ef6840a91124f805a25a480f?s=96&d=mm&r=g\",\"contentUrl\":\"https:\\\/\\\/secure.gravatar.com\\\/avatar\\\/c948169b402ef9492afde705c3dfd5e90e1a6a84ef6840a91124f805a25a480f?s=96&d=mm&r=g\",\"caption\":\"Pablo\"},\"url\":\"https:\\\/\\\/www.sindicaturabarcelona.cat\\\/ca\\\/author\\\/pablo\\\/\"}]}<\/script>\n<!-- \/ Yoast SEO plugin. -->","yoast_head_json":{"title":"El s\u00edndic de greuges presenta a Barcelona l'Alianza Global del \u00d3mbudsperson Local (AGOL), de la qual \u00e9s president - Sindicatura de Greuges de Barcelona","description":"L'acte va tenir lloc a la seu de l'Il\u00b7lustre Col\u00b7legi de l'Advocacia de Barcelona, i el va organitzar l\u2019Observatori dels Drets de les Persones de l'ICAB.","robots":{"index":"index","follow":"follow","max-snippet":"max-snippet:-1","max-image-preview":"max-image-preview:large","max-video-preview":"max-video-preview:-1"},"canonical":"https:\/\/www.sindicaturabarcelona.cat\/ca\/el-sindic-de-greuges-presenta-a-barcelona-lalianza-global-del-ombudsperson-local-agol-de-la-qual-es-president\/","og_locale":"ca_ES","og_type":"article","og_title":"El s\u00edndic de greuges presenta a Barcelona l'Alianza Global del \u00d3mbudsperson Local (AGOL), de la qual \u00e9s president - Sindicatura de Greuges de Barcelona","og_description":"L'acte va tenir lloc a la seu de l'Il\u00b7lustre Col\u00b7legi de l'Advocacia de Barcelona, i el va organitzar l\u2019Observatori dels Drets de les Persones de l'ICAB.","og_url":"https:\/\/www.sindicaturabarcelona.cat\/ca\/el-sindic-de-greuges-presenta-a-barcelona-lalianza-global-del-ombudsperson-local-agol-de-la-qual-es-president\/","og_site_name":"Sindicatura de Greuges de Barcelona","article_published_time":"2025-04-25T09:29:31+00:00","article_modified_time":"2025-04-30T11:13:24+00:00","og_image":[{"width":1600,"height":1066,"url":"https:\/\/www.sindicaturabarcelona.cat\/wp-content\/uploads\/FotoICAB1.jpg","type":"image\/jpeg"}],"author":"Pablo","twitter_card":"summary_large_image","twitter_creator":"@sindicbarcelona","twitter_site":"@sindicbarcelona","twitter_misc":{"Escrit per":"Pablo","Temps estimat de lectura":"3 minuts"},"schema":{"@context":"https:\/\/schema.org","@graph":[{"@type":"Article","@id":"https:\/\/www.sindicaturabarcelona.cat\/ca\/el-sindic-de-greuges-presenta-a-barcelona-lalianza-global-del-ombudsperson-local-agol-de-la-qual-es-president\/#article","isPartOf":{"@id":"https:\/\/www.sindicaturabarcelona.cat\/ca\/el-sindic-de-greuges-presenta-a-barcelona-lalianza-global-del-ombudsperson-local-agol-de-la-qual-es-president\/"},"author":{"name":"Pablo","@id":"https:\/\/www.sindicaturabarcelona.cat\/ca\/#\/schema\/person\/0e5acffc350ffdbc97578159322c9452"},"headline":"El s\u00edndic de greuges presenta a Barcelona l&#8217;Alianza Global del \u00d3mbudsperson Local (AGOL), de la qual \u00e9s president","datePublished":"2025-04-25T09:29:31+00:00","dateModified":"2025-04-30T11:13:24+00:00","mainEntityOfPage":{"@id":"https:\/\/www.sindicaturabarcelona.cat\/ca\/el-sindic-de-greuges-presenta-a-barcelona-lalianza-global-del-ombudsperson-local-agol-de-la-qual-es-president\/"},"wordCount":517,"publisher":{"@id":"https:\/\/www.sindicaturabarcelona.cat\/ca\/#organization"},"image":{"@id":"https:\/\/www.sindicaturabarcelona.cat\/ca\/el-sindic-de-greuges-presenta-a-barcelona-lalianza-global-del-ombudsperson-local-agol-de-la-qual-es-president\/#primaryimage"},"thumbnailUrl":"https:\/\/www.sindicaturabarcelona.cat\/wp-content\/uploads\/FotoICAB1.jpg","inLanguage":"ca"},{"@type":"WebPage","@id":"https:\/\/www.sindicaturabarcelona.cat\/ca\/el-sindic-de-greuges-presenta-a-barcelona-lalianza-global-del-ombudsperson-local-agol-de-la-qual-es-president\/","url":"https:\/\/www.sindicaturabarcelona.cat\/ca\/el-sindic-de-greuges-presenta-a-barcelona-lalianza-global-del-ombudsperson-local-agol-de-la-qual-es-president\/","name":"El s\u00edndic de greuges presenta a Barcelona l'Alianza Global del \u00d3mbudsperson Local (AGOL), de la qual \u00e9s president - Sindicatura de Greuges de Barcelona","isPartOf":{"@id":"https:\/\/www.sindicaturabarcelona.cat\/ca\/#website"},"primaryImageOfPage":{"@id":"https:\/\/www.sindicaturabarcelona.cat\/ca\/el-sindic-de-greuges-presenta-a-barcelona-lalianza-global-del-ombudsperson-local-agol-de-la-qual-es-president\/#primaryimage"},"image":{"@id":"https:\/\/www.sindicaturabarcelona.cat\/ca\/el-sindic-de-greuges-presenta-a-barcelona-lalianza-global-del-ombudsperson-local-agol-de-la-qual-es-president\/#primaryimage"},"thumbnailUrl":"https:\/\/www.sindicaturabarcelona.cat\/wp-content\/uploads\/FotoICAB1.jpg","datePublished":"2025-04-25T09:29:31+00:00","dateModified":"2025-04-30T11:13:24+00:00","description":"L'acte va tenir lloc a la seu de l'Il\u00b7lustre Col\u00b7legi de l'Advocacia de Barcelona, i el va organitzar l\u2019Observatori dels Drets de les Persones de l'ICAB.","breadcrumb":{"@id":"https:\/\/www.sindicaturabarcelona.cat\/ca\/el-sindic-de-greuges-presenta-a-barcelona-lalianza-global-del-ombudsperson-local-agol-de-la-qual-es-president\/#breadcrumb"},"inLanguage":"ca","potentialAction":[{"@type":"ReadAction","target":["https:\/\/www.sindicaturabarcelona.cat\/ca\/el-sindic-de-greuges-presenta-a-barcelona-lalianza-global-del-ombudsperson-local-agol-de-la-qual-es-president\/"]}]},{"@type":"ImageObject","inLanguage":"ca","@id":"https:\/\/www.sindicaturabarcelona.cat\/ca\/el-sindic-de-greuges-presenta-a-barcelona-lalianza-global-del-ombudsperson-local-agol-de-la-qual-es-president\/#primaryimage","url":"https:\/\/www.sindicaturabarcelona.cat\/wp-content\/uploads\/FotoICAB1.jpg","contentUrl":"https:\/\/www.sindicaturabarcelona.cat\/wp-content\/uploads\/FotoICAB1.jpg","width":1600,"height":1066},{"@type":"BreadcrumbList","@id":"https:\/\/www.sindicaturabarcelona.cat\/ca\/el-sindic-de-greuges-presenta-a-barcelona-lalianza-global-del-ombudsperson-local-agol-de-la-qual-es-president\/#breadcrumb","itemListElement":[{"@type":"ListItem","position":1,"name":"Inici","item":"https:\/\/www.sindicaturabarcelona.cat\/ca\/"},{"@type":"ListItem","position":2,"name":"El s\u00edndic de greuges presenta a Barcelona l&#8217;Alianza Global del \u00d3mbudsperson Local (AGOL), de la qual \u00e9s president"}]},{"@type":"WebSite","@id":"https:\/\/www.sindicaturabarcelona.cat\/ca\/#website","url":"https:\/\/www.sindicaturabarcelona.cat\/ca\/","name":"Sindicatura de Greuges de Barcelona","description":"La defensoria dels teus drets","publisher":{"@id":"https:\/\/www.sindicaturabarcelona.cat\/ca\/#organization"},"potentialAction":[{"@type":"SearchAction","target":{"@type":"EntryPoint","urlTemplate":"https:\/\/www.sindicaturabarcelona.cat\/ca\/?s={search_term_string}"},"query-input":{"@type":"PropertyValueSpecification","valueRequired":true,"valueName":"search_term_string"}}],"inLanguage":"ca"},{"@type":"Organization","@id":"https:\/\/www.sindicaturabarcelona.cat\/ca\/#organization","name":"Sindicatura de Greuges de Barcelona","url":"https:\/\/www.sindicaturabarcelona.cat\/ca\/","logo":{"@type":"ImageObject","inLanguage":"ca","@id":"https:\/\/www.sindicaturabarcelona.cat\/ca\/#\/schema\/logo\/image\/","url":"https:\/\/www.sindicaturabarcelona.cat\/wp-content\/uploads\/2023\/02\/logo_sindicatura.svg","contentUrl":"https:\/\/www.sindicaturabarcelona.cat\/wp-content\/uploads\/2023\/02\/logo_sindicatura.svg","caption":"Sindicatura de Greuges de Barcelona"},"image":{"@id":"https:\/\/www.sindicaturabarcelona.cat\/ca\/#\/schema\/logo\/image\/"},"sameAs":["https:\/\/x.com\/sindicbarcelona","https:\/\/www.instagram.com\/sindicbarcelona\/","https:\/\/www.tiktok.com\/@sindicaturabcn","https:\/\/t.me\/sindicaturabarcelona"]},{"@type":"Person","@id":"https:\/\/www.sindicaturabarcelona.cat\/ca\/#\/schema\/person\/0e5acffc350ffdbc97578159322c9452","name":"Pablo","image":{"@type":"ImageObject","inLanguage":"ca","@id":"https:\/\/secure.gravatar.com\/avatar\/c948169b402ef9492afde705c3dfd5e90e1a6a84ef6840a91124f805a25a480f?s=96&d=mm&r=g","url":"https:\/\/secure.gravatar.com\/avatar\/c948169b402ef9492afde705c3dfd5e90e1a6a84ef6840a91124f805a25a480f?s=96&d=mm&r=g","contentUrl":"https:\/\/secure.gravatar.com\/avatar\/c948169b402ef9492afde705c3dfd5e90e1a6a84ef6840a91124f805a25a480f?s=96&d=mm&r=g","caption":"Pablo"},"url":"https:\/\/www.sindicaturabarcelona.cat\/ca\/author\/pablo\/"}]}},"_links":{"self":[{"href":"https:\/\/www.sindicaturabarcelona.cat\/ca\/wp-json\/wp\/v2\/posts\/37200","targetHints":{"allow":["GET"]}}],"collection":[{"href":"https:\/\/www.sindicaturabarcelona.cat\/ca\/wp-json\/wp\/v2\/posts"}],"about":[{"href":"https:\/\/www.sindicaturabarcelona.cat\/ca\/wp-json\/wp\/v2\/types\/post"}],"author":[{"embeddable":true,"href":"https:\/\/www.sindicaturabarcelona.cat\/ca\/wp-json\/wp\/v2\/users\/2"}],"replies":[{"embeddable":true,"href":"https:\/\/www.sindicaturabarcelona.cat\/ca\/wp-json\/wp\/v2\/comments?post=37200"}],"version-history":[{"count":20,"href":"https:\/\/www.sindicaturabarcelona.cat\/ca\/wp-json\/wp\/v2\/posts\/37200\/revisions"}],"predecessor-version":[{"id":37330,"href":"https:\/\/www.sindicaturabarcelona.cat\/ca\/wp-json\/wp\/v2\/posts\/37200\/revisions\/37330"}],"wp:featuredmedia":[{"embeddable":true,"href":"https:\/\/www.sindicaturabarcelona.cat\/ca\/wp-json\/wp\/v2\/media\/37250"}],"wp:attachment":[{"href":"https:\/\/www.sindicaturabarcelona.cat\/ca\/wp-json\/wp\/v2\/media?parent=37200"}],"wp:term":[{"taxonomy":"post_tag","embeddable":true,"href":"https:\/\/www.sindicaturabarcelona.cat\/ca\/wp-json\/wp\/v2\/tags?post=37200"},{"taxonomy":"drets","embeddable":true,"href":"https:\/\/www.sindicaturabarcelona.cat\/ca\/wp-json\/wp\/v2\/drets?post=37200"}],"curies":[{"name":"wp","href":"https:\/\/api.w.org\/{rel}","templated":true}]}}