{"id":36299,"date":"2025-03-26T08:58:12","date_gmt":"2025-03-26T06:58:12","guid":{"rendered":"https:\/\/www.sindicaturabarcelona.cat\/?p=36299"},"modified":"2025-03-26T15:23:02","modified_gmt":"2025-03-26T13:23:02","slug":"la-sindicatura-analitzara-la-vulneracio-de-drets-ocasionada-per-rodalies-en-les-persones-treballadores-de-lajuntament-i-lafectacio-en-la-prestacio-dels-serveis-municipals","status":"publish","type":"post","link":"https:\/\/www.sindicaturabarcelona.cat\/ca\/la-sindicatura-analitzara-la-vulneracio-de-drets-ocasionada-per-rodalies-en-les-persones-treballadores-de-lajuntament-i-lafectacio-en-la-prestacio-dels-serveis-municipals\/","title":{"rendered":"La Sindicatura de Greuges de Barcelona analitzar\u00e0 la vulneraci\u00f3 de drets ocasionada per Rodalies a les persones treballadores de l\u2019Ajuntament i l\u2019afectaci\u00f3 en la prestaci\u00f3 dels serveis municipals"},"content":{"rendered":"\n<h2 class=\"wp-block-heading\"><strong>La iniciativa pret\u00e9n recopilar informaci\u00f3 de les persones treballadores del consistori mitjan\u00e7ant un formulari que avalu\u00ef la vulneraci\u00f3 de drets en la plantilla municipal i com incideix en l\u2019execuci\u00f3 dels serveis p\u00fablics barcelonins.<\/strong><\/h2>\n\n\n\n<h2 class=\"wp-block-heading\"><strong>La defensoria analitzar\u00e0 les dades que aportin les persones que hi participin i traslladar\u00e0 les conclusions a l\u2019Ajuntament de Barcelona.<\/strong><\/h2>\n\n\n\n<p>L\u2019acumulaci\u00f3 d\u2019incid\u00e8ncies, talls, suspensions de trens i avaries en el servei de Rodalies genera evidents vulneracions de drets en les persones usu\u00e0ries que l\u2019utilitzen, especialment a l\u2019entrada i la sortida de la capital catalana.<\/p>\n\n\n\n<p><strong><strong>En el marc de les seves compet\u00e8ncies, la Sindicatura ha dissenyat un formulari adre\u00e7at a la plantilla municipal, amb l\u2019objectiu d\u2019avaluar les problem\u00e0tiques que pateixen en el desenvolupament de les seves funcions a causa de l\u2019\u00fas d\u2019aquesta modalitat de transport.<\/strong><\/strong><\/p>\n\n\n\n<h2 class=\"wp-block-heading has-text-align-center\"><mark style=\"background-color:#ffffff\" class=\"has-inline-color has-vivid-cyan-blue-color\"><a href=\"https:\/\/www.sindicaturabarcelona.cat\/ca\/formulari-plantilla-municipal-afectacions-rodalies\/\" target=\"_blank\" rel=\"noreferrer noopener\">ACCEDEIX AL FORMULARI<\/a><\/mark><\/h2>\n\n\n\n<p><strong>La Sindicatura de Greuges de Barcelona vol copsar com aquestes incid\u00e8ncies a Rodalies repercuteixen en els serveis p\u00fablics que les persones treballadores de l\u2019Ajuntament ofereixen a la ciutadania<\/strong>. Per aquest motiu, la defensoria barcelonina posa a disposici\u00f3 de la plantilla municipal un q\u00fcestionari per avaluar les vulneracions de drets que estan suposant els endarreriments i les cancel\u00b7lacions de Rodalies, aix\u00ed com per esbrinar quin impacte tenen en el servei p\u00fablic barcelon\u00ed.<\/p>\n\n\n\n<p>En aquest sentit, el prop\u00f2sit principal de la Sindicatura de Greuges de Barcelona \u00e9s analitzar aquestes dades, elaborar-ne unes conclusions i fer-les arribar al consistori.<\/p>\n\n\n\n<h2 class=\"wp-block-heading\"><strong>L\u2019Ajuntament de Barcelona, una plantilla municipal amb m\u00e9s de 17.000 persones<\/strong><\/h2>\n\n\n\n<p><a href=\"https:\/\/ajuntament.barcelona.cat\/transparencia\/ca\/composicio-plantilla-tipus-entitat-2024\" target=\"_blank\" rel=\"noreferrer noopener\">Segons les dades de l\u2019Ajuntament de Barcelona, actualitzades el gener de l\u2019any 2024, la plantilla municipal compta amb m\u00e9s de 17.000 persones treballadores<\/a>, distribu\u00efdes entre la plantilla de l\u2019Ajuntament, els instituts municipals, les societats mercantils, els consorcis, i les fundacions i associacions. El s\u00edndic de greuges de Barcelona, David Bondia, ha concl\u00f2s que <strong>\u201c\u00e9s una xifra elevada i de segur que un nombre significatiu de treballadors i treballadores municipals es desplacen des de fora de la ciutat cap a Barcelona mitjan\u00e7ant Rodalies. Volem examinar com es veu afectat el servei p\u00fablic que presten des de l\u2019Ajuntament\u201d<\/strong>.<\/p>\n","protected":false},"excerpt":{"rendered":"<p>La iniciativa pret\u00e9n recopilar informaci\u00f3 de les persones treballadores del consistori mitjan\u00e7ant un formulari que avalu\u00ef la vulneraci\u00f3 de drets en la plantilla municipal i com incideix en l\u2019execuci\u00f3 dels [&hellip;]<\/p>\n","protected":false},"author":2,"featured_media":36267,"comment_status":"closed","ping_status":"closed","sticky":false,"template":"","format":"standard","meta":{"_acf_changed":false,"footnotes":""},"tags":[],"drets":[1428,1430,1431,1432,1433,1434,1442,1459,1458,1457,1503,1440,1456,1452,1647,1438,1448,1447,1445,1444],"class_list":["post-36299","post","type-post","status-publish","format-standard","has-post-thumbnail","hentry","drets-ciutat-equitativa","drets-dret-a-educacio-i-lleure","drets-dret-a-la-salut","drets-drets-culturals","drets-dret-a-lesport","drets-dret-al-treball","drets-ciutat-diversa","drets-drets-de-participacio","drets-dret-a-la-igualtat-i-a-la-diversitat","drets-drets-linguistics","drets-dret-a-les-cures","drets-ciutat-garantista","drets-dret-a-una-bona-administracio","drets-dret-a-la-seguretat-ciutadana","drets-dret-a-la-informacio","drets-ciutat-habitable-i-sostenible","drets-dret-al-medi-ambient","drets-dret-a-la-mobilitat","drets-dret-a-laccessibilitat-i-la-inclusivitat","drets-dret-al-descans"],"acf":[],"yoast_head":"<!-- This site is optimized with the Yoast SEO plugin v27.5 - https:\/\/yoast.com\/product\/yoast-seo-wordpress\/ -->\n<title>La Sindicatura de Greuges de Barcelona analitzar\u00e0 la vulneraci\u00f3 de drets ocasionada per Rodalies a les persones treballadores de l\u2019Ajuntament i l\u2019afectaci\u00f3 en la prestaci\u00f3 dels serveis municipals - Sindicatura de Greuges de Barcelona<\/title>\n<meta name=\"description\" content=\"L\u2019acumulaci\u00f3 d\u2019incid\u00e8ncies, talls, suspensions de trens i avaries en el servei de Rodalies genera evidents vulneracions de drets en...\" \/>\n<meta name=\"robots\" content=\"index, follow, max-snippet:-1, max-image-preview:large, max-video-preview:-1\" \/>\n<link rel=\"canonical\" href=\"https:\/\/www.sindicaturabarcelona.cat\/ca\/la-sindicatura-analitzara-la-vulneracio-de-drets-ocasionada-per-rodalies-en-les-persones-treballadores-de-lajuntament-i-lafectacio-en-la-prestacio-dels-serveis-municipals\/\" \/>\n<meta property=\"og:locale\" content=\"ca_ES\" \/>\n<meta property=\"og:type\" content=\"article\" \/>\n<meta property=\"og:title\" content=\"La Sindicatura de Greuges de Barcelona analitzar\u00e0 la vulneraci\u00f3 de drets ocasionada per Rodalies a les persones treballadores de l\u2019Ajuntament i l\u2019afectaci\u00f3 en la prestaci\u00f3 dels serveis municipals - Sindicatura de Greuges de Barcelona\" \/>\n<meta property=\"og:description\" content=\"L\u2019acumulaci\u00f3 d\u2019incid\u00e8ncies, talls, suspensions de trens i avaries en el servei de Rodalies genera evidents vulneracions de drets en...\" \/>\n<meta property=\"og:url\" content=\"https:\/\/www.sindicaturabarcelona.cat\/ca\/la-sindicatura-analitzara-la-vulneracio-de-drets-ocasionada-per-rodalies-en-les-persones-treballadores-de-lajuntament-i-lafectacio-en-la-prestacio-dels-serveis-municipals\/\" \/>\n<meta property=\"og:site_name\" content=\"Sindicatura de Greuges de Barcelona\" \/>\n<meta property=\"article:published_time\" content=\"2025-03-26T06:58:12+00:00\" \/>\n<meta property=\"article:modified_time\" content=\"2025-03-26T13:23:02+00:00\" \/>\n<meta property=\"og:image\" content=\"https:\/\/www.sindicaturabarcelona.cat\/wp-content\/uploads\/avinguda-meridiana-tram-entre-ciutad.jpg\" \/>\n\t<meta property=\"og:image:width\" content=\"1024\" \/>\n\t<meta property=\"og:image:height\" content=\"683\" \/>\n\t<meta property=\"og:image:type\" content=\"image\/jpeg\" \/>\n<meta name=\"author\" content=\"Pablo\" \/>\n<meta name=\"twitter:card\" content=\"summary_large_image\" \/>\n<meta name=\"twitter:creator\" content=\"@sindicbarcelona\" \/>\n<meta name=\"twitter:site\" content=\"@sindicbarcelona\" \/>\n<meta name=\"twitter:label1\" content=\"Escrit per\" \/>\n\t<meta name=\"twitter:data1\" content=\"Pablo\" \/>\n\t<meta name=\"twitter:label2\" content=\"Temps estimat de lectura\" \/>\n\t<meta name=\"twitter:data2\" content=\"3 minuts\" \/>\n<script type=\"application\/ld+json\" class=\"yoast-schema-graph\">{\"@context\":\"https:\\\/\\\/schema.org\",\"@graph\":[{\"@type\":\"Article\",\"@id\":\"https:\\\/\\\/www.sindicaturabarcelona.cat\\\/ca\\\/la-sindicatura-analitzara-la-vulneracio-de-drets-ocasionada-per-rodalies-en-les-persones-treballadores-de-lajuntament-i-lafectacio-en-la-prestacio-dels-serveis-municipals\\\/#article\",\"isPartOf\":{\"@id\":\"https:\\\/\\\/www.sindicaturabarcelona.cat\\\/ca\\\/la-sindicatura-analitzara-la-vulneracio-de-drets-ocasionada-per-rodalies-en-les-persones-treballadores-de-lajuntament-i-lafectacio-en-la-prestacio-dels-serveis-municipals\\\/\"},\"author\":{\"name\":\"Pablo\",\"@id\":\"https:\\\/\\\/www.sindicaturabarcelona.cat\\\/ca\\\/#\\\/schema\\\/person\\\/0e5acffc350ffdbc97578159322c9452\"},\"headline\":\"La Sindicatura de Greuges de Barcelona analitzar\u00e0 la vulneraci\u00f3 de drets ocasionada per Rodalies a les persones treballadores de l\u2019Ajuntament i l\u2019afectaci\u00f3 en la prestaci\u00f3 dels serveis municipals\",\"datePublished\":\"2025-03-26T06:58:12+00:00\",\"dateModified\":\"2025-03-26T13:23:02+00:00\",\"mainEntityOfPage\":{\"@id\":\"https:\\\/\\\/www.sindicaturabarcelona.cat\\\/ca\\\/la-sindicatura-analitzara-la-vulneracio-de-drets-ocasionada-per-rodalies-en-les-persones-treballadores-de-lajuntament-i-lafectacio-en-la-prestacio-dels-serveis-municipals\\\/\"},\"wordCount\":397,\"publisher\":{\"@id\":\"https:\\\/\\\/www.sindicaturabarcelona.cat\\\/ca\\\/#organization\"},\"image\":{\"@id\":\"https:\\\/\\\/www.sindicaturabarcelona.cat\\\/ca\\\/la-sindicatura-analitzara-la-vulneracio-de-drets-ocasionada-per-rodalies-en-les-persones-treballadores-de-lajuntament-i-lafectacio-en-la-prestacio-dels-serveis-municipals\\\/#primaryimage\"},\"thumbnailUrl\":\"https:\\\/\\\/www.sindicaturabarcelona.cat\\\/wp-content\\\/uploads\\\/avinguda-meridiana-tram-entre-ciutad.jpg\",\"inLanguage\":\"ca\"},{\"@type\":\"WebPage\",\"@id\":\"https:\\\/\\\/www.sindicaturabarcelona.cat\\\/ca\\\/la-sindicatura-analitzara-la-vulneracio-de-drets-ocasionada-per-rodalies-en-les-persones-treballadores-de-lajuntament-i-lafectacio-en-la-prestacio-dels-serveis-municipals\\\/\",\"url\":\"https:\\\/\\\/www.sindicaturabarcelona.cat\\\/ca\\\/la-sindicatura-analitzara-la-vulneracio-de-drets-ocasionada-per-rodalies-en-les-persones-treballadores-de-lajuntament-i-lafectacio-en-la-prestacio-dels-serveis-municipals\\\/\",\"name\":\"La Sindicatura de Greuges de Barcelona analitzar\u00e0 la vulneraci\u00f3 de drets ocasionada per Rodalies a les persones treballadores de l\u2019Ajuntament i l\u2019afectaci\u00f3 en la prestaci\u00f3 dels serveis municipals - Sindicatura de Greuges de Barcelona\",\"isPartOf\":{\"@id\":\"https:\\\/\\\/www.sindicaturabarcelona.cat\\\/ca\\\/#website\"},\"primaryImageOfPage\":{\"@id\":\"https:\\\/\\\/www.sindicaturabarcelona.cat\\\/ca\\\/la-sindicatura-analitzara-la-vulneracio-de-drets-ocasionada-per-rodalies-en-les-persones-treballadores-de-lajuntament-i-lafectacio-en-la-prestacio-dels-serveis-municipals\\\/#primaryimage\"},\"image\":{\"@id\":\"https:\\\/\\\/www.sindicaturabarcelona.cat\\\/ca\\\/la-sindicatura-analitzara-la-vulneracio-de-drets-ocasionada-per-rodalies-en-les-persones-treballadores-de-lajuntament-i-lafectacio-en-la-prestacio-dels-serveis-municipals\\\/#primaryimage\"},\"thumbnailUrl\":\"https:\\\/\\\/www.sindicaturabarcelona.cat\\\/wp-content\\\/uploads\\\/avinguda-meridiana-tram-entre-ciutad.jpg\",\"datePublished\":\"2025-03-26T06:58:12+00:00\",\"dateModified\":\"2025-03-26T13:23:02+00:00\",\"description\":\"L\u2019acumulaci\u00f3 d\u2019incid\u00e8ncies, talls, suspensions de trens i avaries en el servei de Rodalies genera evidents vulneracions de drets en...\",\"breadcrumb\":{\"@id\":\"https:\\\/\\\/www.sindicaturabarcelona.cat\\\/ca\\\/la-sindicatura-analitzara-la-vulneracio-de-drets-ocasionada-per-rodalies-en-les-persones-treballadores-de-lajuntament-i-lafectacio-en-la-prestacio-dels-serveis-municipals\\\/#breadcrumb\"},\"inLanguage\":\"ca\",\"potentialAction\":[{\"@type\":\"ReadAction\",\"target\":[\"https:\\\/\\\/www.sindicaturabarcelona.cat\\\/ca\\\/la-sindicatura-analitzara-la-vulneracio-de-drets-ocasionada-per-rodalies-en-les-persones-treballadores-de-lajuntament-i-lafectacio-en-la-prestacio-dels-serveis-municipals\\\/\"]}]},{\"@type\":\"ImageObject\",\"inLanguage\":\"ca\",\"@id\":\"https:\\\/\\\/www.sindicaturabarcelona.cat\\\/ca\\\/la-sindicatura-analitzara-la-vulneracio-de-drets-ocasionada-per-rodalies-en-les-persones-treballadores-de-lajuntament-i-lafectacio-en-la-prestacio-dels-serveis-municipals\\\/#primaryimage\",\"url\":\"https:\\\/\\\/www.sindicaturabarcelona.cat\\\/wp-content\\\/uploads\\\/avinguda-meridiana-tram-entre-ciutad.jpg\",\"contentUrl\":\"https:\\\/\\\/www.sindicaturabarcelona.cat\\\/wp-content\\\/uploads\\\/avinguda-meridiana-tram-entre-ciutad.jpg\",\"width\":1024,\"height\":683,\"caption\":\"Av. Meridiana. Ciutadella-Gl\u00f2ries. Mar\"},{\"@type\":\"BreadcrumbList\",\"@id\":\"https:\\\/\\\/www.sindicaturabarcelona.cat\\\/ca\\\/la-sindicatura-analitzara-la-vulneracio-de-drets-ocasionada-per-rodalies-en-les-persones-treballadores-de-lajuntament-i-lafectacio-en-la-prestacio-dels-serveis-municipals\\\/#breadcrumb\",\"itemListElement\":[{\"@type\":\"ListItem\",\"position\":1,\"name\":\"Inici\",\"item\":\"https:\\\/\\\/www.sindicaturabarcelona.cat\\\/ca\\\/\"},{\"@type\":\"ListItem\",\"position\":2,\"name\":\"La Sindicatura de Greuges de Barcelona analitzar\u00e0 la vulneraci\u00f3 de drets ocasionada per Rodalies a les persones treballadores de l\u2019Ajuntament i l\u2019afectaci\u00f3 en la prestaci\u00f3 dels serveis municipals\"}]},{\"@type\":\"WebSite\",\"@id\":\"https:\\\/\\\/www.sindicaturabarcelona.cat\\\/ca\\\/#website\",\"url\":\"https:\\\/\\\/www.sindicaturabarcelona.cat\\\/ca\\\/\",\"name\":\"Sindicatura de Greuges de Barcelona\",\"description\":\"La defensoria dels teus drets\",\"publisher\":{\"@id\":\"https:\\\/\\\/www.sindicaturabarcelona.cat\\\/ca\\\/#organization\"},\"potentialAction\":[{\"@type\":\"SearchAction\",\"target\":{\"@type\":\"EntryPoint\",\"urlTemplate\":\"https:\\\/\\\/www.sindicaturabarcelona.cat\\\/ca\\\/?s={search_term_string}\"},\"query-input\":{\"@type\":\"PropertyValueSpecification\",\"valueRequired\":true,\"valueName\":\"search_term_string\"}}],\"inLanguage\":\"ca\"},{\"@type\":\"Organization\",\"@id\":\"https:\\\/\\\/www.sindicaturabarcelona.cat\\\/ca\\\/#organization\",\"name\":\"Sindicatura de Greuges de Barcelona\",\"url\":\"https:\\\/\\\/www.sindicaturabarcelona.cat\\\/ca\\\/\",\"logo\":{\"@type\":\"ImageObject\",\"inLanguage\":\"ca\",\"@id\":\"https:\\\/\\\/www.sindicaturabarcelona.cat\\\/ca\\\/#\\\/schema\\\/logo\\\/image\\\/\",\"url\":\"https:\\\/\\\/www.sindicaturabarcelona.cat\\\/wp-content\\\/uploads\\\/2023\\\/02\\\/logo_sindicatura.svg\",\"contentUrl\":\"https:\\\/\\\/www.sindicaturabarcelona.cat\\\/wp-content\\\/uploads\\\/2023\\\/02\\\/logo_sindicatura.svg\",\"caption\":\"Sindicatura de Greuges de Barcelona\"},\"image\":{\"@id\":\"https:\\\/\\\/www.sindicaturabarcelona.cat\\\/ca\\\/#\\\/schema\\\/logo\\\/image\\\/\"},\"sameAs\":[\"https:\\\/\\\/x.com\\\/sindicbarcelona\",\"https:\\\/\\\/www.instagram.com\\\/sindicbarcelona\\\/\",\"https:\\\/\\\/www.tiktok.com\\\/@sindicaturabcn\",\"https:\\\/\\\/t.me\\\/sindicaturabarcelona\"]},{\"@type\":\"Person\",\"@id\":\"https:\\\/\\\/www.sindicaturabarcelona.cat\\\/ca\\\/#\\\/schema\\\/person\\\/0e5acffc350ffdbc97578159322c9452\",\"name\":\"Pablo\",\"image\":{\"@type\":\"ImageObject\",\"inLanguage\":\"ca\",\"@id\":\"https:\\\/\\\/secure.gravatar.com\\\/avatar\\\/c948169b402ef9492afde705c3dfd5e90e1a6a84ef6840a91124f805a25a480f?s=96&d=mm&r=g\",\"url\":\"https:\\\/\\\/secure.gravatar.com\\\/avatar\\\/c948169b402ef9492afde705c3dfd5e90e1a6a84ef6840a91124f805a25a480f?s=96&d=mm&r=g\",\"contentUrl\":\"https:\\\/\\\/secure.gravatar.com\\\/avatar\\\/c948169b402ef9492afde705c3dfd5e90e1a6a84ef6840a91124f805a25a480f?s=96&d=mm&r=g\",\"caption\":\"Pablo\"},\"url\":\"https:\\\/\\\/www.sindicaturabarcelona.cat\\\/ca\\\/author\\\/pablo\\\/\"}]}<\/script>\n<!-- \/ Yoast SEO plugin. -->","yoast_head_json":{"title":"La Sindicatura de Greuges de Barcelona analitzar\u00e0 la vulneraci\u00f3 de drets ocasionada per Rodalies a les persones treballadores de l\u2019Ajuntament i l\u2019afectaci\u00f3 en la prestaci\u00f3 dels serveis municipals - Sindicatura de Greuges de Barcelona","description":"L\u2019acumulaci\u00f3 d\u2019incid\u00e8ncies, talls, suspensions de trens i avaries en el servei de Rodalies genera evidents vulneracions de drets en...","robots":{"index":"index","follow":"follow","max-snippet":"max-snippet:-1","max-image-preview":"max-image-preview:large","max-video-preview":"max-video-preview:-1"},"canonical":"https:\/\/www.sindicaturabarcelona.cat\/ca\/la-sindicatura-analitzara-la-vulneracio-de-drets-ocasionada-per-rodalies-en-les-persones-treballadores-de-lajuntament-i-lafectacio-en-la-prestacio-dels-serveis-municipals\/","og_locale":"ca_ES","og_type":"article","og_title":"La Sindicatura de Greuges de Barcelona analitzar\u00e0 la vulneraci\u00f3 de drets ocasionada per Rodalies a les persones treballadores de l\u2019Ajuntament i l\u2019afectaci\u00f3 en la prestaci\u00f3 dels serveis municipals - Sindicatura de Greuges de Barcelona","og_description":"L\u2019acumulaci\u00f3 d\u2019incid\u00e8ncies, talls, suspensions de trens i avaries en el servei de Rodalies genera evidents vulneracions de drets en...","og_url":"https:\/\/www.sindicaturabarcelona.cat\/ca\/la-sindicatura-analitzara-la-vulneracio-de-drets-ocasionada-per-rodalies-en-les-persones-treballadores-de-lajuntament-i-lafectacio-en-la-prestacio-dels-serveis-municipals\/","og_site_name":"Sindicatura de Greuges de Barcelona","article_published_time":"2025-03-26T06:58:12+00:00","article_modified_time":"2025-03-26T13:23:02+00:00","og_image":[{"width":1024,"height":683,"url":"https:\/\/www.sindicaturabarcelona.cat\/wp-content\/uploads\/avinguda-meridiana-tram-entre-ciutad.jpg","type":"image\/jpeg"}],"author":"Pablo","twitter_card":"summary_large_image","twitter_creator":"@sindicbarcelona","twitter_site":"@sindicbarcelona","twitter_misc":{"Escrit per":"Pablo","Temps estimat de lectura":"3 minuts"},"schema":{"@context":"https:\/\/schema.org","@graph":[{"@type":"Article","@id":"https:\/\/www.sindicaturabarcelona.cat\/ca\/la-sindicatura-analitzara-la-vulneracio-de-drets-ocasionada-per-rodalies-en-les-persones-treballadores-de-lajuntament-i-lafectacio-en-la-prestacio-dels-serveis-municipals\/#article","isPartOf":{"@id":"https:\/\/www.sindicaturabarcelona.cat\/ca\/la-sindicatura-analitzara-la-vulneracio-de-drets-ocasionada-per-rodalies-en-les-persones-treballadores-de-lajuntament-i-lafectacio-en-la-prestacio-dels-serveis-municipals\/"},"author":{"name":"Pablo","@id":"https:\/\/www.sindicaturabarcelona.cat\/ca\/#\/schema\/person\/0e5acffc350ffdbc97578159322c9452"},"headline":"La Sindicatura de Greuges de Barcelona analitzar\u00e0 la vulneraci\u00f3 de drets ocasionada per Rodalies a les persones treballadores de l\u2019Ajuntament i l\u2019afectaci\u00f3 en la prestaci\u00f3 dels serveis municipals","datePublished":"2025-03-26T06:58:12+00:00","dateModified":"2025-03-26T13:23:02+00:00","mainEntityOfPage":{"@id":"https:\/\/www.sindicaturabarcelona.cat\/ca\/la-sindicatura-analitzara-la-vulneracio-de-drets-ocasionada-per-rodalies-en-les-persones-treballadores-de-lajuntament-i-lafectacio-en-la-prestacio-dels-serveis-municipals\/"},"wordCount":397,"publisher":{"@id":"https:\/\/www.sindicaturabarcelona.cat\/ca\/#organization"},"image":{"@id":"https:\/\/www.sindicaturabarcelona.cat\/ca\/la-sindicatura-analitzara-la-vulneracio-de-drets-ocasionada-per-rodalies-en-les-persones-treballadores-de-lajuntament-i-lafectacio-en-la-prestacio-dels-serveis-municipals\/#primaryimage"},"thumbnailUrl":"https:\/\/www.sindicaturabarcelona.cat\/wp-content\/uploads\/avinguda-meridiana-tram-entre-ciutad.jpg","inLanguage":"ca"},{"@type":"WebPage","@id":"https:\/\/www.sindicaturabarcelona.cat\/ca\/la-sindicatura-analitzara-la-vulneracio-de-drets-ocasionada-per-rodalies-en-les-persones-treballadores-de-lajuntament-i-lafectacio-en-la-prestacio-dels-serveis-municipals\/","url":"https:\/\/www.sindicaturabarcelona.cat\/ca\/la-sindicatura-analitzara-la-vulneracio-de-drets-ocasionada-per-rodalies-en-les-persones-treballadores-de-lajuntament-i-lafectacio-en-la-prestacio-dels-serveis-municipals\/","name":"La Sindicatura de Greuges de Barcelona analitzar\u00e0 la vulneraci\u00f3 de drets ocasionada per Rodalies a les persones treballadores de l\u2019Ajuntament i l\u2019afectaci\u00f3 en la prestaci\u00f3 dels serveis municipals - Sindicatura de Greuges de Barcelona","isPartOf":{"@id":"https:\/\/www.sindicaturabarcelona.cat\/ca\/#website"},"primaryImageOfPage":{"@id":"https:\/\/www.sindicaturabarcelona.cat\/ca\/la-sindicatura-analitzara-la-vulneracio-de-drets-ocasionada-per-rodalies-en-les-persones-treballadores-de-lajuntament-i-lafectacio-en-la-prestacio-dels-serveis-municipals\/#primaryimage"},"image":{"@id":"https:\/\/www.sindicaturabarcelona.cat\/ca\/la-sindicatura-analitzara-la-vulneracio-de-drets-ocasionada-per-rodalies-en-les-persones-treballadores-de-lajuntament-i-lafectacio-en-la-prestacio-dels-serveis-municipals\/#primaryimage"},"thumbnailUrl":"https:\/\/www.sindicaturabarcelona.cat\/wp-content\/uploads\/avinguda-meridiana-tram-entre-ciutad.jpg","datePublished":"2025-03-26T06:58:12+00:00","dateModified":"2025-03-26T13:23:02+00:00","description":"L\u2019acumulaci\u00f3 d\u2019incid\u00e8ncies, talls, suspensions de trens i avaries en el servei de Rodalies genera evidents vulneracions de drets en...","breadcrumb":{"@id":"https:\/\/www.sindicaturabarcelona.cat\/ca\/la-sindicatura-analitzara-la-vulneracio-de-drets-ocasionada-per-rodalies-en-les-persones-treballadores-de-lajuntament-i-lafectacio-en-la-prestacio-dels-serveis-municipals\/#breadcrumb"},"inLanguage":"ca","potentialAction":[{"@type":"ReadAction","target":["https:\/\/www.sindicaturabarcelona.cat\/ca\/la-sindicatura-analitzara-la-vulneracio-de-drets-ocasionada-per-rodalies-en-les-persones-treballadores-de-lajuntament-i-lafectacio-en-la-prestacio-dels-serveis-municipals\/"]}]},{"@type":"ImageObject","inLanguage":"ca","@id":"https:\/\/www.sindicaturabarcelona.cat\/ca\/la-sindicatura-analitzara-la-vulneracio-de-drets-ocasionada-per-rodalies-en-les-persones-treballadores-de-lajuntament-i-lafectacio-en-la-prestacio-dels-serveis-municipals\/#primaryimage","url":"https:\/\/www.sindicaturabarcelona.cat\/wp-content\/uploads\/avinguda-meridiana-tram-entre-ciutad.jpg","contentUrl":"https:\/\/www.sindicaturabarcelona.cat\/wp-content\/uploads\/avinguda-meridiana-tram-entre-ciutad.jpg","width":1024,"height":683,"caption":"Av. Meridiana. Ciutadella-Gl\u00f2ries. Mar"},{"@type":"BreadcrumbList","@id":"https:\/\/www.sindicaturabarcelona.cat\/ca\/la-sindicatura-analitzara-la-vulneracio-de-drets-ocasionada-per-rodalies-en-les-persones-treballadores-de-lajuntament-i-lafectacio-en-la-prestacio-dels-serveis-municipals\/#breadcrumb","itemListElement":[{"@type":"ListItem","position":1,"name":"Inici","item":"https:\/\/www.sindicaturabarcelona.cat\/ca\/"},{"@type":"ListItem","position":2,"name":"La Sindicatura de Greuges de Barcelona analitzar\u00e0 la vulneraci\u00f3 de drets ocasionada per Rodalies a les persones treballadores de l\u2019Ajuntament i l\u2019afectaci\u00f3 en la prestaci\u00f3 dels serveis municipals"}]},{"@type":"WebSite","@id":"https:\/\/www.sindicaturabarcelona.cat\/ca\/#website","url":"https:\/\/www.sindicaturabarcelona.cat\/ca\/","name":"Sindicatura de Greuges de Barcelona","description":"La defensoria dels teus drets","publisher":{"@id":"https:\/\/www.sindicaturabarcelona.cat\/ca\/#organization"},"potentialAction":[{"@type":"SearchAction","target":{"@type":"EntryPoint","urlTemplate":"https:\/\/www.sindicaturabarcelona.cat\/ca\/?s={search_term_string}"},"query-input":{"@type":"PropertyValueSpecification","valueRequired":true,"valueName":"search_term_string"}}],"inLanguage":"ca"},{"@type":"Organization","@id":"https:\/\/www.sindicaturabarcelona.cat\/ca\/#organization","name":"Sindicatura de Greuges de Barcelona","url":"https:\/\/www.sindicaturabarcelona.cat\/ca\/","logo":{"@type":"ImageObject","inLanguage":"ca","@id":"https:\/\/www.sindicaturabarcelona.cat\/ca\/#\/schema\/logo\/image\/","url":"https:\/\/www.sindicaturabarcelona.cat\/wp-content\/uploads\/2023\/02\/logo_sindicatura.svg","contentUrl":"https:\/\/www.sindicaturabarcelona.cat\/wp-content\/uploads\/2023\/02\/logo_sindicatura.svg","caption":"Sindicatura de Greuges de Barcelona"},"image":{"@id":"https:\/\/www.sindicaturabarcelona.cat\/ca\/#\/schema\/logo\/image\/"},"sameAs":["https:\/\/x.com\/sindicbarcelona","https:\/\/www.instagram.com\/sindicbarcelona\/","https:\/\/www.tiktok.com\/@sindicaturabcn","https:\/\/t.me\/sindicaturabarcelona"]},{"@type":"Person","@id":"https:\/\/www.sindicaturabarcelona.cat\/ca\/#\/schema\/person\/0e5acffc350ffdbc97578159322c9452","name":"Pablo","image":{"@type":"ImageObject","inLanguage":"ca","@id":"https:\/\/secure.gravatar.com\/avatar\/c948169b402ef9492afde705c3dfd5e90e1a6a84ef6840a91124f805a25a480f?s=96&d=mm&r=g","url":"https:\/\/secure.gravatar.com\/avatar\/c948169b402ef9492afde705c3dfd5e90e1a6a84ef6840a91124f805a25a480f?s=96&d=mm&r=g","contentUrl":"https:\/\/secure.gravatar.com\/avatar\/c948169b402ef9492afde705c3dfd5e90e1a6a84ef6840a91124f805a25a480f?s=96&d=mm&r=g","caption":"Pablo"},"url":"https:\/\/www.sindicaturabarcelona.cat\/ca\/author\/pablo\/"}]}},"_links":{"self":[{"href":"https:\/\/www.sindicaturabarcelona.cat\/ca\/wp-json\/wp\/v2\/posts\/36299","targetHints":{"allow":["GET"]}}],"collection":[{"href":"https:\/\/www.sindicaturabarcelona.cat\/ca\/wp-json\/wp\/v2\/posts"}],"about":[{"href":"https:\/\/www.sindicaturabarcelona.cat\/ca\/wp-json\/wp\/v2\/types\/post"}],"author":[{"embeddable":true,"href":"https:\/\/www.sindicaturabarcelona.cat\/ca\/wp-json\/wp\/v2\/users\/2"}],"replies":[{"embeddable":true,"href":"https:\/\/www.sindicaturabarcelona.cat\/ca\/wp-json\/wp\/v2\/comments?post=36299"}],"version-history":[{"count":6,"href":"https:\/\/www.sindicaturabarcelona.cat\/ca\/wp-json\/wp\/v2\/posts\/36299\/revisions"}],"predecessor-version":[{"id":36336,"href":"https:\/\/www.sindicaturabarcelona.cat\/ca\/wp-json\/wp\/v2\/posts\/36299\/revisions\/36336"}],"wp:featuredmedia":[{"embeddable":true,"href":"https:\/\/www.sindicaturabarcelona.cat\/ca\/wp-json\/wp\/v2\/media\/36267"}],"wp:attachment":[{"href":"https:\/\/www.sindicaturabarcelona.cat\/ca\/wp-json\/wp\/v2\/media?parent=36299"}],"wp:term":[{"taxonomy":"post_tag","embeddable":true,"href":"https:\/\/www.sindicaturabarcelona.cat\/ca\/wp-json\/wp\/v2\/tags?post=36299"},{"taxonomy":"drets","embeddable":true,"href":"https:\/\/www.sindicaturabarcelona.cat\/ca\/wp-json\/wp\/v2\/drets?post=36299"}],"curies":[{"name":"wp","href":"https:\/\/api.w.org\/{rel}","templated":true}]}}