{"id":36055,"date":"2025-03-20T13:12:32","date_gmt":"2025-03-20T11:12:32","guid":{"rendered":"https:\/\/www.sindicaturabarcelona.cat\/?p=36055"},"modified":"2025-10-07T11:30:02","modified_gmt":"2025-10-07T09:30:02","slug":"la-sindicatura-de-greuges-de-barcelona-presenta-linforme-anual-del-2024","status":"publish","type":"post","link":"https:\/\/www.sindicaturabarcelona.cat\/ca\/la-sindicatura-de-greuges-de-barcelona-presenta-linforme-anual-del-2024\/","title":{"rendered":"La Sindicatura de Greuges de Barcelona presenta l\u2019informe anual del 2024"},"content":{"rendered":"\n<h2 class=\"wp-block-heading\"><strong>La Sindicatura trasllada a l\u2019Ajuntament 10 propostes d\u2019abordament prioritari: millorar l\u2019atenci\u00f3 en casos de viol\u00e8ncies sexuals no recents, protegir el dret al joc als patis escolars i a l\u2019espai p\u00fablic d\u2019infants i adolescents o assegurar els drets de les persones amb discapacitat, entre d\u2019altres.<\/strong><\/h2>\n\n\n\n<h2 class=\"wp-block-heading\"><strong>El 2024 la Sindicatura, a trav\u00e9s de la Comissi\u00f3 de Reparaci\u00f3, va organitzar un acte per a les v\u00edctimes i supervivents d\u2019abusos a l\u2019Escola Barcelona.<\/strong><\/h2>\n\n\n\n<h2 class=\"wp-block-heading\"><strong>Per primera vegada, celebrem un acte de retorn a la ciutadania de Barcelona del balan\u00e7 del treball de la Sindicatura. Tamb\u00e9 presentem una versi\u00f3 de l\u2019informe en format interactiu per explicar-ne els punts principals de manera audiovisual.<\/strong><\/h2>\n\n\n\n<h2 class=\"wp-block-heading\"><strong>Al desembre va culminar un dels objectius principals establerts durant el mandat de David Bondia, la visita als 73 barris de la ciutat.<\/strong><\/h2>\n\n\n\n<h2 class=\"wp-block-heading\"><strong>La Sindicatura va iniciar per primer cop el 2024 un projecte europeu, l\u2019iDEM (<em>Innovative and Inclusive Democratic Spaces for Deliberation and Participation<\/em>), que desenvolupar\u00e0 eines d\u2019Intel\u00b7lig\u00e8ncia Artificial que simplificaran les informacions per prendre part en el debat democr\u00e0tic.<\/strong><\/h2>\n\n\n\n<h2 class=\"wp-block-heading\"><strong>El 75,6% de les recomanacions de la Sindicatura han estat acceptades, totalment (52,23%) o parcial (23,37%), per l\u2019Ajuntament.<\/strong><\/h2>\n\n\n\n<h2 class=\"wp-block-heading\"><strong>El 2024 la Sindicatura va presentar un informe monogr\u00e0fic per analitzar la modificaci\u00f3 de l\u2019Ordenan\u00e7a de Conviv\u00e8ncia de Barcelona.<\/strong><\/h2>\n\n\n\n<p>Us presentem <a href=\"https:\/\/www.sindicaturabarcelona.cat\/wp-content\/uploads\/20250424-Informe-Anual-Digital-Fulls.pdf\" target=\"_blank\" rel=\"noreferrer noopener\">l\u2019informe anual de l\u2019activitat de la Sindicatura de Greuges de Barcelona durant l\u2019any 2024<\/a>, que reflecteix les actuacions principals que hem dut a terme en defensa del dret i el deure a la ciutat, i dels drets humans de proximitat de totes les persones que habiten o transiten per Barcelona.<\/p>\n\n\n\n<p>Les principals novetats de l\u2019any passat, com els actes de presentaci\u00f3 de l\u2019informe a la ciutadania i el de reparaci\u00f3 de les v\u00edctimes d\u2019abusos a l\u2019Escola Barcelona, la visita a tots els barris de la ciutat o la inclusi\u00f3 del di\u00e0leg continu amb l\u2019Ajuntament dins de les nostres tipologies d\u2019intervenci\u00f3, ens permeten tenir el convenciment de rec\u00f3rrer el cam\u00ed adequat per aconseguir una instituci\u00f3 m\u00e9s proactiva, m\u00e9s present en el territori i que, en definitiva, permeti a la ciutadania gaudir d\u2019una vida digna de ser viscuda.<\/p>\n\n\n\n<h2 class=\"wp-block-heading\"><u><strong>Les 10 propostes de millora m\u00e9s destacades a l\u2019Ajuntament<\/strong><\/u><\/h2>\n\n\n\n<p>Al llarg de l\u2019any 2024, aquesta Sindicatura ha traslladat a l\u2019Ajuntament 10 propostes de millora que considera d\u2019abordament prioritari:<\/p>\n\n\n\n<p><strong>1. ATENCI\u00d3 I REPARACI\u00d3 EN CASOS DE VIOL\u00c8NCIES SEXUALS NO RECENTS<\/strong><\/p>\n\n\n\n<p>S\u2019ha detectat una <strong>mancan\u00e7a important de serveis que atenguin aquest col\u00b7lectiu<\/strong>, i de fet <strong>ni tant sols hi ha una definici\u00f3 acordada <\/strong>que distingeixi entre viol\u00e8ncies sexuals recents i no recents. I encara \u00e9s m\u00e9s greu en els casos d\u2019abusos sexuals comesos durant la inf\u00e0ncia i ja prescrits, en qu\u00e8 no hi ha, ni tan sols, una investigaci\u00f3 judicial ni una atenci\u00f3 per part dels serveis vinculats a la just\u00edcia. Davant d\u2019aquesta situaci\u00f3, <strong>la Sindicatura va crear una comissi\u00f3 de reparaci\u00f3 per suplir la manca de resposta institucional<\/strong>. I \u00e9s que cal garantir l\u2019acc\u00e9s a serveis d\u2019atenci\u00f3, recuperaci\u00f3 i reparaci\u00f3 a totes les persones que han patit viol\u00e8ncies sexuals no recents, especialment si es van produir en centres municipals.<\/p>\n\n\n\n<p><strong>2. EDUCACI\u00d3 DE QUALITAT I EN CONDICIONS D\u2019EQUITAT DE TOT L\u2019ALUMNAT<\/strong><\/p>\n\n\n\n<p><strong>L\u2019assist\u00e8ncia d\u2019una part de l\u2019alumnat a escoles en barracons<\/strong> m\u00e9s temps del desitjat, ja sigui per causa del retard en les obres o per manca d\u2019una ubicaci\u00f3 definitiva, <strong>suposa una greu afectaci\u00f3 a l\u2019hora de rebre una educaci\u00f3 de qualitat<\/strong>. A m\u00e9s, <strong>el Pla de xoc no inclou conceptes <\/strong>com els equipaments inform\u00e0tics o les sortides amb pernoctaci\u00f3, <strong>que s\u00ed que es garantien abans<\/strong>. Aix\u00f2 suposa un perjudici i un retroc\u00e9s per assegurar que tot l\u2019alumnat amb necessitats educatives espec\u00edfiques (NEE B) de la ciutat, amb independ\u00e8ncia de si assisteix a una escola p\u00fablica o a una de concertada, tingui la gratu\u00eftat real de la seva escolaritat.<\/p>\n\n\n\n<p><strong>3. SUBVENCIONS DIFERENCIADES PER ALS PROJECTES D\u2019ENTITATS DE PETIT FORMAT &nbsp;<\/strong><\/p>\n\n\n\n<p>La convocat\u00f2ria general de projectes, activitats i serveis suposa un repte per a les entitats i associacions de petit format, que han experimentat un empitjorament progressiu en la tramitaci\u00f3 de subvencions. <strong>Els principals motius de queixa s\u00f3n el retard en els pagaments<\/strong>, que sovint provoquen que hagin de rec\u00f3rrer a p\u00f2lisses de cr\u00e8dit o pr\u00e9stecs; i <strong>la c\u00e0rrega administrativa excessiva<\/strong>, que els obliga a contractar personal adient, amb els costos que aix\u00f2 genera. <strong>Caldria implementar mesures per simplificar els procediments de subvencions<\/strong> i, per als projectes modestos que impulsin entitats de petit format, valorar f\u00f3rmules com els <strong>procediments de concurr\u00e8ncia no competitiva o, fins i tot, la concessi\u00f3 directa.<\/strong><\/p>\n\n\n\n<p><strong>4. PROTEGIR ELS PATIS ESCOLARS I AFAVORIR EL JOC A L\u2019ESPAI P\u00daBLIC<\/strong><\/p>\n\n\n\n<p>El degoteig constant de <strong>queixes per mol\u00e8sties de soroll<\/strong> provocades pel joc dels infants i adolescents als patis escolars i a les a les places i carrers de la ciutat han comportat, fins i tot, <strong>el precintament d\u2019espais l\u00fadics, aix\u00ed com restriccions d\u2019\u00fas d\u2019instal\u00b7lacions on es realitzen pr\u00e0ctiques esportives<\/strong>. El consistori hauria de fer un <strong>proc\u00e9s transversal i participat per tal de garantir els drets humans espec\u00edfics d\u2019infants i adolescents<\/strong>. &nbsp;El dret al joc d\u2019aquest col\u00b7lectiu, fortament perjudicat per les restriccions derivades de la covid-19, est\u00e0 estretament lligat amb altres drets, que cal garantir per al seu benestar i desenvolupament integral: el dret a l\u2019educaci\u00f3, al lleure, a l\u2019esport i a la salut.<\/p>\n\n\n\n<p><strong>5. EMPADRONAMENT \u00c0GIL SIGUI QUINA SIGUI LA SITUACI\u00d3 HABITACIONAL<\/strong><\/p>\n\n\n\n<p>La ciutadania t\u00e9 el dret i el deure d\u2019empadronar-se en el municipi on resideix, amb independ\u00e8ncia de la seva situaci\u00f3 habitacional. \u00c9s un metadret, ja que permet gaudir d\u2019altres drets b\u00e0sics, com ara l\u2019educaci\u00f3 o la sanitat. \u00c9s per aix\u00f2 <strong>que l\u2019Ajuntament ha de tramitar el registre amb un procediment \u00e0gil, especialment quan es tracta de poblaci\u00f3 en situaci\u00f3 de vulnerabilitat<\/strong>, per fer-ne les comprovacions adients i amb plenes garanties jur\u00eddiques per a les persones interessades.<\/p>\n\n\n\n<p><strong>6. POSAR LES PERSONES AL CENTRE DEL DRET A LES CURES<\/strong><\/p>\n\n\n\n<p>Els serveis d\u2019atenci\u00f3 a les persones en situaci\u00f3 de depend\u00e8ncia es troben amb <strong>limitacions importants, com el temps d\u2019espera per a la tramitaci\u00f3 del Programa Individual d\u2019Atenci\u00f3<\/strong>, sense el qual no es pot optar al recurs; <strong>i la prestaci\u00f3 del Servei d\u2019Atenci\u00f3 Domicili\u00e0ria, amb canvis d\u2019horaris, dies i professionals, manca d\u2019informaci\u00f3, etc<\/strong>. El programa Respir i\/o Respir Plus, tot i la seva utilitat en permetre que les persones amb depend\u00e8ncia gaudeixin d\u2019estades en recursos residencials i als cuidadors i les cuidadores comptar amb per\u00edodes de descans, no s\u2019aplica a les persones amb menys de 60 anys. Aix\u00f2 fa que en quedin excloses fam\u00edlies amb adolescents o joves amb un important grau de depend\u00e8ncia.<\/p>\n\n\n\n<p><strong>7. REDUIR L\u2019IMPACTE DELS CABLEJATS A LA FA\u00c7ANA I DE LES ANTENES ALS TERRATS<\/strong><\/p>\n\n\n\n<p>Hi ha fa\u00e7anes farcides de cablejats i terrats amb grans instal\u00b7lacions de telecomunicacions, que fan sentir el ve\u00efnat desprotegit davant de certes pr\u00e0ctiques abusives de les empreses de serveis. <strong>L\u2019Ajuntament hauria d\u2019arbitrar les mesures necess\u00e0ries perqu\u00e8 aquestes empreses es facin c\u00e0rrec del manteniment, la seguretat<\/strong> i tamb\u00e9 el dec\u00f2rum de les seves instal\u00b7lacions, i que <strong>retirin tots els elements obsolets o innecessaris<\/strong>. El consistori tamb\u00e9 hauria d\u2019elaborar un codi de bones pr\u00e0ctiques, per assegurar una actuaci\u00f3 efica\u00e7 de les companyies que preservi el paisatge urb\u00e0.<\/p>\n\n\n\n<p><strong>8. ASSEGURAR ELS DRETS DE LES PERSONES AMB DISCAPACITAT&nbsp;&nbsp;&nbsp;&nbsp;&nbsp;&nbsp;&nbsp;&nbsp;&nbsp;&nbsp;&nbsp;&nbsp;&nbsp;&nbsp;&nbsp;&nbsp;&nbsp;&nbsp;&nbsp;<\/strong><\/p>\n\n\n\n<p>Barcelona \u00e9s una ciutat referent en temes d\u2019accessibilitat. Tanmateix, <strong>les persones amb discapacitat tot sovint tenen dificultats per fer activitats quotidianes<\/strong>: passejar, fer esport,&nbsp; anar al cinema o, fins i tot, rebre assist\u00e8ncia per a la seva higiene en condicions de salubritat. En aquest darrer cas, el problema \u00e9s la manca d\u2019espais habilitats, fet que impacta en el seu dret a la intimitat i en la seva dignitat. <strong>La nostra ciutat ha d\u2019apostar per l\u2019excel\u00b7l\u00e8ncia en mat\u00e8ria d\u2019accessibilitat universal.<\/strong><\/p>\n\n\n\n<p><strong>9. REVISAR LES CONDICIONS DELS SERVEIS ESPOR\u00c0DICS DE TRANSPORT ADAPTAT<\/strong><\/p>\n\n\n\n<p>El sistema de reserves de serveis espor\u00e0dics, amb una demanda molt superior a l\u2019oferta, no \u00e9s satisfactori, ja que es basa \u00fanicament en l\u2019ordre d\u2019entrada de les peticions. <strong>Cal introduir criteris d\u2019equitat que permetin prioritzar els serveis disponibles entre les persones sol\u00b7licitants, com el de renda o la valoraci\u00f3 del grau de discapacitat.<\/strong> Tamb\u00e9 s\u2019ha de potenciar l\u2019\u00fas compartit de vehicles, refor\u00e7ar el servei amb taxis no adaptats quan es pugui i establir penalitzacions als viatges no prestats imputables a la persona usu\u00e0ria. Aix\u00ed mateix, conv\u00e9 reflexionar sobre quina \u00e9s l\u2019Administraci\u00f3 id\u00f2nia per gestionar el servei. En aquest sentit, <strong>l\u2019\u00c0rea Metropolitana de Barcelona (AMB) hauria d\u2019assumir majors responsabilitats de gesti\u00f3.<\/strong><\/p>\n\n\n\n<p><strong>10. DRET A DISPOSAR ALLOTJAMENTS TEMPORALS D\u2019URG\u00c8NCIA ADIENTS &nbsp;<\/strong><\/p>\n\n\n\n<p><strong>Els Allotjaments Temporals d\u2019Urg\u00e8ncia presenten problemes pel que fa a la qualitat <\/strong>(separaci\u00f3 de nuclis familiars, dist\u00e0ncia respecte a la xarxa de suport de les fam\u00edlies, manca d\u2019adequaci\u00f3 i supervisi\u00f3 dels espais, etc.), <strong>a la limitaci\u00f3<\/strong> (els gestiona un operador tur\u00edstic i la disponibilitat de places est\u00e0 vinculada als fluxos tur\u00edstics de la ciutat) <strong>i al cost que suposen<\/strong>. L\u2019Institut Municipal de Serveis Socials (IMSS) est\u00e0 elaborant uns nous criteris de gesti\u00f3 per limitar la temporalitat de l\u2019\u00fas que en fan les persones que ho necessiten. La Sindicatura considera que <strong>no ha d\u2019haver-hi aquesta limitaci\u00f3 mentre les persones no disposin de recursos alternatius i de qualitat.<\/strong><\/p>\n\n\n\n<h2 class=\"wp-block-heading\"><strong><u>Acte de Reparaci\u00f3 per a les v\u00edctimes i supervivents d\u2019abusos a l\u2019Escola Barcelona<\/u><\/strong><\/h2>\n\n\n\n<p>La Comissi\u00f3 de Reparaci\u00f3 per a v\u00edctimes i supervivents d\u2019abusos en escoles p\u00fabliques, creada per la Sindicatura, va impulsar la <a href=\"https:\/\/www.sindicaturabarcelona.cat\/ca\/lajuntament-de-barcelona-demana-disculpes-a-les-persones-que-van-viure-violencies-sexuals-a-lescola-barcelona-en-un-acte-organitzat-per-la-sindicatura\/\" target=\"_blank\" rel=\"noreferrer noopener\">celebraci\u00f3 d\u2019un acte de reparaci\u00f3 pioner<\/a> en &nbsp;qu\u00e8 <strong>les administracions amb responsabilitats educatives van recon\u00e8ixer les situacions d\u2019abusos sexuals, vexacions i vulneracions<\/strong> <strong>de drets<\/strong> comeses per part d\u2019un educador de l\u2019Escola Barcelona durant<strong> les d\u00e8cades del 1980, el 1990 i el 2000<\/strong>.<\/p>\n\n\n\n<p><a href=\"https:\/\/www.sindicaturabarcelona.cat\/ca\/la-sindicatura-impulsa-la-creacio-dunacomissio-de-reparacio-per-a-victimes-deviolencia-sexual-en-la-infancia-adolescencia-ijoventut-a-les-escoles\/\" target=\"_blank\" rel=\"noreferrer noopener\">La Comissi\u00f3 de Reparaci\u00f3 va sorgir el 2023<\/a> en el marc del <strong>Grup de Treball per abordar l\u2019ab\u00fas i l\u2019assetjament sexual a dones, inf\u00e0ncia i adolesc\u00e8ncia<\/strong>. Entre els seus objectius hi ha proporcionar un espai institucional que permeti identificar mecanismes adients de reparaci\u00f3 del dany i millorar la prevenci\u00f3 d\u2019aquest tipus de fets.<\/p>\n\n\n\n<h2 class=\"wp-block-heading\"><strong><u>Una Sindicatura present al territori: ja hem visitat els 73 barris<\/u><\/strong><\/h2>\n\n\n\n<p><a href=\"https:\/\/www.sindicaturabarcelona.cat\/ca\/la-sindicatura-ja-ha-visitat-els-73-barris-de-barcelona-dins-del-programa-de-presencia-al-territori\/\" target=\"_blank\" rel=\"noreferrer noopener\">Amb la visita a La Sagrera<\/a> <strong>a principis de desembre<\/strong>, <strong>va culminar un dels objectius que s\u2019havia marcat la Sindicatura el 2024: trepitjar tots els barris<\/strong> de la ciutat per con\u00e8ixer de primera m\u00e0 els problemes reals dels diferents col\u00b7lectius.<\/p>\n\n\n\n<p>L\u2019objectiu \u00e9s, per\u00f2, m\u00e9s ambici\u00f3s, ja que <strong>es volen visitar cadascun dels 73 barris, si m\u00e9s no, dues vegades en els cinc anys de mandat<\/strong>. I des de principis de desembre, ja hem realitzat cinc visites m\u00e9s.&nbsp; La Sindicatura de Greuges ha de ser un territori i no nom\u00e9s una ubicaci\u00f3 f\u00edsica, per aix\u00f2 continuem <a href=\"https:\/\/www.sindicaturabarcelona.cat\/ca\/presencia-al-territori\/\" target=\"_blank\" rel=\"noreferrer noopener\">implementant els tres projectes<\/a> que ens permeten srrt m\u00e9s propers a la ciutadania:<\/p>\n\n\n\n<figure class=\"wp-block-table\"><table class=\"has-fixed-layout\"><tbody><tr><td><strong>La Sindicatura,<\/strong> <strong>a peu de carrer<\/strong><\/td><td>La millor manera de descobrir qu\u00e8 passa a Barcelona \u00e9s caminant-hi de la m\u00e0 de les persones que m\u00e9s saben de cada rac\u00f3 de la ciutat: el ve\u00efnat. En aquest projecte, l\u2019equip de la Sindicatura dedica tot un dia a con\u00e8ixer, a peu de carrer, les principals problem\u00e0tiques i neguits de cadascun dels 73 barris de la ciutat.<\/td><\/tr><tr><td><strong>La Sindicatura,<\/strong> <strong>a prop teu<\/strong><\/td><td>El di\u00e0leg amb la ciutadania fa que les solucions proposades siguin m\u00e9s efectives i responguin millor a les necessitats i experi\u00e8ncies de les persones. Cada mes, l\u2019equip de la Sindicatura conversa amb el ve\u00efnat de la ciutat sobre all\u00f2 que els preocupa.<\/td><\/tr><tr><td><strong>Sindicatura itinerant<\/strong><\/td><td>La Sindicatura no \u00e9s una ubicaci\u00f3 est\u00e0tica, sin\u00f3 que \u00e9s present al territori. \u00c9s una instituci\u00f3 en moviment que, de manera peri\u00f2dica, es trasllada a un equipament de proximitat, amb l&#8217;objectiu de recollir les queixes de la ciutadania, sense necessitat que aquesta es desplaci a la nostra seu.<\/td><\/tr><\/tbody><\/table><\/figure>\n\n\n\n<figure class=\"wp-block-image size-full\"><img loading=\"lazy\" decoding=\"async\" width=\"869\" height=\"532\" src=\"https:\/\/www.sindicaturabarcelona.cat\/wp-content\/uploads\/image.png\" alt=\"\" class=\"wp-image-36196\" srcset=\"https:\/\/www.sindicaturabarcelona.cat\/wp-content\/uploads\/image.png 869w, https:\/\/www.sindicaturabarcelona.cat\/wp-content\/uploads\/image-800x490.png 800w, https:\/\/www.sindicaturabarcelona.cat\/wp-content\/uploads\/image-768x470.png 768w\" sizes=\"auto, (max-width: 869px) 100vw, 869px\" \/><\/figure>\n\n\n\n<h2 class=\"wp-block-heading\"><strong><u>Acostem l\u2019informe a la ciutadania amb un acte i un interactiu<\/u><\/strong><\/h2>\n\n\n\n<p>Una altra manera d\u2019apropar la instituci\u00f3 a la ciutadania \u00e9s en la manera com presentem aquest informe anual. \u00c9s per aix\u00f2 que <strong>l\u2019any passat, i per primera vegada en la hist\u00f2ria de la Sindicatura, es va organitzar <\/strong><a href=\"https:\/\/www.sindicaturabarcelona.cat\/ca\/galeria-fotografica-de-la-presentacio-de-linforme-anual-2023-davant-la-ciutadania-les-associacions-i-les-entitats\/\" target=\"_blank\" rel=\"noreferrer noopener\"><strong>un acte dirigit directament a la ciutadania<\/strong><\/a><strong>,<\/strong> les associacions i les entitats barcelonines, al Sal\u00f3 de Cent, per explicar el contingut de l\u2019informe de 2023. <a href=\"https:\/\/www.sindicaturabarcelona.cat\/ca\/reviu-la-presentacio-de-linforme-anual-2023-davant-la-ciutadania-les-associacions-i-les-entitats\/\" target=\"_blank\" rel=\"noreferrer noopener\"><strong>Pots recuperar l\u2019acte a trav\u00e9s d\u2019aquest v\u00eddeo<\/strong><\/a>.<\/p>\n\n\n\n<p>A m\u00e9s, i amb aquesta mateixa voluntat, no nom\u00e9s <a href=\"https:\/\/www.sindicaturabarcelona.cat\/ca\/activitat\/presentacio-de-linforme-anual-2023-davant-la-ciutadania-les-associacions-i-les-entitats\/\" target=\"_blank\" rel=\"noreferrer noopener\"><strong>repetirem aquest acte enguany, el proper 10 d\u2019abril<\/strong><\/a><strong>,<\/strong> sin\u00f3 que apostem per nous llenguatges i, per primer cop, <strong>hem preparat una versi\u00f3 de l\u2019informe anual en format interactiu per explicar de manera gr\u00e0fica i audiovisual<\/strong> els punts principals d\u2019aquest informe anual. <a href=\"https:\/\/www.sindicaturabarcelona.cat\/interactiu\" target=\"_blank\" rel=\"noreferrer noopener\"><strong>Pots consultar l\u2019interactiu a trav\u00e9s d\u2019aquest enlla\u00e7<\/strong>.<\/a><strong> <\/strong><\/p>\n\n\n\n<h2 class=\"wp-block-heading\"><strong><u>Participem en un projecte europeu ambici\u00f3s<\/u><\/strong><\/h2>\n\n\n\n<p>Per primer cop, la Sindicatura participa en <strong>un projecte europeu<\/strong>. Es tracta de l\u00b4<a href=\"https:\/\/idemproject.eu\/cat\" target=\"_blank\" rel=\"noreferrer noopener\">iDEM<\/a> <em>(Innovative and Inclusive Democratic Spaces for Deliberation and Participation)<\/em>, que <strong>desenvolupar\u00e0 eines d\u2019Intel\u00b7lig\u00e8ncia Artificial que simplificaran i faran m\u00e9s comprensibles les informacions per participar en el debat democr\u00e0tic<\/strong>.<\/p>\n\n\n\n<p>Els participants, entre els quals tamb\u00e9 hi ha l\u2019Institut Municipal de Persones amb Discapacitat (IMPD), s\u00f3n universitats, institucions, entitats socials i empreses tecnol\u00f2giques de pa\u00efsos com Alemanya, \u00c0ustria, Irlanda, It\u00e0lia i el Regne Unit.<\/p>\n\n\n\n<h2 class=\"wp-block-heading\"><strong><u>Com interv\u00e9 la Sindicatura i quin impacte t\u00e9?<\/u><\/strong><\/h2>\n\n\n\n<p>Actualment, la Sindicatura interv\u00e9 de formes molt diverses, mostrant una major proactivitat en con\u00e8ixer i resoldre els problemes de la ciutadania. Hem passat de ser una b\u00fastia de queixes a ser una instituci\u00f3 que t\u00e9 una \u00e0mplia pres\u00e8ncia en el territori i una major proximitat amb el ve\u00efnat de Barcelona. Per primera cop, a m\u00e9s, introdu\u00efm el di\u00e0leg continu amb l\u2019Ajuntament dins de les nostres tipologies d\u2019intervenci\u00f3,&nbsp; ja que som, alhora, instituci\u00f3 supervisora i col\u00b7laboradora.<\/p>\n\n\n\n<figure class=\"wp-block-image size-full\"><img loading=\"lazy\" decoding=\"async\" width=\"886\" height=\"500\" src=\"https:\/\/www.sindicaturabarcelona.cat\/wp-content\/uploads\/image-1.png\" alt=\"\" class=\"wp-image-36199\" srcset=\"https:\/\/www.sindicaturabarcelona.cat\/wp-content\/uploads\/image-1.png 886w, https:\/\/www.sindicaturabarcelona.cat\/wp-content\/uploads\/image-1-800x451.png 800w, https:\/\/www.sindicaturabarcelona.cat\/wp-content\/uploads\/image-1-495x278.png 495w, https:\/\/www.sindicaturabarcelona.cat\/wp-content\/uploads\/image-1-768x433.png 768w\" sizes=\"auto, (max-width: 886px) 100vw, 886px\" \/><\/figure>\n\n\n\n<p>Una de les accions destacades de l\u2019any 2024 \u00e9s l\u2019an\u00e0lisi per part de la Sindicatura de Greuges de Barcelona de l\u2019impacte que t\u00e9 la nostra intervenci\u00f3 en la resoluci\u00f3 de problemes i la defensa dels drets de la proximitat. <a href=\"https:\/\/www.sindicaturabarcelona.cat\/wp-content\/uploads\/20250305-Informe-Anual-Digital-ImpacteIntervencio.pdf\" target=\"_blank\" rel=\"noreferrer noopener\"><strong>Podeu consultar l\u2019abans i el despr\u00e9s de casos concrets en qu\u00e8 ha intervingut la Sindicatura<\/strong><\/a> i veure\u2019n a continuaci\u00f3 l\u2019impacte.<\/p>\n\n\n\n<figure class=\"wp-block-image size-full\"><img loading=\"lazy\" decoding=\"async\" width=\"914\" height=\"486\" src=\"https:\/\/www.sindicaturabarcelona.cat\/wp-content\/uploads\/image-2.png\" alt=\"\" class=\"wp-image-36202\" srcset=\"https:\/\/www.sindicaturabarcelona.cat\/wp-content\/uploads\/image-2.png 914w, https:\/\/www.sindicaturabarcelona.cat\/wp-content\/uploads\/image-2-800x425.png 800w, https:\/\/www.sindicaturabarcelona.cat\/wp-content\/uploads\/image-2-768x408.png 768w\" sizes=\"auto, (max-width: 914px) 100vw, 914px\" \/><\/figure>\n\n\n\n<h2 class=\"wp-block-heading\"><strong><u>Les dades de l\u2019any 2024<\/u><\/strong><\/h2>\n\n\n\n<p>Al llarg del 2024, la Sindicatura ha dut a terme&nbsp;<strong>2.249 intervencions.&nbsp;D\u2019aquest total, 1.180 han estat peticions ciutadanes, actuacions d\u2019ofici i dict\u00e0mens (486 queixes, 17 actuacions d\u2019ofici 676 assessoraments t\u00e8cnics i jur\u00eddics i un dictamen), 1.001 atencions i 68 seguiments. <\/strong>Aquestes intervencions <strong>s\u2019han convertit en 523 pronunciaments (\u00e9s a dir, resolucions) de la Sindicatura adre\u00e7ades a l\u2019Ajuntament <\/strong>de Barcelona, entre altres institucions.<strong> &nbsp;<\/strong><\/p>\n\n\n\n<p>Una de les primeres mesures que es van prendre en aquest projecte 2021-2026 &nbsp;va ser establir un nou m\u00e8tode per analitzar les seves intervencions: articular les seves resolucions en funci\u00f3 dels drets afectats. Concretament, la Sindicatura ha establert quatre \u00e0mbits d\u2019actuaci\u00f3 i un eix interseccional.<\/p>\n\n\n\n<figure class=\"wp-block-image size-full\"><img loading=\"lazy\" decoding=\"async\" width=\"807\" height=\"411\" src=\"https:\/\/www.sindicaturabarcelona.cat\/wp-content\/uploads\/image-3.png\" alt=\"\" class=\"wp-image-36205\" srcset=\"https:\/\/www.sindicaturabarcelona.cat\/wp-content\/uploads\/image-3.png 807w, https:\/\/www.sindicaturabarcelona.cat\/wp-content\/uploads\/image-3-800x407.png 800w, https:\/\/www.sindicaturabarcelona.cat\/wp-content\/uploads\/image-3-768x391.png 768w\" sizes=\"auto, (max-width: 807px) 100vw, 807px\" \/><\/figure>\n\n\n\n<h2 class=\"wp-block-heading\"><strong><u>An\u00e0lisi dels pronunciaments de la Sindicatura de l\u2019any 2024<\/u><\/strong><\/h2>\n\n\n\n<p>Els 523 pronunciaments emesos per la Sindicatura durant l\u2019any passat <strong>es classifiquen, segons l\u2019\u00e0mbit i els drets afectats, <\/strong>de la manera seg\u00fcent:<\/p>\n\n\n\n<figure class=\"wp-block-image size-full\"><img loading=\"lazy\" decoding=\"async\" width=\"833\" height=\"483\" src=\"https:\/\/www.sindicaturabarcelona.cat\/wp-content\/uploads\/image-4.png\" alt=\"\" class=\"wp-image-36208\" srcset=\"https:\/\/www.sindicaturabarcelona.cat\/wp-content\/uploads\/image-4.png 833w, https:\/\/www.sindicaturabarcelona.cat\/wp-content\/uploads\/image-4-800x464.png 800w, https:\/\/www.sindicaturabarcelona.cat\/wp-content\/uploads\/image-4-768x445.png 768w\" sizes=\"auto, (max-width: 833px) 100vw, 833px\" \/><\/figure>\n\n\n\n<p>Concretament, els sis drets afectats m\u00e9s recurrents en els 523 pronunciaments de la Sindicatura durant el 2024 han estat el dret a una bona administraci\u00f3, el dret al descans i el dret a l\u2019habitatge. Cal tenir en compte, per\u00f2, que sovint una mateixa problem\u00e0tica vulnera m\u00e9s d\u2019un dret.<\/p>\n\n\n\n<figure class=\"wp-block-image size-full\"><img loading=\"lazy\" decoding=\"async\" width=\"940\" height=\"513\" src=\"https:\/\/www.sindicaturabarcelona.cat\/wp-content\/uploads\/image-5.png\" alt=\"\" class=\"wp-image-36211\" srcset=\"https:\/\/www.sindicaturabarcelona.cat\/wp-content\/uploads\/image-5.png 940w, https:\/\/www.sindicaturabarcelona.cat\/wp-content\/uploads\/image-5-800x437.png 800w, https:\/\/www.sindicaturabarcelona.cat\/wp-content\/uploads\/image-5-768x419.png 768w\" sizes=\"auto, (max-width: 940px) 100vw, 940px\" \/><\/figure>\n\n\n\n<p>Un altre tractament que la Sindicatura vincula a aquests 523 pronunciaments \u00e9s l\u2019\u00f2rgan al qual s\u2019adrecen: els districtes, d\u2019una banda, i les \u00e0rees de govern, de l\u2019altra.<\/p>\n\n\n\n<figure class=\"wp-block-image size-full\"><img loading=\"lazy\" decoding=\"async\" width=\"936\" height=\"573\" src=\"https:\/\/www.sindicaturabarcelona.cat\/wp-content\/uploads\/image-6.png\" alt=\"\" class=\"wp-image-36214\" srcset=\"https:\/\/www.sindicaturabarcelona.cat\/wp-content\/uploads\/image-6.png 936w, https:\/\/www.sindicaturabarcelona.cat\/wp-content\/uploads\/image-6-800x490.png 800w, https:\/\/www.sindicaturabarcelona.cat\/wp-content\/uploads\/image-6-768x470.png 768w\" sizes=\"auto, (max-width: 936px) 100vw, 936px\" \/><\/figure>\n\n\n\n<figure class=\"wp-block-image size-full\"><img loading=\"lazy\" decoding=\"async\" width=\"992\" height=\"560\" src=\"https:\/\/www.sindicaturabarcelona.cat\/wp-content\/uploads\/image-7.png\" alt=\"\" class=\"wp-image-36217\" srcset=\"https:\/\/www.sindicaturabarcelona.cat\/wp-content\/uploads\/image-7.png 992w, https:\/\/www.sindicaturabarcelona.cat\/wp-content\/uploads\/image-7-800x452.png 800w, https:\/\/www.sindicaturabarcelona.cat\/wp-content\/uploads\/image-7-495x278.png 495w, https:\/\/www.sindicaturabarcelona.cat\/wp-content\/uploads\/image-7-768x434.png 768w\" sizes=\"auto, (max-width: 992px) 100vw, 992px\" \/><\/figure>\n\n\n\n<figure class=\"wp-block-image size-full\"><img loading=\"lazy\" decoding=\"async\" width=\"1002\" height=\"570\" src=\"https:\/\/www.sindicaturabarcelona.cat\/wp-content\/uploads\/image-8.png\" alt=\"\" class=\"wp-image-36220\" srcset=\"https:\/\/www.sindicaturabarcelona.cat\/wp-content\/uploads\/image-8.png 1002w, https:\/\/www.sindicaturabarcelona.cat\/wp-content\/uploads\/image-8-800x455.png 800w, https:\/\/www.sindicaturabarcelona.cat\/wp-content\/uploads\/image-8-768x437.png 768w\" sizes=\"auto, (max-width: 1002px) 100vw, 1002px\" \/><\/figure>\n\n\n\n<h2 class=\"wp-block-heading\"><strong><u>L\u2019informe monogr\u00e0fic de l\u2019any 2024<\/u><\/strong><\/h2>\n\n\n\n<p>El 2024 la Sindicatura de Greuges de Barcelona ha publicat un informe monogr\u00e0fic dins de l\u2019\u00e0mbit de l\u2019<strong>espai p\u00fablic<\/strong> i el <strong>dret a la ciutat<\/strong>, per elaborar un posicionament i fer propostes de millora a l\u2019Ajuntament:<\/p>\n\n\n\n<figure class=\"wp-block-table\"><table class=\"has-fixed-layout\"><tbody><tr><td><a href=\"https:\/\/www.sindicaturabarcelona.cat\/wp-content\/uploads\/20241024_Informe-Ordenanca-Convivencia.pdf\" target=\"_blank\" rel=\"noreferrer noopener\"><strong>An\u00e0lisi de l\u2019Ordenan\u00e7a de Conviv\u00e8ncia de Barcelona<\/strong> <\/a> <strong>&nbsp;<\/strong><\/td><td>L\u2019informe, elaborat arran del proc\u00e9s de modificaci\u00f3 de l\u2019Ordenan\u00e7a de Conviv\u00e8ncia municipal, t\u00e9 l\u2019objectiu <strong>de treballar aquest \u00e0mbit des d\u2019una perspectiva total i centrant-la en l\u2019espai p\u00fablic com a b\u00e9 com\u00fa<\/strong>. La Sindicatura advoca per excloure de qualsevol regulaci\u00f3 sobre la conviv\u00e8ncia a persones i col\u00b7lectius que requereixen altres tipus d\u2019acompanyaments i accions institucionals i socials diferents. Aquests casos mereixen una atenci\u00f3 especial i independent. L\u2019an\u00e0lisi aborda l\u2019origen i l\u2019adopci\u00f3 de l\u2019ordenan\u00e7a, elabora un <strong>sondatge de l\u2019aplicaci\u00f3 i del proc\u00e9s actual de reforma i planteja propostes de futur<\/strong>.<\/td><\/tr><\/tbody><\/table><\/figure>\n","protected":false},"excerpt":{"rendered":"<p>La Sindicatura trasllada a l\u2019Ajuntament 10 propostes d\u2019abordament prioritari: millorar l\u2019atenci\u00f3 en casos de viol\u00e8ncies sexuals no recents, protegir el dret al joc als patis escolars i a l\u2019espai p\u00fablic [&hellip;]<\/p>\n","protected":false},"author":2,"featured_media":36225,"comment_status":"closed","ping_status":"closed","sticky":false,"template":"","format":"standard","meta":{"_acf_changed":false,"footnotes":""},"tags":[],"drets":[1428,1463,1430,1431,1432,1433,1434,1435,1436,1437,1442,1462,1459,1458,1457,1503,1440,1455,1456,1454,1453,1452,1451,1647,1652,1667,1438,1450,1449,1448,1447,1446,1445,1444,1502],"class_list":["post-36055","post","type-post","status-publish","format-standard","has-post-thumbnail","hentry","drets-ciutat-equitativa","drets-dret-serveis-proteccio-social","drets-dret-a-educacio-i-lleure","drets-dret-a-la-salut","drets-drets-culturals","drets-dret-a-lesport","drets-dret-al-treball","drets-dret-a-lhabitatge","drets-drets-dacolldia","drets-dret-a-una-vida-lliure-de-violencies","drets-ciutat-diversa","drets-drets-de-la-infancia-i-ladolescencia","drets-drets-de-participacio","drets-dret-a-la-igualtat-i-a-la-diversitat","drets-drets-linguistics","drets-dret-a-les-cures","drets-ciutat-garantista","drets-drets-digitals","drets-dret-a-una-bona-administracio","drets-drets-de-les-persones-consumidores","drets-drets-funeraris","drets-dret-a-la-seguretat-ciutadana","drets-dret-a-lempadronament","drets-dret-a-la-informacio","drets-dret-a-la-memoria-democratica","drets-dret-a-la-integritat","drets-ciutat-habitable-i-sostenible","drets-dret-a-un-urbanisme-harmonios","drets-dret-a-una-convivencia-pacifica","drets-dret-al-medi-ambient","drets-dret-a-la-mobilitat","drets-dret-a-lespai-public","drets-dret-a-laccessibilitat-i-la-inclusivitat","drets-dret-al-descans","drets-dret-al-benestar-animal"],"acf":[],"yoast_head":"<!-- This site is optimized with the Yoast SEO plugin v27.5 - https:\/\/yoast.com\/product\/yoast-seo-wordpress\/ -->\n<title>La Sindicatura de Greuges de Barcelona presenta l\u2019informe anual del 2024 - Sindicatura de Greuges de Barcelona<\/title>\n<meta name=\"description\" content=\"S&#039;hi recullen les actuacions en defensa del dret i el deure a la ciutat, i dels DDHH de proximitat de qui habita o transita per Barcelona.\" \/>\n<meta name=\"robots\" content=\"index, follow, max-snippet:-1, max-image-preview:large, max-video-preview:-1\" \/>\n<link rel=\"canonical\" href=\"https:\/\/www.sindicaturabarcelona.cat\/ca\/la-sindicatura-de-greuges-de-barcelona-presenta-linforme-anual-del-2024\/\" \/>\n<meta property=\"og:locale\" content=\"ca_ES\" \/>\n<meta property=\"og:type\" content=\"article\" \/>\n<meta property=\"og:title\" content=\"La Sindicatura de Greuges de Barcelona presenta l\u2019informe anual del 2024 - Sindicatura de Greuges de Barcelona\" \/>\n<meta property=\"og:description\" content=\"S&#039;hi recullen les actuacions en defensa del dret i el deure a la ciutat, i dels DDHH de proximitat de qui habita o transita per Barcelona.\" \/>\n<meta property=\"og:url\" content=\"https:\/\/www.sindicaturabarcelona.cat\/ca\/la-sindicatura-de-greuges-de-barcelona-presenta-linforme-anual-del-2024\/\" \/>\n<meta property=\"og:site_name\" content=\"Sindicatura de Greuges de Barcelona\" \/>\n<meta property=\"article:published_time\" content=\"2025-03-20T11:12:32+00:00\" \/>\n<meta property=\"article:modified_time\" content=\"2025-10-07T09:30:02+00:00\" \/>\n<meta property=\"og:image\" content=\"https:\/\/www.sindicaturabarcelona.cat\/wp-content\/uploads\/KM4A0642-scaled.jpg\" \/>\n\t<meta property=\"og:image:width\" content=\"2560\" \/>\n\t<meta property=\"og:image:height\" content=\"1707\" \/>\n\t<meta property=\"og:image:type\" content=\"image\/jpeg\" \/>\n<meta name=\"author\" content=\"Pablo\" \/>\n<meta name=\"twitter:card\" content=\"summary_large_image\" \/>\n<meta name=\"twitter:creator\" content=\"@sindicbarcelona\" \/>\n<meta name=\"twitter:site\" content=\"@sindicbarcelona\" \/>\n<meta name=\"twitter:label1\" content=\"Escrit per\" \/>\n\t<meta name=\"twitter:data1\" content=\"Pablo\" \/>\n\t<meta name=\"twitter:label2\" content=\"Temps estimat de lectura\" \/>\n\t<meta name=\"twitter:data2\" content=\"17 minuts\" \/>\n<script type=\"application\/ld+json\" class=\"yoast-schema-graph\">{\"@context\":\"https:\\\/\\\/schema.org\",\"@graph\":[{\"@type\":\"Article\",\"@id\":\"https:\\\/\\\/www.sindicaturabarcelona.cat\\\/ca\\\/la-sindicatura-de-greuges-de-barcelona-presenta-linforme-anual-del-2024\\\/#article\",\"isPartOf\":{\"@id\":\"https:\\\/\\\/www.sindicaturabarcelona.cat\\\/ca\\\/la-sindicatura-de-greuges-de-barcelona-presenta-linforme-anual-del-2024\\\/\"},\"author\":{\"name\":\"Pablo\",\"@id\":\"https:\\\/\\\/www.sindicaturabarcelona.cat\\\/ca\\\/#\\\/schema\\\/person\\\/0e5acffc350ffdbc97578159322c9452\"},\"headline\":\"La Sindicatura de Greuges de Barcelona presenta l\u2019informe anual del 2024\",\"datePublished\":\"2025-03-20T11:12:32+00:00\",\"dateModified\":\"2025-10-07T09:30:02+00:00\",\"mainEntityOfPage\":{\"@id\":\"https:\\\/\\\/www.sindicaturabarcelona.cat\\\/ca\\\/la-sindicatura-de-greuges-de-barcelona-presenta-linforme-anual-del-2024\\\/\"},\"wordCount\":2927,\"publisher\":{\"@id\":\"https:\\\/\\\/www.sindicaturabarcelona.cat\\\/ca\\\/#organization\"},\"image\":{\"@id\":\"https:\\\/\\\/www.sindicaturabarcelona.cat\\\/ca\\\/la-sindicatura-de-greuges-de-barcelona-presenta-linforme-anual-del-2024\\\/#primaryimage\"},\"thumbnailUrl\":\"https:\\\/\\\/www.sindicaturabarcelona.cat\\\/wp-content\\\/uploads\\\/KM4A0642-scaled.jpg\",\"inLanguage\":\"ca\"},{\"@type\":\"WebPage\",\"@id\":\"https:\\\/\\\/www.sindicaturabarcelona.cat\\\/ca\\\/la-sindicatura-de-greuges-de-barcelona-presenta-linforme-anual-del-2024\\\/\",\"url\":\"https:\\\/\\\/www.sindicaturabarcelona.cat\\\/ca\\\/la-sindicatura-de-greuges-de-barcelona-presenta-linforme-anual-del-2024\\\/\",\"name\":\"La Sindicatura de Greuges de Barcelona presenta l\u2019informe anual del 2024 - Sindicatura de Greuges de Barcelona\",\"isPartOf\":{\"@id\":\"https:\\\/\\\/www.sindicaturabarcelona.cat\\\/ca\\\/#website\"},\"primaryImageOfPage\":{\"@id\":\"https:\\\/\\\/www.sindicaturabarcelona.cat\\\/ca\\\/la-sindicatura-de-greuges-de-barcelona-presenta-linforme-anual-del-2024\\\/#primaryimage\"},\"image\":{\"@id\":\"https:\\\/\\\/www.sindicaturabarcelona.cat\\\/ca\\\/la-sindicatura-de-greuges-de-barcelona-presenta-linforme-anual-del-2024\\\/#primaryimage\"},\"thumbnailUrl\":\"https:\\\/\\\/www.sindicaturabarcelona.cat\\\/wp-content\\\/uploads\\\/KM4A0642-scaled.jpg\",\"datePublished\":\"2025-03-20T11:12:32+00:00\",\"dateModified\":\"2025-10-07T09:30:02+00:00\",\"description\":\"S'hi recullen les actuacions en defensa del dret i el deure a la ciutat, i dels DDHH de proximitat de qui habita o transita per Barcelona.\",\"breadcrumb\":{\"@id\":\"https:\\\/\\\/www.sindicaturabarcelona.cat\\\/ca\\\/la-sindicatura-de-greuges-de-barcelona-presenta-linforme-anual-del-2024\\\/#breadcrumb\"},\"inLanguage\":\"ca\",\"potentialAction\":[{\"@type\":\"ReadAction\",\"target\":[\"https:\\\/\\\/www.sindicaturabarcelona.cat\\\/ca\\\/la-sindicatura-de-greuges-de-barcelona-presenta-linforme-anual-del-2024\\\/\"]}]},{\"@type\":\"ImageObject\",\"inLanguage\":\"ca\",\"@id\":\"https:\\\/\\\/www.sindicaturabarcelona.cat\\\/ca\\\/la-sindicatura-de-greuges-de-barcelona-presenta-linforme-anual-del-2024\\\/#primaryimage\",\"url\":\"https:\\\/\\\/www.sindicaturabarcelona.cat\\\/wp-content\\\/uploads\\\/KM4A0642-scaled.jpg\",\"contentUrl\":\"https:\\\/\\\/www.sindicaturabarcelona.cat\\\/wp-content\\\/uploads\\\/KM4A0642-scaled.jpg\",\"width\":2560,\"height\":1707},{\"@type\":\"BreadcrumbList\",\"@id\":\"https:\\\/\\\/www.sindicaturabarcelona.cat\\\/ca\\\/la-sindicatura-de-greuges-de-barcelona-presenta-linforme-anual-del-2024\\\/#breadcrumb\",\"itemListElement\":[{\"@type\":\"ListItem\",\"position\":1,\"name\":\"Inici\",\"item\":\"https:\\\/\\\/www.sindicaturabarcelona.cat\\\/ca\\\/\"},{\"@type\":\"ListItem\",\"position\":2,\"name\":\"La Sindicatura de Greuges de Barcelona presenta l\u2019informe anual del 2024\"}]},{\"@type\":\"WebSite\",\"@id\":\"https:\\\/\\\/www.sindicaturabarcelona.cat\\\/ca\\\/#website\",\"url\":\"https:\\\/\\\/www.sindicaturabarcelona.cat\\\/ca\\\/\",\"name\":\"Sindicatura de Greuges de Barcelona\",\"description\":\"La defensoria dels teus drets\",\"publisher\":{\"@id\":\"https:\\\/\\\/www.sindicaturabarcelona.cat\\\/ca\\\/#organization\"},\"potentialAction\":[{\"@type\":\"SearchAction\",\"target\":{\"@type\":\"EntryPoint\",\"urlTemplate\":\"https:\\\/\\\/www.sindicaturabarcelona.cat\\\/ca\\\/?s={search_term_string}\"},\"query-input\":{\"@type\":\"PropertyValueSpecification\",\"valueRequired\":true,\"valueName\":\"search_term_string\"}}],\"inLanguage\":\"ca\"},{\"@type\":\"Organization\",\"@id\":\"https:\\\/\\\/www.sindicaturabarcelona.cat\\\/ca\\\/#organization\",\"name\":\"Sindicatura de Greuges de Barcelona\",\"url\":\"https:\\\/\\\/www.sindicaturabarcelona.cat\\\/ca\\\/\",\"logo\":{\"@type\":\"ImageObject\",\"inLanguage\":\"ca\",\"@id\":\"https:\\\/\\\/www.sindicaturabarcelona.cat\\\/ca\\\/#\\\/schema\\\/logo\\\/image\\\/\",\"url\":\"https:\\\/\\\/www.sindicaturabarcelona.cat\\\/wp-content\\\/uploads\\\/2023\\\/02\\\/logo_sindicatura.svg\",\"contentUrl\":\"https:\\\/\\\/www.sindicaturabarcelona.cat\\\/wp-content\\\/uploads\\\/2023\\\/02\\\/logo_sindicatura.svg\",\"caption\":\"Sindicatura de Greuges de Barcelona\"},\"image\":{\"@id\":\"https:\\\/\\\/www.sindicaturabarcelona.cat\\\/ca\\\/#\\\/schema\\\/logo\\\/image\\\/\"},\"sameAs\":[\"https:\\\/\\\/x.com\\\/sindicbarcelona\",\"https:\\\/\\\/www.instagram.com\\\/sindicbarcelona\\\/\",\"https:\\\/\\\/www.tiktok.com\\\/@sindicaturabcn\",\"https:\\\/\\\/t.me\\\/sindicaturabarcelona\"]},{\"@type\":\"Person\",\"@id\":\"https:\\\/\\\/www.sindicaturabarcelona.cat\\\/ca\\\/#\\\/schema\\\/person\\\/0e5acffc350ffdbc97578159322c9452\",\"name\":\"Pablo\",\"image\":{\"@type\":\"ImageObject\",\"inLanguage\":\"ca\",\"@id\":\"https:\\\/\\\/secure.gravatar.com\\\/avatar\\\/c948169b402ef9492afde705c3dfd5e90e1a6a84ef6840a91124f805a25a480f?s=96&d=mm&r=g\",\"url\":\"https:\\\/\\\/secure.gravatar.com\\\/avatar\\\/c948169b402ef9492afde705c3dfd5e90e1a6a84ef6840a91124f805a25a480f?s=96&d=mm&r=g\",\"contentUrl\":\"https:\\\/\\\/secure.gravatar.com\\\/avatar\\\/c948169b402ef9492afde705c3dfd5e90e1a6a84ef6840a91124f805a25a480f?s=96&d=mm&r=g\",\"caption\":\"Pablo\"},\"url\":\"https:\\\/\\\/www.sindicaturabarcelona.cat\\\/ca\\\/author\\\/pablo\\\/\"}]}<\/script>\n<!-- \/ Yoast SEO plugin. -->","yoast_head_json":{"title":"La Sindicatura de Greuges de Barcelona presenta l\u2019informe anual del 2024 - Sindicatura de Greuges de Barcelona","description":"S'hi recullen les actuacions en defensa del dret i el deure a la ciutat, i dels DDHH de proximitat de qui habita o transita per Barcelona.","robots":{"index":"index","follow":"follow","max-snippet":"max-snippet:-1","max-image-preview":"max-image-preview:large","max-video-preview":"max-video-preview:-1"},"canonical":"https:\/\/www.sindicaturabarcelona.cat\/ca\/la-sindicatura-de-greuges-de-barcelona-presenta-linforme-anual-del-2024\/","og_locale":"ca_ES","og_type":"article","og_title":"La Sindicatura de Greuges de Barcelona presenta l\u2019informe anual del 2024 - Sindicatura de Greuges de Barcelona","og_description":"S'hi recullen les actuacions en defensa del dret i el deure a la ciutat, i dels DDHH de proximitat de qui habita o transita per Barcelona.","og_url":"https:\/\/www.sindicaturabarcelona.cat\/ca\/la-sindicatura-de-greuges-de-barcelona-presenta-linforme-anual-del-2024\/","og_site_name":"Sindicatura de Greuges de Barcelona","article_published_time":"2025-03-20T11:12:32+00:00","article_modified_time":"2025-10-07T09:30:02+00:00","og_image":[{"width":2560,"height":1707,"url":"https:\/\/www.sindicaturabarcelona.cat\/wp-content\/uploads\/KM4A0642-scaled.jpg","type":"image\/jpeg"}],"author":"Pablo","twitter_card":"summary_large_image","twitter_creator":"@sindicbarcelona","twitter_site":"@sindicbarcelona","twitter_misc":{"Escrit per":"Pablo","Temps estimat de lectura":"17 minuts"},"schema":{"@context":"https:\/\/schema.org","@graph":[{"@type":"Article","@id":"https:\/\/www.sindicaturabarcelona.cat\/ca\/la-sindicatura-de-greuges-de-barcelona-presenta-linforme-anual-del-2024\/#article","isPartOf":{"@id":"https:\/\/www.sindicaturabarcelona.cat\/ca\/la-sindicatura-de-greuges-de-barcelona-presenta-linforme-anual-del-2024\/"},"author":{"name":"Pablo","@id":"https:\/\/www.sindicaturabarcelona.cat\/ca\/#\/schema\/person\/0e5acffc350ffdbc97578159322c9452"},"headline":"La Sindicatura de Greuges de Barcelona presenta l\u2019informe anual del 2024","datePublished":"2025-03-20T11:12:32+00:00","dateModified":"2025-10-07T09:30:02+00:00","mainEntityOfPage":{"@id":"https:\/\/www.sindicaturabarcelona.cat\/ca\/la-sindicatura-de-greuges-de-barcelona-presenta-linforme-anual-del-2024\/"},"wordCount":2927,"publisher":{"@id":"https:\/\/www.sindicaturabarcelona.cat\/ca\/#organization"},"image":{"@id":"https:\/\/www.sindicaturabarcelona.cat\/ca\/la-sindicatura-de-greuges-de-barcelona-presenta-linforme-anual-del-2024\/#primaryimage"},"thumbnailUrl":"https:\/\/www.sindicaturabarcelona.cat\/wp-content\/uploads\/KM4A0642-scaled.jpg","inLanguage":"ca"},{"@type":"WebPage","@id":"https:\/\/www.sindicaturabarcelona.cat\/ca\/la-sindicatura-de-greuges-de-barcelona-presenta-linforme-anual-del-2024\/","url":"https:\/\/www.sindicaturabarcelona.cat\/ca\/la-sindicatura-de-greuges-de-barcelona-presenta-linforme-anual-del-2024\/","name":"La Sindicatura de Greuges de Barcelona presenta l\u2019informe anual del 2024 - Sindicatura de Greuges de Barcelona","isPartOf":{"@id":"https:\/\/www.sindicaturabarcelona.cat\/ca\/#website"},"primaryImageOfPage":{"@id":"https:\/\/www.sindicaturabarcelona.cat\/ca\/la-sindicatura-de-greuges-de-barcelona-presenta-linforme-anual-del-2024\/#primaryimage"},"image":{"@id":"https:\/\/www.sindicaturabarcelona.cat\/ca\/la-sindicatura-de-greuges-de-barcelona-presenta-linforme-anual-del-2024\/#primaryimage"},"thumbnailUrl":"https:\/\/www.sindicaturabarcelona.cat\/wp-content\/uploads\/KM4A0642-scaled.jpg","datePublished":"2025-03-20T11:12:32+00:00","dateModified":"2025-10-07T09:30:02+00:00","description":"S'hi recullen les actuacions en defensa del dret i el deure a la ciutat, i dels DDHH de proximitat de qui habita o transita per Barcelona.","breadcrumb":{"@id":"https:\/\/www.sindicaturabarcelona.cat\/ca\/la-sindicatura-de-greuges-de-barcelona-presenta-linforme-anual-del-2024\/#breadcrumb"},"inLanguage":"ca","potentialAction":[{"@type":"ReadAction","target":["https:\/\/www.sindicaturabarcelona.cat\/ca\/la-sindicatura-de-greuges-de-barcelona-presenta-linforme-anual-del-2024\/"]}]},{"@type":"ImageObject","inLanguage":"ca","@id":"https:\/\/www.sindicaturabarcelona.cat\/ca\/la-sindicatura-de-greuges-de-barcelona-presenta-linforme-anual-del-2024\/#primaryimage","url":"https:\/\/www.sindicaturabarcelona.cat\/wp-content\/uploads\/KM4A0642-scaled.jpg","contentUrl":"https:\/\/www.sindicaturabarcelona.cat\/wp-content\/uploads\/KM4A0642-scaled.jpg","width":2560,"height":1707},{"@type":"BreadcrumbList","@id":"https:\/\/www.sindicaturabarcelona.cat\/ca\/la-sindicatura-de-greuges-de-barcelona-presenta-linforme-anual-del-2024\/#breadcrumb","itemListElement":[{"@type":"ListItem","position":1,"name":"Inici","item":"https:\/\/www.sindicaturabarcelona.cat\/ca\/"},{"@type":"ListItem","position":2,"name":"La Sindicatura de Greuges de Barcelona presenta l\u2019informe anual del 2024"}]},{"@type":"WebSite","@id":"https:\/\/www.sindicaturabarcelona.cat\/ca\/#website","url":"https:\/\/www.sindicaturabarcelona.cat\/ca\/","name":"Sindicatura de Greuges de Barcelona","description":"La defensoria dels teus drets","publisher":{"@id":"https:\/\/www.sindicaturabarcelona.cat\/ca\/#organization"},"potentialAction":[{"@type":"SearchAction","target":{"@type":"EntryPoint","urlTemplate":"https:\/\/www.sindicaturabarcelona.cat\/ca\/?s={search_term_string}"},"query-input":{"@type":"PropertyValueSpecification","valueRequired":true,"valueName":"search_term_string"}}],"inLanguage":"ca"},{"@type":"Organization","@id":"https:\/\/www.sindicaturabarcelona.cat\/ca\/#organization","name":"Sindicatura de Greuges de Barcelona","url":"https:\/\/www.sindicaturabarcelona.cat\/ca\/","logo":{"@type":"ImageObject","inLanguage":"ca","@id":"https:\/\/www.sindicaturabarcelona.cat\/ca\/#\/schema\/logo\/image\/","url":"https:\/\/www.sindicaturabarcelona.cat\/wp-content\/uploads\/2023\/02\/logo_sindicatura.svg","contentUrl":"https:\/\/www.sindicaturabarcelona.cat\/wp-content\/uploads\/2023\/02\/logo_sindicatura.svg","caption":"Sindicatura de Greuges de Barcelona"},"image":{"@id":"https:\/\/www.sindicaturabarcelona.cat\/ca\/#\/schema\/logo\/image\/"},"sameAs":["https:\/\/x.com\/sindicbarcelona","https:\/\/www.instagram.com\/sindicbarcelona\/","https:\/\/www.tiktok.com\/@sindicaturabcn","https:\/\/t.me\/sindicaturabarcelona"]},{"@type":"Person","@id":"https:\/\/www.sindicaturabarcelona.cat\/ca\/#\/schema\/person\/0e5acffc350ffdbc97578159322c9452","name":"Pablo","image":{"@type":"ImageObject","inLanguage":"ca","@id":"https:\/\/secure.gravatar.com\/avatar\/c948169b402ef9492afde705c3dfd5e90e1a6a84ef6840a91124f805a25a480f?s=96&d=mm&r=g","url":"https:\/\/secure.gravatar.com\/avatar\/c948169b402ef9492afde705c3dfd5e90e1a6a84ef6840a91124f805a25a480f?s=96&d=mm&r=g","contentUrl":"https:\/\/secure.gravatar.com\/avatar\/c948169b402ef9492afde705c3dfd5e90e1a6a84ef6840a91124f805a25a480f?s=96&d=mm&r=g","caption":"Pablo"},"url":"https:\/\/www.sindicaturabarcelona.cat\/ca\/author\/pablo\/"}]}},"_links":{"self":[{"href":"https:\/\/www.sindicaturabarcelona.cat\/ca\/wp-json\/wp\/v2\/posts\/36055","targetHints":{"allow":["GET"]}}],"collection":[{"href":"https:\/\/www.sindicaturabarcelona.cat\/ca\/wp-json\/wp\/v2\/posts"}],"about":[{"href":"https:\/\/www.sindicaturabarcelona.cat\/ca\/wp-json\/wp\/v2\/types\/post"}],"author":[{"embeddable":true,"href":"https:\/\/www.sindicaturabarcelona.cat\/ca\/wp-json\/wp\/v2\/users\/2"}],"replies":[{"embeddable":true,"href":"https:\/\/www.sindicaturabarcelona.cat\/ca\/wp-json\/wp\/v2\/comments?post=36055"}],"version-history":[{"count":11,"href":"https:\/\/www.sindicaturabarcelona.cat\/ca\/wp-json\/wp\/v2\/posts\/36055\/revisions"}],"predecessor-version":[{"id":39556,"href":"https:\/\/www.sindicaturabarcelona.cat\/ca\/wp-json\/wp\/v2\/posts\/36055\/revisions\/39556"}],"wp:featuredmedia":[{"embeddable":true,"href":"https:\/\/www.sindicaturabarcelona.cat\/ca\/wp-json\/wp\/v2\/media\/36225"}],"wp:attachment":[{"href":"https:\/\/www.sindicaturabarcelona.cat\/ca\/wp-json\/wp\/v2\/media?parent=36055"}],"wp:term":[{"taxonomy":"post_tag","embeddable":true,"href":"https:\/\/www.sindicaturabarcelona.cat\/ca\/wp-json\/wp\/v2\/tags?post=36055"},{"taxonomy":"drets","embeddable":true,"href":"https:\/\/www.sindicaturabarcelona.cat\/ca\/wp-json\/wp\/v2\/drets?post=36055"}],"curies":[{"name":"wp","href":"https:\/\/api.w.org\/{rel}","templated":true}]}}