{"id":36019,"date":"2025-03-14T08:00:00","date_gmt":"2025-03-14T06:00:00","guid":{"rendered":"https:\/\/www.sindicaturabarcelona.cat\/?p=36019"},"modified":"2025-04-16T13:08:45","modified_gmt":"2025-04-16T11:08:45","slug":"la-sindicatura-insta-tmb-a-evitar-que-les-persones-conductores-de-bus-sestiguin-aturats-a-les-parades-mes-de-dos-minuts-amb-els-motors-encesos","status":"publish","type":"post","link":"https:\/\/www.sindicaturabarcelona.cat\/ca\/la-sindicatura-insta-tmb-a-evitar-que-les-persones-conductores-de-bus-sestiguin-aturats-a-les-parades-mes-de-dos-minuts-amb-els-motors-encesos\/","title":{"rendered":"La Sindicatura insta TMB a evitar que les persones conductores de bus s\u2019estiguin aturades a les parades m\u00e9s de dos minuts amb els motors encesos\u00a0\u00a0"},"content":{"rendered":"\n<p>Arran d\u2019un queixa per <strong>les mol\u00e8sties que causen les aturades perllongades, i amb el motor en marxa, <\/strong><a href=\"https:\/\/www.tmb.cat\/ca\/barcelona\/autobusos\/-\/lineabus\/H6#iss=https%3A%2F%2Fauth.tmb.cat%2Fauth%2Frealms%2Ftmb&amp;iss=https%3A%2F%2Fauth.tmb.cat%2Fauth%2Frealms%2Ftmb\"><strong>dels busos de la l\u00ednia H6<\/strong><\/a> a la parada d\u2019origen-final Metro Onze de Setembre, al c. Pare Manyanet (<a href=\"https:\/\/ajuntament.barcelona.cat\/santandreu\/ca\/el-districte-i-els-seus-barris\/sant-andreu-de-palomar\">Sant Andreu de Palomar<\/a>), la defensoria de la ciutat <a href=\"https:\/\/www.sindicaturabarcelona.cat\/wp-content\/uploads\/202502_Dret-descans-Medi-Ambient-Molesties-Sorolls-Bus-H6.pdf\">demana en la seva resoluci\u00f3<\/a> que es garanteixi el dret al descans ve\u00efnal.<\/p>\n\n\n\n<p>Aquesta situaci\u00f3, que es mant\u00e9 des de 2022, <strong>contrav\u00e9 <\/strong><a href=\"https:\/\/bcnroc.ajuntament.barcelona.cat\/jspui\/handle\/11703\/86859\"><strong>l\u2019Ordenan\u00e7a de medi ambient municipal<\/strong><\/a>, que estableix que \u201cllevat de situacions de congesti\u00f3 de tr\u00e0nsit, est\u00e0 prohibit que els vehicles aturats o a altres espais p\u00fablics romanguin amb els motors en marxa durant m\u00e9s de dos minuts\u201d.<\/p>\n\n\n\n<p>El motiu principal de la queixa \u00e9s el soroll que se\u2019n deriva, per\u00f2 tamb\u00e9 hi ha una <strong>clara afectaci\u00f3 sobre la contaminaci\u00f3 atmosf\u00e8rica i, per tant, sobre <\/strong><a href=\"https:\/\/www.sindicaturabarcelona.cat\/ca\/drets\/dret-al-medi-ambient\/\"><strong>el dret al medi ambient<\/strong><\/a>. <strong>A l\u2019\u00e0rea metropolitana, els \u00edndexs de pol\u00b7luci\u00f3<\/strong>, que tenen una clara relaci\u00f3 amb el tr\u00e0nsit rodat, <strong>continuen per sobre del que recomana l\u2019Organitzaci\u00f3 Mundial de la Salut<\/strong> (OMS), si b\u00e9 hi ha una <a href=\"https:\/\/www.barcelona.cat\/mobilitat\/ca\/actualitat-i-recursos\/noticies\/baixa-la-contaminacio-de-laire-a-barcelona-1470184\">tend\u00e8ncia descendent<\/a>.<\/p>\n\n\n\n<p>En el cas del bus H6, <strong>l\u2019ens que ha de fer complir l\u2019Ordenan\u00e7a \u00e9s <\/strong><a href=\"https:\/\/www.tmb.cat\/ca\/#iss=https%3A%2F%2Fauth.tmb.cat%2Fauth%2Frealms%2Ftmb\"><strong>Transports Metropolitans de Barcelona<\/strong><\/a> (TMB). L\u2019entitat assegura que ja ha detectat el problema i que <strong>ha dut a terme diverses mesures<\/strong> per fer-hi front:<\/p>\n\n\n\n<ul class=\"wp-block-list\">\n<li>reunions peri\u00f2diques a la cotxera per recordar a les persones conductores l\u2019obligaci\u00f3 de complir l\u2019Ordenan\u00e7a i apagar els motors;<\/li>\n\n\n\n<li>posada en coneixement al personal de conducci\u00f3 de les queixes sobre aquest fet;<\/li>\n\n\n\n<li>refor\u00e7 dels avisos des del Centre de Control de Bus;<\/li>\n\n\n\n<li>explicaci\u00f3 en les reunions de formaci\u00f3 i reunions telem\u00e0tiques;<\/li>\n\n\n\n<li>advertiment verbal a la persona conductora que ha com\u00e8s la infracci\u00f3. <\/li>\n<\/ul>\n\n\n\n<p>De moment, <strong>no consta que s\u2019hagi tramitat cap expedient sancionador ni disciplinari<\/strong> contra aquesta conducta, ja que, segons TMB, no hi ha cap prova que ho acrediti. At\u00e8s l\u2019anterior, el temps que dura la situaci\u00f3 i la reiteraci\u00f3 de la infracci\u00f3, <strong>les accions preventives de l\u2019entitat per fer complir aquesta normativa no han estat eficaces.<\/strong><\/p>\n\n\n\n<p>De fet, <strong>la Sindicatura ja ha rebut<\/strong> <strong>diverses queixes per les mol\u00e8sties causades per les persones conductores de bus per aquest mateix motiu<\/strong>. <a href=\"https:\/\/www.sindicaturabarcelona.cat\/wp-content\/uploads\/202411_dret-al-descans-i-dret-al-medi-ambient_sorolls-al-final-de-linia-autobus-59.pdf\">La darrera es va publicar al novembre<\/a>, i afectava la l\u00ednia 59, en&nbsp; la parada d\u2019origen-final ubicada a la gran via de Carles III, 101 (Districte de les Corts). Una de les conclusions d\u2019aquella resoluci\u00f3 era la <strong>recomanaci\u00f3 a TMB que renovi la flota d\u2019autobusos, i que aposti per vehicles menys contaminants i m\u00e9s silenciosos<\/strong>, un punt sobre el qual es torna a incidir en la resoluci\u00f3 relativa a la l\u00ednia H6.<\/p>\n\n\n\n<p><strong>Altres resolucions recents per contaminaci\u00f3 ac\u00fastica derivades del transport p\u00fablic <\/strong>van ser aquest febrer, pel soroll que generava <a href=\"https:\/\/www.sindicaturabarcelona.cat\/wp-content\/uploads\/202502_Dret-descans-Transport-public-Ascensor-Metro-Maragall.pdf\">l\u2019ascensor de la parada de metro Maragall<\/a> i el <a href=\"https:\/\/www.sindicaturabarcelona.cat\/wp-content\/uploads\/202502_Dret-descans-Contaminacio-Acustica-Generador-metro-Clot.pdf\">generador a la parada de metro Clot<\/a>, i l\u2019octubre passat, per les <a href=\"https:\/\/www.sindicaturabarcelona.cat\/wp-content\/uploads\/202411_dret-al-descans-i-dret-al-medi-ambient_sorolls-al-final-de-linia-autobus-59.pdf\">mol\u00e8sties que causa una estaci\u00f3 de Bicing al Districte de Sarri\u00e0 &#8211; Sant Gervasi<\/a>.<\/p>\n\n\n\n<p>\u00c9s per tot aix\u00f2 que la Sindicatura de Greuges de Barcelona conclou que <strong>l\u2019actuaci\u00f3 de TMB no ha estat ajustada a dret<\/strong>, amb una clara afectaci\u00f3 al <a href=\"https:\/\/www.sindicaturabarcelona.cat\/ca\/drets\/dret-al-descans\/\">dret al descans de la ciutadania<\/a>, i recomana a Transports Metropolitans que:<\/p>\n\n\n\n<ul class=\"wp-block-list\">\n<li><strong>elabori un pla d\u2019acci\u00f3<\/strong> per evitar que els conductors i conductores de la l\u00ednia H6 mantinguin els motors engegats m\u00e9s de dos minuts a la parada d\u2019origen-final Metro Onze de Setembre<\/li>\n\n\n\n<li>valori la possibilitat de fer una <strong>acci\u00f3 coordinada amb la <\/strong><a href=\"https:\/\/ajuntament.barcelona.cat\/guardiaurbana\/ca\/\"><strong>Gu\u00e0rdia Urbana<\/strong><\/a> per denunciar aquestes infraccions<\/li>\n<\/ul>\n","protected":false},"excerpt":{"rendered":"<p>Arran d\u2019un queixa per les mol\u00e8sties que causen les aturades perllongades, i amb el motor en marxa, dels busos de la l\u00ednia H6 a la parada d\u2019origen-final Metro Onze de [&hellip;]<\/p>\n","protected":false},"author":2,"featured_media":36020,"comment_status":"closed","ping_status":"closed","sticky":false,"template":"","format":"standard","meta":{"_acf_changed":false,"footnotes":""},"tags":[],"drets":[1438,1448,1444],"class_list":["post-36019","post","type-post","status-publish","format-standard","has-post-thumbnail","hentry","drets-ciutat-habitable-i-sostenible","drets-dret-al-medi-ambient","drets-dret-al-descans"],"acf":[],"yoast_head":"<!-- This site is optimized with the Yoast SEO plugin v27.5 - https:\/\/yoast.com\/product\/yoast-seo-wordpress\/ -->\n<title>La Sindicatura insta TMB a evitar que les persones conductores de bus s\u2019estiguin aturades a les parades m\u00e9s de dos minuts amb els motors encesos\u00a0\u00a0 - Sindicatura de Greuges de Barcelona<\/title>\n<meta name=\"description\" content=\"Arran d\u2019un queixa per aturades perllongades i amb el motor enc\u00e8s dels busos de la l\u00ednia H6, es demana que es garanteixi el descans ve\u00efnal.\" \/>\n<meta name=\"robots\" content=\"index, follow, max-snippet:-1, max-image-preview:large, max-video-preview:-1\" \/>\n<link rel=\"canonical\" href=\"https:\/\/www.sindicaturabarcelona.cat\/ca\/la-sindicatura-insta-tmb-a-evitar-que-les-persones-conductores-de-bus-sestiguin-aturats-a-les-parades-mes-de-dos-minuts-amb-els-motors-encesos\/\" \/>\n<meta property=\"og:locale\" content=\"ca_ES\" \/>\n<meta property=\"og:type\" content=\"article\" \/>\n<meta property=\"og:title\" content=\"La Sindicatura insta TMB a evitar que les persones conductores de bus s\u2019estiguin aturades a les parades m\u00e9s de dos minuts amb els motors encesos\u00a0\u00a0 - Sindicatura de Greuges de Barcelona\" \/>\n<meta property=\"og:description\" content=\"Arran d\u2019un queixa per aturades perllongades i amb el motor enc\u00e8s dels busos de la l\u00ednia H6, es demana que es garanteixi el descans ve\u00efnal.\" \/>\n<meta property=\"og:url\" content=\"https:\/\/www.sindicaturabarcelona.cat\/ca\/la-sindicatura-insta-tmb-a-evitar-que-les-persones-conductores-de-bus-sestiguin-aturats-a-les-parades-mes-de-dos-minuts-amb-els-motors-encesos\/\" \/>\n<meta property=\"og:site_name\" content=\"Sindicatura de Greuges de Barcelona\" \/>\n<meta property=\"article:published_time\" content=\"2025-03-14T06:00:00+00:00\" \/>\n<meta property=\"article:modified_time\" content=\"2025-04-16T11:08:45+00:00\" \/>\n<meta property=\"og:image\" content=\"https:\/\/www.sindicaturabarcelona.cat\/wp-content\/uploads\/Bus2.jpg\" \/>\n\t<meta property=\"og:image:width\" content=\"2048\" \/>\n\t<meta property=\"og:image:height\" content=\"1363\" \/>\n\t<meta property=\"og:image:type\" content=\"image\/jpeg\" \/>\n<meta name=\"author\" content=\"Pablo\" \/>\n<meta name=\"twitter:card\" content=\"summary_large_image\" \/>\n<meta name=\"twitter:creator\" content=\"@sindicbarcelona\" \/>\n<meta name=\"twitter:site\" content=\"@sindicbarcelona\" \/>\n<meta name=\"twitter:label1\" content=\"Escrit per\" \/>\n\t<meta name=\"twitter:data1\" content=\"Pablo\" \/>\n\t<meta name=\"twitter:label2\" content=\"Temps estimat de lectura\" \/>\n\t<meta name=\"twitter:data2\" content=\"4 minuts\" \/>\n<script type=\"application\/ld+json\" class=\"yoast-schema-graph\">{\"@context\":\"https:\\\/\\\/schema.org\",\"@graph\":[{\"@type\":\"Article\",\"@id\":\"https:\\\/\\\/www.sindicaturabarcelona.cat\\\/ca\\\/la-sindicatura-insta-tmb-a-evitar-que-les-persones-conductores-de-bus-sestiguin-aturats-a-les-parades-mes-de-dos-minuts-amb-els-motors-encesos\\\/#article\",\"isPartOf\":{\"@id\":\"https:\\\/\\\/www.sindicaturabarcelona.cat\\\/ca\\\/la-sindicatura-insta-tmb-a-evitar-que-les-persones-conductores-de-bus-sestiguin-aturats-a-les-parades-mes-de-dos-minuts-amb-els-motors-encesos\\\/\"},\"author\":{\"name\":\"Pablo\",\"@id\":\"https:\\\/\\\/www.sindicaturabarcelona.cat\\\/ca\\\/#\\\/schema\\\/person\\\/0e5acffc350ffdbc97578159322c9452\"},\"headline\":\"La Sindicatura insta TMB a evitar que les persones conductores de bus s\u2019estiguin aturades a les parades m\u00e9s de dos minuts amb els motors encesos\u00a0\u00a0\",\"datePublished\":\"2025-03-14T06:00:00+00:00\",\"dateModified\":\"2025-04-16T11:08:45+00:00\",\"mainEntityOfPage\":{\"@id\":\"https:\\\/\\\/www.sindicaturabarcelona.cat\\\/ca\\\/la-sindicatura-insta-tmb-a-evitar-que-les-persones-conductores-de-bus-sestiguin-aturats-a-les-parades-mes-de-dos-minuts-amb-els-motors-encesos\\\/\"},\"wordCount\":633,\"publisher\":{\"@id\":\"https:\\\/\\\/www.sindicaturabarcelona.cat\\\/ca\\\/#organization\"},\"image\":{\"@id\":\"https:\\\/\\\/www.sindicaturabarcelona.cat\\\/ca\\\/la-sindicatura-insta-tmb-a-evitar-que-les-persones-conductores-de-bus-sestiguin-aturats-a-les-parades-mes-de-dos-minuts-amb-els-motors-encesos\\\/#primaryimage\"},\"thumbnailUrl\":\"https:\\\/\\\/www.sindicaturabarcelona.cat\\\/wp-content\\\/uploads\\\/Bus2.jpg\",\"inLanguage\":\"ca\"},{\"@type\":\"WebPage\",\"@id\":\"https:\\\/\\\/www.sindicaturabarcelona.cat\\\/ca\\\/la-sindicatura-insta-tmb-a-evitar-que-les-persones-conductores-de-bus-sestiguin-aturats-a-les-parades-mes-de-dos-minuts-amb-els-motors-encesos\\\/\",\"url\":\"https:\\\/\\\/www.sindicaturabarcelona.cat\\\/ca\\\/la-sindicatura-insta-tmb-a-evitar-que-les-persones-conductores-de-bus-sestiguin-aturats-a-les-parades-mes-de-dos-minuts-amb-els-motors-encesos\\\/\",\"name\":\"La Sindicatura insta TMB a evitar que les persones conductores de bus s\u2019estiguin aturades a les parades m\u00e9s de dos minuts amb els motors encesos\u00a0\u00a0 - Sindicatura de Greuges de Barcelona\",\"isPartOf\":{\"@id\":\"https:\\\/\\\/www.sindicaturabarcelona.cat\\\/ca\\\/#website\"},\"primaryImageOfPage\":{\"@id\":\"https:\\\/\\\/www.sindicaturabarcelona.cat\\\/ca\\\/la-sindicatura-insta-tmb-a-evitar-que-les-persones-conductores-de-bus-sestiguin-aturats-a-les-parades-mes-de-dos-minuts-amb-els-motors-encesos\\\/#primaryimage\"},\"image\":{\"@id\":\"https:\\\/\\\/www.sindicaturabarcelona.cat\\\/ca\\\/la-sindicatura-insta-tmb-a-evitar-que-les-persones-conductores-de-bus-sestiguin-aturats-a-les-parades-mes-de-dos-minuts-amb-els-motors-encesos\\\/#primaryimage\"},\"thumbnailUrl\":\"https:\\\/\\\/www.sindicaturabarcelona.cat\\\/wp-content\\\/uploads\\\/Bus2.jpg\",\"datePublished\":\"2025-03-14T06:00:00+00:00\",\"dateModified\":\"2025-04-16T11:08:45+00:00\",\"description\":\"Arran d\u2019un queixa per aturades perllongades i amb el motor enc\u00e8s dels busos de la l\u00ednia H6, es demana que es garanteixi el descans ve\u00efnal.\",\"breadcrumb\":{\"@id\":\"https:\\\/\\\/www.sindicaturabarcelona.cat\\\/ca\\\/la-sindicatura-insta-tmb-a-evitar-que-les-persones-conductores-de-bus-sestiguin-aturats-a-les-parades-mes-de-dos-minuts-amb-els-motors-encesos\\\/#breadcrumb\"},\"inLanguage\":\"ca\",\"potentialAction\":[{\"@type\":\"ReadAction\",\"target\":[\"https:\\\/\\\/www.sindicaturabarcelona.cat\\\/ca\\\/la-sindicatura-insta-tmb-a-evitar-que-les-persones-conductores-de-bus-sestiguin-aturats-a-les-parades-mes-de-dos-minuts-amb-els-motors-encesos\\\/\"]}]},{\"@type\":\"ImageObject\",\"inLanguage\":\"ca\",\"@id\":\"https:\\\/\\\/www.sindicaturabarcelona.cat\\\/ca\\\/la-sindicatura-insta-tmb-a-evitar-que-les-persones-conductores-de-bus-sestiguin-aturats-a-les-parades-mes-de-dos-minuts-amb-els-motors-encesos\\\/#primaryimage\",\"url\":\"https:\\\/\\\/www.sindicaturabarcelona.cat\\\/wp-content\\\/uploads\\\/Bus2.jpg\",\"contentUrl\":\"https:\\\/\\\/www.sindicaturabarcelona.cat\\\/wp-content\\\/uploads\\\/Bus2.jpg\",\"width\":2048,\"height\":1363,\"caption\":\"Bus Autob\u00fas\"},{\"@type\":\"BreadcrumbList\",\"@id\":\"https:\\\/\\\/www.sindicaturabarcelona.cat\\\/ca\\\/la-sindicatura-insta-tmb-a-evitar-que-les-persones-conductores-de-bus-sestiguin-aturats-a-les-parades-mes-de-dos-minuts-amb-els-motors-encesos\\\/#breadcrumb\",\"itemListElement\":[{\"@type\":\"ListItem\",\"position\":1,\"name\":\"Inici\",\"item\":\"https:\\\/\\\/www.sindicaturabarcelona.cat\\\/ca\\\/\"},{\"@type\":\"ListItem\",\"position\":2,\"name\":\"La Sindicatura insta TMB a evitar que les persones conductores de bus s\u2019estiguin aturades a les parades m\u00e9s de dos minuts amb els motors encesos\u00a0\u00a0\"}]},{\"@type\":\"WebSite\",\"@id\":\"https:\\\/\\\/www.sindicaturabarcelona.cat\\\/ca\\\/#website\",\"url\":\"https:\\\/\\\/www.sindicaturabarcelona.cat\\\/ca\\\/\",\"name\":\"Sindicatura de Greuges de Barcelona\",\"description\":\"La defensoria dels teus drets\",\"publisher\":{\"@id\":\"https:\\\/\\\/www.sindicaturabarcelona.cat\\\/ca\\\/#organization\"},\"potentialAction\":[{\"@type\":\"SearchAction\",\"target\":{\"@type\":\"EntryPoint\",\"urlTemplate\":\"https:\\\/\\\/www.sindicaturabarcelona.cat\\\/ca\\\/?s={search_term_string}\"},\"query-input\":{\"@type\":\"PropertyValueSpecification\",\"valueRequired\":true,\"valueName\":\"search_term_string\"}}],\"inLanguage\":\"ca\"},{\"@type\":\"Organization\",\"@id\":\"https:\\\/\\\/www.sindicaturabarcelona.cat\\\/ca\\\/#organization\",\"name\":\"Sindicatura de Greuges de Barcelona\",\"url\":\"https:\\\/\\\/www.sindicaturabarcelona.cat\\\/ca\\\/\",\"logo\":{\"@type\":\"ImageObject\",\"inLanguage\":\"ca\",\"@id\":\"https:\\\/\\\/www.sindicaturabarcelona.cat\\\/ca\\\/#\\\/schema\\\/logo\\\/image\\\/\",\"url\":\"https:\\\/\\\/www.sindicaturabarcelona.cat\\\/wp-content\\\/uploads\\\/2023\\\/02\\\/logo_sindicatura.svg\",\"contentUrl\":\"https:\\\/\\\/www.sindicaturabarcelona.cat\\\/wp-content\\\/uploads\\\/2023\\\/02\\\/logo_sindicatura.svg\",\"caption\":\"Sindicatura de Greuges de Barcelona\"},\"image\":{\"@id\":\"https:\\\/\\\/www.sindicaturabarcelona.cat\\\/ca\\\/#\\\/schema\\\/logo\\\/image\\\/\"},\"sameAs\":[\"https:\\\/\\\/x.com\\\/sindicbarcelona\",\"https:\\\/\\\/www.instagram.com\\\/sindicbarcelona\\\/\",\"https:\\\/\\\/www.tiktok.com\\\/@sindicaturabcn\",\"https:\\\/\\\/t.me\\\/sindicaturabarcelona\"]},{\"@type\":\"Person\",\"@id\":\"https:\\\/\\\/www.sindicaturabarcelona.cat\\\/ca\\\/#\\\/schema\\\/person\\\/0e5acffc350ffdbc97578159322c9452\",\"name\":\"Pablo\",\"image\":{\"@type\":\"ImageObject\",\"inLanguage\":\"ca\",\"@id\":\"https:\\\/\\\/secure.gravatar.com\\\/avatar\\\/c948169b402ef9492afde705c3dfd5e90e1a6a84ef6840a91124f805a25a480f?s=96&d=mm&r=g\",\"url\":\"https:\\\/\\\/secure.gravatar.com\\\/avatar\\\/c948169b402ef9492afde705c3dfd5e90e1a6a84ef6840a91124f805a25a480f?s=96&d=mm&r=g\",\"contentUrl\":\"https:\\\/\\\/secure.gravatar.com\\\/avatar\\\/c948169b402ef9492afde705c3dfd5e90e1a6a84ef6840a91124f805a25a480f?s=96&d=mm&r=g\",\"caption\":\"Pablo\"},\"url\":\"https:\\\/\\\/www.sindicaturabarcelona.cat\\\/ca\\\/author\\\/pablo\\\/\"}]}<\/script>\n<!-- \/ Yoast SEO plugin. -->","yoast_head_json":{"title":"La Sindicatura insta TMB a evitar que les persones conductores de bus s\u2019estiguin aturades a les parades m\u00e9s de dos minuts amb els motors encesos\u00a0\u00a0 - Sindicatura de Greuges de Barcelona","description":"Arran d\u2019un queixa per aturades perllongades i amb el motor enc\u00e8s dels busos de la l\u00ednia H6, es demana que es garanteixi el descans ve\u00efnal.","robots":{"index":"index","follow":"follow","max-snippet":"max-snippet:-1","max-image-preview":"max-image-preview:large","max-video-preview":"max-video-preview:-1"},"canonical":"https:\/\/www.sindicaturabarcelona.cat\/ca\/la-sindicatura-insta-tmb-a-evitar-que-les-persones-conductores-de-bus-sestiguin-aturats-a-les-parades-mes-de-dos-minuts-amb-els-motors-encesos\/","og_locale":"ca_ES","og_type":"article","og_title":"La Sindicatura insta TMB a evitar que les persones conductores de bus s\u2019estiguin aturades a les parades m\u00e9s de dos minuts amb els motors encesos\u00a0\u00a0 - Sindicatura de Greuges de Barcelona","og_description":"Arran d\u2019un queixa per aturades perllongades i amb el motor enc\u00e8s dels busos de la l\u00ednia H6, es demana que es garanteixi el descans ve\u00efnal.","og_url":"https:\/\/www.sindicaturabarcelona.cat\/ca\/la-sindicatura-insta-tmb-a-evitar-que-les-persones-conductores-de-bus-sestiguin-aturats-a-les-parades-mes-de-dos-minuts-amb-els-motors-encesos\/","og_site_name":"Sindicatura de Greuges de Barcelona","article_published_time":"2025-03-14T06:00:00+00:00","article_modified_time":"2025-04-16T11:08:45+00:00","og_image":[{"width":2048,"height":1363,"url":"https:\/\/www.sindicaturabarcelona.cat\/wp-content\/uploads\/Bus2.jpg","type":"image\/jpeg"}],"author":"Pablo","twitter_card":"summary_large_image","twitter_creator":"@sindicbarcelona","twitter_site":"@sindicbarcelona","twitter_misc":{"Escrit per":"Pablo","Temps estimat de lectura":"4 minuts"},"schema":{"@context":"https:\/\/schema.org","@graph":[{"@type":"Article","@id":"https:\/\/www.sindicaturabarcelona.cat\/ca\/la-sindicatura-insta-tmb-a-evitar-que-les-persones-conductores-de-bus-sestiguin-aturats-a-les-parades-mes-de-dos-minuts-amb-els-motors-encesos\/#article","isPartOf":{"@id":"https:\/\/www.sindicaturabarcelona.cat\/ca\/la-sindicatura-insta-tmb-a-evitar-que-les-persones-conductores-de-bus-sestiguin-aturats-a-les-parades-mes-de-dos-minuts-amb-els-motors-encesos\/"},"author":{"name":"Pablo","@id":"https:\/\/www.sindicaturabarcelona.cat\/ca\/#\/schema\/person\/0e5acffc350ffdbc97578159322c9452"},"headline":"La Sindicatura insta TMB a evitar que les persones conductores de bus s\u2019estiguin aturades a les parades m\u00e9s de dos minuts amb els motors encesos\u00a0\u00a0","datePublished":"2025-03-14T06:00:00+00:00","dateModified":"2025-04-16T11:08:45+00:00","mainEntityOfPage":{"@id":"https:\/\/www.sindicaturabarcelona.cat\/ca\/la-sindicatura-insta-tmb-a-evitar-que-les-persones-conductores-de-bus-sestiguin-aturats-a-les-parades-mes-de-dos-minuts-amb-els-motors-encesos\/"},"wordCount":633,"publisher":{"@id":"https:\/\/www.sindicaturabarcelona.cat\/ca\/#organization"},"image":{"@id":"https:\/\/www.sindicaturabarcelona.cat\/ca\/la-sindicatura-insta-tmb-a-evitar-que-les-persones-conductores-de-bus-sestiguin-aturats-a-les-parades-mes-de-dos-minuts-amb-els-motors-encesos\/#primaryimage"},"thumbnailUrl":"https:\/\/www.sindicaturabarcelona.cat\/wp-content\/uploads\/Bus2.jpg","inLanguage":"ca"},{"@type":"WebPage","@id":"https:\/\/www.sindicaturabarcelona.cat\/ca\/la-sindicatura-insta-tmb-a-evitar-que-les-persones-conductores-de-bus-sestiguin-aturats-a-les-parades-mes-de-dos-minuts-amb-els-motors-encesos\/","url":"https:\/\/www.sindicaturabarcelona.cat\/ca\/la-sindicatura-insta-tmb-a-evitar-que-les-persones-conductores-de-bus-sestiguin-aturats-a-les-parades-mes-de-dos-minuts-amb-els-motors-encesos\/","name":"La Sindicatura insta TMB a evitar que les persones conductores de bus s\u2019estiguin aturades a les parades m\u00e9s de dos minuts amb els motors encesos\u00a0\u00a0 - Sindicatura de Greuges de Barcelona","isPartOf":{"@id":"https:\/\/www.sindicaturabarcelona.cat\/ca\/#website"},"primaryImageOfPage":{"@id":"https:\/\/www.sindicaturabarcelona.cat\/ca\/la-sindicatura-insta-tmb-a-evitar-que-les-persones-conductores-de-bus-sestiguin-aturats-a-les-parades-mes-de-dos-minuts-amb-els-motors-encesos\/#primaryimage"},"image":{"@id":"https:\/\/www.sindicaturabarcelona.cat\/ca\/la-sindicatura-insta-tmb-a-evitar-que-les-persones-conductores-de-bus-sestiguin-aturats-a-les-parades-mes-de-dos-minuts-amb-els-motors-encesos\/#primaryimage"},"thumbnailUrl":"https:\/\/www.sindicaturabarcelona.cat\/wp-content\/uploads\/Bus2.jpg","datePublished":"2025-03-14T06:00:00+00:00","dateModified":"2025-04-16T11:08:45+00:00","description":"Arran d\u2019un queixa per aturades perllongades i amb el motor enc\u00e8s dels busos de la l\u00ednia H6, es demana que es garanteixi el descans ve\u00efnal.","breadcrumb":{"@id":"https:\/\/www.sindicaturabarcelona.cat\/ca\/la-sindicatura-insta-tmb-a-evitar-que-les-persones-conductores-de-bus-sestiguin-aturats-a-les-parades-mes-de-dos-minuts-amb-els-motors-encesos\/#breadcrumb"},"inLanguage":"ca","potentialAction":[{"@type":"ReadAction","target":["https:\/\/www.sindicaturabarcelona.cat\/ca\/la-sindicatura-insta-tmb-a-evitar-que-les-persones-conductores-de-bus-sestiguin-aturats-a-les-parades-mes-de-dos-minuts-amb-els-motors-encesos\/"]}]},{"@type":"ImageObject","inLanguage":"ca","@id":"https:\/\/www.sindicaturabarcelona.cat\/ca\/la-sindicatura-insta-tmb-a-evitar-que-les-persones-conductores-de-bus-sestiguin-aturats-a-les-parades-mes-de-dos-minuts-amb-els-motors-encesos\/#primaryimage","url":"https:\/\/www.sindicaturabarcelona.cat\/wp-content\/uploads\/Bus2.jpg","contentUrl":"https:\/\/www.sindicaturabarcelona.cat\/wp-content\/uploads\/Bus2.jpg","width":2048,"height":1363,"caption":"Bus Autob\u00fas"},{"@type":"BreadcrumbList","@id":"https:\/\/www.sindicaturabarcelona.cat\/ca\/la-sindicatura-insta-tmb-a-evitar-que-les-persones-conductores-de-bus-sestiguin-aturats-a-les-parades-mes-de-dos-minuts-amb-els-motors-encesos\/#breadcrumb","itemListElement":[{"@type":"ListItem","position":1,"name":"Inici","item":"https:\/\/www.sindicaturabarcelona.cat\/ca\/"},{"@type":"ListItem","position":2,"name":"La Sindicatura insta TMB a evitar que les persones conductores de bus s\u2019estiguin aturades a les parades m\u00e9s de dos minuts amb els motors encesos\u00a0\u00a0"}]},{"@type":"WebSite","@id":"https:\/\/www.sindicaturabarcelona.cat\/ca\/#website","url":"https:\/\/www.sindicaturabarcelona.cat\/ca\/","name":"Sindicatura de Greuges de Barcelona","description":"La defensoria dels teus drets","publisher":{"@id":"https:\/\/www.sindicaturabarcelona.cat\/ca\/#organization"},"potentialAction":[{"@type":"SearchAction","target":{"@type":"EntryPoint","urlTemplate":"https:\/\/www.sindicaturabarcelona.cat\/ca\/?s={search_term_string}"},"query-input":{"@type":"PropertyValueSpecification","valueRequired":true,"valueName":"search_term_string"}}],"inLanguage":"ca"},{"@type":"Organization","@id":"https:\/\/www.sindicaturabarcelona.cat\/ca\/#organization","name":"Sindicatura de Greuges de Barcelona","url":"https:\/\/www.sindicaturabarcelona.cat\/ca\/","logo":{"@type":"ImageObject","inLanguage":"ca","@id":"https:\/\/www.sindicaturabarcelona.cat\/ca\/#\/schema\/logo\/image\/","url":"https:\/\/www.sindicaturabarcelona.cat\/wp-content\/uploads\/2023\/02\/logo_sindicatura.svg","contentUrl":"https:\/\/www.sindicaturabarcelona.cat\/wp-content\/uploads\/2023\/02\/logo_sindicatura.svg","caption":"Sindicatura de Greuges de Barcelona"},"image":{"@id":"https:\/\/www.sindicaturabarcelona.cat\/ca\/#\/schema\/logo\/image\/"},"sameAs":["https:\/\/x.com\/sindicbarcelona","https:\/\/www.instagram.com\/sindicbarcelona\/","https:\/\/www.tiktok.com\/@sindicaturabcn","https:\/\/t.me\/sindicaturabarcelona"]},{"@type":"Person","@id":"https:\/\/www.sindicaturabarcelona.cat\/ca\/#\/schema\/person\/0e5acffc350ffdbc97578159322c9452","name":"Pablo","image":{"@type":"ImageObject","inLanguage":"ca","@id":"https:\/\/secure.gravatar.com\/avatar\/c948169b402ef9492afde705c3dfd5e90e1a6a84ef6840a91124f805a25a480f?s=96&d=mm&r=g","url":"https:\/\/secure.gravatar.com\/avatar\/c948169b402ef9492afde705c3dfd5e90e1a6a84ef6840a91124f805a25a480f?s=96&d=mm&r=g","contentUrl":"https:\/\/secure.gravatar.com\/avatar\/c948169b402ef9492afde705c3dfd5e90e1a6a84ef6840a91124f805a25a480f?s=96&d=mm&r=g","caption":"Pablo"},"url":"https:\/\/www.sindicaturabarcelona.cat\/ca\/author\/pablo\/"}]}},"_links":{"self":[{"href":"https:\/\/www.sindicaturabarcelona.cat\/ca\/wp-json\/wp\/v2\/posts\/36019","targetHints":{"allow":["GET"]}}],"collection":[{"href":"https:\/\/www.sindicaturabarcelona.cat\/ca\/wp-json\/wp\/v2\/posts"}],"about":[{"href":"https:\/\/www.sindicaturabarcelona.cat\/ca\/wp-json\/wp\/v2\/types\/post"}],"author":[{"embeddable":true,"href":"https:\/\/www.sindicaturabarcelona.cat\/ca\/wp-json\/wp\/v2\/users\/2"}],"replies":[{"embeddable":true,"href":"https:\/\/www.sindicaturabarcelona.cat\/ca\/wp-json\/wp\/v2\/comments?post=36019"}],"version-history":[{"count":4,"href":"https:\/\/www.sindicaturabarcelona.cat\/ca\/wp-json\/wp\/v2\/posts\/36019\/revisions"}],"predecessor-version":[{"id":36028,"href":"https:\/\/www.sindicaturabarcelona.cat\/ca\/wp-json\/wp\/v2\/posts\/36019\/revisions\/36028"}],"wp:featuredmedia":[{"embeddable":true,"href":"https:\/\/www.sindicaturabarcelona.cat\/ca\/wp-json\/wp\/v2\/media\/36020"}],"wp:attachment":[{"href":"https:\/\/www.sindicaturabarcelona.cat\/ca\/wp-json\/wp\/v2\/media?parent=36019"}],"wp:term":[{"taxonomy":"post_tag","embeddable":true,"href":"https:\/\/www.sindicaturabarcelona.cat\/ca\/wp-json\/wp\/v2\/tags?post=36019"},{"taxonomy":"drets","embeddable":true,"href":"https:\/\/www.sindicaturabarcelona.cat\/ca\/wp-json\/wp\/v2\/drets?post=36019"}],"curies":[{"name":"wp","href":"https:\/\/api.w.org\/{rel}","templated":true}]}}