{"id":35998,"date":"2025-03-13T08:15:00","date_gmt":"2025-03-13T06:15:00","guid":{"rendered":"https:\/\/www.sindicaturabarcelona.cat\/?p=35998"},"modified":"2025-08-06T12:58:35","modified_gmt":"2025-08-06T10:58:35","slug":"el-sindic-de-greuges-de-barcelona-nou-president-de-lalianza-global-del-ombudsperson-local-agol","status":"publish","type":"post","link":"https:\/\/www.sindicaturabarcelona.cat\/ca\/el-sindic-de-greuges-de-barcelona-nou-president-de-lalianza-global-del-ombudsperson-local-agol\/","title":{"rendered":"El S\u00edndic de Greuges de Barcelona, nou president de l\u2019Alianza Global del \u00d3mbudsperson Local (AGOL)"},"content":{"rendered":"\n<p>En un congr\u00e9s que t\u00e9 lloc a Par\u00eds i a Angers, <strong>els membres d&#8217;<\/strong><a href=\"https:\/\/agol.es\/\" target=\"_blank\" rel=\"noreferrer noopener\"><strong>AGOL<\/strong><\/a> han votat per unanimitat la candidatura encap\u00e7alada per <strong>David Bondia<\/strong>. Aquesta instituci\u00f3 reuneix <strong>m\u00e9s de 100 <em>\u00f2mbudspersons<\/em><\/strong> (figura assimilable al s\u00edndic de greuges), mediadors i mediadores i presidents i presidentes de comissions de Drets Humans <strong>de m\u00e9s de 10 pa\u00efsos d\u2019arreu del m\u00f3n<\/strong>.<\/p>\n\n\n\n<p>Bondia substitueix en la presid\u00e8ncia a Ismael Rins, Secretari T\u00e8cnic de la <a href=\"https:\/\/portal-fio.org\/\" target=\"_blank\" rel=\"noreferrer noopener\">Federaci\u00f3 Iberoamericana de l\u2019\u00d2mbudsperson<\/a>. El <strong>nou comit\u00e8 directiu d\u2019AGOL<\/strong> est\u00e0 format tamb\u00e9 per <strong>Miguel \u00c1ngel Alzate<\/strong>, <a href=\"https:\/\/personeriadebarranquilla.gov.co\/\" target=\"_blank\" rel=\"noreferrer noopener\"><em>Personero<\/em> del Districte de Barranquilla<\/a> (Col\u00f2mbia) i <strong>Martha Isabel Guti\u00e9rrez<\/strong>, <a href=\"https:\/\/www.jamundi.gov.co\/NuestraAlcaldia\/Paginas\/Personeria.aspx\" target=\"_blank\" rel=\"noreferrer noopener\"><em>Personera<\/em> Municipal de Jamund\u00ed<\/a> (Col\u00f2mbia), que n&#8217;ocupen les <strong>vicepresid\u00e8ncies<\/strong>; <strong>Claudia Bard<\/strong>, <a href=\"https:\/\/legislaturadelchubut.gob.ar\/institucional\/organismos-vinculados\/defensoria-del-pueblo\/\" target=\"_blank\" rel=\"noreferrer noopener\">Defensora del Poble de Chubut<\/a> (Argentina), que n\u2019\u00e9s la tresorera; i <strong>Susana M\u00e9ndez<\/strong>, presidenta de la <a href=\"https:\/\/www.cedhnl.org.mx\/\" target=\"_blank\" rel=\"noreferrer noopener\">Comissi\u00f3 Estatal de Drets Humans del Estat de Nuevo Le\u00f3n<\/a> (M\u00e8xic), a la <strong>secretaria<\/strong>. Els seus objectius s\u00f3n, entre d\u2019altres, els seg\u00fcents:<\/p>\n\n\n\n<ul class=\"wp-block-list\">\n<li><strong>promoure el dret a la ciutat<\/strong> com a eix central, aportant recursos a totes les defensories perqu\u00e8 facilitin que tothom gaudeixi d\u2019entorns urbans inclusius, segurs i sostenibles.<\/li>\n\n\n\n<li><strong>defensar els drets humans de proximitat<\/strong> per poder garantir que les necessitats b\u00e0siques de la ciutadania estiguin cobertes, aix\u00ed com el dret a una vida digna de ser viscuda<\/li>\n\n\n\n<li>potenciar l\u2019<strong>associaci\u00f3 de noves defensories<\/strong>, sobretot a Europa. Tamb\u00e9 <strong>establir aliances<\/strong> amb institucions locals, regionals i globals, aix\u00ed com amb universitats i organitzacions especialitzades<\/li>\n\n\n\n<li><strong>adaptar les estrat\u00e8gies de l\u2019entitat a desafiaments cabdals<\/strong> a escala global, com el canvi clim\u00e0tic, la migraci\u00f3 i la digitalitzaci\u00f3, des d\u2019una perspectiva de drets humans<\/li>\n<\/ul>\n\n\n\n<h2 class=\"wp-block-heading\">La Sindicatura de Greuges de Barcelona, un referent internacional<\/h2>\n\n\n\n<p>El <a href=\"https:\/\/agol.es\/invitacion-al-iv-congreso-de-agol-en-el-marco-del-iii-congreso-internacional-para-todas-las-mediaciones\/\" target=\"_blank\" rel=\"noreferrer noopener\"><strong>IV Congr\u00e9s d\u2019AGOL<\/strong><\/a>, que se celebra conjuntament amb el <a href=\"https:\/\/www.mediationscongress.org\/en\" target=\"_blank\" rel=\"noreferrer noopener\"><strong>III Congr\u00e9s de <em>M\u00e9diateurs<\/em><\/strong><\/a>, reuneix experts i professionals, amb diverses pon\u00e8ncies entre aquest dilluns, 10 de mar\u00e7, fins dem\u00e0 divendres, 14. <strong>El S\u00edndic de Greuges de Barcelona ha participat com a orador en la taula rodona<\/strong> <strong>\u201cLes mediacions i els conflictes d\u2019\u00fas de l\u2019espai p\u00fablic\u201d<\/strong>, sobre com garantir el lleure, la conviv\u00e8ncia i la seguretat.<\/p>\n\n\n\n<p>Al novembre, <a href=\"https:\/\/www.sindicaturabarcelona.cat\/ca\/les-sinergies-i-la-retroalimentacio-entre-defensories-locals-darreu-del-mon-imprescindibles-per-defensar-els-drets-humans-de-proximitat\/\" target=\"_blank\" rel=\"noreferrer noopener\">el fins ara president d\u2019AGOL, Ismael Rins, va visitar Barcelona<\/a> en el marc de l\u2019acte <em>Aliances per defensar drets humans de proximitat<\/em>, en el qual tamb\u00e9 va participar la Sindicatura de la capital catalana. Tamb\u00e9 van visitar la ciutat diverses defensories d\u2019arreu del m\u00f3n durant el 2024.<\/p>\n\n\n\n<p>Durant el mandat actual, la Sindicatura de Greuges de Barcelona ha visitat l\u2019<a href=\"https:\/\/www.sindicaturabarcelona.cat\/ca\/el-sindic-de-greuges-de-barcelona-david-bondia-ha-viatjat-a-luruguai-per-exposar-el-model-de-la-sindicatura-de-greuges-de-barcelona\/\" target=\"_blank\" rel=\"noreferrer noopener\">Uruguai<\/a>, <a href=\"https:\/\/www.sindicaturabarcelona.cat\/ca\/el-sindic-participa-en-el-congres-internacional-de-la-personeria-de-bogota-sobre-drets-humans-emergents\/\" target=\"_blank\" rel=\"noreferrer noopener\">Col\u00f2mbia<\/a>, M\u00e8xic, El Salvador, l\u2019Argentina, B\u00e8lgica i <a href=\"https:\/\/www.sindicaturabarcelona.cat\/ca\/la-sindicatura-de-greuges-de-barcelona-participa-en-linternational-conference-of-ombudsman\/\" target=\"_blank\" rel=\"noreferrer noopener\">It\u00e0lia<\/a>, on el projecte de la defensoria de la ciutat ha generat molt d\u2019inter\u00e8s. A m\u00e9s d\u2019AGOL, la Sindicatura tamb\u00e9 participa en una altra instituci\u00f3 global, l\u2019<a href=\"https:\/\/www.theioi.org\/es\/noticias\/noticias-de-actualidad\" target=\"_blank\" rel=\"noreferrer noopener\">International Ombudsman Institute<\/a>.<\/p>\n","protected":false},"excerpt":{"rendered":"<p>En un congr\u00e9s que t\u00e9 lloc a Par\u00eds i a Angers, els membres d&#8217;AGOL han votat per unanimitat la candidatura encap\u00e7alada per David Bondia. Aquesta instituci\u00f3 reuneix m\u00e9s de 100 [&hellip;]<\/p>\n","protected":false},"author":2,"featured_media":36013,"comment_status":"closed","ping_status":"closed","sticky":false,"template":"","format":"standard","meta":{"_acf_changed":false,"footnotes":""},"tags":[],"drets":[1428,1463,1430,1431,1432,1433,1434,1435,1436,1437,1442,1462,1459,1458,1457,1503,1440,1455,1456,1454,1453,1452,1451,1647,1652,1667,1438,1450,1449,1448,1447,1446,1445,1444,1502],"class_list":["post-35998","post","type-post","status-publish","format-standard","has-post-thumbnail","hentry","drets-ciutat-equitativa","drets-dret-serveis-proteccio-social","drets-dret-a-educacio-i-lleure","drets-dret-a-la-salut","drets-drets-culturals","drets-dret-a-lesport","drets-dret-al-treball","drets-dret-a-lhabitatge","drets-drets-dacolldia","drets-dret-a-una-vida-lliure-de-violencies","drets-ciutat-diversa","drets-drets-de-la-infancia-i-ladolescencia","drets-drets-de-participacio","drets-dret-a-la-igualtat-i-a-la-diversitat","drets-drets-linguistics","drets-dret-a-les-cures","drets-ciutat-garantista","drets-drets-digitals","drets-dret-a-una-bona-administracio","drets-drets-de-les-persones-consumidores","drets-drets-funeraris","drets-dret-a-la-seguretat-ciutadana","drets-dret-a-lempadronament","drets-dret-a-la-informacio","drets-dret-a-la-memoria-democratica","drets-dret-a-la-integritat","drets-ciutat-habitable-i-sostenible","drets-dret-a-un-urbanisme-harmonios","drets-dret-a-una-convivencia-pacifica","drets-dret-al-medi-ambient","drets-dret-a-la-mobilitat","drets-dret-a-lespai-public","drets-dret-a-laccessibilitat-i-la-inclusivitat","drets-dret-al-descans","drets-dret-al-benestar-animal"],"acf":[],"yoast_head":"<!-- This site is optimized with the Yoast SEO plugin v27.5 - https:\/\/yoast.com\/product\/yoast-seo-wordpress\/ -->\n<title>El S\u00edndic de Greuges de Barcelona, nou president de l\u2019Alianza Global del \u00d3mbudsperson Local (AGOL) - Sindicatura de Greuges de Barcelona<\/title>\n<meta name=\"description\" content=\"En un congr\u00e9s que t\u00e9 lloc a Fran\u00e7a, els membres de l\u2019ONG AGOL han votat per unanimitat la candidatura encap\u00e7alada per David Bondia.\" \/>\n<meta name=\"robots\" content=\"index, follow, max-snippet:-1, max-image-preview:large, max-video-preview:-1\" \/>\n<link rel=\"canonical\" href=\"https:\/\/www.sindicaturabarcelona.cat\/ca\/el-sindic-de-greuges-de-barcelona-nou-president-de-lalianza-global-del-ombudsperson-local-agol\/\" \/>\n<meta property=\"og:locale\" content=\"ca_ES\" \/>\n<meta property=\"og:type\" content=\"article\" \/>\n<meta property=\"og:title\" content=\"El S\u00edndic de Greuges de Barcelona, nou president de l\u2019Alianza Global del \u00d3mbudsperson Local (AGOL) - Sindicatura de Greuges de Barcelona\" \/>\n<meta property=\"og:description\" content=\"En un congr\u00e9s que t\u00e9 lloc a Fran\u00e7a, els membres de l\u2019ONG AGOL han votat per unanimitat la candidatura encap\u00e7alada per David Bondia.\" \/>\n<meta property=\"og:url\" content=\"https:\/\/www.sindicaturabarcelona.cat\/ca\/el-sindic-de-greuges-de-barcelona-nou-president-de-lalianza-global-del-ombudsperson-local-agol\/\" \/>\n<meta property=\"og:site_name\" content=\"Sindicatura de Greuges de Barcelona\" \/>\n<meta property=\"article:published_time\" content=\"2025-03-13T06:15:00+00:00\" \/>\n<meta property=\"article:modified_time\" content=\"2025-08-06T10:58:35+00:00\" \/>\n<meta property=\"og:image\" content=\"https:\/\/www.sindicaturabarcelona.cat\/wp-content\/uploads\/FotoNotiAGOL-scaled.jpg\" \/>\n\t<meta property=\"og:image:width\" content=\"2560\" \/>\n\t<meta property=\"og:image:height\" content=\"1920\" \/>\n\t<meta property=\"og:image:type\" content=\"image\/jpeg\" \/>\n<meta name=\"author\" content=\"Pablo\" \/>\n<meta name=\"twitter:card\" content=\"summary_large_image\" \/>\n<meta name=\"twitter:creator\" content=\"@sindicbarcelona\" \/>\n<meta name=\"twitter:site\" content=\"@sindicbarcelona\" \/>\n<meta name=\"twitter:label1\" content=\"Escrit per\" \/>\n\t<meta name=\"twitter:data1\" content=\"Pablo\" \/>\n\t<meta name=\"twitter:label2\" content=\"Temps estimat de lectura\" \/>\n\t<meta name=\"twitter:data2\" content=\"3 minuts\" \/>\n<script type=\"application\/ld+json\" class=\"yoast-schema-graph\">{\"@context\":\"https:\\\/\\\/schema.org\",\"@graph\":[{\"@type\":\"Article\",\"@id\":\"https:\\\/\\\/www.sindicaturabarcelona.cat\\\/ca\\\/el-sindic-de-greuges-de-barcelona-nou-president-de-lalianza-global-del-ombudsperson-local-agol\\\/#article\",\"isPartOf\":{\"@id\":\"https:\\\/\\\/www.sindicaturabarcelona.cat\\\/ca\\\/el-sindic-de-greuges-de-barcelona-nou-president-de-lalianza-global-del-ombudsperson-local-agol\\\/\"},\"author\":{\"name\":\"Pablo\",\"@id\":\"https:\\\/\\\/www.sindicaturabarcelona.cat\\\/ca\\\/#\\\/schema\\\/person\\\/0e5acffc350ffdbc97578159322c9452\"},\"headline\":\"El S\u00edndic de Greuges de Barcelona, nou president de l\u2019Alianza Global del \u00d3mbudsperson Local (AGOL)\",\"datePublished\":\"2025-03-13T06:15:00+00:00\",\"dateModified\":\"2025-08-06T10:58:35+00:00\",\"mainEntityOfPage\":{\"@id\":\"https:\\\/\\\/www.sindicaturabarcelona.cat\\\/ca\\\/el-sindic-de-greuges-de-barcelona-nou-president-de-lalianza-global-del-ombudsperson-local-agol\\\/\"},\"wordCount\":492,\"publisher\":{\"@id\":\"https:\\\/\\\/www.sindicaturabarcelona.cat\\\/ca\\\/#organization\"},\"image\":{\"@id\":\"https:\\\/\\\/www.sindicaturabarcelona.cat\\\/ca\\\/el-sindic-de-greuges-de-barcelona-nou-president-de-lalianza-global-del-ombudsperson-local-agol\\\/#primaryimage\"},\"thumbnailUrl\":\"https:\\\/\\\/www.sindicaturabarcelona.cat\\\/wp-content\\\/uploads\\\/FotoNotiAGOL-scaled.jpg\",\"inLanguage\":\"ca\"},{\"@type\":\"WebPage\",\"@id\":\"https:\\\/\\\/www.sindicaturabarcelona.cat\\\/ca\\\/el-sindic-de-greuges-de-barcelona-nou-president-de-lalianza-global-del-ombudsperson-local-agol\\\/\",\"url\":\"https:\\\/\\\/www.sindicaturabarcelona.cat\\\/ca\\\/el-sindic-de-greuges-de-barcelona-nou-president-de-lalianza-global-del-ombudsperson-local-agol\\\/\",\"name\":\"El S\u00edndic de Greuges de Barcelona, nou president de l\u2019Alianza Global del \u00d3mbudsperson Local (AGOL) - Sindicatura de Greuges de Barcelona\",\"isPartOf\":{\"@id\":\"https:\\\/\\\/www.sindicaturabarcelona.cat\\\/ca\\\/#website\"},\"primaryImageOfPage\":{\"@id\":\"https:\\\/\\\/www.sindicaturabarcelona.cat\\\/ca\\\/el-sindic-de-greuges-de-barcelona-nou-president-de-lalianza-global-del-ombudsperson-local-agol\\\/#primaryimage\"},\"image\":{\"@id\":\"https:\\\/\\\/www.sindicaturabarcelona.cat\\\/ca\\\/el-sindic-de-greuges-de-barcelona-nou-president-de-lalianza-global-del-ombudsperson-local-agol\\\/#primaryimage\"},\"thumbnailUrl\":\"https:\\\/\\\/www.sindicaturabarcelona.cat\\\/wp-content\\\/uploads\\\/FotoNotiAGOL-scaled.jpg\",\"datePublished\":\"2025-03-13T06:15:00+00:00\",\"dateModified\":\"2025-08-06T10:58:35+00:00\",\"description\":\"En un congr\u00e9s que t\u00e9 lloc a Fran\u00e7a, els membres de l\u2019ONG AGOL han votat per unanimitat la candidatura encap\u00e7alada per David Bondia.\",\"breadcrumb\":{\"@id\":\"https:\\\/\\\/www.sindicaturabarcelona.cat\\\/ca\\\/el-sindic-de-greuges-de-barcelona-nou-president-de-lalianza-global-del-ombudsperson-local-agol\\\/#breadcrumb\"},\"inLanguage\":\"ca\",\"potentialAction\":[{\"@type\":\"ReadAction\",\"target\":[\"https:\\\/\\\/www.sindicaturabarcelona.cat\\\/ca\\\/el-sindic-de-greuges-de-barcelona-nou-president-de-lalianza-global-del-ombudsperson-local-agol\\\/\"]}]},{\"@type\":\"ImageObject\",\"inLanguage\":\"ca\",\"@id\":\"https:\\\/\\\/www.sindicaturabarcelona.cat\\\/ca\\\/el-sindic-de-greuges-de-barcelona-nou-president-de-lalianza-global-del-ombudsperson-local-agol\\\/#primaryimage\",\"url\":\"https:\\\/\\\/www.sindicaturabarcelona.cat\\\/wp-content\\\/uploads\\\/FotoNotiAGOL-scaled.jpg\",\"contentUrl\":\"https:\\\/\\\/www.sindicaturabarcelona.cat\\\/wp-content\\\/uploads\\\/FotoNotiAGOL-scaled.jpg\",\"width\":2560,\"height\":1920},{\"@type\":\"BreadcrumbList\",\"@id\":\"https:\\\/\\\/www.sindicaturabarcelona.cat\\\/ca\\\/el-sindic-de-greuges-de-barcelona-nou-president-de-lalianza-global-del-ombudsperson-local-agol\\\/#breadcrumb\",\"itemListElement\":[{\"@type\":\"ListItem\",\"position\":1,\"name\":\"Inici\",\"item\":\"https:\\\/\\\/www.sindicaturabarcelona.cat\\\/ca\\\/\"},{\"@type\":\"ListItem\",\"position\":2,\"name\":\"El S\u00edndic de Greuges de Barcelona, nou president de l\u2019Alianza Global del \u00d3mbudsperson Local (AGOL)\"}]},{\"@type\":\"WebSite\",\"@id\":\"https:\\\/\\\/www.sindicaturabarcelona.cat\\\/ca\\\/#website\",\"url\":\"https:\\\/\\\/www.sindicaturabarcelona.cat\\\/ca\\\/\",\"name\":\"Sindicatura de Greuges de Barcelona\",\"description\":\"La defensoria dels teus drets\",\"publisher\":{\"@id\":\"https:\\\/\\\/www.sindicaturabarcelona.cat\\\/ca\\\/#organization\"},\"potentialAction\":[{\"@type\":\"SearchAction\",\"target\":{\"@type\":\"EntryPoint\",\"urlTemplate\":\"https:\\\/\\\/www.sindicaturabarcelona.cat\\\/ca\\\/?s={search_term_string}\"},\"query-input\":{\"@type\":\"PropertyValueSpecification\",\"valueRequired\":true,\"valueName\":\"search_term_string\"}}],\"inLanguage\":\"ca\"},{\"@type\":\"Organization\",\"@id\":\"https:\\\/\\\/www.sindicaturabarcelona.cat\\\/ca\\\/#organization\",\"name\":\"Sindicatura de Greuges de Barcelona\",\"url\":\"https:\\\/\\\/www.sindicaturabarcelona.cat\\\/ca\\\/\",\"logo\":{\"@type\":\"ImageObject\",\"inLanguage\":\"ca\",\"@id\":\"https:\\\/\\\/www.sindicaturabarcelona.cat\\\/ca\\\/#\\\/schema\\\/logo\\\/image\\\/\",\"url\":\"https:\\\/\\\/www.sindicaturabarcelona.cat\\\/wp-content\\\/uploads\\\/2023\\\/02\\\/logo_sindicatura.svg\",\"contentUrl\":\"https:\\\/\\\/www.sindicaturabarcelona.cat\\\/wp-content\\\/uploads\\\/2023\\\/02\\\/logo_sindicatura.svg\",\"caption\":\"Sindicatura de Greuges de Barcelona\"},\"image\":{\"@id\":\"https:\\\/\\\/www.sindicaturabarcelona.cat\\\/ca\\\/#\\\/schema\\\/logo\\\/image\\\/\"},\"sameAs\":[\"https:\\\/\\\/x.com\\\/sindicbarcelona\",\"https:\\\/\\\/www.instagram.com\\\/sindicbarcelona\\\/\",\"https:\\\/\\\/www.tiktok.com\\\/@sindicaturabcn\",\"https:\\\/\\\/t.me\\\/sindicaturabarcelona\"]},{\"@type\":\"Person\",\"@id\":\"https:\\\/\\\/www.sindicaturabarcelona.cat\\\/ca\\\/#\\\/schema\\\/person\\\/0e5acffc350ffdbc97578159322c9452\",\"name\":\"Pablo\",\"image\":{\"@type\":\"ImageObject\",\"inLanguage\":\"ca\",\"@id\":\"https:\\\/\\\/secure.gravatar.com\\\/avatar\\\/c948169b402ef9492afde705c3dfd5e90e1a6a84ef6840a91124f805a25a480f?s=96&d=mm&r=g\",\"url\":\"https:\\\/\\\/secure.gravatar.com\\\/avatar\\\/c948169b402ef9492afde705c3dfd5e90e1a6a84ef6840a91124f805a25a480f?s=96&d=mm&r=g\",\"contentUrl\":\"https:\\\/\\\/secure.gravatar.com\\\/avatar\\\/c948169b402ef9492afde705c3dfd5e90e1a6a84ef6840a91124f805a25a480f?s=96&d=mm&r=g\",\"caption\":\"Pablo\"},\"url\":\"https:\\\/\\\/www.sindicaturabarcelona.cat\\\/ca\\\/author\\\/pablo\\\/\"}]}<\/script>\n<!-- \/ Yoast SEO plugin. -->","yoast_head_json":{"title":"El S\u00edndic de Greuges de Barcelona, nou president de l\u2019Alianza Global del \u00d3mbudsperson Local (AGOL) - Sindicatura de Greuges de Barcelona","description":"En un congr\u00e9s que t\u00e9 lloc a Fran\u00e7a, els membres de l\u2019ONG AGOL han votat per unanimitat la candidatura encap\u00e7alada per David Bondia.","robots":{"index":"index","follow":"follow","max-snippet":"max-snippet:-1","max-image-preview":"max-image-preview:large","max-video-preview":"max-video-preview:-1"},"canonical":"https:\/\/www.sindicaturabarcelona.cat\/ca\/el-sindic-de-greuges-de-barcelona-nou-president-de-lalianza-global-del-ombudsperson-local-agol\/","og_locale":"ca_ES","og_type":"article","og_title":"El S\u00edndic de Greuges de Barcelona, nou president de l\u2019Alianza Global del \u00d3mbudsperson Local (AGOL) - Sindicatura de Greuges de Barcelona","og_description":"En un congr\u00e9s que t\u00e9 lloc a Fran\u00e7a, els membres de l\u2019ONG AGOL han votat per unanimitat la candidatura encap\u00e7alada per David Bondia.","og_url":"https:\/\/www.sindicaturabarcelona.cat\/ca\/el-sindic-de-greuges-de-barcelona-nou-president-de-lalianza-global-del-ombudsperson-local-agol\/","og_site_name":"Sindicatura de Greuges de Barcelona","article_published_time":"2025-03-13T06:15:00+00:00","article_modified_time":"2025-08-06T10:58:35+00:00","og_image":[{"width":2560,"height":1920,"url":"https:\/\/www.sindicaturabarcelona.cat\/wp-content\/uploads\/FotoNotiAGOL-scaled.jpg","type":"image\/jpeg"}],"author":"Pablo","twitter_card":"summary_large_image","twitter_creator":"@sindicbarcelona","twitter_site":"@sindicbarcelona","twitter_misc":{"Escrit per":"Pablo","Temps estimat de lectura":"3 minuts"},"schema":{"@context":"https:\/\/schema.org","@graph":[{"@type":"Article","@id":"https:\/\/www.sindicaturabarcelona.cat\/ca\/el-sindic-de-greuges-de-barcelona-nou-president-de-lalianza-global-del-ombudsperson-local-agol\/#article","isPartOf":{"@id":"https:\/\/www.sindicaturabarcelona.cat\/ca\/el-sindic-de-greuges-de-barcelona-nou-president-de-lalianza-global-del-ombudsperson-local-agol\/"},"author":{"name":"Pablo","@id":"https:\/\/www.sindicaturabarcelona.cat\/ca\/#\/schema\/person\/0e5acffc350ffdbc97578159322c9452"},"headline":"El S\u00edndic de Greuges de Barcelona, nou president de l\u2019Alianza Global del \u00d3mbudsperson Local (AGOL)","datePublished":"2025-03-13T06:15:00+00:00","dateModified":"2025-08-06T10:58:35+00:00","mainEntityOfPage":{"@id":"https:\/\/www.sindicaturabarcelona.cat\/ca\/el-sindic-de-greuges-de-barcelona-nou-president-de-lalianza-global-del-ombudsperson-local-agol\/"},"wordCount":492,"publisher":{"@id":"https:\/\/www.sindicaturabarcelona.cat\/ca\/#organization"},"image":{"@id":"https:\/\/www.sindicaturabarcelona.cat\/ca\/el-sindic-de-greuges-de-barcelona-nou-president-de-lalianza-global-del-ombudsperson-local-agol\/#primaryimage"},"thumbnailUrl":"https:\/\/www.sindicaturabarcelona.cat\/wp-content\/uploads\/FotoNotiAGOL-scaled.jpg","inLanguage":"ca"},{"@type":"WebPage","@id":"https:\/\/www.sindicaturabarcelona.cat\/ca\/el-sindic-de-greuges-de-barcelona-nou-president-de-lalianza-global-del-ombudsperson-local-agol\/","url":"https:\/\/www.sindicaturabarcelona.cat\/ca\/el-sindic-de-greuges-de-barcelona-nou-president-de-lalianza-global-del-ombudsperson-local-agol\/","name":"El S\u00edndic de Greuges de Barcelona, nou president de l\u2019Alianza Global del \u00d3mbudsperson Local (AGOL) - Sindicatura de Greuges de Barcelona","isPartOf":{"@id":"https:\/\/www.sindicaturabarcelona.cat\/ca\/#website"},"primaryImageOfPage":{"@id":"https:\/\/www.sindicaturabarcelona.cat\/ca\/el-sindic-de-greuges-de-barcelona-nou-president-de-lalianza-global-del-ombudsperson-local-agol\/#primaryimage"},"image":{"@id":"https:\/\/www.sindicaturabarcelona.cat\/ca\/el-sindic-de-greuges-de-barcelona-nou-president-de-lalianza-global-del-ombudsperson-local-agol\/#primaryimage"},"thumbnailUrl":"https:\/\/www.sindicaturabarcelona.cat\/wp-content\/uploads\/FotoNotiAGOL-scaled.jpg","datePublished":"2025-03-13T06:15:00+00:00","dateModified":"2025-08-06T10:58:35+00:00","description":"En un congr\u00e9s que t\u00e9 lloc a Fran\u00e7a, els membres de l\u2019ONG AGOL han votat per unanimitat la candidatura encap\u00e7alada per David Bondia.","breadcrumb":{"@id":"https:\/\/www.sindicaturabarcelona.cat\/ca\/el-sindic-de-greuges-de-barcelona-nou-president-de-lalianza-global-del-ombudsperson-local-agol\/#breadcrumb"},"inLanguage":"ca","potentialAction":[{"@type":"ReadAction","target":["https:\/\/www.sindicaturabarcelona.cat\/ca\/el-sindic-de-greuges-de-barcelona-nou-president-de-lalianza-global-del-ombudsperson-local-agol\/"]}]},{"@type":"ImageObject","inLanguage":"ca","@id":"https:\/\/www.sindicaturabarcelona.cat\/ca\/el-sindic-de-greuges-de-barcelona-nou-president-de-lalianza-global-del-ombudsperson-local-agol\/#primaryimage","url":"https:\/\/www.sindicaturabarcelona.cat\/wp-content\/uploads\/FotoNotiAGOL-scaled.jpg","contentUrl":"https:\/\/www.sindicaturabarcelona.cat\/wp-content\/uploads\/FotoNotiAGOL-scaled.jpg","width":2560,"height":1920},{"@type":"BreadcrumbList","@id":"https:\/\/www.sindicaturabarcelona.cat\/ca\/el-sindic-de-greuges-de-barcelona-nou-president-de-lalianza-global-del-ombudsperson-local-agol\/#breadcrumb","itemListElement":[{"@type":"ListItem","position":1,"name":"Inici","item":"https:\/\/www.sindicaturabarcelona.cat\/ca\/"},{"@type":"ListItem","position":2,"name":"El S\u00edndic de Greuges de Barcelona, nou president de l\u2019Alianza Global del \u00d3mbudsperson Local (AGOL)"}]},{"@type":"WebSite","@id":"https:\/\/www.sindicaturabarcelona.cat\/ca\/#website","url":"https:\/\/www.sindicaturabarcelona.cat\/ca\/","name":"Sindicatura de Greuges de Barcelona","description":"La defensoria dels teus drets","publisher":{"@id":"https:\/\/www.sindicaturabarcelona.cat\/ca\/#organization"},"potentialAction":[{"@type":"SearchAction","target":{"@type":"EntryPoint","urlTemplate":"https:\/\/www.sindicaturabarcelona.cat\/ca\/?s={search_term_string}"},"query-input":{"@type":"PropertyValueSpecification","valueRequired":true,"valueName":"search_term_string"}}],"inLanguage":"ca"},{"@type":"Organization","@id":"https:\/\/www.sindicaturabarcelona.cat\/ca\/#organization","name":"Sindicatura de Greuges de Barcelona","url":"https:\/\/www.sindicaturabarcelona.cat\/ca\/","logo":{"@type":"ImageObject","inLanguage":"ca","@id":"https:\/\/www.sindicaturabarcelona.cat\/ca\/#\/schema\/logo\/image\/","url":"https:\/\/www.sindicaturabarcelona.cat\/wp-content\/uploads\/2023\/02\/logo_sindicatura.svg","contentUrl":"https:\/\/www.sindicaturabarcelona.cat\/wp-content\/uploads\/2023\/02\/logo_sindicatura.svg","caption":"Sindicatura de Greuges de Barcelona"},"image":{"@id":"https:\/\/www.sindicaturabarcelona.cat\/ca\/#\/schema\/logo\/image\/"},"sameAs":["https:\/\/x.com\/sindicbarcelona","https:\/\/www.instagram.com\/sindicbarcelona\/","https:\/\/www.tiktok.com\/@sindicaturabcn","https:\/\/t.me\/sindicaturabarcelona"]},{"@type":"Person","@id":"https:\/\/www.sindicaturabarcelona.cat\/ca\/#\/schema\/person\/0e5acffc350ffdbc97578159322c9452","name":"Pablo","image":{"@type":"ImageObject","inLanguage":"ca","@id":"https:\/\/secure.gravatar.com\/avatar\/c948169b402ef9492afde705c3dfd5e90e1a6a84ef6840a91124f805a25a480f?s=96&d=mm&r=g","url":"https:\/\/secure.gravatar.com\/avatar\/c948169b402ef9492afde705c3dfd5e90e1a6a84ef6840a91124f805a25a480f?s=96&d=mm&r=g","contentUrl":"https:\/\/secure.gravatar.com\/avatar\/c948169b402ef9492afde705c3dfd5e90e1a6a84ef6840a91124f805a25a480f?s=96&d=mm&r=g","caption":"Pablo"},"url":"https:\/\/www.sindicaturabarcelona.cat\/ca\/author\/pablo\/"}]}},"_links":{"self":[{"href":"https:\/\/www.sindicaturabarcelona.cat\/ca\/wp-json\/wp\/v2\/posts\/35998","targetHints":{"allow":["GET"]}}],"collection":[{"href":"https:\/\/www.sindicaturabarcelona.cat\/ca\/wp-json\/wp\/v2\/posts"}],"about":[{"href":"https:\/\/www.sindicaturabarcelona.cat\/ca\/wp-json\/wp\/v2\/types\/post"}],"author":[{"embeddable":true,"href":"https:\/\/www.sindicaturabarcelona.cat\/ca\/wp-json\/wp\/v2\/users\/2"}],"replies":[{"embeddable":true,"href":"https:\/\/www.sindicaturabarcelona.cat\/ca\/wp-json\/wp\/v2\/comments?post=35998"}],"version-history":[{"count":8,"href":"https:\/\/www.sindicaturabarcelona.cat\/ca\/wp-json\/wp\/v2\/posts\/35998\/revisions"}],"predecessor-version":[{"id":38474,"href":"https:\/\/www.sindicaturabarcelona.cat\/ca\/wp-json\/wp\/v2\/posts\/35998\/revisions\/38474"}],"wp:featuredmedia":[{"embeddable":true,"href":"https:\/\/www.sindicaturabarcelona.cat\/ca\/wp-json\/wp\/v2\/media\/36013"}],"wp:attachment":[{"href":"https:\/\/www.sindicaturabarcelona.cat\/ca\/wp-json\/wp\/v2\/media?parent=35998"}],"wp:term":[{"taxonomy":"post_tag","embeddable":true,"href":"https:\/\/www.sindicaturabarcelona.cat\/ca\/wp-json\/wp\/v2\/tags?post=35998"},{"taxonomy":"drets","embeddable":true,"href":"https:\/\/www.sindicaturabarcelona.cat\/ca\/wp-json\/wp\/v2\/drets?post=35998"}],"curies":[{"name":"wp","href":"https:\/\/api.w.org\/{rel}","templated":true}]}}