{"id":35243,"date":"2025-02-07T15:30:00","date_gmt":"2025-02-07T13:30:00","guid":{"rendered":"https:\/\/www.sindicaturabarcelona.cat\/?p=35243"},"modified":"2025-04-16T13:16:32","modified_gmt":"2025-04-16T11:16:32","slug":"lajuntament-i-la-fundacio-habitat3-compren-la-casa-orsola","status":"publish","type":"post","link":"https:\/\/www.sindicaturabarcelona.cat\/ca\/lajuntament-i-la-fundacio-habitat3-compren-la-casa-orsola\/","title":{"rendered":"L\u2019Ajuntament i la Fundaci\u00f3 H\u00e0bitat3 compren la Casa Orsola"},"content":{"rendered":"\n<p>L&#8217;adquisici\u00f3 conjunta permet <strong>aturar els processos de desnonament i reconvertir els habitatges lliures en protegits. <\/strong>Aquesta operaci\u00f3 ha estat possible<strong> gr\u00e0cies a <a href=\"https:\/\/www.sindicaturabarcelona.cat\/ca\/la-sindicatura-de-greuges-de-barcelona-sofereix-com-a-mediadora-en-el-cas-de-la-casa-orsola\/\" target=\"_blank\" rel=\"noreferrer noopener\">la mediaci\u00f3 de la Sindicatur<\/a><a href=\"https:\/\/www.sindicaturabarcelona.cat\/ca\/la-sindicatura-de-greuges-de-barcelona-sofereix-com-a-mediadora-en-el-cas-de-la-casa-orsola\/\">a de Greuges de Barcelona<\/a><\/strong>\u00a0per establir un di\u00e0leg i arribar a un acord satisfactori entre les parts implicades.<\/p>\n\n\n\n<p><strong><a href=\"https:\/\/www.habitat3.cat\/\" target=\"_blank\" rel=\"noreferrer noopener\">H\u00e0bitat3<\/a> assumir\u00e0 el 51% de la finca<\/strong> i gestionar\u00e0, amb criteris socials, el lloguer assequible dels 26 pisos de l\u2019edifici. El cost de la <strong>compra \u00e9s de 9,2 milions d&#8217;euros<\/strong>, al voltant d\u2019un 30% menys que la mitjana del preu del mercat actual al barri de la Nova Esquerra de l\u2019Eixample.<\/p>\n\n\n\n<p>Es tracta d\u2019una adquisici\u00f3 col\u00b7laborativa i social promoguda per&nbsp;H\u00e0bitat 3, en qu\u00e8 <strong>l\u2019Ajuntament de Barcelona adquireix el 49%<\/strong> i l\u2019entitat el 51% restant de la finca. Aquesta f\u00f3rmula conjunta permet fer la&nbsp;<strong>compra amb una inversi\u00f3 municipal m\u00e9s redu\u00efda<\/strong>, i recuperar els habitatges per a \u00fas residencial amb lloguers assequibles.<\/p>\n\n\n\n<p>La Casa Orsola, situada al <a href=\"https:\/\/ajuntament.barcelona.cat\/eixample\/ca\" target=\"_blank\" rel=\"noreferrer noopener\">Districte de l\u2019Eixample<\/a>, t\u00e9 26 habitatges i 4 locals comercials. Actualment, a la finca hi ha 7 pisos amb lloguer indefinit, 7 de temporada, 5 amb contracte vigent, 5 en proc\u00e9s judicial i 2 de buits. Un cop acabin els contractes de temporada,<strong>\u00a0es podran destinar 9 pisos al parc d\u2019habitatge p\u00fablic de la ciutat.<\/strong><\/p>\n\n\n\n<p><\/p>\n\n\n\n<p><\/p>\n","protected":false},"excerpt":{"rendered":"<p>L&#8217;adquisici\u00f3 conjunta permet aturar els processos de desnonament i reconvertir els habitatges lliures en protegits. Aquesta operaci\u00f3 ha estat possible gr\u00e0cies a la mediaci\u00f3 de la Sindicatura de Greuges de [&hellip;]<\/p>\n","protected":false},"author":2,"featured_media":35258,"comment_status":"closed","ping_status":"closed","sticky":false,"template":"","format":"standard","meta":{"_acf_changed":false,"footnotes":""},"tags":[],"drets":[1428,1435],"class_list":["post-35243","post","type-post","status-publish","format-standard","has-post-thumbnail","hentry","drets-ciutat-equitativa","drets-dret-a-lhabitatge"],"acf":[],"yoast_head":"<!-- This site is optimized with the Yoast SEO plugin v27.5 - https:\/\/yoast.com\/product\/yoast-seo-wordpress\/ -->\n<title>L\u2019Ajuntament i la Fundaci\u00f3 H\u00e0bitat3 compren la Casa Orsola - Sindicatura de Greuges de Barcelona<\/title>\n<meta name=\"description\" content=\"L&#039;adquisici\u00f3 conjunta permet aturar els processos de desnonament i reconvertir els habitatges lliures en protegits.\" \/>\n<meta name=\"robots\" content=\"index, follow, max-snippet:-1, max-image-preview:large, max-video-preview:-1\" \/>\n<link rel=\"canonical\" href=\"https:\/\/www.sindicaturabarcelona.cat\/ca\/lajuntament-i-la-fundacio-habitat3-compren-la-casa-orsola\/\" \/>\n<meta property=\"og:locale\" content=\"ca_ES\" \/>\n<meta property=\"og:type\" content=\"article\" \/>\n<meta property=\"og:title\" content=\"L\u2019Ajuntament i la Fundaci\u00f3 H\u00e0bitat3 compren la Casa Orsola - Sindicatura de Greuges de Barcelona\" \/>\n<meta property=\"og:description\" content=\"L&#039;adquisici\u00f3 conjunta permet aturar els processos de desnonament i reconvertir els habitatges lliures en protegits.\" \/>\n<meta property=\"og:url\" content=\"https:\/\/www.sindicaturabarcelona.cat\/ca\/lajuntament-i-la-fundacio-habitat3-compren-la-casa-orsola\/\" \/>\n<meta property=\"og:site_name\" content=\"Sindicatura de Greuges de Barcelona\" \/>\n<meta property=\"article:published_time\" content=\"2025-02-07T13:30:00+00:00\" \/>\n<meta property=\"article:modified_time\" content=\"2025-04-16T11:16:32+00:00\" \/>\n<meta property=\"og:image\" content=\"https:\/\/www.sindicaturabarcelona.cat\/wp-content\/uploads\/IMG_8655-scaled.jpg\" \/>\n\t<meta property=\"og:image:width\" content=\"2560\" \/>\n\t<meta property=\"og:image:height\" content=\"1710\" \/>\n\t<meta property=\"og:image:type\" content=\"image\/jpeg\" \/>\n<meta name=\"author\" content=\"Pablo\" \/>\n<meta name=\"twitter:card\" content=\"summary_large_image\" \/>\n<meta name=\"twitter:creator\" content=\"@sindicbarcelona\" \/>\n<meta name=\"twitter:site\" content=\"@sindicbarcelona\" \/>\n<meta name=\"twitter:label1\" content=\"Escrit per\" \/>\n\t<meta name=\"twitter:data1\" content=\"Pablo\" \/>\n\t<meta name=\"twitter:label2\" content=\"Temps estimat de lectura\" \/>\n\t<meta name=\"twitter:data2\" content=\"2 minuts\" \/>\n<script type=\"application\/ld+json\" class=\"yoast-schema-graph\">{\"@context\":\"https:\\\/\\\/schema.org\",\"@graph\":[{\"@type\":\"Article\",\"@id\":\"https:\\\/\\\/www.sindicaturabarcelona.cat\\\/ca\\\/lajuntament-i-la-fundacio-habitat3-compren-la-casa-orsola\\\/#article\",\"isPartOf\":{\"@id\":\"https:\\\/\\\/www.sindicaturabarcelona.cat\\\/ca\\\/lajuntament-i-la-fundacio-habitat3-compren-la-casa-orsola\\\/\"},\"author\":{\"name\":\"Pablo\",\"@id\":\"https:\\\/\\\/www.sindicaturabarcelona.cat\\\/ca\\\/#\\\/schema\\\/person\\\/0e5acffc350ffdbc97578159322c9452\"},\"headline\":\"L\u2019Ajuntament i la Fundaci\u00f3 H\u00e0bitat3 compren la Casa Orsola\",\"datePublished\":\"2025-02-07T13:30:00+00:00\",\"dateModified\":\"2025-04-16T11:16:32+00:00\",\"mainEntityOfPage\":{\"@id\":\"https:\\\/\\\/www.sindicaturabarcelona.cat\\\/ca\\\/lajuntament-i-la-fundacio-habitat3-compren-la-casa-orsola\\\/\"},\"wordCount\":226,\"publisher\":{\"@id\":\"https:\\\/\\\/www.sindicaturabarcelona.cat\\\/ca\\\/#organization\"},\"image\":{\"@id\":\"https:\\\/\\\/www.sindicaturabarcelona.cat\\\/ca\\\/lajuntament-i-la-fundacio-habitat3-compren-la-casa-orsola\\\/#primaryimage\"},\"thumbnailUrl\":\"https:\\\/\\\/www.sindicaturabarcelona.cat\\\/wp-content\\\/uploads\\\/IMG_8655-scaled.jpg\",\"inLanguage\":\"ca\"},{\"@type\":\"WebPage\",\"@id\":\"https:\\\/\\\/www.sindicaturabarcelona.cat\\\/ca\\\/lajuntament-i-la-fundacio-habitat3-compren-la-casa-orsola\\\/\",\"url\":\"https:\\\/\\\/www.sindicaturabarcelona.cat\\\/ca\\\/lajuntament-i-la-fundacio-habitat3-compren-la-casa-orsola\\\/\",\"name\":\"L\u2019Ajuntament i la Fundaci\u00f3 H\u00e0bitat3 compren la Casa Orsola - Sindicatura de Greuges de Barcelona\",\"isPartOf\":{\"@id\":\"https:\\\/\\\/www.sindicaturabarcelona.cat\\\/ca\\\/#website\"},\"primaryImageOfPage\":{\"@id\":\"https:\\\/\\\/www.sindicaturabarcelona.cat\\\/ca\\\/lajuntament-i-la-fundacio-habitat3-compren-la-casa-orsola\\\/#primaryimage\"},\"image\":{\"@id\":\"https:\\\/\\\/www.sindicaturabarcelona.cat\\\/ca\\\/lajuntament-i-la-fundacio-habitat3-compren-la-casa-orsola\\\/#primaryimage\"},\"thumbnailUrl\":\"https:\\\/\\\/www.sindicaturabarcelona.cat\\\/wp-content\\\/uploads\\\/IMG_8655-scaled.jpg\",\"datePublished\":\"2025-02-07T13:30:00+00:00\",\"dateModified\":\"2025-04-16T11:16:32+00:00\",\"description\":\"L'adquisici\u00f3 conjunta permet aturar els processos de desnonament i reconvertir els habitatges lliures en protegits.\",\"breadcrumb\":{\"@id\":\"https:\\\/\\\/www.sindicaturabarcelona.cat\\\/ca\\\/lajuntament-i-la-fundacio-habitat3-compren-la-casa-orsola\\\/#breadcrumb\"},\"inLanguage\":\"ca\",\"potentialAction\":[{\"@type\":\"ReadAction\",\"target\":[\"https:\\\/\\\/www.sindicaturabarcelona.cat\\\/ca\\\/lajuntament-i-la-fundacio-habitat3-compren-la-casa-orsola\\\/\"]}]},{\"@type\":\"ImageObject\",\"inLanguage\":\"ca\",\"@id\":\"https:\\\/\\\/www.sindicaturabarcelona.cat\\\/ca\\\/lajuntament-i-la-fundacio-habitat3-compren-la-casa-orsola\\\/#primaryimage\",\"url\":\"https:\\\/\\\/www.sindicaturabarcelona.cat\\\/wp-content\\\/uploads\\\/IMG_8655-scaled.jpg\",\"contentUrl\":\"https:\\\/\\\/www.sindicaturabarcelona.cat\\\/wp-content\\\/uploads\\\/IMG_8655-scaled.jpg\",\"width\":2560,\"height\":1710},{\"@type\":\"BreadcrumbList\",\"@id\":\"https:\\\/\\\/www.sindicaturabarcelona.cat\\\/ca\\\/lajuntament-i-la-fundacio-habitat3-compren-la-casa-orsola\\\/#breadcrumb\",\"itemListElement\":[{\"@type\":\"ListItem\",\"position\":1,\"name\":\"Inici\",\"item\":\"https:\\\/\\\/www.sindicaturabarcelona.cat\\\/ca\\\/\"},{\"@type\":\"ListItem\",\"position\":2,\"name\":\"L\u2019Ajuntament i la Fundaci\u00f3 H\u00e0bitat3 compren la Casa Orsola\"}]},{\"@type\":\"WebSite\",\"@id\":\"https:\\\/\\\/www.sindicaturabarcelona.cat\\\/ca\\\/#website\",\"url\":\"https:\\\/\\\/www.sindicaturabarcelona.cat\\\/ca\\\/\",\"name\":\"Sindicatura de Greuges de Barcelona\",\"description\":\"La defensoria dels teus drets\",\"publisher\":{\"@id\":\"https:\\\/\\\/www.sindicaturabarcelona.cat\\\/ca\\\/#organization\"},\"potentialAction\":[{\"@type\":\"SearchAction\",\"target\":{\"@type\":\"EntryPoint\",\"urlTemplate\":\"https:\\\/\\\/www.sindicaturabarcelona.cat\\\/ca\\\/?s={search_term_string}\"},\"query-input\":{\"@type\":\"PropertyValueSpecification\",\"valueRequired\":true,\"valueName\":\"search_term_string\"}}],\"inLanguage\":\"ca\"},{\"@type\":\"Organization\",\"@id\":\"https:\\\/\\\/www.sindicaturabarcelona.cat\\\/ca\\\/#organization\",\"name\":\"Sindicatura de Greuges de Barcelona\",\"url\":\"https:\\\/\\\/www.sindicaturabarcelona.cat\\\/ca\\\/\",\"logo\":{\"@type\":\"ImageObject\",\"inLanguage\":\"ca\",\"@id\":\"https:\\\/\\\/www.sindicaturabarcelona.cat\\\/ca\\\/#\\\/schema\\\/logo\\\/image\\\/\",\"url\":\"https:\\\/\\\/www.sindicaturabarcelona.cat\\\/wp-content\\\/uploads\\\/2023\\\/02\\\/logo_sindicatura.svg\",\"contentUrl\":\"https:\\\/\\\/www.sindicaturabarcelona.cat\\\/wp-content\\\/uploads\\\/2023\\\/02\\\/logo_sindicatura.svg\",\"caption\":\"Sindicatura de Greuges de Barcelona\"},\"image\":{\"@id\":\"https:\\\/\\\/www.sindicaturabarcelona.cat\\\/ca\\\/#\\\/schema\\\/logo\\\/image\\\/\"},\"sameAs\":[\"https:\\\/\\\/x.com\\\/sindicbarcelona\",\"https:\\\/\\\/www.instagram.com\\\/sindicbarcelona\\\/\",\"https:\\\/\\\/www.tiktok.com\\\/@sindicaturabcn\",\"https:\\\/\\\/t.me\\\/sindicaturabarcelona\"]},{\"@type\":\"Person\",\"@id\":\"https:\\\/\\\/www.sindicaturabarcelona.cat\\\/ca\\\/#\\\/schema\\\/person\\\/0e5acffc350ffdbc97578159322c9452\",\"name\":\"Pablo\",\"image\":{\"@type\":\"ImageObject\",\"inLanguage\":\"ca\",\"@id\":\"https:\\\/\\\/secure.gravatar.com\\\/avatar\\\/c948169b402ef9492afde705c3dfd5e90e1a6a84ef6840a91124f805a25a480f?s=96&d=mm&r=g\",\"url\":\"https:\\\/\\\/secure.gravatar.com\\\/avatar\\\/c948169b402ef9492afde705c3dfd5e90e1a6a84ef6840a91124f805a25a480f?s=96&d=mm&r=g\",\"contentUrl\":\"https:\\\/\\\/secure.gravatar.com\\\/avatar\\\/c948169b402ef9492afde705c3dfd5e90e1a6a84ef6840a91124f805a25a480f?s=96&d=mm&r=g\",\"caption\":\"Pablo\"},\"url\":\"https:\\\/\\\/www.sindicaturabarcelona.cat\\\/ca\\\/author\\\/pablo\\\/\"}]}<\/script>\n<!-- \/ Yoast SEO plugin. -->","yoast_head_json":{"title":"L\u2019Ajuntament i la Fundaci\u00f3 H\u00e0bitat3 compren la Casa Orsola - Sindicatura de Greuges de Barcelona","description":"L'adquisici\u00f3 conjunta permet aturar els processos de desnonament i reconvertir els habitatges lliures en protegits.","robots":{"index":"index","follow":"follow","max-snippet":"max-snippet:-1","max-image-preview":"max-image-preview:large","max-video-preview":"max-video-preview:-1"},"canonical":"https:\/\/www.sindicaturabarcelona.cat\/ca\/lajuntament-i-la-fundacio-habitat3-compren-la-casa-orsola\/","og_locale":"ca_ES","og_type":"article","og_title":"L\u2019Ajuntament i la Fundaci\u00f3 H\u00e0bitat3 compren la Casa Orsola - Sindicatura de Greuges de Barcelona","og_description":"L'adquisici\u00f3 conjunta permet aturar els processos de desnonament i reconvertir els habitatges lliures en protegits.","og_url":"https:\/\/www.sindicaturabarcelona.cat\/ca\/lajuntament-i-la-fundacio-habitat3-compren-la-casa-orsola\/","og_site_name":"Sindicatura de Greuges de Barcelona","article_published_time":"2025-02-07T13:30:00+00:00","article_modified_time":"2025-04-16T11:16:32+00:00","og_image":[{"width":2560,"height":1710,"url":"https:\/\/www.sindicaturabarcelona.cat\/wp-content\/uploads\/IMG_8655-scaled.jpg","type":"image\/jpeg"}],"author":"Pablo","twitter_card":"summary_large_image","twitter_creator":"@sindicbarcelona","twitter_site":"@sindicbarcelona","twitter_misc":{"Escrit per":"Pablo","Temps estimat de lectura":"2 minuts"},"schema":{"@context":"https:\/\/schema.org","@graph":[{"@type":"Article","@id":"https:\/\/www.sindicaturabarcelona.cat\/ca\/lajuntament-i-la-fundacio-habitat3-compren-la-casa-orsola\/#article","isPartOf":{"@id":"https:\/\/www.sindicaturabarcelona.cat\/ca\/lajuntament-i-la-fundacio-habitat3-compren-la-casa-orsola\/"},"author":{"name":"Pablo","@id":"https:\/\/www.sindicaturabarcelona.cat\/ca\/#\/schema\/person\/0e5acffc350ffdbc97578159322c9452"},"headline":"L\u2019Ajuntament i la Fundaci\u00f3 H\u00e0bitat3 compren la Casa Orsola","datePublished":"2025-02-07T13:30:00+00:00","dateModified":"2025-04-16T11:16:32+00:00","mainEntityOfPage":{"@id":"https:\/\/www.sindicaturabarcelona.cat\/ca\/lajuntament-i-la-fundacio-habitat3-compren-la-casa-orsola\/"},"wordCount":226,"publisher":{"@id":"https:\/\/www.sindicaturabarcelona.cat\/ca\/#organization"},"image":{"@id":"https:\/\/www.sindicaturabarcelona.cat\/ca\/lajuntament-i-la-fundacio-habitat3-compren-la-casa-orsola\/#primaryimage"},"thumbnailUrl":"https:\/\/www.sindicaturabarcelona.cat\/wp-content\/uploads\/IMG_8655-scaled.jpg","inLanguage":"ca"},{"@type":"WebPage","@id":"https:\/\/www.sindicaturabarcelona.cat\/ca\/lajuntament-i-la-fundacio-habitat3-compren-la-casa-orsola\/","url":"https:\/\/www.sindicaturabarcelona.cat\/ca\/lajuntament-i-la-fundacio-habitat3-compren-la-casa-orsola\/","name":"L\u2019Ajuntament i la Fundaci\u00f3 H\u00e0bitat3 compren la Casa Orsola - Sindicatura de Greuges de Barcelona","isPartOf":{"@id":"https:\/\/www.sindicaturabarcelona.cat\/ca\/#website"},"primaryImageOfPage":{"@id":"https:\/\/www.sindicaturabarcelona.cat\/ca\/lajuntament-i-la-fundacio-habitat3-compren-la-casa-orsola\/#primaryimage"},"image":{"@id":"https:\/\/www.sindicaturabarcelona.cat\/ca\/lajuntament-i-la-fundacio-habitat3-compren-la-casa-orsola\/#primaryimage"},"thumbnailUrl":"https:\/\/www.sindicaturabarcelona.cat\/wp-content\/uploads\/IMG_8655-scaled.jpg","datePublished":"2025-02-07T13:30:00+00:00","dateModified":"2025-04-16T11:16:32+00:00","description":"L'adquisici\u00f3 conjunta permet aturar els processos de desnonament i reconvertir els habitatges lliures en protegits.","breadcrumb":{"@id":"https:\/\/www.sindicaturabarcelona.cat\/ca\/lajuntament-i-la-fundacio-habitat3-compren-la-casa-orsola\/#breadcrumb"},"inLanguage":"ca","potentialAction":[{"@type":"ReadAction","target":["https:\/\/www.sindicaturabarcelona.cat\/ca\/lajuntament-i-la-fundacio-habitat3-compren-la-casa-orsola\/"]}]},{"@type":"ImageObject","inLanguage":"ca","@id":"https:\/\/www.sindicaturabarcelona.cat\/ca\/lajuntament-i-la-fundacio-habitat3-compren-la-casa-orsola\/#primaryimage","url":"https:\/\/www.sindicaturabarcelona.cat\/wp-content\/uploads\/IMG_8655-scaled.jpg","contentUrl":"https:\/\/www.sindicaturabarcelona.cat\/wp-content\/uploads\/IMG_8655-scaled.jpg","width":2560,"height":1710},{"@type":"BreadcrumbList","@id":"https:\/\/www.sindicaturabarcelona.cat\/ca\/lajuntament-i-la-fundacio-habitat3-compren-la-casa-orsola\/#breadcrumb","itemListElement":[{"@type":"ListItem","position":1,"name":"Inici","item":"https:\/\/www.sindicaturabarcelona.cat\/ca\/"},{"@type":"ListItem","position":2,"name":"L\u2019Ajuntament i la Fundaci\u00f3 H\u00e0bitat3 compren la Casa Orsola"}]},{"@type":"WebSite","@id":"https:\/\/www.sindicaturabarcelona.cat\/ca\/#website","url":"https:\/\/www.sindicaturabarcelona.cat\/ca\/","name":"Sindicatura de Greuges de Barcelona","description":"La defensoria dels teus drets","publisher":{"@id":"https:\/\/www.sindicaturabarcelona.cat\/ca\/#organization"},"potentialAction":[{"@type":"SearchAction","target":{"@type":"EntryPoint","urlTemplate":"https:\/\/www.sindicaturabarcelona.cat\/ca\/?s={search_term_string}"},"query-input":{"@type":"PropertyValueSpecification","valueRequired":true,"valueName":"search_term_string"}}],"inLanguage":"ca"},{"@type":"Organization","@id":"https:\/\/www.sindicaturabarcelona.cat\/ca\/#organization","name":"Sindicatura de Greuges de Barcelona","url":"https:\/\/www.sindicaturabarcelona.cat\/ca\/","logo":{"@type":"ImageObject","inLanguage":"ca","@id":"https:\/\/www.sindicaturabarcelona.cat\/ca\/#\/schema\/logo\/image\/","url":"https:\/\/www.sindicaturabarcelona.cat\/wp-content\/uploads\/2023\/02\/logo_sindicatura.svg","contentUrl":"https:\/\/www.sindicaturabarcelona.cat\/wp-content\/uploads\/2023\/02\/logo_sindicatura.svg","caption":"Sindicatura de Greuges de Barcelona"},"image":{"@id":"https:\/\/www.sindicaturabarcelona.cat\/ca\/#\/schema\/logo\/image\/"},"sameAs":["https:\/\/x.com\/sindicbarcelona","https:\/\/www.instagram.com\/sindicbarcelona\/","https:\/\/www.tiktok.com\/@sindicaturabcn","https:\/\/t.me\/sindicaturabarcelona"]},{"@type":"Person","@id":"https:\/\/www.sindicaturabarcelona.cat\/ca\/#\/schema\/person\/0e5acffc350ffdbc97578159322c9452","name":"Pablo","image":{"@type":"ImageObject","inLanguage":"ca","@id":"https:\/\/secure.gravatar.com\/avatar\/c948169b402ef9492afde705c3dfd5e90e1a6a84ef6840a91124f805a25a480f?s=96&d=mm&r=g","url":"https:\/\/secure.gravatar.com\/avatar\/c948169b402ef9492afde705c3dfd5e90e1a6a84ef6840a91124f805a25a480f?s=96&d=mm&r=g","contentUrl":"https:\/\/secure.gravatar.com\/avatar\/c948169b402ef9492afde705c3dfd5e90e1a6a84ef6840a91124f805a25a480f?s=96&d=mm&r=g","caption":"Pablo"},"url":"https:\/\/www.sindicaturabarcelona.cat\/ca\/author\/pablo\/"}]}},"_links":{"self":[{"href":"https:\/\/www.sindicaturabarcelona.cat\/ca\/wp-json\/wp\/v2\/posts\/35243","targetHints":{"allow":["GET"]}}],"collection":[{"href":"https:\/\/www.sindicaturabarcelona.cat\/ca\/wp-json\/wp\/v2\/posts"}],"about":[{"href":"https:\/\/www.sindicaturabarcelona.cat\/ca\/wp-json\/wp\/v2\/types\/post"}],"author":[{"embeddable":true,"href":"https:\/\/www.sindicaturabarcelona.cat\/ca\/wp-json\/wp\/v2\/users\/2"}],"replies":[{"embeddable":true,"href":"https:\/\/www.sindicaturabarcelona.cat\/ca\/wp-json\/wp\/v2\/comments?post=35243"}],"version-history":[{"count":4,"href":"https:\/\/www.sindicaturabarcelona.cat\/ca\/wp-json\/wp\/v2\/posts\/35243\/revisions"}],"predecessor-version":[{"id":35426,"href":"https:\/\/www.sindicaturabarcelona.cat\/ca\/wp-json\/wp\/v2\/posts\/35243\/revisions\/35426"}],"wp:featuredmedia":[{"embeddable":true,"href":"https:\/\/www.sindicaturabarcelona.cat\/ca\/wp-json\/wp\/v2\/media\/35258"}],"wp:attachment":[{"href":"https:\/\/www.sindicaturabarcelona.cat\/ca\/wp-json\/wp\/v2\/media?parent=35243"}],"wp:term":[{"taxonomy":"post_tag","embeddable":true,"href":"https:\/\/www.sindicaturabarcelona.cat\/ca\/wp-json\/wp\/v2\/tags?post=35243"},{"taxonomy":"drets","embeddable":true,"href":"https:\/\/www.sindicaturabarcelona.cat\/ca\/wp-json\/wp\/v2\/drets?post=35243"}],"curies":[{"name":"wp","href":"https:\/\/api.w.org\/{rel}","templated":true}]}}