{"id":35119,"date":"2025-02-10T08:00:00","date_gmt":"2025-02-10T06:00:00","guid":{"rendered":"https:\/\/www.sindicaturabarcelona.cat\/?p=35119"},"modified":"2025-04-16T13:15:23","modified_gmt":"2025-04-16T11:15:23","slug":"la-sindicatura-de-greuges-de-barcelona-demana-que-es-minimitzi-limpacte-negatiu-que-generen-els-canvis-de-professionals-al-servei-datencio-domiciliaria","status":"publish","type":"post","link":"https:\/\/www.sindicaturabarcelona.cat\/ca\/la-sindicatura-de-greuges-de-barcelona-demana-que-es-minimitzi-limpacte-negatiu-que-generen-els-canvis-de-professionals-al-servei-datencio-domiciliaria\/","title":{"rendered":"La Sindicatura de Greuges de Barcelona demana que es minimitzi l\u2019impacte negatiu que generen els canvis de professionals al Servei d\u2019Atenci\u00f3 Domicili\u00e0ria"},"content":{"rendered":"\n<p>Des de la defensoria de la ciutat <strong>s\u2019empara el nou model del <\/strong><a href=\"https:\/\/ajuntament.barcelona.cat\/personesgrans\/ca\/atencio-domiciliaria\" target=\"_blank\" rel=\"noreferrer noopener\"><strong>SAD de proximitat<\/strong><\/a><strong> <\/strong>(\u201csuperilles socials\u201d), amb diferents professionals que coneixen els casos i s\u2019organitzen per atendre\u2019ls de forma personalitzada i continuada. Aix\u00f2 ha de permetre millorar l\u2019atenci\u00f3 a les persones i optimitzar els recursos, afavorint la coordinaci\u00f3 i potenciant el treball amb la comunitat. Ara b\u00e9, <strong>tamb\u00e9 es considera que cal incidir i millorar la manera com es produeix el canvi de professional d\u2019atenci\u00f3 directa<\/strong> en la transici\u00f3 del model anterior de SAD al nou de proximitat.<\/p>\n\n\n\n<p>En el proc\u00e9s de canvi de model, les persones ateses son informades que se\u2019ls canvia la persona professional d\u2019atenci\u00f3 directa pel nou equip. Est\u00e0 previst que pugui haver-hi <strong>situacions excloses a aquests canvis de professional<\/strong>.<\/p>\n\n\n\n<p>La Sindicatura <a href=\"http:\/\/www.sindicaturabarcelona.cat\/wp-content\/uploads\/202502_Dret-a-les-Cures-Nou-Servei-Atencio-Domiciliaria.pdf\" target=\"_blank\" rel=\"noreferrer noopener\">va comen\u00e7ar una <strong>actuaci\u00f3 d\u2019ofici<\/strong><\/a> arran de diversos casos en qu\u00e8 persones usu\u00e0ries i les seves fam\u00edlies havien manifestat el <strong>malestar pels canvis de professional aplicats amb la incorporaci\u00f3 al SAD de proximitat<\/strong>. Aquests canvis podien generar a les persones usu\u00e0ries en situacions de fragilitat, desorientaci\u00f3 i inseguretat, aix\u00ed com un trasbals en l\u2019entorn familiar cuidador, en el proc\u00e9s d\u2019adaptaci\u00f3.<\/p>\n\n\n\n<p>En alguns casos, com <a href=\"https:\/\/www.sindicaturabarcelona.cat\/wp-content\/uploads\/202405_Dret-cures_disconformitat-pels-canvis-en-el-SAD-que-rep-el-seu-fill.pdf\" target=\"_blank\" rel=\"noreferrer noopener\">el d\u2019una persona amb autisme sever i un 82% de discapacitat reconeguda<\/a>, el canvi de les persones cuidadores s\u2019havia fet de manera unilateral i sense tenir prou en compte la situaci\u00f3 i les possibles conseq\u00fc\u00e8ncies, segons constava en la queixa.&nbsp;<\/p>\n\n\n\n<h2 class=\"wp-block-heading\"><strong>Impacte dels canvis de professionals<\/strong><\/h2>\n\n\n\n<p>Per a moltes persones usu\u00e0ries del SAD, el i la professional d\u2019atenci\u00f3 directa no nom\u00e9s realitza tasques assistencials, sin\u00f3 que tamb\u00e9 esdev\u00e9 una figura de confian\u00e7a i de suport emocional, clau per a la seva quotidianitat. Per tant, <strong>els canvis sobtats poden afectar-ne la qualitat de vida, amb modificacions de les seves rutines i alteracions del seu estat emocional o \u00a0desorientaci\u00f3<\/strong>, especialment per a les persones amb situacions de m\u00e9s fragilitat. \u00c9s fonamental que es minimitzi l\u2019impacte negatiu del canvi de professional del SAD:<\/p>\n\n\n\n<ul class=\"wp-block-list\">\n<li>Mantenint la mateixa persona professional en casos predeterminats.<\/li>\n\n\n\n<li>En els casos en qu\u00e8 no es pugui mantenir i hi puguin intervenir criteris d\u2019excepcionalitat, caldria implementar una transici\u00f3 m\u00e9s progressiva.<\/li>\n<\/ul>\n\n\n\n<h2 class=\"wp-block-heading\"><strong>Criteris poc clars en l\u2019aplicaci\u00f3 de les exclusions<\/strong><\/h2>\n\n\n\n<p>En el nou model, les persones professionals referents dels centres de serveis socials s\u00f3n les encarregades de valorar quins s\u00f3n els casos que s\u2019han d\u2019excloure dels canvis de professional d\u2019atenci\u00f3 directa. Inicialment s\u2019havia previst que hi haurien unes <strong>instruccions internes que fixessin els criteris<\/strong>, per\u00f2 s\u2019han portat a terme canvis sense que existissin aquestes instruccions (en els quals l\u2019Ajuntament est\u00e0 treballant). Una part d\u2019aquestes valoracions professionals corresponen a l\u2019\u00e0mbit t\u00e8cnic, per\u00f2 cal que <strong>es disposi d\u2019uns criteris previs que possibilitin un tracte equitatiu i just per a la ciutadania<\/strong>..<\/p>\n\n\n\n<h2 class=\"wp-block-heading\"><strong>Transpar\u00e8ncia i dret a la informaci\u00f3<\/strong><\/h2>\n\n\n\n<p>No s\u2019ha garantit prou <a href=\"https:\/\/ajuntament.barcelona.cat\/transparencia\/ca\" target=\"_blank\" rel=\"noreferrer noopener\">aquest dret<\/a>, fet que pot deixar a les persones usu\u00e0ries en situaci\u00f3 d\u2019indefensi\u00f3 davant una actuaci\u00f3 amb la qual poden estar en desacord, ja que desconeixen els criteris existents, si s\u2019han aplicat de forma correcta, o on poden acudir per proporcionar noves informacions.<\/p>\n\n\n\n<p><strong>Si s\u2019amplia el nou model a altres territoris, la<\/strong> <strong>comunicaci\u00f3 dels canvis ha d\u2019oferir m\u00e9s garanties<\/strong>, i s\u2019han de cercar f\u00f3rmules que posin de manifest el comprom\u00eds municipal amb la transpar\u00e8ncia. S\u2019haurien de publicar els criteris generals a tenir en compte, i que la concreci\u00f3 de cada cas pugui facilitar-se a les persones usu\u00e0ries de forma espec\u00edfica, si no estan d\u2019acord amb la valoraci\u00f3 professional.<\/p>\n\n\n\n<h2 class=\"wp-block-heading\"><strong>Possibilitats de manifestar el desacord <\/strong><\/h2>\n\n\n\n<p>En les comunicacions que es van realitzar indicant els canvis de professional, s\u2019hauria d\u2019haver indicat de manera expl\u00edcita a les persones usu\u00e0ries on dirigir-se i com procedir en cas de desacord. A m\u00e9s, cal vetllar per tal que les respostes a les <strong>reclamacions o queixes no es realitzin de forma estandarditzada<\/strong>, sin\u00f3 amb la voluntat de <strong>donar una resposta justificada a les inquietuds de les persones que les promoguin<\/strong>. <\/p>\n\n\n\n<p>Tamb\u00e9 proposem que s\u2019explorin possibilitats de <strong>participaci\u00f3 ciutadana<\/strong> i <strong>formes de coproducci\u00f3 dels serveis socials<\/strong>, i implicar les persones usu\u00e0ries com a agents actius en la definici\u00f3 i millora dels serveis que reben.<\/p>\n\n\n\n<h2 class=\"wp-block-heading\"><strong>Un servei que ha de millorar en efic\u00e0cia<\/strong><\/h2>\n\n\n\n<p>\u00c9s per tot aix\u00f2 que des la Sindicatura de Greuges de Barcelona concloem que <strong>en el model del SAD de proximitat i en la transici\u00f3<\/strong> cap al nou servei l\u2019actuaci\u00f3 municipal, a trav\u00e9s de la <a href=\"https:\/\/ajuntament.barcelona.cat\/sanitatisalut\/ca\/canal\/regidoria-de-salut\" target=\"_blank\" rel=\"noreferrer noopener\">Regidoria de Salut, Persones amb Discapacitat i Estrat\u00e8gia contra la Soledat<\/a>, <strong>ha de millorar en efic\u00e0cia pel que fa a les garanties dels drets de les persones usu\u00e0ries m\u00e9s vulnerables, i tenir en compte cada situaci\u00f3 de manera integral<\/strong>.<\/p>\n","protected":false},"excerpt":{"rendered":"<p>Des de la defensoria de la ciutat s\u2019empara el nou model del SAD de proximitat (\u201csuperilles socials\u201d), amb diferents professionals que coneixen els casos i s\u2019organitzen per atendre\u2019ls de forma [&hellip;]<\/p>\n","protected":false},"author":2,"featured_media":35121,"comment_status":"closed","ping_status":"closed","sticky":false,"template":"","format":"standard","meta":{"_acf_changed":false,"footnotes":""},"tags":[],"drets":[1442,1503],"class_list":["post-35119","post","type-post","status-publish","format-standard","has-post-thumbnail","hentry","drets-ciutat-diversa","drets-dret-a-les-cures"],"acf":[],"yoast_head":"<!-- This site is optimized with the Yoast SEO plugin v27.5 - https:\/\/yoast.com\/product\/yoast-seo-wordpress\/ -->\n<title>La Sindicatura de Greuges de Barcelona demana que es minimitzi l\u2019impacte negatiu que generen els canvis de professionals al Servei d\u2019Atenci\u00f3 Domicili\u00e0ria - Sindicatura de Greuges de Barcelona<\/title>\n<meta name=\"description\" content=\"S\u2019empara el nou model del SAD de proximitat, per\u00f2 es considera que cal millorar la manera com es produeix el canvi de professionals.\" \/>\n<meta name=\"robots\" content=\"index, follow, max-snippet:-1, max-image-preview:large, max-video-preview:-1\" \/>\n<link rel=\"canonical\" href=\"https:\/\/www.sindicaturabarcelona.cat\/ca\/la-sindicatura-de-greuges-de-barcelona-demana-que-es-minimitzi-limpacte-negatiu-que-generen-els-canvis-de-professionals-al-servei-datencio-domiciliaria\/\" \/>\n<meta property=\"og:locale\" content=\"ca_ES\" \/>\n<meta property=\"og:type\" content=\"article\" \/>\n<meta property=\"og:title\" content=\"La Sindicatura de Greuges de Barcelona demana que es minimitzi l\u2019impacte negatiu que generen els canvis de professionals al Servei d\u2019Atenci\u00f3 Domicili\u00e0ria - Sindicatura de Greuges de Barcelona\" \/>\n<meta property=\"og:description\" content=\"S\u2019empara el nou model del SAD de proximitat, per\u00f2 es considera que cal millorar la manera com es produeix el canvi de professionals.\" \/>\n<meta property=\"og:url\" content=\"https:\/\/www.sindicaturabarcelona.cat\/ca\/la-sindicatura-de-greuges-de-barcelona-demana-que-es-minimitzi-limpacte-negatiu-que-generen-els-canvis-de-professionals-al-servei-datencio-domiciliaria\/\" \/>\n<meta property=\"og:site_name\" content=\"Sindicatura de Greuges de Barcelona\" \/>\n<meta property=\"article:published_time\" content=\"2025-02-10T06:00:00+00:00\" \/>\n<meta property=\"article:modified_time\" content=\"2025-04-16T11:15:23+00:00\" \/>\n<meta property=\"og:image\" content=\"https:\/\/www.sindicaturabarcelona.cat\/wp-content\/uploads\/una-cuidadora-acompanya-una-dona-gran.jpg\" \/>\n\t<meta property=\"og:image:width\" content=\"2000\" \/>\n\t<meta property=\"og:image:height\" content=\"1336\" \/>\n\t<meta property=\"og:image:type\" content=\"image\/jpeg\" \/>\n<meta name=\"author\" content=\"Pablo\" \/>\n<meta name=\"twitter:card\" content=\"summary_large_image\" \/>\n<meta name=\"twitter:creator\" content=\"@sindicbarcelona\" \/>\n<meta name=\"twitter:site\" content=\"@sindicbarcelona\" \/>\n<meta name=\"twitter:label1\" content=\"Escrit per\" \/>\n\t<meta name=\"twitter:data1\" content=\"Pablo\" \/>\n\t<meta name=\"twitter:label2\" content=\"Temps estimat de lectura\" \/>\n\t<meta name=\"twitter:data2\" content=\"5 minuts\" \/>\n<script type=\"application\/ld+json\" class=\"yoast-schema-graph\">{\"@context\":\"https:\\\/\\\/schema.org\",\"@graph\":[{\"@type\":\"Article\",\"@id\":\"https:\\\/\\\/www.sindicaturabarcelona.cat\\\/ca\\\/la-sindicatura-de-greuges-de-barcelona-demana-que-es-minimitzi-limpacte-negatiu-que-generen-els-canvis-de-professionals-al-servei-datencio-domiciliaria\\\/#article\",\"isPartOf\":{\"@id\":\"https:\\\/\\\/www.sindicaturabarcelona.cat\\\/ca\\\/la-sindicatura-de-greuges-de-barcelona-demana-que-es-minimitzi-limpacte-negatiu-que-generen-els-canvis-de-professionals-al-servei-datencio-domiciliaria\\\/\"},\"author\":{\"name\":\"Pablo\",\"@id\":\"https:\\\/\\\/www.sindicaturabarcelona.cat\\\/ca\\\/#\\\/schema\\\/person\\\/0e5acffc350ffdbc97578159322c9452\"},\"headline\":\"La Sindicatura de Greuges de Barcelona demana que es minimitzi l\u2019impacte negatiu que generen els canvis de professionals al Servei d\u2019Atenci\u00f3 Domicili\u00e0ria\",\"datePublished\":\"2025-02-10T06:00:00+00:00\",\"dateModified\":\"2025-04-16T11:15:23+00:00\",\"mainEntityOfPage\":{\"@id\":\"https:\\\/\\\/www.sindicaturabarcelona.cat\\\/ca\\\/la-sindicatura-de-greuges-de-barcelona-demana-que-es-minimitzi-limpacte-negatiu-que-generen-els-canvis-de-professionals-al-servei-datencio-domiciliaria\\\/\"},\"wordCount\":847,\"publisher\":{\"@id\":\"https:\\\/\\\/www.sindicaturabarcelona.cat\\\/ca\\\/#organization\"},\"image\":{\"@id\":\"https:\\\/\\\/www.sindicaturabarcelona.cat\\\/ca\\\/la-sindicatura-de-greuges-de-barcelona-demana-que-es-minimitzi-limpacte-negatiu-que-generen-els-canvis-de-professionals-al-servei-datencio-domiciliaria\\\/#primaryimage\"},\"thumbnailUrl\":\"https:\\\/\\\/www.sindicaturabarcelona.cat\\\/wp-content\\\/uploads\\\/una-cuidadora-acompanya-una-dona-gran.jpg\",\"inLanguage\":\"ca\"},{\"@type\":\"WebPage\",\"@id\":\"https:\\\/\\\/www.sindicaturabarcelona.cat\\\/ca\\\/la-sindicatura-de-greuges-de-barcelona-demana-que-es-minimitzi-limpacte-negatiu-que-generen-els-canvis-de-professionals-al-servei-datencio-domiciliaria\\\/\",\"url\":\"https:\\\/\\\/www.sindicaturabarcelona.cat\\\/ca\\\/la-sindicatura-de-greuges-de-barcelona-demana-que-es-minimitzi-limpacte-negatiu-que-generen-els-canvis-de-professionals-al-servei-datencio-domiciliaria\\\/\",\"name\":\"La Sindicatura de Greuges de Barcelona demana que es minimitzi l\u2019impacte negatiu que generen els canvis de professionals al Servei d\u2019Atenci\u00f3 Domicili\u00e0ria - Sindicatura de Greuges de Barcelona\",\"isPartOf\":{\"@id\":\"https:\\\/\\\/www.sindicaturabarcelona.cat\\\/ca\\\/#website\"},\"primaryImageOfPage\":{\"@id\":\"https:\\\/\\\/www.sindicaturabarcelona.cat\\\/ca\\\/la-sindicatura-de-greuges-de-barcelona-demana-que-es-minimitzi-limpacte-negatiu-que-generen-els-canvis-de-professionals-al-servei-datencio-domiciliaria\\\/#primaryimage\"},\"image\":{\"@id\":\"https:\\\/\\\/www.sindicaturabarcelona.cat\\\/ca\\\/la-sindicatura-de-greuges-de-barcelona-demana-que-es-minimitzi-limpacte-negatiu-que-generen-els-canvis-de-professionals-al-servei-datencio-domiciliaria\\\/#primaryimage\"},\"thumbnailUrl\":\"https:\\\/\\\/www.sindicaturabarcelona.cat\\\/wp-content\\\/uploads\\\/una-cuidadora-acompanya-una-dona-gran.jpg\",\"datePublished\":\"2025-02-10T06:00:00+00:00\",\"dateModified\":\"2025-04-16T11:15:23+00:00\",\"description\":\"S\u2019empara el nou model del SAD de proximitat, per\u00f2 es considera que cal millorar la manera com es produeix el canvi de professionals.\",\"breadcrumb\":{\"@id\":\"https:\\\/\\\/www.sindicaturabarcelona.cat\\\/ca\\\/la-sindicatura-de-greuges-de-barcelona-demana-que-es-minimitzi-limpacte-negatiu-que-generen-els-canvis-de-professionals-al-servei-datencio-domiciliaria\\\/#breadcrumb\"},\"inLanguage\":\"ca\",\"potentialAction\":[{\"@type\":\"ReadAction\",\"target\":[\"https:\\\/\\\/www.sindicaturabarcelona.cat\\\/ca\\\/la-sindicatura-de-greuges-de-barcelona-demana-que-es-minimitzi-limpacte-negatiu-que-generen-els-canvis-de-professionals-al-servei-datencio-domiciliaria\\\/\"]}]},{\"@type\":\"ImageObject\",\"inLanguage\":\"ca\",\"@id\":\"https:\\\/\\\/www.sindicaturabarcelona.cat\\\/ca\\\/la-sindicatura-de-greuges-de-barcelona-demana-que-es-minimitzi-limpacte-negatiu-que-generen-els-canvis-de-professionals-al-servei-datencio-domiciliaria\\\/#primaryimage\",\"url\":\"https:\\\/\\\/www.sindicaturabarcelona.cat\\\/wp-content\\\/uploads\\\/una-cuidadora-acompanya-una-dona-gran.jpg\",\"contentUrl\":\"https:\\\/\\\/www.sindicaturabarcelona.cat\\\/wp-content\\\/uploads\\\/una-cuidadora-acompanya-una-dona-gran.jpg\",\"width\":2000,\"height\":1336},{\"@type\":\"BreadcrumbList\",\"@id\":\"https:\\\/\\\/www.sindicaturabarcelona.cat\\\/ca\\\/la-sindicatura-de-greuges-de-barcelona-demana-que-es-minimitzi-limpacte-negatiu-que-generen-els-canvis-de-professionals-al-servei-datencio-domiciliaria\\\/#breadcrumb\",\"itemListElement\":[{\"@type\":\"ListItem\",\"position\":1,\"name\":\"Inici\",\"item\":\"https:\\\/\\\/www.sindicaturabarcelona.cat\\\/ca\\\/\"},{\"@type\":\"ListItem\",\"position\":2,\"name\":\"La Sindicatura de Greuges de Barcelona demana que es minimitzi l\u2019impacte negatiu que generen els canvis de professionals al Servei d\u2019Atenci\u00f3 Domicili\u00e0ria\"}]},{\"@type\":\"WebSite\",\"@id\":\"https:\\\/\\\/www.sindicaturabarcelona.cat\\\/ca\\\/#website\",\"url\":\"https:\\\/\\\/www.sindicaturabarcelona.cat\\\/ca\\\/\",\"name\":\"Sindicatura de Greuges de Barcelona\",\"description\":\"La defensoria dels teus drets\",\"publisher\":{\"@id\":\"https:\\\/\\\/www.sindicaturabarcelona.cat\\\/ca\\\/#organization\"},\"potentialAction\":[{\"@type\":\"SearchAction\",\"target\":{\"@type\":\"EntryPoint\",\"urlTemplate\":\"https:\\\/\\\/www.sindicaturabarcelona.cat\\\/ca\\\/?s={search_term_string}\"},\"query-input\":{\"@type\":\"PropertyValueSpecification\",\"valueRequired\":true,\"valueName\":\"search_term_string\"}}],\"inLanguage\":\"ca\"},{\"@type\":\"Organization\",\"@id\":\"https:\\\/\\\/www.sindicaturabarcelona.cat\\\/ca\\\/#organization\",\"name\":\"Sindicatura de Greuges de Barcelona\",\"url\":\"https:\\\/\\\/www.sindicaturabarcelona.cat\\\/ca\\\/\",\"logo\":{\"@type\":\"ImageObject\",\"inLanguage\":\"ca\",\"@id\":\"https:\\\/\\\/www.sindicaturabarcelona.cat\\\/ca\\\/#\\\/schema\\\/logo\\\/image\\\/\",\"url\":\"https:\\\/\\\/www.sindicaturabarcelona.cat\\\/wp-content\\\/uploads\\\/2023\\\/02\\\/logo_sindicatura.svg\",\"contentUrl\":\"https:\\\/\\\/www.sindicaturabarcelona.cat\\\/wp-content\\\/uploads\\\/2023\\\/02\\\/logo_sindicatura.svg\",\"caption\":\"Sindicatura de Greuges de Barcelona\"},\"image\":{\"@id\":\"https:\\\/\\\/www.sindicaturabarcelona.cat\\\/ca\\\/#\\\/schema\\\/logo\\\/image\\\/\"},\"sameAs\":[\"https:\\\/\\\/x.com\\\/sindicbarcelona\",\"https:\\\/\\\/www.instagram.com\\\/sindicbarcelona\\\/\",\"https:\\\/\\\/www.tiktok.com\\\/@sindicaturabcn\",\"https:\\\/\\\/t.me\\\/sindicaturabarcelona\"]},{\"@type\":\"Person\",\"@id\":\"https:\\\/\\\/www.sindicaturabarcelona.cat\\\/ca\\\/#\\\/schema\\\/person\\\/0e5acffc350ffdbc97578159322c9452\",\"name\":\"Pablo\",\"image\":{\"@type\":\"ImageObject\",\"inLanguage\":\"ca\",\"@id\":\"https:\\\/\\\/secure.gravatar.com\\\/avatar\\\/c948169b402ef9492afde705c3dfd5e90e1a6a84ef6840a91124f805a25a480f?s=96&d=mm&r=g\",\"url\":\"https:\\\/\\\/secure.gravatar.com\\\/avatar\\\/c948169b402ef9492afde705c3dfd5e90e1a6a84ef6840a91124f805a25a480f?s=96&d=mm&r=g\",\"contentUrl\":\"https:\\\/\\\/secure.gravatar.com\\\/avatar\\\/c948169b402ef9492afde705c3dfd5e90e1a6a84ef6840a91124f805a25a480f?s=96&d=mm&r=g\",\"caption\":\"Pablo\"},\"url\":\"https:\\\/\\\/www.sindicaturabarcelona.cat\\\/ca\\\/author\\\/pablo\\\/\"}]}<\/script>\n<!-- \/ Yoast SEO plugin. -->","yoast_head_json":{"title":"La Sindicatura de Greuges de Barcelona demana que es minimitzi l\u2019impacte negatiu que generen els canvis de professionals al Servei d\u2019Atenci\u00f3 Domicili\u00e0ria - Sindicatura de Greuges de Barcelona","description":"S\u2019empara el nou model del SAD de proximitat, per\u00f2 es considera que cal millorar la manera com es produeix el canvi de professionals.","robots":{"index":"index","follow":"follow","max-snippet":"max-snippet:-1","max-image-preview":"max-image-preview:large","max-video-preview":"max-video-preview:-1"},"canonical":"https:\/\/www.sindicaturabarcelona.cat\/ca\/la-sindicatura-de-greuges-de-barcelona-demana-que-es-minimitzi-limpacte-negatiu-que-generen-els-canvis-de-professionals-al-servei-datencio-domiciliaria\/","og_locale":"ca_ES","og_type":"article","og_title":"La Sindicatura de Greuges de Barcelona demana que es minimitzi l\u2019impacte negatiu que generen els canvis de professionals al Servei d\u2019Atenci\u00f3 Domicili\u00e0ria - Sindicatura de Greuges de Barcelona","og_description":"S\u2019empara el nou model del SAD de proximitat, per\u00f2 es considera que cal millorar la manera com es produeix el canvi de professionals.","og_url":"https:\/\/www.sindicaturabarcelona.cat\/ca\/la-sindicatura-de-greuges-de-barcelona-demana-que-es-minimitzi-limpacte-negatiu-que-generen-els-canvis-de-professionals-al-servei-datencio-domiciliaria\/","og_site_name":"Sindicatura de Greuges de Barcelona","article_published_time":"2025-02-10T06:00:00+00:00","article_modified_time":"2025-04-16T11:15:23+00:00","og_image":[{"width":2000,"height":1336,"url":"https:\/\/www.sindicaturabarcelona.cat\/wp-content\/uploads\/una-cuidadora-acompanya-una-dona-gran.jpg","type":"image\/jpeg"}],"author":"Pablo","twitter_card":"summary_large_image","twitter_creator":"@sindicbarcelona","twitter_site":"@sindicbarcelona","twitter_misc":{"Escrit per":"Pablo","Temps estimat de lectura":"5 minuts"},"schema":{"@context":"https:\/\/schema.org","@graph":[{"@type":"Article","@id":"https:\/\/www.sindicaturabarcelona.cat\/ca\/la-sindicatura-de-greuges-de-barcelona-demana-que-es-minimitzi-limpacte-negatiu-que-generen-els-canvis-de-professionals-al-servei-datencio-domiciliaria\/#article","isPartOf":{"@id":"https:\/\/www.sindicaturabarcelona.cat\/ca\/la-sindicatura-de-greuges-de-barcelona-demana-que-es-minimitzi-limpacte-negatiu-que-generen-els-canvis-de-professionals-al-servei-datencio-domiciliaria\/"},"author":{"name":"Pablo","@id":"https:\/\/www.sindicaturabarcelona.cat\/ca\/#\/schema\/person\/0e5acffc350ffdbc97578159322c9452"},"headline":"La Sindicatura de Greuges de Barcelona demana que es minimitzi l\u2019impacte negatiu que generen els canvis de professionals al Servei d\u2019Atenci\u00f3 Domicili\u00e0ria","datePublished":"2025-02-10T06:00:00+00:00","dateModified":"2025-04-16T11:15:23+00:00","mainEntityOfPage":{"@id":"https:\/\/www.sindicaturabarcelona.cat\/ca\/la-sindicatura-de-greuges-de-barcelona-demana-que-es-minimitzi-limpacte-negatiu-que-generen-els-canvis-de-professionals-al-servei-datencio-domiciliaria\/"},"wordCount":847,"publisher":{"@id":"https:\/\/www.sindicaturabarcelona.cat\/ca\/#organization"},"image":{"@id":"https:\/\/www.sindicaturabarcelona.cat\/ca\/la-sindicatura-de-greuges-de-barcelona-demana-que-es-minimitzi-limpacte-negatiu-que-generen-els-canvis-de-professionals-al-servei-datencio-domiciliaria\/#primaryimage"},"thumbnailUrl":"https:\/\/www.sindicaturabarcelona.cat\/wp-content\/uploads\/una-cuidadora-acompanya-una-dona-gran.jpg","inLanguage":"ca"},{"@type":"WebPage","@id":"https:\/\/www.sindicaturabarcelona.cat\/ca\/la-sindicatura-de-greuges-de-barcelona-demana-que-es-minimitzi-limpacte-negatiu-que-generen-els-canvis-de-professionals-al-servei-datencio-domiciliaria\/","url":"https:\/\/www.sindicaturabarcelona.cat\/ca\/la-sindicatura-de-greuges-de-barcelona-demana-que-es-minimitzi-limpacte-negatiu-que-generen-els-canvis-de-professionals-al-servei-datencio-domiciliaria\/","name":"La Sindicatura de Greuges de Barcelona demana que es minimitzi l\u2019impacte negatiu que generen els canvis de professionals al Servei d\u2019Atenci\u00f3 Domicili\u00e0ria - Sindicatura de Greuges de Barcelona","isPartOf":{"@id":"https:\/\/www.sindicaturabarcelona.cat\/ca\/#website"},"primaryImageOfPage":{"@id":"https:\/\/www.sindicaturabarcelona.cat\/ca\/la-sindicatura-de-greuges-de-barcelona-demana-que-es-minimitzi-limpacte-negatiu-que-generen-els-canvis-de-professionals-al-servei-datencio-domiciliaria\/#primaryimage"},"image":{"@id":"https:\/\/www.sindicaturabarcelona.cat\/ca\/la-sindicatura-de-greuges-de-barcelona-demana-que-es-minimitzi-limpacte-negatiu-que-generen-els-canvis-de-professionals-al-servei-datencio-domiciliaria\/#primaryimage"},"thumbnailUrl":"https:\/\/www.sindicaturabarcelona.cat\/wp-content\/uploads\/una-cuidadora-acompanya-una-dona-gran.jpg","datePublished":"2025-02-10T06:00:00+00:00","dateModified":"2025-04-16T11:15:23+00:00","description":"S\u2019empara el nou model del SAD de proximitat, per\u00f2 es considera que cal millorar la manera com es produeix el canvi de professionals.","breadcrumb":{"@id":"https:\/\/www.sindicaturabarcelona.cat\/ca\/la-sindicatura-de-greuges-de-barcelona-demana-que-es-minimitzi-limpacte-negatiu-que-generen-els-canvis-de-professionals-al-servei-datencio-domiciliaria\/#breadcrumb"},"inLanguage":"ca","potentialAction":[{"@type":"ReadAction","target":["https:\/\/www.sindicaturabarcelona.cat\/ca\/la-sindicatura-de-greuges-de-barcelona-demana-que-es-minimitzi-limpacte-negatiu-que-generen-els-canvis-de-professionals-al-servei-datencio-domiciliaria\/"]}]},{"@type":"ImageObject","inLanguage":"ca","@id":"https:\/\/www.sindicaturabarcelona.cat\/ca\/la-sindicatura-de-greuges-de-barcelona-demana-que-es-minimitzi-limpacte-negatiu-que-generen-els-canvis-de-professionals-al-servei-datencio-domiciliaria\/#primaryimage","url":"https:\/\/www.sindicaturabarcelona.cat\/wp-content\/uploads\/una-cuidadora-acompanya-una-dona-gran.jpg","contentUrl":"https:\/\/www.sindicaturabarcelona.cat\/wp-content\/uploads\/una-cuidadora-acompanya-una-dona-gran.jpg","width":2000,"height":1336},{"@type":"BreadcrumbList","@id":"https:\/\/www.sindicaturabarcelona.cat\/ca\/la-sindicatura-de-greuges-de-barcelona-demana-que-es-minimitzi-limpacte-negatiu-que-generen-els-canvis-de-professionals-al-servei-datencio-domiciliaria\/#breadcrumb","itemListElement":[{"@type":"ListItem","position":1,"name":"Inici","item":"https:\/\/www.sindicaturabarcelona.cat\/ca\/"},{"@type":"ListItem","position":2,"name":"La Sindicatura de Greuges de Barcelona demana que es minimitzi l\u2019impacte negatiu que generen els canvis de professionals al Servei d\u2019Atenci\u00f3 Domicili\u00e0ria"}]},{"@type":"WebSite","@id":"https:\/\/www.sindicaturabarcelona.cat\/ca\/#website","url":"https:\/\/www.sindicaturabarcelona.cat\/ca\/","name":"Sindicatura de Greuges de Barcelona","description":"La defensoria dels teus drets","publisher":{"@id":"https:\/\/www.sindicaturabarcelona.cat\/ca\/#organization"},"potentialAction":[{"@type":"SearchAction","target":{"@type":"EntryPoint","urlTemplate":"https:\/\/www.sindicaturabarcelona.cat\/ca\/?s={search_term_string}"},"query-input":{"@type":"PropertyValueSpecification","valueRequired":true,"valueName":"search_term_string"}}],"inLanguage":"ca"},{"@type":"Organization","@id":"https:\/\/www.sindicaturabarcelona.cat\/ca\/#organization","name":"Sindicatura de Greuges de Barcelona","url":"https:\/\/www.sindicaturabarcelona.cat\/ca\/","logo":{"@type":"ImageObject","inLanguage":"ca","@id":"https:\/\/www.sindicaturabarcelona.cat\/ca\/#\/schema\/logo\/image\/","url":"https:\/\/www.sindicaturabarcelona.cat\/wp-content\/uploads\/2023\/02\/logo_sindicatura.svg","contentUrl":"https:\/\/www.sindicaturabarcelona.cat\/wp-content\/uploads\/2023\/02\/logo_sindicatura.svg","caption":"Sindicatura de Greuges de Barcelona"},"image":{"@id":"https:\/\/www.sindicaturabarcelona.cat\/ca\/#\/schema\/logo\/image\/"},"sameAs":["https:\/\/x.com\/sindicbarcelona","https:\/\/www.instagram.com\/sindicbarcelona\/","https:\/\/www.tiktok.com\/@sindicaturabcn","https:\/\/t.me\/sindicaturabarcelona"]},{"@type":"Person","@id":"https:\/\/www.sindicaturabarcelona.cat\/ca\/#\/schema\/person\/0e5acffc350ffdbc97578159322c9452","name":"Pablo","image":{"@type":"ImageObject","inLanguage":"ca","@id":"https:\/\/secure.gravatar.com\/avatar\/c948169b402ef9492afde705c3dfd5e90e1a6a84ef6840a91124f805a25a480f?s=96&d=mm&r=g","url":"https:\/\/secure.gravatar.com\/avatar\/c948169b402ef9492afde705c3dfd5e90e1a6a84ef6840a91124f805a25a480f?s=96&d=mm&r=g","contentUrl":"https:\/\/secure.gravatar.com\/avatar\/c948169b402ef9492afde705c3dfd5e90e1a6a84ef6840a91124f805a25a480f?s=96&d=mm&r=g","caption":"Pablo"},"url":"https:\/\/www.sindicaturabarcelona.cat\/ca\/author\/pablo\/"}]}},"_links":{"self":[{"href":"https:\/\/www.sindicaturabarcelona.cat\/ca\/wp-json\/wp\/v2\/posts\/35119","targetHints":{"allow":["GET"]}}],"collection":[{"href":"https:\/\/www.sindicaturabarcelona.cat\/ca\/wp-json\/wp\/v2\/posts"}],"about":[{"href":"https:\/\/www.sindicaturabarcelona.cat\/ca\/wp-json\/wp\/v2\/types\/post"}],"author":[{"embeddable":true,"href":"https:\/\/www.sindicaturabarcelona.cat\/ca\/wp-json\/wp\/v2\/users\/2"}],"replies":[{"embeddable":true,"href":"https:\/\/www.sindicaturabarcelona.cat\/ca\/wp-json\/wp\/v2\/comments?post=35119"}],"version-history":[{"count":11,"href":"https:\/\/www.sindicaturabarcelona.cat\/ca\/wp-json\/wp\/v2\/posts\/35119\/revisions"}],"predecessor-version":[{"id":35274,"href":"https:\/\/www.sindicaturabarcelona.cat\/ca\/wp-json\/wp\/v2\/posts\/35119\/revisions\/35274"}],"wp:featuredmedia":[{"embeddable":true,"href":"https:\/\/www.sindicaturabarcelona.cat\/ca\/wp-json\/wp\/v2\/media\/35121"}],"wp:attachment":[{"href":"https:\/\/www.sindicaturabarcelona.cat\/ca\/wp-json\/wp\/v2\/media?parent=35119"}],"wp:term":[{"taxonomy":"post_tag","embeddable":true,"href":"https:\/\/www.sindicaturabarcelona.cat\/ca\/wp-json\/wp\/v2\/tags?post=35119"},{"taxonomy":"drets","embeddable":true,"href":"https:\/\/www.sindicaturabarcelona.cat\/ca\/wp-json\/wp\/v2\/drets?post=35119"}],"curies":[{"name":"wp","href":"https:\/\/api.w.org\/{rel}","templated":true}]}}