{"id":34797,"date":"2025-01-16T07:30:00","date_gmt":"2025-01-16T05:30:00","guid":{"rendered":"https:\/\/www.sindicaturabarcelona.cat\/?p=34797"},"modified":"2025-04-16T13:21:36","modified_gmt":"2025-04-16T11:21:36","slug":"la-sindicatura-insta-al-consorci-deducacio-de-barcelona-a-garantir-lequitat-per-als-infants-amb-necessitats-educatives-especifiques-nee","status":"publish","type":"post","link":"https:\/\/www.sindicaturabarcelona.cat\/ca\/la-sindicatura-insta-al-consorci-deducacio-de-barcelona-a-garantir-lequitat-per-als-infants-amb-necessitats-educatives-especifiques-nee\/","title":{"rendered":"La Sindicatura insta el Consorci d\u2019Educaci\u00f3 de Barcelona a garantir l\u2019equitat per als infants amb necessitats educatives espec\u00edfiques (NEE)"},"content":{"rendered":"\n<blockquote class=\"wp-block-quote is-layout-flow wp-block-quote-is-layout-flow\">\n<h2 class=\"wp-block-heading\"><strong>Dos casos han posat de manifest les mancances en mat\u00e8ria d\u2019igualtat d\u2019oportunitats en aquests col\u00b7lectius&nbsp;<\/strong><\/h2>\n<\/blockquote>\n\n\n\n<p>La Sindicatura de Greuges de Barcelona demana al Consorci d\u2019Educaci\u00f3 de Barcelona (CEB) que faci una defensa m\u00e9s equitativa de l\u2019alumnat amb necessitats educatives espec\u00edfiques. Un parell de casos , amb pocs mesos de difer\u00e8ncia, han estat el detonant d\u2019aquesta actuaci\u00f3.\u00a0\u00a0<\/p>\n\n\n\n<h2 class=\"wp-block-heading\"><strong>Necessitats educatives especials i recursos tecnol\u00f2gics<\/strong><\/h2>\n\n\n\n<p>En el primer dels casos, un ciutad\u00e0 va presentar <a href=\"https:\/\/www.sindicaturabarcelona.cat\/wp-content\/uploads\/202412_Dret-Educacio-Necessitats-Educatives-Especifiques.pdf\" target=\"_blank\" rel=\"noreferrer noopener\">una queixa a la Sindicatura de Greuges arran de l\u2019obligatorietat de proveir una tauleta iPad per al seu fill<\/a>, escolaritzat com a alumne amb Necessitats Educatives Espec\u00edfiques per raons socioecon\u00f2miques (NEE B) en un centre concertat. L&#8217;escola, a m\u00e9s, requeria que l&#8217;aparell fos adquirit exclusivament a trav\u00e9s d&#8217;un prove\u00efdor concret, sense oferir alternatives com el pr\u00e9stec o la compra en un altre establiment.<\/p>\n\n\n\n<p>Arran de la demanda d\u2019informaci\u00f3 de la Sindicatura, el CEB va argumentar que el <a href=\"https:\/\/www.edubcn.cat\/ca\/el_consorci\/transparencia\/ajuts_i_beques\/pla_de_xoc\" target=\"_blank\" rel=\"noreferrer noopener\">Pla de xoc contra la segregaci\u00f3 escolar<\/a> i el programa \u201cMotxilles obertes\u201d nom\u00e9s cobreix activitats complement\u00e0ries, llibres i material escolar, i no pas dispositius digitals, com ara tauletes. Aix\u00f2 suposa, per als alumnes i per a les fam\u00edlies en aquesta situaci\u00f3, un greuge comparatiu, amb un impacte pel que fa a l\u2019assoliment de compet\u00e8ncies digitals i igualtat d\u2019oportunitats.<\/p>\n\n\n\n<h2 class=\"wp-block-heading\"><strong>AFA sense ajudes per a piscina<\/strong><\/h2>\n\n\n\n<p>En el segon dels casos, <a href=\"https:\/\/www.sindicaturabarcelona.cat\/wp-content\/uploads\/202412_Dret-educacio-en-condicions-igualtat-Projecte-Educatiu.pdf\" target=\"_blank\" rel=\"noreferrer noopener\">l\u2019Associaci\u00f3 de Fam\u00edlies d&#8217;Alumnes (AFA) d\u2019una escola va presentar una queixa a la Sindicatura en la qual denunciava la manca d\u2019ajuda per garantir que tot l\u2019alumnat, incl\u00f2s el que presenta Necessitats Educatives Especials, pugui fer les classes de piscina en horari lectiu en els cursos d\u2019I5 i 2n<\/a>. Tot i que aquestes classes estan incloses en el Projecte Educatiu de Centre, aprovat l\u2019any 2019, actualment nom\u00e9s es cobreix el cost del monitoratge de suport per a l\u2019alumnat de 1r gr\u00e0cies al programa \u201cJa nedo\u201d. L\u2019AFA considera que la falta de finan\u00e7ament per a I5 i 2n crea una clara situaci\u00f3 de discriminaci\u00f3.<\/p>\n\n\n\n<p>Malgrat l\u2019argumentaci\u00f3 del CEB, des de la Sindicatura de Greuges de Barcelona es destaca que el Projecte Educatiu de centre s&#8217;ha aprovat i \u00e9s conegut per l\u2019Administraci\u00f3, i que el principi d\u2019educaci\u00f3 inclusiva exigeix adaptar els recursos per garantir la igualtat d\u2019oportunitats.<\/p>\n\n\n\n<h2 class=\"wp-block-heading\"><strong>Les conclusions de la Sindicatura<\/strong><\/h2>\n\n\n\n<p>Per tot aix\u00f2, la Sindicatura de Greuges de Barcelona considera insuficient l&#8217;actuaci\u00f3 del Consorci d\u2019Educaci\u00f3 de Barcelona per garantir el dret a l&#8217;educaci\u00f3 i recomana adoptar mesures per assegurar que l&#8217;alumnat amb necessitats educatives especifiques pugui participar en condicions d&#8217;igualtat en el projecte educatiu del centre, i no es repeteixin situacions on no es garanteixi un tracte equitatiu.<\/p>\n","protected":false},"excerpt":{"rendered":"<p>Dos casos han posat de manifest les mancances en mat\u00e8ria d\u2019igualtat d\u2019oportunitats en aquests col\u00b7lectius&nbsp; La Sindicatura de Greuges de Barcelona demana al Consorci d\u2019Educaci\u00f3 de Barcelona (CEB) que faci [&hellip;]<\/p>\n","protected":false},"author":2,"featured_media":34798,"comment_status":"closed","ping_status":"closed","sticky":false,"template":"","format":"standard","meta":{"_acf_changed":false,"footnotes":""},"tags":[],"drets":[1428,1430],"class_list":["post-34797","post","type-post","status-publish","format-standard","has-post-thumbnail","hentry","drets-ciutat-equitativa","drets-dret-a-educacio-i-lleure"],"acf":[],"yoast_head":"<!-- This site is optimized with the Yoast SEO plugin v27.5 - https:\/\/yoast.com\/product\/yoast-seo-wordpress\/ -->\n<title>La Sindicatura insta el Consorci d\u2019Educaci\u00f3 de Barcelona a garantir l\u2019equitat per als infants amb necessitats educatives espec\u00edfiques (NEE) - Sindicatura de Greuges de Barcelona<\/title>\n<meta name=\"description\" content=\"Dos casos han posat de manifest les mancances en mat\u00e8ria d\u2019igualtat d\u2019oportunitats en aquests col\u00b7lectius.\" \/>\n<meta name=\"robots\" content=\"index, follow, max-snippet:-1, max-image-preview:large, max-video-preview:-1\" \/>\n<link rel=\"canonical\" href=\"https:\/\/www.sindicaturabarcelona.cat\/ca\/la-sindicatura-insta-al-consorci-deducacio-de-barcelona-a-garantir-lequitat-per-als-infants-amb-necessitats-educatives-especifiques-nee\/\" \/>\n<meta property=\"og:locale\" content=\"ca_ES\" \/>\n<meta property=\"og:type\" content=\"article\" \/>\n<meta property=\"og:title\" content=\"La Sindicatura insta el Consorci d\u2019Educaci\u00f3 de Barcelona a garantir l\u2019equitat per als infants amb necessitats educatives espec\u00edfiques (NEE) - Sindicatura de Greuges de Barcelona\" \/>\n<meta property=\"og:description\" content=\"Dos casos han posat de manifest les mancances en mat\u00e8ria d\u2019igualtat d\u2019oportunitats en aquests col\u00b7lectius.\" \/>\n<meta property=\"og:url\" content=\"https:\/\/www.sindicaturabarcelona.cat\/ca\/la-sindicatura-insta-al-consorci-deducacio-de-barcelona-a-garantir-lequitat-per-als-infants-amb-necessitats-educatives-especifiques-nee\/\" \/>\n<meta property=\"og:site_name\" content=\"Sindicatura de Greuges de Barcelona\" \/>\n<meta property=\"article:published_time\" content=\"2025-01-16T05:30:00+00:00\" \/>\n<meta property=\"article:modified_time\" content=\"2025-04-16T11:21:36+00:00\" \/>\n<meta property=\"og:image\" content=\"https:\/\/www.sindicaturabarcelona.cat\/wp-content\/uploads\/un-infant-jugant-amb-peces-de-fusta-a.jpg\" \/>\n\t<meta property=\"og:image:width\" content=\"2000\" \/>\n\t<meta property=\"og:image:height\" content=\"1333\" \/>\n\t<meta property=\"og:image:type\" content=\"image\/jpeg\" \/>\n<meta name=\"author\" content=\"Pablo\" \/>\n<meta name=\"twitter:card\" content=\"summary_large_image\" \/>\n<meta name=\"twitter:creator\" content=\"@sindicbarcelona\" \/>\n<meta name=\"twitter:site\" content=\"@sindicbarcelona\" \/>\n<meta name=\"twitter:label1\" content=\"Escrit per\" \/>\n\t<meta name=\"twitter:data1\" content=\"Pablo\" \/>\n\t<meta name=\"twitter:label2\" content=\"Temps estimat de lectura\" \/>\n\t<meta name=\"twitter:data2\" content=\"3 minuts\" \/>\n<script type=\"application\/ld+json\" class=\"yoast-schema-graph\">{\"@context\":\"https:\\\/\\\/schema.org\",\"@graph\":[{\"@type\":\"Article\",\"@id\":\"https:\\\/\\\/www.sindicaturabarcelona.cat\\\/ca\\\/la-sindicatura-insta-al-consorci-deducacio-de-barcelona-a-garantir-lequitat-per-als-infants-amb-necessitats-educatives-especifiques-nee\\\/#article\",\"isPartOf\":{\"@id\":\"https:\\\/\\\/www.sindicaturabarcelona.cat\\\/ca\\\/la-sindicatura-insta-al-consorci-deducacio-de-barcelona-a-garantir-lequitat-per-als-infants-amb-necessitats-educatives-especifiques-nee\\\/\"},\"author\":{\"name\":\"Pablo\",\"@id\":\"https:\\\/\\\/www.sindicaturabarcelona.cat\\\/ca\\\/#\\\/schema\\\/person\\\/0e5acffc350ffdbc97578159322c9452\"},\"headline\":\"La Sindicatura insta el Consorci d\u2019Educaci\u00f3 de Barcelona a garantir l\u2019equitat per als infants amb necessitats educatives espec\u00edfiques (NEE)\",\"datePublished\":\"2025-01-16T05:30:00+00:00\",\"dateModified\":\"2025-04-16T11:21:36+00:00\",\"mainEntityOfPage\":{\"@id\":\"https:\\\/\\\/www.sindicaturabarcelona.cat\\\/ca\\\/la-sindicatura-insta-al-consorci-deducacio-de-barcelona-a-garantir-lequitat-per-als-infants-amb-necessitats-educatives-especifiques-nee\\\/\"},\"wordCount\":497,\"publisher\":{\"@id\":\"https:\\\/\\\/www.sindicaturabarcelona.cat\\\/ca\\\/#organization\"},\"image\":{\"@id\":\"https:\\\/\\\/www.sindicaturabarcelona.cat\\\/ca\\\/la-sindicatura-insta-al-consorci-deducacio-de-barcelona-a-garantir-lequitat-per-als-infants-amb-necessitats-educatives-especifiques-nee\\\/#primaryimage\"},\"thumbnailUrl\":\"https:\\\/\\\/www.sindicaturabarcelona.cat\\\/wp-content\\\/uploads\\\/un-infant-jugant-amb-peces-de-fusta-a.jpg\",\"inLanguage\":\"ca\"},{\"@type\":\"WebPage\",\"@id\":\"https:\\\/\\\/www.sindicaturabarcelona.cat\\\/ca\\\/la-sindicatura-insta-al-consorci-deducacio-de-barcelona-a-garantir-lequitat-per-als-infants-amb-necessitats-educatives-especifiques-nee\\\/\",\"url\":\"https:\\\/\\\/www.sindicaturabarcelona.cat\\\/ca\\\/la-sindicatura-insta-al-consorci-deducacio-de-barcelona-a-garantir-lequitat-per-als-infants-amb-necessitats-educatives-especifiques-nee\\\/\",\"name\":\"La Sindicatura insta el Consorci d\u2019Educaci\u00f3 de Barcelona a garantir l\u2019equitat per als infants amb necessitats educatives espec\u00edfiques (NEE) - Sindicatura de Greuges de Barcelona\",\"isPartOf\":{\"@id\":\"https:\\\/\\\/www.sindicaturabarcelona.cat\\\/ca\\\/#website\"},\"primaryImageOfPage\":{\"@id\":\"https:\\\/\\\/www.sindicaturabarcelona.cat\\\/ca\\\/la-sindicatura-insta-al-consorci-deducacio-de-barcelona-a-garantir-lequitat-per-als-infants-amb-necessitats-educatives-especifiques-nee\\\/#primaryimage\"},\"image\":{\"@id\":\"https:\\\/\\\/www.sindicaturabarcelona.cat\\\/ca\\\/la-sindicatura-insta-al-consorci-deducacio-de-barcelona-a-garantir-lequitat-per-als-infants-amb-necessitats-educatives-especifiques-nee\\\/#primaryimage\"},\"thumbnailUrl\":\"https:\\\/\\\/www.sindicaturabarcelona.cat\\\/wp-content\\\/uploads\\\/un-infant-jugant-amb-peces-de-fusta-a.jpg\",\"datePublished\":\"2025-01-16T05:30:00+00:00\",\"dateModified\":\"2025-04-16T11:21:36+00:00\",\"description\":\"Dos casos han posat de manifest les mancances en mat\u00e8ria d\u2019igualtat d\u2019oportunitats en aquests col\u00b7lectius.\",\"breadcrumb\":{\"@id\":\"https:\\\/\\\/www.sindicaturabarcelona.cat\\\/ca\\\/la-sindicatura-insta-al-consorci-deducacio-de-barcelona-a-garantir-lequitat-per-als-infants-amb-necessitats-educatives-especifiques-nee\\\/#breadcrumb\"},\"inLanguage\":\"ca\",\"potentialAction\":[{\"@type\":\"ReadAction\",\"target\":[\"https:\\\/\\\/www.sindicaturabarcelona.cat\\\/ca\\\/la-sindicatura-insta-al-consorci-deducacio-de-barcelona-a-garantir-lequitat-per-als-infants-amb-necessitats-educatives-especifiques-nee\\\/\"]}]},{\"@type\":\"ImageObject\",\"inLanguage\":\"ca\",\"@id\":\"https:\\\/\\\/www.sindicaturabarcelona.cat\\\/ca\\\/la-sindicatura-insta-al-consorci-deducacio-de-barcelona-a-garantir-lequitat-per-als-infants-amb-necessitats-educatives-especifiques-nee\\\/#primaryimage\",\"url\":\"https:\\\/\\\/www.sindicaturabarcelona.cat\\\/wp-content\\\/uploads\\\/un-infant-jugant-amb-peces-de-fusta-a.jpg\",\"contentUrl\":\"https:\\\/\\\/www.sindicaturabarcelona.cat\\\/wp-content\\\/uploads\\\/un-infant-jugant-amb-peces-de-fusta-a.jpg\",\"width\":2000,\"height\":1333,\"caption\":\"Inauguraci\u00f3 del nou pati de l\u2019Escola de les Aig\u00fces\"},{\"@type\":\"BreadcrumbList\",\"@id\":\"https:\\\/\\\/www.sindicaturabarcelona.cat\\\/ca\\\/la-sindicatura-insta-al-consorci-deducacio-de-barcelona-a-garantir-lequitat-per-als-infants-amb-necessitats-educatives-especifiques-nee\\\/#breadcrumb\",\"itemListElement\":[{\"@type\":\"ListItem\",\"position\":1,\"name\":\"Inici\",\"item\":\"https:\\\/\\\/www.sindicaturabarcelona.cat\\\/ca\\\/\"},{\"@type\":\"ListItem\",\"position\":2,\"name\":\"La Sindicatura insta el Consorci d\u2019Educaci\u00f3 de Barcelona a garantir l\u2019equitat per als infants amb necessitats educatives espec\u00edfiques (NEE)\"}]},{\"@type\":\"WebSite\",\"@id\":\"https:\\\/\\\/www.sindicaturabarcelona.cat\\\/ca\\\/#website\",\"url\":\"https:\\\/\\\/www.sindicaturabarcelona.cat\\\/ca\\\/\",\"name\":\"Sindicatura de Greuges de Barcelona\",\"description\":\"La defensoria dels teus drets\",\"publisher\":{\"@id\":\"https:\\\/\\\/www.sindicaturabarcelona.cat\\\/ca\\\/#organization\"},\"potentialAction\":[{\"@type\":\"SearchAction\",\"target\":{\"@type\":\"EntryPoint\",\"urlTemplate\":\"https:\\\/\\\/www.sindicaturabarcelona.cat\\\/ca\\\/?s={search_term_string}\"},\"query-input\":{\"@type\":\"PropertyValueSpecification\",\"valueRequired\":true,\"valueName\":\"search_term_string\"}}],\"inLanguage\":\"ca\"},{\"@type\":\"Organization\",\"@id\":\"https:\\\/\\\/www.sindicaturabarcelona.cat\\\/ca\\\/#organization\",\"name\":\"Sindicatura de Greuges de Barcelona\",\"url\":\"https:\\\/\\\/www.sindicaturabarcelona.cat\\\/ca\\\/\",\"logo\":{\"@type\":\"ImageObject\",\"inLanguage\":\"ca\",\"@id\":\"https:\\\/\\\/www.sindicaturabarcelona.cat\\\/ca\\\/#\\\/schema\\\/logo\\\/image\\\/\",\"url\":\"https:\\\/\\\/www.sindicaturabarcelona.cat\\\/wp-content\\\/uploads\\\/2023\\\/02\\\/logo_sindicatura.svg\",\"contentUrl\":\"https:\\\/\\\/www.sindicaturabarcelona.cat\\\/wp-content\\\/uploads\\\/2023\\\/02\\\/logo_sindicatura.svg\",\"caption\":\"Sindicatura de Greuges de Barcelona\"},\"image\":{\"@id\":\"https:\\\/\\\/www.sindicaturabarcelona.cat\\\/ca\\\/#\\\/schema\\\/logo\\\/image\\\/\"},\"sameAs\":[\"https:\\\/\\\/x.com\\\/sindicbarcelona\",\"https:\\\/\\\/www.instagram.com\\\/sindicbarcelona\\\/\",\"https:\\\/\\\/www.tiktok.com\\\/@sindicaturabcn\",\"https:\\\/\\\/t.me\\\/sindicaturabarcelona\"]},{\"@type\":\"Person\",\"@id\":\"https:\\\/\\\/www.sindicaturabarcelona.cat\\\/ca\\\/#\\\/schema\\\/person\\\/0e5acffc350ffdbc97578159322c9452\",\"name\":\"Pablo\",\"image\":{\"@type\":\"ImageObject\",\"inLanguage\":\"ca\",\"@id\":\"https:\\\/\\\/secure.gravatar.com\\\/avatar\\\/c948169b402ef9492afde705c3dfd5e90e1a6a84ef6840a91124f805a25a480f?s=96&d=mm&r=g\",\"url\":\"https:\\\/\\\/secure.gravatar.com\\\/avatar\\\/c948169b402ef9492afde705c3dfd5e90e1a6a84ef6840a91124f805a25a480f?s=96&d=mm&r=g\",\"contentUrl\":\"https:\\\/\\\/secure.gravatar.com\\\/avatar\\\/c948169b402ef9492afde705c3dfd5e90e1a6a84ef6840a91124f805a25a480f?s=96&d=mm&r=g\",\"caption\":\"Pablo\"},\"url\":\"https:\\\/\\\/www.sindicaturabarcelona.cat\\\/ca\\\/author\\\/pablo\\\/\"}]}<\/script>\n<!-- \/ Yoast SEO plugin. -->","yoast_head_json":{"title":"La Sindicatura insta el Consorci d\u2019Educaci\u00f3 de Barcelona a garantir l\u2019equitat per als infants amb necessitats educatives espec\u00edfiques (NEE) - Sindicatura de Greuges de Barcelona","description":"Dos casos han posat de manifest les mancances en mat\u00e8ria d\u2019igualtat d\u2019oportunitats en aquests col\u00b7lectius.","robots":{"index":"index","follow":"follow","max-snippet":"max-snippet:-1","max-image-preview":"max-image-preview:large","max-video-preview":"max-video-preview:-1"},"canonical":"https:\/\/www.sindicaturabarcelona.cat\/ca\/la-sindicatura-insta-al-consorci-deducacio-de-barcelona-a-garantir-lequitat-per-als-infants-amb-necessitats-educatives-especifiques-nee\/","og_locale":"ca_ES","og_type":"article","og_title":"La Sindicatura insta el Consorci d\u2019Educaci\u00f3 de Barcelona a garantir l\u2019equitat per als infants amb necessitats educatives espec\u00edfiques (NEE) - Sindicatura de Greuges de Barcelona","og_description":"Dos casos han posat de manifest les mancances en mat\u00e8ria d\u2019igualtat d\u2019oportunitats en aquests col\u00b7lectius.","og_url":"https:\/\/www.sindicaturabarcelona.cat\/ca\/la-sindicatura-insta-al-consorci-deducacio-de-barcelona-a-garantir-lequitat-per-als-infants-amb-necessitats-educatives-especifiques-nee\/","og_site_name":"Sindicatura de Greuges de Barcelona","article_published_time":"2025-01-16T05:30:00+00:00","article_modified_time":"2025-04-16T11:21:36+00:00","og_image":[{"width":2000,"height":1333,"url":"https:\/\/www.sindicaturabarcelona.cat\/wp-content\/uploads\/un-infant-jugant-amb-peces-de-fusta-a.jpg","type":"image\/jpeg"}],"author":"Pablo","twitter_card":"summary_large_image","twitter_creator":"@sindicbarcelona","twitter_site":"@sindicbarcelona","twitter_misc":{"Escrit per":"Pablo","Temps estimat de lectura":"3 minuts"},"schema":{"@context":"https:\/\/schema.org","@graph":[{"@type":"Article","@id":"https:\/\/www.sindicaturabarcelona.cat\/ca\/la-sindicatura-insta-al-consorci-deducacio-de-barcelona-a-garantir-lequitat-per-als-infants-amb-necessitats-educatives-especifiques-nee\/#article","isPartOf":{"@id":"https:\/\/www.sindicaturabarcelona.cat\/ca\/la-sindicatura-insta-al-consorci-deducacio-de-barcelona-a-garantir-lequitat-per-als-infants-amb-necessitats-educatives-especifiques-nee\/"},"author":{"name":"Pablo","@id":"https:\/\/www.sindicaturabarcelona.cat\/ca\/#\/schema\/person\/0e5acffc350ffdbc97578159322c9452"},"headline":"La Sindicatura insta el Consorci d\u2019Educaci\u00f3 de Barcelona a garantir l\u2019equitat per als infants amb necessitats educatives espec\u00edfiques (NEE)","datePublished":"2025-01-16T05:30:00+00:00","dateModified":"2025-04-16T11:21:36+00:00","mainEntityOfPage":{"@id":"https:\/\/www.sindicaturabarcelona.cat\/ca\/la-sindicatura-insta-al-consorci-deducacio-de-barcelona-a-garantir-lequitat-per-als-infants-amb-necessitats-educatives-especifiques-nee\/"},"wordCount":497,"publisher":{"@id":"https:\/\/www.sindicaturabarcelona.cat\/ca\/#organization"},"image":{"@id":"https:\/\/www.sindicaturabarcelona.cat\/ca\/la-sindicatura-insta-al-consorci-deducacio-de-barcelona-a-garantir-lequitat-per-als-infants-amb-necessitats-educatives-especifiques-nee\/#primaryimage"},"thumbnailUrl":"https:\/\/www.sindicaturabarcelona.cat\/wp-content\/uploads\/un-infant-jugant-amb-peces-de-fusta-a.jpg","inLanguage":"ca"},{"@type":"WebPage","@id":"https:\/\/www.sindicaturabarcelona.cat\/ca\/la-sindicatura-insta-al-consorci-deducacio-de-barcelona-a-garantir-lequitat-per-als-infants-amb-necessitats-educatives-especifiques-nee\/","url":"https:\/\/www.sindicaturabarcelona.cat\/ca\/la-sindicatura-insta-al-consorci-deducacio-de-barcelona-a-garantir-lequitat-per-als-infants-amb-necessitats-educatives-especifiques-nee\/","name":"La Sindicatura insta el Consorci d\u2019Educaci\u00f3 de Barcelona a garantir l\u2019equitat per als infants amb necessitats educatives espec\u00edfiques (NEE) - Sindicatura de Greuges de Barcelona","isPartOf":{"@id":"https:\/\/www.sindicaturabarcelona.cat\/ca\/#website"},"primaryImageOfPage":{"@id":"https:\/\/www.sindicaturabarcelona.cat\/ca\/la-sindicatura-insta-al-consorci-deducacio-de-barcelona-a-garantir-lequitat-per-als-infants-amb-necessitats-educatives-especifiques-nee\/#primaryimage"},"image":{"@id":"https:\/\/www.sindicaturabarcelona.cat\/ca\/la-sindicatura-insta-al-consorci-deducacio-de-barcelona-a-garantir-lequitat-per-als-infants-amb-necessitats-educatives-especifiques-nee\/#primaryimage"},"thumbnailUrl":"https:\/\/www.sindicaturabarcelona.cat\/wp-content\/uploads\/un-infant-jugant-amb-peces-de-fusta-a.jpg","datePublished":"2025-01-16T05:30:00+00:00","dateModified":"2025-04-16T11:21:36+00:00","description":"Dos casos han posat de manifest les mancances en mat\u00e8ria d\u2019igualtat d\u2019oportunitats en aquests col\u00b7lectius.","breadcrumb":{"@id":"https:\/\/www.sindicaturabarcelona.cat\/ca\/la-sindicatura-insta-al-consorci-deducacio-de-barcelona-a-garantir-lequitat-per-als-infants-amb-necessitats-educatives-especifiques-nee\/#breadcrumb"},"inLanguage":"ca","potentialAction":[{"@type":"ReadAction","target":["https:\/\/www.sindicaturabarcelona.cat\/ca\/la-sindicatura-insta-al-consorci-deducacio-de-barcelona-a-garantir-lequitat-per-als-infants-amb-necessitats-educatives-especifiques-nee\/"]}]},{"@type":"ImageObject","inLanguage":"ca","@id":"https:\/\/www.sindicaturabarcelona.cat\/ca\/la-sindicatura-insta-al-consorci-deducacio-de-barcelona-a-garantir-lequitat-per-als-infants-amb-necessitats-educatives-especifiques-nee\/#primaryimage","url":"https:\/\/www.sindicaturabarcelona.cat\/wp-content\/uploads\/un-infant-jugant-amb-peces-de-fusta-a.jpg","contentUrl":"https:\/\/www.sindicaturabarcelona.cat\/wp-content\/uploads\/un-infant-jugant-amb-peces-de-fusta-a.jpg","width":2000,"height":1333,"caption":"Inauguraci\u00f3 del nou pati de l\u2019Escola de les Aig\u00fces"},{"@type":"BreadcrumbList","@id":"https:\/\/www.sindicaturabarcelona.cat\/ca\/la-sindicatura-insta-al-consorci-deducacio-de-barcelona-a-garantir-lequitat-per-als-infants-amb-necessitats-educatives-especifiques-nee\/#breadcrumb","itemListElement":[{"@type":"ListItem","position":1,"name":"Inici","item":"https:\/\/www.sindicaturabarcelona.cat\/ca\/"},{"@type":"ListItem","position":2,"name":"La Sindicatura insta el Consorci d\u2019Educaci\u00f3 de Barcelona a garantir l\u2019equitat per als infants amb necessitats educatives espec\u00edfiques (NEE)"}]},{"@type":"WebSite","@id":"https:\/\/www.sindicaturabarcelona.cat\/ca\/#website","url":"https:\/\/www.sindicaturabarcelona.cat\/ca\/","name":"Sindicatura de Greuges de Barcelona","description":"La defensoria dels teus drets","publisher":{"@id":"https:\/\/www.sindicaturabarcelona.cat\/ca\/#organization"},"potentialAction":[{"@type":"SearchAction","target":{"@type":"EntryPoint","urlTemplate":"https:\/\/www.sindicaturabarcelona.cat\/ca\/?s={search_term_string}"},"query-input":{"@type":"PropertyValueSpecification","valueRequired":true,"valueName":"search_term_string"}}],"inLanguage":"ca"},{"@type":"Organization","@id":"https:\/\/www.sindicaturabarcelona.cat\/ca\/#organization","name":"Sindicatura de Greuges de Barcelona","url":"https:\/\/www.sindicaturabarcelona.cat\/ca\/","logo":{"@type":"ImageObject","inLanguage":"ca","@id":"https:\/\/www.sindicaturabarcelona.cat\/ca\/#\/schema\/logo\/image\/","url":"https:\/\/www.sindicaturabarcelona.cat\/wp-content\/uploads\/2023\/02\/logo_sindicatura.svg","contentUrl":"https:\/\/www.sindicaturabarcelona.cat\/wp-content\/uploads\/2023\/02\/logo_sindicatura.svg","caption":"Sindicatura de Greuges de Barcelona"},"image":{"@id":"https:\/\/www.sindicaturabarcelona.cat\/ca\/#\/schema\/logo\/image\/"},"sameAs":["https:\/\/x.com\/sindicbarcelona","https:\/\/www.instagram.com\/sindicbarcelona\/","https:\/\/www.tiktok.com\/@sindicaturabcn","https:\/\/t.me\/sindicaturabarcelona"]},{"@type":"Person","@id":"https:\/\/www.sindicaturabarcelona.cat\/ca\/#\/schema\/person\/0e5acffc350ffdbc97578159322c9452","name":"Pablo","image":{"@type":"ImageObject","inLanguage":"ca","@id":"https:\/\/secure.gravatar.com\/avatar\/c948169b402ef9492afde705c3dfd5e90e1a6a84ef6840a91124f805a25a480f?s=96&d=mm&r=g","url":"https:\/\/secure.gravatar.com\/avatar\/c948169b402ef9492afde705c3dfd5e90e1a6a84ef6840a91124f805a25a480f?s=96&d=mm&r=g","contentUrl":"https:\/\/secure.gravatar.com\/avatar\/c948169b402ef9492afde705c3dfd5e90e1a6a84ef6840a91124f805a25a480f?s=96&d=mm&r=g","caption":"Pablo"},"url":"https:\/\/www.sindicaturabarcelona.cat\/ca\/author\/pablo\/"}]}},"_links":{"self":[{"href":"https:\/\/www.sindicaturabarcelona.cat\/ca\/wp-json\/wp\/v2\/posts\/34797","targetHints":{"allow":["GET"]}}],"collection":[{"href":"https:\/\/www.sindicaturabarcelona.cat\/ca\/wp-json\/wp\/v2\/posts"}],"about":[{"href":"https:\/\/www.sindicaturabarcelona.cat\/ca\/wp-json\/wp\/v2\/types\/post"}],"author":[{"embeddable":true,"href":"https:\/\/www.sindicaturabarcelona.cat\/ca\/wp-json\/wp\/v2\/users\/2"}],"replies":[{"embeddable":true,"href":"https:\/\/www.sindicaturabarcelona.cat\/ca\/wp-json\/wp\/v2\/comments?post=34797"}],"version-history":[{"count":3,"href":"https:\/\/www.sindicaturabarcelona.cat\/ca\/wp-json\/wp\/v2\/posts\/34797\/revisions"}],"predecessor-version":[{"id":35089,"href":"https:\/\/www.sindicaturabarcelona.cat\/ca\/wp-json\/wp\/v2\/posts\/34797\/revisions\/35089"}],"wp:featuredmedia":[{"embeddable":true,"href":"https:\/\/www.sindicaturabarcelona.cat\/ca\/wp-json\/wp\/v2\/media\/34798"}],"wp:attachment":[{"href":"https:\/\/www.sindicaturabarcelona.cat\/ca\/wp-json\/wp\/v2\/media?parent=34797"}],"wp:term":[{"taxonomy":"post_tag","embeddable":true,"href":"https:\/\/www.sindicaturabarcelona.cat\/ca\/wp-json\/wp\/v2\/tags?post=34797"},{"taxonomy":"drets","embeddable":true,"href":"https:\/\/www.sindicaturabarcelona.cat\/ca\/wp-json\/wp\/v2\/drets?post=34797"}],"curies":[{"name":"wp","href":"https:\/\/api.w.org\/{rel}","templated":true}]}}