{"id":34766,"date":"2025-01-10T16:38:13","date_gmt":"2025-01-10T14:38:13","guid":{"rendered":"https:\/\/www.sindicaturabarcelona.cat\/?p=34766"},"modified":"2025-02-20T12:05:16","modified_gmt":"2025-02-20T10:05:16","slug":"david-bondia-entrevistat-a-el-punt-avui","status":"publish","type":"post","link":"https:\/\/www.sindicaturabarcelona.cat\/ca\/david-bondia-entrevistat-a-el-punt-avui\/","title":{"rendered":"David Bondia, entrevistat a El Punt Avui"},"content":{"rendered":"\n<p>El diari publica aquest dimecres, 8 de gener, una <a href=\"https:\/\/www.elpuntavui.cat\/societat\/article\/10-administracions\/2494548-a-barcelona-hi-ha-inseguretat-pero-aixo-no-cal-magnificar-ho.html?cca=3\" target=\"_blank\" rel=\"noreferrer noopener\">entrevista a doble p\u00e0gina<\/a> al S\u00edndic de Greuges de Barcelona. Alguns dels <strong>titulars destacats<\/strong> s\u00f3n els seg\u00fcents:<\/p>\n\n\n\n<p>\u2022&nbsp;\u201cA Barcelona hi ha inseguretat, per\u00f2 aix\u00f2 no cal magnificar-ho\u201d<\/p>\n\n\n\n<p>\u2022\u00a0\u201cEns alegra que en l\u2019\u00e0mbit local, auton\u00f2mic i estatal es digui que <strong>l\u2019habitatge \u00e9s la q\u00fcesti\u00f3 clau<\/strong> i que s\u2019hi ha de fer alguna cosa\u201d<\/p>\n\n\n\n<p>\u2022&nbsp;&#8220;No hem de ser criminalitzadors amb el turisme, sin\u00f3 <strong>protectors dels i les residents<\/strong> de la ciutat&#8221;<\/p>\n\n\n\n<p>\u2022&nbsp;&#8220;En una urbs com Barcelona sempre et trobar\u00e0s conviv\u00e8ncia, per\u00f2 tamb\u00e9 problem\u00e0tiques&#8221;<\/p>\n\n\n\n<p>Pots llegir l&#8217;<strong>entrevista sencera <a href=\"https:\/\/www.elpuntavui.cat\/societat\/article\/10-administracions\/2494548-a-barcelona-hi-ha-inseguretat-pero-aixo-no-cal-magnificar-ho.html?cca=3\" target=\"_blank\" rel=\"noreferrer noopener\">en aquest enlla\u00e7<\/a><\/strong>.<\/p>\n","protected":false},"excerpt":{"rendered":"<p>El diari publica aquest dimecres, 8 de gener, una entrevista a doble p\u00e0gina al S\u00edndic de Greuges de Barcelona. Alguns dels titulars destacats s\u00f3n els seg\u00fcents: \u2022&nbsp;\u201cA Barcelona hi ha [&hellip;]<\/p>\n","protected":false},"author":2,"featured_media":34771,"comment_status":"closed","ping_status":"closed","sticky":false,"template":"","format":"standard","meta":{"_acf_changed":false,"footnotes":""},"tags":[],"drets":[],"class_list":["post-34766","post","type-post","status-publish","format-standard","has-post-thumbnail","hentry"],"acf":[],"yoast_head":"<!-- This site is optimized with the Yoast SEO plugin v27.5 - https:\/\/yoast.com\/product\/yoast-seo-wordpress\/ -->\n<title>David Bondia, entrevistat a El Punt Avui - Sindicatura de Greuges de Barcelona<\/title>\n<meta name=\"description\" content=\"El diari publica aquest dimecres, 8 de gener, una entrevista a doble p\u00e0gina al S\u00edndic de Greuges de Barcelona.\" \/>\n<meta name=\"robots\" content=\"index, follow, max-snippet:-1, max-image-preview:large, max-video-preview:-1\" \/>\n<link rel=\"canonical\" href=\"https:\/\/www.sindicaturabarcelona.cat\/ca\/david-bondia-entrevistat-a-el-punt-avui\/\" \/>\n<meta property=\"og:locale\" content=\"ca_ES\" \/>\n<meta property=\"og:type\" content=\"article\" \/>\n<meta property=\"og:title\" content=\"David Bondia, entrevistat a El Punt Avui - Sindicatura de Greuges de Barcelona\" \/>\n<meta property=\"og:description\" content=\"El diari publica aquest dimecres, 8 de gener, una entrevista a doble p\u00e0gina al S\u00edndic de Greuges de Barcelona.\" \/>\n<meta property=\"og:url\" content=\"https:\/\/www.sindicaturabarcelona.cat\/ca\/david-bondia-entrevistat-a-el-punt-avui\/\" \/>\n<meta property=\"og:site_name\" content=\"Sindicatura de Greuges de Barcelona\" \/>\n<meta property=\"article:published_time\" content=\"2025-01-10T14:38:13+00:00\" \/>\n<meta property=\"article:modified_time\" content=\"2025-02-20T10:05:16+00:00\" \/>\n<meta property=\"og:image\" content=\"https:\/\/www.sindicaturabarcelona.cat\/wp-content\/uploads\/BondiaEntrevistaPuntAvui2.png\" \/>\n\t<meta property=\"og:image:width\" content=\"795\" \/>\n\t<meta property=\"og:image:height\" content=\"554\" \/>\n\t<meta property=\"og:image:type\" content=\"image\/png\" \/>\n<meta name=\"author\" content=\"Pablo\" \/>\n<meta name=\"twitter:card\" content=\"summary_large_image\" \/>\n<meta name=\"twitter:creator\" content=\"@sindicbarcelona\" \/>\n<meta name=\"twitter:site\" content=\"@sindicbarcelona\" \/>\n<meta name=\"twitter:label1\" content=\"Escrit per\" \/>\n\t<meta name=\"twitter:data1\" content=\"Pablo\" \/>\n\t<meta name=\"twitter:label2\" content=\"Temps estimat de lectura\" \/>\n\t<meta name=\"twitter:data2\" content=\"1 minut\" \/>\n<script type=\"application\/ld+json\" class=\"yoast-schema-graph\">{\"@context\":\"https:\\\/\\\/schema.org\",\"@graph\":[{\"@type\":\"Article\",\"@id\":\"https:\\\/\\\/www.sindicaturabarcelona.cat\\\/ca\\\/david-bondia-entrevistat-a-el-punt-avui\\\/#article\",\"isPartOf\":{\"@id\":\"https:\\\/\\\/www.sindicaturabarcelona.cat\\\/ca\\\/david-bondia-entrevistat-a-el-punt-avui\\\/\"},\"author\":{\"name\":\"Pablo\",\"@id\":\"https:\\\/\\\/www.sindicaturabarcelona.cat\\\/ca\\\/#\\\/schema\\\/person\\\/0e5acffc350ffdbc97578159322c9452\"},\"headline\":\"David Bondia, entrevistat a El Punt Avui\",\"datePublished\":\"2025-01-10T14:38:13+00:00\",\"dateModified\":\"2025-02-20T10:05:16+00:00\",\"mainEntityOfPage\":{\"@id\":\"https:\\\/\\\/www.sindicaturabarcelona.cat\\\/ca\\\/david-bondia-entrevistat-a-el-punt-avui\\\/\"},\"wordCount\":119,\"publisher\":{\"@id\":\"https:\\\/\\\/www.sindicaturabarcelona.cat\\\/ca\\\/#organization\"},\"image\":{\"@id\":\"https:\\\/\\\/www.sindicaturabarcelona.cat\\\/ca\\\/david-bondia-entrevistat-a-el-punt-avui\\\/#primaryimage\"},\"thumbnailUrl\":\"https:\\\/\\\/www.sindicaturabarcelona.cat\\\/wp-content\\\/uploads\\\/BondiaEntrevistaPuntAvui2.png\",\"inLanguage\":\"ca\"},{\"@type\":\"WebPage\",\"@id\":\"https:\\\/\\\/www.sindicaturabarcelona.cat\\\/ca\\\/david-bondia-entrevistat-a-el-punt-avui\\\/\",\"url\":\"https:\\\/\\\/www.sindicaturabarcelona.cat\\\/ca\\\/david-bondia-entrevistat-a-el-punt-avui\\\/\",\"name\":\"David Bondia, entrevistat a El Punt Avui - Sindicatura de Greuges de Barcelona\",\"isPartOf\":{\"@id\":\"https:\\\/\\\/www.sindicaturabarcelona.cat\\\/ca\\\/#website\"},\"primaryImageOfPage\":{\"@id\":\"https:\\\/\\\/www.sindicaturabarcelona.cat\\\/ca\\\/david-bondia-entrevistat-a-el-punt-avui\\\/#primaryimage\"},\"image\":{\"@id\":\"https:\\\/\\\/www.sindicaturabarcelona.cat\\\/ca\\\/david-bondia-entrevistat-a-el-punt-avui\\\/#primaryimage\"},\"thumbnailUrl\":\"https:\\\/\\\/www.sindicaturabarcelona.cat\\\/wp-content\\\/uploads\\\/BondiaEntrevistaPuntAvui2.png\",\"datePublished\":\"2025-01-10T14:38:13+00:00\",\"dateModified\":\"2025-02-20T10:05:16+00:00\",\"description\":\"El diari publica aquest dimecres, 8 de gener, una entrevista a doble p\u00e0gina al S\u00edndic de Greuges de Barcelona.\",\"breadcrumb\":{\"@id\":\"https:\\\/\\\/www.sindicaturabarcelona.cat\\\/ca\\\/david-bondia-entrevistat-a-el-punt-avui\\\/#breadcrumb\"},\"inLanguage\":\"ca\",\"potentialAction\":[{\"@type\":\"ReadAction\",\"target\":[\"https:\\\/\\\/www.sindicaturabarcelona.cat\\\/ca\\\/david-bondia-entrevistat-a-el-punt-avui\\\/\"]}]},{\"@type\":\"ImageObject\",\"inLanguage\":\"ca\",\"@id\":\"https:\\\/\\\/www.sindicaturabarcelona.cat\\\/ca\\\/david-bondia-entrevistat-a-el-punt-avui\\\/#primaryimage\",\"url\":\"https:\\\/\\\/www.sindicaturabarcelona.cat\\\/wp-content\\\/uploads\\\/BondiaEntrevistaPuntAvui2.png\",\"contentUrl\":\"https:\\\/\\\/www.sindicaturabarcelona.cat\\\/wp-content\\\/uploads\\\/BondiaEntrevistaPuntAvui2.png\",\"width\":795,\"height\":554},{\"@type\":\"BreadcrumbList\",\"@id\":\"https:\\\/\\\/www.sindicaturabarcelona.cat\\\/ca\\\/david-bondia-entrevistat-a-el-punt-avui\\\/#breadcrumb\",\"itemListElement\":[{\"@type\":\"ListItem\",\"position\":1,\"name\":\"Inici\",\"item\":\"https:\\\/\\\/www.sindicaturabarcelona.cat\\\/ca\\\/\"},{\"@type\":\"ListItem\",\"position\":2,\"name\":\"David Bondia, entrevistat a El Punt Avui\"}]},{\"@type\":\"WebSite\",\"@id\":\"https:\\\/\\\/www.sindicaturabarcelona.cat\\\/ca\\\/#website\",\"url\":\"https:\\\/\\\/www.sindicaturabarcelona.cat\\\/ca\\\/\",\"name\":\"Sindicatura de Greuges de Barcelona\",\"description\":\"La defensoria dels teus drets\",\"publisher\":{\"@id\":\"https:\\\/\\\/www.sindicaturabarcelona.cat\\\/ca\\\/#organization\"},\"potentialAction\":[{\"@type\":\"SearchAction\",\"target\":{\"@type\":\"EntryPoint\",\"urlTemplate\":\"https:\\\/\\\/www.sindicaturabarcelona.cat\\\/ca\\\/?s={search_term_string}\"},\"query-input\":{\"@type\":\"PropertyValueSpecification\",\"valueRequired\":true,\"valueName\":\"search_term_string\"}}],\"inLanguage\":\"ca\"},{\"@type\":\"Organization\",\"@id\":\"https:\\\/\\\/www.sindicaturabarcelona.cat\\\/ca\\\/#organization\",\"name\":\"Sindicatura de Greuges de Barcelona\",\"url\":\"https:\\\/\\\/www.sindicaturabarcelona.cat\\\/ca\\\/\",\"logo\":{\"@type\":\"ImageObject\",\"inLanguage\":\"ca\",\"@id\":\"https:\\\/\\\/www.sindicaturabarcelona.cat\\\/ca\\\/#\\\/schema\\\/logo\\\/image\\\/\",\"url\":\"https:\\\/\\\/www.sindicaturabarcelona.cat\\\/wp-content\\\/uploads\\\/2023\\\/02\\\/logo_sindicatura.svg\",\"contentUrl\":\"https:\\\/\\\/www.sindicaturabarcelona.cat\\\/wp-content\\\/uploads\\\/2023\\\/02\\\/logo_sindicatura.svg\",\"caption\":\"Sindicatura de Greuges de Barcelona\"},\"image\":{\"@id\":\"https:\\\/\\\/www.sindicaturabarcelona.cat\\\/ca\\\/#\\\/schema\\\/logo\\\/image\\\/\"},\"sameAs\":[\"https:\\\/\\\/x.com\\\/sindicbarcelona\",\"https:\\\/\\\/www.instagram.com\\\/sindicbarcelona\\\/\",\"https:\\\/\\\/www.tiktok.com\\\/@sindicaturabcn\",\"https:\\\/\\\/t.me\\\/sindicaturabarcelona\"]},{\"@type\":\"Person\",\"@id\":\"https:\\\/\\\/www.sindicaturabarcelona.cat\\\/ca\\\/#\\\/schema\\\/person\\\/0e5acffc350ffdbc97578159322c9452\",\"name\":\"Pablo\",\"image\":{\"@type\":\"ImageObject\",\"inLanguage\":\"ca\",\"@id\":\"https:\\\/\\\/secure.gravatar.com\\\/avatar\\\/c948169b402ef9492afde705c3dfd5e90e1a6a84ef6840a91124f805a25a480f?s=96&d=mm&r=g\",\"url\":\"https:\\\/\\\/secure.gravatar.com\\\/avatar\\\/c948169b402ef9492afde705c3dfd5e90e1a6a84ef6840a91124f805a25a480f?s=96&d=mm&r=g\",\"contentUrl\":\"https:\\\/\\\/secure.gravatar.com\\\/avatar\\\/c948169b402ef9492afde705c3dfd5e90e1a6a84ef6840a91124f805a25a480f?s=96&d=mm&r=g\",\"caption\":\"Pablo\"},\"url\":\"https:\\\/\\\/www.sindicaturabarcelona.cat\\\/ca\\\/author\\\/pablo\\\/\"}]}<\/script>\n<!-- \/ Yoast SEO plugin. -->","yoast_head_json":{"title":"David Bondia, entrevistat a El Punt Avui - Sindicatura de Greuges de Barcelona","description":"El diari publica aquest dimecres, 8 de gener, una entrevista a doble p\u00e0gina al S\u00edndic de Greuges de Barcelona.","robots":{"index":"index","follow":"follow","max-snippet":"max-snippet:-1","max-image-preview":"max-image-preview:large","max-video-preview":"max-video-preview:-1"},"canonical":"https:\/\/www.sindicaturabarcelona.cat\/ca\/david-bondia-entrevistat-a-el-punt-avui\/","og_locale":"ca_ES","og_type":"article","og_title":"David Bondia, entrevistat a El Punt Avui - Sindicatura de Greuges de Barcelona","og_description":"El diari publica aquest dimecres, 8 de gener, una entrevista a doble p\u00e0gina al S\u00edndic de Greuges de Barcelona.","og_url":"https:\/\/www.sindicaturabarcelona.cat\/ca\/david-bondia-entrevistat-a-el-punt-avui\/","og_site_name":"Sindicatura de Greuges de Barcelona","article_published_time":"2025-01-10T14:38:13+00:00","article_modified_time":"2025-02-20T10:05:16+00:00","og_image":[{"width":795,"height":554,"url":"https:\/\/www.sindicaturabarcelona.cat\/wp-content\/uploads\/BondiaEntrevistaPuntAvui2.png","type":"image\/png"}],"author":"Pablo","twitter_card":"summary_large_image","twitter_creator":"@sindicbarcelona","twitter_site":"@sindicbarcelona","twitter_misc":{"Escrit per":"Pablo","Temps estimat de lectura":"1 minut"},"schema":{"@context":"https:\/\/schema.org","@graph":[{"@type":"Article","@id":"https:\/\/www.sindicaturabarcelona.cat\/ca\/david-bondia-entrevistat-a-el-punt-avui\/#article","isPartOf":{"@id":"https:\/\/www.sindicaturabarcelona.cat\/ca\/david-bondia-entrevistat-a-el-punt-avui\/"},"author":{"name":"Pablo","@id":"https:\/\/www.sindicaturabarcelona.cat\/ca\/#\/schema\/person\/0e5acffc350ffdbc97578159322c9452"},"headline":"David Bondia, entrevistat a El Punt Avui","datePublished":"2025-01-10T14:38:13+00:00","dateModified":"2025-02-20T10:05:16+00:00","mainEntityOfPage":{"@id":"https:\/\/www.sindicaturabarcelona.cat\/ca\/david-bondia-entrevistat-a-el-punt-avui\/"},"wordCount":119,"publisher":{"@id":"https:\/\/www.sindicaturabarcelona.cat\/ca\/#organization"},"image":{"@id":"https:\/\/www.sindicaturabarcelona.cat\/ca\/david-bondia-entrevistat-a-el-punt-avui\/#primaryimage"},"thumbnailUrl":"https:\/\/www.sindicaturabarcelona.cat\/wp-content\/uploads\/BondiaEntrevistaPuntAvui2.png","inLanguage":"ca"},{"@type":"WebPage","@id":"https:\/\/www.sindicaturabarcelona.cat\/ca\/david-bondia-entrevistat-a-el-punt-avui\/","url":"https:\/\/www.sindicaturabarcelona.cat\/ca\/david-bondia-entrevistat-a-el-punt-avui\/","name":"David Bondia, entrevistat a El Punt Avui - Sindicatura de Greuges de Barcelona","isPartOf":{"@id":"https:\/\/www.sindicaturabarcelona.cat\/ca\/#website"},"primaryImageOfPage":{"@id":"https:\/\/www.sindicaturabarcelona.cat\/ca\/david-bondia-entrevistat-a-el-punt-avui\/#primaryimage"},"image":{"@id":"https:\/\/www.sindicaturabarcelona.cat\/ca\/david-bondia-entrevistat-a-el-punt-avui\/#primaryimage"},"thumbnailUrl":"https:\/\/www.sindicaturabarcelona.cat\/wp-content\/uploads\/BondiaEntrevistaPuntAvui2.png","datePublished":"2025-01-10T14:38:13+00:00","dateModified":"2025-02-20T10:05:16+00:00","description":"El diari publica aquest dimecres, 8 de gener, una entrevista a doble p\u00e0gina al S\u00edndic de Greuges de Barcelona.","breadcrumb":{"@id":"https:\/\/www.sindicaturabarcelona.cat\/ca\/david-bondia-entrevistat-a-el-punt-avui\/#breadcrumb"},"inLanguage":"ca","potentialAction":[{"@type":"ReadAction","target":["https:\/\/www.sindicaturabarcelona.cat\/ca\/david-bondia-entrevistat-a-el-punt-avui\/"]}]},{"@type":"ImageObject","inLanguage":"ca","@id":"https:\/\/www.sindicaturabarcelona.cat\/ca\/david-bondia-entrevistat-a-el-punt-avui\/#primaryimage","url":"https:\/\/www.sindicaturabarcelona.cat\/wp-content\/uploads\/BondiaEntrevistaPuntAvui2.png","contentUrl":"https:\/\/www.sindicaturabarcelona.cat\/wp-content\/uploads\/BondiaEntrevistaPuntAvui2.png","width":795,"height":554},{"@type":"BreadcrumbList","@id":"https:\/\/www.sindicaturabarcelona.cat\/ca\/david-bondia-entrevistat-a-el-punt-avui\/#breadcrumb","itemListElement":[{"@type":"ListItem","position":1,"name":"Inici","item":"https:\/\/www.sindicaturabarcelona.cat\/ca\/"},{"@type":"ListItem","position":2,"name":"David Bondia, entrevistat a El Punt Avui"}]},{"@type":"WebSite","@id":"https:\/\/www.sindicaturabarcelona.cat\/ca\/#website","url":"https:\/\/www.sindicaturabarcelona.cat\/ca\/","name":"Sindicatura de Greuges de Barcelona","description":"La defensoria dels teus drets","publisher":{"@id":"https:\/\/www.sindicaturabarcelona.cat\/ca\/#organization"},"potentialAction":[{"@type":"SearchAction","target":{"@type":"EntryPoint","urlTemplate":"https:\/\/www.sindicaturabarcelona.cat\/ca\/?s={search_term_string}"},"query-input":{"@type":"PropertyValueSpecification","valueRequired":true,"valueName":"search_term_string"}}],"inLanguage":"ca"},{"@type":"Organization","@id":"https:\/\/www.sindicaturabarcelona.cat\/ca\/#organization","name":"Sindicatura de Greuges de Barcelona","url":"https:\/\/www.sindicaturabarcelona.cat\/ca\/","logo":{"@type":"ImageObject","inLanguage":"ca","@id":"https:\/\/www.sindicaturabarcelona.cat\/ca\/#\/schema\/logo\/image\/","url":"https:\/\/www.sindicaturabarcelona.cat\/wp-content\/uploads\/2023\/02\/logo_sindicatura.svg","contentUrl":"https:\/\/www.sindicaturabarcelona.cat\/wp-content\/uploads\/2023\/02\/logo_sindicatura.svg","caption":"Sindicatura de Greuges de Barcelona"},"image":{"@id":"https:\/\/www.sindicaturabarcelona.cat\/ca\/#\/schema\/logo\/image\/"},"sameAs":["https:\/\/x.com\/sindicbarcelona","https:\/\/www.instagram.com\/sindicbarcelona\/","https:\/\/www.tiktok.com\/@sindicaturabcn","https:\/\/t.me\/sindicaturabarcelona"]},{"@type":"Person","@id":"https:\/\/www.sindicaturabarcelona.cat\/ca\/#\/schema\/person\/0e5acffc350ffdbc97578159322c9452","name":"Pablo","image":{"@type":"ImageObject","inLanguage":"ca","@id":"https:\/\/secure.gravatar.com\/avatar\/c948169b402ef9492afde705c3dfd5e90e1a6a84ef6840a91124f805a25a480f?s=96&d=mm&r=g","url":"https:\/\/secure.gravatar.com\/avatar\/c948169b402ef9492afde705c3dfd5e90e1a6a84ef6840a91124f805a25a480f?s=96&d=mm&r=g","contentUrl":"https:\/\/secure.gravatar.com\/avatar\/c948169b402ef9492afde705c3dfd5e90e1a6a84ef6840a91124f805a25a480f?s=96&d=mm&r=g","caption":"Pablo"},"url":"https:\/\/www.sindicaturabarcelona.cat\/ca\/author\/pablo\/"}]}},"_links":{"self":[{"href":"https:\/\/www.sindicaturabarcelona.cat\/ca\/wp-json\/wp\/v2\/posts\/34766","targetHints":{"allow":["GET"]}}],"collection":[{"href":"https:\/\/www.sindicaturabarcelona.cat\/ca\/wp-json\/wp\/v2\/posts"}],"about":[{"href":"https:\/\/www.sindicaturabarcelona.cat\/ca\/wp-json\/wp\/v2\/types\/post"}],"author":[{"embeddable":true,"href":"https:\/\/www.sindicaturabarcelona.cat\/ca\/wp-json\/wp\/v2\/users\/2"}],"replies":[{"embeddable":true,"href":"https:\/\/www.sindicaturabarcelona.cat\/ca\/wp-json\/wp\/v2\/comments?post=34766"}],"version-history":[{"count":4,"href":"https:\/\/www.sindicaturabarcelona.cat\/ca\/wp-json\/wp\/v2\/posts\/34766\/revisions"}],"predecessor-version":[{"id":35424,"href":"https:\/\/www.sindicaturabarcelona.cat\/ca\/wp-json\/wp\/v2\/posts\/34766\/revisions\/35424"}],"wp:featuredmedia":[{"embeddable":true,"href":"https:\/\/www.sindicaturabarcelona.cat\/ca\/wp-json\/wp\/v2\/media\/34771"}],"wp:attachment":[{"href":"https:\/\/www.sindicaturabarcelona.cat\/ca\/wp-json\/wp\/v2\/media?parent=34766"}],"wp:term":[{"taxonomy":"post_tag","embeddable":true,"href":"https:\/\/www.sindicaturabarcelona.cat\/ca\/wp-json\/wp\/v2\/tags?post=34766"},{"taxonomy":"drets","embeddable":true,"href":"https:\/\/www.sindicaturabarcelona.cat\/ca\/wp-json\/wp\/v2\/drets?post=34766"}],"curies":[{"name":"wp","href":"https:\/\/api.w.org\/{rel}","templated":true}]}}