{"id":34568,"date":"2025-01-03T11:24:18","date_gmt":"2025-01-03T09:24:18","guid":{"rendered":"https:\/\/www.sindicaturabarcelona.cat\/?p=34568"},"modified":"2025-04-16T13:32:22","modified_gmt":"2025-04-16T11:32:22","slug":"la-sindicatura-de-greuges-de-barcelona-demana-que-es-trobi-una-ubicacio-adequada-i-definitiva-a-lescola-teixidores-al-barri-de-gracia","status":"publish","type":"post","link":"https:\/\/www.sindicaturabarcelona.cat\/ca\/la-sindicatura-de-greuges-de-barcelona-demana-que-es-trobi-una-ubicacio-adequada-i-definitiva-a-lescola-teixidores-al-barri-de-gracia\/","title":{"rendered":"La Sindicatura de Greuges de Barcelona demana que es trobi una ubicaci\u00f3 adequada i definitiva a l\u2019Escola Teixidores, al barri de Gr\u00e0cia"},"content":{"rendered":"\n<p>La defensoria de la ciutat insta el <a href=\"https:\/\/www.edubcn.cat\/ca\" target=\"_blank\" rel=\"noreferrer noopener\">Consorci d\u2019Educaci\u00f3 de Barcelona<\/a> (CEB) i el <a href=\"https:\/\/ajuntament.barcelona.cat\/gracia\/ca\" target=\"_blank\" rel=\"noreferrer noopener\">Districte de Gr\u00e0cia<\/a> a <strong>mantenir un di\u00e0leg amb la comunitat educativa<\/strong> per acordar l&#8217;empla\u00e7ament del centre, que es <strong>mant\u00e9 amb m\u00f2duls prefabricats des de fa vuit anys al carrer de l<\/strong>&#8216;<strong>Encarnaci\u00f3<\/strong>. Tamb\u00e9 recomana millorar l\u2019accessibilitat i el manteniment de les instal\u00b7lacions de l&#8217;espai actual.<\/p>\n\n\n\n<p>El CEB va proposar construir la nova escola al solar de l&#8217;antic Hospital Evang\u00e8lic (carrer de les Cam\u00e8lies), per\u00f2 es va rebutjar perqu\u00e8 la comunitat educativa el considerava inadequat. Posteriorment, es va acceptar la ubicaci\u00f3 acordada per l&#8217;Ajuntament i la Generalitat, en <strong>un espai interior dels carrers de Gran de Gr\u00e0cia, Carolines i Riera de Cassoles<\/strong>.<\/p>\n\n\n\n<p>Tot i que se&#8217;n va anunciar la construcci\u00f3 fa dos anys, <strong>les administracions competents no han fet cap actuaci\u00f3 i no es t\u00e9 const\u00e0ncia encara que hi hagi prevista una ubicaci\u00f3 definitiva<\/strong>. S\u00ed que s\u2019hi han fet i anunciat <a href=\"https:\/\/www.edubcn.cat\/ca\/noticies\/detall?66496\" target=\"_blank\" rel=\"noreferrer noopener\">millores t\u00e8cniques i funcionals al pati durant l\u2019aturada lectiva de les vacances de Nadal<\/a>, dins d&#8217;un pla d\u2019intervenci\u00f3 en 67 centres educatius de la ciutat durant aquest per\u00edode.<\/p>\n\n\n\n<h2 class=\"wp-block-heading\">Poc espai a l&#8217;escola provisional<\/h2>\n\n\n\n<p>A banda de la necessitat de trobar un empla\u00e7ament, des de l&#8217;Associaci\u00f3 de Fam\u00edlies d&#8217;Alumnes (AFA) tamb\u00e9 es plantegen altres queixes, entre les quals hi ha la manca d&#8217;espai en la ubicaci\u00f3 actual. L&#8217;estiu d&#8217;enguany <strong>es preveu la instal\u00b7laci\u00f3 d&#8217;un m\u00f2dul m\u00e9s amb dues aules per acollir l\u2019escolaritzaci\u00f3 de l&#8217;alumnat de 6\u00e8<\/strong>.<\/p>\n\n\n\n<p>Des de la Sindicatura s&#8217;ha pogut constatar la manca d&#8217;espai, per\u00f2 destaca les accions dutes a terme pel CEB, si b\u00e9 es recomana <strong>arribar als acords necessaris al m\u00e9s aviat possible per ampliar l\u2019\u00fas d\u2019espais externs<\/strong> i decidir la ubicaci\u00f3 dels nous m\u00f2duls en el lloc m\u00e9s adient.<\/p>\n\n\n\n<p>Tamb\u00e9 s\u2019han valorat altres queixes:&nbsp;<\/p>\n\n\n\n<p>\u2022 <strong>Problemes d\u2019accessibilitat:<\/strong> Cal que es posin els mitjans necessaris per adequar les estructures prefabricades a les necessitats de les persones usu\u00e0ries. Es reconeixen les mesures impulsades pel CEB, per\u00f2 es recorda l\u2019obligaci\u00f3 que les instal\u2022lacions siguin accessibles per a persones amb mobilitat redu\u00efda.<\/p>\n\n\n\n<p>\u2022 <strong>Manca de manteniment de les instal\u00b7lacions:<\/strong> hi ha goteres en els m\u00f2duls i el pati de l\u2019escola s\u2019inunda habitualment. L\u2019Ajuntament ha dut a terme accions que, fins ara, no han resolt aquests problemes per la qual cosa es recomana continuar amb les actuacions de manteniment necess\u00e0ries per adequar les estructures prefabricades a les necessitats de les persones usu\u00e0ries.<\/p>\n\n\n\n<p>\u2022 <strong>Benestar de l\u2019alumnat:<\/strong> Cal que les edificacions reuneixin els requisits minims per fer front a l&#8217;augment de les temperatures i a les onades de calor. Una de les mesures \u00e9s la creaci\u00f3 d&#8217;espais amb ombra que redueixin la radiaci\u00f3 solar directa.<\/p>\n\n\n\n<p>\u00c9s per tot aix\u00f2 que des de la Sindicatura de Greuges es recorda els <strong>efectes negatius que suposa per a l\u2019alumnat dur a terme tots els cicles d\u2019ensenyament en instal\u00b7lacions poc \u00f2ptimes<\/strong>. Per tal de <strong>garantir el dret a una educaci\u00f3 de qualitat<\/strong>, \u00e9s cabdal planificar les construccions escolars en els terminis de temps m\u00e9s breus possibles, sobretot si, com en aquest cas, es troben en condicions de provisionalitat.<\/p>\n\n\n\n<p>Imatge: Escola Teixidores <\/p>\n","protected":false},"excerpt":{"rendered":"<p>La defensoria de la ciutat insta el Consorci d\u2019Educaci\u00f3 de Barcelona (CEB) i el Districte de Gr\u00e0cia a mantenir un di\u00e0leg amb la comunitat educativa per acordar l&#8217;empla\u00e7ament del centre, [&hellip;]<\/p>\n","protected":false},"author":2,"featured_media":34569,"comment_status":"closed","ping_status":"closed","sticky":false,"template":"","format":"standard","meta":{"_acf_changed":false,"footnotes":""},"tags":[],"drets":[1428,1430],"class_list":["post-34568","post","type-post","status-publish","format-standard","has-post-thumbnail","hentry","drets-ciutat-equitativa","drets-dret-a-educacio-i-lleure"],"acf":[],"yoast_head":"<!-- This site is optimized with the Yoast SEO plugin v27.5 - https:\/\/yoast.com\/product\/yoast-seo-wordpress\/ -->\n<title>La Sindicatura de Greuges de Barcelona demana que es trobi una ubicaci\u00f3 adequada i definitiva a l\u2019Escola Teixidores, al barri de Gr\u00e0cia - Sindicatura de Greuges de Barcelona<\/title>\n<meta name=\"description\" content=\"La defensoria de la ciutat insta a les administracions a mantenir un di\u00e0leg amb la comunitat educativa per acordar-ne l&#039;empla\u00e7ament.\" \/>\n<meta name=\"robots\" content=\"index, follow, max-snippet:-1, max-image-preview:large, max-video-preview:-1\" \/>\n<link rel=\"canonical\" href=\"https:\/\/www.sindicaturabarcelona.cat\/ca\/la-sindicatura-de-greuges-de-barcelona-demana-que-es-trobi-una-ubicacio-adequada-i-definitiva-a-lescola-teixidores-al-barri-de-gracia\/\" \/>\n<meta property=\"og:locale\" content=\"ca_ES\" \/>\n<meta property=\"og:type\" content=\"article\" \/>\n<meta property=\"og:title\" content=\"La Sindicatura de Greuges de Barcelona demana que es trobi una ubicaci\u00f3 adequada i definitiva a l\u2019Escola Teixidores, al barri de Gr\u00e0cia - Sindicatura de Greuges de Barcelona\" \/>\n<meta property=\"og:description\" content=\"La defensoria de la ciutat insta a les administracions a mantenir un di\u00e0leg amb la comunitat educativa per acordar-ne l&#039;empla\u00e7ament.\" \/>\n<meta property=\"og:url\" content=\"https:\/\/www.sindicaturabarcelona.cat\/ca\/la-sindicatura-de-greuges-de-barcelona-demana-que-es-trobi-una-ubicacio-adequada-i-definitiva-a-lescola-teixidores-al-barri-de-gracia\/\" \/>\n<meta property=\"og:site_name\" content=\"Sindicatura de Greuges de Barcelona\" \/>\n<meta property=\"article:published_time\" content=\"2025-01-03T09:24:18+00:00\" \/>\n<meta property=\"article:modified_time\" content=\"2025-04-16T11:32:22+00:00\" \/>\n<meta property=\"og:image\" content=\"https:\/\/www.sindicaturabarcelona.cat\/wp-content\/uploads\/FPSKZkXXEAgveXo.jpg\" \/>\n\t<meta property=\"og:image:width\" content=\"2016\" \/>\n\t<meta property=\"og:image:height\" content=\"1512\" \/>\n\t<meta property=\"og:image:type\" content=\"image\/jpeg\" \/>\n<meta name=\"author\" content=\"Pablo\" \/>\n<meta name=\"twitter:card\" content=\"summary_large_image\" \/>\n<meta name=\"twitter:creator\" content=\"@sindicbarcelona\" \/>\n<meta name=\"twitter:site\" content=\"@sindicbarcelona\" \/>\n<meta name=\"twitter:label1\" content=\"Escrit per\" \/>\n\t<meta name=\"twitter:data1\" content=\"Pablo\" \/>\n\t<meta name=\"twitter:label2\" content=\"Temps estimat de lectura\" \/>\n\t<meta name=\"twitter:data2\" content=\"3 minuts\" \/>\n<script type=\"application\/ld+json\" class=\"yoast-schema-graph\">{\"@context\":\"https:\\\/\\\/schema.org\",\"@graph\":[{\"@type\":\"Article\",\"@id\":\"https:\\\/\\\/www.sindicaturabarcelona.cat\\\/ca\\\/la-sindicatura-de-greuges-de-barcelona-demana-que-es-trobi-una-ubicacio-adequada-i-definitiva-a-lescola-teixidores-al-barri-de-gracia\\\/#article\",\"isPartOf\":{\"@id\":\"https:\\\/\\\/www.sindicaturabarcelona.cat\\\/ca\\\/la-sindicatura-de-greuges-de-barcelona-demana-que-es-trobi-una-ubicacio-adequada-i-definitiva-a-lescola-teixidores-al-barri-de-gracia\\\/\"},\"author\":{\"name\":\"Pablo\",\"@id\":\"https:\\\/\\\/www.sindicaturabarcelona.cat\\\/ca\\\/#\\\/schema\\\/person\\\/0e5acffc350ffdbc97578159322c9452\"},\"headline\":\"La Sindicatura de Greuges de Barcelona demana que es trobi una ubicaci\u00f3 adequada i definitiva a l\u2019Escola Teixidores, al barri de Gr\u00e0cia\",\"datePublished\":\"2025-01-03T09:24:18+00:00\",\"dateModified\":\"2025-04-16T11:32:22+00:00\",\"mainEntityOfPage\":{\"@id\":\"https:\\\/\\\/www.sindicaturabarcelona.cat\\\/ca\\\/la-sindicatura-de-greuges-de-barcelona-demana-que-es-trobi-una-ubicacio-adequada-i-definitiva-a-lescola-teixidores-al-barri-de-gracia\\\/\"},\"wordCount\":592,\"publisher\":{\"@id\":\"https:\\\/\\\/www.sindicaturabarcelona.cat\\\/ca\\\/#organization\"},\"image\":{\"@id\":\"https:\\\/\\\/www.sindicaturabarcelona.cat\\\/ca\\\/la-sindicatura-de-greuges-de-barcelona-demana-que-es-trobi-una-ubicacio-adequada-i-definitiva-a-lescola-teixidores-al-barri-de-gracia\\\/#primaryimage\"},\"thumbnailUrl\":\"https:\\\/\\\/www.sindicaturabarcelona.cat\\\/wp-content\\\/uploads\\\/FPSKZkXXEAgveXo.jpg\",\"inLanguage\":\"ca\"},{\"@type\":\"WebPage\",\"@id\":\"https:\\\/\\\/www.sindicaturabarcelona.cat\\\/ca\\\/la-sindicatura-de-greuges-de-barcelona-demana-que-es-trobi-una-ubicacio-adequada-i-definitiva-a-lescola-teixidores-al-barri-de-gracia\\\/\",\"url\":\"https:\\\/\\\/www.sindicaturabarcelona.cat\\\/ca\\\/la-sindicatura-de-greuges-de-barcelona-demana-que-es-trobi-una-ubicacio-adequada-i-definitiva-a-lescola-teixidores-al-barri-de-gracia\\\/\",\"name\":\"La Sindicatura de Greuges de Barcelona demana que es trobi una ubicaci\u00f3 adequada i definitiva a l\u2019Escola Teixidores, al barri de Gr\u00e0cia - Sindicatura de Greuges de Barcelona\",\"isPartOf\":{\"@id\":\"https:\\\/\\\/www.sindicaturabarcelona.cat\\\/ca\\\/#website\"},\"primaryImageOfPage\":{\"@id\":\"https:\\\/\\\/www.sindicaturabarcelona.cat\\\/ca\\\/la-sindicatura-de-greuges-de-barcelona-demana-que-es-trobi-una-ubicacio-adequada-i-definitiva-a-lescola-teixidores-al-barri-de-gracia\\\/#primaryimage\"},\"image\":{\"@id\":\"https:\\\/\\\/www.sindicaturabarcelona.cat\\\/ca\\\/la-sindicatura-de-greuges-de-barcelona-demana-que-es-trobi-una-ubicacio-adequada-i-definitiva-a-lescola-teixidores-al-barri-de-gracia\\\/#primaryimage\"},\"thumbnailUrl\":\"https:\\\/\\\/www.sindicaturabarcelona.cat\\\/wp-content\\\/uploads\\\/FPSKZkXXEAgveXo.jpg\",\"datePublished\":\"2025-01-03T09:24:18+00:00\",\"dateModified\":\"2025-04-16T11:32:22+00:00\",\"description\":\"La defensoria de la ciutat insta a les administracions a mantenir un di\u00e0leg amb la comunitat educativa per acordar-ne l'empla\u00e7ament.\",\"breadcrumb\":{\"@id\":\"https:\\\/\\\/www.sindicaturabarcelona.cat\\\/ca\\\/la-sindicatura-de-greuges-de-barcelona-demana-que-es-trobi-una-ubicacio-adequada-i-definitiva-a-lescola-teixidores-al-barri-de-gracia\\\/#breadcrumb\"},\"inLanguage\":\"ca\",\"potentialAction\":[{\"@type\":\"ReadAction\",\"target\":[\"https:\\\/\\\/www.sindicaturabarcelona.cat\\\/ca\\\/la-sindicatura-de-greuges-de-barcelona-demana-que-es-trobi-una-ubicacio-adequada-i-definitiva-a-lescola-teixidores-al-barri-de-gracia\\\/\"]}]},{\"@type\":\"ImageObject\",\"inLanguage\":\"ca\",\"@id\":\"https:\\\/\\\/www.sindicaturabarcelona.cat\\\/ca\\\/la-sindicatura-de-greuges-de-barcelona-demana-que-es-trobi-una-ubicacio-adequada-i-definitiva-a-lescola-teixidores-al-barri-de-gracia\\\/#primaryimage\",\"url\":\"https:\\\/\\\/www.sindicaturabarcelona.cat\\\/wp-content\\\/uploads\\\/FPSKZkXXEAgveXo.jpg\",\"contentUrl\":\"https:\\\/\\\/www.sindicaturabarcelona.cat\\\/wp-content\\\/uploads\\\/FPSKZkXXEAgveXo.jpg\",\"width\":2016,\"height\":1512},{\"@type\":\"BreadcrumbList\",\"@id\":\"https:\\\/\\\/www.sindicaturabarcelona.cat\\\/ca\\\/la-sindicatura-de-greuges-de-barcelona-demana-que-es-trobi-una-ubicacio-adequada-i-definitiva-a-lescola-teixidores-al-barri-de-gracia\\\/#breadcrumb\",\"itemListElement\":[{\"@type\":\"ListItem\",\"position\":1,\"name\":\"Inici\",\"item\":\"https:\\\/\\\/www.sindicaturabarcelona.cat\\\/ca\\\/\"},{\"@type\":\"ListItem\",\"position\":2,\"name\":\"La Sindicatura de Greuges de Barcelona demana que es trobi una ubicaci\u00f3 adequada i definitiva a l\u2019Escola Teixidores, al barri de Gr\u00e0cia\"}]},{\"@type\":\"WebSite\",\"@id\":\"https:\\\/\\\/www.sindicaturabarcelona.cat\\\/ca\\\/#website\",\"url\":\"https:\\\/\\\/www.sindicaturabarcelona.cat\\\/ca\\\/\",\"name\":\"Sindicatura de Greuges de Barcelona\",\"description\":\"La defensoria dels teus drets\",\"publisher\":{\"@id\":\"https:\\\/\\\/www.sindicaturabarcelona.cat\\\/ca\\\/#organization\"},\"potentialAction\":[{\"@type\":\"SearchAction\",\"target\":{\"@type\":\"EntryPoint\",\"urlTemplate\":\"https:\\\/\\\/www.sindicaturabarcelona.cat\\\/ca\\\/?s={search_term_string}\"},\"query-input\":{\"@type\":\"PropertyValueSpecification\",\"valueRequired\":true,\"valueName\":\"search_term_string\"}}],\"inLanguage\":\"ca\"},{\"@type\":\"Organization\",\"@id\":\"https:\\\/\\\/www.sindicaturabarcelona.cat\\\/ca\\\/#organization\",\"name\":\"Sindicatura de Greuges de Barcelona\",\"url\":\"https:\\\/\\\/www.sindicaturabarcelona.cat\\\/ca\\\/\",\"logo\":{\"@type\":\"ImageObject\",\"inLanguage\":\"ca\",\"@id\":\"https:\\\/\\\/www.sindicaturabarcelona.cat\\\/ca\\\/#\\\/schema\\\/logo\\\/image\\\/\",\"url\":\"https:\\\/\\\/www.sindicaturabarcelona.cat\\\/wp-content\\\/uploads\\\/2023\\\/02\\\/logo_sindicatura.svg\",\"contentUrl\":\"https:\\\/\\\/www.sindicaturabarcelona.cat\\\/wp-content\\\/uploads\\\/2023\\\/02\\\/logo_sindicatura.svg\",\"caption\":\"Sindicatura de Greuges de Barcelona\"},\"image\":{\"@id\":\"https:\\\/\\\/www.sindicaturabarcelona.cat\\\/ca\\\/#\\\/schema\\\/logo\\\/image\\\/\"},\"sameAs\":[\"https:\\\/\\\/x.com\\\/sindicbarcelona\",\"https:\\\/\\\/www.instagram.com\\\/sindicbarcelona\\\/\",\"https:\\\/\\\/www.tiktok.com\\\/@sindicaturabcn\",\"https:\\\/\\\/t.me\\\/sindicaturabarcelona\"]},{\"@type\":\"Person\",\"@id\":\"https:\\\/\\\/www.sindicaturabarcelona.cat\\\/ca\\\/#\\\/schema\\\/person\\\/0e5acffc350ffdbc97578159322c9452\",\"name\":\"Pablo\",\"image\":{\"@type\":\"ImageObject\",\"inLanguage\":\"ca\",\"@id\":\"https:\\\/\\\/secure.gravatar.com\\\/avatar\\\/c948169b402ef9492afde705c3dfd5e90e1a6a84ef6840a91124f805a25a480f?s=96&d=mm&r=g\",\"url\":\"https:\\\/\\\/secure.gravatar.com\\\/avatar\\\/c948169b402ef9492afde705c3dfd5e90e1a6a84ef6840a91124f805a25a480f?s=96&d=mm&r=g\",\"contentUrl\":\"https:\\\/\\\/secure.gravatar.com\\\/avatar\\\/c948169b402ef9492afde705c3dfd5e90e1a6a84ef6840a91124f805a25a480f?s=96&d=mm&r=g\",\"caption\":\"Pablo\"},\"url\":\"https:\\\/\\\/www.sindicaturabarcelona.cat\\\/ca\\\/author\\\/pablo\\\/\"}]}<\/script>\n<!-- \/ Yoast SEO plugin. -->","yoast_head_json":{"title":"La Sindicatura de Greuges de Barcelona demana que es trobi una ubicaci\u00f3 adequada i definitiva a l\u2019Escola Teixidores, al barri de Gr\u00e0cia - Sindicatura de Greuges de Barcelona","description":"La defensoria de la ciutat insta a les administracions a mantenir un di\u00e0leg amb la comunitat educativa per acordar-ne l'empla\u00e7ament.","robots":{"index":"index","follow":"follow","max-snippet":"max-snippet:-1","max-image-preview":"max-image-preview:large","max-video-preview":"max-video-preview:-1"},"canonical":"https:\/\/www.sindicaturabarcelona.cat\/ca\/la-sindicatura-de-greuges-de-barcelona-demana-que-es-trobi-una-ubicacio-adequada-i-definitiva-a-lescola-teixidores-al-barri-de-gracia\/","og_locale":"ca_ES","og_type":"article","og_title":"La Sindicatura de Greuges de Barcelona demana que es trobi una ubicaci\u00f3 adequada i definitiva a l\u2019Escola Teixidores, al barri de Gr\u00e0cia - Sindicatura de Greuges de Barcelona","og_description":"La defensoria de la ciutat insta a les administracions a mantenir un di\u00e0leg amb la comunitat educativa per acordar-ne l'empla\u00e7ament.","og_url":"https:\/\/www.sindicaturabarcelona.cat\/ca\/la-sindicatura-de-greuges-de-barcelona-demana-que-es-trobi-una-ubicacio-adequada-i-definitiva-a-lescola-teixidores-al-barri-de-gracia\/","og_site_name":"Sindicatura de Greuges de Barcelona","article_published_time":"2025-01-03T09:24:18+00:00","article_modified_time":"2025-04-16T11:32:22+00:00","og_image":[{"width":2016,"height":1512,"url":"https:\/\/www.sindicaturabarcelona.cat\/wp-content\/uploads\/FPSKZkXXEAgveXo.jpg","type":"image\/jpeg"}],"author":"Pablo","twitter_card":"summary_large_image","twitter_creator":"@sindicbarcelona","twitter_site":"@sindicbarcelona","twitter_misc":{"Escrit per":"Pablo","Temps estimat de lectura":"3 minuts"},"schema":{"@context":"https:\/\/schema.org","@graph":[{"@type":"Article","@id":"https:\/\/www.sindicaturabarcelona.cat\/ca\/la-sindicatura-de-greuges-de-barcelona-demana-que-es-trobi-una-ubicacio-adequada-i-definitiva-a-lescola-teixidores-al-barri-de-gracia\/#article","isPartOf":{"@id":"https:\/\/www.sindicaturabarcelona.cat\/ca\/la-sindicatura-de-greuges-de-barcelona-demana-que-es-trobi-una-ubicacio-adequada-i-definitiva-a-lescola-teixidores-al-barri-de-gracia\/"},"author":{"name":"Pablo","@id":"https:\/\/www.sindicaturabarcelona.cat\/ca\/#\/schema\/person\/0e5acffc350ffdbc97578159322c9452"},"headline":"La Sindicatura de Greuges de Barcelona demana que es trobi una ubicaci\u00f3 adequada i definitiva a l\u2019Escola Teixidores, al barri de Gr\u00e0cia","datePublished":"2025-01-03T09:24:18+00:00","dateModified":"2025-04-16T11:32:22+00:00","mainEntityOfPage":{"@id":"https:\/\/www.sindicaturabarcelona.cat\/ca\/la-sindicatura-de-greuges-de-barcelona-demana-que-es-trobi-una-ubicacio-adequada-i-definitiva-a-lescola-teixidores-al-barri-de-gracia\/"},"wordCount":592,"publisher":{"@id":"https:\/\/www.sindicaturabarcelona.cat\/ca\/#organization"},"image":{"@id":"https:\/\/www.sindicaturabarcelona.cat\/ca\/la-sindicatura-de-greuges-de-barcelona-demana-que-es-trobi-una-ubicacio-adequada-i-definitiva-a-lescola-teixidores-al-barri-de-gracia\/#primaryimage"},"thumbnailUrl":"https:\/\/www.sindicaturabarcelona.cat\/wp-content\/uploads\/FPSKZkXXEAgveXo.jpg","inLanguage":"ca"},{"@type":"WebPage","@id":"https:\/\/www.sindicaturabarcelona.cat\/ca\/la-sindicatura-de-greuges-de-barcelona-demana-que-es-trobi-una-ubicacio-adequada-i-definitiva-a-lescola-teixidores-al-barri-de-gracia\/","url":"https:\/\/www.sindicaturabarcelona.cat\/ca\/la-sindicatura-de-greuges-de-barcelona-demana-que-es-trobi-una-ubicacio-adequada-i-definitiva-a-lescola-teixidores-al-barri-de-gracia\/","name":"La Sindicatura de Greuges de Barcelona demana que es trobi una ubicaci\u00f3 adequada i definitiva a l\u2019Escola Teixidores, al barri de Gr\u00e0cia - Sindicatura de Greuges de Barcelona","isPartOf":{"@id":"https:\/\/www.sindicaturabarcelona.cat\/ca\/#website"},"primaryImageOfPage":{"@id":"https:\/\/www.sindicaturabarcelona.cat\/ca\/la-sindicatura-de-greuges-de-barcelona-demana-que-es-trobi-una-ubicacio-adequada-i-definitiva-a-lescola-teixidores-al-barri-de-gracia\/#primaryimage"},"image":{"@id":"https:\/\/www.sindicaturabarcelona.cat\/ca\/la-sindicatura-de-greuges-de-barcelona-demana-que-es-trobi-una-ubicacio-adequada-i-definitiva-a-lescola-teixidores-al-barri-de-gracia\/#primaryimage"},"thumbnailUrl":"https:\/\/www.sindicaturabarcelona.cat\/wp-content\/uploads\/FPSKZkXXEAgveXo.jpg","datePublished":"2025-01-03T09:24:18+00:00","dateModified":"2025-04-16T11:32:22+00:00","description":"La defensoria de la ciutat insta a les administracions a mantenir un di\u00e0leg amb la comunitat educativa per acordar-ne l'empla\u00e7ament.","breadcrumb":{"@id":"https:\/\/www.sindicaturabarcelona.cat\/ca\/la-sindicatura-de-greuges-de-barcelona-demana-que-es-trobi-una-ubicacio-adequada-i-definitiva-a-lescola-teixidores-al-barri-de-gracia\/#breadcrumb"},"inLanguage":"ca","potentialAction":[{"@type":"ReadAction","target":["https:\/\/www.sindicaturabarcelona.cat\/ca\/la-sindicatura-de-greuges-de-barcelona-demana-que-es-trobi-una-ubicacio-adequada-i-definitiva-a-lescola-teixidores-al-barri-de-gracia\/"]}]},{"@type":"ImageObject","inLanguage":"ca","@id":"https:\/\/www.sindicaturabarcelona.cat\/ca\/la-sindicatura-de-greuges-de-barcelona-demana-que-es-trobi-una-ubicacio-adequada-i-definitiva-a-lescola-teixidores-al-barri-de-gracia\/#primaryimage","url":"https:\/\/www.sindicaturabarcelona.cat\/wp-content\/uploads\/FPSKZkXXEAgveXo.jpg","contentUrl":"https:\/\/www.sindicaturabarcelona.cat\/wp-content\/uploads\/FPSKZkXXEAgveXo.jpg","width":2016,"height":1512},{"@type":"BreadcrumbList","@id":"https:\/\/www.sindicaturabarcelona.cat\/ca\/la-sindicatura-de-greuges-de-barcelona-demana-que-es-trobi-una-ubicacio-adequada-i-definitiva-a-lescola-teixidores-al-barri-de-gracia\/#breadcrumb","itemListElement":[{"@type":"ListItem","position":1,"name":"Inici","item":"https:\/\/www.sindicaturabarcelona.cat\/ca\/"},{"@type":"ListItem","position":2,"name":"La Sindicatura de Greuges de Barcelona demana que es trobi una ubicaci\u00f3 adequada i definitiva a l\u2019Escola Teixidores, al barri de Gr\u00e0cia"}]},{"@type":"WebSite","@id":"https:\/\/www.sindicaturabarcelona.cat\/ca\/#website","url":"https:\/\/www.sindicaturabarcelona.cat\/ca\/","name":"Sindicatura de Greuges de Barcelona","description":"La defensoria dels teus drets","publisher":{"@id":"https:\/\/www.sindicaturabarcelona.cat\/ca\/#organization"},"potentialAction":[{"@type":"SearchAction","target":{"@type":"EntryPoint","urlTemplate":"https:\/\/www.sindicaturabarcelona.cat\/ca\/?s={search_term_string}"},"query-input":{"@type":"PropertyValueSpecification","valueRequired":true,"valueName":"search_term_string"}}],"inLanguage":"ca"},{"@type":"Organization","@id":"https:\/\/www.sindicaturabarcelona.cat\/ca\/#organization","name":"Sindicatura de Greuges de Barcelona","url":"https:\/\/www.sindicaturabarcelona.cat\/ca\/","logo":{"@type":"ImageObject","inLanguage":"ca","@id":"https:\/\/www.sindicaturabarcelona.cat\/ca\/#\/schema\/logo\/image\/","url":"https:\/\/www.sindicaturabarcelona.cat\/wp-content\/uploads\/2023\/02\/logo_sindicatura.svg","contentUrl":"https:\/\/www.sindicaturabarcelona.cat\/wp-content\/uploads\/2023\/02\/logo_sindicatura.svg","caption":"Sindicatura de Greuges de Barcelona"},"image":{"@id":"https:\/\/www.sindicaturabarcelona.cat\/ca\/#\/schema\/logo\/image\/"},"sameAs":["https:\/\/x.com\/sindicbarcelona","https:\/\/www.instagram.com\/sindicbarcelona\/","https:\/\/www.tiktok.com\/@sindicaturabcn","https:\/\/t.me\/sindicaturabarcelona"]},{"@type":"Person","@id":"https:\/\/www.sindicaturabarcelona.cat\/ca\/#\/schema\/person\/0e5acffc350ffdbc97578159322c9452","name":"Pablo","image":{"@type":"ImageObject","inLanguage":"ca","@id":"https:\/\/secure.gravatar.com\/avatar\/c948169b402ef9492afde705c3dfd5e90e1a6a84ef6840a91124f805a25a480f?s=96&d=mm&r=g","url":"https:\/\/secure.gravatar.com\/avatar\/c948169b402ef9492afde705c3dfd5e90e1a6a84ef6840a91124f805a25a480f?s=96&d=mm&r=g","contentUrl":"https:\/\/secure.gravatar.com\/avatar\/c948169b402ef9492afde705c3dfd5e90e1a6a84ef6840a91124f805a25a480f?s=96&d=mm&r=g","caption":"Pablo"},"url":"https:\/\/www.sindicaturabarcelona.cat\/ca\/author\/pablo\/"}]}},"_links":{"self":[{"href":"https:\/\/www.sindicaturabarcelona.cat\/ca\/wp-json\/wp\/v2\/posts\/34568","targetHints":{"allow":["GET"]}}],"collection":[{"href":"https:\/\/www.sindicaturabarcelona.cat\/ca\/wp-json\/wp\/v2\/posts"}],"about":[{"href":"https:\/\/www.sindicaturabarcelona.cat\/ca\/wp-json\/wp\/v2\/types\/post"}],"author":[{"embeddable":true,"href":"https:\/\/www.sindicaturabarcelona.cat\/ca\/wp-json\/wp\/v2\/users\/2"}],"replies":[{"embeddable":true,"href":"https:\/\/www.sindicaturabarcelona.cat\/ca\/wp-json\/wp\/v2\/comments?post=34568"}],"version-history":[{"count":8,"href":"https:\/\/www.sindicaturabarcelona.cat\/ca\/wp-json\/wp\/v2\/posts\/34568\/revisions"}],"predecessor-version":[{"id":36729,"href":"https:\/\/www.sindicaturabarcelona.cat\/ca\/wp-json\/wp\/v2\/posts\/34568\/revisions\/36729"}],"wp:featuredmedia":[{"embeddable":true,"href":"https:\/\/www.sindicaturabarcelona.cat\/ca\/wp-json\/wp\/v2\/media\/34569"}],"wp:attachment":[{"href":"https:\/\/www.sindicaturabarcelona.cat\/ca\/wp-json\/wp\/v2\/media?parent=34568"}],"wp:term":[{"taxonomy":"post_tag","embeddable":true,"href":"https:\/\/www.sindicaturabarcelona.cat\/ca\/wp-json\/wp\/v2\/tags?post=34568"},{"taxonomy":"drets","embeddable":true,"href":"https:\/\/www.sindicaturabarcelona.cat\/ca\/wp-json\/wp\/v2\/drets?post=34568"}],"curies":[{"name":"wp","href":"https:\/\/api.w.org\/{rel}","templated":true}]}}