{"id":34423,"date":"2024-12-23T08:00:00","date_gmt":"2024-12-23T06:00:00","guid":{"rendered":"https:\/\/www.sindicaturabarcelona.cat\/?p=34423"},"modified":"2025-04-16T13:33:47","modified_gmt":"2025-04-16T11:33:47","slug":"la-sindicatura-de-greuges-de-barcelona-demana-que-es-garanteixi-que-els-infants-amb-discapacitat-puguin-gaudir-de-la-cavalcada-de-reis-2025","status":"publish","type":"post","link":"https:\/\/www.sindicaturabarcelona.cat\/ca\/la-sindicatura-de-greuges-de-barcelona-demana-que-es-garanteixi-que-els-infants-amb-discapacitat-puguin-gaudir-de-la-cavalcada-de-reis-2025\/","title":{"rendered":"La Sindicatura de Greuges de Barcelona demana que es garanteixi que els infants amb discapacitat puguin gaudir de la Cavalcada de Reis 2025"},"content":{"rendered":"\n<p>Cal que es <a href=\"https:\/\/www.sindicaturabarcelona.cat\/wp-content\/uploads\/202412_Dret-a-Accessibilitat-i-Inclusivitat-Cultura-Cavalcada2025.pdf\" target=\"_blank\" rel=\"noreferrer noopener\">continu\u00efn implementant totes les mesures necess\u00e0ries perqu\u00e8 aquest col\u00b7lectiu <strong>pugui participar d\u2019aquest esdeveniment<\/strong><\/a><strong> en les mateixes condicions que la resta de nens i nenes<\/strong>. Tamb\u00e9 \u00e9s cabdal la col\u00b7laboraci\u00f3 ciutadana.<\/p>\n\n\n\n<p>Per a la propera edici\u00f3 d\u2019aquesta tradici\u00f3 nadalenca, l\u2019Ajuntament, a trav\u00e9s de l\u2019<a href=\"https:\/\/www.barcelona.cat\/barcelonacultura\/ca\/icub\" target=\"_blank\" rel=\"noreferrer noopener\">Institut Municipal de Cultura<\/a> (ICUB), tornar\u00e0 a establir <strong>tres zones delimitades per una tanca baixa i senyalitzades com a espais reservats<\/strong>: al Pla de Palau, al gir de la Carbonera (pla\u00e7a de les Drassanes) i a la pla\u00e7a d\u2019Espanya (gir amb l\u2019Avinguda de la Reina Maria Cristina). Ara totes tres <strong>s\u2019ampliaran, s\u2019hi instal\u00b7laran unes tarimes i s\u2019incrementar\u00e0 la pres\u00e8ncia de controladors<\/strong> que vetllaran perqu\u00e8 els infants puguin veure millor <a href=\"https:\/\/www.barcelona.cat\/nadal\/ca\/els-reis-dorient\" target=\"_blank\" rel=\"noreferrer noopener\">el pas de Ses Majestats<\/a>.<\/p>\n\n\n\n<p>Atesa la bona experi\u00e8ncia de l\u2019any anterior, l\u2019ICUB tornar\u00e0 a posar-se en contacte amb la Cambra de Comer\u00e7 perqu\u00e8 <strong>cedeixi la terrassa de l\u2019edifici de <a href=\"https:\/\/www.llotjademar.cat\/ca\" target=\"_blank\" rel=\"noreferrer noopener\">la Llotja de Mar<\/a> (passeig d\u2019Isabel II, 1), i s\u2019habiliti per a infants amb trastorn de l\u2019espectre autista<\/strong>. A m\u00e9s, l\u2019ICUB mirar\u00e0 d\u2019aconseguir un nou espai de similars caracter\u00edstiques per poder ampliar l\u2019oferta d\u2019espais per a aquest col\u00b7lectiu.<\/p>\n\n\n\n<p>Tamb\u00e9 hi haur\u00e0 una campanya i crides a la ciutadania i una major pres\u00e8ncia de controladors, amb l\u2019objectiu d&#8217;<strong>evitar que les persones adultes dificultin la visi\u00f3 a les persones usu\u00e0ries d\u2019aquests espais reservats<\/strong> a les persones amb discapacitat, tal com va passar el 2024. Aquesta actitud inc\u00edvica d\u2019alguns ciutadans i ciutadanes ha estat una de les queixes que ha motivat aquesta resoluci\u00f3.<\/p>\n\n\n\n<p>\u00c9s per tot aix\u00f2 que la Sindicatura de Greuges <strong>valora positivament les accions que l\u2019ICUB desenvolupa per garantir el dret a la cultura i el lleure <\/strong>de les persones amb discapacitat, tot i que cal continuar impulsant millores i iniciatives en aquest sentit.<\/p>\n\n\n\n<h2 class=\"wp-block-heading\"><strong>Coresponsabilitat ciutadana per evitar les actituds inc\u00edviques<\/strong><\/h2>\n\n\n\n<p>Les actituds inc\u00edviques d\u2019algunes persones adultes, que es posen a les primeres files i dificulten la visibilitat als infants es repeteix en altres esdeveniments, per\u00f2 <strong>\u00e9s especialment greu en aquest cas<\/strong>, ja que es tracta d\u2019un dia molt especial que tots els nens i nenes esperen amb gran il\u00b7lusi\u00f3.<\/p>\n\n\n\n<p>Des de la Sindicatura de Greuges demanem a <strong>la ciutadania que faciliti la tasca dels agents auxiliars<\/strong> i que col\u00b7labori perqu\u00e8 els nens i nenes amb discapacitat pugui gaudir c\u00f2modament i plena d\u2019aquest esdeveniment tan especial.<\/p>\n","protected":false},"excerpt":{"rendered":"<p>Cal que es continu\u00efn implementant totes les mesures necess\u00e0ries perqu\u00e8 aquest col\u00b7lectiu pugui participar d\u2019aquest esdeveniment en les mateixes condicions que la resta de nens i nenes. Tamb\u00e9 \u00e9s cabdal [&hellip;]<\/p>\n","protected":false},"author":2,"featured_media":34440,"comment_status":"closed","ping_status":"closed","sticky":false,"template":"","format":"standard","meta":{"_acf_changed":false,"footnotes":""},"tags":[],"drets":[1428,1432,1438,1445],"class_list":["post-34423","post","type-post","status-publish","format-standard","has-post-thumbnail","hentry","drets-ciutat-equitativa","drets-drets-culturals","drets-ciutat-habitable-i-sostenible","drets-dret-a-laccessibilitat-i-la-inclusivitat"],"acf":[],"yoast_head":"<!-- This site is optimized with the Yoast SEO plugin v27.5 - https:\/\/yoast.com\/product\/yoast-seo-wordpress\/ -->\n<title>La Sindicatura de Greuges de Barcelona demana que es garanteixi que els infants amb discapacitat puguin gaudir de la Cavalcada de Reis 2025 - Sindicatura de Greuges de Barcelona<\/title>\n<meta name=\"description\" content=\"S&#039;han de continuar implementant les mesures necess\u00e0ries perqu\u00e8 aquest col\u00b7lectiu hi participi en les mateixes condicions que la resta.\" \/>\n<meta name=\"robots\" content=\"index, follow, max-snippet:-1, max-image-preview:large, max-video-preview:-1\" \/>\n<link rel=\"canonical\" href=\"https:\/\/www.sindicaturabarcelona.cat\/ca\/la-sindicatura-de-greuges-de-barcelona-demana-que-es-garanteixi-que-els-infants-amb-discapacitat-puguin-gaudir-de-la-cavalcada-de-reis-2025\/\" \/>\n<meta property=\"og:locale\" content=\"ca_ES\" \/>\n<meta property=\"og:type\" content=\"article\" \/>\n<meta property=\"og:title\" content=\"La Sindicatura de Greuges de Barcelona demana que es garanteixi que els infants amb discapacitat puguin gaudir de la Cavalcada de Reis 2025 - Sindicatura de Greuges de Barcelona\" \/>\n<meta property=\"og:description\" content=\"S&#039;han de continuar implementant les mesures necess\u00e0ries perqu\u00e8 aquest col\u00b7lectiu hi participi en les mateixes condicions que la resta.\" \/>\n<meta property=\"og:url\" content=\"https:\/\/www.sindicaturabarcelona.cat\/ca\/la-sindicatura-de-greuges-de-barcelona-demana-que-es-garanteixi-que-els-infants-amb-discapacitat-puguin-gaudir-de-la-cavalcada-de-reis-2025\/\" \/>\n<meta property=\"og:site_name\" content=\"Sindicatura de Greuges de Barcelona\" \/>\n<meta property=\"article:published_time\" content=\"2024-12-23T06:00:00+00:00\" \/>\n<meta property=\"article:modified_time\" content=\"2025-04-16T11:33:47+00:00\" \/>\n<meta property=\"og:image\" content=\"https:\/\/www.sindicaturabarcelona.cat\/wp-content\/uploads\/una-nena-allarga-els-bracos-per-agafa-scaled.jpg\" \/>\n\t<meta property=\"og:image:width\" content=\"2560\" \/>\n\t<meta property=\"og:image:height\" content=\"1707\" \/>\n\t<meta property=\"og:image:type\" content=\"image\/jpeg\" \/>\n<meta name=\"author\" content=\"Pablo\" \/>\n<meta name=\"twitter:card\" content=\"summary_large_image\" \/>\n<meta name=\"twitter:creator\" content=\"@sindicbarcelona\" \/>\n<meta name=\"twitter:site\" content=\"@sindicbarcelona\" \/>\n<meta name=\"twitter:label1\" content=\"Escrit per\" \/>\n\t<meta name=\"twitter:data1\" content=\"Pablo\" \/>\n\t<meta name=\"twitter:label2\" content=\"Temps estimat de lectura\" \/>\n\t<meta name=\"twitter:data2\" content=\"3 minuts\" \/>\n<script type=\"application\/ld+json\" class=\"yoast-schema-graph\">{\"@context\":\"https:\\\/\\\/schema.org\",\"@graph\":[{\"@type\":\"Article\",\"@id\":\"https:\\\/\\\/www.sindicaturabarcelona.cat\\\/ca\\\/la-sindicatura-de-greuges-de-barcelona-demana-que-es-garanteixi-que-els-infants-amb-discapacitat-puguin-gaudir-de-la-cavalcada-de-reis-2025\\\/#article\",\"isPartOf\":{\"@id\":\"https:\\\/\\\/www.sindicaturabarcelona.cat\\\/ca\\\/la-sindicatura-de-greuges-de-barcelona-demana-que-es-garanteixi-que-els-infants-amb-discapacitat-puguin-gaudir-de-la-cavalcada-de-reis-2025\\\/\"},\"author\":{\"name\":\"Pablo\",\"@id\":\"https:\\\/\\\/www.sindicaturabarcelona.cat\\\/ca\\\/#\\\/schema\\\/person\\\/0e5acffc350ffdbc97578159322c9452\"},\"headline\":\"La Sindicatura de Greuges de Barcelona demana que es garanteixi que els infants amb discapacitat puguin gaudir de la Cavalcada de Reis 2025\",\"datePublished\":\"2024-12-23T06:00:00+00:00\",\"dateModified\":\"2025-04-16T11:33:47+00:00\",\"mainEntityOfPage\":{\"@id\":\"https:\\\/\\\/www.sindicaturabarcelona.cat\\\/ca\\\/la-sindicatura-de-greuges-de-barcelona-demana-que-es-garanteixi-que-els-infants-amb-discapacitat-puguin-gaudir-de-la-cavalcada-de-reis-2025\\\/\"},\"wordCount\":447,\"publisher\":{\"@id\":\"https:\\\/\\\/www.sindicaturabarcelona.cat\\\/ca\\\/#organization\"},\"image\":{\"@id\":\"https:\\\/\\\/www.sindicaturabarcelona.cat\\\/ca\\\/la-sindicatura-de-greuges-de-barcelona-demana-que-es-garanteixi-que-els-infants-amb-discapacitat-puguin-gaudir-de-la-cavalcada-de-reis-2025\\\/#primaryimage\"},\"thumbnailUrl\":\"https:\\\/\\\/www.sindicaturabarcelona.cat\\\/wp-content\\\/uploads\\\/una-nena-allarga-els-bracos-per-agafa-scaled.jpg\",\"inLanguage\":\"ca\"},{\"@type\":\"WebPage\",\"@id\":\"https:\\\/\\\/www.sindicaturabarcelona.cat\\\/ca\\\/la-sindicatura-de-greuges-de-barcelona-demana-que-es-garanteixi-que-els-infants-amb-discapacitat-puguin-gaudir-de-la-cavalcada-de-reis-2025\\\/\",\"url\":\"https:\\\/\\\/www.sindicaturabarcelona.cat\\\/ca\\\/la-sindicatura-de-greuges-de-barcelona-demana-que-es-garanteixi-que-els-infants-amb-discapacitat-puguin-gaudir-de-la-cavalcada-de-reis-2025\\\/\",\"name\":\"La Sindicatura de Greuges de Barcelona demana que es garanteixi que els infants amb discapacitat puguin gaudir de la Cavalcada de Reis 2025 - Sindicatura de Greuges de Barcelona\",\"isPartOf\":{\"@id\":\"https:\\\/\\\/www.sindicaturabarcelona.cat\\\/ca\\\/#website\"},\"primaryImageOfPage\":{\"@id\":\"https:\\\/\\\/www.sindicaturabarcelona.cat\\\/ca\\\/la-sindicatura-de-greuges-de-barcelona-demana-que-es-garanteixi-que-els-infants-amb-discapacitat-puguin-gaudir-de-la-cavalcada-de-reis-2025\\\/#primaryimage\"},\"image\":{\"@id\":\"https:\\\/\\\/www.sindicaturabarcelona.cat\\\/ca\\\/la-sindicatura-de-greuges-de-barcelona-demana-que-es-garanteixi-que-els-infants-amb-discapacitat-puguin-gaudir-de-la-cavalcada-de-reis-2025\\\/#primaryimage\"},\"thumbnailUrl\":\"https:\\\/\\\/www.sindicaturabarcelona.cat\\\/wp-content\\\/uploads\\\/una-nena-allarga-els-bracos-per-agafa-scaled.jpg\",\"datePublished\":\"2024-12-23T06:00:00+00:00\",\"dateModified\":\"2025-04-16T11:33:47+00:00\",\"description\":\"S'han de continuar implementant les mesures necess\u00e0ries perqu\u00e8 aquest col\u00b7lectiu hi participi en les mateixes condicions que la resta.\",\"breadcrumb\":{\"@id\":\"https:\\\/\\\/www.sindicaturabarcelona.cat\\\/ca\\\/la-sindicatura-de-greuges-de-barcelona-demana-que-es-garanteixi-que-els-infants-amb-discapacitat-puguin-gaudir-de-la-cavalcada-de-reis-2025\\\/#breadcrumb\"},\"inLanguage\":\"ca\",\"potentialAction\":[{\"@type\":\"ReadAction\",\"target\":[\"https:\\\/\\\/www.sindicaturabarcelona.cat\\\/ca\\\/la-sindicatura-de-greuges-de-barcelona-demana-que-es-garanteixi-que-els-infants-amb-discapacitat-puguin-gaudir-de-la-cavalcada-de-reis-2025\\\/\"]}]},{\"@type\":\"ImageObject\",\"inLanguage\":\"ca\",\"@id\":\"https:\\\/\\\/www.sindicaturabarcelona.cat\\\/ca\\\/la-sindicatura-de-greuges-de-barcelona-demana-que-es-garanteixi-que-els-infants-amb-discapacitat-puguin-gaudir-de-la-cavalcada-de-reis-2025\\\/#primaryimage\",\"url\":\"https:\\\/\\\/www.sindicaturabarcelona.cat\\\/wp-content\\\/uploads\\\/una-nena-allarga-els-bracos-per-agafa-scaled.jpg\",\"contentUrl\":\"https:\\\/\\\/www.sindicaturabarcelona.cat\\\/wp-content\\\/uploads\\\/una-nena-allarga-els-bracos-per-agafa-scaled.jpg\",\"width\":2560,\"height\":1707},{\"@type\":\"BreadcrumbList\",\"@id\":\"https:\\\/\\\/www.sindicaturabarcelona.cat\\\/ca\\\/la-sindicatura-de-greuges-de-barcelona-demana-que-es-garanteixi-que-els-infants-amb-discapacitat-puguin-gaudir-de-la-cavalcada-de-reis-2025\\\/#breadcrumb\",\"itemListElement\":[{\"@type\":\"ListItem\",\"position\":1,\"name\":\"Inici\",\"item\":\"https:\\\/\\\/www.sindicaturabarcelona.cat\\\/ca\\\/\"},{\"@type\":\"ListItem\",\"position\":2,\"name\":\"La Sindicatura de Greuges de Barcelona demana que es garanteixi que els infants amb discapacitat puguin gaudir de la Cavalcada de Reis 2025\"}]},{\"@type\":\"WebSite\",\"@id\":\"https:\\\/\\\/www.sindicaturabarcelona.cat\\\/ca\\\/#website\",\"url\":\"https:\\\/\\\/www.sindicaturabarcelona.cat\\\/ca\\\/\",\"name\":\"Sindicatura de Greuges de Barcelona\",\"description\":\"La defensoria dels teus drets\",\"publisher\":{\"@id\":\"https:\\\/\\\/www.sindicaturabarcelona.cat\\\/ca\\\/#organization\"},\"potentialAction\":[{\"@type\":\"SearchAction\",\"target\":{\"@type\":\"EntryPoint\",\"urlTemplate\":\"https:\\\/\\\/www.sindicaturabarcelona.cat\\\/ca\\\/?s={search_term_string}\"},\"query-input\":{\"@type\":\"PropertyValueSpecification\",\"valueRequired\":true,\"valueName\":\"search_term_string\"}}],\"inLanguage\":\"ca\"},{\"@type\":\"Organization\",\"@id\":\"https:\\\/\\\/www.sindicaturabarcelona.cat\\\/ca\\\/#organization\",\"name\":\"Sindicatura de Greuges de Barcelona\",\"url\":\"https:\\\/\\\/www.sindicaturabarcelona.cat\\\/ca\\\/\",\"logo\":{\"@type\":\"ImageObject\",\"inLanguage\":\"ca\",\"@id\":\"https:\\\/\\\/www.sindicaturabarcelona.cat\\\/ca\\\/#\\\/schema\\\/logo\\\/image\\\/\",\"url\":\"https:\\\/\\\/www.sindicaturabarcelona.cat\\\/wp-content\\\/uploads\\\/2023\\\/02\\\/logo_sindicatura.svg\",\"contentUrl\":\"https:\\\/\\\/www.sindicaturabarcelona.cat\\\/wp-content\\\/uploads\\\/2023\\\/02\\\/logo_sindicatura.svg\",\"caption\":\"Sindicatura de Greuges de Barcelona\"},\"image\":{\"@id\":\"https:\\\/\\\/www.sindicaturabarcelona.cat\\\/ca\\\/#\\\/schema\\\/logo\\\/image\\\/\"},\"sameAs\":[\"https:\\\/\\\/x.com\\\/sindicbarcelona\",\"https:\\\/\\\/www.instagram.com\\\/sindicbarcelona\\\/\",\"https:\\\/\\\/www.tiktok.com\\\/@sindicaturabcn\",\"https:\\\/\\\/t.me\\\/sindicaturabarcelona\"]},{\"@type\":\"Person\",\"@id\":\"https:\\\/\\\/www.sindicaturabarcelona.cat\\\/ca\\\/#\\\/schema\\\/person\\\/0e5acffc350ffdbc97578159322c9452\",\"name\":\"Pablo\",\"image\":{\"@type\":\"ImageObject\",\"inLanguage\":\"ca\",\"@id\":\"https:\\\/\\\/secure.gravatar.com\\\/avatar\\\/c948169b402ef9492afde705c3dfd5e90e1a6a84ef6840a91124f805a25a480f?s=96&d=mm&r=g\",\"url\":\"https:\\\/\\\/secure.gravatar.com\\\/avatar\\\/c948169b402ef9492afde705c3dfd5e90e1a6a84ef6840a91124f805a25a480f?s=96&d=mm&r=g\",\"contentUrl\":\"https:\\\/\\\/secure.gravatar.com\\\/avatar\\\/c948169b402ef9492afde705c3dfd5e90e1a6a84ef6840a91124f805a25a480f?s=96&d=mm&r=g\",\"caption\":\"Pablo\"},\"url\":\"https:\\\/\\\/www.sindicaturabarcelona.cat\\\/ca\\\/author\\\/pablo\\\/\"}]}<\/script>\n<!-- \/ Yoast SEO plugin. -->","yoast_head_json":{"title":"La Sindicatura de Greuges de Barcelona demana que es garanteixi que els infants amb discapacitat puguin gaudir de la Cavalcada de Reis 2025 - Sindicatura de Greuges de Barcelona","description":"S'han de continuar implementant les mesures necess\u00e0ries perqu\u00e8 aquest col\u00b7lectiu hi participi en les mateixes condicions que la resta.","robots":{"index":"index","follow":"follow","max-snippet":"max-snippet:-1","max-image-preview":"max-image-preview:large","max-video-preview":"max-video-preview:-1"},"canonical":"https:\/\/www.sindicaturabarcelona.cat\/ca\/la-sindicatura-de-greuges-de-barcelona-demana-que-es-garanteixi-que-els-infants-amb-discapacitat-puguin-gaudir-de-la-cavalcada-de-reis-2025\/","og_locale":"ca_ES","og_type":"article","og_title":"La Sindicatura de Greuges de Barcelona demana que es garanteixi que els infants amb discapacitat puguin gaudir de la Cavalcada de Reis 2025 - Sindicatura de Greuges de Barcelona","og_description":"S'han de continuar implementant les mesures necess\u00e0ries perqu\u00e8 aquest col\u00b7lectiu hi participi en les mateixes condicions que la resta.","og_url":"https:\/\/www.sindicaturabarcelona.cat\/ca\/la-sindicatura-de-greuges-de-barcelona-demana-que-es-garanteixi-que-els-infants-amb-discapacitat-puguin-gaudir-de-la-cavalcada-de-reis-2025\/","og_site_name":"Sindicatura de Greuges de Barcelona","article_published_time":"2024-12-23T06:00:00+00:00","article_modified_time":"2025-04-16T11:33:47+00:00","og_image":[{"width":2560,"height":1707,"url":"https:\/\/www.sindicaturabarcelona.cat\/wp-content\/uploads\/una-nena-allarga-els-bracos-per-agafa-scaled.jpg","type":"image\/jpeg"}],"author":"Pablo","twitter_card":"summary_large_image","twitter_creator":"@sindicbarcelona","twitter_site":"@sindicbarcelona","twitter_misc":{"Escrit per":"Pablo","Temps estimat de lectura":"3 minuts"},"schema":{"@context":"https:\/\/schema.org","@graph":[{"@type":"Article","@id":"https:\/\/www.sindicaturabarcelona.cat\/ca\/la-sindicatura-de-greuges-de-barcelona-demana-que-es-garanteixi-que-els-infants-amb-discapacitat-puguin-gaudir-de-la-cavalcada-de-reis-2025\/#article","isPartOf":{"@id":"https:\/\/www.sindicaturabarcelona.cat\/ca\/la-sindicatura-de-greuges-de-barcelona-demana-que-es-garanteixi-que-els-infants-amb-discapacitat-puguin-gaudir-de-la-cavalcada-de-reis-2025\/"},"author":{"name":"Pablo","@id":"https:\/\/www.sindicaturabarcelona.cat\/ca\/#\/schema\/person\/0e5acffc350ffdbc97578159322c9452"},"headline":"La Sindicatura de Greuges de Barcelona demana que es garanteixi que els infants amb discapacitat puguin gaudir de la Cavalcada de Reis 2025","datePublished":"2024-12-23T06:00:00+00:00","dateModified":"2025-04-16T11:33:47+00:00","mainEntityOfPage":{"@id":"https:\/\/www.sindicaturabarcelona.cat\/ca\/la-sindicatura-de-greuges-de-barcelona-demana-que-es-garanteixi-que-els-infants-amb-discapacitat-puguin-gaudir-de-la-cavalcada-de-reis-2025\/"},"wordCount":447,"publisher":{"@id":"https:\/\/www.sindicaturabarcelona.cat\/ca\/#organization"},"image":{"@id":"https:\/\/www.sindicaturabarcelona.cat\/ca\/la-sindicatura-de-greuges-de-barcelona-demana-que-es-garanteixi-que-els-infants-amb-discapacitat-puguin-gaudir-de-la-cavalcada-de-reis-2025\/#primaryimage"},"thumbnailUrl":"https:\/\/www.sindicaturabarcelona.cat\/wp-content\/uploads\/una-nena-allarga-els-bracos-per-agafa-scaled.jpg","inLanguage":"ca"},{"@type":"WebPage","@id":"https:\/\/www.sindicaturabarcelona.cat\/ca\/la-sindicatura-de-greuges-de-barcelona-demana-que-es-garanteixi-que-els-infants-amb-discapacitat-puguin-gaudir-de-la-cavalcada-de-reis-2025\/","url":"https:\/\/www.sindicaturabarcelona.cat\/ca\/la-sindicatura-de-greuges-de-barcelona-demana-que-es-garanteixi-que-els-infants-amb-discapacitat-puguin-gaudir-de-la-cavalcada-de-reis-2025\/","name":"La Sindicatura de Greuges de Barcelona demana que es garanteixi que els infants amb discapacitat puguin gaudir de la Cavalcada de Reis 2025 - Sindicatura de Greuges de Barcelona","isPartOf":{"@id":"https:\/\/www.sindicaturabarcelona.cat\/ca\/#website"},"primaryImageOfPage":{"@id":"https:\/\/www.sindicaturabarcelona.cat\/ca\/la-sindicatura-de-greuges-de-barcelona-demana-que-es-garanteixi-que-els-infants-amb-discapacitat-puguin-gaudir-de-la-cavalcada-de-reis-2025\/#primaryimage"},"image":{"@id":"https:\/\/www.sindicaturabarcelona.cat\/ca\/la-sindicatura-de-greuges-de-barcelona-demana-que-es-garanteixi-que-els-infants-amb-discapacitat-puguin-gaudir-de-la-cavalcada-de-reis-2025\/#primaryimage"},"thumbnailUrl":"https:\/\/www.sindicaturabarcelona.cat\/wp-content\/uploads\/una-nena-allarga-els-bracos-per-agafa-scaled.jpg","datePublished":"2024-12-23T06:00:00+00:00","dateModified":"2025-04-16T11:33:47+00:00","description":"S'han de continuar implementant les mesures necess\u00e0ries perqu\u00e8 aquest col\u00b7lectiu hi participi en les mateixes condicions que la resta.","breadcrumb":{"@id":"https:\/\/www.sindicaturabarcelona.cat\/ca\/la-sindicatura-de-greuges-de-barcelona-demana-que-es-garanteixi-que-els-infants-amb-discapacitat-puguin-gaudir-de-la-cavalcada-de-reis-2025\/#breadcrumb"},"inLanguage":"ca","potentialAction":[{"@type":"ReadAction","target":["https:\/\/www.sindicaturabarcelona.cat\/ca\/la-sindicatura-de-greuges-de-barcelona-demana-que-es-garanteixi-que-els-infants-amb-discapacitat-puguin-gaudir-de-la-cavalcada-de-reis-2025\/"]}]},{"@type":"ImageObject","inLanguage":"ca","@id":"https:\/\/www.sindicaturabarcelona.cat\/ca\/la-sindicatura-de-greuges-de-barcelona-demana-que-es-garanteixi-que-els-infants-amb-discapacitat-puguin-gaudir-de-la-cavalcada-de-reis-2025\/#primaryimage","url":"https:\/\/www.sindicaturabarcelona.cat\/wp-content\/uploads\/una-nena-allarga-els-bracos-per-agafa-scaled.jpg","contentUrl":"https:\/\/www.sindicaturabarcelona.cat\/wp-content\/uploads\/una-nena-allarga-els-bracos-per-agafa-scaled.jpg","width":2560,"height":1707},{"@type":"BreadcrumbList","@id":"https:\/\/www.sindicaturabarcelona.cat\/ca\/la-sindicatura-de-greuges-de-barcelona-demana-que-es-garanteixi-que-els-infants-amb-discapacitat-puguin-gaudir-de-la-cavalcada-de-reis-2025\/#breadcrumb","itemListElement":[{"@type":"ListItem","position":1,"name":"Inici","item":"https:\/\/www.sindicaturabarcelona.cat\/ca\/"},{"@type":"ListItem","position":2,"name":"La Sindicatura de Greuges de Barcelona demana que es garanteixi que els infants amb discapacitat puguin gaudir de la Cavalcada de Reis 2025"}]},{"@type":"WebSite","@id":"https:\/\/www.sindicaturabarcelona.cat\/ca\/#website","url":"https:\/\/www.sindicaturabarcelona.cat\/ca\/","name":"Sindicatura de Greuges de Barcelona","description":"La defensoria dels teus drets","publisher":{"@id":"https:\/\/www.sindicaturabarcelona.cat\/ca\/#organization"},"potentialAction":[{"@type":"SearchAction","target":{"@type":"EntryPoint","urlTemplate":"https:\/\/www.sindicaturabarcelona.cat\/ca\/?s={search_term_string}"},"query-input":{"@type":"PropertyValueSpecification","valueRequired":true,"valueName":"search_term_string"}}],"inLanguage":"ca"},{"@type":"Organization","@id":"https:\/\/www.sindicaturabarcelona.cat\/ca\/#organization","name":"Sindicatura de Greuges de Barcelona","url":"https:\/\/www.sindicaturabarcelona.cat\/ca\/","logo":{"@type":"ImageObject","inLanguage":"ca","@id":"https:\/\/www.sindicaturabarcelona.cat\/ca\/#\/schema\/logo\/image\/","url":"https:\/\/www.sindicaturabarcelona.cat\/wp-content\/uploads\/2023\/02\/logo_sindicatura.svg","contentUrl":"https:\/\/www.sindicaturabarcelona.cat\/wp-content\/uploads\/2023\/02\/logo_sindicatura.svg","caption":"Sindicatura de Greuges de Barcelona"},"image":{"@id":"https:\/\/www.sindicaturabarcelona.cat\/ca\/#\/schema\/logo\/image\/"},"sameAs":["https:\/\/x.com\/sindicbarcelona","https:\/\/www.instagram.com\/sindicbarcelona\/","https:\/\/www.tiktok.com\/@sindicaturabcn","https:\/\/t.me\/sindicaturabarcelona"]},{"@type":"Person","@id":"https:\/\/www.sindicaturabarcelona.cat\/ca\/#\/schema\/person\/0e5acffc350ffdbc97578159322c9452","name":"Pablo","image":{"@type":"ImageObject","inLanguage":"ca","@id":"https:\/\/secure.gravatar.com\/avatar\/c948169b402ef9492afde705c3dfd5e90e1a6a84ef6840a91124f805a25a480f?s=96&d=mm&r=g","url":"https:\/\/secure.gravatar.com\/avatar\/c948169b402ef9492afde705c3dfd5e90e1a6a84ef6840a91124f805a25a480f?s=96&d=mm&r=g","contentUrl":"https:\/\/secure.gravatar.com\/avatar\/c948169b402ef9492afde705c3dfd5e90e1a6a84ef6840a91124f805a25a480f?s=96&d=mm&r=g","caption":"Pablo"},"url":"https:\/\/www.sindicaturabarcelona.cat\/ca\/author\/pablo\/"}]}},"_links":{"self":[{"href":"https:\/\/www.sindicaturabarcelona.cat\/ca\/wp-json\/wp\/v2\/posts\/34423","targetHints":{"allow":["GET"]}}],"collection":[{"href":"https:\/\/www.sindicaturabarcelona.cat\/ca\/wp-json\/wp\/v2\/posts"}],"about":[{"href":"https:\/\/www.sindicaturabarcelona.cat\/ca\/wp-json\/wp\/v2\/types\/post"}],"author":[{"embeddable":true,"href":"https:\/\/www.sindicaturabarcelona.cat\/ca\/wp-json\/wp\/v2\/users\/2"}],"replies":[{"embeddable":true,"href":"https:\/\/www.sindicaturabarcelona.cat\/ca\/wp-json\/wp\/v2\/comments?post=34423"}],"version-history":[{"count":13,"href":"https:\/\/www.sindicaturabarcelona.cat\/ca\/wp-json\/wp\/v2\/posts\/34423\/revisions"}],"predecessor-version":[{"id":35408,"href":"https:\/\/www.sindicaturabarcelona.cat\/ca\/wp-json\/wp\/v2\/posts\/34423\/revisions\/35408"}],"wp:featuredmedia":[{"embeddable":true,"href":"https:\/\/www.sindicaturabarcelona.cat\/ca\/wp-json\/wp\/v2\/media\/34440"}],"wp:attachment":[{"href":"https:\/\/www.sindicaturabarcelona.cat\/ca\/wp-json\/wp\/v2\/media?parent=34423"}],"wp:term":[{"taxonomy":"post_tag","embeddable":true,"href":"https:\/\/www.sindicaturabarcelona.cat\/ca\/wp-json\/wp\/v2\/tags?post=34423"},{"taxonomy":"drets","embeddable":true,"href":"https:\/\/www.sindicaturabarcelona.cat\/ca\/wp-json\/wp\/v2\/drets?post=34423"}],"curies":[{"name":"wp","href":"https:\/\/api.w.org\/{rel}","templated":true}]}}