{"id":34400,"date":"2024-12-19T07:30:00","date_gmt":"2024-12-19T05:30:00","guid":{"rendered":"https:\/\/www.sindicaturabarcelona.cat\/?p=34400"},"modified":"2025-04-16T13:35:22","modified_gmt":"2025-04-16T11:35:22","slug":"la-sindicatura-de-greuges-de-barcelona-planteja-solucions-per-fer-front-a-la-situacio-urbanistica-social-i-de-convivencia-a-vallcarca","status":"publish","type":"post","link":"https:\/\/www.sindicaturabarcelona.cat\/ca\/la-sindicatura-de-greuges-de-barcelona-planteja-solucions-per-fer-front-a-la-situacio-urbanistica-social-i-de-convivencia-a-vallcarca\/","title":{"rendered":"La Sindicatura de Greuges de Barcelona planteja solucions per fer front a la situaci\u00f3 urban\u00edstica, social i de conviv\u00e8ncia a Vallcarca"},"content":{"rendered":"\n<p>La defensoria de la ciutat reclama que es desenvolupi una eina per <strong>abordar la problem\u00e0tica dels assentaments en aquest barri i a la resta de la ciutat i de l\u2019\u00e0rea metropolitana<\/strong>, i que protegeixi els drets de les persones que hi viuen, especialment dels menors d\u2019edat.<\/p>\n\n\n\n<p>La Sindicatura<a href=\"https:\/\/www.sindicaturabarcelona.cat\/wp-content\/uploads\/20231218_Assentaments_convivencia_Vallcarca.pdf\" target=\"_blank\" rel=\"noreferrer noopener\"> considera essencial que es duguin a terme les actuacions urban\u00edstiques previstes<\/a>, algunes de les quals pendents des del 2002, com a via per <strong>resoldre els problemes de conviv\u00e8ncia i abordar les desigualtats socials existents<\/strong>. Encara queden pendents moltes actuacions entre la pla\u00e7a de Lesseps i el Pont de Vallcarca, i al voltant de l\u2019avinguda de Vallcarca i el carrer de Mare de D\u00e9u del Coll, especialment la via c\u00edvica i verda, el parc central i edificis de protecci\u00f3 oficial i de nova creaci\u00f3 previstos. Des de la Sindicatura s\u2019ha demanat que s\u2019impulsin les transformacions pendents sense dilacions, ja que <strong>la millora en el paisatge urb\u00e0 del barri incrementar\u00e0 la qualitat de vida de les persones residents<\/strong>.<\/p>\n\n\n\n<h2 class=\"wp-block-heading\"><strong>M\u00e9s pres\u00e8ncia de serveis municipals als assentaments<\/strong><\/h2>\n\n\n\n<p>Les desigualtats socials es manifesten sobretot en els diversos assentaments que hi ha a la zona, un dels quals en un solar que \u00e9s en part de propietat municipal. <strong>Les condicions de vida de vida en qu\u00e8 es troben poden constituir una vulneraci\u00f3 de drets i un risc per als que hi viuen<\/strong>, <strong>especialment per als infants<\/strong>. La feina que desenvolupa dels serveis municipals espec\u00edfics \u00e9s en general positiva, per\u00f2 des de la Sindicatura es considera preocupant que tant sols actu\u00efn amb les persones i les fam\u00edlies que accedeixen a aquests serveis de manera volunt\u00e0ria. En aquest sentit, <strong>cal que hi hagi una pres\u00e8ncia m\u00e9s continuada dels equips municipals<\/strong>, ja que \u00e9s imprescindible que s\u2019estableixin relacions de confian\u00e7a i que es facin tasques preventives.<\/p>\n\n\n\n<p>Tamb\u00e9 <strong>\u00e9s cabdal que es cre\u00ef una eina per poder fer un cens de les persones que viuen en els assentaments i en els infrahabitatges<\/strong>, per tal de poder disposar d\u2019una informaci\u00f3 m\u00e9s \u00e0mplia i actualitzada, i aix\u00ed planificar de manera m\u00e9s adequada les actuacions que s\u2019hi facin. L\u2019encarregat de fer aquest cens hauria de ser el <a href=\"https:\/\/ajuntament.barcelona.cat\/gracia\/ca\" target=\"_blank\" rel=\"noreferrer noopener\">Districte de Gr\u00e0cia<\/a>, a trav\u00e9s de la Taula d\u2019Assentaments.<\/p>\n\n\n\n<h2 class=\"wp-block-heading\"><strong>Fomentar el di\u00e0leg per millorar la conviv\u00e8ncia<\/strong><\/h2>\n\n\n\n<p>S\u2019han registrat nombroses <strong>queixes ve\u00efnals derivades de l\u2019ocupaci\u00f3 de solars buits per sorolls i per activitats que podien posar en perill les finques del voltant<\/strong>, aix\u00ed com per vehicles mal estacionats o l\u2019acumulaci\u00f3 d\u2019objectes a la vorera, que generaven mol\u00e8sties a la via p\u00fablica.<\/p>\n\n\n\n<p>Per tal d\u2019abordar aquesta situaci\u00f3, des de la Sindicatura s\u2019insta a fomentar el di\u00e0leg amb el ve\u00efnat i les associacions amb el Districte de Gr\u00e0cia i la Comissionada d\u2019Acci\u00f3 Social (<a href=\"https:\/\/ajuntament.barcelona.cat\/serveissocials\/ca\/canal\/institut-municipal-de-serveis-socials\" target=\"_blank\" rel=\"noreferrer noopener\">Institut Municipal de Serveis Socials<\/a>), a m\u00e9s de la <a href=\"https:\/\/ajuntament.barcelona.cat\/guardiaurbana\/ca\/\" target=\"_blank\" rel=\"noreferrer noopener\">Gu\u00e0rdia Urbana<\/a>. Aix\u00ed mateix, calen <strong>mesures preventives i evitar que les solucions es basin exclusivament en la intervenci\u00f3 policial<\/strong>.<br><\/p>\n\n\n\n<h2 class=\"wp-block-heading\"><strong>Abordar la situaci\u00f3 amb mirada metropolitana<\/strong><\/h2>\n\n\n\n<p>La pres\u00e8ncia d\u2019assentaments i la situaci\u00f3 que se\u2019n deriven no \u00e9s exclusiva de Vallcarca ni de Barcelona. S&#8217;hauria d&#8217;establir una <strong>eina de ciutat que abordi de manera integral les actuacions urbanes<\/strong>, per\u00f2 tamb\u00e9 que permeti una soluci\u00f3 efica\u00e7 amb la implicaci\u00f3 de diferents serveis i administracions.<\/p>\n\n\n\n<p>Des de la Sindicatura es recomana a l\u2019Ajuntament de Barcelona que lideri una estrat\u00e8gia per a tota l\u2019\u00c0rea Metropolitana per tal de donar una resposta efica\u00e7 i coherent als assentaments.<br><\/p>\n","protected":false},"excerpt":{"rendered":"<p>La defensoria de la ciutat reclama que es desenvolupi una eina per abordar la problem\u00e0tica dels assentaments en aquest barri i a la resta de la ciutat i de l\u2019\u00e0rea [&hellip;]<\/p>\n","protected":false},"author":2,"featured_media":34408,"comment_status":"closed","ping_status":"closed","sticky":false,"template":"","format":"standard","meta":{"_acf_changed":false,"footnotes":""},"tags":[],"drets":[1428,1435,1438,1449,1447],"class_list":["post-34400","post","type-post","status-publish","format-standard","has-post-thumbnail","hentry","drets-ciutat-equitativa","drets-dret-a-lhabitatge","drets-ciutat-habitable-i-sostenible","drets-dret-a-una-convivencia-pacifica","drets-dret-a-la-mobilitat"],"acf":[],"yoast_head":"<!-- This site is optimized with the Yoast SEO plugin v27.5 - https:\/\/yoast.com\/product\/yoast-seo-wordpress\/ -->\n<title>La Sindicatura de Greuges de Barcelona planteja solucions per fer front a la situaci\u00f3 urban\u00edstica, social i de conviv\u00e8ncia a Vallcarca - Sindicatura de Greuges de Barcelona<\/title>\n<meta name=\"description\" content=\"Cal abordar la problem\u00e0tica dels assentaments de l\u2019\u00e0rea metropolitana, i que es protegeixin els drets de les persones que hi viuen.\" \/>\n<meta name=\"robots\" content=\"index, follow, max-snippet:-1, max-image-preview:large, max-video-preview:-1\" \/>\n<link rel=\"canonical\" href=\"https:\/\/www.sindicaturabarcelona.cat\/ca\/la-sindicatura-de-greuges-de-barcelona-planteja-solucions-per-fer-front-a-la-situacio-urbanistica-social-i-de-convivencia-a-vallcarca\/\" \/>\n<meta property=\"og:locale\" content=\"ca_ES\" \/>\n<meta property=\"og:type\" content=\"article\" \/>\n<meta property=\"og:title\" content=\"La Sindicatura de Greuges de Barcelona planteja solucions per fer front a la situaci\u00f3 urban\u00edstica, social i de conviv\u00e8ncia a Vallcarca - Sindicatura de Greuges de Barcelona\" \/>\n<meta property=\"og:description\" content=\"Cal abordar la problem\u00e0tica dels assentaments de l\u2019\u00e0rea metropolitana, i que es protegeixin els drets de les persones que hi viuen.\" \/>\n<meta property=\"og:url\" content=\"https:\/\/www.sindicaturabarcelona.cat\/ca\/la-sindicatura-de-greuges-de-barcelona-planteja-solucions-per-fer-front-a-la-situacio-urbanistica-social-i-de-convivencia-a-vallcarca\/\" \/>\n<meta property=\"og:site_name\" content=\"Sindicatura de Greuges de Barcelona\" \/>\n<meta property=\"article:published_time\" content=\"2024-12-19T05:30:00+00:00\" \/>\n<meta property=\"article:modified_time\" content=\"2025-04-16T11:35:22+00:00\" \/>\n<meta property=\"og:image\" content=\"https:\/\/www.sindicaturabarcelona.cat\/wp-content\/uploads\/vista-de-lavinguda-vallcarca-des-del.jpg\" \/>\n\t<meta property=\"og:image:width\" content=\"2000\" \/>\n\t<meta property=\"og:image:height\" content=\"1333\" \/>\n\t<meta property=\"og:image:type\" content=\"image\/jpeg\" \/>\n<meta name=\"author\" content=\"Pablo\" \/>\n<meta name=\"twitter:card\" content=\"summary_large_image\" \/>\n<meta name=\"twitter:creator\" content=\"@sindicbarcelona\" \/>\n<meta name=\"twitter:site\" content=\"@sindicbarcelona\" \/>\n<meta name=\"twitter:label1\" content=\"Escrit per\" \/>\n\t<meta name=\"twitter:data1\" content=\"Pablo\" \/>\n\t<meta name=\"twitter:label2\" content=\"Temps estimat de lectura\" \/>\n\t<meta name=\"twitter:data2\" content=\"4 minuts\" \/>\n<script type=\"application\/ld+json\" class=\"yoast-schema-graph\">{\"@context\":\"https:\\\/\\\/schema.org\",\"@graph\":[{\"@type\":\"Article\",\"@id\":\"https:\\\/\\\/www.sindicaturabarcelona.cat\\\/ca\\\/la-sindicatura-de-greuges-de-barcelona-planteja-solucions-per-fer-front-a-la-situacio-urbanistica-social-i-de-convivencia-a-vallcarca\\\/#article\",\"isPartOf\":{\"@id\":\"https:\\\/\\\/www.sindicaturabarcelona.cat\\\/ca\\\/la-sindicatura-de-greuges-de-barcelona-planteja-solucions-per-fer-front-a-la-situacio-urbanistica-social-i-de-convivencia-a-vallcarca\\\/\"},\"author\":{\"name\":\"Pablo\",\"@id\":\"https:\\\/\\\/www.sindicaturabarcelona.cat\\\/ca\\\/#\\\/schema\\\/person\\\/0e5acffc350ffdbc97578159322c9452\"},\"headline\":\"La Sindicatura de Greuges de Barcelona planteja solucions per fer front a la situaci\u00f3 urban\u00edstica, social i de conviv\u00e8ncia a Vallcarca\",\"datePublished\":\"2024-12-19T05:30:00+00:00\",\"dateModified\":\"2025-04-16T11:35:22+00:00\",\"mainEntityOfPage\":{\"@id\":\"https:\\\/\\\/www.sindicaturabarcelona.cat\\\/ca\\\/la-sindicatura-de-greuges-de-barcelona-planteja-solucions-per-fer-front-a-la-situacio-urbanistica-social-i-de-convivencia-a-vallcarca\\\/\"},\"wordCount\":628,\"publisher\":{\"@id\":\"https:\\\/\\\/www.sindicaturabarcelona.cat\\\/ca\\\/#organization\"},\"image\":{\"@id\":\"https:\\\/\\\/www.sindicaturabarcelona.cat\\\/ca\\\/la-sindicatura-de-greuges-de-barcelona-planteja-solucions-per-fer-front-a-la-situacio-urbanistica-social-i-de-convivencia-a-vallcarca\\\/#primaryimage\"},\"thumbnailUrl\":\"https:\\\/\\\/www.sindicaturabarcelona.cat\\\/wp-content\\\/uploads\\\/vista-de-lavinguda-vallcarca-des-del.jpg\",\"inLanguage\":\"ca\"},{\"@type\":\"WebPage\",\"@id\":\"https:\\\/\\\/www.sindicaturabarcelona.cat\\\/ca\\\/la-sindicatura-de-greuges-de-barcelona-planteja-solucions-per-fer-front-a-la-situacio-urbanistica-social-i-de-convivencia-a-vallcarca\\\/\",\"url\":\"https:\\\/\\\/www.sindicaturabarcelona.cat\\\/ca\\\/la-sindicatura-de-greuges-de-barcelona-planteja-solucions-per-fer-front-a-la-situacio-urbanistica-social-i-de-convivencia-a-vallcarca\\\/\",\"name\":\"La Sindicatura de Greuges de Barcelona planteja solucions per fer front a la situaci\u00f3 urban\u00edstica, social i de conviv\u00e8ncia a Vallcarca - Sindicatura de Greuges de Barcelona\",\"isPartOf\":{\"@id\":\"https:\\\/\\\/www.sindicaturabarcelona.cat\\\/ca\\\/#website\"},\"primaryImageOfPage\":{\"@id\":\"https:\\\/\\\/www.sindicaturabarcelona.cat\\\/ca\\\/la-sindicatura-de-greuges-de-barcelona-planteja-solucions-per-fer-front-a-la-situacio-urbanistica-social-i-de-convivencia-a-vallcarca\\\/#primaryimage\"},\"image\":{\"@id\":\"https:\\\/\\\/www.sindicaturabarcelona.cat\\\/ca\\\/la-sindicatura-de-greuges-de-barcelona-planteja-solucions-per-fer-front-a-la-situacio-urbanistica-social-i-de-convivencia-a-vallcarca\\\/#primaryimage\"},\"thumbnailUrl\":\"https:\\\/\\\/www.sindicaturabarcelona.cat\\\/wp-content\\\/uploads\\\/vista-de-lavinguda-vallcarca-des-del.jpg\",\"datePublished\":\"2024-12-19T05:30:00+00:00\",\"dateModified\":\"2025-04-16T11:35:22+00:00\",\"description\":\"Cal abordar la problem\u00e0tica dels assentaments de l\u2019\u00e0rea metropolitana, i que es protegeixin els drets de les persones que hi viuen.\",\"breadcrumb\":{\"@id\":\"https:\\\/\\\/www.sindicaturabarcelona.cat\\\/ca\\\/la-sindicatura-de-greuges-de-barcelona-planteja-solucions-per-fer-front-a-la-situacio-urbanistica-social-i-de-convivencia-a-vallcarca\\\/#breadcrumb\"},\"inLanguage\":\"ca\",\"potentialAction\":[{\"@type\":\"ReadAction\",\"target\":[\"https:\\\/\\\/www.sindicaturabarcelona.cat\\\/ca\\\/la-sindicatura-de-greuges-de-barcelona-planteja-solucions-per-fer-front-a-la-situacio-urbanistica-social-i-de-convivencia-a-vallcarca\\\/\"]}]},{\"@type\":\"ImageObject\",\"inLanguage\":\"ca\",\"@id\":\"https:\\\/\\\/www.sindicaturabarcelona.cat\\\/ca\\\/la-sindicatura-de-greuges-de-barcelona-planteja-solucions-per-fer-front-a-la-situacio-urbanistica-social-i-de-convivencia-a-vallcarca\\\/#primaryimage\",\"url\":\"https:\\\/\\\/www.sindicaturabarcelona.cat\\\/wp-content\\\/uploads\\\/vista-de-lavinguda-vallcarca-des-del.jpg\",\"contentUrl\":\"https:\\\/\\\/www.sindicaturabarcelona.cat\\\/wp-content\\\/uploads\\\/vista-de-lavinguda-vallcarca-des-del.jpg\",\"width\":2000,\"height\":1333},{\"@type\":\"BreadcrumbList\",\"@id\":\"https:\\\/\\\/www.sindicaturabarcelona.cat\\\/ca\\\/la-sindicatura-de-greuges-de-barcelona-planteja-solucions-per-fer-front-a-la-situacio-urbanistica-social-i-de-convivencia-a-vallcarca\\\/#breadcrumb\",\"itemListElement\":[{\"@type\":\"ListItem\",\"position\":1,\"name\":\"Inici\",\"item\":\"https:\\\/\\\/www.sindicaturabarcelona.cat\\\/ca\\\/\"},{\"@type\":\"ListItem\",\"position\":2,\"name\":\"La Sindicatura de Greuges de Barcelona planteja solucions per fer front a la situaci\u00f3 urban\u00edstica, social i de conviv\u00e8ncia a Vallcarca\"}]},{\"@type\":\"WebSite\",\"@id\":\"https:\\\/\\\/www.sindicaturabarcelona.cat\\\/ca\\\/#website\",\"url\":\"https:\\\/\\\/www.sindicaturabarcelona.cat\\\/ca\\\/\",\"name\":\"Sindicatura de Greuges de Barcelona\",\"description\":\"La defensoria dels teus drets\",\"publisher\":{\"@id\":\"https:\\\/\\\/www.sindicaturabarcelona.cat\\\/ca\\\/#organization\"},\"potentialAction\":[{\"@type\":\"SearchAction\",\"target\":{\"@type\":\"EntryPoint\",\"urlTemplate\":\"https:\\\/\\\/www.sindicaturabarcelona.cat\\\/ca\\\/?s={search_term_string}\"},\"query-input\":{\"@type\":\"PropertyValueSpecification\",\"valueRequired\":true,\"valueName\":\"search_term_string\"}}],\"inLanguage\":\"ca\"},{\"@type\":\"Organization\",\"@id\":\"https:\\\/\\\/www.sindicaturabarcelona.cat\\\/ca\\\/#organization\",\"name\":\"Sindicatura de Greuges de Barcelona\",\"url\":\"https:\\\/\\\/www.sindicaturabarcelona.cat\\\/ca\\\/\",\"logo\":{\"@type\":\"ImageObject\",\"inLanguage\":\"ca\",\"@id\":\"https:\\\/\\\/www.sindicaturabarcelona.cat\\\/ca\\\/#\\\/schema\\\/logo\\\/image\\\/\",\"url\":\"https:\\\/\\\/www.sindicaturabarcelona.cat\\\/wp-content\\\/uploads\\\/2023\\\/02\\\/logo_sindicatura.svg\",\"contentUrl\":\"https:\\\/\\\/www.sindicaturabarcelona.cat\\\/wp-content\\\/uploads\\\/2023\\\/02\\\/logo_sindicatura.svg\",\"caption\":\"Sindicatura de Greuges de Barcelona\"},\"image\":{\"@id\":\"https:\\\/\\\/www.sindicaturabarcelona.cat\\\/ca\\\/#\\\/schema\\\/logo\\\/image\\\/\"},\"sameAs\":[\"https:\\\/\\\/x.com\\\/sindicbarcelona\",\"https:\\\/\\\/www.instagram.com\\\/sindicbarcelona\\\/\",\"https:\\\/\\\/www.tiktok.com\\\/@sindicaturabcn\",\"https:\\\/\\\/t.me\\\/sindicaturabarcelona\"]},{\"@type\":\"Person\",\"@id\":\"https:\\\/\\\/www.sindicaturabarcelona.cat\\\/ca\\\/#\\\/schema\\\/person\\\/0e5acffc350ffdbc97578159322c9452\",\"name\":\"Pablo\",\"image\":{\"@type\":\"ImageObject\",\"inLanguage\":\"ca\",\"@id\":\"https:\\\/\\\/secure.gravatar.com\\\/avatar\\\/c948169b402ef9492afde705c3dfd5e90e1a6a84ef6840a91124f805a25a480f?s=96&d=mm&r=g\",\"url\":\"https:\\\/\\\/secure.gravatar.com\\\/avatar\\\/c948169b402ef9492afde705c3dfd5e90e1a6a84ef6840a91124f805a25a480f?s=96&d=mm&r=g\",\"contentUrl\":\"https:\\\/\\\/secure.gravatar.com\\\/avatar\\\/c948169b402ef9492afde705c3dfd5e90e1a6a84ef6840a91124f805a25a480f?s=96&d=mm&r=g\",\"caption\":\"Pablo\"},\"url\":\"https:\\\/\\\/www.sindicaturabarcelona.cat\\\/ca\\\/author\\\/pablo\\\/\"}]}<\/script>\n<!-- \/ Yoast SEO plugin. -->","yoast_head_json":{"title":"La Sindicatura de Greuges de Barcelona planteja solucions per fer front a la situaci\u00f3 urban\u00edstica, social i de conviv\u00e8ncia a Vallcarca - Sindicatura de Greuges de Barcelona","description":"Cal abordar la problem\u00e0tica dels assentaments de l\u2019\u00e0rea metropolitana, i que es protegeixin els drets de les persones que hi viuen.","robots":{"index":"index","follow":"follow","max-snippet":"max-snippet:-1","max-image-preview":"max-image-preview:large","max-video-preview":"max-video-preview:-1"},"canonical":"https:\/\/www.sindicaturabarcelona.cat\/ca\/la-sindicatura-de-greuges-de-barcelona-planteja-solucions-per-fer-front-a-la-situacio-urbanistica-social-i-de-convivencia-a-vallcarca\/","og_locale":"ca_ES","og_type":"article","og_title":"La Sindicatura de Greuges de Barcelona planteja solucions per fer front a la situaci\u00f3 urban\u00edstica, social i de conviv\u00e8ncia a Vallcarca - Sindicatura de Greuges de Barcelona","og_description":"Cal abordar la problem\u00e0tica dels assentaments de l\u2019\u00e0rea metropolitana, i que es protegeixin els drets de les persones que hi viuen.","og_url":"https:\/\/www.sindicaturabarcelona.cat\/ca\/la-sindicatura-de-greuges-de-barcelona-planteja-solucions-per-fer-front-a-la-situacio-urbanistica-social-i-de-convivencia-a-vallcarca\/","og_site_name":"Sindicatura de Greuges de Barcelona","article_published_time":"2024-12-19T05:30:00+00:00","article_modified_time":"2025-04-16T11:35:22+00:00","og_image":[{"width":2000,"height":1333,"url":"https:\/\/www.sindicaturabarcelona.cat\/wp-content\/uploads\/vista-de-lavinguda-vallcarca-des-del.jpg","type":"image\/jpeg"}],"author":"Pablo","twitter_card":"summary_large_image","twitter_creator":"@sindicbarcelona","twitter_site":"@sindicbarcelona","twitter_misc":{"Escrit per":"Pablo","Temps estimat de lectura":"4 minuts"},"schema":{"@context":"https:\/\/schema.org","@graph":[{"@type":"Article","@id":"https:\/\/www.sindicaturabarcelona.cat\/ca\/la-sindicatura-de-greuges-de-barcelona-planteja-solucions-per-fer-front-a-la-situacio-urbanistica-social-i-de-convivencia-a-vallcarca\/#article","isPartOf":{"@id":"https:\/\/www.sindicaturabarcelona.cat\/ca\/la-sindicatura-de-greuges-de-barcelona-planteja-solucions-per-fer-front-a-la-situacio-urbanistica-social-i-de-convivencia-a-vallcarca\/"},"author":{"name":"Pablo","@id":"https:\/\/www.sindicaturabarcelona.cat\/ca\/#\/schema\/person\/0e5acffc350ffdbc97578159322c9452"},"headline":"La Sindicatura de Greuges de Barcelona planteja solucions per fer front a la situaci\u00f3 urban\u00edstica, social i de conviv\u00e8ncia a Vallcarca","datePublished":"2024-12-19T05:30:00+00:00","dateModified":"2025-04-16T11:35:22+00:00","mainEntityOfPage":{"@id":"https:\/\/www.sindicaturabarcelona.cat\/ca\/la-sindicatura-de-greuges-de-barcelona-planteja-solucions-per-fer-front-a-la-situacio-urbanistica-social-i-de-convivencia-a-vallcarca\/"},"wordCount":628,"publisher":{"@id":"https:\/\/www.sindicaturabarcelona.cat\/ca\/#organization"},"image":{"@id":"https:\/\/www.sindicaturabarcelona.cat\/ca\/la-sindicatura-de-greuges-de-barcelona-planteja-solucions-per-fer-front-a-la-situacio-urbanistica-social-i-de-convivencia-a-vallcarca\/#primaryimage"},"thumbnailUrl":"https:\/\/www.sindicaturabarcelona.cat\/wp-content\/uploads\/vista-de-lavinguda-vallcarca-des-del.jpg","inLanguage":"ca"},{"@type":"WebPage","@id":"https:\/\/www.sindicaturabarcelona.cat\/ca\/la-sindicatura-de-greuges-de-barcelona-planteja-solucions-per-fer-front-a-la-situacio-urbanistica-social-i-de-convivencia-a-vallcarca\/","url":"https:\/\/www.sindicaturabarcelona.cat\/ca\/la-sindicatura-de-greuges-de-barcelona-planteja-solucions-per-fer-front-a-la-situacio-urbanistica-social-i-de-convivencia-a-vallcarca\/","name":"La Sindicatura de Greuges de Barcelona planteja solucions per fer front a la situaci\u00f3 urban\u00edstica, social i de conviv\u00e8ncia a Vallcarca - Sindicatura de Greuges de Barcelona","isPartOf":{"@id":"https:\/\/www.sindicaturabarcelona.cat\/ca\/#website"},"primaryImageOfPage":{"@id":"https:\/\/www.sindicaturabarcelona.cat\/ca\/la-sindicatura-de-greuges-de-barcelona-planteja-solucions-per-fer-front-a-la-situacio-urbanistica-social-i-de-convivencia-a-vallcarca\/#primaryimage"},"image":{"@id":"https:\/\/www.sindicaturabarcelona.cat\/ca\/la-sindicatura-de-greuges-de-barcelona-planteja-solucions-per-fer-front-a-la-situacio-urbanistica-social-i-de-convivencia-a-vallcarca\/#primaryimage"},"thumbnailUrl":"https:\/\/www.sindicaturabarcelona.cat\/wp-content\/uploads\/vista-de-lavinguda-vallcarca-des-del.jpg","datePublished":"2024-12-19T05:30:00+00:00","dateModified":"2025-04-16T11:35:22+00:00","description":"Cal abordar la problem\u00e0tica dels assentaments de l\u2019\u00e0rea metropolitana, i que es protegeixin els drets de les persones que hi viuen.","breadcrumb":{"@id":"https:\/\/www.sindicaturabarcelona.cat\/ca\/la-sindicatura-de-greuges-de-barcelona-planteja-solucions-per-fer-front-a-la-situacio-urbanistica-social-i-de-convivencia-a-vallcarca\/#breadcrumb"},"inLanguage":"ca","potentialAction":[{"@type":"ReadAction","target":["https:\/\/www.sindicaturabarcelona.cat\/ca\/la-sindicatura-de-greuges-de-barcelona-planteja-solucions-per-fer-front-a-la-situacio-urbanistica-social-i-de-convivencia-a-vallcarca\/"]}]},{"@type":"ImageObject","inLanguage":"ca","@id":"https:\/\/www.sindicaturabarcelona.cat\/ca\/la-sindicatura-de-greuges-de-barcelona-planteja-solucions-per-fer-front-a-la-situacio-urbanistica-social-i-de-convivencia-a-vallcarca\/#primaryimage","url":"https:\/\/www.sindicaturabarcelona.cat\/wp-content\/uploads\/vista-de-lavinguda-vallcarca-des-del.jpg","contentUrl":"https:\/\/www.sindicaturabarcelona.cat\/wp-content\/uploads\/vista-de-lavinguda-vallcarca-des-del.jpg","width":2000,"height":1333},{"@type":"BreadcrumbList","@id":"https:\/\/www.sindicaturabarcelona.cat\/ca\/la-sindicatura-de-greuges-de-barcelona-planteja-solucions-per-fer-front-a-la-situacio-urbanistica-social-i-de-convivencia-a-vallcarca\/#breadcrumb","itemListElement":[{"@type":"ListItem","position":1,"name":"Inici","item":"https:\/\/www.sindicaturabarcelona.cat\/ca\/"},{"@type":"ListItem","position":2,"name":"La Sindicatura de Greuges de Barcelona planteja solucions per fer front a la situaci\u00f3 urban\u00edstica, social i de conviv\u00e8ncia a Vallcarca"}]},{"@type":"WebSite","@id":"https:\/\/www.sindicaturabarcelona.cat\/ca\/#website","url":"https:\/\/www.sindicaturabarcelona.cat\/ca\/","name":"Sindicatura de Greuges de Barcelona","description":"La defensoria dels teus drets","publisher":{"@id":"https:\/\/www.sindicaturabarcelona.cat\/ca\/#organization"},"potentialAction":[{"@type":"SearchAction","target":{"@type":"EntryPoint","urlTemplate":"https:\/\/www.sindicaturabarcelona.cat\/ca\/?s={search_term_string}"},"query-input":{"@type":"PropertyValueSpecification","valueRequired":true,"valueName":"search_term_string"}}],"inLanguage":"ca"},{"@type":"Organization","@id":"https:\/\/www.sindicaturabarcelona.cat\/ca\/#organization","name":"Sindicatura de Greuges de Barcelona","url":"https:\/\/www.sindicaturabarcelona.cat\/ca\/","logo":{"@type":"ImageObject","inLanguage":"ca","@id":"https:\/\/www.sindicaturabarcelona.cat\/ca\/#\/schema\/logo\/image\/","url":"https:\/\/www.sindicaturabarcelona.cat\/wp-content\/uploads\/2023\/02\/logo_sindicatura.svg","contentUrl":"https:\/\/www.sindicaturabarcelona.cat\/wp-content\/uploads\/2023\/02\/logo_sindicatura.svg","caption":"Sindicatura de Greuges de Barcelona"},"image":{"@id":"https:\/\/www.sindicaturabarcelona.cat\/ca\/#\/schema\/logo\/image\/"},"sameAs":["https:\/\/x.com\/sindicbarcelona","https:\/\/www.instagram.com\/sindicbarcelona\/","https:\/\/www.tiktok.com\/@sindicaturabcn","https:\/\/t.me\/sindicaturabarcelona"]},{"@type":"Person","@id":"https:\/\/www.sindicaturabarcelona.cat\/ca\/#\/schema\/person\/0e5acffc350ffdbc97578159322c9452","name":"Pablo","image":{"@type":"ImageObject","inLanguage":"ca","@id":"https:\/\/secure.gravatar.com\/avatar\/c948169b402ef9492afde705c3dfd5e90e1a6a84ef6840a91124f805a25a480f?s=96&d=mm&r=g","url":"https:\/\/secure.gravatar.com\/avatar\/c948169b402ef9492afde705c3dfd5e90e1a6a84ef6840a91124f805a25a480f?s=96&d=mm&r=g","contentUrl":"https:\/\/secure.gravatar.com\/avatar\/c948169b402ef9492afde705c3dfd5e90e1a6a84ef6840a91124f805a25a480f?s=96&d=mm&r=g","caption":"Pablo"},"url":"https:\/\/www.sindicaturabarcelona.cat\/ca\/author\/pablo\/"}]}},"_links":{"self":[{"href":"https:\/\/www.sindicaturabarcelona.cat\/ca\/wp-json\/wp\/v2\/posts\/34400","targetHints":{"allow":["GET"]}}],"collection":[{"href":"https:\/\/www.sindicaturabarcelona.cat\/ca\/wp-json\/wp\/v2\/posts"}],"about":[{"href":"https:\/\/www.sindicaturabarcelona.cat\/ca\/wp-json\/wp\/v2\/types\/post"}],"author":[{"embeddable":true,"href":"https:\/\/www.sindicaturabarcelona.cat\/ca\/wp-json\/wp\/v2\/users\/2"}],"replies":[{"embeddable":true,"href":"https:\/\/www.sindicaturabarcelona.cat\/ca\/wp-json\/wp\/v2\/comments?post=34400"}],"version-history":[{"count":10,"href":"https:\/\/www.sindicaturabarcelona.cat\/ca\/wp-json\/wp\/v2\/posts\/34400\/revisions"}],"predecessor-version":[{"id":35412,"href":"https:\/\/www.sindicaturabarcelona.cat\/ca\/wp-json\/wp\/v2\/posts\/34400\/revisions\/35412"}],"wp:featuredmedia":[{"embeddable":true,"href":"https:\/\/www.sindicaturabarcelona.cat\/ca\/wp-json\/wp\/v2\/media\/34408"}],"wp:attachment":[{"href":"https:\/\/www.sindicaturabarcelona.cat\/ca\/wp-json\/wp\/v2\/media?parent=34400"}],"wp:term":[{"taxonomy":"post_tag","embeddable":true,"href":"https:\/\/www.sindicaturabarcelona.cat\/ca\/wp-json\/wp\/v2\/tags?post=34400"},{"taxonomy":"drets","embeddable":true,"href":"https:\/\/www.sindicaturabarcelona.cat\/ca\/wp-json\/wp\/v2\/drets?post=34400"}],"curies":[{"name":"wp","href":"https:\/\/api.w.org\/{rel}","templated":true}]}}