{"id":34333,"date":"2024-12-04T12:43:44","date_gmt":"2024-12-04T10:43:44","guid":{"rendered":"https:\/\/www.sindicaturabarcelona.cat\/?p=34333"},"modified":"2024-12-04T15:40:40","modified_gmt":"2024-12-04T13:40:40","slug":"la-sindicatura-ja-ha-visitat-els-73-barris-de-barcelona-dins-del-programa-de-presencia-al-territori","status":"publish","type":"post","link":"https:\/\/www.sindicaturabarcelona.cat\/ca\/la-sindicatura-ja-ha-visitat-els-73-barris-de-barcelona-dins-del-programa-de-presencia-al-territori\/","title":{"rendered":"La Sindicatura ja ha visitat els 73 barris de Barcelona dins del programa de pres\u00e8ncia al territori"},"content":{"rendered":"\n<blockquote class=\"wp-block-quote is-layout-flow wp-block-quote-is-layout-flow\">\n<p><strong>Amb l\u2019entrada de Bondia a la Sindicatura, s\u2019inicia un projecte ambici\u00f3s per a visitar els 73 barris de la ciutat, com a m\u00ednim, dues vegades en els 5 anys de mandat del s\u00edndic<\/strong>.<\/p>\n<\/blockquote>\n\n\n\n<p>El S\u00edndic de Greuges de Barcelona, David Bondia, i part del seu equip, visiten avui el barri de <a href=\"https:\/\/ajuntament.barcelona.cat\/santandreu\/ca\/el-districte-i-els-seus-barris\/la-sagrera\">la Sagrera<\/a>. Amb aquesta visita culmina un dels objectius que s\u2019havia marcat la Sindicatura aquest any: acabar de visitar tots els barris de la ciutat. I encara m\u00e9s, perqu\u00e8, de fet, en alguns casos, hi ha barris barcelonins que ja han rebut la visita de la Sindicatura de Greuges en dues ocasions, en una aposta ferma per estar en contacte amb la gent i amb els problemes reals dels diferents col\u00b7lectius que formen la societat barcelonina.<\/p>\n\n\n\n<p>El programa de <a href=\"https:\/\/www.sindicaturabarcelona.cat\/ca\/presencia-al-territori\/\">pres\u00e8ncia al territori <\/a>consta de tres tipus de visites: la \u2018Sindicatura, a peu de carrer\u2019; la \u2018Sindicatura itinerant\u2019 i la \u2018Sindicatura, a prop teu\u2019.<\/p>\n\n\n\n<p>A \u2018Sindicatura, a peu de carrer\u2019, el S\u00edndic i part del seu equip passegen durant tot un dia amb el ve\u00efnat, les associacions, els moviments ve\u00efnals&#8230; per tal de con\u00e8ixer de primera m\u00e0 el que passa a cada rac\u00f3 de la ciutat, directament de les persones que m\u00e9s coneixen aquesta realitat.<\/p>\n\n\n\n<p>A \u2019Sindicatura itinerant\u2019, la instituci\u00f3 aproxima a la ciutadania la seva oficina de recollida de queixes. De manera individualitzada es recullen, sense necessitat de despla\u00e7ar-se a la seu i facilitant tots els tr\u00e0mits.<\/p>\n\n\n\n<p>Finalment, \u2018Sindicatura, a prop teu\u2019 \u00e9s una trobada organitzada amb el ve\u00efnat del barri en la qual, al llarg de dues hores, es dialoga sobre l\u2019estat barri i la ciutat. Fins al final del seu mandat, David Bondia t\u00e9 previst visitar, com a m\u00ednim dues vegades, els 73 barris de la ciutat. Una aposta de proximitat que t\u00e9 molt a veure amb la voluntat de tenir ben fotografiats tots els neguits i les preocupacions dels ve\u00efns i ve\u00efnes, i poder oferir solucions m\u00e9s adaptades a cada circumst\u00e0ncia.<\/p>\n","protected":false},"excerpt":{"rendered":"<p>Amb l\u2019entrada de Bondia a la Sindicatura, s\u2019inicia un projecte ambici\u00f3s per a visitar els 73 barris de la ciutat, com a m\u00ednim, dues vegades en els 5 anys de [&hellip;]<\/p>\n","protected":false},"author":2,"featured_media":28293,"comment_status":"closed","ping_status":"closed","sticky":false,"template":"","format":"standard","meta":{"_acf_changed":false,"footnotes":""},"tags":[],"drets":[1428,1442,1440,1438],"class_list":["post-34333","post","type-post","status-publish","format-standard","has-post-thumbnail","hentry","drets-ciutat-equitativa","drets-ciutat-diversa","drets-ciutat-garantista","drets-ciutat-habitable-i-sostenible"],"acf":[],"yoast_head":"<!-- This site is optimized with the Yoast SEO plugin v27.5 - https:\/\/yoast.com\/product\/yoast-seo-wordpress\/ -->\n<title>La Sindicatura ja ha visitat els 73 barris de la ciutat de Barcelona<\/title>\n<meta name=\"description\" content=\"Amb la entrada de Bondia, s\u2019inicia un projecte ambici\u00f3s per a visitar els 73 barris de la ciutat, com a m\u00ednim, dues vegades en els 5 anys de mandat.\" \/>\n<meta name=\"robots\" content=\"index, follow, max-snippet:-1, max-image-preview:large, max-video-preview:-1\" \/>\n<link rel=\"canonical\" href=\"https:\/\/www.sindicaturabarcelona.cat\/ca\/la-sindicatura-ja-ha-visitat-els-73-barris-de-barcelona-dins-del-programa-de-presencia-al-territori\/\" \/>\n<meta property=\"og:locale\" content=\"ca_ES\" \/>\n<meta property=\"og:type\" content=\"article\" \/>\n<meta property=\"og:title\" content=\"La Sindicatura ja ha visitat els 73 barris de la ciutat de Barcelona\" \/>\n<meta property=\"og:description\" content=\"Amb la entrada de Bondia, s\u2019inicia un projecte ambici\u00f3s per a visitar els 73 barris de la ciutat, com a m\u00ednim, dues vegades en els 5 anys de mandat.\" \/>\n<meta property=\"og:url\" content=\"https:\/\/www.sindicaturabarcelona.cat\/ca\/la-sindicatura-ja-ha-visitat-els-73-barris-de-barcelona-dins-del-programa-de-presencia-al-territori\/\" \/>\n<meta property=\"og:site_name\" content=\"Sindicatura de Greuges de Barcelona\" \/>\n<meta property=\"article:published_time\" content=\"2024-12-04T10:43:44+00:00\" \/>\n<meta property=\"article:modified_time\" content=\"2024-12-04T13:40:40+00:00\" \/>\n<meta property=\"og:image\" content=\"https:\/\/www.sindicaturabarcelona.cat\/wp-content\/uploads\/bg_a_peu_de_carrer.jpg\" \/>\n\t<meta property=\"og:image:width\" content=\"700\" \/>\n\t<meta property=\"og:image:height\" content=\"250\" \/>\n\t<meta property=\"og:image:type\" content=\"image\/jpeg\" \/>\n<meta name=\"author\" content=\"Pablo\" \/>\n<meta name=\"twitter:card\" content=\"summary_large_image\" \/>\n<meta name=\"twitter:creator\" content=\"@sindicbarcelona\" \/>\n<meta name=\"twitter:site\" content=\"@sindicbarcelona\" \/>\n<meta name=\"twitter:label1\" content=\"Escrit per\" \/>\n\t<meta name=\"twitter:data1\" content=\"Pablo\" \/>\n\t<meta name=\"twitter:label2\" content=\"Temps estimat de lectura\" \/>\n\t<meta name=\"twitter:data2\" content=\"2 minuts\" \/>\n<script type=\"application\/ld+json\" class=\"yoast-schema-graph\">{\"@context\":\"https:\\\/\\\/schema.org\",\"@graph\":[{\"@type\":\"Article\",\"@id\":\"https:\\\/\\\/www.sindicaturabarcelona.cat\\\/ca\\\/la-sindicatura-ja-ha-visitat-els-73-barris-de-barcelona-dins-del-programa-de-presencia-al-territori\\\/#article\",\"isPartOf\":{\"@id\":\"https:\\\/\\\/www.sindicaturabarcelona.cat\\\/ca\\\/la-sindicatura-ja-ha-visitat-els-73-barris-de-barcelona-dins-del-programa-de-presencia-al-territori\\\/\"},\"author\":{\"name\":\"Pablo\",\"@id\":\"https:\\\/\\\/www.sindicaturabarcelona.cat\\\/ca\\\/#\\\/schema\\\/person\\\/0e5acffc350ffdbc97578159322c9452\"},\"headline\":\"La Sindicatura ja ha visitat els 73 barris de Barcelona dins del programa de pres\u00e8ncia al territori\",\"datePublished\":\"2024-12-04T10:43:44+00:00\",\"dateModified\":\"2024-12-04T13:40:40+00:00\",\"mainEntityOfPage\":{\"@id\":\"https:\\\/\\\/www.sindicaturabarcelona.cat\\\/ca\\\/la-sindicatura-ja-ha-visitat-els-73-barris-de-barcelona-dins-del-programa-de-presencia-al-territori\\\/\"},\"wordCount\":363,\"publisher\":{\"@id\":\"https:\\\/\\\/www.sindicaturabarcelona.cat\\\/ca\\\/#organization\"},\"image\":{\"@id\":\"https:\\\/\\\/www.sindicaturabarcelona.cat\\\/ca\\\/la-sindicatura-ja-ha-visitat-els-73-barris-de-barcelona-dins-del-programa-de-presencia-al-territori\\\/#primaryimage\"},\"thumbnailUrl\":\"https:\\\/\\\/www.sindicaturabarcelona.cat\\\/wp-content\\\/uploads\\\/bg_a_peu_de_carrer.jpg\",\"inLanguage\":\"ca\"},{\"@type\":\"WebPage\",\"@id\":\"https:\\\/\\\/www.sindicaturabarcelona.cat\\\/ca\\\/la-sindicatura-ja-ha-visitat-els-73-barris-de-barcelona-dins-del-programa-de-presencia-al-territori\\\/\",\"url\":\"https:\\\/\\\/www.sindicaturabarcelona.cat\\\/ca\\\/la-sindicatura-ja-ha-visitat-els-73-barris-de-barcelona-dins-del-programa-de-presencia-al-territori\\\/\",\"name\":\"La Sindicatura ja ha visitat els 73 barris de la ciutat de Barcelona\",\"isPartOf\":{\"@id\":\"https:\\\/\\\/www.sindicaturabarcelona.cat\\\/ca\\\/#website\"},\"primaryImageOfPage\":{\"@id\":\"https:\\\/\\\/www.sindicaturabarcelona.cat\\\/ca\\\/la-sindicatura-ja-ha-visitat-els-73-barris-de-barcelona-dins-del-programa-de-presencia-al-territori\\\/#primaryimage\"},\"image\":{\"@id\":\"https:\\\/\\\/www.sindicaturabarcelona.cat\\\/ca\\\/la-sindicatura-ja-ha-visitat-els-73-barris-de-barcelona-dins-del-programa-de-presencia-al-territori\\\/#primaryimage\"},\"thumbnailUrl\":\"https:\\\/\\\/www.sindicaturabarcelona.cat\\\/wp-content\\\/uploads\\\/bg_a_peu_de_carrer.jpg\",\"datePublished\":\"2024-12-04T10:43:44+00:00\",\"dateModified\":\"2024-12-04T13:40:40+00:00\",\"description\":\"Amb la entrada de Bondia, s\u2019inicia un projecte ambici\u00f3s per a visitar els 73 barris de la ciutat, com a m\u00ednim, dues vegades en els 5 anys de mandat.\",\"breadcrumb\":{\"@id\":\"https:\\\/\\\/www.sindicaturabarcelona.cat\\\/ca\\\/la-sindicatura-ja-ha-visitat-els-73-barris-de-barcelona-dins-del-programa-de-presencia-al-territori\\\/#breadcrumb\"},\"inLanguage\":\"ca\",\"potentialAction\":[{\"@type\":\"ReadAction\",\"target\":[\"https:\\\/\\\/www.sindicaturabarcelona.cat\\\/ca\\\/la-sindicatura-ja-ha-visitat-els-73-barris-de-barcelona-dins-del-programa-de-presencia-al-territori\\\/\"]}]},{\"@type\":\"ImageObject\",\"inLanguage\":\"ca\",\"@id\":\"https:\\\/\\\/www.sindicaturabarcelona.cat\\\/ca\\\/la-sindicatura-ja-ha-visitat-els-73-barris-de-barcelona-dins-del-programa-de-presencia-al-territori\\\/#primaryimage\",\"url\":\"https:\\\/\\\/www.sindicaturabarcelona.cat\\\/wp-content\\\/uploads\\\/bg_a_peu_de_carrer.jpg\",\"contentUrl\":\"https:\\\/\\\/www.sindicaturabarcelona.cat\\\/wp-content\\\/uploads\\\/bg_a_peu_de_carrer.jpg\",\"width\":700,\"height\":250},{\"@type\":\"BreadcrumbList\",\"@id\":\"https:\\\/\\\/www.sindicaturabarcelona.cat\\\/ca\\\/la-sindicatura-ja-ha-visitat-els-73-barris-de-barcelona-dins-del-programa-de-presencia-al-territori\\\/#breadcrumb\",\"itemListElement\":[{\"@type\":\"ListItem\",\"position\":1,\"name\":\"Inici\",\"item\":\"https:\\\/\\\/www.sindicaturabarcelona.cat\\\/ca\\\/\"},{\"@type\":\"ListItem\",\"position\":2,\"name\":\"La Sindicatura ja ha visitat els 73 barris de Barcelona dins del programa de pres\u00e8ncia al territori\"}]},{\"@type\":\"WebSite\",\"@id\":\"https:\\\/\\\/www.sindicaturabarcelona.cat\\\/ca\\\/#website\",\"url\":\"https:\\\/\\\/www.sindicaturabarcelona.cat\\\/ca\\\/\",\"name\":\"Sindicatura de Greuges de Barcelona\",\"description\":\"La defensoria dels teus drets\",\"publisher\":{\"@id\":\"https:\\\/\\\/www.sindicaturabarcelona.cat\\\/ca\\\/#organization\"},\"potentialAction\":[{\"@type\":\"SearchAction\",\"target\":{\"@type\":\"EntryPoint\",\"urlTemplate\":\"https:\\\/\\\/www.sindicaturabarcelona.cat\\\/ca\\\/?s={search_term_string}\"},\"query-input\":{\"@type\":\"PropertyValueSpecification\",\"valueRequired\":true,\"valueName\":\"search_term_string\"}}],\"inLanguage\":\"ca\"},{\"@type\":\"Organization\",\"@id\":\"https:\\\/\\\/www.sindicaturabarcelona.cat\\\/ca\\\/#organization\",\"name\":\"Sindicatura de Greuges de Barcelona\",\"url\":\"https:\\\/\\\/www.sindicaturabarcelona.cat\\\/ca\\\/\",\"logo\":{\"@type\":\"ImageObject\",\"inLanguage\":\"ca\",\"@id\":\"https:\\\/\\\/www.sindicaturabarcelona.cat\\\/ca\\\/#\\\/schema\\\/logo\\\/image\\\/\",\"url\":\"https:\\\/\\\/www.sindicaturabarcelona.cat\\\/wp-content\\\/uploads\\\/2023\\\/02\\\/logo_sindicatura.svg\",\"contentUrl\":\"https:\\\/\\\/www.sindicaturabarcelona.cat\\\/wp-content\\\/uploads\\\/2023\\\/02\\\/logo_sindicatura.svg\",\"caption\":\"Sindicatura de Greuges de Barcelona\"},\"image\":{\"@id\":\"https:\\\/\\\/www.sindicaturabarcelona.cat\\\/ca\\\/#\\\/schema\\\/logo\\\/image\\\/\"},\"sameAs\":[\"https:\\\/\\\/x.com\\\/sindicbarcelona\",\"https:\\\/\\\/www.instagram.com\\\/sindicbarcelona\\\/\",\"https:\\\/\\\/www.tiktok.com\\\/@sindicaturabcn\",\"https:\\\/\\\/t.me\\\/sindicaturabarcelona\"]},{\"@type\":\"Person\",\"@id\":\"https:\\\/\\\/www.sindicaturabarcelona.cat\\\/ca\\\/#\\\/schema\\\/person\\\/0e5acffc350ffdbc97578159322c9452\",\"name\":\"Pablo\",\"image\":{\"@type\":\"ImageObject\",\"inLanguage\":\"ca\",\"@id\":\"https:\\\/\\\/secure.gravatar.com\\\/avatar\\\/c948169b402ef9492afde705c3dfd5e90e1a6a84ef6840a91124f805a25a480f?s=96&d=mm&r=g\",\"url\":\"https:\\\/\\\/secure.gravatar.com\\\/avatar\\\/c948169b402ef9492afde705c3dfd5e90e1a6a84ef6840a91124f805a25a480f?s=96&d=mm&r=g\",\"contentUrl\":\"https:\\\/\\\/secure.gravatar.com\\\/avatar\\\/c948169b402ef9492afde705c3dfd5e90e1a6a84ef6840a91124f805a25a480f?s=96&d=mm&r=g\",\"caption\":\"Pablo\"},\"url\":\"https:\\\/\\\/www.sindicaturabarcelona.cat\\\/ca\\\/author\\\/pablo\\\/\"}]}<\/script>\n<!-- \/ Yoast SEO plugin. -->","yoast_head_json":{"title":"La Sindicatura ja ha visitat els 73 barris de la ciutat de Barcelona","description":"Amb la entrada de Bondia, s\u2019inicia un projecte ambici\u00f3s per a visitar els 73 barris de la ciutat, com a m\u00ednim, dues vegades en els 5 anys de mandat.","robots":{"index":"index","follow":"follow","max-snippet":"max-snippet:-1","max-image-preview":"max-image-preview:large","max-video-preview":"max-video-preview:-1"},"canonical":"https:\/\/www.sindicaturabarcelona.cat\/ca\/la-sindicatura-ja-ha-visitat-els-73-barris-de-barcelona-dins-del-programa-de-presencia-al-territori\/","og_locale":"ca_ES","og_type":"article","og_title":"La Sindicatura ja ha visitat els 73 barris de la ciutat de Barcelona","og_description":"Amb la entrada de Bondia, s\u2019inicia un projecte ambici\u00f3s per a visitar els 73 barris de la ciutat, com a m\u00ednim, dues vegades en els 5 anys de mandat.","og_url":"https:\/\/www.sindicaturabarcelona.cat\/ca\/la-sindicatura-ja-ha-visitat-els-73-barris-de-barcelona-dins-del-programa-de-presencia-al-territori\/","og_site_name":"Sindicatura de Greuges de Barcelona","article_published_time":"2024-12-04T10:43:44+00:00","article_modified_time":"2024-12-04T13:40:40+00:00","og_image":[{"width":700,"height":250,"url":"https:\/\/www.sindicaturabarcelona.cat\/wp-content\/uploads\/bg_a_peu_de_carrer.jpg","type":"image\/jpeg"}],"author":"Pablo","twitter_card":"summary_large_image","twitter_creator":"@sindicbarcelona","twitter_site":"@sindicbarcelona","twitter_misc":{"Escrit per":"Pablo","Temps estimat de lectura":"2 minuts"},"schema":{"@context":"https:\/\/schema.org","@graph":[{"@type":"Article","@id":"https:\/\/www.sindicaturabarcelona.cat\/ca\/la-sindicatura-ja-ha-visitat-els-73-barris-de-barcelona-dins-del-programa-de-presencia-al-territori\/#article","isPartOf":{"@id":"https:\/\/www.sindicaturabarcelona.cat\/ca\/la-sindicatura-ja-ha-visitat-els-73-barris-de-barcelona-dins-del-programa-de-presencia-al-territori\/"},"author":{"name":"Pablo","@id":"https:\/\/www.sindicaturabarcelona.cat\/ca\/#\/schema\/person\/0e5acffc350ffdbc97578159322c9452"},"headline":"La Sindicatura ja ha visitat els 73 barris de Barcelona dins del programa de pres\u00e8ncia al territori","datePublished":"2024-12-04T10:43:44+00:00","dateModified":"2024-12-04T13:40:40+00:00","mainEntityOfPage":{"@id":"https:\/\/www.sindicaturabarcelona.cat\/ca\/la-sindicatura-ja-ha-visitat-els-73-barris-de-barcelona-dins-del-programa-de-presencia-al-territori\/"},"wordCount":363,"publisher":{"@id":"https:\/\/www.sindicaturabarcelona.cat\/ca\/#organization"},"image":{"@id":"https:\/\/www.sindicaturabarcelona.cat\/ca\/la-sindicatura-ja-ha-visitat-els-73-barris-de-barcelona-dins-del-programa-de-presencia-al-territori\/#primaryimage"},"thumbnailUrl":"https:\/\/www.sindicaturabarcelona.cat\/wp-content\/uploads\/bg_a_peu_de_carrer.jpg","inLanguage":"ca"},{"@type":"WebPage","@id":"https:\/\/www.sindicaturabarcelona.cat\/ca\/la-sindicatura-ja-ha-visitat-els-73-barris-de-barcelona-dins-del-programa-de-presencia-al-territori\/","url":"https:\/\/www.sindicaturabarcelona.cat\/ca\/la-sindicatura-ja-ha-visitat-els-73-barris-de-barcelona-dins-del-programa-de-presencia-al-territori\/","name":"La Sindicatura ja ha visitat els 73 barris de la ciutat de Barcelona","isPartOf":{"@id":"https:\/\/www.sindicaturabarcelona.cat\/ca\/#website"},"primaryImageOfPage":{"@id":"https:\/\/www.sindicaturabarcelona.cat\/ca\/la-sindicatura-ja-ha-visitat-els-73-barris-de-barcelona-dins-del-programa-de-presencia-al-territori\/#primaryimage"},"image":{"@id":"https:\/\/www.sindicaturabarcelona.cat\/ca\/la-sindicatura-ja-ha-visitat-els-73-barris-de-barcelona-dins-del-programa-de-presencia-al-territori\/#primaryimage"},"thumbnailUrl":"https:\/\/www.sindicaturabarcelona.cat\/wp-content\/uploads\/bg_a_peu_de_carrer.jpg","datePublished":"2024-12-04T10:43:44+00:00","dateModified":"2024-12-04T13:40:40+00:00","description":"Amb la entrada de Bondia, s\u2019inicia un projecte ambici\u00f3s per a visitar els 73 barris de la ciutat, com a m\u00ednim, dues vegades en els 5 anys de mandat.","breadcrumb":{"@id":"https:\/\/www.sindicaturabarcelona.cat\/ca\/la-sindicatura-ja-ha-visitat-els-73-barris-de-barcelona-dins-del-programa-de-presencia-al-territori\/#breadcrumb"},"inLanguage":"ca","potentialAction":[{"@type":"ReadAction","target":["https:\/\/www.sindicaturabarcelona.cat\/ca\/la-sindicatura-ja-ha-visitat-els-73-barris-de-barcelona-dins-del-programa-de-presencia-al-territori\/"]}]},{"@type":"ImageObject","inLanguage":"ca","@id":"https:\/\/www.sindicaturabarcelona.cat\/ca\/la-sindicatura-ja-ha-visitat-els-73-barris-de-barcelona-dins-del-programa-de-presencia-al-territori\/#primaryimage","url":"https:\/\/www.sindicaturabarcelona.cat\/wp-content\/uploads\/bg_a_peu_de_carrer.jpg","contentUrl":"https:\/\/www.sindicaturabarcelona.cat\/wp-content\/uploads\/bg_a_peu_de_carrer.jpg","width":700,"height":250},{"@type":"BreadcrumbList","@id":"https:\/\/www.sindicaturabarcelona.cat\/ca\/la-sindicatura-ja-ha-visitat-els-73-barris-de-barcelona-dins-del-programa-de-presencia-al-territori\/#breadcrumb","itemListElement":[{"@type":"ListItem","position":1,"name":"Inici","item":"https:\/\/www.sindicaturabarcelona.cat\/ca\/"},{"@type":"ListItem","position":2,"name":"La Sindicatura ja ha visitat els 73 barris de Barcelona dins del programa de pres\u00e8ncia al territori"}]},{"@type":"WebSite","@id":"https:\/\/www.sindicaturabarcelona.cat\/ca\/#website","url":"https:\/\/www.sindicaturabarcelona.cat\/ca\/","name":"Sindicatura de Greuges de Barcelona","description":"La defensoria dels teus drets","publisher":{"@id":"https:\/\/www.sindicaturabarcelona.cat\/ca\/#organization"},"potentialAction":[{"@type":"SearchAction","target":{"@type":"EntryPoint","urlTemplate":"https:\/\/www.sindicaturabarcelona.cat\/ca\/?s={search_term_string}"},"query-input":{"@type":"PropertyValueSpecification","valueRequired":true,"valueName":"search_term_string"}}],"inLanguage":"ca"},{"@type":"Organization","@id":"https:\/\/www.sindicaturabarcelona.cat\/ca\/#organization","name":"Sindicatura de Greuges de Barcelona","url":"https:\/\/www.sindicaturabarcelona.cat\/ca\/","logo":{"@type":"ImageObject","inLanguage":"ca","@id":"https:\/\/www.sindicaturabarcelona.cat\/ca\/#\/schema\/logo\/image\/","url":"https:\/\/www.sindicaturabarcelona.cat\/wp-content\/uploads\/2023\/02\/logo_sindicatura.svg","contentUrl":"https:\/\/www.sindicaturabarcelona.cat\/wp-content\/uploads\/2023\/02\/logo_sindicatura.svg","caption":"Sindicatura de Greuges de Barcelona"},"image":{"@id":"https:\/\/www.sindicaturabarcelona.cat\/ca\/#\/schema\/logo\/image\/"},"sameAs":["https:\/\/x.com\/sindicbarcelona","https:\/\/www.instagram.com\/sindicbarcelona\/","https:\/\/www.tiktok.com\/@sindicaturabcn","https:\/\/t.me\/sindicaturabarcelona"]},{"@type":"Person","@id":"https:\/\/www.sindicaturabarcelona.cat\/ca\/#\/schema\/person\/0e5acffc350ffdbc97578159322c9452","name":"Pablo","image":{"@type":"ImageObject","inLanguage":"ca","@id":"https:\/\/secure.gravatar.com\/avatar\/c948169b402ef9492afde705c3dfd5e90e1a6a84ef6840a91124f805a25a480f?s=96&d=mm&r=g","url":"https:\/\/secure.gravatar.com\/avatar\/c948169b402ef9492afde705c3dfd5e90e1a6a84ef6840a91124f805a25a480f?s=96&d=mm&r=g","contentUrl":"https:\/\/secure.gravatar.com\/avatar\/c948169b402ef9492afde705c3dfd5e90e1a6a84ef6840a91124f805a25a480f?s=96&d=mm&r=g","caption":"Pablo"},"url":"https:\/\/www.sindicaturabarcelona.cat\/ca\/author\/pablo\/"}]}},"_links":{"self":[{"href":"https:\/\/www.sindicaturabarcelona.cat\/ca\/wp-json\/wp\/v2\/posts\/34333","targetHints":{"allow":["GET"]}}],"collection":[{"href":"https:\/\/www.sindicaturabarcelona.cat\/ca\/wp-json\/wp\/v2\/posts"}],"about":[{"href":"https:\/\/www.sindicaturabarcelona.cat\/ca\/wp-json\/wp\/v2\/types\/post"}],"author":[{"embeddable":true,"href":"https:\/\/www.sindicaturabarcelona.cat\/ca\/wp-json\/wp\/v2\/users\/2"}],"replies":[{"embeddable":true,"href":"https:\/\/www.sindicaturabarcelona.cat\/ca\/wp-json\/wp\/v2\/comments?post=34333"}],"version-history":[{"count":3,"href":"https:\/\/www.sindicaturabarcelona.cat\/ca\/wp-json\/wp\/v2\/posts\/34333\/revisions"}],"predecessor-version":[{"id":34339,"href":"https:\/\/www.sindicaturabarcelona.cat\/ca\/wp-json\/wp\/v2\/posts\/34333\/revisions\/34339"}],"wp:featuredmedia":[{"embeddable":true,"href":"https:\/\/www.sindicaturabarcelona.cat\/ca\/wp-json\/wp\/v2\/media\/28293"}],"wp:attachment":[{"href":"https:\/\/www.sindicaturabarcelona.cat\/ca\/wp-json\/wp\/v2\/media?parent=34333"}],"wp:term":[{"taxonomy":"post_tag","embeddable":true,"href":"https:\/\/www.sindicaturabarcelona.cat\/ca\/wp-json\/wp\/v2\/tags?post=34333"},{"taxonomy":"drets","embeddable":true,"href":"https:\/\/www.sindicaturabarcelona.cat\/ca\/wp-json\/wp\/v2\/drets?post=34333"}],"curies":[{"name":"wp","href":"https:\/\/api.w.org\/{rel}","templated":true}]}}